{"id":315432,"date":"2025-05-16T16:47:33","date_gmt":"2025-05-16T21:47:33","guid":{"rendered":"https:\/\/www.fiscalia.gov.co\/colombia\/?p=315432"},"modified":"2025-05-16T16:47:33","modified_gmt":"2025-05-16T21:47:33","slug":"revocada-sentencia-que-habia-absuelto-a-mujer-que-ordeno-crimen-de-exdirector-regional-de-medicina-legal-en-barranquilla","status":"publish","type":"post","link":"https:\/\/www.fiscalia.gov.co\/colombia\/noticias\/revocada-sentencia-que-habia-absuelto-a-mujer-que-ordeno-crimen-de-exdirector-regional-de-medicina-legal-en-barranquilla\/","title":{"rendered":"Revocada sentencia que hab\u00eda absuelto a mujer que orden\u00f3 crimen de exdirector regional de Medicina Legal en Barranquilla"},"content":{"rendered":"<h4 style=\"text-align: center;\"><strong><i>La Sala Penal del Tribunal de Barranquilla revoc\u00f3 el fallo absolutorio proferido en noviembre de 2024 y sentenci\u00f3 a la esposa de la v\u00edctima por haber ordenado su asesinato en 2016.<\/i><\/strong><\/h4>\n<div class=\"gmail_quote\">\n<div dir=\"ltr\">\n<div>Las pruebas presentadas por la Fiscal\u00eda General de la Naci\u00f3n, permitieron que la Sala Penal del Tribunal de Barranquilla revocara la sentencia absolutoria en favor de Dayana Yael Jassir de la Hoz y la condenara a 57 a\u00f1os y 6 meses de prisi\u00f3n por l<strong>os delitos de <a href=\"https:\/\/www.fiscalia.gov.co\/colombia\/noticias\/en-atlantico-fue-condenado-a-46-anos-de-prision-un-hombre-por-la-muerte-de-brenda-pajaro-bruno\/\">homicidio<\/a>, fabricaci\u00f3n, tr\u00e1fico, porte o tenencia de armas de fuego, accesorio<\/strong>s, partes o municiones, todas las conductas agravadas.<\/p>\n<p>Se demostr\u00f3 que Jassir de la Hoz, de 44 a\u00f1os, plane\u00f3 la muerte de su esposo, quien fuera director regional de Medicina Legal en 2016. <strong>Los hechos ocurrieron la madrugada del 5 de mayo en la vivienda que la pareja compart\u00eda en el barrio El Cevillar, de Barranquilla<\/strong>, donde la v\u00edctima, recibi\u00f3 m\u00faltiples impactos con arma de fuego.<\/p>\n<p>Tras la apelaci\u00f3n interpuesta por la Fiscal\u00eda y las v\u00edctimas contra el fallo absolutorio, la Sala Penal revis\u00f3 las pruebas presentadas y concluy\u00f3 que exist\u00edan m\u00e9ritos suficientes para revocar la absoluci\u00f3n.<\/p>\n<p>En consecuencia, libr\u00f3 orden de captura inmediata contra Jassir de la Hoz para el cumplimiento de su condena en un centro carcelario.<\/p><\/div>\n<div><\/div>\n<div><\/div>\n<div><\/div>\n<\/div>\n<\/div>\n<div><\/div>\n<div class=\"gmail_quote\">\n<div dir=\"ltr\">\n<div><\/div>\n<div><\/div>\n<div>\n<p>SKCR\/AMCJ\/KV\/WFOJ\/DSA<\/p><\/div>\n<\/div>\n<\/div>\n<div><\/div>\n<div><\/div>\n<div><\/div>\n<div><\/div>\n<div><\/div>\n<div class=\"gmail_quote\">\n<div dir=\"ltr\">\n<div dir=\"auto\"><\/div>\n<div dir=\"auto\">\n<div class=\"td-post-content tagdiv-type\">\n<div class=\"td-post-content tagdiv-type\">\n<p><em>La informaci\u00f3n contenida en este bolet\u00edn de prensa corresponde a la narraci\u00f3n de los hechos noticiosos objetivos, suministrados por los funcionarios encargados de adelantar las investigaciones penales al interior de la Fiscal\u00eda General de la Naci\u00f3n. Para el momento de la divulgaci\u00f3n de este comunicado, la situaci\u00f3n jur\u00eddica de la(s) persona(s) relacionada(s) se encuentra pendiente de resolver por la autoridad judicial competente, siempre bajo los preceptos de la presunci\u00f3n de inocencia, consagrados en el art\u00edculo 29 de la Constituci\u00f3n Pol\u00edtica y el art\u00edculo 7\u00ba de la Ley 906 de 2004.<\/em><\/p>\n<\/div>\n<\/div>\n<footer>\n<div class=\"td-post-sharing-bottom\"><\/div>\n<\/footer>\n<\/div>\n<\/div>\n<\/div>\n\n<div class=\"twitter-share\"><a href=\"https:\/\/twitter.com\/intent\/tweet?via=fiscaliacol\" class=\"twitter-share-button\">Tweet<\/a><\/div>\n","protected":false},"excerpt":{"rendered":"<p>La Sala Penal del Tribunal de Barranquilla revoc\u00f3 el fallo absolutorio proferido en noviembre de 2024 y sentenci\u00f3 a la esposa de la v\u00edctima por haber ordenado su asesinato en 2016. Las pruebas presentadas por la Fiscal\u00eda General de la Naci\u00f3n, permitieron que la Sala Penal del Tribunal de Barranquilla revocara la sentencia absolutoria en [&hellip;]<\/p>\n","protected":false},"author":177,"featured_media":0,"comment_status":"closed","ping_status":"open","sticky":false,"template":"","format":"standard","meta":{"tdm_status":"","tdm_grid_status":"","footnotes":""},"categories":[1,320,303],"tags":[41493,41492,12163,4688,23982,41488,38671,25952,16284,41487,41486,41483,41484,41490,1291,41491,41485,41489,41482],"class_list":{"0":"post-315432","1":"post","2":"type-post","3":"status-publish","4":"format-standard","6":"category-noticias","7":"category-seccional-barranquilla","8":"category-seccionales","9":"tag-57-anos-de-carcel","10":"tag-57-anos-de-prision","11":"tag-arma-de-fuego","12":"tag-asesinato","13":"tag-barranquilla-atlantico","14":"tag-barrio-cevillar","15":"tag-condena-ejemplar","16":"tag-condena-homicidio","17":"tag-crimen","18":"tag-crimen-director-de-medicina-legal","19":"tag-crimen-esposo","20":"tag-dayanna-jassir","21":"tag-dayanna-yael-jassir-de-la-hoz","22":"tag-director-de-medicina-legal","23":"tag-esposa","24":"tag-homicidio-en-calidad-de-determinadora","25":"tag-homicidio-esposo","26":"tag-localidad-metropolitana","27":"tag-sala-penal-del-tribunal-de-barranquilla-revoco-sentencia-absolutoria"},"yoast_head":"<!-- This site is optimized with the Yoast SEO plugin v24.3 - https:\/\/yoast.com\/wordpress\/plugins\/seo\/ -->\n<title>Fiscal\u00eda General de la Naci\u00f3n<\/title>\n<meta name=\"description\" content=\"P\u00e1gina oficial de la Fiscal\u00eda General de la Naci\u00f3n \u2013 Colombia. Garantizamos el acceso efectivo a la justicia, la verdad y la reparaci\u00f3n de las v\u00edctimas de los delitos.\" \/>\n<meta name=\"robots\" content=\"noindex, follow\" \/>\n<meta property=\"og:locale\" content=\"es_ES\" \/>\n<meta property=\"og:type\" content=\"article\" \/>\n<meta property=\"og:title\" content=\"Fiscal\u00eda General de la Naci\u00f3n\" \/>\n<meta property=\"og:description\" content=\"P\u00e1gina oficial de la Fiscal\u00eda General de la Naci\u00f3n \u2013 Colombia. Garantizamos el acceso efectivo a la justicia, la verdad y la reparaci\u00f3n de las v\u00edctimas de los delitos.\" \/>\n<meta property=\"og:url\" content=\"https:\/\/www.fiscalia.gov.co\/colombia\/noticias\/revocada-sentencia-que-habia-absuelto-a-mujer-que-ordeno-crimen-de-exdirector-regional-de-medicina-legal-en-barranquilla\/\" \/>\n<meta property=\"og:site_name\" content=\"Fiscal\u00eda General de la Naci\u00f3n\" \/>\n<meta property=\"article:publisher\" content=\"https:\/\/www.facebook.com\/FiscaliaCol\" \/>\n<meta property=\"article:published_time\" content=\"2025-05-16T21:47:33+00:00\" \/>\n<meta name=\"author\" content=\"Jordan Leandro Oviedo Anzola\" \/>\n<meta name=\"twitter:card\" content=\"summary_large_image\" \/>\n<meta name=\"twitter:creator\" content=\"@FiscaliaCol\" \/>\n<meta name=\"twitter:site\" content=\"@FiscaliaCol\" \/>\n<meta name=\"twitter:label1\" content=\"Escrito por\" \/>\n\t<meta name=\"twitter:data1\" content=\"Jordan Leandro Oviedo Anzola\" \/>\n\t<meta name=\"twitter:label2\" content=\"Tiempo de lectura\" \/>\n\t<meta name=\"twitter:data2\" content=\"2 minutos\" \/>\n<script type=\"application\/ld+json\" class=\"yoast-schema-graph\">{\"@context\":\"https:\/\/schema.org\",\"@graph\":[{\"@type\":\"Article\",\"@id\":\"https:\/\/www.fiscalia.gov.co\/colombia\/noticias\/revocada-sentencia-que-habia-absuelto-a-mujer-que-ordeno-crimen-de-exdirector-regional-de-medicina-legal-en-barranquilla\/#article\",\"isPartOf\":{\"@id\":\"https:\/\/www.fiscalia.gov.co\/colombia\/noticias\/revocada-sentencia-que-habia-absuelto-a-mujer-que-ordeno-crimen-de-exdirector-regional-de-medicina-legal-en-barranquilla\/\"},\"author\":{\"name\":\"Jordan Leandro Oviedo Anzola\",\"@id\":\"https:\/\/www.fiscalia.gov.co\/colombia\/#\/schema\/person\/bf84402cf293a5393e9c70b111020b24\"},\"headline\":\"Revocada sentencia que hab\u00eda absuelto a mujer que orden\u00f3 crimen de exdirector regional de Medicina Legal en Barranquilla\",\"datePublished\":\"2025-05-16T21:47:33+00:00\",\"dateModified\":\"2025-05-16T21:47:33+00:00\",\"mainEntityOfPage\":{\"@id\":\"https:\/\/www.fiscalia.gov.co\/colombia\/noticias\/revocada-sentencia-que-habia-absuelto-a-mujer-que-ordeno-crimen-de-exdirector-regional-de-medicina-legal-en-barranquilla\/\"},\"wordCount\":343,\"publisher\":{\"@id\":\"https:\/\/www.fiscalia.gov.co\/colombia\/#organization\"},\"keywords\":[\"57 a\u00f1os de c\u00e1rcel\",\"57 a\u00f1os de prisi\u00f3n\",\"Arma de fuego\",\"Asesinato\",\"Barranquilla (Atl\u00e1ntico)\",\"barrio Cevillar\",\"condena ejemplar\",\"condena homicidio\",\"Crimen\",\"crimen director de Medicina Legal\",\"crimen esposo\",\"Dayanna Jassir\",\"Dayanna Yael Jassir de la Hoz\",\"director de Medicina Legal\",\"Esposa\",\"homicidio en calidad de determinadora\",\"homicidio esposo\",\"localidad Metropolitana\",\"Sala Penal del Tribunal de Barranquilla revoc\u00f3 sentencia absolutoria\"],\"articleSection\":[\"Noticias\",\"Seccional Barranquilla\",\"Seccionales\"],\"inLanguage\":\"es-CO\"},{\"@type\":\"WebPage\",\"@id\":\"https:\/\/www.fiscalia.gov.co\/colombia\/noticias\/revocada-sentencia-que-habia-absuelto-a-mujer-que-ordeno-crimen-de-exdirector-regional-de-medicina-legal-en-barranquilla\/\",\"url\":\"https:\/\/www.fiscalia.gov.co\/colombia\/noticias\/revocada-sentencia-que-habia-absuelto-a-mujer-que-ordeno-crimen-de-exdirector-regional-de-medicina-legal-en-barranquilla\/\",\"name\":\"Fiscal\u00eda General de la Naci\u00f3n\",\"isPartOf\":{\"@id\":\"https:\/\/www.fiscalia.gov.co\/colombia\/#website\"},\"datePublished\":\"2025-05-16T21:47:33+00:00\",\"dateModified\":\"2025-05-16T21:47:33+00:00\",\"description\":\"P\u00e1gina oficial de la Fiscal\u00eda General de la Naci\u00f3n \u2013 Colombia. Garantizamos el acceso efectivo a la justicia, la verdad y la reparaci\u00f3n de las v\u00edctimas de los delitos.\",\"breadcrumb\":{\"@id\":\"https:\/\/www.fiscalia.gov.co\/colombia\/noticias\/revocada-sentencia-que-habia-absuelto-a-mujer-que-ordeno-crimen-de-exdirector-regional-de-medicina-legal-en-barranquilla\/#breadcrumb\"},\"inLanguage\":\"es-CO\",\"potentialAction\":[{\"@type\":\"ReadAction\",\"target\":[\"https:\/\/www.fiscalia.gov.co\/colombia\/noticias\/revocada-sentencia-que-habia-absuelto-a-mujer-que-ordeno-crimen-de-exdirector-regional-de-medicina-legal-en-barranquilla\/\"]}]},{\"@type\":\"BreadcrumbList\",\"@id\":\"https:\/\/www.fiscalia.gov.co\/colombia\/noticias\/revocada-sentencia-que-habia-absuelto-a-mujer-que-ordeno-crimen-de-exdirector-regional-de-medicina-legal-en-barranquilla\/#breadcrumb\",\"itemListElement\":[{\"@type\":\"ListItem\",\"position\":1,\"name\":\"Home\",\"item\":\"https:\/\/www.fiscalia.gov.co\/colombia\/\"},{\"@type\":\"ListItem\",\"position\":2,\"name\":\"Revocada sentencia que hab\u00eda absuelto a mujer que orden\u00f3 crimen de exdirector regional de Medicina Legal en Barranquilla\"}]},{\"@type\":\"WebSite\",\"@id\":\"https:\/\/www.fiscalia.gov.co\/colombia\/#website\",\"url\":\"https:\/\/www.fiscalia.gov.co\/colombia\/\",\"name\":\"Fiscal\u00eda General de la Naci\u00f3n\",\"description\":\"P\u00e1gina oficial de la Fiscal\u00eda General de la Naci\u00f3n \u2013 Colombia. Garantizamos el acceso efectivo a la justicia, la verdad y la reparaci\u00f3n de las v\u00edctimas de los delitos.\",\"publisher\":{\"@id\":\"https:\/\/www.fiscalia.gov.co\/colombia\/#organization\"},\"potentialAction\":[{\"@type\":\"SearchAction\",\"target\":{\"@type\":\"EntryPoint\",\"urlTemplate\":\"https:\/\/www.fiscalia.gov.co\/colombia\/?s={search_term_string}\"},\"query-input\":{\"@type\":\"PropertyValueSpecification\",\"valueRequired\":true,\"valueName\":\"search_term_string\"}}],\"inLanguage\":\"es-CO\"},{\"@type\":\"Organization\",\"@id\":\"https:\/\/www.fiscalia.gov.co\/colombia\/#organization\",\"name\":\"Fiscal\u00eda General de la Naci\u00f3n\",\"url\":\"https:\/\/www.fiscalia.gov.co\/colombia\/\",\"logo\":{\"@type\":\"ImageObject\",\"inLanguage\":\"es-CO\",\"@id\":\"https:\/\/www.fiscalia.gov.co\/colombia\/#\/schema\/logo\/image\/\",\"url\":\"https:\/\/www.fiscalia.gov.co\/colombia\/wp-content\/uploads\/LogoHorizontal_1.jpg\",\"contentUrl\":\"https:\/\/www.fiscalia.gov.co\/colombia\/wp-content\/uploads\/LogoHorizontal_1.jpg\",\"width\":300,\"height\":90,\"caption\":\"Fiscal\u00eda General de la Naci\u00f3n\"},\"image\":{\"@id\":\"https:\/\/www.fiscalia.gov.co\/colombia\/#\/schema\/logo\/image\/\"},\"sameAs\":[\"https:\/\/www.facebook.com\/FiscaliaCol\",\"https:\/\/x.com\/FiscaliaCol\",\"https:\/\/www.instagram.com\/fiscaliacol\",\"https:\/\/www.linkedin.com\/company\/fiscalia-general-de-la-naci-n\/\",\"https:\/\/youtube.com\/@fiscaliageneraldelanacion-4668?si=6nN79nyQICPU5iTh\"]},{\"@type\":\"Person\",\"@id\":\"https:\/\/www.fiscalia.gov.co\/colombia\/#\/schema\/person\/bf84402cf293a5393e9c70b111020b24\",\"name\":\"Jordan Leandro Oviedo Anzola\",\"image\":{\"@type\":\"ImageObject\",\"inLanguage\":\"es-CO\",\"@id\":\"https:\/\/www.fiscalia.gov.co\/colombia\/#\/schema\/person\/image\/\",\"url\":\"https:\/\/secure.gravatar.com\/avatar\/dabba4346fa9b9207d96adafa8f92721?s=96&d=mm&r=g\",\"contentUrl\":\"https:\/\/secure.gravatar.com\/avatar\/dabba4346fa9b9207d96adafa8f92721?s=96&d=mm&r=g\",\"caption\":\"Jordan Leandro Oviedo Anzola\"},\"url\":\"https:\/\/www.fiscalia.gov.co\/colombia\/author\/joviedo\/\"}]}<\/script>\n<!-- \/ Yoast SEO plugin. -->","yoast_head_json":{"title":"Fiscal\u00eda General de la Naci\u00f3n","description":"P\u00e1gina oficial de la Fiscal\u00eda General de la Naci\u00f3n \u2013 Colombia. Garantizamos el acceso efectivo a la justicia, la verdad y la reparaci\u00f3n de las v\u00edctimas de los delitos.","robots":{"index":"noindex","follow":"follow"},"og_locale":"es_ES","og_type":"article","og_title":"Fiscal\u00eda General de la Naci\u00f3n","og_description":"P\u00e1gina oficial de la Fiscal\u00eda General de la Naci\u00f3n \u2013 Colombia. Garantizamos el acceso efectivo a la justicia, la verdad y la reparaci\u00f3n de las v\u00edctimas de los delitos.","og_url":"https:\/\/www.fiscalia.gov.co\/colombia\/noticias\/revocada-sentencia-que-habia-absuelto-a-mujer-que-ordeno-crimen-de-exdirector-regional-de-medicina-legal-en-barranquilla\/","og_site_name":"Fiscal\u00eda General de la Naci\u00f3n","article_publisher":"https:\/\/www.facebook.com\/FiscaliaCol","article_published_time":"2025-05-16T21:47:33+00:00","author":"Jordan Leandro Oviedo Anzola","twitter_card":"summary_large_image","twitter_creator":"@FiscaliaCol","twitter_site":"@FiscaliaCol","twitter_misc":{"Escrito por":"Jordan Leandro Oviedo Anzola","Tiempo de lectura":"2 minutos"},"schema":{"@context":"https:\/\/schema.org","@graph":[{"@type":"Article","@id":"https:\/\/www.fiscalia.gov.co\/colombia\/noticias\/revocada-sentencia-que-habia-absuelto-a-mujer-que-ordeno-crimen-de-exdirector-regional-de-medicina-legal-en-barranquilla\/#article","isPartOf":{"@id":"https:\/\/www.fiscalia.gov.co\/colombia\/noticias\/revocada-sentencia-que-habia-absuelto-a-mujer-que-ordeno-crimen-de-exdirector-regional-de-medicina-legal-en-barranquilla\/"},"author":{"name":"Jordan Leandro Oviedo Anzola","@id":"https:\/\/www.fiscalia.gov.co\/colombia\/#\/schema\/person\/bf84402cf293a5393e9c70b111020b24"},"headline":"Revocada sentencia que hab\u00eda absuelto a mujer que orden\u00f3 crimen de exdirector regional de Medicina Legal en Barranquilla","datePublished":"2025-05-16T21:47:33+00:00","dateModified":"2025-05-16T21:47:33+00:00","mainEntityOfPage":{"@id":"https:\/\/www.fiscalia.gov.co\/colombia\/noticias\/revocada-sentencia-que-habia-absuelto-a-mujer-que-ordeno-crimen-de-exdirector-regional-de-medicina-legal-en-barranquilla\/"},"wordCount":343,"publisher":{"@id":"https:\/\/www.fiscalia.gov.co\/colombia\/#organization"},"keywords":["57 a\u00f1os de c\u00e1rcel","57 a\u00f1os de prisi\u00f3n","Arma de fuego","Asesinato","Barranquilla (Atl\u00e1ntico)","barrio Cevillar","condena ejemplar","condena homicidio","Crimen","crimen director de Medicina Legal","crimen esposo","Dayanna Jassir","Dayanna Yael Jassir de la Hoz","director de Medicina Legal","Esposa","homicidio en calidad de determinadora","homicidio esposo","localidad Metropolitana","Sala Penal del Tribunal de Barranquilla revoc\u00f3 sentencia absolutoria"],"articleSection":["Noticias","Seccional Barranquilla","Seccionales"],"inLanguage":"es-CO"},{"@type":"WebPage","@id":"https:\/\/www.fiscalia.gov.co\/colombia\/noticias\/revocada-sentencia-que-habia-absuelto-a-mujer-que-ordeno-crimen-de-exdirector-regional-de-medicina-legal-en-barranquilla\/","url":"https:\/\/www.fiscalia.gov.co\/colombia\/noticias\/revocada-sentencia-que-habia-absuelto-a-mujer-que-ordeno-crimen-de-exdirector-regional-de-medicina-legal-en-barranquilla\/","name":"Fiscal\u00eda General de la Naci\u00f3n","isPartOf":{"@id":"https:\/\/www.fiscalia.gov.co\/colombia\/#website"},"datePublished":"2025-05-16T21:47:33+00:00","dateModified":"2025-05-16T21:47:33+00:00","description":"P\u00e1gina oficial de la Fiscal\u00eda General de la Naci\u00f3n \u2013 Colombia. Garantizamos el acceso efectivo a la justicia, la verdad y la reparaci\u00f3n de las v\u00edctimas de los delitos.","breadcrumb":{"@id":"https:\/\/www.fiscalia.gov.co\/colombia\/noticias\/revocada-sentencia-que-habia-absuelto-a-mujer-que-ordeno-crimen-de-exdirector-regional-de-medicina-legal-en-barranquilla\/#breadcrumb"},"inLanguage":"es-CO","potentialAction":[{"@type":"ReadAction","target":["https:\/\/www.fiscalia.gov.co\/colombia\/noticias\/revocada-sentencia-que-habia-absuelto-a-mujer-que-ordeno-crimen-de-exdirector-regional-de-medicina-legal-en-barranquilla\/"]}]},{"@type":"BreadcrumbList","@id":"https:\/\/www.fiscalia.gov.co\/colombia\/noticias\/revocada-sentencia-que-habia-absuelto-a-mujer-que-ordeno-crimen-de-exdirector-regional-de-medicina-legal-en-barranquilla\/#breadcrumb","itemListElement":[{"@type":"ListItem","position":1,"name":"Home","item":"https:\/\/www.fiscalia.gov.co\/colombia\/"},{"@type":"ListItem","position":2,"name":"Revocada sentencia que hab\u00eda absuelto a mujer que orden\u00f3 crimen de exdirector regional de Medicina Legal en Barranquilla"}]},{"@type":"WebSite","@id":"https:\/\/www.fiscalia.gov.co\/colombia\/#website","url":"https:\/\/www.fiscalia.gov.co\/colombia\/","name":"Fiscal\u00eda General de la Naci\u00f3n","description":"P\u00e1gina oficial de la Fiscal\u00eda General de la Naci\u00f3n \u2013 Colombia. Garantizamos el acceso efectivo a la justicia, la verdad y la reparaci\u00f3n de las v\u00edctimas de los delitos.","publisher":{"@id":"https:\/\/www.fiscalia.gov.co\/colombia\/#organization"},"potentialAction":[{"@type":"SearchAction","target":{"@type":"EntryPoint","urlTemplate":"https:\/\/www.fiscalia.gov.co\/colombia\/?s={search_term_string}"},"query-input":{"@type":"PropertyValueSpecification","valueRequired":true,"valueName":"search_term_string"}}],"inLanguage":"es-CO"},{"@type":"Organization","@id":"https:\/\/www.fiscalia.gov.co\/colombia\/#organization","name":"Fiscal\u00eda General de la Naci\u00f3n","url":"https:\/\/www.fiscalia.gov.co\/colombia\/","logo":{"@type":"ImageObject","inLanguage":"es-CO","@id":"https:\/\/www.fiscalia.gov.co\/colombia\/#\/schema\/logo\/image\/","url":"https:\/\/www.fiscalia.gov.co\/colombia\/wp-content\/uploads\/LogoHorizontal_1.jpg","contentUrl":"https:\/\/www.fiscalia.gov.co\/colombia\/wp-content\/uploads\/LogoHorizontal_1.jpg","width":300,"height":90,"caption":"Fiscal\u00eda General de la Naci\u00f3n"},"image":{"@id":"https:\/\/www.fiscalia.gov.co\/colombia\/#\/schema\/logo\/image\/"},"sameAs":["https:\/\/www.facebook.com\/FiscaliaCol","https:\/\/x.com\/FiscaliaCol","https:\/\/www.instagram.com\/fiscaliacol","https:\/\/www.linkedin.com\/company\/fiscalia-general-de-la-naci-n\/","https:\/\/youtube.com\/@fiscaliageneraldelanacion-4668?si=6nN79nyQICPU5iTh"]},{"@type":"Person","@id":"https:\/\/www.fiscalia.gov.co\/colombia\/#\/schema\/person\/bf84402cf293a5393e9c70b111020b24","name":"Jordan Leandro Oviedo Anzola","image":{"@type":"ImageObject","inLanguage":"es-CO","@id":"https:\/\/www.fiscalia.gov.co\/colombia\/#\/schema\/person\/image\/","url":"https:\/\/secure.gravatar.com\/avatar\/dabba4346fa9b9207d96adafa8f92721?s=96&d=mm&r=g","contentUrl":"https:\/\/secure.gravatar.com\/avatar\/dabba4346fa9b9207d96adafa8f92721?s=96&d=mm&r=g","caption":"Jordan Leandro Oviedo Anzola"},"url":"https:\/\/www.fiscalia.gov.co\/colombia\/author\/joviedo\/"}]}},"_links":{"self":[{"href":"https:\/\/www.fiscalia.gov.co\/colombia\/wp-json\/wp\/v2\/posts\/315432","targetHints":{"allow":["GET"]}}],"collection":[{"href":"https:\/\/www.fiscalia.gov.co\/colombia\/wp-json\/wp\/v2\/posts"}],"about":[{"href":"https:\/\/www.fiscalia.gov.co\/colombia\/wp-json\/wp\/v2\/types\/post"}],"author":[{"embeddable":true,"href":"https:\/\/www.fiscalia.gov.co\/colombia\/wp-json\/wp\/v2\/users\/177"}],"replies":[{"embeddable":true,"href":"https:\/\/www.fiscalia.gov.co\/colombia\/wp-json\/wp\/v2\/comments?post=315432"}],"version-history":[{"count":1,"href":"https:\/\/www.fiscalia.gov.co\/colombia\/wp-json\/wp\/v2\/posts\/315432\/revisions"}],"predecessor-version":[{"id":315440,"href":"https:\/\/www.fiscalia.gov.co\/colombia\/wp-json\/wp\/v2\/posts\/315432\/revisions\/315440"}],"wp:attachment":[{"href":"https:\/\/www.fiscalia.gov.co\/colombia\/wp-json\/wp\/v2\/media?parent=315432"}],"wp:term":[{"taxonomy":"category","embeddable":true,"href":"https:\/\/www.fiscalia.gov.co\/colombia\/wp-json\/wp\/v2\/categories?post=315432"},{"taxonomy":"post_tag","embeddable":true,"href":"https:\/\/www.fiscalia.gov.co\/colombia\/wp-json\/wp\/v2\/tags?post=315432"}],"curies":[{"name":"wp","href":"https:\/\/api.w.org\/{rel}","templated":true}]}}