{"id":315400,"date":"2025-05-16T11:16:43","date_gmt":"2025-05-16T16:16:43","guid":{"rendered":"https:\/\/www.fiscalia.gov.co\/colombia\/?p=315400"},"modified":"2025-05-16T11:16:43","modified_gmt":"2025-05-16T16:16:43","slug":"en-tolima-fue-judicializado-presunto-cobrador-de-extorsiones-bajo-la-modalidad-de-falso-familiar","status":"publish","type":"post","link":"https:\/\/www.fiscalia.gov.co\/colombia\/noticias\/en-tolima-fue-judicializado-presunto-cobrador-de-extorsiones-bajo-la-modalidad-de-falso-familiar\/","title":{"rendered":"En Tolima fue judicializado presunto cobrador de extorsiones bajo la modalidad de falso familiar"},"content":{"rendered":"<p style=\"font-weight: 400;\">La Fiscal\u00eda General de la Naci\u00f3n judicializ\u00f3 a V\u00edctor Alfonso Vargas Horta, presunto responsable de participar en <a href=\"https:\/\/www.fiscalia.gov.co\/colombia\/noticias\/aseguradas-tres-personas-por-presunta-extorsion-agravada-bajo-la-modalidad-de-falso-familiar-o-tio-tio\/\">siete extorsiones consumadas<\/a>, <strong>entre 2017 y 2018, con las que obtuvo provecho il\u00edcito de 57.000.000 de pesos.<\/strong><\/p>\n<figure id=\"attachment_315402\" aria-describedby=\"caption-attachment-315402\" style=\"width: 696px\" class=\"wp-caption aligncenter\"><img loading=\"lazy\" decoding=\"async\" class=\"size-large wp-image-315402\" src=\"https:\/\/www.fiscalia.gov.co\/colombia\/wp-content\/uploads\/capturado-extorsion-falso-familiar-ibague-siete-casos-1024x576.jpeg\" alt=\"En la imagen se ve una persona detenida bajo custodia de integrantes del CTI y Gaula Ej\u00e9rcito. Detr\u00e1s suyo un backing institucional.\" width=\"696\" height=\"392\" srcset=\"https:\/\/www.fiscalia.gov.co\/colombia\/wp-content\/uploads\/capturado-extorsion-falso-familiar-ibague-siete-casos-1024x576.jpeg 1024w, https:\/\/www.fiscalia.gov.co\/colombia\/wp-content\/uploads\/capturado-extorsion-falso-familiar-ibague-siete-casos-300x169.jpeg 300w, https:\/\/www.fiscalia.gov.co\/colombia\/wp-content\/uploads\/capturado-extorsion-falso-familiar-ibague-siete-casos-768x432.jpeg 768w, https:\/\/www.fiscalia.gov.co\/colombia\/wp-content\/uploads\/capturado-extorsion-falso-familiar-ibague-siete-casos-1536x864.jpeg 1536w, https:\/\/www.fiscalia.gov.co\/colombia\/wp-content\/uploads\/capturado-extorsion-falso-familiar-ibague-siete-casos-747x420.jpeg 747w, https:\/\/www.fiscalia.gov.co\/colombia\/wp-content\/uploads\/capturado-extorsion-falso-familiar-ibague-siete-casos-696x392.jpeg 696w, https:\/\/www.fiscalia.gov.co\/colombia\/wp-content\/uploads\/capturado-extorsion-falso-familiar-ibague-siete-casos-1068x601.jpeg 1068w, https:\/\/www.fiscalia.gov.co\/colombia\/wp-content\/uploads\/capturado-extorsion-falso-familiar-ibague-siete-casos.jpeg 1600w\" sizes=\"auto, (max-width: 696px) 100vw, 696px\" \/><figcaption id=\"caption-attachment-315402\" class=\"wp-caption-text\">El procesado fue detenido por servidores del CTI componente Gaula militar en cumplimiento a la orden judicial que pesaba en su contra por extorsi\u00f3n agravada.<\/figcaption><\/figure>\n<p style=\"font-weight: 400;\"><strong>Una fiscal Gaula especializada de la Seccional Tolima le formul\u00f3 imputaci\u00f3n por el delito de extorsi\u00f3n agravada.<\/strong> El cargo no fue aceptado por el procesado.<\/p>\n<p style=\"font-weight: 400;\">De acuerdo con la investigaci\u00f3n, Vargas Horta, presuntamente, reclam\u00f3 el dinero, producto de la extorsi\u00f3n telef\u00f3nica, en la modalidad de falso familiar. En uno de los hechos, una de las v\u00edctimas <strong>le consign\u00f3 la suma de 1.250.0000 pesos creyendo que ayudaba a un pariente que se encontraba en problemas judiciales.<\/strong><\/p>\n<p style=\"font-weight: 400;\">Servidores del Cuerpo T\u00e9cnico de Investigaci\u00f3n (CTI), con apoyo del Gaula del Ej\u00e9rcito Nacional, hicieron efectiva la orden de captura en v\u00eda p\u00fablica del barrio Villa del Sol de Ibagu\u00e9 (Tolima).<\/p>\n<p style=\"font-weight: 400;\">\n<p>&nbsp;<\/p>\n<p>&nbsp;<\/p>\n<p>&nbsp;<\/p>\n<p style=\"font-weight: 400;\">PAAM\/LMFO\/AMCJ\/MP\/DST<\/p>\n<p style=\"font-weight: 400;\">\n\n<div class=\"twitter-share\"><a href=\"https:\/\/twitter.com\/intent\/tweet?via=fiscaliacol\" class=\"twitter-share-button\">Tweet<\/a><\/div>\n","protected":false},"excerpt":{"rendered":"<p>La Fiscal\u00eda General de la Naci\u00f3n judicializ\u00f3 a V\u00edctor Alfonso Vargas Horta, presunto responsable de participar en siete extorsiones consumadas, entre 2017 y 2018, con las que obtuvo provecho il\u00edcito de 57.000.000 de pesos. Una fiscal Gaula especializada de la Seccional Tolima le formul\u00f3 imputaci\u00f3n por el delito de extorsi\u00f3n agravada. El cargo no fue [&hellip;]<\/p>\n","protected":false},"author":177,"featured_media":0,"comment_status":"closed","ping_status":"open","sticky":false,"template":"","format":"standard","meta":{"tdm_status":"","tdm_grid_status":"","footnotes":""},"categories":[1,329,303],"tags":[24221,41459,3227,45,24408,871,3292,25544,37492,1047,20,23838,23990,24918,30239],"class_list":{"0":"post-315400","1":"post","2":"type-post","3":"status-publish","4":"format-standard","6":"category-noticias","7":"category-seccional-ibague","8":"category-seccionales","9":"tag-adulto-mayor","10":"tag-barrio-villa-del-sol","11":"tag-constrenimiento","12":"tag-cti","13":"tag-exigencias-economicas","14":"tag-extorion","15":"tag-extorsion-agravada","16":"tag-falso-familiar","17":"tag-fiscal-luz-adriana-camargo","18":"tag-fiscalia-general-de-la-nacion","19":"tag-gaula","20":"tag-ibague","21":"tag-ibague-tolima","22":"tag-privado-de-la-libertad","23":"tag-seguridad-territorial"},"yoast_head":"<!-- This site is optimized with the Yoast SEO plugin v24.3 - https:\/\/yoast.com\/wordpress\/plugins\/seo\/ -->\n<title>Fiscal\u00eda General de la Naci\u00f3n<\/title>\n<meta name=\"description\" content=\"P\u00e1gina oficial de la Fiscal\u00eda General de la Naci\u00f3n \u2013 Colombia. Garantizamos el acceso efectivo a la justicia, la verdad y la reparaci\u00f3n de las v\u00edctimas de los delitos.\" \/>\n<meta name=\"robots\" content=\"noindex, follow\" \/>\n<meta property=\"og:locale\" content=\"es_ES\" \/>\n<meta property=\"og:type\" content=\"article\" \/>\n<meta property=\"og:title\" content=\"Fiscal\u00eda General de la Naci\u00f3n\" \/>\n<meta property=\"og:description\" content=\"P\u00e1gina oficial de la Fiscal\u00eda General de la Naci\u00f3n \u2013 Colombia. Garantizamos el acceso efectivo a la justicia, la verdad y la reparaci\u00f3n de las v\u00edctimas de los delitos.\" \/>\n<meta property=\"og:url\" content=\"https:\/\/www.fiscalia.gov.co\/colombia\/noticias\/en-tolima-fue-judicializado-presunto-cobrador-de-extorsiones-bajo-la-modalidad-de-falso-familiar\/\" \/>\n<meta property=\"og:site_name\" content=\"Fiscal\u00eda General de la Naci\u00f3n\" \/>\n<meta property=\"article:publisher\" content=\"https:\/\/www.facebook.com\/FiscaliaCol\" \/>\n<meta property=\"article:published_time\" content=\"2025-05-16T16:16:43+00:00\" \/>\n<meta property=\"og:image\" content=\"https:\/\/www.fiscalia.gov.co\/colombia\/wp-content\/uploads\/capturado-extorsion-falso-familiar-ibague-siete-casos.jpeg\" \/>\n\t<meta property=\"og:image:width\" content=\"1600\" \/>\n\t<meta property=\"og:image:height\" content=\"900\" \/>\n\t<meta property=\"og:image:type\" content=\"image\/jpeg\" \/>\n<meta name=\"author\" content=\"Jordan Leandro Oviedo Anzola\" \/>\n<meta name=\"twitter:card\" content=\"summary_large_image\" \/>\n<meta name=\"twitter:creator\" content=\"@FiscaliaCol\" \/>\n<meta name=\"twitter:site\" content=\"@FiscaliaCol\" \/>\n<meta name=\"twitter:label1\" content=\"Escrito por\" \/>\n\t<meta name=\"twitter:data1\" content=\"Jordan Leandro Oviedo Anzola\" \/>\n\t<meta name=\"twitter:label2\" content=\"Tiempo de lectura\" \/>\n\t<meta name=\"twitter:data2\" content=\"1 minuto\" \/>\n<script type=\"application\/ld+json\" class=\"yoast-schema-graph\">{\"@context\":\"https:\/\/schema.org\",\"@graph\":[{\"@type\":\"Article\",\"@id\":\"https:\/\/www.fiscalia.gov.co\/colombia\/noticias\/en-tolima-fue-judicializado-presunto-cobrador-de-extorsiones-bajo-la-modalidad-de-falso-familiar\/#article\",\"isPartOf\":{\"@id\":\"https:\/\/www.fiscalia.gov.co\/colombia\/noticias\/en-tolima-fue-judicializado-presunto-cobrador-de-extorsiones-bajo-la-modalidad-de-falso-familiar\/\"},\"author\":{\"name\":\"Jordan Leandro Oviedo Anzola\",\"@id\":\"https:\/\/www.fiscalia.gov.co\/colombia\/#\/schema\/person\/bf84402cf293a5393e9c70b111020b24\"},\"headline\":\"En Tolima fue judicializado presunto cobrador de extorsiones bajo la modalidad de falso familiar\",\"datePublished\":\"2025-05-16T16:16:43+00:00\",\"dateModified\":\"2025-05-16T16:16:43+00:00\",\"mainEntityOfPage\":{\"@id\":\"https:\/\/www.fiscalia.gov.co\/colombia\/noticias\/en-tolima-fue-judicializado-presunto-cobrador-de-extorsiones-bajo-la-modalidad-de-falso-familiar\/\"},\"wordCount\":206,\"publisher\":{\"@id\":\"https:\/\/www.fiscalia.gov.co\/colombia\/#organization\"},\"image\":{\"@id\":\"https:\/\/www.fiscalia.gov.co\/colombia\/noticias\/en-tolima-fue-judicializado-presunto-cobrador-de-extorsiones-bajo-la-modalidad-de-falso-familiar\/#primaryimage\"},\"thumbnailUrl\":\"https:\/\/www.fiscalia.gov.co\/colombia\/wp-content\/uploads\/capturado-extorsion-falso-familiar-ibague-siete-casos-1024x576.jpeg\",\"keywords\":[\"Adulto Mayor\",\"barrio Villa del Sol\",\"Constre\u00f1imiento\",\"CTI\",\"exigencias econ\u00f3micas\",\"Extorsi\u00f3n\",\"Extorsi\u00f3n agravada\",\"falso familiar\",\"Fiscal Luz Adriana Camargo\",\"Fiscal\u00eda General de la Naci\u00f3n\",\"Gaula\",\"Ibagu\u00e9\",\"Ibagu\u00e9 (Tolima)\",\"privado de la libertad\",\"Seguridad territorial\"],\"articleSection\":[\"Noticias\",\"Seccional Ibagu\u00e9\",\"Seccionales\"],\"inLanguage\":\"es-CO\"},{\"@type\":\"WebPage\",\"@id\":\"https:\/\/www.fiscalia.gov.co\/colombia\/noticias\/en-tolima-fue-judicializado-presunto-cobrador-de-extorsiones-bajo-la-modalidad-de-falso-familiar\/\",\"url\":\"https:\/\/www.fiscalia.gov.co\/colombia\/noticias\/en-tolima-fue-judicializado-presunto-cobrador-de-extorsiones-bajo-la-modalidad-de-falso-familiar\/\",\"name\":\"Fiscal\u00eda General de la Naci\u00f3n\",\"isPartOf\":{\"@id\":\"https:\/\/www.fiscalia.gov.co\/colombia\/#website\"},\"primaryImageOfPage\":{\"@id\":\"https:\/\/www.fiscalia.gov.co\/colombia\/noticias\/en-tolima-fue-judicializado-presunto-cobrador-de-extorsiones-bajo-la-modalidad-de-falso-familiar\/#primaryimage\"},\"image\":{\"@id\":\"https:\/\/www.fiscalia.gov.co\/colombia\/noticias\/en-tolima-fue-judicializado-presunto-cobrador-de-extorsiones-bajo-la-modalidad-de-falso-familiar\/#primaryimage\"},\"thumbnailUrl\":\"https:\/\/www.fiscalia.gov.co\/colombia\/wp-content\/uploads\/capturado-extorsion-falso-familiar-ibague-siete-casos-1024x576.jpeg\",\"datePublished\":\"2025-05-16T16:16:43+00:00\",\"dateModified\":\"2025-05-16T16:16:43+00:00\",\"description\":\"P\u00e1gina oficial de la Fiscal\u00eda General de la Naci\u00f3n \u2013 Colombia. Garantizamos el acceso efectivo a la justicia, la verdad y la reparaci\u00f3n de las v\u00edctimas de los delitos.\",\"breadcrumb\":{\"@id\":\"https:\/\/www.fiscalia.gov.co\/colombia\/noticias\/en-tolima-fue-judicializado-presunto-cobrador-de-extorsiones-bajo-la-modalidad-de-falso-familiar\/#breadcrumb\"},\"inLanguage\":\"es-CO\",\"potentialAction\":[{\"@type\":\"ReadAction\",\"target\":[\"https:\/\/www.fiscalia.gov.co\/colombia\/noticias\/en-tolima-fue-judicializado-presunto-cobrador-de-extorsiones-bajo-la-modalidad-de-falso-familiar\/\"]}]},{\"@type\":\"ImageObject\",\"inLanguage\":\"es-CO\",\"@id\":\"https:\/\/www.fiscalia.gov.co\/colombia\/noticias\/en-tolima-fue-judicializado-presunto-cobrador-de-extorsiones-bajo-la-modalidad-de-falso-familiar\/#primaryimage\",\"url\":\"https:\/\/www.fiscalia.gov.co\/colombia\/wp-content\/uploads\/capturado-extorsion-falso-familiar-ibague-siete-casos.jpeg\",\"contentUrl\":\"https:\/\/www.fiscalia.gov.co\/colombia\/wp-content\/uploads\/capturado-extorsion-falso-familiar-ibague-siete-casos.jpeg\",\"width\":1600,\"height\":900,\"caption\":\"El procesado fue detenido por servidores del CTI componente Gaula militar en cumplimiento a la orden judicial que pesaba en su contra por extorsi\u00f3n agravada.\"},{\"@type\":\"BreadcrumbList\",\"@id\":\"https:\/\/www.fiscalia.gov.co\/colombia\/noticias\/en-tolima-fue-judicializado-presunto-cobrador-de-extorsiones-bajo-la-modalidad-de-falso-familiar\/#breadcrumb\",\"itemListElement\":[{\"@type\":\"ListItem\",\"position\":1,\"name\":\"Home\",\"item\":\"https:\/\/www.fiscalia.gov.co\/colombia\/\"},{\"@type\":\"ListItem\",\"position\":2,\"name\":\"En Tolima fue judicializado presunto cobrador de extorsiones bajo la modalidad de falso familiar\"}]},{\"@type\":\"WebSite\",\"@id\":\"https:\/\/www.fiscalia.gov.co\/colombia\/#website\",\"url\":\"https:\/\/www.fiscalia.gov.co\/colombia\/\",\"name\":\"Fiscal\u00eda General de la Naci\u00f3n\",\"description\":\"P\u00e1gina oficial de la Fiscal\u00eda General de la Naci\u00f3n \u2013 Colombia. Garantizamos el acceso efectivo a la justicia, la verdad y la reparaci\u00f3n de las v\u00edctimas de los delitos.\",\"publisher\":{\"@id\":\"https:\/\/www.fiscalia.gov.co\/colombia\/#organization\"},\"potentialAction\":[{\"@type\":\"SearchAction\",\"target\":{\"@type\":\"EntryPoint\",\"urlTemplate\":\"https:\/\/www.fiscalia.gov.co\/colombia\/?s={search_term_string}\"},\"query-input\":{\"@type\":\"PropertyValueSpecification\",\"valueRequired\":true,\"valueName\":\"search_term_string\"}}],\"inLanguage\":\"es-CO\"},{\"@type\":\"Organization\",\"@id\":\"https:\/\/www.fiscalia.gov.co\/colombia\/#organization\",\"name\":\"Fiscal\u00eda General de la Naci\u00f3n\",\"url\":\"https:\/\/www.fiscalia.gov.co\/colombia\/\",\"logo\":{\"@type\":\"ImageObject\",\"inLanguage\":\"es-CO\",\"@id\":\"https:\/\/www.fiscalia.gov.co\/colombia\/#\/schema\/logo\/image\/\",\"url\":\"https:\/\/www.fiscalia.gov.co\/colombia\/wp-content\/uploads\/LogoHorizontal_1.jpg\",\"contentUrl\":\"https:\/\/www.fiscalia.gov.co\/colombia\/wp-content\/uploads\/LogoHorizontal_1.jpg\",\"width\":300,\"height\":90,\"caption\":\"Fiscal\u00eda General de la Naci\u00f3n\"},\"image\":{\"@id\":\"https:\/\/www.fiscalia.gov.co\/colombia\/#\/schema\/logo\/image\/\"},\"sameAs\":[\"https:\/\/www.facebook.com\/FiscaliaCol\",\"https:\/\/x.com\/FiscaliaCol\",\"https:\/\/www.instagram.com\/fiscaliacol\",\"https:\/\/www.linkedin.com\/company\/fiscalia-general-de-la-naci-n\/\",\"https:\/\/youtube.com\/@fiscaliageneraldelanacion-4668?si=6nN79nyQICPU5iTh\"]},{\"@type\":\"Person\",\"@id\":\"https:\/\/www.fiscalia.gov.co\/colombia\/#\/schema\/person\/bf84402cf293a5393e9c70b111020b24\",\"name\":\"Jordan Leandro Oviedo Anzola\",\"image\":{\"@type\":\"ImageObject\",\"inLanguage\":\"es-CO\",\"@id\":\"https:\/\/www.fiscalia.gov.co\/colombia\/#\/schema\/person\/image\/\",\"url\":\"https:\/\/secure.gravatar.com\/avatar\/dabba4346fa9b9207d96adafa8f92721?s=96&d=mm&r=g\",\"contentUrl\":\"https:\/\/secure.gravatar.com\/avatar\/dabba4346fa9b9207d96adafa8f92721?s=96&d=mm&r=g\",\"caption\":\"Jordan Leandro Oviedo Anzola\"},\"url\":\"https:\/\/www.fiscalia.gov.co\/colombia\/author\/joviedo\/\"}]}<\/script>\n<!-- \/ Yoast SEO plugin. -->","yoast_head_json":{"title":"Fiscal\u00eda General de la Naci\u00f3n","description":"P\u00e1gina oficial de la Fiscal\u00eda General de la Naci\u00f3n \u2013 Colombia. Garantizamos el acceso efectivo a la justicia, la verdad y la reparaci\u00f3n de las v\u00edctimas de los delitos.","robots":{"index":"noindex","follow":"follow"},"og_locale":"es_ES","og_type":"article","og_title":"Fiscal\u00eda General de la Naci\u00f3n","og_description":"P\u00e1gina oficial de la Fiscal\u00eda General de la Naci\u00f3n \u2013 Colombia. Garantizamos el acceso efectivo a la justicia, la verdad y la reparaci\u00f3n de las v\u00edctimas de los delitos.","og_url":"https:\/\/www.fiscalia.gov.co\/colombia\/noticias\/en-tolima-fue-judicializado-presunto-cobrador-de-extorsiones-bajo-la-modalidad-de-falso-familiar\/","og_site_name":"Fiscal\u00eda General de la Naci\u00f3n","article_publisher":"https:\/\/www.facebook.com\/FiscaliaCol","article_published_time":"2025-05-16T16:16:43+00:00","og_image":[{"width":1600,"height":900,"url":"https:\/\/www.fiscalia.gov.co\/colombia\/wp-content\/uploads\/capturado-extorsion-falso-familiar-ibague-siete-casos.jpeg","type":"image\/jpeg"}],"author":"Jordan Leandro Oviedo Anzola","twitter_card":"summary_large_image","twitter_creator":"@FiscaliaCol","twitter_site":"@FiscaliaCol","twitter_misc":{"Escrito por":"Jordan Leandro Oviedo Anzola","Tiempo de lectura":"1 minuto"},"schema":{"@context":"https:\/\/schema.org","@graph":[{"@type":"Article","@id":"https:\/\/www.fiscalia.gov.co\/colombia\/noticias\/en-tolima-fue-judicializado-presunto-cobrador-de-extorsiones-bajo-la-modalidad-de-falso-familiar\/#article","isPartOf":{"@id":"https:\/\/www.fiscalia.gov.co\/colombia\/noticias\/en-tolima-fue-judicializado-presunto-cobrador-de-extorsiones-bajo-la-modalidad-de-falso-familiar\/"},"author":{"name":"Jordan Leandro Oviedo Anzola","@id":"https:\/\/www.fiscalia.gov.co\/colombia\/#\/schema\/person\/bf84402cf293a5393e9c70b111020b24"},"headline":"En Tolima fue judicializado presunto cobrador de extorsiones bajo la modalidad de falso familiar","datePublished":"2025-05-16T16:16:43+00:00","dateModified":"2025-05-16T16:16:43+00:00","mainEntityOfPage":{"@id":"https:\/\/www.fiscalia.gov.co\/colombia\/noticias\/en-tolima-fue-judicializado-presunto-cobrador-de-extorsiones-bajo-la-modalidad-de-falso-familiar\/"},"wordCount":206,"publisher":{"@id":"https:\/\/www.fiscalia.gov.co\/colombia\/#organization"},"image":{"@id":"https:\/\/www.fiscalia.gov.co\/colombia\/noticias\/en-tolima-fue-judicializado-presunto-cobrador-de-extorsiones-bajo-la-modalidad-de-falso-familiar\/#primaryimage"},"thumbnailUrl":"https:\/\/www.fiscalia.gov.co\/colombia\/wp-content\/uploads\/capturado-extorsion-falso-familiar-ibague-siete-casos-1024x576.jpeg","keywords":["Adulto Mayor","barrio Villa del Sol","Constre\u00f1imiento","CTI","exigencias econ\u00f3micas","Extorsi\u00f3n","Extorsi\u00f3n agravada","falso familiar","Fiscal Luz Adriana Camargo","Fiscal\u00eda General de la Naci\u00f3n","Gaula","Ibagu\u00e9","Ibagu\u00e9 (Tolima)","privado de la libertad","Seguridad territorial"],"articleSection":["Noticias","Seccional Ibagu\u00e9","Seccionales"],"inLanguage":"es-CO"},{"@type":"WebPage","@id":"https:\/\/www.fiscalia.gov.co\/colombia\/noticias\/en-tolima-fue-judicializado-presunto-cobrador-de-extorsiones-bajo-la-modalidad-de-falso-familiar\/","url":"https:\/\/www.fiscalia.gov.co\/colombia\/noticias\/en-tolima-fue-judicializado-presunto-cobrador-de-extorsiones-bajo-la-modalidad-de-falso-familiar\/","name":"Fiscal\u00eda General de la Naci\u00f3n","isPartOf":{"@id":"https:\/\/www.fiscalia.gov.co\/colombia\/#website"},"primaryImageOfPage":{"@id":"https:\/\/www.fiscalia.gov.co\/colombia\/noticias\/en-tolima-fue-judicializado-presunto-cobrador-de-extorsiones-bajo-la-modalidad-de-falso-familiar\/#primaryimage"},"image":{"@id":"https:\/\/www.fiscalia.gov.co\/colombia\/noticias\/en-tolima-fue-judicializado-presunto-cobrador-de-extorsiones-bajo-la-modalidad-de-falso-familiar\/#primaryimage"},"thumbnailUrl":"https:\/\/www.fiscalia.gov.co\/colombia\/wp-content\/uploads\/capturado-extorsion-falso-familiar-ibague-siete-casos-1024x576.jpeg","datePublished":"2025-05-16T16:16:43+00:00","dateModified":"2025-05-16T16:16:43+00:00","description":"P\u00e1gina oficial de la Fiscal\u00eda General de la Naci\u00f3n \u2013 Colombia. Garantizamos el acceso efectivo a la justicia, la verdad y la reparaci\u00f3n de las v\u00edctimas de los delitos.","breadcrumb":{"@id":"https:\/\/www.fiscalia.gov.co\/colombia\/noticias\/en-tolima-fue-judicializado-presunto-cobrador-de-extorsiones-bajo-la-modalidad-de-falso-familiar\/#breadcrumb"},"inLanguage":"es-CO","potentialAction":[{"@type":"ReadAction","target":["https:\/\/www.fiscalia.gov.co\/colombia\/noticias\/en-tolima-fue-judicializado-presunto-cobrador-de-extorsiones-bajo-la-modalidad-de-falso-familiar\/"]}]},{"@type":"ImageObject","inLanguage":"es-CO","@id":"https:\/\/www.fiscalia.gov.co\/colombia\/noticias\/en-tolima-fue-judicializado-presunto-cobrador-de-extorsiones-bajo-la-modalidad-de-falso-familiar\/#primaryimage","url":"https:\/\/www.fiscalia.gov.co\/colombia\/wp-content\/uploads\/capturado-extorsion-falso-familiar-ibague-siete-casos.jpeg","contentUrl":"https:\/\/www.fiscalia.gov.co\/colombia\/wp-content\/uploads\/capturado-extorsion-falso-familiar-ibague-siete-casos.jpeg","width":1600,"height":900,"caption":"El procesado fue detenido por servidores del CTI componente Gaula militar en cumplimiento a la orden judicial que pesaba en su contra por extorsi\u00f3n agravada."},{"@type":"BreadcrumbList","@id":"https:\/\/www.fiscalia.gov.co\/colombia\/noticias\/en-tolima-fue-judicializado-presunto-cobrador-de-extorsiones-bajo-la-modalidad-de-falso-familiar\/#breadcrumb","itemListElement":[{"@type":"ListItem","position":1,"name":"Home","item":"https:\/\/www.fiscalia.gov.co\/colombia\/"},{"@type":"ListItem","position":2,"name":"En Tolima fue judicializado presunto cobrador de extorsiones bajo la modalidad de falso familiar"}]},{"@type":"WebSite","@id":"https:\/\/www.fiscalia.gov.co\/colombia\/#website","url":"https:\/\/www.fiscalia.gov.co\/colombia\/","name":"Fiscal\u00eda General de la Naci\u00f3n","description":"P\u00e1gina oficial de la Fiscal\u00eda General de la Naci\u00f3n \u2013 Colombia. Garantizamos el acceso efectivo a la justicia, la verdad y la reparaci\u00f3n de las v\u00edctimas de los delitos.","publisher":{"@id":"https:\/\/www.fiscalia.gov.co\/colombia\/#organization"},"potentialAction":[{"@type":"SearchAction","target":{"@type":"EntryPoint","urlTemplate":"https:\/\/www.fiscalia.gov.co\/colombia\/?s={search_term_string}"},"query-input":{"@type":"PropertyValueSpecification","valueRequired":true,"valueName":"search_term_string"}}],"inLanguage":"es-CO"},{"@type":"Organization","@id":"https:\/\/www.fiscalia.gov.co\/colombia\/#organization","name":"Fiscal\u00eda General de la Naci\u00f3n","url":"https:\/\/www.fiscalia.gov.co\/colombia\/","logo":{"@type":"ImageObject","inLanguage":"es-CO","@id":"https:\/\/www.fiscalia.gov.co\/colombia\/#\/schema\/logo\/image\/","url":"https:\/\/www.fiscalia.gov.co\/colombia\/wp-content\/uploads\/LogoHorizontal_1.jpg","contentUrl":"https:\/\/www.fiscalia.gov.co\/colombia\/wp-content\/uploads\/LogoHorizontal_1.jpg","width":300,"height":90,"caption":"Fiscal\u00eda General de la Naci\u00f3n"},"image":{"@id":"https:\/\/www.fiscalia.gov.co\/colombia\/#\/schema\/logo\/image\/"},"sameAs":["https:\/\/www.facebook.com\/FiscaliaCol","https:\/\/x.com\/FiscaliaCol","https:\/\/www.instagram.com\/fiscaliacol","https:\/\/www.linkedin.com\/company\/fiscalia-general-de-la-naci-n\/","https:\/\/youtube.com\/@fiscaliageneraldelanacion-4668?si=6nN79nyQICPU5iTh"]},{"@type":"Person","@id":"https:\/\/www.fiscalia.gov.co\/colombia\/#\/schema\/person\/bf84402cf293a5393e9c70b111020b24","name":"Jordan Leandro Oviedo Anzola","image":{"@type":"ImageObject","inLanguage":"es-CO","@id":"https:\/\/www.fiscalia.gov.co\/colombia\/#\/schema\/person\/image\/","url":"https:\/\/secure.gravatar.com\/avatar\/dabba4346fa9b9207d96adafa8f92721?s=96&d=mm&r=g","contentUrl":"https:\/\/secure.gravatar.com\/avatar\/dabba4346fa9b9207d96adafa8f92721?s=96&d=mm&r=g","caption":"Jordan Leandro Oviedo Anzola"},"url":"https:\/\/www.fiscalia.gov.co\/colombia\/author\/joviedo\/"}]}},"_links":{"self":[{"href":"https:\/\/www.fiscalia.gov.co\/colombia\/wp-json\/wp\/v2\/posts\/315400","targetHints":{"allow":["GET"]}}],"collection":[{"href":"https:\/\/www.fiscalia.gov.co\/colombia\/wp-json\/wp\/v2\/posts"}],"about":[{"href":"https:\/\/www.fiscalia.gov.co\/colombia\/wp-json\/wp\/v2\/types\/post"}],"author":[{"embeddable":true,"href":"https:\/\/www.fiscalia.gov.co\/colombia\/wp-json\/wp\/v2\/users\/177"}],"replies":[{"embeddable":true,"href":"https:\/\/www.fiscalia.gov.co\/colombia\/wp-json\/wp\/v2\/comments?post=315400"}],"version-history":[{"count":1,"href":"https:\/\/www.fiscalia.gov.co\/colombia\/wp-json\/wp\/v2\/posts\/315400\/revisions"}],"predecessor-version":[{"id":315403,"href":"https:\/\/www.fiscalia.gov.co\/colombia\/wp-json\/wp\/v2\/posts\/315400\/revisions\/315403"}],"wp:attachment":[{"href":"https:\/\/www.fiscalia.gov.co\/colombia\/wp-json\/wp\/v2\/media?parent=315400"}],"wp:term":[{"taxonomy":"category","embeddable":true,"href":"https:\/\/www.fiscalia.gov.co\/colombia\/wp-json\/wp\/v2\/categories?post=315400"},{"taxonomy":"post_tag","embeddable":true,"href":"https:\/\/www.fiscalia.gov.co\/colombia\/wp-json\/wp\/v2\/tags?post=315400"}],"curies":[{"name":"wp","href":"https:\/\/api.w.org\/{rel}","templated":true}]}}