{"id":315383,"date":"2025-05-16T08:31:36","date_gmt":"2025-05-16T13:31:36","guid":{"rendered":"https:\/\/www.fiscalia.gov.co\/colombia\/?p=315383"},"modified":"2025-05-16T17:25:30","modified_gmt":"2025-05-16T22:25:30","slug":"judicializados-exempleados-de-entidad-bancaria-que-estarian-implicados-en-suplantacion-de-personas-y-hurtos-por-medios-informaticos","status":"publish","type":"post","link":"https:\/\/www.fiscalia.gov.co\/colombia\/noticias\/judicializados-exempleados-de-entidad-bancaria-que-estarian-implicados-en-suplantacion-de-personas-y-hurtos-por-medios-informaticos\/","title":{"rendered":"Judicializados exempleados de entidad bancaria que estar\u00edan implicados en suplantaci\u00f3n de personas y hurtos por medios inform\u00e1ticos"},"content":{"rendered":"<h4 style=\"text-align: center;\"><strong><em>Son se\u00f1alados de utilizar informaci\u00f3n personal de los clientes para sacar cr\u00e9ditos a su nombre y sin autorizaci\u00f3n, y direccionar los dineros a cuentas de terceros. Se les atribuyen 38 eventos delictivos en Santa Marta y Barranquilla.<\/em><\/strong><\/h4>\n<p>Los elementos materiales probatorios obtenidos por la Fiscal\u00eda General de la Naci\u00f3n en contra de una <a href=\"https:\/\/www.fiscalia.gov.co\/colombia\/noticias\/asegurados-en-centro-carcelario-los-presuntos-responsables-de-robo-informatico-a-una-alcaldia-municipal-de-norte-de-santander\/\">red de ciberdelincuentes<\/a> permitieron identificar a dos extrabajadores de un banco, <strong>que habr\u00edan suplantado personas y permitido m\u00faltiples hurtos por medios inform\u00e1ticos entre 2021 y 2022.<\/strong><\/p>\n<p>Se trata de Lizeth Paola Marenco Posada e Iv\u00e1n Crespo Arias, <strong>quienes como asesores y fuerza de venta en una sucursal de la entidad bancaria en Santa Marta (Magdalena) presuntamente tramitaron 38 cr\u00e9ditos por algo m\u00e1s de 280 millones de pesos,<\/strong> sin que los titulares dieran su consentimiento.<\/p>\n<p>Los exempleados son se\u00f1alados de <a href=\"https:\/\/www.fiscalia.gov.co\/colombia\/noticias\/judicializado-presunto-responsable-de-suplantacion-de-personas-para-apoderarse-de-sus-cesantias-y-mesadas-pensionales\/\">recibir placas de l\u00e1tex con copias de las huellas<\/a> decadactilares de diferentes ciudadanos, as\u00ed como informaci\u00f3n reservada que otros posibles i<strong>ntegrantes de la organizaci\u00f3n delictiva extra\u00edan de las bases de datos de la Registradur\u00eda Nacional del Estados Civil.<\/strong> De esta manera, superaban los filtros de verificaci\u00f3n y de seguridad implementados por el banco, gestionaban fraudulentamente la apertura de cuentas de n\u00f3mina y solicitudes crediticias a nombre de las v\u00edctimas, y lograban su aprobaci\u00f3n y el desembolso de los dineros en cuentas de terceros.<\/p>\n<p>Por todo lo anterior, una fiscal de la Direcci\u00f3n Especializada contra los Delitos Inform\u00e1ticos les imput\u00f3 los<strong> delitos de concierto para delinquir, hurto por medios inform\u00e1ticos y acceso abusivo a un sistema inform\u00e1tico.<\/strong><\/p>\n<p>Los procesados no aceptaron los cargos y, por disposici\u00f3n de un juez de control de garant\u00edas, deber\u00e1n cumplir medida de aseguramiento privativa de la libertad.<\/p>\n<p>&nbsp;<\/p>\n<p>&nbsp;<\/p>\n<p>&nbsp;<\/p>\n<p>&nbsp;<\/p>\n<p>LKSC\/JARG\/GHE\/DDI<\/p>\n<p>&nbsp;<\/p>\n<p>&nbsp;<\/p>\n<p>&nbsp;<\/p>\n<p>&nbsp;<\/p>\n<div class=\"td-post-content tagdiv-type\">\n<p><em>La informaci\u00f3n contenida en este bolet\u00edn de prensa corresponde a la narraci\u00f3n de los hechos noticiosos objetivos, y las investigaciones penales al interior de la Fiscal\u00eda General de la Naci\u00f3n. Para el momento de la divulgaci\u00f3n de este comunicado, la situaci\u00f3n jur\u00eddica de la(s) persona(s) relacionada(s) se encuentra pendiente de resolver por la autoridad judicial competente, siempre bajo los preceptos de la presunci\u00f3n de inocencia, consagrados en el art\u00edculo 29 de la Constituci\u00f3n Pol\u00edtica y el art\u00edculo 7\u00ba de la Ley 906 de 2004.<\/em><\/p>\n<\/div>\n<footer>\n<div class=\"td-post-source-tags\"><\/div>\n<div class=\"td-post-sharing-bottom\"><\/div>\n<\/footer>\n\n<div class=\"twitter-share\"><a href=\"https:\/\/twitter.com\/intent\/tweet?via=fiscaliacol\" class=\"twitter-share-button\">Tweet<\/a><\/div>\n","protected":false},"excerpt":{"rendered":"<p>Son se\u00f1alados de utilizar informaci\u00f3n personal de los clientes para sacar cr\u00e9ditos a su nombre y sin autorizaci\u00f3n, y direccionar los dineros a cuentas de terceros. Se les atribuyen 38 eventos delictivos en Santa Marta y Barranquilla. Los elementos materiales probatorios obtenidos por la Fiscal\u00eda General de la Naci\u00f3n en contra de una red de [&hellip;]<\/p>\n","protected":false},"author":177,"featured_media":0,"comment_status":"closed","ping_status":"open","sticky":false,"template":"","format":"standard","meta":{"_price":"","_stock":"","_tribe_ticket_header":"","_tribe_default_ticket_provider":"","_tribe_ticket_capacity":"0","_ticket_start_date":"","_ticket_end_date":"","_tribe_ticket_show_description":"","_tribe_ticket_show_not_going":false,"_tribe_ticket_use_global_stock":"","_tribe_ticket_global_stock_level":"","_global_stock_mode":"","_global_stock_cap":"","_tribe_rsvp_for_event":"","_tribe_ticket_going_count":"","_tribe_ticket_not_going_count":"","_tribe_tickets_list":"[]","_tribe_ticket_has_attendee_info_fields":false,"tdm_status":"","tdm_grid_status":"","footnotes":""},"categories":[1],"tags":[27370,977,4407,12428,37492,38300,18320,38121],"class_list":{"0":"post-315383","1":"post","2":"type-post","3":"status-publish","4":"format-standard","6":"category-noticias","7":"tag-bancos","8":"tag-delitos-informaticos","9":"tag-entidades-bancarias","10":"tag-falsedad-personal","11":"tag-fiscal-luz-adriana-camargo","12":"tag-fiscalia-general-del-nacion","13":"tag-hurtos","14":"tag-suplantacion-de-personas"},"yoast_head":"<!-- This site is optimized with the Yoast SEO plugin v24.3 - https:\/\/yoast.com\/wordpress\/plugins\/seo\/ -->\n<title>Fiscal\u00eda General de la Naci\u00f3n<\/title>\n<meta name=\"description\" content=\"P\u00e1gina oficial de la Fiscal\u00eda General de la Naci\u00f3n \u2013 Colombia. Garantizamos el acceso efectivo a la justicia, la verdad y la reparaci\u00f3n de las v\u00edctimas de los delitos.\" \/>\n<meta name=\"robots\" content=\"noindex, follow\" \/>\n<meta property=\"og:locale\" content=\"es_ES\" \/>\n<meta property=\"og:type\" content=\"article\" \/>\n<meta property=\"og:title\" content=\"Fiscal\u00eda General de la Naci\u00f3n\" \/>\n<meta property=\"og:description\" content=\"P\u00e1gina oficial de la Fiscal\u00eda General de la Naci\u00f3n \u2013 Colombia. Garantizamos el acceso efectivo a la justicia, la verdad y la reparaci\u00f3n de las v\u00edctimas de los delitos.\" \/>\n<meta property=\"og:url\" content=\"https:\/\/www.fiscalia.gov.co\/colombia\/noticias\/judicializados-exempleados-de-entidad-bancaria-que-estarian-implicados-en-suplantacion-de-personas-y-hurtos-por-medios-informaticos\/\" \/>\n<meta property=\"og:site_name\" content=\"Fiscal\u00eda General de la Naci\u00f3n\" \/>\n<meta property=\"article:publisher\" content=\"https:\/\/www.facebook.com\/FiscaliaCol\" \/>\n<meta property=\"article:published_time\" content=\"2025-05-16T13:31:36+00:00\" \/>\n<meta property=\"article:modified_time\" content=\"2025-05-16T22:25:30+00:00\" \/>\n<meta name=\"author\" content=\"Jordan Leandro Oviedo Anzola\" \/>\n<meta name=\"twitter:card\" content=\"summary_large_image\" \/>\n<meta name=\"twitter:creator\" content=\"@FiscaliaCol\" \/>\n<meta name=\"twitter:site\" content=\"@FiscaliaCol\" \/>\n<meta name=\"twitter:label1\" content=\"Escrito por\" \/>\n\t<meta name=\"twitter:data1\" content=\"Jordan Leandro Oviedo Anzola\" \/>\n\t<meta name=\"twitter:label2\" content=\"Tiempo de lectura\" \/>\n\t<meta name=\"twitter:data2\" content=\"2 minutos\" \/>\n<script type=\"application\/ld+json\" class=\"yoast-schema-graph\">{\"@context\":\"https:\/\/schema.org\",\"@graph\":[{\"@type\":\"Article\",\"@id\":\"https:\/\/www.fiscalia.gov.co\/colombia\/noticias\/judicializados-exempleados-de-entidad-bancaria-que-estarian-implicados-en-suplantacion-de-personas-y-hurtos-por-medios-informaticos\/#article\",\"isPartOf\":{\"@id\":\"https:\/\/www.fiscalia.gov.co\/colombia\/noticias\/judicializados-exempleados-de-entidad-bancaria-que-estarian-implicados-en-suplantacion-de-personas-y-hurtos-por-medios-informaticos\/\"},\"author\":{\"name\":\"Jordan Leandro Oviedo Anzola\",\"@id\":\"https:\/\/www.fiscalia.gov.co\/colombia\/#\/schema\/person\/bf84402cf293a5393e9c70b111020b24\"},\"headline\":\"Judicializados exempleados de entidad bancaria que estar\u00edan implicados en suplantaci\u00f3n de personas y hurtos por medios inform\u00e1ticos\",\"datePublished\":\"2025-05-16T13:31:36+00:00\",\"dateModified\":\"2025-05-16T22:25:30+00:00\",\"mainEntityOfPage\":{\"@id\":\"https:\/\/www.fiscalia.gov.co\/colombia\/noticias\/judicializados-exempleados-de-entidad-bancaria-que-estarian-implicados-en-suplantacion-de-personas-y-hurtos-por-medios-informaticos\/\"},\"wordCount\":425,\"publisher\":{\"@id\":\"https:\/\/www.fiscalia.gov.co\/colombia\/#organization\"},\"keywords\":[\"bancos\",\"Delitos inform\u00e1ticos\",\"Entidades bancarias\",\"falsedad personal\",\"Fiscal Luz Adriana Camargo\",\"fiscalia general del nacion\",\"Hurtos\",\"suplantaci\u00f3n de personas\"],\"articleSection\":[\"Noticias\"],\"inLanguage\":\"es-CO\"},{\"@type\":\"WebPage\",\"@id\":\"https:\/\/www.fiscalia.gov.co\/colombia\/noticias\/judicializados-exempleados-de-entidad-bancaria-que-estarian-implicados-en-suplantacion-de-personas-y-hurtos-por-medios-informaticos\/\",\"url\":\"https:\/\/www.fiscalia.gov.co\/colombia\/noticias\/judicializados-exempleados-de-entidad-bancaria-que-estarian-implicados-en-suplantacion-de-personas-y-hurtos-por-medios-informaticos\/\",\"name\":\"Fiscal\u00eda General de la Naci\u00f3n\",\"isPartOf\":{\"@id\":\"https:\/\/www.fiscalia.gov.co\/colombia\/#website\"},\"datePublished\":\"2025-05-16T13:31:36+00:00\",\"dateModified\":\"2025-05-16T22:25:30+00:00\",\"description\":\"P\u00e1gina oficial de la Fiscal\u00eda General de la Naci\u00f3n \u2013 Colombia. Garantizamos el acceso efectivo a la justicia, la verdad y la reparaci\u00f3n de las v\u00edctimas de los delitos.\",\"breadcrumb\":{\"@id\":\"https:\/\/www.fiscalia.gov.co\/colombia\/noticias\/judicializados-exempleados-de-entidad-bancaria-que-estarian-implicados-en-suplantacion-de-personas-y-hurtos-por-medios-informaticos\/#breadcrumb\"},\"inLanguage\":\"es-CO\",\"potentialAction\":[{\"@type\":\"ReadAction\",\"target\":[\"https:\/\/www.fiscalia.gov.co\/colombia\/noticias\/judicializados-exempleados-de-entidad-bancaria-que-estarian-implicados-en-suplantacion-de-personas-y-hurtos-por-medios-informaticos\/\"]}]},{\"@type\":\"BreadcrumbList\",\"@id\":\"https:\/\/www.fiscalia.gov.co\/colombia\/noticias\/judicializados-exempleados-de-entidad-bancaria-que-estarian-implicados-en-suplantacion-de-personas-y-hurtos-por-medios-informaticos\/#breadcrumb\",\"itemListElement\":[{\"@type\":\"ListItem\",\"position\":1,\"name\":\"Home\",\"item\":\"https:\/\/www.fiscalia.gov.co\/colombia\/\"},{\"@type\":\"ListItem\",\"position\":2,\"name\":\"Judicializados exempleados de entidad bancaria que estar\u00edan implicados en suplantaci\u00f3n de personas y hurtos por medios inform\u00e1ticos\"}]},{\"@type\":\"WebSite\",\"@id\":\"https:\/\/www.fiscalia.gov.co\/colombia\/#website\",\"url\":\"https:\/\/www.fiscalia.gov.co\/colombia\/\",\"name\":\"Fiscal\u00eda General de la Naci\u00f3n\",\"description\":\"P\u00e1gina oficial de la Fiscal\u00eda General de la Naci\u00f3n \u2013 Colombia. Garantizamos el acceso efectivo a la justicia, la verdad y la reparaci\u00f3n de las v\u00edctimas de los delitos.\",\"publisher\":{\"@id\":\"https:\/\/www.fiscalia.gov.co\/colombia\/#organization\"},\"potentialAction\":[{\"@type\":\"SearchAction\",\"target\":{\"@type\":\"EntryPoint\",\"urlTemplate\":\"https:\/\/www.fiscalia.gov.co\/colombia\/?s={search_term_string}\"},\"query-input\":{\"@type\":\"PropertyValueSpecification\",\"valueRequired\":true,\"valueName\":\"search_term_string\"}}],\"inLanguage\":\"es-CO\"},{\"@type\":\"Organization\",\"@id\":\"https:\/\/www.fiscalia.gov.co\/colombia\/#organization\",\"name\":\"Fiscal\u00eda General de la Naci\u00f3n\",\"url\":\"https:\/\/www.fiscalia.gov.co\/colombia\/\",\"logo\":{\"@type\":\"ImageObject\",\"inLanguage\":\"es-CO\",\"@id\":\"https:\/\/www.fiscalia.gov.co\/colombia\/#\/schema\/logo\/image\/\",\"url\":\"https:\/\/www.fiscalia.gov.co\/colombia\/wp-content\/uploads\/LogoHorizontal_1.jpg\",\"contentUrl\":\"https:\/\/www.fiscalia.gov.co\/colombia\/wp-content\/uploads\/LogoHorizontal_1.jpg\",\"width\":300,\"height\":90,\"caption\":\"Fiscal\u00eda General de la Naci\u00f3n\"},\"image\":{\"@id\":\"https:\/\/www.fiscalia.gov.co\/colombia\/#\/schema\/logo\/image\/\"},\"sameAs\":[\"https:\/\/www.facebook.com\/FiscaliaCol\",\"https:\/\/x.com\/FiscaliaCol\",\"https:\/\/www.instagram.com\/fiscaliacol\",\"https:\/\/www.linkedin.com\/company\/fiscalia-general-de-la-naci-n\/\",\"https:\/\/youtube.com\/@fiscaliageneraldelanacion-4668?si=6nN79nyQICPU5iTh\"]},{\"@type\":\"Person\",\"@id\":\"https:\/\/www.fiscalia.gov.co\/colombia\/#\/schema\/person\/bf84402cf293a5393e9c70b111020b24\",\"name\":\"Jordan Leandro Oviedo Anzola\",\"image\":{\"@type\":\"ImageObject\",\"inLanguage\":\"es-CO\",\"@id\":\"https:\/\/www.fiscalia.gov.co\/colombia\/#\/schema\/person\/image\/\",\"url\":\"https:\/\/secure.gravatar.com\/avatar\/dabba4346fa9b9207d96adafa8f92721?s=96&d=mm&r=g\",\"contentUrl\":\"https:\/\/secure.gravatar.com\/avatar\/dabba4346fa9b9207d96adafa8f92721?s=96&d=mm&r=g\",\"caption\":\"Jordan Leandro Oviedo Anzola\"},\"url\":\"https:\/\/www.fiscalia.gov.co\/colombia\/author\/joviedo\/\"}]}<\/script>\n<!-- \/ Yoast SEO plugin. -->","yoast_head_json":{"title":"Fiscal\u00eda General de la Naci\u00f3n","description":"P\u00e1gina oficial de la Fiscal\u00eda General de la Naci\u00f3n \u2013 Colombia. Garantizamos el acceso efectivo a la justicia, la verdad y la reparaci\u00f3n de las v\u00edctimas de los delitos.","robots":{"index":"noindex","follow":"follow"},"og_locale":"es_ES","og_type":"article","og_title":"Fiscal\u00eda General de la Naci\u00f3n","og_description":"P\u00e1gina oficial de la Fiscal\u00eda General de la Naci\u00f3n \u2013 Colombia. Garantizamos el acceso efectivo a la justicia, la verdad y la reparaci\u00f3n de las v\u00edctimas de los delitos.","og_url":"https:\/\/www.fiscalia.gov.co\/colombia\/noticias\/judicializados-exempleados-de-entidad-bancaria-que-estarian-implicados-en-suplantacion-de-personas-y-hurtos-por-medios-informaticos\/","og_site_name":"Fiscal\u00eda General de la Naci\u00f3n","article_publisher":"https:\/\/www.facebook.com\/FiscaliaCol","article_published_time":"2025-05-16T13:31:36+00:00","article_modified_time":"2025-05-16T22:25:30+00:00","author":"Jordan Leandro Oviedo Anzola","twitter_card":"summary_large_image","twitter_creator":"@FiscaliaCol","twitter_site":"@FiscaliaCol","twitter_misc":{"Escrito por":"Jordan Leandro Oviedo Anzola","Tiempo de lectura":"2 minutos"},"schema":{"@context":"https:\/\/schema.org","@graph":[{"@type":"Article","@id":"https:\/\/www.fiscalia.gov.co\/colombia\/noticias\/judicializados-exempleados-de-entidad-bancaria-que-estarian-implicados-en-suplantacion-de-personas-y-hurtos-por-medios-informaticos\/#article","isPartOf":{"@id":"https:\/\/www.fiscalia.gov.co\/colombia\/noticias\/judicializados-exempleados-de-entidad-bancaria-que-estarian-implicados-en-suplantacion-de-personas-y-hurtos-por-medios-informaticos\/"},"author":{"name":"Jordan Leandro Oviedo Anzola","@id":"https:\/\/www.fiscalia.gov.co\/colombia\/#\/schema\/person\/bf84402cf293a5393e9c70b111020b24"},"headline":"Judicializados exempleados de entidad bancaria que estar\u00edan implicados en suplantaci\u00f3n de personas y hurtos por medios inform\u00e1ticos","datePublished":"2025-05-16T13:31:36+00:00","dateModified":"2025-05-16T22:25:30+00:00","mainEntityOfPage":{"@id":"https:\/\/www.fiscalia.gov.co\/colombia\/noticias\/judicializados-exempleados-de-entidad-bancaria-que-estarian-implicados-en-suplantacion-de-personas-y-hurtos-por-medios-informaticos\/"},"wordCount":425,"publisher":{"@id":"https:\/\/www.fiscalia.gov.co\/colombia\/#organization"},"keywords":["bancos","Delitos inform\u00e1ticos","Entidades bancarias","falsedad personal","Fiscal Luz Adriana Camargo","fiscalia general del nacion","Hurtos","suplantaci\u00f3n de personas"],"articleSection":["Noticias"],"inLanguage":"es-CO"},{"@type":"WebPage","@id":"https:\/\/www.fiscalia.gov.co\/colombia\/noticias\/judicializados-exempleados-de-entidad-bancaria-que-estarian-implicados-en-suplantacion-de-personas-y-hurtos-por-medios-informaticos\/","url":"https:\/\/www.fiscalia.gov.co\/colombia\/noticias\/judicializados-exempleados-de-entidad-bancaria-que-estarian-implicados-en-suplantacion-de-personas-y-hurtos-por-medios-informaticos\/","name":"Fiscal\u00eda General de la Naci\u00f3n","isPartOf":{"@id":"https:\/\/www.fiscalia.gov.co\/colombia\/#website"},"datePublished":"2025-05-16T13:31:36+00:00","dateModified":"2025-05-16T22:25:30+00:00","description":"P\u00e1gina oficial de la Fiscal\u00eda General de la Naci\u00f3n \u2013 Colombia. Garantizamos el acceso efectivo a la justicia, la verdad y la reparaci\u00f3n de las v\u00edctimas de los delitos.","breadcrumb":{"@id":"https:\/\/www.fiscalia.gov.co\/colombia\/noticias\/judicializados-exempleados-de-entidad-bancaria-que-estarian-implicados-en-suplantacion-de-personas-y-hurtos-por-medios-informaticos\/#breadcrumb"},"inLanguage":"es-CO","potentialAction":[{"@type":"ReadAction","target":["https:\/\/www.fiscalia.gov.co\/colombia\/noticias\/judicializados-exempleados-de-entidad-bancaria-que-estarian-implicados-en-suplantacion-de-personas-y-hurtos-por-medios-informaticos\/"]}]},{"@type":"BreadcrumbList","@id":"https:\/\/www.fiscalia.gov.co\/colombia\/noticias\/judicializados-exempleados-de-entidad-bancaria-que-estarian-implicados-en-suplantacion-de-personas-y-hurtos-por-medios-informaticos\/#breadcrumb","itemListElement":[{"@type":"ListItem","position":1,"name":"Home","item":"https:\/\/www.fiscalia.gov.co\/colombia\/"},{"@type":"ListItem","position":2,"name":"Judicializados exempleados de entidad bancaria que estar\u00edan implicados en suplantaci\u00f3n de personas y hurtos por medios inform\u00e1ticos"}]},{"@type":"WebSite","@id":"https:\/\/www.fiscalia.gov.co\/colombia\/#website","url":"https:\/\/www.fiscalia.gov.co\/colombia\/","name":"Fiscal\u00eda General de la Naci\u00f3n","description":"P\u00e1gina oficial de la Fiscal\u00eda General de la Naci\u00f3n \u2013 Colombia. Garantizamos el acceso efectivo a la justicia, la verdad y la reparaci\u00f3n de las v\u00edctimas de los delitos.","publisher":{"@id":"https:\/\/www.fiscalia.gov.co\/colombia\/#organization"},"potentialAction":[{"@type":"SearchAction","target":{"@type":"EntryPoint","urlTemplate":"https:\/\/www.fiscalia.gov.co\/colombia\/?s={search_term_string}"},"query-input":{"@type":"PropertyValueSpecification","valueRequired":true,"valueName":"search_term_string"}}],"inLanguage":"es-CO"},{"@type":"Organization","@id":"https:\/\/www.fiscalia.gov.co\/colombia\/#organization","name":"Fiscal\u00eda General de la Naci\u00f3n","url":"https:\/\/www.fiscalia.gov.co\/colombia\/","logo":{"@type":"ImageObject","inLanguage":"es-CO","@id":"https:\/\/www.fiscalia.gov.co\/colombia\/#\/schema\/logo\/image\/","url":"https:\/\/www.fiscalia.gov.co\/colombia\/wp-content\/uploads\/LogoHorizontal_1.jpg","contentUrl":"https:\/\/www.fiscalia.gov.co\/colombia\/wp-content\/uploads\/LogoHorizontal_1.jpg","width":300,"height":90,"caption":"Fiscal\u00eda General de la Naci\u00f3n"},"image":{"@id":"https:\/\/www.fiscalia.gov.co\/colombia\/#\/schema\/logo\/image\/"},"sameAs":["https:\/\/www.facebook.com\/FiscaliaCol","https:\/\/x.com\/FiscaliaCol","https:\/\/www.instagram.com\/fiscaliacol","https:\/\/www.linkedin.com\/company\/fiscalia-general-de-la-naci-n\/","https:\/\/youtube.com\/@fiscaliageneraldelanacion-4668?si=6nN79nyQICPU5iTh"]},{"@type":"Person","@id":"https:\/\/www.fiscalia.gov.co\/colombia\/#\/schema\/person\/bf84402cf293a5393e9c70b111020b24","name":"Jordan Leandro Oviedo Anzola","image":{"@type":"ImageObject","inLanguage":"es-CO","@id":"https:\/\/www.fiscalia.gov.co\/colombia\/#\/schema\/person\/image\/","url":"https:\/\/secure.gravatar.com\/avatar\/dabba4346fa9b9207d96adafa8f92721?s=96&d=mm&r=g","contentUrl":"https:\/\/secure.gravatar.com\/avatar\/dabba4346fa9b9207d96adafa8f92721?s=96&d=mm&r=g","caption":"Jordan Leandro Oviedo Anzola"},"url":"https:\/\/www.fiscalia.gov.co\/colombia\/author\/joviedo\/"}]}},"_links":{"self":[{"href":"https:\/\/www.fiscalia.gov.co\/colombia\/wp-json\/wp\/v2\/posts\/315383","targetHints":{"allow":["GET"]}}],"collection":[{"href":"https:\/\/www.fiscalia.gov.co\/colombia\/wp-json\/wp\/v2\/posts"}],"about":[{"href":"https:\/\/www.fiscalia.gov.co\/colombia\/wp-json\/wp\/v2\/types\/post"}],"author":[{"embeddable":true,"href":"https:\/\/www.fiscalia.gov.co\/colombia\/wp-json\/wp\/v2\/users\/177"}],"replies":[{"embeddable":true,"href":"https:\/\/www.fiscalia.gov.co\/colombia\/wp-json\/wp\/v2\/comments?post=315383"}],"version-history":[{"count":2,"href":"https:\/\/www.fiscalia.gov.co\/colombia\/wp-json\/wp\/v2\/posts\/315383\/revisions"}],"predecessor-version":[{"id":315449,"href":"https:\/\/www.fiscalia.gov.co\/colombia\/wp-json\/wp\/v2\/posts\/315383\/revisions\/315449"}],"wp:attachment":[{"href":"https:\/\/www.fiscalia.gov.co\/colombia\/wp-json\/wp\/v2\/media?parent=315383"}],"wp:term":[{"taxonomy":"category","embeddable":true,"href":"https:\/\/www.fiscalia.gov.co\/colombia\/wp-json\/wp\/v2\/categories?post=315383"},{"taxonomy":"post_tag","embeddable":true,"href":"https:\/\/www.fiscalia.gov.co\/colombia\/wp-json\/wp\/v2\/tags?post=315383"}],"curies":[{"name":"wp","href":"https:\/\/api.w.org\/{rel}","templated":true}]}}