{"id":315353,"date":"2025-05-15T15:45:14","date_gmt":"2025-05-15T20:45:14","guid":{"rendered":"https:\/\/www.fiscalia.gov.co\/colombia\/?p=315353"},"modified":"2025-05-15T15:45:14","modified_gmt":"2025-05-15T20:45:14","slug":"por-agresiones-contra-mujeres-en-arauca-fueron-judicializados-dos-hombres","status":"publish","type":"post","link":"https:\/\/www.fiscalia.gov.co\/colombia\/noticias\/por-agresiones-contra-mujeres-en-arauca-fueron-judicializados-dos-hombres\/","title":{"rendered":"Por agresiones contra mujeres en Arauca fueron judicializados dos hombres"},"content":{"rendered":"<p dir=\"ltr\">Por solicitud de la Fiscal\u00eda General de la Naci\u00f3n, jueces de control de garant\u00edas impusieron medidas de aseguramiento en establecimiento\u00a0carcelario contra dos hombres que estar\u00edan involucrados en<a href=\"https:\/\/www.fiscalia.gov.co\/colombia\/noticias\/en-arauca-fueron-judicializados-presuntos-responsables-de-agresiones-a-mujeres\/\" target=\"_blank\" rel=\"noopener\" data-saferedirecturl=\"https:\/\/www.google.com\/url?q=https:\/\/www.fiscalia.gov.co\/colombia\/noticias\/en-arauca-fueron-judicializados-presuntos-responsables-de-agresiones-a-mujeres\/&amp;source=gmail&amp;ust=1747427076783000&amp;usg=AOvVaw3m7FpuOGYDoYv9bccnk2v8\">\u00a0agresiones<\/a>\u00a0a mujeres, en hechos diferentes, registrados en Arauca.<\/p>\n<p dir=\"ltr\">Inicialmente, un fiscal seccional obtuvo medida de aseguramiento contra un hombre se\u00f1alado de abusar sexualmente de una menor de edad de 10 a\u00f1os, en hechos ocurridos en Tame (Arauca).<\/p>\n<p dir=\"ltr\">El hombre fue capturado en flagrancia el pasado 11 de mayo en el barrio Guacamayas, luego de haber violentado la habitaci\u00f3n donde se encontraba la v\u00edctima, a quien le habr\u00eda realizado tocamientos de tipo sexual. La\u00a0 Fiscal\u00eda le imput\u00f3 cargos\u00a0 por el\u00a0<a href=\"https:\/\/www.fiscalia.gov.co\/colombia\/noticias\/a-la-carcel-dos-hombres-que-estarian-implicados-en-delitos-sexuales-contra-menores-en-fortul-arauca\/\" target=\"_blank\" rel=\"noopener\" data-saferedirecturl=\"https:\/\/www.google.com\/url?q=https:\/\/www.fiscalia.gov.co\/colombia\/noticias\/a-la-carcel-dos-hombres-que-estarian-implicados-en-delitos-sexuales-contra-menores-en-fortul-arauca\/&amp;source=gmail&amp;ust=1747427076783000&amp;usg=AOvVaw1kyJ8_V9Wv6mVdLVa7JBZh\">delito<\/a>\u00a0de actos sexuales con menor de 14 a\u00f1os.<\/p>\n<figure id=\"attachment_315354\" aria-describedby=\"caption-attachment-315354\" style=\"width: 300px\" class=\"wp-caption alignnone\"><img loading=\"lazy\" decoding=\"async\" class=\"size-medium wp-image-315354\" src=\"https:\/\/www.fiscalia.gov.co\/colombia\/wp-content\/uploads\/Jorge-Dennis-Carmona-Carvajal-judicializado-por-actos-sexuales-abusivos-con-menor-de-14-anos-300x205.jpg\" alt=\"Se visualiza al capturado junto a dos uniformados de la Polic\u00eda Nacional.\" width=\"300\" height=\"205\" srcset=\"https:\/\/www.fiscalia.gov.co\/colombia\/wp-content\/uploads\/Jorge-Dennis-Carmona-Carvajal-judicializado-por-actos-sexuales-abusivos-con-menor-de-14-anos-300x205.jpg 300w, https:\/\/www.fiscalia.gov.co\/colombia\/wp-content\/uploads\/Jorge-Dennis-Carmona-Carvajal-judicializado-por-actos-sexuales-abusivos-con-menor-de-14-anos-1024x700.jpg 1024w, https:\/\/www.fiscalia.gov.co\/colombia\/wp-content\/uploads\/Jorge-Dennis-Carmona-Carvajal-judicializado-por-actos-sexuales-abusivos-con-menor-de-14-anos-768x525.jpg 768w, https:\/\/www.fiscalia.gov.co\/colombia\/wp-content\/uploads\/Jorge-Dennis-Carmona-Carvajal-judicializado-por-actos-sexuales-abusivos-con-menor-de-14-anos-1536x1049.jpg 1536w, https:\/\/www.fiscalia.gov.co\/colombia\/wp-content\/uploads\/Jorge-Dennis-Carmona-Carvajal-judicializado-por-actos-sexuales-abusivos-con-menor-de-14-anos-615x420.jpg 615w, https:\/\/www.fiscalia.gov.co\/colombia\/wp-content\/uploads\/Jorge-Dennis-Carmona-Carvajal-judicializado-por-actos-sexuales-abusivos-con-menor-de-14-anos-218x150.jpg 218w, https:\/\/www.fiscalia.gov.co\/colombia\/wp-content\/uploads\/Jorge-Dennis-Carmona-Carvajal-judicializado-por-actos-sexuales-abusivos-con-menor-de-14-anos-696x475.jpg 696w, https:\/\/www.fiscalia.gov.co\/colombia\/wp-content\/uploads\/Jorge-Dennis-Carmona-Carvajal-judicializado-por-actos-sexuales-abusivos-con-menor-de-14-anos-1068x730.jpg 1068w, https:\/\/www.fiscalia.gov.co\/colombia\/wp-content\/uploads\/Jorge-Dennis-Carmona-Carvajal-judicializado-por-actos-sexuales-abusivos-con-menor-de-14-anos.jpg 1600w\" sizes=\"auto, (max-width: 300px) 100vw, 300px\" \/><figcaption id=\"caption-attachment-315354\" class=\"wp-caption-text\">El hombre fue judicializado por actos sexuales con menor de 14 a\u00f1os y enviado a la c\u00e1rcel<\/figcaption><\/figure>\n<p dir=\"ltr\">De otra parte, fue judicializado un hombre por los maltratos f\u00edsicos y verbales del que fue v\u00edctima su compa\u00f1era sentimental el pasado 6 de mayo, en el barrio Las Am\u00e9ricas de Arauca (Arauca).<\/p>\n<figure id=\"attachment_315355\" aria-describedby=\"caption-attachment-315355\" style=\"width: 300px\" class=\"wp-caption alignnone\"><img loading=\"lazy\" decoding=\"async\" class=\"size-medium wp-image-315355\" src=\"https:\/\/www.fiscalia.gov.co\/colombia\/wp-content\/uploads\/Rafael-Mauricio-Serquera-Gomez-judicializado-por-violencia-intrafamiliar--300x169.jpg\" alt=\"Se observa al capturado junto a dos uniformados de la Polic\u00eda Nacional. Detr\u00e1s de ellos el banner que identifica a la Polic\u00eda Nacional.\" width=\"300\" height=\"169\" srcset=\"https:\/\/www.fiscalia.gov.co\/colombia\/wp-content\/uploads\/Rafael-Mauricio-Serquera-Gomez-judicializado-por-violencia-intrafamiliar--300x169.jpg 300w, https:\/\/www.fiscalia.gov.co\/colombia\/wp-content\/uploads\/Rafael-Mauricio-Serquera-Gomez-judicializado-por-violencia-intrafamiliar--1024x576.jpg 1024w, https:\/\/www.fiscalia.gov.co\/colombia\/wp-content\/uploads\/Rafael-Mauricio-Serquera-Gomez-judicializado-por-violencia-intrafamiliar--768x432.jpg 768w, https:\/\/www.fiscalia.gov.co\/colombia\/wp-content\/uploads\/Rafael-Mauricio-Serquera-Gomez-judicializado-por-violencia-intrafamiliar--1536x864.jpg 1536w, https:\/\/www.fiscalia.gov.co\/colombia\/wp-content\/uploads\/Rafael-Mauricio-Serquera-Gomez-judicializado-por-violencia-intrafamiliar--2048x1152.jpg 2048w, https:\/\/www.fiscalia.gov.co\/colombia\/wp-content\/uploads\/Rafael-Mauricio-Serquera-Gomez-judicializado-por-violencia-intrafamiliar--747x420.jpg 747w, https:\/\/www.fiscalia.gov.co\/colombia\/wp-content\/uploads\/Rafael-Mauricio-Serquera-Gomez-judicializado-por-violencia-intrafamiliar--696x392.jpg 696w, https:\/\/www.fiscalia.gov.co\/colombia\/wp-content\/uploads\/Rafael-Mauricio-Serquera-Gomez-judicializado-por-violencia-intrafamiliar--1068x601.jpg 1068w, https:\/\/www.fiscalia.gov.co\/colombia\/wp-content\/uploads\/Rafael-Mauricio-Serquera-Gomez-judicializado-por-violencia-intrafamiliar--1920x1080.jpg 1920w\" sizes=\"auto, (max-width: 300px) 100vw, 300px\" \/><figcaption id=\"caption-attachment-315355\" class=\"wp-caption-text\">El procesado fue capturado en flagrancia por los maltratos f\u00edsicos y verbales de contra su compa\u00f1era sentimental<\/figcaption><\/figure>\n<p dir=\"ltr\">La Fiscal\u00eda corri\u00f3 traslado del escrito de acusaci\u00f3n en contra del procesado por el delito de violencia intrafamiliar. El hombre no acept\u00f3 su responsabilidad y fue enviado a la c\u00e1rcel.<\/p>\n<p>&nbsp;<\/p>\n<p dir=\"ltr\">MPHA\/AMCJ\/JASN\/DSA<\/p>\n<p>&nbsp;<\/p>\n<p dir=\"ltr\"><em>La informaci\u00f3n contenida en este bolet\u00edn de prensa corresponde a la narraci\u00f3n de los hechos noticiosos objetivos, suministrados por los funcionarios encargados de adelantar las investigaciones penales al interior de la Fiscal\u00eda General de la Naci\u00f3n. Para el momento de la divulgaci\u00f3n de este comunicado, la situaci\u00f3n jur\u00eddica de la(s) persona(s) relacionada(s) se encuentra pendiente de resolver por la autoridad judicial competente, siempre bajo los preceptos de la presunci\u00f3n de inocencia, consagrados en el art\u00edculo 29 de la Constituci\u00f3n Pol\u00edtica y el art\u00edculo 7\u00ba de la Ley 906 de 2004.\u00a0<\/em><\/p>\n<p dir=\"ltr\">\n\n<div class=\"twitter-share\"><a href=\"https:\/\/twitter.com\/intent\/tweet?via=fiscaliacol\" class=\"twitter-share-button\">Tweet<\/a><\/div>\n","protected":false},"excerpt":{"rendered":"<p>Por solicitud de la Fiscal\u00eda General de la Naci\u00f3n, jueces de control de garant\u00edas impusieron medidas de aseguramiento en establecimiento\u00a0carcelario contra dos hombres que estar\u00edan involucrados en\u00a0agresiones\u00a0a mujeres, en hechos diferentes, registrados en Arauca. Inicialmente, un fiscal seccional obtuvo medida de aseguramiento contra un hombre se\u00f1alado de abusar sexualmente de una menor de edad de [&hellip;]<\/p>\n","protected":false},"author":181,"featured_media":0,"comment_status":"closed","ping_status":"open","sticky":false,"template":"","format":"standard","meta":{"_price":"","_stock":"","_tribe_ticket_header":"","_tribe_default_ticket_provider":"","_tribe_ticket_capacity":"0","_ticket_start_date":"","_ticket_end_date":"","_tribe_ticket_show_description":"","_tribe_ticket_show_not_going":false,"_tribe_ticket_use_global_stock":"","_tribe_ticket_global_stock_level":"","_global_stock_mode":"","_global_stock_cap":"","_tribe_rsvp_for_event":"","_tribe_ticket_going_count":"","_tribe_ticket_not_going_count":"","_tribe_tickets_list":"[]","_tribe_ticket_has_attendee_info_fields":false,"tdm_status":"","tdm_grid_status":"","footnotes":""},"categories":[1,24099],"tags":[14550,4614,7169,13858,23970,1176],"class_list":{"0":"post-315353","1":"post","2":"type-post","3":"status-publish","4":"format-standard","6":"category-noticias","7":"category-seguridad-territorial","8":"tag-carcel","9":"tag-fiscalia-2","10":"tag-flagrancia","11":"tag-imputacion","12":"tag-victimas","13":"tag-violencia-de-genero"},"yoast_head":"<!-- This site is optimized with the Yoast SEO plugin v24.3 - https:\/\/yoast.com\/wordpress\/plugins\/seo\/ -->\n<title>Fiscal\u00eda General de la Naci\u00f3n<\/title>\n<meta name=\"description\" content=\"P\u00e1gina oficial de la Fiscal\u00eda General de la Naci\u00f3n \u2013 Colombia. Garantizamos el acceso efectivo a la justicia, la verdad y la reparaci\u00f3n de las v\u00edctimas de los delitos.\" \/>\n<meta name=\"robots\" content=\"noindex, follow\" \/>\n<meta property=\"og:locale\" content=\"es_ES\" \/>\n<meta property=\"og:type\" content=\"article\" \/>\n<meta property=\"og:title\" content=\"Fiscal\u00eda General de la Naci\u00f3n\" \/>\n<meta property=\"og:description\" content=\"P\u00e1gina oficial de la Fiscal\u00eda General de la Naci\u00f3n \u2013 Colombia. Garantizamos el acceso efectivo a la justicia, la verdad y la reparaci\u00f3n de las v\u00edctimas de los delitos.\" \/>\n<meta property=\"og:url\" content=\"https:\/\/www.fiscalia.gov.co\/colombia\/noticias\/por-agresiones-contra-mujeres-en-arauca-fueron-judicializados-dos-hombres\/\" \/>\n<meta property=\"og:site_name\" content=\"Fiscal\u00eda General de la Naci\u00f3n\" \/>\n<meta property=\"article:publisher\" content=\"https:\/\/www.facebook.com\/FiscaliaCol\" \/>\n<meta property=\"article:published_time\" content=\"2025-05-15T20:45:14+00:00\" \/>\n<meta property=\"og:image\" content=\"https:\/\/www.fiscalia.gov.co\/colombia\/wp-content\/uploads\/Jorge-Dennis-Carmona-Carvajal-judicializado-por-actos-sexuales-abusivos-con-menor-de-14-anos.jpg\" \/>\n\t<meta property=\"og:image:width\" content=\"1600\" \/>\n\t<meta property=\"og:image:height\" content=\"1093\" \/>\n\t<meta property=\"og:image:type\" content=\"image\/jpeg\" \/>\n<meta name=\"author\" content=\"Johanna Islenny Prieto Pe\u00f1a\" \/>\n<meta name=\"twitter:card\" content=\"summary_large_image\" \/>\n<meta name=\"twitter:creator\" content=\"@FiscaliaCol\" \/>\n<meta name=\"twitter:site\" content=\"@FiscaliaCol\" \/>\n<meta name=\"twitter:label1\" content=\"Escrito por\" \/>\n\t<meta name=\"twitter:data1\" content=\"Johanna Islenny Prieto Pe\u00f1a\" \/>\n\t<meta name=\"twitter:label2\" content=\"Tiempo de lectura\" \/>\n\t<meta name=\"twitter:data2\" content=\"2 minutos\" \/>\n<script type=\"application\/ld+json\" class=\"yoast-schema-graph\">{\"@context\":\"https:\/\/schema.org\",\"@graph\":[{\"@type\":\"Article\",\"@id\":\"https:\/\/www.fiscalia.gov.co\/colombia\/noticias\/por-agresiones-contra-mujeres-en-arauca-fueron-judicializados-dos-hombres\/#article\",\"isPartOf\":{\"@id\":\"https:\/\/www.fiscalia.gov.co\/colombia\/noticias\/por-agresiones-contra-mujeres-en-arauca-fueron-judicializados-dos-hombres\/\"},\"author\":{\"name\":\"Johanna Islenny Prieto Pe\u00f1a\",\"@id\":\"https:\/\/www.fiscalia.gov.co\/colombia\/#\/schema\/person\/ba9eca435947489fb25117a0cd75bf3e\"},\"headline\":\"Por agresiones contra mujeres en Arauca fueron judicializados dos hombres\",\"datePublished\":\"2025-05-15T20:45:14+00:00\",\"dateModified\":\"2025-05-15T20:45:14+00:00\",\"mainEntityOfPage\":{\"@id\":\"https:\/\/www.fiscalia.gov.co\/colombia\/noticias\/por-agresiones-contra-mujeres-en-arauca-fueron-judicializados-dos-hombres\/\"},\"wordCount\":363,\"publisher\":{\"@id\":\"https:\/\/www.fiscalia.gov.co\/colombia\/#organization\"},\"image\":{\"@id\":\"https:\/\/www.fiscalia.gov.co\/colombia\/noticias\/por-agresiones-contra-mujeres-en-arauca-fueron-judicializados-dos-hombres\/#primaryimage\"},\"thumbnailUrl\":\"https:\/\/www.fiscalia.gov.co\/colombia\/wp-content\/uploads\/Jorge-Dennis-Carmona-Carvajal-judicializado-por-actos-sexuales-abusivos-con-menor-de-14-anos-300x205.jpg\",\"keywords\":[\"C\u00e1rcel\",\"Fiscal\u00eda\",\"Flagrancia\",\"Imputaci\u00f3n\",\"V\u00edctimas\",\"Violencia de g\u00e9nero\"],\"articleSection\":[\"Noticias\",\"Seguridad territorial\"],\"inLanguage\":\"es-CO\"},{\"@type\":\"WebPage\",\"@id\":\"https:\/\/www.fiscalia.gov.co\/colombia\/noticias\/por-agresiones-contra-mujeres-en-arauca-fueron-judicializados-dos-hombres\/\",\"url\":\"https:\/\/www.fiscalia.gov.co\/colombia\/noticias\/por-agresiones-contra-mujeres-en-arauca-fueron-judicializados-dos-hombres\/\",\"name\":\"Fiscal\u00eda General de la Naci\u00f3n\",\"isPartOf\":{\"@id\":\"https:\/\/www.fiscalia.gov.co\/colombia\/#website\"},\"primaryImageOfPage\":{\"@id\":\"https:\/\/www.fiscalia.gov.co\/colombia\/noticias\/por-agresiones-contra-mujeres-en-arauca-fueron-judicializados-dos-hombres\/#primaryimage\"},\"image\":{\"@id\":\"https:\/\/www.fiscalia.gov.co\/colombia\/noticias\/por-agresiones-contra-mujeres-en-arauca-fueron-judicializados-dos-hombres\/#primaryimage\"},\"thumbnailUrl\":\"https:\/\/www.fiscalia.gov.co\/colombia\/wp-content\/uploads\/Jorge-Dennis-Carmona-Carvajal-judicializado-por-actos-sexuales-abusivos-con-menor-de-14-anos-300x205.jpg\",\"datePublished\":\"2025-05-15T20:45:14+00:00\",\"dateModified\":\"2025-05-15T20:45:14+00:00\",\"description\":\"P\u00e1gina oficial de la Fiscal\u00eda General de la Naci\u00f3n \u2013 Colombia. Garantizamos el acceso efectivo a la justicia, la verdad y la reparaci\u00f3n de las v\u00edctimas de los delitos.\",\"breadcrumb\":{\"@id\":\"https:\/\/www.fiscalia.gov.co\/colombia\/noticias\/por-agresiones-contra-mujeres-en-arauca-fueron-judicializados-dos-hombres\/#breadcrumb\"},\"inLanguage\":\"es-CO\",\"potentialAction\":[{\"@type\":\"ReadAction\",\"target\":[\"https:\/\/www.fiscalia.gov.co\/colombia\/noticias\/por-agresiones-contra-mujeres-en-arauca-fueron-judicializados-dos-hombres\/\"]}]},{\"@type\":\"ImageObject\",\"inLanguage\":\"es-CO\",\"@id\":\"https:\/\/www.fiscalia.gov.co\/colombia\/noticias\/por-agresiones-contra-mujeres-en-arauca-fueron-judicializados-dos-hombres\/#primaryimage\",\"url\":\"https:\/\/www.fiscalia.gov.co\/colombia\/wp-content\/uploads\/Jorge-Dennis-Carmona-Carvajal-judicializado-por-actos-sexuales-abusivos-con-menor-de-14-anos.jpg\",\"contentUrl\":\"https:\/\/www.fiscalia.gov.co\/colombia\/wp-content\/uploads\/Jorge-Dennis-Carmona-Carvajal-judicializado-por-actos-sexuales-abusivos-con-menor-de-14-anos.jpg\",\"width\":1600,\"height\":1093,\"caption\":\"El hombre fue judicializado por actos sexuales con menor de 14 a\u00f1os y enviado a la c\u00e1rcel\"},{\"@type\":\"BreadcrumbList\",\"@id\":\"https:\/\/www.fiscalia.gov.co\/colombia\/noticias\/por-agresiones-contra-mujeres-en-arauca-fueron-judicializados-dos-hombres\/#breadcrumb\",\"itemListElement\":[{\"@type\":\"ListItem\",\"position\":1,\"name\":\"Home\",\"item\":\"https:\/\/www.fiscalia.gov.co\/colombia\/\"},{\"@type\":\"ListItem\",\"position\":2,\"name\":\"Por agresiones contra mujeres en Arauca fueron judicializados dos hombres\"}]},{\"@type\":\"WebSite\",\"@id\":\"https:\/\/www.fiscalia.gov.co\/colombia\/#website\",\"url\":\"https:\/\/www.fiscalia.gov.co\/colombia\/\",\"name\":\"Fiscal\u00eda General de la Naci\u00f3n\",\"description\":\"P\u00e1gina oficial de la Fiscal\u00eda General de la Naci\u00f3n \u2013 Colombia. Garantizamos el acceso efectivo a la justicia, la verdad y la reparaci\u00f3n de las v\u00edctimas de los delitos.\",\"publisher\":{\"@id\":\"https:\/\/www.fiscalia.gov.co\/colombia\/#organization\"},\"potentialAction\":[{\"@type\":\"SearchAction\",\"target\":{\"@type\":\"EntryPoint\",\"urlTemplate\":\"https:\/\/www.fiscalia.gov.co\/colombia\/?s={search_term_string}\"},\"query-input\":{\"@type\":\"PropertyValueSpecification\",\"valueRequired\":true,\"valueName\":\"search_term_string\"}}],\"inLanguage\":\"es-CO\"},{\"@type\":\"Organization\",\"@id\":\"https:\/\/www.fiscalia.gov.co\/colombia\/#organization\",\"name\":\"Fiscal\u00eda General de la Naci\u00f3n\",\"url\":\"https:\/\/www.fiscalia.gov.co\/colombia\/\",\"logo\":{\"@type\":\"ImageObject\",\"inLanguage\":\"es-CO\",\"@id\":\"https:\/\/www.fiscalia.gov.co\/colombia\/#\/schema\/logo\/image\/\",\"url\":\"https:\/\/www.fiscalia.gov.co\/colombia\/wp-content\/uploads\/LogoHorizontal_1.jpg\",\"contentUrl\":\"https:\/\/www.fiscalia.gov.co\/colombia\/wp-content\/uploads\/LogoHorizontal_1.jpg\",\"width\":300,\"height\":90,\"caption\":\"Fiscal\u00eda General de la Naci\u00f3n\"},\"image\":{\"@id\":\"https:\/\/www.fiscalia.gov.co\/colombia\/#\/schema\/logo\/image\/\"},\"sameAs\":[\"https:\/\/www.facebook.com\/FiscaliaCol\",\"https:\/\/x.com\/FiscaliaCol\",\"https:\/\/www.instagram.com\/fiscaliacol\",\"https:\/\/www.linkedin.com\/company\/fiscalia-general-de-la-naci-n\/\",\"https:\/\/youtube.com\/@fiscaliageneraldelanacion-4668?si=6nN79nyQICPU5iTh\"]},{\"@type\":\"Person\",\"@id\":\"https:\/\/www.fiscalia.gov.co\/colombia\/#\/schema\/person\/ba9eca435947489fb25117a0cd75bf3e\",\"name\":\"Johanna Islenny Prieto Pe\u00f1a\",\"image\":{\"@type\":\"ImageObject\",\"inLanguage\":\"es-CO\",\"@id\":\"https:\/\/www.fiscalia.gov.co\/colombia\/#\/schema\/person\/image\/\",\"url\":\"https:\/\/secure.gravatar.com\/avatar\/111433fc2acb037ffb768f6a3ca47864?s=96&d=mm&r=g\",\"contentUrl\":\"https:\/\/secure.gravatar.com\/avatar\/111433fc2acb037ffb768f6a3ca47864?s=96&d=mm&r=g\",\"caption\":\"Johanna Islenny Prieto Pe\u00f1a\"},\"url\":\"https:\/\/www.fiscalia.gov.co\/colombia\/author\/jprietop\/\"}]}<\/script>\n<!-- \/ Yoast SEO plugin. -->","yoast_head_json":{"title":"Fiscal\u00eda General de la Naci\u00f3n","description":"P\u00e1gina oficial de la Fiscal\u00eda General de la Naci\u00f3n \u2013 Colombia. Garantizamos el acceso efectivo a la justicia, la verdad y la reparaci\u00f3n de las v\u00edctimas de los delitos.","robots":{"index":"noindex","follow":"follow"},"og_locale":"es_ES","og_type":"article","og_title":"Fiscal\u00eda General de la Naci\u00f3n","og_description":"P\u00e1gina oficial de la Fiscal\u00eda General de la Naci\u00f3n \u2013 Colombia. Garantizamos el acceso efectivo a la justicia, la verdad y la reparaci\u00f3n de las v\u00edctimas de los delitos.","og_url":"https:\/\/www.fiscalia.gov.co\/colombia\/noticias\/por-agresiones-contra-mujeres-en-arauca-fueron-judicializados-dos-hombres\/","og_site_name":"Fiscal\u00eda General de la Naci\u00f3n","article_publisher":"https:\/\/www.facebook.com\/FiscaliaCol","article_published_time":"2025-05-15T20:45:14+00:00","og_image":[{"width":1600,"height":1093,"url":"https:\/\/www.fiscalia.gov.co\/colombia\/wp-content\/uploads\/Jorge-Dennis-Carmona-Carvajal-judicializado-por-actos-sexuales-abusivos-con-menor-de-14-anos.jpg","type":"image\/jpeg"}],"author":"Johanna Islenny Prieto Pe\u00f1a","twitter_card":"summary_large_image","twitter_creator":"@FiscaliaCol","twitter_site":"@FiscaliaCol","twitter_misc":{"Escrito por":"Johanna Islenny Prieto Pe\u00f1a","Tiempo de lectura":"2 minutos"},"schema":{"@context":"https:\/\/schema.org","@graph":[{"@type":"Article","@id":"https:\/\/www.fiscalia.gov.co\/colombia\/noticias\/por-agresiones-contra-mujeres-en-arauca-fueron-judicializados-dos-hombres\/#article","isPartOf":{"@id":"https:\/\/www.fiscalia.gov.co\/colombia\/noticias\/por-agresiones-contra-mujeres-en-arauca-fueron-judicializados-dos-hombres\/"},"author":{"name":"Johanna Islenny Prieto Pe\u00f1a","@id":"https:\/\/www.fiscalia.gov.co\/colombia\/#\/schema\/person\/ba9eca435947489fb25117a0cd75bf3e"},"headline":"Por agresiones contra mujeres en Arauca fueron judicializados dos hombres","datePublished":"2025-05-15T20:45:14+00:00","dateModified":"2025-05-15T20:45:14+00:00","mainEntityOfPage":{"@id":"https:\/\/www.fiscalia.gov.co\/colombia\/noticias\/por-agresiones-contra-mujeres-en-arauca-fueron-judicializados-dos-hombres\/"},"wordCount":363,"publisher":{"@id":"https:\/\/www.fiscalia.gov.co\/colombia\/#organization"},"image":{"@id":"https:\/\/www.fiscalia.gov.co\/colombia\/noticias\/por-agresiones-contra-mujeres-en-arauca-fueron-judicializados-dos-hombres\/#primaryimage"},"thumbnailUrl":"https:\/\/www.fiscalia.gov.co\/colombia\/wp-content\/uploads\/Jorge-Dennis-Carmona-Carvajal-judicializado-por-actos-sexuales-abusivos-con-menor-de-14-anos-300x205.jpg","keywords":["C\u00e1rcel","Fiscal\u00eda","Flagrancia","Imputaci\u00f3n","V\u00edctimas","Violencia de g\u00e9nero"],"articleSection":["Noticias","Seguridad territorial"],"inLanguage":"es-CO"},{"@type":"WebPage","@id":"https:\/\/www.fiscalia.gov.co\/colombia\/noticias\/por-agresiones-contra-mujeres-en-arauca-fueron-judicializados-dos-hombres\/","url":"https:\/\/www.fiscalia.gov.co\/colombia\/noticias\/por-agresiones-contra-mujeres-en-arauca-fueron-judicializados-dos-hombres\/","name":"Fiscal\u00eda General de la Naci\u00f3n","isPartOf":{"@id":"https:\/\/www.fiscalia.gov.co\/colombia\/#website"},"primaryImageOfPage":{"@id":"https:\/\/www.fiscalia.gov.co\/colombia\/noticias\/por-agresiones-contra-mujeres-en-arauca-fueron-judicializados-dos-hombres\/#primaryimage"},"image":{"@id":"https:\/\/www.fiscalia.gov.co\/colombia\/noticias\/por-agresiones-contra-mujeres-en-arauca-fueron-judicializados-dos-hombres\/#primaryimage"},"thumbnailUrl":"https:\/\/www.fiscalia.gov.co\/colombia\/wp-content\/uploads\/Jorge-Dennis-Carmona-Carvajal-judicializado-por-actos-sexuales-abusivos-con-menor-de-14-anos-300x205.jpg","datePublished":"2025-05-15T20:45:14+00:00","dateModified":"2025-05-15T20:45:14+00:00","description":"P\u00e1gina oficial de la Fiscal\u00eda General de la Naci\u00f3n \u2013 Colombia. Garantizamos el acceso efectivo a la justicia, la verdad y la reparaci\u00f3n de las v\u00edctimas de los delitos.","breadcrumb":{"@id":"https:\/\/www.fiscalia.gov.co\/colombia\/noticias\/por-agresiones-contra-mujeres-en-arauca-fueron-judicializados-dos-hombres\/#breadcrumb"},"inLanguage":"es-CO","potentialAction":[{"@type":"ReadAction","target":["https:\/\/www.fiscalia.gov.co\/colombia\/noticias\/por-agresiones-contra-mujeres-en-arauca-fueron-judicializados-dos-hombres\/"]}]},{"@type":"ImageObject","inLanguage":"es-CO","@id":"https:\/\/www.fiscalia.gov.co\/colombia\/noticias\/por-agresiones-contra-mujeres-en-arauca-fueron-judicializados-dos-hombres\/#primaryimage","url":"https:\/\/www.fiscalia.gov.co\/colombia\/wp-content\/uploads\/Jorge-Dennis-Carmona-Carvajal-judicializado-por-actos-sexuales-abusivos-con-menor-de-14-anos.jpg","contentUrl":"https:\/\/www.fiscalia.gov.co\/colombia\/wp-content\/uploads\/Jorge-Dennis-Carmona-Carvajal-judicializado-por-actos-sexuales-abusivos-con-menor-de-14-anos.jpg","width":1600,"height":1093,"caption":"El hombre fue judicializado por actos sexuales con menor de 14 a\u00f1os y enviado a la c\u00e1rcel"},{"@type":"BreadcrumbList","@id":"https:\/\/www.fiscalia.gov.co\/colombia\/noticias\/por-agresiones-contra-mujeres-en-arauca-fueron-judicializados-dos-hombres\/#breadcrumb","itemListElement":[{"@type":"ListItem","position":1,"name":"Home","item":"https:\/\/www.fiscalia.gov.co\/colombia\/"},{"@type":"ListItem","position":2,"name":"Por agresiones contra mujeres en Arauca fueron judicializados dos hombres"}]},{"@type":"WebSite","@id":"https:\/\/www.fiscalia.gov.co\/colombia\/#website","url":"https:\/\/www.fiscalia.gov.co\/colombia\/","name":"Fiscal\u00eda General de la Naci\u00f3n","description":"P\u00e1gina oficial de la Fiscal\u00eda General de la Naci\u00f3n \u2013 Colombia. Garantizamos el acceso efectivo a la justicia, la verdad y la reparaci\u00f3n de las v\u00edctimas de los delitos.","publisher":{"@id":"https:\/\/www.fiscalia.gov.co\/colombia\/#organization"},"potentialAction":[{"@type":"SearchAction","target":{"@type":"EntryPoint","urlTemplate":"https:\/\/www.fiscalia.gov.co\/colombia\/?s={search_term_string}"},"query-input":{"@type":"PropertyValueSpecification","valueRequired":true,"valueName":"search_term_string"}}],"inLanguage":"es-CO"},{"@type":"Organization","@id":"https:\/\/www.fiscalia.gov.co\/colombia\/#organization","name":"Fiscal\u00eda General de la Naci\u00f3n","url":"https:\/\/www.fiscalia.gov.co\/colombia\/","logo":{"@type":"ImageObject","inLanguage":"es-CO","@id":"https:\/\/www.fiscalia.gov.co\/colombia\/#\/schema\/logo\/image\/","url":"https:\/\/www.fiscalia.gov.co\/colombia\/wp-content\/uploads\/LogoHorizontal_1.jpg","contentUrl":"https:\/\/www.fiscalia.gov.co\/colombia\/wp-content\/uploads\/LogoHorizontal_1.jpg","width":300,"height":90,"caption":"Fiscal\u00eda General de la Naci\u00f3n"},"image":{"@id":"https:\/\/www.fiscalia.gov.co\/colombia\/#\/schema\/logo\/image\/"},"sameAs":["https:\/\/www.facebook.com\/FiscaliaCol","https:\/\/x.com\/FiscaliaCol","https:\/\/www.instagram.com\/fiscaliacol","https:\/\/www.linkedin.com\/company\/fiscalia-general-de-la-naci-n\/","https:\/\/youtube.com\/@fiscaliageneraldelanacion-4668?si=6nN79nyQICPU5iTh"]},{"@type":"Person","@id":"https:\/\/www.fiscalia.gov.co\/colombia\/#\/schema\/person\/ba9eca435947489fb25117a0cd75bf3e","name":"Johanna Islenny Prieto Pe\u00f1a","image":{"@type":"ImageObject","inLanguage":"es-CO","@id":"https:\/\/www.fiscalia.gov.co\/colombia\/#\/schema\/person\/image\/","url":"https:\/\/secure.gravatar.com\/avatar\/111433fc2acb037ffb768f6a3ca47864?s=96&d=mm&r=g","contentUrl":"https:\/\/secure.gravatar.com\/avatar\/111433fc2acb037ffb768f6a3ca47864?s=96&d=mm&r=g","caption":"Johanna Islenny Prieto Pe\u00f1a"},"url":"https:\/\/www.fiscalia.gov.co\/colombia\/author\/jprietop\/"}]}},"_links":{"self":[{"href":"https:\/\/www.fiscalia.gov.co\/colombia\/wp-json\/wp\/v2\/posts\/315353","targetHints":{"allow":["GET"]}}],"collection":[{"href":"https:\/\/www.fiscalia.gov.co\/colombia\/wp-json\/wp\/v2\/posts"}],"about":[{"href":"https:\/\/www.fiscalia.gov.co\/colombia\/wp-json\/wp\/v2\/types\/post"}],"author":[{"embeddable":true,"href":"https:\/\/www.fiscalia.gov.co\/colombia\/wp-json\/wp\/v2\/users\/181"}],"replies":[{"embeddable":true,"href":"https:\/\/www.fiscalia.gov.co\/colombia\/wp-json\/wp\/v2\/comments?post=315353"}],"version-history":[{"count":1,"href":"https:\/\/www.fiscalia.gov.co\/colombia\/wp-json\/wp\/v2\/posts\/315353\/revisions"}],"predecessor-version":[{"id":315356,"href":"https:\/\/www.fiscalia.gov.co\/colombia\/wp-json\/wp\/v2\/posts\/315353\/revisions\/315356"}],"wp:attachment":[{"href":"https:\/\/www.fiscalia.gov.co\/colombia\/wp-json\/wp\/v2\/media?parent=315353"}],"wp:term":[{"taxonomy":"category","embeddable":true,"href":"https:\/\/www.fiscalia.gov.co\/colombia\/wp-json\/wp\/v2\/categories?post=315353"},{"taxonomy":"post_tag","embeddable":true,"href":"https:\/\/www.fiscalia.gov.co\/colombia\/wp-json\/wp\/v2\/tags?post=315353"}],"curies":[{"name":"wp","href":"https:\/\/api.w.org\/{rel}","templated":true}]}}