{"id":315306,"date":"2025-05-14T16:31:37","date_gmt":"2025-05-14T21:31:37","guid":{"rendered":"https:\/\/www.fiscalia.gov.co\/colombia\/?p=315306"},"modified":"2025-05-14T16:31:37","modified_gmt":"2025-05-14T21:31:37","slug":"tres-presuntos-responsables-de-delitos-sexuales-contra-menores-de-edad-fueron-judicializados-en-tolima-valle-del-cauca-y-magdalena","status":"publish","type":"post","link":"https:\/\/www.fiscalia.gov.co\/colombia\/noticias\/tres-presuntos-responsables-de-delitos-sexuales-contra-menores-de-edad-fueron-judicializados-en-tolima-valle-del-cauca-y-magdalena\/","title":{"rendered":"Tres presuntos responsables de delitos sexuales contra menores de edad fueron judicializados en Tolima, Valle del Cauca y Magdalena"},"content":{"rendered":"<p dir=\"ltr\">En hechos aislados, fiscales de la Unidad Especial para Ni\u00f1os, Ni\u00f1as y Adolescentes\u00a0<b>(UENNA) de las seccionales Tolima, Valle del Cauca y Magdalena<\/b>\u00a0obtuvieron medida de aseguramiento en centro carcelario contra hombres que habr\u00edan incurrido en actos sexuales con menores de 14 a\u00f1os.<\/p>\n<p dir=\"ltr\">En Ibagu\u00e9 (Tolima), servidores del Cuerpo T\u00e9cnico de Investigaci\u00f3n (CTI), con apoyo del Ej\u00e9rcito y la Sij\u00edn de la Polic\u00eda Nacional,\u00a0<b>capturaron a un hombre de 62 a\u00f1os, quien <a href=\"https:\/\/www.fiscalia.gov.co\/colombia\/noticias\/fiscalia-judicializo-a-profesor-de-primaria-por-su-presunta-responsabilidad-en-la-agresion-sexual-a-seis-de-sus-alumnas\/\">estar\u00eda implicado el delito de actos sexuales<\/a><\/b><a href=\"https:\/\/www.fiscalia.gov.co\/colombia\/noticias\/fiscalia-judicializo-a-profesor-de-primaria-por-su-presunta-responsabilidad-en-la-agresion-sexual-a-seis-de-sus-alumnas\/\">\u00a0<\/a>con menor de 14 a\u00f1os agravado, de los que fue v\u00edctima su nieta.<\/p>\n<figure id=\"attachment_315307\" aria-describedby=\"caption-attachment-315307\" style=\"width: 696px\" class=\"wp-caption aligncenter\"><img loading=\"lazy\" decoding=\"async\" class=\"size-large wp-image-315307\" src=\"https:\/\/www.fiscalia.gov.co\/colombia\/wp-content\/uploads\/Caso-Ibague-1024x851.jpeg\" alt=\"En la foto se ve a uniformados de la Polic\u00eda, Ej\u00e9rcito y CTI con el capturado. De fondo est\u00e1 el backing del Ej\u00e9rcito Nacional. Foto 2: Caso Valle del Cauca\" width=\"696\" height=\"578\" srcset=\"https:\/\/www.fiscalia.gov.co\/colombia\/wp-content\/uploads\/Caso-Ibague-1024x851.jpeg 1024w, https:\/\/www.fiscalia.gov.co\/colombia\/wp-content\/uploads\/Caso-Ibague-300x249.jpeg 300w, https:\/\/www.fiscalia.gov.co\/colombia\/wp-content\/uploads\/Caso-Ibague-768x638.jpeg 768w, https:\/\/www.fiscalia.gov.co\/colombia\/wp-content\/uploads\/Caso-Ibague-505x420.jpeg 505w, https:\/\/www.fiscalia.gov.co\/colombia\/wp-content\/uploads\/Caso-Ibague-696x578.jpeg 696w, https:\/\/www.fiscalia.gov.co\/colombia\/wp-content\/uploads\/Caso-Ibague-1068x887.jpeg 1068w, https:\/\/www.fiscalia.gov.co\/colombia\/wp-content\/uploads\/Caso-Ibague.jpeg 1313w\" sizes=\"auto, (max-width: 696px) 100vw, 696px\" \/><figcaption id=\"caption-attachment-315307\" class=\"wp-caption-text\">Este hombre de 62 a\u00f1os, estar\u00eda implicado el delito de actos sexuales con menor de 14 a\u00f1os agravado, de los que fue v\u00edctima su nieta.<\/figcaption><\/figure>\n<p dir=\"ltr\">Los hechos sucedieron en noviembre de 2024, cuando el hombre habr\u00eda aprovechado su cercan\u00eda con la menor, a quien se afirma, someti\u00f3 a tocamientos de \u00edndole sexual.\u00a0<b>El imputado neg\u00f3 su responsabilidad en cuanto a los se\u00f1alamientos en su contra.<\/b>\u00a0A pesar de esto, el juez del caso le impuso medida de aseguramiento en centro carcelario.<\/p>\n<p dir=\"ltr\">En otro hecho, investigadores del CTI de Buga (Valle del Cauca) capturaron a un hombre de 67 a\u00f1os, se\u00f1alado de incurrir en el delito de acceso carnal violento en concurso con acceso carnal abusivo con menor de 14 a\u00f1os agravado, siendo la v\u00edctima su hijastra.\u00a0<b>La investigaci\u00f3n evidenci\u00f3 que la v\u00edctima empez\u00f3 a ser agredida cuando ten\u00eda 5 a\u00f1os de edad, actos que se prolongaron hasta su cumplea\u00f1os 10.<\/b><\/p>\n<figure id=\"attachment_315308\" aria-describedby=\"caption-attachment-315308\" style=\"width: 696px\" class=\"wp-caption aligncenter\"><img loading=\"lazy\" decoding=\"async\" class=\"size-large wp-image-315308\" src=\"https:\/\/www.fiscalia.gov.co\/colombia\/wp-content\/uploads\/Caso-Valle-del-Cauca-1024x934.jpeg\" alt=\" En la foto se ve al hombre capturado junto a un agente del CTI y la Polic\u00eda. De fondo est\u00e1 el backing de la Polic\u00eda Nacional.\" width=\"696\" height=\"635\" srcset=\"https:\/\/www.fiscalia.gov.co\/colombia\/wp-content\/uploads\/Caso-Valle-del-Cauca-1024x934.jpeg 1024w, https:\/\/www.fiscalia.gov.co\/colombia\/wp-content\/uploads\/Caso-Valle-del-Cauca-300x273.jpeg 300w, https:\/\/www.fiscalia.gov.co\/colombia\/wp-content\/uploads\/Caso-Valle-del-Cauca-768x700.jpeg 768w, https:\/\/www.fiscalia.gov.co\/colombia\/wp-content\/uploads\/Caso-Valle-del-Cauca-461x420.jpeg 461w, https:\/\/www.fiscalia.gov.co\/colombia\/wp-content\/uploads\/Caso-Valle-del-Cauca-696x635.jpeg 696w, https:\/\/www.fiscalia.gov.co\/colombia\/wp-content\/uploads\/Caso-Valle-del-Cauca-1068x974.jpeg 1068w, https:\/\/www.fiscalia.gov.co\/colombia\/wp-content\/uploads\/Caso-Valle-del-Cauca.jpeg 1426w\" sizes=\"auto, (max-width: 696px) 100vw, 696px\" \/><figcaption id=\"caption-attachment-315308\" class=\"wp-caption-text\">Este hombre de 67 a\u00f1os, se\u00f1alado de acceso carnal violento en concurso con acceso carnal abusivo con menor de 14 a\u00f1os agravado, su hijastra era su v\u00edctima.<\/figcaption><\/figure>\n<p dir=\"ltr\">El abusador ser\u00eda su padrastro quien, se cree, la accedi\u00f3 violentamente en\u00a0 m\u00faltiples oportunidades, lo que caus\u00f3 da\u00f1o psicol\u00f3gico severo en la v\u00edctima. La Fiscal\u00eda determin\u00f3 que la ni\u00f1a, al parecer, fue intimidada por el procesado, pues le dec\u00eda que si contaba lo sucedido,\u00a0<b>asesinar\u00eda a su abuela y la llevar\u00eda a ella y a su hermano a un hogar de paso donde los abandonar\u00eda<\/b>. El investigado fue enviado a prisi\u00f3n, mientras avanza el proceso judicial.<\/p>\n<p dir=\"ltr\">En Ci\u00e9naga (Magdalena) un juez envi\u00f3 a prisi\u00f3n a un hombre de 35 a\u00f1os, como presunto<b>\u00a0responsable de los delitos de abuso sexual y acceso carnal con menor de 14 a\u00f1os.<\/b><\/p>\n<p dir=\"ltr\">La investigaci\u00f3n se\u00f1ala que entre octubre de 2024 y abril de 2025 este hombre\u00a0<b>se habr\u00eda ganado la confianza de una menor de edad para posteriormente agredirla sexualmente en varias ocasiones.<\/b><\/p>\n<p dir=\"ltr\">\n<p dir=\"ltr\">\n<p dir=\"ltr\">\n<p dir=\"ltr\">\n<p dir=\"ltr\">\n<p dir=\"ltr\">JPP\/MAGA\/GL\/SMLR\/RM<\/p>\n<p>&nbsp;<\/p>\n<p>&nbsp;<\/p>\n<p>&nbsp;<\/p>\n<p>&nbsp;<\/p>\n<p><em>La informaci\u00f3n contenida en este bolet\u00edn de prensa corresponde a la narraci\u00f3n de los hechos noticiosos objetivos, suministrados por los funcionarios encargados de adelantar las investigaciones penales al interior de la Fiscal\u00eda General de la Naci\u00f3n. Para el momento de la divulgaci\u00f3n de este comunicado, la situaci\u00f3n jur\u00eddica de la(s) persona(s) relacionada(s) se encuentra pendiente de resolver por la autoridad judicial competente, siempre bajo los preceptos de la presunci\u00f3n de inocencia, consagrados en el art\u00edculo 29 de la Constituci\u00f3n Pol\u00edtica y el art\u00edculo 7\u00ba de la Ley 906 de 2004.<\/em><\/p>\n<footer>\n<p class=\"td-post-source-tags\">\n<p class=\"td-post-sharing-bottom\">\n<\/footer>\n\n<div class=\"twitter-share\"><a href=\"https:\/\/twitter.com\/intent\/tweet?via=fiscaliacol\" class=\"twitter-share-button\">Tweet<\/a><\/div>\n","protected":false},"excerpt":{"rendered":"<p>En hechos aislados, fiscales de la Unidad Especial para Ni\u00f1os, Ni\u00f1as y Adolescentes\u00a0(UENNA) de las seccionales Tolima, Valle del Cauca y Magdalena\u00a0obtuvieron medida de aseguramiento en centro carcelario contra hombres [&hellip;]<\/p>\n","protected":false},"author":177,"featured_media":0,"comment_status":"closed","ping_status":"open","sticky":false,"template":"","format":"standard","meta":{"tdm_status":"","tdm_grid_status":"","footnotes":""},"categories":[1,24127],"tags":[801,41407,37492,1047,40513],"class_list":["post-315306","post","type-post","status-publish","format-standard","category-noticias","category-violencia-sexual-e-intrafamiliar","tag-abuso-sexual","tag-agresion-sexual-en-menor-de-edad","tag-fiscal-luz-adriana-camargo","tag-fiscalia-general-de-la-nacion","tag-uenna"],"yoast_head":"<!-- This site is optimized with the Yoast SEO plugin v24.3 - https:\/\/yoast.com\/wordpress\/plugins\/seo\/ -->\n<title>Fiscal\u00eda General de la Naci\u00f3n<\/title>\n<meta name=\"description\" content=\"P\u00e1gina oficial de la Fiscal\u00eda General de la Naci\u00f3n \u2013 Colombia. Garantizamos el acceso efectivo a la justicia, la verdad y la reparaci\u00f3n de las v\u00edctimas de los delitos.\" \/>\n<meta name=\"robots\" content=\"noindex, follow\" \/>\n<meta property=\"og:locale\" content=\"es_ES\" \/>\n<meta property=\"og:type\" content=\"article\" \/>\n<meta property=\"og:title\" content=\"Fiscal\u00eda General de la Naci\u00f3n\" \/>\n<meta property=\"og:description\" content=\"P\u00e1gina oficial de la Fiscal\u00eda General de la Naci\u00f3n \u2013 Colombia. Garantizamos el acceso efectivo a la justicia, la verdad y la reparaci\u00f3n de las v\u00edctimas de los delitos.\" \/>\n<meta property=\"og:url\" content=\"https:\/\/www.fiscalia.gov.co\/colombia\/noticias\/tres-presuntos-responsables-de-delitos-sexuales-contra-menores-de-edad-fueron-judicializados-en-tolima-valle-del-cauca-y-magdalena\/\" \/>\n<meta property=\"og:site_name\" content=\"Fiscal\u00eda General de la Naci\u00f3n\" \/>\n<meta property=\"article:publisher\" content=\"https:\/\/www.facebook.com\/FiscaliaCol\" \/>\n<meta property=\"article:published_time\" content=\"2025-05-14T21:31:37+00:00\" \/>\n<meta property=\"og:image\" content=\"https:\/\/www.fiscalia.gov.co\/colombia\/wp-content\/uploads\/Caso-Ibague.jpeg\" \/>\n\t<meta property=\"og:image:width\" content=\"1313\" \/>\n\t<meta property=\"og:image:height\" content=\"1091\" \/>\n\t<meta property=\"og:image:type\" content=\"image\/jpeg\" \/>\n<meta name=\"author\" content=\"Jordan Leandro Oviedo Anzola\" \/>\n<meta name=\"twitter:card\" content=\"summary_large_image\" \/>\n<meta name=\"twitter:creator\" content=\"@FiscaliaCol\" \/>\n<meta name=\"twitter:site\" content=\"@FiscaliaCol\" \/>\n<meta name=\"twitter:label1\" content=\"Escrito por\" \/>\n\t<meta name=\"twitter:data1\" content=\"Jordan Leandro Oviedo Anzola\" \/>\n\t<meta name=\"twitter:label2\" content=\"Tiempo de lectura\" \/>\n\t<meta name=\"twitter:data2\" content=\"3 minutos\" \/>\n<script type=\"application\/ld+json\" class=\"yoast-schema-graph\">{\"@context\":\"https:\/\/schema.org\",\"@graph\":[{\"@type\":\"Article\",\"@id\":\"https:\/\/www.fiscalia.gov.co\/colombia\/noticias\/tres-presuntos-responsables-de-delitos-sexuales-contra-menores-de-edad-fueron-judicializados-en-tolima-valle-del-cauca-y-magdalena\/#article\",\"isPartOf\":{\"@id\":\"https:\/\/www.fiscalia.gov.co\/colombia\/noticias\/tres-presuntos-responsables-de-delitos-sexuales-contra-menores-de-edad-fueron-judicializados-en-tolima-valle-del-cauca-y-magdalena\/\"},\"author\":{\"name\":\"Jordan Leandro Oviedo Anzola\",\"@id\":\"https:\/\/www.fiscalia.gov.co\/colombia\/#\/schema\/person\/bf84402cf293a5393e9c70b111020b24\"},\"headline\":\"Tres presuntos responsables de delitos sexuales contra menores de edad fueron judicializados en Tolima, Valle del Cauca y Magdalena\",\"datePublished\":\"2025-05-14T21:31:37+00:00\",\"dateModified\":\"2025-05-14T21:31:37+00:00\",\"mainEntityOfPage\":{\"@id\":\"https:\/\/www.fiscalia.gov.co\/colombia\/noticias\/tres-presuntos-responsables-de-delitos-sexuales-contra-menores-de-edad-fueron-judicializados-en-tolima-valle-del-cauca-y-magdalena\/\"},\"wordCount\":587,\"publisher\":{\"@id\":\"https:\/\/www.fiscalia.gov.co\/colombia\/#organization\"},\"image\":{\"@id\":\"https:\/\/www.fiscalia.gov.co\/colombia\/noticias\/tres-presuntos-responsables-de-delitos-sexuales-contra-menores-de-edad-fueron-judicializados-en-tolima-valle-del-cauca-y-magdalena\/#primaryimage\"},\"thumbnailUrl\":\"https:\/\/www.fiscalia.gov.co\/colombia\/wp-content\/uploads\/Caso-Ibague-1024x851.jpeg\",\"keywords\":[\"Abuso sexual\",\"agresi\u00f3n sexual en menor de edad\",\"Fiscal Luz Adriana Camargo\",\"Fiscal\u00eda General de la Naci\u00f3n\",\"UENNA.\"],\"articleSection\":[\"Noticias\",\"Violencia sexual e intrafamiliar\"],\"inLanguage\":\"es-CO\"},{\"@type\":\"WebPage\",\"@id\":\"https:\/\/www.fiscalia.gov.co\/colombia\/noticias\/tres-presuntos-responsables-de-delitos-sexuales-contra-menores-de-edad-fueron-judicializados-en-tolima-valle-del-cauca-y-magdalena\/\",\"url\":\"https:\/\/www.fiscalia.gov.co\/colombia\/noticias\/tres-presuntos-responsables-de-delitos-sexuales-contra-menores-de-edad-fueron-judicializados-en-tolima-valle-del-cauca-y-magdalena\/\",\"name\":\"Fiscal\u00eda General de la Naci\u00f3n\",\"isPartOf\":{\"@id\":\"https:\/\/www.fiscalia.gov.co\/colombia\/#website\"},\"primaryImageOfPage\":{\"@id\":\"https:\/\/www.fiscalia.gov.co\/colombia\/noticias\/tres-presuntos-responsables-de-delitos-sexuales-contra-menores-de-edad-fueron-judicializados-en-tolima-valle-del-cauca-y-magdalena\/#primaryimage\"},\"image\":{\"@id\":\"https:\/\/www.fiscalia.gov.co\/colombia\/noticias\/tres-presuntos-responsables-de-delitos-sexuales-contra-menores-de-edad-fueron-judicializados-en-tolima-valle-del-cauca-y-magdalena\/#primaryimage\"},\"thumbnailUrl\":\"https:\/\/www.fiscalia.gov.co\/colombia\/wp-content\/uploads\/Caso-Ibague-1024x851.jpeg\",\"datePublished\":\"2025-05-14T21:31:37+00:00\",\"dateModified\":\"2025-05-14T21:31:37+00:00\",\"description\":\"P\u00e1gina oficial de la Fiscal\u00eda General de la Naci\u00f3n \u2013 Colombia. Garantizamos el acceso efectivo a la justicia, la verdad y la reparaci\u00f3n de las v\u00edctimas de los delitos.\",\"breadcrumb\":{\"@id\":\"https:\/\/www.fiscalia.gov.co\/colombia\/noticias\/tres-presuntos-responsables-de-delitos-sexuales-contra-menores-de-edad-fueron-judicializados-en-tolima-valle-del-cauca-y-magdalena\/#breadcrumb\"},\"inLanguage\":\"es-CO\",\"potentialAction\":[{\"@type\":\"ReadAction\",\"target\":[\"https:\/\/www.fiscalia.gov.co\/colombia\/noticias\/tres-presuntos-responsables-de-delitos-sexuales-contra-menores-de-edad-fueron-judicializados-en-tolima-valle-del-cauca-y-magdalena\/\"]}]},{\"@type\":\"ImageObject\",\"inLanguage\":\"es-CO\",\"@id\":\"https:\/\/www.fiscalia.gov.co\/colombia\/noticias\/tres-presuntos-responsables-de-delitos-sexuales-contra-menores-de-edad-fueron-judicializados-en-tolima-valle-del-cauca-y-magdalena\/#primaryimage\",\"url\":\"https:\/\/www.fiscalia.gov.co\/colombia\/wp-content\/uploads\/Caso-Ibague.jpeg\",\"contentUrl\":\"https:\/\/www.fiscalia.gov.co\/colombia\/wp-content\/uploads\/Caso-Ibague.jpeg\",\"width\":1313,\"height\":1091,\"caption\":\"Este hombre de 62 a\u00f1os, estar\u00eda implicado el delito de actos sexuales con menor de 14 a\u00f1os agravado, de los que fue v\u00edctima su nieta.\"},{\"@type\":\"BreadcrumbList\",\"@id\":\"https:\/\/www.fiscalia.gov.co\/colombia\/noticias\/tres-presuntos-responsables-de-delitos-sexuales-contra-menores-de-edad-fueron-judicializados-en-tolima-valle-del-cauca-y-magdalena\/#breadcrumb\",\"itemListElement\":[{\"@type\":\"ListItem\",\"position\":1,\"name\":\"Home\",\"item\":\"https:\/\/www.fiscalia.gov.co\/colombia\/\"},{\"@type\":\"ListItem\",\"position\":2,\"name\":\"Tres presuntos responsables de delitos sexuales contra menores de edad fueron judicializados en Tolima, Valle del Cauca y Magdalena\"}]},{\"@type\":\"WebSite\",\"@id\":\"https:\/\/www.fiscalia.gov.co\/colombia\/#website\",\"url\":\"https:\/\/www.fiscalia.gov.co\/colombia\/\",\"name\":\"Fiscal\u00eda General de la Naci\u00f3n\",\"description\":\"P\u00e1gina oficial de la Fiscal\u00eda General de la Naci\u00f3n \u2013 Colombia. Garantizamos el acceso efectivo a la justicia, la verdad y la reparaci\u00f3n de las v\u00edctimas de los delitos.\",\"publisher\":{\"@id\":\"https:\/\/www.fiscalia.gov.co\/colombia\/#organization\"},\"potentialAction\":[{\"@type\":\"SearchAction\",\"target\":{\"@type\":\"EntryPoint\",\"urlTemplate\":\"https:\/\/www.fiscalia.gov.co\/colombia\/?s={search_term_string}\"},\"query-input\":{\"@type\":\"PropertyValueSpecification\",\"valueRequired\":true,\"valueName\":\"search_term_string\"}}],\"inLanguage\":\"es-CO\"},{\"@type\":\"Organization\",\"@id\":\"https:\/\/www.fiscalia.gov.co\/colombia\/#organization\",\"name\":\"Fiscal\u00eda General de la Naci\u00f3n\",\"url\":\"https:\/\/www.fiscalia.gov.co\/colombia\/\",\"logo\":{\"@type\":\"ImageObject\",\"inLanguage\":\"es-CO\",\"@id\":\"https:\/\/www.fiscalia.gov.co\/colombia\/#\/schema\/logo\/image\/\",\"url\":\"https:\/\/www.fiscalia.gov.co\/colombia\/wp-content\/uploads\/LogoHorizontal_1.jpg\",\"contentUrl\":\"https:\/\/www.fiscalia.gov.co\/colombia\/wp-content\/uploads\/LogoHorizontal_1.jpg\",\"width\":300,\"height\":90,\"caption\":\"Fiscal\u00eda General de la Naci\u00f3n\"},\"image\":{\"@id\":\"https:\/\/www.fiscalia.gov.co\/colombia\/#\/schema\/logo\/image\/\"},\"sameAs\":[\"https:\/\/www.facebook.com\/FiscaliaCol\",\"https:\/\/x.com\/FiscaliaCol\",\"https:\/\/www.instagram.com\/fiscaliacol\",\"https:\/\/www.linkedin.com\/company\/fiscalia-general-de-la-naci-n\/\",\"https:\/\/youtube.com\/@fiscaliageneraldelanacion-4668?si=6nN79nyQICPU5iTh\"]},{\"@type\":\"Person\",\"@id\":\"https:\/\/www.fiscalia.gov.co\/colombia\/#\/schema\/person\/bf84402cf293a5393e9c70b111020b24\",\"name\":\"Jordan Leandro Oviedo Anzola\",\"image\":{\"@type\":\"ImageObject\",\"inLanguage\":\"es-CO\",\"@id\":\"https:\/\/www.fiscalia.gov.co\/colombia\/#\/schema\/person\/image\/\",\"url\":\"https:\/\/secure.gravatar.com\/avatar\/dabba4346fa9b9207d96adafa8f92721?s=96&d=mm&r=g\",\"contentUrl\":\"https:\/\/secure.gravatar.com\/avatar\/dabba4346fa9b9207d96adafa8f92721?s=96&d=mm&r=g\",\"caption\":\"Jordan Leandro Oviedo Anzola\"},\"url\":\"https:\/\/www.fiscalia.gov.co\/colombia\/author\/joviedo\/\"}]}<\/script>\n<!-- \/ Yoast SEO plugin. -->","yoast_head_json":{"title":"Fiscal\u00eda General de la Naci\u00f3n","description":"P\u00e1gina oficial de la Fiscal\u00eda General de la Naci\u00f3n \u2013 Colombia. Garantizamos el acceso efectivo a la justicia, la verdad y la reparaci\u00f3n de las v\u00edctimas de los delitos.","robots":{"index":"noindex","follow":"follow"},"og_locale":"es_ES","og_type":"article","og_title":"Fiscal\u00eda General de la Naci\u00f3n","og_description":"P\u00e1gina oficial de la Fiscal\u00eda General de la Naci\u00f3n \u2013 Colombia. Garantizamos el acceso efectivo a la justicia, la verdad y la reparaci\u00f3n de las v\u00edctimas de los delitos.","og_url":"https:\/\/www.fiscalia.gov.co\/colombia\/noticias\/tres-presuntos-responsables-de-delitos-sexuales-contra-menores-de-edad-fueron-judicializados-en-tolima-valle-del-cauca-y-magdalena\/","og_site_name":"Fiscal\u00eda General de la Naci\u00f3n","article_publisher":"https:\/\/www.facebook.com\/FiscaliaCol","article_published_time":"2025-05-14T21:31:37+00:00","og_image":[{"width":1313,"height":1091,"url":"https:\/\/www.fiscalia.gov.co\/colombia\/wp-content\/uploads\/Caso-Ibague.jpeg","type":"image\/jpeg"}],"author":"Jordan Leandro Oviedo Anzola","twitter_card":"summary_large_image","twitter_creator":"@FiscaliaCol","twitter_site":"@FiscaliaCol","twitter_misc":{"Escrito por":"Jordan Leandro Oviedo Anzola","Tiempo de lectura":"3 minutos"},"schema":{"@context":"https:\/\/schema.org","@graph":[{"@type":"Article","@id":"https:\/\/www.fiscalia.gov.co\/colombia\/noticias\/tres-presuntos-responsables-de-delitos-sexuales-contra-menores-de-edad-fueron-judicializados-en-tolima-valle-del-cauca-y-magdalena\/#article","isPartOf":{"@id":"https:\/\/www.fiscalia.gov.co\/colombia\/noticias\/tres-presuntos-responsables-de-delitos-sexuales-contra-menores-de-edad-fueron-judicializados-en-tolima-valle-del-cauca-y-magdalena\/"},"author":{"name":"Jordan Leandro Oviedo Anzola","@id":"https:\/\/www.fiscalia.gov.co\/colombia\/#\/schema\/person\/bf84402cf293a5393e9c70b111020b24"},"headline":"Tres presuntos responsables de delitos sexuales contra menores de edad fueron judicializados en Tolima, Valle del Cauca y Magdalena","datePublished":"2025-05-14T21:31:37+00:00","dateModified":"2025-05-14T21:31:37+00:00","mainEntityOfPage":{"@id":"https:\/\/www.fiscalia.gov.co\/colombia\/noticias\/tres-presuntos-responsables-de-delitos-sexuales-contra-menores-de-edad-fueron-judicializados-en-tolima-valle-del-cauca-y-magdalena\/"},"wordCount":587,"publisher":{"@id":"https:\/\/www.fiscalia.gov.co\/colombia\/#organization"},"image":{"@id":"https:\/\/www.fiscalia.gov.co\/colombia\/noticias\/tres-presuntos-responsables-de-delitos-sexuales-contra-menores-de-edad-fueron-judicializados-en-tolima-valle-del-cauca-y-magdalena\/#primaryimage"},"thumbnailUrl":"https:\/\/www.fiscalia.gov.co\/colombia\/wp-content\/uploads\/Caso-Ibague-1024x851.jpeg","keywords":["Abuso sexual","agresi\u00f3n sexual en menor de edad","Fiscal Luz Adriana Camargo","Fiscal\u00eda General de la Naci\u00f3n","UENNA."],"articleSection":["Noticias","Violencia sexual e intrafamiliar"],"inLanguage":"es-CO"},{"@type":"WebPage","@id":"https:\/\/www.fiscalia.gov.co\/colombia\/noticias\/tres-presuntos-responsables-de-delitos-sexuales-contra-menores-de-edad-fueron-judicializados-en-tolima-valle-del-cauca-y-magdalena\/","url":"https:\/\/www.fiscalia.gov.co\/colombia\/noticias\/tres-presuntos-responsables-de-delitos-sexuales-contra-menores-de-edad-fueron-judicializados-en-tolima-valle-del-cauca-y-magdalena\/","name":"Fiscal\u00eda General de la Naci\u00f3n","isPartOf":{"@id":"https:\/\/www.fiscalia.gov.co\/colombia\/#website"},"primaryImageOfPage":{"@id":"https:\/\/www.fiscalia.gov.co\/colombia\/noticias\/tres-presuntos-responsables-de-delitos-sexuales-contra-menores-de-edad-fueron-judicializados-en-tolima-valle-del-cauca-y-magdalena\/#primaryimage"},"image":{"@id":"https:\/\/www.fiscalia.gov.co\/colombia\/noticias\/tres-presuntos-responsables-de-delitos-sexuales-contra-menores-de-edad-fueron-judicializados-en-tolima-valle-del-cauca-y-magdalena\/#primaryimage"},"thumbnailUrl":"https:\/\/www.fiscalia.gov.co\/colombia\/wp-content\/uploads\/Caso-Ibague-1024x851.jpeg","datePublished":"2025-05-14T21:31:37+00:00","dateModified":"2025-05-14T21:31:37+00:00","description":"P\u00e1gina oficial de la Fiscal\u00eda General de la Naci\u00f3n \u2013 Colombia. Garantizamos el acceso efectivo a la justicia, la verdad y la reparaci\u00f3n de las v\u00edctimas de los delitos.","breadcrumb":{"@id":"https:\/\/www.fiscalia.gov.co\/colombia\/noticias\/tres-presuntos-responsables-de-delitos-sexuales-contra-menores-de-edad-fueron-judicializados-en-tolima-valle-del-cauca-y-magdalena\/#breadcrumb"},"inLanguage":"es-CO","potentialAction":[{"@type":"ReadAction","target":["https:\/\/www.fiscalia.gov.co\/colombia\/noticias\/tres-presuntos-responsables-de-delitos-sexuales-contra-menores-de-edad-fueron-judicializados-en-tolima-valle-del-cauca-y-magdalena\/"]}]},{"@type":"ImageObject","inLanguage":"es-CO","@id":"https:\/\/www.fiscalia.gov.co\/colombia\/noticias\/tres-presuntos-responsables-de-delitos-sexuales-contra-menores-de-edad-fueron-judicializados-en-tolima-valle-del-cauca-y-magdalena\/#primaryimage","url":"https:\/\/www.fiscalia.gov.co\/colombia\/wp-content\/uploads\/Caso-Ibague.jpeg","contentUrl":"https:\/\/www.fiscalia.gov.co\/colombia\/wp-content\/uploads\/Caso-Ibague.jpeg","width":1313,"height":1091,"caption":"Este hombre de 62 a\u00f1os, estar\u00eda implicado el delito de actos sexuales con menor de 14 a\u00f1os agravado, de los que fue v\u00edctima su nieta."},{"@type":"BreadcrumbList","@id":"https:\/\/www.fiscalia.gov.co\/colombia\/noticias\/tres-presuntos-responsables-de-delitos-sexuales-contra-menores-de-edad-fueron-judicializados-en-tolima-valle-del-cauca-y-magdalena\/#breadcrumb","itemListElement":[{"@type":"ListItem","position":1,"name":"Home","item":"https:\/\/www.fiscalia.gov.co\/colombia\/"},{"@type":"ListItem","position":2,"name":"Tres presuntos responsables de delitos sexuales contra menores de edad fueron judicializados en Tolima, Valle del Cauca y Magdalena"}]},{"@type":"WebSite","@id":"https:\/\/www.fiscalia.gov.co\/colombia\/#website","url":"https:\/\/www.fiscalia.gov.co\/colombia\/","name":"Fiscal\u00eda General de la Naci\u00f3n","description":"P\u00e1gina oficial de la Fiscal\u00eda General de la Naci\u00f3n \u2013 Colombia. Garantizamos el acceso efectivo a la justicia, la verdad y la reparaci\u00f3n de las v\u00edctimas de los delitos.","publisher":{"@id":"https:\/\/www.fiscalia.gov.co\/colombia\/#organization"},"potentialAction":[{"@type":"SearchAction","target":{"@type":"EntryPoint","urlTemplate":"https:\/\/www.fiscalia.gov.co\/colombia\/?s={search_term_string}"},"query-input":{"@type":"PropertyValueSpecification","valueRequired":true,"valueName":"search_term_string"}}],"inLanguage":"es-CO"},{"@type":"Organization","@id":"https:\/\/www.fiscalia.gov.co\/colombia\/#organization","name":"Fiscal\u00eda General de la Naci\u00f3n","url":"https:\/\/www.fiscalia.gov.co\/colombia\/","logo":{"@type":"ImageObject","inLanguage":"es-CO","@id":"https:\/\/www.fiscalia.gov.co\/colombia\/#\/schema\/logo\/image\/","url":"https:\/\/www.fiscalia.gov.co\/colombia\/wp-content\/uploads\/LogoHorizontal_1.jpg","contentUrl":"https:\/\/www.fiscalia.gov.co\/colombia\/wp-content\/uploads\/LogoHorizontal_1.jpg","width":300,"height":90,"caption":"Fiscal\u00eda General de la Naci\u00f3n"},"image":{"@id":"https:\/\/www.fiscalia.gov.co\/colombia\/#\/schema\/logo\/image\/"},"sameAs":["https:\/\/www.facebook.com\/FiscaliaCol","https:\/\/x.com\/FiscaliaCol","https:\/\/www.instagram.com\/fiscaliacol","https:\/\/www.linkedin.com\/company\/fiscalia-general-de-la-naci-n\/","https:\/\/youtube.com\/@fiscaliageneraldelanacion-4668?si=6nN79nyQICPU5iTh"]},{"@type":"Person","@id":"https:\/\/www.fiscalia.gov.co\/colombia\/#\/schema\/person\/bf84402cf293a5393e9c70b111020b24","name":"Jordan Leandro Oviedo Anzola","image":{"@type":"ImageObject","inLanguage":"es-CO","@id":"https:\/\/www.fiscalia.gov.co\/colombia\/#\/schema\/person\/image\/","url":"https:\/\/secure.gravatar.com\/avatar\/dabba4346fa9b9207d96adafa8f92721?s=96&d=mm&r=g","contentUrl":"https:\/\/secure.gravatar.com\/avatar\/dabba4346fa9b9207d96adafa8f92721?s=96&d=mm&r=g","caption":"Jordan Leandro Oviedo Anzola"},"url":"https:\/\/www.fiscalia.gov.co\/colombia\/author\/joviedo\/"}]}},"_links":{"self":[{"href":"https:\/\/www.fiscalia.gov.co\/colombia\/wp-json\/wp\/v2\/posts\/315306","targetHints":{"allow":["GET"]}}],"collection":[{"href":"https:\/\/www.fiscalia.gov.co\/colombia\/wp-json\/wp\/v2\/posts"}],"about":[{"href":"https:\/\/www.fiscalia.gov.co\/colombia\/wp-json\/wp\/v2\/types\/post"}],"author":[{"embeddable":true,"href":"https:\/\/www.fiscalia.gov.co\/colombia\/wp-json\/wp\/v2\/users\/177"}],"replies":[{"embeddable":true,"href":"https:\/\/www.fiscalia.gov.co\/colombia\/wp-json\/wp\/v2\/comments?post=315306"}],"version-history":[{"count":1,"href":"https:\/\/www.fiscalia.gov.co\/colombia\/wp-json\/wp\/v2\/posts\/315306\/revisions"}],"predecessor-version":[{"id":315309,"href":"https:\/\/www.fiscalia.gov.co\/colombia\/wp-json\/wp\/v2\/posts\/315306\/revisions\/315309"}],"wp:attachment":[{"href":"https:\/\/www.fiscalia.gov.co\/colombia\/wp-json\/wp\/v2\/media?parent=315306"}],"wp:term":[{"taxonomy":"category","embeddable":true,"href":"https:\/\/www.fiscalia.gov.co\/colombia\/wp-json\/wp\/v2\/categories?post=315306"},{"taxonomy":"post_tag","embeddable":true,"href":"https:\/\/www.fiscalia.gov.co\/colombia\/wp-json\/wp\/v2\/tags?post=315306"}],"curies":[{"name":"wp","href":"https:\/\/api.w.org\/{rel}","templated":true}]}}