{"id":315250,"date":"2025-05-14T08:43:21","date_gmt":"2025-05-14T13:43:21","guid":{"rendered":"https:\/\/www.fiscalia.gov.co\/colombia\/?p=315250"},"modified":"2025-05-14T08:43:21","modified_gmt":"2025-05-14T13:43:21","slug":"por-acciones-delictivas-en-arauca-fue-asegurado-alias-sombreron-presunto-cabecilla-de-las-disidencias-de-las-farc","status":"publish","type":"post","link":"https:\/\/www.fiscalia.gov.co\/colombia\/noticias\/por-acciones-delictivas-en-arauca-fue-asegurado-alias-sombreron-presunto-cabecilla-de-las-disidencias-de-las-farc\/","title":{"rendered":"Por acciones delictivas en Arauca fue asegurado alias Sombrer\u00f3n, presunto cabecilla de las disidencias de las Farc"},"content":{"rendered":"<h4 dir=\"ltr\" style=\"text-align: center;\"><strong><em>Ser\u00eda el responsable de las extorsiones a una mujer que fue obligada a abandonar su vivienda por no acceder a las exigencias econ\u00f3micas.\u00a0<\/em><\/strong><\/h4>\n<figure id=\"attachment_315251\" aria-describedby=\"caption-attachment-315251\" style=\"width: 696px\" class=\"wp-caption aligncenter\"><img loading=\"lazy\" decoding=\"async\" class=\"size-large wp-image-315251\" src=\"https:\/\/www.fiscalia.gov.co\/colombia\/wp-content\/uploads\/Hector-Hevencio-Ciro-Zapata-alias-Sombreron-o-Wilmer-Guerrero-judicializado-por-deportacion-expulsion-traslado-o-desplazamiento-forzado-y-concierto-para-delinquir-agravado.jpg-1-1024x576.jpg\" alt=\"Se visualiza al capturado junto a uniformados del Gaula Militar, Polic\u00eda Nacional, Armada Nacional y Fuerza Aeroespacial. Frente a ellos una mesa con los nueve celulares incautados. Detr\u00e1s los banners institucionales de Ej\u00e9rcito, Polic\u00eda y Armada Nacional,  y Fuerza A\u00e9rea Colombiana\" width=\"696\" height=\"392\" srcset=\"https:\/\/www.fiscalia.gov.co\/colombia\/wp-content\/uploads\/Hector-Hevencio-Ciro-Zapata-alias-Sombreron-o-Wilmer-Guerrero-judicializado-por-deportacion-expulsion-traslado-o-desplazamiento-forzado-y-concierto-para-delinquir-agravado.jpg-1-1024x576.jpg 1024w, https:\/\/www.fiscalia.gov.co\/colombia\/wp-content\/uploads\/Hector-Hevencio-Ciro-Zapata-alias-Sombreron-o-Wilmer-Guerrero-judicializado-por-deportacion-expulsion-traslado-o-desplazamiento-forzado-y-concierto-para-delinquir-agravado.jpg-1-300x169.jpg 300w, https:\/\/www.fiscalia.gov.co\/colombia\/wp-content\/uploads\/Hector-Hevencio-Ciro-Zapata-alias-Sombreron-o-Wilmer-Guerrero-judicializado-por-deportacion-expulsion-traslado-o-desplazamiento-forzado-y-concierto-para-delinquir-agravado.jpg-1-768x432.jpg 768w, https:\/\/www.fiscalia.gov.co\/colombia\/wp-content\/uploads\/Hector-Hevencio-Ciro-Zapata-alias-Sombreron-o-Wilmer-Guerrero-judicializado-por-deportacion-expulsion-traslado-o-desplazamiento-forzado-y-concierto-para-delinquir-agravado.jpg-1-1536x864.jpg 1536w, https:\/\/www.fiscalia.gov.co\/colombia\/wp-content\/uploads\/Hector-Hevencio-Ciro-Zapata-alias-Sombreron-o-Wilmer-Guerrero-judicializado-por-deportacion-expulsion-traslado-o-desplazamiento-forzado-y-concierto-para-delinquir-agravado.jpg-1-747x420.jpg 747w, https:\/\/www.fiscalia.gov.co\/colombia\/wp-content\/uploads\/Hector-Hevencio-Ciro-Zapata-alias-Sombreron-o-Wilmer-Guerrero-judicializado-por-deportacion-expulsion-traslado-o-desplazamiento-forzado-y-concierto-para-delinquir-agravado.jpg-1-696x392.jpg 696w, https:\/\/www.fiscalia.gov.co\/colombia\/wp-content\/uploads\/Hector-Hevencio-Ciro-Zapata-alias-Sombreron-o-Wilmer-Guerrero-judicializado-por-deportacion-expulsion-traslado-o-desplazamiento-forzado-y-concierto-para-delinquir-agravado.jpg-1-1068x601.jpg 1068w, https:\/\/www.fiscalia.gov.co\/colombia\/wp-content\/uploads\/Hector-Hevencio-Ciro-Zapata-alias-Sombreron-o-Wilmer-Guerrero-judicializado-por-deportacion-expulsion-traslado-o-desplazamiento-forzado-y-concierto-para-delinquir-agravado.jpg-1.jpg 1600w\" sizes=\"auto, (max-width: 696px) 100vw, 696px\" \/><figcaption id=\"caption-attachment-315251\" class=\"wp-caption-text\">H\u00e9ctor Hevencio Ciro Zapata, alias Sombrer\u00f3n o Wilmer Guerrero, presunto integrante de las disidencias de las Farc con injerencia en los departamentos de Arauca y Casanare, es se\u00f1alado de acciones delictivas en los departamentos de Arauca y Casanare.<\/figcaption><\/figure>\n<p dir=\"ltr\">En atenci\u00f3n al material probatorio recopilado por la Fiscal\u00eda General de la Naci\u00f3n, un juez de control de garant\u00edas impuso\u00a0<a href=\"http:\/\/www.fiscalia.gov.co\/colombia\/noticias\/asegurada-mujer-senalada-de-planear-extorsiones-para-las-disidencias-de-las-farc-en-casanare\/\" target=\"_blank\" rel=\"noopener\" data-saferedirecturl=\"https:\/\/www.google.com\/url?q=http:\/\/www.fiscalia.gov.co\/colombia\/noticias\/asegurada-mujer-senalada-de-planear-extorsiones-para-las-disidencias-de-las-farc-en-casanare\/&amp;source=gmail&amp;ust=1747315901288000&amp;usg=AOvVaw3vr_DlBDHx6VJjL69hrxSo\">medida<\/a> de aseguramiento en\u00a0centro carcelario a <strong>H\u00e9ctor Hevencio Ciro Zapata, alias Sombrer\u00f3n o Wilmer Guerrero, presunto cabecilla del Frente 10 Mart\u00edn Villa de las disidencias de las Farc<\/strong>, con injerencia delictiva en\u00a0 Arauca y Casanare.<\/p>\n<p dir=\"ltr\">Alias Sombrer\u00f3n o Wilmer Guerrero, <strong>ser\u00eda el coordinador de diferentes conductas delictivas, como extorsiones, reclutamiento de menores de edad,<\/strong> y ataques contra la fuerza p\u00fablica y la poblaci\u00f3n civil.<\/p>\n<p dir=\"ltr\">Entre los hechos que<strong> se le atribuyen se encuentran las amenazas y exigencias econ\u00f3micas ilegales a una ciudadana en Arauquita<\/strong> (Arauca), a trav\u00e9s de mensajes de texto desde junio de 2023.<\/p>\n<p dir=\"ltr\">Ante la negativa de pagar las extorsiones, <strong>en octubre de 2023 habr\u00eda recibido un panfleto en el que le daban tres d\u00edas para abandonar el municipio o ser\u00eda<\/strong><\/p>\n<p dir=\"ltr\"><strong>asesinada<\/strong>. Debido a la presi\u00f3n recibida, la mujer abandon\u00f3 su vivienda y sali\u00f3 del departamento.<\/p>\n<p dir=\"ltr\">Por lo anterior, un fiscal de la Seccional Arauca, le imput\u00f3<strong> los delitos de\u00a0deportaci\u00f3n, expulsi\u00f3n, traslado, o desplazamiento forzado de poblaci\u00f3n civil; y concierto para delinquir agravado.<\/strong> Los cargos no fueron aceptados.<\/p>\n<p dir=\"ltr\">El hombre fue\u00a0<a href=\"https:\/\/www.fiscalia.gov.co\/colombia\/noticias\/la-mona-debera-cumplir-medida-de-aseguramiento-en-carcel-por-su-presunta-responsabilidad-en-el-reclutamiento-de-menores-de-edad-para-las-disidencias-de-las-farc\/\" target=\"_blank\" rel=\"noopener\" data-saferedirecturl=\"https:\/\/www.google.com\/url?q=https:\/\/www.fiscalia.gov.co\/colombia\/noticias\/la-mona-debera-cumplir-medida-de-aseguramiento-en-carcel-por-su-presunta-responsabilidad-en-el-reclutamiento-de-menores-de-edad-para-las-disidencias-de-las-farc\/&amp;source=gmail&amp;ust=1747315901288000&amp;usg=AOvVaw25JR9tolr1ctQUqFw6TypA\">capturado<\/a>\u00a0en un operativo\u00a0 conjunto entre uniformados del Gaula Militar, Polic\u00eda Nacional, Fuerza Aeroespacial y Armada Nacional\u00a0 en diligencia de allanamiento y registro adelantado en un inmueble\u00a0 de Yopal (Casanare). En el procedimiento le fueron incautados 9 celulares.<\/p>\n<p>&nbsp;<\/p>\n<p>&nbsp;<\/p>\n<p>&nbsp;<\/p>\n<p>&nbsp;<\/p>\n<p dir=\"ltr\">MPHA\/AMCJ\/JASN\/DSA<\/p>\n<p>&nbsp;<\/p>\n<p>&nbsp;<\/p>\n<p>&nbsp;<\/p>\n<p dir=\"ltr\"><em>La informaci\u00f3n contenida en este bolet\u00edn de prensa corresponde a la narraci\u00f3n de los hechos noticiosos objetivos, suministrados por los funcionarios encargados de adelantar las investigaciones penales al interior de la Fiscal\u00eda General de la Naci\u00f3n. Para el momento de la divulgaci\u00f3n de este comunicado, la situaci\u00f3n jur\u00eddica de la(s) persona(s) relacionada(s) se encuentra pendiente de resolver por la autoridad judicial competente, siempre bajo los preceptos de la presunci\u00f3n de inocencia, consagrados en el art\u00edculo 29 de la Constituci\u00f3n Pol\u00edtica y el art\u00edculo 7\u00ba de la Ley 906 de 2004.\u00a0<\/em><\/p>\n\n<div class=\"twitter-share\"><a href=\"https:\/\/twitter.com\/intent\/tweet?via=fiscaliacol\" class=\"twitter-share-button\">Tweet<\/a><\/div>\n","protected":false},"excerpt":{"rendered":"<p>Ser\u00eda el responsable de las extorsiones a una mujer que fue obligada a abandonar su vivienda por no acceder a las exigencias econ\u00f3micas.\u00a0 En atenci\u00f3n al material probatorio recopilado por la Fiscal\u00eda General de la Naci\u00f3n, un juez de control de garant\u00edas impuso\u00a0medida de aseguramiento en\u00a0centro carcelario a H\u00e9ctor Hevencio Ciro Zapata, alias Sombrer\u00f3n o [&hellip;]<\/p>\n","protected":false},"author":177,"featured_media":0,"comment_status":"closed","ping_status":"open","sticky":false,"template":"","format":"standard","meta":{"tdm_status":"","tdm_grid_status":"","footnotes":""},"categories":[1,12632,303],"tags":[31726,924,14550,37492,1047,24206,29615,17967,2286,10084],"class_list":{"0":"post-315250","1":"post","2":"type-post","3":"status-publish","4":"format-standard","6":"category-noticias","7":"category-seccional-arauca","8":"category-seccionales","9":"tag-arauca-arauca","10":"tag-captura","11":"tag-carcel","12":"tag-fiscal-luz-adriana-camargo","13":"tag-fiscalia-general-de-la-nacion","14":"tag-gaor","15":"tag-impacto","16":"tag-investigacion","17":"tag-justicia","18":"tag-seguridad"},"yoast_head":"<!-- This site is optimized with the Yoast SEO plugin v24.3 - https:\/\/yoast.com\/wordpress\/plugins\/seo\/ -->\n<title>Fiscal\u00eda General de la Naci\u00f3n<\/title>\n<meta name=\"description\" content=\"P\u00e1gina oficial de la Fiscal\u00eda General de la Naci\u00f3n \u2013 Colombia. Garantizamos el acceso efectivo a la justicia, la verdad y la reparaci\u00f3n de las v\u00edctimas de los delitos.\" \/>\n<meta name=\"robots\" content=\"noindex, follow\" \/>\n<meta property=\"og:locale\" content=\"es_ES\" \/>\n<meta property=\"og:type\" content=\"article\" \/>\n<meta property=\"og:title\" content=\"Fiscal\u00eda General de la Naci\u00f3n\" \/>\n<meta property=\"og:description\" content=\"P\u00e1gina oficial de la Fiscal\u00eda General de la Naci\u00f3n \u2013 Colombia. Garantizamos el acceso efectivo a la justicia, la verdad y la reparaci\u00f3n de las v\u00edctimas de los delitos.\" \/>\n<meta property=\"og:url\" content=\"https:\/\/www.fiscalia.gov.co\/colombia\/noticias\/por-acciones-delictivas-en-arauca-fue-asegurado-alias-sombreron-presunto-cabecilla-de-las-disidencias-de-las-farc\/\" \/>\n<meta property=\"og:site_name\" content=\"Fiscal\u00eda General de la Naci\u00f3n\" \/>\n<meta property=\"article:publisher\" content=\"https:\/\/www.facebook.com\/FiscaliaCol\" \/>\n<meta property=\"article:published_time\" content=\"2025-05-14T13:43:21+00:00\" \/>\n<meta property=\"og:image\" content=\"https:\/\/www.fiscalia.gov.co\/colombia\/wp-content\/uploads\/Hector-Hevencio-Ciro-Zapata-alias-Sombreron-o-Wilmer-Guerrero-judicializado-por-deportacion-expulsion-traslado-o-desplazamiento-forzado-y-concierto-para-delinquir-agravado.jpg-1.jpg\" \/>\n\t<meta property=\"og:image:width\" content=\"1600\" \/>\n\t<meta property=\"og:image:height\" content=\"900\" \/>\n\t<meta property=\"og:image:type\" content=\"image\/jpeg\" \/>\n<meta name=\"author\" content=\"Jordan Leandro Oviedo Anzola\" \/>\n<meta name=\"twitter:card\" content=\"summary_large_image\" \/>\n<meta name=\"twitter:creator\" content=\"@FiscaliaCol\" \/>\n<meta name=\"twitter:site\" content=\"@FiscaliaCol\" \/>\n<meta name=\"twitter:label1\" content=\"Escrito por\" \/>\n\t<meta name=\"twitter:data1\" content=\"Jordan Leandro Oviedo Anzola\" \/>\n\t<meta name=\"twitter:label2\" content=\"Tiempo de lectura\" \/>\n\t<meta name=\"twitter:data2\" content=\"2 minutos\" \/>\n<script type=\"application\/ld+json\" class=\"yoast-schema-graph\">{\"@context\":\"https:\/\/schema.org\",\"@graph\":[{\"@type\":\"Article\",\"@id\":\"https:\/\/www.fiscalia.gov.co\/colombia\/noticias\/por-acciones-delictivas-en-arauca-fue-asegurado-alias-sombreron-presunto-cabecilla-de-las-disidencias-de-las-farc\/#article\",\"isPartOf\":{\"@id\":\"https:\/\/www.fiscalia.gov.co\/colombia\/noticias\/por-acciones-delictivas-en-arauca-fue-asegurado-alias-sombreron-presunto-cabecilla-de-las-disidencias-de-las-farc\/\"},\"author\":{\"name\":\"Jordan Leandro Oviedo Anzola\",\"@id\":\"https:\/\/www.fiscalia.gov.co\/colombia\/#\/schema\/person\/bf84402cf293a5393e9c70b111020b24\"},\"headline\":\"Por acciones delictivas en Arauca fue asegurado alias Sombrer\u00f3n, presunto cabecilla de las disidencias de las Farc\",\"datePublished\":\"2025-05-14T13:43:21+00:00\",\"dateModified\":\"2025-05-14T13:43:21+00:00\",\"mainEntityOfPage\":{\"@id\":\"https:\/\/www.fiscalia.gov.co\/colombia\/noticias\/por-acciones-delictivas-en-arauca-fue-asegurado-alias-sombreron-presunto-cabecilla-de-las-disidencias-de-las-farc\/\"},\"wordCount\":454,\"publisher\":{\"@id\":\"https:\/\/www.fiscalia.gov.co\/colombia\/#organization\"},\"image\":{\"@id\":\"https:\/\/www.fiscalia.gov.co\/colombia\/noticias\/por-acciones-delictivas-en-arauca-fue-asegurado-alias-sombreron-presunto-cabecilla-de-las-disidencias-de-las-farc\/#primaryimage\"},\"thumbnailUrl\":\"https:\/\/www.fiscalia.gov.co\/colombia\/wp-content\/uploads\/Hector-Hevencio-Ciro-Zapata-alias-Sombreron-o-Wilmer-Guerrero-judicializado-por-deportacion-expulsion-traslado-o-desplazamiento-forzado-y-concierto-para-delinquir-agravado.jpg-1-1024x576.jpg\",\"keywords\":[\"Arauca (Arauca)\",\"Captura\",\"C\u00e1rcel\",\"Fiscal Luz Adriana Camargo\",\"Fiscal\u00eda General de la Naci\u00f3n\",\"Gaor\",\"impacto\",\"Investigaci\u00f3n\",\"Justicia\",\"Seguridad\"],\"articleSection\":[\"Noticias\",\"Seccional Arauca\",\"Seccionales\"],\"inLanguage\":\"es-CO\"},{\"@type\":\"WebPage\",\"@id\":\"https:\/\/www.fiscalia.gov.co\/colombia\/noticias\/por-acciones-delictivas-en-arauca-fue-asegurado-alias-sombreron-presunto-cabecilla-de-las-disidencias-de-las-farc\/\",\"url\":\"https:\/\/www.fiscalia.gov.co\/colombia\/noticias\/por-acciones-delictivas-en-arauca-fue-asegurado-alias-sombreron-presunto-cabecilla-de-las-disidencias-de-las-farc\/\",\"name\":\"Fiscal\u00eda General de la Naci\u00f3n\",\"isPartOf\":{\"@id\":\"https:\/\/www.fiscalia.gov.co\/colombia\/#website\"},\"primaryImageOfPage\":{\"@id\":\"https:\/\/www.fiscalia.gov.co\/colombia\/noticias\/por-acciones-delictivas-en-arauca-fue-asegurado-alias-sombreron-presunto-cabecilla-de-las-disidencias-de-las-farc\/#primaryimage\"},\"image\":{\"@id\":\"https:\/\/www.fiscalia.gov.co\/colombia\/noticias\/por-acciones-delictivas-en-arauca-fue-asegurado-alias-sombreron-presunto-cabecilla-de-las-disidencias-de-las-farc\/#primaryimage\"},\"thumbnailUrl\":\"https:\/\/www.fiscalia.gov.co\/colombia\/wp-content\/uploads\/Hector-Hevencio-Ciro-Zapata-alias-Sombreron-o-Wilmer-Guerrero-judicializado-por-deportacion-expulsion-traslado-o-desplazamiento-forzado-y-concierto-para-delinquir-agravado.jpg-1-1024x576.jpg\",\"datePublished\":\"2025-05-14T13:43:21+00:00\",\"dateModified\":\"2025-05-14T13:43:21+00:00\",\"description\":\"P\u00e1gina oficial de la Fiscal\u00eda General de la Naci\u00f3n \u2013 Colombia. Garantizamos el acceso efectivo a la justicia, la verdad y la reparaci\u00f3n de las v\u00edctimas de los delitos.\",\"breadcrumb\":{\"@id\":\"https:\/\/www.fiscalia.gov.co\/colombia\/noticias\/por-acciones-delictivas-en-arauca-fue-asegurado-alias-sombreron-presunto-cabecilla-de-las-disidencias-de-las-farc\/#breadcrumb\"},\"inLanguage\":\"es-CO\",\"potentialAction\":[{\"@type\":\"ReadAction\",\"target\":[\"https:\/\/www.fiscalia.gov.co\/colombia\/noticias\/por-acciones-delictivas-en-arauca-fue-asegurado-alias-sombreron-presunto-cabecilla-de-las-disidencias-de-las-farc\/\"]}]},{\"@type\":\"ImageObject\",\"inLanguage\":\"es-CO\",\"@id\":\"https:\/\/www.fiscalia.gov.co\/colombia\/noticias\/por-acciones-delictivas-en-arauca-fue-asegurado-alias-sombreron-presunto-cabecilla-de-las-disidencias-de-las-farc\/#primaryimage\",\"url\":\"https:\/\/www.fiscalia.gov.co\/colombia\/wp-content\/uploads\/Hector-Hevencio-Ciro-Zapata-alias-Sombreron-o-Wilmer-Guerrero-judicializado-por-deportacion-expulsion-traslado-o-desplazamiento-forzado-y-concierto-para-delinquir-agravado.jpg-1.jpg\",\"contentUrl\":\"https:\/\/www.fiscalia.gov.co\/colombia\/wp-content\/uploads\/Hector-Hevencio-Ciro-Zapata-alias-Sombreron-o-Wilmer-Guerrero-judicializado-por-deportacion-expulsion-traslado-o-desplazamiento-forzado-y-concierto-para-delinquir-agravado.jpg-1.jpg\",\"width\":1600,\"height\":900,\"caption\":\"H\u00e9ctor Hevencio Ciro Zapata, alias Sombrer\u00f3n o Wilmer Guerrero, presunto integrante de las disidencias de las Farc con injerencia en los departamentos de Arauca y Casanare, es se\u00f1alado de acciones delictivas en los departamentos de Arauca y Casanare.\"},{\"@type\":\"BreadcrumbList\",\"@id\":\"https:\/\/www.fiscalia.gov.co\/colombia\/noticias\/por-acciones-delictivas-en-arauca-fue-asegurado-alias-sombreron-presunto-cabecilla-de-las-disidencias-de-las-farc\/#breadcrumb\",\"itemListElement\":[{\"@type\":\"ListItem\",\"position\":1,\"name\":\"Home\",\"item\":\"https:\/\/www.fiscalia.gov.co\/colombia\/\"},{\"@type\":\"ListItem\",\"position\":2,\"name\":\"Por acciones delictivas en Arauca fue asegurado alias Sombrer\u00f3n, presunto cabecilla de las disidencias de las Farc\"}]},{\"@type\":\"WebSite\",\"@id\":\"https:\/\/www.fiscalia.gov.co\/colombia\/#website\",\"url\":\"https:\/\/www.fiscalia.gov.co\/colombia\/\",\"name\":\"Fiscal\u00eda General de la Naci\u00f3n\",\"description\":\"P\u00e1gina oficial de la Fiscal\u00eda General de la Naci\u00f3n \u2013 Colombia. Garantizamos el acceso efectivo a la justicia, la verdad y la reparaci\u00f3n de las v\u00edctimas de los delitos.\",\"publisher\":{\"@id\":\"https:\/\/www.fiscalia.gov.co\/colombia\/#organization\"},\"potentialAction\":[{\"@type\":\"SearchAction\",\"target\":{\"@type\":\"EntryPoint\",\"urlTemplate\":\"https:\/\/www.fiscalia.gov.co\/colombia\/?s={search_term_string}\"},\"query-input\":{\"@type\":\"PropertyValueSpecification\",\"valueRequired\":true,\"valueName\":\"search_term_string\"}}],\"inLanguage\":\"es-CO\"},{\"@type\":\"Organization\",\"@id\":\"https:\/\/www.fiscalia.gov.co\/colombia\/#organization\",\"name\":\"Fiscal\u00eda General de la Naci\u00f3n\",\"url\":\"https:\/\/www.fiscalia.gov.co\/colombia\/\",\"logo\":{\"@type\":\"ImageObject\",\"inLanguage\":\"es-CO\",\"@id\":\"https:\/\/www.fiscalia.gov.co\/colombia\/#\/schema\/logo\/image\/\",\"url\":\"https:\/\/www.fiscalia.gov.co\/colombia\/wp-content\/uploads\/LogoHorizontal_1.jpg\",\"contentUrl\":\"https:\/\/www.fiscalia.gov.co\/colombia\/wp-content\/uploads\/LogoHorizontal_1.jpg\",\"width\":300,\"height\":90,\"caption\":\"Fiscal\u00eda General de la Naci\u00f3n\"},\"image\":{\"@id\":\"https:\/\/www.fiscalia.gov.co\/colombia\/#\/schema\/logo\/image\/\"},\"sameAs\":[\"https:\/\/www.facebook.com\/FiscaliaCol\",\"https:\/\/x.com\/FiscaliaCol\",\"https:\/\/www.instagram.com\/fiscaliacol\",\"https:\/\/www.linkedin.com\/company\/fiscalia-general-de-la-naci-n\/\",\"https:\/\/youtube.com\/@fiscaliageneraldelanacion-4668?si=6nN79nyQICPU5iTh\"]},{\"@type\":\"Person\",\"@id\":\"https:\/\/www.fiscalia.gov.co\/colombia\/#\/schema\/person\/bf84402cf293a5393e9c70b111020b24\",\"name\":\"Jordan Leandro Oviedo Anzola\",\"image\":{\"@type\":\"ImageObject\",\"inLanguage\":\"es-CO\",\"@id\":\"https:\/\/www.fiscalia.gov.co\/colombia\/#\/schema\/person\/image\/\",\"url\":\"https:\/\/secure.gravatar.com\/avatar\/dabba4346fa9b9207d96adafa8f92721?s=96&d=mm&r=g\",\"contentUrl\":\"https:\/\/secure.gravatar.com\/avatar\/dabba4346fa9b9207d96adafa8f92721?s=96&d=mm&r=g\",\"caption\":\"Jordan Leandro Oviedo Anzola\"},\"url\":\"https:\/\/www.fiscalia.gov.co\/colombia\/author\/joviedo\/\"}]}<\/script>\n<!-- \/ Yoast SEO plugin. -->","yoast_head_json":{"title":"Fiscal\u00eda General de la Naci\u00f3n","description":"P\u00e1gina oficial de la Fiscal\u00eda General de la Naci\u00f3n \u2013 Colombia. Garantizamos el acceso efectivo a la justicia, la verdad y la reparaci\u00f3n de las v\u00edctimas de los delitos.","robots":{"index":"noindex","follow":"follow"},"og_locale":"es_ES","og_type":"article","og_title":"Fiscal\u00eda General de la Naci\u00f3n","og_description":"P\u00e1gina oficial de la Fiscal\u00eda General de la Naci\u00f3n \u2013 Colombia. Garantizamos el acceso efectivo a la justicia, la verdad y la reparaci\u00f3n de las v\u00edctimas de los delitos.","og_url":"https:\/\/www.fiscalia.gov.co\/colombia\/noticias\/por-acciones-delictivas-en-arauca-fue-asegurado-alias-sombreron-presunto-cabecilla-de-las-disidencias-de-las-farc\/","og_site_name":"Fiscal\u00eda General de la Naci\u00f3n","article_publisher":"https:\/\/www.facebook.com\/FiscaliaCol","article_published_time":"2025-05-14T13:43:21+00:00","og_image":[{"width":1600,"height":900,"url":"https:\/\/www.fiscalia.gov.co\/colombia\/wp-content\/uploads\/Hector-Hevencio-Ciro-Zapata-alias-Sombreron-o-Wilmer-Guerrero-judicializado-por-deportacion-expulsion-traslado-o-desplazamiento-forzado-y-concierto-para-delinquir-agravado.jpg-1.jpg","type":"image\/jpeg"}],"author":"Jordan Leandro Oviedo Anzola","twitter_card":"summary_large_image","twitter_creator":"@FiscaliaCol","twitter_site":"@FiscaliaCol","twitter_misc":{"Escrito por":"Jordan Leandro Oviedo Anzola","Tiempo de lectura":"2 minutos"},"schema":{"@context":"https:\/\/schema.org","@graph":[{"@type":"Article","@id":"https:\/\/www.fiscalia.gov.co\/colombia\/noticias\/por-acciones-delictivas-en-arauca-fue-asegurado-alias-sombreron-presunto-cabecilla-de-las-disidencias-de-las-farc\/#article","isPartOf":{"@id":"https:\/\/www.fiscalia.gov.co\/colombia\/noticias\/por-acciones-delictivas-en-arauca-fue-asegurado-alias-sombreron-presunto-cabecilla-de-las-disidencias-de-las-farc\/"},"author":{"name":"Jordan Leandro Oviedo Anzola","@id":"https:\/\/www.fiscalia.gov.co\/colombia\/#\/schema\/person\/bf84402cf293a5393e9c70b111020b24"},"headline":"Por acciones delictivas en Arauca fue asegurado alias Sombrer\u00f3n, presunto cabecilla de las disidencias de las Farc","datePublished":"2025-05-14T13:43:21+00:00","dateModified":"2025-05-14T13:43:21+00:00","mainEntityOfPage":{"@id":"https:\/\/www.fiscalia.gov.co\/colombia\/noticias\/por-acciones-delictivas-en-arauca-fue-asegurado-alias-sombreron-presunto-cabecilla-de-las-disidencias-de-las-farc\/"},"wordCount":454,"publisher":{"@id":"https:\/\/www.fiscalia.gov.co\/colombia\/#organization"},"image":{"@id":"https:\/\/www.fiscalia.gov.co\/colombia\/noticias\/por-acciones-delictivas-en-arauca-fue-asegurado-alias-sombreron-presunto-cabecilla-de-las-disidencias-de-las-farc\/#primaryimage"},"thumbnailUrl":"https:\/\/www.fiscalia.gov.co\/colombia\/wp-content\/uploads\/Hector-Hevencio-Ciro-Zapata-alias-Sombreron-o-Wilmer-Guerrero-judicializado-por-deportacion-expulsion-traslado-o-desplazamiento-forzado-y-concierto-para-delinquir-agravado.jpg-1-1024x576.jpg","keywords":["Arauca (Arauca)","Captura","C\u00e1rcel","Fiscal Luz Adriana Camargo","Fiscal\u00eda General de la Naci\u00f3n","Gaor","impacto","Investigaci\u00f3n","Justicia","Seguridad"],"articleSection":["Noticias","Seccional Arauca","Seccionales"],"inLanguage":"es-CO"},{"@type":"WebPage","@id":"https:\/\/www.fiscalia.gov.co\/colombia\/noticias\/por-acciones-delictivas-en-arauca-fue-asegurado-alias-sombreron-presunto-cabecilla-de-las-disidencias-de-las-farc\/","url":"https:\/\/www.fiscalia.gov.co\/colombia\/noticias\/por-acciones-delictivas-en-arauca-fue-asegurado-alias-sombreron-presunto-cabecilla-de-las-disidencias-de-las-farc\/","name":"Fiscal\u00eda General de la Naci\u00f3n","isPartOf":{"@id":"https:\/\/www.fiscalia.gov.co\/colombia\/#website"},"primaryImageOfPage":{"@id":"https:\/\/www.fiscalia.gov.co\/colombia\/noticias\/por-acciones-delictivas-en-arauca-fue-asegurado-alias-sombreron-presunto-cabecilla-de-las-disidencias-de-las-farc\/#primaryimage"},"image":{"@id":"https:\/\/www.fiscalia.gov.co\/colombia\/noticias\/por-acciones-delictivas-en-arauca-fue-asegurado-alias-sombreron-presunto-cabecilla-de-las-disidencias-de-las-farc\/#primaryimage"},"thumbnailUrl":"https:\/\/www.fiscalia.gov.co\/colombia\/wp-content\/uploads\/Hector-Hevencio-Ciro-Zapata-alias-Sombreron-o-Wilmer-Guerrero-judicializado-por-deportacion-expulsion-traslado-o-desplazamiento-forzado-y-concierto-para-delinquir-agravado.jpg-1-1024x576.jpg","datePublished":"2025-05-14T13:43:21+00:00","dateModified":"2025-05-14T13:43:21+00:00","description":"P\u00e1gina oficial de la Fiscal\u00eda General de la Naci\u00f3n \u2013 Colombia. Garantizamos el acceso efectivo a la justicia, la verdad y la reparaci\u00f3n de las v\u00edctimas de los delitos.","breadcrumb":{"@id":"https:\/\/www.fiscalia.gov.co\/colombia\/noticias\/por-acciones-delictivas-en-arauca-fue-asegurado-alias-sombreron-presunto-cabecilla-de-las-disidencias-de-las-farc\/#breadcrumb"},"inLanguage":"es-CO","potentialAction":[{"@type":"ReadAction","target":["https:\/\/www.fiscalia.gov.co\/colombia\/noticias\/por-acciones-delictivas-en-arauca-fue-asegurado-alias-sombreron-presunto-cabecilla-de-las-disidencias-de-las-farc\/"]}]},{"@type":"ImageObject","inLanguage":"es-CO","@id":"https:\/\/www.fiscalia.gov.co\/colombia\/noticias\/por-acciones-delictivas-en-arauca-fue-asegurado-alias-sombreron-presunto-cabecilla-de-las-disidencias-de-las-farc\/#primaryimage","url":"https:\/\/www.fiscalia.gov.co\/colombia\/wp-content\/uploads\/Hector-Hevencio-Ciro-Zapata-alias-Sombreron-o-Wilmer-Guerrero-judicializado-por-deportacion-expulsion-traslado-o-desplazamiento-forzado-y-concierto-para-delinquir-agravado.jpg-1.jpg","contentUrl":"https:\/\/www.fiscalia.gov.co\/colombia\/wp-content\/uploads\/Hector-Hevencio-Ciro-Zapata-alias-Sombreron-o-Wilmer-Guerrero-judicializado-por-deportacion-expulsion-traslado-o-desplazamiento-forzado-y-concierto-para-delinquir-agravado.jpg-1.jpg","width":1600,"height":900,"caption":"H\u00e9ctor Hevencio Ciro Zapata, alias Sombrer\u00f3n o Wilmer Guerrero, presunto integrante de las disidencias de las Farc con injerencia en los departamentos de Arauca y Casanare, es se\u00f1alado de acciones delictivas en los departamentos de Arauca y Casanare."},{"@type":"BreadcrumbList","@id":"https:\/\/www.fiscalia.gov.co\/colombia\/noticias\/por-acciones-delictivas-en-arauca-fue-asegurado-alias-sombreron-presunto-cabecilla-de-las-disidencias-de-las-farc\/#breadcrumb","itemListElement":[{"@type":"ListItem","position":1,"name":"Home","item":"https:\/\/www.fiscalia.gov.co\/colombia\/"},{"@type":"ListItem","position":2,"name":"Por acciones delictivas en Arauca fue asegurado alias Sombrer\u00f3n, presunto cabecilla de las disidencias de las Farc"}]},{"@type":"WebSite","@id":"https:\/\/www.fiscalia.gov.co\/colombia\/#website","url":"https:\/\/www.fiscalia.gov.co\/colombia\/","name":"Fiscal\u00eda General de la Naci\u00f3n","description":"P\u00e1gina oficial de la Fiscal\u00eda General de la Naci\u00f3n \u2013 Colombia. Garantizamos el acceso efectivo a la justicia, la verdad y la reparaci\u00f3n de las v\u00edctimas de los delitos.","publisher":{"@id":"https:\/\/www.fiscalia.gov.co\/colombia\/#organization"},"potentialAction":[{"@type":"SearchAction","target":{"@type":"EntryPoint","urlTemplate":"https:\/\/www.fiscalia.gov.co\/colombia\/?s={search_term_string}"},"query-input":{"@type":"PropertyValueSpecification","valueRequired":true,"valueName":"search_term_string"}}],"inLanguage":"es-CO"},{"@type":"Organization","@id":"https:\/\/www.fiscalia.gov.co\/colombia\/#organization","name":"Fiscal\u00eda General de la Naci\u00f3n","url":"https:\/\/www.fiscalia.gov.co\/colombia\/","logo":{"@type":"ImageObject","inLanguage":"es-CO","@id":"https:\/\/www.fiscalia.gov.co\/colombia\/#\/schema\/logo\/image\/","url":"https:\/\/www.fiscalia.gov.co\/colombia\/wp-content\/uploads\/LogoHorizontal_1.jpg","contentUrl":"https:\/\/www.fiscalia.gov.co\/colombia\/wp-content\/uploads\/LogoHorizontal_1.jpg","width":300,"height":90,"caption":"Fiscal\u00eda General de la Naci\u00f3n"},"image":{"@id":"https:\/\/www.fiscalia.gov.co\/colombia\/#\/schema\/logo\/image\/"},"sameAs":["https:\/\/www.facebook.com\/FiscaliaCol","https:\/\/x.com\/FiscaliaCol","https:\/\/www.instagram.com\/fiscaliacol","https:\/\/www.linkedin.com\/company\/fiscalia-general-de-la-naci-n\/","https:\/\/youtube.com\/@fiscaliageneraldelanacion-4668?si=6nN79nyQICPU5iTh"]},{"@type":"Person","@id":"https:\/\/www.fiscalia.gov.co\/colombia\/#\/schema\/person\/bf84402cf293a5393e9c70b111020b24","name":"Jordan Leandro Oviedo Anzola","image":{"@type":"ImageObject","inLanguage":"es-CO","@id":"https:\/\/www.fiscalia.gov.co\/colombia\/#\/schema\/person\/image\/","url":"https:\/\/secure.gravatar.com\/avatar\/dabba4346fa9b9207d96adafa8f92721?s=96&d=mm&r=g","contentUrl":"https:\/\/secure.gravatar.com\/avatar\/dabba4346fa9b9207d96adafa8f92721?s=96&d=mm&r=g","caption":"Jordan Leandro Oviedo Anzola"},"url":"https:\/\/www.fiscalia.gov.co\/colombia\/author\/joviedo\/"}]}},"_links":{"self":[{"href":"https:\/\/www.fiscalia.gov.co\/colombia\/wp-json\/wp\/v2\/posts\/315250","targetHints":{"allow":["GET"]}}],"collection":[{"href":"https:\/\/www.fiscalia.gov.co\/colombia\/wp-json\/wp\/v2\/posts"}],"about":[{"href":"https:\/\/www.fiscalia.gov.co\/colombia\/wp-json\/wp\/v2\/types\/post"}],"author":[{"embeddable":true,"href":"https:\/\/www.fiscalia.gov.co\/colombia\/wp-json\/wp\/v2\/users\/177"}],"replies":[{"embeddable":true,"href":"https:\/\/www.fiscalia.gov.co\/colombia\/wp-json\/wp\/v2\/comments?post=315250"}],"version-history":[{"count":1,"href":"https:\/\/www.fiscalia.gov.co\/colombia\/wp-json\/wp\/v2\/posts\/315250\/revisions"}],"predecessor-version":[{"id":315252,"href":"https:\/\/www.fiscalia.gov.co\/colombia\/wp-json\/wp\/v2\/posts\/315250\/revisions\/315252"}],"wp:attachment":[{"href":"https:\/\/www.fiscalia.gov.co\/colombia\/wp-json\/wp\/v2\/media?parent=315250"}],"wp:term":[{"taxonomy":"category","embeddable":true,"href":"https:\/\/www.fiscalia.gov.co\/colombia\/wp-json\/wp\/v2\/categories?post=315250"},{"taxonomy":"post_tag","embeddable":true,"href":"https:\/\/www.fiscalia.gov.co\/colombia\/wp-json\/wp\/v2\/tags?post=315250"}],"curies":[{"name":"wp","href":"https:\/\/api.w.org\/{rel}","templated":true}]}}