{"id":315110,"date":"2025-05-11T10:06:06","date_gmt":"2025-05-11T15:06:06","guid":{"rendered":"https:\/\/www.fiscalia.gov.co\/colombia\/?p=315110"},"modified":"2025-05-11T10:06:06","modified_gmt":"2025-05-11T15:06:06","slug":"por-secuestro-y-abuso-sexual-de-una-mujer-en-bogota-fueron-asegurados-los-presuntos-integrantes-de-una-red-delincuencial","status":"publish","type":"post","link":"https:\/\/www.fiscalia.gov.co\/colombia\/noticias\/por-secuestro-y-abuso-sexual-de-una-mujer-en-bogota-fueron-asegurados-los-presuntos-integrantes-de-una-red-delincuencial\/","title":{"rendered":"Por secuestro y abuso sexual de una mujer en Bogot\u00e1 fueron asegurados los presuntos integrantes de una red delincuencial"},"content":{"rendered":"<h4 style=\"text-align: center;\"><strong><i>Entre los procesados hay un patrullero de la Polic\u00eda Nacional que habr\u00eda llamado a los familiares de la v\u00edctima y exigido dinero por su liberaci\u00f3n.<\/i><\/strong><\/h4>\n<p><span style=\"font-weight: 400;\">La <strong>Fiscal\u00eda General de la Naci\u00f3n<\/strong> present\u00f3 ante un juez de control de garant\u00edas a siete presuntos integrantes de una red delincuencial que estar\u00edan involucrados en el <strong>secuestro y abuso sexual a una mujer,<\/strong> en hechos ocurridos el 3 de julio de 2024, en la <strong>localidad de Puente Aranda de Bogot\u00e1.<\/strong><\/span><\/p>\n<p><span style=\"font-weight: 400;\">En el curso de la investigaci\u00f3n se acredit\u00f3 que la v\u00edctima, dedicada a la venta de paquetes tur\u00edsticos<strong>, fue citada mediante enga\u00f1os<\/strong> para pactar la supuesta compra de un viaje. Al llegar al sitio indicado habr\u00eda sido trasladada a un inmueble,<strong> retenida durante 10 horas y sometida a vej\u00e1menes sexuales y agresiones f\u00edsicas.<\/strong><\/span><\/p>\n<p><span style=\"font-weight: 400;\"><strong>Una fiscal Gaula de la Seccional Bogot\u00e1<\/strong> imput\u00f3 a los presuntos involucrados los delitos de<strong> secuestro extorsivo, hurto calificado y acceso carnal violento,<\/strong> las tres conductas agravadas; adem\u00e1s de<strong> acceso abusivo a sistema inform\u00e1tico y concierto para delinquir.<\/strong>\u00a0<\/span><\/p>\n<p><span style=\"font-weight: 400;\">Los procesados no aceptaron los cargos y deber\u00e1n<strong> cumplir medida de aseguramiento en centro carcelario.\u00a0<\/strong><\/span><\/p>\n<p><span style=\"font-weight: 400;\">Entre los afectados con la decisi\u00f3n est\u00e1 el <strong>patrullero Daniel Andr\u00e9s Arciniegas Arciniegas,<\/strong> quien es se\u00f1alado de obligar a la mujer a entregar informaci\u00f3n personal para ingresar y vaciar sus cuentas bancarias, y<strong> de contactar a los familiares para exigirles dinero a cambio de una liberaci\u00f3n.<\/strong><\/span><\/p>\n<p><span style=\"font-weight: 400;\">Los dem\u00e1s fueron identificados como Angie Carolina Vizcano Sanabria, Nelson Alejandro Fl\u00f3rez Peralta, Juan David Hern\u00e1ndez Pardo, Andr\u00e9s Camilo Fl\u00f3rez Peralta, William Dar\u00edo Hern\u00e1ndez Pardo y William Alexander Montenegro Portela.<\/span><\/p>\n<p>&nbsp;<\/p>\n<p>&nbsp;<\/p>\n<p><span style=\"font-weight: 400;\">LMBG\/AMCJ\/JARG\/EMA\/SFB\/<\/span><\/p>\n<p>&nbsp;<\/p>\n<p>&nbsp;<\/p>\n<p><em>La informaci\u00f3n contenida en este bolet\u00edn de prensa corresponde a la narraci\u00f3n de los hechos noticiosos objetivos, suministrados por los funcionarios encargados de adelantar las investigaciones penales al interior de la Fiscal\u00eda General de la Naci\u00f3n. Para el momento de la divulgaci\u00f3n de este comunicado, la situaci\u00f3n jur\u00eddica de la(s) persona(s) relacionada(s) se encuentra pendiente de resolver por la autoridad judicial competente, siempre bajo los preceptos de la presunci\u00f3n de inocencia, consagrados en el art\u00edculo 29 de la Constituci\u00f3n Pol\u00edtica y el art\u00edculo 7\u00ba de la Ley 906 de 2004.<\/em><\/p>\n\n<div class=\"twitter-share\"><a href=\"https:\/\/twitter.com\/intent\/tweet?via=fiscaliacol\" class=\"twitter-share-button\">Tweet<\/a><\/div>\n","protected":false},"excerpt":{"rendered":"<p>Entre los procesados hay un patrullero de la Polic\u00eda Nacional que habr\u00eda llamado a los familiares de la v\u00edctima y exigido dinero por su liberaci\u00f3n. La Fiscal\u00eda General de la [&hellip;]<\/p>\n","protected":false},"author":179,"featured_media":0,"comment_status":"closed","ping_status":"open","sticky":false,"template":"","format":"standard","meta":{"tdm_status":"","tdm_grid_status":"","footnotes":""},"categories":[1,321,303],"tags":[801,23821,37491,25284,37492,34869,41385,25342,26408,23964],"class_list":["post-315110","post","type-post","status-publish","format-standard","category-noticias","category-seccional-bogota","category-seccionales","tag-abuso-sexual","tag-bogota","tag-fiscal-camargo","tag-fiscal-gaula","tag-fiscal-luz-adriana-camargo","tag-fiscalia-general-de-la-ncion","tag-patrullero-daniel-andres-arciniegas-arciniegas","tag-puente-aranda","tag-seccional-bogota","tag-secuestro"],"yoast_head":"<!-- This site is optimized with the Yoast SEO plugin v24.3 - https:\/\/yoast.com\/wordpress\/plugins\/seo\/ -->\n<title>Fiscal\u00eda General de la Naci\u00f3n<\/title>\n<meta name=\"description\" content=\"P\u00e1gina oficial de la Fiscal\u00eda General de la Naci\u00f3n \u2013 Colombia. Garantizamos el acceso efectivo a la justicia, la verdad y la reparaci\u00f3n de las v\u00edctimas de los delitos.\" \/>\n<meta name=\"robots\" content=\"noindex, follow\" \/>\n<meta property=\"og:locale\" content=\"es_ES\" \/>\n<meta property=\"og:type\" content=\"article\" \/>\n<meta property=\"og:title\" content=\"Fiscal\u00eda General de la Naci\u00f3n\" \/>\n<meta property=\"og:description\" content=\"P\u00e1gina oficial de la Fiscal\u00eda General de la Naci\u00f3n \u2013 Colombia. Garantizamos el acceso efectivo a la justicia, la verdad y la reparaci\u00f3n de las v\u00edctimas de los delitos.\" \/>\n<meta property=\"og:url\" content=\"https:\/\/www.fiscalia.gov.co\/colombia\/noticias\/por-secuestro-y-abuso-sexual-de-una-mujer-en-bogota-fueron-asegurados-los-presuntos-integrantes-de-una-red-delincuencial\/\" \/>\n<meta property=\"og:site_name\" content=\"Fiscal\u00eda General de la Naci\u00f3n\" \/>\n<meta property=\"article:publisher\" content=\"https:\/\/www.facebook.com\/FiscaliaCol\" \/>\n<meta property=\"article:published_time\" content=\"2025-05-11T15:06:06+00:00\" \/>\n<meta name=\"author\" content=\"Lesly Katherine Segura Camargo.\" \/>\n<meta name=\"twitter:card\" content=\"summary_large_image\" \/>\n<meta name=\"twitter:creator\" content=\"@FiscaliaCol\" \/>\n<meta name=\"twitter:site\" content=\"@FiscaliaCol\" \/>\n<meta name=\"twitter:label1\" content=\"Escrito por\" \/>\n\t<meta name=\"twitter:data1\" content=\"Lesly Katherine Segura Camargo.\" \/>\n\t<meta name=\"twitter:label2\" content=\"Tiempo de lectura\" \/>\n\t<meta name=\"twitter:data2\" content=\"2 minutos\" \/>\n<script type=\"application\/ld+json\" class=\"yoast-schema-graph\">{\"@context\":\"https:\/\/schema.org\",\"@graph\":[{\"@type\":\"Article\",\"@id\":\"https:\/\/www.fiscalia.gov.co\/colombia\/noticias\/por-secuestro-y-abuso-sexual-de-una-mujer-en-bogota-fueron-asegurados-los-presuntos-integrantes-de-una-red-delincuencial\/#article\",\"isPartOf\":{\"@id\":\"https:\/\/www.fiscalia.gov.co\/colombia\/noticias\/por-secuestro-y-abuso-sexual-de-una-mujer-en-bogota-fueron-asegurados-los-presuntos-integrantes-de-una-red-delincuencial\/\"},\"author\":{\"name\":\"Lesly Katherine Segura Camargo.\",\"@id\":\"https:\/\/www.fiscalia.gov.co\/colombia\/#\/schema\/person\/6be81acb78add0abcbda2c598c1d53e1\"},\"headline\":\"Por secuestro y abuso sexual de una mujer en Bogot\u00e1 fueron asegurados los presuntos integrantes de una red delincuencial\",\"datePublished\":\"2025-05-11T15:06:06+00:00\",\"dateModified\":\"2025-05-11T15:06:06+00:00\",\"mainEntityOfPage\":{\"@id\":\"https:\/\/www.fiscalia.gov.co\/colombia\/noticias\/por-secuestro-y-abuso-sexual-de-una-mujer-en-bogota-fueron-asegurados-los-presuntos-integrantes-de-una-red-delincuencial\/\"},\"wordCount\":415,\"publisher\":{\"@id\":\"https:\/\/www.fiscalia.gov.co\/colombia\/#organization\"},\"keywords\":[\"Abuso sexual\",\"Bogot\u00e1\",\"fiscal Camargo\",\"fiscal Gaula.\",\"Fiscal Luz Adriana Camargo\",\"fiscalia general de la ncion\",\"patrullero Daniel Andr\u00e9s Arciniegas Arciniegas\",\"Puente Aranda\",\"Seccional Bogot\u00e1\",\"Secuestro\"],\"articleSection\":[\"Noticias\",\"Seccional Bogot\u00e1\",\"Seccionales\"],\"inLanguage\":\"es-CO\"},{\"@type\":\"WebPage\",\"@id\":\"https:\/\/www.fiscalia.gov.co\/colombia\/noticias\/por-secuestro-y-abuso-sexual-de-una-mujer-en-bogota-fueron-asegurados-los-presuntos-integrantes-de-una-red-delincuencial\/\",\"url\":\"https:\/\/www.fiscalia.gov.co\/colombia\/noticias\/por-secuestro-y-abuso-sexual-de-una-mujer-en-bogota-fueron-asegurados-los-presuntos-integrantes-de-una-red-delincuencial\/\",\"name\":\"Fiscal\u00eda General de la Naci\u00f3n\",\"isPartOf\":{\"@id\":\"https:\/\/www.fiscalia.gov.co\/colombia\/#website\"},\"datePublished\":\"2025-05-11T15:06:06+00:00\",\"dateModified\":\"2025-05-11T15:06:06+00:00\",\"description\":\"P\u00e1gina oficial de la Fiscal\u00eda General de la Naci\u00f3n \u2013 Colombia. Garantizamos el acceso efectivo a la justicia, la verdad y la reparaci\u00f3n de las v\u00edctimas de los delitos.\",\"breadcrumb\":{\"@id\":\"https:\/\/www.fiscalia.gov.co\/colombia\/noticias\/por-secuestro-y-abuso-sexual-de-una-mujer-en-bogota-fueron-asegurados-los-presuntos-integrantes-de-una-red-delincuencial\/#breadcrumb\"},\"inLanguage\":\"es-CO\",\"potentialAction\":[{\"@type\":\"ReadAction\",\"target\":[\"https:\/\/www.fiscalia.gov.co\/colombia\/noticias\/por-secuestro-y-abuso-sexual-de-una-mujer-en-bogota-fueron-asegurados-los-presuntos-integrantes-de-una-red-delincuencial\/\"]}]},{\"@type\":\"BreadcrumbList\",\"@id\":\"https:\/\/www.fiscalia.gov.co\/colombia\/noticias\/por-secuestro-y-abuso-sexual-de-una-mujer-en-bogota-fueron-asegurados-los-presuntos-integrantes-de-una-red-delincuencial\/#breadcrumb\",\"itemListElement\":[{\"@type\":\"ListItem\",\"position\":1,\"name\":\"Home\",\"item\":\"https:\/\/www.fiscalia.gov.co\/colombia\/\"},{\"@type\":\"ListItem\",\"position\":2,\"name\":\"Por secuestro y abuso sexual de una mujer en Bogot\u00e1 fueron asegurados los presuntos integrantes de una red delincuencial\"}]},{\"@type\":\"WebSite\",\"@id\":\"https:\/\/www.fiscalia.gov.co\/colombia\/#website\",\"url\":\"https:\/\/www.fiscalia.gov.co\/colombia\/\",\"name\":\"Fiscal\u00eda General de la Naci\u00f3n\",\"description\":\"P\u00e1gina oficial de la Fiscal\u00eda General de la Naci\u00f3n \u2013 Colombia. Garantizamos el acceso efectivo a la justicia, la verdad y la reparaci\u00f3n de las v\u00edctimas de los delitos.\",\"publisher\":{\"@id\":\"https:\/\/www.fiscalia.gov.co\/colombia\/#organization\"},\"potentialAction\":[{\"@type\":\"SearchAction\",\"target\":{\"@type\":\"EntryPoint\",\"urlTemplate\":\"https:\/\/www.fiscalia.gov.co\/colombia\/?s={search_term_string}\"},\"query-input\":{\"@type\":\"PropertyValueSpecification\",\"valueRequired\":true,\"valueName\":\"search_term_string\"}}],\"inLanguage\":\"es-CO\"},{\"@type\":\"Organization\",\"@id\":\"https:\/\/www.fiscalia.gov.co\/colombia\/#organization\",\"name\":\"Fiscal\u00eda General de la Naci\u00f3n\",\"url\":\"https:\/\/www.fiscalia.gov.co\/colombia\/\",\"logo\":{\"@type\":\"ImageObject\",\"inLanguage\":\"es-CO\",\"@id\":\"https:\/\/www.fiscalia.gov.co\/colombia\/#\/schema\/logo\/image\/\",\"url\":\"https:\/\/www.fiscalia.gov.co\/colombia\/wp-content\/uploads\/LogoHorizontal_1.jpg\",\"contentUrl\":\"https:\/\/www.fiscalia.gov.co\/colombia\/wp-content\/uploads\/LogoHorizontal_1.jpg\",\"width\":300,\"height\":90,\"caption\":\"Fiscal\u00eda General de la Naci\u00f3n\"},\"image\":{\"@id\":\"https:\/\/www.fiscalia.gov.co\/colombia\/#\/schema\/logo\/image\/\"},\"sameAs\":[\"https:\/\/www.facebook.com\/FiscaliaCol\",\"https:\/\/x.com\/FiscaliaCol\",\"https:\/\/www.instagram.com\/fiscaliacol\",\"https:\/\/www.linkedin.com\/company\/fiscalia-general-de-la-naci-n\/\",\"https:\/\/youtube.com\/@fiscaliageneraldelanacion-4668?si=6nN79nyQICPU5iTh\"]},{\"@type\":\"Person\",\"@id\":\"https:\/\/www.fiscalia.gov.co\/colombia\/#\/schema\/person\/6be81acb78add0abcbda2c598c1d53e1\",\"name\":\"Lesly Katherine Segura Camargo.\",\"image\":{\"@type\":\"ImageObject\",\"inLanguage\":\"es-CO\",\"@id\":\"https:\/\/www.fiscalia.gov.co\/colombia\/#\/schema\/person\/image\/\",\"url\":\"https:\/\/secure.gravatar.com\/avatar\/1892091c53ef3b9c2fcb37ca6066e439?s=96&d=mm&r=g\",\"contentUrl\":\"https:\/\/secure.gravatar.com\/avatar\/1892091c53ef3b9c2fcb37ca6066e439?s=96&d=mm&r=g\",\"caption\":\"Lesly Katherine Segura Camargo.\"},\"url\":\"https:\/\/www.fiscalia.gov.co\/colombia\/author\/lesly-segura\/\"}]}<\/script>\n<!-- \/ Yoast SEO plugin. -->","yoast_head_json":{"title":"Fiscal\u00eda General de la Naci\u00f3n","description":"P\u00e1gina oficial de la Fiscal\u00eda General de la Naci\u00f3n \u2013 Colombia. Garantizamos el acceso efectivo a la justicia, la verdad y la reparaci\u00f3n de las v\u00edctimas de los delitos.","robots":{"index":"noindex","follow":"follow"},"og_locale":"es_ES","og_type":"article","og_title":"Fiscal\u00eda General de la Naci\u00f3n","og_description":"P\u00e1gina oficial de la Fiscal\u00eda General de la Naci\u00f3n \u2013 Colombia. Garantizamos el acceso efectivo a la justicia, la verdad y la reparaci\u00f3n de las v\u00edctimas de los delitos.","og_url":"https:\/\/www.fiscalia.gov.co\/colombia\/noticias\/por-secuestro-y-abuso-sexual-de-una-mujer-en-bogota-fueron-asegurados-los-presuntos-integrantes-de-una-red-delincuencial\/","og_site_name":"Fiscal\u00eda General de la Naci\u00f3n","article_publisher":"https:\/\/www.facebook.com\/FiscaliaCol","article_published_time":"2025-05-11T15:06:06+00:00","author":"Lesly Katherine Segura Camargo.","twitter_card":"summary_large_image","twitter_creator":"@FiscaliaCol","twitter_site":"@FiscaliaCol","twitter_misc":{"Escrito por":"Lesly Katherine Segura Camargo.","Tiempo de lectura":"2 minutos"},"schema":{"@context":"https:\/\/schema.org","@graph":[{"@type":"Article","@id":"https:\/\/www.fiscalia.gov.co\/colombia\/noticias\/por-secuestro-y-abuso-sexual-de-una-mujer-en-bogota-fueron-asegurados-los-presuntos-integrantes-de-una-red-delincuencial\/#article","isPartOf":{"@id":"https:\/\/www.fiscalia.gov.co\/colombia\/noticias\/por-secuestro-y-abuso-sexual-de-una-mujer-en-bogota-fueron-asegurados-los-presuntos-integrantes-de-una-red-delincuencial\/"},"author":{"name":"Lesly Katherine Segura Camargo.","@id":"https:\/\/www.fiscalia.gov.co\/colombia\/#\/schema\/person\/6be81acb78add0abcbda2c598c1d53e1"},"headline":"Por secuestro y abuso sexual de una mujer en Bogot\u00e1 fueron asegurados los presuntos integrantes de una red delincuencial","datePublished":"2025-05-11T15:06:06+00:00","dateModified":"2025-05-11T15:06:06+00:00","mainEntityOfPage":{"@id":"https:\/\/www.fiscalia.gov.co\/colombia\/noticias\/por-secuestro-y-abuso-sexual-de-una-mujer-en-bogota-fueron-asegurados-los-presuntos-integrantes-de-una-red-delincuencial\/"},"wordCount":415,"publisher":{"@id":"https:\/\/www.fiscalia.gov.co\/colombia\/#organization"},"keywords":["Abuso sexual","Bogot\u00e1","fiscal Camargo","fiscal Gaula.","Fiscal Luz Adriana Camargo","fiscalia general de la ncion","patrullero Daniel Andr\u00e9s Arciniegas Arciniegas","Puente Aranda","Seccional Bogot\u00e1","Secuestro"],"articleSection":["Noticias","Seccional Bogot\u00e1","Seccionales"],"inLanguage":"es-CO"},{"@type":"WebPage","@id":"https:\/\/www.fiscalia.gov.co\/colombia\/noticias\/por-secuestro-y-abuso-sexual-de-una-mujer-en-bogota-fueron-asegurados-los-presuntos-integrantes-de-una-red-delincuencial\/","url":"https:\/\/www.fiscalia.gov.co\/colombia\/noticias\/por-secuestro-y-abuso-sexual-de-una-mujer-en-bogota-fueron-asegurados-los-presuntos-integrantes-de-una-red-delincuencial\/","name":"Fiscal\u00eda General de la Naci\u00f3n","isPartOf":{"@id":"https:\/\/www.fiscalia.gov.co\/colombia\/#website"},"datePublished":"2025-05-11T15:06:06+00:00","dateModified":"2025-05-11T15:06:06+00:00","description":"P\u00e1gina oficial de la Fiscal\u00eda General de la Naci\u00f3n \u2013 Colombia. Garantizamos el acceso efectivo a la justicia, la verdad y la reparaci\u00f3n de las v\u00edctimas de los delitos.","breadcrumb":{"@id":"https:\/\/www.fiscalia.gov.co\/colombia\/noticias\/por-secuestro-y-abuso-sexual-de-una-mujer-en-bogota-fueron-asegurados-los-presuntos-integrantes-de-una-red-delincuencial\/#breadcrumb"},"inLanguage":"es-CO","potentialAction":[{"@type":"ReadAction","target":["https:\/\/www.fiscalia.gov.co\/colombia\/noticias\/por-secuestro-y-abuso-sexual-de-una-mujer-en-bogota-fueron-asegurados-los-presuntos-integrantes-de-una-red-delincuencial\/"]}]},{"@type":"BreadcrumbList","@id":"https:\/\/www.fiscalia.gov.co\/colombia\/noticias\/por-secuestro-y-abuso-sexual-de-una-mujer-en-bogota-fueron-asegurados-los-presuntos-integrantes-de-una-red-delincuencial\/#breadcrumb","itemListElement":[{"@type":"ListItem","position":1,"name":"Home","item":"https:\/\/www.fiscalia.gov.co\/colombia\/"},{"@type":"ListItem","position":2,"name":"Por secuestro y abuso sexual de una mujer en Bogot\u00e1 fueron asegurados los presuntos integrantes de una red delincuencial"}]},{"@type":"WebSite","@id":"https:\/\/www.fiscalia.gov.co\/colombia\/#website","url":"https:\/\/www.fiscalia.gov.co\/colombia\/","name":"Fiscal\u00eda General de la Naci\u00f3n","description":"P\u00e1gina oficial de la Fiscal\u00eda General de la Naci\u00f3n \u2013 Colombia. Garantizamos el acceso efectivo a la justicia, la verdad y la reparaci\u00f3n de las v\u00edctimas de los delitos.","publisher":{"@id":"https:\/\/www.fiscalia.gov.co\/colombia\/#organization"},"potentialAction":[{"@type":"SearchAction","target":{"@type":"EntryPoint","urlTemplate":"https:\/\/www.fiscalia.gov.co\/colombia\/?s={search_term_string}"},"query-input":{"@type":"PropertyValueSpecification","valueRequired":true,"valueName":"search_term_string"}}],"inLanguage":"es-CO"},{"@type":"Organization","@id":"https:\/\/www.fiscalia.gov.co\/colombia\/#organization","name":"Fiscal\u00eda General de la Naci\u00f3n","url":"https:\/\/www.fiscalia.gov.co\/colombia\/","logo":{"@type":"ImageObject","inLanguage":"es-CO","@id":"https:\/\/www.fiscalia.gov.co\/colombia\/#\/schema\/logo\/image\/","url":"https:\/\/www.fiscalia.gov.co\/colombia\/wp-content\/uploads\/LogoHorizontal_1.jpg","contentUrl":"https:\/\/www.fiscalia.gov.co\/colombia\/wp-content\/uploads\/LogoHorizontal_1.jpg","width":300,"height":90,"caption":"Fiscal\u00eda General de la Naci\u00f3n"},"image":{"@id":"https:\/\/www.fiscalia.gov.co\/colombia\/#\/schema\/logo\/image\/"},"sameAs":["https:\/\/www.facebook.com\/FiscaliaCol","https:\/\/x.com\/FiscaliaCol","https:\/\/www.instagram.com\/fiscaliacol","https:\/\/www.linkedin.com\/company\/fiscalia-general-de-la-naci-n\/","https:\/\/youtube.com\/@fiscaliageneraldelanacion-4668?si=6nN79nyQICPU5iTh"]},{"@type":"Person","@id":"https:\/\/www.fiscalia.gov.co\/colombia\/#\/schema\/person\/6be81acb78add0abcbda2c598c1d53e1","name":"Lesly Katherine Segura Camargo.","image":{"@type":"ImageObject","inLanguage":"es-CO","@id":"https:\/\/www.fiscalia.gov.co\/colombia\/#\/schema\/person\/image\/","url":"https:\/\/secure.gravatar.com\/avatar\/1892091c53ef3b9c2fcb37ca6066e439?s=96&d=mm&r=g","contentUrl":"https:\/\/secure.gravatar.com\/avatar\/1892091c53ef3b9c2fcb37ca6066e439?s=96&d=mm&r=g","caption":"Lesly Katherine Segura Camargo."},"url":"https:\/\/www.fiscalia.gov.co\/colombia\/author\/lesly-segura\/"}]}},"_links":{"self":[{"href":"https:\/\/www.fiscalia.gov.co\/colombia\/wp-json\/wp\/v2\/posts\/315110","targetHints":{"allow":["GET"]}}],"collection":[{"href":"https:\/\/www.fiscalia.gov.co\/colombia\/wp-json\/wp\/v2\/posts"}],"about":[{"href":"https:\/\/www.fiscalia.gov.co\/colombia\/wp-json\/wp\/v2\/types\/post"}],"author":[{"embeddable":true,"href":"https:\/\/www.fiscalia.gov.co\/colombia\/wp-json\/wp\/v2\/users\/179"}],"replies":[{"embeddable":true,"href":"https:\/\/www.fiscalia.gov.co\/colombia\/wp-json\/wp\/v2\/comments?post=315110"}],"version-history":[{"count":1,"href":"https:\/\/www.fiscalia.gov.co\/colombia\/wp-json\/wp\/v2\/posts\/315110\/revisions"}],"predecessor-version":[{"id":315111,"href":"https:\/\/www.fiscalia.gov.co\/colombia\/wp-json\/wp\/v2\/posts\/315110\/revisions\/315111"}],"wp:attachment":[{"href":"https:\/\/www.fiscalia.gov.co\/colombia\/wp-json\/wp\/v2\/media?parent=315110"}],"wp:term":[{"taxonomy":"category","embeddable":true,"href":"https:\/\/www.fiscalia.gov.co\/colombia\/wp-json\/wp\/v2\/categories?post=315110"},{"taxonomy":"post_tag","embeddable":true,"href":"https:\/\/www.fiscalia.gov.co\/colombia\/wp-json\/wp\/v2\/tags?post=315110"}],"curies":[{"name":"wp","href":"https:\/\/api.w.org\/{rel}","templated":true}]}}