{"id":315030,"date":"2025-05-09T08:45:14","date_gmt":"2025-05-09T13:45:14","guid":{"rendered":"https:\/\/www.fiscalia.gov.co\/colombia\/?p=315030"},"modified":"2025-05-09T08:45:14","modified_gmt":"2025-05-09T13:45:14","slug":"por-extorsiones-a-comerciantes-en-atlantico-fueron-asegurados-seis-presuntos-responsables","status":"publish","type":"post","link":"https:\/\/www.fiscalia.gov.co\/colombia\/noticias\/por-extorsiones-a-comerciantes-en-atlantico-fueron-asegurados-seis-presuntos-responsables\/","title":{"rendered":"Por extorsiones a comerciantes en atl\u00e1ntico fueron asegurados seis presuntos responsables"},"content":{"rendered":"<p>La Fiscal\u00eda General de la Naci\u00f3n present\u00f3 ante un juez de control de garant\u00edas, <strong>a seis personas que se habr\u00edan concertado para realizar extorsiones a comerciantes en Soledad<\/strong> (Atl\u00e1ntico).<\/p>\n<figure id=\"attachment_315031\" aria-describedby=\"caption-attachment-315031\" style=\"width: 696px\" class=\"wp-caption aligncenter\"><img loading=\"lazy\" decoding=\"async\" class=\"size-large wp-image-315031\" src=\"https:\/\/www.fiscalia.gov.co\/colombia\/wp-content\/uploads\/Durante-las-audiencias-preliminares-un-fiscal-de-la-Seccional-Atlantico-les-imputo-cargos-por-concierto-para-delinquir-y-extorsion-agravada-1024x475.jpeg\" alt=\"Uniformados de la Polic\u00eda Nacional custodian a los seis procesados tras su captura mediante orden judicial. \" width=\"696\" height=\"323\" srcset=\"https:\/\/www.fiscalia.gov.co\/colombia\/wp-content\/uploads\/Durante-las-audiencias-preliminares-un-fiscal-de-la-Seccional-Atlantico-les-imputo-cargos-por-concierto-para-delinquir-y-extorsion-agravada-1024x475.jpeg 1024w, https:\/\/www.fiscalia.gov.co\/colombia\/wp-content\/uploads\/Durante-las-audiencias-preliminares-un-fiscal-de-la-Seccional-Atlantico-les-imputo-cargos-por-concierto-para-delinquir-y-extorsion-agravada-300x139.jpeg 300w, https:\/\/www.fiscalia.gov.co\/colombia\/wp-content\/uploads\/Durante-las-audiencias-preliminares-un-fiscal-de-la-Seccional-Atlantico-les-imputo-cargos-por-concierto-para-delinquir-y-extorsion-agravada-768x356.jpeg 768w, https:\/\/www.fiscalia.gov.co\/colombia\/wp-content\/uploads\/Durante-las-audiencias-preliminares-un-fiscal-de-la-Seccional-Atlantico-les-imputo-cargos-por-concierto-para-delinquir-y-extorsion-agravada-1536x712.jpeg 1536w, https:\/\/www.fiscalia.gov.co\/colombia\/wp-content\/uploads\/Durante-las-audiencias-preliminares-un-fiscal-de-la-Seccional-Atlantico-les-imputo-cargos-por-concierto-para-delinquir-y-extorsion-agravada-906x420.jpeg 906w, https:\/\/www.fiscalia.gov.co\/colombia\/wp-content\/uploads\/Durante-las-audiencias-preliminares-un-fiscal-de-la-Seccional-Atlantico-les-imputo-cargos-por-concierto-para-delinquir-y-extorsion-agravada-696x323.jpeg 696w, https:\/\/www.fiscalia.gov.co\/colombia\/wp-content\/uploads\/Durante-las-audiencias-preliminares-un-fiscal-de-la-Seccional-Atlantico-les-imputo-cargos-por-concierto-para-delinquir-y-extorsion-agravada-1068x495.jpeg 1068w, https:\/\/www.fiscalia.gov.co\/colombia\/wp-content\/uploads\/Durante-las-audiencias-preliminares-un-fiscal-de-la-Seccional-Atlantico-les-imputo-cargos-por-concierto-para-delinquir-y-extorsion-agravada.jpeg 1600w\" sizes=\"auto, (max-width: 696px) 100vw, 696px\" \/><figcaption id=\"caption-attachment-315031\" class=\"wp-caption-text\">Durante las audiencias preliminares, un fiscal de la Seccional Atl\u00e1ntico les imput\u00f3 cargos por concierto para delinquir y extorsi\u00f3n agravada.<\/figcaption><\/figure>\n<p>Durante las audiencias preliminares, <strong>un <a href=\"https:\/\/www.fiscalia.gov.co\/colombia\/noticias\/fiscalia-optimiza-canales-de-denuncia-para-combatir-hurtos-y-extorsiones-durante-temporada-de-fin-de-ano-en-atlantico\/\">fiscal de la Seccional Atl\u00e1ntico<\/a> les imput\u00f3 cargos por concierto para delinquir y extorsi\u00f3n agravada.<\/strong> Ninguno de los procesados acept\u00f3 su responsabilidad y deber\u00e1n cumplir medida de aseguramiento en establecimiento carcelario.<\/p>\n<p>Seg\u00fan la investigaci\u00f3n, los hoy imputados se val\u00edan de panfletos intimidatorios, a nombre de un grupo delincuencial, <strong>para exigir sumas de dinero a los comerciantes a cambio de no atentar contra sus vidas y afectar sus establecimientos.\u00a0<\/strong><\/p>\n<p>Se trata de Leiner Javier Betancourt Jim\u00e9nez, alias El Nene; Faniel Enrique Quintero Barcel\u00f3, Ilfran Almanza de la Rosa, Lucy Marcela Yepes Rodr\u00edguez, Breiner Jos\u00e9 Caballero Lozano y Sebasti\u00e1n Jos\u00e9 Castro Gonz\u00e1lez, quienes fueron capturados el pasado 6 de abril por uniformados de la Polic\u00eda Nacional, en cumplimiento de una orden judicial.<\/p>\n<p>Al momento de su detenci\u00f3n, les fueron incautados varios panfletos con amenazas.<\/p>\n<p>&nbsp;<\/p>\n<p>&nbsp;<\/p>\n<p>&nbsp;<\/p>\n<p>&nbsp;<\/p>\n<p>&nbsp;<\/p>\n<p>SKCR\/AMCJ\/JGDV\/WFOJ\/DSA<\/p>\n<p>&nbsp;<\/p>\n<p>&nbsp;<\/p>\n<p>&nbsp;<\/p>\n<p>&nbsp;<\/p>\n<div class=\"td-post-content tagdiv-type\">\n<div class=\"td-post-content tagdiv-type\">\n<p><em>La informaci\u00f3n contenida en este bolet\u00edn de prensa corresponde a la narraci\u00f3n de los hechos noticiosos objetivos, suministrados por los funcionarios encargados de adelantar las investigaciones penales al interior de la Fiscal\u00eda General de la Naci\u00f3n. Para el momento de la divulgaci\u00f3n de este comunicado, la situaci\u00f3n jur\u00eddica de la(s) persona(s) relacionada(s) se encuentra pendiente de resolver por la autoridad judicial competente, siempre bajo los preceptos de la presunci\u00f3n de inocencia, consagrados en el art\u00edculo 29 de la Constituci\u00f3n Pol\u00edtica y el art\u00edculo 7\u00ba de la Ley 906 de 2004.<\/em><\/p>\n<\/div>\n<footer>\n<div class=\"td-post-source-tags\"><\/div>\n<div class=\"td-post-sharing-bottom\"><\/div>\n<\/footer>\n<\/div>\n<footer>\n<div class=\"td-post-source-tags\"><\/div>\n<div class=\"td-post-sharing-bottom\"><\/div>\n<\/footer>\n<p>&nbsp;<\/p>\n\n<div class=\"twitter-share\"><a href=\"https:\/\/twitter.com\/intent\/tweet?via=fiscaliacol\" class=\"twitter-share-button\">Tweet<\/a><\/div>\n","protected":false},"excerpt":{"rendered":"<p>La Fiscal\u00eda General de la Naci\u00f3n present\u00f3 ante un juez de control de garant\u00edas, a seis personas que se habr\u00edan concertado para realizar extorsiones a comerciantes en Soledad (Atl\u00e1ntico). Durante las audiencias preliminares, un fiscal de la Seccional Atl\u00e1ntico les imput\u00f3 cargos por concierto para delinquir y extorsi\u00f3n agravada. Ninguno de los procesados acept\u00f3 su [&hellip;]<\/p>\n","protected":false},"author":177,"featured_media":0,"comment_status":"closed","ping_status":"open","sticky":false,"template":"","format":"standard","meta":{"_price":"","_stock":"","_tribe_ticket_header":"","_tribe_default_ticket_provider":"","_tribe_ticket_capacity":"0","_ticket_start_date":"","_ticket_end_date":"","_tribe_ticket_show_description":"","_tribe_ticket_show_not_going":false,"_tribe_ticket_use_global_stock":"","_tribe_ticket_global_stock_level":"","_global_stock_mode":"","_global_stock_cap":"","_tribe_rsvp_for_event":"","_tribe_ticket_going_count":"","_tribe_ticket_not_going_count":"","_tribe_tickets_list":"[]","_tribe_ticket_has_attendee_info_fields":false,"tdm_status":"","tdm_grid_status":"","footnotes":""},"categories":[1,320,303,24099],"tags":[41048,14083,23982,8117,83,35625,41351,871,41350,24549,558,27199,41349,23901],"class_list":{"0":"post-315030","1":"post","2":"type-post","3":"status-publish","4":"format-standard","6":"category-noticias","7":"category-seccional-barranquilla","8":"category-seccionales","9":"category-seguridad-territorial","10":"tag-amenazas-a-comerciantes","11":"tag-atlantico","12":"tag-barranquilla-atlantico","13":"tag-carcel-modelo","14":"tag-concierto-para-delinquir","15":"tag-detencion","16":"tag-en-nombre-de-los-costenos","17":"tag-extorion","18":"tag-gremio-comercial","19":"tag-orden-judicial","20":"tag-policia-nacional","21":"tag-seccional-atlantico","22":"tag-seis-capturados","23":"tag-soledad"},"yoast_head":"<!-- This site is optimized with the Yoast SEO plugin v24.3 - https:\/\/yoast.com\/wordpress\/plugins\/seo\/ -->\n<title>Fiscal\u00eda General de la Naci\u00f3n<\/title>\n<meta name=\"description\" content=\"P\u00e1gina oficial de la Fiscal\u00eda General de la Naci\u00f3n \u2013 Colombia. Garantizamos el acceso efectivo a la justicia, la verdad y la reparaci\u00f3n de las v\u00edctimas de los delitos.\" \/>\n<meta name=\"robots\" content=\"noindex, follow\" \/>\n<meta property=\"og:locale\" content=\"es_ES\" \/>\n<meta property=\"og:type\" content=\"article\" \/>\n<meta property=\"og:title\" content=\"Fiscal\u00eda General de la Naci\u00f3n\" \/>\n<meta property=\"og:description\" content=\"P\u00e1gina oficial de la Fiscal\u00eda General de la Naci\u00f3n \u2013 Colombia. Garantizamos el acceso efectivo a la justicia, la verdad y la reparaci\u00f3n de las v\u00edctimas de los delitos.\" \/>\n<meta property=\"og:url\" content=\"https:\/\/www.fiscalia.gov.co\/colombia\/noticias\/por-extorsiones-a-comerciantes-en-atlantico-fueron-asegurados-seis-presuntos-responsables\/\" \/>\n<meta property=\"og:site_name\" content=\"Fiscal\u00eda General de la Naci\u00f3n\" \/>\n<meta property=\"article:publisher\" content=\"https:\/\/www.facebook.com\/FiscaliaCol\" \/>\n<meta property=\"article:published_time\" content=\"2025-05-09T13:45:14+00:00\" \/>\n<meta property=\"og:image\" content=\"https:\/\/www.fiscalia.gov.co\/colombia\/wp-content\/uploads\/Durante-las-audiencias-preliminares-un-fiscal-de-la-Seccional-Atlantico-les-imputo-cargos-por-concierto-para-delinquir-y-extorsion-agravada.jpeg\" \/>\n\t<meta property=\"og:image:width\" content=\"1600\" \/>\n\t<meta property=\"og:image:height\" content=\"742\" \/>\n\t<meta property=\"og:image:type\" content=\"image\/jpeg\" \/>\n<meta name=\"author\" content=\"Jordan Leandro Oviedo Anzola\" \/>\n<meta name=\"twitter:card\" content=\"summary_large_image\" \/>\n<meta name=\"twitter:creator\" content=\"@FiscaliaCol\" \/>\n<meta name=\"twitter:site\" content=\"@FiscaliaCol\" \/>\n<meta name=\"twitter:label1\" content=\"Escrito por\" \/>\n\t<meta name=\"twitter:data1\" content=\"Jordan Leandro Oviedo Anzola\" \/>\n\t<meta name=\"twitter:label2\" content=\"Tiempo de lectura\" \/>\n\t<meta name=\"twitter:data2\" content=\"2 minutos\" \/>\n<script type=\"application\/ld+json\" class=\"yoast-schema-graph\">{\"@context\":\"https:\/\/schema.org\",\"@graph\":[{\"@type\":\"Article\",\"@id\":\"https:\/\/www.fiscalia.gov.co\/colombia\/noticias\/por-extorsiones-a-comerciantes-en-atlantico-fueron-asegurados-seis-presuntos-responsables\/#article\",\"isPartOf\":{\"@id\":\"https:\/\/www.fiscalia.gov.co\/colombia\/noticias\/por-extorsiones-a-comerciantes-en-atlantico-fueron-asegurados-seis-presuntos-responsables\/\"},\"author\":{\"name\":\"Jordan Leandro Oviedo Anzola\",\"@id\":\"https:\/\/www.fiscalia.gov.co\/colombia\/#\/schema\/person\/bf84402cf293a5393e9c70b111020b24\"},\"headline\":\"Por extorsiones a comerciantes en atl\u00e1ntico fueron asegurados seis presuntos responsables\",\"datePublished\":\"2025-05-09T13:45:14+00:00\",\"dateModified\":\"2025-05-09T13:45:14+00:00\",\"mainEntityOfPage\":{\"@id\":\"https:\/\/www.fiscalia.gov.co\/colombia\/noticias\/por-extorsiones-a-comerciantes-en-atlantico-fueron-asegurados-seis-presuntos-responsables\/\"},\"wordCount\":340,\"publisher\":{\"@id\":\"https:\/\/www.fiscalia.gov.co\/colombia\/#organization\"},\"image\":{\"@id\":\"https:\/\/www.fiscalia.gov.co\/colombia\/noticias\/por-extorsiones-a-comerciantes-en-atlantico-fueron-asegurados-seis-presuntos-responsables\/#primaryimage\"},\"thumbnailUrl\":\"https:\/\/www.fiscalia.gov.co\/colombia\/wp-content\/uploads\/Durante-las-audiencias-preliminares-un-fiscal-de-la-Seccional-Atlantico-les-imputo-cargos-por-concierto-para-delinquir-y-extorsion-agravada-1024x475.jpeg\",\"keywords\":[\"amenazas a comerciantes\",\"Atl\u00e1ntico\",\"Barranquilla (Atl\u00e1ntico)\",\"C\u00e1rcel Modelo\",\"Concierto para delinquir\",\"detenci\u00f3n\",\"en nombre de Los Coste\u00f1os.\",\"Extorsi\u00f3n\",\"gremio comercial\",\"orden judicial\",\"Polic\u00eda Nacional\",\"Seccional Atl\u00e1ntico\",\"seis capturados\",\"Soledad\"],\"articleSection\":[\"Noticias\",\"Seccional Barranquilla\",\"Seccionales\",\"Seguridad territorial\"],\"inLanguage\":\"es-CO\"},{\"@type\":\"WebPage\",\"@id\":\"https:\/\/www.fiscalia.gov.co\/colombia\/noticias\/por-extorsiones-a-comerciantes-en-atlantico-fueron-asegurados-seis-presuntos-responsables\/\",\"url\":\"https:\/\/www.fiscalia.gov.co\/colombia\/noticias\/por-extorsiones-a-comerciantes-en-atlantico-fueron-asegurados-seis-presuntos-responsables\/\",\"name\":\"Fiscal\u00eda General de la Naci\u00f3n\",\"isPartOf\":{\"@id\":\"https:\/\/www.fiscalia.gov.co\/colombia\/#website\"},\"primaryImageOfPage\":{\"@id\":\"https:\/\/www.fiscalia.gov.co\/colombia\/noticias\/por-extorsiones-a-comerciantes-en-atlantico-fueron-asegurados-seis-presuntos-responsables\/#primaryimage\"},\"image\":{\"@id\":\"https:\/\/www.fiscalia.gov.co\/colombia\/noticias\/por-extorsiones-a-comerciantes-en-atlantico-fueron-asegurados-seis-presuntos-responsables\/#primaryimage\"},\"thumbnailUrl\":\"https:\/\/www.fiscalia.gov.co\/colombia\/wp-content\/uploads\/Durante-las-audiencias-preliminares-un-fiscal-de-la-Seccional-Atlantico-les-imputo-cargos-por-concierto-para-delinquir-y-extorsion-agravada-1024x475.jpeg\",\"datePublished\":\"2025-05-09T13:45:14+00:00\",\"dateModified\":\"2025-05-09T13:45:14+00:00\",\"description\":\"P\u00e1gina oficial de la Fiscal\u00eda General de la Naci\u00f3n \u2013 Colombia. Garantizamos el acceso efectivo a la justicia, la verdad y la reparaci\u00f3n de las v\u00edctimas de los delitos.\",\"breadcrumb\":{\"@id\":\"https:\/\/www.fiscalia.gov.co\/colombia\/noticias\/por-extorsiones-a-comerciantes-en-atlantico-fueron-asegurados-seis-presuntos-responsables\/#breadcrumb\"},\"inLanguage\":\"es-CO\",\"potentialAction\":[{\"@type\":\"ReadAction\",\"target\":[\"https:\/\/www.fiscalia.gov.co\/colombia\/noticias\/por-extorsiones-a-comerciantes-en-atlantico-fueron-asegurados-seis-presuntos-responsables\/\"]}]},{\"@type\":\"ImageObject\",\"inLanguage\":\"es-CO\",\"@id\":\"https:\/\/www.fiscalia.gov.co\/colombia\/noticias\/por-extorsiones-a-comerciantes-en-atlantico-fueron-asegurados-seis-presuntos-responsables\/#primaryimage\",\"url\":\"https:\/\/www.fiscalia.gov.co\/colombia\/wp-content\/uploads\/Durante-las-audiencias-preliminares-un-fiscal-de-la-Seccional-Atlantico-les-imputo-cargos-por-concierto-para-delinquir-y-extorsion-agravada.jpeg\",\"contentUrl\":\"https:\/\/www.fiscalia.gov.co\/colombia\/wp-content\/uploads\/Durante-las-audiencias-preliminares-un-fiscal-de-la-Seccional-Atlantico-les-imputo-cargos-por-concierto-para-delinquir-y-extorsion-agravada.jpeg\",\"width\":1600,\"height\":742,\"caption\":\"Durante las audiencias preliminares, un fiscal de la Seccional Atl\u00e1ntico les imput\u00f3 cargos por concierto para delinquir y extorsi\u00f3n agravada.\"},{\"@type\":\"BreadcrumbList\",\"@id\":\"https:\/\/www.fiscalia.gov.co\/colombia\/noticias\/por-extorsiones-a-comerciantes-en-atlantico-fueron-asegurados-seis-presuntos-responsables\/#breadcrumb\",\"itemListElement\":[{\"@type\":\"ListItem\",\"position\":1,\"name\":\"Home\",\"item\":\"https:\/\/www.fiscalia.gov.co\/colombia\/\"},{\"@type\":\"ListItem\",\"position\":2,\"name\":\"Por extorsiones a comerciantes en atl\u00e1ntico fueron asegurados seis presuntos responsables\"}]},{\"@type\":\"WebSite\",\"@id\":\"https:\/\/www.fiscalia.gov.co\/colombia\/#website\",\"url\":\"https:\/\/www.fiscalia.gov.co\/colombia\/\",\"name\":\"Fiscal\u00eda General de la Naci\u00f3n\",\"description\":\"P\u00e1gina oficial de la Fiscal\u00eda General de la Naci\u00f3n \u2013 Colombia. Garantizamos el acceso efectivo a la justicia, la verdad y la reparaci\u00f3n de las v\u00edctimas de los delitos.\",\"publisher\":{\"@id\":\"https:\/\/www.fiscalia.gov.co\/colombia\/#organization\"},\"potentialAction\":[{\"@type\":\"SearchAction\",\"target\":{\"@type\":\"EntryPoint\",\"urlTemplate\":\"https:\/\/www.fiscalia.gov.co\/colombia\/?s={search_term_string}\"},\"query-input\":{\"@type\":\"PropertyValueSpecification\",\"valueRequired\":true,\"valueName\":\"search_term_string\"}}],\"inLanguage\":\"es-CO\"},{\"@type\":\"Organization\",\"@id\":\"https:\/\/www.fiscalia.gov.co\/colombia\/#organization\",\"name\":\"Fiscal\u00eda General de la Naci\u00f3n\",\"url\":\"https:\/\/www.fiscalia.gov.co\/colombia\/\",\"logo\":{\"@type\":\"ImageObject\",\"inLanguage\":\"es-CO\",\"@id\":\"https:\/\/www.fiscalia.gov.co\/colombia\/#\/schema\/logo\/image\/\",\"url\":\"https:\/\/www.fiscalia.gov.co\/colombia\/wp-content\/uploads\/LogoHorizontal_1.jpg\",\"contentUrl\":\"https:\/\/www.fiscalia.gov.co\/colombia\/wp-content\/uploads\/LogoHorizontal_1.jpg\",\"width\":300,\"height\":90,\"caption\":\"Fiscal\u00eda General de la Naci\u00f3n\"},\"image\":{\"@id\":\"https:\/\/www.fiscalia.gov.co\/colombia\/#\/schema\/logo\/image\/\"},\"sameAs\":[\"https:\/\/www.facebook.com\/FiscaliaCol\",\"https:\/\/x.com\/FiscaliaCol\",\"https:\/\/www.instagram.com\/fiscaliacol\",\"https:\/\/www.linkedin.com\/company\/fiscalia-general-de-la-naci-n\/\",\"https:\/\/youtube.com\/@fiscaliageneraldelanacion-4668?si=6nN79nyQICPU5iTh\"]},{\"@type\":\"Person\",\"@id\":\"https:\/\/www.fiscalia.gov.co\/colombia\/#\/schema\/person\/bf84402cf293a5393e9c70b111020b24\",\"name\":\"Jordan Leandro Oviedo Anzola\",\"image\":{\"@type\":\"ImageObject\",\"inLanguage\":\"es-CO\",\"@id\":\"https:\/\/www.fiscalia.gov.co\/colombia\/#\/schema\/person\/image\/\",\"url\":\"https:\/\/secure.gravatar.com\/avatar\/dabba4346fa9b9207d96adafa8f92721?s=96&d=mm&r=g\",\"contentUrl\":\"https:\/\/secure.gravatar.com\/avatar\/dabba4346fa9b9207d96adafa8f92721?s=96&d=mm&r=g\",\"caption\":\"Jordan Leandro Oviedo Anzola\"},\"url\":\"https:\/\/www.fiscalia.gov.co\/colombia\/author\/joviedo\/\"}]}<\/script>\n<!-- \/ Yoast SEO plugin. -->","yoast_head_json":{"title":"Fiscal\u00eda General de la Naci\u00f3n","description":"P\u00e1gina oficial de la Fiscal\u00eda General de la Naci\u00f3n \u2013 Colombia. Garantizamos el acceso efectivo a la justicia, la verdad y la reparaci\u00f3n de las v\u00edctimas de los delitos.","robots":{"index":"noindex","follow":"follow"},"og_locale":"es_ES","og_type":"article","og_title":"Fiscal\u00eda General de la Naci\u00f3n","og_description":"P\u00e1gina oficial de la Fiscal\u00eda General de la Naci\u00f3n \u2013 Colombia. Garantizamos el acceso efectivo a la justicia, la verdad y la reparaci\u00f3n de las v\u00edctimas de los delitos.","og_url":"https:\/\/www.fiscalia.gov.co\/colombia\/noticias\/por-extorsiones-a-comerciantes-en-atlantico-fueron-asegurados-seis-presuntos-responsables\/","og_site_name":"Fiscal\u00eda General de la Naci\u00f3n","article_publisher":"https:\/\/www.facebook.com\/FiscaliaCol","article_published_time":"2025-05-09T13:45:14+00:00","og_image":[{"width":1600,"height":742,"url":"https:\/\/www.fiscalia.gov.co\/colombia\/wp-content\/uploads\/Durante-las-audiencias-preliminares-un-fiscal-de-la-Seccional-Atlantico-les-imputo-cargos-por-concierto-para-delinquir-y-extorsion-agravada.jpeg","type":"image\/jpeg"}],"author":"Jordan Leandro Oviedo Anzola","twitter_card":"summary_large_image","twitter_creator":"@FiscaliaCol","twitter_site":"@FiscaliaCol","twitter_misc":{"Escrito por":"Jordan Leandro Oviedo Anzola","Tiempo de lectura":"2 minutos"},"schema":{"@context":"https:\/\/schema.org","@graph":[{"@type":"Article","@id":"https:\/\/www.fiscalia.gov.co\/colombia\/noticias\/por-extorsiones-a-comerciantes-en-atlantico-fueron-asegurados-seis-presuntos-responsables\/#article","isPartOf":{"@id":"https:\/\/www.fiscalia.gov.co\/colombia\/noticias\/por-extorsiones-a-comerciantes-en-atlantico-fueron-asegurados-seis-presuntos-responsables\/"},"author":{"name":"Jordan Leandro Oviedo Anzola","@id":"https:\/\/www.fiscalia.gov.co\/colombia\/#\/schema\/person\/bf84402cf293a5393e9c70b111020b24"},"headline":"Por extorsiones a comerciantes en atl\u00e1ntico fueron asegurados seis presuntos responsables","datePublished":"2025-05-09T13:45:14+00:00","dateModified":"2025-05-09T13:45:14+00:00","mainEntityOfPage":{"@id":"https:\/\/www.fiscalia.gov.co\/colombia\/noticias\/por-extorsiones-a-comerciantes-en-atlantico-fueron-asegurados-seis-presuntos-responsables\/"},"wordCount":340,"publisher":{"@id":"https:\/\/www.fiscalia.gov.co\/colombia\/#organization"},"image":{"@id":"https:\/\/www.fiscalia.gov.co\/colombia\/noticias\/por-extorsiones-a-comerciantes-en-atlantico-fueron-asegurados-seis-presuntos-responsables\/#primaryimage"},"thumbnailUrl":"https:\/\/www.fiscalia.gov.co\/colombia\/wp-content\/uploads\/Durante-las-audiencias-preliminares-un-fiscal-de-la-Seccional-Atlantico-les-imputo-cargos-por-concierto-para-delinquir-y-extorsion-agravada-1024x475.jpeg","keywords":["amenazas a comerciantes","Atl\u00e1ntico","Barranquilla (Atl\u00e1ntico)","C\u00e1rcel Modelo","Concierto para delinquir","detenci\u00f3n","en nombre de Los Coste\u00f1os.","Extorsi\u00f3n","gremio comercial","orden judicial","Polic\u00eda Nacional","Seccional Atl\u00e1ntico","seis capturados","Soledad"],"articleSection":["Noticias","Seccional Barranquilla","Seccionales","Seguridad territorial"],"inLanguage":"es-CO"},{"@type":"WebPage","@id":"https:\/\/www.fiscalia.gov.co\/colombia\/noticias\/por-extorsiones-a-comerciantes-en-atlantico-fueron-asegurados-seis-presuntos-responsables\/","url":"https:\/\/www.fiscalia.gov.co\/colombia\/noticias\/por-extorsiones-a-comerciantes-en-atlantico-fueron-asegurados-seis-presuntos-responsables\/","name":"Fiscal\u00eda General de la Naci\u00f3n","isPartOf":{"@id":"https:\/\/www.fiscalia.gov.co\/colombia\/#website"},"primaryImageOfPage":{"@id":"https:\/\/www.fiscalia.gov.co\/colombia\/noticias\/por-extorsiones-a-comerciantes-en-atlantico-fueron-asegurados-seis-presuntos-responsables\/#primaryimage"},"image":{"@id":"https:\/\/www.fiscalia.gov.co\/colombia\/noticias\/por-extorsiones-a-comerciantes-en-atlantico-fueron-asegurados-seis-presuntos-responsables\/#primaryimage"},"thumbnailUrl":"https:\/\/www.fiscalia.gov.co\/colombia\/wp-content\/uploads\/Durante-las-audiencias-preliminares-un-fiscal-de-la-Seccional-Atlantico-les-imputo-cargos-por-concierto-para-delinquir-y-extorsion-agravada-1024x475.jpeg","datePublished":"2025-05-09T13:45:14+00:00","dateModified":"2025-05-09T13:45:14+00:00","description":"P\u00e1gina oficial de la Fiscal\u00eda General de la Naci\u00f3n \u2013 Colombia. Garantizamos el acceso efectivo a la justicia, la verdad y la reparaci\u00f3n de las v\u00edctimas de los delitos.","breadcrumb":{"@id":"https:\/\/www.fiscalia.gov.co\/colombia\/noticias\/por-extorsiones-a-comerciantes-en-atlantico-fueron-asegurados-seis-presuntos-responsables\/#breadcrumb"},"inLanguage":"es-CO","potentialAction":[{"@type":"ReadAction","target":["https:\/\/www.fiscalia.gov.co\/colombia\/noticias\/por-extorsiones-a-comerciantes-en-atlantico-fueron-asegurados-seis-presuntos-responsables\/"]}]},{"@type":"ImageObject","inLanguage":"es-CO","@id":"https:\/\/www.fiscalia.gov.co\/colombia\/noticias\/por-extorsiones-a-comerciantes-en-atlantico-fueron-asegurados-seis-presuntos-responsables\/#primaryimage","url":"https:\/\/www.fiscalia.gov.co\/colombia\/wp-content\/uploads\/Durante-las-audiencias-preliminares-un-fiscal-de-la-Seccional-Atlantico-les-imputo-cargos-por-concierto-para-delinquir-y-extorsion-agravada.jpeg","contentUrl":"https:\/\/www.fiscalia.gov.co\/colombia\/wp-content\/uploads\/Durante-las-audiencias-preliminares-un-fiscal-de-la-Seccional-Atlantico-les-imputo-cargos-por-concierto-para-delinquir-y-extorsion-agravada.jpeg","width":1600,"height":742,"caption":"Durante las audiencias preliminares, un fiscal de la Seccional Atl\u00e1ntico les imput\u00f3 cargos por concierto para delinquir y extorsi\u00f3n agravada."},{"@type":"BreadcrumbList","@id":"https:\/\/www.fiscalia.gov.co\/colombia\/noticias\/por-extorsiones-a-comerciantes-en-atlantico-fueron-asegurados-seis-presuntos-responsables\/#breadcrumb","itemListElement":[{"@type":"ListItem","position":1,"name":"Home","item":"https:\/\/www.fiscalia.gov.co\/colombia\/"},{"@type":"ListItem","position":2,"name":"Por extorsiones a comerciantes en atl\u00e1ntico fueron asegurados seis presuntos responsables"}]},{"@type":"WebSite","@id":"https:\/\/www.fiscalia.gov.co\/colombia\/#website","url":"https:\/\/www.fiscalia.gov.co\/colombia\/","name":"Fiscal\u00eda General de la Naci\u00f3n","description":"P\u00e1gina oficial de la Fiscal\u00eda General de la Naci\u00f3n \u2013 Colombia. Garantizamos el acceso efectivo a la justicia, la verdad y la reparaci\u00f3n de las v\u00edctimas de los delitos.","publisher":{"@id":"https:\/\/www.fiscalia.gov.co\/colombia\/#organization"},"potentialAction":[{"@type":"SearchAction","target":{"@type":"EntryPoint","urlTemplate":"https:\/\/www.fiscalia.gov.co\/colombia\/?s={search_term_string}"},"query-input":{"@type":"PropertyValueSpecification","valueRequired":true,"valueName":"search_term_string"}}],"inLanguage":"es-CO"},{"@type":"Organization","@id":"https:\/\/www.fiscalia.gov.co\/colombia\/#organization","name":"Fiscal\u00eda General de la Naci\u00f3n","url":"https:\/\/www.fiscalia.gov.co\/colombia\/","logo":{"@type":"ImageObject","inLanguage":"es-CO","@id":"https:\/\/www.fiscalia.gov.co\/colombia\/#\/schema\/logo\/image\/","url":"https:\/\/www.fiscalia.gov.co\/colombia\/wp-content\/uploads\/LogoHorizontal_1.jpg","contentUrl":"https:\/\/www.fiscalia.gov.co\/colombia\/wp-content\/uploads\/LogoHorizontal_1.jpg","width":300,"height":90,"caption":"Fiscal\u00eda General de la Naci\u00f3n"},"image":{"@id":"https:\/\/www.fiscalia.gov.co\/colombia\/#\/schema\/logo\/image\/"},"sameAs":["https:\/\/www.facebook.com\/FiscaliaCol","https:\/\/x.com\/FiscaliaCol","https:\/\/www.instagram.com\/fiscaliacol","https:\/\/www.linkedin.com\/company\/fiscalia-general-de-la-naci-n\/","https:\/\/youtube.com\/@fiscaliageneraldelanacion-4668?si=6nN79nyQICPU5iTh"]},{"@type":"Person","@id":"https:\/\/www.fiscalia.gov.co\/colombia\/#\/schema\/person\/bf84402cf293a5393e9c70b111020b24","name":"Jordan Leandro Oviedo Anzola","image":{"@type":"ImageObject","inLanguage":"es-CO","@id":"https:\/\/www.fiscalia.gov.co\/colombia\/#\/schema\/person\/image\/","url":"https:\/\/secure.gravatar.com\/avatar\/dabba4346fa9b9207d96adafa8f92721?s=96&d=mm&r=g","contentUrl":"https:\/\/secure.gravatar.com\/avatar\/dabba4346fa9b9207d96adafa8f92721?s=96&d=mm&r=g","caption":"Jordan Leandro Oviedo Anzola"},"url":"https:\/\/www.fiscalia.gov.co\/colombia\/author\/joviedo\/"}]}},"_links":{"self":[{"href":"https:\/\/www.fiscalia.gov.co\/colombia\/wp-json\/wp\/v2\/posts\/315030","targetHints":{"allow":["GET"]}}],"collection":[{"href":"https:\/\/www.fiscalia.gov.co\/colombia\/wp-json\/wp\/v2\/posts"}],"about":[{"href":"https:\/\/www.fiscalia.gov.co\/colombia\/wp-json\/wp\/v2\/types\/post"}],"author":[{"embeddable":true,"href":"https:\/\/www.fiscalia.gov.co\/colombia\/wp-json\/wp\/v2\/users\/177"}],"replies":[{"embeddable":true,"href":"https:\/\/www.fiscalia.gov.co\/colombia\/wp-json\/wp\/v2\/comments?post=315030"}],"version-history":[{"count":1,"href":"https:\/\/www.fiscalia.gov.co\/colombia\/wp-json\/wp\/v2\/posts\/315030\/revisions"}],"predecessor-version":[{"id":315032,"href":"https:\/\/www.fiscalia.gov.co\/colombia\/wp-json\/wp\/v2\/posts\/315030\/revisions\/315032"}],"wp:attachment":[{"href":"https:\/\/www.fiscalia.gov.co\/colombia\/wp-json\/wp\/v2\/media?parent=315030"}],"wp:term":[{"taxonomy":"category","embeddable":true,"href":"https:\/\/www.fiscalia.gov.co\/colombia\/wp-json\/wp\/v2\/categories?post=315030"},{"taxonomy":"post_tag","embeddable":true,"href":"https:\/\/www.fiscalia.gov.co\/colombia\/wp-json\/wp\/v2\/tags?post=315030"}],"curies":[{"name":"wp","href":"https:\/\/api.w.org\/{rel}","templated":true}]}}