{"id":314827,"date":"2025-05-06T14:16:55","date_gmt":"2025-05-06T19:16:55","guid":{"rendered":"https:\/\/www.fiscalia.gov.co\/colombia\/?p=314827"},"modified":"2025-05-06T14:16:55","modified_gmt":"2025-05-06T19:16:55","slug":"en-atlantico-fue-enviado-a-la-carcel-el-presunto-responsable-del-crimen-de-su-companera-sentimental","status":"publish","type":"post","link":"https:\/\/www.fiscalia.gov.co\/colombia\/noticias\/en-atlantico-fue-enviado-a-la-carcel-el-presunto-responsable-del-crimen-de-su-companera-sentimental\/","title":{"rendered":"En Atl\u00e1ntico fue enviado a la c\u00e1rcel el presunto responsable del crimen de su compa\u00f1era sentimental"},"content":{"rendered":"<p style=\"font-weight: 400;\">Por solicitud de la Fiscal\u00eda General de la Naci\u00f3n, un juez de control de garant\u00edas impuso medida de aseguramiento\u00a0en centro carcelario contra un hombre de 47 a\u00f1os, por su presunta responsabilidad en el <a href=\"https:\/\/www.fiscalia.gov.co\/colombia\/noticias\/en-atlantico-fue-judicializado-presunto-responsable-del-feminicidio-de-su-expareja\/\">feminicidio de su compa\u00f1era sentimental<\/a> en Soledad (Atl\u00e1ntico).<\/p>\n<figure id=\"attachment_314828\" aria-describedby=\"caption-attachment-314828\" style=\"width: 696px\" class=\"wp-caption aligncenter\"><img loading=\"lazy\" decoding=\"async\" class=\"size-large wp-image-314828\" src=\"https:\/\/www.fiscalia.gov.co\/colombia\/wp-content\/uploads\/Un-fiscal-adscrito-a-la-Seccional-Atlantico-le-imputo-el-delito-de-feminicidio-agravado.-El-procesado-no-acepto-los-cargos-imputados-1024x576.jpeg\" alt=\"Investigadores adscritos al CTI Atl\u00e1ntico en coordinaci\u00f3n con uniformados del Ej\u00e9rcito Nacional, custodiaban al procesado tras haberse entregado en las instalaciones de la URI de Barranquilla. \" width=\"696\" height=\"392\" srcset=\"https:\/\/www.fiscalia.gov.co\/colombia\/wp-content\/uploads\/Un-fiscal-adscrito-a-la-Seccional-Atlantico-le-imputo-el-delito-de-feminicidio-agravado.-El-procesado-no-acepto-los-cargos-imputados-1024x576.jpeg 1024w, https:\/\/www.fiscalia.gov.co\/colombia\/wp-content\/uploads\/Un-fiscal-adscrito-a-la-Seccional-Atlantico-le-imputo-el-delito-de-feminicidio-agravado.-El-procesado-no-acepto-los-cargos-imputados-300x169.jpeg 300w, https:\/\/www.fiscalia.gov.co\/colombia\/wp-content\/uploads\/Un-fiscal-adscrito-a-la-Seccional-Atlantico-le-imputo-el-delito-de-feminicidio-agravado.-El-procesado-no-acepto-los-cargos-imputados-768x432.jpeg 768w, https:\/\/www.fiscalia.gov.co\/colombia\/wp-content\/uploads\/Un-fiscal-adscrito-a-la-Seccional-Atlantico-le-imputo-el-delito-de-feminicidio-agravado.-El-procesado-no-acepto-los-cargos-imputados-1536x864.jpeg 1536w, https:\/\/www.fiscalia.gov.co\/colombia\/wp-content\/uploads\/Un-fiscal-adscrito-a-la-Seccional-Atlantico-le-imputo-el-delito-de-feminicidio-agravado.-El-procesado-no-acepto-los-cargos-imputados-747x420.jpeg 747w, https:\/\/www.fiscalia.gov.co\/colombia\/wp-content\/uploads\/Un-fiscal-adscrito-a-la-Seccional-Atlantico-le-imputo-el-delito-de-feminicidio-agravado.-El-procesado-no-acepto-los-cargos-imputados-696x392.jpeg 696w, https:\/\/www.fiscalia.gov.co\/colombia\/wp-content\/uploads\/Un-fiscal-adscrito-a-la-Seccional-Atlantico-le-imputo-el-delito-de-feminicidio-agravado.-El-procesado-no-acepto-los-cargos-imputados-1068x601.jpeg 1068w, https:\/\/www.fiscalia.gov.co\/colombia\/wp-content\/uploads\/Un-fiscal-adscrito-a-la-Seccional-Atlantico-le-imputo-el-delito-de-feminicidio-agravado.-El-procesado-no-acepto-los-cargos-imputados.jpeg 1600w\" sizes=\"auto, (max-width: 696px) 100vw, 696px\" \/><figcaption id=\"caption-attachment-314828\" class=\"wp-caption-text\">Un fiscal adscrito a la Seccional Atl\u00e1ntico, le imput\u00f3 el delito de feminicidio agravado. El procesado no acept\u00f3 los cargos imputados<\/figcaption><\/figure>\n<p style=\"font-weight: 400;\">Los hechos ocurrieron la madrugada del pasado 19 de abril, en\u00a0un\u00a0\u00a0inmueble\u00a0del barrio Sina\u00ed,\u00a0<strong>donde la v\u00edctima habr\u00eda sido atacada por el\u00a0procesado\u00a0con\u00a0un objeto contundente y arma blanca.<\/strong><\/p>\n<p style=\"font-weight: 400;\">Tras el crimen, el presunto\u00a0responsable\u00a0huy\u00f3 en un veh\u00edculo; sin embargo, cinco d\u00edas despu\u00e9s se entreg\u00f3 en la Unidad de Reacci\u00f3n Inmediata (URI) de Barranquilla (Atl\u00e1ntico).<\/p>\n<p style=\"font-weight: 400;\">Las labores adelantadas por la Polic\u00eda Judicial permitieron establecer que durante los 29 a\u00f1os de relaci\u00f3n la v\u00edctima habr\u00eda sido\u00a0<strong>sometida de forma constante a violencia psicol\u00f3gica, f\u00edsica y conductas reiteradas de control.<\/strong><\/p>\n<p style=\"font-weight: 400;\">Un fiscal adscrito a la Seccional Atl\u00e1ntico,\u00a0le imput\u00f3 el\u00a0delito de feminicidio agravado.\u00a0El procesado no acept\u00f3 los cargos imputados<\/p>\n<p style=\"font-weight: 400;\">\n<p>&nbsp;<\/p>\n<p>&nbsp;<\/p>\n<p>&nbsp;<\/p>\n<p>&nbsp;<\/p>\n<p style=\"font-weight: 400;\">SKCR\/AMCJ\/CA\/WFOJ\/DSA<\/p>\n<p>&nbsp;<\/p>\n<p>&nbsp;<\/p>\n<p>&nbsp;<\/p>\n<div class=\"td-post-content tagdiv-type\">\n<div class=\"td-post-content tagdiv-type\">\n<div class=\"td-post-content tagdiv-type\">\n<div class=\"td-post-content tagdiv-type\">\n<div class=\"td-post-content tagdiv-type\">\n<p><em>La informaci\u00f3n contenida en este bolet\u00edn de prensa corresponde a la narraci\u00f3n de los hechos noticiosos objetivos, suministrados por los funcionarios encargados de adelantar las investigaciones penales al interior de la Fiscal\u00eda General de la Naci\u00f3n. Para el momento de la divulgaci\u00f3n de este comunicado, la situaci\u00f3n jur\u00eddica de la(s) persona(s) relacionada(s) se encuentra pendiente de resolver por la autoridad judicial competente, siempre bajo los preceptos de la presunci\u00f3n de inocencia, consagrados en el art\u00edculo 29 de la Constituci\u00f3n Pol\u00edtica y el art\u00edculo 7\u00ba de la Ley 906 de 2004.<\/em><\/p>\n<\/div>\n<\/div>\n<\/div>\n<footer>\n<div class=\"td-post-source-tags\"><\/div>\n<div class=\"td-post-sharing-bottom\"><\/div>\n<\/footer>\n<\/div>\n<footer>\n<div class=\"td-post-source-tags\"><\/div>\n<div class=\"td-post-sharing-bottom\"><\/div>\n<\/footer>\n<\/div>\n<footer>\n<div class=\"td-post-source-tags\"><\/div>\n<div class=\"td-post-sharing-bottom\"><\/div>\n<\/footer>\n\n<div class=\"twitter-share\"><a href=\"https:\/\/twitter.com\/intent\/tweet?via=fiscaliacol\" class=\"twitter-share-button\">Tweet<\/a><\/div>\n","protected":false},"excerpt":{"rendered":"<p>Por solicitud de la Fiscal\u00eda General de la Naci\u00f3n, un juez de control de garant\u00edas impuso medida de aseguramiento\u00a0en centro carcelario contra un hombre de 47 a\u00f1os, por su presunta [&hellip;]<\/p>\n","protected":false},"author":177,"featured_media":0,"comment_status":"closed","ping_status":"open","sticky":false,"template":"","format":"standard","meta":{"tdm_status":"","tdm_grid_status":"","footnotes":""},"categories":[1,320,303,24127],"tags":[33794,5180,14083,23982,7815,1291,13442,37492,1047,26005,27199,41262,23901],"class_list":["post-314827","post","type-post","status-publish","format-standard","category-noticias","category-seccional-barranquilla","category-seccionales","category-violencia-sexual-e-intrafamiliar","tag-agresion-pareja","tag-arma-blanca","tag-atlantico","tag-barranquilla-atlantico","tag-companera-sentimental","tag-esposa","tag-feminicidio","tag-fiscal-luz-adriana-camargo","tag-fiscalia-general-de-la-nacion","tag-objeto-contundente","tag-seccional-atlantico","tag-sinai","tag-soledad"],"yoast_head":"<!-- This site is optimized with the Yoast SEO plugin v24.3 - https:\/\/yoast.com\/wordpress\/plugins\/seo\/ -->\n<title>Fiscal\u00eda General de la Naci\u00f3n<\/title>\n<meta name=\"description\" content=\"P\u00e1gina oficial de la Fiscal\u00eda General de la Naci\u00f3n \u2013 Colombia. Garantizamos el acceso efectivo a la justicia, la verdad y la reparaci\u00f3n de las v\u00edctimas de los delitos.\" \/>\n<meta name=\"robots\" content=\"noindex, follow\" \/>\n<meta property=\"og:locale\" content=\"es_ES\" \/>\n<meta property=\"og:type\" content=\"article\" \/>\n<meta property=\"og:title\" content=\"Fiscal\u00eda General de la Naci\u00f3n\" \/>\n<meta property=\"og:description\" content=\"P\u00e1gina oficial de la Fiscal\u00eda General de la Naci\u00f3n \u2013 Colombia. Garantizamos el acceso efectivo a la justicia, la verdad y la reparaci\u00f3n de las v\u00edctimas de los delitos.\" \/>\n<meta property=\"og:url\" content=\"https:\/\/www.fiscalia.gov.co\/colombia\/noticias\/en-atlantico-fue-enviado-a-la-carcel-el-presunto-responsable-del-crimen-de-su-companera-sentimental\/\" \/>\n<meta property=\"og:site_name\" content=\"Fiscal\u00eda General de la Naci\u00f3n\" \/>\n<meta property=\"article:publisher\" content=\"https:\/\/www.facebook.com\/FiscaliaCol\" \/>\n<meta property=\"article:published_time\" content=\"2025-05-06T19:16:55+00:00\" \/>\n<meta property=\"og:image\" content=\"https:\/\/www.fiscalia.gov.co\/colombia\/wp-content\/uploads\/Un-fiscal-adscrito-a-la-Seccional-Atlantico-le-imputo-el-delito-de-feminicidio-agravado.-El-procesado-no-acepto-los-cargos-imputados.jpeg\" \/>\n\t<meta property=\"og:image:width\" content=\"1600\" \/>\n\t<meta property=\"og:image:height\" content=\"900\" \/>\n\t<meta property=\"og:image:type\" content=\"image\/jpeg\" \/>\n<meta name=\"author\" content=\"Jordan Leandro Oviedo Anzola\" \/>\n<meta name=\"twitter:card\" content=\"summary_large_image\" \/>\n<meta name=\"twitter:creator\" content=\"@FiscaliaCol\" \/>\n<meta name=\"twitter:site\" content=\"@FiscaliaCol\" \/>\n<meta name=\"twitter:label1\" content=\"Escrito por\" \/>\n\t<meta name=\"twitter:data1\" content=\"Jordan Leandro Oviedo Anzola\" \/>\n\t<meta name=\"twitter:label2\" content=\"Tiempo de lectura\" \/>\n\t<meta name=\"twitter:data2\" content=\"2 minutos\" \/>\n<script type=\"application\/ld+json\" class=\"yoast-schema-graph\">{\"@context\":\"https:\/\/schema.org\",\"@graph\":[{\"@type\":\"Article\",\"@id\":\"https:\/\/www.fiscalia.gov.co\/colombia\/noticias\/en-atlantico-fue-enviado-a-la-carcel-el-presunto-responsable-del-crimen-de-su-companera-sentimental\/#article\",\"isPartOf\":{\"@id\":\"https:\/\/www.fiscalia.gov.co\/colombia\/noticias\/en-atlantico-fue-enviado-a-la-carcel-el-presunto-responsable-del-crimen-de-su-companera-sentimental\/\"},\"author\":{\"name\":\"Jordan Leandro Oviedo Anzola\",\"@id\":\"https:\/\/www.fiscalia.gov.co\/colombia\/#\/schema\/person\/bf84402cf293a5393e9c70b111020b24\"},\"headline\":\"En Atl\u00e1ntico fue enviado a la c\u00e1rcel el presunto responsable del crimen de su compa\u00f1era sentimental\",\"datePublished\":\"2025-05-06T19:16:55+00:00\",\"dateModified\":\"2025-05-06T19:16:55+00:00\",\"mainEntityOfPage\":{\"@id\":\"https:\/\/www.fiscalia.gov.co\/colombia\/noticias\/en-atlantico-fue-enviado-a-la-carcel-el-presunto-responsable-del-crimen-de-su-companera-sentimental\/\"},\"wordCount\":335,\"publisher\":{\"@id\":\"https:\/\/www.fiscalia.gov.co\/colombia\/#organization\"},\"image\":{\"@id\":\"https:\/\/www.fiscalia.gov.co\/colombia\/noticias\/en-atlantico-fue-enviado-a-la-carcel-el-presunto-responsable-del-crimen-de-su-companera-sentimental\/#primaryimage\"},\"thumbnailUrl\":\"https:\/\/www.fiscalia.gov.co\/colombia\/wp-content\/uploads\/Un-fiscal-adscrito-a-la-Seccional-Atlantico-le-imputo-el-delito-de-feminicidio-agravado.-El-procesado-no-acepto-los-cargos-imputados-1024x576.jpeg\",\"keywords\":[\"agresi\u00f3n pareja\",\"Arma Blanca\",\"Atl\u00e1ntico\",\"Barranquilla (Atl\u00e1ntico)\",\"Compa\u00f1era sentimental\",\"Esposa\",\"Feminicidio\",\"Fiscal Luz Adriana Camargo\",\"Fiscal\u00eda General de la Naci\u00f3n\",\"objeto contundente\",\"Seccional Atl\u00e1ntico\",\"Sina\u00ed\",\"Soledad\"],\"articleSection\":[\"Noticias\",\"Seccional Barranquilla\",\"Seccionales\",\"Violencia sexual e intrafamiliar\"],\"inLanguage\":\"es-CO\"},{\"@type\":\"WebPage\",\"@id\":\"https:\/\/www.fiscalia.gov.co\/colombia\/noticias\/en-atlantico-fue-enviado-a-la-carcel-el-presunto-responsable-del-crimen-de-su-companera-sentimental\/\",\"url\":\"https:\/\/www.fiscalia.gov.co\/colombia\/noticias\/en-atlantico-fue-enviado-a-la-carcel-el-presunto-responsable-del-crimen-de-su-companera-sentimental\/\",\"name\":\"Fiscal\u00eda General de la Naci\u00f3n\",\"isPartOf\":{\"@id\":\"https:\/\/www.fiscalia.gov.co\/colombia\/#website\"},\"primaryImageOfPage\":{\"@id\":\"https:\/\/www.fiscalia.gov.co\/colombia\/noticias\/en-atlantico-fue-enviado-a-la-carcel-el-presunto-responsable-del-crimen-de-su-companera-sentimental\/#primaryimage\"},\"image\":{\"@id\":\"https:\/\/www.fiscalia.gov.co\/colombia\/noticias\/en-atlantico-fue-enviado-a-la-carcel-el-presunto-responsable-del-crimen-de-su-companera-sentimental\/#primaryimage\"},\"thumbnailUrl\":\"https:\/\/www.fiscalia.gov.co\/colombia\/wp-content\/uploads\/Un-fiscal-adscrito-a-la-Seccional-Atlantico-le-imputo-el-delito-de-feminicidio-agravado.-El-procesado-no-acepto-los-cargos-imputados-1024x576.jpeg\",\"datePublished\":\"2025-05-06T19:16:55+00:00\",\"dateModified\":\"2025-05-06T19:16:55+00:00\",\"description\":\"P\u00e1gina oficial de la Fiscal\u00eda General de la Naci\u00f3n \u2013 Colombia. Garantizamos el acceso efectivo a la justicia, la verdad y la reparaci\u00f3n de las v\u00edctimas de los delitos.\",\"breadcrumb\":{\"@id\":\"https:\/\/www.fiscalia.gov.co\/colombia\/noticias\/en-atlantico-fue-enviado-a-la-carcel-el-presunto-responsable-del-crimen-de-su-companera-sentimental\/#breadcrumb\"},\"inLanguage\":\"es-CO\",\"potentialAction\":[{\"@type\":\"ReadAction\",\"target\":[\"https:\/\/www.fiscalia.gov.co\/colombia\/noticias\/en-atlantico-fue-enviado-a-la-carcel-el-presunto-responsable-del-crimen-de-su-companera-sentimental\/\"]}]},{\"@type\":\"ImageObject\",\"inLanguage\":\"es-CO\",\"@id\":\"https:\/\/www.fiscalia.gov.co\/colombia\/noticias\/en-atlantico-fue-enviado-a-la-carcel-el-presunto-responsable-del-crimen-de-su-companera-sentimental\/#primaryimage\",\"url\":\"https:\/\/www.fiscalia.gov.co\/colombia\/wp-content\/uploads\/Un-fiscal-adscrito-a-la-Seccional-Atlantico-le-imputo-el-delito-de-feminicidio-agravado.-El-procesado-no-acepto-los-cargos-imputados.jpeg\",\"contentUrl\":\"https:\/\/www.fiscalia.gov.co\/colombia\/wp-content\/uploads\/Un-fiscal-adscrito-a-la-Seccional-Atlantico-le-imputo-el-delito-de-feminicidio-agravado.-El-procesado-no-acepto-los-cargos-imputados.jpeg\",\"width\":1600,\"height\":900,\"caption\":\"Un fiscal adscrito a la Seccional Atl\u00e1ntico, le imput\u00f3 el delito de feminicidio agravado. El procesado no acept\u00f3 los cargos imputados\"},{\"@type\":\"BreadcrumbList\",\"@id\":\"https:\/\/www.fiscalia.gov.co\/colombia\/noticias\/en-atlantico-fue-enviado-a-la-carcel-el-presunto-responsable-del-crimen-de-su-companera-sentimental\/#breadcrumb\",\"itemListElement\":[{\"@type\":\"ListItem\",\"position\":1,\"name\":\"Home\",\"item\":\"https:\/\/www.fiscalia.gov.co\/colombia\/\"},{\"@type\":\"ListItem\",\"position\":2,\"name\":\"En Atl\u00e1ntico fue enviado a la c\u00e1rcel el presunto responsable del crimen de su compa\u00f1era sentimental\"}]},{\"@type\":\"WebSite\",\"@id\":\"https:\/\/www.fiscalia.gov.co\/colombia\/#website\",\"url\":\"https:\/\/www.fiscalia.gov.co\/colombia\/\",\"name\":\"Fiscal\u00eda General de la Naci\u00f3n\",\"description\":\"P\u00e1gina oficial de la Fiscal\u00eda General de la Naci\u00f3n \u2013 Colombia. Garantizamos el acceso efectivo a la justicia, la verdad y la reparaci\u00f3n de las v\u00edctimas de los delitos.\",\"publisher\":{\"@id\":\"https:\/\/www.fiscalia.gov.co\/colombia\/#organization\"},\"potentialAction\":[{\"@type\":\"SearchAction\",\"target\":{\"@type\":\"EntryPoint\",\"urlTemplate\":\"https:\/\/www.fiscalia.gov.co\/colombia\/?s={search_term_string}\"},\"query-input\":{\"@type\":\"PropertyValueSpecification\",\"valueRequired\":true,\"valueName\":\"search_term_string\"}}],\"inLanguage\":\"es-CO\"},{\"@type\":\"Organization\",\"@id\":\"https:\/\/www.fiscalia.gov.co\/colombia\/#organization\",\"name\":\"Fiscal\u00eda General de la Naci\u00f3n\",\"url\":\"https:\/\/www.fiscalia.gov.co\/colombia\/\",\"logo\":{\"@type\":\"ImageObject\",\"inLanguage\":\"es-CO\",\"@id\":\"https:\/\/www.fiscalia.gov.co\/colombia\/#\/schema\/logo\/image\/\",\"url\":\"https:\/\/www.fiscalia.gov.co\/colombia\/wp-content\/uploads\/LogoHorizontal_1.jpg\",\"contentUrl\":\"https:\/\/www.fiscalia.gov.co\/colombia\/wp-content\/uploads\/LogoHorizontal_1.jpg\",\"width\":300,\"height\":90,\"caption\":\"Fiscal\u00eda General de la Naci\u00f3n\"},\"image\":{\"@id\":\"https:\/\/www.fiscalia.gov.co\/colombia\/#\/schema\/logo\/image\/\"},\"sameAs\":[\"https:\/\/www.facebook.com\/FiscaliaCol\",\"https:\/\/x.com\/FiscaliaCol\",\"https:\/\/www.instagram.com\/fiscaliacol\",\"https:\/\/www.linkedin.com\/company\/fiscalia-general-de-la-naci-n\/\",\"https:\/\/youtube.com\/@fiscaliageneraldelanacion-4668?si=6nN79nyQICPU5iTh\"]},{\"@type\":\"Person\",\"@id\":\"https:\/\/www.fiscalia.gov.co\/colombia\/#\/schema\/person\/bf84402cf293a5393e9c70b111020b24\",\"name\":\"Jordan Leandro Oviedo Anzola\",\"image\":{\"@type\":\"ImageObject\",\"inLanguage\":\"es-CO\",\"@id\":\"https:\/\/www.fiscalia.gov.co\/colombia\/#\/schema\/person\/image\/\",\"url\":\"https:\/\/secure.gravatar.com\/avatar\/dabba4346fa9b9207d96adafa8f92721?s=96&d=mm&r=g\",\"contentUrl\":\"https:\/\/secure.gravatar.com\/avatar\/dabba4346fa9b9207d96adafa8f92721?s=96&d=mm&r=g\",\"caption\":\"Jordan Leandro Oviedo Anzola\"},\"url\":\"https:\/\/www.fiscalia.gov.co\/colombia\/author\/joviedo\/\"}]}<\/script>\n<!-- \/ Yoast SEO plugin. -->","yoast_head_json":{"title":"Fiscal\u00eda General de la Naci\u00f3n","description":"P\u00e1gina oficial de la Fiscal\u00eda General de la Naci\u00f3n \u2013 Colombia. Garantizamos el acceso efectivo a la justicia, la verdad y la reparaci\u00f3n de las v\u00edctimas de los delitos.","robots":{"index":"noindex","follow":"follow"},"og_locale":"es_ES","og_type":"article","og_title":"Fiscal\u00eda General de la Naci\u00f3n","og_description":"P\u00e1gina oficial de la Fiscal\u00eda General de la Naci\u00f3n \u2013 Colombia. Garantizamos el acceso efectivo a la justicia, la verdad y la reparaci\u00f3n de las v\u00edctimas de los delitos.","og_url":"https:\/\/www.fiscalia.gov.co\/colombia\/noticias\/en-atlantico-fue-enviado-a-la-carcel-el-presunto-responsable-del-crimen-de-su-companera-sentimental\/","og_site_name":"Fiscal\u00eda General de la Naci\u00f3n","article_publisher":"https:\/\/www.facebook.com\/FiscaliaCol","article_published_time":"2025-05-06T19:16:55+00:00","og_image":[{"width":1600,"height":900,"url":"https:\/\/www.fiscalia.gov.co\/colombia\/wp-content\/uploads\/Un-fiscal-adscrito-a-la-Seccional-Atlantico-le-imputo-el-delito-de-feminicidio-agravado.-El-procesado-no-acepto-los-cargos-imputados.jpeg","type":"image\/jpeg"}],"author":"Jordan Leandro Oviedo Anzola","twitter_card":"summary_large_image","twitter_creator":"@FiscaliaCol","twitter_site":"@FiscaliaCol","twitter_misc":{"Escrito por":"Jordan Leandro Oviedo Anzola","Tiempo de lectura":"2 minutos"},"schema":{"@context":"https:\/\/schema.org","@graph":[{"@type":"Article","@id":"https:\/\/www.fiscalia.gov.co\/colombia\/noticias\/en-atlantico-fue-enviado-a-la-carcel-el-presunto-responsable-del-crimen-de-su-companera-sentimental\/#article","isPartOf":{"@id":"https:\/\/www.fiscalia.gov.co\/colombia\/noticias\/en-atlantico-fue-enviado-a-la-carcel-el-presunto-responsable-del-crimen-de-su-companera-sentimental\/"},"author":{"name":"Jordan Leandro Oviedo Anzola","@id":"https:\/\/www.fiscalia.gov.co\/colombia\/#\/schema\/person\/bf84402cf293a5393e9c70b111020b24"},"headline":"En Atl\u00e1ntico fue enviado a la c\u00e1rcel el presunto responsable del crimen de su compa\u00f1era sentimental","datePublished":"2025-05-06T19:16:55+00:00","dateModified":"2025-05-06T19:16:55+00:00","mainEntityOfPage":{"@id":"https:\/\/www.fiscalia.gov.co\/colombia\/noticias\/en-atlantico-fue-enviado-a-la-carcel-el-presunto-responsable-del-crimen-de-su-companera-sentimental\/"},"wordCount":335,"publisher":{"@id":"https:\/\/www.fiscalia.gov.co\/colombia\/#organization"},"image":{"@id":"https:\/\/www.fiscalia.gov.co\/colombia\/noticias\/en-atlantico-fue-enviado-a-la-carcel-el-presunto-responsable-del-crimen-de-su-companera-sentimental\/#primaryimage"},"thumbnailUrl":"https:\/\/www.fiscalia.gov.co\/colombia\/wp-content\/uploads\/Un-fiscal-adscrito-a-la-Seccional-Atlantico-le-imputo-el-delito-de-feminicidio-agravado.-El-procesado-no-acepto-los-cargos-imputados-1024x576.jpeg","keywords":["agresi\u00f3n pareja","Arma Blanca","Atl\u00e1ntico","Barranquilla (Atl\u00e1ntico)","Compa\u00f1era sentimental","Esposa","Feminicidio","Fiscal Luz Adriana Camargo","Fiscal\u00eda General de la Naci\u00f3n","objeto contundente","Seccional Atl\u00e1ntico","Sina\u00ed","Soledad"],"articleSection":["Noticias","Seccional Barranquilla","Seccionales","Violencia sexual e intrafamiliar"],"inLanguage":"es-CO"},{"@type":"WebPage","@id":"https:\/\/www.fiscalia.gov.co\/colombia\/noticias\/en-atlantico-fue-enviado-a-la-carcel-el-presunto-responsable-del-crimen-de-su-companera-sentimental\/","url":"https:\/\/www.fiscalia.gov.co\/colombia\/noticias\/en-atlantico-fue-enviado-a-la-carcel-el-presunto-responsable-del-crimen-de-su-companera-sentimental\/","name":"Fiscal\u00eda General de la Naci\u00f3n","isPartOf":{"@id":"https:\/\/www.fiscalia.gov.co\/colombia\/#website"},"primaryImageOfPage":{"@id":"https:\/\/www.fiscalia.gov.co\/colombia\/noticias\/en-atlantico-fue-enviado-a-la-carcel-el-presunto-responsable-del-crimen-de-su-companera-sentimental\/#primaryimage"},"image":{"@id":"https:\/\/www.fiscalia.gov.co\/colombia\/noticias\/en-atlantico-fue-enviado-a-la-carcel-el-presunto-responsable-del-crimen-de-su-companera-sentimental\/#primaryimage"},"thumbnailUrl":"https:\/\/www.fiscalia.gov.co\/colombia\/wp-content\/uploads\/Un-fiscal-adscrito-a-la-Seccional-Atlantico-le-imputo-el-delito-de-feminicidio-agravado.-El-procesado-no-acepto-los-cargos-imputados-1024x576.jpeg","datePublished":"2025-05-06T19:16:55+00:00","dateModified":"2025-05-06T19:16:55+00:00","description":"P\u00e1gina oficial de la Fiscal\u00eda General de la Naci\u00f3n \u2013 Colombia. Garantizamos el acceso efectivo a la justicia, la verdad y la reparaci\u00f3n de las v\u00edctimas de los delitos.","breadcrumb":{"@id":"https:\/\/www.fiscalia.gov.co\/colombia\/noticias\/en-atlantico-fue-enviado-a-la-carcel-el-presunto-responsable-del-crimen-de-su-companera-sentimental\/#breadcrumb"},"inLanguage":"es-CO","potentialAction":[{"@type":"ReadAction","target":["https:\/\/www.fiscalia.gov.co\/colombia\/noticias\/en-atlantico-fue-enviado-a-la-carcel-el-presunto-responsable-del-crimen-de-su-companera-sentimental\/"]}]},{"@type":"ImageObject","inLanguage":"es-CO","@id":"https:\/\/www.fiscalia.gov.co\/colombia\/noticias\/en-atlantico-fue-enviado-a-la-carcel-el-presunto-responsable-del-crimen-de-su-companera-sentimental\/#primaryimage","url":"https:\/\/www.fiscalia.gov.co\/colombia\/wp-content\/uploads\/Un-fiscal-adscrito-a-la-Seccional-Atlantico-le-imputo-el-delito-de-feminicidio-agravado.-El-procesado-no-acepto-los-cargos-imputados.jpeg","contentUrl":"https:\/\/www.fiscalia.gov.co\/colombia\/wp-content\/uploads\/Un-fiscal-adscrito-a-la-Seccional-Atlantico-le-imputo-el-delito-de-feminicidio-agravado.-El-procesado-no-acepto-los-cargos-imputados.jpeg","width":1600,"height":900,"caption":"Un fiscal adscrito a la Seccional Atl\u00e1ntico, le imput\u00f3 el delito de feminicidio agravado. El procesado no acept\u00f3 los cargos imputados"},{"@type":"BreadcrumbList","@id":"https:\/\/www.fiscalia.gov.co\/colombia\/noticias\/en-atlantico-fue-enviado-a-la-carcel-el-presunto-responsable-del-crimen-de-su-companera-sentimental\/#breadcrumb","itemListElement":[{"@type":"ListItem","position":1,"name":"Home","item":"https:\/\/www.fiscalia.gov.co\/colombia\/"},{"@type":"ListItem","position":2,"name":"En Atl\u00e1ntico fue enviado a la c\u00e1rcel el presunto responsable del crimen de su compa\u00f1era sentimental"}]},{"@type":"WebSite","@id":"https:\/\/www.fiscalia.gov.co\/colombia\/#website","url":"https:\/\/www.fiscalia.gov.co\/colombia\/","name":"Fiscal\u00eda General de la Naci\u00f3n","description":"P\u00e1gina oficial de la Fiscal\u00eda General de la Naci\u00f3n \u2013 Colombia. Garantizamos el acceso efectivo a la justicia, la verdad y la reparaci\u00f3n de las v\u00edctimas de los delitos.","publisher":{"@id":"https:\/\/www.fiscalia.gov.co\/colombia\/#organization"},"potentialAction":[{"@type":"SearchAction","target":{"@type":"EntryPoint","urlTemplate":"https:\/\/www.fiscalia.gov.co\/colombia\/?s={search_term_string}"},"query-input":{"@type":"PropertyValueSpecification","valueRequired":true,"valueName":"search_term_string"}}],"inLanguage":"es-CO"},{"@type":"Organization","@id":"https:\/\/www.fiscalia.gov.co\/colombia\/#organization","name":"Fiscal\u00eda General de la Naci\u00f3n","url":"https:\/\/www.fiscalia.gov.co\/colombia\/","logo":{"@type":"ImageObject","inLanguage":"es-CO","@id":"https:\/\/www.fiscalia.gov.co\/colombia\/#\/schema\/logo\/image\/","url":"https:\/\/www.fiscalia.gov.co\/colombia\/wp-content\/uploads\/LogoHorizontal_1.jpg","contentUrl":"https:\/\/www.fiscalia.gov.co\/colombia\/wp-content\/uploads\/LogoHorizontal_1.jpg","width":300,"height":90,"caption":"Fiscal\u00eda General de la Naci\u00f3n"},"image":{"@id":"https:\/\/www.fiscalia.gov.co\/colombia\/#\/schema\/logo\/image\/"},"sameAs":["https:\/\/www.facebook.com\/FiscaliaCol","https:\/\/x.com\/FiscaliaCol","https:\/\/www.instagram.com\/fiscaliacol","https:\/\/www.linkedin.com\/company\/fiscalia-general-de-la-naci-n\/","https:\/\/youtube.com\/@fiscaliageneraldelanacion-4668?si=6nN79nyQICPU5iTh"]},{"@type":"Person","@id":"https:\/\/www.fiscalia.gov.co\/colombia\/#\/schema\/person\/bf84402cf293a5393e9c70b111020b24","name":"Jordan Leandro Oviedo Anzola","image":{"@type":"ImageObject","inLanguage":"es-CO","@id":"https:\/\/www.fiscalia.gov.co\/colombia\/#\/schema\/person\/image\/","url":"https:\/\/secure.gravatar.com\/avatar\/dabba4346fa9b9207d96adafa8f92721?s=96&d=mm&r=g","contentUrl":"https:\/\/secure.gravatar.com\/avatar\/dabba4346fa9b9207d96adafa8f92721?s=96&d=mm&r=g","caption":"Jordan Leandro Oviedo Anzola"},"url":"https:\/\/www.fiscalia.gov.co\/colombia\/author\/joviedo\/"}]}},"_links":{"self":[{"href":"https:\/\/www.fiscalia.gov.co\/colombia\/wp-json\/wp\/v2\/posts\/314827","targetHints":{"allow":["GET"]}}],"collection":[{"href":"https:\/\/www.fiscalia.gov.co\/colombia\/wp-json\/wp\/v2\/posts"}],"about":[{"href":"https:\/\/www.fiscalia.gov.co\/colombia\/wp-json\/wp\/v2\/types\/post"}],"author":[{"embeddable":true,"href":"https:\/\/www.fiscalia.gov.co\/colombia\/wp-json\/wp\/v2\/users\/177"}],"replies":[{"embeddable":true,"href":"https:\/\/www.fiscalia.gov.co\/colombia\/wp-json\/wp\/v2\/comments?post=314827"}],"version-history":[{"count":1,"href":"https:\/\/www.fiscalia.gov.co\/colombia\/wp-json\/wp\/v2\/posts\/314827\/revisions"}],"predecessor-version":[{"id":314829,"href":"https:\/\/www.fiscalia.gov.co\/colombia\/wp-json\/wp\/v2\/posts\/314827\/revisions\/314829"}],"wp:attachment":[{"href":"https:\/\/www.fiscalia.gov.co\/colombia\/wp-json\/wp\/v2\/media?parent=314827"}],"wp:term":[{"taxonomy":"category","embeddable":true,"href":"https:\/\/www.fiscalia.gov.co\/colombia\/wp-json\/wp\/v2\/categories?post=314827"},{"taxonomy":"post_tag","embeddable":true,"href":"https:\/\/www.fiscalia.gov.co\/colombia\/wp-json\/wp\/v2\/tags?post=314827"}],"curies":[{"name":"wp","href":"https:\/\/api.w.org\/{rel}","templated":true}]}}