{"id":314715,"date":"2025-05-04T08:12:02","date_gmt":"2025-05-04T13:12:02","guid":{"rendered":"https:\/\/www.fiscalia.gov.co\/colombia\/?p=314715"},"modified":"2025-05-09T10:46:10","modified_gmt":"2025-05-09T15:46:10","slug":"la-mona-debera-cumplir-medida-de-aseguramiento-en-carcel-por-su-presunta-responsabilidad-en-el-reclutamiento-de-menores-de-edad-para-las-disidencias-de-las-farc","status":"publish","type":"post","link":"https:\/\/www.fiscalia.gov.co\/colombia\/noticias\/la-mona-debera-cumplir-medida-de-aseguramiento-en-carcel-por-su-presunta-responsabilidad-en-el-reclutamiento-de-menores-de-edad-para-las-disidencias-de-las-farc\/","title":{"rendered":"\u2018La Mona\u2019 deber\u00e1 cumplir medida de aseguramiento en c\u00e1rcel por su presunta responsabilidad en el reclutamiento de menores de edad para las disidencias de las Farc"},"content":{"rendered":"<h4 style=\"text-align: center;\"><strong><em>Se le atribuye haber contactado a dos hermanos de 13 y 14 a\u00f1os en Cauca y, en medio de ofrecimientos de dinero, convencerlos de hacer parte de una estructura armada en Arauca.<\/em><\/strong><\/h4>\n<p style=\"text-align: left;\"><img loading=\"lazy\" decoding=\"async\" class=\"wp-image-314716 size-large\" style=\"text-align: center; color: #222222; font-family: Verdana, BlinkMacSystemFont, -apple-system, 'Segoe UI', Roboto, Oxygen, Ubuntu, Cantarell, 'Open Sans', 'Helvetica Neue', sans-serif; font-size: 15px;\" src=\"https:\/\/www.fiscalia.gov.co\/colombia\/wp-content\/uploads\/WhatsApp-Image-2025-05-04-at-7.18.06-AM-1024x663.jpeg\" alt=\"En la imagen se ve a una mujer en el centro, esposada y custodiada por cinco agentes de la Polic\u00eda Nacional de Colombia. Ella viste una camiseta azul oscura, pantal\u00f3n rosado claro y zapatillas negras. Tiene el cabello recogido y una expresi\u00f3n seria. A su lado, dos polic\u00edas visten chaquetas amarillas reflectivas con el logotipo de la Polic\u00eda, mientras que los otros tres, ubicados en los extremos izquierdo y derecho, llevan uniformes oscuros y est\u00e1n armados, del grupo GOES (Grupo de Operaciones Especiales). Todos posan frente a un fondo institucional con los logotipos repetidos de la Polic\u00eda Nacional de Colombia. En la esquina superior derecha aparece tambi\u00e9n el escudo de la Fiscal\u00eda General de la Naci\u00f3n.\" width=\"696\" height=\"451\" srcset=\"https:\/\/www.fiscalia.gov.co\/colombia\/wp-content\/uploads\/WhatsApp-Image-2025-05-04-at-7.18.06-AM-1024x663.jpeg 1024w, https:\/\/www.fiscalia.gov.co\/colombia\/wp-content\/uploads\/WhatsApp-Image-2025-05-04-at-7.18.06-AM-300x194.jpeg 300w, https:\/\/www.fiscalia.gov.co\/colombia\/wp-content\/uploads\/WhatsApp-Image-2025-05-04-at-7.18.06-AM-768x497.jpeg 768w, https:\/\/www.fiscalia.gov.co\/colombia\/wp-content\/uploads\/WhatsApp-Image-2025-05-04-at-7.18.06-AM-1536x995.jpeg 1536w, https:\/\/www.fiscalia.gov.co\/colombia\/wp-content\/uploads\/WhatsApp-Image-2025-05-04-at-7.18.06-AM-649x420.jpeg 649w, https:\/\/www.fiscalia.gov.co\/colombia\/wp-content\/uploads\/WhatsApp-Image-2025-05-04-at-7.18.06-AM-696x451.jpeg 696w, https:\/\/www.fiscalia.gov.co\/colombia\/wp-content\/uploads\/WhatsApp-Image-2025-05-04-at-7.18.06-AM-1068x692.jpeg 1068w, https:\/\/www.fiscalia.gov.co\/colombia\/wp-content\/uploads\/WhatsApp-Image-2025-05-04-at-7.18.06-AM.jpeg 1600w\" sizes=\"auto, (max-width: 696px) 100vw, 696px\" \/><\/p>\n<p>Alias La Mona fue capturada en un procedimiento realizado de manera conjunta con la Polic\u00eda Nacional en Popay\u00e1n.La <strong>Fiscal\u00eda General de la Naci\u00f3n<\/strong> obtuvo elementos materiales probatorios que ponen en evidencia el posible actuar il\u00edcito de Floralba Idal\u00ed Delgado Velasco, alias La Mona, quien ser\u00eda las responsable de<strong> reclutar menores de edad<\/strong> para diferentes estructuras de las <strong>disidencias de las Farc.<\/strong><\/p>\n<p>Uno de los hechos que se le atribuye ocurri\u00f3 el 20 de junio de 2023, en <strong>Santander de Quilichao (Cauca)<\/strong>. La mujer habr\u00eda contactado a dos hermanos de 13 y 14 a\u00f1os, y ofrecido dinero para que se vincularan a una red armada al servicio del autodenominado Frente 10 Mart\u00edn Villa, que tiene injerencia criminal en <strong>Arauca<\/strong>.<\/p>\n<p>En el curso de la investigaci\u00f3n se conoci\u00f3 que, luego de convencerlos, alias La Mona presuntamente aloj\u00f3 a los ni\u00f1os en un hotel y posteriormente los traslad\u00f3 a la terminal de transporte, donde les compr\u00f3 tiquetes para que viajaran en un bus de servicio p\u00fablico a Arauca. La oportuna reacci\u00f3n de personal de la Sijin del <strong>Departamento de Polic\u00eda de Cauca<\/strong> evit\u00f3 que las v\u00edctimas abordaran el veh\u00edculo.<\/p>\n<p>Por todo lo anterior, un fiscal especializado de la<strong> Seccional Cauca<\/strong> le imput\u00f3 el delito de reclutamiento il\u00edcito. La procesada no acept\u00f3 el cargo y un juez de control de garant\u00edas le impuso medida de aseguramiento en establecimiento carcelario.<\/p>\n<p>Alias La Mona fue capturada en un procedimiento realizado de manera conjunta con la <strong>Polic\u00eda Nacional<\/strong> en v\u00eda p\u00fablica del barrio Matamoros, en <strong>Popay\u00e1n (Cauca).<\/strong><\/p>\n<p>Esta informaci\u00f3n se publica por razones de inter\u00e9s general.<\/p>\n<p>JGPV\/AMCJ\/JARG\/CJGB\/DSC\/<\/p>\n<p>&nbsp;<\/p>\n<p><em>La informaci\u00f3n contenida en este bolet\u00edn de prensa corresponde a la narraci\u00f3n de los hechos noticiosos objetivos, suministrados por los funcionarios encargados de adelantar las investigaciones penales al interior de la Fiscal\u00eda General de la Naci\u00f3n. Para el momento de la divulgaci\u00f3n de este comunicado, la situaci\u00f3n jur\u00eddica de la(s) persona(s) relacionada(s) se encuentra pendiente de resolver por la autoridad judicial competente, siempre bajo los preceptos de la presunci\u00f3n de inocencia, consagrados en el art\u00edculo 29 de la Constituci\u00f3n Pol\u00edtica y el art\u00edculo 7\u00ba de la Ley 906 de 2004.<\/em><\/p>\n\n<div class=\"twitter-share\"><a href=\"https:\/\/twitter.com\/intent\/tweet?via=fiscaliacol\" class=\"twitter-share-button\">Tweet<\/a><\/div>\n","protected":false},"excerpt":{"rendered":"<p>Se le atribuye haber contactado a dos hermanos de 13 y 14 a\u00f1os en Cauca y, en medio de ofrecimientos de dinero, convencerlos de hacer parte de una estructura armada [&hellip;]<\/p>\n","protected":false},"author":182,"featured_media":0,"comment_status":"closed","ping_status":"open","sticky":false,"template":"","format":"standard","meta":{"tdm_status":"","tdm_grid_status":"","footnotes":""},"categories":[1],"tags":[24328,23815,2712,41231,24712,41230,37492,1047,41228,41227,8979,39259,28197,1185,1628,558,23834,1169,23854,20476,41229,7898],"class_list":["post-314715","post","type-post","status-publish","format-standard","category-noticias","tag-alias-la-mona","tag-arauca","tag-cauca","tag-delito-no-aceptado","tag-disidencias-de-las-farc","tag-estructura-armada","tag-fiscal-luz-adriana-camargo","tag-fiscalia-general-de-la-nacion","tag-floralba-idali-delgado-velasco","tag-frente-10-martin-villa","tag-hotel","tag-investigacion-penal","tag-juez-de-control-de-garantias","tag-medida-de-aseguramiento","tag-menores-de-edad","tag-policia-nacional","tag-popayan","tag-reclutamiento-ilicito","tag-santander-de-quilichao","tag-sijin","tag-terminal-de-transporte","tag-tiquetes"],"yoast_head":"<!-- This site is optimized with the Yoast SEO plugin v24.3 - https:\/\/yoast.com\/wordpress\/plugins\/seo\/ -->\n<title>Fiscal\u00eda General de la Naci\u00f3n<\/title>\n<meta name=\"description\" content=\"P\u00e1gina oficial de la Fiscal\u00eda General de la Naci\u00f3n \u2013 Colombia. Garantizamos el acceso efectivo a la justicia, la verdad y la reparaci\u00f3n de las v\u00edctimas de los delitos.\" \/>\n<meta name=\"robots\" content=\"noindex, follow\" \/>\n<meta property=\"og:locale\" content=\"es_ES\" \/>\n<meta property=\"og:type\" content=\"article\" \/>\n<meta property=\"og:title\" content=\"Fiscal\u00eda General de la Naci\u00f3n\" \/>\n<meta property=\"og:description\" content=\"P\u00e1gina oficial de la Fiscal\u00eda General de la Naci\u00f3n \u2013 Colombia. Garantizamos el acceso efectivo a la justicia, la verdad y la reparaci\u00f3n de las v\u00edctimas de los delitos.\" \/>\n<meta property=\"og:url\" content=\"https:\/\/www.fiscalia.gov.co\/colombia\/noticias\/la-mona-debera-cumplir-medida-de-aseguramiento-en-carcel-por-su-presunta-responsabilidad-en-el-reclutamiento-de-menores-de-edad-para-las-disidencias-de-las-farc\/\" \/>\n<meta property=\"og:site_name\" content=\"Fiscal\u00eda General de la Naci\u00f3n\" \/>\n<meta property=\"article:publisher\" content=\"https:\/\/www.facebook.com\/FiscaliaCol\" \/>\n<meta property=\"article:published_time\" content=\"2025-05-04T13:12:02+00:00\" \/>\n<meta property=\"article:modified_time\" content=\"2025-05-09T15:46:10+00:00\" \/>\n<meta property=\"og:image\" content=\"https:\/\/www.fiscalia.gov.co\/colombia\/wp-content\/uploads\/WhatsApp-Image-2025-05-04-at-7.18.06-AM.jpeg\" \/>\n\t<meta property=\"og:image:width\" content=\"1600\" \/>\n\t<meta property=\"og:image:height\" content=\"1036\" \/>\n\t<meta property=\"og:image:type\" content=\"image\/jpeg\" \/>\n<meta name=\"author\" content=\"Paula Andrea Castillo Lenis\" \/>\n<meta name=\"twitter:card\" content=\"summary_large_image\" \/>\n<meta name=\"twitter:creator\" content=\"@FiscaliaCol\" \/>\n<meta name=\"twitter:site\" content=\"@FiscaliaCol\" \/>\n<meta name=\"twitter:label1\" content=\"Escrito por\" \/>\n\t<meta name=\"twitter:data1\" content=\"Paula Andrea Castillo Lenis\" \/>\n\t<meta name=\"twitter:label2\" content=\"Tiempo de lectura\" \/>\n\t<meta name=\"twitter:data2\" content=\"2 minutos\" \/>\n<script type=\"application\/ld+json\" class=\"yoast-schema-graph\">{\"@context\":\"https:\/\/schema.org\",\"@graph\":[{\"@type\":\"Article\",\"@id\":\"https:\/\/www.fiscalia.gov.co\/colombia\/noticias\/la-mona-debera-cumplir-medida-de-aseguramiento-en-carcel-por-su-presunta-responsabilidad-en-el-reclutamiento-de-menores-de-edad-para-las-disidencias-de-las-farc\/#article\",\"isPartOf\":{\"@id\":\"https:\/\/www.fiscalia.gov.co\/colombia\/noticias\/la-mona-debera-cumplir-medida-de-aseguramiento-en-carcel-por-su-presunta-responsabilidad-en-el-reclutamiento-de-menores-de-edad-para-las-disidencias-de-las-farc\/\"},\"author\":{\"name\":\"Paula Andrea Castillo Lenis\",\"@id\":\"https:\/\/www.fiscalia.gov.co\/colombia\/#\/schema\/person\/66c172905e0492f1de6bbe5f93c4668f\"},\"headline\":\"\u2018La Mona\u2019 deber\u00e1 cumplir medida de aseguramiento en c\u00e1rcel por su presunta responsabilidad en el reclutamiento de menores de edad para las disidencias de las Farc\",\"datePublished\":\"2025-05-04T13:12:02+00:00\",\"dateModified\":\"2025-05-09T15:46:10+00:00\",\"mainEntityOfPage\":{\"@id\":\"https:\/\/www.fiscalia.gov.co\/colombia\/noticias\/la-mona-debera-cumplir-medida-de-aseguramiento-en-carcel-por-su-presunta-responsabilidad-en-el-reclutamiento-de-menores-de-edad-para-las-disidencias-de-las-farc\/\"},\"wordCount\":445,\"publisher\":{\"@id\":\"https:\/\/www.fiscalia.gov.co\/colombia\/#organization\"},\"image\":{\"@id\":\"https:\/\/www.fiscalia.gov.co\/colombia\/noticias\/la-mona-debera-cumplir-medida-de-aseguramiento-en-carcel-por-su-presunta-responsabilidad-en-el-reclutamiento-de-menores-de-edad-para-las-disidencias-de-las-farc\/#primaryimage\"},\"thumbnailUrl\":\"https:\/\/www.fiscalia.gov.co\/colombia\/wp-content\/uploads\/WhatsApp-Image-2025-05-04-at-7.18.06-AM-1024x663.jpeg\",\"keywords\":[\"alias la mona\",\"Arauca\",\"Cauca\",\"delito no aceptado\",\"disidencias de las FARC\",\"estructura armada\",\"Fiscal Luz Adriana Camargo\",\"Fiscal\u00eda General de la Naci\u00f3n\",\"Floralba Idal\u00ed Delgado Velasco\",\"Frente 10 Mart\u00edn Villa\",\"Hotel\",\"investigaci\u00f3n penal\",\"juez de control de garant\u00edas\",\"Medida de aseguramiento\",\"Menores de edad\",\"Polic\u00eda Nacional\",\"Popay\u00e1n\",\"Reclutamiento il\u00edcito\",\"Santander de Quilichao\",\"Sij\u00edn\",\"terminal de transporte\",\"tiquetes\"],\"articleSection\":[\"Noticias\"],\"inLanguage\":\"es-CO\"},{\"@type\":\"WebPage\",\"@id\":\"https:\/\/www.fiscalia.gov.co\/colombia\/noticias\/la-mona-debera-cumplir-medida-de-aseguramiento-en-carcel-por-su-presunta-responsabilidad-en-el-reclutamiento-de-menores-de-edad-para-las-disidencias-de-las-farc\/\",\"url\":\"https:\/\/www.fiscalia.gov.co\/colombia\/noticias\/la-mona-debera-cumplir-medida-de-aseguramiento-en-carcel-por-su-presunta-responsabilidad-en-el-reclutamiento-de-menores-de-edad-para-las-disidencias-de-las-farc\/\",\"name\":\"Fiscal\u00eda General de la Naci\u00f3n\",\"isPartOf\":{\"@id\":\"https:\/\/www.fiscalia.gov.co\/colombia\/#website\"},\"primaryImageOfPage\":{\"@id\":\"https:\/\/www.fiscalia.gov.co\/colombia\/noticias\/la-mona-debera-cumplir-medida-de-aseguramiento-en-carcel-por-su-presunta-responsabilidad-en-el-reclutamiento-de-menores-de-edad-para-las-disidencias-de-las-farc\/#primaryimage\"},\"image\":{\"@id\":\"https:\/\/www.fiscalia.gov.co\/colombia\/noticias\/la-mona-debera-cumplir-medida-de-aseguramiento-en-carcel-por-su-presunta-responsabilidad-en-el-reclutamiento-de-menores-de-edad-para-las-disidencias-de-las-farc\/#primaryimage\"},\"thumbnailUrl\":\"https:\/\/www.fiscalia.gov.co\/colombia\/wp-content\/uploads\/WhatsApp-Image-2025-05-04-at-7.18.06-AM-1024x663.jpeg\",\"datePublished\":\"2025-05-04T13:12:02+00:00\",\"dateModified\":\"2025-05-09T15:46:10+00:00\",\"description\":\"P\u00e1gina oficial de la Fiscal\u00eda General de la Naci\u00f3n \u2013 Colombia. Garantizamos el acceso efectivo a la justicia, la verdad y la reparaci\u00f3n de las v\u00edctimas de los delitos.\",\"breadcrumb\":{\"@id\":\"https:\/\/www.fiscalia.gov.co\/colombia\/noticias\/la-mona-debera-cumplir-medida-de-aseguramiento-en-carcel-por-su-presunta-responsabilidad-en-el-reclutamiento-de-menores-de-edad-para-las-disidencias-de-las-farc\/#breadcrumb\"},\"inLanguage\":\"es-CO\",\"potentialAction\":[{\"@type\":\"ReadAction\",\"target\":[\"https:\/\/www.fiscalia.gov.co\/colombia\/noticias\/la-mona-debera-cumplir-medida-de-aseguramiento-en-carcel-por-su-presunta-responsabilidad-en-el-reclutamiento-de-menores-de-edad-para-las-disidencias-de-las-farc\/\"]}]},{\"@type\":\"ImageObject\",\"inLanguage\":\"es-CO\",\"@id\":\"https:\/\/www.fiscalia.gov.co\/colombia\/noticias\/la-mona-debera-cumplir-medida-de-aseguramiento-en-carcel-por-su-presunta-responsabilidad-en-el-reclutamiento-de-menores-de-edad-para-las-disidencias-de-las-farc\/#primaryimage\",\"url\":\"https:\/\/www.fiscalia.gov.co\/colombia\/wp-content\/uploads\/WhatsApp-Image-2025-05-04-at-7.18.06-AM.jpeg\",\"contentUrl\":\"https:\/\/www.fiscalia.gov.co\/colombia\/wp-content\/uploads\/WhatsApp-Image-2025-05-04-at-7.18.06-AM.jpeg\",\"width\":1600,\"height\":1036,\"caption\":\"Alias La Mona fue capturada en un procedimiento realizado de manera conjunta con la Polic\u00eda Nacional en Popay\u00e1n.\"},{\"@type\":\"BreadcrumbList\",\"@id\":\"https:\/\/www.fiscalia.gov.co\/colombia\/noticias\/la-mona-debera-cumplir-medida-de-aseguramiento-en-carcel-por-su-presunta-responsabilidad-en-el-reclutamiento-de-menores-de-edad-para-las-disidencias-de-las-farc\/#breadcrumb\",\"itemListElement\":[{\"@type\":\"ListItem\",\"position\":1,\"name\":\"Home\",\"item\":\"https:\/\/www.fiscalia.gov.co\/colombia\/\"},{\"@type\":\"ListItem\",\"position\":2,\"name\":\"\u2018La Mona\u2019 deber\u00e1 cumplir medida de aseguramiento en c\u00e1rcel por su presunta responsabilidad en el reclutamiento de menores de edad para las disidencias de las Farc\"}]},{\"@type\":\"WebSite\",\"@id\":\"https:\/\/www.fiscalia.gov.co\/colombia\/#website\",\"url\":\"https:\/\/www.fiscalia.gov.co\/colombia\/\",\"name\":\"Fiscal\u00eda General de la Naci\u00f3n\",\"description\":\"P\u00e1gina oficial de la Fiscal\u00eda General de la Naci\u00f3n \u2013 Colombia. Garantizamos el acceso efectivo a la justicia, la verdad y la reparaci\u00f3n de las v\u00edctimas de los delitos.\",\"publisher\":{\"@id\":\"https:\/\/www.fiscalia.gov.co\/colombia\/#organization\"},\"potentialAction\":[{\"@type\":\"SearchAction\",\"target\":{\"@type\":\"EntryPoint\",\"urlTemplate\":\"https:\/\/www.fiscalia.gov.co\/colombia\/?s={search_term_string}\"},\"query-input\":{\"@type\":\"PropertyValueSpecification\",\"valueRequired\":true,\"valueName\":\"search_term_string\"}}],\"inLanguage\":\"es-CO\"},{\"@type\":\"Organization\",\"@id\":\"https:\/\/www.fiscalia.gov.co\/colombia\/#organization\",\"name\":\"Fiscal\u00eda General de la Naci\u00f3n\",\"url\":\"https:\/\/www.fiscalia.gov.co\/colombia\/\",\"logo\":{\"@type\":\"ImageObject\",\"inLanguage\":\"es-CO\",\"@id\":\"https:\/\/www.fiscalia.gov.co\/colombia\/#\/schema\/logo\/image\/\",\"url\":\"https:\/\/www.fiscalia.gov.co\/colombia\/wp-content\/uploads\/LogoHorizontal_1.jpg\",\"contentUrl\":\"https:\/\/www.fiscalia.gov.co\/colombia\/wp-content\/uploads\/LogoHorizontal_1.jpg\",\"width\":300,\"height\":90,\"caption\":\"Fiscal\u00eda General de la Naci\u00f3n\"},\"image\":{\"@id\":\"https:\/\/www.fiscalia.gov.co\/colombia\/#\/schema\/logo\/image\/\"},\"sameAs\":[\"https:\/\/www.facebook.com\/FiscaliaCol\",\"https:\/\/x.com\/FiscaliaCol\",\"https:\/\/www.instagram.com\/fiscaliacol\",\"https:\/\/www.linkedin.com\/company\/fiscalia-general-de-la-naci-n\/\",\"https:\/\/youtube.com\/@fiscaliageneraldelanacion-4668?si=6nN79nyQICPU5iTh\"]},{\"@type\":\"Person\",\"@id\":\"https:\/\/www.fiscalia.gov.co\/colombia\/#\/schema\/person\/66c172905e0492f1de6bbe5f93c4668f\",\"name\":\"Paula Andrea Castillo Lenis\",\"image\":{\"@type\":\"ImageObject\",\"inLanguage\":\"es-CO\",\"@id\":\"https:\/\/www.fiscalia.gov.co\/colombia\/#\/schema\/person\/image\/\",\"url\":\"https:\/\/secure.gravatar.com\/avatar\/cb060d9561f2947c4102d1825739f868?s=96&d=mm&r=g\",\"contentUrl\":\"https:\/\/secure.gravatar.com\/avatar\/cb060d9561f2947c4102d1825739f868?s=96&d=mm&r=g\",\"caption\":\"Paula Andrea Castillo Lenis\"},\"url\":\"https:\/\/www.fiscalia.gov.co\/colombia\/author\/paula-castillo\/\"}]}<\/script>\n<!-- \/ Yoast SEO plugin. -->","yoast_head_json":{"title":"Fiscal\u00eda General de la Naci\u00f3n","description":"P\u00e1gina oficial de la Fiscal\u00eda General de la Naci\u00f3n \u2013 Colombia. Garantizamos el acceso efectivo a la justicia, la verdad y la reparaci\u00f3n de las v\u00edctimas de los delitos.","robots":{"index":"noindex","follow":"follow"},"og_locale":"es_ES","og_type":"article","og_title":"Fiscal\u00eda General de la Naci\u00f3n","og_description":"P\u00e1gina oficial de la Fiscal\u00eda General de la Naci\u00f3n \u2013 Colombia. Garantizamos el acceso efectivo a la justicia, la verdad y la reparaci\u00f3n de las v\u00edctimas de los delitos.","og_url":"https:\/\/www.fiscalia.gov.co\/colombia\/noticias\/la-mona-debera-cumplir-medida-de-aseguramiento-en-carcel-por-su-presunta-responsabilidad-en-el-reclutamiento-de-menores-de-edad-para-las-disidencias-de-las-farc\/","og_site_name":"Fiscal\u00eda General de la Naci\u00f3n","article_publisher":"https:\/\/www.facebook.com\/FiscaliaCol","article_published_time":"2025-05-04T13:12:02+00:00","article_modified_time":"2025-05-09T15:46:10+00:00","og_image":[{"width":1600,"height":1036,"url":"https:\/\/www.fiscalia.gov.co\/colombia\/wp-content\/uploads\/WhatsApp-Image-2025-05-04-at-7.18.06-AM.jpeg","type":"image\/jpeg"}],"author":"Paula Andrea Castillo Lenis","twitter_card":"summary_large_image","twitter_creator":"@FiscaliaCol","twitter_site":"@FiscaliaCol","twitter_misc":{"Escrito por":"Paula Andrea Castillo Lenis","Tiempo de lectura":"2 minutos"},"schema":{"@context":"https:\/\/schema.org","@graph":[{"@type":"Article","@id":"https:\/\/www.fiscalia.gov.co\/colombia\/noticias\/la-mona-debera-cumplir-medida-de-aseguramiento-en-carcel-por-su-presunta-responsabilidad-en-el-reclutamiento-de-menores-de-edad-para-las-disidencias-de-las-farc\/#article","isPartOf":{"@id":"https:\/\/www.fiscalia.gov.co\/colombia\/noticias\/la-mona-debera-cumplir-medida-de-aseguramiento-en-carcel-por-su-presunta-responsabilidad-en-el-reclutamiento-de-menores-de-edad-para-las-disidencias-de-las-farc\/"},"author":{"name":"Paula Andrea Castillo Lenis","@id":"https:\/\/www.fiscalia.gov.co\/colombia\/#\/schema\/person\/66c172905e0492f1de6bbe5f93c4668f"},"headline":"\u2018La Mona\u2019 deber\u00e1 cumplir medida de aseguramiento en c\u00e1rcel por su presunta responsabilidad en el reclutamiento de menores de edad para las disidencias de las Farc","datePublished":"2025-05-04T13:12:02+00:00","dateModified":"2025-05-09T15:46:10+00:00","mainEntityOfPage":{"@id":"https:\/\/www.fiscalia.gov.co\/colombia\/noticias\/la-mona-debera-cumplir-medida-de-aseguramiento-en-carcel-por-su-presunta-responsabilidad-en-el-reclutamiento-de-menores-de-edad-para-las-disidencias-de-las-farc\/"},"wordCount":445,"publisher":{"@id":"https:\/\/www.fiscalia.gov.co\/colombia\/#organization"},"image":{"@id":"https:\/\/www.fiscalia.gov.co\/colombia\/noticias\/la-mona-debera-cumplir-medida-de-aseguramiento-en-carcel-por-su-presunta-responsabilidad-en-el-reclutamiento-de-menores-de-edad-para-las-disidencias-de-las-farc\/#primaryimage"},"thumbnailUrl":"https:\/\/www.fiscalia.gov.co\/colombia\/wp-content\/uploads\/WhatsApp-Image-2025-05-04-at-7.18.06-AM-1024x663.jpeg","keywords":["alias la mona","Arauca","Cauca","delito no aceptado","disidencias de las FARC","estructura armada","Fiscal Luz Adriana Camargo","Fiscal\u00eda General de la Naci\u00f3n","Floralba Idal\u00ed Delgado Velasco","Frente 10 Mart\u00edn Villa","Hotel","investigaci\u00f3n penal","juez de control de garant\u00edas","Medida de aseguramiento","Menores de edad","Polic\u00eda Nacional","Popay\u00e1n","Reclutamiento il\u00edcito","Santander de Quilichao","Sij\u00edn","terminal de transporte","tiquetes"],"articleSection":["Noticias"],"inLanguage":"es-CO"},{"@type":"WebPage","@id":"https:\/\/www.fiscalia.gov.co\/colombia\/noticias\/la-mona-debera-cumplir-medida-de-aseguramiento-en-carcel-por-su-presunta-responsabilidad-en-el-reclutamiento-de-menores-de-edad-para-las-disidencias-de-las-farc\/","url":"https:\/\/www.fiscalia.gov.co\/colombia\/noticias\/la-mona-debera-cumplir-medida-de-aseguramiento-en-carcel-por-su-presunta-responsabilidad-en-el-reclutamiento-de-menores-de-edad-para-las-disidencias-de-las-farc\/","name":"Fiscal\u00eda General de la Naci\u00f3n","isPartOf":{"@id":"https:\/\/www.fiscalia.gov.co\/colombia\/#website"},"primaryImageOfPage":{"@id":"https:\/\/www.fiscalia.gov.co\/colombia\/noticias\/la-mona-debera-cumplir-medida-de-aseguramiento-en-carcel-por-su-presunta-responsabilidad-en-el-reclutamiento-de-menores-de-edad-para-las-disidencias-de-las-farc\/#primaryimage"},"image":{"@id":"https:\/\/www.fiscalia.gov.co\/colombia\/noticias\/la-mona-debera-cumplir-medida-de-aseguramiento-en-carcel-por-su-presunta-responsabilidad-en-el-reclutamiento-de-menores-de-edad-para-las-disidencias-de-las-farc\/#primaryimage"},"thumbnailUrl":"https:\/\/www.fiscalia.gov.co\/colombia\/wp-content\/uploads\/WhatsApp-Image-2025-05-04-at-7.18.06-AM-1024x663.jpeg","datePublished":"2025-05-04T13:12:02+00:00","dateModified":"2025-05-09T15:46:10+00:00","description":"P\u00e1gina oficial de la Fiscal\u00eda General de la Naci\u00f3n \u2013 Colombia. Garantizamos el acceso efectivo a la justicia, la verdad y la reparaci\u00f3n de las v\u00edctimas de los delitos.","breadcrumb":{"@id":"https:\/\/www.fiscalia.gov.co\/colombia\/noticias\/la-mona-debera-cumplir-medida-de-aseguramiento-en-carcel-por-su-presunta-responsabilidad-en-el-reclutamiento-de-menores-de-edad-para-las-disidencias-de-las-farc\/#breadcrumb"},"inLanguage":"es-CO","potentialAction":[{"@type":"ReadAction","target":["https:\/\/www.fiscalia.gov.co\/colombia\/noticias\/la-mona-debera-cumplir-medida-de-aseguramiento-en-carcel-por-su-presunta-responsabilidad-en-el-reclutamiento-de-menores-de-edad-para-las-disidencias-de-las-farc\/"]}]},{"@type":"ImageObject","inLanguage":"es-CO","@id":"https:\/\/www.fiscalia.gov.co\/colombia\/noticias\/la-mona-debera-cumplir-medida-de-aseguramiento-en-carcel-por-su-presunta-responsabilidad-en-el-reclutamiento-de-menores-de-edad-para-las-disidencias-de-las-farc\/#primaryimage","url":"https:\/\/www.fiscalia.gov.co\/colombia\/wp-content\/uploads\/WhatsApp-Image-2025-05-04-at-7.18.06-AM.jpeg","contentUrl":"https:\/\/www.fiscalia.gov.co\/colombia\/wp-content\/uploads\/WhatsApp-Image-2025-05-04-at-7.18.06-AM.jpeg","width":1600,"height":1036,"caption":"Alias La Mona fue capturada en un procedimiento realizado de manera conjunta con la Polic\u00eda Nacional en Popay\u00e1n."},{"@type":"BreadcrumbList","@id":"https:\/\/www.fiscalia.gov.co\/colombia\/noticias\/la-mona-debera-cumplir-medida-de-aseguramiento-en-carcel-por-su-presunta-responsabilidad-en-el-reclutamiento-de-menores-de-edad-para-las-disidencias-de-las-farc\/#breadcrumb","itemListElement":[{"@type":"ListItem","position":1,"name":"Home","item":"https:\/\/www.fiscalia.gov.co\/colombia\/"},{"@type":"ListItem","position":2,"name":"\u2018La Mona\u2019 deber\u00e1 cumplir medida de aseguramiento en c\u00e1rcel por su presunta responsabilidad en el reclutamiento de menores de edad para las disidencias de las Farc"}]},{"@type":"WebSite","@id":"https:\/\/www.fiscalia.gov.co\/colombia\/#website","url":"https:\/\/www.fiscalia.gov.co\/colombia\/","name":"Fiscal\u00eda General de la Naci\u00f3n","description":"P\u00e1gina oficial de la Fiscal\u00eda General de la Naci\u00f3n \u2013 Colombia. Garantizamos el acceso efectivo a la justicia, la verdad y la reparaci\u00f3n de las v\u00edctimas de los delitos.","publisher":{"@id":"https:\/\/www.fiscalia.gov.co\/colombia\/#organization"},"potentialAction":[{"@type":"SearchAction","target":{"@type":"EntryPoint","urlTemplate":"https:\/\/www.fiscalia.gov.co\/colombia\/?s={search_term_string}"},"query-input":{"@type":"PropertyValueSpecification","valueRequired":true,"valueName":"search_term_string"}}],"inLanguage":"es-CO"},{"@type":"Organization","@id":"https:\/\/www.fiscalia.gov.co\/colombia\/#organization","name":"Fiscal\u00eda General de la Naci\u00f3n","url":"https:\/\/www.fiscalia.gov.co\/colombia\/","logo":{"@type":"ImageObject","inLanguage":"es-CO","@id":"https:\/\/www.fiscalia.gov.co\/colombia\/#\/schema\/logo\/image\/","url":"https:\/\/www.fiscalia.gov.co\/colombia\/wp-content\/uploads\/LogoHorizontal_1.jpg","contentUrl":"https:\/\/www.fiscalia.gov.co\/colombia\/wp-content\/uploads\/LogoHorizontal_1.jpg","width":300,"height":90,"caption":"Fiscal\u00eda General de la Naci\u00f3n"},"image":{"@id":"https:\/\/www.fiscalia.gov.co\/colombia\/#\/schema\/logo\/image\/"},"sameAs":["https:\/\/www.facebook.com\/FiscaliaCol","https:\/\/x.com\/FiscaliaCol","https:\/\/www.instagram.com\/fiscaliacol","https:\/\/www.linkedin.com\/company\/fiscalia-general-de-la-naci-n\/","https:\/\/youtube.com\/@fiscaliageneraldelanacion-4668?si=6nN79nyQICPU5iTh"]},{"@type":"Person","@id":"https:\/\/www.fiscalia.gov.co\/colombia\/#\/schema\/person\/66c172905e0492f1de6bbe5f93c4668f","name":"Paula Andrea Castillo Lenis","image":{"@type":"ImageObject","inLanguage":"es-CO","@id":"https:\/\/www.fiscalia.gov.co\/colombia\/#\/schema\/person\/image\/","url":"https:\/\/secure.gravatar.com\/avatar\/cb060d9561f2947c4102d1825739f868?s=96&d=mm&r=g","contentUrl":"https:\/\/secure.gravatar.com\/avatar\/cb060d9561f2947c4102d1825739f868?s=96&d=mm&r=g","caption":"Paula Andrea Castillo Lenis"},"url":"https:\/\/www.fiscalia.gov.co\/colombia\/author\/paula-castillo\/"}]}},"_links":{"self":[{"href":"https:\/\/www.fiscalia.gov.co\/colombia\/wp-json\/wp\/v2\/posts\/314715","targetHints":{"allow":["GET"]}}],"collection":[{"href":"https:\/\/www.fiscalia.gov.co\/colombia\/wp-json\/wp\/v2\/posts"}],"about":[{"href":"https:\/\/www.fiscalia.gov.co\/colombia\/wp-json\/wp\/v2\/types\/post"}],"author":[{"embeddable":true,"href":"https:\/\/www.fiscalia.gov.co\/colombia\/wp-json\/wp\/v2\/users\/182"}],"replies":[{"embeddable":true,"href":"https:\/\/www.fiscalia.gov.co\/colombia\/wp-json\/wp\/v2\/comments?post=314715"}],"version-history":[{"count":3,"href":"https:\/\/www.fiscalia.gov.co\/colombia\/wp-json\/wp\/v2\/posts\/314715\/revisions"}],"predecessor-version":[{"id":315053,"href":"https:\/\/www.fiscalia.gov.co\/colombia\/wp-json\/wp\/v2\/posts\/314715\/revisions\/315053"}],"wp:attachment":[{"href":"https:\/\/www.fiscalia.gov.co\/colombia\/wp-json\/wp\/v2\/media?parent=314715"}],"wp:term":[{"taxonomy":"category","embeddable":true,"href":"https:\/\/www.fiscalia.gov.co\/colombia\/wp-json\/wp\/v2\/categories?post=314715"},{"taxonomy":"post_tag","embeddable":true,"href":"https:\/\/www.fiscalia.gov.co\/colombia\/wp-json\/wp\/v2\/tags?post=314715"}],"curies":[{"name":"wp","href":"https:\/\/api.w.org\/{rel}","templated":true}]}}