{"id":314413,"date":"2025-04-28T08:31:35","date_gmt":"2025-04-28T13:31:35","guid":{"rendered":"https:\/\/www.fiscalia.gov.co\/colombia\/?p=314413"},"modified":"2025-04-28T08:31:35","modified_gmt":"2025-04-28T13:31:35","slug":"fiscalia-afecta-el-patrimonio-ilicito-de-la-empresa-la-red-narcotraficante-senalada-de-sacar-cocaina-por-el-pacifico-colombiano","status":"publish","type":"post","link":"https:\/\/www.fiscalia.gov.co\/colombia\/extincion-de-dominio\/fiscalia-afecta-el-patrimonio-ilicito-de-la-empresa-la-red-narcotraficante-senalada-de-sacar-cocaina-por-el-pacifico-colombiano\/","title":{"rendered":"Fiscal\u00eda afecta el patrimonio il\u00edcito de \u2018La Empresa\u2019, la red narcotraficante se\u00f1alada de sacar coca\u00edna por el Pac\u00edfico colombiano"},"content":{"rendered":"<h4 style=\"text-align: center;\"><strong><em>Fueron ocupados con fines de extinci\u00f3n de dominio bienes ubicados en Tumaco (Nari\u00f1o), que superar\u00edan en valor los 13.400 millones de pesos.<\/em><\/strong><\/h4>\n<p>Los elementos materiales probatorios obtenidos por la Fiscal\u00eda General de la Naci\u00f3n dan cuenta del origen il\u00edcito de 56 bienes, que estaban a nombre de personas que no <strong>desempe\u00f1aban una actividad laboral estable ni ten\u00edan la capacidad financiera para comprarlos y mantenerlos.<\/strong><\/p>\n<p>Las propiedades en realidad habr\u00edan sido adquiridas por integrantes de la estructura criminal \u2018La Empresa\u2019, entre ellos el extraditado cabecilla, Jos\u00e9 Feliciano G\u00f3ngora Sol\u00eds, alias Chano, <strong>con dineros producto del env\u00edo de clorhidrato de coca\u00edna por el Pac\u00edfico colombiano con destino a Estados Unidos y pa\u00edses de Centroam\u00e9rica<\/strong>; y posteriormente cedidas a terceros que fungieron durante varios a\u00f1os como posibles testaferros.<\/p>\n<p>En ese sentido, Fiscales de la Direcci\u00f3n Especializada de Extinci\u00f3n del Derecho de Dominio <strong>impusieron sobre los activos medidas cautelares de suspensi\u00f3n del poder dispositivo, embargo y secuestro<\/strong>, las cuales fueron materializadas en diligencias realizadas de manera coordinada con la Polic\u00eda Nacional en Tumaco (Nari\u00f1o).<\/p>\n<p>Los bienes afectados superan en valor los 13.400 millones de pesos. <strong>Est\u00e1n representados en 24 inmuebles, 21 veh\u00edculos de alta gama y 11 establecimientos de comercio.<\/strong> La Sociedad de Activos Especiales (SAE) asumir\u00e1 su administraci\u00f3n.<\/p>\n<p>Esta informaci\u00f3n se publica por razones de inter\u00e9s general.<\/p>\n<p>&nbsp;<\/p>\n<p>&nbsp;<\/p>\n<p>&nbsp;<\/p>\n<p>&nbsp;<\/p>\n<p>FAGH\/JARG\/JIC\/DEEC7ALTR<\/p>\n<p>&nbsp;<\/p>\n<p>&nbsp;<\/p>\n<p>&nbsp;<\/p>\n<p>&nbsp;<\/p>\n<div class=\"td-post-content tagdiv-type\">\n<div class=\"td-post-content tagdiv-type\">\n<div class=\"td-post-content tagdiv-type\">\n<div class=\"td-post-content tagdiv-type\">\n<div class=\"td-post-content tagdiv-type\">\n<div class=\"td-post-content tagdiv-type\">\n<p><em>La informaci\u00f3n contenida en este bolet\u00edn de prensa corresponde a la narraci\u00f3n de los hechos noticiosos objetivos, y las investigaciones penales al interior de la Fiscal\u00eda General de la Naci\u00f3n. Para el momento de la divulgaci\u00f3n de este comunicado, la situaci\u00f3n jur\u00eddica de la(s) persona(s) relacionada(s) se encuentra pendiente de resolver por la autoridad judicial competente, siempre bajo los preceptos de la presunci\u00f3n de inocencia, consagrados en el art\u00edculo 29 de la Constituci\u00f3n Pol\u00edtica y el art\u00edculo 7\u00ba de la Ley 906 de 2004.<\/em><\/p>\n<\/div>\n<\/div>\n<\/div>\n<\/div>\n<\/div>\n<footer>\n<div class=\"td-post-source-tags\"><\/div>\n<div class=\"td-post-sharing-bottom\"><\/div>\n<\/footer>\n<\/div>\n<footer>\n<div class=\"td-post-source-tags\"><\/div>\n<div class=\"td-post-sharing-bottom\"><\/div>\n<\/footer>\n<footer>\n<p class=\"td-post-source-tags\">\n<p class=\"td-post-sharing-bottom\">\n<\/footer>\n\n<div class=\"twitter-share\"><a href=\"https:\/\/twitter.com\/intent\/tweet?via=fiscaliacol\" class=\"twitter-share-button\">Tweet<\/a><\/div>\n","protected":false},"excerpt":{"rendered":"<p>Fueron ocupados con fines de extinci\u00f3n de dominio bienes ubicados en Tumaco (Nari\u00f1o), que superar\u00edan en valor los 13.400 millones de pesos. Los elementos materiales probatorios obtenidos por la Fiscal\u00eda General de la Naci\u00f3n dan cuenta del origen il\u00edcito de 56 bienes, que estaban a nombre de personas que no desempe\u00f1aban una actividad laboral estable [&hellip;]<\/p>\n","protected":false},"author":177,"featured_media":0,"comment_status":"closed","ping_status":"open","sticky":false,"template":"","format":"standard","meta":{"_price":"","_stock":"","_tribe_ticket_header":"","_tribe_default_ticket_provider":"","_tribe_ticket_capacity":"0","_ticket_start_date":"","_ticket_end_date":"","_tribe_ticket_show_description":"","_tribe_ticket_show_not_going":false,"_tribe_ticket_use_global_stock":"","_tribe_ticket_global_stock_level":"","_global_stock_mode":"","_global_stock_cap":"","_tribe_rsvp_for_event":"","_tribe_ticket_going_count":"","_tribe_ticket_not_going_count":"","_tribe_tickets_list":"[]","_tribe_ticket_has_attendee_info_fields":false,"tdm_status":"","tdm_grid_status":"","footnotes":""},"categories":[24116,1],"tags":[19,1441,37492,1047,148,25244],"class_list":{"0":"post-314413","1":"post","2":"type-post","3":"status-publish","4":"format-standard","6":"category-extincion-de-dominio","7":"category-noticias","8":"tag-cocaina","9":"tag-extincion-de-dominio","10":"tag-fiscal-luz-adriana-camargo","11":"tag-fiscalia-general-de-la-nacion","12":"tag-narcotrafico","13":"tag-pacifico"},"yoast_head":"<!-- This site is optimized with the Yoast SEO plugin v24.3 - https:\/\/yoast.com\/wordpress\/plugins\/seo\/ -->\n<title>Fiscal\u00eda General de la Naci\u00f3n<\/title>\n<meta name=\"description\" content=\"P\u00e1gina oficial de la Fiscal\u00eda General de la Naci\u00f3n \u2013 Colombia. Garantizamos el acceso efectivo a la justicia, la verdad y la reparaci\u00f3n de las v\u00edctimas de los delitos.\" \/>\n<meta name=\"robots\" content=\"noindex, follow\" \/>\n<meta property=\"og:locale\" content=\"es_ES\" \/>\n<meta property=\"og:type\" content=\"article\" \/>\n<meta property=\"og:title\" content=\"Fiscal\u00eda General de la Naci\u00f3n\" \/>\n<meta property=\"og:description\" content=\"P\u00e1gina oficial de la Fiscal\u00eda General de la Naci\u00f3n \u2013 Colombia. Garantizamos el acceso efectivo a la justicia, la verdad y la reparaci\u00f3n de las v\u00edctimas de los delitos.\" \/>\n<meta property=\"og:url\" content=\"https:\/\/www.fiscalia.gov.co\/colombia\/extincion-de-dominio\/fiscalia-afecta-el-patrimonio-ilicito-de-la-empresa-la-red-narcotraficante-senalada-de-sacar-cocaina-por-el-pacifico-colombiano\/\" \/>\n<meta property=\"og:site_name\" content=\"Fiscal\u00eda General de la Naci\u00f3n\" \/>\n<meta property=\"article:publisher\" content=\"https:\/\/www.facebook.com\/FiscaliaCol\" \/>\n<meta property=\"article:published_time\" content=\"2025-04-28T13:31:35+00:00\" \/>\n<meta name=\"author\" content=\"Jordan Leandro Oviedo Anzola\" \/>\n<meta name=\"twitter:card\" content=\"summary_large_image\" \/>\n<meta name=\"twitter:creator\" content=\"@FiscaliaCol\" \/>\n<meta name=\"twitter:site\" content=\"@FiscaliaCol\" \/>\n<meta name=\"twitter:label1\" content=\"Escrito por\" \/>\n\t<meta name=\"twitter:data1\" content=\"Jordan Leandro Oviedo Anzola\" \/>\n\t<meta name=\"twitter:label2\" content=\"Tiempo de lectura\" \/>\n\t<meta name=\"twitter:data2\" content=\"2 minutos\" \/>\n<script type=\"application\/ld+json\" class=\"yoast-schema-graph\">{\"@context\":\"https:\/\/schema.org\",\"@graph\":[{\"@type\":\"Article\",\"@id\":\"https:\/\/www.fiscalia.gov.co\/colombia\/extincion-de-dominio\/fiscalia-afecta-el-patrimonio-ilicito-de-la-empresa-la-red-narcotraficante-senalada-de-sacar-cocaina-por-el-pacifico-colombiano\/#article\",\"isPartOf\":{\"@id\":\"https:\/\/www.fiscalia.gov.co\/colombia\/extincion-de-dominio\/fiscalia-afecta-el-patrimonio-ilicito-de-la-empresa-la-red-narcotraficante-senalada-de-sacar-cocaina-por-el-pacifico-colombiano\/\"},\"author\":{\"name\":\"Jordan Leandro Oviedo Anzola\",\"@id\":\"https:\/\/www.fiscalia.gov.co\/colombia\/#\/schema\/person\/bf84402cf293a5393e9c70b111020b24\"},\"headline\":\"Fiscal\u00eda afecta el patrimonio il\u00edcito de \u2018La Empresa\u2019, la red narcotraficante se\u00f1alada de sacar coca\u00edna por el Pac\u00edfico colombiano\",\"datePublished\":\"2025-04-28T13:31:35+00:00\",\"dateModified\":\"2025-04-28T13:31:35+00:00\",\"mainEntityOfPage\":{\"@id\":\"https:\/\/www.fiscalia.gov.co\/colombia\/extincion-de-dominio\/fiscalia-afecta-el-patrimonio-ilicito-de-la-empresa-la-red-narcotraficante-senalada-de-sacar-cocaina-por-el-pacifico-colombiano\/\"},\"wordCount\":368,\"publisher\":{\"@id\":\"https:\/\/www.fiscalia.gov.co\/colombia\/#organization\"},\"keywords\":[\"Coca\u00edna\",\"Extinci\u00f3n de dominio\",\"Fiscal Luz Adriana Camargo\",\"Fiscal\u00eda General de la Naci\u00f3n\",\"Narcotr\u00e1fico\",\"Pac\u00edfico\"],\"articleSection\":[\"Extinci\u00f3n de dominio\",\"Noticias\"],\"inLanguage\":\"es-CO\"},{\"@type\":\"WebPage\",\"@id\":\"https:\/\/www.fiscalia.gov.co\/colombia\/extincion-de-dominio\/fiscalia-afecta-el-patrimonio-ilicito-de-la-empresa-la-red-narcotraficante-senalada-de-sacar-cocaina-por-el-pacifico-colombiano\/\",\"url\":\"https:\/\/www.fiscalia.gov.co\/colombia\/extincion-de-dominio\/fiscalia-afecta-el-patrimonio-ilicito-de-la-empresa-la-red-narcotraficante-senalada-de-sacar-cocaina-por-el-pacifico-colombiano\/\",\"name\":\"Fiscal\u00eda General de la Naci\u00f3n\",\"isPartOf\":{\"@id\":\"https:\/\/www.fiscalia.gov.co\/colombia\/#website\"},\"datePublished\":\"2025-04-28T13:31:35+00:00\",\"dateModified\":\"2025-04-28T13:31:35+00:00\",\"description\":\"P\u00e1gina oficial de la Fiscal\u00eda General de la Naci\u00f3n \u2013 Colombia. Garantizamos el acceso efectivo a la justicia, la verdad y la reparaci\u00f3n de las v\u00edctimas de los delitos.\",\"breadcrumb\":{\"@id\":\"https:\/\/www.fiscalia.gov.co\/colombia\/extincion-de-dominio\/fiscalia-afecta-el-patrimonio-ilicito-de-la-empresa-la-red-narcotraficante-senalada-de-sacar-cocaina-por-el-pacifico-colombiano\/#breadcrumb\"},\"inLanguage\":\"es-CO\",\"potentialAction\":[{\"@type\":\"ReadAction\",\"target\":[\"https:\/\/www.fiscalia.gov.co\/colombia\/extincion-de-dominio\/fiscalia-afecta-el-patrimonio-ilicito-de-la-empresa-la-red-narcotraficante-senalada-de-sacar-cocaina-por-el-pacifico-colombiano\/\"]}]},{\"@type\":\"BreadcrumbList\",\"@id\":\"https:\/\/www.fiscalia.gov.co\/colombia\/extincion-de-dominio\/fiscalia-afecta-el-patrimonio-ilicito-de-la-empresa-la-red-narcotraficante-senalada-de-sacar-cocaina-por-el-pacifico-colombiano\/#breadcrumb\",\"itemListElement\":[{\"@type\":\"ListItem\",\"position\":1,\"name\":\"Home\",\"item\":\"https:\/\/www.fiscalia.gov.co\/colombia\/\"},{\"@type\":\"ListItem\",\"position\":2,\"name\":\"Fiscal\u00eda afecta el patrimonio il\u00edcito de \u2018La Empresa\u2019, la red narcotraficante se\u00f1alada de sacar coca\u00edna por el Pac\u00edfico colombiano\"}]},{\"@type\":\"WebSite\",\"@id\":\"https:\/\/www.fiscalia.gov.co\/colombia\/#website\",\"url\":\"https:\/\/www.fiscalia.gov.co\/colombia\/\",\"name\":\"Fiscal\u00eda General de la Naci\u00f3n\",\"description\":\"P\u00e1gina oficial de la Fiscal\u00eda General de la Naci\u00f3n \u2013 Colombia. Garantizamos el acceso efectivo a la justicia, la verdad y la reparaci\u00f3n de las v\u00edctimas de los delitos.\",\"publisher\":{\"@id\":\"https:\/\/www.fiscalia.gov.co\/colombia\/#organization\"},\"potentialAction\":[{\"@type\":\"SearchAction\",\"target\":{\"@type\":\"EntryPoint\",\"urlTemplate\":\"https:\/\/www.fiscalia.gov.co\/colombia\/?s={search_term_string}\"},\"query-input\":{\"@type\":\"PropertyValueSpecification\",\"valueRequired\":true,\"valueName\":\"search_term_string\"}}],\"inLanguage\":\"es-CO\"},{\"@type\":\"Organization\",\"@id\":\"https:\/\/www.fiscalia.gov.co\/colombia\/#organization\",\"name\":\"Fiscal\u00eda General de la Naci\u00f3n\",\"url\":\"https:\/\/www.fiscalia.gov.co\/colombia\/\",\"logo\":{\"@type\":\"ImageObject\",\"inLanguage\":\"es-CO\",\"@id\":\"https:\/\/www.fiscalia.gov.co\/colombia\/#\/schema\/logo\/image\/\",\"url\":\"https:\/\/www.fiscalia.gov.co\/colombia\/wp-content\/uploads\/LogoHorizontal_1.jpg\",\"contentUrl\":\"https:\/\/www.fiscalia.gov.co\/colombia\/wp-content\/uploads\/LogoHorizontal_1.jpg\",\"width\":300,\"height\":90,\"caption\":\"Fiscal\u00eda General de la Naci\u00f3n\"},\"image\":{\"@id\":\"https:\/\/www.fiscalia.gov.co\/colombia\/#\/schema\/logo\/image\/\"},\"sameAs\":[\"https:\/\/www.facebook.com\/FiscaliaCol\",\"https:\/\/x.com\/FiscaliaCol\",\"https:\/\/www.instagram.com\/fiscaliacol\",\"https:\/\/www.linkedin.com\/company\/fiscalia-general-de-la-naci-n\/\",\"https:\/\/youtube.com\/@fiscaliageneraldelanacion-4668?si=6nN79nyQICPU5iTh\"]},{\"@type\":\"Person\",\"@id\":\"https:\/\/www.fiscalia.gov.co\/colombia\/#\/schema\/person\/bf84402cf293a5393e9c70b111020b24\",\"name\":\"Jordan Leandro Oviedo Anzola\",\"image\":{\"@type\":\"ImageObject\",\"inLanguage\":\"es-CO\",\"@id\":\"https:\/\/www.fiscalia.gov.co\/colombia\/#\/schema\/person\/image\/\",\"url\":\"https:\/\/secure.gravatar.com\/avatar\/dabba4346fa9b9207d96adafa8f92721?s=96&d=mm&r=g\",\"contentUrl\":\"https:\/\/secure.gravatar.com\/avatar\/dabba4346fa9b9207d96adafa8f92721?s=96&d=mm&r=g\",\"caption\":\"Jordan Leandro Oviedo Anzola\"},\"url\":\"https:\/\/www.fiscalia.gov.co\/colombia\/author\/joviedo\/\"}]}<\/script>\n<!-- \/ Yoast SEO plugin. -->","yoast_head_json":{"title":"Fiscal\u00eda General de la Naci\u00f3n","description":"P\u00e1gina oficial de la Fiscal\u00eda General de la Naci\u00f3n \u2013 Colombia. Garantizamos el acceso efectivo a la justicia, la verdad y la reparaci\u00f3n de las v\u00edctimas de los delitos.","robots":{"index":"noindex","follow":"follow"},"og_locale":"es_ES","og_type":"article","og_title":"Fiscal\u00eda General de la Naci\u00f3n","og_description":"P\u00e1gina oficial de la Fiscal\u00eda General de la Naci\u00f3n \u2013 Colombia. Garantizamos el acceso efectivo a la justicia, la verdad y la reparaci\u00f3n de las v\u00edctimas de los delitos.","og_url":"https:\/\/www.fiscalia.gov.co\/colombia\/extincion-de-dominio\/fiscalia-afecta-el-patrimonio-ilicito-de-la-empresa-la-red-narcotraficante-senalada-de-sacar-cocaina-por-el-pacifico-colombiano\/","og_site_name":"Fiscal\u00eda General de la Naci\u00f3n","article_publisher":"https:\/\/www.facebook.com\/FiscaliaCol","article_published_time":"2025-04-28T13:31:35+00:00","author":"Jordan Leandro Oviedo Anzola","twitter_card":"summary_large_image","twitter_creator":"@FiscaliaCol","twitter_site":"@FiscaliaCol","twitter_misc":{"Escrito por":"Jordan Leandro Oviedo Anzola","Tiempo de lectura":"2 minutos"},"schema":{"@context":"https:\/\/schema.org","@graph":[{"@type":"Article","@id":"https:\/\/www.fiscalia.gov.co\/colombia\/extincion-de-dominio\/fiscalia-afecta-el-patrimonio-ilicito-de-la-empresa-la-red-narcotraficante-senalada-de-sacar-cocaina-por-el-pacifico-colombiano\/#article","isPartOf":{"@id":"https:\/\/www.fiscalia.gov.co\/colombia\/extincion-de-dominio\/fiscalia-afecta-el-patrimonio-ilicito-de-la-empresa-la-red-narcotraficante-senalada-de-sacar-cocaina-por-el-pacifico-colombiano\/"},"author":{"name":"Jordan Leandro Oviedo Anzola","@id":"https:\/\/www.fiscalia.gov.co\/colombia\/#\/schema\/person\/bf84402cf293a5393e9c70b111020b24"},"headline":"Fiscal\u00eda afecta el patrimonio il\u00edcito de \u2018La Empresa\u2019, la red narcotraficante se\u00f1alada de sacar coca\u00edna por el Pac\u00edfico colombiano","datePublished":"2025-04-28T13:31:35+00:00","dateModified":"2025-04-28T13:31:35+00:00","mainEntityOfPage":{"@id":"https:\/\/www.fiscalia.gov.co\/colombia\/extincion-de-dominio\/fiscalia-afecta-el-patrimonio-ilicito-de-la-empresa-la-red-narcotraficante-senalada-de-sacar-cocaina-por-el-pacifico-colombiano\/"},"wordCount":368,"publisher":{"@id":"https:\/\/www.fiscalia.gov.co\/colombia\/#organization"},"keywords":["Coca\u00edna","Extinci\u00f3n de dominio","Fiscal Luz Adriana Camargo","Fiscal\u00eda General de la Naci\u00f3n","Narcotr\u00e1fico","Pac\u00edfico"],"articleSection":["Extinci\u00f3n de dominio","Noticias"],"inLanguage":"es-CO"},{"@type":"WebPage","@id":"https:\/\/www.fiscalia.gov.co\/colombia\/extincion-de-dominio\/fiscalia-afecta-el-patrimonio-ilicito-de-la-empresa-la-red-narcotraficante-senalada-de-sacar-cocaina-por-el-pacifico-colombiano\/","url":"https:\/\/www.fiscalia.gov.co\/colombia\/extincion-de-dominio\/fiscalia-afecta-el-patrimonio-ilicito-de-la-empresa-la-red-narcotraficante-senalada-de-sacar-cocaina-por-el-pacifico-colombiano\/","name":"Fiscal\u00eda General de la Naci\u00f3n","isPartOf":{"@id":"https:\/\/www.fiscalia.gov.co\/colombia\/#website"},"datePublished":"2025-04-28T13:31:35+00:00","dateModified":"2025-04-28T13:31:35+00:00","description":"P\u00e1gina oficial de la Fiscal\u00eda General de la Naci\u00f3n \u2013 Colombia. Garantizamos el acceso efectivo a la justicia, la verdad y la reparaci\u00f3n de las v\u00edctimas de los delitos.","breadcrumb":{"@id":"https:\/\/www.fiscalia.gov.co\/colombia\/extincion-de-dominio\/fiscalia-afecta-el-patrimonio-ilicito-de-la-empresa-la-red-narcotraficante-senalada-de-sacar-cocaina-por-el-pacifico-colombiano\/#breadcrumb"},"inLanguage":"es-CO","potentialAction":[{"@type":"ReadAction","target":["https:\/\/www.fiscalia.gov.co\/colombia\/extincion-de-dominio\/fiscalia-afecta-el-patrimonio-ilicito-de-la-empresa-la-red-narcotraficante-senalada-de-sacar-cocaina-por-el-pacifico-colombiano\/"]}]},{"@type":"BreadcrumbList","@id":"https:\/\/www.fiscalia.gov.co\/colombia\/extincion-de-dominio\/fiscalia-afecta-el-patrimonio-ilicito-de-la-empresa-la-red-narcotraficante-senalada-de-sacar-cocaina-por-el-pacifico-colombiano\/#breadcrumb","itemListElement":[{"@type":"ListItem","position":1,"name":"Home","item":"https:\/\/www.fiscalia.gov.co\/colombia\/"},{"@type":"ListItem","position":2,"name":"Fiscal\u00eda afecta el patrimonio il\u00edcito de \u2018La Empresa\u2019, la red narcotraficante se\u00f1alada de sacar coca\u00edna por el Pac\u00edfico colombiano"}]},{"@type":"WebSite","@id":"https:\/\/www.fiscalia.gov.co\/colombia\/#website","url":"https:\/\/www.fiscalia.gov.co\/colombia\/","name":"Fiscal\u00eda General de la Naci\u00f3n","description":"P\u00e1gina oficial de la Fiscal\u00eda General de la Naci\u00f3n \u2013 Colombia. Garantizamos el acceso efectivo a la justicia, la verdad y la reparaci\u00f3n de las v\u00edctimas de los delitos.","publisher":{"@id":"https:\/\/www.fiscalia.gov.co\/colombia\/#organization"},"potentialAction":[{"@type":"SearchAction","target":{"@type":"EntryPoint","urlTemplate":"https:\/\/www.fiscalia.gov.co\/colombia\/?s={search_term_string}"},"query-input":{"@type":"PropertyValueSpecification","valueRequired":true,"valueName":"search_term_string"}}],"inLanguage":"es-CO"},{"@type":"Organization","@id":"https:\/\/www.fiscalia.gov.co\/colombia\/#organization","name":"Fiscal\u00eda General de la Naci\u00f3n","url":"https:\/\/www.fiscalia.gov.co\/colombia\/","logo":{"@type":"ImageObject","inLanguage":"es-CO","@id":"https:\/\/www.fiscalia.gov.co\/colombia\/#\/schema\/logo\/image\/","url":"https:\/\/www.fiscalia.gov.co\/colombia\/wp-content\/uploads\/LogoHorizontal_1.jpg","contentUrl":"https:\/\/www.fiscalia.gov.co\/colombia\/wp-content\/uploads\/LogoHorizontal_1.jpg","width":300,"height":90,"caption":"Fiscal\u00eda General de la Naci\u00f3n"},"image":{"@id":"https:\/\/www.fiscalia.gov.co\/colombia\/#\/schema\/logo\/image\/"},"sameAs":["https:\/\/www.facebook.com\/FiscaliaCol","https:\/\/x.com\/FiscaliaCol","https:\/\/www.instagram.com\/fiscaliacol","https:\/\/www.linkedin.com\/company\/fiscalia-general-de-la-naci-n\/","https:\/\/youtube.com\/@fiscaliageneraldelanacion-4668?si=6nN79nyQICPU5iTh"]},{"@type":"Person","@id":"https:\/\/www.fiscalia.gov.co\/colombia\/#\/schema\/person\/bf84402cf293a5393e9c70b111020b24","name":"Jordan Leandro Oviedo Anzola","image":{"@type":"ImageObject","inLanguage":"es-CO","@id":"https:\/\/www.fiscalia.gov.co\/colombia\/#\/schema\/person\/image\/","url":"https:\/\/secure.gravatar.com\/avatar\/dabba4346fa9b9207d96adafa8f92721?s=96&d=mm&r=g","contentUrl":"https:\/\/secure.gravatar.com\/avatar\/dabba4346fa9b9207d96adafa8f92721?s=96&d=mm&r=g","caption":"Jordan Leandro Oviedo Anzola"},"url":"https:\/\/www.fiscalia.gov.co\/colombia\/author\/joviedo\/"}]}},"_links":{"self":[{"href":"https:\/\/www.fiscalia.gov.co\/colombia\/wp-json\/wp\/v2\/posts\/314413","targetHints":{"allow":["GET"]}}],"collection":[{"href":"https:\/\/www.fiscalia.gov.co\/colombia\/wp-json\/wp\/v2\/posts"}],"about":[{"href":"https:\/\/www.fiscalia.gov.co\/colombia\/wp-json\/wp\/v2\/types\/post"}],"author":[{"embeddable":true,"href":"https:\/\/www.fiscalia.gov.co\/colombia\/wp-json\/wp\/v2\/users\/177"}],"replies":[{"embeddable":true,"href":"https:\/\/www.fiscalia.gov.co\/colombia\/wp-json\/wp\/v2\/comments?post=314413"}],"version-history":[{"count":1,"href":"https:\/\/www.fiscalia.gov.co\/colombia\/wp-json\/wp\/v2\/posts\/314413\/revisions"}],"predecessor-version":[{"id":314414,"href":"https:\/\/www.fiscalia.gov.co\/colombia\/wp-json\/wp\/v2\/posts\/314413\/revisions\/314414"}],"wp:attachment":[{"href":"https:\/\/www.fiscalia.gov.co\/colombia\/wp-json\/wp\/v2\/media?parent=314413"}],"wp:term":[{"taxonomy":"category","embeddable":true,"href":"https:\/\/www.fiscalia.gov.co\/colombia\/wp-json\/wp\/v2\/categories?post=314413"},{"taxonomy":"post_tag","embeddable":true,"href":"https:\/\/www.fiscalia.gov.co\/colombia\/wp-json\/wp\/v2\/tags?post=314413"}],"curies":[{"name":"wp","href":"https:\/\/api.w.org\/{rel}","templated":true}]}}