{"id":314077,"date":"2025-04-20T08:02:34","date_gmt":"2025-04-20T13:02:34","guid":{"rendered":"https:\/\/www.fiscalia.gov.co\/colombia\/?p=314077"},"modified":"2025-04-20T08:02:34","modified_gmt":"2025-04-20T13:02:34","slug":"fiscalia-pone-en-evidencia-a-red-criminal-del-tren-de-aragua-involucrada-en-homicidios-extorsiones-y-trafico-de-estupefacientes-en-bogota-y-chia","status":"publish","type":"post","link":"https:\/\/www.fiscalia.gov.co\/colombia\/noticias\/fiscalia-pone-en-evidencia-a-red-criminal-del-tren-de-aragua-involucrada-en-homicidios-extorsiones-y-trafico-de-estupefacientes-en-bogota-y-chia\/","title":{"rendered":"Fiscal\u00eda pone en evidencia a red criminal del \u2018Tren de Aragua\u2019 involucrada en homicidios, extorsiones y tr\u00e1fico de estupefacientes en Bogot\u00e1 y Ch\u00eda"},"content":{"rendered":"<blockquote>\n<h4 class=\"p1\" style=\"text-align: left;\"><span class=\"s1\">Cuatro personas, entre ellas uno de los se\u00f1alados articuladores principales, fueron judicializadas. Estar\u00edan involucradas en una disputa violenta con otras organizaciones delictivas por el control de las rentas il\u00edcitas.<\/span><\/h4>\n<\/blockquote>\n<p class=\"p1\"><span class=\"s2\">La <strong>Fiscal\u00eda General de la Naci\u00f3n<\/strong> present\u00f3 ante un juez de control de garant\u00edas elementos materiales probatorios en contra de Jhonmario de Jes\u00fas Chourio Salas, Jos\u00e9 Miguel Navas Amaro, Viviana Su\u00e1rez Villanueva y Miguel \u00c1ngel Mart\u00ednez Pinz\u00f3n, los presuntos integrantes de una red del \u2018<strong>Tren de Aragua<\/strong>\u2019 que estar\u00eda involucrada en muertes violentas y otras conductas il\u00edcitas en <strong>Bogot\u00e1 y Ch\u00eda (Cundinamarca).<\/strong><\/span><\/p>\n<p class=\"p1\"><span class=\"s2\">Un fiscal de la <strong>Direcci\u00f3n Especializada contra las Organizaciones Criminales<\/strong>, de acuerdo con su posible participaci\u00f3n en los hechos conocidos, les imput\u00f3 los delitos de homicidio, concierto para delinquir agravado, extorsi\u00f3n y <strong>tr\u00e1fico, fabricaci\u00f3n o porte de estupefacientes<\/strong>. <\/span><\/p>\n<p class=\"p1\"><span class=\"s2\">La labor investigativa realizada de manera coordina con la Sijin de la <strong>Polic\u00eda Metropolitana de Bogot\u00e1<\/strong> da cuenta de que estas personas ser\u00edan las encargadas de promover actividades de <strong>narcomenudeo<\/strong> y el cobro de extorsiones, y de confrontar a otros grupos delincuenciales para mantener el control sobre estas rentas il\u00edcitas.<\/span><\/p>\n<p class=\"p1\"><span class=\"s2\">En ese sentido, se estableci\u00f3 que Chourio Salas, de nacionalidad venezolana, ser\u00eda uno de los cabecillas de la estructura y el encargado de definir los sectores en los que se deb\u00edan <strong>vender los estupefacientes<\/strong> o exigir dinero a comerciantes, transportadores y trabajadores informales. Asimismo, estar\u00eda involucrado en varios homicidios como elocurrido el pasado 7 de enero, en <strong>Duitama (Boyac\u00e1).<\/strong> Un joven fue atacado con arma de fuego en v\u00eda p\u00fablica porque supuestamente estaba al servicio de otra organizaci\u00f3n ilegal.<\/span><\/p>\n<p class=\"p1\"><span class=\"s2\">De otra parte, Su\u00e1rez Villanueva habr\u00eda participado en el almacenamiento y entrega de sustancias il\u00edcitas, as\u00ed como en el manejo y administraci\u00f3n de los recursos il\u00edcitos; mientras que Navas Amaro y Mart\u00ednez Pinz\u00f3n, al parecer, realizaban vigilancias a las v\u00edctimas, obten\u00edan y transportaban las <strong>armas de fuego<\/strong> utilizadas por el \u2018<strong>Tren de Aragua<\/strong>\u2019 y coordinaban la zonas de microtr\u00e1fico.<\/span><\/p>\n<p class=\"p1\"><span class=\"s2\">Los cuatro procesados no aceptaron los cargos formulados por la <strong>Fiscal\u00eda<\/strong> y deber\u00e1n cumplir medida de aseguramiento en centro carcelario.<\/span><\/p>\n<p class=\"p1\"><span class=\"s2\">Esta informaci\u00f3n se publica por razones de inter\u00e9s general. \u00a0 \u00a0 <\/span><\/p>\n<p class=\"p1\"><span class=\"s2\">JMSV\/JARG\/JPF\/DECOC<\/span><\/p>\n<p class=\"p1\"><span class=\"s1\">La informaci\u00f3n contenida en este bolet\u00edn de prensa corresponde a la narraci\u00f3n de los hechos noticiosos objetivos, suministrados por los funcionarios encargados de adelantar las investigaciones penales al interior de la Fiscal\u00eda General de la Naci\u00f3n. Para el momento de la divulgaci\u00f3n de este comunicado, la situaci\u00f3n jur\u00eddica de la(s) persona(s) relacionada(s) se encuentra pendiente de resolver por la autoridad judicial competente, siempre bajo los preceptos de la presunci\u00f3n de inocencia, consagrados en el art\u00edculo 29 de la Constituci\u00f3n Pol\u00edtica y el art\u00edculo 7\u00ba de la Ley 906 de 2004.<\/span><\/p>\n\n<div class=\"twitter-share\"><a href=\"https:\/\/twitter.com\/intent\/tweet?via=fiscaliacol\" class=\"twitter-share-button\">Tweet<\/a><\/div>\n","protected":false},"excerpt":{"rendered":"<p>Cuatro personas, entre ellas uno de los se\u00f1alados articuladores principales, fueron judicializadas. Estar\u00edan involucradas en una disputa violenta con otras organizaciones delictivas por el control de las rentas il\u00edcitas. La Fiscal\u00eda General de la Naci\u00f3n present\u00f3 ante un juez de control de garant\u00edas elementos materiales probatorios en contra de Jhonmario de Jes\u00fas Chourio Salas, Jos\u00e9 [&hellip;]<\/p>\n","protected":false},"author":182,"featured_media":0,"comment_status":"closed","ping_status":"open","sticky":false,"template":"","format":"standard","meta":{"tdm_status":"","tdm_grid_status":"","footnotes":""},"categories":[1],"tags":[23821,23929,7336,40894,15648,871,1047,409,11563,15442,20477,20476,155,30248],"class_list":{"0":"post-314077","1":"post","2":"type-post","3":"status-publish","4":"format-standard","6":"category-noticias","7":"tag-bogota","8":"tag-chia","9":"tag-concierto-para-delinquir-agravado","10":"tag-control-de-rentas-ilicitas","11":"tag-cundinamarca","12":"tag-extorion","13":"tag-fiscalia-general-de-la-nacion","14":"tag-homicidio","15":"tag-narcomenudeo","16":"tag-organizaciones-criminales","17":"tag-policia-metropolitana-de-bogota","18":"tag-sijin","19":"tag-trafico-de-estupefacientes","20":"tag-tren-de-aragua"},"yoast_head":"<!-- This site is optimized with the Yoast SEO plugin v24.3 - https:\/\/yoast.com\/wordpress\/plugins\/seo\/ -->\n<title>Fiscal\u00eda General de la Naci\u00f3n<\/title>\n<meta name=\"description\" content=\"P\u00e1gina oficial de la Fiscal\u00eda General de la Naci\u00f3n \u2013 Colombia. Garantizamos el acceso efectivo a la justicia, la verdad y la reparaci\u00f3n de las v\u00edctimas de los delitos.\" \/>\n<meta name=\"robots\" content=\"noindex, follow\" \/>\n<meta property=\"og:locale\" content=\"es_ES\" \/>\n<meta property=\"og:type\" content=\"article\" \/>\n<meta property=\"og:title\" content=\"Fiscal\u00eda General de la Naci\u00f3n\" \/>\n<meta property=\"og:description\" content=\"P\u00e1gina oficial de la Fiscal\u00eda General de la Naci\u00f3n \u2013 Colombia. Garantizamos el acceso efectivo a la justicia, la verdad y la reparaci\u00f3n de las v\u00edctimas de los delitos.\" \/>\n<meta property=\"og:url\" content=\"https:\/\/www.fiscalia.gov.co\/colombia\/noticias\/fiscalia-pone-en-evidencia-a-red-criminal-del-tren-de-aragua-involucrada-en-homicidios-extorsiones-y-trafico-de-estupefacientes-en-bogota-y-chia\/\" \/>\n<meta property=\"og:site_name\" content=\"Fiscal\u00eda General de la Naci\u00f3n\" \/>\n<meta property=\"article:publisher\" content=\"https:\/\/www.facebook.com\/FiscaliaCol\" \/>\n<meta property=\"article:published_time\" content=\"2025-04-20T13:02:34+00:00\" \/>\n<meta name=\"author\" content=\"Paula Andrea Castillo Lenis\" \/>\n<meta name=\"twitter:card\" content=\"summary_large_image\" \/>\n<meta name=\"twitter:creator\" content=\"@FiscaliaCol\" \/>\n<meta name=\"twitter:site\" content=\"@FiscaliaCol\" \/>\n<meta name=\"twitter:label1\" content=\"Escrito por\" \/>\n\t<meta name=\"twitter:data1\" content=\"Paula Andrea Castillo Lenis\" \/>\n\t<meta name=\"twitter:label2\" content=\"Tiempo de lectura\" \/>\n\t<meta name=\"twitter:data2\" content=\"2 minutos\" \/>\n<script type=\"application\/ld+json\" class=\"yoast-schema-graph\">{\"@context\":\"https:\/\/schema.org\",\"@graph\":[{\"@type\":\"Article\",\"@id\":\"https:\/\/www.fiscalia.gov.co\/colombia\/noticias\/fiscalia-pone-en-evidencia-a-red-criminal-del-tren-de-aragua-involucrada-en-homicidios-extorsiones-y-trafico-de-estupefacientes-en-bogota-y-chia\/#article\",\"isPartOf\":{\"@id\":\"https:\/\/www.fiscalia.gov.co\/colombia\/noticias\/fiscalia-pone-en-evidencia-a-red-criminal-del-tren-de-aragua-involucrada-en-homicidios-extorsiones-y-trafico-de-estupefacientes-en-bogota-y-chia\/\"},\"author\":{\"name\":\"Paula Andrea Castillo Lenis\",\"@id\":\"https:\/\/www.fiscalia.gov.co\/colombia\/#\/schema\/person\/66c172905e0492f1de6bbe5f93c4668f\"},\"headline\":\"Fiscal\u00eda pone en evidencia a red criminal del \u2018Tren de Aragua\u2019 involucrada en homicidios, extorsiones y tr\u00e1fico de estupefacientes en Bogot\u00e1 y Ch\u00eda\",\"datePublished\":\"2025-04-20T13:02:34+00:00\",\"dateModified\":\"2025-04-20T13:02:34+00:00\",\"mainEntityOfPage\":{\"@id\":\"https:\/\/www.fiscalia.gov.co\/colombia\/noticias\/fiscalia-pone-en-evidencia-a-red-criminal-del-tren-de-aragua-involucrada-en-homicidios-extorsiones-y-trafico-de-estupefacientes-en-bogota-y-chia\/\"},\"wordCount\":518,\"publisher\":{\"@id\":\"https:\/\/www.fiscalia.gov.co\/colombia\/#organization\"},\"keywords\":[\"Bogot\u00e1\",\"Ch\u00eda\",\"Concierto para delinquir agravado\",\"control de rentas il\u00edcitas\",\"Cundinamarca\",\"Extorsi\u00f3n\",\"Fiscal\u00eda General de la Naci\u00f3n\",\"Homicidio\",\"Narcomenudeo\",\"Organizaciones criminales\",\"Polic\u00eda Metropolitana de Bogot\u00e1\",\"Sij\u00edn\",\"Tr\u00e1fico de estupefacientes\",\"Tren de Aragua\"],\"articleSection\":[\"Noticias\"],\"inLanguage\":\"es-CO\"},{\"@type\":\"WebPage\",\"@id\":\"https:\/\/www.fiscalia.gov.co\/colombia\/noticias\/fiscalia-pone-en-evidencia-a-red-criminal-del-tren-de-aragua-involucrada-en-homicidios-extorsiones-y-trafico-de-estupefacientes-en-bogota-y-chia\/\",\"url\":\"https:\/\/www.fiscalia.gov.co\/colombia\/noticias\/fiscalia-pone-en-evidencia-a-red-criminal-del-tren-de-aragua-involucrada-en-homicidios-extorsiones-y-trafico-de-estupefacientes-en-bogota-y-chia\/\",\"name\":\"Fiscal\u00eda General de la Naci\u00f3n\",\"isPartOf\":{\"@id\":\"https:\/\/www.fiscalia.gov.co\/colombia\/#website\"},\"datePublished\":\"2025-04-20T13:02:34+00:00\",\"dateModified\":\"2025-04-20T13:02:34+00:00\",\"description\":\"P\u00e1gina oficial de la Fiscal\u00eda General de la Naci\u00f3n \u2013 Colombia. Garantizamos el acceso efectivo a la justicia, la verdad y la reparaci\u00f3n de las v\u00edctimas de los delitos.\",\"breadcrumb\":{\"@id\":\"https:\/\/www.fiscalia.gov.co\/colombia\/noticias\/fiscalia-pone-en-evidencia-a-red-criminal-del-tren-de-aragua-involucrada-en-homicidios-extorsiones-y-trafico-de-estupefacientes-en-bogota-y-chia\/#breadcrumb\"},\"inLanguage\":\"es-CO\",\"potentialAction\":[{\"@type\":\"ReadAction\",\"target\":[\"https:\/\/www.fiscalia.gov.co\/colombia\/noticias\/fiscalia-pone-en-evidencia-a-red-criminal-del-tren-de-aragua-involucrada-en-homicidios-extorsiones-y-trafico-de-estupefacientes-en-bogota-y-chia\/\"]}]},{\"@type\":\"BreadcrumbList\",\"@id\":\"https:\/\/www.fiscalia.gov.co\/colombia\/noticias\/fiscalia-pone-en-evidencia-a-red-criminal-del-tren-de-aragua-involucrada-en-homicidios-extorsiones-y-trafico-de-estupefacientes-en-bogota-y-chia\/#breadcrumb\",\"itemListElement\":[{\"@type\":\"ListItem\",\"position\":1,\"name\":\"Home\",\"item\":\"https:\/\/www.fiscalia.gov.co\/colombia\/\"},{\"@type\":\"ListItem\",\"position\":2,\"name\":\"Fiscal\u00eda pone en evidencia a red criminal del \u2018Tren de Aragua\u2019 involucrada en homicidios, extorsiones y tr\u00e1fico de estupefacientes en Bogot\u00e1 y Ch\u00eda\"}]},{\"@type\":\"WebSite\",\"@id\":\"https:\/\/www.fiscalia.gov.co\/colombia\/#website\",\"url\":\"https:\/\/www.fiscalia.gov.co\/colombia\/\",\"name\":\"Fiscal\u00eda General de la Naci\u00f3n\",\"description\":\"P\u00e1gina oficial de la Fiscal\u00eda General de la Naci\u00f3n \u2013 Colombia. Garantizamos el acceso efectivo a la justicia, la verdad y la reparaci\u00f3n de las v\u00edctimas de los delitos.\",\"publisher\":{\"@id\":\"https:\/\/www.fiscalia.gov.co\/colombia\/#organization\"},\"potentialAction\":[{\"@type\":\"SearchAction\",\"target\":{\"@type\":\"EntryPoint\",\"urlTemplate\":\"https:\/\/www.fiscalia.gov.co\/colombia\/?s={search_term_string}\"},\"query-input\":{\"@type\":\"PropertyValueSpecification\",\"valueRequired\":true,\"valueName\":\"search_term_string\"}}],\"inLanguage\":\"es-CO\"},{\"@type\":\"Organization\",\"@id\":\"https:\/\/www.fiscalia.gov.co\/colombia\/#organization\",\"name\":\"Fiscal\u00eda General de la Naci\u00f3n\",\"url\":\"https:\/\/www.fiscalia.gov.co\/colombia\/\",\"logo\":{\"@type\":\"ImageObject\",\"inLanguage\":\"es-CO\",\"@id\":\"https:\/\/www.fiscalia.gov.co\/colombia\/#\/schema\/logo\/image\/\",\"url\":\"https:\/\/www.fiscalia.gov.co\/colombia\/wp-content\/uploads\/LogoHorizontal_1.jpg\",\"contentUrl\":\"https:\/\/www.fiscalia.gov.co\/colombia\/wp-content\/uploads\/LogoHorizontal_1.jpg\",\"width\":300,\"height\":90,\"caption\":\"Fiscal\u00eda General de la Naci\u00f3n\"},\"image\":{\"@id\":\"https:\/\/www.fiscalia.gov.co\/colombia\/#\/schema\/logo\/image\/\"},\"sameAs\":[\"https:\/\/www.facebook.com\/FiscaliaCol\",\"https:\/\/x.com\/FiscaliaCol\",\"https:\/\/www.instagram.com\/fiscaliacol\",\"https:\/\/www.linkedin.com\/company\/fiscalia-general-de-la-naci-n\/\",\"https:\/\/youtube.com\/@fiscaliageneraldelanacion-4668?si=6nN79nyQICPU5iTh\"]},{\"@type\":\"Person\",\"@id\":\"https:\/\/www.fiscalia.gov.co\/colombia\/#\/schema\/person\/66c172905e0492f1de6bbe5f93c4668f\",\"name\":\"Paula Andrea Castillo Lenis\",\"image\":{\"@type\":\"ImageObject\",\"inLanguage\":\"es-CO\",\"@id\":\"https:\/\/www.fiscalia.gov.co\/colombia\/#\/schema\/person\/image\/\",\"url\":\"https:\/\/secure.gravatar.com\/avatar\/cb060d9561f2947c4102d1825739f868?s=96&d=mm&r=g\",\"contentUrl\":\"https:\/\/secure.gravatar.com\/avatar\/cb060d9561f2947c4102d1825739f868?s=96&d=mm&r=g\",\"caption\":\"Paula Andrea Castillo Lenis\"},\"url\":\"https:\/\/www.fiscalia.gov.co\/colombia\/author\/paula-castillo\/\"}]}<\/script>\n<!-- \/ Yoast SEO plugin. -->","yoast_head_json":{"title":"Fiscal\u00eda General de la Naci\u00f3n","description":"P\u00e1gina oficial de la Fiscal\u00eda General de la Naci\u00f3n \u2013 Colombia. Garantizamos el acceso efectivo a la justicia, la verdad y la reparaci\u00f3n de las v\u00edctimas de los delitos.","robots":{"index":"noindex","follow":"follow"},"og_locale":"es_ES","og_type":"article","og_title":"Fiscal\u00eda General de la Naci\u00f3n","og_description":"P\u00e1gina oficial de la Fiscal\u00eda General de la Naci\u00f3n \u2013 Colombia. Garantizamos el acceso efectivo a la justicia, la verdad y la reparaci\u00f3n de las v\u00edctimas de los delitos.","og_url":"https:\/\/www.fiscalia.gov.co\/colombia\/noticias\/fiscalia-pone-en-evidencia-a-red-criminal-del-tren-de-aragua-involucrada-en-homicidios-extorsiones-y-trafico-de-estupefacientes-en-bogota-y-chia\/","og_site_name":"Fiscal\u00eda General de la Naci\u00f3n","article_publisher":"https:\/\/www.facebook.com\/FiscaliaCol","article_published_time":"2025-04-20T13:02:34+00:00","author":"Paula Andrea Castillo Lenis","twitter_card":"summary_large_image","twitter_creator":"@FiscaliaCol","twitter_site":"@FiscaliaCol","twitter_misc":{"Escrito por":"Paula Andrea Castillo Lenis","Tiempo de lectura":"2 minutos"},"schema":{"@context":"https:\/\/schema.org","@graph":[{"@type":"Article","@id":"https:\/\/www.fiscalia.gov.co\/colombia\/noticias\/fiscalia-pone-en-evidencia-a-red-criminal-del-tren-de-aragua-involucrada-en-homicidios-extorsiones-y-trafico-de-estupefacientes-en-bogota-y-chia\/#article","isPartOf":{"@id":"https:\/\/www.fiscalia.gov.co\/colombia\/noticias\/fiscalia-pone-en-evidencia-a-red-criminal-del-tren-de-aragua-involucrada-en-homicidios-extorsiones-y-trafico-de-estupefacientes-en-bogota-y-chia\/"},"author":{"name":"Paula Andrea Castillo Lenis","@id":"https:\/\/www.fiscalia.gov.co\/colombia\/#\/schema\/person\/66c172905e0492f1de6bbe5f93c4668f"},"headline":"Fiscal\u00eda pone en evidencia a red criminal del \u2018Tren de Aragua\u2019 involucrada en homicidios, extorsiones y tr\u00e1fico de estupefacientes en Bogot\u00e1 y Ch\u00eda","datePublished":"2025-04-20T13:02:34+00:00","dateModified":"2025-04-20T13:02:34+00:00","mainEntityOfPage":{"@id":"https:\/\/www.fiscalia.gov.co\/colombia\/noticias\/fiscalia-pone-en-evidencia-a-red-criminal-del-tren-de-aragua-involucrada-en-homicidios-extorsiones-y-trafico-de-estupefacientes-en-bogota-y-chia\/"},"wordCount":518,"publisher":{"@id":"https:\/\/www.fiscalia.gov.co\/colombia\/#organization"},"keywords":["Bogot\u00e1","Ch\u00eda","Concierto para delinquir agravado","control de rentas il\u00edcitas","Cundinamarca","Extorsi\u00f3n","Fiscal\u00eda General de la Naci\u00f3n","Homicidio","Narcomenudeo","Organizaciones criminales","Polic\u00eda Metropolitana de Bogot\u00e1","Sij\u00edn","Tr\u00e1fico de estupefacientes","Tren de Aragua"],"articleSection":["Noticias"],"inLanguage":"es-CO"},{"@type":"WebPage","@id":"https:\/\/www.fiscalia.gov.co\/colombia\/noticias\/fiscalia-pone-en-evidencia-a-red-criminal-del-tren-de-aragua-involucrada-en-homicidios-extorsiones-y-trafico-de-estupefacientes-en-bogota-y-chia\/","url":"https:\/\/www.fiscalia.gov.co\/colombia\/noticias\/fiscalia-pone-en-evidencia-a-red-criminal-del-tren-de-aragua-involucrada-en-homicidios-extorsiones-y-trafico-de-estupefacientes-en-bogota-y-chia\/","name":"Fiscal\u00eda General de la Naci\u00f3n","isPartOf":{"@id":"https:\/\/www.fiscalia.gov.co\/colombia\/#website"},"datePublished":"2025-04-20T13:02:34+00:00","dateModified":"2025-04-20T13:02:34+00:00","description":"P\u00e1gina oficial de la Fiscal\u00eda General de la Naci\u00f3n \u2013 Colombia. Garantizamos el acceso efectivo a la justicia, la verdad y la reparaci\u00f3n de las v\u00edctimas de los delitos.","breadcrumb":{"@id":"https:\/\/www.fiscalia.gov.co\/colombia\/noticias\/fiscalia-pone-en-evidencia-a-red-criminal-del-tren-de-aragua-involucrada-en-homicidios-extorsiones-y-trafico-de-estupefacientes-en-bogota-y-chia\/#breadcrumb"},"inLanguage":"es-CO","potentialAction":[{"@type":"ReadAction","target":["https:\/\/www.fiscalia.gov.co\/colombia\/noticias\/fiscalia-pone-en-evidencia-a-red-criminal-del-tren-de-aragua-involucrada-en-homicidios-extorsiones-y-trafico-de-estupefacientes-en-bogota-y-chia\/"]}]},{"@type":"BreadcrumbList","@id":"https:\/\/www.fiscalia.gov.co\/colombia\/noticias\/fiscalia-pone-en-evidencia-a-red-criminal-del-tren-de-aragua-involucrada-en-homicidios-extorsiones-y-trafico-de-estupefacientes-en-bogota-y-chia\/#breadcrumb","itemListElement":[{"@type":"ListItem","position":1,"name":"Home","item":"https:\/\/www.fiscalia.gov.co\/colombia\/"},{"@type":"ListItem","position":2,"name":"Fiscal\u00eda pone en evidencia a red criminal del \u2018Tren de Aragua\u2019 involucrada en homicidios, extorsiones y tr\u00e1fico de estupefacientes en Bogot\u00e1 y Ch\u00eda"}]},{"@type":"WebSite","@id":"https:\/\/www.fiscalia.gov.co\/colombia\/#website","url":"https:\/\/www.fiscalia.gov.co\/colombia\/","name":"Fiscal\u00eda General de la Naci\u00f3n","description":"P\u00e1gina oficial de la Fiscal\u00eda General de la Naci\u00f3n \u2013 Colombia. Garantizamos el acceso efectivo a la justicia, la verdad y la reparaci\u00f3n de las v\u00edctimas de los delitos.","publisher":{"@id":"https:\/\/www.fiscalia.gov.co\/colombia\/#organization"},"potentialAction":[{"@type":"SearchAction","target":{"@type":"EntryPoint","urlTemplate":"https:\/\/www.fiscalia.gov.co\/colombia\/?s={search_term_string}"},"query-input":{"@type":"PropertyValueSpecification","valueRequired":true,"valueName":"search_term_string"}}],"inLanguage":"es-CO"},{"@type":"Organization","@id":"https:\/\/www.fiscalia.gov.co\/colombia\/#organization","name":"Fiscal\u00eda General de la Naci\u00f3n","url":"https:\/\/www.fiscalia.gov.co\/colombia\/","logo":{"@type":"ImageObject","inLanguage":"es-CO","@id":"https:\/\/www.fiscalia.gov.co\/colombia\/#\/schema\/logo\/image\/","url":"https:\/\/www.fiscalia.gov.co\/colombia\/wp-content\/uploads\/LogoHorizontal_1.jpg","contentUrl":"https:\/\/www.fiscalia.gov.co\/colombia\/wp-content\/uploads\/LogoHorizontal_1.jpg","width":300,"height":90,"caption":"Fiscal\u00eda General de la Naci\u00f3n"},"image":{"@id":"https:\/\/www.fiscalia.gov.co\/colombia\/#\/schema\/logo\/image\/"},"sameAs":["https:\/\/www.facebook.com\/FiscaliaCol","https:\/\/x.com\/FiscaliaCol","https:\/\/www.instagram.com\/fiscaliacol","https:\/\/www.linkedin.com\/company\/fiscalia-general-de-la-naci-n\/","https:\/\/youtube.com\/@fiscaliageneraldelanacion-4668?si=6nN79nyQICPU5iTh"]},{"@type":"Person","@id":"https:\/\/www.fiscalia.gov.co\/colombia\/#\/schema\/person\/66c172905e0492f1de6bbe5f93c4668f","name":"Paula Andrea Castillo Lenis","image":{"@type":"ImageObject","inLanguage":"es-CO","@id":"https:\/\/www.fiscalia.gov.co\/colombia\/#\/schema\/person\/image\/","url":"https:\/\/secure.gravatar.com\/avatar\/cb060d9561f2947c4102d1825739f868?s=96&d=mm&r=g","contentUrl":"https:\/\/secure.gravatar.com\/avatar\/cb060d9561f2947c4102d1825739f868?s=96&d=mm&r=g","caption":"Paula Andrea Castillo Lenis"},"url":"https:\/\/www.fiscalia.gov.co\/colombia\/author\/paula-castillo\/"}]}},"_links":{"self":[{"href":"https:\/\/www.fiscalia.gov.co\/colombia\/wp-json\/wp\/v2\/posts\/314077","targetHints":{"allow":["GET"]}}],"collection":[{"href":"https:\/\/www.fiscalia.gov.co\/colombia\/wp-json\/wp\/v2\/posts"}],"about":[{"href":"https:\/\/www.fiscalia.gov.co\/colombia\/wp-json\/wp\/v2\/types\/post"}],"author":[{"embeddable":true,"href":"https:\/\/www.fiscalia.gov.co\/colombia\/wp-json\/wp\/v2\/users\/182"}],"replies":[{"embeddable":true,"href":"https:\/\/www.fiscalia.gov.co\/colombia\/wp-json\/wp\/v2\/comments?post=314077"}],"version-history":[{"count":1,"href":"https:\/\/www.fiscalia.gov.co\/colombia\/wp-json\/wp\/v2\/posts\/314077\/revisions"}],"predecessor-version":[{"id":314078,"href":"https:\/\/www.fiscalia.gov.co\/colombia\/wp-json\/wp\/v2\/posts\/314077\/revisions\/314078"}],"wp:attachment":[{"href":"https:\/\/www.fiscalia.gov.co\/colombia\/wp-json\/wp\/v2\/media?parent=314077"}],"wp:term":[{"taxonomy":"category","embeddable":true,"href":"https:\/\/www.fiscalia.gov.co\/colombia\/wp-json\/wp\/v2\/categories?post=314077"},{"taxonomy":"post_tag","embeddable":true,"href":"https:\/\/www.fiscalia.gov.co\/colombia\/wp-json\/wp\/v2\/tags?post=314077"}],"curies":[{"name":"wp","href":"https:\/\/api.w.org\/{rel}","templated":true}]}}