{"id":313882,"date":"2025-04-11T09:17:12","date_gmt":"2025-04-11T14:17:12","guid":{"rendered":"https:\/\/www.fiscalia.gov.co\/colombia\/?p=313882"},"modified":"2025-04-11T09:17:12","modified_gmt":"2025-04-11T14:17:12","slug":"judicializado-exalcalde-de-palmar-de-varela-atlantico-por-presuntas-irregularidades-en-contrato-para-actividades-culturales-en-el-municipio","status":"publish","type":"post","link":"https:\/\/www.fiscalia.gov.co\/colombia\/noticias\/judicializado-exalcalde-de-palmar-de-varela-atlantico-por-presuntas-irregularidades-en-contrato-para-actividades-culturales-en-el-municipio\/","title":{"rendered":"Judicializado exalcalde de Palmar de Varela (Atl\u00e1ntico) por presuntas irregularidades en contrato para actividades culturales en el municipio"},"content":{"rendered":"<h4 style=\"font-weight: 400; text-align: center;\"><strong><em>Asimismo, fueron imputados dos exfuncionarios y un particular que trabajaba para la corporaci\u00f3n cultural con la que se firm\u00f3 el contrato.<\/em><\/strong><\/h4>\n<p style=\"font-weight: 400;\">La Fiscal\u00eda General de la Naci\u00f3n judicializ\u00f3 al exalcalde de Palmar de Varela (Atl\u00e1ntico), F\u00e9lix Fontalvo \u00c1vila, durante el per\u00edodo 2016-2019; los exsecretario de Hacienda, Hugo Armando Caballero Escalona y Ceslee Odeth L\u00f3pez Rada, <strong>adem\u00e1s Carlos Abel Charris Fontalvo, tesorero de una corporaci\u00f3n cultural del municipio,<\/strong> por el delito de peculado por apropiaci\u00f3n.<\/p>\n<p style=\"font-weight: 400;\">La investigaci\u00f3n liderada por un fiscal de la Unidad de <a href=\"https:\/\/www.fiscalia.gov.co\/colombia\/noticias\/judicializados-exfuncionarios-de-hospital-de-soledad-atlantico-por-irregularidades-en-contratacion-de-personal\/\">Administraci\u00f3n P\u00fablica<\/a>, permiti\u00f3 establecer que en 2019 <strong>la alcald\u00eda municipal habr\u00eda tramitado un contrato con una corporaci\u00f3n cultural para aunar esfuerzos, para promover, fomentar y organizar actividades culturales, folcl\u00f3ricas y art\u00edsticas en el municipio.<\/strong><\/p>\n<p style=\"font-weight: 400;\">El contrato inicialmente ten\u00eda un valor de 279.000.000 de pesos. No obstante, dicho convenio no fue formalmente celebrado y, pese a ello, <strong>se le habr\u00edan hecho adiciones que lo elevaron a m\u00e1s de 600.000.000 de pesos.<\/strong><\/p>\n<p style=\"font-weight: 400;\">Seg\u00fan la investigaci\u00f3n, <strong>con base en este convenio inexistente, los entonces secretarios de Hacienda habr\u00edan autorizado el giro de cheques por m\u00e1s de 500.000.000\u00a0 de pesos<\/strong>, sin que exista soporte contractual ni evidencia de los servicios prestados.<\/p>\n<p style=\"font-weight: 400;\">Las labores de polic\u00eda judicial adelantadas por el Cuerpo T\u00e9cnico de Investigaci\u00f3n (CTI) permitieron establecer que dicho contrato no reposa en los archivos de la Alcald\u00eda ni de la corporaci\u00f3n cultural,<strong> y tampoco fue reportado en la plataforma SECOP, como exige la normatividad vigente.<\/strong><\/p>\n<p style=\"font-weight: 400;\">Ninguno de los imputados acept\u00f3 los cargos formulados por el ente acusador.<\/p>\n<p style=\"font-weight: 400;\">\n<p>&nbsp;<\/p>\n<p>&nbsp;<\/p>\n<p>&nbsp;<\/p>\n<p>&nbsp;<\/p>\n<p style=\"font-weight: 400;\">SKCR\/AMCJ\/SF\/WFOJ\/DSA<\/p>\n<p>&nbsp;<\/p>\n<p>&nbsp;<\/p>\n<p>&nbsp;<\/p>\n<p>&nbsp;<\/p>\n<p>&nbsp;<\/p>\n<div class=\"td-post-content tagdiv-type\">\n<div class=\"td-post-content tagdiv-type\">\n<p><em>La informaci\u00f3n contenida en este bolet\u00edn de prensa corresponde a la narraci\u00f3n de los hechos noticiosos objetivos, suministrados por los funcionarios encargados de adelantar las investigaciones penales al interior de la Fiscal\u00eda General de la Naci\u00f3n. Para el momento de la divulgaci\u00f3n de este comunicado, la situaci\u00f3n jur\u00eddica de la(s) persona(s) relacionada(s) se encuentra pendiente de resolver por la autoridad judicial competente, siempre bajo los preceptos de la presunci\u00f3n de inocencia, consagrados en el art\u00edculo 29 de la Constituci\u00f3n Pol\u00edtica y el art\u00edculo 7\u00ba de la Ley 906 de 2004.<\/em><\/p>\n<\/div>\n<\/div>\n\n<div class=\"twitter-share\"><a href=\"https:\/\/twitter.com\/intent\/tweet?via=fiscaliacol\" class=\"twitter-share-button\">Tweet<\/a><\/div>\n","protected":false},"excerpt":{"rendered":"<p>Asimismo, fueron imputados dos exfuncionarios y un particular que trabajaba para la corporaci\u00f3n cultural con la que se firm\u00f3 el contrato. La Fiscal\u00eda General de la Naci\u00f3n judicializ\u00f3 al exalcalde de Palmar de Varela (Atl\u00e1ntico), F\u00e9lix Fontalvo \u00c1vila, durante el per\u00edodo 2016-2019; los exsecretario de Hacienda, Hugo Armando Caballero Escalona y Ceslee Odeth L\u00f3pez Rada, [&hellip;]<\/p>\n","protected":false},"author":177,"featured_media":0,"comment_status":"closed","ping_status":"open","sticky":false,"template":"","format":"standard","meta":{"_price":"","_stock":"","_tribe_ticket_header":"","_tribe_default_ticket_provider":"","_tribe_ticket_capacity":"0","_ticket_start_date":"","_ticket_end_date":"","_tribe_ticket_show_description":"","_tribe_ticket_show_not_going":false,"_tribe_ticket_use_global_stock":"","_tribe_ticket_global_stock_level":"","_global_stock_mode":"","_global_stock_cap":"","_tribe_rsvp_for_event":"","_tribe_ticket_going_count":"","_tribe_ticket_not_going_count":"","_tribe_tickets_list":"[]","_tribe_ticket_has_attendee_info_fields":false,"tdm_status":"","tdm_grid_status":"","footnotes":""},"categories":[1,320,303],"tags":[465,23982,5542,40787,40781,40783,31688,40782,40778,40779,40784,40545,40786,27199,40785,40780],"class_list":{"0":"post-313882","1":"post","2":"type-post","3":"status-publish","4":"format-standard","6":"category-noticias","7":"category-seccional-barranquilla","8":"category-seccionales","9":"tag-administracion-publica","10":"tag-barranquilla-atlantico","11":"tag-convenio","12":"tag-convenio-no-existente","13":"tag-corporacion-cultural","14":"tag-culturales","15":"tag-ente-acusador","16":"tag-eventos-artisticos","17":"tag-exalcalde-de-palmar-de-varela","18":"tag-exfuncionarios-de-su-gabinete","19":"tag-folcloricos","20":"tag-no-aceptaron-cargos","21":"tag-normatividad-vigente","22":"tag-seccional-atlantico","23":"tag-secop","24":"tag-tesorero-de-una-corporacion"},"yoast_head":"<!-- This site is optimized with the Yoast SEO plugin v24.3 - https:\/\/yoast.com\/wordpress\/plugins\/seo\/ -->\n<title>Fiscal\u00eda General de la Naci\u00f3n<\/title>\n<meta name=\"description\" content=\"P\u00e1gina oficial de la Fiscal\u00eda General de la Naci\u00f3n \u2013 Colombia. Garantizamos el acceso efectivo a la justicia, la verdad y la reparaci\u00f3n de las v\u00edctimas de los delitos.\" \/>\n<meta name=\"robots\" content=\"noindex, follow\" \/>\n<meta property=\"og:locale\" content=\"es_ES\" \/>\n<meta property=\"og:type\" content=\"article\" \/>\n<meta property=\"og:title\" content=\"Fiscal\u00eda General de la Naci\u00f3n\" \/>\n<meta property=\"og:description\" content=\"P\u00e1gina oficial de la Fiscal\u00eda General de la Naci\u00f3n \u2013 Colombia. Garantizamos el acceso efectivo a la justicia, la verdad y la reparaci\u00f3n de las v\u00edctimas de los delitos.\" \/>\n<meta property=\"og:url\" content=\"https:\/\/www.fiscalia.gov.co\/colombia\/noticias\/judicializado-exalcalde-de-palmar-de-varela-atlantico-por-presuntas-irregularidades-en-contrato-para-actividades-culturales-en-el-municipio\/\" \/>\n<meta property=\"og:site_name\" content=\"Fiscal\u00eda General de la Naci\u00f3n\" \/>\n<meta property=\"article:publisher\" content=\"https:\/\/www.facebook.com\/FiscaliaCol\" \/>\n<meta property=\"article:published_time\" content=\"2025-04-11T14:17:12+00:00\" \/>\n<meta name=\"author\" content=\"Jordan Leandro Oviedo Anzola\" \/>\n<meta name=\"twitter:card\" content=\"summary_large_image\" \/>\n<meta name=\"twitter:creator\" content=\"@FiscaliaCol\" \/>\n<meta name=\"twitter:site\" content=\"@FiscaliaCol\" \/>\n<meta name=\"twitter:label1\" content=\"Escrito por\" \/>\n\t<meta name=\"twitter:data1\" content=\"Jordan Leandro Oviedo Anzola\" \/>\n\t<meta name=\"twitter:label2\" content=\"Tiempo de lectura\" \/>\n\t<meta name=\"twitter:data2\" content=\"2 minutos\" \/>\n<script type=\"application\/ld+json\" class=\"yoast-schema-graph\">{\"@context\":\"https:\/\/schema.org\",\"@graph\":[{\"@type\":\"Article\",\"@id\":\"https:\/\/www.fiscalia.gov.co\/colombia\/noticias\/judicializado-exalcalde-de-palmar-de-varela-atlantico-por-presuntas-irregularidades-en-contrato-para-actividades-culturales-en-el-municipio\/#article\",\"isPartOf\":{\"@id\":\"https:\/\/www.fiscalia.gov.co\/colombia\/noticias\/judicializado-exalcalde-de-palmar-de-varela-atlantico-por-presuntas-irregularidades-en-contrato-para-actividades-culturales-en-el-municipio\/\"},\"author\":{\"name\":\"Jordan Leandro Oviedo Anzola\",\"@id\":\"https:\/\/www.fiscalia.gov.co\/colombia\/#\/schema\/person\/bf84402cf293a5393e9c70b111020b24\"},\"headline\":\"Judicializado exalcalde de Palmar de Varela (Atl\u00e1ntico) por presuntas irregularidades en contrato para actividades culturales en el municipio\",\"datePublished\":\"2025-04-11T14:17:12+00:00\",\"dateModified\":\"2025-04-11T14:17:12+00:00\",\"mainEntityOfPage\":{\"@id\":\"https:\/\/www.fiscalia.gov.co\/colombia\/noticias\/judicializado-exalcalde-de-palmar-de-varela-atlantico-por-presuntas-irregularidades-en-contrato-para-actividades-culturales-en-el-municipio\/\"},\"wordCount\":408,\"publisher\":{\"@id\":\"https:\/\/www.fiscalia.gov.co\/colombia\/#organization\"},\"keywords\":[\"Administraci\u00f3n p\u00fablica\",\"Barranquilla (Atl\u00e1ntico)\",\"Convenio\",\"convenio no existente.\",\"corporaci\u00f3n cultural\",\"culturales\",\"ente acusador\",\"eventos art\u00edsticos\",\"exalcalde de Palmar de Varela\",\"exfuncionarios de su gabinete\",\"folcl\u00f3ricos\",\"no aceptaron cargos\",\"normatividad vigente\",\"Seccional Atl\u00e1ntico\",\"SECOP\",\"tesorero de una corporaci\u00f3n\"],\"articleSection\":[\"Noticias\",\"Seccional Barranquilla\",\"Seccionales\"],\"inLanguage\":\"es-CO\"},{\"@type\":\"WebPage\",\"@id\":\"https:\/\/www.fiscalia.gov.co\/colombia\/noticias\/judicializado-exalcalde-de-palmar-de-varela-atlantico-por-presuntas-irregularidades-en-contrato-para-actividades-culturales-en-el-municipio\/\",\"url\":\"https:\/\/www.fiscalia.gov.co\/colombia\/noticias\/judicializado-exalcalde-de-palmar-de-varela-atlantico-por-presuntas-irregularidades-en-contrato-para-actividades-culturales-en-el-municipio\/\",\"name\":\"Fiscal\u00eda General de la Naci\u00f3n\",\"isPartOf\":{\"@id\":\"https:\/\/www.fiscalia.gov.co\/colombia\/#website\"},\"datePublished\":\"2025-04-11T14:17:12+00:00\",\"dateModified\":\"2025-04-11T14:17:12+00:00\",\"description\":\"P\u00e1gina oficial de la Fiscal\u00eda General de la Naci\u00f3n \u2013 Colombia. Garantizamos el acceso efectivo a la justicia, la verdad y la reparaci\u00f3n de las v\u00edctimas de los delitos.\",\"breadcrumb\":{\"@id\":\"https:\/\/www.fiscalia.gov.co\/colombia\/noticias\/judicializado-exalcalde-de-palmar-de-varela-atlantico-por-presuntas-irregularidades-en-contrato-para-actividades-culturales-en-el-municipio\/#breadcrumb\"},\"inLanguage\":\"es-CO\",\"potentialAction\":[{\"@type\":\"ReadAction\",\"target\":[\"https:\/\/www.fiscalia.gov.co\/colombia\/noticias\/judicializado-exalcalde-de-palmar-de-varela-atlantico-por-presuntas-irregularidades-en-contrato-para-actividades-culturales-en-el-municipio\/\"]}]},{\"@type\":\"BreadcrumbList\",\"@id\":\"https:\/\/www.fiscalia.gov.co\/colombia\/noticias\/judicializado-exalcalde-de-palmar-de-varela-atlantico-por-presuntas-irregularidades-en-contrato-para-actividades-culturales-en-el-municipio\/#breadcrumb\",\"itemListElement\":[{\"@type\":\"ListItem\",\"position\":1,\"name\":\"Home\",\"item\":\"https:\/\/www.fiscalia.gov.co\/colombia\/\"},{\"@type\":\"ListItem\",\"position\":2,\"name\":\"Judicializado exalcalde de Palmar de Varela (Atl\u00e1ntico) por presuntas irregularidades en contrato para actividades culturales en el municipio\"}]},{\"@type\":\"WebSite\",\"@id\":\"https:\/\/www.fiscalia.gov.co\/colombia\/#website\",\"url\":\"https:\/\/www.fiscalia.gov.co\/colombia\/\",\"name\":\"Fiscal\u00eda General de la Naci\u00f3n\",\"description\":\"P\u00e1gina oficial de la Fiscal\u00eda General de la Naci\u00f3n \u2013 Colombia. Garantizamos el acceso efectivo a la justicia, la verdad y la reparaci\u00f3n de las v\u00edctimas de los delitos.\",\"publisher\":{\"@id\":\"https:\/\/www.fiscalia.gov.co\/colombia\/#organization\"},\"potentialAction\":[{\"@type\":\"SearchAction\",\"target\":{\"@type\":\"EntryPoint\",\"urlTemplate\":\"https:\/\/www.fiscalia.gov.co\/colombia\/?s={search_term_string}\"},\"query-input\":{\"@type\":\"PropertyValueSpecification\",\"valueRequired\":true,\"valueName\":\"search_term_string\"}}],\"inLanguage\":\"es-CO\"},{\"@type\":\"Organization\",\"@id\":\"https:\/\/www.fiscalia.gov.co\/colombia\/#organization\",\"name\":\"Fiscal\u00eda General de la Naci\u00f3n\",\"url\":\"https:\/\/www.fiscalia.gov.co\/colombia\/\",\"logo\":{\"@type\":\"ImageObject\",\"inLanguage\":\"es-CO\",\"@id\":\"https:\/\/www.fiscalia.gov.co\/colombia\/#\/schema\/logo\/image\/\",\"url\":\"https:\/\/www.fiscalia.gov.co\/colombia\/wp-content\/uploads\/LogoHorizontal_1.jpg\",\"contentUrl\":\"https:\/\/www.fiscalia.gov.co\/colombia\/wp-content\/uploads\/LogoHorizontal_1.jpg\",\"width\":300,\"height\":90,\"caption\":\"Fiscal\u00eda General de la Naci\u00f3n\"},\"image\":{\"@id\":\"https:\/\/www.fiscalia.gov.co\/colombia\/#\/schema\/logo\/image\/\"},\"sameAs\":[\"https:\/\/www.facebook.com\/FiscaliaCol\",\"https:\/\/x.com\/FiscaliaCol\",\"https:\/\/www.instagram.com\/fiscaliacol\",\"https:\/\/www.linkedin.com\/company\/fiscalia-general-de-la-naci-n\/\",\"https:\/\/youtube.com\/@fiscaliageneraldelanacion-4668?si=6nN79nyQICPU5iTh\"]},{\"@type\":\"Person\",\"@id\":\"https:\/\/www.fiscalia.gov.co\/colombia\/#\/schema\/person\/bf84402cf293a5393e9c70b111020b24\",\"name\":\"Jordan Leandro Oviedo Anzola\",\"image\":{\"@type\":\"ImageObject\",\"inLanguage\":\"es-CO\",\"@id\":\"https:\/\/www.fiscalia.gov.co\/colombia\/#\/schema\/person\/image\/\",\"url\":\"https:\/\/secure.gravatar.com\/avatar\/dabba4346fa9b9207d96adafa8f92721?s=96&d=mm&r=g\",\"contentUrl\":\"https:\/\/secure.gravatar.com\/avatar\/dabba4346fa9b9207d96adafa8f92721?s=96&d=mm&r=g\",\"caption\":\"Jordan Leandro Oviedo Anzola\"},\"url\":\"https:\/\/www.fiscalia.gov.co\/colombia\/author\/joviedo\/\"}]}<\/script>\n<!-- \/ Yoast SEO plugin. -->","yoast_head_json":{"title":"Fiscal\u00eda General de la Naci\u00f3n","description":"P\u00e1gina oficial de la Fiscal\u00eda General de la Naci\u00f3n \u2013 Colombia. Garantizamos el acceso efectivo a la justicia, la verdad y la reparaci\u00f3n de las v\u00edctimas de los delitos.","robots":{"index":"noindex","follow":"follow"},"og_locale":"es_ES","og_type":"article","og_title":"Fiscal\u00eda General de la Naci\u00f3n","og_description":"P\u00e1gina oficial de la Fiscal\u00eda General de la Naci\u00f3n \u2013 Colombia. Garantizamos el acceso efectivo a la justicia, la verdad y la reparaci\u00f3n de las v\u00edctimas de los delitos.","og_url":"https:\/\/www.fiscalia.gov.co\/colombia\/noticias\/judicializado-exalcalde-de-palmar-de-varela-atlantico-por-presuntas-irregularidades-en-contrato-para-actividades-culturales-en-el-municipio\/","og_site_name":"Fiscal\u00eda General de la Naci\u00f3n","article_publisher":"https:\/\/www.facebook.com\/FiscaliaCol","article_published_time":"2025-04-11T14:17:12+00:00","author":"Jordan Leandro Oviedo Anzola","twitter_card":"summary_large_image","twitter_creator":"@FiscaliaCol","twitter_site":"@FiscaliaCol","twitter_misc":{"Escrito por":"Jordan Leandro Oviedo Anzola","Tiempo de lectura":"2 minutos"},"schema":{"@context":"https:\/\/schema.org","@graph":[{"@type":"Article","@id":"https:\/\/www.fiscalia.gov.co\/colombia\/noticias\/judicializado-exalcalde-de-palmar-de-varela-atlantico-por-presuntas-irregularidades-en-contrato-para-actividades-culturales-en-el-municipio\/#article","isPartOf":{"@id":"https:\/\/www.fiscalia.gov.co\/colombia\/noticias\/judicializado-exalcalde-de-palmar-de-varela-atlantico-por-presuntas-irregularidades-en-contrato-para-actividades-culturales-en-el-municipio\/"},"author":{"name":"Jordan Leandro Oviedo Anzola","@id":"https:\/\/www.fiscalia.gov.co\/colombia\/#\/schema\/person\/bf84402cf293a5393e9c70b111020b24"},"headline":"Judicializado exalcalde de Palmar de Varela (Atl\u00e1ntico) por presuntas irregularidades en contrato para actividades culturales en el municipio","datePublished":"2025-04-11T14:17:12+00:00","dateModified":"2025-04-11T14:17:12+00:00","mainEntityOfPage":{"@id":"https:\/\/www.fiscalia.gov.co\/colombia\/noticias\/judicializado-exalcalde-de-palmar-de-varela-atlantico-por-presuntas-irregularidades-en-contrato-para-actividades-culturales-en-el-municipio\/"},"wordCount":408,"publisher":{"@id":"https:\/\/www.fiscalia.gov.co\/colombia\/#organization"},"keywords":["Administraci\u00f3n p\u00fablica","Barranquilla (Atl\u00e1ntico)","Convenio","convenio no existente.","corporaci\u00f3n cultural","culturales","ente acusador","eventos art\u00edsticos","exalcalde de Palmar de Varela","exfuncionarios de su gabinete","folcl\u00f3ricos","no aceptaron cargos","normatividad vigente","Seccional Atl\u00e1ntico","SECOP","tesorero de una corporaci\u00f3n"],"articleSection":["Noticias","Seccional Barranquilla","Seccionales"],"inLanguage":"es-CO"},{"@type":"WebPage","@id":"https:\/\/www.fiscalia.gov.co\/colombia\/noticias\/judicializado-exalcalde-de-palmar-de-varela-atlantico-por-presuntas-irregularidades-en-contrato-para-actividades-culturales-en-el-municipio\/","url":"https:\/\/www.fiscalia.gov.co\/colombia\/noticias\/judicializado-exalcalde-de-palmar-de-varela-atlantico-por-presuntas-irregularidades-en-contrato-para-actividades-culturales-en-el-municipio\/","name":"Fiscal\u00eda General de la Naci\u00f3n","isPartOf":{"@id":"https:\/\/www.fiscalia.gov.co\/colombia\/#website"},"datePublished":"2025-04-11T14:17:12+00:00","dateModified":"2025-04-11T14:17:12+00:00","description":"P\u00e1gina oficial de la Fiscal\u00eda General de la Naci\u00f3n \u2013 Colombia. Garantizamos el acceso efectivo a la justicia, la verdad y la reparaci\u00f3n de las v\u00edctimas de los delitos.","breadcrumb":{"@id":"https:\/\/www.fiscalia.gov.co\/colombia\/noticias\/judicializado-exalcalde-de-palmar-de-varela-atlantico-por-presuntas-irregularidades-en-contrato-para-actividades-culturales-en-el-municipio\/#breadcrumb"},"inLanguage":"es-CO","potentialAction":[{"@type":"ReadAction","target":["https:\/\/www.fiscalia.gov.co\/colombia\/noticias\/judicializado-exalcalde-de-palmar-de-varela-atlantico-por-presuntas-irregularidades-en-contrato-para-actividades-culturales-en-el-municipio\/"]}]},{"@type":"BreadcrumbList","@id":"https:\/\/www.fiscalia.gov.co\/colombia\/noticias\/judicializado-exalcalde-de-palmar-de-varela-atlantico-por-presuntas-irregularidades-en-contrato-para-actividades-culturales-en-el-municipio\/#breadcrumb","itemListElement":[{"@type":"ListItem","position":1,"name":"Home","item":"https:\/\/www.fiscalia.gov.co\/colombia\/"},{"@type":"ListItem","position":2,"name":"Judicializado exalcalde de Palmar de Varela (Atl\u00e1ntico) por presuntas irregularidades en contrato para actividades culturales en el municipio"}]},{"@type":"WebSite","@id":"https:\/\/www.fiscalia.gov.co\/colombia\/#website","url":"https:\/\/www.fiscalia.gov.co\/colombia\/","name":"Fiscal\u00eda General de la Naci\u00f3n","description":"P\u00e1gina oficial de la Fiscal\u00eda General de la Naci\u00f3n \u2013 Colombia. Garantizamos el acceso efectivo a la justicia, la verdad y la reparaci\u00f3n de las v\u00edctimas de los delitos.","publisher":{"@id":"https:\/\/www.fiscalia.gov.co\/colombia\/#organization"},"potentialAction":[{"@type":"SearchAction","target":{"@type":"EntryPoint","urlTemplate":"https:\/\/www.fiscalia.gov.co\/colombia\/?s={search_term_string}"},"query-input":{"@type":"PropertyValueSpecification","valueRequired":true,"valueName":"search_term_string"}}],"inLanguage":"es-CO"},{"@type":"Organization","@id":"https:\/\/www.fiscalia.gov.co\/colombia\/#organization","name":"Fiscal\u00eda General de la Naci\u00f3n","url":"https:\/\/www.fiscalia.gov.co\/colombia\/","logo":{"@type":"ImageObject","inLanguage":"es-CO","@id":"https:\/\/www.fiscalia.gov.co\/colombia\/#\/schema\/logo\/image\/","url":"https:\/\/www.fiscalia.gov.co\/colombia\/wp-content\/uploads\/LogoHorizontal_1.jpg","contentUrl":"https:\/\/www.fiscalia.gov.co\/colombia\/wp-content\/uploads\/LogoHorizontal_1.jpg","width":300,"height":90,"caption":"Fiscal\u00eda General de la Naci\u00f3n"},"image":{"@id":"https:\/\/www.fiscalia.gov.co\/colombia\/#\/schema\/logo\/image\/"},"sameAs":["https:\/\/www.facebook.com\/FiscaliaCol","https:\/\/x.com\/FiscaliaCol","https:\/\/www.instagram.com\/fiscaliacol","https:\/\/www.linkedin.com\/company\/fiscalia-general-de-la-naci-n\/","https:\/\/youtube.com\/@fiscaliageneraldelanacion-4668?si=6nN79nyQICPU5iTh"]},{"@type":"Person","@id":"https:\/\/www.fiscalia.gov.co\/colombia\/#\/schema\/person\/bf84402cf293a5393e9c70b111020b24","name":"Jordan Leandro Oviedo Anzola","image":{"@type":"ImageObject","inLanguage":"es-CO","@id":"https:\/\/www.fiscalia.gov.co\/colombia\/#\/schema\/person\/image\/","url":"https:\/\/secure.gravatar.com\/avatar\/dabba4346fa9b9207d96adafa8f92721?s=96&d=mm&r=g","contentUrl":"https:\/\/secure.gravatar.com\/avatar\/dabba4346fa9b9207d96adafa8f92721?s=96&d=mm&r=g","caption":"Jordan Leandro Oviedo Anzola"},"url":"https:\/\/www.fiscalia.gov.co\/colombia\/author\/joviedo\/"}]}},"_links":{"self":[{"href":"https:\/\/www.fiscalia.gov.co\/colombia\/wp-json\/wp\/v2\/posts\/313882","targetHints":{"allow":["GET"]}}],"collection":[{"href":"https:\/\/www.fiscalia.gov.co\/colombia\/wp-json\/wp\/v2\/posts"}],"about":[{"href":"https:\/\/www.fiscalia.gov.co\/colombia\/wp-json\/wp\/v2\/types\/post"}],"author":[{"embeddable":true,"href":"https:\/\/www.fiscalia.gov.co\/colombia\/wp-json\/wp\/v2\/users\/177"}],"replies":[{"embeddable":true,"href":"https:\/\/www.fiscalia.gov.co\/colombia\/wp-json\/wp\/v2\/comments?post=313882"}],"version-history":[{"count":1,"href":"https:\/\/www.fiscalia.gov.co\/colombia\/wp-json\/wp\/v2\/posts\/313882\/revisions"}],"predecessor-version":[{"id":313883,"href":"https:\/\/www.fiscalia.gov.co\/colombia\/wp-json\/wp\/v2\/posts\/313882\/revisions\/313883"}],"wp:attachment":[{"href":"https:\/\/www.fiscalia.gov.co\/colombia\/wp-json\/wp\/v2\/media?parent=313882"}],"wp:term":[{"taxonomy":"category","embeddable":true,"href":"https:\/\/www.fiscalia.gov.co\/colombia\/wp-json\/wp\/v2\/categories?post=313882"},{"taxonomy":"post_tag","embeddable":true,"href":"https:\/\/www.fiscalia.gov.co\/colombia\/wp-json\/wp\/v2\/tags?post=313882"}],"curies":[{"name":"wp","href":"https:\/\/api.w.org\/{rel}","templated":true}]}}