{"id":313183,"date":"2025-04-01T17:14:22","date_gmt":"2025-04-01T22:14:22","guid":{"rendered":"https:\/\/www.fiscalia.gov.co\/colombia\/?p=313183"},"modified":"2025-04-01T17:14:22","modified_gmt":"2025-04-01T22:14:22","slug":"judicializados-presuntos-responsables-de-la-comercializacion-ilegal-de-maquinaria-de-la-alcaldia-de-magangue-bolivar","status":"publish","type":"post","link":"https:\/\/www.fiscalia.gov.co\/colombia\/noticias\/judicializados-presuntos-responsables-de-la-comercializacion-ilegal-de-maquinaria-de-la-alcaldia-de-magangue-bolivar\/","title":{"rendered":"Judicializados presuntos responsables de la comercializaci\u00f3n ilegal de maquinaria de la alcald\u00eda de Magangu\u00e9 (Bol\u00edvar)"},"content":{"rendered":"<p style=\"font-weight: 400;\">La Fiscal\u00eda General de la Naci\u00f3n judicializ\u00f3 a cinco presuntos integrantes de un grupo delincuencial denominado Las M\u00e1quinas, que estar\u00edan involucrados en la comercializaci\u00f3n de maquinaria en desuso,<strong> perteneciente a la administraci\u00f3n municipal de Magangu\u00e9 (Bol\u00edvar), entre los a\u00f1os 2021 a 2024.<\/strong><\/p>\n<figure id=\"attachment_313184\" aria-describedby=\"caption-attachment-313184\" style=\"width: 696px\" class=\"wp-caption aligncenter\"><img loading=\"lazy\" decoding=\"async\" class=\"size-large wp-image-313184\" src=\"https:\/\/www.fiscalia.gov.co\/colombia\/wp-content\/uploads\/Foto-boletin-1-de-abril-Estafa-Magangue--1024x576.jpeg\" alt=\"En la fotograf\u00eda est\u00e1n los cinco procesados de pie, esposados y custodiados por uniformados de la Polic\u00eda y el Ej\u00e9rcito Nacional. \" width=\"696\" height=\"392\" srcset=\"https:\/\/www.fiscalia.gov.co\/colombia\/wp-content\/uploads\/Foto-boletin-1-de-abril-Estafa-Magangue--1024x576.jpeg 1024w, https:\/\/www.fiscalia.gov.co\/colombia\/wp-content\/uploads\/Foto-boletin-1-de-abril-Estafa-Magangue--300x169.jpeg 300w, https:\/\/www.fiscalia.gov.co\/colombia\/wp-content\/uploads\/Foto-boletin-1-de-abril-Estafa-Magangue--768x432.jpeg 768w, https:\/\/www.fiscalia.gov.co\/colombia\/wp-content\/uploads\/Foto-boletin-1-de-abril-Estafa-Magangue--1536x864.jpeg 1536w, https:\/\/www.fiscalia.gov.co\/colombia\/wp-content\/uploads\/Foto-boletin-1-de-abril-Estafa-Magangue--747x420.jpeg 747w, https:\/\/www.fiscalia.gov.co\/colombia\/wp-content\/uploads\/Foto-boletin-1-de-abril-Estafa-Magangue--696x392.jpeg 696w, https:\/\/www.fiscalia.gov.co\/colombia\/wp-content\/uploads\/Foto-boletin-1-de-abril-Estafa-Magangue--1068x601.jpeg 1068w, https:\/\/www.fiscalia.gov.co\/colombia\/wp-content\/uploads\/Foto-boletin-1-de-abril-Estafa-Magangue-.jpeg 1600w\" sizes=\"auto, (max-width: 696px) 100vw, 696px\" \/><figcaption id=\"caption-attachment-313184\" class=\"wp-caption-text\">Cuatro de los procesados aceptaron los cargos formulados por la Fiscal\u00eda General de la Naci\u00f3n.<\/figcaption><\/figure>\n<p style=\"font-weight: 400;\">Una fiscal de la Seccional Bol\u00edvar les imput\u00f3<strong> los delitos de concierto para delinquir, estafa agravada y falsedad en documento p\u00fablico.<\/strong><\/p>\n<p style=\"font-weight: 400;\">De acuerdo con la investigaci\u00f3n, los procesados, presuntamente, realizaron contratos de venta con logos de la administraci\u00f3n municipal, adem\u00e1s, <strong>falsificaron las firmas de servidores p\u00fablicos que laboraban con esa entidad, en al menos cinco oportunidades.<\/strong><\/p>\n<p style=\"font-weight: 400;\">Las estafas, <strong>que ascienden a m\u00e1s de 350 millones de pesos<\/strong>, se realizaron con compradores ubicados en Ibagu\u00e9 (Tolima), Neiva (Huila), Valledupar (Cesar) Santa Marta (Magdalena) y Manat\u00ed (Atl\u00e1ntico).<\/p>\n<p style=\"font-weight: 400;\">Durante diligencias de allanamiento y registro, realizadas por la Polic\u00eda y el Ej\u00e9rcito Nacional, en los barrios San Mateo ICT, Santa Rita, San Jos\u00e9 y Sur de Magangu\u00e9, fueron capturados Bernardo Rafael Hostia Fonseca, Yilmar Javier C\u00e1rcamo Paredes, Juan Antonio Sequea Gordon, Juan Carlos Rasero Acosta y Robespierre Ibarra Junco, este \u00faltimo fue el \u00fanico que no acept\u00f3 su responsabilidad en los delitos imputados por la Fiscal\u00eda.<\/p>\n<p style=\"font-weight: 400;\">Un juez de control de garant\u00edas les impuso medida de aseguramiento privativa de la libertad de detenci\u00f3n domiciliaria.<\/p>\n<p style=\"font-weight: 400;\">\n<p>&nbsp;<\/p>\n<p>&nbsp;<\/p>\n<p>&nbsp;<\/p>\n<p>&nbsp;<\/p>\n<p style=\"font-weight: 400;\">MEVA\/LMFO\/AMCJ\/YA\/EGM\/DSB<\/p>\n<p>&nbsp;<\/p>\n<p>&nbsp;<\/p>\n<p>&nbsp;<\/p>\n<p>&nbsp;<\/p>\n<p style=\"font-weight: 400;\">\n<p style=\"font-weight: 400;\"><em>La informaci\u00f3n contenida en este bolet\u00edn de prensa corresponde a la narraci\u00f3n de los hechos noticiosos objetivos, suministrados por los funcionarios encargados de adelantar las investigaciones penales al interior de la Fiscal\u00eda General de la Naci\u00f3n. Para el momento de la divulgaci\u00f3n de este comunicado, la situaci\u00f3n jur\u00eddica de la(s) persona(s) relacionada(s) se encuentra pendiente de resolver por la autoridad judicial competente, siempre bajo los preceptos de la presunci\u00f3n de inocencia, consagrados en el art\u00edculo 29 de la Constituci\u00f3n Pol\u00edtica y el art\u00edculo 7\u00ba de la Ley 906 de 2004.<\/em><\/p>\n<p style=\"font-weight: 400;\">\n\n<div class=\"twitter-share\"><a href=\"https:\/\/twitter.com\/intent\/tweet?via=fiscaliacol\" class=\"twitter-share-button\">Tweet<\/a><\/div>\n","protected":false},"excerpt":{"rendered":"<p>La Fiscal\u00eda General de la Naci\u00f3n judicializ\u00f3 a cinco presuntos integrantes de un grupo delincuencial denominado Las M\u00e1quinas, que estar\u00edan involucrados en la comercializaci\u00f3n de maquinaria en desuso, perteneciente a la administraci\u00f3n municipal de Magangu\u00e9 (Bol\u00edvar), entre los a\u00f1os 2021 a 2024. Una fiscal de la Seccional Bol\u00edvar les imput\u00f3 los delitos de concierto para [&hellip;]<\/p>\n","protected":false},"author":177,"featured_media":0,"comment_status":"closed","ping_status":"open","sticky":false,"template":"","format":"standard","meta":{"tdm_status":"","tdm_grid_status":"","footnotes":""},"categories":[1,325,303],"tags":[2559,9082,83,653,2179,24187,1047,24247,8948,24038,558],"class_list":{"0":"post-313183","1":"post","2":"type-post","3":"status-publish","4":"format-standard","6":"category-noticias","7":"category-seccional-cartagena","8":"category-seccionales","9":"tag-asegurados","10":"tag-bolivar","11":"tag-concierto-para-delinquir","12":"tag-estafa","13":"tag-falsedad-en-documento-publico","14":"tag-fiscalia-colombia","15":"tag-fiscalia-general-de-la-nacion","16":"tag-grupo-delincuencial","17":"tag-magangue-2","18":"tag-magangue-bolivar","19":"tag-policia-nacional"},"yoast_head":"<!-- This site is optimized with the Yoast SEO plugin v24.3 - https:\/\/yoast.com\/wordpress\/plugins\/seo\/ -->\n<title>Fiscal\u00eda General de la Naci\u00f3n<\/title>\n<meta name=\"description\" content=\"P\u00e1gina oficial de la Fiscal\u00eda General de la Naci\u00f3n \u2013 Colombia. Garantizamos el acceso efectivo a la justicia, la verdad y la reparaci\u00f3n de las v\u00edctimas de los delitos.\" \/>\n<meta name=\"robots\" content=\"noindex, follow\" \/>\n<meta property=\"og:locale\" content=\"es_ES\" \/>\n<meta property=\"og:type\" content=\"article\" \/>\n<meta property=\"og:title\" content=\"Fiscal\u00eda General de la Naci\u00f3n\" \/>\n<meta property=\"og:description\" content=\"P\u00e1gina oficial de la Fiscal\u00eda General de la Naci\u00f3n \u2013 Colombia. Garantizamos el acceso efectivo a la justicia, la verdad y la reparaci\u00f3n de las v\u00edctimas de los delitos.\" \/>\n<meta property=\"og:url\" content=\"https:\/\/www.fiscalia.gov.co\/colombia\/noticias\/judicializados-presuntos-responsables-de-la-comercializacion-ilegal-de-maquinaria-de-la-alcaldia-de-magangue-bolivar\/\" \/>\n<meta property=\"og:site_name\" content=\"Fiscal\u00eda General de la Naci\u00f3n\" \/>\n<meta property=\"article:publisher\" content=\"https:\/\/www.facebook.com\/FiscaliaCol\" \/>\n<meta property=\"article:published_time\" content=\"2025-04-01T22:14:22+00:00\" \/>\n<meta property=\"og:image\" content=\"https:\/\/www.fiscalia.gov.co\/colombia\/wp-content\/uploads\/Foto-boletin-1-de-abril-Estafa-Magangue-.jpeg\" \/>\n\t<meta property=\"og:image:width\" content=\"1600\" \/>\n\t<meta property=\"og:image:height\" content=\"900\" \/>\n\t<meta property=\"og:image:type\" content=\"image\/jpeg\" \/>\n<meta name=\"author\" content=\"Jordan Leandro Oviedo Anzola\" \/>\n<meta name=\"twitter:card\" content=\"summary_large_image\" \/>\n<meta name=\"twitter:creator\" content=\"@FiscaliaCol\" \/>\n<meta name=\"twitter:site\" content=\"@FiscaliaCol\" \/>\n<meta name=\"twitter:label1\" content=\"Escrito por\" \/>\n\t<meta name=\"twitter:data1\" content=\"Jordan Leandro Oviedo Anzola\" \/>\n\t<meta name=\"twitter:label2\" content=\"Tiempo de lectura\" \/>\n\t<meta name=\"twitter:data2\" content=\"2 minutos\" \/>\n<script type=\"application\/ld+json\" class=\"yoast-schema-graph\">{\"@context\":\"https:\/\/schema.org\",\"@graph\":[{\"@type\":\"Article\",\"@id\":\"https:\/\/www.fiscalia.gov.co\/colombia\/noticias\/judicializados-presuntos-responsables-de-la-comercializacion-ilegal-de-maquinaria-de-la-alcaldia-de-magangue-bolivar\/#article\",\"isPartOf\":{\"@id\":\"https:\/\/www.fiscalia.gov.co\/colombia\/noticias\/judicializados-presuntos-responsables-de-la-comercializacion-ilegal-de-maquinaria-de-la-alcaldia-de-magangue-bolivar\/\"},\"author\":{\"name\":\"Jordan Leandro Oviedo Anzola\",\"@id\":\"https:\/\/www.fiscalia.gov.co\/colombia\/#\/schema\/person\/bf84402cf293a5393e9c70b111020b24\"},\"headline\":\"Judicializados presuntos responsables de la comercializaci\u00f3n ilegal de maquinaria de la alcald\u00eda de Magangu\u00e9 (Bol\u00edvar)\",\"datePublished\":\"2025-04-01T22:14:22+00:00\",\"dateModified\":\"2025-04-01T22:14:22+00:00\",\"mainEntityOfPage\":{\"@id\":\"https:\/\/www.fiscalia.gov.co\/colombia\/noticias\/judicializados-presuntos-responsables-de-la-comercializacion-ilegal-de-maquinaria-de-la-alcaldia-de-magangue-bolivar\/\"},\"wordCount\":389,\"publisher\":{\"@id\":\"https:\/\/www.fiscalia.gov.co\/colombia\/#organization\"},\"image\":{\"@id\":\"https:\/\/www.fiscalia.gov.co\/colombia\/noticias\/judicializados-presuntos-responsables-de-la-comercializacion-ilegal-de-maquinaria-de-la-alcaldia-de-magangue-bolivar\/#primaryimage\"},\"thumbnailUrl\":\"https:\/\/www.fiscalia.gov.co\/colombia\/wp-content\/uploads\/Foto-boletin-1-de-abril-Estafa-Magangue--1024x576.jpeg\",\"keywords\":[\"Asegurados\",\"Bol\u00edvar\",\"Concierto para delinquir\",\"Estafa\",\"Falsedad en documento p\u00fablico\",\"Fiscal\u00eda Colombia\",\"Fiscal\u00eda General de la Naci\u00f3n\",\"grupo delincuencial\",\"Magangu\u00e9\",\"Magangu\u00e9 (Bol\u00edvar)\",\"Polic\u00eda Nacional\"],\"articleSection\":[\"Noticias\",\"Seccional Cartagena\",\"Seccionales\"],\"inLanguage\":\"es-CO\"},{\"@type\":\"WebPage\",\"@id\":\"https:\/\/www.fiscalia.gov.co\/colombia\/noticias\/judicializados-presuntos-responsables-de-la-comercializacion-ilegal-de-maquinaria-de-la-alcaldia-de-magangue-bolivar\/\",\"url\":\"https:\/\/www.fiscalia.gov.co\/colombia\/noticias\/judicializados-presuntos-responsables-de-la-comercializacion-ilegal-de-maquinaria-de-la-alcaldia-de-magangue-bolivar\/\",\"name\":\"Fiscal\u00eda General de la Naci\u00f3n\",\"isPartOf\":{\"@id\":\"https:\/\/www.fiscalia.gov.co\/colombia\/#website\"},\"primaryImageOfPage\":{\"@id\":\"https:\/\/www.fiscalia.gov.co\/colombia\/noticias\/judicializados-presuntos-responsables-de-la-comercializacion-ilegal-de-maquinaria-de-la-alcaldia-de-magangue-bolivar\/#primaryimage\"},\"image\":{\"@id\":\"https:\/\/www.fiscalia.gov.co\/colombia\/noticias\/judicializados-presuntos-responsables-de-la-comercializacion-ilegal-de-maquinaria-de-la-alcaldia-de-magangue-bolivar\/#primaryimage\"},\"thumbnailUrl\":\"https:\/\/www.fiscalia.gov.co\/colombia\/wp-content\/uploads\/Foto-boletin-1-de-abril-Estafa-Magangue--1024x576.jpeg\",\"datePublished\":\"2025-04-01T22:14:22+00:00\",\"dateModified\":\"2025-04-01T22:14:22+00:00\",\"description\":\"P\u00e1gina oficial de la Fiscal\u00eda General de la Naci\u00f3n \u2013 Colombia. Garantizamos el acceso efectivo a la justicia, la verdad y la reparaci\u00f3n de las v\u00edctimas de los delitos.\",\"breadcrumb\":{\"@id\":\"https:\/\/www.fiscalia.gov.co\/colombia\/noticias\/judicializados-presuntos-responsables-de-la-comercializacion-ilegal-de-maquinaria-de-la-alcaldia-de-magangue-bolivar\/#breadcrumb\"},\"inLanguage\":\"es-CO\",\"potentialAction\":[{\"@type\":\"ReadAction\",\"target\":[\"https:\/\/www.fiscalia.gov.co\/colombia\/noticias\/judicializados-presuntos-responsables-de-la-comercializacion-ilegal-de-maquinaria-de-la-alcaldia-de-magangue-bolivar\/\"]}]},{\"@type\":\"ImageObject\",\"inLanguage\":\"es-CO\",\"@id\":\"https:\/\/www.fiscalia.gov.co\/colombia\/noticias\/judicializados-presuntos-responsables-de-la-comercializacion-ilegal-de-maquinaria-de-la-alcaldia-de-magangue-bolivar\/#primaryimage\",\"url\":\"https:\/\/www.fiscalia.gov.co\/colombia\/wp-content\/uploads\/Foto-boletin-1-de-abril-Estafa-Magangue-.jpeg\",\"contentUrl\":\"https:\/\/www.fiscalia.gov.co\/colombia\/wp-content\/uploads\/Foto-boletin-1-de-abril-Estafa-Magangue-.jpeg\",\"width\":1600,\"height\":900,\"caption\":\"Cuatro de los procesados aceptaron los cargos formulados por la Fiscal\u00eda General de la Naci\u00f3n.\"},{\"@type\":\"BreadcrumbList\",\"@id\":\"https:\/\/www.fiscalia.gov.co\/colombia\/noticias\/judicializados-presuntos-responsables-de-la-comercializacion-ilegal-de-maquinaria-de-la-alcaldia-de-magangue-bolivar\/#breadcrumb\",\"itemListElement\":[{\"@type\":\"ListItem\",\"position\":1,\"name\":\"Home\",\"item\":\"https:\/\/www.fiscalia.gov.co\/colombia\/\"},{\"@type\":\"ListItem\",\"position\":2,\"name\":\"Judicializados presuntos responsables de la comercializaci\u00f3n ilegal de maquinaria de la alcald\u00eda de Magangu\u00e9 (Bol\u00edvar)\"}]},{\"@type\":\"WebSite\",\"@id\":\"https:\/\/www.fiscalia.gov.co\/colombia\/#website\",\"url\":\"https:\/\/www.fiscalia.gov.co\/colombia\/\",\"name\":\"Fiscal\u00eda General de la Naci\u00f3n\",\"description\":\"P\u00e1gina oficial de la Fiscal\u00eda General de la Naci\u00f3n \u2013 Colombia. Garantizamos el acceso efectivo a la justicia, la verdad y la reparaci\u00f3n de las v\u00edctimas de los delitos.\",\"publisher\":{\"@id\":\"https:\/\/www.fiscalia.gov.co\/colombia\/#organization\"},\"potentialAction\":[{\"@type\":\"SearchAction\",\"target\":{\"@type\":\"EntryPoint\",\"urlTemplate\":\"https:\/\/www.fiscalia.gov.co\/colombia\/?s={search_term_string}\"},\"query-input\":{\"@type\":\"PropertyValueSpecification\",\"valueRequired\":true,\"valueName\":\"search_term_string\"}}],\"inLanguage\":\"es-CO\"},{\"@type\":\"Organization\",\"@id\":\"https:\/\/www.fiscalia.gov.co\/colombia\/#organization\",\"name\":\"Fiscal\u00eda General de la Naci\u00f3n\",\"url\":\"https:\/\/www.fiscalia.gov.co\/colombia\/\",\"logo\":{\"@type\":\"ImageObject\",\"inLanguage\":\"es-CO\",\"@id\":\"https:\/\/www.fiscalia.gov.co\/colombia\/#\/schema\/logo\/image\/\",\"url\":\"https:\/\/www.fiscalia.gov.co\/colombia\/wp-content\/uploads\/LogoHorizontal_1.jpg\",\"contentUrl\":\"https:\/\/www.fiscalia.gov.co\/colombia\/wp-content\/uploads\/LogoHorizontal_1.jpg\",\"width\":300,\"height\":90,\"caption\":\"Fiscal\u00eda General de la Naci\u00f3n\"},\"image\":{\"@id\":\"https:\/\/www.fiscalia.gov.co\/colombia\/#\/schema\/logo\/image\/\"},\"sameAs\":[\"https:\/\/www.facebook.com\/FiscaliaCol\",\"https:\/\/x.com\/FiscaliaCol\",\"https:\/\/www.instagram.com\/fiscaliacol\",\"https:\/\/www.linkedin.com\/company\/fiscalia-general-de-la-naci-n\/\",\"https:\/\/youtube.com\/@fiscaliageneraldelanacion-4668?si=6nN79nyQICPU5iTh\"]},{\"@type\":\"Person\",\"@id\":\"https:\/\/www.fiscalia.gov.co\/colombia\/#\/schema\/person\/bf84402cf293a5393e9c70b111020b24\",\"name\":\"Jordan Leandro Oviedo Anzola\",\"image\":{\"@type\":\"ImageObject\",\"inLanguage\":\"es-CO\",\"@id\":\"https:\/\/www.fiscalia.gov.co\/colombia\/#\/schema\/person\/image\/\",\"url\":\"https:\/\/secure.gravatar.com\/avatar\/dabba4346fa9b9207d96adafa8f92721?s=96&d=mm&r=g\",\"contentUrl\":\"https:\/\/secure.gravatar.com\/avatar\/dabba4346fa9b9207d96adafa8f92721?s=96&d=mm&r=g\",\"caption\":\"Jordan Leandro Oviedo Anzola\"},\"url\":\"https:\/\/www.fiscalia.gov.co\/colombia\/author\/joviedo\/\"}]}<\/script>\n<!-- \/ Yoast SEO plugin. -->","yoast_head_json":{"title":"Fiscal\u00eda General de la Naci\u00f3n","description":"P\u00e1gina oficial de la Fiscal\u00eda General de la Naci\u00f3n \u2013 Colombia. Garantizamos el acceso efectivo a la justicia, la verdad y la reparaci\u00f3n de las v\u00edctimas de los delitos.","robots":{"index":"noindex","follow":"follow"},"og_locale":"es_ES","og_type":"article","og_title":"Fiscal\u00eda General de la Naci\u00f3n","og_description":"P\u00e1gina oficial de la Fiscal\u00eda General de la Naci\u00f3n \u2013 Colombia. Garantizamos el acceso efectivo a la justicia, la verdad y la reparaci\u00f3n de las v\u00edctimas de los delitos.","og_url":"https:\/\/www.fiscalia.gov.co\/colombia\/noticias\/judicializados-presuntos-responsables-de-la-comercializacion-ilegal-de-maquinaria-de-la-alcaldia-de-magangue-bolivar\/","og_site_name":"Fiscal\u00eda General de la Naci\u00f3n","article_publisher":"https:\/\/www.facebook.com\/FiscaliaCol","article_published_time":"2025-04-01T22:14:22+00:00","og_image":[{"width":1600,"height":900,"url":"https:\/\/www.fiscalia.gov.co\/colombia\/wp-content\/uploads\/Foto-boletin-1-de-abril-Estafa-Magangue-.jpeg","type":"image\/jpeg"}],"author":"Jordan Leandro Oviedo Anzola","twitter_card":"summary_large_image","twitter_creator":"@FiscaliaCol","twitter_site":"@FiscaliaCol","twitter_misc":{"Escrito por":"Jordan Leandro Oviedo Anzola","Tiempo de lectura":"2 minutos"},"schema":{"@context":"https:\/\/schema.org","@graph":[{"@type":"Article","@id":"https:\/\/www.fiscalia.gov.co\/colombia\/noticias\/judicializados-presuntos-responsables-de-la-comercializacion-ilegal-de-maquinaria-de-la-alcaldia-de-magangue-bolivar\/#article","isPartOf":{"@id":"https:\/\/www.fiscalia.gov.co\/colombia\/noticias\/judicializados-presuntos-responsables-de-la-comercializacion-ilegal-de-maquinaria-de-la-alcaldia-de-magangue-bolivar\/"},"author":{"name":"Jordan Leandro Oviedo Anzola","@id":"https:\/\/www.fiscalia.gov.co\/colombia\/#\/schema\/person\/bf84402cf293a5393e9c70b111020b24"},"headline":"Judicializados presuntos responsables de la comercializaci\u00f3n ilegal de maquinaria de la alcald\u00eda de Magangu\u00e9 (Bol\u00edvar)","datePublished":"2025-04-01T22:14:22+00:00","dateModified":"2025-04-01T22:14:22+00:00","mainEntityOfPage":{"@id":"https:\/\/www.fiscalia.gov.co\/colombia\/noticias\/judicializados-presuntos-responsables-de-la-comercializacion-ilegal-de-maquinaria-de-la-alcaldia-de-magangue-bolivar\/"},"wordCount":389,"publisher":{"@id":"https:\/\/www.fiscalia.gov.co\/colombia\/#organization"},"image":{"@id":"https:\/\/www.fiscalia.gov.co\/colombia\/noticias\/judicializados-presuntos-responsables-de-la-comercializacion-ilegal-de-maquinaria-de-la-alcaldia-de-magangue-bolivar\/#primaryimage"},"thumbnailUrl":"https:\/\/www.fiscalia.gov.co\/colombia\/wp-content\/uploads\/Foto-boletin-1-de-abril-Estafa-Magangue--1024x576.jpeg","keywords":["Asegurados","Bol\u00edvar","Concierto para delinquir","Estafa","Falsedad en documento p\u00fablico","Fiscal\u00eda Colombia","Fiscal\u00eda General de la Naci\u00f3n","grupo delincuencial","Magangu\u00e9","Magangu\u00e9 (Bol\u00edvar)","Polic\u00eda Nacional"],"articleSection":["Noticias","Seccional Cartagena","Seccionales"],"inLanguage":"es-CO"},{"@type":"WebPage","@id":"https:\/\/www.fiscalia.gov.co\/colombia\/noticias\/judicializados-presuntos-responsables-de-la-comercializacion-ilegal-de-maquinaria-de-la-alcaldia-de-magangue-bolivar\/","url":"https:\/\/www.fiscalia.gov.co\/colombia\/noticias\/judicializados-presuntos-responsables-de-la-comercializacion-ilegal-de-maquinaria-de-la-alcaldia-de-magangue-bolivar\/","name":"Fiscal\u00eda General de la Naci\u00f3n","isPartOf":{"@id":"https:\/\/www.fiscalia.gov.co\/colombia\/#website"},"primaryImageOfPage":{"@id":"https:\/\/www.fiscalia.gov.co\/colombia\/noticias\/judicializados-presuntos-responsables-de-la-comercializacion-ilegal-de-maquinaria-de-la-alcaldia-de-magangue-bolivar\/#primaryimage"},"image":{"@id":"https:\/\/www.fiscalia.gov.co\/colombia\/noticias\/judicializados-presuntos-responsables-de-la-comercializacion-ilegal-de-maquinaria-de-la-alcaldia-de-magangue-bolivar\/#primaryimage"},"thumbnailUrl":"https:\/\/www.fiscalia.gov.co\/colombia\/wp-content\/uploads\/Foto-boletin-1-de-abril-Estafa-Magangue--1024x576.jpeg","datePublished":"2025-04-01T22:14:22+00:00","dateModified":"2025-04-01T22:14:22+00:00","description":"P\u00e1gina oficial de la Fiscal\u00eda General de la Naci\u00f3n \u2013 Colombia. Garantizamos el acceso efectivo a la justicia, la verdad y la reparaci\u00f3n de las v\u00edctimas de los delitos.","breadcrumb":{"@id":"https:\/\/www.fiscalia.gov.co\/colombia\/noticias\/judicializados-presuntos-responsables-de-la-comercializacion-ilegal-de-maquinaria-de-la-alcaldia-de-magangue-bolivar\/#breadcrumb"},"inLanguage":"es-CO","potentialAction":[{"@type":"ReadAction","target":["https:\/\/www.fiscalia.gov.co\/colombia\/noticias\/judicializados-presuntos-responsables-de-la-comercializacion-ilegal-de-maquinaria-de-la-alcaldia-de-magangue-bolivar\/"]}]},{"@type":"ImageObject","inLanguage":"es-CO","@id":"https:\/\/www.fiscalia.gov.co\/colombia\/noticias\/judicializados-presuntos-responsables-de-la-comercializacion-ilegal-de-maquinaria-de-la-alcaldia-de-magangue-bolivar\/#primaryimage","url":"https:\/\/www.fiscalia.gov.co\/colombia\/wp-content\/uploads\/Foto-boletin-1-de-abril-Estafa-Magangue-.jpeg","contentUrl":"https:\/\/www.fiscalia.gov.co\/colombia\/wp-content\/uploads\/Foto-boletin-1-de-abril-Estafa-Magangue-.jpeg","width":1600,"height":900,"caption":"Cuatro de los procesados aceptaron los cargos formulados por la Fiscal\u00eda General de la Naci\u00f3n."},{"@type":"BreadcrumbList","@id":"https:\/\/www.fiscalia.gov.co\/colombia\/noticias\/judicializados-presuntos-responsables-de-la-comercializacion-ilegal-de-maquinaria-de-la-alcaldia-de-magangue-bolivar\/#breadcrumb","itemListElement":[{"@type":"ListItem","position":1,"name":"Home","item":"https:\/\/www.fiscalia.gov.co\/colombia\/"},{"@type":"ListItem","position":2,"name":"Judicializados presuntos responsables de la comercializaci\u00f3n ilegal de maquinaria de la alcald\u00eda de Magangu\u00e9 (Bol\u00edvar)"}]},{"@type":"WebSite","@id":"https:\/\/www.fiscalia.gov.co\/colombia\/#website","url":"https:\/\/www.fiscalia.gov.co\/colombia\/","name":"Fiscal\u00eda General de la Naci\u00f3n","description":"P\u00e1gina oficial de la Fiscal\u00eda General de la Naci\u00f3n \u2013 Colombia. Garantizamos el acceso efectivo a la justicia, la verdad y la reparaci\u00f3n de las v\u00edctimas de los delitos.","publisher":{"@id":"https:\/\/www.fiscalia.gov.co\/colombia\/#organization"},"potentialAction":[{"@type":"SearchAction","target":{"@type":"EntryPoint","urlTemplate":"https:\/\/www.fiscalia.gov.co\/colombia\/?s={search_term_string}"},"query-input":{"@type":"PropertyValueSpecification","valueRequired":true,"valueName":"search_term_string"}}],"inLanguage":"es-CO"},{"@type":"Organization","@id":"https:\/\/www.fiscalia.gov.co\/colombia\/#organization","name":"Fiscal\u00eda General de la Naci\u00f3n","url":"https:\/\/www.fiscalia.gov.co\/colombia\/","logo":{"@type":"ImageObject","inLanguage":"es-CO","@id":"https:\/\/www.fiscalia.gov.co\/colombia\/#\/schema\/logo\/image\/","url":"https:\/\/www.fiscalia.gov.co\/colombia\/wp-content\/uploads\/LogoHorizontal_1.jpg","contentUrl":"https:\/\/www.fiscalia.gov.co\/colombia\/wp-content\/uploads\/LogoHorizontal_1.jpg","width":300,"height":90,"caption":"Fiscal\u00eda General de la Naci\u00f3n"},"image":{"@id":"https:\/\/www.fiscalia.gov.co\/colombia\/#\/schema\/logo\/image\/"},"sameAs":["https:\/\/www.facebook.com\/FiscaliaCol","https:\/\/x.com\/FiscaliaCol","https:\/\/www.instagram.com\/fiscaliacol","https:\/\/www.linkedin.com\/company\/fiscalia-general-de-la-naci-n\/","https:\/\/youtube.com\/@fiscaliageneraldelanacion-4668?si=6nN79nyQICPU5iTh"]},{"@type":"Person","@id":"https:\/\/www.fiscalia.gov.co\/colombia\/#\/schema\/person\/bf84402cf293a5393e9c70b111020b24","name":"Jordan Leandro Oviedo Anzola","image":{"@type":"ImageObject","inLanguage":"es-CO","@id":"https:\/\/www.fiscalia.gov.co\/colombia\/#\/schema\/person\/image\/","url":"https:\/\/secure.gravatar.com\/avatar\/dabba4346fa9b9207d96adafa8f92721?s=96&d=mm&r=g","contentUrl":"https:\/\/secure.gravatar.com\/avatar\/dabba4346fa9b9207d96adafa8f92721?s=96&d=mm&r=g","caption":"Jordan Leandro Oviedo Anzola"},"url":"https:\/\/www.fiscalia.gov.co\/colombia\/author\/joviedo\/"}]}},"_links":{"self":[{"href":"https:\/\/www.fiscalia.gov.co\/colombia\/wp-json\/wp\/v2\/posts\/313183","targetHints":{"allow":["GET"]}}],"collection":[{"href":"https:\/\/www.fiscalia.gov.co\/colombia\/wp-json\/wp\/v2\/posts"}],"about":[{"href":"https:\/\/www.fiscalia.gov.co\/colombia\/wp-json\/wp\/v2\/types\/post"}],"author":[{"embeddable":true,"href":"https:\/\/www.fiscalia.gov.co\/colombia\/wp-json\/wp\/v2\/users\/177"}],"replies":[{"embeddable":true,"href":"https:\/\/www.fiscalia.gov.co\/colombia\/wp-json\/wp\/v2\/comments?post=313183"}],"version-history":[{"count":1,"href":"https:\/\/www.fiscalia.gov.co\/colombia\/wp-json\/wp\/v2\/posts\/313183\/revisions"}],"predecessor-version":[{"id":313185,"href":"https:\/\/www.fiscalia.gov.co\/colombia\/wp-json\/wp\/v2\/posts\/313183\/revisions\/313185"}],"wp:attachment":[{"href":"https:\/\/www.fiscalia.gov.co\/colombia\/wp-json\/wp\/v2\/media?parent=313183"}],"wp:term":[{"taxonomy":"category","embeddable":true,"href":"https:\/\/www.fiscalia.gov.co\/colombia\/wp-json\/wp\/v2\/categories?post=313183"},{"taxonomy":"post_tag","embeddable":true,"href":"https:\/\/www.fiscalia.gov.co\/colombia\/wp-json\/wp\/v2\/tags?post=313183"}],"curies":[{"name":"wp","href":"https:\/\/api.w.org\/{rel}","templated":true}]}}