{"id":312841,"date":"2025-03-26T16:38:57","date_gmt":"2025-03-26T21:38:57","guid":{"rendered":"https:\/\/www.fiscalia.gov.co\/colombia\/?p=312841"},"modified":"2025-03-27T09:24:38","modified_gmt":"2025-03-27T14:24:38","slug":"por-secuestro-de-un-estudiante-universitario-en-cucuta-fue-asegurado-presunto-responsable","status":"publish","type":"post","link":"https:\/\/www.fiscalia.gov.co\/colombia\/noticias\/por-secuestro-de-un-estudiante-universitario-en-cucuta-fue-asegurado-presunto-responsable\/","title":{"rendered":"Por secuestro de un estudiante universitario en C\u00facuta fue asegurado presunto responsable"},"content":{"rendered":"<p dir=\"ltr\">La Fiscal\u00eda General de la Naci\u00f3n judicializ\u00f3 a Pedro Antonio Palencia P\u00e9rez, por su presunta responsabilidad en la <a href=\"https:\/\/www.fiscalia.gov.co\/colombia\/noticias\/asegurado-presunto-cabecilla-de-las-disidencias-de-las-farc-que-estaria-involucrado-en-secuestros-en-norte-de-santander\/\" target=\"_blank\" rel=\"noopener\" data-saferedirecturl=\"https:\/\/www.google.com\/url?q=https:\/\/www.fiscalia.gov.co\/colombia\/noticias\/asegurado-presunto-cabecilla-de-las-disidencias-de-las-farc-que-estaria-involucrado-en-secuestros-en-norte-de-santander\/&amp;source=gmail&amp;ust=1743111071001000&amp;usg=AOvVaw3DzqNQMSwop6BmGayN7VrC\">retenci\u00f3n<\/a>\u00a0ilegal de un estudiante de 19 a\u00f1os, <strong>en hechos ocurridos el 13 de diciembre de 2024, en C\u00facuta (Norte de Santander).<\/strong><\/p>\n<figure id=\"attachment_312842\" aria-describedby=\"caption-attachment-312842\" style=\"width: 696px\" class=\"wp-caption aligncenter\"><img loading=\"lazy\" decoding=\"async\" class=\"size-large wp-image-312842\" src=\"https:\/\/www.fiscalia.gov.co\/colombia\/wp-content\/uploads\/unnamed-5-1024x700.jpg\" alt=\"Se visualiza al capturado junto a dos uniformados de la Polic\u00eda Nacional. Detr\u00e1s de ellos el banner que identifica a la Polic\u00eda Nacional.\" width=\"696\" height=\"476\" srcset=\"https:\/\/www.fiscalia.gov.co\/colombia\/wp-content\/uploads\/unnamed-5-1024x700.jpg 1024w, https:\/\/www.fiscalia.gov.co\/colombia\/wp-content\/uploads\/unnamed-5-300x205.jpg 300w, https:\/\/www.fiscalia.gov.co\/colombia\/wp-content\/uploads\/unnamed-5-768x525.jpg 768w, https:\/\/www.fiscalia.gov.co\/colombia\/wp-content\/uploads\/unnamed-5-614x420.jpg 614w, https:\/\/www.fiscalia.gov.co\/colombia\/wp-content\/uploads\/unnamed-5-218x150.jpg 218w, https:\/\/www.fiscalia.gov.co\/colombia\/wp-content\/uploads\/unnamed-5-696x476.jpg 696w, https:\/\/www.fiscalia.gov.co\/colombia\/wp-content\/uploads\/unnamed-5-1068x730.jpg 1068w, https:\/\/www.fiscalia.gov.co\/colombia\/wp-content\/uploads\/unnamed-5.jpg 1316w\" sizes=\"auto, (max-width: 696px) 100vw, 696px\" \/><figcaption id=\"caption-attachment-312842\" class=\"wp-caption-text\">Pedro Antonio Palencia P\u00e9rez, se\u00f1alado de participar del secuestro de un joven universitario en diciembre de 2024 en C\u00facuta.<\/figcaption><\/figure>\n<p dir=\"ltr\"><strong>Por estos hechos, un fiscal seccional le imput\u00f3 el delito de secuestro extorsivo.<\/strong> El hombre no acept\u00f3 el cargo endilgado y un juez de control de garant\u00edas le impuso medida de aseguramiento privativa de la libertad en establecimiento carcelario.<\/p>\n<p dir=\"ltr\">Las labores investigativas adelantadas por la Fiscal\u00eda establecieron que la v\u00edctima, <strong>al parecer, fue\u00a0<a href=\"https:\/\/www.fiscalia.gov.co\/colombia\/noticias\/por-secuestro-extorsivo-de-un-lider-social-en-norte-de-santander-fue-judicializado-presunto-responsable\/\" target=\"_blank\" rel=\"noopener\" data-saferedirecturl=\"https:\/\/www.google.com\/url?q=https:\/\/www.fiscalia.gov.co\/colombia\/noticias\/por-secuestro-extorsivo-de-un-lider-social-en-norte-de-santander-fue-judicializado-presunto-responsable\/&amp;source=gmail&amp;ust=1743111071001000&amp;usg=AOvVaw1GfCmz_xMdccITrD2jdO6H\">abordada<\/a>\u00a0por un grupo de hombres que bajo amenazas con arma de fuego<\/strong> lo retuvieron por varios d\u00edas.<\/p>\n<p>Estas personas, entre las que se encontraba el hoy procesado, habr\u00edan llamado a los familiares de la v\u00edctima, para exigirles 1.000 millones de pesos, a cambio de dejar libre al joven.<\/p>\n<p>Labores desplegadas en articulaci\u00f3n con el Gaula de la Polic\u00eda Nacional, permitieron ubicar y rescatar al estudiante dos d\u00edas despu\u00e9s de su retenci\u00f3n en zona boscosa entre C\u00facuta y Puerto Santander (Norte de Santander).<\/p>\n<p>Palencia P\u00e9rez fue capturado por uniformados de la Polic\u00eda Nacional durante un procedimiento adelantado en zona rural de\u00a0 Medell\u00edn (Antioquia).<\/p>\n<p>&nbsp;<\/p>\n<p>&nbsp;<\/p>\n<p>&nbsp;<\/p>\n<p>&nbsp;<\/p>\n<p>&nbsp;<\/p>\n<p>MPHA\/AMCJ\/JAAL\/EDBC\/DSNS<\/p>\n<p>&nbsp;<\/p>\n<p>&nbsp;<\/p>\n<p>&nbsp;<\/p>\n<p>&nbsp;<\/p>\n<p>&nbsp;<\/p>\n<p><em>La informaci\u00f3n contenida en este bolet\u00edn de prensa corresponde a la narraci\u00f3n de los hechos noticiosos objetivos, suministrados por los funcionarios encargados de adelantar las investigaciones penales al interior de la Fiscal\u00eda General de la Naci\u00f3n. Para el momento de la divulgaci\u00f3n de este comunicado, la situaci\u00f3n jur\u00eddica de la(s) persona(s) relacionada(s) se encuentra pendiente de resolver por la autoridad judicial competente, siempre bajo los preceptos de la presunci\u00f3n de inocencia, consagrados en el art\u00edculo 29 de la Constituci\u00f3n Pol\u00edtica y el art\u00edculo 7\u00ba de la Ley 906 de 2004.<\/em><\/p>\n\n<div class=\"twitter-share\"><a href=\"https:\/\/twitter.com\/intent\/tweet?via=fiscaliacol\" class=\"twitter-share-button\">Tweet<\/a><\/div>\n","protected":false},"excerpt":{"rendered":"<p>La Fiscal\u00eda General de la Naci\u00f3n judicializ\u00f3 a Pedro Antonio Palencia P\u00e9rez, por su presunta responsabilidad en la retenci\u00f3n\u00a0ilegal de un estudiante de 19 a\u00f1os, en hechos ocurridos el 13 de diciembre de 2024, en C\u00facuta (Norte de Santander). Por estos hechos, un fiscal seccional le imput\u00f3 el delito de secuestro extorsivo. El hombre no [&hellip;]<\/p>\n","protected":false},"author":177,"featured_media":0,"comment_status":"closed","ping_status":"open","sticky":false,"template":"","format":"standard","meta":{"_price":"","_stock":"","_tribe_ticket_header":"","_tribe_default_ticket_provider":"","_tribe_ticket_capacity":"0","_ticket_start_date":"","_ticket_end_date":"","_tribe_ticket_show_description":"","_tribe_ticket_show_not_going":false,"_tribe_ticket_use_global_stock":"","_tribe_ticket_global_stock_level":"","_global_stock_mode":"","_global_stock_cap":"","_tribe_rsvp_for_event":"","_tribe_ticket_going_count":"","_tribe_ticket_not_going_count":"","_tribe_tickets_list":"[]","_tribe_ticket_has_attendee_info_fields":false,"tdm_status":"","tdm_grid_status":"","footnotes":""},"categories":[1,326,303,24099],"tags":[23826,31730,800,37492,1047,409,30889],"class_list":{"0":"post-312841","1":"post","2":"type-post","3":"status-publish","4":"format-standard","6":"category-noticias","7":"category-seccional-cucuta","8":"category-seccionales","9":"category-seguridad-territorial","10":"tag-cucuta","11":"tag-cucuta-norte-de-santander","12":"tag-estudiante","13":"tag-fiscal-luz-adriana-camargo","14":"tag-fiscalia-general-de-la-nacion","15":"tag-homicidio","16":"tag-universidad"},"yoast_head":"<!-- This site is optimized with the Yoast SEO plugin v24.3 - https:\/\/yoast.com\/wordpress\/plugins\/seo\/ -->\n<title>Fiscal\u00eda General de la Naci\u00f3n<\/title>\n<meta name=\"description\" content=\"P\u00e1gina oficial de la Fiscal\u00eda General de la Naci\u00f3n \u2013 Colombia. Garantizamos el acceso efectivo a la justicia, la verdad y la reparaci\u00f3n de las v\u00edctimas de los delitos.\" \/>\n<meta name=\"robots\" content=\"noindex, follow\" \/>\n<meta property=\"og:locale\" content=\"es_ES\" \/>\n<meta property=\"og:type\" content=\"article\" \/>\n<meta property=\"og:title\" content=\"Fiscal\u00eda General de la Naci\u00f3n\" \/>\n<meta property=\"og:description\" content=\"P\u00e1gina oficial de la Fiscal\u00eda General de la Naci\u00f3n \u2013 Colombia. Garantizamos el acceso efectivo a la justicia, la verdad y la reparaci\u00f3n de las v\u00edctimas de los delitos.\" \/>\n<meta property=\"og:url\" content=\"https:\/\/www.fiscalia.gov.co\/colombia\/noticias\/por-secuestro-de-un-estudiante-universitario-en-cucuta-fue-asegurado-presunto-responsable\/\" \/>\n<meta property=\"og:site_name\" content=\"Fiscal\u00eda General de la Naci\u00f3n\" \/>\n<meta property=\"article:publisher\" content=\"https:\/\/www.facebook.com\/FiscaliaCol\" \/>\n<meta property=\"article:published_time\" content=\"2025-03-26T21:38:57+00:00\" \/>\n<meta property=\"article:modified_time\" content=\"2025-03-27T14:24:38+00:00\" \/>\n<meta property=\"og:image\" content=\"https:\/\/www.fiscalia.gov.co\/colombia\/wp-content\/uploads\/unnamed-5.jpg\" \/>\n\t<meta property=\"og:image:width\" content=\"1316\" \/>\n\t<meta property=\"og:image:height\" content=\"900\" \/>\n\t<meta property=\"og:image:type\" content=\"image\/jpeg\" \/>\n<meta name=\"author\" content=\"Jordan Leandro Oviedo Anzola\" \/>\n<meta name=\"twitter:card\" content=\"summary_large_image\" \/>\n<meta name=\"twitter:creator\" content=\"@FiscaliaCol\" \/>\n<meta name=\"twitter:site\" content=\"@FiscaliaCol\" \/>\n<meta name=\"twitter:label1\" content=\"Escrito por\" \/>\n\t<meta name=\"twitter:data1\" content=\"Jordan Leandro Oviedo Anzola\" \/>\n\t<meta name=\"twitter:label2\" content=\"Tiempo de lectura\" \/>\n\t<meta name=\"twitter:data2\" content=\"2 minutos\" \/>\n<script type=\"application\/ld+json\" class=\"yoast-schema-graph\">{\"@context\":\"https:\/\/schema.org\",\"@graph\":[{\"@type\":\"Article\",\"@id\":\"https:\/\/www.fiscalia.gov.co\/colombia\/noticias\/por-secuestro-de-un-estudiante-universitario-en-cucuta-fue-asegurado-presunto-responsable\/#article\",\"isPartOf\":{\"@id\":\"https:\/\/www.fiscalia.gov.co\/colombia\/noticias\/por-secuestro-de-un-estudiante-universitario-en-cucuta-fue-asegurado-presunto-responsable\/\"},\"author\":{\"name\":\"Jordan Leandro Oviedo Anzola\",\"@id\":\"https:\/\/www.fiscalia.gov.co\/colombia\/#\/schema\/person\/bf84402cf293a5393e9c70b111020b24\"},\"headline\":\"Por secuestro de un estudiante universitario en C\u00facuta fue asegurado presunto responsable\",\"datePublished\":\"2025-03-26T21:38:57+00:00\",\"dateModified\":\"2025-03-27T14:24:38+00:00\",\"mainEntityOfPage\":{\"@id\":\"https:\/\/www.fiscalia.gov.co\/colombia\/noticias\/por-secuestro-de-un-estudiante-universitario-en-cucuta-fue-asegurado-presunto-responsable\/\"},\"wordCount\":371,\"publisher\":{\"@id\":\"https:\/\/www.fiscalia.gov.co\/colombia\/#organization\"},\"image\":{\"@id\":\"https:\/\/www.fiscalia.gov.co\/colombia\/noticias\/por-secuestro-de-un-estudiante-universitario-en-cucuta-fue-asegurado-presunto-responsable\/#primaryimage\"},\"thumbnailUrl\":\"https:\/\/www.fiscalia.gov.co\/colombia\/wp-content\/uploads\/unnamed-5-1024x700.jpg\",\"keywords\":[\"C\u00facuta\",\"C\u00facuta (Norte de Santander)\",\"Estudiante\",\"Fiscal Luz Adriana Camargo\",\"Fiscal\u00eda General de la Naci\u00f3n\",\"Homicidio\",\"Universidad\"],\"articleSection\":[\"Noticias\",\"Seccional C\u00facuta\",\"Seccionales\",\"Seguridad territorial\"],\"inLanguage\":\"es-CO\"},{\"@type\":\"WebPage\",\"@id\":\"https:\/\/www.fiscalia.gov.co\/colombia\/noticias\/por-secuestro-de-un-estudiante-universitario-en-cucuta-fue-asegurado-presunto-responsable\/\",\"url\":\"https:\/\/www.fiscalia.gov.co\/colombia\/noticias\/por-secuestro-de-un-estudiante-universitario-en-cucuta-fue-asegurado-presunto-responsable\/\",\"name\":\"Fiscal\u00eda General de la Naci\u00f3n\",\"isPartOf\":{\"@id\":\"https:\/\/www.fiscalia.gov.co\/colombia\/#website\"},\"primaryImageOfPage\":{\"@id\":\"https:\/\/www.fiscalia.gov.co\/colombia\/noticias\/por-secuestro-de-un-estudiante-universitario-en-cucuta-fue-asegurado-presunto-responsable\/#primaryimage\"},\"image\":{\"@id\":\"https:\/\/www.fiscalia.gov.co\/colombia\/noticias\/por-secuestro-de-un-estudiante-universitario-en-cucuta-fue-asegurado-presunto-responsable\/#primaryimage\"},\"thumbnailUrl\":\"https:\/\/www.fiscalia.gov.co\/colombia\/wp-content\/uploads\/unnamed-5-1024x700.jpg\",\"datePublished\":\"2025-03-26T21:38:57+00:00\",\"dateModified\":\"2025-03-27T14:24:38+00:00\",\"description\":\"P\u00e1gina oficial de la Fiscal\u00eda General de la Naci\u00f3n \u2013 Colombia. Garantizamos el acceso efectivo a la justicia, la verdad y la reparaci\u00f3n de las v\u00edctimas de los delitos.\",\"breadcrumb\":{\"@id\":\"https:\/\/www.fiscalia.gov.co\/colombia\/noticias\/por-secuestro-de-un-estudiante-universitario-en-cucuta-fue-asegurado-presunto-responsable\/#breadcrumb\"},\"inLanguage\":\"es-CO\",\"potentialAction\":[{\"@type\":\"ReadAction\",\"target\":[\"https:\/\/www.fiscalia.gov.co\/colombia\/noticias\/por-secuestro-de-un-estudiante-universitario-en-cucuta-fue-asegurado-presunto-responsable\/\"]}]},{\"@type\":\"ImageObject\",\"inLanguage\":\"es-CO\",\"@id\":\"https:\/\/www.fiscalia.gov.co\/colombia\/noticias\/por-secuestro-de-un-estudiante-universitario-en-cucuta-fue-asegurado-presunto-responsable\/#primaryimage\",\"url\":\"https:\/\/www.fiscalia.gov.co\/colombia\/wp-content\/uploads\/unnamed-5.jpg\",\"contentUrl\":\"https:\/\/www.fiscalia.gov.co\/colombia\/wp-content\/uploads\/unnamed-5.jpg\",\"width\":1316,\"height\":900,\"caption\":\"Pedro Antonio Palencia P\u00e9rez, se\u00f1alado de participar del secuestro de un joven universitario en diciembre de 2024 en C\u00facuta.\"},{\"@type\":\"BreadcrumbList\",\"@id\":\"https:\/\/www.fiscalia.gov.co\/colombia\/noticias\/por-secuestro-de-un-estudiante-universitario-en-cucuta-fue-asegurado-presunto-responsable\/#breadcrumb\",\"itemListElement\":[{\"@type\":\"ListItem\",\"position\":1,\"name\":\"Home\",\"item\":\"https:\/\/www.fiscalia.gov.co\/colombia\/\"},{\"@type\":\"ListItem\",\"position\":2,\"name\":\"Por secuestro de un estudiante universitario en C\u00facuta fue asegurado presunto responsable\"}]},{\"@type\":\"WebSite\",\"@id\":\"https:\/\/www.fiscalia.gov.co\/colombia\/#website\",\"url\":\"https:\/\/www.fiscalia.gov.co\/colombia\/\",\"name\":\"Fiscal\u00eda General de la Naci\u00f3n\",\"description\":\"P\u00e1gina oficial de la Fiscal\u00eda General de la Naci\u00f3n \u2013 Colombia. Garantizamos el acceso efectivo a la justicia, la verdad y la reparaci\u00f3n de las v\u00edctimas de los delitos.\",\"publisher\":{\"@id\":\"https:\/\/www.fiscalia.gov.co\/colombia\/#organization\"},\"potentialAction\":[{\"@type\":\"SearchAction\",\"target\":{\"@type\":\"EntryPoint\",\"urlTemplate\":\"https:\/\/www.fiscalia.gov.co\/colombia\/?s={search_term_string}\"},\"query-input\":{\"@type\":\"PropertyValueSpecification\",\"valueRequired\":true,\"valueName\":\"search_term_string\"}}],\"inLanguage\":\"es-CO\"},{\"@type\":\"Organization\",\"@id\":\"https:\/\/www.fiscalia.gov.co\/colombia\/#organization\",\"name\":\"Fiscal\u00eda General de la Naci\u00f3n\",\"url\":\"https:\/\/www.fiscalia.gov.co\/colombia\/\",\"logo\":{\"@type\":\"ImageObject\",\"inLanguage\":\"es-CO\",\"@id\":\"https:\/\/www.fiscalia.gov.co\/colombia\/#\/schema\/logo\/image\/\",\"url\":\"https:\/\/www.fiscalia.gov.co\/colombia\/wp-content\/uploads\/LogoHorizontal_1.jpg\",\"contentUrl\":\"https:\/\/www.fiscalia.gov.co\/colombia\/wp-content\/uploads\/LogoHorizontal_1.jpg\",\"width\":300,\"height\":90,\"caption\":\"Fiscal\u00eda General de la Naci\u00f3n\"},\"image\":{\"@id\":\"https:\/\/www.fiscalia.gov.co\/colombia\/#\/schema\/logo\/image\/\"},\"sameAs\":[\"https:\/\/www.facebook.com\/FiscaliaCol\",\"https:\/\/x.com\/FiscaliaCol\",\"https:\/\/www.instagram.com\/fiscaliacol\",\"https:\/\/www.linkedin.com\/company\/fiscalia-general-de-la-naci-n\/\",\"https:\/\/youtube.com\/@fiscaliageneraldelanacion-4668?si=6nN79nyQICPU5iTh\"]},{\"@type\":\"Person\",\"@id\":\"https:\/\/www.fiscalia.gov.co\/colombia\/#\/schema\/person\/bf84402cf293a5393e9c70b111020b24\",\"name\":\"Jordan Leandro Oviedo Anzola\",\"image\":{\"@type\":\"ImageObject\",\"inLanguage\":\"es-CO\",\"@id\":\"https:\/\/www.fiscalia.gov.co\/colombia\/#\/schema\/person\/image\/\",\"url\":\"https:\/\/secure.gravatar.com\/avatar\/dabba4346fa9b9207d96adafa8f92721?s=96&d=mm&r=g\",\"contentUrl\":\"https:\/\/secure.gravatar.com\/avatar\/dabba4346fa9b9207d96adafa8f92721?s=96&d=mm&r=g\",\"caption\":\"Jordan Leandro Oviedo Anzola\"},\"url\":\"https:\/\/www.fiscalia.gov.co\/colombia\/author\/joviedo\/\"}]}<\/script>\n<!-- \/ Yoast SEO plugin. -->","yoast_head_json":{"title":"Fiscal\u00eda General de la Naci\u00f3n","description":"P\u00e1gina oficial de la Fiscal\u00eda General de la Naci\u00f3n \u2013 Colombia. Garantizamos el acceso efectivo a la justicia, la verdad y la reparaci\u00f3n de las v\u00edctimas de los delitos.","robots":{"index":"noindex","follow":"follow"},"og_locale":"es_ES","og_type":"article","og_title":"Fiscal\u00eda General de la Naci\u00f3n","og_description":"P\u00e1gina oficial de la Fiscal\u00eda General de la Naci\u00f3n \u2013 Colombia. Garantizamos el acceso efectivo a la justicia, la verdad y la reparaci\u00f3n de las v\u00edctimas de los delitos.","og_url":"https:\/\/www.fiscalia.gov.co\/colombia\/noticias\/por-secuestro-de-un-estudiante-universitario-en-cucuta-fue-asegurado-presunto-responsable\/","og_site_name":"Fiscal\u00eda General de la Naci\u00f3n","article_publisher":"https:\/\/www.facebook.com\/FiscaliaCol","article_published_time":"2025-03-26T21:38:57+00:00","article_modified_time":"2025-03-27T14:24:38+00:00","og_image":[{"width":1316,"height":900,"url":"https:\/\/www.fiscalia.gov.co\/colombia\/wp-content\/uploads\/unnamed-5.jpg","type":"image\/jpeg"}],"author":"Jordan Leandro Oviedo Anzola","twitter_card":"summary_large_image","twitter_creator":"@FiscaliaCol","twitter_site":"@FiscaliaCol","twitter_misc":{"Escrito por":"Jordan Leandro Oviedo Anzola","Tiempo de lectura":"2 minutos"},"schema":{"@context":"https:\/\/schema.org","@graph":[{"@type":"Article","@id":"https:\/\/www.fiscalia.gov.co\/colombia\/noticias\/por-secuestro-de-un-estudiante-universitario-en-cucuta-fue-asegurado-presunto-responsable\/#article","isPartOf":{"@id":"https:\/\/www.fiscalia.gov.co\/colombia\/noticias\/por-secuestro-de-un-estudiante-universitario-en-cucuta-fue-asegurado-presunto-responsable\/"},"author":{"name":"Jordan Leandro Oviedo Anzola","@id":"https:\/\/www.fiscalia.gov.co\/colombia\/#\/schema\/person\/bf84402cf293a5393e9c70b111020b24"},"headline":"Por secuestro de un estudiante universitario en C\u00facuta fue asegurado presunto responsable","datePublished":"2025-03-26T21:38:57+00:00","dateModified":"2025-03-27T14:24:38+00:00","mainEntityOfPage":{"@id":"https:\/\/www.fiscalia.gov.co\/colombia\/noticias\/por-secuestro-de-un-estudiante-universitario-en-cucuta-fue-asegurado-presunto-responsable\/"},"wordCount":371,"publisher":{"@id":"https:\/\/www.fiscalia.gov.co\/colombia\/#organization"},"image":{"@id":"https:\/\/www.fiscalia.gov.co\/colombia\/noticias\/por-secuestro-de-un-estudiante-universitario-en-cucuta-fue-asegurado-presunto-responsable\/#primaryimage"},"thumbnailUrl":"https:\/\/www.fiscalia.gov.co\/colombia\/wp-content\/uploads\/unnamed-5-1024x700.jpg","keywords":["C\u00facuta","C\u00facuta (Norte de Santander)","Estudiante","Fiscal Luz Adriana Camargo","Fiscal\u00eda General de la Naci\u00f3n","Homicidio","Universidad"],"articleSection":["Noticias","Seccional C\u00facuta","Seccionales","Seguridad territorial"],"inLanguage":"es-CO"},{"@type":"WebPage","@id":"https:\/\/www.fiscalia.gov.co\/colombia\/noticias\/por-secuestro-de-un-estudiante-universitario-en-cucuta-fue-asegurado-presunto-responsable\/","url":"https:\/\/www.fiscalia.gov.co\/colombia\/noticias\/por-secuestro-de-un-estudiante-universitario-en-cucuta-fue-asegurado-presunto-responsable\/","name":"Fiscal\u00eda General de la Naci\u00f3n","isPartOf":{"@id":"https:\/\/www.fiscalia.gov.co\/colombia\/#website"},"primaryImageOfPage":{"@id":"https:\/\/www.fiscalia.gov.co\/colombia\/noticias\/por-secuestro-de-un-estudiante-universitario-en-cucuta-fue-asegurado-presunto-responsable\/#primaryimage"},"image":{"@id":"https:\/\/www.fiscalia.gov.co\/colombia\/noticias\/por-secuestro-de-un-estudiante-universitario-en-cucuta-fue-asegurado-presunto-responsable\/#primaryimage"},"thumbnailUrl":"https:\/\/www.fiscalia.gov.co\/colombia\/wp-content\/uploads\/unnamed-5-1024x700.jpg","datePublished":"2025-03-26T21:38:57+00:00","dateModified":"2025-03-27T14:24:38+00:00","description":"P\u00e1gina oficial de la Fiscal\u00eda General de la Naci\u00f3n \u2013 Colombia. Garantizamos el acceso efectivo a la justicia, la verdad y la reparaci\u00f3n de las v\u00edctimas de los delitos.","breadcrumb":{"@id":"https:\/\/www.fiscalia.gov.co\/colombia\/noticias\/por-secuestro-de-un-estudiante-universitario-en-cucuta-fue-asegurado-presunto-responsable\/#breadcrumb"},"inLanguage":"es-CO","potentialAction":[{"@type":"ReadAction","target":["https:\/\/www.fiscalia.gov.co\/colombia\/noticias\/por-secuestro-de-un-estudiante-universitario-en-cucuta-fue-asegurado-presunto-responsable\/"]}]},{"@type":"ImageObject","inLanguage":"es-CO","@id":"https:\/\/www.fiscalia.gov.co\/colombia\/noticias\/por-secuestro-de-un-estudiante-universitario-en-cucuta-fue-asegurado-presunto-responsable\/#primaryimage","url":"https:\/\/www.fiscalia.gov.co\/colombia\/wp-content\/uploads\/unnamed-5.jpg","contentUrl":"https:\/\/www.fiscalia.gov.co\/colombia\/wp-content\/uploads\/unnamed-5.jpg","width":1316,"height":900,"caption":"Pedro Antonio Palencia P\u00e9rez, se\u00f1alado de participar del secuestro de un joven universitario en diciembre de 2024 en C\u00facuta."},{"@type":"BreadcrumbList","@id":"https:\/\/www.fiscalia.gov.co\/colombia\/noticias\/por-secuestro-de-un-estudiante-universitario-en-cucuta-fue-asegurado-presunto-responsable\/#breadcrumb","itemListElement":[{"@type":"ListItem","position":1,"name":"Home","item":"https:\/\/www.fiscalia.gov.co\/colombia\/"},{"@type":"ListItem","position":2,"name":"Por secuestro de un estudiante universitario en C\u00facuta fue asegurado presunto responsable"}]},{"@type":"WebSite","@id":"https:\/\/www.fiscalia.gov.co\/colombia\/#website","url":"https:\/\/www.fiscalia.gov.co\/colombia\/","name":"Fiscal\u00eda General de la Naci\u00f3n","description":"P\u00e1gina oficial de la Fiscal\u00eda General de la Naci\u00f3n \u2013 Colombia. Garantizamos el acceso efectivo a la justicia, la verdad y la reparaci\u00f3n de las v\u00edctimas de los delitos.","publisher":{"@id":"https:\/\/www.fiscalia.gov.co\/colombia\/#organization"},"potentialAction":[{"@type":"SearchAction","target":{"@type":"EntryPoint","urlTemplate":"https:\/\/www.fiscalia.gov.co\/colombia\/?s={search_term_string}"},"query-input":{"@type":"PropertyValueSpecification","valueRequired":true,"valueName":"search_term_string"}}],"inLanguage":"es-CO"},{"@type":"Organization","@id":"https:\/\/www.fiscalia.gov.co\/colombia\/#organization","name":"Fiscal\u00eda General de la Naci\u00f3n","url":"https:\/\/www.fiscalia.gov.co\/colombia\/","logo":{"@type":"ImageObject","inLanguage":"es-CO","@id":"https:\/\/www.fiscalia.gov.co\/colombia\/#\/schema\/logo\/image\/","url":"https:\/\/www.fiscalia.gov.co\/colombia\/wp-content\/uploads\/LogoHorizontal_1.jpg","contentUrl":"https:\/\/www.fiscalia.gov.co\/colombia\/wp-content\/uploads\/LogoHorizontal_1.jpg","width":300,"height":90,"caption":"Fiscal\u00eda General de la Naci\u00f3n"},"image":{"@id":"https:\/\/www.fiscalia.gov.co\/colombia\/#\/schema\/logo\/image\/"},"sameAs":["https:\/\/www.facebook.com\/FiscaliaCol","https:\/\/x.com\/FiscaliaCol","https:\/\/www.instagram.com\/fiscaliacol","https:\/\/www.linkedin.com\/company\/fiscalia-general-de-la-naci-n\/","https:\/\/youtube.com\/@fiscaliageneraldelanacion-4668?si=6nN79nyQICPU5iTh"]},{"@type":"Person","@id":"https:\/\/www.fiscalia.gov.co\/colombia\/#\/schema\/person\/bf84402cf293a5393e9c70b111020b24","name":"Jordan Leandro Oviedo Anzola","image":{"@type":"ImageObject","inLanguage":"es-CO","@id":"https:\/\/www.fiscalia.gov.co\/colombia\/#\/schema\/person\/image\/","url":"https:\/\/secure.gravatar.com\/avatar\/dabba4346fa9b9207d96adafa8f92721?s=96&d=mm&r=g","contentUrl":"https:\/\/secure.gravatar.com\/avatar\/dabba4346fa9b9207d96adafa8f92721?s=96&d=mm&r=g","caption":"Jordan Leandro Oviedo Anzola"},"url":"https:\/\/www.fiscalia.gov.co\/colombia\/author\/joviedo\/"}]}},"_links":{"self":[{"href":"https:\/\/www.fiscalia.gov.co\/colombia\/wp-json\/wp\/v2\/posts\/312841","targetHints":{"allow":["GET"]}}],"collection":[{"href":"https:\/\/www.fiscalia.gov.co\/colombia\/wp-json\/wp\/v2\/posts"}],"about":[{"href":"https:\/\/www.fiscalia.gov.co\/colombia\/wp-json\/wp\/v2\/types\/post"}],"author":[{"embeddable":true,"href":"https:\/\/www.fiscalia.gov.co\/colombia\/wp-json\/wp\/v2\/users\/177"}],"replies":[{"embeddable":true,"href":"https:\/\/www.fiscalia.gov.co\/colombia\/wp-json\/wp\/v2\/comments?post=312841"}],"version-history":[{"count":2,"href":"https:\/\/www.fiscalia.gov.co\/colombia\/wp-json\/wp\/v2\/posts\/312841\/revisions"}],"predecessor-version":[{"id":312851,"href":"https:\/\/www.fiscalia.gov.co\/colombia\/wp-json\/wp\/v2\/posts\/312841\/revisions\/312851"}],"wp:attachment":[{"href":"https:\/\/www.fiscalia.gov.co\/colombia\/wp-json\/wp\/v2\/media?parent=312841"}],"wp:term":[{"taxonomy":"category","embeddable":true,"href":"https:\/\/www.fiscalia.gov.co\/colombia\/wp-json\/wp\/v2\/categories?post=312841"},{"taxonomy":"post_tag","embeddable":true,"href":"https:\/\/www.fiscalia.gov.co\/colombia\/wp-json\/wp\/v2\/tags?post=312841"}],"curies":[{"name":"wp","href":"https:\/\/api.w.org\/{rel}","templated":true}]}}