{"id":312803,"date":"2025-03-26T11:39:09","date_gmt":"2025-03-26T16:39:09","guid":{"rendered":"https:\/\/www.fiscalia.gov.co\/colombia\/?p=312803"},"modified":"2025-03-26T11:39:09","modified_gmt":"2025-03-26T16:39:09","slug":"fiscalia-fortalece-rutas-de-atencion-y-el-acceso-a-la-justicia-con-enfoque-territorial-en-valle-del-cauca-2","status":"publish","type":"post","link":"https:\/\/www.fiscalia.gov.co\/colombia\/noticias\/fiscalia-fortalece-rutas-de-atencion-y-el-acceso-a-la-justicia-con-enfoque-territorial-en-valle-del-cauca-2\/","title":{"rendered":"Fiscal\u00eda fortalece rutas de atenci\u00f3n y el acceso a la justicia con enfoque territorial en Valle del Cauca"},"content":{"rendered":"<h4 dir=\"ltr\" style=\"text-align: center;\" role=\"presentation\"><strong><em>El Programa de prevenci\u00f3n del delito \u2018Futuro Colombia\u2019 desarroll\u00f3 acciones en tres instituciones educativas con 1.495 estudiantes de este municipio.<\/em><\/strong><\/h4>\n<h4 dir=\"ltr\" style=\"text-align: center;\" role=\"presentation\"><strong><em>Con l\u00edderes y representantes de organizaciones civiles hubo retroalimentaci\u00f3n para mejorar las rutas de atenci\u00f3n, especialmente en los casos de violencias de g\u00e9nero.<\/em><\/strong><\/h4>\n<p dir=\"ltr\">Con el prop\u00f3sito de fortalecer el acceso a la justicia y articular las rutas de atenci\u00f3n, la Fiscal\u00eda General de la Naci\u00f3n, <strong>en articulaci\u00f3n con el Grupo Nacional de G\u00e9nero, lleg\u00f3 al municipio de Florida (Valle del Cauca)<\/strong> donde realiz\u00f3 una jornada de intervenci\u00f3n territorial.<\/p>\n<p dir=\"ltr\">Durante cuatro d\u00edas se cumplieron l\u00edneas de trabajo relacionadas con la socializaci\u00f3n de las rutas de atenci\u00f3n y protecci\u00f3n de las v\u00edctimas basadas en g\u00e9nero. <strong>Se priorizaron los procesos relacionados con ni\u00f1os, ni\u00f1as y adolescentes, al igual que con comunidades ind\u00edgenas, \u00e9tnicas y l\u00edderes sociales.<\/strong> Con los representantes de esta poblaci\u00f3n se cumpli\u00f3 un espacio de retroalimentaci\u00f3n, para fortalecer acciones en el territorio.<\/p>\n<p dir=\"ltr\">Asimismo, se adelantaron acciones para abordar investigaciones con perspectiva de g\u00e9nero y derechos humanos. <strong>Con esto se quiere adelantar investigaciones que permitan dar resultados efectivos y oportunos.<\/strong> Adem\u00e1s, se cumpli\u00f3 una jornada de conciliaci\u00f3n.<\/p>\n<p dir=\"ltr\">En el marco de una Feria de Servicios, la comunidad recibi\u00f3 orientaci\u00f3n y conoci\u00f3 de primera mano los canales de atenci\u00f3n para el acceso a la justicia. Por su parte, con el programa de prevenci\u00f3n del delito \u2018Futuro Colombia\u2019 fue posible llegar a tres instituciones educativas donde se realizaron <strong>acciones did\u00e1cticas con 1.495 estudiantes para que estos conocieran los diferentes fen\u00f3menos delincuenciales y c\u00f3mo prevenirlos.<\/strong><\/p>\n<p dir=\"ltr\">En esta actividad hicieron presencia servidores de Atenci\u00f3n al Usuario de la Seccional Cali, del Grupo de G\u00e9nero del Nivel Central de la Fiscal\u00eda y del programa \u2018Futuro Colombia\u2019. Se cont\u00f3 con la participaci\u00f3n de la Alcald\u00eda de Florida, el Instituto Nacional de Medicina Legal y Ciencias Forenses, la Defensor\u00eda del Pueblo, la Polic\u00eda Nacional y la Secretar\u00eda de la Mujer de la Gobernaci\u00f3n del Valle del Cauca.<\/p>\n<p dir=\"ltr\">\n<p dir=\"ltr\">\n<p dir=\"ltr\">\n<p dir=\"ltr\">\n<p dir=\"ltr\">\n<p dir=\"ltr\">MAP\/DSC\/MAGA<\/p>\n<p dir=\"ltr\">\n<p dir=\"ltr\">\n<p dir=\"ltr\">\n<p dir=\"ltr\">\n<div class=\"td-post-content tagdiv-type\">\n<p><em>La informaci\u00f3n contenida en este bolet\u00edn de prensa corresponde a la narraci\u00f3n de los hechos noticiosos objetivos, suministrados por los funcionarios encargados de adelantar las investigaciones penales al interior de la Fiscal\u00eda General de la Naci\u00f3n. Para el momento de la divulgaci\u00f3n de este comunicado, la situaci\u00f3n jur\u00eddica de la(s) persona(s) relacionada(s) se encuentra pendiente de resolver por la autoridad judicial competente, siempre bajo los preceptos de la presunci\u00f3n de inocencia, consagrados en el art\u00edculo 29 de la Constituci\u00f3n Pol\u00edtica y el art\u00edculo 7\u00ba de la Ley 906 de 2004.<\/em><\/p>\n<\/div>\n<footer>\n<div class=\"td-post-source-tags\"><\/div>\n<div class=\"td-post-sharing-bottom\"><\/div>\n<\/footer>\n\n<div class=\"twitter-share\"><a href=\"https:\/\/twitter.com\/intent\/tweet?via=fiscaliacol\" class=\"twitter-share-button\">Tweet<\/a><\/div>\n","protected":false},"excerpt":{"rendered":"<p>El Programa de prevenci\u00f3n del delito \u2018Futuro Colombia\u2019 desarroll\u00f3 acciones en tres instituciones educativas con 1.495 estudiantes de este municipio. Con l\u00edderes y representantes de organizaciones civiles hubo retroalimentaci\u00f3n para [&hellip;]<\/p>\n","protected":false},"author":177,"featured_media":0,"comment_status":"closed","ping_status":"open","sticky":false,"template":"","format":"standard","meta":{"tdm_status":"","tdm_grid_status":"","footnotes":""},"categories":[24106,1,324,303],"tags":[26012,2176,17958,32270,4011,26070,1176],"class_list":["post-312803","post","type-post","status-publish","format-standard","category-futuro-colombia","category-noticias","category-seccional-cali","category-seccionales","tag-acceso-a-la-justicia","tag-atencion-ciudadana","tag-feria-de-servicios","tag-florida-valle-del-cauca","tag-futuro-colombia","tag-seccional-cali","tag-violencia-de-genero"],"yoast_head":"<!-- This site is optimized with the Yoast SEO plugin v24.3 - https:\/\/yoast.com\/wordpress\/plugins\/seo\/ -->\n<title>Fiscal\u00eda General de la Naci\u00f3n<\/title>\n<meta name=\"description\" content=\"P\u00e1gina oficial de la Fiscal\u00eda General de la Naci\u00f3n \u2013 Colombia. Garantizamos el acceso efectivo a la justicia, la verdad y la reparaci\u00f3n de las v\u00edctimas de los delitos.\" \/>\n<meta name=\"robots\" content=\"noindex, follow\" \/>\n<meta property=\"og:locale\" content=\"es_ES\" \/>\n<meta property=\"og:type\" content=\"article\" \/>\n<meta property=\"og:title\" content=\"Fiscal\u00eda General de la Naci\u00f3n\" \/>\n<meta property=\"og:description\" content=\"P\u00e1gina oficial de la Fiscal\u00eda General de la Naci\u00f3n \u2013 Colombia. Garantizamos el acceso efectivo a la justicia, la verdad y la reparaci\u00f3n de las v\u00edctimas de los delitos.\" \/>\n<meta property=\"og:url\" content=\"https:\/\/www.fiscalia.gov.co\/colombia\/noticias\/fiscalia-fortalece-rutas-de-atencion-y-el-acceso-a-la-justicia-con-enfoque-territorial-en-valle-del-cauca-2\/\" \/>\n<meta property=\"og:site_name\" content=\"Fiscal\u00eda General de la Naci\u00f3n\" \/>\n<meta property=\"article:publisher\" content=\"https:\/\/www.facebook.com\/FiscaliaCol\" \/>\n<meta property=\"article:published_time\" content=\"2025-03-26T16:39:09+00:00\" \/>\n<meta name=\"author\" content=\"Jordan Leandro Oviedo Anzola\" \/>\n<meta name=\"twitter:card\" content=\"summary_large_image\" \/>\n<meta name=\"twitter:creator\" content=\"@FiscaliaCol\" \/>\n<meta name=\"twitter:site\" content=\"@FiscaliaCol\" \/>\n<meta name=\"twitter:label1\" content=\"Escrito por\" \/>\n\t<meta name=\"twitter:data1\" content=\"Jordan Leandro Oviedo Anzola\" \/>\n\t<meta name=\"twitter:label2\" content=\"Tiempo de lectura\" \/>\n\t<meta name=\"twitter:data2\" content=\"2 minutos\" \/>\n<script type=\"application\/ld+json\" class=\"yoast-schema-graph\">{\"@context\":\"https:\/\/schema.org\",\"@graph\":[{\"@type\":\"Article\",\"@id\":\"https:\/\/www.fiscalia.gov.co\/colombia\/noticias\/fiscalia-fortalece-rutas-de-atencion-y-el-acceso-a-la-justicia-con-enfoque-territorial-en-valle-del-cauca-2\/#article\",\"isPartOf\":{\"@id\":\"https:\/\/www.fiscalia.gov.co\/colombia\/noticias\/fiscalia-fortalece-rutas-de-atencion-y-el-acceso-a-la-justicia-con-enfoque-territorial-en-valle-del-cauca-2\/\"},\"author\":{\"name\":\"Jordan Leandro Oviedo Anzola\",\"@id\":\"https:\/\/www.fiscalia.gov.co\/colombia\/#\/schema\/person\/bf84402cf293a5393e9c70b111020b24\"},\"headline\":\"Fiscal\u00eda fortalece rutas de atenci\u00f3n y el acceso a la justicia con enfoque territorial en Valle del Cauca\",\"datePublished\":\"2025-03-26T16:39:09+00:00\",\"dateModified\":\"2025-03-26T16:39:09+00:00\",\"mainEntityOfPage\":{\"@id\":\"https:\/\/www.fiscalia.gov.co\/colombia\/noticias\/fiscalia-fortalece-rutas-de-atencion-y-el-acceso-a-la-justicia-con-enfoque-territorial-en-valle-del-cauca-2\/\"},\"wordCount\":484,\"publisher\":{\"@id\":\"https:\/\/www.fiscalia.gov.co\/colombia\/#organization\"},\"keywords\":[\"acceso a la justicia\",\"Atenci\u00f3n ciudadana\",\"Feria de servicios\",\"Florida (Valle del Cauca)\",\"Futuro Colombia\",\"Seccional Cali\",\"Violencia de g\u00e9nero\"],\"articleSection\":[\"Futuro colombia\",\"Noticias\",\"Seccional Cali\",\"Seccionales\"],\"inLanguage\":\"es-CO\"},{\"@type\":\"WebPage\",\"@id\":\"https:\/\/www.fiscalia.gov.co\/colombia\/noticias\/fiscalia-fortalece-rutas-de-atencion-y-el-acceso-a-la-justicia-con-enfoque-territorial-en-valle-del-cauca-2\/\",\"url\":\"https:\/\/www.fiscalia.gov.co\/colombia\/noticias\/fiscalia-fortalece-rutas-de-atencion-y-el-acceso-a-la-justicia-con-enfoque-territorial-en-valle-del-cauca-2\/\",\"name\":\"Fiscal\u00eda General de la Naci\u00f3n\",\"isPartOf\":{\"@id\":\"https:\/\/www.fiscalia.gov.co\/colombia\/#website\"},\"datePublished\":\"2025-03-26T16:39:09+00:00\",\"dateModified\":\"2025-03-26T16:39:09+00:00\",\"description\":\"P\u00e1gina oficial de la Fiscal\u00eda General de la Naci\u00f3n \u2013 Colombia. Garantizamos el acceso efectivo a la justicia, la verdad y la reparaci\u00f3n de las v\u00edctimas de los delitos.\",\"breadcrumb\":{\"@id\":\"https:\/\/www.fiscalia.gov.co\/colombia\/noticias\/fiscalia-fortalece-rutas-de-atencion-y-el-acceso-a-la-justicia-con-enfoque-territorial-en-valle-del-cauca-2\/#breadcrumb\"},\"inLanguage\":\"es-CO\",\"potentialAction\":[{\"@type\":\"ReadAction\",\"target\":[\"https:\/\/www.fiscalia.gov.co\/colombia\/noticias\/fiscalia-fortalece-rutas-de-atencion-y-el-acceso-a-la-justicia-con-enfoque-territorial-en-valle-del-cauca-2\/\"]}]},{\"@type\":\"BreadcrumbList\",\"@id\":\"https:\/\/www.fiscalia.gov.co\/colombia\/noticias\/fiscalia-fortalece-rutas-de-atencion-y-el-acceso-a-la-justicia-con-enfoque-territorial-en-valle-del-cauca-2\/#breadcrumb\",\"itemListElement\":[{\"@type\":\"ListItem\",\"position\":1,\"name\":\"Home\",\"item\":\"https:\/\/www.fiscalia.gov.co\/colombia\/\"},{\"@type\":\"ListItem\",\"position\":2,\"name\":\"Fiscal\u00eda fortalece rutas de atenci\u00f3n y el acceso a la justicia con enfoque territorial en Valle del Cauca\"}]},{\"@type\":\"WebSite\",\"@id\":\"https:\/\/www.fiscalia.gov.co\/colombia\/#website\",\"url\":\"https:\/\/www.fiscalia.gov.co\/colombia\/\",\"name\":\"Fiscal\u00eda General de la Naci\u00f3n\",\"description\":\"P\u00e1gina oficial de la Fiscal\u00eda General de la Naci\u00f3n \u2013 Colombia. Garantizamos el acceso efectivo a la justicia, la verdad y la reparaci\u00f3n de las v\u00edctimas de los delitos.\",\"publisher\":{\"@id\":\"https:\/\/www.fiscalia.gov.co\/colombia\/#organization\"},\"potentialAction\":[{\"@type\":\"SearchAction\",\"target\":{\"@type\":\"EntryPoint\",\"urlTemplate\":\"https:\/\/www.fiscalia.gov.co\/colombia\/?s={search_term_string}\"},\"query-input\":{\"@type\":\"PropertyValueSpecification\",\"valueRequired\":true,\"valueName\":\"search_term_string\"}}],\"inLanguage\":\"es-CO\"},{\"@type\":\"Organization\",\"@id\":\"https:\/\/www.fiscalia.gov.co\/colombia\/#organization\",\"name\":\"Fiscal\u00eda General de la Naci\u00f3n\",\"url\":\"https:\/\/www.fiscalia.gov.co\/colombia\/\",\"logo\":{\"@type\":\"ImageObject\",\"inLanguage\":\"es-CO\",\"@id\":\"https:\/\/www.fiscalia.gov.co\/colombia\/#\/schema\/logo\/image\/\",\"url\":\"https:\/\/www.fiscalia.gov.co\/colombia\/wp-content\/uploads\/LogoHorizontal_1.jpg\",\"contentUrl\":\"https:\/\/www.fiscalia.gov.co\/colombia\/wp-content\/uploads\/LogoHorizontal_1.jpg\",\"width\":300,\"height\":90,\"caption\":\"Fiscal\u00eda General de la Naci\u00f3n\"},\"image\":{\"@id\":\"https:\/\/www.fiscalia.gov.co\/colombia\/#\/schema\/logo\/image\/\"},\"sameAs\":[\"https:\/\/www.facebook.com\/FiscaliaCol\",\"https:\/\/x.com\/FiscaliaCol\",\"https:\/\/www.instagram.com\/fiscaliacol\",\"https:\/\/www.linkedin.com\/company\/fiscalia-general-de-la-naci-n\/\",\"https:\/\/youtube.com\/@fiscaliageneraldelanacion-4668?si=6nN79nyQICPU5iTh\"]},{\"@type\":\"Person\",\"@id\":\"https:\/\/www.fiscalia.gov.co\/colombia\/#\/schema\/person\/bf84402cf293a5393e9c70b111020b24\",\"name\":\"Jordan Leandro Oviedo Anzola\",\"image\":{\"@type\":\"ImageObject\",\"inLanguage\":\"es-CO\",\"@id\":\"https:\/\/www.fiscalia.gov.co\/colombia\/#\/schema\/person\/image\/\",\"url\":\"https:\/\/secure.gravatar.com\/avatar\/dabba4346fa9b9207d96adafa8f92721?s=96&d=mm&r=g\",\"contentUrl\":\"https:\/\/secure.gravatar.com\/avatar\/dabba4346fa9b9207d96adafa8f92721?s=96&d=mm&r=g\",\"caption\":\"Jordan Leandro Oviedo Anzola\"},\"url\":\"https:\/\/www.fiscalia.gov.co\/colombia\/author\/joviedo\/\"}]}<\/script>\n<!-- \/ Yoast SEO plugin. -->","yoast_head_json":{"title":"Fiscal\u00eda General de la Naci\u00f3n","description":"P\u00e1gina oficial de la Fiscal\u00eda General de la Naci\u00f3n \u2013 Colombia. Garantizamos el acceso efectivo a la justicia, la verdad y la reparaci\u00f3n de las v\u00edctimas de los delitos.","robots":{"index":"noindex","follow":"follow"},"og_locale":"es_ES","og_type":"article","og_title":"Fiscal\u00eda General de la Naci\u00f3n","og_description":"P\u00e1gina oficial de la Fiscal\u00eda General de la Naci\u00f3n \u2013 Colombia. Garantizamos el acceso efectivo a la justicia, la verdad y la reparaci\u00f3n de las v\u00edctimas de los delitos.","og_url":"https:\/\/www.fiscalia.gov.co\/colombia\/noticias\/fiscalia-fortalece-rutas-de-atencion-y-el-acceso-a-la-justicia-con-enfoque-territorial-en-valle-del-cauca-2\/","og_site_name":"Fiscal\u00eda General de la Naci\u00f3n","article_publisher":"https:\/\/www.facebook.com\/FiscaliaCol","article_published_time":"2025-03-26T16:39:09+00:00","author":"Jordan Leandro Oviedo Anzola","twitter_card":"summary_large_image","twitter_creator":"@FiscaliaCol","twitter_site":"@FiscaliaCol","twitter_misc":{"Escrito por":"Jordan Leandro Oviedo Anzola","Tiempo de lectura":"2 minutos"},"schema":{"@context":"https:\/\/schema.org","@graph":[{"@type":"Article","@id":"https:\/\/www.fiscalia.gov.co\/colombia\/noticias\/fiscalia-fortalece-rutas-de-atencion-y-el-acceso-a-la-justicia-con-enfoque-territorial-en-valle-del-cauca-2\/#article","isPartOf":{"@id":"https:\/\/www.fiscalia.gov.co\/colombia\/noticias\/fiscalia-fortalece-rutas-de-atencion-y-el-acceso-a-la-justicia-con-enfoque-territorial-en-valle-del-cauca-2\/"},"author":{"name":"Jordan Leandro Oviedo Anzola","@id":"https:\/\/www.fiscalia.gov.co\/colombia\/#\/schema\/person\/bf84402cf293a5393e9c70b111020b24"},"headline":"Fiscal\u00eda fortalece rutas de atenci\u00f3n y el acceso a la justicia con enfoque territorial en Valle del Cauca","datePublished":"2025-03-26T16:39:09+00:00","dateModified":"2025-03-26T16:39:09+00:00","mainEntityOfPage":{"@id":"https:\/\/www.fiscalia.gov.co\/colombia\/noticias\/fiscalia-fortalece-rutas-de-atencion-y-el-acceso-a-la-justicia-con-enfoque-territorial-en-valle-del-cauca-2\/"},"wordCount":484,"publisher":{"@id":"https:\/\/www.fiscalia.gov.co\/colombia\/#organization"},"keywords":["acceso a la justicia","Atenci\u00f3n ciudadana","Feria de servicios","Florida (Valle del Cauca)","Futuro Colombia","Seccional Cali","Violencia de g\u00e9nero"],"articleSection":["Futuro colombia","Noticias","Seccional Cali","Seccionales"],"inLanguage":"es-CO"},{"@type":"WebPage","@id":"https:\/\/www.fiscalia.gov.co\/colombia\/noticias\/fiscalia-fortalece-rutas-de-atencion-y-el-acceso-a-la-justicia-con-enfoque-territorial-en-valle-del-cauca-2\/","url":"https:\/\/www.fiscalia.gov.co\/colombia\/noticias\/fiscalia-fortalece-rutas-de-atencion-y-el-acceso-a-la-justicia-con-enfoque-territorial-en-valle-del-cauca-2\/","name":"Fiscal\u00eda General de la Naci\u00f3n","isPartOf":{"@id":"https:\/\/www.fiscalia.gov.co\/colombia\/#website"},"datePublished":"2025-03-26T16:39:09+00:00","dateModified":"2025-03-26T16:39:09+00:00","description":"P\u00e1gina oficial de la Fiscal\u00eda General de la Naci\u00f3n \u2013 Colombia. Garantizamos el acceso efectivo a la justicia, la verdad y la reparaci\u00f3n de las v\u00edctimas de los delitos.","breadcrumb":{"@id":"https:\/\/www.fiscalia.gov.co\/colombia\/noticias\/fiscalia-fortalece-rutas-de-atencion-y-el-acceso-a-la-justicia-con-enfoque-territorial-en-valle-del-cauca-2\/#breadcrumb"},"inLanguage":"es-CO","potentialAction":[{"@type":"ReadAction","target":["https:\/\/www.fiscalia.gov.co\/colombia\/noticias\/fiscalia-fortalece-rutas-de-atencion-y-el-acceso-a-la-justicia-con-enfoque-territorial-en-valle-del-cauca-2\/"]}]},{"@type":"BreadcrumbList","@id":"https:\/\/www.fiscalia.gov.co\/colombia\/noticias\/fiscalia-fortalece-rutas-de-atencion-y-el-acceso-a-la-justicia-con-enfoque-territorial-en-valle-del-cauca-2\/#breadcrumb","itemListElement":[{"@type":"ListItem","position":1,"name":"Home","item":"https:\/\/www.fiscalia.gov.co\/colombia\/"},{"@type":"ListItem","position":2,"name":"Fiscal\u00eda fortalece rutas de atenci\u00f3n y el acceso a la justicia con enfoque territorial en Valle del Cauca"}]},{"@type":"WebSite","@id":"https:\/\/www.fiscalia.gov.co\/colombia\/#website","url":"https:\/\/www.fiscalia.gov.co\/colombia\/","name":"Fiscal\u00eda General de la Naci\u00f3n","description":"P\u00e1gina oficial de la Fiscal\u00eda General de la Naci\u00f3n \u2013 Colombia. Garantizamos el acceso efectivo a la justicia, la verdad y la reparaci\u00f3n de las v\u00edctimas de los delitos.","publisher":{"@id":"https:\/\/www.fiscalia.gov.co\/colombia\/#organization"},"potentialAction":[{"@type":"SearchAction","target":{"@type":"EntryPoint","urlTemplate":"https:\/\/www.fiscalia.gov.co\/colombia\/?s={search_term_string}"},"query-input":{"@type":"PropertyValueSpecification","valueRequired":true,"valueName":"search_term_string"}}],"inLanguage":"es-CO"},{"@type":"Organization","@id":"https:\/\/www.fiscalia.gov.co\/colombia\/#organization","name":"Fiscal\u00eda General de la Naci\u00f3n","url":"https:\/\/www.fiscalia.gov.co\/colombia\/","logo":{"@type":"ImageObject","inLanguage":"es-CO","@id":"https:\/\/www.fiscalia.gov.co\/colombia\/#\/schema\/logo\/image\/","url":"https:\/\/www.fiscalia.gov.co\/colombia\/wp-content\/uploads\/LogoHorizontal_1.jpg","contentUrl":"https:\/\/www.fiscalia.gov.co\/colombia\/wp-content\/uploads\/LogoHorizontal_1.jpg","width":300,"height":90,"caption":"Fiscal\u00eda General de la Naci\u00f3n"},"image":{"@id":"https:\/\/www.fiscalia.gov.co\/colombia\/#\/schema\/logo\/image\/"},"sameAs":["https:\/\/www.facebook.com\/FiscaliaCol","https:\/\/x.com\/FiscaliaCol","https:\/\/www.instagram.com\/fiscaliacol","https:\/\/www.linkedin.com\/company\/fiscalia-general-de-la-naci-n\/","https:\/\/youtube.com\/@fiscaliageneraldelanacion-4668?si=6nN79nyQICPU5iTh"]},{"@type":"Person","@id":"https:\/\/www.fiscalia.gov.co\/colombia\/#\/schema\/person\/bf84402cf293a5393e9c70b111020b24","name":"Jordan Leandro Oviedo Anzola","image":{"@type":"ImageObject","inLanguage":"es-CO","@id":"https:\/\/www.fiscalia.gov.co\/colombia\/#\/schema\/person\/image\/","url":"https:\/\/secure.gravatar.com\/avatar\/dabba4346fa9b9207d96adafa8f92721?s=96&d=mm&r=g","contentUrl":"https:\/\/secure.gravatar.com\/avatar\/dabba4346fa9b9207d96adafa8f92721?s=96&d=mm&r=g","caption":"Jordan Leandro Oviedo Anzola"},"url":"https:\/\/www.fiscalia.gov.co\/colombia\/author\/joviedo\/"}]}},"_links":{"self":[{"href":"https:\/\/www.fiscalia.gov.co\/colombia\/wp-json\/wp\/v2\/posts\/312803","targetHints":{"allow":["GET"]}}],"collection":[{"href":"https:\/\/www.fiscalia.gov.co\/colombia\/wp-json\/wp\/v2\/posts"}],"about":[{"href":"https:\/\/www.fiscalia.gov.co\/colombia\/wp-json\/wp\/v2\/types\/post"}],"author":[{"embeddable":true,"href":"https:\/\/www.fiscalia.gov.co\/colombia\/wp-json\/wp\/v2\/users\/177"}],"replies":[{"embeddable":true,"href":"https:\/\/www.fiscalia.gov.co\/colombia\/wp-json\/wp\/v2\/comments?post=312803"}],"version-history":[{"count":1,"href":"https:\/\/www.fiscalia.gov.co\/colombia\/wp-json\/wp\/v2\/posts\/312803\/revisions"}],"predecessor-version":[{"id":312804,"href":"https:\/\/www.fiscalia.gov.co\/colombia\/wp-json\/wp\/v2\/posts\/312803\/revisions\/312804"}],"wp:attachment":[{"href":"https:\/\/www.fiscalia.gov.co\/colombia\/wp-json\/wp\/v2\/media?parent=312803"}],"wp:term":[{"taxonomy":"category","embeddable":true,"href":"https:\/\/www.fiscalia.gov.co\/colombia\/wp-json\/wp\/v2\/categories?post=312803"},{"taxonomy":"post_tag","embeddable":true,"href":"https:\/\/www.fiscalia.gov.co\/colombia\/wp-json\/wp\/v2\/tags?post=312803"}],"curies":[{"name":"wp","href":"https:\/\/api.w.org\/{rel}","templated":true}]}}