{"id":312762,"date":"2025-03-25T15:04:29","date_gmt":"2025-03-25T20:04:29","guid":{"rendered":"https:\/\/www.fiscalia.gov.co\/colombia\/?p=312762"},"modified":"2025-03-25T15:04:29","modified_gmt":"2025-03-25T20:04:29","slug":"judicializados-dos-hombres-presuntamente-implicados-en-hechos-de-violencia-contra-dos-mujeres","status":"publish","type":"post","link":"https:\/\/www.fiscalia.gov.co\/colombia\/noticias\/judicializados-dos-hombres-presuntamente-implicados-en-hechos-de-violencia-contra-dos-mujeres\/","title":{"rendered":"Judicializados dos hombres, presuntamente implicados en hechos de violencia contra dos mujeres"},"content":{"rendered":"<h4 style=\"font-weight: 400; text-align: center;\"><strong><em>Una de las v\u00edctimas es una adolescente quien habr\u00eda sido abusada por un familiar. La otra mujer, vendr\u00eda siendo v\u00edctima de violencia por parte de su pareja.<\/em><\/strong><\/h4>\n<p style=\"font-weight: 400;\">Por petici\u00f3n de fiscales de la Seccional Tolima, un juez de control de garant\u00edas impuso medida de aseguramiento en centro carcelario a dos hombres, presuntamente implicados <a href=\"https:\/\/www.fiscalia.gov.co\/colombia\/noticias\/cuatro-personas-fueron-privadas-de-la-libertad-en-el-tolima-por-casos-de-violencia-basada-en-genero\/\">en actos de violencia f\u00edsica y sexual, de los que fueron v\u00edctimas dos mujeres.<\/a><\/p>\n<p style=\"font-weight: 400;\">Uno de los casos vincular\u00eda a un hombre se\u00f1alado de agredir f\u00edsica y sexualmente a una sobrina suya, de 16 a\u00f1os. Los hechos ocurrieron el 27 de diciembre de 2024 en la capital del Tolima. <strong>Seg\u00fan la investigaci\u00f3n, la menor sali\u00f3 de compras con varios familiares, entre ellos su t\u00edo.<\/strong> El procesado habr\u00eda recogido a la joven en su veh\u00edculo y la llev\u00f3 a una residencia donde fue sometida a vej\u00e1menes sexuales.<\/p>\n<figure id=\"attachment_312763\" aria-describedby=\"caption-attachment-312763\" style=\"width: 696px\" class=\"wp-caption aligncenter\"><img loading=\"lazy\" decoding=\"async\" class=\"size-large wp-image-312763\" src=\"https:\/\/www.fiscalia.gov.co\/colombia\/wp-content\/uploads\/tio-abusador-ibague-1024x673.jpeg\" alt=\"en la imagen se ve un hombre detenido bajo custodia de un investigador del CTI, la Polic\u00eda y el Ej\u00e9rcito. Detr\u00e1s suyo un backing institucional.\" width=\"696\" height=\"457\" srcset=\"https:\/\/www.fiscalia.gov.co\/colombia\/wp-content\/uploads\/tio-abusador-ibague-1024x673.jpeg 1024w, https:\/\/www.fiscalia.gov.co\/colombia\/wp-content\/uploads\/tio-abusador-ibague-300x197.jpeg 300w, https:\/\/www.fiscalia.gov.co\/colombia\/wp-content\/uploads\/tio-abusador-ibague-768x504.jpeg 768w, https:\/\/www.fiscalia.gov.co\/colombia\/wp-content\/uploads\/tio-abusador-ibague-1536x1009.jpeg 1536w, https:\/\/www.fiscalia.gov.co\/colombia\/wp-content\/uploads\/tio-abusador-ibague-639x420.jpeg 639w, https:\/\/www.fiscalia.gov.co\/colombia\/wp-content\/uploads\/tio-abusador-ibague-696x457.jpeg 696w, https:\/\/www.fiscalia.gov.co\/colombia\/wp-content\/uploads\/tio-abusador-ibague-1068x702.jpeg 1068w, https:\/\/www.fiscalia.gov.co\/colombia\/wp-content\/uploads\/tio-abusador-ibague-741x486.jpeg 741w, https:\/\/www.fiscalia.gov.co\/colombia\/wp-content\/uploads\/tio-abusador-ibague.jpeg 1600w\" sizes=\"auto, (max-width: 696px) 100vw, 696px\" \/><figcaption id=\"caption-attachment-312763\" class=\"wp-caption-text\">Esta persona habr\u00eda violentado sexualmente a su sobrina de 16 a\u00f1os en diciembre de 2024 en una residencia de Ibagu\u00e9.<\/figcaption><\/figure>\n<p style=\"font-weight: 400;\">El ente acusador evidenci\u00f3 que la v\u00edctima fue intimidada para que no contara lo sucedido. Por estos hechos, un fiscal de la Unidad Especial de Investigaci\u00f3n para Ni\u00f1os, Ni\u00f1as y Adolescentes (UENNA)<strong> imput\u00f3 al procesado el delito de acceso carnal violento agravado con menor de 18 a\u00f1os,<\/strong> cargo que no fue aceptado por el presunto responsable.<\/p>\n<p style=\"font-weight: 400;\">Personal del CTI, el Ej\u00e9rcito y la Polic\u00eda Nacional capturaron al procesado en el barrio Ciudadela Sim\u00f3n Bol\u00edvar de Ibagu\u00e9.<\/p>\n<p style=\"font-weight: 400;\">El segundo caso implicar\u00eda a un hombre de 41 a\u00f1os que habr\u00eda incurrido en el delito de <strong>violencia intrafamiliar agravada contra su pareja sentimental, seg\u00fan se\u00f1al\u00f3 un fiscal del Centro de Atenci\u00f3n de Violencia Intrafamiliar (CAVIF)<\/strong>. Estos hechos habr\u00edan ocurrido entre el 2021 y octubre de 2024.<\/p>\n<figure id=\"attachment_312764\" aria-describedby=\"caption-attachment-312764\" style=\"width: 696px\" class=\"wp-caption aligncenter\"><img loading=\"lazy\" decoding=\"async\" class=\"size-large wp-image-312764\" src=\"https:\/\/www.fiscalia.gov.co\/colombia\/wp-content\/uploads\/violencia-itnrafamiliar-seis-casos-ibague-1024x1021.jpeg\" alt=\"en la imagen se ve un hombre detenido bajo custodia de dos integrantes de la Polic\u00eda Nacional. Detr\u00e1s suyo un backing institucional.\" width=\"696\" height=\"694\" srcset=\"https:\/\/www.fiscalia.gov.co\/colombia\/wp-content\/uploads\/violencia-itnrafamiliar-seis-casos-ibague-1024x1021.jpeg 1024w, https:\/\/www.fiscalia.gov.co\/colombia\/wp-content\/uploads\/violencia-itnrafamiliar-seis-casos-ibague-300x300.jpeg 300w, https:\/\/www.fiscalia.gov.co\/colombia\/wp-content\/uploads\/violencia-itnrafamiliar-seis-casos-ibague-150x150.jpeg 150w, https:\/\/www.fiscalia.gov.co\/colombia\/wp-content\/uploads\/violencia-itnrafamiliar-seis-casos-ibague-768x766.jpeg 768w, https:\/\/www.fiscalia.gov.co\/colombia\/wp-content\/uploads\/violencia-itnrafamiliar-seis-casos-ibague-1536x1532.jpeg 1536w, https:\/\/www.fiscalia.gov.co\/colombia\/wp-content\/uploads\/violencia-itnrafamiliar-seis-casos-ibague-421x420.jpeg 421w, https:\/\/www.fiscalia.gov.co\/colombia\/wp-content\/uploads\/violencia-itnrafamiliar-seis-casos-ibague-696x694.jpeg 696w, https:\/\/www.fiscalia.gov.co\/colombia\/wp-content\/uploads\/violencia-itnrafamiliar-seis-casos-ibague-1068x1065.jpeg 1068w, https:\/\/www.fiscalia.gov.co\/colombia\/wp-content\/uploads\/violencia-itnrafamiliar-seis-casos-ibague.jpeg 1600w\" sizes=\"auto, (max-width: 696px) 100vw, 696px\" \/><figcaption id=\"caption-attachment-312764\" class=\"wp-caption-text\">La Fiscal\u00eda le imput\u00f3 a este hombre seis casos de violencia intrafamiliar agravada en contra de su pareja sentimental. Igualmente ya hab\u00eda sido condenado por el mismo delito.<\/figcaption><\/figure>\n<p style=\"font-weight: 400;\">Al parecer, la mujer vendr\u00eda siendo v\u00edctima de violencia f\u00edsica, psicol\u00f3gica, verbal y econ\u00f3mica. Por estos hechos, el procesado fue detenido por uniformados de la Polic\u00eda Nacional.<\/p>\n<p>&nbsp;<\/p>\n<p>&nbsp;<\/p>\n<p>&nbsp;<\/p>\n<p>&nbsp;<\/p>\n<p>&nbsp;<\/p>\n<p style=\"font-weight: 400;\">PAAM\/MAGA\/ACRB\/DST<\/p>\n<div class=\"td-post-content tagdiv-type\">\n<div class=\"td-post-content tagdiv-type\">\n<div class=\"td-post-content tagdiv-type\">\n<div class=\"td-post-content tagdiv-type\">\n<div class=\"td-post-content tagdiv-type\">\n<div class=\"td-post-content tagdiv-type\">\n<div class=\"td-post-content tagdiv-type\">\n<p>&nbsp;<\/p>\n<p>&nbsp;<\/p>\n<p>&nbsp;<\/p>\n<p>&nbsp;<\/p>\n<p>&nbsp;<\/p>\n<p><em>La informaci\u00f3n contenida en este bolet\u00edn de prensa corresponde a la narraci\u00f3n de los hechos noticiosos objetivos, suministrados por los funcionarios encargados de adelantar las investigaciones penales al interior de la Fiscal\u00eda General de la Naci\u00f3n. Para el momento de la divulgaci\u00f3n de este comunicado, la situaci\u00f3n jur\u00eddica de la(s) persona(s) relacionada(s) se encuentra pendiente de resolver por la autoridad judicial competente, siempre bajo los preceptos de la presunci\u00f3n de inocencia, consagrados en el art\u00edculo 29 de la Constituci\u00f3n Pol\u00edtica y el art\u00edculo 7\u00ba de la Ley 906 de 2004.<\/em><\/p>\n<\/div>\n<\/div>\n<\/div>\n<\/div>\n<\/div>\n<\/div>\n<\/div>\n\n<div class=\"twitter-share\"><a href=\"https:\/\/twitter.com\/intent\/tweet?via=fiscaliacol\" class=\"twitter-share-button\">Tweet<\/a><\/div>\n","protected":false},"excerpt":{"rendered":"<p>Una de las v\u00edctimas es una adolescente quien habr\u00eda sido abusada por un familiar. La otra mujer, vendr\u00eda siendo v\u00edctima de violencia por parte de su pareja. Por petici\u00f3n de [&hellip;]<\/p>\n","protected":false},"author":177,"featured_media":0,"comment_status":"closed","ping_status":"open","sticky":false,"template":"","format":"standard","meta":{"tdm_status":"","tdm_grid_status":"","footnotes":""},"categories":[1,329,303,24127],"tags":[696,23966,704,1330,1047,23990,40566,24211,13605,24517,40513,1176,12433,25193,2299],"class_list":["post-312762","post","type-post","status-publish","format-standard","category-noticias","category-seccional-ibague","category-seccionales","category-violencia-sexual-e-intrafamiliar","tag-abuso","tag-acceso-carnal-violento","tag-adolescente","tag-cavif","tag-fiscalia-general-de-la-nacion","tag-ibague-tolima","tag-instrumentalizacion-sexual","tag-seccional-tolima","tag-sobrina","tag-tio","tag-uenna","tag-violencia-de-genero","tag-violencia-intrafamiliar-agravada","tag-violencia-psicologica","tag-violencia-sexual"],"yoast_head":"<!-- This site is optimized with the Yoast SEO plugin v24.3 - https:\/\/yoast.com\/wordpress\/plugins\/seo\/ -->\n<title>Fiscal\u00eda General de la Naci\u00f3n<\/title>\n<meta name=\"description\" content=\"P\u00e1gina oficial de la Fiscal\u00eda General de la Naci\u00f3n \u2013 Colombia. Garantizamos el acceso efectivo a la justicia, la verdad y la reparaci\u00f3n de las v\u00edctimas de los delitos.\" \/>\n<meta name=\"robots\" content=\"noindex, follow\" \/>\n<meta property=\"og:locale\" content=\"es_ES\" \/>\n<meta property=\"og:type\" content=\"article\" \/>\n<meta property=\"og:title\" content=\"Fiscal\u00eda General de la Naci\u00f3n\" \/>\n<meta property=\"og:description\" content=\"P\u00e1gina oficial de la Fiscal\u00eda General de la Naci\u00f3n \u2013 Colombia. Garantizamos el acceso efectivo a la justicia, la verdad y la reparaci\u00f3n de las v\u00edctimas de los delitos.\" \/>\n<meta property=\"og:url\" content=\"https:\/\/www.fiscalia.gov.co\/colombia\/noticias\/judicializados-dos-hombres-presuntamente-implicados-en-hechos-de-violencia-contra-dos-mujeres\/\" \/>\n<meta property=\"og:site_name\" content=\"Fiscal\u00eda General de la Naci\u00f3n\" \/>\n<meta property=\"article:publisher\" content=\"https:\/\/www.facebook.com\/FiscaliaCol\" \/>\n<meta property=\"article:published_time\" content=\"2025-03-25T20:04:29+00:00\" \/>\n<meta property=\"og:image\" content=\"https:\/\/www.fiscalia.gov.co\/colombia\/wp-content\/uploads\/tio-abusador-ibague.jpeg\" \/>\n\t<meta property=\"og:image:width\" content=\"1600\" \/>\n\t<meta property=\"og:image:height\" content=\"1051\" \/>\n\t<meta property=\"og:image:type\" content=\"image\/jpeg\" \/>\n<meta name=\"author\" content=\"Jordan Leandro Oviedo Anzola\" \/>\n<meta name=\"twitter:card\" content=\"summary_large_image\" \/>\n<meta name=\"twitter:creator\" content=\"@FiscaliaCol\" \/>\n<meta name=\"twitter:site\" content=\"@FiscaliaCol\" \/>\n<meta name=\"twitter:label1\" content=\"Escrito por\" \/>\n\t<meta name=\"twitter:data1\" content=\"Jordan Leandro Oviedo Anzola\" \/>\n\t<meta name=\"twitter:label2\" content=\"Tiempo de lectura\" \/>\n\t<meta name=\"twitter:data2\" content=\"3 minutos\" \/>\n<script type=\"application\/ld+json\" class=\"yoast-schema-graph\">{\"@context\":\"https:\/\/schema.org\",\"@graph\":[{\"@type\":\"Article\",\"@id\":\"https:\/\/www.fiscalia.gov.co\/colombia\/noticias\/judicializados-dos-hombres-presuntamente-implicados-en-hechos-de-violencia-contra-dos-mujeres\/#article\",\"isPartOf\":{\"@id\":\"https:\/\/www.fiscalia.gov.co\/colombia\/noticias\/judicializados-dos-hombres-presuntamente-implicados-en-hechos-de-violencia-contra-dos-mujeres\/\"},\"author\":{\"name\":\"Jordan Leandro Oviedo Anzola\",\"@id\":\"https:\/\/www.fiscalia.gov.co\/colombia\/#\/schema\/person\/bf84402cf293a5393e9c70b111020b24\"},\"headline\":\"Judicializados dos hombres, presuntamente implicados en hechos de violencia contra dos mujeres\",\"datePublished\":\"2025-03-25T20:04:29+00:00\",\"dateModified\":\"2025-03-25T20:04:29+00:00\",\"mainEntityOfPage\":{\"@id\":\"https:\/\/www.fiscalia.gov.co\/colombia\/noticias\/judicializados-dos-hombres-presuntamente-implicados-en-hechos-de-violencia-contra-dos-mujeres\/\"},\"wordCount\":514,\"publisher\":{\"@id\":\"https:\/\/www.fiscalia.gov.co\/colombia\/#organization\"},\"image\":{\"@id\":\"https:\/\/www.fiscalia.gov.co\/colombia\/noticias\/judicializados-dos-hombres-presuntamente-implicados-en-hechos-de-violencia-contra-dos-mujeres\/#primaryimage\"},\"thumbnailUrl\":\"https:\/\/www.fiscalia.gov.co\/colombia\/wp-content\/uploads\/tio-abusador-ibague-1024x673.jpeg\",\"keywords\":[\"Abuso\",\"Acceso carnal violento\",\"Adolescente\",\"Cavif\",\"Fiscal\u00eda General de la Naci\u00f3n\",\"Ibagu\u00e9 (Tolima)\",\"instrumentalizaci\u00f3n sexual\",\"Seccional Tolima\",\"Sobrina\",\"t\u00edo\",\"UENNA.\",\"Violencia de g\u00e9nero\",\"violencia intrafamiliar agravada\",\"violencia psicol\u00f3gica\",\"Violencia sexual\"],\"articleSection\":[\"Noticias\",\"Seccional Ibagu\u00e9\",\"Seccionales\",\"Violencia sexual e intrafamiliar\"],\"inLanguage\":\"es-CO\"},{\"@type\":\"WebPage\",\"@id\":\"https:\/\/www.fiscalia.gov.co\/colombia\/noticias\/judicializados-dos-hombres-presuntamente-implicados-en-hechos-de-violencia-contra-dos-mujeres\/\",\"url\":\"https:\/\/www.fiscalia.gov.co\/colombia\/noticias\/judicializados-dos-hombres-presuntamente-implicados-en-hechos-de-violencia-contra-dos-mujeres\/\",\"name\":\"Fiscal\u00eda General de la Naci\u00f3n\",\"isPartOf\":{\"@id\":\"https:\/\/www.fiscalia.gov.co\/colombia\/#website\"},\"primaryImageOfPage\":{\"@id\":\"https:\/\/www.fiscalia.gov.co\/colombia\/noticias\/judicializados-dos-hombres-presuntamente-implicados-en-hechos-de-violencia-contra-dos-mujeres\/#primaryimage\"},\"image\":{\"@id\":\"https:\/\/www.fiscalia.gov.co\/colombia\/noticias\/judicializados-dos-hombres-presuntamente-implicados-en-hechos-de-violencia-contra-dos-mujeres\/#primaryimage\"},\"thumbnailUrl\":\"https:\/\/www.fiscalia.gov.co\/colombia\/wp-content\/uploads\/tio-abusador-ibague-1024x673.jpeg\",\"datePublished\":\"2025-03-25T20:04:29+00:00\",\"dateModified\":\"2025-03-25T20:04:29+00:00\",\"description\":\"P\u00e1gina oficial de la Fiscal\u00eda General de la Naci\u00f3n \u2013 Colombia. Garantizamos el acceso efectivo a la justicia, la verdad y la reparaci\u00f3n de las v\u00edctimas de los delitos.\",\"breadcrumb\":{\"@id\":\"https:\/\/www.fiscalia.gov.co\/colombia\/noticias\/judicializados-dos-hombres-presuntamente-implicados-en-hechos-de-violencia-contra-dos-mujeres\/#breadcrumb\"},\"inLanguage\":\"es-CO\",\"potentialAction\":[{\"@type\":\"ReadAction\",\"target\":[\"https:\/\/www.fiscalia.gov.co\/colombia\/noticias\/judicializados-dos-hombres-presuntamente-implicados-en-hechos-de-violencia-contra-dos-mujeres\/\"]}]},{\"@type\":\"ImageObject\",\"inLanguage\":\"es-CO\",\"@id\":\"https:\/\/www.fiscalia.gov.co\/colombia\/noticias\/judicializados-dos-hombres-presuntamente-implicados-en-hechos-de-violencia-contra-dos-mujeres\/#primaryimage\",\"url\":\"https:\/\/www.fiscalia.gov.co\/colombia\/wp-content\/uploads\/tio-abusador-ibague.jpeg\",\"contentUrl\":\"https:\/\/www.fiscalia.gov.co\/colombia\/wp-content\/uploads\/tio-abusador-ibague.jpeg\",\"width\":1600,\"height\":1051,\"caption\":\"Esta persona habr\u00eda violentado sexualmente a su sobrina de 16 a\u00f1os en diciembre de 2024 en una residencia de Ibagu\u00e9.\"},{\"@type\":\"BreadcrumbList\",\"@id\":\"https:\/\/www.fiscalia.gov.co\/colombia\/noticias\/judicializados-dos-hombres-presuntamente-implicados-en-hechos-de-violencia-contra-dos-mujeres\/#breadcrumb\",\"itemListElement\":[{\"@type\":\"ListItem\",\"position\":1,\"name\":\"Home\",\"item\":\"https:\/\/www.fiscalia.gov.co\/colombia\/\"},{\"@type\":\"ListItem\",\"position\":2,\"name\":\"Judicializados dos hombres, presuntamente implicados en hechos de violencia contra dos mujeres\"}]},{\"@type\":\"WebSite\",\"@id\":\"https:\/\/www.fiscalia.gov.co\/colombia\/#website\",\"url\":\"https:\/\/www.fiscalia.gov.co\/colombia\/\",\"name\":\"Fiscal\u00eda General de la Naci\u00f3n\",\"description\":\"P\u00e1gina oficial de la Fiscal\u00eda General de la Naci\u00f3n \u2013 Colombia. Garantizamos el acceso efectivo a la justicia, la verdad y la reparaci\u00f3n de las v\u00edctimas de los delitos.\",\"publisher\":{\"@id\":\"https:\/\/www.fiscalia.gov.co\/colombia\/#organization\"},\"potentialAction\":[{\"@type\":\"SearchAction\",\"target\":{\"@type\":\"EntryPoint\",\"urlTemplate\":\"https:\/\/www.fiscalia.gov.co\/colombia\/?s={search_term_string}\"},\"query-input\":{\"@type\":\"PropertyValueSpecification\",\"valueRequired\":true,\"valueName\":\"search_term_string\"}}],\"inLanguage\":\"es-CO\"},{\"@type\":\"Organization\",\"@id\":\"https:\/\/www.fiscalia.gov.co\/colombia\/#organization\",\"name\":\"Fiscal\u00eda General de la Naci\u00f3n\",\"url\":\"https:\/\/www.fiscalia.gov.co\/colombia\/\",\"logo\":{\"@type\":\"ImageObject\",\"inLanguage\":\"es-CO\",\"@id\":\"https:\/\/www.fiscalia.gov.co\/colombia\/#\/schema\/logo\/image\/\",\"url\":\"https:\/\/www.fiscalia.gov.co\/colombia\/wp-content\/uploads\/LogoHorizontal_1.jpg\",\"contentUrl\":\"https:\/\/www.fiscalia.gov.co\/colombia\/wp-content\/uploads\/LogoHorizontal_1.jpg\",\"width\":300,\"height\":90,\"caption\":\"Fiscal\u00eda General de la Naci\u00f3n\"},\"image\":{\"@id\":\"https:\/\/www.fiscalia.gov.co\/colombia\/#\/schema\/logo\/image\/\"},\"sameAs\":[\"https:\/\/www.facebook.com\/FiscaliaCol\",\"https:\/\/x.com\/FiscaliaCol\",\"https:\/\/www.instagram.com\/fiscaliacol\",\"https:\/\/www.linkedin.com\/company\/fiscalia-general-de-la-naci-n\/\",\"https:\/\/youtube.com\/@fiscaliageneraldelanacion-4668?si=6nN79nyQICPU5iTh\"]},{\"@type\":\"Person\",\"@id\":\"https:\/\/www.fiscalia.gov.co\/colombia\/#\/schema\/person\/bf84402cf293a5393e9c70b111020b24\",\"name\":\"Jordan Leandro Oviedo Anzola\",\"image\":{\"@type\":\"ImageObject\",\"inLanguage\":\"es-CO\",\"@id\":\"https:\/\/www.fiscalia.gov.co\/colombia\/#\/schema\/person\/image\/\",\"url\":\"https:\/\/secure.gravatar.com\/avatar\/dabba4346fa9b9207d96adafa8f92721?s=96&d=mm&r=g\",\"contentUrl\":\"https:\/\/secure.gravatar.com\/avatar\/dabba4346fa9b9207d96adafa8f92721?s=96&d=mm&r=g\",\"caption\":\"Jordan Leandro Oviedo Anzola\"},\"url\":\"https:\/\/www.fiscalia.gov.co\/colombia\/author\/joviedo\/\"}]}<\/script>\n<!-- \/ Yoast SEO plugin. -->","yoast_head_json":{"title":"Fiscal\u00eda General de la Naci\u00f3n","description":"P\u00e1gina oficial de la Fiscal\u00eda General de la Naci\u00f3n \u2013 Colombia. Garantizamos el acceso efectivo a la justicia, la verdad y la reparaci\u00f3n de las v\u00edctimas de los delitos.","robots":{"index":"noindex","follow":"follow"},"og_locale":"es_ES","og_type":"article","og_title":"Fiscal\u00eda General de la Naci\u00f3n","og_description":"P\u00e1gina oficial de la Fiscal\u00eda General de la Naci\u00f3n \u2013 Colombia. Garantizamos el acceso efectivo a la justicia, la verdad y la reparaci\u00f3n de las v\u00edctimas de los delitos.","og_url":"https:\/\/www.fiscalia.gov.co\/colombia\/noticias\/judicializados-dos-hombres-presuntamente-implicados-en-hechos-de-violencia-contra-dos-mujeres\/","og_site_name":"Fiscal\u00eda General de la Naci\u00f3n","article_publisher":"https:\/\/www.facebook.com\/FiscaliaCol","article_published_time":"2025-03-25T20:04:29+00:00","og_image":[{"width":1600,"height":1051,"url":"https:\/\/www.fiscalia.gov.co\/colombia\/wp-content\/uploads\/tio-abusador-ibague.jpeg","type":"image\/jpeg"}],"author":"Jordan Leandro Oviedo Anzola","twitter_card":"summary_large_image","twitter_creator":"@FiscaliaCol","twitter_site":"@FiscaliaCol","twitter_misc":{"Escrito por":"Jordan Leandro Oviedo Anzola","Tiempo de lectura":"3 minutos"},"schema":{"@context":"https:\/\/schema.org","@graph":[{"@type":"Article","@id":"https:\/\/www.fiscalia.gov.co\/colombia\/noticias\/judicializados-dos-hombres-presuntamente-implicados-en-hechos-de-violencia-contra-dos-mujeres\/#article","isPartOf":{"@id":"https:\/\/www.fiscalia.gov.co\/colombia\/noticias\/judicializados-dos-hombres-presuntamente-implicados-en-hechos-de-violencia-contra-dos-mujeres\/"},"author":{"name":"Jordan Leandro Oviedo Anzola","@id":"https:\/\/www.fiscalia.gov.co\/colombia\/#\/schema\/person\/bf84402cf293a5393e9c70b111020b24"},"headline":"Judicializados dos hombres, presuntamente implicados en hechos de violencia contra dos mujeres","datePublished":"2025-03-25T20:04:29+00:00","dateModified":"2025-03-25T20:04:29+00:00","mainEntityOfPage":{"@id":"https:\/\/www.fiscalia.gov.co\/colombia\/noticias\/judicializados-dos-hombres-presuntamente-implicados-en-hechos-de-violencia-contra-dos-mujeres\/"},"wordCount":514,"publisher":{"@id":"https:\/\/www.fiscalia.gov.co\/colombia\/#organization"},"image":{"@id":"https:\/\/www.fiscalia.gov.co\/colombia\/noticias\/judicializados-dos-hombres-presuntamente-implicados-en-hechos-de-violencia-contra-dos-mujeres\/#primaryimage"},"thumbnailUrl":"https:\/\/www.fiscalia.gov.co\/colombia\/wp-content\/uploads\/tio-abusador-ibague-1024x673.jpeg","keywords":["Abuso","Acceso carnal violento","Adolescente","Cavif","Fiscal\u00eda General de la Naci\u00f3n","Ibagu\u00e9 (Tolima)","instrumentalizaci\u00f3n sexual","Seccional Tolima","Sobrina","t\u00edo","UENNA.","Violencia de g\u00e9nero","violencia intrafamiliar agravada","violencia psicol\u00f3gica","Violencia sexual"],"articleSection":["Noticias","Seccional Ibagu\u00e9","Seccionales","Violencia sexual e intrafamiliar"],"inLanguage":"es-CO"},{"@type":"WebPage","@id":"https:\/\/www.fiscalia.gov.co\/colombia\/noticias\/judicializados-dos-hombres-presuntamente-implicados-en-hechos-de-violencia-contra-dos-mujeres\/","url":"https:\/\/www.fiscalia.gov.co\/colombia\/noticias\/judicializados-dos-hombres-presuntamente-implicados-en-hechos-de-violencia-contra-dos-mujeres\/","name":"Fiscal\u00eda General de la Naci\u00f3n","isPartOf":{"@id":"https:\/\/www.fiscalia.gov.co\/colombia\/#website"},"primaryImageOfPage":{"@id":"https:\/\/www.fiscalia.gov.co\/colombia\/noticias\/judicializados-dos-hombres-presuntamente-implicados-en-hechos-de-violencia-contra-dos-mujeres\/#primaryimage"},"image":{"@id":"https:\/\/www.fiscalia.gov.co\/colombia\/noticias\/judicializados-dos-hombres-presuntamente-implicados-en-hechos-de-violencia-contra-dos-mujeres\/#primaryimage"},"thumbnailUrl":"https:\/\/www.fiscalia.gov.co\/colombia\/wp-content\/uploads\/tio-abusador-ibague-1024x673.jpeg","datePublished":"2025-03-25T20:04:29+00:00","dateModified":"2025-03-25T20:04:29+00:00","description":"P\u00e1gina oficial de la Fiscal\u00eda General de la Naci\u00f3n \u2013 Colombia. Garantizamos el acceso efectivo a la justicia, la verdad y la reparaci\u00f3n de las v\u00edctimas de los delitos.","breadcrumb":{"@id":"https:\/\/www.fiscalia.gov.co\/colombia\/noticias\/judicializados-dos-hombres-presuntamente-implicados-en-hechos-de-violencia-contra-dos-mujeres\/#breadcrumb"},"inLanguage":"es-CO","potentialAction":[{"@type":"ReadAction","target":["https:\/\/www.fiscalia.gov.co\/colombia\/noticias\/judicializados-dos-hombres-presuntamente-implicados-en-hechos-de-violencia-contra-dos-mujeres\/"]}]},{"@type":"ImageObject","inLanguage":"es-CO","@id":"https:\/\/www.fiscalia.gov.co\/colombia\/noticias\/judicializados-dos-hombres-presuntamente-implicados-en-hechos-de-violencia-contra-dos-mujeres\/#primaryimage","url":"https:\/\/www.fiscalia.gov.co\/colombia\/wp-content\/uploads\/tio-abusador-ibague.jpeg","contentUrl":"https:\/\/www.fiscalia.gov.co\/colombia\/wp-content\/uploads\/tio-abusador-ibague.jpeg","width":1600,"height":1051,"caption":"Esta persona habr\u00eda violentado sexualmente a su sobrina de 16 a\u00f1os en diciembre de 2024 en una residencia de Ibagu\u00e9."},{"@type":"BreadcrumbList","@id":"https:\/\/www.fiscalia.gov.co\/colombia\/noticias\/judicializados-dos-hombres-presuntamente-implicados-en-hechos-de-violencia-contra-dos-mujeres\/#breadcrumb","itemListElement":[{"@type":"ListItem","position":1,"name":"Home","item":"https:\/\/www.fiscalia.gov.co\/colombia\/"},{"@type":"ListItem","position":2,"name":"Judicializados dos hombres, presuntamente implicados en hechos de violencia contra dos mujeres"}]},{"@type":"WebSite","@id":"https:\/\/www.fiscalia.gov.co\/colombia\/#website","url":"https:\/\/www.fiscalia.gov.co\/colombia\/","name":"Fiscal\u00eda General de la Naci\u00f3n","description":"P\u00e1gina oficial de la Fiscal\u00eda General de la Naci\u00f3n \u2013 Colombia. Garantizamos el acceso efectivo a la justicia, la verdad y la reparaci\u00f3n de las v\u00edctimas de los delitos.","publisher":{"@id":"https:\/\/www.fiscalia.gov.co\/colombia\/#organization"},"potentialAction":[{"@type":"SearchAction","target":{"@type":"EntryPoint","urlTemplate":"https:\/\/www.fiscalia.gov.co\/colombia\/?s={search_term_string}"},"query-input":{"@type":"PropertyValueSpecification","valueRequired":true,"valueName":"search_term_string"}}],"inLanguage":"es-CO"},{"@type":"Organization","@id":"https:\/\/www.fiscalia.gov.co\/colombia\/#organization","name":"Fiscal\u00eda General de la Naci\u00f3n","url":"https:\/\/www.fiscalia.gov.co\/colombia\/","logo":{"@type":"ImageObject","inLanguage":"es-CO","@id":"https:\/\/www.fiscalia.gov.co\/colombia\/#\/schema\/logo\/image\/","url":"https:\/\/www.fiscalia.gov.co\/colombia\/wp-content\/uploads\/LogoHorizontal_1.jpg","contentUrl":"https:\/\/www.fiscalia.gov.co\/colombia\/wp-content\/uploads\/LogoHorizontal_1.jpg","width":300,"height":90,"caption":"Fiscal\u00eda General de la Naci\u00f3n"},"image":{"@id":"https:\/\/www.fiscalia.gov.co\/colombia\/#\/schema\/logo\/image\/"},"sameAs":["https:\/\/www.facebook.com\/FiscaliaCol","https:\/\/x.com\/FiscaliaCol","https:\/\/www.instagram.com\/fiscaliacol","https:\/\/www.linkedin.com\/company\/fiscalia-general-de-la-naci-n\/","https:\/\/youtube.com\/@fiscaliageneraldelanacion-4668?si=6nN79nyQICPU5iTh"]},{"@type":"Person","@id":"https:\/\/www.fiscalia.gov.co\/colombia\/#\/schema\/person\/bf84402cf293a5393e9c70b111020b24","name":"Jordan Leandro Oviedo Anzola","image":{"@type":"ImageObject","inLanguage":"es-CO","@id":"https:\/\/www.fiscalia.gov.co\/colombia\/#\/schema\/person\/image\/","url":"https:\/\/secure.gravatar.com\/avatar\/dabba4346fa9b9207d96adafa8f92721?s=96&d=mm&r=g","contentUrl":"https:\/\/secure.gravatar.com\/avatar\/dabba4346fa9b9207d96adafa8f92721?s=96&d=mm&r=g","caption":"Jordan Leandro Oviedo Anzola"},"url":"https:\/\/www.fiscalia.gov.co\/colombia\/author\/joviedo\/"}]}},"_links":{"self":[{"href":"https:\/\/www.fiscalia.gov.co\/colombia\/wp-json\/wp\/v2\/posts\/312762","targetHints":{"allow":["GET"]}}],"collection":[{"href":"https:\/\/www.fiscalia.gov.co\/colombia\/wp-json\/wp\/v2\/posts"}],"about":[{"href":"https:\/\/www.fiscalia.gov.co\/colombia\/wp-json\/wp\/v2\/types\/post"}],"author":[{"embeddable":true,"href":"https:\/\/www.fiscalia.gov.co\/colombia\/wp-json\/wp\/v2\/users\/177"}],"replies":[{"embeddable":true,"href":"https:\/\/www.fiscalia.gov.co\/colombia\/wp-json\/wp\/v2\/comments?post=312762"}],"version-history":[{"count":1,"href":"https:\/\/www.fiscalia.gov.co\/colombia\/wp-json\/wp\/v2\/posts\/312762\/revisions"}],"predecessor-version":[{"id":312765,"href":"https:\/\/www.fiscalia.gov.co\/colombia\/wp-json\/wp\/v2\/posts\/312762\/revisions\/312765"}],"wp:attachment":[{"href":"https:\/\/www.fiscalia.gov.co\/colombia\/wp-json\/wp\/v2\/media?parent=312762"}],"wp:term":[{"taxonomy":"category","embeddable":true,"href":"https:\/\/www.fiscalia.gov.co\/colombia\/wp-json\/wp\/v2\/categories?post=312762"},{"taxonomy":"post_tag","embeddable":true,"href":"https:\/\/www.fiscalia.gov.co\/colombia\/wp-json\/wp\/v2\/tags?post=312762"}],"curies":[{"name":"wp","href":"https:\/\/api.w.org\/{rel}","templated":true}]}}