{"id":312610,"date":"2025-03-19T18:01:00","date_gmt":"2025-03-19T23:01:00","guid":{"rendered":"https:\/\/www.fiscalia.gov.co\/colombia\/?p=312610"},"modified":"2025-03-20T10:26:50","modified_gmt":"2025-03-20T15:26:50","slug":"asegurado-presunto-integrante-de-grupo-delincuencial-dedicado-al-secuestro-y-la-extorsion-en-soacha","status":"publish","type":"post","link":"https:\/\/www.fiscalia.gov.co\/colombia\/noticias\/asegurado-presunto-integrante-de-grupo-delincuencial-dedicado-al-secuestro-y-la-extorsion-en-soacha\/","title":{"rendered":"Asegurado presunto integrante de grupo delincuencial dedicado al secuestro y la extorsi\u00f3n en Soacha"},"content":{"rendered":"<blockquote>\n<h4 style=\"text-align: left;\"><span style=\"font-weight: 400;\">En el operativo fueron capturadas cuatro personas m\u00e1s en flagrancia por tr\u00e1fico de estupefacientes.<\/span><\/h4>\n<\/blockquote>\n<figure id=\"attachment_312611\" aria-describedby=\"caption-attachment-312611\" style=\"width: 696px\" class=\"wp-caption aligncenter\"><img loading=\"lazy\" decoding=\"async\" class=\"wp-image-312611 size-large\" src=\"https:\/\/www.fiscalia.gov.co\/colombia\/wp-content\/uploads\/WhatsApp-Image-2025-03-19-at-5.54.24-PM-1024x659.jpeg\" alt=\"En la imagen aparecen cinco personas capturadas en compa\u00f1\u00eda de uniformados de la Polic\u00eda Nacional, quienes fueron detenidos en diligencias de registro y allanamiento adelantadas en los barrios Aures y Lisboa en Bogot\u00e1.\" width=\"696\" height=\"448\" srcset=\"https:\/\/www.fiscalia.gov.co\/colombia\/wp-content\/uploads\/WhatsApp-Image-2025-03-19-at-5.54.24-PM-1024x659.jpeg 1024w, https:\/\/www.fiscalia.gov.co\/colombia\/wp-content\/uploads\/WhatsApp-Image-2025-03-19-at-5.54.24-PM-300x193.jpeg 300w, https:\/\/www.fiscalia.gov.co\/colombia\/wp-content\/uploads\/WhatsApp-Image-2025-03-19-at-5.54.24-PM-768x494.jpeg 768w, https:\/\/www.fiscalia.gov.co\/colombia\/wp-content\/uploads\/WhatsApp-Image-2025-03-19-at-5.54.24-PM-1536x988.jpeg 1536w, https:\/\/www.fiscalia.gov.co\/colombia\/wp-content\/uploads\/WhatsApp-Image-2025-03-19-at-5.54.24-PM-653x420.jpeg 653w, https:\/\/www.fiscalia.gov.co\/colombia\/wp-content\/uploads\/WhatsApp-Image-2025-03-19-at-5.54.24-PM-696x448.jpeg 696w, https:\/\/www.fiscalia.gov.co\/colombia\/wp-content\/uploads\/WhatsApp-Image-2025-03-19-at-5.54.24-PM-1068x687.jpeg 1068w, https:\/\/www.fiscalia.gov.co\/colombia\/wp-content\/uploads\/WhatsApp-Image-2025-03-19-at-5.54.24-PM.jpeg 1600w\" sizes=\"auto, (max-width: 696px) 100vw, 696px\" \/><figcaption id=\"caption-attachment-312611\" class=\"wp-caption-text\">Los procesados fueron capturados en diligencias de registro y allanamiento adelantadas en los barrios Aures y Lisboa en Bogot\u00e1.<\/figcaption><\/figure>\n<p><span style=\"font-weight: 400;\">La<strong> Fiscal\u00eda General de la Naci\u00f3n<\/strong>, judicializ\u00f3 a Kelvis Daniel Vargas Romero, presunto integrante de un grupo delincuencial, denominado Los Monta\u00f1eros, quien estar\u00eda involucrado en amenazas, secuestros y extorsiones en <strong>Soacha (Cundinamarca)<\/strong> y en la localidad de Ciudad Bol\u00edvar en Bogot\u00e1.<\/span><\/p>\n<p><span style=\"font-weight: 400;\">Este hombre fue capturado en diligencias de registro y allanamiento adelantadas en los barrios Aures y Lisboa en Bogot\u00e1. Un fiscal de la<strong> Seccional Cundinamarca<\/strong> le imput\u00f3 los delitos de secuestro extorsivo agravado, extorsi\u00f3n agravada; tr\u00e1fico; fabricaci\u00f3n y porte de estupefacientes; y concierto para delinquir agravado.<\/span><\/p>\n<p><span style=\"font-weight: 400;\">Labores investigativas establecieron que el procesado, como integrante del grupo delincuencial, ser\u00eda el encargado de ordenar el cobro de exigencias econ\u00f3micas, de hasta 1 mill\u00f3n de pesos, a recicladores, residentes, comerciantes y conductores de transporte informal de<strong> Soacha y Ciudad Bol\u00edvar<\/strong>, por supuestas multas o cuotas de seguridad.<\/span><\/p>\n<p><span style=\"font-weight: 400;\">Ante la negaci\u00f3n de las v\u00edctimas para pagar la extorsi\u00f3n, al parecer, eran torturadas y obligadas a revelar las claves de los celulares para obtener informaci\u00f3n personal, bajo amenazas de muerte, adem\u00e1s eran despojadas de sus pertenencias.<\/span><\/p>\n<p><span style=\"font-weight: 400;\">Por su parte, los cuatro capturados en flagrancia, Juan Manuel Echeverry Pe\u00f1uela, Cristian Gerardo Villa Cadavid, Johan Alexis G\u00f3mez Perea\u00f1ez y Leidy Tatiana Mur Urrego, fueron judicializados, de acuerdo a su nivel de participaci\u00f3n, por los delitos de tr\u00e1fico, fabricaci\u00f3n y porte de estupefacientes; y fabricaci\u00f3n, tr\u00e1fico, porte o tenencia de armas de fuego, accesorios, partes o municiones.<\/span><\/p>\n<p><span style=\"font-weight: 400;\">Por solicitud de la Fiscal\u00eda, un <strong>juez de control de garant\u00edas<\/strong> les impuso medida de aseguramiento en centro carcelario a los cinco procesados.<\/span><\/p>\n<p><span style=\"font-weight: 400;\">ALGO\/AMCJ\/WACP\/FSC<\/span><\/p>\n<p><em>La informaci\u00f3n contenida en este bolet\u00edn de prensa corresponde a la narraci\u00f3n de los hechos noticiosos objetivos, y las investigaciones penales al interior de la Fiscal\u00eda General de la Naci\u00f3n. Para el momento de la divulgaci\u00f3n de este comunicado, la situaci\u00f3n jur\u00eddica de la(s) persona(s) relacionada(s) se encuentra pendiente de resolver por la autoridad judicial competente, siempre bajo los preceptos de la presunci\u00f3n de inocencia, consagrados en el art\u00edculo 29 de la Constituci\u00f3n Pol\u00edtica y el art\u00edculo 7\u00ba de la Ley 906 de 2004.<\/em><\/p>\n<p>&nbsp;<\/p>\n\n<div class=\"twitter-share\"><a href=\"https:\/\/twitter.com\/intent\/tweet?via=fiscaliacol\" class=\"twitter-share-button\">Tweet<\/a><\/div>\n","protected":false},"excerpt":{"rendered":"<p>En el operativo fueron capturadas cuatro personas m\u00e1s en flagrancia por tr\u00e1fico de estupefacientes. La Fiscal\u00eda General de la Naci\u00f3n, judicializ\u00f3 a Kelvis Daniel Vargas Romero, presunto integrante de un grupo delincuencial, denominado Los Monta\u00f1eros, quien estar\u00eda involucrado en amenazas, secuestros y extorsiones en Soacha (Cundinamarca) y en la localidad de Ciudad Bol\u00edvar en Bogot\u00e1. [&hellip;]<\/p>\n","protected":false},"author":182,"featured_media":0,"comment_status":"closed","ping_status":"open","sticky":false,"template":"","format":"standard","meta":{"tdm_status":"","tdm_grid_status":"","footnotes":""},"categories":[1],"tags":[3148,3119,24968,4017,40533,40532,23821,924,24551,4998,40535,40534,654,7336,19099,40537,871,3292,37492,1047,7169,24247,40538,40536,25812,28197,40530,40539,40531,1185,5699,12161,3437,25129,23958,23964,13239,187,23976,155],"class_list":{"0":"post-312610","1":"post","2":"type-post","3":"status-publish","4":"format-standard","6":"category-noticias","7":"tag-allanamiento","8":"tag-amenazas","9":"tag-amenazas-de-muerte","10":"tag-armas-de-fuego","11":"tag-barrio-lisboa","12":"tag-barrios-aures","13":"tag-bogota","14":"tag-captura","15":"tag-centro-carcelario","16":"tag-ciudad-bolivar","17":"tag-claves-de-celulares","18":"tag-cobro-de-cuotas","19":"tag-comerciantes","20":"tag-concierto-para-delinquir-agravado","21":"tag-conductores","22":"tag-cristian-gerardo-villa-cadavid","23":"tag-extorion","24":"tag-extorsion-agravada","25":"tag-fiscal-luz-adriana-camargo","26":"tag-fiscalia-general-de-la-nacion","27":"tag-flagrancia","28":"tag-grupo-delincuencial","29":"tag-johan-alexis-gomez-pereanez","30":"tag-juan-manuel-echeverry-penuela","31":"tag-judicializacion","32":"tag-juez-de-control-de-garantias","33":"tag-kelvis-daniel-vargas-romero","34":"tag-leidy-tatiana-mur-urrego","35":"tag-los-montaneros","36":"tag-medida-de-aseguramiento","37":"tag-municiones","38":"tag-porte-de-estupefacientes","39":"tag-recicladores","40":"tag-robo","41":"tag-seccional-cundinamarca","42":"tag-secuestro","43":"tag-secuestro-extorsivo-agravado","44":"tag-sohacha","45":"tag-tortura","46":"tag-trafico-de-estupefacientes"},"yoast_head":"<!-- This site is optimized with the Yoast SEO plugin v24.3 - https:\/\/yoast.com\/wordpress\/plugins\/seo\/ -->\n<title>Fiscal\u00eda General de la Naci\u00f3n<\/title>\n<meta name=\"description\" content=\"P\u00e1gina oficial de la Fiscal\u00eda General de la Naci\u00f3n \u2013 Colombia. Garantizamos el acceso efectivo a la justicia, la verdad y la reparaci\u00f3n de las v\u00edctimas de los delitos.\" \/>\n<meta name=\"robots\" content=\"noindex, follow\" \/>\n<meta property=\"og:locale\" content=\"es_ES\" \/>\n<meta property=\"og:type\" content=\"article\" \/>\n<meta property=\"og:title\" content=\"Fiscal\u00eda General de la Naci\u00f3n\" \/>\n<meta property=\"og:description\" content=\"P\u00e1gina oficial de la Fiscal\u00eda General de la Naci\u00f3n \u2013 Colombia. Garantizamos el acceso efectivo a la justicia, la verdad y la reparaci\u00f3n de las v\u00edctimas de los delitos.\" \/>\n<meta property=\"og:url\" content=\"https:\/\/www.fiscalia.gov.co\/colombia\/noticias\/asegurado-presunto-integrante-de-grupo-delincuencial-dedicado-al-secuestro-y-la-extorsion-en-soacha\/\" \/>\n<meta property=\"og:site_name\" content=\"Fiscal\u00eda General de la Naci\u00f3n\" \/>\n<meta property=\"article:publisher\" content=\"https:\/\/www.facebook.com\/FiscaliaCol\" \/>\n<meta property=\"article:published_time\" content=\"2025-03-19T23:01:00+00:00\" \/>\n<meta property=\"article:modified_time\" content=\"2025-03-20T15:26:50+00:00\" \/>\n<meta property=\"og:image\" content=\"https:\/\/www.fiscalia.gov.co\/colombia\/wp-content\/uploads\/WhatsApp-Image-2025-03-19-at-5.54.24-PM.jpeg\" \/>\n\t<meta property=\"og:image:width\" content=\"1600\" \/>\n\t<meta property=\"og:image:height\" content=\"1029\" \/>\n\t<meta property=\"og:image:type\" content=\"image\/jpeg\" \/>\n<meta name=\"author\" content=\"Paula Andrea Castillo Lenis\" \/>\n<meta name=\"twitter:card\" content=\"summary_large_image\" \/>\n<meta name=\"twitter:creator\" content=\"@FiscaliaCol\" \/>\n<meta name=\"twitter:site\" content=\"@FiscaliaCol\" \/>\n<meta name=\"twitter:label1\" content=\"Escrito por\" \/>\n\t<meta name=\"twitter:data1\" content=\"Paula Andrea Castillo Lenis\" \/>\n\t<meta name=\"twitter:label2\" content=\"Tiempo de lectura\" \/>\n\t<meta name=\"twitter:data2\" content=\"2 minutos\" \/>\n<script type=\"application\/ld+json\" class=\"yoast-schema-graph\">{\"@context\":\"https:\/\/schema.org\",\"@graph\":[{\"@type\":\"Article\",\"@id\":\"https:\/\/www.fiscalia.gov.co\/colombia\/noticias\/asegurado-presunto-integrante-de-grupo-delincuencial-dedicado-al-secuestro-y-la-extorsion-en-soacha\/#article\",\"isPartOf\":{\"@id\":\"https:\/\/www.fiscalia.gov.co\/colombia\/noticias\/asegurado-presunto-integrante-de-grupo-delincuencial-dedicado-al-secuestro-y-la-extorsion-en-soacha\/\"},\"author\":{\"name\":\"Paula Andrea Castillo Lenis\",\"@id\":\"https:\/\/www.fiscalia.gov.co\/colombia\/#\/schema\/person\/66c172905e0492f1de6bbe5f93c4668f\"},\"headline\":\"Asegurado presunto integrante de grupo delincuencial dedicado al secuestro y la extorsi\u00f3n en Soacha\",\"datePublished\":\"2025-03-19T23:01:00+00:00\",\"dateModified\":\"2025-03-20T15:26:50+00:00\",\"mainEntityOfPage\":{\"@id\":\"https:\/\/www.fiscalia.gov.co\/colombia\/noticias\/asegurado-presunto-integrante-de-grupo-delincuencial-dedicado-al-secuestro-y-la-extorsion-en-soacha\/\"},\"wordCount\":437,\"publisher\":{\"@id\":\"https:\/\/www.fiscalia.gov.co\/colombia\/#organization\"},\"image\":{\"@id\":\"https:\/\/www.fiscalia.gov.co\/colombia\/noticias\/asegurado-presunto-integrante-de-grupo-delincuencial-dedicado-al-secuestro-y-la-extorsion-en-soacha\/#primaryimage\"},\"thumbnailUrl\":\"https:\/\/www.fiscalia.gov.co\/colombia\/wp-content\/uploads\/WhatsApp-Image-2025-03-19-at-5.54.24-PM-1024x659.jpeg\",\"keywords\":[\"Allanamiento\",\"Amenazas\",\"amenazas de muerte\",\"Armas de fuego\",\"barrio Lisboa\",\"barrios Aures\",\"Bogot\u00e1\",\"Captura\",\"centro carcelario\",\"Ciudad Bol\u00edvar\",\"claves de celulares\",\"cobro de cuotas\",\"Comerciantes\",\"Concierto para delinquir agravado\",\"Conductores\",\"Cristian Gerardo Villa Cadavid\",\"Extorsi\u00f3n\",\"Extorsi\u00f3n agravada\",\"Fiscal Luz Adriana Camargo\",\"Fiscal\u00eda General de la Naci\u00f3n\",\"Flagrancia\",\"grupo delincuencial\",\"Johan Alexis G\u00f3mez Perea\u00f1ez\",\"Juan Manuel Echeverry Pe\u00f1uela\",\"Judicializaci\u00f3n\",\"juez de control de garant\u00edas\",\"Kelvis Daniel Vargas Romero\",\"Leidy Tatiana Mur Urrego\",\"Los Monta\u00f1eros\",\"Medida de aseguramiento\",\"Municiones\",\"Porte de estupefacientes\",\"Recicladores\",\"robo\",\"Seccional Cundinamarca\",\"Secuestro\",\"secuestro extorsivo agravado\",\"Soacha\",\"Tortura\",\"Tr\u00e1fico de estupefacientes\"],\"articleSection\":[\"Noticias\"],\"inLanguage\":\"es-CO\"},{\"@type\":\"WebPage\",\"@id\":\"https:\/\/www.fiscalia.gov.co\/colombia\/noticias\/asegurado-presunto-integrante-de-grupo-delincuencial-dedicado-al-secuestro-y-la-extorsion-en-soacha\/\",\"url\":\"https:\/\/www.fiscalia.gov.co\/colombia\/noticias\/asegurado-presunto-integrante-de-grupo-delincuencial-dedicado-al-secuestro-y-la-extorsion-en-soacha\/\",\"name\":\"Fiscal\u00eda General de la Naci\u00f3n\",\"isPartOf\":{\"@id\":\"https:\/\/www.fiscalia.gov.co\/colombia\/#website\"},\"primaryImageOfPage\":{\"@id\":\"https:\/\/www.fiscalia.gov.co\/colombia\/noticias\/asegurado-presunto-integrante-de-grupo-delincuencial-dedicado-al-secuestro-y-la-extorsion-en-soacha\/#primaryimage\"},\"image\":{\"@id\":\"https:\/\/www.fiscalia.gov.co\/colombia\/noticias\/asegurado-presunto-integrante-de-grupo-delincuencial-dedicado-al-secuestro-y-la-extorsion-en-soacha\/#primaryimage\"},\"thumbnailUrl\":\"https:\/\/www.fiscalia.gov.co\/colombia\/wp-content\/uploads\/WhatsApp-Image-2025-03-19-at-5.54.24-PM-1024x659.jpeg\",\"datePublished\":\"2025-03-19T23:01:00+00:00\",\"dateModified\":\"2025-03-20T15:26:50+00:00\",\"description\":\"P\u00e1gina oficial de la Fiscal\u00eda General de la Naci\u00f3n \u2013 Colombia. Garantizamos el acceso efectivo a la justicia, la verdad y la reparaci\u00f3n de las v\u00edctimas de los delitos.\",\"breadcrumb\":{\"@id\":\"https:\/\/www.fiscalia.gov.co\/colombia\/noticias\/asegurado-presunto-integrante-de-grupo-delincuencial-dedicado-al-secuestro-y-la-extorsion-en-soacha\/#breadcrumb\"},\"inLanguage\":\"es-CO\",\"potentialAction\":[{\"@type\":\"ReadAction\",\"target\":[\"https:\/\/www.fiscalia.gov.co\/colombia\/noticias\/asegurado-presunto-integrante-de-grupo-delincuencial-dedicado-al-secuestro-y-la-extorsion-en-soacha\/\"]}]},{\"@type\":\"ImageObject\",\"inLanguage\":\"es-CO\",\"@id\":\"https:\/\/www.fiscalia.gov.co\/colombia\/noticias\/asegurado-presunto-integrante-de-grupo-delincuencial-dedicado-al-secuestro-y-la-extorsion-en-soacha\/#primaryimage\",\"url\":\"https:\/\/www.fiscalia.gov.co\/colombia\/wp-content\/uploads\/WhatsApp-Image-2025-03-19-at-5.54.24-PM.jpeg\",\"contentUrl\":\"https:\/\/www.fiscalia.gov.co\/colombia\/wp-content\/uploads\/WhatsApp-Image-2025-03-19-at-5.54.24-PM.jpeg\",\"width\":1600,\"height\":1029,\"caption\":\"Los procesados fueron capturados en diligencias de registro y allanamiento adelantadas en los barrios Aures y Lisboa en Bogot\u00e1.\"},{\"@type\":\"BreadcrumbList\",\"@id\":\"https:\/\/www.fiscalia.gov.co\/colombia\/noticias\/asegurado-presunto-integrante-de-grupo-delincuencial-dedicado-al-secuestro-y-la-extorsion-en-soacha\/#breadcrumb\",\"itemListElement\":[{\"@type\":\"ListItem\",\"position\":1,\"name\":\"Home\",\"item\":\"https:\/\/www.fiscalia.gov.co\/colombia\/\"},{\"@type\":\"ListItem\",\"position\":2,\"name\":\"Asegurado presunto integrante de grupo delincuencial dedicado al secuestro y la extorsi\u00f3n en Soacha\"}]},{\"@type\":\"WebSite\",\"@id\":\"https:\/\/www.fiscalia.gov.co\/colombia\/#website\",\"url\":\"https:\/\/www.fiscalia.gov.co\/colombia\/\",\"name\":\"Fiscal\u00eda General de la Naci\u00f3n\",\"description\":\"P\u00e1gina oficial de la Fiscal\u00eda General de la Naci\u00f3n \u2013 Colombia. Garantizamos el acceso efectivo a la justicia, la verdad y la reparaci\u00f3n de las v\u00edctimas de los delitos.\",\"publisher\":{\"@id\":\"https:\/\/www.fiscalia.gov.co\/colombia\/#organization\"},\"potentialAction\":[{\"@type\":\"SearchAction\",\"target\":{\"@type\":\"EntryPoint\",\"urlTemplate\":\"https:\/\/www.fiscalia.gov.co\/colombia\/?s={search_term_string}\"},\"query-input\":{\"@type\":\"PropertyValueSpecification\",\"valueRequired\":true,\"valueName\":\"search_term_string\"}}],\"inLanguage\":\"es-CO\"},{\"@type\":\"Organization\",\"@id\":\"https:\/\/www.fiscalia.gov.co\/colombia\/#organization\",\"name\":\"Fiscal\u00eda General de la Naci\u00f3n\",\"url\":\"https:\/\/www.fiscalia.gov.co\/colombia\/\",\"logo\":{\"@type\":\"ImageObject\",\"inLanguage\":\"es-CO\",\"@id\":\"https:\/\/www.fiscalia.gov.co\/colombia\/#\/schema\/logo\/image\/\",\"url\":\"https:\/\/www.fiscalia.gov.co\/colombia\/wp-content\/uploads\/LogoHorizontal_1.jpg\",\"contentUrl\":\"https:\/\/www.fiscalia.gov.co\/colombia\/wp-content\/uploads\/LogoHorizontal_1.jpg\",\"width\":300,\"height\":90,\"caption\":\"Fiscal\u00eda General de la Naci\u00f3n\"},\"image\":{\"@id\":\"https:\/\/www.fiscalia.gov.co\/colombia\/#\/schema\/logo\/image\/\"},\"sameAs\":[\"https:\/\/www.facebook.com\/FiscaliaCol\",\"https:\/\/x.com\/FiscaliaCol\",\"https:\/\/www.instagram.com\/fiscaliacol\",\"https:\/\/www.linkedin.com\/company\/fiscalia-general-de-la-naci-n\/\",\"https:\/\/youtube.com\/@fiscaliageneraldelanacion-4668?si=6nN79nyQICPU5iTh\"]},{\"@type\":\"Person\",\"@id\":\"https:\/\/www.fiscalia.gov.co\/colombia\/#\/schema\/person\/66c172905e0492f1de6bbe5f93c4668f\",\"name\":\"Paula Andrea Castillo Lenis\",\"image\":{\"@type\":\"ImageObject\",\"inLanguage\":\"es-CO\",\"@id\":\"https:\/\/www.fiscalia.gov.co\/colombia\/#\/schema\/person\/image\/\",\"url\":\"https:\/\/secure.gravatar.com\/avatar\/cb060d9561f2947c4102d1825739f868?s=96&d=mm&r=g\",\"contentUrl\":\"https:\/\/secure.gravatar.com\/avatar\/cb060d9561f2947c4102d1825739f868?s=96&d=mm&r=g\",\"caption\":\"Paula Andrea Castillo Lenis\"},\"url\":\"https:\/\/www.fiscalia.gov.co\/colombia\/author\/paula-castillo\/\"}]}<\/script>\n<!-- \/ Yoast SEO plugin. -->","yoast_head_json":{"title":"Fiscal\u00eda General de la Naci\u00f3n","description":"P\u00e1gina oficial de la Fiscal\u00eda General de la Naci\u00f3n \u2013 Colombia. Garantizamos el acceso efectivo a la justicia, la verdad y la reparaci\u00f3n de las v\u00edctimas de los delitos.","robots":{"index":"noindex","follow":"follow"},"og_locale":"es_ES","og_type":"article","og_title":"Fiscal\u00eda General de la Naci\u00f3n","og_description":"P\u00e1gina oficial de la Fiscal\u00eda General de la Naci\u00f3n \u2013 Colombia. Garantizamos el acceso efectivo a la justicia, la verdad y la reparaci\u00f3n de las v\u00edctimas de los delitos.","og_url":"https:\/\/www.fiscalia.gov.co\/colombia\/noticias\/asegurado-presunto-integrante-de-grupo-delincuencial-dedicado-al-secuestro-y-la-extorsion-en-soacha\/","og_site_name":"Fiscal\u00eda General de la Naci\u00f3n","article_publisher":"https:\/\/www.facebook.com\/FiscaliaCol","article_published_time":"2025-03-19T23:01:00+00:00","article_modified_time":"2025-03-20T15:26:50+00:00","og_image":[{"width":1600,"height":1029,"url":"https:\/\/www.fiscalia.gov.co\/colombia\/wp-content\/uploads\/WhatsApp-Image-2025-03-19-at-5.54.24-PM.jpeg","type":"image\/jpeg"}],"author":"Paula Andrea Castillo Lenis","twitter_card":"summary_large_image","twitter_creator":"@FiscaliaCol","twitter_site":"@FiscaliaCol","twitter_misc":{"Escrito por":"Paula Andrea Castillo Lenis","Tiempo de lectura":"2 minutos"},"schema":{"@context":"https:\/\/schema.org","@graph":[{"@type":"Article","@id":"https:\/\/www.fiscalia.gov.co\/colombia\/noticias\/asegurado-presunto-integrante-de-grupo-delincuencial-dedicado-al-secuestro-y-la-extorsion-en-soacha\/#article","isPartOf":{"@id":"https:\/\/www.fiscalia.gov.co\/colombia\/noticias\/asegurado-presunto-integrante-de-grupo-delincuencial-dedicado-al-secuestro-y-la-extorsion-en-soacha\/"},"author":{"name":"Paula Andrea Castillo Lenis","@id":"https:\/\/www.fiscalia.gov.co\/colombia\/#\/schema\/person\/66c172905e0492f1de6bbe5f93c4668f"},"headline":"Asegurado presunto integrante de grupo delincuencial dedicado al secuestro y la extorsi\u00f3n en Soacha","datePublished":"2025-03-19T23:01:00+00:00","dateModified":"2025-03-20T15:26:50+00:00","mainEntityOfPage":{"@id":"https:\/\/www.fiscalia.gov.co\/colombia\/noticias\/asegurado-presunto-integrante-de-grupo-delincuencial-dedicado-al-secuestro-y-la-extorsion-en-soacha\/"},"wordCount":437,"publisher":{"@id":"https:\/\/www.fiscalia.gov.co\/colombia\/#organization"},"image":{"@id":"https:\/\/www.fiscalia.gov.co\/colombia\/noticias\/asegurado-presunto-integrante-de-grupo-delincuencial-dedicado-al-secuestro-y-la-extorsion-en-soacha\/#primaryimage"},"thumbnailUrl":"https:\/\/www.fiscalia.gov.co\/colombia\/wp-content\/uploads\/WhatsApp-Image-2025-03-19-at-5.54.24-PM-1024x659.jpeg","keywords":["Allanamiento","Amenazas","amenazas de muerte","Armas de fuego","barrio Lisboa","barrios Aures","Bogot\u00e1","Captura","centro carcelario","Ciudad Bol\u00edvar","claves de celulares","cobro de cuotas","Comerciantes","Concierto para delinquir agravado","Conductores","Cristian Gerardo Villa Cadavid","Extorsi\u00f3n","Extorsi\u00f3n agravada","Fiscal Luz Adriana Camargo","Fiscal\u00eda General de la Naci\u00f3n","Flagrancia","grupo delincuencial","Johan Alexis G\u00f3mez Perea\u00f1ez","Juan Manuel Echeverry Pe\u00f1uela","Judicializaci\u00f3n","juez de control de garant\u00edas","Kelvis Daniel Vargas Romero","Leidy Tatiana Mur Urrego","Los Monta\u00f1eros","Medida de aseguramiento","Municiones","Porte de estupefacientes","Recicladores","robo","Seccional Cundinamarca","Secuestro","secuestro extorsivo agravado","Soacha","Tortura","Tr\u00e1fico de estupefacientes"],"articleSection":["Noticias"],"inLanguage":"es-CO"},{"@type":"WebPage","@id":"https:\/\/www.fiscalia.gov.co\/colombia\/noticias\/asegurado-presunto-integrante-de-grupo-delincuencial-dedicado-al-secuestro-y-la-extorsion-en-soacha\/","url":"https:\/\/www.fiscalia.gov.co\/colombia\/noticias\/asegurado-presunto-integrante-de-grupo-delincuencial-dedicado-al-secuestro-y-la-extorsion-en-soacha\/","name":"Fiscal\u00eda General de la Naci\u00f3n","isPartOf":{"@id":"https:\/\/www.fiscalia.gov.co\/colombia\/#website"},"primaryImageOfPage":{"@id":"https:\/\/www.fiscalia.gov.co\/colombia\/noticias\/asegurado-presunto-integrante-de-grupo-delincuencial-dedicado-al-secuestro-y-la-extorsion-en-soacha\/#primaryimage"},"image":{"@id":"https:\/\/www.fiscalia.gov.co\/colombia\/noticias\/asegurado-presunto-integrante-de-grupo-delincuencial-dedicado-al-secuestro-y-la-extorsion-en-soacha\/#primaryimage"},"thumbnailUrl":"https:\/\/www.fiscalia.gov.co\/colombia\/wp-content\/uploads\/WhatsApp-Image-2025-03-19-at-5.54.24-PM-1024x659.jpeg","datePublished":"2025-03-19T23:01:00+00:00","dateModified":"2025-03-20T15:26:50+00:00","description":"P\u00e1gina oficial de la Fiscal\u00eda General de la Naci\u00f3n \u2013 Colombia. Garantizamos el acceso efectivo a la justicia, la verdad y la reparaci\u00f3n de las v\u00edctimas de los delitos.","breadcrumb":{"@id":"https:\/\/www.fiscalia.gov.co\/colombia\/noticias\/asegurado-presunto-integrante-de-grupo-delincuencial-dedicado-al-secuestro-y-la-extorsion-en-soacha\/#breadcrumb"},"inLanguage":"es-CO","potentialAction":[{"@type":"ReadAction","target":["https:\/\/www.fiscalia.gov.co\/colombia\/noticias\/asegurado-presunto-integrante-de-grupo-delincuencial-dedicado-al-secuestro-y-la-extorsion-en-soacha\/"]}]},{"@type":"ImageObject","inLanguage":"es-CO","@id":"https:\/\/www.fiscalia.gov.co\/colombia\/noticias\/asegurado-presunto-integrante-de-grupo-delincuencial-dedicado-al-secuestro-y-la-extorsion-en-soacha\/#primaryimage","url":"https:\/\/www.fiscalia.gov.co\/colombia\/wp-content\/uploads\/WhatsApp-Image-2025-03-19-at-5.54.24-PM.jpeg","contentUrl":"https:\/\/www.fiscalia.gov.co\/colombia\/wp-content\/uploads\/WhatsApp-Image-2025-03-19-at-5.54.24-PM.jpeg","width":1600,"height":1029,"caption":"Los procesados fueron capturados en diligencias de registro y allanamiento adelantadas en los barrios Aures y Lisboa en Bogot\u00e1."},{"@type":"BreadcrumbList","@id":"https:\/\/www.fiscalia.gov.co\/colombia\/noticias\/asegurado-presunto-integrante-de-grupo-delincuencial-dedicado-al-secuestro-y-la-extorsion-en-soacha\/#breadcrumb","itemListElement":[{"@type":"ListItem","position":1,"name":"Home","item":"https:\/\/www.fiscalia.gov.co\/colombia\/"},{"@type":"ListItem","position":2,"name":"Asegurado presunto integrante de grupo delincuencial dedicado al secuestro y la extorsi\u00f3n en Soacha"}]},{"@type":"WebSite","@id":"https:\/\/www.fiscalia.gov.co\/colombia\/#website","url":"https:\/\/www.fiscalia.gov.co\/colombia\/","name":"Fiscal\u00eda General de la Naci\u00f3n","description":"P\u00e1gina oficial de la Fiscal\u00eda General de la Naci\u00f3n \u2013 Colombia. Garantizamos el acceso efectivo a la justicia, la verdad y la reparaci\u00f3n de las v\u00edctimas de los delitos.","publisher":{"@id":"https:\/\/www.fiscalia.gov.co\/colombia\/#organization"},"potentialAction":[{"@type":"SearchAction","target":{"@type":"EntryPoint","urlTemplate":"https:\/\/www.fiscalia.gov.co\/colombia\/?s={search_term_string}"},"query-input":{"@type":"PropertyValueSpecification","valueRequired":true,"valueName":"search_term_string"}}],"inLanguage":"es-CO"},{"@type":"Organization","@id":"https:\/\/www.fiscalia.gov.co\/colombia\/#organization","name":"Fiscal\u00eda General de la Naci\u00f3n","url":"https:\/\/www.fiscalia.gov.co\/colombia\/","logo":{"@type":"ImageObject","inLanguage":"es-CO","@id":"https:\/\/www.fiscalia.gov.co\/colombia\/#\/schema\/logo\/image\/","url":"https:\/\/www.fiscalia.gov.co\/colombia\/wp-content\/uploads\/LogoHorizontal_1.jpg","contentUrl":"https:\/\/www.fiscalia.gov.co\/colombia\/wp-content\/uploads\/LogoHorizontal_1.jpg","width":300,"height":90,"caption":"Fiscal\u00eda General de la Naci\u00f3n"},"image":{"@id":"https:\/\/www.fiscalia.gov.co\/colombia\/#\/schema\/logo\/image\/"},"sameAs":["https:\/\/www.facebook.com\/FiscaliaCol","https:\/\/x.com\/FiscaliaCol","https:\/\/www.instagram.com\/fiscaliacol","https:\/\/www.linkedin.com\/company\/fiscalia-general-de-la-naci-n\/","https:\/\/youtube.com\/@fiscaliageneraldelanacion-4668?si=6nN79nyQICPU5iTh"]},{"@type":"Person","@id":"https:\/\/www.fiscalia.gov.co\/colombia\/#\/schema\/person\/66c172905e0492f1de6bbe5f93c4668f","name":"Paula Andrea Castillo Lenis","image":{"@type":"ImageObject","inLanguage":"es-CO","@id":"https:\/\/www.fiscalia.gov.co\/colombia\/#\/schema\/person\/image\/","url":"https:\/\/secure.gravatar.com\/avatar\/cb060d9561f2947c4102d1825739f868?s=96&d=mm&r=g","contentUrl":"https:\/\/secure.gravatar.com\/avatar\/cb060d9561f2947c4102d1825739f868?s=96&d=mm&r=g","caption":"Paula Andrea Castillo Lenis"},"url":"https:\/\/www.fiscalia.gov.co\/colombia\/author\/paula-castillo\/"}]}},"_links":{"self":[{"href":"https:\/\/www.fiscalia.gov.co\/colombia\/wp-json\/wp\/v2\/posts\/312610","targetHints":{"allow":["GET"]}}],"collection":[{"href":"https:\/\/www.fiscalia.gov.co\/colombia\/wp-json\/wp\/v2\/posts"}],"about":[{"href":"https:\/\/www.fiscalia.gov.co\/colombia\/wp-json\/wp\/v2\/types\/post"}],"author":[{"embeddable":true,"href":"https:\/\/www.fiscalia.gov.co\/colombia\/wp-json\/wp\/v2\/users\/182"}],"replies":[{"embeddable":true,"href":"https:\/\/www.fiscalia.gov.co\/colombia\/wp-json\/wp\/v2\/comments?post=312610"}],"version-history":[{"count":1,"href":"https:\/\/www.fiscalia.gov.co\/colombia\/wp-json\/wp\/v2\/posts\/312610\/revisions"}],"predecessor-version":[{"id":312612,"href":"https:\/\/www.fiscalia.gov.co\/colombia\/wp-json\/wp\/v2\/posts\/312610\/revisions\/312612"}],"wp:attachment":[{"href":"https:\/\/www.fiscalia.gov.co\/colombia\/wp-json\/wp\/v2\/media?parent=312610"}],"wp:term":[{"taxonomy":"category","embeddable":true,"href":"https:\/\/www.fiscalia.gov.co\/colombia\/wp-json\/wp\/v2\/categories?post=312610"},{"taxonomy":"post_tag","embeddable":true,"href":"https:\/\/www.fiscalia.gov.co\/colombia\/wp-json\/wp\/v2\/tags?post=312610"}],"curies":[{"name":"wp","href":"https:\/\/api.w.org\/{rel}","templated":true}]}}