{"id":312545,"date":"2025-03-19T14:14:00","date_gmt":"2025-03-19T19:14:00","guid":{"rendered":"https:\/\/www.fiscalia.gov.co\/colombia\/?p=312545"},"modified":"2025-03-19T14:14:00","modified_gmt":"2025-03-19T19:14:00","slug":"fiscalia-impacta-grupo-delincuencial-dedicado-al-narcomenudeo-en-el-nororiente-de-medellin","status":"publish","type":"post","link":"https:\/\/www.fiscalia.gov.co\/colombia\/noticias\/fiscalia-impacta-grupo-delincuencial-dedicado-al-narcomenudeo-en-el-nororiente-de-medellin\/","title":{"rendered":"Fiscal\u00eda impacta grupo delincuencial dedicado al narcomenudeo en el nororiente de Medell\u00edn"},"content":{"rendered":"<h4 style=\"text-align: center;\"><em><strong>Esta estructura se habr\u00eda apoderado de un lote p\u00fablico\u00a0 para construir un complejo dedicado a la distribuci\u00f3n de estupefacientes, adem\u00e1s del alquiler de inmuebles para incrementar sus rentas criminales.<\/strong><\/em><\/h4>\n<p>Por solicitud de la Fiscal\u00eda General de la Naci\u00f3n, un juez de control de garant\u00edas le impuso medida de aseguramiento en centro carcelario a seis presuntos integrantes de un grupo delincuencial, denominado La Marina, <strong>dedicado al narcomenudeo en el barrio Manrique de Medell\u00edn (Antioquia).<\/strong><\/p>\n<p>Con la decisi\u00f3n fueron afectados Pedro Alberto P\u00e9rez Quiroz, alias Pechuga; Juan Guillermo Morales Pulgar\u00edn, alias Chanes; Yesid Alveiro Garc\u00eda \u00c1lvarez, Maricela Garc\u00eda y Harley Davinson\u00a0 Ben\u00edtez Castro, quienes fueron imputados <strong>por los delitos de concierto para delinquir agravado; y fabricaci\u00f3n, tr\u00e1fico o porte de estupefacientes.<\/strong> Ninguno de los procesados acept\u00f3 los cargos.<\/p>\n<p>Estas personas fueron capturadas por servidores del <strong>Grupo de Antinarc\u00f3ticos y Tareas Especiales del Cuerpo T\u00e9cnico de Investigaci\u00f3n (CTI),<\/strong> durante varios allanamientos efectuados en inmuebles ubicados en la misma zona de injerencia de la organizaci\u00f3n.<\/p>\n<p>En uno de los inmuebles allanados, encontraron\u00a0 elementos utilizados para la elaboraci\u00f3n de licor adulterado. En la misma acci\u00f3n judicial fue capturado por fuga de presos Joon Alexander Hern\u00e1ndez, <strong>quien deb\u00eda cumplir detenci\u00f3n domiciliaria, por el delito de tr\u00e1fico de estupefacientes, en un inmueble ubicado en otro sector de Medell\u00edn.<\/strong><\/p>\n<p>De acuerdo con la investigaci\u00f3n adelantada por un fiscal de la Estructura de Apoyo (EDA) de la Seccional Medell\u00edn, los presuntos delincuentes tambi\u00e9n se habr\u00edan apropiado de un lote p\u00fablico de la zona,<strong> para construir varios inmuebles dedicados a la comercializaci\u00f3n de coca\u00edna, marihuana y drogas sint\u00e9ticas.\u00a0<\/strong><\/p>\n<p>En el mismo complejo habitacional, al parecer, construyeron varios apartamentos para que vivieran algunos de sus familiares y otros <strong>con fines de alquiler para incrementar sus rentas il\u00edcitas que superan los 5.000 millones de pesos anuales.<\/strong><\/p>\n<p>La Secretar\u00eda de Gesti\u00f3n y Control Territorial de la Alcald\u00eda de Medell\u00edn acompa\u00f1\u00f3 las diligencias judiciales y avanza en conjunto con la Secretar\u00eda de Seguridad y Convivencia, en los procesos administrativos para la demolici\u00f3n de los inmuebles construidos sin los permisos de ley.<\/p>\n<p>En noviembre de 2024, el trabajo articulado de la Fiscal\u00eda y la Sij\u00edn de la Polic\u00eda Nacional permiti\u00f3 la\u00a0 captura de otros <strong>15 presuntos integrantes de \u2018La Marina\u2019, que\u00a0 estar\u00edan al servicio del grupo delincuencial La Terraza.<\/strong><\/p>\n<p>Asimismo, en febrero de este a\u00f1o tambi\u00e9n fue judicializado Nelson Alexander Garc\u00eda, alias El Gato,\u00a0 presunto cabecilla de la banda.<\/p>\n<p>&nbsp;<\/p>\n<p>&nbsp;<\/p>\n<p>&nbsp;<\/p>\n<p>&nbsp;<\/p>\n<p>&nbsp;<\/p>\n<p>LFML\/JDR\/AMCJ\/DSM<\/p>\n<p>&nbsp;<\/p>\n<p>&nbsp;<\/p>\n<p>&nbsp;<\/p>\n<p>&nbsp;<\/p>\n<p>&nbsp;<\/p>\n<div class=\"td-post-content tagdiv-type\">\n<p><em>La informaci\u00f3n contenida en este bolet\u00edn de prensa corresponde a la narraci\u00f3n de los hechos noticiosos objetivos, suministrados por los funcionarios encargados de adelantar las investigaciones penales al interior de la Fiscal\u00eda General de la Naci\u00f3n. Para el momento de la divulgaci\u00f3n de este comunicado, la situaci\u00f3n jur\u00eddica de la(s) persona(s) relacionada(s) se encuentra pendiente de resolver por la autoridad judicial competente, siempre bajo los preceptos de la presunci\u00f3n de inocencia, consagrados en el art\u00edculo 29 de la Constituci\u00f3n Pol\u00edtica y el art\u00edculo 7\u00ba de la Ley 906 de 2004.<\/em><\/p>\n<\/div>\n\n<div class=\"twitter-share\"><a href=\"https:\/\/twitter.com\/intent\/tweet?via=fiscaliacol\" class=\"twitter-share-button\">Tweet<\/a><\/div>\n","protected":false},"excerpt":{"rendered":"<p>Esta estructura se habr\u00eda apoderado de un lote p\u00fablico\u00a0 para construir un complejo dedicado a la distribuci\u00f3n de estupefacientes, adem\u00e1s del alquiler de inmuebles para incrementar sus rentas criminales. Por solicitud de la Fiscal\u00eda General de la Naci\u00f3n, un juez de control de garant\u00edas le impuso medida de aseguramiento en centro carcelario a seis presuntos [&hellip;]<\/p>\n","protected":false},"author":177,"featured_media":0,"comment_status":"closed","ping_status":"open","sticky":false,"template":"","format":"standard","meta":{"_price":"","_stock":"","_tribe_ticket_header":"","_tribe_default_ticket_provider":"","_tribe_ticket_capacity":"0","_ticket_start_date":"","_ticket_end_date":"","_tribe_ticket_show_description":"","_tribe_ticket_show_not_going":false,"_tribe_ticket_use_global_stock":"","_tribe_ticket_global_stock_level":"","_global_stock_mode":"","_global_stock_cap":"","_tribe_rsvp_for_event":"","_tribe_ticket_going_count":"","_tribe_ticket_not_going_count":"","_tribe_tickets_list":"[]","_tribe_ticket_has_attendee_info_fields":false,"tdm_status":"","tdm_grid_status":"","footnotes":""},"categories":[1,331,303,24103],"tags":[31224,40527,40528,37492,1047,40526,23985,26507],"class_list":{"0":"post-312545","1":"post","2":"type-post","3":"status-publish","4":"format-standard","6":"category-noticias","7":"category-seccional-medellin","8":"category-seccionales","9":"category-trafico-de-estupefacientes","10":"tag-banda-criminal-dedicada-al-narcomenudeo","11":"tag-delinquen-en-el-barrio-manrique","12":"tag-demolicion-de-inmuebles-construidos-sin-permisos-de-ley","13":"tag-fiscal-luz-adriana-camargo","14":"tag-fiscalia-general-de-la-nacion","15":"tag-grupo-delincuencial-la-marina","16":"tag-medellin-antioquia","17":"tag-nororiente-de-medellin"},"yoast_head":"<!-- This site is optimized with the Yoast SEO plugin v24.3 - https:\/\/yoast.com\/wordpress\/plugins\/seo\/ -->\n<title>Fiscal\u00eda General de la Naci\u00f3n<\/title>\n<meta name=\"description\" content=\"P\u00e1gina oficial de la Fiscal\u00eda General de la Naci\u00f3n \u2013 Colombia. Garantizamos el acceso efectivo a la justicia, la verdad y la reparaci\u00f3n de las v\u00edctimas de los delitos.\" \/>\n<meta name=\"robots\" content=\"noindex, follow\" \/>\n<meta property=\"og:locale\" content=\"es_ES\" \/>\n<meta property=\"og:type\" content=\"article\" \/>\n<meta property=\"og:title\" content=\"Fiscal\u00eda General de la Naci\u00f3n\" \/>\n<meta property=\"og:description\" content=\"P\u00e1gina oficial de la Fiscal\u00eda General de la Naci\u00f3n \u2013 Colombia. Garantizamos el acceso efectivo a la justicia, la verdad y la reparaci\u00f3n de las v\u00edctimas de los delitos.\" \/>\n<meta property=\"og:url\" content=\"https:\/\/www.fiscalia.gov.co\/colombia\/noticias\/fiscalia-impacta-grupo-delincuencial-dedicado-al-narcomenudeo-en-el-nororiente-de-medellin\/\" \/>\n<meta property=\"og:site_name\" content=\"Fiscal\u00eda General de la Naci\u00f3n\" \/>\n<meta property=\"article:publisher\" content=\"https:\/\/www.facebook.com\/FiscaliaCol\" \/>\n<meta property=\"article:published_time\" content=\"2025-03-19T19:14:00+00:00\" \/>\n<meta name=\"author\" content=\"Jordan Leandro Oviedo Anzola\" \/>\n<meta name=\"twitter:card\" content=\"summary_large_image\" \/>\n<meta name=\"twitter:creator\" content=\"@FiscaliaCol\" \/>\n<meta name=\"twitter:site\" content=\"@FiscaliaCol\" \/>\n<meta name=\"twitter:label1\" content=\"Escrito por\" \/>\n\t<meta name=\"twitter:data1\" content=\"Jordan Leandro Oviedo Anzola\" \/>\n\t<meta name=\"twitter:label2\" content=\"Tiempo de lectura\" \/>\n\t<meta name=\"twitter:data2\" content=\"3 minutos\" \/>\n<script type=\"application\/ld+json\" class=\"yoast-schema-graph\">{\"@context\":\"https:\/\/schema.org\",\"@graph\":[{\"@type\":\"Article\",\"@id\":\"https:\/\/www.fiscalia.gov.co\/colombia\/noticias\/fiscalia-impacta-grupo-delincuencial-dedicado-al-narcomenudeo-en-el-nororiente-de-medellin\/#article\",\"isPartOf\":{\"@id\":\"https:\/\/www.fiscalia.gov.co\/colombia\/noticias\/fiscalia-impacta-grupo-delincuencial-dedicado-al-narcomenudeo-en-el-nororiente-de-medellin\/\"},\"author\":{\"name\":\"Jordan Leandro Oviedo Anzola\",\"@id\":\"https:\/\/www.fiscalia.gov.co\/colombia\/#\/schema\/person\/bf84402cf293a5393e9c70b111020b24\"},\"headline\":\"Fiscal\u00eda impacta grupo delincuencial dedicado al narcomenudeo en el nororiente de Medell\u00edn\",\"datePublished\":\"2025-03-19T19:14:00+00:00\",\"dateModified\":\"2025-03-19T19:14:00+00:00\",\"mainEntityOfPage\":{\"@id\":\"https:\/\/www.fiscalia.gov.co\/colombia\/noticias\/fiscalia-impacta-grupo-delincuencial-dedicado-al-narcomenudeo-en-el-nororiente-de-medellin\/\"},\"wordCount\":570,\"publisher\":{\"@id\":\"https:\/\/www.fiscalia.gov.co\/colombia\/#organization\"},\"keywords\":[\"banda criminal dedicada al narcomenudeo\",\"delinquen en el barrio Manrique\",\"demolici\u00f2n de inmuebles constru\u00ecdos sin permisos de ley.\",\"Fiscal Luz Adriana Camargo\",\"Fiscal\u00eda General de la Naci\u00f3n\",\"Grupo delincuencial La Marina\",\"Medell\u00edn (Antioquia)\",\"NORORIENTE DE MEDELL\u00cdN\"],\"articleSection\":[\"Noticias\",\"Seccional Medell\u00edn\",\"Seccionales\",\"Tr\u00e1fico de estupefacientes\"],\"inLanguage\":\"es-CO\"},{\"@type\":\"WebPage\",\"@id\":\"https:\/\/www.fiscalia.gov.co\/colombia\/noticias\/fiscalia-impacta-grupo-delincuencial-dedicado-al-narcomenudeo-en-el-nororiente-de-medellin\/\",\"url\":\"https:\/\/www.fiscalia.gov.co\/colombia\/noticias\/fiscalia-impacta-grupo-delincuencial-dedicado-al-narcomenudeo-en-el-nororiente-de-medellin\/\",\"name\":\"Fiscal\u00eda General de la Naci\u00f3n\",\"isPartOf\":{\"@id\":\"https:\/\/www.fiscalia.gov.co\/colombia\/#website\"},\"datePublished\":\"2025-03-19T19:14:00+00:00\",\"dateModified\":\"2025-03-19T19:14:00+00:00\",\"description\":\"P\u00e1gina oficial de la Fiscal\u00eda General de la Naci\u00f3n \u2013 Colombia. Garantizamos el acceso efectivo a la justicia, la verdad y la reparaci\u00f3n de las v\u00edctimas de los delitos.\",\"breadcrumb\":{\"@id\":\"https:\/\/www.fiscalia.gov.co\/colombia\/noticias\/fiscalia-impacta-grupo-delincuencial-dedicado-al-narcomenudeo-en-el-nororiente-de-medellin\/#breadcrumb\"},\"inLanguage\":\"es-CO\",\"potentialAction\":[{\"@type\":\"ReadAction\",\"target\":[\"https:\/\/www.fiscalia.gov.co\/colombia\/noticias\/fiscalia-impacta-grupo-delincuencial-dedicado-al-narcomenudeo-en-el-nororiente-de-medellin\/\"]}]},{\"@type\":\"BreadcrumbList\",\"@id\":\"https:\/\/www.fiscalia.gov.co\/colombia\/noticias\/fiscalia-impacta-grupo-delincuencial-dedicado-al-narcomenudeo-en-el-nororiente-de-medellin\/#breadcrumb\",\"itemListElement\":[{\"@type\":\"ListItem\",\"position\":1,\"name\":\"Home\",\"item\":\"https:\/\/www.fiscalia.gov.co\/colombia\/\"},{\"@type\":\"ListItem\",\"position\":2,\"name\":\"Fiscal\u00eda impacta grupo delincuencial dedicado al narcomenudeo en el nororiente de Medell\u00edn\"}]},{\"@type\":\"WebSite\",\"@id\":\"https:\/\/www.fiscalia.gov.co\/colombia\/#website\",\"url\":\"https:\/\/www.fiscalia.gov.co\/colombia\/\",\"name\":\"Fiscal\u00eda General de la Naci\u00f3n\",\"description\":\"P\u00e1gina oficial de la Fiscal\u00eda General de la Naci\u00f3n \u2013 Colombia. Garantizamos el acceso efectivo a la justicia, la verdad y la reparaci\u00f3n de las v\u00edctimas de los delitos.\",\"publisher\":{\"@id\":\"https:\/\/www.fiscalia.gov.co\/colombia\/#organization\"},\"potentialAction\":[{\"@type\":\"SearchAction\",\"target\":{\"@type\":\"EntryPoint\",\"urlTemplate\":\"https:\/\/www.fiscalia.gov.co\/colombia\/?s={search_term_string}\"},\"query-input\":{\"@type\":\"PropertyValueSpecification\",\"valueRequired\":true,\"valueName\":\"search_term_string\"}}],\"inLanguage\":\"es-CO\"},{\"@type\":\"Organization\",\"@id\":\"https:\/\/www.fiscalia.gov.co\/colombia\/#organization\",\"name\":\"Fiscal\u00eda General de la Naci\u00f3n\",\"url\":\"https:\/\/www.fiscalia.gov.co\/colombia\/\",\"logo\":{\"@type\":\"ImageObject\",\"inLanguage\":\"es-CO\",\"@id\":\"https:\/\/www.fiscalia.gov.co\/colombia\/#\/schema\/logo\/image\/\",\"url\":\"https:\/\/www.fiscalia.gov.co\/colombia\/wp-content\/uploads\/LogoHorizontal_1.jpg\",\"contentUrl\":\"https:\/\/www.fiscalia.gov.co\/colombia\/wp-content\/uploads\/LogoHorizontal_1.jpg\",\"width\":300,\"height\":90,\"caption\":\"Fiscal\u00eda General de la Naci\u00f3n\"},\"image\":{\"@id\":\"https:\/\/www.fiscalia.gov.co\/colombia\/#\/schema\/logo\/image\/\"},\"sameAs\":[\"https:\/\/www.facebook.com\/FiscaliaCol\",\"https:\/\/x.com\/FiscaliaCol\",\"https:\/\/www.instagram.com\/fiscaliacol\",\"https:\/\/www.linkedin.com\/company\/fiscalia-general-de-la-naci-n\/\",\"https:\/\/youtube.com\/@fiscaliageneraldelanacion-4668?si=6nN79nyQICPU5iTh\"]},{\"@type\":\"Person\",\"@id\":\"https:\/\/www.fiscalia.gov.co\/colombia\/#\/schema\/person\/bf84402cf293a5393e9c70b111020b24\",\"name\":\"Jordan Leandro Oviedo Anzola\",\"image\":{\"@type\":\"ImageObject\",\"inLanguage\":\"es-CO\",\"@id\":\"https:\/\/www.fiscalia.gov.co\/colombia\/#\/schema\/person\/image\/\",\"url\":\"https:\/\/secure.gravatar.com\/avatar\/dabba4346fa9b9207d96adafa8f92721?s=96&d=mm&r=g\",\"contentUrl\":\"https:\/\/secure.gravatar.com\/avatar\/dabba4346fa9b9207d96adafa8f92721?s=96&d=mm&r=g\",\"caption\":\"Jordan Leandro Oviedo Anzola\"},\"url\":\"https:\/\/www.fiscalia.gov.co\/colombia\/author\/joviedo\/\"}]}<\/script>\n<!-- \/ Yoast SEO plugin. -->","yoast_head_json":{"title":"Fiscal\u00eda General de la Naci\u00f3n","description":"P\u00e1gina oficial de la Fiscal\u00eda General de la Naci\u00f3n \u2013 Colombia. Garantizamos el acceso efectivo a la justicia, la verdad y la reparaci\u00f3n de las v\u00edctimas de los delitos.","robots":{"index":"noindex","follow":"follow"},"og_locale":"es_ES","og_type":"article","og_title":"Fiscal\u00eda General de la Naci\u00f3n","og_description":"P\u00e1gina oficial de la Fiscal\u00eda General de la Naci\u00f3n \u2013 Colombia. Garantizamos el acceso efectivo a la justicia, la verdad y la reparaci\u00f3n de las v\u00edctimas de los delitos.","og_url":"https:\/\/www.fiscalia.gov.co\/colombia\/noticias\/fiscalia-impacta-grupo-delincuencial-dedicado-al-narcomenudeo-en-el-nororiente-de-medellin\/","og_site_name":"Fiscal\u00eda General de la Naci\u00f3n","article_publisher":"https:\/\/www.facebook.com\/FiscaliaCol","article_published_time":"2025-03-19T19:14:00+00:00","author":"Jordan Leandro Oviedo Anzola","twitter_card":"summary_large_image","twitter_creator":"@FiscaliaCol","twitter_site":"@FiscaliaCol","twitter_misc":{"Escrito por":"Jordan Leandro Oviedo Anzola","Tiempo de lectura":"3 minutos"},"schema":{"@context":"https:\/\/schema.org","@graph":[{"@type":"Article","@id":"https:\/\/www.fiscalia.gov.co\/colombia\/noticias\/fiscalia-impacta-grupo-delincuencial-dedicado-al-narcomenudeo-en-el-nororiente-de-medellin\/#article","isPartOf":{"@id":"https:\/\/www.fiscalia.gov.co\/colombia\/noticias\/fiscalia-impacta-grupo-delincuencial-dedicado-al-narcomenudeo-en-el-nororiente-de-medellin\/"},"author":{"name":"Jordan Leandro Oviedo Anzola","@id":"https:\/\/www.fiscalia.gov.co\/colombia\/#\/schema\/person\/bf84402cf293a5393e9c70b111020b24"},"headline":"Fiscal\u00eda impacta grupo delincuencial dedicado al narcomenudeo en el nororiente de Medell\u00edn","datePublished":"2025-03-19T19:14:00+00:00","dateModified":"2025-03-19T19:14:00+00:00","mainEntityOfPage":{"@id":"https:\/\/www.fiscalia.gov.co\/colombia\/noticias\/fiscalia-impacta-grupo-delincuencial-dedicado-al-narcomenudeo-en-el-nororiente-de-medellin\/"},"wordCount":570,"publisher":{"@id":"https:\/\/www.fiscalia.gov.co\/colombia\/#organization"},"keywords":["banda criminal dedicada al narcomenudeo","delinquen en el barrio Manrique","demolici\u00f2n de inmuebles constru\u00ecdos sin permisos de ley.","Fiscal Luz Adriana Camargo","Fiscal\u00eda General de la Naci\u00f3n","Grupo delincuencial La Marina","Medell\u00edn (Antioquia)","NORORIENTE DE MEDELL\u00cdN"],"articleSection":["Noticias","Seccional Medell\u00edn","Seccionales","Tr\u00e1fico de estupefacientes"],"inLanguage":"es-CO"},{"@type":"WebPage","@id":"https:\/\/www.fiscalia.gov.co\/colombia\/noticias\/fiscalia-impacta-grupo-delincuencial-dedicado-al-narcomenudeo-en-el-nororiente-de-medellin\/","url":"https:\/\/www.fiscalia.gov.co\/colombia\/noticias\/fiscalia-impacta-grupo-delincuencial-dedicado-al-narcomenudeo-en-el-nororiente-de-medellin\/","name":"Fiscal\u00eda General de la Naci\u00f3n","isPartOf":{"@id":"https:\/\/www.fiscalia.gov.co\/colombia\/#website"},"datePublished":"2025-03-19T19:14:00+00:00","dateModified":"2025-03-19T19:14:00+00:00","description":"P\u00e1gina oficial de la Fiscal\u00eda General de la Naci\u00f3n \u2013 Colombia. Garantizamos el acceso efectivo a la justicia, la verdad y la reparaci\u00f3n de las v\u00edctimas de los delitos.","breadcrumb":{"@id":"https:\/\/www.fiscalia.gov.co\/colombia\/noticias\/fiscalia-impacta-grupo-delincuencial-dedicado-al-narcomenudeo-en-el-nororiente-de-medellin\/#breadcrumb"},"inLanguage":"es-CO","potentialAction":[{"@type":"ReadAction","target":["https:\/\/www.fiscalia.gov.co\/colombia\/noticias\/fiscalia-impacta-grupo-delincuencial-dedicado-al-narcomenudeo-en-el-nororiente-de-medellin\/"]}]},{"@type":"BreadcrumbList","@id":"https:\/\/www.fiscalia.gov.co\/colombia\/noticias\/fiscalia-impacta-grupo-delincuencial-dedicado-al-narcomenudeo-en-el-nororiente-de-medellin\/#breadcrumb","itemListElement":[{"@type":"ListItem","position":1,"name":"Home","item":"https:\/\/www.fiscalia.gov.co\/colombia\/"},{"@type":"ListItem","position":2,"name":"Fiscal\u00eda impacta grupo delincuencial dedicado al narcomenudeo en el nororiente de Medell\u00edn"}]},{"@type":"WebSite","@id":"https:\/\/www.fiscalia.gov.co\/colombia\/#website","url":"https:\/\/www.fiscalia.gov.co\/colombia\/","name":"Fiscal\u00eda General de la Naci\u00f3n","description":"P\u00e1gina oficial de la Fiscal\u00eda General de la Naci\u00f3n \u2013 Colombia. Garantizamos el acceso efectivo a la justicia, la verdad y la reparaci\u00f3n de las v\u00edctimas de los delitos.","publisher":{"@id":"https:\/\/www.fiscalia.gov.co\/colombia\/#organization"},"potentialAction":[{"@type":"SearchAction","target":{"@type":"EntryPoint","urlTemplate":"https:\/\/www.fiscalia.gov.co\/colombia\/?s={search_term_string}"},"query-input":{"@type":"PropertyValueSpecification","valueRequired":true,"valueName":"search_term_string"}}],"inLanguage":"es-CO"},{"@type":"Organization","@id":"https:\/\/www.fiscalia.gov.co\/colombia\/#organization","name":"Fiscal\u00eda General de la Naci\u00f3n","url":"https:\/\/www.fiscalia.gov.co\/colombia\/","logo":{"@type":"ImageObject","inLanguage":"es-CO","@id":"https:\/\/www.fiscalia.gov.co\/colombia\/#\/schema\/logo\/image\/","url":"https:\/\/www.fiscalia.gov.co\/colombia\/wp-content\/uploads\/LogoHorizontal_1.jpg","contentUrl":"https:\/\/www.fiscalia.gov.co\/colombia\/wp-content\/uploads\/LogoHorizontal_1.jpg","width":300,"height":90,"caption":"Fiscal\u00eda General de la Naci\u00f3n"},"image":{"@id":"https:\/\/www.fiscalia.gov.co\/colombia\/#\/schema\/logo\/image\/"},"sameAs":["https:\/\/www.facebook.com\/FiscaliaCol","https:\/\/x.com\/FiscaliaCol","https:\/\/www.instagram.com\/fiscaliacol","https:\/\/www.linkedin.com\/company\/fiscalia-general-de-la-naci-n\/","https:\/\/youtube.com\/@fiscaliageneraldelanacion-4668?si=6nN79nyQICPU5iTh"]},{"@type":"Person","@id":"https:\/\/www.fiscalia.gov.co\/colombia\/#\/schema\/person\/bf84402cf293a5393e9c70b111020b24","name":"Jordan Leandro Oviedo Anzola","image":{"@type":"ImageObject","inLanguage":"es-CO","@id":"https:\/\/www.fiscalia.gov.co\/colombia\/#\/schema\/person\/image\/","url":"https:\/\/secure.gravatar.com\/avatar\/dabba4346fa9b9207d96adafa8f92721?s=96&d=mm&r=g","contentUrl":"https:\/\/secure.gravatar.com\/avatar\/dabba4346fa9b9207d96adafa8f92721?s=96&d=mm&r=g","caption":"Jordan Leandro Oviedo Anzola"},"url":"https:\/\/www.fiscalia.gov.co\/colombia\/author\/joviedo\/"}]}},"_links":{"self":[{"href":"https:\/\/www.fiscalia.gov.co\/colombia\/wp-json\/wp\/v2\/posts\/312545","targetHints":{"allow":["GET"]}}],"collection":[{"href":"https:\/\/www.fiscalia.gov.co\/colombia\/wp-json\/wp\/v2\/posts"}],"about":[{"href":"https:\/\/www.fiscalia.gov.co\/colombia\/wp-json\/wp\/v2\/types\/post"}],"author":[{"embeddable":true,"href":"https:\/\/www.fiscalia.gov.co\/colombia\/wp-json\/wp\/v2\/users\/177"}],"replies":[{"embeddable":true,"href":"https:\/\/www.fiscalia.gov.co\/colombia\/wp-json\/wp\/v2\/comments?post=312545"}],"version-history":[{"count":1,"href":"https:\/\/www.fiscalia.gov.co\/colombia\/wp-json\/wp\/v2\/posts\/312545\/revisions"}],"predecessor-version":[{"id":312549,"href":"https:\/\/www.fiscalia.gov.co\/colombia\/wp-json\/wp\/v2\/posts\/312545\/revisions\/312549"}],"wp:attachment":[{"href":"https:\/\/www.fiscalia.gov.co\/colombia\/wp-json\/wp\/v2\/media?parent=312545"}],"wp:term":[{"taxonomy":"category","embeddable":true,"href":"https:\/\/www.fiscalia.gov.co\/colombia\/wp-json\/wp\/v2\/categories?post=312545"},{"taxonomy":"post_tag","embeddable":true,"href":"https:\/\/www.fiscalia.gov.co\/colombia\/wp-json\/wp\/v2\/tags?post=312545"}],"curies":[{"name":"wp","href":"https:\/\/api.w.org\/{rel}","templated":true}]}}