{"id":312505,"date":"2025-03-18T14:48:40","date_gmt":"2025-03-18T19:48:40","guid":{"rendered":"https:\/\/www.fiscalia.gov.co\/colombia\/?p=312505"},"modified":"2025-03-18T14:48:40","modified_gmt":"2025-03-18T19:48:40","slug":"en-bolivar-fueron-enviados-a-la-carcel-cuatro-hombres-que-estarian-implicados-en-tres-asesinatos","status":"publish","type":"post","link":"https:\/\/www.fiscalia.gov.co\/colombia\/noticias\/en-bolivar-fueron-enviados-a-la-carcel-cuatro-hombres-que-estarian-implicados-en-tres-asesinatos\/","title":{"rendered":"En Bol\u00edvar fueron enviados a la c\u00e1rcel cuatro hombres que estar\u00edan implicados en tres asesinatos"},"content":{"rendered":"<p>El material probatorio presentado por la Fiscal\u00eda General de la Naci\u00f3n, permiti\u00f3 que jueces de control de garant\u00edas impusieran medidas de aseguramiento, en establecimiento carcelario, a cuatro personas, <a href=\"https:\/\/www.fiscalia.gov.co\/colombia\/noticias\/judicializados-cinco-hombres-que-habrian-participado-en-el-crimen-de-un-adulto-mayor-en-la-isla-de-san-andres\/\">que estar\u00edan involucradas en tres asesinatos<\/a> registrados en hechos distintos en Bol\u00edvar.<\/p>\n<p>En ese sentido, fiscales seccionales imputaron a los procesados, de acuerdo a sus responsabilidades individuales,<a href=\"https:\/\/www.fiscalia.gov.co\/colombia\/noticias\/fiscalia-logra-que-una-mujer-senalada-de-asesinar-a-su-esposo-fuera-enviada-a-la-carcel\/\"> los delitos de homicidio, tentativa de homicidio<\/a>; y fabricaci\u00f3n, tr\u00e1fico, porte o tenencia de arma de fuego, accesorios, partes o municiones; todas las conductas agravadas. <strong>Los cuatro hombres que fueron capturados por la Polic\u00eda Nacional, no aceptaron cargos.<\/strong><\/p>\n<p><strong>Se trata de Jaider de Jes\u00fas Carvajalino P\u00e1jaro, alias Jaidersito de 20 a\u00f1os, quien al parecer, en medio de un asalto, le quit\u00f3 la vida a un hombre de 21.<\/strong> Los hechos ocurrieron el 16 de enero de 2024 en el barrio Espa\u00f1a de Cartagena.<\/p>\n<figure id=\"attachment_312506\" aria-describedby=\"caption-attachment-312506\" style=\"width: 696px\" class=\"wp-caption aligncenter\"><img loading=\"lazy\" decoding=\"async\" class=\"size-large wp-image-312506\" src=\"https:\/\/www.fiscalia.gov.co\/colombia\/wp-content\/uploads\/Foto-1-boletin-18-de-marzo-homicidios--1024x954.jpeg\" alt=\"En la fotograf\u00eda est\u00e1 un hombre de pie, con los brazos atr\u00e1s esposados, delgado, moreno, joven, de orejas grandes, cabellos cortos crespos, vestido con una camiseta beige y un pantal\u00f3n blanco. Se encuentra custodiado por dos uniformados de la Polic\u00eda Nacional. \" width=\"696\" height=\"648\" srcset=\"https:\/\/www.fiscalia.gov.co\/colombia\/wp-content\/uploads\/Foto-1-boletin-18-de-marzo-homicidios--1024x954.jpeg 1024w, https:\/\/www.fiscalia.gov.co\/colombia\/wp-content\/uploads\/Foto-1-boletin-18-de-marzo-homicidios--300x279.jpeg 300w, https:\/\/www.fiscalia.gov.co\/colombia\/wp-content\/uploads\/Foto-1-boletin-18-de-marzo-homicidios--768x715.jpeg 768w, https:\/\/www.fiscalia.gov.co\/colombia\/wp-content\/uploads\/Foto-1-boletin-18-de-marzo-homicidios--1536x1430.jpeg 1536w, https:\/\/www.fiscalia.gov.co\/colombia\/wp-content\/uploads\/Foto-1-boletin-18-de-marzo-homicidios--451x420.jpeg 451w, https:\/\/www.fiscalia.gov.co\/colombia\/wp-content\/uploads\/Foto-1-boletin-18-de-marzo-homicidios--696x648.jpeg 696w, https:\/\/www.fiscalia.gov.co\/colombia\/wp-content\/uploads\/Foto-1-boletin-18-de-marzo-homicidios--1068x995.jpeg 1068w, https:\/\/www.fiscalia.gov.co\/colombia\/wp-content\/uploads\/Foto-1-boletin-18-de-marzo-homicidios-.jpeg 1600w\" sizes=\"auto, (max-width: 696px) 100vw, 696px\" \/><figcaption id=\"caption-attachment-312506\" class=\"wp-caption-text\">Jaider de Jes\u00fas Carvajalino P\u00e1jaro judicializado.<\/figcaption><\/figure>\n<p>Tambi\u00e9n fue judicializado Carlos Alberto Contreras Muriel, alias Carlis, de 28 a\u00f1os, por los <strong>acontecimientos registrados el 22 de octubre de 2024 en una vivienda del barrio Olaya Herrera en la capital de Bol\u00edvar.<\/strong> Hasta ese lugar habr\u00eda llegado el procesado en una motocicleta y, sin mediar palabra, dispar\u00f3 contra varias personas que se encontraban en la terraza departiendo. En el ataque falleci\u00f3 un hombre de 18 a\u00f1os.<\/p>\n<figure id=\"attachment_312507\" aria-describedby=\"caption-attachment-312507\" style=\"width: 696px\" class=\"wp-caption aligncenter\"><img loading=\"lazy\" decoding=\"async\" class=\"size-large wp-image-312507\" src=\"https:\/\/www.fiscalia.gov.co\/colombia\/wp-content\/uploads\/Foto-2-boletin-18-de-marzo-homicidio--1024x817.jpeg\" alt=\"En la imagen est\u00e1 un hombre de pie, con los brazos atr\u00e1s esposados, delgado, moreno con la cabeza agachada, tiene una gorra negra puesta y se encuentra vestido con una camiseta blanca y un jean negro con un roto en la pierna. Est\u00e1 acompa\u00f1ado de dos polic\u00edas. \" width=\"696\" height=\"555\" srcset=\"https:\/\/www.fiscalia.gov.co\/colombia\/wp-content\/uploads\/Foto-2-boletin-18-de-marzo-homicidio--1024x817.jpeg 1024w, https:\/\/www.fiscalia.gov.co\/colombia\/wp-content\/uploads\/Foto-2-boletin-18-de-marzo-homicidio--300x239.jpeg 300w, https:\/\/www.fiscalia.gov.co\/colombia\/wp-content\/uploads\/Foto-2-boletin-18-de-marzo-homicidio--768x612.jpeg 768w, https:\/\/www.fiscalia.gov.co\/colombia\/wp-content\/uploads\/Foto-2-boletin-18-de-marzo-homicidio--1536x1225.jpeg 1536w, https:\/\/www.fiscalia.gov.co\/colombia\/wp-content\/uploads\/Foto-2-boletin-18-de-marzo-homicidio--527x420.jpeg 527w, https:\/\/www.fiscalia.gov.co\/colombia\/wp-content\/uploads\/Foto-2-boletin-18-de-marzo-homicidio--696x555.jpeg 696w, https:\/\/www.fiscalia.gov.co\/colombia\/wp-content\/uploads\/Foto-2-boletin-18-de-marzo-homicidio--1068x852.jpeg 1068w, https:\/\/www.fiscalia.gov.co\/colombia\/wp-content\/uploads\/Foto-2-boletin-18-de-marzo-homicidio-.jpeg 1600w\" sizes=\"auto, (max-width: 696px) 100vw, 696px\" \/><figcaption id=\"caption-attachment-312507\" class=\"wp-caption-text\">Carlos Alberto Contreras Muriel judicializado.<\/figcaption><\/figure>\n<p>De otra parte, fueron asegurados los hermanos Manuel Jos\u00e9 y Duglas Maldonado de Hoyos, <strong>presuntos responsables de un ataque violento ocurrido en el barrio Costa Azul de Magangu\u00e9 (Bol\u00edvar) el pasado 13 de marzo.<\/strong> Los ahora implicados, al parecer, con arma blanca le causaron la muerte al due\u00f1o de una casa y heridas a su perro luego de que no los dejara ingresar para esconderse de las autoridades que los persegu\u00edan. Se cree que los hombres hu\u00edan por un hurto cometido momentos antes.<\/p>\n<figure id=\"attachment_312508\" aria-describedby=\"caption-attachment-312508\" style=\"width: 696px\" class=\"wp-caption aligncenter\"><img loading=\"lazy\" decoding=\"async\" class=\"size-large wp-image-312508\" src=\"https:\/\/www.fiscalia.gov.co\/colombia\/wp-content\/uploads\/Foto-3-boletin-18-de-marzo-homicidios--1024x716.jpeg\" alt=\"En la foto aparecen dos hombres de pie, delgados con los brazos atr\u00e1s esposados, uno es alto y est\u00e1 vestido con camiseta negra y jean azul y el otro es de baja estatura vestido con una camiseta rosada y un pantal\u00f3n beige. Estan custodiados por uniformados de la Polic\u00eda Nacional. \" width=\"696\" height=\"487\" srcset=\"https:\/\/www.fiscalia.gov.co\/colombia\/wp-content\/uploads\/Foto-3-boletin-18-de-marzo-homicidios--1024x716.jpeg 1024w, https:\/\/www.fiscalia.gov.co\/colombia\/wp-content\/uploads\/Foto-3-boletin-18-de-marzo-homicidios--300x210.jpeg 300w, https:\/\/www.fiscalia.gov.co\/colombia\/wp-content\/uploads\/Foto-3-boletin-18-de-marzo-homicidios--768x537.jpeg 768w, https:\/\/www.fiscalia.gov.co\/colombia\/wp-content\/uploads\/Foto-3-boletin-18-de-marzo-homicidios--1536x1074.jpeg 1536w, https:\/\/www.fiscalia.gov.co\/colombia\/wp-content\/uploads\/Foto-3-boletin-18-de-marzo-homicidios--601x420.jpeg 601w, https:\/\/www.fiscalia.gov.co\/colombia\/wp-content\/uploads\/Foto-3-boletin-18-de-marzo-homicidios--696x487.jpeg 696w, https:\/\/www.fiscalia.gov.co\/colombia\/wp-content\/uploads\/Foto-3-boletin-18-de-marzo-homicidios--1068x747.jpeg 1068w, https:\/\/www.fiscalia.gov.co\/colombia\/wp-content\/uploads\/Foto-3-boletin-18-de-marzo-homicidios--100x70.jpeg 100w, https:\/\/www.fiscalia.gov.co\/colombia\/wp-content\/uploads\/Foto-3-boletin-18-de-marzo-homicidios-.jpeg 1600w\" sizes=\"auto, (max-width: 696px) 100vw, 696px\" \/><figcaption id=\"caption-attachment-312508\" class=\"wp-caption-text\">Los hermanos Manuel Jos\u00e9 y Duglas Maldonado de Hoyos judicializados.<\/figcaption><\/figure>\n<p>&nbsp;<\/p>\n<p>&nbsp;<\/p>\n<p>&nbsp;<\/p>\n<p>&nbsp;<\/p>\n<p>&nbsp;<\/p>\n<p>MEVA\/AMCJ\/JB\/IR\/EGM\/DSB<\/p>\n<p>&nbsp;<\/p>\n<p>&nbsp;<\/p>\n<p>&nbsp;<\/p>\n<p>&nbsp;<\/p>\n<p><em>La informaci\u00f3n contenida en este bolet\u00edn de prensa corresponde a la narraci\u00f3n de los hechos noticiosos objetivos, suministrados por los funcionarios encargados de adelantar las investigaciones penales al interior de la Fiscal\u00eda General de la Naci\u00f3n. Para el momento de la divulgaci\u00f3n de este comunicado, la situaci\u00f3n jur\u00eddica de la(s) persona(s) relacionada(s) se encuentra pendiente de resolver por la autoridad judicial competente, siempre bajo los preceptos de la presunci\u00f3n de inocencia, consagrados en el art\u00edculo 29 de la Constituci\u00f3n Pol\u00edtica y el art\u00edculo 7\u00ba de la Ley 906 de 2004.<\/em><\/p>\n<p>&nbsp;<\/p>\n\n<div class=\"twitter-share\"><a href=\"https:\/\/twitter.com\/intent\/tweet?via=fiscaliacol\" class=\"twitter-share-button\">Tweet<\/a><\/div>\n","protected":false},"excerpt":{"rendered":"<p>El material probatorio presentado por la Fiscal\u00eda General de la Naci\u00f3n, permiti\u00f3 que jueces de control de garant\u00edas impusieran medidas de aseguramiento, en establecimiento carcelario, a cuatro personas, que estar\u00edan involucradas en tres asesinatos registrados en hechos distintos en Bol\u00edvar. En ese sentido, fiscales seccionales imputaron a los procesados, de acuerdo a sus responsabilidades individuales, [&hellip;]<\/p>\n","protected":false},"author":177,"featured_media":0,"comment_status":"closed","ping_status":"open","sticky":false,"template":"","format":"standard","meta":{"tdm_status":"","tdm_grid_status":"","footnotes":""},"categories":[1,325,303,24099],"tags":[5180,12163,14550,23819,23998,29560,24187,1047,24288,390,409,8948,558,26165],"class_list":{"0":"post-312505","1":"post","2":"type-post","3":"status-publish","4":"format-standard","6":"category-noticias","7":"category-seccional-cartagena","8":"category-seccionales","9":"category-seguridad-territorial","10":"tag-arma-blanca","11":"tag-arma-de-fuego","12":"tag-carcel","13":"tag-cartagena","14":"tag-cartagena-bolivar","15":"tag-disparos","16":"tag-fiscalia-colombia","17":"tag-fiscalia-general-de-la-nacion","18":"tag-heridas","19":"tag-hermanos","20":"tag-homicidio","21":"tag-magangue-2","22":"tag-policia-nacional","23":"tag-procesados"},"yoast_head":"<!-- This site is optimized with the Yoast SEO plugin v24.3 - https:\/\/yoast.com\/wordpress\/plugins\/seo\/ -->\n<title>Fiscal\u00eda General de la Naci\u00f3n<\/title>\n<meta name=\"description\" content=\"P\u00e1gina oficial de la Fiscal\u00eda General de la Naci\u00f3n \u2013 Colombia. Garantizamos el acceso efectivo a la justicia, la verdad y la reparaci\u00f3n de las v\u00edctimas de los delitos.\" \/>\n<meta name=\"robots\" content=\"noindex, follow\" \/>\n<meta property=\"og:locale\" content=\"es_ES\" \/>\n<meta property=\"og:type\" content=\"article\" \/>\n<meta property=\"og:title\" content=\"Fiscal\u00eda General de la Naci\u00f3n\" \/>\n<meta property=\"og:description\" content=\"P\u00e1gina oficial de la Fiscal\u00eda General de la Naci\u00f3n \u2013 Colombia. Garantizamos el acceso efectivo a la justicia, la verdad y la reparaci\u00f3n de las v\u00edctimas de los delitos.\" \/>\n<meta property=\"og:url\" content=\"https:\/\/www.fiscalia.gov.co\/colombia\/noticias\/en-bolivar-fueron-enviados-a-la-carcel-cuatro-hombres-que-estarian-implicados-en-tres-asesinatos\/\" \/>\n<meta property=\"og:site_name\" content=\"Fiscal\u00eda General de la Naci\u00f3n\" \/>\n<meta property=\"article:publisher\" content=\"https:\/\/www.facebook.com\/FiscaliaCol\" \/>\n<meta property=\"article:published_time\" content=\"2025-03-18T19:48:40+00:00\" \/>\n<meta property=\"og:image\" content=\"https:\/\/www.fiscalia.gov.co\/colombia\/wp-content\/uploads\/Foto-1-boletin-18-de-marzo-homicidios-.jpeg\" \/>\n\t<meta property=\"og:image:width\" content=\"1600\" \/>\n\t<meta property=\"og:image:height\" content=\"1490\" \/>\n\t<meta property=\"og:image:type\" content=\"image\/jpeg\" \/>\n<meta name=\"author\" content=\"Jordan Leandro Oviedo Anzola\" \/>\n<meta name=\"twitter:card\" content=\"summary_large_image\" \/>\n<meta name=\"twitter:creator\" content=\"@FiscaliaCol\" \/>\n<meta name=\"twitter:site\" content=\"@FiscaliaCol\" \/>\n<meta name=\"twitter:label1\" content=\"Escrito por\" \/>\n\t<meta name=\"twitter:data1\" content=\"Jordan Leandro Oviedo Anzola\" \/>\n\t<meta name=\"twitter:label2\" content=\"Tiempo de lectura\" \/>\n\t<meta name=\"twitter:data2\" content=\"3 minutos\" \/>\n<script type=\"application\/ld+json\" class=\"yoast-schema-graph\">{\"@context\":\"https:\/\/schema.org\",\"@graph\":[{\"@type\":\"Article\",\"@id\":\"https:\/\/www.fiscalia.gov.co\/colombia\/noticias\/en-bolivar-fueron-enviados-a-la-carcel-cuatro-hombres-que-estarian-implicados-en-tres-asesinatos\/#article\",\"isPartOf\":{\"@id\":\"https:\/\/www.fiscalia.gov.co\/colombia\/noticias\/en-bolivar-fueron-enviados-a-la-carcel-cuatro-hombres-que-estarian-implicados-en-tres-asesinatos\/\"},\"author\":{\"name\":\"Jordan Leandro Oviedo Anzola\",\"@id\":\"https:\/\/www.fiscalia.gov.co\/colombia\/#\/schema\/person\/bf84402cf293a5393e9c70b111020b24\"},\"headline\":\"En Bol\u00edvar fueron enviados a la c\u00e1rcel cuatro hombres que estar\u00edan implicados en tres asesinatos\",\"datePublished\":\"2025-03-18T19:48:40+00:00\",\"dateModified\":\"2025-03-18T19:48:40+00:00\",\"mainEntityOfPage\":{\"@id\":\"https:\/\/www.fiscalia.gov.co\/colombia\/noticias\/en-bolivar-fueron-enviados-a-la-carcel-cuatro-hombres-que-estarian-implicados-en-tres-asesinatos\/\"},\"wordCount\":481,\"publisher\":{\"@id\":\"https:\/\/www.fiscalia.gov.co\/colombia\/#organization\"},\"image\":{\"@id\":\"https:\/\/www.fiscalia.gov.co\/colombia\/noticias\/en-bolivar-fueron-enviados-a-la-carcel-cuatro-hombres-que-estarian-implicados-en-tres-asesinatos\/#primaryimage\"},\"thumbnailUrl\":\"https:\/\/www.fiscalia.gov.co\/colombia\/wp-content\/uploads\/Foto-1-boletin-18-de-marzo-homicidios--1024x954.jpeg\",\"keywords\":[\"Arma Blanca\",\"Arma de fuego\",\"C\u00e1rcel\",\"Cartagena\",\"Cartagena (Bol\u00edvar)\",\"disparos\",\"Fiscal\u00eda Colombia\",\"Fiscal\u00eda General de la Naci\u00f3n\",\"heridas\",\"Hermanos\",\"Homicidio\",\"Magangu\u00e9\",\"Polic\u00eda Nacional\",\"procesados\"],\"articleSection\":[\"Noticias\",\"Seccional Cartagena\",\"Seccionales\",\"Seguridad territorial\"],\"inLanguage\":\"es-CO\"},{\"@type\":\"WebPage\",\"@id\":\"https:\/\/www.fiscalia.gov.co\/colombia\/noticias\/en-bolivar-fueron-enviados-a-la-carcel-cuatro-hombres-que-estarian-implicados-en-tres-asesinatos\/\",\"url\":\"https:\/\/www.fiscalia.gov.co\/colombia\/noticias\/en-bolivar-fueron-enviados-a-la-carcel-cuatro-hombres-que-estarian-implicados-en-tres-asesinatos\/\",\"name\":\"Fiscal\u00eda General de la Naci\u00f3n\",\"isPartOf\":{\"@id\":\"https:\/\/www.fiscalia.gov.co\/colombia\/#website\"},\"primaryImageOfPage\":{\"@id\":\"https:\/\/www.fiscalia.gov.co\/colombia\/noticias\/en-bolivar-fueron-enviados-a-la-carcel-cuatro-hombres-que-estarian-implicados-en-tres-asesinatos\/#primaryimage\"},\"image\":{\"@id\":\"https:\/\/www.fiscalia.gov.co\/colombia\/noticias\/en-bolivar-fueron-enviados-a-la-carcel-cuatro-hombres-que-estarian-implicados-en-tres-asesinatos\/#primaryimage\"},\"thumbnailUrl\":\"https:\/\/www.fiscalia.gov.co\/colombia\/wp-content\/uploads\/Foto-1-boletin-18-de-marzo-homicidios--1024x954.jpeg\",\"datePublished\":\"2025-03-18T19:48:40+00:00\",\"dateModified\":\"2025-03-18T19:48:40+00:00\",\"description\":\"P\u00e1gina oficial de la Fiscal\u00eda General de la Naci\u00f3n \u2013 Colombia. Garantizamos el acceso efectivo a la justicia, la verdad y la reparaci\u00f3n de las v\u00edctimas de los delitos.\",\"breadcrumb\":{\"@id\":\"https:\/\/www.fiscalia.gov.co\/colombia\/noticias\/en-bolivar-fueron-enviados-a-la-carcel-cuatro-hombres-que-estarian-implicados-en-tres-asesinatos\/#breadcrumb\"},\"inLanguage\":\"es-CO\",\"potentialAction\":[{\"@type\":\"ReadAction\",\"target\":[\"https:\/\/www.fiscalia.gov.co\/colombia\/noticias\/en-bolivar-fueron-enviados-a-la-carcel-cuatro-hombres-que-estarian-implicados-en-tres-asesinatos\/\"]}]},{\"@type\":\"ImageObject\",\"inLanguage\":\"es-CO\",\"@id\":\"https:\/\/www.fiscalia.gov.co\/colombia\/noticias\/en-bolivar-fueron-enviados-a-la-carcel-cuatro-hombres-que-estarian-implicados-en-tres-asesinatos\/#primaryimage\",\"url\":\"https:\/\/www.fiscalia.gov.co\/colombia\/wp-content\/uploads\/Foto-1-boletin-18-de-marzo-homicidios-.jpeg\",\"contentUrl\":\"https:\/\/www.fiscalia.gov.co\/colombia\/wp-content\/uploads\/Foto-1-boletin-18-de-marzo-homicidios-.jpeg\",\"width\":1600,\"height\":1490,\"caption\":\"Jaider de Jes\u00fas Carvajalino P\u00e1jaro judicializado.\"},{\"@type\":\"BreadcrumbList\",\"@id\":\"https:\/\/www.fiscalia.gov.co\/colombia\/noticias\/en-bolivar-fueron-enviados-a-la-carcel-cuatro-hombres-que-estarian-implicados-en-tres-asesinatos\/#breadcrumb\",\"itemListElement\":[{\"@type\":\"ListItem\",\"position\":1,\"name\":\"Home\",\"item\":\"https:\/\/www.fiscalia.gov.co\/colombia\/\"},{\"@type\":\"ListItem\",\"position\":2,\"name\":\"En Bol\u00edvar fueron enviados a la c\u00e1rcel cuatro hombres que estar\u00edan implicados en tres asesinatos\"}]},{\"@type\":\"WebSite\",\"@id\":\"https:\/\/www.fiscalia.gov.co\/colombia\/#website\",\"url\":\"https:\/\/www.fiscalia.gov.co\/colombia\/\",\"name\":\"Fiscal\u00eda General de la Naci\u00f3n\",\"description\":\"P\u00e1gina oficial de la Fiscal\u00eda General de la Naci\u00f3n \u2013 Colombia. Garantizamos el acceso efectivo a la justicia, la verdad y la reparaci\u00f3n de las v\u00edctimas de los delitos.\",\"publisher\":{\"@id\":\"https:\/\/www.fiscalia.gov.co\/colombia\/#organization\"},\"potentialAction\":[{\"@type\":\"SearchAction\",\"target\":{\"@type\":\"EntryPoint\",\"urlTemplate\":\"https:\/\/www.fiscalia.gov.co\/colombia\/?s={search_term_string}\"},\"query-input\":{\"@type\":\"PropertyValueSpecification\",\"valueRequired\":true,\"valueName\":\"search_term_string\"}}],\"inLanguage\":\"es-CO\"},{\"@type\":\"Organization\",\"@id\":\"https:\/\/www.fiscalia.gov.co\/colombia\/#organization\",\"name\":\"Fiscal\u00eda General de la Naci\u00f3n\",\"url\":\"https:\/\/www.fiscalia.gov.co\/colombia\/\",\"logo\":{\"@type\":\"ImageObject\",\"inLanguage\":\"es-CO\",\"@id\":\"https:\/\/www.fiscalia.gov.co\/colombia\/#\/schema\/logo\/image\/\",\"url\":\"https:\/\/www.fiscalia.gov.co\/colombia\/wp-content\/uploads\/LogoHorizontal_1.jpg\",\"contentUrl\":\"https:\/\/www.fiscalia.gov.co\/colombia\/wp-content\/uploads\/LogoHorizontal_1.jpg\",\"width\":300,\"height\":90,\"caption\":\"Fiscal\u00eda General de la Naci\u00f3n\"},\"image\":{\"@id\":\"https:\/\/www.fiscalia.gov.co\/colombia\/#\/schema\/logo\/image\/\"},\"sameAs\":[\"https:\/\/www.facebook.com\/FiscaliaCol\",\"https:\/\/x.com\/FiscaliaCol\",\"https:\/\/www.instagram.com\/fiscaliacol\",\"https:\/\/www.linkedin.com\/company\/fiscalia-general-de-la-naci-n\/\",\"https:\/\/youtube.com\/@fiscaliageneraldelanacion-4668?si=6nN79nyQICPU5iTh\"]},{\"@type\":\"Person\",\"@id\":\"https:\/\/www.fiscalia.gov.co\/colombia\/#\/schema\/person\/bf84402cf293a5393e9c70b111020b24\",\"name\":\"Jordan Leandro Oviedo Anzola\",\"image\":{\"@type\":\"ImageObject\",\"inLanguage\":\"es-CO\",\"@id\":\"https:\/\/www.fiscalia.gov.co\/colombia\/#\/schema\/person\/image\/\",\"url\":\"https:\/\/secure.gravatar.com\/avatar\/dabba4346fa9b9207d96adafa8f92721?s=96&d=mm&r=g\",\"contentUrl\":\"https:\/\/secure.gravatar.com\/avatar\/dabba4346fa9b9207d96adafa8f92721?s=96&d=mm&r=g\",\"caption\":\"Jordan Leandro Oviedo Anzola\"},\"url\":\"https:\/\/www.fiscalia.gov.co\/colombia\/author\/joviedo\/\"}]}<\/script>\n<!-- \/ Yoast SEO plugin. -->","yoast_head_json":{"title":"Fiscal\u00eda General de la Naci\u00f3n","description":"P\u00e1gina oficial de la Fiscal\u00eda General de la Naci\u00f3n \u2013 Colombia. Garantizamos el acceso efectivo a la justicia, la verdad y la reparaci\u00f3n de las v\u00edctimas de los delitos.","robots":{"index":"noindex","follow":"follow"},"og_locale":"es_ES","og_type":"article","og_title":"Fiscal\u00eda General de la Naci\u00f3n","og_description":"P\u00e1gina oficial de la Fiscal\u00eda General de la Naci\u00f3n \u2013 Colombia. Garantizamos el acceso efectivo a la justicia, la verdad y la reparaci\u00f3n de las v\u00edctimas de los delitos.","og_url":"https:\/\/www.fiscalia.gov.co\/colombia\/noticias\/en-bolivar-fueron-enviados-a-la-carcel-cuatro-hombres-que-estarian-implicados-en-tres-asesinatos\/","og_site_name":"Fiscal\u00eda General de la Naci\u00f3n","article_publisher":"https:\/\/www.facebook.com\/FiscaliaCol","article_published_time":"2025-03-18T19:48:40+00:00","og_image":[{"width":1600,"height":1490,"url":"https:\/\/www.fiscalia.gov.co\/colombia\/wp-content\/uploads\/Foto-1-boletin-18-de-marzo-homicidios-.jpeg","type":"image\/jpeg"}],"author":"Jordan Leandro Oviedo Anzola","twitter_card":"summary_large_image","twitter_creator":"@FiscaliaCol","twitter_site":"@FiscaliaCol","twitter_misc":{"Escrito por":"Jordan Leandro Oviedo Anzola","Tiempo de lectura":"3 minutos"},"schema":{"@context":"https:\/\/schema.org","@graph":[{"@type":"Article","@id":"https:\/\/www.fiscalia.gov.co\/colombia\/noticias\/en-bolivar-fueron-enviados-a-la-carcel-cuatro-hombres-que-estarian-implicados-en-tres-asesinatos\/#article","isPartOf":{"@id":"https:\/\/www.fiscalia.gov.co\/colombia\/noticias\/en-bolivar-fueron-enviados-a-la-carcel-cuatro-hombres-que-estarian-implicados-en-tres-asesinatos\/"},"author":{"name":"Jordan Leandro Oviedo Anzola","@id":"https:\/\/www.fiscalia.gov.co\/colombia\/#\/schema\/person\/bf84402cf293a5393e9c70b111020b24"},"headline":"En Bol\u00edvar fueron enviados a la c\u00e1rcel cuatro hombres que estar\u00edan implicados en tres asesinatos","datePublished":"2025-03-18T19:48:40+00:00","dateModified":"2025-03-18T19:48:40+00:00","mainEntityOfPage":{"@id":"https:\/\/www.fiscalia.gov.co\/colombia\/noticias\/en-bolivar-fueron-enviados-a-la-carcel-cuatro-hombres-que-estarian-implicados-en-tres-asesinatos\/"},"wordCount":481,"publisher":{"@id":"https:\/\/www.fiscalia.gov.co\/colombia\/#organization"},"image":{"@id":"https:\/\/www.fiscalia.gov.co\/colombia\/noticias\/en-bolivar-fueron-enviados-a-la-carcel-cuatro-hombres-que-estarian-implicados-en-tres-asesinatos\/#primaryimage"},"thumbnailUrl":"https:\/\/www.fiscalia.gov.co\/colombia\/wp-content\/uploads\/Foto-1-boletin-18-de-marzo-homicidios--1024x954.jpeg","keywords":["Arma Blanca","Arma de fuego","C\u00e1rcel","Cartagena","Cartagena (Bol\u00edvar)","disparos","Fiscal\u00eda Colombia","Fiscal\u00eda General de la Naci\u00f3n","heridas","Hermanos","Homicidio","Magangu\u00e9","Polic\u00eda Nacional","procesados"],"articleSection":["Noticias","Seccional Cartagena","Seccionales","Seguridad territorial"],"inLanguage":"es-CO"},{"@type":"WebPage","@id":"https:\/\/www.fiscalia.gov.co\/colombia\/noticias\/en-bolivar-fueron-enviados-a-la-carcel-cuatro-hombres-que-estarian-implicados-en-tres-asesinatos\/","url":"https:\/\/www.fiscalia.gov.co\/colombia\/noticias\/en-bolivar-fueron-enviados-a-la-carcel-cuatro-hombres-que-estarian-implicados-en-tres-asesinatos\/","name":"Fiscal\u00eda General de la Naci\u00f3n","isPartOf":{"@id":"https:\/\/www.fiscalia.gov.co\/colombia\/#website"},"primaryImageOfPage":{"@id":"https:\/\/www.fiscalia.gov.co\/colombia\/noticias\/en-bolivar-fueron-enviados-a-la-carcel-cuatro-hombres-que-estarian-implicados-en-tres-asesinatos\/#primaryimage"},"image":{"@id":"https:\/\/www.fiscalia.gov.co\/colombia\/noticias\/en-bolivar-fueron-enviados-a-la-carcel-cuatro-hombres-que-estarian-implicados-en-tres-asesinatos\/#primaryimage"},"thumbnailUrl":"https:\/\/www.fiscalia.gov.co\/colombia\/wp-content\/uploads\/Foto-1-boletin-18-de-marzo-homicidios--1024x954.jpeg","datePublished":"2025-03-18T19:48:40+00:00","dateModified":"2025-03-18T19:48:40+00:00","description":"P\u00e1gina oficial de la Fiscal\u00eda General de la Naci\u00f3n \u2013 Colombia. Garantizamos el acceso efectivo a la justicia, la verdad y la reparaci\u00f3n de las v\u00edctimas de los delitos.","breadcrumb":{"@id":"https:\/\/www.fiscalia.gov.co\/colombia\/noticias\/en-bolivar-fueron-enviados-a-la-carcel-cuatro-hombres-que-estarian-implicados-en-tres-asesinatos\/#breadcrumb"},"inLanguage":"es-CO","potentialAction":[{"@type":"ReadAction","target":["https:\/\/www.fiscalia.gov.co\/colombia\/noticias\/en-bolivar-fueron-enviados-a-la-carcel-cuatro-hombres-que-estarian-implicados-en-tres-asesinatos\/"]}]},{"@type":"ImageObject","inLanguage":"es-CO","@id":"https:\/\/www.fiscalia.gov.co\/colombia\/noticias\/en-bolivar-fueron-enviados-a-la-carcel-cuatro-hombres-que-estarian-implicados-en-tres-asesinatos\/#primaryimage","url":"https:\/\/www.fiscalia.gov.co\/colombia\/wp-content\/uploads\/Foto-1-boletin-18-de-marzo-homicidios-.jpeg","contentUrl":"https:\/\/www.fiscalia.gov.co\/colombia\/wp-content\/uploads\/Foto-1-boletin-18-de-marzo-homicidios-.jpeg","width":1600,"height":1490,"caption":"Jaider de Jes\u00fas Carvajalino P\u00e1jaro judicializado."},{"@type":"BreadcrumbList","@id":"https:\/\/www.fiscalia.gov.co\/colombia\/noticias\/en-bolivar-fueron-enviados-a-la-carcel-cuatro-hombres-que-estarian-implicados-en-tres-asesinatos\/#breadcrumb","itemListElement":[{"@type":"ListItem","position":1,"name":"Home","item":"https:\/\/www.fiscalia.gov.co\/colombia\/"},{"@type":"ListItem","position":2,"name":"En Bol\u00edvar fueron enviados a la c\u00e1rcel cuatro hombres que estar\u00edan implicados en tres asesinatos"}]},{"@type":"WebSite","@id":"https:\/\/www.fiscalia.gov.co\/colombia\/#website","url":"https:\/\/www.fiscalia.gov.co\/colombia\/","name":"Fiscal\u00eda General de la Naci\u00f3n","description":"P\u00e1gina oficial de la Fiscal\u00eda General de la Naci\u00f3n \u2013 Colombia. Garantizamos el acceso efectivo a la justicia, la verdad y la reparaci\u00f3n de las v\u00edctimas de los delitos.","publisher":{"@id":"https:\/\/www.fiscalia.gov.co\/colombia\/#organization"},"potentialAction":[{"@type":"SearchAction","target":{"@type":"EntryPoint","urlTemplate":"https:\/\/www.fiscalia.gov.co\/colombia\/?s={search_term_string}"},"query-input":{"@type":"PropertyValueSpecification","valueRequired":true,"valueName":"search_term_string"}}],"inLanguage":"es-CO"},{"@type":"Organization","@id":"https:\/\/www.fiscalia.gov.co\/colombia\/#organization","name":"Fiscal\u00eda General de la Naci\u00f3n","url":"https:\/\/www.fiscalia.gov.co\/colombia\/","logo":{"@type":"ImageObject","inLanguage":"es-CO","@id":"https:\/\/www.fiscalia.gov.co\/colombia\/#\/schema\/logo\/image\/","url":"https:\/\/www.fiscalia.gov.co\/colombia\/wp-content\/uploads\/LogoHorizontal_1.jpg","contentUrl":"https:\/\/www.fiscalia.gov.co\/colombia\/wp-content\/uploads\/LogoHorizontal_1.jpg","width":300,"height":90,"caption":"Fiscal\u00eda General de la Naci\u00f3n"},"image":{"@id":"https:\/\/www.fiscalia.gov.co\/colombia\/#\/schema\/logo\/image\/"},"sameAs":["https:\/\/www.facebook.com\/FiscaliaCol","https:\/\/x.com\/FiscaliaCol","https:\/\/www.instagram.com\/fiscaliacol","https:\/\/www.linkedin.com\/company\/fiscalia-general-de-la-naci-n\/","https:\/\/youtube.com\/@fiscaliageneraldelanacion-4668?si=6nN79nyQICPU5iTh"]},{"@type":"Person","@id":"https:\/\/www.fiscalia.gov.co\/colombia\/#\/schema\/person\/bf84402cf293a5393e9c70b111020b24","name":"Jordan Leandro Oviedo Anzola","image":{"@type":"ImageObject","inLanguage":"es-CO","@id":"https:\/\/www.fiscalia.gov.co\/colombia\/#\/schema\/person\/image\/","url":"https:\/\/secure.gravatar.com\/avatar\/dabba4346fa9b9207d96adafa8f92721?s=96&d=mm&r=g","contentUrl":"https:\/\/secure.gravatar.com\/avatar\/dabba4346fa9b9207d96adafa8f92721?s=96&d=mm&r=g","caption":"Jordan Leandro Oviedo Anzola"},"url":"https:\/\/www.fiscalia.gov.co\/colombia\/author\/joviedo\/"}]}},"_links":{"self":[{"href":"https:\/\/www.fiscalia.gov.co\/colombia\/wp-json\/wp\/v2\/posts\/312505","targetHints":{"allow":["GET"]}}],"collection":[{"href":"https:\/\/www.fiscalia.gov.co\/colombia\/wp-json\/wp\/v2\/posts"}],"about":[{"href":"https:\/\/www.fiscalia.gov.co\/colombia\/wp-json\/wp\/v2\/types\/post"}],"author":[{"embeddable":true,"href":"https:\/\/www.fiscalia.gov.co\/colombia\/wp-json\/wp\/v2\/users\/177"}],"replies":[{"embeddable":true,"href":"https:\/\/www.fiscalia.gov.co\/colombia\/wp-json\/wp\/v2\/comments?post=312505"}],"version-history":[{"count":1,"href":"https:\/\/www.fiscalia.gov.co\/colombia\/wp-json\/wp\/v2\/posts\/312505\/revisions"}],"predecessor-version":[{"id":312509,"href":"https:\/\/www.fiscalia.gov.co\/colombia\/wp-json\/wp\/v2\/posts\/312505\/revisions\/312509"}],"wp:attachment":[{"href":"https:\/\/www.fiscalia.gov.co\/colombia\/wp-json\/wp\/v2\/media?parent=312505"}],"wp:term":[{"taxonomy":"category","embeddable":true,"href":"https:\/\/www.fiscalia.gov.co\/colombia\/wp-json\/wp\/v2\/categories?post=312505"},{"taxonomy":"post_tag","embeddable":true,"href":"https:\/\/www.fiscalia.gov.co\/colombia\/wp-json\/wp\/v2\/tags?post=312505"}],"curies":[{"name":"wp","href":"https:\/\/api.w.org\/{rel}","templated":true}]}}