{"id":312009,"date":"2025-03-07T10:10:08","date_gmt":"2025-03-07T15:10:08","guid":{"rendered":"https:\/\/www.fiscalia.gov.co\/colombia\/?p=312009"},"modified":"2025-03-07T11:53:03","modified_gmt":"2025-03-07T16:53:03","slug":"fiscalia-acusa-a-hombre-senalado-de-quemar-y-causarle-la-muerte-a-su-pareja-en-subachoque-cundinamarca","status":"publish","type":"post","link":"https:\/\/www.fiscalia.gov.co\/colombia\/noticias\/fiscalia-acusa-a-hombre-senalado-de-quemar-y-causarle-la-muerte-a-su-pareja-en-subachoque-cundinamarca\/","title":{"rendered":"Fiscal\u00eda acusa a hombre se\u00f1alado de quemar y causarle la muerte a su pareja en Subachoque (Cundinamarca)"},"content":{"rendered":"<blockquote>\n<h4 style=\"text-align: left;\"><em><strong>Los elementos materiales probatorios dan cuenta de que la mujer enfrent\u00f3 un ciclo de violencia en el que soport\u00f3 varias agresiones f\u00edsicas, verbales y psicol\u00f3gicas.<\/strong> <\/em><\/h4>\n<\/blockquote>\n<p>&nbsp;<\/p>\n<p>La Fiscal\u00eda General de la Naci\u00f3n acus\u00f3 formalmente por el delito de feminicidio agravado a Luis Lorenzo Correa Baracaldo, el presunto responsable de quemar a su compa\u00f1era sentimental y causarle la muerte en Subachoque (Cundinamarca).<\/p>\n<figure id=\"attachment_312010\" aria-describedby=\"caption-attachment-312010\" style=\"width: 1600px\" class=\"wp-caption aligncenter\"><img loading=\"lazy\" decoding=\"async\" class=\"size-full wp-image-312010\" src=\"https:\/\/www.fiscalia.gov.co\/colombia\/wp-content\/uploads\/Luis-Lorenzo-Correa-Baracaldo.jpeg\" alt=\"El capturado aparece de pie, con las manos esposadas al frente. Est\u00e1 con la cabeza agachada. Lo rodean dos miembros del CTI de la Fiscal\u00eda y hay un banner de la instituci\u00f3n al fondo. \" width=\"1600\" height=\"900\" srcset=\"https:\/\/www.fiscalia.gov.co\/colombia\/wp-content\/uploads\/Luis-Lorenzo-Correa-Baracaldo.jpeg 1600w, https:\/\/www.fiscalia.gov.co\/colombia\/wp-content\/uploads\/Luis-Lorenzo-Correa-Baracaldo-300x169.jpeg 300w, https:\/\/www.fiscalia.gov.co\/colombia\/wp-content\/uploads\/Luis-Lorenzo-Correa-Baracaldo-1024x576.jpeg 1024w, https:\/\/www.fiscalia.gov.co\/colombia\/wp-content\/uploads\/Luis-Lorenzo-Correa-Baracaldo-768x432.jpeg 768w, https:\/\/www.fiscalia.gov.co\/colombia\/wp-content\/uploads\/Luis-Lorenzo-Correa-Baracaldo-1536x864.jpeg 1536w, https:\/\/www.fiscalia.gov.co\/colombia\/wp-content\/uploads\/Luis-Lorenzo-Correa-Baracaldo-747x420.jpeg 747w, https:\/\/www.fiscalia.gov.co\/colombia\/wp-content\/uploads\/Luis-Lorenzo-Correa-Baracaldo-696x392.jpeg 696w, https:\/\/www.fiscalia.gov.co\/colombia\/wp-content\/uploads\/Luis-Lorenzo-Correa-Baracaldo-1068x601.jpeg 1068w\" sizes=\"auto, (max-width: 1600px) 100vw, 1600px\" \/><figcaption id=\"caption-attachment-312010\" class=\"wp-caption-text\">Apoyo fotogr\u00e1fico del momento de la captura de Luis Lorenzo Correa Baracaldo, el 13 de septiembre de 2024.<\/figcaption><\/figure>\n<p>Los hechos investigados ocurrieron el 23 de junio de 2024, en un apartamento del barrio Santa M\u00f3nica. En medio de una discusi\u00f3n el hombre le habr\u00eda arrojado una sustancia t\u00e9rmica a su pareja y prendido fuego; mientras usaba palabras displicentes en su contra.<\/p>\n<p>La v\u00edctima fue llevada por sus familiares a un centro asistencial, pero ante la complejidad de su estado de salud y las quemaduras de segundo y tercer grado en el 54% del cuerpo fue trasladada a un hospital de la localidad de Usaqu\u00e9n, en el norte de Bogot\u00e1, donde muri\u00f3 el 20 de agosto de 2024.<\/p>\n<p>De acuerdo con los elementos materiales probatorios, evidencias f\u00edsicas e informaci\u00f3n legalmente obtenida por un fiscal de la Unidad de Vida de la Seccional Cundinamarca, la mujer enfrent\u00f3 un ciclo de violencia en el que soport\u00f3 agresiones f\u00edsicas, verbales y psicol\u00f3gicas.<\/p>\n<p>Por todo lo anterior, Correa Baracaldo fue capturado por servidores del Cuerpo T\u00e9cnico de Investigaci\u00f3n (CTI), y judicializado en audiencias concentradas realizadas el 17 de septiembre de 2024. Desde entonces permanece privado de la libertad en centro carcelario.<\/p>\n<p>LYBT\/JARG\/<\/p>\n<div class=\"td-post-content tagdiv-type\">\n<div class=\"td-post-content tagdiv-type\">\n<p class=\"p1\"><em><span class=\"s1\">La informaci\u00f3n contenida en este bolet\u00edn de prensa corresponde a la narraci\u00f3n de los hechos noticiosos objetivos, suministrados por los funcionarios encargados de adelantar las investigaciones penales al interior de la Fiscal\u00eda General de la Naci\u00f3n. Para el momento de la divulgaci\u00f3n de este comunicado, la situaci\u00f3n jur\u00eddica de la(s) persona(s) relacionada(s) se encuentra pendiente de resolver por la autoridad judicial competente, siempre bajo los preceptos de la presunci\u00f3n de inocencia, consagrados en el art\u00edculo 29 de la Constituci\u00f3n Pol\u00edtica y el art\u00edculo 7\u00ba de la Ley 906 de 2004.<\/span><\/em><\/p>\n<\/div>\n<footer>\n<div class=\"td-post-source-tags\"><\/div>\n<div class=\"td-post-sharing-bottom\"><\/div>\n<\/footer>\n<\/div>\n<footer>\n<div class=\"td-post-source-tags\"><\/div>\n<div class=\"td-post-sharing-bottom\"><\/div>\n<\/footer>\n\n<div class=\"twitter-share\"><a href=\"https:\/\/twitter.com\/intent\/tweet?via=fiscaliacol\" class=\"twitter-share-button\">Tweet<\/a><\/div>\n","protected":false},"excerpt":{"rendered":"<p>Los elementos materiales probatorios dan cuenta de que la mujer enfrent\u00f3 un ciclo de violencia en el que soport\u00f3 varias agresiones f\u00edsicas, verbales y psicol\u00f3gicas. &nbsp; La Fiscal\u00eda General de [&hellip;]<\/p>\n","protected":false},"author":175,"featured_media":0,"comment_status":"closed","ping_status":"open","sticky":false,"template":"","format":"standard","meta":{"tdm_status":"","tdm_grid_status":"","footnotes":""},"categories":[1,327,24099],"tags":[37491,37514],"class_list":["post-312009","post","type-post","status-publish","format-standard","category-noticias","category-seccional-cundinamarca","category-seguridad-territorial","tag-fiscal-camargo","tag-fiscal-general-luz-adriana-camargo"],"yoast_head":"<!-- This site is optimized with the Yoast SEO plugin v24.3 - https:\/\/yoast.com\/wordpress\/plugins\/seo\/ -->\n<title>Fiscal\u00eda General de la Naci\u00f3n<\/title>\n<meta name=\"description\" content=\"P\u00e1gina oficial de la Fiscal\u00eda General de la Naci\u00f3n \u2013 Colombia. Garantizamos el acceso efectivo a la justicia, la verdad y la reparaci\u00f3n de las v\u00edctimas de los delitos.\" \/>\n<meta name=\"robots\" content=\"noindex, follow\" \/>\n<meta property=\"og:locale\" content=\"es_ES\" \/>\n<meta property=\"og:type\" content=\"article\" \/>\n<meta property=\"og:title\" content=\"Fiscal\u00eda General de la Naci\u00f3n\" \/>\n<meta property=\"og:description\" content=\"P\u00e1gina oficial de la Fiscal\u00eda General de la Naci\u00f3n \u2013 Colombia. Garantizamos el acceso efectivo a la justicia, la verdad y la reparaci\u00f3n de las v\u00edctimas de los delitos.\" \/>\n<meta property=\"og:url\" content=\"https:\/\/www.fiscalia.gov.co\/colombia\/noticias\/fiscalia-acusa-a-hombre-senalado-de-quemar-y-causarle-la-muerte-a-su-pareja-en-subachoque-cundinamarca\/\" \/>\n<meta property=\"og:site_name\" content=\"Fiscal\u00eda General de la Naci\u00f3n\" \/>\n<meta property=\"article:publisher\" content=\"https:\/\/www.facebook.com\/FiscaliaCol\" \/>\n<meta property=\"article:published_time\" content=\"2025-03-07T15:10:08+00:00\" \/>\n<meta property=\"article:modified_time\" content=\"2025-03-07T16:53:03+00:00\" \/>\n<meta property=\"og:image\" content=\"https:\/\/www.fiscalia.gov.co\/colombia\/wp-content\/uploads\/Luis-Lorenzo-Correa-Baracaldo.jpeg\" \/>\n\t<meta property=\"og:image:width\" content=\"1600\" \/>\n\t<meta property=\"og:image:height\" content=\"900\" \/>\n\t<meta property=\"og:image:type\" content=\"image\/jpeg\" \/>\n<meta name=\"author\" content=\"Katherine Loaiza Mart\u00ednez\" \/>\n<meta name=\"twitter:card\" content=\"summary_large_image\" \/>\n<meta name=\"twitter:creator\" content=\"@FiscaliaCol\" \/>\n<meta name=\"twitter:site\" content=\"@FiscaliaCol\" \/>\n<meta name=\"twitter:label1\" content=\"Escrito por\" \/>\n\t<meta name=\"twitter:data1\" content=\"Katherine Loaiza Mart\u00ednez\" \/>\n\t<meta name=\"twitter:label2\" content=\"Tiempo de lectura\" \/>\n\t<meta name=\"twitter:data2\" content=\"2 minutos\" \/>\n<script type=\"application\/ld+json\" class=\"yoast-schema-graph\">{\"@context\":\"https:\/\/schema.org\",\"@graph\":[{\"@type\":\"Article\",\"@id\":\"https:\/\/www.fiscalia.gov.co\/colombia\/noticias\/fiscalia-acusa-a-hombre-senalado-de-quemar-y-causarle-la-muerte-a-su-pareja-en-subachoque-cundinamarca\/#article\",\"isPartOf\":{\"@id\":\"https:\/\/www.fiscalia.gov.co\/colombia\/noticias\/fiscalia-acusa-a-hombre-senalado-de-quemar-y-causarle-la-muerte-a-su-pareja-en-subachoque-cundinamarca\/\"},\"author\":{\"name\":\"Katherine Loaiza Mart\u00ednez\",\"@id\":\"https:\/\/www.fiscalia.gov.co\/colombia\/#\/schema\/person\/2e76b9aba5ecf875ed565ce4de0e0415\"},\"headline\":\"Fiscal\u00eda acusa a hombre se\u00f1alado de quemar y causarle la muerte a su pareja en Subachoque (Cundinamarca)\",\"datePublished\":\"2025-03-07T15:10:08+00:00\",\"dateModified\":\"2025-03-07T16:53:03+00:00\",\"mainEntityOfPage\":{\"@id\":\"https:\/\/www.fiscalia.gov.co\/colombia\/noticias\/fiscalia-acusa-a-hombre-senalado-de-quemar-y-causarle-la-muerte-a-su-pareja-en-subachoque-cundinamarca\/\"},\"wordCount\":396,\"publisher\":{\"@id\":\"https:\/\/www.fiscalia.gov.co\/colombia\/#organization\"},\"image\":{\"@id\":\"https:\/\/www.fiscalia.gov.co\/colombia\/noticias\/fiscalia-acusa-a-hombre-senalado-de-quemar-y-causarle-la-muerte-a-su-pareja-en-subachoque-cundinamarca\/#primaryimage\"},\"thumbnailUrl\":\"https:\/\/www.fiscalia.gov.co\/colombia\/wp-content\/uploads\/Luis-Lorenzo-Correa-Baracaldo.jpeg\",\"keywords\":[\"fiscal Camargo\",\"Fiscal General Luz Adriana Camargo\"],\"articleSection\":[\"Noticias\",\"Seccional Cundinamarca\",\"Seguridad territorial\"],\"inLanguage\":\"es-CO\"},{\"@type\":\"WebPage\",\"@id\":\"https:\/\/www.fiscalia.gov.co\/colombia\/noticias\/fiscalia-acusa-a-hombre-senalado-de-quemar-y-causarle-la-muerte-a-su-pareja-en-subachoque-cundinamarca\/\",\"url\":\"https:\/\/www.fiscalia.gov.co\/colombia\/noticias\/fiscalia-acusa-a-hombre-senalado-de-quemar-y-causarle-la-muerte-a-su-pareja-en-subachoque-cundinamarca\/\",\"name\":\"Fiscal\u00eda General de la Naci\u00f3n\",\"isPartOf\":{\"@id\":\"https:\/\/www.fiscalia.gov.co\/colombia\/#website\"},\"primaryImageOfPage\":{\"@id\":\"https:\/\/www.fiscalia.gov.co\/colombia\/noticias\/fiscalia-acusa-a-hombre-senalado-de-quemar-y-causarle-la-muerte-a-su-pareja-en-subachoque-cundinamarca\/#primaryimage\"},\"image\":{\"@id\":\"https:\/\/www.fiscalia.gov.co\/colombia\/noticias\/fiscalia-acusa-a-hombre-senalado-de-quemar-y-causarle-la-muerte-a-su-pareja-en-subachoque-cundinamarca\/#primaryimage\"},\"thumbnailUrl\":\"https:\/\/www.fiscalia.gov.co\/colombia\/wp-content\/uploads\/Luis-Lorenzo-Correa-Baracaldo.jpeg\",\"datePublished\":\"2025-03-07T15:10:08+00:00\",\"dateModified\":\"2025-03-07T16:53:03+00:00\",\"description\":\"P\u00e1gina oficial de la Fiscal\u00eda General de la Naci\u00f3n \u2013 Colombia. Garantizamos el acceso efectivo a la justicia, la verdad y la reparaci\u00f3n de las v\u00edctimas de los delitos.\",\"breadcrumb\":{\"@id\":\"https:\/\/www.fiscalia.gov.co\/colombia\/noticias\/fiscalia-acusa-a-hombre-senalado-de-quemar-y-causarle-la-muerte-a-su-pareja-en-subachoque-cundinamarca\/#breadcrumb\"},\"inLanguage\":\"es-CO\",\"potentialAction\":[{\"@type\":\"ReadAction\",\"target\":[\"https:\/\/www.fiscalia.gov.co\/colombia\/noticias\/fiscalia-acusa-a-hombre-senalado-de-quemar-y-causarle-la-muerte-a-su-pareja-en-subachoque-cundinamarca\/\"]}]},{\"@type\":\"ImageObject\",\"inLanguage\":\"es-CO\",\"@id\":\"https:\/\/www.fiscalia.gov.co\/colombia\/noticias\/fiscalia-acusa-a-hombre-senalado-de-quemar-y-causarle-la-muerte-a-su-pareja-en-subachoque-cundinamarca\/#primaryimage\",\"url\":\"https:\/\/www.fiscalia.gov.co\/colombia\/wp-content\/uploads\/Luis-Lorenzo-Correa-Baracaldo.jpeg\",\"contentUrl\":\"https:\/\/www.fiscalia.gov.co\/colombia\/wp-content\/uploads\/Luis-Lorenzo-Correa-Baracaldo.jpeg\",\"width\":1600,\"height\":900,\"caption\":\"Apoyo fotogr\u00e1fico del momento de la captura de Luis Lorenzo Correa Baracaldo, el 13 de septiembre de 2024.\"},{\"@type\":\"BreadcrumbList\",\"@id\":\"https:\/\/www.fiscalia.gov.co\/colombia\/noticias\/fiscalia-acusa-a-hombre-senalado-de-quemar-y-causarle-la-muerte-a-su-pareja-en-subachoque-cundinamarca\/#breadcrumb\",\"itemListElement\":[{\"@type\":\"ListItem\",\"position\":1,\"name\":\"Home\",\"item\":\"https:\/\/www.fiscalia.gov.co\/colombia\/\"},{\"@type\":\"ListItem\",\"position\":2,\"name\":\"Fiscal\u00eda acusa a hombre se\u00f1alado de quemar y causarle la muerte a su pareja en Subachoque (Cundinamarca)\"}]},{\"@type\":\"WebSite\",\"@id\":\"https:\/\/www.fiscalia.gov.co\/colombia\/#website\",\"url\":\"https:\/\/www.fiscalia.gov.co\/colombia\/\",\"name\":\"Fiscal\u00eda General de la Naci\u00f3n\",\"description\":\"P\u00e1gina oficial de la Fiscal\u00eda General de la Naci\u00f3n \u2013 Colombia. Garantizamos el acceso efectivo a la justicia, la verdad y la reparaci\u00f3n de las v\u00edctimas de los delitos.\",\"publisher\":{\"@id\":\"https:\/\/www.fiscalia.gov.co\/colombia\/#organization\"},\"potentialAction\":[{\"@type\":\"SearchAction\",\"target\":{\"@type\":\"EntryPoint\",\"urlTemplate\":\"https:\/\/www.fiscalia.gov.co\/colombia\/?s={search_term_string}\"},\"query-input\":{\"@type\":\"PropertyValueSpecification\",\"valueRequired\":true,\"valueName\":\"search_term_string\"}}],\"inLanguage\":\"es-CO\"},{\"@type\":\"Organization\",\"@id\":\"https:\/\/www.fiscalia.gov.co\/colombia\/#organization\",\"name\":\"Fiscal\u00eda General de la Naci\u00f3n\",\"url\":\"https:\/\/www.fiscalia.gov.co\/colombia\/\",\"logo\":{\"@type\":\"ImageObject\",\"inLanguage\":\"es-CO\",\"@id\":\"https:\/\/www.fiscalia.gov.co\/colombia\/#\/schema\/logo\/image\/\",\"url\":\"https:\/\/www.fiscalia.gov.co\/colombia\/wp-content\/uploads\/LogoHorizontal_1.jpg\",\"contentUrl\":\"https:\/\/www.fiscalia.gov.co\/colombia\/wp-content\/uploads\/LogoHorizontal_1.jpg\",\"width\":300,\"height\":90,\"caption\":\"Fiscal\u00eda General de la Naci\u00f3n\"},\"image\":{\"@id\":\"https:\/\/www.fiscalia.gov.co\/colombia\/#\/schema\/logo\/image\/\"},\"sameAs\":[\"https:\/\/www.facebook.com\/FiscaliaCol\",\"https:\/\/x.com\/FiscaliaCol\",\"https:\/\/www.instagram.com\/fiscaliacol\",\"https:\/\/www.linkedin.com\/company\/fiscalia-general-de-la-naci-n\/\",\"https:\/\/youtube.com\/@fiscaliageneraldelanacion-4668?si=6nN79nyQICPU5iTh\"]},{\"@type\":\"Person\",\"@id\":\"https:\/\/www.fiscalia.gov.co\/colombia\/#\/schema\/person\/2e76b9aba5ecf875ed565ce4de0e0415\",\"name\":\"Katherine Loaiza Mart\u00ednez\",\"image\":{\"@type\":\"ImageObject\",\"inLanguage\":\"es-CO\",\"@id\":\"https:\/\/www.fiscalia.gov.co\/colombia\/#\/schema\/person\/image\/\",\"url\":\"https:\/\/secure.gravatar.com\/avatar\/ab775a2f394c1b83b6d6f78680e57b50?s=96&d=mm&r=g\",\"contentUrl\":\"https:\/\/secure.gravatar.com\/avatar\/ab775a2f394c1b83b6d6f78680e57b50?s=96&d=mm&r=g\",\"caption\":\"Katherine Loaiza Mart\u00ednez\"},\"url\":\"https:\/\/www.fiscalia.gov.co\/colombia\/author\/kloaiza\/\"}]}<\/script>\n<!-- \/ Yoast SEO plugin. -->","yoast_head_json":{"title":"Fiscal\u00eda General de la Naci\u00f3n","description":"P\u00e1gina oficial de la Fiscal\u00eda General de la Naci\u00f3n \u2013 Colombia. Garantizamos el acceso efectivo a la justicia, la verdad y la reparaci\u00f3n de las v\u00edctimas de los delitos.","robots":{"index":"noindex","follow":"follow"},"og_locale":"es_ES","og_type":"article","og_title":"Fiscal\u00eda General de la Naci\u00f3n","og_description":"P\u00e1gina oficial de la Fiscal\u00eda General de la Naci\u00f3n \u2013 Colombia. Garantizamos el acceso efectivo a la justicia, la verdad y la reparaci\u00f3n de las v\u00edctimas de los delitos.","og_url":"https:\/\/www.fiscalia.gov.co\/colombia\/noticias\/fiscalia-acusa-a-hombre-senalado-de-quemar-y-causarle-la-muerte-a-su-pareja-en-subachoque-cundinamarca\/","og_site_name":"Fiscal\u00eda General de la Naci\u00f3n","article_publisher":"https:\/\/www.facebook.com\/FiscaliaCol","article_published_time":"2025-03-07T15:10:08+00:00","article_modified_time":"2025-03-07T16:53:03+00:00","og_image":[{"width":1600,"height":900,"url":"https:\/\/www.fiscalia.gov.co\/colombia\/wp-content\/uploads\/Luis-Lorenzo-Correa-Baracaldo.jpeg","type":"image\/jpeg"}],"author":"Katherine Loaiza Mart\u00ednez","twitter_card":"summary_large_image","twitter_creator":"@FiscaliaCol","twitter_site":"@FiscaliaCol","twitter_misc":{"Escrito por":"Katherine Loaiza Mart\u00ednez","Tiempo de lectura":"2 minutos"},"schema":{"@context":"https:\/\/schema.org","@graph":[{"@type":"Article","@id":"https:\/\/www.fiscalia.gov.co\/colombia\/noticias\/fiscalia-acusa-a-hombre-senalado-de-quemar-y-causarle-la-muerte-a-su-pareja-en-subachoque-cundinamarca\/#article","isPartOf":{"@id":"https:\/\/www.fiscalia.gov.co\/colombia\/noticias\/fiscalia-acusa-a-hombre-senalado-de-quemar-y-causarle-la-muerte-a-su-pareja-en-subachoque-cundinamarca\/"},"author":{"name":"Katherine Loaiza Mart\u00ednez","@id":"https:\/\/www.fiscalia.gov.co\/colombia\/#\/schema\/person\/2e76b9aba5ecf875ed565ce4de0e0415"},"headline":"Fiscal\u00eda acusa a hombre se\u00f1alado de quemar y causarle la muerte a su pareja en Subachoque (Cundinamarca)","datePublished":"2025-03-07T15:10:08+00:00","dateModified":"2025-03-07T16:53:03+00:00","mainEntityOfPage":{"@id":"https:\/\/www.fiscalia.gov.co\/colombia\/noticias\/fiscalia-acusa-a-hombre-senalado-de-quemar-y-causarle-la-muerte-a-su-pareja-en-subachoque-cundinamarca\/"},"wordCount":396,"publisher":{"@id":"https:\/\/www.fiscalia.gov.co\/colombia\/#organization"},"image":{"@id":"https:\/\/www.fiscalia.gov.co\/colombia\/noticias\/fiscalia-acusa-a-hombre-senalado-de-quemar-y-causarle-la-muerte-a-su-pareja-en-subachoque-cundinamarca\/#primaryimage"},"thumbnailUrl":"https:\/\/www.fiscalia.gov.co\/colombia\/wp-content\/uploads\/Luis-Lorenzo-Correa-Baracaldo.jpeg","keywords":["fiscal Camargo","Fiscal General Luz Adriana Camargo"],"articleSection":["Noticias","Seccional Cundinamarca","Seguridad territorial"],"inLanguage":"es-CO"},{"@type":"WebPage","@id":"https:\/\/www.fiscalia.gov.co\/colombia\/noticias\/fiscalia-acusa-a-hombre-senalado-de-quemar-y-causarle-la-muerte-a-su-pareja-en-subachoque-cundinamarca\/","url":"https:\/\/www.fiscalia.gov.co\/colombia\/noticias\/fiscalia-acusa-a-hombre-senalado-de-quemar-y-causarle-la-muerte-a-su-pareja-en-subachoque-cundinamarca\/","name":"Fiscal\u00eda General de la Naci\u00f3n","isPartOf":{"@id":"https:\/\/www.fiscalia.gov.co\/colombia\/#website"},"primaryImageOfPage":{"@id":"https:\/\/www.fiscalia.gov.co\/colombia\/noticias\/fiscalia-acusa-a-hombre-senalado-de-quemar-y-causarle-la-muerte-a-su-pareja-en-subachoque-cundinamarca\/#primaryimage"},"image":{"@id":"https:\/\/www.fiscalia.gov.co\/colombia\/noticias\/fiscalia-acusa-a-hombre-senalado-de-quemar-y-causarle-la-muerte-a-su-pareja-en-subachoque-cundinamarca\/#primaryimage"},"thumbnailUrl":"https:\/\/www.fiscalia.gov.co\/colombia\/wp-content\/uploads\/Luis-Lorenzo-Correa-Baracaldo.jpeg","datePublished":"2025-03-07T15:10:08+00:00","dateModified":"2025-03-07T16:53:03+00:00","description":"P\u00e1gina oficial de la Fiscal\u00eda General de la Naci\u00f3n \u2013 Colombia. Garantizamos el acceso efectivo a la justicia, la verdad y la reparaci\u00f3n de las v\u00edctimas de los delitos.","breadcrumb":{"@id":"https:\/\/www.fiscalia.gov.co\/colombia\/noticias\/fiscalia-acusa-a-hombre-senalado-de-quemar-y-causarle-la-muerte-a-su-pareja-en-subachoque-cundinamarca\/#breadcrumb"},"inLanguage":"es-CO","potentialAction":[{"@type":"ReadAction","target":["https:\/\/www.fiscalia.gov.co\/colombia\/noticias\/fiscalia-acusa-a-hombre-senalado-de-quemar-y-causarle-la-muerte-a-su-pareja-en-subachoque-cundinamarca\/"]}]},{"@type":"ImageObject","inLanguage":"es-CO","@id":"https:\/\/www.fiscalia.gov.co\/colombia\/noticias\/fiscalia-acusa-a-hombre-senalado-de-quemar-y-causarle-la-muerte-a-su-pareja-en-subachoque-cundinamarca\/#primaryimage","url":"https:\/\/www.fiscalia.gov.co\/colombia\/wp-content\/uploads\/Luis-Lorenzo-Correa-Baracaldo.jpeg","contentUrl":"https:\/\/www.fiscalia.gov.co\/colombia\/wp-content\/uploads\/Luis-Lorenzo-Correa-Baracaldo.jpeg","width":1600,"height":900,"caption":"Apoyo fotogr\u00e1fico del momento de la captura de Luis Lorenzo Correa Baracaldo, el 13 de septiembre de 2024."},{"@type":"BreadcrumbList","@id":"https:\/\/www.fiscalia.gov.co\/colombia\/noticias\/fiscalia-acusa-a-hombre-senalado-de-quemar-y-causarle-la-muerte-a-su-pareja-en-subachoque-cundinamarca\/#breadcrumb","itemListElement":[{"@type":"ListItem","position":1,"name":"Home","item":"https:\/\/www.fiscalia.gov.co\/colombia\/"},{"@type":"ListItem","position":2,"name":"Fiscal\u00eda acusa a hombre se\u00f1alado de quemar y causarle la muerte a su pareja en Subachoque (Cundinamarca)"}]},{"@type":"WebSite","@id":"https:\/\/www.fiscalia.gov.co\/colombia\/#website","url":"https:\/\/www.fiscalia.gov.co\/colombia\/","name":"Fiscal\u00eda General de la Naci\u00f3n","description":"P\u00e1gina oficial de la Fiscal\u00eda General de la Naci\u00f3n \u2013 Colombia. Garantizamos el acceso efectivo a la justicia, la verdad y la reparaci\u00f3n de las v\u00edctimas de los delitos.","publisher":{"@id":"https:\/\/www.fiscalia.gov.co\/colombia\/#organization"},"potentialAction":[{"@type":"SearchAction","target":{"@type":"EntryPoint","urlTemplate":"https:\/\/www.fiscalia.gov.co\/colombia\/?s={search_term_string}"},"query-input":{"@type":"PropertyValueSpecification","valueRequired":true,"valueName":"search_term_string"}}],"inLanguage":"es-CO"},{"@type":"Organization","@id":"https:\/\/www.fiscalia.gov.co\/colombia\/#organization","name":"Fiscal\u00eda General de la Naci\u00f3n","url":"https:\/\/www.fiscalia.gov.co\/colombia\/","logo":{"@type":"ImageObject","inLanguage":"es-CO","@id":"https:\/\/www.fiscalia.gov.co\/colombia\/#\/schema\/logo\/image\/","url":"https:\/\/www.fiscalia.gov.co\/colombia\/wp-content\/uploads\/LogoHorizontal_1.jpg","contentUrl":"https:\/\/www.fiscalia.gov.co\/colombia\/wp-content\/uploads\/LogoHorizontal_1.jpg","width":300,"height":90,"caption":"Fiscal\u00eda General de la Naci\u00f3n"},"image":{"@id":"https:\/\/www.fiscalia.gov.co\/colombia\/#\/schema\/logo\/image\/"},"sameAs":["https:\/\/www.facebook.com\/FiscaliaCol","https:\/\/x.com\/FiscaliaCol","https:\/\/www.instagram.com\/fiscaliacol","https:\/\/www.linkedin.com\/company\/fiscalia-general-de-la-naci-n\/","https:\/\/youtube.com\/@fiscaliageneraldelanacion-4668?si=6nN79nyQICPU5iTh"]},{"@type":"Person","@id":"https:\/\/www.fiscalia.gov.co\/colombia\/#\/schema\/person\/2e76b9aba5ecf875ed565ce4de0e0415","name":"Katherine Loaiza Mart\u00ednez","image":{"@type":"ImageObject","inLanguage":"es-CO","@id":"https:\/\/www.fiscalia.gov.co\/colombia\/#\/schema\/person\/image\/","url":"https:\/\/secure.gravatar.com\/avatar\/ab775a2f394c1b83b6d6f78680e57b50?s=96&d=mm&r=g","contentUrl":"https:\/\/secure.gravatar.com\/avatar\/ab775a2f394c1b83b6d6f78680e57b50?s=96&d=mm&r=g","caption":"Katherine Loaiza Mart\u00ednez"},"url":"https:\/\/www.fiscalia.gov.co\/colombia\/author\/kloaiza\/"}]}},"_links":{"self":[{"href":"https:\/\/www.fiscalia.gov.co\/colombia\/wp-json\/wp\/v2\/posts\/312009","targetHints":{"allow":["GET"]}}],"collection":[{"href":"https:\/\/www.fiscalia.gov.co\/colombia\/wp-json\/wp\/v2\/posts"}],"about":[{"href":"https:\/\/www.fiscalia.gov.co\/colombia\/wp-json\/wp\/v2\/types\/post"}],"author":[{"embeddable":true,"href":"https:\/\/www.fiscalia.gov.co\/colombia\/wp-json\/wp\/v2\/users\/175"}],"replies":[{"embeddable":true,"href":"https:\/\/www.fiscalia.gov.co\/colombia\/wp-json\/wp\/v2\/comments?post=312009"}],"version-history":[{"count":1,"href":"https:\/\/www.fiscalia.gov.co\/colombia\/wp-json\/wp\/v2\/posts\/312009\/revisions"}],"predecessor-version":[{"id":312011,"href":"https:\/\/www.fiscalia.gov.co\/colombia\/wp-json\/wp\/v2\/posts\/312009\/revisions\/312011"}],"wp:attachment":[{"href":"https:\/\/www.fiscalia.gov.co\/colombia\/wp-json\/wp\/v2\/media?parent=312009"}],"wp:term":[{"taxonomy":"category","embeddable":true,"href":"https:\/\/www.fiscalia.gov.co\/colombia\/wp-json\/wp\/v2\/categories?post=312009"},{"taxonomy":"post_tag","embeddable":true,"href":"https:\/\/www.fiscalia.gov.co\/colombia\/wp-json\/wp\/v2\/tags?post=312009"}],"curies":[{"name":"wp","href":"https:\/\/api.w.org\/{rel}","templated":true}]}}