{"id":311740,"date":"2025-03-04T11:07:39","date_gmt":"2025-03-04T16:07:39","guid":{"rendered":"https:\/\/www.fiscalia.gov.co\/colombia\/?p=311740"},"modified":"2025-03-04T11:07:39","modified_gmt":"2025-03-04T16:07:39","slug":"condena-de-45-anos-y-9-meses-de-prision-para-responsable-del-feminicidio-de-la-excampeona-mundial-de-patinaje-luz-mery-tristan","status":"publish","type":"post","link":"https:\/\/www.fiscalia.gov.co\/colombia\/noticias\/condena-de-45-anos-y-9-meses-de-prision-para-responsable-del-feminicidio-de-la-excampeona-mundial-de-patinaje-luz-mery-tristan\/","title":{"rendered":"Condena de 45 a\u00f1os y 9 meses de prisi\u00f3n para responsable del feminicidio de la excampeona mundial de patinaje Luz Mery Trist\u00e1n\u202f"},"content":{"rendered":"<blockquote>\n<h4 style=\"text-align: left;\"><strong><em>Andr\u00e9s Gustavo Ricci Garc\u00eda deber\u00e1 permanecer privado de la libertad en la c\u00e1rcel Picale\u00f1a de Ibagu\u00e9 (Tolima).<\/em><\/strong><\/h4>\n<\/blockquote>\n<p><em>\u00a0<\/em><\/p>\n<p>Luego de valorar las pruebas y argumentos presentados por la Fiscal\u00eda General de la Naci\u00f3n en juicio oral, un juez penal de conocimiento conden\u00f3 a 45 a\u00f1os y 9 meses de prisi\u00f3n a Andr\u00e9s Gustavo Ricci Garc\u00eda por el crimen de su pareja sentimental, la excampeona mundial de patinaje, Luz Mery Trist\u00e1n.<\/p>\n<figure id=\"attachment_311741\" aria-describedby=\"caption-attachment-311741\" style=\"width: 1061px\" class=\"wp-caption aligncenter\"><img loading=\"lazy\" decoding=\"async\" class=\"size-full wp-image-311741\" src=\"https:\/\/www.fiscalia.gov.co\/colombia\/wp-content\/uploads\/Andres-Gustavo-Ricci-Garcia.jpeg\" alt=\"En la fotograf\u00eda se aprecia a Andr\u00e9s Gustavo Ricci Garc\u00eda, de pie, con los brazos adelante y esposado, el d\u00eda de su captura. Viste buzo de manga larga, pantal\u00f3n y zapatos de color negro. Al lado derecho de \u00e9l hay un servidor del CTI de la Fiscal\u00eda y al lado izquierdo de \u00e9l hay un uniformado de la Polic\u00eda Nacional. Detr\u00e1s de ellos hay un pend\u00f3n institucional de la Fiscal\u00eda.\" width=\"1061\" height=\"900\" srcset=\"https:\/\/www.fiscalia.gov.co\/colombia\/wp-content\/uploads\/Andres-Gustavo-Ricci-Garcia.jpeg 1061w, https:\/\/www.fiscalia.gov.co\/colombia\/wp-content\/uploads\/Andres-Gustavo-Ricci-Garcia-300x254.jpeg 300w, https:\/\/www.fiscalia.gov.co\/colombia\/wp-content\/uploads\/Andres-Gustavo-Ricci-Garcia-1024x869.jpeg 1024w, https:\/\/www.fiscalia.gov.co\/colombia\/wp-content\/uploads\/Andres-Gustavo-Ricci-Garcia-768x651.jpeg 768w, https:\/\/www.fiscalia.gov.co\/colombia\/wp-content\/uploads\/Andres-Gustavo-Ricci-Garcia-495x420.jpeg 495w, https:\/\/www.fiscalia.gov.co\/colombia\/wp-content\/uploads\/Andres-Gustavo-Ricci-Garcia-696x590.jpeg 696w\" sizes=\"auto, (max-width: 1061px) 100vw, 1061px\" \/><figcaption id=\"caption-attachment-311741\" class=\"wp-caption-text\">Andr\u00e9s Gustavo Ricci Garc\u00eda, fue condenado a 49 a\u00f1os y nueve meses de prisi\u00f3n por el crimen de la excampeona mundial de patinaje colombiano Luz Mery Trist\u00e1n, ocurrido entre la medianoche del viernes 4 y el s\u00e1bado 5 de agosto de 2023.<\/figcaption><\/figure>\n<p>El sentenciado fue declarado responsable de los delitos de feminicidio agravado; y fabricaci\u00f3n, tr\u00e1fico, porte o tenencia de armas de fuego, accesorios, partes o municiones. Asimismo, deber\u00e1 cumplir la pena en centro carcelario, por lo que seguir\u00e1 privado de la libertad en el Complejo Carcelario y Penitenciario de Alta y Media Seguridad Picale\u00f1a, en Ibagu\u00e9 (Tolima).<\/p>\n<p>En el curso de la investigaci\u00f3n se acredit\u00f3 que la excampeona mundial de patinaje fue sometida por su pareja a un ciclo de violencia sistem\u00e1tico. Finalmente, le caus\u00f3 la muerte con arma de fuego entre el viernes 4 y el s\u00e1bado 5 de agosto de 2023, en su lugar de residencia\u202fubicado en la Comuna 19, en la v\u00eda que conduce al Cerro de Cristo Rey, en Cali (Valle del Cauca).<\/p>\n<p>Servidores del Cuerpo T\u00e9cnico de Investigaci\u00f3n (CTI) y de la Polic\u00eda Metropolitana de Cali se trasladaron a la vivienda en la que ocurri\u00f3 el crimen, y encontraron a Ricci Garc\u00eda con un arma de fuego en la mano y el cuerpo de la v\u00edctima en una de las habitaciones.<\/p>\n<p>La condena conocida hoy es de primera instancia y en su contra proceden los recursos de ley.<\/p>\n<p>MAP\/DSC\/MS\/AMCJ\/JARG\/<\/p>\n<p>&nbsp;<\/p>\n<div class=\"td-post-content tagdiv-type\">\n<div class=\"td-post-content tagdiv-type\">\n<p><em>La informaci\u00f3n contenida en este bolet\u00edn de prensa corresponde a la narraci\u00f3n de los hechos noticiosos objetivos, suministrados por los funcionarios encargados de adelantar las investigaciones penales al interior de la Fiscal\u00eda General de la Naci\u00f3n. Para el momento de la divulgaci\u00f3n de este comunicado, la situaci\u00f3n jur\u00eddica de la(s) persona(s) relacionada(s) se encuentra pendiente de resolver por la autoridad judicial competente, siempre bajo los preceptos de la presunci\u00f3n de inocencia, consagrados en el art\u00edculo 29 de la Constituci\u00f3n Pol\u00edtica y el art\u00edculo 7\u00ba de la Ley 906 de 2004.\u00a0<\/em><\/p>\n<\/div>\n<footer>\n<div class=\"td-post-source-tags\"><\/div>\n<div class=\"td-post-sharing-bottom\"><\/div>\n<\/footer>\n<\/div>\n<footer>\n<div class=\"td-post-source-tags\"><\/div>\n<div class=\"td-post-sharing-bottom\"><\/div>\n<\/footer>\n\n<div class=\"twitter-share\"><a href=\"https:\/\/twitter.com\/intent\/tweet?via=fiscaliacol\" class=\"twitter-share-button\">Tweet<\/a><\/div>\n","protected":false},"excerpt":{"rendered":"<p>Andr\u00e9s Gustavo Ricci Garc\u00eda deber\u00e1 permanecer privado de la libertad en la c\u00e1rcel Picale\u00f1a de Ibagu\u00e9 (Tolima). \u00a0 Luego de valorar las pruebas y argumentos presentados por la Fiscal\u00eda General [&hellip;]<\/p>\n","protected":false},"author":175,"featured_media":0,"comment_status":"closed","ping_status":"open","sticky":false,"template":"","format":"standard","meta":{"tdm_status":"","tdm_grid_status":"","footnotes":""},"categories":[24174,1,324,24099],"tags":[37491,37514,35307],"class_list":["post-311740","post","type-post","status-publish","format-standard","category-hay-justicia","category-noticias","category-seccional-cali","category-seguridad-territorial","tag-fiscal-camargo","tag-fiscal-general-luz-adriana-camargo","tag-luz-mery-tristan"],"yoast_head":"<!-- This site is optimized with the Yoast SEO plugin v24.3 - https:\/\/yoast.com\/wordpress\/plugins\/seo\/ -->\n<title>Fiscal\u00eda General de la Naci\u00f3n<\/title>\n<meta name=\"description\" content=\"P\u00e1gina oficial de la Fiscal\u00eda General de la Naci\u00f3n \u2013 Colombia. Garantizamos el acceso efectivo a la justicia, la verdad y la reparaci\u00f3n de las v\u00edctimas de los delitos.\" \/>\n<meta name=\"robots\" content=\"noindex, follow\" \/>\n<meta property=\"og:locale\" content=\"es_ES\" \/>\n<meta property=\"og:type\" content=\"article\" \/>\n<meta property=\"og:title\" content=\"Fiscal\u00eda General de la Naci\u00f3n\" \/>\n<meta property=\"og:description\" content=\"P\u00e1gina oficial de la Fiscal\u00eda General de la Naci\u00f3n \u2013 Colombia. Garantizamos el acceso efectivo a la justicia, la verdad y la reparaci\u00f3n de las v\u00edctimas de los delitos.\" \/>\n<meta property=\"og:url\" content=\"https:\/\/www.fiscalia.gov.co\/colombia\/noticias\/condena-de-45-anos-y-9-meses-de-prision-para-responsable-del-feminicidio-de-la-excampeona-mundial-de-patinaje-luz-mery-tristan\/\" \/>\n<meta property=\"og:site_name\" content=\"Fiscal\u00eda General de la Naci\u00f3n\" \/>\n<meta property=\"article:publisher\" content=\"https:\/\/www.facebook.com\/FiscaliaCol\" \/>\n<meta property=\"article:published_time\" content=\"2025-03-04T16:07:39+00:00\" \/>\n<meta property=\"og:image\" content=\"https:\/\/www.fiscalia.gov.co\/colombia\/wp-content\/uploads\/Andres-Gustavo-Ricci-Garcia.jpeg\" \/>\n\t<meta property=\"og:image:width\" content=\"1061\" \/>\n\t<meta property=\"og:image:height\" content=\"900\" \/>\n\t<meta property=\"og:image:type\" content=\"image\/jpeg\" \/>\n<meta name=\"author\" content=\"Katherine Loaiza Mart\u00ednez\" \/>\n<meta name=\"twitter:card\" content=\"summary_large_image\" \/>\n<meta name=\"twitter:creator\" content=\"@FiscaliaCol\" \/>\n<meta name=\"twitter:site\" content=\"@FiscaliaCol\" \/>\n<meta name=\"twitter:label1\" content=\"Escrito por\" \/>\n\t<meta name=\"twitter:data1\" content=\"Katherine Loaiza Mart\u00ednez\" \/>\n\t<meta name=\"twitter:label2\" content=\"Tiempo de lectura\" \/>\n\t<meta name=\"twitter:data2\" content=\"2 minutos\" \/>\n<script type=\"application\/ld+json\" class=\"yoast-schema-graph\">{\"@context\":\"https:\/\/schema.org\",\"@graph\":[{\"@type\":\"Article\",\"@id\":\"https:\/\/www.fiscalia.gov.co\/colombia\/noticias\/condena-de-45-anos-y-9-meses-de-prision-para-responsable-del-feminicidio-de-la-excampeona-mundial-de-patinaje-luz-mery-tristan\/#article\",\"isPartOf\":{\"@id\":\"https:\/\/www.fiscalia.gov.co\/colombia\/noticias\/condena-de-45-anos-y-9-meses-de-prision-para-responsable-del-feminicidio-de-la-excampeona-mundial-de-patinaje-luz-mery-tristan\/\"},\"author\":{\"name\":\"Katherine Loaiza Mart\u00ednez\",\"@id\":\"https:\/\/www.fiscalia.gov.co\/colombia\/#\/schema\/person\/2e76b9aba5ecf875ed565ce4de0e0415\"},\"headline\":\"Condena de 45 a\u00f1os y 9 meses de prisi\u00f3n para responsable del feminicidio de la excampeona mundial de patinaje Luz Mery Trist\u00e1n\u202f\",\"datePublished\":\"2025-03-04T16:07:39+00:00\",\"dateModified\":\"2025-03-04T16:07:39+00:00\",\"mainEntityOfPage\":{\"@id\":\"https:\/\/www.fiscalia.gov.co\/colombia\/noticias\/condena-de-45-anos-y-9-meses-de-prision-para-responsable-del-feminicidio-de-la-excampeona-mundial-de-patinaje-luz-mery-tristan\/\"},\"wordCount\":461,\"publisher\":{\"@id\":\"https:\/\/www.fiscalia.gov.co\/colombia\/#organization\"},\"image\":{\"@id\":\"https:\/\/www.fiscalia.gov.co\/colombia\/noticias\/condena-de-45-anos-y-9-meses-de-prision-para-responsable-del-feminicidio-de-la-excampeona-mundial-de-patinaje-luz-mery-tristan\/#primaryimage\"},\"thumbnailUrl\":\"https:\/\/www.fiscalia.gov.co\/colombia\/wp-content\/uploads\/Andres-Gustavo-Ricci-Garcia.jpeg\",\"keywords\":[\"fiscal Camargo\",\"Fiscal General Luz Adriana Camargo\",\"Luz Mery Trist\u00e1n\"],\"articleSection\":[\"Hay Justicia\",\"Noticias\",\"Seccional Cali\",\"Seguridad territorial\"],\"inLanguage\":\"es-CO\"},{\"@type\":\"WebPage\",\"@id\":\"https:\/\/www.fiscalia.gov.co\/colombia\/noticias\/condena-de-45-anos-y-9-meses-de-prision-para-responsable-del-feminicidio-de-la-excampeona-mundial-de-patinaje-luz-mery-tristan\/\",\"url\":\"https:\/\/www.fiscalia.gov.co\/colombia\/noticias\/condena-de-45-anos-y-9-meses-de-prision-para-responsable-del-feminicidio-de-la-excampeona-mundial-de-patinaje-luz-mery-tristan\/\",\"name\":\"Fiscal\u00eda General de la Naci\u00f3n\",\"isPartOf\":{\"@id\":\"https:\/\/www.fiscalia.gov.co\/colombia\/#website\"},\"primaryImageOfPage\":{\"@id\":\"https:\/\/www.fiscalia.gov.co\/colombia\/noticias\/condena-de-45-anos-y-9-meses-de-prision-para-responsable-del-feminicidio-de-la-excampeona-mundial-de-patinaje-luz-mery-tristan\/#primaryimage\"},\"image\":{\"@id\":\"https:\/\/www.fiscalia.gov.co\/colombia\/noticias\/condena-de-45-anos-y-9-meses-de-prision-para-responsable-del-feminicidio-de-la-excampeona-mundial-de-patinaje-luz-mery-tristan\/#primaryimage\"},\"thumbnailUrl\":\"https:\/\/www.fiscalia.gov.co\/colombia\/wp-content\/uploads\/Andres-Gustavo-Ricci-Garcia.jpeg\",\"datePublished\":\"2025-03-04T16:07:39+00:00\",\"dateModified\":\"2025-03-04T16:07:39+00:00\",\"description\":\"P\u00e1gina oficial de la Fiscal\u00eda General de la Naci\u00f3n \u2013 Colombia. Garantizamos el acceso efectivo a la justicia, la verdad y la reparaci\u00f3n de las v\u00edctimas de los delitos.\",\"breadcrumb\":{\"@id\":\"https:\/\/www.fiscalia.gov.co\/colombia\/noticias\/condena-de-45-anos-y-9-meses-de-prision-para-responsable-del-feminicidio-de-la-excampeona-mundial-de-patinaje-luz-mery-tristan\/#breadcrumb\"},\"inLanguage\":\"es-CO\",\"potentialAction\":[{\"@type\":\"ReadAction\",\"target\":[\"https:\/\/www.fiscalia.gov.co\/colombia\/noticias\/condena-de-45-anos-y-9-meses-de-prision-para-responsable-del-feminicidio-de-la-excampeona-mundial-de-patinaje-luz-mery-tristan\/\"]}]},{\"@type\":\"ImageObject\",\"inLanguage\":\"es-CO\",\"@id\":\"https:\/\/www.fiscalia.gov.co\/colombia\/noticias\/condena-de-45-anos-y-9-meses-de-prision-para-responsable-del-feminicidio-de-la-excampeona-mundial-de-patinaje-luz-mery-tristan\/#primaryimage\",\"url\":\"https:\/\/www.fiscalia.gov.co\/colombia\/wp-content\/uploads\/Andres-Gustavo-Ricci-Garcia.jpeg\",\"contentUrl\":\"https:\/\/www.fiscalia.gov.co\/colombia\/wp-content\/uploads\/Andres-Gustavo-Ricci-Garcia.jpeg\",\"width\":1061,\"height\":900,\"caption\":\"Andr\u00e9s Gustavo Ricci Garc\u00eda, fue condenado a 49 a\u00f1os y nueve meses de prisi\u00f3n por el crimen de la excampeona mundial de patinaje colombiano Luz Mery Trist\u00e1n, ocurrido entre la medianoche del viernes 4 y el s\u00e1bado 5 de agosto de 2023. \u202f\"},{\"@type\":\"BreadcrumbList\",\"@id\":\"https:\/\/www.fiscalia.gov.co\/colombia\/noticias\/condena-de-45-anos-y-9-meses-de-prision-para-responsable-del-feminicidio-de-la-excampeona-mundial-de-patinaje-luz-mery-tristan\/#breadcrumb\",\"itemListElement\":[{\"@type\":\"ListItem\",\"position\":1,\"name\":\"Home\",\"item\":\"https:\/\/www.fiscalia.gov.co\/colombia\/\"},{\"@type\":\"ListItem\",\"position\":2,\"name\":\"Condena de 45 a\u00f1os y 9 meses de prisi\u00f3n para responsable del feminicidio de la excampeona mundial de patinaje Luz Mery Trist\u00e1n\u202f\"}]},{\"@type\":\"WebSite\",\"@id\":\"https:\/\/www.fiscalia.gov.co\/colombia\/#website\",\"url\":\"https:\/\/www.fiscalia.gov.co\/colombia\/\",\"name\":\"Fiscal\u00eda General de la Naci\u00f3n\",\"description\":\"P\u00e1gina oficial de la Fiscal\u00eda General de la Naci\u00f3n \u2013 Colombia. Garantizamos el acceso efectivo a la justicia, la verdad y la reparaci\u00f3n de las v\u00edctimas de los delitos.\",\"publisher\":{\"@id\":\"https:\/\/www.fiscalia.gov.co\/colombia\/#organization\"},\"potentialAction\":[{\"@type\":\"SearchAction\",\"target\":{\"@type\":\"EntryPoint\",\"urlTemplate\":\"https:\/\/www.fiscalia.gov.co\/colombia\/?s={search_term_string}\"},\"query-input\":{\"@type\":\"PropertyValueSpecification\",\"valueRequired\":true,\"valueName\":\"search_term_string\"}}],\"inLanguage\":\"es-CO\"},{\"@type\":\"Organization\",\"@id\":\"https:\/\/www.fiscalia.gov.co\/colombia\/#organization\",\"name\":\"Fiscal\u00eda General de la Naci\u00f3n\",\"url\":\"https:\/\/www.fiscalia.gov.co\/colombia\/\",\"logo\":{\"@type\":\"ImageObject\",\"inLanguage\":\"es-CO\",\"@id\":\"https:\/\/www.fiscalia.gov.co\/colombia\/#\/schema\/logo\/image\/\",\"url\":\"https:\/\/www.fiscalia.gov.co\/colombia\/wp-content\/uploads\/LogoHorizontal_1.jpg\",\"contentUrl\":\"https:\/\/www.fiscalia.gov.co\/colombia\/wp-content\/uploads\/LogoHorizontal_1.jpg\",\"width\":300,\"height\":90,\"caption\":\"Fiscal\u00eda General de la Naci\u00f3n\"},\"image\":{\"@id\":\"https:\/\/www.fiscalia.gov.co\/colombia\/#\/schema\/logo\/image\/\"},\"sameAs\":[\"https:\/\/www.facebook.com\/FiscaliaCol\",\"https:\/\/x.com\/FiscaliaCol\",\"https:\/\/www.instagram.com\/fiscaliacol\",\"https:\/\/www.linkedin.com\/company\/fiscalia-general-de-la-naci-n\/\",\"https:\/\/youtube.com\/@fiscaliageneraldelanacion-4668?si=6nN79nyQICPU5iTh\"]},{\"@type\":\"Person\",\"@id\":\"https:\/\/www.fiscalia.gov.co\/colombia\/#\/schema\/person\/2e76b9aba5ecf875ed565ce4de0e0415\",\"name\":\"Katherine Loaiza Mart\u00ednez\",\"image\":{\"@type\":\"ImageObject\",\"inLanguage\":\"es-CO\",\"@id\":\"https:\/\/www.fiscalia.gov.co\/colombia\/#\/schema\/person\/image\/\",\"url\":\"https:\/\/secure.gravatar.com\/avatar\/ab775a2f394c1b83b6d6f78680e57b50?s=96&d=mm&r=g\",\"contentUrl\":\"https:\/\/secure.gravatar.com\/avatar\/ab775a2f394c1b83b6d6f78680e57b50?s=96&d=mm&r=g\",\"caption\":\"Katherine Loaiza Mart\u00ednez\"},\"url\":\"https:\/\/www.fiscalia.gov.co\/colombia\/author\/kloaiza\/\"}]}<\/script>\n<!-- \/ Yoast SEO plugin. -->","yoast_head_json":{"title":"Fiscal\u00eda General de la Naci\u00f3n","description":"P\u00e1gina oficial de la Fiscal\u00eda General de la Naci\u00f3n \u2013 Colombia. Garantizamos el acceso efectivo a la justicia, la verdad y la reparaci\u00f3n de las v\u00edctimas de los delitos.","robots":{"index":"noindex","follow":"follow"},"og_locale":"es_ES","og_type":"article","og_title":"Fiscal\u00eda General de la Naci\u00f3n","og_description":"P\u00e1gina oficial de la Fiscal\u00eda General de la Naci\u00f3n \u2013 Colombia. Garantizamos el acceso efectivo a la justicia, la verdad y la reparaci\u00f3n de las v\u00edctimas de los delitos.","og_url":"https:\/\/www.fiscalia.gov.co\/colombia\/noticias\/condena-de-45-anos-y-9-meses-de-prision-para-responsable-del-feminicidio-de-la-excampeona-mundial-de-patinaje-luz-mery-tristan\/","og_site_name":"Fiscal\u00eda General de la Naci\u00f3n","article_publisher":"https:\/\/www.facebook.com\/FiscaliaCol","article_published_time":"2025-03-04T16:07:39+00:00","og_image":[{"width":1061,"height":900,"url":"https:\/\/www.fiscalia.gov.co\/colombia\/wp-content\/uploads\/Andres-Gustavo-Ricci-Garcia.jpeg","type":"image\/jpeg"}],"author":"Katherine Loaiza Mart\u00ednez","twitter_card":"summary_large_image","twitter_creator":"@FiscaliaCol","twitter_site":"@FiscaliaCol","twitter_misc":{"Escrito por":"Katherine Loaiza Mart\u00ednez","Tiempo de lectura":"2 minutos"},"schema":{"@context":"https:\/\/schema.org","@graph":[{"@type":"Article","@id":"https:\/\/www.fiscalia.gov.co\/colombia\/noticias\/condena-de-45-anos-y-9-meses-de-prision-para-responsable-del-feminicidio-de-la-excampeona-mundial-de-patinaje-luz-mery-tristan\/#article","isPartOf":{"@id":"https:\/\/www.fiscalia.gov.co\/colombia\/noticias\/condena-de-45-anos-y-9-meses-de-prision-para-responsable-del-feminicidio-de-la-excampeona-mundial-de-patinaje-luz-mery-tristan\/"},"author":{"name":"Katherine Loaiza Mart\u00ednez","@id":"https:\/\/www.fiscalia.gov.co\/colombia\/#\/schema\/person\/2e76b9aba5ecf875ed565ce4de0e0415"},"headline":"Condena de 45 a\u00f1os y 9 meses de prisi\u00f3n para responsable del feminicidio de la excampeona mundial de patinaje Luz Mery Trist\u00e1n\u202f","datePublished":"2025-03-04T16:07:39+00:00","dateModified":"2025-03-04T16:07:39+00:00","mainEntityOfPage":{"@id":"https:\/\/www.fiscalia.gov.co\/colombia\/noticias\/condena-de-45-anos-y-9-meses-de-prision-para-responsable-del-feminicidio-de-la-excampeona-mundial-de-patinaje-luz-mery-tristan\/"},"wordCount":461,"publisher":{"@id":"https:\/\/www.fiscalia.gov.co\/colombia\/#organization"},"image":{"@id":"https:\/\/www.fiscalia.gov.co\/colombia\/noticias\/condena-de-45-anos-y-9-meses-de-prision-para-responsable-del-feminicidio-de-la-excampeona-mundial-de-patinaje-luz-mery-tristan\/#primaryimage"},"thumbnailUrl":"https:\/\/www.fiscalia.gov.co\/colombia\/wp-content\/uploads\/Andres-Gustavo-Ricci-Garcia.jpeg","keywords":["fiscal Camargo","Fiscal General Luz Adriana Camargo","Luz Mery Trist\u00e1n"],"articleSection":["Hay Justicia","Noticias","Seccional Cali","Seguridad territorial"],"inLanguage":"es-CO"},{"@type":"WebPage","@id":"https:\/\/www.fiscalia.gov.co\/colombia\/noticias\/condena-de-45-anos-y-9-meses-de-prision-para-responsable-del-feminicidio-de-la-excampeona-mundial-de-patinaje-luz-mery-tristan\/","url":"https:\/\/www.fiscalia.gov.co\/colombia\/noticias\/condena-de-45-anos-y-9-meses-de-prision-para-responsable-del-feminicidio-de-la-excampeona-mundial-de-patinaje-luz-mery-tristan\/","name":"Fiscal\u00eda General de la Naci\u00f3n","isPartOf":{"@id":"https:\/\/www.fiscalia.gov.co\/colombia\/#website"},"primaryImageOfPage":{"@id":"https:\/\/www.fiscalia.gov.co\/colombia\/noticias\/condena-de-45-anos-y-9-meses-de-prision-para-responsable-del-feminicidio-de-la-excampeona-mundial-de-patinaje-luz-mery-tristan\/#primaryimage"},"image":{"@id":"https:\/\/www.fiscalia.gov.co\/colombia\/noticias\/condena-de-45-anos-y-9-meses-de-prision-para-responsable-del-feminicidio-de-la-excampeona-mundial-de-patinaje-luz-mery-tristan\/#primaryimage"},"thumbnailUrl":"https:\/\/www.fiscalia.gov.co\/colombia\/wp-content\/uploads\/Andres-Gustavo-Ricci-Garcia.jpeg","datePublished":"2025-03-04T16:07:39+00:00","dateModified":"2025-03-04T16:07:39+00:00","description":"P\u00e1gina oficial de la Fiscal\u00eda General de la Naci\u00f3n \u2013 Colombia. Garantizamos el acceso efectivo a la justicia, la verdad y la reparaci\u00f3n de las v\u00edctimas de los delitos.","breadcrumb":{"@id":"https:\/\/www.fiscalia.gov.co\/colombia\/noticias\/condena-de-45-anos-y-9-meses-de-prision-para-responsable-del-feminicidio-de-la-excampeona-mundial-de-patinaje-luz-mery-tristan\/#breadcrumb"},"inLanguage":"es-CO","potentialAction":[{"@type":"ReadAction","target":["https:\/\/www.fiscalia.gov.co\/colombia\/noticias\/condena-de-45-anos-y-9-meses-de-prision-para-responsable-del-feminicidio-de-la-excampeona-mundial-de-patinaje-luz-mery-tristan\/"]}]},{"@type":"ImageObject","inLanguage":"es-CO","@id":"https:\/\/www.fiscalia.gov.co\/colombia\/noticias\/condena-de-45-anos-y-9-meses-de-prision-para-responsable-del-feminicidio-de-la-excampeona-mundial-de-patinaje-luz-mery-tristan\/#primaryimage","url":"https:\/\/www.fiscalia.gov.co\/colombia\/wp-content\/uploads\/Andres-Gustavo-Ricci-Garcia.jpeg","contentUrl":"https:\/\/www.fiscalia.gov.co\/colombia\/wp-content\/uploads\/Andres-Gustavo-Ricci-Garcia.jpeg","width":1061,"height":900,"caption":"Andr\u00e9s Gustavo Ricci Garc\u00eda, fue condenado a 49 a\u00f1os y nueve meses de prisi\u00f3n por el crimen de la excampeona mundial de patinaje colombiano Luz Mery Trist\u00e1n, ocurrido entre la medianoche del viernes 4 y el s\u00e1bado 5 de agosto de 2023. \u202f"},{"@type":"BreadcrumbList","@id":"https:\/\/www.fiscalia.gov.co\/colombia\/noticias\/condena-de-45-anos-y-9-meses-de-prision-para-responsable-del-feminicidio-de-la-excampeona-mundial-de-patinaje-luz-mery-tristan\/#breadcrumb","itemListElement":[{"@type":"ListItem","position":1,"name":"Home","item":"https:\/\/www.fiscalia.gov.co\/colombia\/"},{"@type":"ListItem","position":2,"name":"Condena de 45 a\u00f1os y 9 meses de prisi\u00f3n para responsable del feminicidio de la excampeona mundial de patinaje Luz Mery Trist\u00e1n\u202f"}]},{"@type":"WebSite","@id":"https:\/\/www.fiscalia.gov.co\/colombia\/#website","url":"https:\/\/www.fiscalia.gov.co\/colombia\/","name":"Fiscal\u00eda General de la Naci\u00f3n","description":"P\u00e1gina oficial de la Fiscal\u00eda General de la Naci\u00f3n \u2013 Colombia. Garantizamos el acceso efectivo a la justicia, la verdad y la reparaci\u00f3n de las v\u00edctimas de los delitos.","publisher":{"@id":"https:\/\/www.fiscalia.gov.co\/colombia\/#organization"},"potentialAction":[{"@type":"SearchAction","target":{"@type":"EntryPoint","urlTemplate":"https:\/\/www.fiscalia.gov.co\/colombia\/?s={search_term_string}"},"query-input":{"@type":"PropertyValueSpecification","valueRequired":true,"valueName":"search_term_string"}}],"inLanguage":"es-CO"},{"@type":"Organization","@id":"https:\/\/www.fiscalia.gov.co\/colombia\/#organization","name":"Fiscal\u00eda General de la Naci\u00f3n","url":"https:\/\/www.fiscalia.gov.co\/colombia\/","logo":{"@type":"ImageObject","inLanguage":"es-CO","@id":"https:\/\/www.fiscalia.gov.co\/colombia\/#\/schema\/logo\/image\/","url":"https:\/\/www.fiscalia.gov.co\/colombia\/wp-content\/uploads\/LogoHorizontal_1.jpg","contentUrl":"https:\/\/www.fiscalia.gov.co\/colombia\/wp-content\/uploads\/LogoHorizontal_1.jpg","width":300,"height":90,"caption":"Fiscal\u00eda General de la Naci\u00f3n"},"image":{"@id":"https:\/\/www.fiscalia.gov.co\/colombia\/#\/schema\/logo\/image\/"},"sameAs":["https:\/\/www.facebook.com\/FiscaliaCol","https:\/\/x.com\/FiscaliaCol","https:\/\/www.instagram.com\/fiscaliacol","https:\/\/www.linkedin.com\/company\/fiscalia-general-de-la-naci-n\/","https:\/\/youtube.com\/@fiscaliageneraldelanacion-4668?si=6nN79nyQICPU5iTh"]},{"@type":"Person","@id":"https:\/\/www.fiscalia.gov.co\/colombia\/#\/schema\/person\/2e76b9aba5ecf875ed565ce4de0e0415","name":"Katherine Loaiza Mart\u00ednez","image":{"@type":"ImageObject","inLanguage":"es-CO","@id":"https:\/\/www.fiscalia.gov.co\/colombia\/#\/schema\/person\/image\/","url":"https:\/\/secure.gravatar.com\/avatar\/ab775a2f394c1b83b6d6f78680e57b50?s=96&d=mm&r=g","contentUrl":"https:\/\/secure.gravatar.com\/avatar\/ab775a2f394c1b83b6d6f78680e57b50?s=96&d=mm&r=g","caption":"Katherine Loaiza Mart\u00ednez"},"url":"https:\/\/www.fiscalia.gov.co\/colombia\/author\/kloaiza\/"}]}},"_links":{"self":[{"href":"https:\/\/www.fiscalia.gov.co\/colombia\/wp-json\/wp\/v2\/posts\/311740","targetHints":{"allow":["GET"]}}],"collection":[{"href":"https:\/\/www.fiscalia.gov.co\/colombia\/wp-json\/wp\/v2\/posts"}],"about":[{"href":"https:\/\/www.fiscalia.gov.co\/colombia\/wp-json\/wp\/v2\/types\/post"}],"author":[{"embeddable":true,"href":"https:\/\/www.fiscalia.gov.co\/colombia\/wp-json\/wp\/v2\/users\/175"}],"replies":[{"embeddable":true,"href":"https:\/\/www.fiscalia.gov.co\/colombia\/wp-json\/wp\/v2\/comments?post=311740"}],"version-history":[{"count":1,"href":"https:\/\/www.fiscalia.gov.co\/colombia\/wp-json\/wp\/v2\/posts\/311740\/revisions"}],"predecessor-version":[{"id":311742,"href":"https:\/\/www.fiscalia.gov.co\/colombia\/wp-json\/wp\/v2\/posts\/311740\/revisions\/311742"}],"wp:attachment":[{"href":"https:\/\/www.fiscalia.gov.co\/colombia\/wp-json\/wp\/v2\/media?parent=311740"}],"wp:term":[{"taxonomy":"category","embeddable":true,"href":"https:\/\/www.fiscalia.gov.co\/colombia\/wp-json\/wp\/v2\/categories?post=311740"},{"taxonomy":"post_tag","embeddable":true,"href":"https:\/\/www.fiscalia.gov.co\/colombia\/wp-json\/wp\/v2\/tags?post=311740"}],"curies":[{"name":"wp","href":"https:\/\/api.w.org\/{rel}","templated":true}]}}