{"id":311713,"date":"2025-03-03T14:59:51","date_gmt":"2025-03-03T19:59:51","guid":{"rendered":"https:\/\/www.fiscalia.gov.co\/colombia\/?p=311713"},"modified":"2025-03-03T14:59:51","modified_gmt":"2025-03-03T19:59:51","slug":"enviado-a-centro-carcelario-un-hombre-senalado-de-torturar-a-un-familiar-en-ortega-tolima","status":"publish","type":"post","link":"https:\/\/www.fiscalia.gov.co\/colombia\/noticias\/enviado-a-centro-carcelario-un-hombre-senalado-de-torturar-a-un-familiar-en-ortega-tolima\/","title":{"rendered":"Enviado a centro carcelario un hombre se\u00f1alado de torturar a un familiar en Ortega (Tolima)"},"content":{"rendered":"<p>Por solicitud de la Fiscal\u00eda General de la Naci\u00f3n, un juez de control de garant\u00edas de Ortega (Tolima), impuso medida de aseguramiento en centro carcelario contra un hombre se\u00f1alado de someter a tratos crueles y degradantes a un familiar.<\/p>\n<figure id=\"attachment_311714\" aria-describedby=\"caption-attachment-311714\" style=\"width: 1458px\" class=\"wp-caption aligncenter\"><img loading=\"lazy\" decoding=\"async\" class=\"size-full wp-image-311714\" src=\"https:\/\/www.fiscalia.gov.co\/colombia\/wp-content\/uploads\/tortura-primo-ortega-tolima.jpeg\" alt=\"en la imagen se ve una persona detenida bajo custodia de un investigador del CTI y de la Polic\u00eda.\" width=\"1458\" height=\"1070\" srcset=\"https:\/\/www.fiscalia.gov.co\/colombia\/wp-content\/uploads\/tortura-primo-ortega-tolima.jpeg 1458w, https:\/\/www.fiscalia.gov.co\/colombia\/wp-content\/uploads\/tortura-primo-ortega-tolima-300x220.jpeg 300w, https:\/\/www.fiscalia.gov.co\/colombia\/wp-content\/uploads\/tortura-primo-ortega-tolima-1024x751.jpeg 1024w, https:\/\/www.fiscalia.gov.co\/colombia\/wp-content\/uploads\/tortura-primo-ortega-tolima-768x564.jpeg 768w, https:\/\/www.fiscalia.gov.co\/colombia\/wp-content\/uploads\/tortura-primo-ortega-tolima-572x420.jpeg 572w, https:\/\/www.fiscalia.gov.co\/colombia\/wp-content\/uploads\/tortura-primo-ortega-tolima-80x60.jpeg 80w, https:\/\/www.fiscalia.gov.co\/colombia\/wp-content\/uploads\/tortura-primo-ortega-tolima-696x511.jpeg 696w, https:\/\/www.fiscalia.gov.co\/colombia\/wp-content\/uploads\/tortura-primo-ortega-tolima-1068x784.jpeg 1068w\" sizes=\"auto, (max-width: 1458px) 100vw, 1458px\" \/><figcaption id=\"caption-attachment-311714\" class=\"wp-caption-text\">Alexis Lozada Su\u00e1rez fue detenido por su presunta responsabilidad en la tortura a su primo. El hermano de Lozada Su\u00e1rez fue capturado por estos mismos hechos en agosto del a\u00f1o 2024.<\/figcaption><\/figure>\n<p>Los hechos investigados ocurrieron el 26 de marzo de 2023, cuando la v\u00edctima fue citada por un pariente a una finca, ubicada en la vereda Alto Guayabos de Ortega (Tolima). En el lugar, el hoy procesado, habr\u00eda se\u00f1alado a su primo como el responsable de hurtar un celular.<\/p>\n<p>La evidencia recopilada por la Fiscal\u00eda determin\u00f3 que la v\u00edctima fue atada de pies y manos, y colgada de una columna. El hombre fue golpeado y con un arma cortopunzante le ocasionaron heridas en varias parte de su cuerpo, adem\u00e1s de intimidarlo con prenderle fuego. Un descuido permiti\u00f3 que la v\u00edctima huyera del lugar y denunciara el hecho.<\/p>\n<p>Personal del Cuerpo T\u00e9cnico de Investigaci\u00f3n (CTI) y la Polic\u00eda Nacional materializaron la captura de uno de los presuntos agresores en Gir\u00f3n (Santander). Un fiscal de la Seccional Tolima le imput\u00f3 el delito de tortura agravada, cargo que no fue aceptado por el procesado.<\/p>\n<p>Por estos hechos, en 2024 fue judicializado un hombre, hermano del ahora procesado y propietario del inmueble donde ocurri\u00f3 la presunta tortura. Esta persona habr\u00eda participado en las agresiones referidas.<\/p>\n<p>&nbsp;<\/p>\n<p>PAAM\/LMFO\/MAGA\/ACRB\/DST<\/p>\n<p>&nbsp;<\/p>\n<p style=\"font-weight: 400;\">\n<div class=\"td-post-content tagdiv-type\">\n<div class=\"td-post-content tagdiv-type\">\n<p><em>La informaci\u00f3n contenida en este bolet\u00edn de prensa corresponde a la narraci\u00f3n de los hechos noticiosos objetivos, suministrados por los funcionarios encargados de adelantar las investigaciones penales al interior de la Fiscal\u00eda General de la Naci\u00f3n. Para el momento de la divulgaci\u00f3n de este comunicado, la situaci\u00f3n jur\u00eddica de la(s) persona(s) relacionada(s) se encuentra pendiente de resolver por la autoridad judicial competente, siempre bajo los preceptos de la presunci\u00f3n de inocencia, consagrados en el art\u00edculo 29 de la Constituci\u00f3n Pol\u00edtica y el art\u00edculo 7\u00ba de la Ley 906 de 2004.<\/em><\/p>\n<\/div>\n<footer>\n<div class=\"td-post-source-tags\"><\/div>\n<div class=\"td-post-sharing-bottom\"><\/div>\n<\/footer>\n<\/div>\n<footer>\n<div class=\"td-post-source-tags\"><\/div>\n<div class=\"td-post-sharing-bottom\"><\/div>\n<\/footer>\n\n<div class=\"twitter-share\"><a href=\"https:\/\/twitter.com\/intent\/tweet?via=fiscaliacol\" class=\"twitter-share-button\">Tweet<\/a><\/div>\n","protected":false},"excerpt":{"rendered":"<p>Por solicitud de la Fiscal\u00eda General de la Naci\u00f3n, un juez de control de garant\u00edas de Ortega (Tolima), impuso medida de aseguramiento en centro carcelario contra un hombre se\u00f1alado de [&hellip;]<\/p>\n","protected":false},"author":175,"featured_media":0,"comment_status":"closed","ping_status":"open","sticky":false,"template":"","format":"standard","meta":{"tdm_status":"","tdm_grid_status":"","footnotes":""},"categories":[1,329,24099],"tags":[924,45,37491,26761,37514,1047,2286,3136,25206,558,24637,24211,23976],"class_list":["post-311713","post","type-post","status-publish","format-standard","category-noticias","category-seccional-ibague","category-seguridad-territorial","tag-captura","tag-cti","tag-fiscal-camargo","tag-fiscal-especializada","tag-fiscal-general-luz-adriana-camargo","tag-fiscalia-general-de-la-nacion","tag-justicia","tag-maltrato","tag-ortega","tag-policia-nacional","tag-primos","tag-seccional-tolima","tag-tortura"],"yoast_head":"<!-- This site is optimized with the Yoast SEO plugin v24.3 - https:\/\/yoast.com\/wordpress\/plugins\/seo\/ -->\n<title>Fiscal\u00eda General de la Naci\u00f3n<\/title>\n<meta name=\"description\" content=\"P\u00e1gina oficial de la Fiscal\u00eda General de la Naci\u00f3n \u2013 Colombia. Garantizamos el acceso efectivo a la justicia, la verdad y la reparaci\u00f3n de las v\u00edctimas de los delitos.\" \/>\n<meta name=\"robots\" content=\"noindex, follow\" \/>\n<meta property=\"og:locale\" content=\"es_ES\" \/>\n<meta property=\"og:type\" content=\"article\" \/>\n<meta property=\"og:title\" content=\"Fiscal\u00eda General de la Naci\u00f3n\" \/>\n<meta property=\"og:description\" content=\"P\u00e1gina oficial de la Fiscal\u00eda General de la Naci\u00f3n \u2013 Colombia. Garantizamos el acceso efectivo a la justicia, la verdad y la reparaci\u00f3n de las v\u00edctimas de los delitos.\" \/>\n<meta property=\"og:url\" content=\"https:\/\/www.fiscalia.gov.co\/colombia\/noticias\/enviado-a-centro-carcelario-un-hombre-senalado-de-torturar-a-un-familiar-en-ortega-tolima\/\" \/>\n<meta property=\"og:site_name\" content=\"Fiscal\u00eda General de la Naci\u00f3n\" \/>\n<meta property=\"article:publisher\" content=\"https:\/\/www.facebook.com\/FiscaliaCol\" \/>\n<meta property=\"article:published_time\" content=\"2025-03-03T19:59:51+00:00\" \/>\n<meta property=\"og:image\" content=\"https:\/\/www.fiscalia.gov.co\/colombia\/wp-content\/uploads\/tortura-primo-ortega-tolima.jpeg\" \/>\n\t<meta property=\"og:image:width\" content=\"1458\" \/>\n\t<meta property=\"og:image:height\" content=\"1070\" \/>\n\t<meta property=\"og:image:type\" content=\"image\/jpeg\" \/>\n<meta name=\"author\" content=\"Katherine Loaiza Mart\u00ednez\" \/>\n<meta name=\"twitter:card\" content=\"summary_large_image\" \/>\n<meta name=\"twitter:creator\" content=\"@FiscaliaCol\" \/>\n<meta name=\"twitter:site\" content=\"@FiscaliaCol\" \/>\n<meta name=\"twitter:label1\" content=\"Escrito por\" \/>\n\t<meta name=\"twitter:data1\" content=\"Katherine Loaiza Mart\u00ednez\" \/>\n\t<meta name=\"twitter:label2\" content=\"Tiempo de lectura\" \/>\n\t<meta name=\"twitter:data2\" content=\"2 minutos\" \/>\n<script type=\"application\/ld+json\" class=\"yoast-schema-graph\">{\"@context\":\"https:\/\/schema.org\",\"@graph\":[{\"@type\":\"Article\",\"@id\":\"https:\/\/www.fiscalia.gov.co\/colombia\/noticias\/enviado-a-centro-carcelario-un-hombre-senalado-de-torturar-a-un-familiar-en-ortega-tolima\/#article\",\"isPartOf\":{\"@id\":\"https:\/\/www.fiscalia.gov.co\/colombia\/noticias\/enviado-a-centro-carcelario-un-hombre-senalado-de-torturar-a-un-familiar-en-ortega-tolima\/\"},\"author\":{\"name\":\"Katherine Loaiza Mart\u00ednez\",\"@id\":\"https:\/\/www.fiscalia.gov.co\/colombia\/#\/schema\/person\/2e76b9aba5ecf875ed565ce4de0e0415\"},\"headline\":\"Enviado a centro carcelario un hombre se\u00f1alado de torturar a un familiar en Ortega (Tolima)\",\"datePublished\":\"2025-03-03T19:59:51+00:00\",\"dateModified\":\"2025-03-03T19:59:51+00:00\",\"mainEntityOfPage\":{\"@id\":\"https:\/\/www.fiscalia.gov.co\/colombia\/noticias\/enviado-a-centro-carcelario-un-hombre-senalado-de-torturar-a-un-familiar-en-ortega-tolima\/\"},\"wordCount\":397,\"publisher\":{\"@id\":\"https:\/\/www.fiscalia.gov.co\/colombia\/#organization\"},\"image\":{\"@id\":\"https:\/\/www.fiscalia.gov.co\/colombia\/noticias\/enviado-a-centro-carcelario-un-hombre-senalado-de-torturar-a-un-familiar-en-ortega-tolima\/#primaryimage\"},\"thumbnailUrl\":\"https:\/\/www.fiscalia.gov.co\/colombia\/wp-content\/uploads\/tortura-primo-ortega-tolima.jpeg\",\"keywords\":[\"Captura\",\"CTI\",\"fiscal Camargo\",\"Fiscal Especializada\",\"Fiscal General Luz Adriana Camargo\",\"Fiscal\u00eda General de la Naci\u00f3n\",\"Justicia\",\"Maltrato\",\"Ortega\",\"Polic\u00eda Nacional\",\"primos\",\"Seccional Tolima\",\"Tortura\"],\"articleSection\":[\"Noticias\",\"Seccional Ibagu\u00e9\",\"Seguridad territorial\"],\"inLanguage\":\"es-CO\"},{\"@type\":\"WebPage\",\"@id\":\"https:\/\/www.fiscalia.gov.co\/colombia\/noticias\/enviado-a-centro-carcelario-un-hombre-senalado-de-torturar-a-un-familiar-en-ortega-tolima\/\",\"url\":\"https:\/\/www.fiscalia.gov.co\/colombia\/noticias\/enviado-a-centro-carcelario-un-hombre-senalado-de-torturar-a-un-familiar-en-ortega-tolima\/\",\"name\":\"Fiscal\u00eda General de la Naci\u00f3n\",\"isPartOf\":{\"@id\":\"https:\/\/www.fiscalia.gov.co\/colombia\/#website\"},\"primaryImageOfPage\":{\"@id\":\"https:\/\/www.fiscalia.gov.co\/colombia\/noticias\/enviado-a-centro-carcelario-un-hombre-senalado-de-torturar-a-un-familiar-en-ortega-tolima\/#primaryimage\"},\"image\":{\"@id\":\"https:\/\/www.fiscalia.gov.co\/colombia\/noticias\/enviado-a-centro-carcelario-un-hombre-senalado-de-torturar-a-un-familiar-en-ortega-tolima\/#primaryimage\"},\"thumbnailUrl\":\"https:\/\/www.fiscalia.gov.co\/colombia\/wp-content\/uploads\/tortura-primo-ortega-tolima.jpeg\",\"datePublished\":\"2025-03-03T19:59:51+00:00\",\"dateModified\":\"2025-03-03T19:59:51+00:00\",\"description\":\"P\u00e1gina oficial de la Fiscal\u00eda General de la Naci\u00f3n \u2013 Colombia. Garantizamos el acceso efectivo a la justicia, la verdad y la reparaci\u00f3n de las v\u00edctimas de los delitos.\",\"breadcrumb\":{\"@id\":\"https:\/\/www.fiscalia.gov.co\/colombia\/noticias\/enviado-a-centro-carcelario-un-hombre-senalado-de-torturar-a-un-familiar-en-ortega-tolima\/#breadcrumb\"},\"inLanguage\":\"es-CO\",\"potentialAction\":[{\"@type\":\"ReadAction\",\"target\":[\"https:\/\/www.fiscalia.gov.co\/colombia\/noticias\/enviado-a-centro-carcelario-un-hombre-senalado-de-torturar-a-un-familiar-en-ortega-tolima\/\"]}]},{\"@type\":\"ImageObject\",\"inLanguage\":\"es-CO\",\"@id\":\"https:\/\/www.fiscalia.gov.co\/colombia\/noticias\/enviado-a-centro-carcelario-un-hombre-senalado-de-torturar-a-un-familiar-en-ortega-tolima\/#primaryimage\",\"url\":\"https:\/\/www.fiscalia.gov.co\/colombia\/wp-content\/uploads\/tortura-primo-ortega-tolima.jpeg\",\"contentUrl\":\"https:\/\/www.fiscalia.gov.co\/colombia\/wp-content\/uploads\/tortura-primo-ortega-tolima.jpeg\",\"width\":1458,\"height\":1070,\"caption\":\"Alexis Lozada Su\u00e1rez fue detenido por su presunta responsabilidad en la tortura a su primo. El hermano de Lozada Su\u00e1rez fue capturado por estos mismos hechos en agosto del a\u00f1o 2024.\"},{\"@type\":\"BreadcrumbList\",\"@id\":\"https:\/\/www.fiscalia.gov.co\/colombia\/noticias\/enviado-a-centro-carcelario-un-hombre-senalado-de-torturar-a-un-familiar-en-ortega-tolima\/#breadcrumb\",\"itemListElement\":[{\"@type\":\"ListItem\",\"position\":1,\"name\":\"Home\",\"item\":\"https:\/\/www.fiscalia.gov.co\/colombia\/\"},{\"@type\":\"ListItem\",\"position\":2,\"name\":\"Enviado a centro carcelario un hombre se\u00f1alado de torturar a un familiar en Ortega (Tolima)\"}]},{\"@type\":\"WebSite\",\"@id\":\"https:\/\/www.fiscalia.gov.co\/colombia\/#website\",\"url\":\"https:\/\/www.fiscalia.gov.co\/colombia\/\",\"name\":\"Fiscal\u00eda General de la Naci\u00f3n\",\"description\":\"P\u00e1gina oficial de la Fiscal\u00eda General de la Naci\u00f3n \u2013 Colombia. Garantizamos el acceso efectivo a la justicia, la verdad y la reparaci\u00f3n de las v\u00edctimas de los delitos.\",\"publisher\":{\"@id\":\"https:\/\/www.fiscalia.gov.co\/colombia\/#organization\"},\"potentialAction\":[{\"@type\":\"SearchAction\",\"target\":{\"@type\":\"EntryPoint\",\"urlTemplate\":\"https:\/\/www.fiscalia.gov.co\/colombia\/?s={search_term_string}\"},\"query-input\":{\"@type\":\"PropertyValueSpecification\",\"valueRequired\":true,\"valueName\":\"search_term_string\"}}],\"inLanguage\":\"es-CO\"},{\"@type\":\"Organization\",\"@id\":\"https:\/\/www.fiscalia.gov.co\/colombia\/#organization\",\"name\":\"Fiscal\u00eda General de la Naci\u00f3n\",\"url\":\"https:\/\/www.fiscalia.gov.co\/colombia\/\",\"logo\":{\"@type\":\"ImageObject\",\"inLanguage\":\"es-CO\",\"@id\":\"https:\/\/www.fiscalia.gov.co\/colombia\/#\/schema\/logo\/image\/\",\"url\":\"https:\/\/www.fiscalia.gov.co\/colombia\/wp-content\/uploads\/LogoHorizontal_1.jpg\",\"contentUrl\":\"https:\/\/www.fiscalia.gov.co\/colombia\/wp-content\/uploads\/LogoHorizontal_1.jpg\",\"width\":300,\"height\":90,\"caption\":\"Fiscal\u00eda General de la Naci\u00f3n\"},\"image\":{\"@id\":\"https:\/\/www.fiscalia.gov.co\/colombia\/#\/schema\/logo\/image\/\"},\"sameAs\":[\"https:\/\/www.facebook.com\/FiscaliaCol\",\"https:\/\/x.com\/FiscaliaCol\",\"https:\/\/www.instagram.com\/fiscaliacol\",\"https:\/\/www.linkedin.com\/company\/fiscalia-general-de-la-naci-n\/\",\"https:\/\/youtube.com\/@fiscaliageneraldelanacion-4668?si=6nN79nyQICPU5iTh\"]},{\"@type\":\"Person\",\"@id\":\"https:\/\/www.fiscalia.gov.co\/colombia\/#\/schema\/person\/2e76b9aba5ecf875ed565ce4de0e0415\",\"name\":\"Katherine Loaiza Mart\u00ednez\",\"image\":{\"@type\":\"ImageObject\",\"inLanguage\":\"es-CO\",\"@id\":\"https:\/\/www.fiscalia.gov.co\/colombia\/#\/schema\/person\/image\/\",\"url\":\"https:\/\/secure.gravatar.com\/avatar\/ab775a2f394c1b83b6d6f78680e57b50?s=96&d=mm&r=g\",\"contentUrl\":\"https:\/\/secure.gravatar.com\/avatar\/ab775a2f394c1b83b6d6f78680e57b50?s=96&d=mm&r=g\",\"caption\":\"Katherine Loaiza Mart\u00ednez\"},\"url\":\"https:\/\/www.fiscalia.gov.co\/colombia\/author\/kloaiza\/\"}]}<\/script>\n<!-- \/ Yoast SEO plugin. -->","yoast_head_json":{"title":"Fiscal\u00eda General de la Naci\u00f3n","description":"P\u00e1gina oficial de la Fiscal\u00eda General de la Naci\u00f3n \u2013 Colombia. Garantizamos el acceso efectivo a la justicia, la verdad y la reparaci\u00f3n de las v\u00edctimas de los delitos.","robots":{"index":"noindex","follow":"follow"},"og_locale":"es_ES","og_type":"article","og_title":"Fiscal\u00eda General de la Naci\u00f3n","og_description":"P\u00e1gina oficial de la Fiscal\u00eda General de la Naci\u00f3n \u2013 Colombia. Garantizamos el acceso efectivo a la justicia, la verdad y la reparaci\u00f3n de las v\u00edctimas de los delitos.","og_url":"https:\/\/www.fiscalia.gov.co\/colombia\/noticias\/enviado-a-centro-carcelario-un-hombre-senalado-de-torturar-a-un-familiar-en-ortega-tolima\/","og_site_name":"Fiscal\u00eda General de la Naci\u00f3n","article_publisher":"https:\/\/www.facebook.com\/FiscaliaCol","article_published_time":"2025-03-03T19:59:51+00:00","og_image":[{"width":1458,"height":1070,"url":"https:\/\/www.fiscalia.gov.co\/colombia\/wp-content\/uploads\/tortura-primo-ortega-tolima.jpeg","type":"image\/jpeg"}],"author":"Katherine Loaiza Mart\u00ednez","twitter_card":"summary_large_image","twitter_creator":"@FiscaliaCol","twitter_site":"@FiscaliaCol","twitter_misc":{"Escrito por":"Katherine Loaiza Mart\u00ednez","Tiempo de lectura":"2 minutos"},"schema":{"@context":"https:\/\/schema.org","@graph":[{"@type":"Article","@id":"https:\/\/www.fiscalia.gov.co\/colombia\/noticias\/enviado-a-centro-carcelario-un-hombre-senalado-de-torturar-a-un-familiar-en-ortega-tolima\/#article","isPartOf":{"@id":"https:\/\/www.fiscalia.gov.co\/colombia\/noticias\/enviado-a-centro-carcelario-un-hombre-senalado-de-torturar-a-un-familiar-en-ortega-tolima\/"},"author":{"name":"Katherine Loaiza Mart\u00ednez","@id":"https:\/\/www.fiscalia.gov.co\/colombia\/#\/schema\/person\/2e76b9aba5ecf875ed565ce4de0e0415"},"headline":"Enviado a centro carcelario un hombre se\u00f1alado de torturar a un familiar en Ortega (Tolima)","datePublished":"2025-03-03T19:59:51+00:00","dateModified":"2025-03-03T19:59:51+00:00","mainEntityOfPage":{"@id":"https:\/\/www.fiscalia.gov.co\/colombia\/noticias\/enviado-a-centro-carcelario-un-hombre-senalado-de-torturar-a-un-familiar-en-ortega-tolima\/"},"wordCount":397,"publisher":{"@id":"https:\/\/www.fiscalia.gov.co\/colombia\/#organization"},"image":{"@id":"https:\/\/www.fiscalia.gov.co\/colombia\/noticias\/enviado-a-centro-carcelario-un-hombre-senalado-de-torturar-a-un-familiar-en-ortega-tolima\/#primaryimage"},"thumbnailUrl":"https:\/\/www.fiscalia.gov.co\/colombia\/wp-content\/uploads\/tortura-primo-ortega-tolima.jpeg","keywords":["Captura","CTI","fiscal Camargo","Fiscal Especializada","Fiscal General Luz Adriana Camargo","Fiscal\u00eda General de la Naci\u00f3n","Justicia","Maltrato","Ortega","Polic\u00eda Nacional","primos","Seccional Tolima","Tortura"],"articleSection":["Noticias","Seccional Ibagu\u00e9","Seguridad territorial"],"inLanguage":"es-CO"},{"@type":"WebPage","@id":"https:\/\/www.fiscalia.gov.co\/colombia\/noticias\/enviado-a-centro-carcelario-un-hombre-senalado-de-torturar-a-un-familiar-en-ortega-tolima\/","url":"https:\/\/www.fiscalia.gov.co\/colombia\/noticias\/enviado-a-centro-carcelario-un-hombre-senalado-de-torturar-a-un-familiar-en-ortega-tolima\/","name":"Fiscal\u00eda General de la Naci\u00f3n","isPartOf":{"@id":"https:\/\/www.fiscalia.gov.co\/colombia\/#website"},"primaryImageOfPage":{"@id":"https:\/\/www.fiscalia.gov.co\/colombia\/noticias\/enviado-a-centro-carcelario-un-hombre-senalado-de-torturar-a-un-familiar-en-ortega-tolima\/#primaryimage"},"image":{"@id":"https:\/\/www.fiscalia.gov.co\/colombia\/noticias\/enviado-a-centro-carcelario-un-hombre-senalado-de-torturar-a-un-familiar-en-ortega-tolima\/#primaryimage"},"thumbnailUrl":"https:\/\/www.fiscalia.gov.co\/colombia\/wp-content\/uploads\/tortura-primo-ortega-tolima.jpeg","datePublished":"2025-03-03T19:59:51+00:00","dateModified":"2025-03-03T19:59:51+00:00","description":"P\u00e1gina oficial de la Fiscal\u00eda General de la Naci\u00f3n \u2013 Colombia. Garantizamos el acceso efectivo a la justicia, la verdad y la reparaci\u00f3n de las v\u00edctimas de los delitos.","breadcrumb":{"@id":"https:\/\/www.fiscalia.gov.co\/colombia\/noticias\/enviado-a-centro-carcelario-un-hombre-senalado-de-torturar-a-un-familiar-en-ortega-tolima\/#breadcrumb"},"inLanguage":"es-CO","potentialAction":[{"@type":"ReadAction","target":["https:\/\/www.fiscalia.gov.co\/colombia\/noticias\/enviado-a-centro-carcelario-un-hombre-senalado-de-torturar-a-un-familiar-en-ortega-tolima\/"]}]},{"@type":"ImageObject","inLanguage":"es-CO","@id":"https:\/\/www.fiscalia.gov.co\/colombia\/noticias\/enviado-a-centro-carcelario-un-hombre-senalado-de-torturar-a-un-familiar-en-ortega-tolima\/#primaryimage","url":"https:\/\/www.fiscalia.gov.co\/colombia\/wp-content\/uploads\/tortura-primo-ortega-tolima.jpeg","contentUrl":"https:\/\/www.fiscalia.gov.co\/colombia\/wp-content\/uploads\/tortura-primo-ortega-tolima.jpeg","width":1458,"height":1070,"caption":"Alexis Lozada Su\u00e1rez fue detenido por su presunta responsabilidad en la tortura a su primo. El hermano de Lozada Su\u00e1rez fue capturado por estos mismos hechos en agosto del a\u00f1o 2024."},{"@type":"BreadcrumbList","@id":"https:\/\/www.fiscalia.gov.co\/colombia\/noticias\/enviado-a-centro-carcelario-un-hombre-senalado-de-torturar-a-un-familiar-en-ortega-tolima\/#breadcrumb","itemListElement":[{"@type":"ListItem","position":1,"name":"Home","item":"https:\/\/www.fiscalia.gov.co\/colombia\/"},{"@type":"ListItem","position":2,"name":"Enviado a centro carcelario un hombre se\u00f1alado de torturar a un familiar en Ortega (Tolima)"}]},{"@type":"WebSite","@id":"https:\/\/www.fiscalia.gov.co\/colombia\/#website","url":"https:\/\/www.fiscalia.gov.co\/colombia\/","name":"Fiscal\u00eda General de la Naci\u00f3n","description":"P\u00e1gina oficial de la Fiscal\u00eda General de la Naci\u00f3n \u2013 Colombia. Garantizamos el acceso efectivo a la justicia, la verdad y la reparaci\u00f3n de las v\u00edctimas de los delitos.","publisher":{"@id":"https:\/\/www.fiscalia.gov.co\/colombia\/#organization"},"potentialAction":[{"@type":"SearchAction","target":{"@type":"EntryPoint","urlTemplate":"https:\/\/www.fiscalia.gov.co\/colombia\/?s={search_term_string}"},"query-input":{"@type":"PropertyValueSpecification","valueRequired":true,"valueName":"search_term_string"}}],"inLanguage":"es-CO"},{"@type":"Organization","@id":"https:\/\/www.fiscalia.gov.co\/colombia\/#organization","name":"Fiscal\u00eda General de la Naci\u00f3n","url":"https:\/\/www.fiscalia.gov.co\/colombia\/","logo":{"@type":"ImageObject","inLanguage":"es-CO","@id":"https:\/\/www.fiscalia.gov.co\/colombia\/#\/schema\/logo\/image\/","url":"https:\/\/www.fiscalia.gov.co\/colombia\/wp-content\/uploads\/LogoHorizontal_1.jpg","contentUrl":"https:\/\/www.fiscalia.gov.co\/colombia\/wp-content\/uploads\/LogoHorizontal_1.jpg","width":300,"height":90,"caption":"Fiscal\u00eda General de la Naci\u00f3n"},"image":{"@id":"https:\/\/www.fiscalia.gov.co\/colombia\/#\/schema\/logo\/image\/"},"sameAs":["https:\/\/www.facebook.com\/FiscaliaCol","https:\/\/x.com\/FiscaliaCol","https:\/\/www.instagram.com\/fiscaliacol","https:\/\/www.linkedin.com\/company\/fiscalia-general-de-la-naci-n\/","https:\/\/youtube.com\/@fiscaliageneraldelanacion-4668?si=6nN79nyQICPU5iTh"]},{"@type":"Person","@id":"https:\/\/www.fiscalia.gov.co\/colombia\/#\/schema\/person\/2e76b9aba5ecf875ed565ce4de0e0415","name":"Katherine Loaiza Mart\u00ednez","image":{"@type":"ImageObject","inLanguage":"es-CO","@id":"https:\/\/www.fiscalia.gov.co\/colombia\/#\/schema\/person\/image\/","url":"https:\/\/secure.gravatar.com\/avatar\/ab775a2f394c1b83b6d6f78680e57b50?s=96&d=mm&r=g","contentUrl":"https:\/\/secure.gravatar.com\/avatar\/ab775a2f394c1b83b6d6f78680e57b50?s=96&d=mm&r=g","caption":"Katherine Loaiza Mart\u00ednez"},"url":"https:\/\/www.fiscalia.gov.co\/colombia\/author\/kloaiza\/"}]}},"_links":{"self":[{"href":"https:\/\/www.fiscalia.gov.co\/colombia\/wp-json\/wp\/v2\/posts\/311713","targetHints":{"allow":["GET"]}}],"collection":[{"href":"https:\/\/www.fiscalia.gov.co\/colombia\/wp-json\/wp\/v2\/posts"}],"about":[{"href":"https:\/\/www.fiscalia.gov.co\/colombia\/wp-json\/wp\/v2\/types\/post"}],"author":[{"embeddable":true,"href":"https:\/\/www.fiscalia.gov.co\/colombia\/wp-json\/wp\/v2\/users\/175"}],"replies":[{"embeddable":true,"href":"https:\/\/www.fiscalia.gov.co\/colombia\/wp-json\/wp\/v2\/comments?post=311713"}],"version-history":[{"count":1,"href":"https:\/\/www.fiscalia.gov.co\/colombia\/wp-json\/wp\/v2\/posts\/311713\/revisions"}],"predecessor-version":[{"id":311715,"href":"https:\/\/www.fiscalia.gov.co\/colombia\/wp-json\/wp\/v2\/posts\/311713\/revisions\/311715"}],"wp:attachment":[{"href":"https:\/\/www.fiscalia.gov.co\/colombia\/wp-json\/wp\/v2\/media?parent=311713"}],"wp:term":[{"taxonomy":"category","embeddable":true,"href":"https:\/\/www.fiscalia.gov.co\/colombia\/wp-json\/wp\/v2\/categories?post=311713"},{"taxonomy":"post_tag","embeddable":true,"href":"https:\/\/www.fiscalia.gov.co\/colombia\/wp-json\/wp\/v2\/tags?post=311713"}],"curies":[{"name":"wp","href":"https:\/\/api.w.org\/{rel}","templated":true}]}}