{"id":311607,"date":"2025-02-28T14:43:19","date_gmt":"2025-02-28T19:43:19","guid":{"rendered":"https:\/\/www.fiscalia.gov.co\/colombia\/?p=311607"},"modified":"2025-02-28T14:43:19","modified_gmt":"2025-02-28T19:43:19","slug":"en-arauca-fueron-judicializados-dos-hombres-que-estarian-implicados-en-el-almacenamiento-de-elementos-hurtados","status":"publish","type":"post","link":"https:\/\/www.fiscalia.gov.co\/colombia\/noticias\/en-arauca-fueron-judicializados-dos-hombres-que-estarian-implicados-en-el-almacenamiento-de-elementos-hurtados\/","title":{"rendered":"En Arauca fueron\u00a0judicializados dos hombres que estar\u00edan implicados en el almacenamiento de elementos hurtados\u00a0\u00a0"},"content":{"rendered":"<p>Por solicitud de la Fiscal\u00eda General de la Naci\u00f3n, un juez de control de garant\u00edas dict\u00f3 medida de aseguramiento privativa de la libertad en contra de\u00a0<strong>Jes\u00fas Antonio Camuan Rodr\u00edguez y Alix Mileth Dur\u00e1n Colmenares, por su presunta responsabilidad en los delitos de\u00a0 receptaci\u00f3n;\u00a0 y\u00a0<\/strong><a href=\"https:\/\/www.fiscalia.gov.co\/colombia\/hay-justicia\/fiscalia-en-arauca-obtuvo-sentencia-a-mas-de-12-anos-de-prision-por-trafico-de-armas\/\"><strong>fabricaci\u00f3n<\/strong><\/a><strong>, tr\u00e1fico o porte tenencia de armas de fuego, accesorios, partes o municiones agravado.<\/strong><\/p>\n<figure id=\"attachment_311608\" aria-describedby=\"caption-attachment-311608\" style=\"width: 1600px\" class=\"wp-caption aligncenter\"><img loading=\"lazy\" decoding=\"async\" class=\"size-full wp-image-311608\" src=\"https:\/\/www.fiscalia.gov.co\/colombia\/wp-content\/uploads\/Jesus-Antonio-Camuan-Rodriguez-y-Alix-Mileth-Duran-Colmenares-la-fiscalia-les-imputo-cargos-por-receptacion-y-trafico-de-armas.jpeg\" alt=\"Se visualiza a los capturados junto a uniformados de la Polic\u00eda Nacional. Detr\u00e1s de ellos el banner que identifica la Polic\u00eda Nacional en Arauca.\" width=\"1600\" height=\"900\" srcset=\"https:\/\/www.fiscalia.gov.co\/colombia\/wp-content\/uploads\/Jesus-Antonio-Camuan-Rodriguez-y-Alix-Mileth-Duran-Colmenares-la-fiscalia-les-imputo-cargos-por-receptacion-y-trafico-de-armas.jpeg 1600w, https:\/\/www.fiscalia.gov.co\/colombia\/wp-content\/uploads\/Jesus-Antonio-Camuan-Rodriguez-y-Alix-Mileth-Duran-Colmenares-la-fiscalia-les-imputo-cargos-por-receptacion-y-trafico-de-armas-300x169.jpeg 300w, https:\/\/www.fiscalia.gov.co\/colombia\/wp-content\/uploads\/Jesus-Antonio-Camuan-Rodriguez-y-Alix-Mileth-Duran-Colmenares-la-fiscalia-les-imputo-cargos-por-receptacion-y-trafico-de-armas-1024x576.jpeg 1024w, https:\/\/www.fiscalia.gov.co\/colombia\/wp-content\/uploads\/Jesus-Antonio-Camuan-Rodriguez-y-Alix-Mileth-Duran-Colmenares-la-fiscalia-les-imputo-cargos-por-receptacion-y-trafico-de-armas-768x432.jpeg 768w, https:\/\/www.fiscalia.gov.co\/colombia\/wp-content\/uploads\/Jesus-Antonio-Camuan-Rodriguez-y-Alix-Mileth-Duran-Colmenares-la-fiscalia-les-imputo-cargos-por-receptacion-y-trafico-de-armas-1536x864.jpeg 1536w, https:\/\/www.fiscalia.gov.co\/colombia\/wp-content\/uploads\/Jesus-Antonio-Camuan-Rodriguez-y-Alix-Mileth-Duran-Colmenares-la-fiscalia-les-imputo-cargos-por-receptacion-y-trafico-de-armas-747x420.jpeg 747w, https:\/\/www.fiscalia.gov.co\/colombia\/wp-content\/uploads\/Jesus-Antonio-Camuan-Rodriguez-y-Alix-Mileth-Duran-Colmenares-la-fiscalia-les-imputo-cargos-por-receptacion-y-trafico-de-armas-696x392.jpeg 696w, https:\/\/www.fiscalia.gov.co\/colombia\/wp-content\/uploads\/Jesus-Antonio-Camuan-Rodriguez-y-Alix-Mileth-Duran-Colmenares-la-fiscalia-les-imputo-cargos-por-receptacion-y-trafico-de-armas-1068x601.jpeg 1068w\" sizes=\"auto, (max-width: 1600px) 100vw, 1600px\" \/><figcaption id=\"caption-attachment-311608\" class=\"wp-caption-text\">A Jes\u00fas Antonio Camuan Rodr\u00edguez y Alix Mileth Dur\u00e1n Colmenares, la fiscal\u00eda les imput\u00f3 cargos por receptaci\u00f3n y tr\u00e1fico de armas.<\/figcaption><\/figure>\n<p>Los procesados fueron capturados en\u00a0<strong>flagrancia por uniformados de la Polic\u00eda y\u00a0 el Ej\u00e9rcito Nacional, el pasado 25 de febrero, en diligencia de registro y allanamiento realizada en el asentamiento humano El Triunfo en Tame<\/strong>\u00a0(Arauca).<\/p>\n<p>En el procedimiento fueron encontrados\u00a0<strong>cartuchos calibre 9 mm, un proveedor, tres celulares, elementos reportados como hurtados; adem\u00e1s de autopartes de una motocicleta.<\/strong><\/p>\n<p>Los indiciados\u00a0<strong>no aceptaron su responsabilidad en los cargos imputados y fueron enviados a un establecimiento carcelario para el cumplimiento de la medida impuesta por el juez.<\/strong><\/p>\n<p>&nbsp;<\/p>\n<p>MPHA\/AMCJ\/JASN\/DSA<\/p>\n<p>&nbsp;<\/p>\n<p>&nbsp;<\/p>\n<p><em>La informaci\u00f3n contenida en este bolet\u00edn de prensa corresponde a la narraci\u00f3n de los hechos noticiosos objetivos, suministrados por los funcionarios encargados de adelantar las investigaciones penales al interior de la Fiscal\u00eda General de la Naci\u00f3n. Para el momento de la divulgaci\u00f3n de este comunicado, la situaci\u00f3n jur\u00eddica de la(s) persona(s) relacionada(s) se encuentra pendiente de resolver por la autoridad judicial competente, siempre bajo los preceptos de la presunci\u00f3n de inocencia, consagrados en el art\u00edculo 29 de la Constituci\u00f3n Pol\u00edtica y el art\u00edculo 7\u00ba de la Ley 906 de 2004.\u00a0<\/em><\/p>\n\n<div class=\"twitter-share\"><a href=\"https:\/\/twitter.com\/intent\/tweet?via=fiscaliacol\" class=\"twitter-share-button\">Tweet<\/a><\/div>\n","protected":false},"excerpt":{"rendered":"<p>Por solicitud de la Fiscal\u00eda General de la Naci\u00f3n, un juez de control de garant\u00edas dict\u00f3 medida de aseguramiento privativa de la libertad en contra de\u00a0Jes\u00fas Antonio Camuan Rodr\u00edguez y [&hellip;]<\/p>\n","protected":false},"author":175,"featured_media":0,"comment_status":"closed","ping_status":"open","sticky":false,"template":"","format":"standard","meta":{"tdm_status":"","tdm_grid_status":"","footnotes":""},"categories":[1,12632,24099],"tags":[3148,1704,14550,4614,7169,17967,558,2828],"class_list":["post-311607","post","type-post","status-publish","format-standard","category-noticias","category-seccional-arauca","category-seguridad-territorial","tag-allanamiento","tag-armas","tag-carcel","tag-fiscalia-2","tag-flagrancia","tag-investigacion","tag-policia-nacional","tag-receptacion"],"yoast_head":"<!-- This site is optimized with the Yoast SEO plugin v24.3 - https:\/\/yoast.com\/wordpress\/plugins\/seo\/ -->\n<title>Fiscal\u00eda General de la Naci\u00f3n<\/title>\n<meta name=\"description\" content=\"P\u00e1gina oficial de la Fiscal\u00eda General de la Naci\u00f3n \u2013 Colombia. Garantizamos el acceso efectivo a la justicia, la verdad y la reparaci\u00f3n de las v\u00edctimas de los delitos.\" \/>\n<meta name=\"robots\" content=\"noindex, follow\" \/>\n<meta property=\"og:locale\" content=\"es_ES\" \/>\n<meta property=\"og:type\" content=\"article\" \/>\n<meta property=\"og:title\" content=\"Fiscal\u00eda General de la Naci\u00f3n\" \/>\n<meta property=\"og:description\" content=\"P\u00e1gina oficial de la Fiscal\u00eda General de la Naci\u00f3n \u2013 Colombia. Garantizamos el acceso efectivo a la justicia, la verdad y la reparaci\u00f3n de las v\u00edctimas de los delitos.\" \/>\n<meta property=\"og:url\" content=\"https:\/\/www.fiscalia.gov.co\/colombia\/noticias\/en-arauca-fueron-judicializados-dos-hombres-que-estarian-implicados-en-el-almacenamiento-de-elementos-hurtados\/\" \/>\n<meta property=\"og:site_name\" content=\"Fiscal\u00eda General de la Naci\u00f3n\" \/>\n<meta property=\"article:publisher\" content=\"https:\/\/www.facebook.com\/FiscaliaCol\" \/>\n<meta property=\"article:published_time\" content=\"2025-02-28T19:43:19+00:00\" \/>\n<meta property=\"og:image\" content=\"https:\/\/www.fiscalia.gov.co\/colombia\/wp-content\/uploads\/Jesus-Antonio-Camuan-Rodriguez-y-Alix-Mileth-Duran-Colmenares-la-fiscalia-les-imputo-cargos-por-receptacion-y-trafico-de-armas.jpeg\" \/>\n\t<meta property=\"og:image:width\" content=\"1600\" \/>\n\t<meta property=\"og:image:height\" content=\"900\" \/>\n\t<meta property=\"og:image:type\" content=\"image\/jpeg\" \/>\n<meta name=\"author\" content=\"Katherine Loaiza Mart\u00ednez\" \/>\n<meta name=\"twitter:card\" content=\"summary_large_image\" \/>\n<meta name=\"twitter:creator\" content=\"@FiscaliaCol\" \/>\n<meta name=\"twitter:site\" content=\"@FiscaliaCol\" \/>\n<meta name=\"twitter:label1\" content=\"Escrito por\" \/>\n\t<meta name=\"twitter:data1\" content=\"Katherine Loaiza Mart\u00ednez\" \/>\n\t<meta name=\"twitter:label2\" content=\"Tiempo de lectura\" \/>\n\t<meta name=\"twitter:data2\" content=\"2 minutos\" \/>\n<script type=\"application\/ld+json\" class=\"yoast-schema-graph\">{\"@context\":\"https:\/\/schema.org\",\"@graph\":[{\"@type\":\"Article\",\"@id\":\"https:\/\/www.fiscalia.gov.co\/colombia\/noticias\/en-arauca-fueron-judicializados-dos-hombres-que-estarian-implicados-en-el-almacenamiento-de-elementos-hurtados\/#article\",\"isPartOf\":{\"@id\":\"https:\/\/www.fiscalia.gov.co\/colombia\/noticias\/en-arauca-fueron-judicializados-dos-hombres-que-estarian-implicados-en-el-almacenamiento-de-elementos-hurtados\/\"},\"author\":{\"name\":\"Katherine Loaiza Mart\u00ednez\",\"@id\":\"https:\/\/www.fiscalia.gov.co\/colombia\/#\/schema\/person\/2e76b9aba5ecf875ed565ce4de0e0415\"},\"headline\":\"En Arauca fueron\u00a0judicializados dos hombres que estar\u00edan implicados en el almacenamiento de elementos hurtados\u00a0\u00a0\",\"datePublished\":\"2025-02-28T19:43:19+00:00\",\"dateModified\":\"2025-02-28T19:43:19+00:00\",\"mainEntityOfPage\":{\"@id\":\"https:\/\/www.fiscalia.gov.co\/colombia\/noticias\/en-arauca-fueron-judicializados-dos-hombres-que-estarian-implicados-en-el-almacenamiento-de-elementos-hurtados\/\"},\"wordCount\":314,\"publisher\":{\"@id\":\"https:\/\/www.fiscalia.gov.co\/colombia\/#organization\"},\"image\":{\"@id\":\"https:\/\/www.fiscalia.gov.co\/colombia\/noticias\/en-arauca-fueron-judicializados-dos-hombres-que-estarian-implicados-en-el-almacenamiento-de-elementos-hurtados\/#primaryimage\"},\"thumbnailUrl\":\"https:\/\/www.fiscalia.gov.co\/colombia\/wp-content\/uploads\/Jesus-Antonio-Camuan-Rodriguez-y-Alix-Mileth-Duran-Colmenares-la-fiscalia-les-imputo-cargos-por-receptacion-y-trafico-de-armas.jpeg\",\"keywords\":[\"Allanamiento\",\"Armas\",\"C\u00e1rcel\",\"Fiscal\u00eda\",\"Flagrancia\",\"Investigaci\u00f3n\",\"Polic\u00eda Nacional\",\"Receptaci\u00f3n\"],\"articleSection\":[\"Noticias\",\"Seccional Arauca\",\"Seguridad territorial\"],\"inLanguage\":\"es-CO\"},{\"@type\":\"WebPage\",\"@id\":\"https:\/\/www.fiscalia.gov.co\/colombia\/noticias\/en-arauca-fueron-judicializados-dos-hombres-que-estarian-implicados-en-el-almacenamiento-de-elementos-hurtados\/\",\"url\":\"https:\/\/www.fiscalia.gov.co\/colombia\/noticias\/en-arauca-fueron-judicializados-dos-hombres-que-estarian-implicados-en-el-almacenamiento-de-elementos-hurtados\/\",\"name\":\"Fiscal\u00eda General de la Naci\u00f3n\",\"isPartOf\":{\"@id\":\"https:\/\/www.fiscalia.gov.co\/colombia\/#website\"},\"primaryImageOfPage\":{\"@id\":\"https:\/\/www.fiscalia.gov.co\/colombia\/noticias\/en-arauca-fueron-judicializados-dos-hombres-que-estarian-implicados-en-el-almacenamiento-de-elementos-hurtados\/#primaryimage\"},\"image\":{\"@id\":\"https:\/\/www.fiscalia.gov.co\/colombia\/noticias\/en-arauca-fueron-judicializados-dos-hombres-que-estarian-implicados-en-el-almacenamiento-de-elementos-hurtados\/#primaryimage\"},\"thumbnailUrl\":\"https:\/\/www.fiscalia.gov.co\/colombia\/wp-content\/uploads\/Jesus-Antonio-Camuan-Rodriguez-y-Alix-Mileth-Duran-Colmenares-la-fiscalia-les-imputo-cargos-por-receptacion-y-trafico-de-armas.jpeg\",\"datePublished\":\"2025-02-28T19:43:19+00:00\",\"dateModified\":\"2025-02-28T19:43:19+00:00\",\"description\":\"P\u00e1gina oficial de la Fiscal\u00eda General de la Naci\u00f3n \u2013 Colombia. Garantizamos el acceso efectivo a la justicia, la verdad y la reparaci\u00f3n de las v\u00edctimas de los delitos.\",\"breadcrumb\":{\"@id\":\"https:\/\/www.fiscalia.gov.co\/colombia\/noticias\/en-arauca-fueron-judicializados-dos-hombres-que-estarian-implicados-en-el-almacenamiento-de-elementos-hurtados\/#breadcrumb\"},\"inLanguage\":\"es-CO\",\"potentialAction\":[{\"@type\":\"ReadAction\",\"target\":[\"https:\/\/www.fiscalia.gov.co\/colombia\/noticias\/en-arauca-fueron-judicializados-dos-hombres-que-estarian-implicados-en-el-almacenamiento-de-elementos-hurtados\/\"]}]},{\"@type\":\"ImageObject\",\"inLanguage\":\"es-CO\",\"@id\":\"https:\/\/www.fiscalia.gov.co\/colombia\/noticias\/en-arauca-fueron-judicializados-dos-hombres-que-estarian-implicados-en-el-almacenamiento-de-elementos-hurtados\/#primaryimage\",\"url\":\"https:\/\/www.fiscalia.gov.co\/colombia\/wp-content\/uploads\/Jesus-Antonio-Camuan-Rodriguez-y-Alix-Mileth-Duran-Colmenares-la-fiscalia-les-imputo-cargos-por-receptacion-y-trafico-de-armas.jpeg\",\"contentUrl\":\"https:\/\/www.fiscalia.gov.co\/colombia\/wp-content\/uploads\/Jesus-Antonio-Camuan-Rodriguez-y-Alix-Mileth-Duran-Colmenares-la-fiscalia-les-imputo-cargos-por-receptacion-y-trafico-de-armas.jpeg\",\"width\":1600,\"height\":900,\"caption\":\"A Jes\u00fas Antonio Camuan Rodr\u00edguez y Alix Mileth Dur\u00e1n Colmenares, la fiscal\u00eda les imput\u00f3 cargos por receptaci\u00f3n y tr\u00e1fico de armas.\"},{\"@type\":\"BreadcrumbList\",\"@id\":\"https:\/\/www.fiscalia.gov.co\/colombia\/noticias\/en-arauca-fueron-judicializados-dos-hombres-que-estarian-implicados-en-el-almacenamiento-de-elementos-hurtados\/#breadcrumb\",\"itemListElement\":[{\"@type\":\"ListItem\",\"position\":1,\"name\":\"Home\",\"item\":\"https:\/\/www.fiscalia.gov.co\/colombia\/\"},{\"@type\":\"ListItem\",\"position\":2,\"name\":\"En Arauca fueron\u00a0judicializados dos hombres que estar\u00edan implicados en el almacenamiento de elementos hurtados\u00a0\u00a0\"}]},{\"@type\":\"WebSite\",\"@id\":\"https:\/\/www.fiscalia.gov.co\/colombia\/#website\",\"url\":\"https:\/\/www.fiscalia.gov.co\/colombia\/\",\"name\":\"Fiscal\u00eda General de la Naci\u00f3n\",\"description\":\"P\u00e1gina oficial de la Fiscal\u00eda General de la Naci\u00f3n \u2013 Colombia. Garantizamos el acceso efectivo a la justicia, la verdad y la reparaci\u00f3n de las v\u00edctimas de los delitos.\",\"publisher\":{\"@id\":\"https:\/\/www.fiscalia.gov.co\/colombia\/#organization\"},\"potentialAction\":[{\"@type\":\"SearchAction\",\"target\":{\"@type\":\"EntryPoint\",\"urlTemplate\":\"https:\/\/www.fiscalia.gov.co\/colombia\/?s={search_term_string}\"},\"query-input\":{\"@type\":\"PropertyValueSpecification\",\"valueRequired\":true,\"valueName\":\"search_term_string\"}}],\"inLanguage\":\"es-CO\"},{\"@type\":\"Organization\",\"@id\":\"https:\/\/www.fiscalia.gov.co\/colombia\/#organization\",\"name\":\"Fiscal\u00eda General de la Naci\u00f3n\",\"url\":\"https:\/\/www.fiscalia.gov.co\/colombia\/\",\"logo\":{\"@type\":\"ImageObject\",\"inLanguage\":\"es-CO\",\"@id\":\"https:\/\/www.fiscalia.gov.co\/colombia\/#\/schema\/logo\/image\/\",\"url\":\"https:\/\/www.fiscalia.gov.co\/colombia\/wp-content\/uploads\/LogoHorizontal_1.jpg\",\"contentUrl\":\"https:\/\/www.fiscalia.gov.co\/colombia\/wp-content\/uploads\/LogoHorizontal_1.jpg\",\"width\":300,\"height\":90,\"caption\":\"Fiscal\u00eda General de la Naci\u00f3n\"},\"image\":{\"@id\":\"https:\/\/www.fiscalia.gov.co\/colombia\/#\/schema\/logo\/image\/\"},\"sameAs\":[\"https:\/\/www.facebook.com\/FiscaliaCol\",\"https:\/\/x.com\/FiscaliaCol\",\"https:\/\/www.instagram.com\/fiscaliacol\",\"https:\/\/www.linkedin.com\/company\/fiscalia-general-de-la-naci-n\/\",\"https:\/\/youtube.com\/@fiscaliageneraldelanacion-4668?si=6nN79nyQICPU5iTh\"]},{\"@type\":\"Person\",\"@id\":\"https:\/\/www.fiscalia.gov.co\/colombia\/#\/schema\/person\/2e76b9aba5ecf875ed565ce4de0e0415\",\"name\":\"Katherine Loaiza Mart\u00ednez\",\"image\":{\"@type\":\"ImageObject\",\"inLanguage\":\"es-CO\",\"@id\":\"https:\/\/www.fiscalia.gov.co\/colombia\/#\/schema\/person\/image\/\",\"url\":\"https:\/\/secure.gravatar.com\/avatar\/ab775a2f394c1b83b6d6f78680e57b50?s=96&d=mm&r=g\",\"contentUrl\":\"https:\/\/secure.gravatar.com\/avatar\/ab775a2f394c1b83b6d6f78680e57b50?s=96&d=mm&r=g\",\"caption\":\"Katherine Loaiza Mart\u00ednez\"},\"url\":\"https:\/\/www.fiscalia.gov.co\/colombia\/author\/kloaiza\/\"}]}<\/script>\n<!-- \/ Yoast SEO plugin. -->","yoast_head_json":{"title":"Fiscal\u00eda General de la Naci\u00f3n","description":"P\u00e1gina oficial de la Fiscal\u00eda General de la Naci\u00f3n \u2013 Colombia. Garantizamos el acceso efectivo a la justicia, la verdad y la reparaci\u00f3n de las v\u00edctimas de los delitos.","robots":{"index":"noindex","follow":"follow"},"og_locale":"es_ES","og_type":"article","og_title":"Fiscal\u00eda General de la Naci\u00f3n","og_description":"P\u00e1gina oficial de la Fiscal\u00eda General de la Naci\u00f3n \u2013 Colombia. Garantizamos el acceso efectivo a la justicia, la verdad y la reparaci\u00f3n de las v\u00edctimas de los delitos.","og_url":"https:\/\/www.fiscalia.gov.co\/colombia\/noticias\/en-arauca-fueron-judicializados-dos-hombres-que-estarian-implicados-en-el-almacenamiento-de-elementos-hurtados\/","og_site_name":"Fiscal\u00eda General de la Naci\u00f3n","article_publisher":"https:\/\/www.facebook.com\/FiscaliaCol","article_published_time":"2025-02-28T19:43:19+00:00","og_image":[{"width":1600,"height":900,"url":"https:\/\/www.fiscalia.gov.co\/colombia\/wp-content\/uploads\/Jesus-Antonio-Camuan-Rodriguez-y-Alix-Mileth-Duran-Colmenares-la-fiscalia-les-imputo-cargos-por-receptacion-y-trafico-de-armas.jpeg","type":"image\/jpeg"}],"author":"Katherine Loaiza Mart\u00ednez","twitter_card":"summary_large_image","twitter_creator":"@FiscaliaCol","twitter_site":"@FiscaliaCol","twitter_misc":{"Escrito por":"Katherine Loaiza Mart\u00ednez","Tiempo de lectura":"2 minutos"},"schema":{"@context":"https:\/\/schema.org","@graph":[{"@type":"Article","@id":"https:\/\/www.fiscalia.gov.co\/colombia\/noticias\/en-arauca-fueron-judicializados-dos-hombres-que-estarian-implicados-en-el-almacenamiento-de-elementos-hurtados\/#article","isPartOf":{"@id":"https:\/\/www.fiscalia.gov.co\/colombia\/noticias\/en-arauca-fueron-judicializados-dos-hombres-que-estarian-implicados-en-el-almacenamiento-de-elementos-hurtados\/"},"author":{"name":"Katherine Loaiza Mart\u00ednez","@id":"https:\/\/www.fiscalia.gov.co\/colombia\/#\/schema\/person\/2e76b9aba5ecf875ed565ce4de0e0415"},"headline":"En Arauca fueron\u00a0judicializados dos hombres que estar\u00edan implicados en el almacenamiento de elementos hurtados\u00a0\u00a0","datePublished":"2025-02-28T19:43:19+00:00","dateModified":"2025-02-28T19:43:19+00:00","mainEntityOfPage":{"@id":"https:\/\/www.fiscalia.gov.co\/colombia\/noticias\/en-arauca-fueron-judicializados-dos-hombres-que-estarian-implicados-en-el-almacenamiento-de-elementos-hurtados\/"},"wordCount":314,"publisher":{"@id":"https:\/\/www.fiscalia.gov.co\/colombia\/#organization"},"image":{"@id":"https:\/\/www.fiscalia.gov.co\/colombia\/noticias\/en-arauca-fueron-judicializados-dos-hombres-que-estarian-implicados-en-el-almacenamiento-de-elementos-hurtados\/#primaryimage"},"thumbnailUrl":"https:\/\/www.fiscalia.gov.co\/colombia\/wp-content\/uploads\/Jesus-Antonio-Camuan-Rodriguez-y-Alix-Mileth-Duran-Colmenares-la-fiscalia-les-imputo-cargos-por-receptacion-y-trafico-de-armas.jpeg","keywords":["Allanamiento","Armas","C\u00e1rcel","Fiscal\u00eda","Flagrancia","Investigaci\u00f3n","Polic\u00eda Nacional","Receptaci\u00f3n"],"articleSection":["Noticias","Seccional Arauca","Seguridad territorial"],"inLanguage":"es-CO"},{"@type":"WebPage","@id":"https:\/\/www.fiscalia.gov.co\/colombia\/noticias\/en-arauca-fueron-judicializados-dos-hombres-que-estarian-implicados-en-el-almacenamiento-de-elementos-hurtados\/","url":"https:\/\/www.fiscalia.gov.co\/colombia\/noticias\/en-arauca-fueron-judicializados-dos-hombres-que-estarian-implicados-en-el-almacenamiento-de-elementos-hurtados\/","name":"Fiscal\u00eda General de la Naci\u00f3n","isPartOf":{"@id":"https:\/\/www.fiscalia.gov.co\/colombia\/#website"},"primaryImageOfPage":{"@id":"https:\/\/www.fiscalia.gov.co\/colombia\/noticias\/en-arauca-fueron-judicializados-dos-hombres-que-estarian-implicados-en-el-almacenamiento-de-elementos-hurtados\/#primaryimage"},"image":{"@id":"https:\/\/www.fiscalia.gov.co\/colombia\/noticias\/en-arauca-fueron-judicializados-dos-hombres-que-estarian-implicados-en-el-almacenamiento-de-elementos-hurtados\/#primaryimage"},"thumbnailUrl":"https:\/\/www.fiscalia.gov.co\/colombia\/wp-content\/uploads\/Jesus-Antonio-Camuan-Rodriguez-y-Alix-Mileth-Duran-Colmenares-la-fiscalia-les-imputo-cargos-por-receptacion-y-trafico-de-armas.jpeg","datePublished":"2025-02-28T19:43:19+00:00","dateModified":"2025-02-28T19:43:19+00:00","description":"P\u00e1gina oficial de la Fiscal\u00eda General de la Naci\u00f3n \u2013 Colombia. Garantizamos el acceso efectivo a la justicia, la verdad y la reparaci\u00f3n de las v\u00edctimas de los delitos.","breadcrumb":{"@id":"https:\/\/www.fiscalia.gov.co\/colombia\/noticias\/en-arauca-fueron-judicializados-dos-hombres-que-estarian-implicados-en-el-almacenamiento-de-elementos-hurtados\/#breadcrumb"},"inLanguage":"es-CO","potentialAction":[{"@type":"ReadAction","target":["https:\/\/www.fiscalia.gov.co\/colombia\/noticias\/en-arauca-fueron-judicializados-dos-hombres-que-estarian-implicados-en-el-almacenamiento-de-elementos-hurtados\/"]}]},{"@type":"ImageObject","inLanguage":"es-CO","@id":"https:\/\/www.fiscalia.gov.co\/colombia\/noticias\/en-arauca-fueron-judicializados-dos-hombres-que-estarian-implicados-en-el-almacenamiento-de-elementos-hurtados\/#primaryimage","url":"https:\/\/www.fiscalia.gov.co\/colombia\/wp-content\/uploads\/Jesus-Antonio-Camuan-Rodriguez-y-Alix-Mileth-Duran-Colmenares-la-fiscalia-les-imputo-cargos-por-receptacion-y-trafico-de-armas.jpeg","contentUrl":"https:\/\/www.fiscalia.gov.co\/colombia\/wp-content\/uploads\/Jesus-Antonio-Camuan-Rodriguez-y-Alix-Mileth-Duran-Colmenares-la-fiscalia-les-imputo-cargos-por-receptacion-y-trafico-de-armas.jpeg","width":1600,"height":900,"caption":"A Jes\u00fas Antonio Camuan Rodr\u00edguez y Alix Mileth Dur\u00e1n Colmenares, la fiscal\u00eda les imput\u00f3 cargos por receptaci\u00f3n y tr\u00e1fico de armas."},{"@type":"BreadcrumbList","@id":"https:\/\/www.fiscalia.gov.co\/colombia\/noticias\/en-arauca-fueron-judicializados-dos-hombres-que-estarian-implicados-en-el-almacenamiento-de-elementos-hurtados\/#breadcrumb","itemListElement":[{"@type":"ListItem","position":1,"name":"Home","item":"https:\/\/www.fiscalia.gov.co\/colombia\/"},{"@type":"ListItem","position":2,"name":"En Arauca fueron\u00a0judicializados dos hombres que estar\u00edan implicados en el almacenamiento de elementos hurtados\u00a0\u00a0"}]},{"@type":"WebSite","@id":"https:\/\/www.fiscalia.gov.co\/colombia\/#website","url":"https:\/\/www.fiscalia.gov.co\/colombia\/","name":"Fiscal\u00eda General de la Naci\u00f3n","description":"P\u00e1gina oficial de la Fiscal\u00eda General de la Naci\u00f3n \u2013 Colombia. Garantizamos el acceso efectivo a la justicia, la verdad y la reparaci\u00f3n de las v\u00edctimas de los delitos.","publisher":{"@id":"https:\/\/www.fiscalia.gov.co\/colombia\/#organization"},"potentialAction":[{"@type":"SearchAction","target":{"@type":"EntryPoint","urlTemplate":"https:\/\/www.fiscalia.gov.co\/colombia\/?s={search_term_string}"},"query-input":{"@type":"PropertyValueSpecification","valueRequired":true,"valueName":"search_term_string"}}],"inLanguage":"es-CO"},{"@type":"Organization","@id":"https:\/\/www.fiscalia.gov.co\/colombia\/#organization","name":"Fiscal\u00eda General de la Naci\u00f3n","url":"https:\/\/www.fiscalia.gov.co\/colombia\/","logo":{"@type":"ImageObject","inLanguage":"es-CO","@id":"https:\/\/www.fiscalia.gov.co\/colombia\/#\/schema\/logo\/image\/","url":"https:\/\/www.fiscalia.gov.co\/colombia\/wp-content\/uploads\/LogoHorizontal_1.jpg","contentUrl":"https:\/\/www.fiscalia.gov.co\/colombia\/wp-content\/uploads\/LogoHorizontal_1.jpg","width":300,"height":90,"caption":"Fiscal\u00eda General de la Naci\u00f3n"},"image":{"@id":"https:\/\/www.fiscalia.gov.co\/colombia\/#\/schema\/logo\/image\/"},"sameAs":["https:\/\/www.facebook.com\/FiscaliaCol","https:\/\/x.com\/FiscaliaCol","https:\/\/www.instagram.com\/fiscaliacol","https:\/\/www.linkedin.com\/company\/fiscalia-general-de-la-naci-n\/","https:\/\/youtube.com\/@fiscaliageneraldelanacion-4668?si=6nN79nyQICPU5iTh"]},{"@type":"Person","@id":"https:\/\/www.fiscalia.gov.co\/colombia\/#\/schema\/person\/2e76b9aba5ecf875ed565ce4de0e0415","name":"Katherine Loaiza Mart\u00ednez","image":{"@type":"ImageObject","inLanguage":"es-CO","@id":"https:\/\/www.fiscalia.gov.co\/colombia\/#\/schema\/person\/image\/","url":"https:\/\/secure.gravatar.com\/avatar\/ab775a2f394c1b83b6d6f78680e57b50?s=96&d=mm&r=g","contentUrl":"https:\/\/secure.gravatar.com\/avatar\/ab775a2f394c1b83b6d6f78680e57b50?s=96&d=mm&r=g","caption":"Katherine Loaiza Mart\u00ednez"},"url":"https:\/\/www.fiscalia.gov.co\/colombia\/author\/kloaiza\/"}]}},"_links":{"self":[{"href":"https:\/\/www.fiscalia.gov.co\/colombia\/wp-json\/wp\/v2\/posts\/311607","targetHints":{"allow":["GET"]}}],"collection":[{"href":"https:\/\/www.fiscalia.gov.co\/colombia\/wp-json\/wp\/v2\/posts"}],"about":[{"href":"https:\/\/www.fiscalia.gov.co\/colombia\/wp-json\/wp\/v2\/types\/post"}],"author":[{"embeddable":true,"href":"https:\/\/www.fiscalia.gov.co\/colombia\/wp-json\/wp\/v2\/users\/175"}],"replies":[{"embeddable":true,"href":"https:\/\/www.fiscalia.gov.co\/colombia\/wp-json\/wp\/v2\/comments?post=311607"}],"version-history":[{"count":1,"href":"https:\/\/www.fiscalia.gov.co\/colombia\/wp-json\/wp\/v2\/posts\/311607\/revisions"}],"predecessor-version":[{"id":311609,"href":"https:\/\/www.fiscalia.gov.co\/colombia\/wp-json\/wp\/v2\/posts\/311607\/revisions\/311609"}],"wp:attachment":[{"href":"https:\/\/www.fiscalia.gov.co\/colombia\/wp-json\/wp\/v2\/media?parent=311607"}],"wp:term":[{"taxonomy":"category","embeddable":true,"href":"https:\/\/www.fiscalia.gov.co\/colombia\/wp-json\/wp\/v2\/categories?post=311607"},{"taxonomy":"post_tag","embeddable":true,"href":"https:\/\/www.fiscalia.gov.co\/colombia\/wp-json\/wp\/v2\/tags?post=311607"}],"curies":[{"name":"wp","href":"https:\/\/api.w.org\/{rel}","templated":true}]}}