{"id":311581,"date":"2025-02-28T10:18:24","date_gmt":"2025-02-28T15:18:24","guid":{"rendered":"https:\/\/www.fiscalia.gov.co\/colombia\/?p=311581"},"modified":"2025-02-28T10:22:01","modified_gmt":"2025-02-28T15:22:01","slug":"en-tolima-fue-judicializada-presunta-responsable-de-asesinar-a-un-adulto-mayor","status":"publish","type":"post","link":"https:\/\/www.fiscalia.gov.co\/colombia\/noticias\/en-tolima-fue-judicializada-presunta-responsable-de-asesinar-a-un-adulto-mayor\/","title":{"rendered":"En Tolima fue judicializada presunta responsable de asesinar a un adulto mayor"},"content":{"rendered":"<p>Por solicitud de la Fiscal\u00eda, un juez de control de garant\u00edas impuso medida de aseguramiento en centro carcelario contra Andrea Yuliatna Mirkerw Coyantes, se\u00f1alada del homicidio de un hombre, de 86 a\u00f1os, en Ibagu\u00e9 (Tolima).<\/p>\n<figure id=\"attachment_311582\" aria-describedby=\"caption-attachment-311582\" style=\"width: 1174px\" class=\"wp-caption aligncenter\"><img loading=\"lazy\" decoding=\"async\" class=\"size-full wp-image-311582\" src=\"https:\/\/www.fiscalia.gov.co\/colombia\/wp-content\/uploads\/asegurada-homicidio-adulto-mayor-plaza-de-la-28-tolima.jpeg\" alt=\"Se ve una mujer detenida bajo custodia de un investigador del CTI y de la Polic\u00eda Nacional. Detr\u00e1s un backing institucional.\" width=\"1174\" height=\"875\" srcset=\"https:\/\/www.fiscalia.gov.co\/colombia\/wp-content\/uploads\/asegurada-homicidio-adulto-mayor-plaza-de-la-28-tolima.jpeg 1174w, https:\/\/www.fiscalia.gov.co\/colombia\/wp-content\/uploads\/asegurada-homicidio-adulto-mayor-plaza-de-la-28-tolima-300x224.jpeg 300w, https:\/\/www.fiscalia.gov.co\/colombia\/wp-content\/uploads\/asegurada-homicidio-adulto-mayor-plaza-de-la-28-tolima-1024x763.jpeg 1024w, https:\/\/www.fiscalia.gov.co\/colombia\/wp-content\/uploads\/asegurada-homicidio-adulto-mayor-plaza-de-la-28-tolima-768x572.jpeg 768w, https:\/\/www.fiscalia.gov.co\/colombia\/wp-content\/uploads\/asegurada-homicidio-adulto-mayor-plaza-de-la-28-tolima-564x420.jpeg 564w, https:\/\/www.fiscalia.gov.co\/colombia\/wp-content\/uploads\/asegurada-homicidio-adulto-mayor-plaza-de-la-28-tolima-80x60.jpeg 80w, https:\/\/www.fiscalia.gov.co\/colombia\/wp-content\/uploads\/asegurada-homicidio-adulto-mayor-plaza-de-la-28-tolima-485x360.jpeg 485w, https:\/\/www.fiscalia.gov.co\/colombia\/wp-content\/uploads\/asegurada-homicidio-adulto-mayor-plaza-de-la-28-tolima-696x519.jpeg 696w, https:\/\/www.fiscalia.gov.co\/colombia\/wp-content\/uploads\/asegurada-homicidio-adulto-mayor-plaza-de-la-28-tolima-1068x796.jpeg 1068w, https:\/\/www.fiscalia.gov.co\/colombia\/wp-content\/uploads\/asegurada-homicidio-adulto-mayor-plaza-de-la-28-tolima-265x198.jpeg 265w\" sizes=\"auto, (max-width: 1174px) 100vw, 1174px\" \/><figcaption id=\"caption-attachment-311582\" class=\"wp-caption-text\">La mujer fue detenida por investigadores del CTI y la Polic\u00eda Nacional en el sector de Cadiz de Ibagu\u00e9, Tolima, por orden judicial.<\/figcaption><\/figure>\n<p>En un operativo conjunto entre el Cuerpo T\u00e9cnico de Investigaci\u00f3n (CTI) de la Fiscal\u00eda y la Polic\u00eda Nacional, en el sector de Cadiz, fue capturada esta mujer. Una fiscal de la Unidad de Vida le formul\u00f3 imputaci\u00f3n por el delito de homicidio agravado, cargo que no acept\u00f3.<\/p>\n<p>De acuerdo con la investigaci\u00f3n, los hechos ocurrieron el pasado 13 de febrero en el sector de la Avenida Ferrocarril, a las afueras de la vivienda de la v\u00edctima. Mirkerw Coyantes le pidi\u00f3 dinero y comida al adulto mayor, quien se neg\u00f3. Esta mujer, presuntamente, lo atac\u00f3 con arma cortopunzante, caus\u00e1ndole la muerte.<\/p>\n<p>&nbsp;<\/p>\n<p>PAAM\/LMFO\/AMCJ\/ACRB\/DST<\/p>\n<p>&nbsp;<\/p>\n<div class=\"td-post-content tagdiv-type\">\n<div class=\"td-post-content tagdiv-type\">\n<p><em>La informaci\u00f3n contenida en este bolet\u00edn de prensa corresponde a la narraci\u00f3n de los hechos noticiosos objetivos, y las investigaciones penales al interior de la Fiscal\u00eda General de la Naci\u00f3n. Para el momento de la divulgaci\u00f3n de este comunicado, la situaci\u00f3n jur\u00eddica de la(s) persona(s) relacionada(s) se encuentra pendiente de resolver por la autoridad judicial competente, siempre bajo los preceptos de la presunci\u00f3n de inocencia, consagrados en el art\u00edculo 29 de la Constituci\u00f3n Pol\u00edtica y el art\u00edculo 7\u00ba de la Ley 906 de 2004.<\/em><\/p>\n<\/div>\n<footer>\n<div class=\"td-post-source-tags\"><\/div>\n<div class=\"td-post-sharing-bottom\"><\/div>\n<\/footer>\n<\/div>\n<footer>\n<div class=\"td-post-source-tags\"><\/div>\n<div class=\"td-post-sharing-bottom\"><\/div>\n<\/footer>\n<p>&nbsp;<\/p>\n<p>&nbsp;<\/p>\n\n<div class=\"twitter-share\"><a href=\"https:\/\/twitter.com\/intent\/tweet?via=fiscaliacol\" class=\"twitter-share-button\">Tweet<\/a><\/div>\n","protected":false},"excerpt":{"rendered":"<p>Por solicitud de la Fiscal\u00eda, un juez de control de garant\u00edas impuso medida de aseguramiento en centro carcelario contra Andrea Yuliatna Mirkerw Coyantes, se\u00f1alada del homicidio de un hombre, de [&hellip;]<\/p>\n","protected":false},"author":175,"featured_media":0,"comment_status":"closed","ping_status":"open","sticky":false,"template":"","format":"standard","meta":{"tdm_status":"","tdm_grid_status":"","footnotes":""},"categories":[1,329,24099],"tags":[24221,14298,40352,924,40350,45,19111,1047,409,23838,10846,1185,2067,40351,558,30239,3417],"class_list":["post-311581","post","type-post","status-publish","format-standard","category-noticias","category-seccional-ibague","category-seguridad-territorial","tag-adulto-mayor","tag-agresion","tag-avenida-ferrocarril","tag-captura","tag-comida","tag-cti","tag-dinero","tag-fiscalia-general-de-la-nacion","tag-homicidio","tag-ibague","tag-intolerancia","tag-medida-de-aseguramiento","tag-mujer","tag-plaza-de-la-28","tag-policia-nacional","tag-seguridad-territorial","tag-unidad-de-vida"],"yoast_head":"<!-- This site is optimized with the Yoast SEO plugin v24.3 - https:\/\/yoast.com\/wordpress\/plugins\/seo\/ -->\n<title>Fiscal\u00eda General de la Naci\u00f3n<\/title>\n<meta name=\"description\" content=\"P\u00e1gina oficial de la Fiscal\u00eda General de la Naci\u00f3n \u2013 Colombia. Garantizamos el acceso efectivo a la justicia, la verdad y la reparaci\u00f3n de las v\u00edctimas de los delitos.\" \/>\n<meta name=\"robots\" content=\"noindex, follow\" \/>\n<meta property=\"og:locale\" content=\"es_ES\" \/>\n<meta property=\"og:type\" content=\"article\" \/>\n<meta property=\"og:title\" content=\"Fiscal\u00eda General de la Naci\u00f3n\" \/>\n<meta property=\"og:description\" content=\"P\u00e1gina oficial de la Fiscal\u00eda General de la Naci\u00f3n \u2013 Colombia. Garantizamos el acceso efectivo a la justicia, la verdad y la reparaci\u00f3n de las v\u00edctimas de los delitos.\" \/>\n<meta property=\"og:url\" content=\"https:\/\/www.fiscalia.gov.co\/colombia\/noticias\/en-tolima-fue-judicializada-presunta-responsable-de-asesinar-a-un-adulto-mayor\/\" \/>\n<meta property=\"og:site_name\" content=\"Fiscal\u00eda General de la Naci\u00f3n\" \/>\n<meta property=\"article:publisher\" content=\"https:\/\/www.facebook.com\/FiscaliaCol\" \/>\n<meta property=\"article:published_time\" content=\"2025-02-28T15:18:24+00:00\" \/>\n<meta property=\"article:modified_time\" content=\"2025-02-28T15:22:01+00:00\" \/>\n<meta property=\"og:image\" content=\"https:\/\/www.fiscalia.gov.co\/colombia\/wp-content\/uploads\/asegurada-homicidio-adulto-mayor-plaza-de-la-28-tolima.jpeg\" \/>\n\t<meta property=\"og:image:width\" content=\"1174\" \/>\n\t<meta property=\"og:image:height\" content=\"875\" \/>\n\t<meta property=\"og:image:type\" content=\"image\/jpeg\" \/>\n<meta name=\"author\" content=\"Katherine Loaiza Mart\u00ednez\" \/>\n<meta name=\"twitter:card\" content=\"summary_large_image\" \/>\n<meta name=\"twitter:creator\" content=\"@FiscaliaCol\" \/>\n<meta name=\"twitter:site\" content=\"@FiscaliaCol\" \/>\n<meta name=\"twitter:label1\" content=\"Escrito por\" \/>\n\t<meta name=\"twitter:data1\" content=\"Katherine Loaiza Mart\u00ednez\" \/>\n\t<meta name=\"twitter:label2\" content=\"Tiempo de lectura\" \/>\n\t<meta name=\"twitter:data2\" content=\"2 minutos\" \/>\n<script type=\"application\/ld+json\" class=\"yoast-schema-graph\">{\"@context\":\"https:\/\/schema.org\",\"@graph\":[{\"@type\":\"Article\",\"@id\":\"https:\/\/www.fiscalia.gov.co\/colombia\/noticias\/en-tolima-fue-judicializada-presunta-responsable-de-asesinar-a-un-adulto-mayor\/#article\",\"isPartOf\":{\"@id\":\"https:\/\/www.fiscalia.gov.co\/colombia\/noticias\/en-tolima-fue-judicializada-presunta-responsable-de-asesinar-a-un-adulto-mayor\/\"},\"author\":{\"name\":\"Katherine Loaiza Mart\u00ednez\",\"@id\":\"https:\/\/www.fiscalia.gov.co\/colombia\/#\/schema\/person\/2e76b9aba5ecf875ed565ce4de0e0415\"},\"headline\":\"En Tolima fue judicializada presunta responsable de asesinar a un adulto mayor\",\"datePublished\":\"2025-02-28T15:18:24+00:00\",\"dateModified\":\"2025-02-28T15:22:01+00:00\",\"mainEntityOfPage\":{\"@id\":\"https:\/\/www.fiscalia.gov.co\/colombia\/noticias\/en-tolima-fue-judicializada-presunta-responsable-de-asesinar-a-un-adulto-mayor\/\"},\"wordCount\":293,\"publisher\":{\"@id\":\"https:\/\/www.fiscalia.gov.co\/colombia\/#organization\"},\"image\":{\"@id\":\"https:\/\/www.fiscalia.gov.co\/colombia\/noticias\/en-tolima-fue-judicializada-presunta-responsable-de-asesinar-a-un-adulto-mayor\/#primaryimage\"},\"thumbnailUrl\":\"https:\/\/www.fiscalia.gov.co\/colombia\/wp-content\/uploads\/asegurada-homicidio-adulto-mayor-plaza-de-la-28-tolima.jpeg\",\"keywords\":[\"Adulto Mayor\",\"Agresi\u00f3n\",\"Avenida Ferrocarril\",\"Captura\",\"comida\",\"CTI\",\"Dinero\",\"Fiscal\u00eda General de la Naci\u00f3n\",\"Homicidio\",\"Ibagu\u00e9\",\"Intolerancia\",\"Medida de aseguramiento\",\"Mujer\",\"Plaza de la 28\",\"Polic\u00eda Nacional\",\"Seguridad territorial\",\"Unidad de Vida\"],\"articleSection\":[\"Noticias\",\"Seccional Ibagu\u00e9\",\"Seguridad territorial\"],\"inLanguage\":\"es-CO\"},{\"@type\":\"WebPage\",\"@id\":\"https:\/\/www.fiscalia.gov.co\/colombia\/noticias\/en-tolima-fue-judicializada-presunta-responsable-de-asesinar-a-un-adulto-mayor\/\",\"url\":\"https:\/\/www.fiscalia.gov.co\/colombia\/noticias\/en-tolima-fue-judicializada-presunta-responsable-de-asesinar-a-un-adulto-mayor\/\",\"name\":\"Fiscal\u00eda General de la Naci\u00f3n\",\"isPartOf\":{\"@id\":\"https:\/\/www.fiscalia.gov.co\/colombia\/#website\"},\"primaryImageOfPage\":{\"@id\":\"https:\/\/www.fiscalia.gov.co\/colombia\/noticias\/en-tolima-fue-judicializada-presunta-responsable-de-asesinar-a-un-adulto-mayor\/#primaryimage\"},\"image\":{\"@id\":\"https:\/\/www.fiscalia.gov.co\/colombia\/noticias\/en-tolima-fue-judicializada-presunta-responsable-de-asesinar-a-un-adulto-mayor\/#primaryimage\"},\"thumbnailUrl\":\"https:\/\/www.fiscalia.gov.co\/colombia\/wp-content\/uploads\/asegurada-homicidio-adulto-mayor-plaza-de-la-28-tolima.jpeg\",\"datePublished\":\"2025-02-28T15:18:24+00:00\",\"dateModified\":\"2025-02-28T15:22:01+00:00\",\"description\":\"P\u00e1gina oficial de la Fiscal\u00eda General de la Naci\u00f3n \u2013 Colombia. Garantizamos el acceso efectivo a la justicia, la verdad y la reparaci\u00f3n de las v\u00edctimas de los delitos.\",\"breadcrumb\":{\"@id\":\"https:\/\/www.fiscalia.gov.co\/colombia\/noticias\/en-tolima-fue-judicializada-presunta-responsable-de-asesinar-a-un-adulto-mayor\/#breadcrumb\"},\"inLanguage\":\"es-CO\",\"potentialAction\":[{\"@type\":\"ReadAction\",\"target\":[\"https:\/\/www.fiscalia.gov.co\/colombia\/noticias\/en-tolima-fue-judicializada-presunta-responsable-de-asesinar-a-un-adulto-mayor\/\"]}]},{\"@type\":\"ImageObject\",\"inLanguage\":\"es-CO\",\"@id\":\"https:\/\/www.fiscalia.gov.co\/colombia\/noticias\/en-tolima-fue-judicializada-presunta-responsable-de-asesinar-a-un-adulto-mayor\/#primaryimage\",\"url\":\"https:\/\/www.fiscalia.gov.co\/colombia\/wp-content\/uploads\/asegurada-homicidio-adulto-mayor-plaza-de-la-28-tolima.jpeg\",\"contentUrl\":\"https:\/\/www.fiscalia.gov.co\/colombia\/wp-content\/uploads\/asegurada-homicidio-adulto-mayor-plaza-de-la-28-tolima.jpeg\",\"width\":1174,\"height\":875,\"caption\":\"La mujer fue detenida por investigadores del CTI y la Polic\u00eda Nacional en el sector de Cadiz de Ibagu\u00e9, Tolima, por orden judicial.\"},{\"@type\":\"BreadcrumbList\",\"@id\":\"https:\/\/www.fiscalia.gov.co\/colombia\/noticias\/en-tolima-fue-judicializada-presunta-responsable-de-asesinar-a-un-adulto-mayor\/#breadcrumb\",\"itemListElement\":[{\"@type\":\"ListItem\",\"position\":1,\"name\":\"Home\",\"item\":\"https:\/\/www.fiscalia.gov.co\/colombia\/\"},{\"@type\":\"ListItem\",\"position\":2,\"name\":\"En Tolima fue judicializada presunta responsable de asesinar a un adulto mayor\"}]},{\"@type\":\"WebSite\",\"@id\":\"https:\/\/www.fiscalia.gov.co\/colombia\/#website\",\"url\":\"https:\/\/www.fiscalia.gov.co\/colombia\/\",\"name\":\"Fiscal\u00eda General de la Naci\u00f3n\",\"description\":\"P\u00e1gina oficial de la Fiscal\u00eda General de la Naci\u00f3n \u2013 Colombia. Garantizamos el acceso efectivo a la justicia, la verdad y la reparaci\u00f3n de las v\u00edctimas de los delitos.\",\"publisher\":{\"@id\":\"https:\/\/www.fiscalia.gov.co\/colombia\/#organization\"},\"potentialAction\":[{\"@type\":\"SearchAction\",\"target\":{\"@type\":\"EntryPoint\",\"urlTemplate\":\"https:\/\/www.fiscalia.gov.co\/colombia\/?s={search_term_string}\"},\"query-input\":{\"@type\":\"PropertyValueSpecification\",\"valueRequired\":true,\"valueName\":\"search_term_string\"}}],\"inLanguage\":\"es-CO\"},{\"@type\":\"Organization\",\"@id\":\"https:\/\/www.fiscalia.gov.co\/colombia\/#organization\",\"name\":\"Fiscal\u00eda General de la Naci\u00f3n\",\"url\":\"https:\/\/www.fiscalia.gov.co\/colombia\/\",\"logo\":{\"@type\":\"ImageObject\",\"inLanguage\":\"es-CO\",\"@id\":\"https:\/\/www.fiscalia.gov.co\/colombia\/#\/schema\/logo\/image\/\",\"url\":\"https:\/\/www.fiscalia.gov.co\/colombia\/wp-content\/uploads\/LogoHorizontal_1.jpg\",\"contentUrl\":\"https:\/\/www.fiscalia.gov.co\/colombia\/wp-content\/uploads\/LogoHorizontal_1.jpg\",\"width\":300,\"height\":90,\"caption\":\"Fiscal\u00eda General de la Naci\u00f3n\"},\"image\":{\"@id\":\"https:\/\/www.fiscalia.gov.co\/colombia\/#\/schema\/logo\/image\/\"},\"sameAs\":[\"https:\/\/www.facebook.com\/FiscaliaCol\",\"https:\/\/x.com\/FiscaliaCol\",\"https:\/\/www.instagram.com\/fiscaliacol\",\"https:\/\/www.linkedin.com\/company\/fiscalia-general-de-la-naci-n\/\",\"https:\/\/youtube.com\/@fiscaliageneraldelanacion-4668?si=6nN79nyQICPU5iTh\"]},{\"@type\":\"Person\",\"@id\":\"https:\/\/www.fiscalia.gov.co\/colombia\/#\/schema\/person\/2e76b9aba5ecf875ed565ce4de0e0415\",\"name\":\"Katherine Loaiza Mart\u00ednez\",\"image\":{\"@type\":\"ImageObject\",\"inLanguage\":\"es-CO\",\"@id\":\"https:\/\/www.fiscalia.gov.co\/colombia\/#\/schema\/person\/image\/\",\"url\":\"https:\/\/secure.gravatar.com\/avatar\/ab775a2f394c1b83b6d6f78680e57b50?s=96&d=mm&r=g\",\"contentUrl\":\"https:\/\/secure.gravatar.com\/avatar\/ab775a2f394c1b83b6d6f78680e57b50?s=96&d=mm&r=g\",\"caption\":\"Katherine Loaiza Mart\u00ednez\"},\"url\":\"https:\/\/www.fiscalia.gov.co\/colombia\/author\/kloaiza\/\"}]}<\/script>\n<!-- \/ Yoast SEO plugin. -->","yoast_head_json":{"title":"Fiscal\u00eda General de la Naci\u00f3n","description":"P\u00e1gina oficial de la Fiscal\u00eda General de la Naci\u00f3n \u2013 Colombia. Garantizamos el acceso efectivo a la justicia, la verdad y la reparaci\u00f3n de las v\u00edctimas de los delitos.","robots":{"index":"noindex","follow":"follow"},"og_locale":"es_ES","og_type":"article","og_title":"Fiscal\u00eda General de la Naci\u00f3n","og_description":"P\u00e1gina oficial de la Fiscal\u00eda General de la Naci\u00f3n \u2013 Colombia. Garantizamos el acceso efectivo a la justicia, la verdad y la reparaci\u00f3n de las v\u00edctimas de los delitos.","og_url":"https:\/\/www.fiscalia.gov.co\/colombia\/noticias\/en-tolima-fue-judicializada-presunta-responsable-de-asesinar-a-un-adulto-mayor\/","og_site_name":"Fiscal\u00eda General de la Naci\u00f3n","article_publisher":"https:\/\/www.facebook.com\/FiscaliaCol","article_published_time":"2025-02-28T15:18:24+00:00","article_modified_time":"2025-02-28T15:22:01+00:00","og_image":[{"width":1174,"height":875,"url":"https:\/\/www.fiscalia.gov.co\/colombia\/wp-content\/uploads\/asegurada-homicidio-adulto-mayor-plaza-de-la-28-tolima.jpeg","type":"image\/jpeg"}],"author":"Katherine Loaiza Mart\u00ednez","twitter_card":"summary_large_image","twitter_creator":"@FiscaliaCol","twitter_site":"@FiscaliaCol","twitter_misc":{"Escrito por":"Katherine Loaiza Mart\u00ednez","Tiempo de lectura":"2 minutos"},"schema":{"@context":"https:\/\/schema.org","@graph":[{"@type":"Article","@id":"https:\/\/www.fiscalia.gov.co\/colombia\/noticias\/en-tolima-fue-judicializada-presunta-responsable-de-asesinar-a-un-adulto-mayor\/#article","isPartOf":{"@id":"https:\/\/www.fiscalia.gov.co\/colombia\/noticias\/en-tolima-fue-judicializada-presunta-responsable-de-asesinar-a-un-adulto-mayor\/"},"author":{"name":"Katherine Loaiza Mart\u00ednez","@id":"https:\/\/www.fiscalia.gov.co\/colombia\/#\/schema\/person\/2e76b9aba5ecf875ed565ce4de0e0415"},"headline":"En Tolima fue judicializada presunta responsable de asesinar a un adulto mayor","datePublished":"2025-02-28T15:18:24+00:00","dateModified":"2025-02-28T15:22:01+00:00","mainEntityOfPage":{"@id":"https:\/\/www.fiscalia.gov.co\/colombia\/noticias\/en-tolima-fue-judicializada-presunta-responsable-de-asesinar-a-un-adulto-mayor\/"},"wordCount":293,"publisher":{"@id":"https:\/\/www.fiscalia.gov.co\/colombia\/#organization"},"image":{"@id":"https:\/\/www.fiscalia.gov.co\/colombia\/noticias\/en-tolima-fue-judicializada-presunta-responsable-de-asesinar-a-un-adulto-mayor\/#primaryimage"},"thumbnailUrl":"https:\/\/www.fiscalia.gov.co\/colombia\/wp-content\/uploads\/asegurada-homicidio-adulto-mayor-plaza-de-la-28-tolima.jpeg","keywords":["Adulto Mayor","Agresi\u00f3n","Avenida Ferrocarril","Captura","comida","CTI","Dinero","Fiscal\u00eda General de la Naci\u00f3n","Homicidio","Ibagu\u00e9","Intolerancia","Medida de aseguramiento","Mujer","Plaza de la 28","Polic\u00eda Nacional","Seguridad territorial","Unidad de Vida"],"articleSection":["Noticias","Seccional Ibagu\u00e9","Seguridad territorial"],"inLanguage":"es-CO"},{"@type":"WebPage","@id":"https:\/\/www.fiscalia.gov.co\/colombia\/noticias\/en-tolima-fue-judicializada-presunta-responsable-de-asesinar-a-un-adulto-mayor\/","url":"https:\/\/www.fiscalia.gov.co\/colombia\/noticias\/en-tolima-fue-judicializada-presunta-responsable-de-asesinar-a-un-adulto-mayor\/","name":"Fiscal\u00eda General de la Naci\u00f3n","isPartOf":{"@id":"https:\/\/www.fiscalia.gov.co\/colombia\/#website"},"primaryImageOfPage":{"@id":"https:\/\/www.fiscalia.gov.co\/colombia\/noticias\/en-tolima-fue-judicializada-presunta-responsable-de-asesinar-a-un-adulto-mayor\/#primaryimage"},"image":{"@id":"https:\/\/www.fiscalia.gov.co\/colombia\/noticias\/en-tolima-fue-judicializada-presunta-responsable-de-asesinar-a-un-adulto-mayor\/#primaryimage"},"thumbnailUrl":"https:\/\/www.fiscalia.gov.co\/colombia\/wp-content\/uploads\/asegurada-homicidio-adulto-mayor-plaza-de-la-28-tolima.jpeg","datePublished":"2025-02-28T15:18:24+00:00","dateModified":"2025-02-28T15:22:01+00:00","description":"P\u00e1gina oficial de la Fiscal\u00eda General de la Naci\u00f3n \u2013 Colombia. Garantizamos el acceso efectivo a la justicia, la verdad y la reparaci\u00f3n de las v\u00edctimas de los delitos.","breadcrumb":{"@id":"https:\/\/www.fiscalia.gov.co\/colombia\/noticias\/en-tolima-fue-judicializada-presunta-responsable-de-asesinar-a-un-adulto-mayor\/#breadcrumb"},"inLanguage":"es-CO","potentialAction":[{"@type":"ReadAction","target":["https:\/\/www.fiscalia.gov.co\/colombia\/noticias\/en-tolima-fue-judicializada-presunta-responsable-de-asesinar-a-un-adulto-mayor\/"]}]},{"@type":"ImageObject","inLanguage":"es-CO","@id":"https:\/\/www.fiscalia.gov.co\/colombia\/noticias\/en-tolima-fue-judicializada-presunta-responsable-de-asesinar-a-un-adulto-mayor\/#primaryimage","url":"https:\/\/www.fiscalia.gov.co\/colombia\/wp-content\/uploads\/asegurada-homicidio-adulto-mayor-plaza-de-la-28-tolima.jpeg","contentUrl":"https:\/\/www.fiscalia.gov.co\/colombia\/wp-content\/uploads\/asegurada-homicidio-adulto-mayor-plaza-de-la-28-tolima.jpeg","width":1174,"height":875,"caption":"La mujer fue detenida por investigadores del CTI y la Polic\u00eda Nacional en el sector de Cadiz de Ibagu\u00e9, Tolima, por orden judicial."},{"@type":"BreadcrumbList","@id":"https:\/\/www.fiscalia.gov.co\/colombia\/noticias\/en-tolima-fue-judicializada-presunta-responsable-de-asesinar-a-un-adulto-mayor\/#breadcrumb","itemListElement":[{"@type":"ListItem","position":1,"name":"Home","item":"https:\/\/www.fiscalia.gov.co\/colombia\/"},{"@type":"ListItem","position":2,"name":"En Tolima fue judicializada presunta responsable de asesinar a un adulto mayor"}]},{"@type":"WebSite","@id":"https:\/\/www.fiscalia.gov.co\/colombia\/#website","url":"https:\/\/www.fiscalia.gov.co\/colombia\/","name":"Fiscal\u00eda General de la Naci\u00f3n","description":"P\u00e1gina oficial de la Fiscal\u00eda General de la Naci\u00f3n \u2013 Colombia. Garantizamos el acceso efectivo a la justicia, la verdad y la reparaci\u00f3n de las v\u00edctimas de los delitos.","publisher":{"@id":"https:\/\/www.fiscalia.gov.co\/colombia\/#organization"},"potentialAction":[{"@type":"SearchAction","target":{"@type":"EntryPoint","urlTemplate":"https:\/\/www.fiscalia.gov.co\/colombia\/?s={search_term_string}"},"query-input":{"@type":"PropertyValueSpecification","valueRequired":true,"valueName":"search_term_string"}}],"inLanguage":"es-CO"},{"@type":"Organization","@id":"https:\/\/www.fiscalia.gov.co\/colombia\/#organization","name":"Fiscal\u00eda General de la Naci\u00f3n","url":"https:\/\/www.fiscalia.gov.co\/colombia\/","logo":{"@type":"ImageObject","inLanguage":"es-CO","@id":"https:\/\/www.fiscalia.gov.co\/colombia\/#\/schema\/logo\/image\/","url":"https:\/\/www.fiscalia.gov.co\/colombia\/wp-content\/uploads\/LogoHorizontal_1.jpg","contentUrl":"https:\/\/www.fiscalia.gov.co\/colombia\/wp-content\/uploads\/LogoHorizontal_1.jpg","width":300,"height":90,"caption":"Fiscal\u00eda General de la Naci\u00f3n"},"image":{"@id":"https:\/\/www.fiscalia.gov.co\/colombia\/#\/schema\/logo\/image\/"},"sameAs":["https:\/\/www.facebook.com\/FiscaliaCol","https:\/\/x.com\/FiscaliaCol","https:\/\/www.instagram.com\/fiscaliacol","https:\/\/www.linkedin.com\/company\/fiscalia-general-de-la-naci-n\/","https:\/\/youtube.com\/@fiscaliageneraldelanacion-4668?si=6nN79nyQICPU5iTh"]},{"@type":"Person","@id":"https:\/\/www.fiscalia.gov.co\/colombia\/#\/schema\/person\/2e76b9aba5ecf875ed565ce4de0e0415","name":"Katherine Loaiza Mart\u00ednez","image":{"@type":"ImageObject","inLanguage":"es-CO","@id":"https:\/\/www.fiscalia.gov.co\/colombia\/#\/schema\/person\/image\/","url":"https:\/\/secure.gravatar.com\/avatar\/ab775a2f394c1b83b6d6f78680e57b50?s=96&d=mm&r=g","contentUrl":"https:\/\/secure.gravatar.com\/avatar\/ab775a2f394c1b83b6d6f78680e57b50?s=96&d=mm&r=g","caption":"Katherine Loaiza Mart\u00ednez"},"url":"https:\/\/www.fiscalia.gov.co\/colombia\/author\/kloaiza\/"}]}},"_links":{"self":[{"href":"https:\/\/www.fiscalia.gov.co\/colombia\/wp-json\/wp\/v2\/posts\/311581","targetHints":{"allow":["GET"]}}],"collection":[{"href":"https:\/\/www.fiscalia.gov.co\/colombia\/wp-json\/wp\/v2\/posts"}],"about":[{"href":"https:\/\/www.fiscalia.gov.co\/colombia\/wp-json\/wp\/v2\/types\/post"}],"author":[{"embeddable":true,"href":"https:\/\/www.fiscalia.gov.co\/colombia\/wp-json\/wp\/v2\/users\/175"}],"replies":[{"embeddable":true,"href":"https:\/\/www.fiscalia.gov.co\/colombia\/wp-json\/wp\/v2\/comments?post=311581"}],"version-history":[{"count":1,"href":"https:\/\/www.fiscalia.gov.co\/colombia\/wp-json\/wp\/v2\/posts\/311581\/revisions"}],"predecessor-version":[{"id":311583,"href":"https:\/\/www.fiscalia.gov.co\/colombia\/wp-json\/wp\/v2\/posts\/311581\/revisions\/311583"}],"wp:attachment":[{"href":"https:\/\/www.fiscalia.gov.co\/colombia\/wp-json\/wp\/v2\/media?parent=311581"}],"wp:term":[{"taxonomy":"category","embeddable":true,"href":"https:\/\/www.fiscalia.gov.co\/colombia\/wp-json\/wp\/v2\/categories?post=311581"},{"taxonomy":"post_tag","embeddable":true,"href":"https:\/\/www.fiscalia.gov.co\/colombia\/wp-json\/wp\/v2\/tags?post=311581"}],"curies":[{"name":"wp","href":"https:\/\/api.w.org\/{rel}","templated":true}]}}