{"id":311540,"date":"2025-02-27T17:22:40","date_gmt":"2025-02-27T22:22:40","guid":{"rendered":"https:\/\/www.fiscalia.gov.co\/colombia\/?p=311540"},"modified":"2025-02-27T17:24:00","modified_gmt":"2025-02-27T22:24:00","slug":"accion-investigativa-y-judicial-en-contra-de-la-punta-la-red-narcotraficante-senalada-de-enviar-toneladas-de-cocaina-a-honduras-y-estados-unidos","status":"publish","type":"post","link":"https:\/\/www.fiscalia.gov.co\/colombia\/noticias\/accion-investigativa-y-judicial-en-contra-de-la-punta-la-red-narcotraficante-senalada-de-enviar-toneladas-de-cocaina-a-honduras-y-estados-unidos\/","title":{"rendered":"Acci\u00f3n investigativa y judicial en contra de \u2018La Punta\u2019, la red narcotraficante se\u00f1alada de enviar toneladas de coca\u00edna a Honduras y Estados Unidos"},"content":{"rendered":"<ul>\n<li style=\"text-align: left;\">\n<h4><strong><em>Siete de los presuntos integrantes de la organizaci\u00f3n fueron judicializados, y otros siete fueron capturados con fines de extradici\u00f3n.<\/em><em>\u00a0<\/em><\/strong><\/h4>\n<\/li>\n<\/ul>\n<ul>\n<li style=\"text-align: left;\">\n<h4><strong><em>Entre los se\u00f1alados involucrados hay siete integrantes de la Armada Nacional, que habr\u00edan entregado informaci\u00f3n privilegiada para facilitar la salida de lanchas con estupefacientes por las costas del Caribe y el Pac\u00edfico.<\/em><\/strong><\/h4>\n<\/li>\n<\/ul>\n<p>&nbsp;<\/p>\n<p>&nbsp;<\/p>\n<p>La acci\u00f3n articulada de la Fiscal\u00eda General de la Naci\u00f3n y la Armada Nacional, con apoyo de la agencia estadounidense DEA, puso en evidencia a una red narcotraficante conocida como \u2018La Punta\u2019, que estar\u00eda involucrada en la salida de lanchas r\u00e1pidas cargadas con clorhidrato de coca\u00edna por las costas del Pac\u00edfico y Caribe Colombiano con destino a Honduras y Estados Unidos.<\/p>\n<figure id=\"attachment_311543\" aria-describedby=\"caption-attachment-311543\" style=\"width: 1280px\" class=\"wp-caption aligncenter\"><img loading=\"lazy\" decoding=\"async\" class=\"size-full wp-image-311543\" src=\"https:\/\/www.fiscalia.gov.co\/colombia\/wp-content\/uploads\/La-Punta.jpeg\" alt=\"Los capturados aparecen de pie, frente a una pared, todos esposados con las manos adelante. Est\u00e1n rodeados de uniformados. \" width=\"1280\" height=\"716\" srcset=\"https:\/\/www.fiscalia.gov.co\/colombia\/wp-content\/uploads\/La-Punta.jpeg 1280w, https:\/\/www.fiscalia.gov.co\/colombia\/wp-content\/uploads\/La-Punta-300x168.jpeg 300w, https:\/\/www.fiscalia.gov.co\/colombia\/wp-content\/uploads\/La-Punta-1024x573.jpeg 1024w, https:\/\/www.fiscalia.gov.co\/colombia\/wp-content\/uploads\/La-Punta-768x430.jpeg 768w, https:\/\/www.fiscalia.gov.co\/colombia\/wp-content\/uploads\/La-Punta-751x420.jpeg 751w, https:\/\/www.fiscalia.gov.co\/colombia\/wp-content\/uploads\/La-Punta-696x389.jpeg 696w, https:\/\/www.fiscalia.gov.co\/colombia\/wp-content\/uploads\/La-Punta-1068x597.jpeg 1068w\" sizes=\"auto, (max-width: 1280px) 100vw, 1280px\" \/><figcaption id=\"caption-attachment-311543\" class=\"wp-caption-text\">Apoyos de captura de presuntos integrantes de la organizaci\u00f3n en diversas zonas del pa\u00eds.<\/figcaption><\/figure>\n<p>En diligencias realizadas por funcionarios del Cuerpo T\u00e9cnico de Investigaci\u00f3n (CTI) y de la Armada Nacional en Cartagena (Bol\u00edvar), Tol\u00fa (Sucre), Tumaco (Nari\u00f1o), Medell\u00edn (Antioquia), Santa Marta (Magdalena), Barranquilla (Atl\u00e1ntico) y San Andr\u00e9s fueron capturados 14 presuntos integrantes de la organizaci\u00f3n criminal, siete de ellos requeridos con fines de extradici\u00f3n por una corte distrital de Estados Unidos.<\/p>\n<p>Un fiscal de la Estructura de Apoyo (EDA) de la Seccional Santander present\u00f3 a siete de los detenidos ante un juez de control de garant\u00edas y les imput\u00f3, de acuerdo con su posible participaci\u00f3n en los hechos, por los delitos de concierto para delinquir con fines de narcotr\u00e1fico; tr\u00e1fico, fabricaci\u00f3n o porte de estupefacientes, lavado de activos, cohecho propio, cohecho por dar u ofrecer y testaferrato. Asimismo, se solicitar\u00e1 la imposici\u00f3n de medida de aseguramiento en centro carcelario, en la fecha que fije el juzgado a cargo del caso.<\/p>\n<p>Los procesados son: Eduardo y Diego Alejandro Mart\u00ednez Bar\u00f3n, y Andr\u00e9s Felipe Romero Yaima, quienes ser\u00edan los encargados de obtener y trasladar a zonas costeras los cargamentos il\u00edcitos, y pagar a funcionarios para que facilitaran la salida de los alijos; los tenientes de nav\u00edo Juli\u00e1n David Mosquera Dussan y Luis Eduardo Cabrera Correa, y los suboficiales Aurelio Aguilar Pineda y Santiago V\u00e1squez Calvache.<\/p>\n<p>Los elementos materiales probatorios indican que los uniformados habr\u00edan aprovechado sus cargos en la Armada Nacional para entregar a la red narcotraficante, a cambio de d\u00e1divas, informaci\u00f3n privilegiada sobre las operaciones y las condiciones meteorol\u00f3gicas en alta mar, de tal manera que las embarcaciones cargadas con estupefacientes pudieran zarpar y llegar a su destino sin ser detectadas.<\/p>\n<p>En el curso de la investigaci\u00f3n se estableci\u00f3 que los dineros recibidos por \u2018La Punta\u2019 de los contactos internacionales por el env\u00edo de toneladas de coca\u00edna, al parecer, eran invertidos en una empresa dedicada a la compra y venta de oro ubicada en Bogot\u00e1, para darles apariencia de legalidad y evadir los filtros financieros.<\/p>\n<p>Con relaci\u00f3n a las personas capturadas con fines de extradici\u00f3n, se trata de Jairo Alfonso Trejos, Jimmy D\u00edaz Varilla, alias Gallero; Reynaldo Antonio Cardona Soto; los integrantes de la Armada Nacional, Jorge Antonio Polo Sousa, Gregory Josu\u00e9 Urueta y Daniel Enrique Fuentes Peluffo; y el exintegrante de la Armada Nacional, Juan Manuel P\u00e9rez Usma.<\/p>\n<p>Estas personas quedaron a disposici\u00f3n de la Fiscal\u00eda General de la Naci\u00f3n. La Direcci\u00f3n de Asuntos Internacionales har\u00e1 las comunicaciones de rigor para que se surtan los tr\u00e1mites de formalizaci\u00f3n de los pedidos de extradici\u00f3n.<\/p>\n<p>Esta informaci\u00f3n se publica por razones de inter\u00e9s general.<\/p>\n<p>DRA\/AMCJ\/JARG\/OFNP\/DSB\/<\/p>\n<p>&nbsp;<\/p>\n<p><em>La informaci\u00f3n contenida en este bolet\u00edn de prensa corresponde a la narraci\u00f3n de los hechos noticiosos objetivos, y las investigaciones penales al interior de la Fiscal\u00eda General de la Naci\u00f3n. Para el momento de la divulgaci\u00f3n de este comunicado, la situaci\u00f3n jur\u00eddica de la(s) persona(s) relacionada(s) se encuentra pendiente de resolver por la autoridad judicial competente, siempre bajo los preceptos de la presunci\u00f3n de inocencia, consagrados en el art\u00edculo 29 de la Constituci\u00f3n Pol\u00edtica y el art\u00edculo 7\u00ba de la Ley 906 de 2004.<\/em><\/p>\n\n<div class=\"twitter-share\"><a href=\"https:\/\/twitter.com\/intent\/tweet?via=fiscaliacol\" class=\"twitter-share-button\">Tweet<\/a><\/div>\n","protected":false},"excerpt":{"rendered":"<p>Siete de los presuntos integrantes de la organizaci\u00f3n fueron judicializados, y otros siete fueron capturados con fines de extradici\u00f3n.\u00a0 Entre los se\u00f1alados involucrados hay siete integrantes de la Armada Nacional, que habr\u00edan entregado informaci\u00f3n privilegiada para facilitar la salida de lanchas con estupefacientes por las costas del Caribe y el Pac\u00edfico. &nbsp; &nbsp; La acci\u00f3n [&hellip;]<\/p>\n","protected":false},"author":175,"featured_media":0,"comment_status":"closed","ping_status":"open","sticky":false,"template":"","format":"standard","meta":{"_price":"","_stock":"","_tribe_ticket_header":"","_tribe_default_ticket_provider":"","_tribe_ticket_capacity":"0","_ticket_start_date":"","_ticket_end_date":"","_tribe_ticket_show_description":"","_tribe_ticket_show_not_going":false,"_tribe_ticket_use_global_stock":"","_tribe_ticket_global_stock_level":"","_global_stock_mode":"","_global_stock_cap":"","_tribe_rsvp_for_event":"","_tribe_ticket_going_count":"","_tribe_ticket_not_going_count":"","_tribe_tickets_list":"[]","_tribe_ticket_has_attendee_info_fields":false,"tdm_status":"","tdm_grid_status":"","footnotes":""},"categories":[1,322],"tags":[],"class_list":{"0":"post-311540","1":"post","2":"type-post","3":"status-publish","4":"format-standard","6":"category-noticias","7":"category-seccional-bucaramanga"},"yoast_head":"<!-- This site is optimized with the Yoast SEO plugin v24.3 - https:\/\/yoast.com\/wordpress\/plugins\/seo\/ -->\n<title>Fiscal\u00eda General de la Naci\u00f3n<\/title>\n<meta name=\"description\" content=\"P\u00e1gina oficial de la Fiscal\u00eda General de la Naci\u00f3n \u2013 Colombia. Garantizamos el acceso efectivo a la justicia, la verdad y la reparaci\u00f3n de las v\u00edctimas de los delitos.\" \/>\n<meta name=\"robots\" content=\"noindex, follow\" \/>\n<meta property=\"og:locale\" content=\"es_ES\" \/>\n<meta property=\"og:type\" content=\"article\" \/>\n<meta property=\"og:title\" content=\"Fiscal\u00eda General de la Naci\u00f3n\" \/>\n<meta property=\"og:description\" content=\"P\u00e1gina oficial de la Fiscal\u00eda General de la Naci\u00f3n \u2013 Colombia. Garantizamos el acceso efectivo a la justicia, la verdad y la reparaci\u00f3n de las v\u00edctimas de los delitos.\" \/>\n<meta property=\"og:url\" content=\"https:\/\/www.fiscalia.gov.co\/colombia\/noticias\/accion-investigativa-y-judicial-en-contra-de-la-punta-la-red-narcotraficante-senalada-de-enviar-toneladas-de-cocaina-a-honduras-y-estados-unidos\/\" \/>\n<meta property=\"og:site_name\" content=\"Fiscal\u00eda General de la Naci\u00f3n\" \/>\n<meta property=\"article:publisher\" content=\"https:\/\/www.facebook.com\/FiscaliaCol\" \/>\n<meta property=\"article:published_time\" content=\"2025-02-27T22:22:40+00:00\" \/>\n<meta property=\"article:modified_time\" content=\"2025-02-27T22:24:00+00:00\" \/>\n<meta property=\"og:image\" content=\"https:\/\/www.fiscalia.gov.co\/colombia\/wp-content\/uploads\/La-Punta.jpeg\" \/>\n\t<meta property=\"og:image:width\" content=\"1280\" \/>\n\t<meta property=\"og:image:height\" content=\"716\" \/>\n\t<meta property=\"og:image:type\" content=\"image\/jpeg\" \/>\n<meta name=\"author\" content=\"Katherine Loaiza Mart\u00ednez\" \/>\n<meta name=\"twitter:card\" content=\"summary_large_image\" \/>\n<meta name=\"twitter:creator\" content=\"@FiscaliaCol\" \/>\n<meta name=\"twitter:site\" content=\"@FiscaliaCol\" \/>\n<meta name=\"twitter:label1\" content=\"Escrito por\" \/>\n\t<meta name=\"twitter:data1\" content=\"Katherine Loaiza Mart\u00ednez\" \/>\n\t<meta name=\"twitter:label2\" content=\"Tiempo de lectura\" \/>\n\t<meta name=\"twitter:data2\" content=\"3 minutos\" \/>\n<script type=\"application\/ld+json\" class=\"yoast-schema-graph\">{\"@context\":\"https:\/\/schema.org\",\"@graph\":[{\"@type\":\"Article\",\"@id\":\"https:\/\/www.fiscalia.gov.co\/colombia\/noticias\/accion-investigativa-y-judicial-en-contra-de-la-punta-la-red-narcotraficante-senalada-de-enviar-toneladas-de-cocaina-a-honduras-y-estados-unidos\/#article\",\"isPartOf\":{\"@id\":\"https:\/\/www.fiscalia.gov.co\/colombia\/noticias\/accion-investigativa-y-judicial-en-contra-de-la-punta-la-red-narcotraficante-senalada-de-enviar-toneladas-de-cocaina-a-honduras-y-estados-unidos\/\"},\"author\":{\"name\":\"Katherine Loaiza Mart\u00ednez\",\"@id\":\"https:\/\/www.fiscalia.gov.co\/colombia\/#\/schema\/person\/2e76b9aba5ecf875ed565ce4de0e0415\"},\"headline\":\"Acci\u00f3n investigativa y judicial en contra de \u2018La Punta\u2019, la red narcotraficante se\u00f1alada de enviar toneladas de coca\u00edna a Honduras y Estados Unidos\",\"datePublished\":\"2025-02-27T22:22:40+00:00\",\"dateModified\":\"2025-02-27T22:24:00+00:00\",\"mainEntityOfPage\":{\"@id\":\"https:\/\/www.fiscalia.gov.co\/colombia\/noticias\/accion-investigativa-y-judicial-en-contra-de-la-punta-la-red-narcotraficante-senalada-de-enviar-toneladas-de-cocaina-a-honduras-y-estados-unidos\/\"},\"wordCount\":738,\"publisher\":{\"@id\":\"https:\/\/www.fiscalia.gov.co\/colombia\/#organization\"},\"image\":{\"@id\":\"https:\/\/www.fiscalia.gov.co\/colombia\/noticias\/accion-investigativa-y-judicial-en-contra-de-la-punta-la-red-narcotraficante-senalada-de-enviar-toneladas-de-cocaina-a-honduras-y-estados-unidos\/#primaryimage\"},\"thumbnailUrl\":\"https:\/\/www.fiscalia.gov.co\/colombia\/wp-content\/uploads\/La-Punta.jpeg\",\"articleSection\":[\"Noticias\",\"Seccional Bucaramanga\"],\"inLanguage\":\"es-CO\"},{\"@type\":\"WebPage\",\"@id\":\"https:\/\/www.fiscalia.gov.co\/colombia\/noticias\/accion-investigativa-y-judicial-en-contra-de-la-punta-la-red-narcotraficante-senalada-de-enviar-toneladas-de-cocaina-a-honduras-y-estados-unidos\/\",\"url\":\"https:\/\/www.fiscalia.gov.co\/colombia\/noticias\/accion-investigativa-y-judicial-en-contra-de-la-punta-la-red-narcotraficante-senalada-de-enviar-toneladas-de-cocaina-a-honduras-y-estados-unidos\/\",\"name\":\"Fiscal\u00eda General de la Naci\u00f3n\",\"isPartOf\":{\"@id\":\"https:\/\/www.fiscalia.gov.co\/colombia\/#website\"},\"primaryImageOfPage\":{\"@id\":\"https:\/\/www.fiscalia.gov.co\/colombia\/noticias\/accion-investigativa-y-judicial-en-contra-de-la-punta-la-red-narcotraficante-senalada-de-enviar-toneladas-de-cocaina-a-honduras-y-estados-unidos\/#primaryimage\"},\"image\":{\"@id\":\"https:\/\/www.fiscalia.gov.co\/colombia\/noticias\/accion-investigativa-y-judicial-en-contra-de-la-punta-la-red-narcotraficante-senalada-de-enviar-toneladas-de-cocaina-a-honduras-y-estados-unidos\/#primaryimage\"},\"thumbnailUrl\":\"https:\/\/www.fiscalia.gov.co\/colombia\/wp-content\/uploads\/La-Punta.jpeg\",\"datePublished\":\"2025-02-27T22:22:40+00:00\",\"dateModified\":\"2025-02-27T22:24:00+00:00\",\"description\":\"P\u00e1gina oficial de la Fiscal\u00eda General de la Naci\u00f3n \u2013 Colombia. Garantizamos el acceso efectivo a la justicia, la verdad y la reparaci\u00f3n de las v\u00edctimas de los delitos.\",\"breadcrumb\":{\"@id\":\"https:\/\/www.fiscalia.gov.co\/colombia\/noticias\/accion-investigativa-y-judicial-en-contra-de-la-punta-la-red-narcotraficante-senalada-de-enviar-toneladas-de-cocaina-a-honduras-y-estados-unidos\/#breadcrumb\"},\"inLanguage\":\"es-CO\",\"potentialAction\":[{\"@type\":\"ReadAction\",\"target\":[\"https:\/\/www.fiscalia.gov.co\/colombia\/noticias\/accion-investigativa-y-judicial-en-contra-de-la-punta-la-red-narcotraficante-senalada-de-enviar-toneladas-de-cocaina-a-honduras-y-estados-unidos\/\"]}]},{\"@type\":\"ImageObject\",\"inLanguage\":\"es-CO\",\"@id\":\"https:\/\/www.fiscalia.gov.co\/colombia\/noticias\/accion-investigativa-y-judicial-en-contra-de-la-punta-la-red-narcotraficante-senalada-de-enviar-toneladas-de-cocaina-a-honduras-y-estados-unidos\/#primaryimage\",\"url\":\"https:\/\/www.fiscalia.gov.co\/colombia\/wp-content\/uploads\/La-Punta.jpeg\",\"contentUrl\":\"https:\/\/www.fiscalia.gov.co\/colombia\/wp-content\/uploads\/La-Punta.jpeg\",\"width\":1280,\"height\":716,\"caption\":\"Apoyos de captura de presuntos integrantes de la organizaci\u00f3n en diversas zonas del pa\u00eds.\"},{\"@type\":\"BreadcrumbList\",\"@id\":\"https:\/\/www.fiscalia.gov.co\/colombia\/noticias\/accion-investigativa-y-judicial-en-contra-de-la-punta-la-red-narcotraficante-senalada-de-enviar-toneladas-de-cocaina-a-honduras-y-estados-unidos\/#breadcrumb\",\"itemListElement\":[{\"@type\":\"ListItem\",\"position\":1,\"name\":\"Home\",\"item\":\"https:\/\/www.fiscalia.gov.co\/colombia\/\"},{\"@type\":\"ListItem\",\"position\":2,\"name\":\"Acci\u00f3n investigativa y judicial en contra de \u2018La Punta\u2019, la red narcotraficante se\u00f1alada de enviar toneladas de coca\u00edna a Honduras y Estados Unidos\"}]},{\"@type\":\"WebSite\",\"@id\":\"https:\/\/www.fiscalia.gov.co\/colombia\/#website\",\"url\":\"https:\/\/www.fiscalia.gov.co\/colombia\/\",\"name\":\"Fiscal\u00eda General de la Naci\u00f3n\",\"description\":\"P\u00e1gina oficial de la Fiscal\u00eda General de la Naci\u00f3n \u2013 Colombia. Garantizamos el acceso efectivo a la justicia, la verdad y la reparaci\u00f3n de las v\u00edctimas de los delitos.\",\"publisher\":{\"@id\":\"https:\/\/www.fiscalia.gov.co\/colombia\/#organization\"},\"potentialAction\":[{\"@type\":\"SearchAction\",\"target\":{\"@type\":\"EntryPoint\",\"urlTemplate\":\"https:\/\/www.fiscalia.gov.co\/colombia\/?s={search_term_string}\"},\"query-input\":{\"@type\":\"PropertyValueSpecification\",\"valueRequired\":true,\"valueName\":\"search_term_string\"}}],\"inLanguage\":\"es-CO\"},{\"@type\":\"Organization\",\"@id\":\"https:\/\/www.fiscalia.gov.co\/colombia\/#organization\",\"name\":\"Fiscal\u00eda General de la Naci\u00f3n\",\"url\":\"https:\/\/www.fiscalia.gov.co\/colombia\/\",\"logo\":{\"@type\":\"ImageObject\",\"inLanguage\":\"es-CO\",\"@id\":\"https:\/\/www.fiscalia.gov.co\/colombia\/#\/schema\/logo\/image\/\",\"url\":\"https:\/\/www.fiscalia.gov.co\/colombia\/wp-content\/uploads\/LogoHorizontal_1.jpg\",\"contentUrl\":\"https:\/\/www.fiscalia.gov.co\/colombia\/wp-content\/uploads\/LogoHorizontal_1.jpg\",\"width\":300,\"height\":90,\"caption\":\"Fiscal\u00eda General de la Naci\u00f3n\"},\"image\":{\"@id\":\"https:\/\/www.fiscalia.gov.co\/colombia\/#\/schema\/logo\/image\/\"},\"sameAs\":[\"https:\/\/www.facebook.com\/FiscaliaCol\",\"https:\/\/x.com\/FiscaliaCol\",\"https:\/\/www.instagram.com\/fiscaliacol\",\"https:\/\/www.linkedin.com\/company\/fiscalia-general-de-la-naci-n\/\",\"https:\/\/youtube.com\/@fiscaliageneraldelanacion-4668?si=6nN79nyQICPU5iTh\"]},{\"@type\":\"Person\",\"@id\":\"https:\/\/www.fiscalia.gov.co\/colombia\/#\/schema\/person\/2e76b9aba5ecf875ed565ce4de0e0415\",\"name\":\"Katherine Loaiza Mart\u00ednez\",\"image\":{\"@type\":\"ImageObject\",\"inLanguage\":\"es-CO\",\"@id\":\"https:\/\/www.fiscalia.gov.co\/colombia\/#\/schema\/person\/image\/\",\"url\":\"https:\/\/secure.gravatar.com\/avatar\/ab775a2f394c1b83b6d6f78680e57b50?s=96&d=mm&r=g\",\"contentUrl\":\"https:\/\/secure.gravatar.com\/avatar\/ab775a2f394c1b83b6d6f78680e57b50?s=96&d=mm&r=g\",\"caption\":\"Katherine Loaiza Mart\u00ednez\"},\"url\":\"https:\/\/www.fiscalia.gov.co\/colombia\/author\/kloaiza\/\"}]}<\/script>\n<!-- \/ Yoast SEO plugin. -->","yoast_head_json":{"title":"Fiscal\u00eda General de la Naci\u00f3n","description":"P\u00e1gina oficial de la Fiscal\u00eda General de la Naci\u00f3n \u2013 Colombia. Garantizamos el acceso efectivo a la justicia, la verdad y la reparaci\u00f3n de las v\u00edctimas de los delitos.","robots":{"index":"noindex","follow":"follow"},"og_locale":"es_ES","og_type":"article","og_title":"Fiscal\u00eda General de la Naci\u00f3n","og_description":"P\u00e1gina oficial de la Fiscal\u00eda General de la Naci\u00f3n \u2013 Colombia. Garantizamos el acceso efectivo a la justicia, la verdad y la reparaci\u00f3n de las v\u00edctimas de los delitos.","og_url":"https:\/\/www.fiscalia.gov.co\/colombia\/noticias\/accion-investigativa-y-judicial-en-contra-de-la-punta-la-red-narcotraficante-senalada-de-enviar-toneladas-de-cocaina-a-honduras-y-estados-unidos\/","og_site_name":"Fiscal\u00eda General de la Naci\u00f3n","article_publisher":"https:\/\/www.facebook.com\/FiscaliaCol","article_published_time":"2025-02-27T22:22:40+00:00","article_modified_time":"2025-02-27T22:24:00+00:00","og_image":[{"width":1280,"height":716,"url":"https:\/\/www.fiscalia.gov.co\/colombia\/wp-content\/uploads\/La-Punta.jpeg","type":"image\/jpeg"}],"author":"Katherine Loaiza Mart\u00ednez","twitter_card":"summary_large_image","twitter_creator":"@FiscaliaCol","twitter_site":"@FiscaliaCol","twitter_misc":{"Escrito por":"Katherine Loaiza Mart\u00ednez","Tiempo de lectura":"3 minutos"},"schema":{"@context":"https:\/\/schema.org","@graph":[{"@type":"Article","@id":"https:\/\/www.fiscalia.gov.co\/colombia\/noticias\/accion-investigativa-y-judicial-en-contra-de-la-punta-la-red-narcotraficante-senalada-de-enviar-toneladas-de-cocaina-a-honduras-y-estados-unidos\/#article","isPartOf":{"@id":"https:\/\/www.fiscalia.gov.co\/colombia\/noticias\/accion-investigativa-y-judicial-en-contra-de-la-punta-la-red-narcotraficante-senalada-de-enviar-toneladas-de-cocaina-a-honduras-y-estados-unidos\/"},"author":{"name":"Katherine Loaiza Mart\u00ednez","@id":"https:\/\/www.fiscalia.gov.co\/colombia\/#\/schema\/person\/2e76b9aba5ecf875ed565ce4de0e0415"},"headline":"Acci\u00f3n investigativa y judicial en contra de \u2018La Punta\u2019, la red narcotraficante se\u00f1alada de enviar toneladas de coca\u00edna a Honduras y Estados Unidos","datePublished":"2025-02-27T22:22:40+00:00","dateModified":"2025-02-27T22:24:00+00:00","mainEntityOfPage":{"@id":"https:\/\/www.fiscalia.gov.co\/colombia\/noticias\/accion-investigativa-y-judicial-en-contra-de-la-punta-la-red-narcotraficante-senalada-de-enviar-toneladas-de-cocaina-a-honduras-y-estados-unidos\/"},"wordCount":738,"publisher":{"@id":"https:\/\/www.fiscalia.gov.co\/colombia\/#organization"},"image":{"@id":"https:\/\/www.fiscalia.gov.co\/colombia\/noticias\/accion-investigativa-y-judicial-en-contra-de-la-punta-la-red-narcotraficante-senalada-de-enviar-toneladas-de-cocaina-a-honduras-y-estados-unidos\/#primaryimage"},"thumbnailUrl":"https:\/\/www.fiscalia.gov.co\/colombia\/wp-content\/uploads\/La-Punta.jpeg","articleSection":["Noticias","Seccional Bucaramanga"],"inLanguage":"es-CO"},{"@type":"WebPage","@id":"https:\/\/www.fiscalia.gov.co\/colombia\/noticias\/accion-investigativa-y-judicial-en-contra-de-la-punta-la-red-narcotraficante-senalada-de-enviar-toneladas-de-cocaina-a-honduras-y-estados-unidos\/","url":"https:\/\/www.fiscalia.gov.co\/colombia\/noticias\/accion-investigativa-y-judicial-en-contra-de-la-punta-la-red-narcotraficante-senalada-de-enviar-toneladas-de-cocaina-a-honduras-y-estados-unidos\/","name":"Fiscal\u00eda General de la Naci\u00f3n","isPartOf":{"@id":"https:\/\/www.fiscalia.gov.co\/colombia\/#website"},"primaryImageOfPage":{"@id":"https:\/\/www.fiscalia.gov.co\/colombia\/noticias\/accion-investigativa-y-judicial-en-contra-de-la-punta-la-red-narcotraficante-senalada-de-enviar-toneladas-de-cocaina-a-honduras-y-estados-unidos\/#primaryimage"},"image":{"@id":"https:\/\/www.fiscalia.gov.co\/colombia\/noticias\/accion-investigativa-y-judicial-en-contra-de-la-punta-la-red-narcotraficante-senalada-de-enviar-toneladas-de-cocaina-a-honduras-y-estados-unidos\/#primaryimage"},"thumbnailUrl":"https:\/\/www.fiscalia.gov.co\/colombia\/wp-content\/uploads\/La-Punta.jpeg","datePublished":"2025-02-27T22:22:40+00:00","dateModified":"2025-02-27T22:24:00+00:00","description":"P\u00e1gina oficial de la Fiscal\u00eda General de la Naci\u00f3n \u2013 Colombia. Garantizamos el acceso efectivo a la justicia, la verdad y la reparaci\u00f3n de las v\u00edctimas de los delitos.","breadcrumb":{"@id":"https:\/\/www.fiscalia.gov.co\/colombia\/noticias\/accion-investigativa-y-judicial-en-contra-de-la-punta-la-red-narcotraficante-senalada-de-enviar-toneladas-de-cocaina-a-honduras-y-estados-unidos\/#breadcrumb"},"inLanguage":"es-CO","potentialAction":[{"@type":"ReadAction","target":["https:\/\/www.fiscalia.gov.co\/colombia\/noticias\/accion-investigativa-y-judicial-en-contra-de-la-punta-la-red-narcotraficante-senalada-de-enviar-toneladas-de-cocaina-a-honduras-y-estados-unidos\/"]}]},{"@type":"ImageObject","inLanguage":"es-CO","@id":"https:\/\/www.fiscalia.gov.co\/colombia\/noticias\/accion-investigativa-y-judicial-en-contra-de-la-punta-la-red-narcotraficante-senalada-de-enviar-toneladas-de-cocaina-a-honduras-y-estados-unidos\/#primaryimage","url":"https:\/\/www.fiscalia.gov.co\/colombia\/wp-content\/uploads\/La-Punta.jpeg","contentUrl":"https:\/\/www.fiscalia.gov.co\/colombia\/wp-content\/uploads\/La-Punta.jpeg","width":1280,"height":716,"caption":"Apoyos de captura de presuntos integrantes de la organizaci\u00f3n en diversas zonas del pa\u00eds."},{"@type":"BreadcrumbList","@id":"https:\/\/www.fiscalia.gov.co\/colombia\/noticias\/accion-investigativa-y-judicial-en-contra-de-la-punta-la-red-narcotraficante-senalada-de-enviar-toneladas-de-cocaina-a-honduras-y-estados-unidos\/#breadcrumb","itemListElement":[{"@type":"ListItem","position":1,"name":"Home","item":"https:\/\/www.fiscalia.gov.co\/colombia\/"},{"@type":"ListItem","position":2,"name":"Acci\u00f3n investigativa y judicial en contra de \u2018La Punta\u2019, la red narcotraficante se\u00f1alada de enviar toneladas de coca\u00edna a Honduras y Estados Unidos"}]},{"@type":"WebSite","@id":"https:\/\/www.fiscalia.gov.co\/colombia\/#website","url":"https:\/\/www.fiscalia.gov.co\/colombia\/","name":"Fiscal\u00eda General de la Naci\u00f3n","description":"P\u00e1gina oficial de la Fiscal\u00eda General de la Naci\u00f3n \u2013 Colombia. Garantizamos el acceso efectivo a la justicia, la verdad y la reparaci\u00f3n de las v\u00edctimas de los delitos.","publisher":{"@id":"https:\/\/www.fiscalia.gov.co\/colombia\/#organization"},"potentialAction":[{"@type":"SearchAction","target":{"@type":"EntryPoint","urlTemplate":"https:\/\/www.fiscalia.gov.co\/colombia\/?s={search_term_string}"},"query-input":{"@type":"PropertyValueSpecification","valueRequired":true,"valueName":"search_term_string"}}],"inLanguage":"es-CO"},{"@type":"Organization","@id":"https:\/\/www.fiscalia.gov.co\/colombia\/#organization","name":"Fiscal\u00eda General de la Naci\u00f3n","url":"https:\/\/www.fiscalia.gov.co\/colombia\/","logo":{"@type":"ImageObject","inLanguage":"es-CO","@id":"https:\/\/www.fiscalia.gov.co\/colombia\/#\/schema\/logo\/image\/","url":"https:\/\/www.fiscalia.gov.co\/colombia\/wp-content\/uploads\/LogoHorizontal_1.jpg","contentUrl":"https:\/\/www.fiscalia.gov.co\/colombia\/wp-content\/uploads\/LogoHorizontal_1.jpg","width":300,"height":90,"caption":"Fiscal\u00eda General de la Naci\u00f3n"},"image":{"@id":"https:\/\/www.fiscalia.gov.co\/colombia\/#\/schema\/logo\/image\/"},"sameAs":["https:\/\/www.facebook.com\/FiscaliaCol","https:\/\/x.com\/FiscaliaCol","https:\/\/www.instagram.com\/fiscaliacol","https:\/\/www.linkedin.com\/company\/fiscalia-general-de-la-naci-n\/","https:\/\/youtube.com\/@fiscaliageneraldelanacion-4668?si=6nN79nyQICPU5iTh"]},{"@type":"Person","@id":"https:\/\/www.fiscalia.gov.co\/colombia\/#\/schema\/person\/2e76b9aba5ecf875ed565ce4de0e0415","name":"Katherine Loaiza Mart\u00ednez","image":{"@type":"ImageObject","inLanguage":"es-CO","@id":"https:\/\/www.fiscalia.gov.co\/colombia\/#\/schema\/person\/image\/","url":"https:\/\/secure.gravatar.com\/avatar\/ab775a2f394c1b83b6d6f78680e57b50?s=96&d=mm&r=g","contentUrl":"https:\/\/secure.gravatar.com\/avatar\/ab775a2f394c1b83b6d6f78680e57b50?s=96&d=mm&r=g","caption":"Katherine Loaiza Mart\u00ednez"},"url":"https:\/\/www.fiscalia.gov.co\/colombia\/author\/kloaiza\/"}]}},"_links":{"self":[{"href":"https:\/\/www.fiscalia.gov.co\/colombia\/wp-json\/wp\/v2\/posts\/311540","targetHints":{"allow":["GET"]}}],"collection":[{"href":"https:\/\/www.fiscalia.gov.co\/colombia\/wp-json\/wp\/v2\/posts"}],"about":[{"href":"https:\/\/www.fiscalia.gov.co\/colombia\/wp-json\/wp\/v2\/types\/post"}],"author":[{"embeddable":true,"href":"https:\/\/www.fiscalia.gov.co\/colombia\/wp-json\/wp\/v2\/users\/175"}],"replies":[{"embeddable":true,"href":"https:\/\/www.fiscalia.gov.co\/colombia\/wp-json\/wp\/v2\/comments?post=311540"}],"version-history":[{"count":2,"href":"https:\/\/www.fiscalia.gov.co\/colombia\/wp-json\/wp\/v2\/posts\/311540\/revisions"}],"predecessor-version":[{"id":311544,"href":"https:\/\/www.fiscalia.gov.co\/colombia\/wp-json\/wp\/v2\/posts\/311540\/revisions\/311544"}],"wp:attachment":[{"href":"https:\/\/www.fiscalia.gov.co\/colombia\/wp-json\/wp\/v2\/media?parent=311540"}],"wp:term":[{"taxonomy":"category","embeddable":true,"href":"https:\/\/www.fiscalia.gov.co\/colombia\/wp-json\/wp\/v2\/categories?post=311540"},{"taxonomy":"post_tag","embeddable":true,"href":"https:\/\/www.fiscalia.gov.co\/colombia\/wp-json\/wp\/v2\/tags?post=311540"}],"curies":[{"name":"wp","href":"https:\/\/api.w.org\/{rel}","templated":true}]}}