{"id":311157,"date":"2025-02-24T08:03:37","date_gmt":"2025-02-24T13:03:37","guid":{"rendered":"https:\/\/www.fiscalia.gov.co\/colombia\/?p=311157"},"modified":"2025-02-24T08:43:38","modified_gmt":"2025-02-24T13:43:38","slug":"judicializados-seis-integrantes-y-un-exintegrante-del-ejercito-nacional-senalados-de-retener-y-torturar-a-tres-personas-y-causarle-la-muerte-a-una-de-ellas-en-antioquia","status":"publish","type":"post","link":"https:\/\/www.fiscalia.gov.co\/colombia\/derechos-humanos\/judicializados-seis-integrantes-y-un-exintegrante-del-ejercito-nacional-senalados-de-retener-y-torturar-a-tres-personas-y-causarle-la-muerte-a-una-de-ellas-en-antioquia\/","title":{"rendered":"Judicializados seis integrantes y un exintegrante del Ej\u00e9rcito Nacional se\u00f1alados de retener y torturar a tres personas y causarle la muerte a una de ellas en Antioquia"},"content":{"rendered":"<blockquote>\n<h4 style=\"text-align: left;\"><em><strong>Los procesados son un teniente en retiro, un cabo tercero, un sargento segundo y cuatro soldados profesionales.<\/strong><\/em><\/h4>\n<\/blockquote>\n<p>&nbsp;<\/p>\n<p>Un fiscal de la Direcci\u00f3n Especializada contra las Violaciones a los Derechos Humanos present\u00f3 ante un juez de control de garant\u00edas a <strong>seis integrantes y a un exintegrante del Ej\u00e9rcito Nacional que estar\u00edan involucrados en la retenci\u00f3n ilegal y tortura de tres civiles, y la muerte de uno de ellos, en hechos ocurridos en zona rural de Caucasia (Antioquia) entre el 20 y 21 de abril de 2023.<\/strong><\/p>\n<p>Se trata del <strong>teniente en retiro Jahyr Stephen Garc\u00eda Echaves, el cabo tercero Oscar Iv\u00e1n Joven Z\u00fa\u00f1iga, el sargento segundo Diego Alejandro Castillo Castillo y los soldados profesionales Alfredo Julio Basilio, Juan Camilo Navarro Galindo, Juan Esteban Regino Corrales y Jos\u00e9 Rafael Morales Donado.<\/strong><\/p>\n<p>Los elementos materiales probatorios indican que <strong>los militares habr\u00edan aprehendido sin orden judicial a los particulares en el corregimiento de Cutur\u00fa, trasladado a la base de patrulla m\u00f3vil del Batall\u00f3n Rifles del Ej\u00e9rcito Nacional y sometido a tratos crueles y denigrantes, en medio de preguntas insistentes sobre la ubicaci\u00f3n de una caleta con dinero<\/strong> que pertenecer\u00eda a un grupo armado ilegal.<\/p>\n<p><strong>Uno de los retenidos muri\u00f3 por ahogamiento.<\/strong> Al parecer, fue sumergido en un lago; mientras que los otros dos quedaron en libertad luego de ser presentados ante un delegado de la Fiscal\u00eda, quien estableci\u00f3 que no hab\u00eda m\u00e9rito para capturarlos y judicializarlos.<\/p>\n<p>En ese sentido, <strong>los presuntos responsables de lo sucedido fueron imputados por los delitos de homicidio en persona protegida y tortura contra persona protegida.<\/strong> Los cargos no fueron aceptados. Por disposici\u00f3n del juez de control de garant\u00edas, los uniformados activos deber\u00e1n cumplir medida de aseguramiento en un centro de reclusi\u00f3n militar; y el teniente en retiro Garc\u00eda Echaves permanecer\u00e1 privado de la libertad en su lugar de residencia.<\/p>\n<p>&nbsp;<\/p>\n<p>LKSC\/JARG\/LFZ\/DDHH<\/p>\n<p><em>La informaci\u00f3n contenida en este bolet\u00edn de prensa corresponde a la narraci\u00f3n de los hechos noticiosos objetivos, suministrados por los funcionarios encargados de adelantar las investigaciones penales al interior de la Fiscal\u00eda General de la Naci\u00f3n. Para el momento de la divulgaci\u00f3n de este comunicado, la situaci\u00f3n jur\u00eddica de la(s) persona(s) relacionada(s) se encuentra pendiente de resolver por la autoridad judicial competente, siempre bajo los preceptos de la presunci\u00f3n de inocencia, consagrados en el art\u00edculo 29 de la Constituci\u00f3n Pol\u00edtica y el art\u00edculo 7\u00ba de la Ley 906 de 2004.<\/em><\/p>\n<p>&nbsp;<\/p>\n\n<div class=\"twitter-share\"><a href=\"https:\/\/twitter.com\/intent\/tweet?via=fiscaliacol\" class=\"twitter-share-button\">Tweet<\/a><\/div>\n","protected":false},"excerpt":{"rendered":"<p>Los procesados son un teniente en retiro, un cabo tercero, un sargento segundo y cuatro soldados profesionales. &nbsp; Un fiscal de la Direcci\u00f3n Especializada contra las Violaciones a los Derechos [&hellip;]<\/p>\n","protected":false},"author":175,"featured_media":0,"comment_status":"closed","ping_status":"open","sticky":false,"template":"","format":"standard","meta":{"tdm_status":"","tdm_grid_status":"","footnotes":""},"categories":[24102,1],"tags":[10645,23884,1050,36494,667,37491,37492,1047,154,1450],"class_list":["post-311157","post","type-post","status-publish","format-standard","category-derechos-humanos","category-noticias","tag-antioquia","tag-caucasia","tag-derechoa-humanos","tag-direccion-especializada-contra-las-violaciones-a-los-derechos-humanos","tag-ejercito","tag-fiscal-camargo","tag-fiscal-luz-adriana-camargo","tag-fiscalia-general-de-la-nacion","tag-homicidio-en-persona-protegida","tag-tortura-en-persona-protegida"],"yoast_head":"<!-- This site is optimized with the Yoast SEO plugin v24.3 - https:\/\/yoast.com\/wordpress\/plugins\/seo\/ -->\n<title>Fiscal\u00eda General de la Naci\u00f3n<\/title>\n<meta name=\"description\" content=\"P\u00e1gina oficial de la Fiscal\u00eda General de la Naci\u00f3n \u2013 Colombia. Garantizamos el acceso efectivo a la justicia, la verdad y la reparaci\u00f3n de las v\u00edctimas de los delitos.\" \/>\n<meta name=\"robots\" content=\"noindex, follow\" \/>\n<meta property=\"og:locale\" content=\"es_ES\" \/>\n<meta property=\"og:type\" content=\"article\" \/>\n<meta property=\"og:title\" content=\"Fiscal\u00eda General de la Naci\u00f3n\" \/>\n<meta property=\"og:description\" content=\"P\u00e1gina oficial de la Fiscal\u00eda General de la Naci\u00f3n \u2013 Colombia. Garantizamos el acceso efectivo a la justicia, la verdad y la reparaci\u00f3n de las v\u00edctimas de los delitos.\" \/>\n<meta property=\"og:url\" content=\"https:\/\/www.fiscalia.gov.co\/colombia\/derechos-humanos\/judicializados-seis-integrantes-y-un-exintegrante-del-ejercito-nacional-senalados-de-retener-y-torturar-a-tres-personas-y-causarle-la-muerte-a-una-de-ellas-en-antioquia\/\" \/>\n<meta property=\"og:site_name\" content=\"Fiscal\u00eda General de la Naci\u00f3n\" \/>\n<meta property=\"article:publisher\" content=\"https:\/\/www.facebook.com\/FiscaliaCol\" \/>\n<meta property=\"article:published_time\" content=\"2025-02-24T13:03:37+00:00\" \/>\n<meta property=\"article:modified_time\" content=\"2025-02-24T13:43:38+00:00\" \/>\n<meta name=\"author\" content=\"Katherine Loaiza Mart\u00ednez\" \/>\n<meta name=\"twitter:card\" content=\"summary_large_image\" \/>\n<meta name=\"twitter:creator\" content=\"@FiscaliaCol\" \/>\n<meta name=\"twitter:site\" content=\"@FiscaliaCol\" \/>\n<meta name=\"twitter:label1\" content=\"Escrito por\" \/>\n\t<meta name=\"twitter:data1\" content=\"Katherine Loaiza Mart\u00ednez\" \/>\n\t<meta name=\"twitter:label2\" content=\"Tiempo de lectura\" \/>\n\t<meta name=\"twitter:data2\" content=\"2 minutos\" \/>\n<script type=\"application\/ld+json\" class=\"yoast-schema-graph\">{\"@context\":\"https:\/\/schema.org\",\"@graph\":[{\"@type\":\"Article\",\"@id\":\"https:\/\/www.fiscalia.gov.co\/colombia\/derechos-humanos\/judicializados-seis-integrantes-y-un-exintegrante-del-ejercito-nacional-senalados-de-retener-y-torturar-a-tres-personas-y-causarle-la-muerte-a-una-de-ellas-en-antioquia\/#article\",\"isPartOf\":{\"@id\":\"https:\/\/www.fiscalia.gov.co\/colombia\/derechos-humanos\/judicializados-seis-integrantes-y-un-exintegrante-del-ejercito-nacional-senalados-de-retener-y-torturar-a-tres-personas-y-causarle-la-muerte-a-una-de-ellas-en-antioquia\/\"},\"author\":{\"name\":\"Katherine Loaiza Mart\u00ednez\",\"@id\":\"https:\/\/www.fiscalia.gov.co\/colombia\/#\/schema\/person\/2e76b9aba5ecf875ed565ce4de0e0415\"},\"headline\":\"Judicializados seis integrantes y un exintegrante del Ej\u00e9rcito Nacional se\u00f1alados de retener y torturar a tres personas y causarle la muerte a una de ellas en Antioquia\",\"datePublished\":\"2025-02-24T13:03:37+00:00\",\"dateModified\":\"2025-02-24T13:43:38+00:00\",\"mainEntityOfPage\":{\"@id\":\"https:\/\/www.fiscalia.gov.co\/colombia\/derechos-humanos\/judicializados-seis-integrantes-y-un-exintegrante-del-ejercito-nacional-senalados-de-retener-y-torturar-a-tres-personas-y-causarle-la-muerte-a-una-de-ellas-en-antioquia\/\"},\"wordCount\":457,\"publisher\":{\"@id\":\"https:\/\/www.fiscalia.gov.co\/colombia\/#organization\"},\"keywords\":[\"Antioquia\",\"Caucasia\",\"Derechos Humanos\",\"Direcci\u00f3n Especializada contra las Violaciones a los Derechos Humanos\",\"Ej\u00e9rcito\",\"fiscal Camargo\",\"Fiscal Luz Adriana Camargo\",\"Fiscal\u00eda General de la Naci\u00f3n\",\"Homicidio en persona protegida\",\"Tortura en persona protegida\"],\"articleSection\":[\"Derechos Humanos\",\"Noticias\"],\"inLanguage\":\"es-CO\"},{\"@type\":\"WebPage\",\"@id\":\"https:\/\/www.fiscalia.gov.co\/colombia\/derechos-humanos\/judicializados-seis-integrantes-y-un-exintegrante-del-ejercito-nacional-senalados-de-retener-y-torturar-a-tres-personas-y-causarle-la-muerte-a-una-de-ellas-en-antioquia\/\",\"url\":\"https:\/\/www.fiscalia.gov.co\/colombia\/derechos-humanos\/judicializados-seis-integrantes-y-un-exintegrante-del-ejercito-nacional-senalados-de-retener-y-torturar-a-tres-personas-y-causarle-la-muerte-a-una-de-ellas-en-antioquia\/\",\"name\":\"Fiscal\u00eda General de la Naci\u00f3n\",\"isPartOf\":{\"@id\":\"https:\/\/www.fiscalia.gov.co\/colombia\/#website\"},\"datePublished\":\"2025-02-24T13:03:37+00:00\",\"dateModified\":\"2025-02-24T13:43:38+00:00\",\"description\":\"P\u00e1gina oficial de la Fiscal\u00eda General de la Naci\u00f3n \u2013 Colombia. Garantizamos el acceso efectivo a la justicia, la verdad y la reparaci\u00f3n de las v\u00edctimas de los delitos.\",\"breadcrumb\":{\"@id\":\"https:\/\/www.fiscalia.gov.co\/colombia\/derechos-humanos\/judicializados-seis-integrantes-y-un-exintegrante-del-ejercito-nacional-senalados-de-retener-y-torturar-a-tres-personas-y-causarle-la-muerte-a-una-de-ellas-en-antioquia\/#breadcrumb\"},\"inLanguage\":\"es-CO\",\"potentialAction\":[{\"@type\":\"ReadAction\",\"target\":[\"https:\/\/www.fiscalia.gov.co\/colombia\/derechos-humanos\/judicializados-seis-integrantes-y-un-exintegrante-del-ejercito-nacional-senalados-de-retener-y-torturar-a-tres-personas-y-causarle-la-muerte-a-una-de-ellas-en-antioquia\/\"]}]},{\"@type\":\"BreadcrumbList\",\"@id\":\"https:\/\/www.fiscalia.gov.co\/colombia\/derechos-humanos\/judicializados-seis-integrantes-y-un-exintegrante-del-ejercito-nacional-senalados-de-retener-y-torturar-a-tres-personas-y-causarle-la-muerte-a-una-de-ellas-en-antioquia\/#breadcrumb\",\"itemListElement\":[{\"@type\":\"ListItem\",\"position\":1,\"name\":\"Home\",\"item\":\"https:\/\/www.fiscalia.gov.co\/colombia\/\"},{\"@type\":\"ListItem\",\"position\":2,\"name\":\"Judicializados seis integrantes y un exintegrante del Ej\u00e9rcito Nacional se\u00f1alados de retener y torturar a tres personas y causarle la muerte a una de ellas en Antioquia\"}]},{\"@type\":\"WebSite\",\"@id\":\"https:\/\/www.fiscalia.gov.co\/colombia\/#website\",\"url\":\"https:\/\/www.fiscalia.gov.co\/colombia\/\",\"name\":\"Fiscal\u00eda General de la Naci\u00f3n\",\"description\":\"P\u00e1gina oficial de la Fiscal\u00eda General de la Naci\u00f3n \u2013 Colombia. Garantizamos el acceso efectivo a la justicia, la verdad y la reparaci\u00f3n de las v\u00edctimas de los delitos.\",\"publisher\":{\"@id\":\"https:\/\/www.fiscalia.gov.co\/colombia\/#organization\"},\"potentialAction\":[{\"@type\":\"SearchAction\",\"target\":{\"@type\":\"EntryPoint\",\"urlTemplate\":\"https:\/\/www.fiscalia.gov.co\/colombia\/?s={search_term_string}\"},\"query-input\":{\"@type\":\"PropertyValueSpecification\",\"valueRequired\":true,\"valueName\":\"search_term_string\"}}],\"inLanguage\":\"es-CO\"},{\"@type\":\"Organization\",\"@id\":\"https:\/\/www.fiscalia.gov.co\/colombia\/#organization\",\"name\":\"Fiscal\u00eda General de la Naci\u00f3n\",\"url\":\"https:\/\/www.fiscalia.gov.co\/colombia\/\",\"logo\":{\"@type\":\"ImageObject\",\"inLanguage\":\"es-CO\",\"@id\":\"https:\/\/www.fiscalia.gov.co\/colombia\/#\/schema\/logo\/image\/\",\"url\":\"https:\/\/www.fiscalia.gov.co\/colombia\/wp-content\/uploads\/LogoHorizontal_1.jpg\",\"contentUrl\":\"https:\/\/www.fiscalia.gov.co\/colombia\/wp-content\/uploads\/LogoHorizontal_1.jpg\",\"width\":300,\"height\":90,\"caption\":\"Fiscal\u00eda General de la Naci\u00f3n\"},\"image\":{\"@id\":\"https:\/\/www.fiscalia.gov.co\/colombia\/#\/schema\/logo\/image\/\"},\"sameAs\":[\"https:\/\/www.facebook.com\/FiscaliaCol\",\"https:\/\/x.com\/FiscaliaCol\",\"https:\/\/www.instagram.com\/fiscaliacol\",\"https:\/\/www.linkedin.com\/company\/fiscalia-general-de-la-naci-n\/\",\"https:\/\/youtube.com\/@fiscaliageneraldelanacion-4668?si=6nN79nyQICPU5iTh\"]},{\"@type\":\"Person\",\"@id\":\"https:\/\/www.fiscalia.gov.co\/colombia\/#\/schema\/person\/2e76b9aba5ecf875ed565ce4de0e0415\",\"name\":\"Katherine Loaiza Mart\u00ednez\",\"image\":{\"@type\":\"ImageObject\",\"inLanguage\":\"es-CO\",\"@id\":\"https:\/\/www.fiscalia.gov.co\/colombia\/#\/schema\/person\/image\/\",\"url\":\"https:\/\/secure.gravatar.com\/avatar\/ab775a2f394c1b83b6d6f78680e57b50?s=96&d=mm&r=g\",\"contentUrl\":\"https:\/\/secure.gravatar.com\/avatar\/ab775a2f394c1b83b6d6f78680e57b50?s=96&d=mm&r=g\",\"caption\":\"Katherine Loaiza Mart\u00ednez\"},\"url\":\"https:\/\/www.fiscalia.gov.co\/colombia\/author\/kloaiza\/\"}]}<\/script>\n<!-- \/ Yoast SEO plugin. -->","yoast_head_json":{"title":"Fiscal\u00eda General de la Naci\u00f3n","description":"P\u00e1gina oficial de la Fiscal\u00eda General de la Naci\u00f3n \u2013 Colombia. Garantizamos el acceso efectivo a la justicia, la verdad y la reparaci\u00f3n de las v\u00edctimas de los delitos.","robots":{"index":"noindex","follow":"follow"},"og_locale":"es_ES","og_type":"article","og_title":"Fiscal\u00eda General de la Naci\u00f3n","og_description":"P\u00e1gina oficial de la Fiscal\u00eda General de la Naci\u00f3n \u2013 Colombia. Garantizamos el acceso efectivo a la justicia, la verdad y la reparaci\u00f3n de las v\u00edctimas de los delitos.","og_url":"https:\/\/www.fiscalia.gov.co\/colombia\/derechos-humanos\/judicializados-seis-integrantes-y-un-exintegrante-del-ejercito-nacional-senalados-de-retener-y-torturar-a-tres-personas-y-causarle-la-muerte-a-una-de-ellas-en-antioquia\/","og_site_name":"Fiscal\u00eda General de la Naci\u00f3n","article_publisher":"https:\/\/www.facebook.com\/FiscaliaCol","article_published_time":"2025-02-24T13:03:37+00:00","article_modified_time":"2025-02-24T13:43:38+00:00","author":"Katherine Loaiza Mart\u00ednez","twitter_card":"summary_large_image","twitter_creator":"@FiscaliaCol","twitter_site":"@FiscaliaCol","twitter_misc":{"Escrito por":"Katherine Loaiza Mart\u00ednez","Tiempo de lectura":"2 minutos"},"schema":{"@context":"https:\/\/schema.org","@graph":[{"@type":"Article","@id":"https:\/\/www.fiscalia.gov.co\/colombia\/derechos-humanos\/judicializados-seis-integrantes-y-un-exintegrante-del-ejercito-nacional-senalados-de-retener-y-torturar-a-tres-personas-y-causarle-la-muerte-a-una-de-ellas-en-antioquia\/#article","isPartOf":{"@id":"https:\/\/www.fiscalia.gov.co\/colombia\/derechos-humanos\/judicializados-seis-integrantes-y-un-exintegrante-del-ejercito-nacional-senalados-de-retener-y-torturar-a-tres-personas-y-causarle-la-muerte-a-una-de-ellas-en-antioquia\/"},"author":{"name":"Katherine Loaiza Mart\u00ednez","@id":"https:\/\/www.fiscalia.gov.co\/colombia\/#\/schema\/person\/2e76b9aba5ecf875ed565ce4de0e0415"},"headline":"Judicializados seis integrantes y un exintegrante del Ej\u00e9rcito Nacional se\u00f1alados de retener y torturar a tres personas y causarle la muerte a una de ellas en Antioquia","datePublished":"2025-02-24T13:03:37+00:00","dateModified":"2025-02-24T13:43:38+00:00","mainEntityOfPage":{"@id":"https:\/\/www.fiscalia.gov.co\/colombia\/derechos-humanos\/judicializados-seis-integrantes-y-un-exintegrante-del-ejercito-nacional-senalados-de-retener-y-torturar-a-tres-personas-y-causarle-la-muerte-a-una-de-ellas-en-antioquia\/"},"wordCount":457,"publisher":{"@id":"https:\/\/www.fiscalia.gov.co\/colombia\/#organization"},"keywords":["Antioquia","Caucasia","Derechos Humanos","Direcci\u00f3n Especializada contra las Violaciones a los Derechos Humanos","Ej\u00e9rcito","fiscal Camargo","Fiscal Luz Adriana Camargo","Fiscal\u00eda General de la Naci\u00f3n","Homicidio en persona protegida","Tortura en persona protegida"],"articleSection":["Derechos Humanos","Noticias"],"inLanguage":"es-CO"},{"@type":"WebPage","@id":"https:\/\/www.fiscalia.gov.co\/colombia\/derechos-humanos\/judicializados-seis-integrantes-y-un-exintegrante-del-ejercito-nacional-senalados-de-retener-y-torturar-a-tres-personas-y-causarle-la-muerte-a-una-de-ellas-en-antioquia\/","url":"https:\/\/www.fiscalia.gov.co\/colombia\/derechos-humanos\/judicializados-seis-integrantes-y-un-exintegrante-del-ejercito-nacional-senalados-de-retener-y-torturar-a-tres-personas-y-causarle-la-muerte-a-una-de-ellas-en-antioquia\/","name":"Fiscal\u00eda General de la Naci\u00f3n","isPartOf":{"@id":"https:\/\/www.fiscalia.gov.co\/colombia\/#website"},"datePublished":"2025-02-24T13:03:37+00:00","dateModified":"2025-02-24T13:43:38+00:00","description":"P\u00e1gina oficial de la Fiscal\u00eda General de la Naci\u00f3n \u2013 Colombia. Garantizamos el acceso efectivo a la justicia, la verdad y la reparaci\u00f3n de las v\u00edctimas de los delitos.","breadcrumb":{"@id":"https:\/\/www.fiscalia.gov.co\/colombia\/derechos-humanos\/judicializados-seis-integrantes-y-un-exintegrante-del-ejercito-nacional-senalados-de-retener-y-torturar-a-tres-personas-y-causarle-la-muerte-a-una-de-ellas-en-antioquia\/#breadcrumb"},"inLanguage":"es-CO","potentialAction":[{"@type":"ReadAction","target":["https:\/\/www.fiscalia.gov.co\/colombia\/derechos-humanos\/judicializados-seis-integrantes-y-un-exintegrante-del-ejercito-nacional-senalados-de-retener-y-torturar-a-tres-personas-y-causarle-la-muerte-a-una-de-ellas-en-antioquia\/"]}]},{"@type":"BreadcrumbList","@id":"https:\/\/www.fiscalia.gov.co\/colombia\/derechos-humanos\/judicializados-seis-integrantes-y-un-exintegrante-del-ejercito-nacional-senalados-de-retener-y-torturar-a-tres-personas-y-causarle-la-muerte-a-una-de-ellas-en-antioquia\/#breadcrumb","itemListElement":[{"@type":"ListItem","position":1,"name":"Home","item":"https:\/\/www.fiscalia.gov.co\/colombia\/"},{"@type":"ListItem","position":2,"name":"Judicializados seis integrantes y un exintegrante del Ej\u00e9rcito Nacional se\u00f1alados de retener y torturar a tres personas y causarle la muerte a una de ellas en Antioquia"}]},{"@type":"WebSite","@id":"https:\/\/www.fiscalia.gov.co\/colombia\/#website","url":"https:\/\/www.fiscalia.gov.co\/colombia\/","name":"Fiscal\u00eda General de la Naci\u00f3n","description":"P\u00e1gina oficial de la Fiscal\u00eda General de la Naci\u00f3n \u2013 Colombia. Garantizamos el acceso efectivo a la justicia, la verdad y la reparaci\u00f3n de las v\u00edctimas de los delitos.","publisher":{"@id":"https:\/\/www.fiscalia.gov.co\/colombia\/#organization"},"potentialAction":[{"@type":"SearchAction","target":{"@type":"EntryPoint","urlTemplate":"https:\/\/www.fiscalia.gov.co\/colombia\/?s={search_term_string}"},"query-input":{"@type":"PropertyValueSpecification","valueRequired":true,"valueName":"search_term_string"}}],"inLanguage":"es-CO"},{"@type":"Organization","@id":"https:\/\/www.fiscalia.gov.co\/colombia\/#organization","name":"Fiscal\u00eda General de la Naci\u00f3n","url":"https:\/\/www.fiscalia.gov.co\/colombia\/","logo":{"@type":"ImageObject","inLanguage":"es-CO","@id":"https:\/\/www.fiscalia.gov.co\/colombia\/#\/schema\/logo\/image\/","url":"https:\/\/www.fiscalia.gov.co\/colombia\/wp-content\/uploads\/LogoHorizontal_1.jpg","contentUrl":"https:\/\/www.fiscalia.gov.co\/colombia\/wp-content\/uploads\/LogoHorizontal_1.jpg","width":300,"height":90,"caption":"Fiscal\u00eda General de la Naci\u00f3n"},"image":{"@id":"https:\/\/www.fiscalia.gov.co\/colombia\/#\/schema\/logo\/image\/"},"sameAs":["https:\/\/www.facebook.com\/FiscaliaCol","https:\/\/x.com\/FiscaliaCol","https:\/\/www.instagram.com\/fiscaliacol","https:\/\/www.linkedin.com\/company\/fiscalia-general-de-la-naci-n\/","https:\/\/youtube.com\/@fiscaliageneraldelanacion-4668?si=6nN79nyQICPU5iTh"]},{"@type":"Person","@id":"https:\/\/www.fiscalia.gov.co\/colombia\/#\/schema\/person\/2e76b9aba5ecf875ed565ce4de0e0415","name":"Katherine Loaiza Mart\u00ednez","image":{"@type":"ImageObject","inLanguage":"es-CO","@id":"https:\/\/www.fiscalia.gov.co\/colombia\/#\/schema\/person\/image\/","url":"https:\/\/secure.gravatar.com\/avatar\/ab775a2f394c1b83b6d6f78680e57b50?s=96&d=mm&r=g","contentUrl":"https:\/\/secure.gravatar.com\/avatar\/ab775a2f394c1b83b6d6f78680e57b50?s=96&d=mm&r=g","caption":"Katherine Loaiza Mart\u00ednez"},"url":"https:\/\/www.fiscalia.gov.co\/colombia\/author\/kloaiza\/"}]}},"_links":{"self":[{"href":"https:\/\/www.fiscalia.gov.co\/colombia\/wp-json\/wp\/v2\/posts\/311157","targetHints":{"allow":["GET"]}}],"collection":[{"href":"https:\/\/www.fiscalia.gov.co\/colombia\/wp-json\/wp\/v2\/posts"}],"about":[{"href":"https:\/\/www.fiscalia.gov.co\/colombia\/wp-json\/wp\/v2\/types\/post"}],"author":[{"embeddable":true,"href":"https:\/\/www.fiscalia.gov.co\/colombia\/wp-json\/wp\/v2\/users\/175"}],"replies":[{"embeddable":true,"href":"https:\/\/www.fiscalia.gov.co\/colombia\/wp-json\/wp\/v2\/comments?post=311157"}],"version-history":[{"count":6,"href":"https:\/\/www.fiscalia.gov.co\/colombia\/wp-json\/wp\/v2\/posts\/311157\/revisions"}],"predecessor-version":[{"id":311174,"href":"https:\/\/www.fiscalia.gov.co\/colombia\/wp-json\/wp\/v2\/posts\/311157\/revisions\/311174"}],"wp:attachment":[{"href":"https:\/\/www.fiscalia.gov.co\/colombia\/wp-json\/wp\/v2\/media?parent=311157"}],"wp:term":[{"taxonomy":"category","embeddable":true,"href":"https:\/\/www.fiscalia.gov.co\/colombia\/wp-json\/wp\/v2\/categories?post=311157"},{"taxonomy":"post_tag","embeddable":true,"href":"https:\/\/www.fiscalia.gov.co\/colombia\/wp-json\/wp\/v2\/tags?post=311157"}],"curies":[{"name":"wp","href":"https:\/\/api.w.org\/{rel}","templated":true}]}}