{"id":311111,"date":"2025-02-23T08:18:12","date_gmt":"2025-02-23T13:18:12","guid":{"rendered":"https:\/\/www.fiscalia.gov.co\/colombia\/?p=311111"},"modified":"2025-02-23T08:18:12","modified_gmt":"2025-02-23T13:18:12","slug":"por-causarle-la-muerte-a-una-nina-de-12-anos-en-medio-de-un-ataque-sicarial-alias-chango-debera-cumplir-medida-de-aseguramiento-en-centro-carcelario","status":"publish","type":"post","link":"https:\/\/www.fiscalia.gov.co\/colombia\/noticias\/por-causarle-la-muerte-a-una-nina-de-12-anos-en-medio-de-un-ataque-sicarial-alias-chango-debera-cumplir-medida-de-aseguramiento-en-centro-carcelario\/","title":{"rendered":"Por causarle la muerte a una ni\u00f1a de 12 a\u00f1os en medio de un ataque sicarial alias Chango deber\u00e1 cumplir medida de aseguramiento en centro carcelario"},"content":{"rendered":"<blockquote>\n<h4 class=\"p1\" style=\"text-align: left;\"><span class=\"s1\">El ataque armado tambi\u00e9n dej\u00f3 dos personas heridas, entre ellas la madre de la menor de edad.<\/span><\/h4>\n<figure id=\"attachment_311112\" aria-describedby=\"caption-attachment-311112\" style=\"width: 209px\" class=\"wp-caption alignnone\"><img loading=\"lazy\" decoding=\"async\" class=\"size-medium wp-image-311112\" src=\"https:\/\/www.fiscalia.gov.co\/colombia\/wp-content\/uploads\/1b7d998d-a380-40a3-a687-8ecd5a3ad799-209x300.jpeg\" alt=\"En la imagen se ve a un hombre, identificado como Carlos Andr\u00e9s Quintero Ovalle, alias Chango, quien ser\u00eda el presunto responsable de ocasionarle la muerte a una ni\u00f1a de 12 a\u00f1os, junto a un uniformado de polic\u00eda judicial. \" width=\"209\" height=\"300\" srcset=\"https:\/\/www.fiscalia.gov.co\/colombia\/wp-content\/uploads\/1b7d998d-a380-40a3-a687-8ecd5a3ad799-209x300.jpeg 209w, https:\/\/www.fiscalia.gov.co\/colombia\/wp-content\/uploads\/1b7d998d-a380-40a3-a687-8ecd5a3ad799-715x1024.jpeg 715w, https:\/\/www.fiscalia.gov.co\/colombia\/wp-content\/uploads\/1b7d998d-a380-40a3-a687-8ecd5a3ad799-768x1100.jpeg 768w, https:\/\/www.fiscalia.gov.co\/colombia\/wp-content\/uploads\/1b7d998d-a380-40a3-a687-8ecd5a3ad799-1072x1536.jpeg 1072w, https:\/\/www.fiscalia.gov.co\/colombia\/wp-content\/uploads\/1b7d998d-a380-40a3-a687-8ecd5a3ad799-293x420.jpeg 293w, https:\/\/www.fiscalia.gov.co\/colombia\/wp-content\/uploads\/1b7d998d-a380-40a3-a687-8ecd5a3ad799-696x997.jpeg 696w, https:\/\/www.fiscalia.gov.co\/colombia\/wp-content\/uploads\/1b7d998d-a380-40a3-a687-8ecd5a3ad799-1068x1530.jpeg 1068w, https:\/\/www.fiscalia.gov.co\/colombia\/wp-content\/uploads\/1b7d998d-a380-40a3-a687-8ecd5a3ad799.jpeg 1117w\" sizes=\"auto, (max-width: 209px) 100vw, 209px\" \/><figcaption id=\"caption-attachment-311112\" class=\"wp-caption-text\">Carlos Andr\u00e9s Quintero Ovalle, alias Chango, ser\u00eda el presunto responsable de ocasionarle la muerte a una ni\u00f1a de 12 a\u00f1os.<\/figcaption><\/figure><\/blockquote>\n<p class=\"p1\"><span class=\"s2\">La <strong>Fiscal\u00eda General de la Naci\u00f3n<\/strong> logr\u00f3 la judicializaci\u00f3n del presunto responsable de ocasionarle la muerte a una ni\u00f1a de 12 a\u00f1os, durante un ataque sicarial ocurrido la noche del pasado 31 de enero, en un establecimiento de comercio de <strong>Aguachica (Cesar). <\/strong><\/span><\/p>\n<p class=\"p2\"><span class=\"s2\">El se\u00f1alado agresor, identificado como Carlos Andr\u00e9s Quintero Ovalle, alias Chango, habr\u00eda descendido de una motocicleta, acercado a un puesto de comidas r\u00e1pidas y disparado de manera indiscriminada en contra de un hombre que depart\u00eda en el lugar. En medio del ataque armado uno de los proyectiles impact\u00f3 a la menor de edad y a su mam\u00e1, que realizaban un pedido; y a otra persona<\/span><span class=\"s3\">.<\/span><\/p>\n<p class=\"p2\"><span class=\"s2\">Las tres v\u00edctimas fueron trasladadas a un centro asistencial; sin embargo, la ni\u00f1a muri\u00f3 producto de las heridas recibidas.<\/span><\/p>\n<p class=\"p2\"><span class=\"s2\">En atenci\u00f3n a los elementos materiales probatorios obtenidos en su contra, servidores del <strong>Cuerpo T\u00e9cnico de Investigaci\u00f3n (CTI)<\/strong> con apoyo del <strong>Gaula Militar<\/strong> capturaron a alias Chango en Aguachica. Un fiscal de la Seccional Magdalena Medio le imput\u00f3 los delitos de homicidio agravado, tentativa de homicidio; y fabricaci\u00f3n, tr\u00e1fico, porte o tenencia de armas de fuego, accesorios, partes o municiones. <\/span><\/p>\n<p class=\"p2\"><span class=\"s2\">El procesado no acept\u00f3 los cargos y, por disposici\u00f3n de un juez de control de garant\u00edas, deber\u00e1 cumplir <strong>medida de aseguramiento en establecimiento carcelario.<\/strong><\/span><\/p>\n<p class=\"p2\"><span class=\"s2\">MPHA\/AMCJ\/JARG\/FT\/FPWL\/DSMM<\/span><\/p>\n<p class=\"p2\"><span class=\"s1\">La informaci\u00f3n contenida en este bolet\u00edn de prensa corresponde a la narraci\u00f3n de los hechos noticiosos objetivos, suministrados por los funcionarios encargados de adelantar las investigaciones penales al interior de la Fiscal\u00eda General de la Naci\u00f3n. Para el momento de la divulgaci\u00f3n de este comunicado, la situaci\u00f3n jur\u00eddica de la(s) persona(s) relacionada(s) se encuentra pendiente de resolver por la autoridad judicial competente, siempre bajo los preceptos de la presunci\u00f3n de inocencia, consagrados en el art\u00edculo 29 de la Constituci\u00f3n Pol\u00edtica y el art\u00edculo 7\u00ba de la Ley 906 de 2004.<\/span><\/p>\n\n<div class=\"twitter-share\"><a href=\"https:\/\/twitter.com\/intent\/tweet?via=fiscaliacol\" class=\"twitter-share-button\">Tweet<\/a><\/div>\n","protected":false},"excerpt":{"rendered":"<p>El ataque armado tambi\u00e9n dej\u00f3 dos personas heridas, entre ellas la madre de la menor de edad. La Fiscal\u00eda General de la Naci\u00f3n logr\u00f3 la judicializaci\u00f3n del presunto responsable de [&hellip;]<\/p>\n","protected":false},"author":182,"featured_media":0,"comment_status":"closed","ping_status":"open","sticky":false,"template":"","format":"standard","meta":{"tdm_status":"","tdm_grid_status":"","footnotes":""},"categories":[1],"tags":[23951,40278,12163,26796,924,40277,29942,718,27010,45,25012,29560,37492,1047,25007,686,25812,28197,1185,40279,40280,479,17445],"class_list":["post-311111","post","type-post","status-publish","format-standard","category-noticias","tag-aguachica","tag-alias-chango","tag-arma-de-fuego","tag-ataque-sicarial","tag-captura","tag-carlos-andres-quintero-ovalle","tag-centro-asistencial","tag-cesar","tag-comercio","tag-cti","tag-cuerpo-tecnico-de-investigacion","tag-disparos","tag-fiscal-luz-adriana-camargo","tag-fiscalia-general-de-la-nacion","tag-gaula-militar","tag-homicidio-agravado","tag-judicializacion","tag-juez-de-control-de-garantias","tag-medida-de-aseguramiento","tag-nina-de-12-anos","tag-proyectil","tag-tentativa-de-homicidio","tag-victima"],"yoast_head":"<!-- This site is optimized with the Yoast SEO plugin v24.3 - https:\/\/yoast.com\/wordpress\/plugins\/seo\/ -->\n<title>Fiscal\u00eda General de la Naci\u00f3n<\/title>\n<meta name=\"description\" content=\"P\u00e1gina oficial de la Fiscal\u00eda General de la Naci\u00f3n \u2013 Colombia. Garantizamos el acceso efectivo a la justicia, la verdad y la reparaci\u00f3n de las v\u00edctimas de los delitos.\" \/>\n<meta name=\"robots\" content=\"noindex, follow\" \/>\n<meta property=\"og:locale\" content=\"es_ES\" \/>\n<meta property=\"og:type\" content=\"article\" \/>\n<meta property=\"og:title\" content=\"Fiscal\u00eda General de la Naci\u00f3n\" \/>\n<meta property=\"og:description\" content=\"P\u00e1gina oficial de la Fiscal\u00eda General de la Naci\u00f3n \u2013 Colombia. Garantizamos el acceso efectivo a la justicia, la verdad y la reparaci\u00f3n de las v\u00edctimas de los delitos.\" \/>\n<meta property=\"og:url\" content=\"https:\/\/www.fiscalia.gov.co\/colombia\/noticias\/por-causarle-la-muerte-a-una-nina-de-12-anos-en-medio-de-un-ataque-sicarial-alias-chango-debera-cumplir-medida-de-aseguramiento-en-centro-carcelario\/\" \/>\n<meta property=\"og:site_name\" content=\"Fiscal\u00eda General de la Naci\u00f3n\" \/>\n<meta property=\"article:publisher\" content=\"https:\/\/www.facebook.com\/FiscaliaCol\" \/>\n<meta property=\"article:published_time\" content=\"2025-02-23T13:18:12+00:00\" \/>\n<meta property=\"og:image\" content=\"https:\/\/www.fiscalia.gov.co\/colombia\/wp-content\/uploads\/1b7d998d-a380-40a3-a687-8ecd5a3ad799.jpeg\" \/>\n\t<meta property=\"og:image:width\" content=\"1117\" \/>\n\t<meta property=\"og:image:height\" content=\"1600\" \/>\n\t<meta property=\"og:image:type\" content=\"image\/jpeg\" \/>\n<meta name=\"author\" content=\"Paula Andrea Castillo Lenis\" \/>\n<meta name=\"twitter:card\" content=\"summary_large_image\" \/>\n<meta name=\"twitter:creator\" content=\"@FiscaliaCol\" \/>\n<meta name=\"twitter:site\" content=\"@FiscaliaCol\" \/>\n<meta name=\"twitter:label1\" content=\"Escrito por\" \/>\n\t<meta name=\"twitter:data1\" content=\"Paula Andrea Castillo Lenis\" \/>\n\t<meta name=\"twitter:label2\" content=\"Tiempo de lectura\" \/>\n\t<meta name=\"twitter:data2\" content=\"2 minutos\" \/>\n<script type=\"application\/ld+json\" class=\"yoast-schema-graph\">{\"@context\":\"https:\/\/schema.org\",\"@graph\":[{\"@type\":\"Article\",\"@id\":\"https:\/\/www.fiscalia.gov.co\/colombia\/noticias\/por-causarle-la-muerte-a-una-nina-de-12-anos-en-medio-de-un-ataque-sicarial-alias-chango-debera-cumplir-medida-de-aseguramiento-en-centro-carcelario\/#article\",\"isPartOf\":{\"@id\":\"https:\/\/www.fiscalia.gov.co\/colombia\/noticias\/por-causarle-la-muerte-a-una-nina-de-12-anos-en-medio-de-un-ataque-sicarial-alias-chango-debera-cumplir-medida-de-aseguramiento-en-centro-carcelario\/\"},\"author\":{\"name\":\"Paula Andrea Castillo Lenis\",\"@id\":\"https:\/\/www.fiscalia.gov.co\/colombia\/#\/schema\/person\/66c172905e0492f1de6bbe5f93c4668f\"},\"headline\":\"Por causarle la muerte a una ni\u00f1a de 12 a\u00f1os en medio de un ataque sicarial alias Chango deber\u00e1 cumplir medida de aseguramiento en centro carcelario\",\"datePublished\":\"2025-02-23T13:18:12+00:00\",\"dateModified\":\"2025-02-23T13:18:12+00:00\",\"mainEntityOfPage\":{\"@id\":\"https:\/\/www.fiscalia.gov.co\/colombia\/noticias\/por-causarle-la-muerte-a-una-nina-de-12-anos-en-medio-de-un-ataque-sicarial-alias-chango-debera-cumplir-medida-de-aseguramiento-en-centro-carcelario\/\"},\"wordCount\":410,\"publisher\":{\"@id\":\"https:\/\/www.fiscalia.gov.co\/colombia\/#organization\"},\"image\":{\"@id\":\"https:\/\/www.fiscalia.gov.co\/colombia\/noticias\/por-causarle-la-muerte-a-una-nina-de-12-anos-en-medio-de-un-ataque-sicarial-alias-chango-debera-cumplir-medida-de-aseguramiento-en-centro-carcelario\/#primaryimage\"},\"thumbnailUrl\":\"https:\/\/www.fiscalia.gov.co\/colombia\/wp-content\/uploads\/1b7d998d-a380-40a3-a687-8ecd5a3ad799-209x300.jpeg\",\"keywords\":[\"Aguachica\",\"alias Chango\",\"Arma de fuego\",\"ataque sicarial\",\"Captura\",\"Carlos Andr\u00e9s Quintero Ovalle\",\"centro asistencial\",\"Cesar\",\"comercio\",\"CTI\",\"cuerpo t\u00e9cnico de investigaci\u00f3n\",\"disparos\",\"Fiscal Luz Adriana Camargo\",\"Fiscal\u00eda General de la Naci\u00f3n\",\"Gaula Militar\",\"Homicidio agravado\",\"Judicializaci\u00f3n\",\"juez de control de garant\u00edas\",\"Medida de aseguramiento\",\"ni\u00f1a de 12 a\u00f1os\",\"proyectil\",\"Tentativa de homicidio\",\"V\u00edctima\"],\"articleSection\":[\"Noticias\"],\"inLanguage\":\"es-CO\"},{\"@type\":\"WebPage\",\"@id\":\"https:\/\/www.fiscalia.gov.co\/colombia\/noticias\/por-causarle-la-muerte-a-una-nina-de-12-anos-en-medio-de-un-ataque-sicarial-alias-chango-debera-cumplir-medida-de-aseguramiento-en-centro-carcelario\/\",\"url\":\"https:\/\/www.fiscalia.gov.co\/colombia\/noticias\/por-causarle-la-muerte-a-una-nina-de-12-anos-en-medio-de-un-ataque-sicarial-alias-chango-debera-cumplir-medida-de-aseguramiento-en-centro-carcelario\/\",\"name\":\"Fiscal\u00eda General de la Naci\u00f3n\",\"isPartOf\":{\"@id\":\"https:\/\/www.fiscalia.gov.co\/colombia\/#website\"},\"primaryImageOfPage\":{\"@id\":\"https:\/\/www.fiscalia.gov.co\/colombia\/noticias\/por-causarle-la-muerte-a-una-nina-de-12-anos-en-medio-de-un-ataque-sicarial-alias-chango-debera-cumplir-medida-de-aseguramiento-en-centro-carcelario\/#primaryimage\"},\"image\":{\"@id\":\"https:\/\/www.fiscalia.gov.co\/colombia\/noticias\/por-causarle-la-muerte-a-una-nina-de-12-anos-en-medio-de-un-ataque-sicarial-alias-chango-debera-cumplir-medida-de-aseguramiento-en-centro-carcelario\/#primaryimage\"},\"thumbnailUrl\":\"https:\/\/www.fiscalia.gov.co\/colombia\/wp-content\/uploads\/1b7d998d-a380-40a3-a687-8ecd5a3ad799-209x300.jpeg\",\"datePublished\":\"2025-02-23T13:18:12+00:00\",\"dateModified\":\"2025-02-23T13:18:12+00:00\",\"description\":\"P\u00e1gina oficial de la Fiscal\u00eda General de la Naci\u00f3n \u2013 Colombia. Garantizamos el acceso efectivo a la justicia, la verdad y la reparaci\u00f3n de las v\u00edctimas de los delitos.\",\"breadcrumb\":{\"@id\":\"https:\/\/www.fiscalia.gov.co\/colombia\/noticias\/por-causarle-la-muerte-a-una-nina-de-12-anos-en-medio-de-un-ataque-sicarial-alias-chango-debera-cumplir-medida-de-aseguramiento-en-centro-carcelario\/#breadcrumb\"},\"inLanguage\":\"es-CO\",\"potentialAction\":[{\"@type\":\"ReadAction\",\"target\":[\"https:\/\/www.fiscalia.gov.co\/colombia\/noticias\/por-causarle-la-muerte-a-una-nina-de-12-anos-en-medio-de-un-ataque-sicarial-alias-chango-debera-cumplir-medida-de-aseguramiento-en-centro-carcelario\/\"]}]},{\"@type\":\"ImageObject\",\"inLanguage\":\"es-CO\",\"@id\":\"https:\/\/www.fiscalia.gov.co\/colombia\/noticias\/por-causarle-la-muerte-a-una-nina-de-12-anos-en-medio-de-un-ataque-sicarial-alias-chango-debera-cumplir-medida-de-aseguramiento-en-centro-carcelario\/#primaryimage\",\"url\":\"https:\/\/www.fiscalia.gov.co\/colombia\/wp-content\/uploads\/1b7d998d-a380-40a3-a687-8ecd5a3ad799.jpeg\",\"contentUrl\":\"https:\/\/www.fiscalia.gov.co\/colombia\/wp-content\/uploads\/1b7d998d-a380-40a3-a687-8ecd5a3ad799.jpeg\",\"width\":1117,\"height\":1600,\"caption\":\"Carlos Andr\u00e9s Quintero Ovalle, alias Chango, ser\u00eda el presunto responsable de ocasionarle la muerte a una ni\u00f1a de 12 a\u00f1os.\"},{\"@type\":\"BreadcrumbList\",\"@id\":\"https:\/\/www.fiscalia.gov.co\/colombia\/noticias\/por-causarle-la-muerte-a-una-nina-de-12-anos-en-medio-de-un-ataque-sicarial-alias-chango-debera-cumplir-medida-de-aseguramiento-en-centro-carcelario\/#breadcrumb\",\"itemListElement\":[{\"@type\":\"ListItem\",\"position\":1,\"name\":\"Home\",\"item\":\"https:\/\/www.fiscalia.gov.co\/colombia\/\"},{\"@type\":\"ListItem\",\"position\":2,\"name\":\"Por causarle la muerte a una ni\u00f1a de 12 a\u00f1os en medio de un ataque sicarial alias Chango deber\u00e1 cumplir medida de aseguramiento en centro carcelario\"}]},{\"@type\":\"WebSite\",\"@id\":\"https:\/\/www.fiscalia.gov.co\/colombia\/#website\",\"url\":\"https:\/\/www.fiscalia.gov.co\/colombia\/\",\"name\":\"Fiscal\u00eda General de la Naci\u00f3n\",\"description\":\"P\u00e1gina oficial de la Fiscal\u00eda General de la Naci\u00f3n \u2013 Colombia. Garantizamos el acceso efectivo a la justicia, la verdad y la reparaci\u00f3n de las v\u00edctimas de los delitos.\",\"publisher\":{\"@id\":\"https:\/\/www.fiscalia.gov.co\/colombia\/#organization\"},\"potentialAction\":[{\"@type\":\"SearchAction\",\"target\":{\"@type\":\"EntryPoint\",\"urlTemplate\":\"https:\/\/www.fiscalia.gov.co\/colombia\/?s={search_term_string}\"},\"query-input\":{\"@type\":\"PropertyValueSpecification\",\"valueRequired\":true,\"valueName\":\"search_term_string\"}}],\"inLanguage\":\"es-CO\"},{\"@type\":\"Organization\",\"@id\":\"https:\/\/www.fiscalia.gov.co\/colombia\/#organization\",\"name\":\"Fiscal\u00eda General de la Naci\u00f3n\",\"url\":\"https:\/\/www.fiscalia.gov.co\/colombia\/\",\"logo\":{\"@type\":\"ImageObject\",\"inLanguage\":\"es-CO\",\"@id\":\"https:\/\/www.fiscalia.gov.co\/colombia\/#\/schema\/logo\/image\/\",\"url\":\"https:\/\/www.fiscalia.gov.co\/colombia\/wp-content\/uploads\/LogoHorizontal_1.jpg\",\"contentUrl\":\"https:\/\/www.fiscalia.gov.co\/colombia\/wp-content\/uploads\/LogoHorizontal_1.jpg\",\"width\":300,\"height\":90,\"caption\":\"Fiscal\u00eda General de la Naci\u00f3n\"},\"image\":{\"@id\":\"https:\/\/www.fiscalia.gov.co\/colombia\/#\/schema\/logo\/image\/\"},\"sameAs\":[\"https:\/\/www.facebook.com\/FiscaliaCol\",\"https:\/\/x.com\/FiscaliaCol\",\"https:\/\/www.instagram.com\/fiscaliacol\",\"https:\/\/www.linkedin.com\/company\/fiscalia-general-de-la-naci-n\/\",\"https:\/\/youtube.com\/@fiscaliageneraldelanacion-4668?si=6nN79nyQICPU5iTh\"]},{\"@type\":\"Person\",\"@id\":\"https:\/\/www.fiscalia.gov.co\/colombia\/#\/schema\/person\/66c172905e0492f1de6bbe5f93c4668f\",\"name\":\"Paula Andrea Castillo Lenis\",\"image\":{\"@type\":\"ImageObject\",\"inLanguage\":\"es-CO\",\"@id\":\"https:\/\/www.fiscalia.gov.co\/colombia\/#\/schema\/person\/image\/\",\"url\":\"https:\/\/secure.gravatar.com\/avatar\/cb060d9561f2947c4102d1825739f868?s=96&d=mm&r=g\",\"contentUrl\":\"https:\/\/secure.gravatar.com\/avatar\/cb060d9561f2947c4102d1825739f868?s=96&d=mm&r=g\",\"caption\":\"Paula Andrea Castillo Lenis\"},\"url\":\"https:\/\/www.fiscalia.gov.co\/colombia\/author\/paula-castillo\/\"}]}<\/script>\n<!-- \/ Yoast SEO plugin. -->","yoast_head_json":{"title":"Fiscal\u00eda General de la Naci\u00f3n","description":"P\u00e1gina oficial de la Fiscal\u00eda General de la Naci\u00f3n \u2013 Colombia. Garantizamos el acceso efectivo a la justicia, la verdad y la reparaci\u00f3n de las v\u00edctimas de los delitos.","robots":{"index":"noindex","follow":"follow"},"og_locale":"es_ES","og_type":"article","og_title":"Fiscal\u00eda General de la Naci\u00f3n","og_description":"P\u00e1gina oficial de la Fiscal\u00eda General de la Naci\u00f3n \u2013 Colombia. Garantizamos el acceso efectivo a la justicia, la verdad y la reparaci\u00f3n de las v\u00edctimas de los delitos.","og_url":"https:\/\/www.fiscalia.gov.co\/colombia\/noticias\/por-causarle-la-muerte-a-una-nina-de-12-anos-en-medio-de-un-ataque-sicarial-alias-chango-debera-cumplir-medida-de-aseguramiento-en-centro-carcelario\/","og_site_name":"Fiscal\u00eda General de la Naci\u00f3n","article_publisher":"https:\/\/www.facebook.com\/FiscaliaCol","article_published_time":"2025-02-23T13:18:12+00:00","og_image":[{"width":1117,"height":1600,"url":"https:\/\/www.fiscalia.gov.co\/colombia\/wp-content\/uploads\/1b7d998d-a380-40a3-a687-8ecd5a3ad799.jpeg","type":"image\/jpeg"}],"author":"Paula Andrea Castillo Lenis","twitter_card":"summary_large_image","twitter_creator":"@FiscaliaCol","twitter_site":"@FiscaliaCol","twitter_misc":{"Escrito por":"Paula Andrea Castillo Lenis","Tiempo de lectura":"2 minutos"},"schema":{"@context":"https:\/\/schema.org","@graph":[{"@type":"Article","@id":"https:\/\/www.fiscalia.gov.co\/colombia\/noticias\/por-causarle-la-muerte-a-una-nina-de-12-anos-en-medio-de-un-ataque-sicarial-alias-chango-debera-cumplir-medida-de-aseguramiento-en-centro-carcelario\/#article","isPartOf":{"@id":"https:\/\/www.fiscalia.gov.co\/colombia\/noticias\/por-causarle-la-muerte-a-una-nina-de-12-anos-en-medio-de-un-ataque-sicarial-alias-chango-debera-cumplir-medida-de-aseguramiento-en-centro-carcelario\/"},"author":{"name":"Paula Andrea Castillo Lenis","@id":"https:\/\/www.fiscalia.gov.co\/colombia\/#\/schema\/person\/66c172905e0492f1de6bbe5f93c4668f"},"headline":"Por causarle la muerte a una ni\u00f1a de 12 a\u00f1os en medio de un ataque sicarial alias Chango deber\u00e1 cumplir medida de aseguramiento en centro carcelario","datePublished":"2025-02-23T13:18:12+00:00","dateModified":"2025-02-23T13:18:12+00:00","mainEntityOfPage":{"@id":"https:\/\/www.fiscalia.gov.co\/colombia\/noticias\/por-causarle-la-muerte-a-una-nina-de-12-anos-en-medio-de-un-ataque-sicarial-alias-chango-debera-cumplir-medida-de-aseguramiento-en-centro-carcelario\/"},"wordCount":410,"publisher":{"@id":"https:\/\/www.fiscalia.gov.co\/colombia\/#organization"},"image":{"@id":"https:\/\/www.fiscalia.gov.co\/colombia\/noticias\/por-causarle-la-muerte-a-una-nina-de-12-anos-en-medio-de-un-ataque-sicarial-alias-chango-debera-cumplir-medida-de-aseguramiento-en-centro-carcelario\/#primaryimage"},"thumbnailUrl":"https:\/\/www.fiscalia.gov.co\/colombia\/wp-content\/uploads\/1b7d998d-a380-40a3-a687-8ecd5a3ad799-209x300.jpeg","keywords":["Aguachica","alias Chango","Arma de fuego","ataque sicarial","Captura","Carlos Andr\u00e9s Quintero Ovalle","centro asistencial","Cesar","comercio","CTI","cuerpo t\u00e9cnico de investigaci\u00f3n","disparos","Fiscal Luz Adriana Camargo","Fiscal\u00eda General de la Naci\u00f3n","Gaula Militar","Homicidio agravado","Judicializaci\u00f3n","juez de control de garant\u00edas","Medida de aseguramiento","ni\u00f1a de 12 a\u00f1os","proyectil","Tentativa de homicidio","V\u00edctima"],"articleSection":["Noticias"],"inLanguage":"es-CO"},{"@type":"WebPage","@id":"https:\/\/www.fiscalia.gov.co\/colombia\/noticias\/por-causarle-la-muerte-a-una-nina-de-12-anos-en-medio-de-un-ataque-sicarial-alias-chango-debera-cumplir-medida-de-aseguramiento-en-centro-carcelario\/","url":"https:\/\/www.fiscalia.gov.co\/colombia\/noticias\/por-causarle-la-muerte-a-una-nina-de-12-anos-en-medio-de-un-ataque-sicarial-alias-chango-debera-cumplir-medida-de-aseguramiento-en-centro-carcelario\/","name":"Fiscal\u00eda General de la Naci\u00f3n","isPartOf":{"@id":"https:\/\/www.fiscalia.gov.co\/colombia\/#website"},"primaryImageOfPage":{"@id":"https:\/\/www.fiscalia.gov.co\/colombia\/noticias\/por-causarle-la-muerte-a-una-nina-de-12-anos-en-medio-de-un-ataque-sicarial-alias-chango-debera-cumplir-medida-de-aseguramiento-en-centro-carcelario\/#primaryimage"},"image":{"@id":"https:\/\/www.fiscalia.gov.co\/colombia\/noticias\/por-causarle-la-muerte-a-una-nina-de-12-anos-en-medio-de-un-ataque-sicarial-alias-chango-debera-cumplir-medida-de-aseguramiento-en-centro-carcelario\/#primaryimage"},"thumbnailUrl":"https:\/\/www.fiscalia.gov.co\/colombia\/wp-content\/uploads\/1b7d998d-a380-40a3-a687-8ecd5a3ad799-209x300.jpeg","datePublished":"2025-02-23T13:18:12+00:00","dateModified":"2025-02-23T13:18:12+00:00","description":"P\u00e1gina oficial de la Fiscal\u00eda General de la Naci\u00f3n \u2013 Colombia. Garantizamos el acceso efectivo a la justicia, la verdad y la reparaci\u00f3n de las v\u00edctimas de los delitos.","breadcrumb":{"@id":"https:\/\/www.fiscalia.gov.co\/colombia\/noticias\/por-causarle-la-muerte-a-una-nina-de-12-anos-en-medio-de-un-ataque-sicarial-alias-chango-debera-cumplir-medida-de-aseguramiento-en-centro-carcelario\/#breadcrumb"},"inLanguage":"es-CO","potentialAction":[{"@type":"ReadAction","target":["https:\/\/www.fiscalia.gov.co\/colombia\/noticias\/por-causarle-la-muerte-a-una-nina-de-12-anos-en-medio-de-un-ataque-sicarial-alias-chango-debera-cumplir-medida-de-aseguramiento-en-centro-carcelario\/"]}]},{"@type":"ImageObject","inLanguage":"es-CO","@id":"https:\/\/www.fiscalia.gov.co\/colombia\/noticias\/por-causarle-la-muerte-a-una-nina-de-12-anos-en-medio-de-un-ataque-sicarial-alias-chango-debera-cumplir-medida-de-aseguramiento-en-centro-carcelario\/#primaryimage","url":"https:\/\/www.fiscalia.gov.co\/colombia\/wp-content\/uploads\/1b7d998d-a380-40a3-a687-8ecd5a3ad799.jpeg","contentUrl":"https:\/\/www.fiscalia.gov.co\/colombia\/wp-content\/uploads\/1b7d998d-a380-40a3-a687-8ecd5a3ad799.jpeg","width":1117,"height":1600,"caption":"Carlos Andr\u00e9s Quintero Ovalle, alias Chango, ser\u00eda el presunto responsable de ocasionarle la muerte a una ni\u00f1a de 12 a\u00f1os."},{"@type":"BreadcrumbList","@id":"https:\/\/www.fiscalia.gov.co\/colombia\/noticias\/por-causarle-la-muerte-a-una-nina-de-12-anos-en-medio-de-un-ataque-sicarial-alias-chango-debera-cumplir-medida-de-aseguramiento-en-centro-carcelario\/#breadcrumb","itemListElement":[{"@type":"ListItem","position":1,"name":"Home","item":"https:\/\/www.fiscalia.gov.co\/colombia\/"},{"@type":"ListItem","position":2,"name":"Por causarle la muerte a una ni\u00f1a de 12 a\u00f1os en medio de un ataque sicarial alias Chango deber\u00e1 cumplir medida de aseguramiento en centro carcelario"}]},{"@type":"WebSite","@id":"https:\/\/www.fiscalia.gov.co\/colombia\/#website","url":"https:\/\/www.fiscalia.gov.co\/colombia\/","name":"Fiscal\u00eda General de la Naci\u00f3n","description":"P\u00e1gina oficial de la Fiscal\u00eda General de la Naci\u00f3n \u2013 Colombia. Garantizamos el acceso efectivo a la justicia, la verdad y la reparaci\u00f3n de las v\u00edctimas de los delitos.","publisher":{"@id":"https:\/\/www.fiscalia.gov.co\/colombia\/#organization"},"potentialAction":[{"@type":"SearchAction","target":{"@type":"EntryPoint","urlTemplate":"https:\/\/www.fiscalia.gov.co\/colombia\/?s={search_term_string}"},"query-input":{"@type":"PropertyValueSpecification","valueRequired":true,"valueName":"search_term_string"}}],"inLanguage":"es-CO"},{"@type":"Organization","@id":"https:\/\/www.fiscalia.gov.co\/colombia\/#organization","name":"Fiscal\u00eda General de la Naci\u00f3n","url":"https:\/\/www.fiscalia.gov.co\/colombia\/","logo":{"@type":"ImageObject","inLanguage":"es-CO","@id":"https:\/\/www.fiscalia.gov.co\/colombia\/#\/schema\/logo\/image\/","url":"https:\/\/www.fiscalia.gov.co\/colombia\/wp-content\/uploads\/LogoHorizontal_1.jpg","contentUrl":"https:\/\/www.fiscalia.gov.co\/colombia\/wp-content\/uploads\/LogoHorizontal_1.jpg","width":300,"height":90,"caption":"Fiscal\u00eda General de la Naci\u00f3n"},"image":{"@id":"https:\/\/www.fiscalia.gov.co\/colombia\/#\/schema\/logo\/image\/"},"sameAs":["https:\/\/www.facebook.com\/FiscaliaCol","https:\/\/x.com\/FiscaliaCol","https:\/\/www.instagram.com\/fiscaliacol","https:\/\/www.linkedin.com\/company\/fiscalia-general-de-la-naci-n\/","https:\/\/youtube.com\/@fiscaliageneraldelanacion-4668?si=6nN79nyQICPU5iTh"]},{"@type":"Person","@id":"https:\/\/www.fiscalia.gov.co\/colombia\/#\/schema\/person\/66c172905e0492f1de6bbe5f93c4668f","name":"Paula Andrea Castillo Lenis","image":{"@type":"ImageObject","inLanguage":"es-CO","@id":"https:\/\/www.fiscalia.gov.co\/colombia\/#\/schema\/person\/image\/","url":"https:\/\/secure.gravatar.com\/avatar\/cb060d9561f2947c4102d1825739f868?s=96&d=mm&r=g","contentUrl":"https:\/\/secure.gravatar.com\/avatar\/cb060d9561f2947c4102d1825739f868?s=96&d=mm&r=g","caption":"Paula Andrea Castillo Lenis"},"url":"https:\/\/www.fiscalia.gov.co\/colombia\/author\/paula-castillo\/"}]}},"_links":{"self":[{"href":"https:\/\/www.fiscalia.gov.co\/colombia\/wp-json\/wp\/v2\/posts\/311111","targetHints":{"allow":["GET"]}}],"collection":[{"href":"https:\/\/www.fiscalia.gov.co\/colombia\/wp-json\/wp\/v2\/posts"}],"about":[{"href":"https:\/\/www.fiscalia.gov.co\/colombia\/wp-json\/wp\/v2\/types\/post"}],"author":[{"embeddable":true,"href":"https:\/\/www.fiscalia.gov.co\/colombia\/wp-json\/wp\/v2\/users\/182"}],"replies":[{"embeddable":true,"href":"https:\/\/www.fiscalia.gov.co\/colombia\/wp-json\/wp\/v2\/comments?post=311111"}],"version-history":[{"count":1,"href":"https:\/\/www.fiscalia.gov.co\/colombia\/wp-json\/wp\/v2\/posts\/311111\/revisions"}],"predecessor-version":[{"id":311113,"href":"https:\/\/www.fiscalia.gov.co\/colombia\/wp-json\/wp\/v2\/posts\/311111\/revisions\/311113"}],"wp:attachment":[{"href":"https:\/\/www.fiscalia.gov.co\/colombia\/wp-json\/wp\/v2\/media?parent=311111"}],"wp:term":[{"taxonomy":"category","embeddable":true,"href":"https:\/\/www.fiscalia.gov.co\/colombia\/wp-json\/wp\/v2\/categories?post=311111"},{"taxonomy":"post_tag","embeddable":true,"href":"https:\/\/www.fiscalia.gov.co\/colombia\/wp-json\/wp\/v2\/tags?post=311111"}],"curies":[{"name":"wp","href":"https:\/\/api.w.org\/{rel}","templated":true}]}}