{"id":311002,"date":"2025-02-20T11:55:21","date_gmt":"2025-02-20T16:55:21","guid":{"rendered":"https:\/\/www.fiscalia.gov.co\/colombia\/?p=311002"},"modified":"2025-02-20T11:55:21","modified_gmt":"2025-02-20T16:55:21","slug":"asegurada-una-presunta-responsable-de-extorsionar-a-trabajadoras-sexuales-en-el-centro-de-medellin","status":"publish","type":"post","link":"https:\/\/www.fiscalia.gov.co\/colombia\/noticias\/asegurada-una-presunta-responsable-de-extorsionar-a-trabajadoras-sexuales-en-el-centro-de-medellin\/","title":{"rendered":"Asegurada una presunta responsable de extorsionar a trabajadoras sexuales en el centro de Medell\u00edn"},"content":{"rendered":"<p>Por solicitud de la Fiscal\u00eda General de la Naci\u00f3n, un juez de control de garant\u00edas impuso medida de aseguramiento en centro carcelario contra Flor Enedis Bedoya Escobar, alias Mam\u00e1 Flor, como presunta responsable de los delitos de concierto para delinquir,\u00a0 extorsi\u00f3n y tentativa de\u00a0 extorsi\u00f3n, todas las conductas agravadas.<\/p>\n<figure id=\"attachment_311003\" aria-describedby=\"caption-attachment-311003\" style=\"width: 1600px\" class=\"wp-caption aligncenter\"><img loading=\"lazy\" decoding=\"async\" class=\"size-full wp-image-311003\" src=\"https:\/\/www.fiscalia.gov.co\/colombia\/wp-content\/uploads\/Flor-Enedis-Bedoya-Escobar-alias-Mama-Flor.jpg\" alt=\"En la imagen est\u00e1 la procesada con dos servidores del Gaula de la Polic\u00eda a los lados\u00a0\" width=\"1600\" height=\"874\" srcset=\"https:\/\/www.fiscalia.gov.co\/colombia\/wp-content\/uploads\/Flor-Enedis-Bedoya-Escobar-alias-Mama-Flor.jpg 1600w, https:\/\/www.fiscalia.gov.co\/colombia\/wp-content\/uploads\/Flor-Enedis-Bedoya-Escobar-alias-Mama-Flor-300x164.jpg 300w, https:\/\/www.fiscalia.gov.co\/colombia\/wp-content\/uploads\/Flor-Enedis-Bedoya-Escobar-alias-Mama-Flor-1024x559.jpg 1024w, https:\/\/www.fiscalia.gov.co\/colombia\/wp-content\/uploads\/Flor-Enedis-Bedoya-Escobar-alias-Mama-Flor-768x420.jpg 768w, https:\/\/www.fiscalia.gov.co\/colombia\/wp-content\/uploads\/Flor-Enedis-Bedoya-Escobar-alias-Mama-Flor-1536x839.jpg 1536w, https:\/\/www.fiscalia.gov.co\/colombia\/wp-content\/uploads\/Flor-Enedis-Bedoya-Escobar-alias-Mama-Flor-769x420.jpg 769w, https:\/\/www.fiscalia.gov.co\/colombia\/wp-content\/uploads\/Flor-Enedis-Bedoya-Escobar-alias-Mama-Flor-696x380.jpg 696w, https:\/\/www.fiscalia.gov.co\/colombia\/wp-content\/uploads\/Flor-Enedis-Bedoya-Escobar-alias-Mama-Flor-1068x583.jpg 1068w\" sizes=\"auto, (max-width: 1600px) 100vw, 1600px\" \/><figcaption id=\"caption-attachment-311003\" class=\"wp-caption-text\">Alias mam\u00e1 Flor, presunta responsable de cobro de extorsiones a trabajadoras sexuales en el sector La Veracruz de Medell\u00edn<\/figcaption><\/figure>\n<p>De acuerdo con la investigaci\u00f3n, \u2018Mam\u00e1 Flor\u2019 es presunta integrante del grupo delincuencial denominado La Veracruz, que delinque en la Comuna 10 de Medell\u00edn y se dedica a las extorsiones a\u00a0 trabajadoras sexuales, vendedores ambulantes, adem\u00e1s de establecimientos de comercio y hoteles.\u00a0 Tambi\u00e9n estar\u00edan involucrados en el tr\u00e1fico local de estupefacientes como fuente de financiaci\u00f3n de la estructura criminal.<\/p>\n<p>Un fiscal Gaula de Medell\u00edn evidenci\u00f3 que, entre agosto de 2022 y diciembre de 2023, varias trabajadoras sexuales fueron abordadas por integrantes de este grupo delincuencial, quienes, al parecer, les exigieron sumas de 50.000 a 100.000 pesos semanales, a cambio de permitirles trabajar en la zona.<\/p>\n<p>\u2018Mam\u00e1 Flor\u2019 ser\u00eda la encargada de realizar los cobros en la Plaza Botero y el sector La Veracruz, all\u00ed golpeaba a sus v\u00edctimas, para presionar el pago; adem\u00e1s, informaba al resto de la organizaci\u00f3n sobre la presencia de la Fuerza P\u00fablica.<\/p>\n<p>Bedoya Escobar fue capturada por la Polic\u00eda Nacional en v\u00eda p\u00fablica del barrio Enciso de Medell\u00edn. Durante las audiencias preliminares, la mujer no acept\u00f3 los cargos imputados.<\/p>\n<p>&nbsp;<\/p>\n<p>NAMT\/GAV\/LMFO\/AMCJ\/<\/p>\n<p>&nbsp;<\/p>\n<p><em>La informaci\u00f3n contenida en este bolet\u00edn de prensa corresponde a la narraci\u00f3n de los hechos noticiosos objetivos, suministrados por los funcionarios encargados de adelantar las investigaciones penales al interior de la Fiscal\u00eda General de la Naci\u00f3n. Para el momento de la divulgaci\u00f3n de este comunicado, la situaci\u00f3n jur\u00eddica de la(s) persona(s) relacionada(s) se encuentra pendiente de resolver por la autoridad judicial competente, siempre bajo los preceptos de la presunci\u00f3n de inocencia, consagrados en el art\u00edculo 29 de la Constituci\u00f3n Pol\u00edtica y el art\u00edculo 7\u00ba de la Ley 906 de 2004.<\/em><\/p>\n<p>&nbsp;<\/p>\n<p>&nbsp;<\/p>\n\n<div class=\"twitter-share\"><a href=\"https:\/\/twitter.com\/intent\/tweet?via=fiscaliacol\" class=\"twitter-share-button\">Tweet<\/a><\/div>\n","protected":false},"excerpt":{"rendered":"<p>Por solicitud de la Fiscal\u00eda General de la Naci\u00f3n, un juez de control de garant\u00edas impuso medida de aseguramiento en centro carcelario contra Flor Enedis Bedoya Escobar, alias Mam\u00e1 Flor, [&hellip;]<\/p>\n","protected":false},"author":175,"featured_media":0,"comment_status":"closed","ping_status":"open","sticky":false,"template":"","format":"standard","meta":{"tdm_status":"","tdm_grid_status":"","footnotes":""},"categories":[1,331,24099],"tags":[40229,35460,40228,37491,37514,26597,40230],"class_list":["post-311002","post","type-post","status-publish","format-standard","category-noticias","category-seccional-medellin","category-seguridad-territorial","tag-alias-mama-flor","tag-comuna-10-de-medellin","tag-extorsion-a-trabajadoras-sexuales","tag-fiscal-camargo","tag-fiscal-general-luz-adriana-camargo","tag-gaula-de-la-policia-nacional","tag-gdco-la-veracruz"],"yoast_head":"<!-- This site is optimized with the Yoast SEO plugin v24.3 - https:\/\/yoast.com\/wordpress\/plugins\/seo\/ -->\n<title>Fiscal\u00eda General de la Naci\u00f3n<\/title>\n<meta name=\"description\" content=\"P\u00e1gina oficial de la Fiscal\u00eda General de la Naci\u00f3n \u2013 Colombia. Garantizamos el acceso efectivo a la justicia, la verdad y la reparaci\u00f3n de las v\u00edctimas de los delitos.\" \/>\n<meta name=\"robots\" content=\"noindex, follow\" \/>\n<meta property=\"og:locale\" content=\"es_ES\" \/>\n<meta property=\"og:type\" content=\"article\" \/>\n<meta property=\"og:title\" content=\"Fiscal\u00eda General de la Naci\u00f3n\" \/>\n<meta property=\"og:description\" content=\"P\u00e1gina oficial de la Fiscal\u00eda General de la Naci\u00f3n \u2013 Colombia. Garantizamos el acceso efectivo a la justicia, la verdad y la reparaci\u00f3n de las v\u00edctimas de los delitos.\" \/>\n<meta property=\"og:url\" content=\"https:\/\/www.fiscalia.gov.co\/colombia\/noticias\/asegurada-una-presunta-responsable-de-extorsionar-a-trabajadoras-sexuales-en-el-centro-de-medellin\/\" \/>\n<meta property=\"og:site_name\" content=\"Fiscal\u00eda General de la Naci\u00f3n\" \/>\n<meta property=\"article:publisher\" content=\"https:\/\/www.facebook.com\/FiscaliaCol\" \/>\n<meta property=\"article:published_time\" content=\"2025-02-20T16:55:21+00:00\" \/>\n<meta property=\"og:image\" content=\"https:\/\/www.fiscalia.gov.co\/colombia\/wp-content\/uploads\/Flor-Enedis-Bedoya-Escobar-alias-Mama-Flor.jpg\" \/>\n\t<meta property=\"og:image:width\" content=\"1600\" \/>\n\t<meta property=\"og:image:height\" content=\"874\" \/>\n\t<meta property=\"og:image:type\" content=\"image\/jpeg\" \/>\n<meta name=\"author\" content=\"Katherine Loaiza Mart\u00ednez\" \/>\n<meta name=\"twitter:card\" content=\"summary_large_image\" \/>\n<meta name=\"twitter:creator\" content=\"@FiscaliaCol\" \/>\n<meta name=\"twitter:site\" content=\"@FiscaliaCol\" \/>\n<meta name=\"twitter:label1\" content=\"Escrito por\" \/>\n\t<meta name=\"twitter:data1\" content=\"Katherine Loaiza Mart\u00ednez\" \/>\n\t<meta name=\"twitter:label2\" content=\"Tiempo de lectura\" \/>\n\t<meta name=\"twitter:data2\" content=\"2 minutos\" \/>\n<script type=\"application\/ld+json\" class=\"yoast-schema-graph\">{\"@context\":\"https:\/\/schema.org\",\"@graph\":[{\"@type\":\"Article\",\"@id\":\"https:\/\/www.fiscalia.gov.co\/colombia\/noticias\/asegurada-una-presunta-responsable-de-extorsionar-a-trabajadoras-sexuales-en-el-centro-de-medellin\/#article\",\"isPartOf\":{\"@id\":\"https:\/\/www.fiscalia.gov.co\/colombia\/noticias\/asegurada-una-presunta-responsable-de-extorsionar-a-trabajadoras-sexuales-en-el-centro-de-medellin\/\"},\"author\":{\"name\":\"Katherine Loaiza Mart\u00ednez\",\"@id\":\"https:\/\/www.fiscalia.gov.co\/colombia\/#\/schema\/person\/2e76b9aba5ecf875ed565ce4de0e0415\"},\"headline\":\"Asegurada una presunta responsable de extorsionar a trabajadoras sexuales en el centro de Medell\u00edn\",\"datePublished\":\"2025-02-20T16:55:21+00:00\",\"dateModified\":\"2025-02-20T16:55:21+00:00\",\"mainEntityOfPage\":{\"@id\":\"https:\/\/www.fiscalia.gov.co\/colombia\/noticias\/asegurada-una-presunta-responsable-de-extorsionar-a-trabajadoras-sexuales-en-el-centro-de-medellin\/\"},\"wordCount\":391,\"publisher\":{\"@id\":\"https:\/\/www.fiscalia.gov.co\/colombia\/#organization\"},\"image\":{\"@id\":\"https:\/\/www.fiscalia.gov.co\/colombia\/noticias\/asegurada-una-presunta-responsable-de-extorsionar-a-trabajadoras-sexuales-en-el-centro-de-medellin\/#primaryimage\"},\"thumbnailUrl\":\"https:\/\/www.fiscalia.gov.co\/colombia\/wp-content\/uploads\/Flor-Enedis-Bedoya-Escobar-alias-Mama-Flor.jpg\",\"keywords\":[\"alias Mama Flor\",\"Comuna 10 de Medell\u00edn\",\"Extorsi\u00f3n a trabajadoras sexuales\",\"fiscal Camargo\",\"Fiscal General Luz Adriana Camargo\",\"GAULA DE LA POLIC\u00cdA NACIONAL\",\"GDCO La Veracruz\"],\"articleSection\":[\"Noticias\",\"Seccional Medell\u00edn\",\"Seguridad territorial\"],\"inLanguage\":\"es-CO\"},{\"@type\":\"WebPage\",\"@id\":\"https:\/\/www.fiscalia.gov.co\/colombia\/noticias\/asegurada-una-presunta-responsable-de-extorsionar-a-trabajadoras-sexuales-en-el-centro-de-medellin\/\",\"url\":\"https:\/\/www.fiscalia.gov.co\/colombia\/noticias\/asegurada-una-presunta-responsable-de-extorsionar-a-trabajadoras-sexuales-en-el-centro-de-medellin\/\",\"name\":\"Fiscal\u00eda General de la Naci\u00f3n\",\"isPartOf\":{\"@id\":\"https:\/\/www.fiscalia.gov.co\/colombia\/#website\"},\"primaryImageOfPage\":{\"@id\":\"https:\/\/www.fiscalia.gov.co\/colombia\/noticias\/asegurada-una-presunta-responsable-de-extorsionar-a-trabajadoras-sexuales-en-el-centro-de-medellin\/#primaryimage\"},\"image\":{\"@id\":\"https:\/\/www.fiscalia.gov.co\/colombia\/noticias\/asegurada-una-presunta-responsable-de-extorsionar-a-trabajadoras-sexuales-en-el-centro-de-medellin\/#primaryimage\"},\"thumbnailUrl\":\"https:\/\/www.fiscalia.gov.co\/colombia\/wp-content\/uploads\/Flor-Enedis-Bedoya-Escobar-alias-Mama-Flor.jpg\",\"datePublished\":\"2025-02-20T16:55:21+00:00\",\"dateModified\":\"2025-02-20T16:55:21+00:00\",\"description\":\"P\u00e1gina oficial de la Fiscal\u00eda General de la Naci\u00f3n \u2013 Colombia. Garantizamos el acceso efectivo a la justicia, la verdad y la reparaci\u00f3n de las v\u00edctimas de los delitos.\",\"breadcrumb\":{\"@id\":\"https:\/\/www.fiscalia.gov.co\/colombia\/noticias\/asegurada-una-presunta-responsable-de-extorsionar-a-trabajadoras-sexuales-en-el-centro-de-medellin\/#breadcrumb\"},\"inLanguage\":\"es-CO\",\"potentialAction\":[{\"@type\":\"ReadAction\",\"target\":[\"https:\/\/www.fiscalia.gov.co\/colombia\/noticias\/asegurada-una-presunta-responsable-de-extorsionar-a-trabajadoras-sexuales-en-el-centro-de-medellin\/\"]}]},{\"@type\":\"ImageObject\",\"inLanguage\":\"es-CO\",\"@id\":\"https:\/\/www.fiscalia.gov.co\/colombia\/noticias\/asegurada-una-presunta-responsable-de-extorsionar-a-trabajadoras-sexuales-en-el-centro-de-medellin\/#primaryimage\",\"url\":\"https:\/\/www.fiscalia.gov.co\/colombia\/wp-content\/uploads\/Flor-Enedis-Bedoya-Escobar-alias-Mama-Flor.jpg\",\"contentUrl\":\"https:\/\/www.fiscalia.gov.co\/colombia\/wp-content\/uploads\/Flor-Enedis-Bedoya-Escobar-alias-Mama-Flor.jpg\",\"width\":1600,\"height\":874,\"caption\":\"\u00a0Alias mam\u00e1 Flor, presunta responsable de cobro de extorsiones a trabajadoras sexuales en el sector La Veracruz de Medell\u00edn\"},{\"@type\":\"BreadcrumbList\",\"@id\":\"https:\/\/www.fiscalia.gov.co\/colombia\/noticias\/asegurada-una-presunta-responsable-de-extorsionar-a-trabajadoras-sexuales-en-el-centro-de-medellin\/#breadcrumb\",\"itemListElement\":[{\"@type\":\"ListItem\",\"position\":1,\"name\":\"Home\",\"item\":\"https:\/\/www.fiscalia.gov.co\/colombia\/\"},{\"@type\":\"ListItem\",\"position\":2,\"name\":\"Asegurada una presunta responsable de extorsionar a trabajadoras sexuales en el centro de Medell\u00edn\"}]},{\"@type\":\"WebSite\",\"@id\":\"https:\/\/www.fiscalia.gov.co\/colombia\/#website\",\"url\":\"https:\/\/www.fiscalia.gov.co\/colombia\/\",\"name\":\"Fiscal\u00eda General de la Naci\u00f3n\",\"description\":\"P\u00e1gina oficial de la Fiscal\u00eda General de la Naci\u00f3n \u2013 Colombia. Garantizamos el acceso efectivo a la justicia, la verdad y la reparaci\u00f3n de las v\u00edctimas de los delitos.\",\"publisher\":{\"@id\":\"https:\/\/www.fiscalia.gov.co\/colombia\/#organization\"},\"potentialAction\":[{\"@type\":\"SearchAction\",\"target\":{\"@type\":\"EntryPoint\",\"urlTemplate\":\"https:\/\/www.fiscalia.gov.co\/colombia\/?s={search_term_string}\"},\"query-input\":{\"@type\":\"PropertyValueSpecification\",\"valueRequired\":true,\"valueName\":\"search_term_string\"}}],\"inLanguage\":\"es-CO\"},{\"@type\":\"Organization\",\"@id\":\"https:\/\/www.fiscalia.gov.co\/colombia\/#organization\",\"name\":\"Fiscal\u00eda General de la Naci\u00f3n\",\"url\":\"https:\/\/www.fiscalia.gov.co\/colombia\/\",\"logo\":{\"@type\":\"ImageObject\",\"inLanguage\":\"es-CO\",\"@id\":\"https:\/\/www.fiscalia.gov.co\/colombia\/#\/schema\/logo\/image\/\",\"url\":\"https:\/\/www.fiscalia.gov.co\/colombia\/wp-content\/uploads\/LogoHorizontal_1.jpg\",\"contentUrl\":\"https:\/\/www.fiscalia.gov.co\/colombia\/wp-content\/uploads\/LogoHorizontal_1.jpg\",\"width\":300,\"height\":90,\"caption\":\"Fiscal\u00eda General de la Naci\u00f3n\"},\"image\":{\"@id\":\"https:\/\/www.fiscalia.gov.co\/colombia\/#\/schema\/logo\/image\/\"},\"sameAs\":[\"https:\/\/www.facebook.com\/FiscaliaCol\",\"https:\/\/x.com\/FiscaliaCol\",\"https:\/\/www.instagram.com\/fiscaliacol\",\"https:\/\/www.linkedin.com\/company\/fiscalia-general-de-la-naci-n\/\",\"https:\/\/youtube.com\/@fiscaliageneraldelanacion-4668?si=6nN79nyQICPU5iTh\"]},{\"@type\":\"Person\",\"@id\":\"https:\/\/www.fiscalia.gov.co\/colombia\/#\/schema\/person\/2e76b9aba5ecf875ed565ce4de0e0415\",\"name\":\"Katherine Loaiza Mart\u00ednez\",\"image\":{\"@type\":\"ImageObject\",\"inLanguage\":\"es-CO\",\"@id\":\"https:\/\/www.fiscalia.gov.co\/colombia\/#\/schema\/person\/image\/\",\"url\":\"https:\/\/secure.gravatar.com\/avatar\/ab775a2f394c1b83b6d6f78680e57b50?s=96&d=mm&r=g\",\"contentUrl\":\"https:\/\/secure.gravatar.com\/avatar\/ab775a2f394c1b83b6d6f78680e57b50?s=96&d=mm&r=g\",\"caption\":\"Katherine Loaiza Mart\u00ednez\"},\"url\":\"https:\/\/www.fiscalia.gov.co\/colombia\/author\/kloaiza\/\"}]}<\/script>\n<!-- \/ Yoast SEO plugin. -->","yoast_head_json":{"title":"Fiscal\u00eda General de la Naci\u00f3n","description":"P\u00e1gina oficial de la Fiscal\u00eda General de la Naci\u00f3n \u2013 Colombia. Garantizamos el acceso efectivo a la justicia, la verdad y la reparaci\u00f3n de las v\u00edctimas de los delitos.","robots":{"index":"noindex","follow":"follow"},"og_locale":"es_ES","og_type":"article","og_title":"Fiscal\u00eda General de la Naci\u00f3n","og_description":"P\u00e1gina oficial de la Fiscal\u00eda General de la Naci\u00f3n \u2013 Colombia. Garantizamos el acceso efectivo a la justicia, la verdad y la reparaci\u00f3n de las v\u00edctimas de los delitos.","og_url":"https:\/\/www.fiscalia.gov.co\/colombia\/noticias\/asegurada-una-presunta-responsable-de-extorsionar-a-trabajadoras-sexuales-en-el-centro-de-medellin\/","og_site_name":"Fiscal\u00eda General de la Naci\u00f3n","article_publisher":"https:\/\/www.facebook.com\/FiscaliaCol","article_published_time":"2025-02-20T16:55:21+00:00","og_image":[{"width":1600,"height":874,"url":"https:\/\/www.fiscalia.gov.co\/colombia\/wp-content\/uploads\/Flor-Enedis-Bedoya-Escobar-alias-Mama-Flor.jpg","type":"image\/jpeg"}],"author":"Katherine Loaiza Mart\u00ednez","twitter_card":"summary_large_image","twitter_creator":"@FiscaliaCol","twitter_site":"@FiscaliaCol","twitter_misc":{"Escrito por":"Katherine Loaiza Mart\u00ednez","Tiempo de lectura":"2 minutos"},"schema":{"@context":"https:\/\/schema.org","@graph":[{"@type":"Article","@id":"https:\/\/www.fiscalia.gov.co\/colombia\/noticias\/asegurada-una-presunta-responsable-de-extorsionar-a-trabajadoras-sexuales-en-el-centro-de-medellin\/#article","isPartOf":{"@id":"https:\/\/www.fiscalia.gov.co\/colombia\/noticias\/asegurada-una-presunta-responsable-de-extorsionar-a-trabajadoras-sexuales-en-el-centro-de-medellin\/"},"author":{"name":"Katherine Loaiza Mart\u00ednez","@id":"https:\/\/www.fiscalia.gov.co\/colombia\/#\/schema\/person\/2e76b9aba5ecf875ed565ce4de0e0415"},"headline":"Asegurada una presunta responsable de extorsionar a trabajadoras sexuales en el centro de Medell\u00edn","datePublished":"2025-02-20T16:55:21+00:00","dateModified":"2025-02-20T16:55:21+00:00","mainEntityOfPage":{"@id":"https:\/\/www.fiscalia.gov.co\/colombia\/noticias\/asegurada-una-presunta-responsable-de-extorsionar-a-trabajadoras-sexuales-en-el-centro-de-medellin\/"},"wordCount":391,"publisher":{"@id":"https:\/\/www.fiscalia.gov.co\/colombia\/#organization"},"image":{"@id":"https:\/\/www.fiscalia.gov.co\/colombia\/noticias\/asegurada-una-presunta-responsable-de-extorsionar-a-trabajadoras-sexuales-en-el-centro-de-medellin\/#primaryimage"},"thumbnailUrl":"https:\/\/www.fiscalia.gov.co\/colombia\/wp-content\/uploads\/Flor-Enedis-Bedoya-Escobar-alias-Mama-Flor.jpg","keywords":["alias Mama Flor","Comuna 10 de Medell\u00edn","Extorsi\u00f3n a trabajadoras sexuales","fiscal Camargo","Fiscal General Luz Adriana Camargo","GAULA DE LA POLIC\u00cdA NACIONAL","GDCO La Veracruz"],"articleSection":["Noticias","Seccional Medell\u00edn","Seguridad territorial"],"inLanguage":"es-CO"},{"@type":"WebPage","@id":"https:\/\/www.fiscalia.gov.co\/colombia\/noticias\/asegurada-una-presunta-responsable-de-extorsionar-a-trabajadoras-sexuales-en-el-centro-de-medellin\/","url":"https:\/\/www.fiscalia.gov.co\/colombia\/noticias\/asegurada-una-presunta-responsable-de-extorsionar-a-trabajadoras-sexuales-en-el-centro-de-medellin\/","name":"Fiscal\u00eda General de la Naci\u00f3n","isPartOf":{"@id":"https:\/\/www.fiscalia.gov.co\/colombia\/#website"},"primaryImageOfPage":{"@id":"https:\/\/www.fiscalia.gov.co\/colombia\/noticias\/asegurada-una-presunta-responsable-de-extorsionar-a-trabajadoras-sexuales-en-el-centro-de-medellin\/#primaryimage"},"image":{"@id":"https:\/\/www.fiscalia.gov.co\/colombia\/noticias\/asegurada-una-presunta-responsable-de-extorsionar-a-trabajadoras-sexuales-en-el-centro-de-medellin\/#primaryimage"},"thumbnailUrl":"https:\/\/www.fiscalia.gov.co\/colombia\/wp-content\/uploads\/Flor-Enedis-Bedoya-Escobar-alias-Mama-Flor.jpg","datePublished":"2025-02-20T16:55:21+00:00","dateModified":"2025-02-20T16:55:21+00:00","description":"P\u00e1gina oficial de la Fiscal\u00eda General de la Naci\u00f3n \u2013 Colombia. Garantizamos el acceso efectivo a la justicia, la verdad y la reparaci\u00f3n de las v\u00edctimas de los delitos.","breadcrumb":{"@id":"https:\/\/www.fiscalia.gov.co\/colombia\/noticias\/asegurada-una-presunta-responsable-de-extorsionar-a-trabajadoras-sexuales-en-el-centro-de-medellin\/#breadcrumb"},"inLanguage":"es-CO","potentialAction":[{"@type":"ReadAction","target":["https:\/\/www.fiscalia.gov.co\/colombia\/noticias\/asegurada-una-presunta-responsable-de-extorsionar-a-trabajadoras-sexuales-en-el-centro-de-medellin\/"]}]},{"@type":"ImageObject","inLanguage":"es-CO","@id":"https:\/\/www.fiscalia.gov.co\/colombia\/noticias\/asegurada-una-presunta-responsable-de-extorsionar-a-trabajadoras-sexuales-en-el-centro-de-medellin\/#primaryimage","url":"https:\/\/www.fiscalia.gov.co\/colombia\/wp-content\/uploads\/Flor-Enedis-Bedoya-Escobar-alias-Mama-Flor.jpg","contentUrl":"https:\/\/www.fiscalia.gov.co\/colombia\/wp-content\/uploads\/Flor-Enedis-Bedoya-Escobar-alias-Mama-Flor.jpg","width":1600,"height":874,"caption":"\u00a0Alias mam\u00e1 Flor, presunta responsable de cobro de extorsiones a trabajadoras sexuales en el sector La Veracruz de Medell\u00edn"},{"@type":"BreadcrumbList","@id":"https:\/\/www.fiscalia.gov.co\/colombia\/noticias\/asegurada-una-presunta-responsable-de-extorsionar-a-trabajadoras-sexuales-en-el-centro-de-medellin\/#breadcrumb","itemListElement":[{"@type":"ListItem","position":1,"name":"Home","item":"https:\/\/www.fiscalia.gov.co\/colombia\/"},{"@type":"ListItem","position":2,"name":"Asegurada una presunta responsable de extorsionar a trabajadoras sexuales en el centro de Medell\u00edn"}]},{"@type":"WebSite","@id":"https:\/\/www.fiscalia.gov.co\/colombia\/#website","url":"https:\/\/www.fiscalia.gov.co\/colombia\/","name":"Fiscal\u00eda General de la Naci\u00f3n","description":"P\u00e1gina oficial de la Fiscal\u00eda General de la Naci\u00f3n \u2013 Colombia. Garantizamos el acceso efectivo a la justicia, la verdad y la reparaci\u00f3n de las v\u00edctimas de los delitos.","publisher":{"@id":"https:\/\/www.fiscalia.gov.co\/colombia\/#organization"},"potentialAction":[{"@type":"SearchAction","target":{"@type":"EntryPoint","urlTemplate":"https:\/\/www.fiscalia.gov.co\/colombia\/?s={search_term_string}"},"query-input":{"@type":"PropertyValueSpecification","valueRequired":true,"valueName":"search_term_string"}}],"inLanguage":"es-CO"},{"@type":"Organization","@id":"https:\/\/www.fiscalia.gov.co\/colombia\/#organization","name":"Fiscal\u00eda General de la Naci\u00f3n","url":"https:\/\/www.fiscalia.gov.co\/colombia\/","logo":{"@type":"ImageObject","inLanguage":"es-CO","@id":"https:\/\/www.fiscalia.gov.co\/colombia\/#\/schema\/logo\/image\/","url":"https:\/\/www.fiscalia.gov.co\/colombia\/wp-content\/uploads\/LogoHorizontal_1.jpg","contentUrl":"https:\/\/www.fiscalia.gov.co\/colombia\/wp-content\/uploads\/LogoHorizontal_1.jpg","width":300,"height":90,"caption":"Fiscal\u00eda General de la Naci\u00f3n"},"image":{"@id":"https:\/\/www.fiscalia.gov.co\/colombia\/#\/schema\/logo\/image\/"},"sameAs":["https:\/\/www.facebook.com\/FiscaliaCol","https:\/\/x.com\/FiscaliaCol","https:\/\/www.instagram.com\/fiscaliacol","https:\/\/www.linkedin.com\/company\/fiscalia-general-de-la-naci-n\/","https:\/\/youtube.com\/@fiscaliageneraldelanacion-4668?si=6nN79nyQICPU5iTh"]},{"@type":"Person","@id":"https:\/\/www.fiscalia.gov.co\/colombia\/#\/schema\/person\/2e76b9aba5ecf875ed565ce4de0e0415","name":"Katherine Loaiza Mart\u00ednez","image":{"@type":"ImageObject","inLanguage":"es-CO","@id":"https:\/\/www.fiscalia.gov.co\/colombia\/#\/schema\/person\/image\/","url":"https:\/\/secure.gravatar.com\/avatar\/ab775a2f394c1b83b6d6f78680e57b50?s=96&d=mm&r=g","contentUrl":"https:\/\/secure.gravatar.com\/avatar\/ab775a2f394c1b83b6d6f78680e57b50?s=96&d=mm&r=g","caption":"Katherine Loaiza Mart\u00ednez"},"url":"https:\/\/www.fiscalia.gov.co\/colombia\/author\/kloaiza\/"}]}},"_links":{"self":[{"href":"https:\/\/www.fiscalia.gov.co\/colombia\/wp-json\/wp\/v2\/posts\/311002","targetHints":{"allow":["GET"]}}],"collection":[{"href":"https:\/\/www.fiscalia.gov.co\/colombia\/wp-json\/wp\/v2\/posts"}],"about":[{"href":"https:\/\/www.fiscalia.gov.co\/colombia\/wp-json\/wp\/v2\/types\/post"}],"author":[{"embeddable":true,"href":"https:\/\/www.fiscalia.gov.co\/colombia\/wp-json\/wp\/v2\/users\/175"}],"replies":[{"embeddable":true,"href":"https:\/\/www.fiscalia.gov.co\/colombia\/wp-json\/wp\/v2\/comments?post=311002"}],"version-history":[{"count":1,"href":"https:\/\/www.fiscalia.gov.co\/colombia\/wp-json\/wp\/v2\/posts\/311002\/revisions"}],"predecessor-version":[{"id":311004,"href":"https:\/\/www.fiscalia.gov.co\/colombia\/wp-json\/wp\/v2\/posts\/311002\/revisions\/311004"}],"wp:attachment":[{"href":"https:\/\/www.fiscalia.gov.co\/colombia\/wp-json\/wp\/v2\/media?parent=311002"}],"wp:term":[{"taxonomy":"category","embeddable":true,"href":"https:\/\/www.fiscalia.gov.co\/colombia\/wp-json\/wp\/v2\/categories?post=311002"},{"taxonomy":"post_tag","embeddable":true,"href":"https:\/\/www.fiscalia.gov.co\/colombia\/wp-json\/wp\/v2\/tags?post=311002"}],"curies":[{"name":"wp","href":"https:\/\/api.w.org\/{rel}","templated":true}]}}