{"id":310927,"date":"2025-02-19T14:39:10","date_gmt":"2025-02-19T19:39:10","guid":{"rendered":"https:\/\/www.fiscalia.gov.co\/colombia\/?p=310927"},"modified":"2025-02-19T14:39:10","modified_gmt":"2025-02-19T19:39:10","slug":"en-arauca-fueron-judicializados-presuntos-responsables-de-agresiones-a-mujeres","status":"publish","type":"post","link":"https:\/\/www.fiscalia.gov.co\/colombia\/noticias\/en-arauca-fueron-judicializados-presuntos-responsables-de-agresiones-a-mujeres\/","title":{"rendered":"En Arauca fueron judicializados presuntos responsables de agresiones a mujeres"},"content":{"rendered":"<p>La Fiscal\u00eda General de la Naci\u00f3n logr\u00f3 la captura y judicializaci\u00f3n de t<strong>res hombres que estar\u00edan involucrados en\u00a0<\/strong><a href=\"https:\/\/www.fiscalia.gov.co\/colombia\/noticias\/en-arauca-judicializado-presunto-responsable-de-agredir-sexualmente-a-dos-menores-de-edad\/\"><strong>graves<\/strong><\/a><strong>\u00a0afectaciones a mujeres, registradas en hechos distintos, en Arauca y Arauquita. A los procesados les fue impuesta\u00a0 medida de aseguramiento en centro carcelario.\u00a0<\/strong><\/p>\n<p><strong>Tentativa de feminicidio<\/strong><\/p>\n<p>La Fiscal\u00eda present\u00f3 ante un juez de control de garant\u00edas a un hombre que el 8 de agosto de\u00a0 2022, en el corregimiento de Puerto Rond\u00f3n Arauquita (Arauca),<strong>\u00a0habr\u00eda atacado con un arma cortopunzante a su excompa\u00f1era sentimental que se encontraba en estado de embarazo, caus\u00e1ndole heridas de gravedad.<\/strong>\u00a0 Esta persona fue capturada en un puesto de registro y control de la Polic\u00eda Nacional entre Saravena y Arauca y un fiscal seccional le imput\u00f3 el delito de tentativa de feminicidio.<\/p>\n<figure id=\"attachment_310931\" aria-describedby=\"caption-attachment-310931\" style=\"width: 1520px\" class=\"wp-caption aligncenter\"><img loading=\"lazy\" decoding=\"async\" class=\"size-full wp-image-310931\" src=\"https:\/\/www.fiscalia.gov.co\/colombia\/wp-content\/uploads\/judicializado-por-tentativa-de-femincidio.jpeg\" alt=\"Se observa al capturado de espaldas junto a dos uniformados de la Polic\u00eda Nacional. Detr\u00e1s de ellos el banner que identifica a la Polic\u00eda Nacional.\" width=\"1520\" height=\"1242\" srcset=\"https:\/\/www.fiscalia.gov.co\/colombia\/wp-content\/uploads\/judicializado-por-tentativa-de-femincidio.jpeg 1520w, https:\/\/www.fiscalia.gov.co\/colombia\/wp-content\/uploads\/judicializado-por-tentativa-de-femincidio-300x245.jpeg 300w, https:\/\/www.fiscalia.gov.co\/colombia\/wp-content\/uploads\/judicializado-por-tentativa-de-femincidio-1024x837.jpeg 1024w, https:\/\/www.fiscalia.gov.co\/colombia\/wp-content\/uploads\/judicializado-por-tentativa-de-femincidio-768x628.jpeg 768w, https:\/\/www.fiscalia.gov.co\/colombia\/wp-content\/uploads\/judicializado-por-tentativa-de-femincidio-514x420.jpeg 514w, https:\/\/www.fiscalia.gov.co\/colombia\/wp-content\/uploads\/judicializado-por-tentativa-de-femincidio-696x569.jpeg 696w, https:\/\/www.fiscalia.gov.co\/colombia\/wp-content\/uploads\/judicializado-por-tentativa-de-femincidio-1068x873.jpeg 1068w\" sizes=\"auto, (max-width: 1520px) 100vw, 1520px\" \/><figcaption id=\"caption-attachment-310931\" class=\"wp-caption-text\">El hombre habr\u00eda agredido a su excompa\u00f1era sentimental en Arauquita, fue enviado a la c\u00e1rcel por tentativa de feminicidio<\/figcaption><\/figure>\n<p>&nbsp;<\/p>\n<p><strong>Violencia intrafamiliar<\/strong><\/p>\n<figure id=\"attachment_310929\" aria-describedby=\"caption-attachment-310929\" style=\"width: 210px\" class=\"wp-caption alignleft\"><img loading=\"lazy\" decoding=\"async\" class=\"wp-image-310929 size-medium\" src=\"https:\/\/www.fiscalia.gov.co\/colombia\/wp-content\/uploads\/judicializado-por-violencia-intrafamiliar-agravada-210x300.jpeg\" alt=\"\u00a0Se observa al capturado con el rostro difuminado junto a un uniformado de la Polic\u00eda Nacional. Detr\u00e1s de ellos el banner que identifica a la Fiscal\u00eda General de la Naci\u00f3n.\" width=\"210\" height=\"300\" srcset=\"https:\/\/www.fiscalia.gov.co\/colombia\/wp-content\/uploads\/judicializado-por-violencia-intrafamiliar-agravada-210x300.jpeg 210w, https:\/\/www.fiscalia.gov.co\/colombia\/wp-content\/uploads\/judicializado-por-violencia-intrafamiliar-agravada-718x1024.jpeg 718w, https:\/\/www.fiscalia.gov.co\/colombia\/wp-content\/uploads\/judicializado-por-violencia-intrafamiliar-agravada-768x1095.jpeg 768w, https:\/\/www.fiscalia.gov.co\/colombia\/wp-content\/uploads\/judicializado-por-violencia-intrafamiliar-agravada-295x420.jpeg 295w, https:\/\/www.fiscalia.gov.co\/colombia\/wp-content\/uploads\/judicializado-por-violencia-intrafamiliar-agravada-696x992.jpeg 696w, https:\/\/www.fiscalia.gov.co\/colombia\/wp-content\/uploads\/judicializado-por-violencia-intrafamiliar-agravada.jpeg 878w\" sizes=\"auto, (max-width: 210px) 100vw, 210px\" \/><figcaption id=\"caption-attachment-310929\" class=\"wp-caption-text\">El hombre fue capturado en flagrancia por su presunta responsabilidad\u00a0 en el delito de violencia intrafamiliar agravada.<\/figcaption><\/figure>\n<p>Un fiscal judicializ\u00f3 a\u00a0 un h<strong>ombre que el pasado 9 de febrero en la vereda Monserrate, de Arauca (Arauca), habr\u00eda atacado a golpes a su compa\u00f1era sentimental<\/strong>. Uniformados de la Polic\u00eda Nacional fueron alertados de la situaci\u00f3n y lograron la captura en flagrancia del procesado, quien no acept\u00f3 la acusaci\u00f3n por el delito de violencia intrafamiliar agravada.<\/p>\n<p>&nbsp;<\/p>\n<p>&nbsp;<\/p>\n<p>&nbsp;<\/p>\n<p>&nbsp;<\/p>\n<p>&nbsp;<\/p>\n<p><strong>Delitos sexuales<\/strong><\/p>\n<figure id=\"attachment_310930\" aria-describedby=\"caption-attachment-310930\" style=\"width: 221px\" class=\"wp-caption alignleft\"><img loading=\"lazy\" decoding=\"async\" class=\"wp-image-310930 size-medium\" src=\"https:\/\/www.fiscalia.gov.co\/colombia\/wp-content\/uploads\/Judicializado-por-acceso-carnal-abusivo-y-actos-sexuales-con-menor-de-14-anos-221x300.jpeg\" alt=\"Se visualiza al capturado de espaldas junto a dos uniformados de la Polic\u00eda Nacional. Detr\u00e1s de ellos el banner que identifica a la Fiscal\u00eda General de la Naci\u00f3n.\" width=\"221\" height=\"300\" srcset=\"https:\/\/www.fiscalia.gov.co\/colombia\/wp-content\/uploads\/Judicializado-por-acceso-carnal-abusivo-y-actos-sexuales-con-menor-de-14-anos-221x300.jpeg 221w, https:\/\/www.fiscalia.gov.co\/colombia\/wp-content\/uploads\/Judicializado-por-acceso-carnal-abusivo-y-actos-sexuales-con-menor-de-14-anos-756x1024.jpeg 756w, https:\/\/www.fiscalia.gov.co\/colombia\/wp-content\/uploads\/Judicializado-por-acceso-carnal-abusivo-y-actos-sexuales-con-menor-de-14-anos-768x1040.jpeg 768w, https:\/\/www.fiscalia.gov.co\/colombia\/wp-content\/uploads\/Judicializado-por-acceso-carnal-abusivo-y-actos-sexuales-con-menor-de-14-anos-310x420.jpeg 310w, https:\/\/www.fiscalia.gov.co\/colombia\/wp-content\/uploads\/Judicializado-por-acceso-carnal-abusivo-y-actos-sexuales-con-menor-de-14-anos-696x943.jpeg 696w, https:\/\/www.fiscalia.gov.co\/colombia\/wp-content\/uploads\/Judicializado-por-acceso-carnal-abusivo-y-actos-sexuales-con-menor-de-14-anos.jpeg 914w\" sizes=\"auto, (max-width: 221px) 100vw, 221px\" \/><figcaption id=\"caption-attachment-310930\" class=\"wp-caption-text\">El procesado fue judicializado por los delitos de acceso carnal abusivo con menor de 14 a\u00f1os agravado y actos sexuales con menor de 14 a\u00f1os agravado.<\/figcaption><\/figure>\n<p>De otra parte, fue imputado el presunto responsable de los\u00a0<a href=\"https:\/\/www.fiscalia.gov.co\/colombia\/noticias\/en-arauca-fueron-judicializadas-dos-personas-por-presuntas-agresiones-sexuales-contra-una-menor-de-edad\/\">delitos<\/a>\u00a0d<strong>e acceso carnal abusivo con menor de 14 a\u00f1os agravado y actos sexuales con menor de 14 a\u00f1os agravado. Las investigaciones evidenciaron que el hoy procesado, al parecer, entre junio de 2023 y enero de 2024 abus\u00f3 de una menor de 6 a\u00f1os<\/strong>, quien era la sobrina de su compa\u00f1era sentimental.<\/p>\n<p>&nbsp;<\/p>\n<p>&nbsp;<\/p>\n<p>&nbsp;<\/p>\n<p>&nbsp;<\/p>\n<p>&nbsp;<\/p>\n<p>&nbsp;<\/p>\n<p>&nbsp;<\/p>\n<p>&nbsp;<\/p>\n<p>&nbsp;<\/p>\n<p>MPHA\/AMCJ\/JASN\/DSA<\/p>\n<p>&nbsp;<\/p>\n<p><em>La informaci\u00f3n contenida en este bolet\u00edn de prensa corresponde a la narraci\u00f3n de los hechos noticiosos objetivos, suministrados por los funcionarios encargados de adelantar las investigaciones penales al interior de la Fiscal\u00eda General de la Naci\u00f3n. Para el momento de la divulgaci\u00f3n de este comunicado, la situaci\u00f3n jur\u00eddica de la(s) persona(s) relacionada(s) se encuentra pendiente de resolver por la autoridad judicial competente, siempre bajo los preceptos de la presunci\u00f3n de inocencia, consagrados en el art\u00edculo 29 de la Constituci\u00f3n Pol\u00edtica y el art\u00edculo 7\u00ba de la Ley 906 de 2004.<\/em><\/p>\n<p>&nbsp;<\/p>\n<p>&nbsp;<\/p>\n<p>Etiqueta: Flagrancia, comunidad, efectividad, Polic\u00eda Nacional, Fiscal\u00eda, c\u00e1rcel<\/p>\n<p>&nbsp;<\/p>\n<p>&nbsp;<\/p>\n<p>&nbsp;<\/p>\n<p>&nbsp;<\/p>\n<p>&nbsp;<\/p>\n<p>&nbsp;<\/p>\n<p>&nbsp;<\/p>\n<p>&nbsp;<\/p>\n<p>&nbsp;<\/p>\n<p>&nbsp;<\/p>\n<p>&nbsp;<\/p>\n<p>Pie de foto: El procesado fue judicializado por los delitos de acceso carnal abusivo con menor de 14 a\u00f1os agravado y actos sexuales con menor de 14 a\u00f1os agravado.<\/p>\n<p>&nbsp;<\/p>\n<p>Se visualiza al capturado de espaldas junto a dos uniformados de la Polic\u00eda Nacional. Detr\u00e1s de ellos el banner que identifica a la Fiscal\u00eda General de la Naci\u00f3n.<\/p>\n<p>&nbsp;<\/p>\n<p>&nbsp;<\/p>\n<p><em>La informaci\u00f3n contenida en este bolet\u00edn de prensa corresponde a la narraci\u00f3n de los hechos noticiosos objetivos, suministrados por los funcionarios encargados de adelantar las investigaciones penales al interior de la Fiscal\u00eda General de la Naci\u00f3n. Para el momento de la divulgaci\u00f3n de este comunicado, la situaci\u00f3n jur\u00eddica de la(s) persona(s) relacionada(s) se encuentra pendiente de resolver por la autoridad judicial competente, siempre bajo los preceptos de la presunci\u00f3n de inocencia, consagrados en el art\u00edculo 29 de la Constituci\u00f3n Pol\u00edtica y el art\u00edculo 7\u00ba de la Ley 906 de 2004.<\/em><\/p>\n<p>&nbsp;<\/p>\n\n<div class=\"twitter-share\"><a href=\"https:\/\/twitter.com\/intent\/tweet?via=fiscaliacol\" class=\"twitter-share-button\">Tweet<\/a><\/div>\n","protected":false},"excerpt":{"rendered":"<p>La Fiscal\u00eda General de la Naci\u00f3n logr\u00f3 la captura y judicializaci\u00f3n de tres hombres que estar\u00edan involucrados en\u00a0graves\u00a0afectaciones a mujeres, registradas en hechos distintos, en Arauca y Arauquita. A los [&hellip;]<\/p>\n","protected":false},"author":175,"featured_media":0,"comment_status":"closed","ping_status":"open","sticky":false,"template":"","format":"standard","meta":{"tdm_status":"","tdm_grid_status":"","footnotes":""},"categories":[1,12632,24099],"tags":[37491,37514],"class_list":["post-310927","post","type-post","status-publish","format-standard","category-noticias","category-seccional-arauca","category-seguridad-territorial","tag-fiscal-camargo","tag-fiscal-general-luz-adriana-camargo"],"yoast_head":"<!-- This site is optimized with the Yoast SEO plugin v24.3 - https:\/\/yoast.com\/wordpress\/plugins\/seo\/ -->\n<title>Fiscal\u00eda General de la Naci\u00f3n<\/title>\n<meta name=\"description\" content=\"P\u00e1gina oficial de la Fiscal\u00eda General de la Naci\u00f3n \u2013 Colombia. Garantizamos el acceso efectivo a la justicia, la verdad y la reparaci\u00f3n de las v\u00edctimas de los delitos.\" \/>\n<meta name=\"robots\" content=\"noindex, follow\" \/>\n<meta property=\"og:locale\" content=\"es_ES\" \/>\n<meta property=\"og:type\" content=\"article\" \/>\n<meta property=\"og:title\" content=\"Fiscal\u00eda General de la Naci\u00f3n\" \/>\n<meta property=\"og:description\" content=\"P\u00e1gina oficial de la Fiscal\u00eda General de la Naci\u00f3n \u2013 Colombia. Garantizamos el acceso efectivo a la justicia, la verdad y la reparaci\u00f3n de las v\u00edctimas de los delitos.\" \/>\n<meta property=\"og:url\" content=\"https:\/\/www.fiscalia.gov.co\/colombia\/noticias\/en-arauca-fueron-judicializados-presuntos-responsables-de-agresiones-a-mujeres\/\" \/>\n<meta property=\"og:site_name\" content=\"Fiscal\u00eda General de la Naci\u00f3n\" \/>\n<meta property=\"article:publisher\" content=\"https:\/\/www.facebook.com\/FiscaliaCol\" \/>\n<meta property=\"article:published_time\" content=\"2025-02-19T19:39:10+00:00\" \/>\n<meta property=\"og:image\" content=\"https:\/\/www.fiscalia.gov.co\/colombia\/wp-content\/uploads\/judicializado-por-tentativa-de-femincidio.jpeg\" \/>\n\t<meta property=\"og:image:width\" content=\"1520\" \/>\n\t<meta property=\"og:image:height\" content=\"1242\" \/>\n\t<meta property=\"og:image:type\" content=\"image\/jpeg\" \/>\n<meta name=\"author\" content=\"Katherine Loaiza Mart\u00ednez\" \/>\n<meta name=\"twitter:card\" content=\"summary_large_image\" \/>\n<meta name=\"twitter:creator\" content=\"@FiscaliaCol\" \/>\n<meta name=\"twitter:site\" content=\"@FiscaliaCol\" \/>\n<meta name=\"twitter:label1\" content=\"Escrito por\" \/>\n\t<meta name=\"twitter:data1\" content=\"Katherine Loaiza Mart\u00ednez\" \/>\n\t<meta name=\"twitter:label2\" content=\"Tiempo de lectura\" \/>\n\t<meta name=\"twitter:data2\" content=\"4 minutos\" \/>\n<script type=\"application\/ld+json\" class=\"yoast-schema-graph\">{\"@context\":\"https:\/\/schema.org\",\"@graph\":[{\"@type\":\"Article\",\"@id\":\"https:\/\/www.fiscalia.gov.co\/colombia\/noticias\/en-arauca-fueron-judicializados-presuntos-responsables-de-agresiones-a-mujeres\/#article\",\"isPartOf\":{\"@id\":\"https:\/\/www.fiscalia.gov.co\/colombia\/noticias\/en-arauca-fueron-judicializados-presuntos-responsables-de-agresiones-a-mujeres\/\"},\"author\":{\"name\":\"Katherine Loaiza Mart\u00ednez\",\"@id\":\"https:\/\/www.fiscalia.gov.co\/colombia\/#\/schema\/person\/2e76b9aba5ecf875ed565ce4de0e0415\"},\"headline\":\"En Arauca fueron judicializados presuntos responsables de agresiones a mujeres\",\"datePublished\":\"2025-02-19T19:39:10+00:00\",\"dateModified\":\"2025-02-19T19:39:10+00:00\",\"mainEntityOfPage\":{\"@id\":\"https:\/\/www.fiscalia.gov.co\/colombia\/noticias\/en-arauca-fueron-judicializados-presuntos-responsables-de-agresiones-a-mujeres\/\"},\"wordCount\":669,\"publisher\":{\"@id\":\"https:\/\/www.fiscalia.gov.co\/colombia\/#organization\"},\"image\":{\"@id\":\"https:\/\/www.fiscalia.gov.co\/colombia\/noticias\/en-arauca-fueron-judicializados-presuntos-responsables-de-agresiones-a-mujeres\/#primaryimage\"},\"thumbnailUrl\":\"https:\/\/www.fiscalia.gov.co\/colombia\/wp-content\/uploads\/judicializado-por-tentativa-de-femincidio.jpeg\",\"keywords\":[\"fiscal Camargo\",\"Fiscal General Luz Adriana Camargo\"],\"articleSection\":[\"Noticias\",\"Seccional Arauca\",\"Seguridad territorial\"],\"inLanguage\":\"es-CO\"},{\"@type\":\"WebPage\",\"@id\":\"https:\/\/www.fiscalia.gov.co\/colombia\/noticias\/en-arauca-fueron-judicializados-presuntos-responsables-de-agresiones-a-mujeres\/\",\"url\":\"https:\/\/www.fiscalia.gov.co\/colombia\/noticias\/en-arauca-fueron-judicializados-presuntos-responsables-de-agresiones-a-mujeres\/\",\"name\":\"Fiscal\u00eda General de la Naci\u00f3n\",\"isPartOf\":{\"@id\":\"https:\/\/www.fiscalia.gov.co\/colombia\/#website\"},\"primaryImageOfPage\":{\"@id\":\"https:\/\/www.fiscalia.gov.co\/colombia\/noticias\/en-arauca-fueron-judicializados-presuntos-responsables-de-agresiones-a-mujeres\/#primaryimage\"},\"image\":{\"@id\":\"https:\/\/www.fiscalia.gov.co\/colombia\/noticias\/en-arauca-fueron-judicializados-presuntos-responsables-de-agresiones-a-mujeres\/#primaryimage\"},\"thumbnailUrl\":\"https:\/\/www.fiscalia.gov.co\/colombia\/wp-content\/uploads\/judicializado-por-tentativa-de-femincidio.jpeg\",\"datePublished\":\"2025-02-19T19:39:10+00:00\",\"dateModified\":\"2025-02-19T19:39:10+00:00\",\"description\":\"P\u00e1gina oficial de la Fiscal\u00eda General de la Naci\u00f3n \u2013 Colombia. Garantizamos el acceso efectivo a la justicia, la verdad y la reparaci\u00f3n de las v\u00edctimas de los delitos.\",\"breadcrumb\":{\"@id\":\"https:\/\/www.fiscalia.gov.co\/colombia\/noticias\/en-arauca-fueron-judicializados-presuntos-responsables-de-agresiones-a-mujeres\/#breadcrumb\"},\"inLanguage\":\"es-CO\",\"potentialAction\":[{\"@type\":\"ReadAction\",\"target\":[\"https:\/\/www.fiscalia.gov.co\/colombia\/noticias\/en-arauca-fueron-judicializados-presuntos-responsables-de-agresiones-a-mujeres\/\"]}]},{\"@type\":\"ImageObject\",\"inLanguage\":\"es-CO\",\"@id\":\"https:\/\/www.fiscalia.gov.co\/colombia\/noticias\/en-arauca-fueron-judicializados-presuntos-responsables-de-agresiones-a-mujeres\/#primaryimage\",\"url\":\"https:\/\/www.fiscalia.gov.co\/colombia\/wp-content\/uploads\/judicializado-por-tentativa-de-femincidio.jpeg\",\"contentUrl\":\"https:\/\/www.fiscalia.gov.co\/colombia\/wp-content\/uploads\/judicializado-por-tentativa-de-femincidio.jpeg\",\"width\":1520,\"height\":1242,\"caption\":\"El hombre habr\u00eda agredido a su excompa\u00f1era sentimental en Arauquita, fue enviado a la c\u00e1rcel por tentativa de feminicidio\"},{\"@type\":\"BreadcrumbList\",\"@id\":\"https:\/\/www.fiscalia.gov.co\/colombia\/noticias\/en-arauca-fueron-judicializados-presuntos-responsables-de-agresiones-a-mujeres\/#breadcrumb\",\"itemListElement\":[{\"@type\":\"ListItem\",\"position\":1,\"name\":\"Home\",\"item\":\"https:\/\/www.fiscalia.gov.co\/colombia\/\"},{\"@type\":\"ListItem\",\"position\":2,\"name\":\"En Arauca fueron judicializados presuntos responsables de agresiones a mujeres\"}]},{\"@type\":\"WebSite\",\"@id\":\"https:\/\/www.fiscalia.gov.co\/colombia\/#website\",\"url\":\"https:\/\/www.fiscalia.gov.co\/colombia\/\",\"name\":\"Fiscal\u00eda General de la Naci\u00f3n\",\"description\":\"P\u00e1gina oficial de la Fiscal\u00eda General de la Naci\u00f3n \u2013 Colombia. Garantizamos el acceso efectivo a la justicia, la verdad y la reparaci\u00f3n de las v\u00edctimas de los delitos.\",\"publisher\":{\"@id\":\"https:\/\/www.fiscalia.gov.co\/colombia\/#organization\"},\"potentialAction\":[{\"@type\":\"SearchAction\",\"target\":{\"@type\":\"EntryPoint\",\"urlTemplate\":\"https:\/\/www.fiscalia.gov.co\/colombia\/?s={search_term_string}\"},\"query-input\":{\"@type\":\"PropertyValueSpecification\",\"valueRequired\":true,\"valueName\":\"search_term_string\"}}],\"inLanguage\":\"es-CO\"},{\"@type\":\"Organization\",\"@id\":\"https:\/\/www.fiscalia.gov.co\/colombia\/#organization\",\"name\":\"Fiscal\u00eda General de la Naci\u00f3n\",\"url\":\"https:\/\/www.fiscalia.gov.co\/colombia\/\",\"logo\":{\"@type\":\"ImageObject\",\"inLanguage\":\"es-CO\",\"@id\":\"https:\/\/www.fiscalia.gov.co\/colombia\/#\/schema\/logo\/image\/\",\"url\":\"https:\/\/www.fiscalia.gov.co\/colombia\/wp-content\/uploads\/LogoHorizontal_1.jpg\",\"contentUrl\":\"https:\/\/www.fiscalia.gov.co\/colombia\/wp-content\/uploads\/LogoHorizontal_1.jpg\",\"width\":300,\"height\":90,\"caption\":\"Fiscal\u00eda General de la Naci\u00f3n\"},\"image\":{\"@id\":\"https:\/\/www.fiscalia.gov.co\/colombia\/#\/schema\/logo\/image\/\"},\"sameAs\":[\"https:\/\/www.facebook.com\/FiscaliaCol\",\"https:\/\/x.com\/FiscaliaCol\",\"https:\/\/www.instagram.com\/fiscaliacol\",\"https:\/\/www.linkedin.com\/company\/fiscalia-general-de-la-naci-n\/\",\"https:\/\/youtube.com\/@fiscaliageneraldelanacion-4668?si=6nN79nyQICPU5iTh\"]},{\"@type\":\"Person\",\"@id\":\"https:\/\/www.fiscalia.gov.co\/colombia\/#\/schema\/person\/2e76b9aba5ecf875ed565ce4de0e0415\",\"name\":\"Katherine Loaiza Mart\u00ednez\",\"image\":{\"@type\":\"ImageObject\",\"inLanguage\":\"es-CO\",\"@id\":\"https:\/\/www.fiscalia.gov.co\/colombia\/#\/schema\/person\/image\/\",\"url\":\"https:\/\/secure.gravatar.com\/avatar\/ab775a2f394c1b83b6d6f78680e57b50?s=96&d=mm&r=g\",\"contentUrl\":\"https:\/\/secure.gravatar.com\/avatar\/ab775a2f394c1b83b6d6f78680e57b50?s=96&d=mm&r=g\",\"caption\":\"Katherine Loaiza Mart\u00ednez\"},\"url\":\"https:\/\/www.fiscalia.gov.co\/colombia\/author\/kloaiza\/\"}]}<\/script>\n<!-- \/ Yoast SEO plugin. -->","yoast_head_json":{"title":"Fiscal\u00eda General de la Naci\u00f3n","description":"P\u00e1gina oficial de la Fiscal\u00eda General de la Naci\u00f3n \u2013 Colombia. Garantizamos el acceso efectivo a la justicia, la verdad y la reparaci\u00f3n de las v\u00edctimas de los delitos.","robots":{"index":"noindex","follow":"follow"},"og_locale":"es_ES","og_type":"article","og_title":"Fiscal\u00eda General de la Naci\u00f3n","og_description":"P\u00e1gina oficial de la Fiscal\u00eda General de la Naci\u00f3n \u2013 Colombia. Garantizamos el acceso efectivo a la justicia, la verdad y la reparaci\u00f3n de las v\u00edctimas de los delitos.","og_url":"https:\/\/www.fiscalia.gov.co\/colombia\/noticias\/en-arauca-fueron-judicializados-presuntos-responsables-de-agresiones-a-mujeres\/","og_site_name":"Fiscal\u00eda General de la Naci\u00f3n","article_publisher":"https:\/\/www.facebook.com\/FiscaliaCol","article_published_time":"2025-02-19T19:39:10+00:00","og_image":[{"width":1520,"height":1242,"url":"https:\/\/www.fiscalia.gov.co\/colombia\/wp-content\/uploads\/judicializado-por-tentativa-de-femincidio.jpeg","type":"image\/jpeg"}],"author":"Katherine Loaiza Mart\u00ednez","twitter_card":"summary_large_image","twitter_creator":"@FiscaliaCol","twitter_site":"@FiscaliaCol","twitter_misc":{"Escrito por":"Katherine Loaiza Mart\u00ednez","Tiempo de lectura":"4 minutos"},"schema":{"@context":"https:\/\/schema.org","@graph":[{"@type":"Article","@id":"https:\/\/www.fiscalia.gov.co\/colombia\/noticias\/en-arauca-fueron-judicializados-presuntos-responsables-de-agresiones-a-mujeres\/#article","isPartOf":{"@id":"https:\/\/www.fiscalia.gov.co\/colombia\/noticias\/en-arauca-fueron-judicializados-presuntos-responsables-de-agresiones-a-mujeres\/"},"author":{"name":"Katherine Loaiza Mart\u00ednez","@id":"https:\/\/www.fiscalia.gov.co\/colombia\/#\/schema\/person\/2e76b9aba5ecf875ed565ce4de0e0415"},"headline":"En Arauca fueron judicializados presuntos responsables de agresiones a mujeres","datePublished":"2025-02-19T19:39:10+00:00","dateModified":"2025-02-19T19:39:10+00:00","mainEntityOfPage":{"@id":"https:\/\/www.fiscalia.gov.co\/colombia\/noticias\/en-arauca-fueron-judicializados-presuntos-responsables-de-agresiones-a-mujeres\/"},"wordCount":669,"publisher":{"@id":"https:\/\/www.fiscalia.gov.co\/colombia\/#organization"},"image":{"@id":"https:\/\/www.fiscalia.gov.co\/colombia\/noticias\/en-arauca-fueron-judicializados-presuntos-responsables-de-agresiones-a-mujeres\/#primaryimage"},"thumbnailUrl":"https:\/\/www.fiscalia.gov.co\/colombia\/wp-content\/uploads\/judicializado-por-tentativa-de-femincidio.jpeg","keywords":["fiscal Camargo","Fiscal General Luz Adriana Camargo"],"articleSection":["Noticias","Seccional Arauca","Seguridad territorial"],"inLanguage":"es-CO"},{"@type":"WebPage","@id":"https:\/\/www.fiscalia.gov.co\/colombia\/noticias\/en-arauca-fueron-judicializados-presuntos-responsables-de-agresiones-a-mujeres\/","url":"https:\/\/www.fiscalia.gov.co\/colombia\/noticias\/en-arauca-fueron-judicializados-presuntos-responsables-de-agresiones-a-mujeres\/","name":"Fiscal\u00eda General de la Naci\u00f3n","isPartOf":{"@id":"https:\/\/www.fiscalia.gov.co\/colombia\/#website"},"primaryImageOfPage":{"@id":"https:\/\/www.fiscalia.gov.co\/colombia\/noticias\/en-arauca-fueron-judicializados-presuntos-responsables-de-agresiones-a-mujeres\/#primaryimage"},"image":{"@id":"https:\/\/www.fiscalia.gov.co\/colombia\/noticias\/en-arauca-fueron-judicializados-presuntos-responsables-de-agresiones-a-mujeres\/#primaryimage"},"thumbnailUrl":"https:\/\/www.fiscalia.gov.co\/colombia\/wp-content\/uploads\/judicializado-por-tentativa-de-femincidio.jpeg","datePublished":"2025-02-19T19:39:10+00:00","dateModified":"2025-02-19T19:39:10+00:00","description":"P\u00e1gina oficial de la Fiscal\u00eda General de la Naci\u00f3n \u2013 Colombia. Garantizamos el acceso efectivo a la justicia, la verdad y la reparaci\u00f3n de las v\u00edctimas de los delitos.","breadcrumb":{"@id":"https:\/\/www.fiscalia.gov.co\/colombia\/noticias\/en-arauca-fueron-judicializados-presuntos-responsables-de-agresiones-a-mujeres\/#breadcrumb"},"inLanguage":"es-CO","potentialAction":[{"@type":"ReadAction","target":["https:\/\/www.fiscalia.gov.co\/colombia\/noticias\/en-arauca-fueron-judicializados-presuntos-responsables-de-agresiones-a-mujeres\/"]}]},{"@type":"ImageObject","inLanguage":"es-CO","@id":"https:\/\/www.fiscalia.gov.co\/colombia\/noticias\/en-arauca-fueron-judicializados-presuntos-responsables-de-agresiones-a-mujeres\/#primaryimage","url":"https:\/\/www.fiscalia.gov.co\/colombia\/wp-content\/uploads\/judicializado-por-tentativa-de-femincidio.jpeg","contentUrl":"https:\/\/www.fiscalia.gov.co\/colombia\/wp-content\/uploads\/judicializado-por-tentativa-de-femincidio.jpeg","width":1520,"height":1242,"caption":"El hombre habr\u00eda agredido a su excompa\u00f1era sentimental en Arauquita, fue enviado a la c\u00e1rcel por tentativa de feminicidio"},{"@type":"BreadcrumbList","@id":"https:\/\/www.fiscalia.gov.co\/colombia\/noticias\/en-arauca-fueron-judicializados-presuntos-responsables-de-agresiones-a-mujeres\/#breadcrumb","itemListElement":[{"@type":"ListItem","position":1,"name":"Home","item":"https:\/\/www.fiscalia.gov.co\/colombia\/"},{"@type":"ListItem","position":2,"name":"En Arauca fueron judicializados presuntos responsables de agresiones a mujeres"}]},{"@type":"WebSite","@id":"https:\/\/www.fiscalia.gov.co\/colombia\/#website","url":"https:\/\/www.fiscalia.gov.co\/colombia\/","name":"Fiscal\u00eda General de la Naci\u00f3n","description":"P\u00e1gina oficial de la Fiscal\u00eda General de la Naci\u00f3n \u2013 Colombia. Garantizamos el acceso efectivo a la justicia, la verdad y la reparaci\u00f3n de las v\u00edctimas de los delitos.","publisher":{"@id":"https:\/\/www.fiscalia.gov.co\/colombia\/#organization"},"potentialAction":[{"@type":"SearchAction","target":{"@type":"EntryPoint","urlTemplate":"https:\/\/www.fiscalia.gov.co\/colombia\/?s={search_term_string}"},"query-input":{"@type":"PropertyValueSpecification","valueRequired":true,"valueName":"search_term_string"}}],"inLanguage":"es-CO"},{"@type":"Organization","@id":"https:\/\/www.fiscalia.gov.co\/colombia\/#organization","name":"Fiscal\u00eda General de la Naci\u00f3n","url":"https:\/\/www.fiscalia.gov.co\/colombia\/","logo":{"@type":"ImageObject","inLanguage":"es-CO","@id":"https:\/\/www.fiscalia.gov.co\/colombia\/#\/schema\/logo\/image\/","url":"https:\/\/www.fiscalia.gov.co\/colombia\/wp-content\/uploads\/LogoHorizontal_1.jpg","contentUrl":"https:\/\/www.fiscalia.gov.co\/colombia\/wp-content\/uploads\/LogoHorizontal_1.jpg","width":300,"height":90,"caption":"Fiscal\u00eda General de la Naci\u00f3n"},"image":{"@id":"https:\/\/www.fiscalia.gov.co\/colombia\/#\/schema\/logo\/image\/"},"sameAs":["https:\/\/www.facebook.com\/FiscaliaCol","https:\/\/x.com\/FiscaliaCol","https:\/\/www.instagram.com\/fiscaliacol","https:\/\/www.linkedin.com\/company\/fiscalia-general-de-la-naci-n\/","https:\/\/youtube.com\/@fiscaliageneraldelanacion-4668?si=6nN79nyQICPU5iTh"]},{"@type":"Person","@id":"https:\/\/www.fiscalia.gov.co\/colombia\/#\/schema\/person\/2e76b9aba5ecf875ed565ce4de0e0415","name":"Katherine Loaiza Mart\u00ednez","image":{"@type":"ImageObject","inLanguage":"es-CO","@id":"https:\/\/www.fiscalia.gov.co\/colombia\/#\/schema\/person\/image\/","url":"https:\/\/secure.gravatar.com\/avatar\/ab775a2f394c1b83b6d6f78680e57b50?s=96&d=mm&r=g","contentUrl":"https:\/\/secure.gravatar.com\/avatar\/ab775a2f394c1b83b6d6f78680e57b50?s=96&d=mm&r=g","caption":"Katherine Loaiza Mart\u00ednez"},"url":"https:\/\/www.fiscalia.gov.co\/colombia\/author\/kloaiza\/"}]}},"_links":{"self":[{"href":"https:\/\/www.fiscalia.gov.co\/colombia\/wp-json\/wp\/v2\/posts\/310927","targetHints":{"allow":["GET"]}}],"collection":[{"href":"https:\/\/www.fiscalia.gov.co\/colombia\/wp-json\/wp\/v2\/posts"}],"about":[{"href":"https:\/\/www.fiscalia.gov.co\/colombia\/wp-json\/wp\/v2\/types\/post"}],"author":[{"embeddable":true,"href":"https:\/\/www.fiscalia.gov.co\/colombia\/wp-json\/wp\/v2\/users\/175"}],"replies":[{"embeddable":true,"href":"https:\/\/www.fiscalia.gov.co\/colombia\/wp-json\/wp\/v2\/comments?post=310927"}],"version-history":[{"count":1,"href":"https:\/\/www.fiscalia.gov.co\/colombia\/wp-json\/wp\/v2\/posts\/310927\/revisions"}],"predecessor-version":[{"id":310932,"href":"https:\/\/www.fiscalia.gov.co\/colombia\/wp-json\/wp\/v2\/posts\/310927\/revisions\/310932"}],"wp:attachment":[{"href":"https:\/\/www.fiscalia.gov.co\/colombia\/wp-json\/wp\/v2\/media?parent=310927"}],"wp:term":[{"taxonomy":"category","embeddable":true,"href":"https:\/\/www.fiscalia.gov.co\/colombia\/wp-json\/wp\/v2\/categories?post=310927"},{"taxonomy":"post_tag","embeddable":true,"href":"https:\/\/www.fiscalia.gov.co\/colombia\/wp-json\/wp\/v2\/tags?post=310927"}],"curies":[{"name":"wp","href":"https:\/\/api.w.org\/{rel}","templated":true}]}}