{"id":310705,"date":"2025-02-15T10:18:04","date_gmt":"2025-02-15T15:18:04","guid":{"rendered":"https:\/\/www.fiscalia.gov.co\/colombia\/?p=310705"},"modified":"2025-02-15T10:22:48","modified_gmt":"2025-02-15T15:22:48","slug":"integrantes-de-una-faccion-armada-del-tren-de-aragua-aceptaron-su-responsabilidad-en-el-crimen-de-cuatro-personas-en-cucuta-y-deberan-cumplir-21-anos-de-prision","status":"publish","type":"post","link":"https:\/\/www.fiscalia.gov.co\/colombia\/noticias\/integrantes-de-una-faccion-armada-del-tren-de-aragua-aceptaron-su-responsabilidad-en-el-crimen-de-cuatro-personas-en-cucuta-y-deberan-cumplir-21-anos-de-prision\/","title":{"rendered":"Integrantes de una facci\u00f3n armada del \u2018Tren de Aragua\u2019 aceptaron su responsabilidad en el crimen de cuatro personas en C\u00facuta y deber\u00e1n cumplir 21 a\u00f1os de prisi\u00f3n"},"content":{"rendered":"<blockquote>\n<h4 style=\"text-align: left;\"><em><strong>Se acredit\u00f3 que bajaron de un taxi usando gorras y tapabocas, y dispararon en contra de las v\u00edctimas que depart\u00edan en v\u00eda p\u00fablica.<\/strong><\/em><\/h4>\n<\/blockquote>\n<p>&nbsp;<\/p>\n<p>&nbsp;<\/p>\n<p>Ronell Jos\u00e9 Rangel Escobar y Richard Jonbran Rizo Cede\u00f1o, integrantes de la red delincuencial AK \u2013 47, que hace parte del grupo ilegal conocido como \u2018Tren de Aragua\u2019, aceptaron mediante preacuerdo su responsabilidad en un ataque sicarial que dej\u00f3 cuatro personas muertas en C\u00facuta (Norte de Santander), el 27 de agosto de 2022.<\/p>\n<p>&nbsp;<\/p>\n<p>La negociaci\u00f3n fue avalada por un juez de conocimiento, que conden\u00f3 a los procesados a 21 a\u00f1os de prisi\u00f3n por los delitos de homicidio; y fabricaci\u00f3n, tr\u00e1fico, porte o tenencia de armas de fuego, accesorios, partes o municiones, ambas conductas agravadas.<\/p>\n<p>La decisi\u00f3n precisa que la pena se har\u00e1 efectiva en establecimiento carcelario. Posteriormente, al cumplir la pena, los sentenciados ser\u00e1n expulsados a Venezuela, su pa\u00eds de origen.<\/p>\n<p>Las pruebas obtenidas por un fiscal de la Direcci\u00f3n de Apoyo Territorial indican que, el d\u00eda de los hechos, Rangel Escobar y Rizo Cede\u00f1o, en compa\u00f1\u00eda de otros hombres armados, descendieron de un taxi, y usando gorras y tapabocas atacaron a las v\u00edctimas que depart\u00edan en v\u00eda p\u00fablica del barrio Pueblo Nuevo.<\/p>\n<p>Asimismo, se estableci\u00f3 que ser\u00edan c\u00f3mplices de otras acciones delictivas como hurtos, cobro de extorsiones y tr\u00e1fico local de estupefacientes.<\/p>\n<p>Esta informaci\u00f3n se publica por razones de inter\u00e9s general.<\/p>\n<p>LMFO\/JARG\/JAGA\/DAT\/<\/p>\n<p>&nbsp;<\/p>\n<p>La informaci\u00f3n contenida en este bolet\u00edn de prensa corresponde a la narraci\u00f3n de los hechos noticiosos objetivos, suministrados por los funcionarios encargados de adelantar las investigaciones penales al interior de la Fiscal\u00eda General de la Naci\u00f3n. Para el momento de la divulgaci\u00f3n de este comunicado, la situaci\u00f3n jur\u00eddica de la(s) persona(s) relacionada(s) se encuentra pendiente de resolver por la autoridad judicial competente, siempre bajo los preceptos de la presunci\u00f3n de inocencia, consagrados en el art\u00edculo 29 de la Constituci\u00f3n Pol\u00edtica y el art\u00edculo 7\u00ba de la Ley 906 de 2004.<\/p>\n<p>&nbsp;<\/p>\n\n<div class=\"twitter-share\"><a href=\"https:\/\/twitter.com\/intent\/tweet?via=fiscaliacol\" class=\"twitter-share-button\">Tweet<\/a><\/div>\n","protected":false},"excerpt":{"rendered":"<p>Se acredit\u00f3 que bajaron de un taxi usando gorras y tapabocas, y dispararon en contra de las v\u00edctimas que depart\u00edan en v\u00eda p\u00fablica. &nbsp; &nbsp; Ronell Jos\u00e9 Rangel Escobar y Richard Jonbran Rizo Cede\u00f1o, integrantes de la red delincuencial AK \u2013 47, que hace parte del grupo ilegal conocido como \u2018Tren de Aragua\u2019, aceptaron mediante [&hellip;]<\/p>\n","protected":false},"author":175,"featured_media":0,"comment_status":"closed","ping_status":"open","sticky":false,"template":"","format":"standard","meta":{"tdm_status":"","tdm_grid_status":"","footnotes":""},"categories":[24174,1,326],"tags":[],"class_list":{"0":"post-310705","1":"post","2":"type-post","3":"status-publish","4":"format-standard","6":"category-hay-justicia","7":"category-noticias","8":"category-seccional-cucuta"},"yoast_head":"<!-- This site is optimized with the Yoast SEO plugin v24.3 - https:\/\/yoast.com\/wordpress\/plugins\/seo\/ -->\n<title>Fiscal\u00eda General de la Naci\u00f3n<\/title>\n<meta name=\"description\" content=\"P\u00e1gina oficial de la Fiscal\u00eda General de la Naci\u00f3n \u2013 Colombia. Garantizamos el acceso efectivo a la justicia, la verdad y la reparaci\u00f3n de las v\u00edctimas de los delitos.\" \/>\n<meta name=\"robots\" content=\"noindex, follow\" \/>\n<meta property=\"og:locale\" content=\"es_ES\" \/>\n<meta property=\"og:type\" content=\"article\" \/>\n<meta property=\"og:title\" content=\"Fiscal\u00eda General de la Naci\u00f3n\" \/>\n<meta property=\"og:description\" content=\"P\u00e1gina oficial de la Fiscal\u00eda General de la Naci\u00f3n \u2013 Colombia. Garantizamos el acceso efectivo a la justicia, la verdad y la reparaci\u00f3n de las v\u00edctimas de los delitos.\" \/>\n<meta property=\"og:url\" content=\"https:\/\/www.fiscalia.gov.co\/colombia\/noticias\/integrantes-de-una-faccion-armada-del-tren-de-aragua-aceptaron-su-responsabilidad-en-el-crimen-de-cuatro-personas-en-cucuta-y-deberan-cumplir-21-anos-de-prision\/\" \/>\n<meta property=\"og:site_name\" content=\"Fiscal\u00eda General de la Naci\u00f3n\" \/>\n<meta property=\"article:publisher\" content=\"https:\/\/www.facebook.com\/FiscaliaCol\" \/>\n<meta property=\"article:published_time\" content=\"2025-02-15T15:18:04+00:00\" \/>\n<meta property=\"article:modified_time\" content=\"2025-02-15T15:22:48+00:00\" \/>\n<meta name=\"author\" content=\"Katherine Loaiza Mart\u00ednez\" \/>\n<meta name=\"twitter:card\" content=\"summary_large_image\" \/>\n<meta name=\"twitter:creator\" content=\"@FiscaliaCol\" \/>\n<meta name=\"twitter:site\" content=\"@FiscaliaCol\" \/>\n<meta name=\"twitter:label1\" content=\"Escrito por\" \/>\n\t<meta name=\"twitter:data1\" content=\"Katherine Loaiza Mart\u00ednez\" \/>\n\t<meta name=\"twitter:label2\" content=\"Tiempo de lectura\" \/>\n\t<meta name=\"twitter:data2\" content=\"2 minutos\" \/>\n<script type=\"application\/ld+json\" class=\"yoast-schema-graph\">{\"@context\":\"https:\/\/schema.org\",\"@graph\":[{\"@type\":\"Article\",\"@id\":\"https:\/\/www.fiscalia.gov.co\/colombia\/noticias\/integrantes-de-una-faccion-armada-del-tren-de-aragua-aceptaron-su-responsabilidad-en-el-crimen-de-cuatro-personas-en-cucuta-y-deberan-cumplir-21-anos-de-prision\/#article\",\"isPartOf\":{\"@id\":\"https:\/\/www.fiscalia.gov.co\/colombia\/noticias\/integrantes-de-una-faccion-armada-del-tren-de-aragua-aceptaron-su-responsabilidad-en-el-crimen-de-cuatro-personas-en-cucuta-y-deberan-cumplir-21-anos-de-prision\/\"},\"author\":{\"name\":\"Katherine Loaiza Mart\u00ednez\",\"@id\":\"https:\/\/www.fiscalia.gov.co\/colombia\/#\/schema\/person\/2e76b9aba5ecf875ed565ce4de0e0415\"},\"headline\":\"Integrantes de una facci\u00f3n armada del \u2018Tren de Aragua\u2019 aceptaron su responsabilidad en el crimen de cuatro personas en C\u00facuta y deber\u00e1n cumplir 21 a\u00f1os de prisi\u00f3n\",\"datePublished\":\"2025-02-15T15:18:04+00:00\",\"dateModified\":\"2025-02-15T15:22:48+00:00\",\"mainEntityOfPage\":{\"@id\":\"https:\/\/www.fiscalia.gov.co\/colombia\/noticias\/integrantes-de-una-faccion-armada-del-tren-de-aragua-aceptaron-su-responsabilidad-en-el-crimen-de-cuatro-personas-en-cucuta-y-deberan-cumplir-21-anos-de-prision\/\"},\"wordCount\":389,\"publisher\":{\"@id\":\"https:\/\/www.fiscalia.gov.co\/colombia\/#organization\"},\"articleSection\":[\"Hay Justicia\",\"Noticias\",\"Seccional C\u00facuta\"],\"inLanguage\":\"es-CO\"},{\"@type\":\"WebPage\",\"@id\":\"https:\/\/www.fiscalia.gov.co\/colombia\/noticias\/integrantes-de-una-faccion-armada-del-tren-de-aragua-aceptaron-su-responsabilidad-en-el-crimen-de-cuatro-personas-en-cucuta-y-deberan-cumplir-21-anos-de-prision\/\",\"url\":\"https:\/\/www.fiscalia.gov.co\/colombia\/noticias\/integrantes-de-una-faccion-armada-del-tren-de-aragua-aceptaron-su-responsabilidad-en-el-crimen-de-cuatro-personas-en-cucuta-y-deberan-cumplir-21-anos-de-prision\/\",\"name\":\"Fiscal\u00eda General de la Naci\u00f3n\",\"isPartOf\":{\"@id\":\"https:\/\/www.fiscalia.gov.co\/colombia\/#website\"},\"datePublished\":\"2025-02-15T15:18:04+00:00\",\"dateModified\":\"2025-02-15T15:22:48+00:00\",\"description\":\"P\u00e1gina oficial de la Fiscal\u00eda General de la Naci\u00f3n \u2013 Colombia. Garantizamos el acceso efectivo a la justicia, la verdad y la reparaci\u00f3n de las v\u00edctimas de los delitos.\",\"breadcrumb\":{\"@id\":\"https:\/\/www.fiscalia.gov.co\/colombia\/noticias\/integrantes-de-una-faccion-armada-del-tren-de-aragua-aceptaron-su-responsabilidad-en-el-crimen-de-cuatro-personas-en-cucuta-y-deberan-cumplir-21-anos-de-prision\/#breadcrumb\"},\"inLanguage\":\"es-CO\",\"potentialAction\":[{\"@type\":\"ReadAction\",\"target\":[\"https:\/\/www.fiscalia.gov.co\/colombia\/noticias\/integrantes-de-una-faccion-armada-del-tren-de-aragua-aceptaron-su-responsabilidad-en-el-crimen-de-cuatro-personas-en-cucuta-y-deberan-cumplir-21-anos-de-prision\/\"]}]},{\"@type\":\"BreadcrumbList\",\"@id\":\"https:\/\/www.fiscalia.gov.co\/colombia\/noticias\/integrantes-de-una-faccion-armada-del-tren-de-aragua-aceptaron-su-responsabilidad-en-el-crimen-de-cuatro-personas-en-cucuta-y-deberan-cumplir-21-anos-de-prision\/#breadcrumb\",\"itemListElement\":[{\"@type\":\"ListItem\",\"position\":1,\"name\":\"Home\",\"item\":\"https:\/\/www.fiscalia.gov.co\/colombia\/\"},{\"@type\":\"ListItem\",\"position\":2,\"name\":\"Integrantes de una facci\u00f3n armada del \u2018Tren de Aragua\u2019 aceptaron su responsabilidad en el crimen de cuatro personas en C\u00facuta y deber\u00e1n cumplir 21 a\u00f1os de prisi\u00f3n\"}]},{\"@type\":\"WebSite\",\"@id\":\"https:\/\/www.fiscalia.gov.co\/colombia\/#website\",\"url\":\"https:\/\/www.fiscalia.gov.co\/colombia\/\",\"name\":\"Fiscal\u00eda General de la Naci\u00f3n\",\"description\":\"P\u00e1gina oficial de la Fiscal\u00eda General de la Naci\u00f3n \u2013 Colombia. Garantizamos el acceso efectivo a la justicia, la verdad y la reparaci\u00f3n de las v\u00edctimas de los delitos.\",\"publisher\":{\"@id\":\"https:\/\/www.fiscalia.gov.co\/colombia\/#organization\"},\"potentialAction\":[{\"@type\":\"SearchAction\",\"target\":{\"@type\":\"EntryPoint\",\"urlTemplate\":\"https:\/\/www.fiscalia.gov.co\/colombia\/?s={search_term_string}\"},\"query-input\":{\"@type\":\"PropertyValueSpecification\",\"valueRequired\":true,\"valueName\":\"search_term_string\"}}],\"inLanguage\":\"es-CO\"},{\"@type\":\"Organization\",\"@id\":\"https:\/\/www.fiscalia.gov.co\/colombia\/#organization\",\"name\":\"Fiscal\u00eda General de la Naci\u00f3n\",\"url\":\"https:\/\/www.fiscalia.gov.co\/colombia\/\",\"logo\":{\"@type\":\"ImageObject\",\"inLanguage\":\"es-CO\",\"@id\":\"https:\/\/www.fiscalia.gov.co\/colombia\/#\/schema\/logo\/image\/\",\"url\":\"https:\/\/www.fiscalia.gov.co\/colombia\/wp-content\/uploads\/LogoHorizontal_1.jpg\",\"contentUrl\":\"https:\/\/www.fiscalia.gov.co\/colombia\/wp-content\/uploads\/LogoHorizontal_1.jpg\",\"width\":300,\"height\":90,\"caption\":\"Fiscal\u00eda General de la Naci\u00f3n\"},\"image\":{\"@id\":\"https:\/\/www.fiscalia.gov.co\/colombia\/#\/schema\/logo\/image\/\"},\"sameAs\":[\"https:\/\/www.facebook.com\/FiscaliaCol\",\"https:\/\/x.com\/FiscaliaCol\",\"https:\/\/www.instagram.com\/fiscaliacol\",\"https:\/\/www.linkedin.com\/company\/fiscalia-general-de-la-naci-n\/\",\"https:\/\/youtube.com\/@fiscaliageneraldelanacion-4668?si=6nN79nyQICPU5iTh\"]},{\"@type\":\"Person\",\"@id\":\"https:\/\/www.fiscalia.gov.co\/colombia\/#\/schema\/person\/2e76b9aba5ecf875ed565ce4de0e0415\",\"name\":\"Katherine Loaiza Mart\u00ednez\",\"image\":{\"@type\":\"ImageObject\",\"inLanguage\":\"es-CO\",\"@id\":\"https:\/\/www.fiscalia.gov.co\/colombia\/#\/schema\/person\/image\/\",\"url\":\"https:\/\/secure.gravatar.com\/avatar\/ab775a2f394c1b83b6d6f78680e57b50?s=96&d=mm&r=g\",\"contentUrl\":\"https:\/\/secure.gravatar.com\/avatar\/ab775a2f394c1b83b6d6f78680e57b50?s=96&d=mm&r=g\",\"caption\":\"Katherine Loaiza Mart\u00ednez\"},\"url\":\"https:\/\/www.fiscalia.gov.co\/colombia\/author\/kloaiza\/\"}]}<\/script>\n<!-- \/ Yoast SEO plugin. -->","yoast_head_json":{"title":"Fiscal\u00eda General de la Naci\u00f3n","description":"P\u00e1gina oficial de la Fiscal\u00eda General de la Naci\u00f3n \u2013 Colombia. Garantizamos el acceso efectivo a la justicia, la verdad y la reparaci\u00f3n de las v\u00edctimas de los delitos.","robots":{"index":"noindex","follow":"follow"},"og_locale":"es_ES","og_type":"article","og_title":"Fiscal\u00eda General de la Naci\u00f3n","og_description":"P\u00e1gina oficial de la Fiscal\u00eda General de la Naci\u00f3n \u2013 Colombia. Garantizamos el acceso efectivo a la justicia, la verdad y la reparaci\u00f3n de las v\u00edctimas de los delitos.","og_url":"https:\/\/www.fiscalia.gov.co\/colombia\/noticias\/integrantes-de-una-faccion-armada-del-tren-de-aragua-aceptaron-su-responsabilidad-en-el-crimen-de-cuatro-personas-en-cucuta-y-deberan-cumplir-21-anos-de-prision\/","og_site_name":"Fiscal\u00eda General de la Naci\u00f3n","article_publisher":"https:\/\/www.facebook.com\/FiscaliaCol","article_published_time":"2025-02-15T15:18:04+00:00","article_modified_time":"2025-02-15T15:22:48+00:00","author":"Katherine Loaiza Mart\u00ednez","twitter_card":"summary_large_image","twitter_creator":"@FiscaliaCol","twitter_site":"@FiscaliaCol","twitter_misc":{"Escrito por":"Katherine Loaiza Mart\u00ednez","Tiempo de lectura":"2 minutos"},"schema":{"@context":"https:\/\/schema.org","@graph":[{"@type":"Article","@id":"https:\/\/www.fiscalia.gov.co\/colombia\/noticias\/integrantes-de-una-faccion-armada-del-tren-de-aragua-aceptaron-su-responsabilidad-en-el-crimen-de-cuatro-personas-en-cucuta-y-deberan-cumplir-21-anos-de-prision\/#article","isPartOf":{"@id":"https:\/\/www.fiscalia.gov.co\/colombia\/noticias\/integrantes-de-una-faccion-armada-del-tren-de-aragua-aceptaron-su-responsabilidad-en-el-crimen-de-cuatro-personas-en-cucuta-y-deberan-cumplir-21-anos-de-prision\/"},"author":{"name":"Katherine Loaiza Mart\u00ednez","@id":"https:\/\/www.fiscalia.gov.co\/colombia\/#\/schema\/person\/2e76b9aba5ecf875ed565ce4de0e0415"},"headline":"Integrantes de una facci\u00f3n armada del \u2018Tren de Aragua\u2019 aceptaron su responsabilidad en el crimen de cuatro personas en C\u00facuta y deber\u00e1n cumplir 21 a\u00f1os de prisi\u00f3n","datePublished":"2025-02-15T15:18:04+00:00","dateModified":"2025-02-15T15:22:48+00:00","mainEntityOfPage":{"@id":"https:\/\/www.fiscalia.gov.co\/colombia\/noticias\/integrantes-de-una-faccion-armada-del-tren-de-aragua-aceptaron-su-responsabilidad-en-el-crimen-de-cuatro-personas-en-cucuta-y-deberan-cumplir-21-anos-de-prision\/"},"wordCount":389,"publisher":{"@id":"https:\/\/www.fiscalia.gov.co\/colombia\/#organization"},"articleSection":["Hay Justicia","Noticias","Seccional C\u00facuta"],"inLanguage":"es-CO"},{"@type":"WebPage","@id":"https:\/\/www.fiscalia.gov.co\/colombia\/noticias\/integrantes-de-una-faccion-armada-del-tren-de-aragua-aceptaron-su-responsabilidad-en-el-crimen-de-cuatro-personas-en-cucuta-y-deberan-cumplir-21-anos-de-prision\/","url":"https:\/\/www.fiscalia.gov.co\/colombia\/noticias\/integrantes-de-una-faccion-armada-del-tren-de-aragua-aceptaron-su-responsabilidad-en-el-crimen-de-cuatro-personas-en-cucuta-y-deberan-cumplir-21-anos-de-prision\/","name":"Fiscal\u00eda General de la Naci\u00f3n","isPartOf":{"@id":"https:\/\/www.fiscalia.gov.co\/colombia\/#website"},"datePublished":"2025-02-15T15:18:04+00:00","dateModified":"2025-02-15T15:22:48+00:00","description":"P\u00e1gina oficial de la Fiscal\u00eda General de la Naci\u00f3n \u2013 Colombia. Garantizamos el acceso efectivo a la justicia, la verdad y la reparaci\u00f3n de las v\u00edctimas de los delitos.","breadcrumb":{"@id":"https:\/\/www.fiscalia.gov.co\/colombia\/noticias\/integrantes-de-una-faccion-armada-del-tren-de-aragua-aceptaron-su-responsabilidad-en-el-crimen-de-cuatro-personas-en-cucuta-y-deberan-cumplir-21-anos-de-prision\/#breadcrumb"},"inLanguage":"es-CO","potentialAction":[{"@type":"ReadAction","target":["https:\/\/www.fiscalia.gov.co\/colombia\/noticias\/integrantes-de-una-faccion-armada-del-tren-de-aragua-aceptaron-su-responsabilidad-en-el-crimen-de-cuatro-personas-en-cucuta-y-deberan-cumplir-21-anos-de-prision\/"]}]},{"@type":"BreadcrumbList","@id":"https:\/\/www.fiscalia.gov.co\/colombia\/noticias\/integrantes-de-una-faccion-armada-del-tren-de-aragua-aceptaron-su-responsabilidad-en-el-crimen-de-cuatro-personas-en-cucuta-y-deberan-cumplir-21-anos-de-prision\/#breadcrumb","itemListElement":[{"@type":"ListItem","position":1,"name":"Home","item":"https:\/\/www.fiscalia.gov.co\/colombia\/"},{"@type":"ListItem","position":2,"name":"Integrantes de una facci\u00f3n armada del \u2018Tren de Aragua\u2019 aceptaron su responsabilidad en el crimen de cuatro personas en C\u00facuta y deber\u00e1n cumplir 21 a\u00f1os de prisi\u00f3n"}]},{"@type":"WebSite","@id":"https:\/\/www.fiscalia.gov.co\/colombia\/#website","url":"https:\/\/www.fiscalia.gov.co\/colombia\/","name":"Fiscal\u00eda General de la Naci\u00f3n","description":"P\u00e1gina oficial de la Fiscal\u00eda General de la Naci\u00f3n \u2013 Colombia. Garantizamos el acceso efectivo a la justicia, la verdad y la reparaci\u00f3n de las v\u00edctimas de los delitos.","publisher":{"@id":"https:\/\/www.fiscalia.gov.co\/colombia\/#organization"},"potentialAction":[{"@type":"SearchAction","target":{"@type":"EntryPoint","urlTemplate":"https:\/\/www.fiscalia.gov.co\/colombia\/?s={search_term_string}"},"query-input":{"@type":"PropertyValueSpecification","valueRequired":true,"valueName":"search_term_string"}}],"inLanguage":"es-CO"},{"@type":"Organization","@id":"https:\/\/www.fiscalia.gov.co\/colombia\/#organization","name":"Fiscal\u00eda General de la Naci\u00f3n","url":"https:\/\/www.fiscalia.gov.co\/colombia\/","logo":{"@type":"ImageObject","inLanguage":"es-CO","@id":"https:\/\/www.fiscalia.gov.co\/colombia\/#\/schema\/logo\/image\/","url":"https:\/\/www.fiscalia.gov.co\/colombia\/wp-content\/uploads\/LogoHorizontal_1.jpg","contentUrl":"https:\/\/www.fiscalia.gov.co\/colombia\/wp-content\/uploads\/LogoHorizontal_1.jpg","width":300,"height":90,"caption":"Fiscal\u00eda General de la Naci\u00f3n"},"image":{"@id":"https:\/\/www.fiscalia.gov.co\/colombia\/#\/schema\/logo\/image\/"},"sameAs":["https:\/\/www.facebook.com\/FiscaliaCol","https:\/\/x.com\/FiscaliaCol","https:\/\/www.instagram.com\/fiscaliacol","https:\/\/www.linkedin.com\/company\/fiscalia-general-de-la-naci-n\/","https:\/\/youtube.com\/@fiscaliageneraldelanacion-4668?si=6nN79nyQICPU5iTh"]},{"@type":"Person","@id":"https:\/\/www.fiscalia.gov.co\/colombia\/#\/schema\/person\/2e76b9aba5ecf875ed565ce4de0e0415","name":"Katherine Loaiza Mart\u00ednez","image":{"@type":"ImageObject","inLanguage":"es-CO","@id":"https:\/\/www.fiscalia.gov.co\/colombia\/#\/schema\/person\/image\/","url":"https:\/\/secure.gravatar.com\/avatar\/ab775a2f394c1b83b6d6f78680e57b50?s=96&d=mm&r=g","contentUrl":"https:\/\/secure.gravatar.com\/avatar\/ab775a2f394c1b83b6d6f78680e57b50?s=96&d=mm&r=g","caption":"Katherine Loaiza Mart\u00ednez"},"url":"https:\/\/www.fiscalia.gov.co\/colombia\/author\/kloaiza\/"}]}},"_links":{"self":[{"href":"https:\/\/www.fiscalia.gov.co\/colombia\/wp-json\/wp\/v2\/posts\/310705","targetHints":{"allow":["GET"]}}],"collection":[{"href":"https:\/\/www.fiscalia.gov.co\/colombia\/wp-json\/wp\/v2\/posts"}],"about":[{"href":"https:\/\/www.fiscalia.gov.co\/colombia\/wp-json\/wp\/v2\/types\/post"}],"author":[{"embeddable":true,"href":"https:\/\/www.fiscalia.gov.co\/colombia\/wp-json\/wp\/v2\/users\/175"}],"replies":[{"embeddable":true,"href":"https:\/\/www.fiscalia.gov.co\/colombia\/wp-json\/wp\/v2\/comments?post=310705"}],"version-history":[{"count":2,"href":"https:\/\/www.fiscalia.gov.co\/colombia\/wp-json\/wp\/v2\/posts\/310705\/revisions"}],"predecessor-version":[{"id":310707,"href":"https:\/\/www.fiscalia.gov.co\/colombia\/wp-json\/wp\/v2\/posts\/310705\/revisions\/310707"}],"wp:attachment":[{"href":"https:\/\/www.fiscalia.gov.co\/colombia\/wp-json\/wp\/v2\/media?parent=310705"}],"wp:term":[{"taxonomy":"category","embeddable":true,"href":"https:\/\/www.fiscalia.gov.co\/colombia\/wp-json\/wp\/v2\/categories?post=310705"},{"taxonomy":"post_tag","embeddable":true,"href":"https:\/\/www.fiscalia.gov.co\/colombia\/wp-json\/wp\/v2\/tags?post=310705"}],"curies":[{"name":"wp","href":"https:\/\/api.w.org\/{rel}","templated":true}]}}