{"id":310364,"date":"2025-02-12T14:59:12","date_gmt":"2025-02-12T19:59:12","guid":{"rendered":"https:\/\/www.fiscalia.gov.co\/colombia\/?p=310364"},"modified":"2025-02-12T14:59:50","modified_gmt":"2025-02-12T19:59:50","slug":"en-caqueta-fueron-judicializados-presuntos-responsables-de-transportar-mas-de-28-kilos-de-pasta-de-base-de-coca","status":"publish","type":"post","link":"https:\/\/www.fiscalia.gov.co\/colombia\/noticias\/en-caqueta-fueron-judicializados-presuntos-responsables-de-transportar-mas-de-28-kilos-de-pasta-de-base-de-coca\/","title":{"rendered":"En Caquet\u00e1 fueron judicializados presuntos responsables de transportar m\u00e1s de 28 kilos de pasta de base de coca"},"content":{"rendered":"<p>La Fiscal\u00eda General de la Naci\u00f3n judicializ\u00f3 a<strong> Alex\u00e1nder Parra Ortiz y Jhon Jairo Ortiz Mu\u00f1oz, por su presunta responsabilidad en el delito de tr\u00e1fico, fabricaci\u00f3n o porte de estupefacientes<\/strong>. El pasado 6 de febrero, al parecer, estos hombres estaban transportando m\u00e1s de 28 kilogramos de pasta de base de coca en una camioneta.<\/p>\n<figure id=\"attachment_310365\" aria-describedby=\"caption-attachment-310365\" style=\"width: 1600px\" class=\"wp-caption aligncenter\"><img loading=\"lazy\" decoding=\"async\" class=\"wp-image-310365 size-full\" src=\"https:\/\/www.fiscalia.gov.co\/colombia\/wp-content\/uploads\/incautacion-pasta-base-de-coca-san-jose-del-fragua-caqueta.jpeg\" alt=\"En la imagen se ven dos personas detenidas bajo custodia del CTI, Polic\u00eda y Ej\u00e9rcito. Delante de ellos una mesa con elementos incautados.\" width=\"1600\" height=\"900\" srcset=\"https:\/\/www.fiscalia.gov.co\/colombia\/wp-content\/uploads\/incautacion-pasta-base-de-coca-san-jose-del-fragua-caqueta.jpeg 1600w, https:\/\/www.fiscalia.gov.co\/colombia\/wp-content\/uploads\/incautacion-pasta-base-de-coca-san-jose-del-fragua-caqueta-300x169.jpeg 300w, https:\/\/www.fiscalia.gov.co\/colombia\/wp-content\/uploads\/incautacion-pasta-base-de-coca-san-jose-del-fragua-caqueta-1024x576.jpeg 1024w, https:\/\/www.fiscalia.gov.co\/colombia\/wp-content\/uploads\/incautacion-pasta-base-de-coca-san-jose-del-fragua-caqueta-768x432.jpeg 768w, https:\/\/www.fiscalia.gov.co\/colombia\/wp-content\/uploads\/incautacion-pasta-base-de-coca-san-jose-del-fragua-caqueta-1536x864.jpeg 1536w, https:\/\/www.fiscalia.gov.co\/colombia\/wp-content\/uploads\/incautacion-pasta-base-de-coca-san-jose-del-fragua-caqueta-747x420.jpeg 747w, https:\/\/www.fiscalia.gov.co\/colombia\/wp-content\/uploads\/incautacion-pasta-base-de-coca-san-jose-del-fragua-caqueta-696x392.jpeg 696w, https:\/\/www.fiscalia.gov.co\/colombia\/wp-content\/uploads\/incautacion-pasta-base-de-coca-san-jose-del-fragua-caqueta-1068x601.jpeg 1068w\" sizes=\"auto, (max-width: 1600px) 100vw, 1600px\" \/><figcaption id=\"caption-attachment-310365\" class=\"wp-caption-text\">Los dos sujetos fueron sorprendidos en flagrancia\u00a0cuando transportaban 28 kilos de pasta de base de coca en una camioneta dentro de una tula.<\/figcaption><\/figure>\n<p>Los hechos ocurrieron en San Jos\u00e9 del Fragua (Caquet\u00e1), donde se encontraba un puesto de control militar. <strong>Los uniformados detuvieron el veh\u00edculo, en el que se movilizaban los procesados, durante la revisi\u00f3n encontraron en los asientos traseros de la camioneta, tres paquetes con la sustancia<\/strong>. Esta situaci\u00f3n fue puesta en conocimiento del Cuerpo de Investigaci\u00f3n (CTI) y la Polic\u00eda Nacional de Bel\u00e9n de Los Andaqu\u00edes.<\/p>\n<p><strong>Al ser sometida a la prueba de identificaci\u00f3n preliminar homologada (PIPH), se confirm\u00f3 que la sustancia daba positivo para base de coca y sus derivados.<\/strong> Parra Ortiz y Ortiz Mu\u00f1oz fueron capturados en flagrancia, el primero acept\u00f3 el cargo imputado en su contra, mientras que el segundo no.<\/p>\n<p>Un juez de control de garant\u00edas impuso medida de aseguramiento en centro carcelario contra Parra Ortiz; mientras que a Jhon Jairo Ortiz Mu\u00f1oz detenci\u00f3n domiciliaria.<\/p>\n<p>Adem\u00e1s, se le impuso medida cautelar al veh\u00edculo y se incautaron dos celulares.<\/p>\n<p>&nbsp;<\/p>\n<p>PAAM\/LMFO\/AMCJ\/EMV\/DSC<\/p>\n<p>&nbsp;<\/p>\n<div class=\"td-post-content tagdiv-type\">\n<p><em>La informaci\u00f3n contenida en este bolet\u00edn de prensa corresponde a la narraci\u00f3n de los hechos noticiosos objetivos, suministrados por los funcionarios encargados de adelantar las investigaciones penales al interior de la Fiscal\u00eda General de la Naci\u00f3n. Para el momento de la divulgaci\u00f3n de este comunicado, la situaci\u00f3n jur\u00eddica de la(s) persona(s) relacionada(s) se encuentra pendiente de resolver por la autoridad judicial competente, siempre bajo los preceptos de la presunci\u00f3n de inocencia, consagrados en el art\u00edculo 29 de la Constituci\u00f3n Pol\u00edtica y el art\u00edculo 7\u00ba de la Ley 906 de 2004.<\/em><\/p>\n<\/div>\n<footer>\n<div class=\"td-post-source-tags\"><\/div>\n<div class=\"td-post-sharing-bottom\"><\/div>\n<\/footer>\n\n<div class=\"twitter-share\"><a href=\"https:\/\/twitter.com\/intent\/tweet?via=fiscaliacol\" class=\"twitter-share-button\">Tweet<\/a><\/div>\n","protected":false},"excerpt":{"rendered":"<p>La Fiscal\u00eda General de la Naci\u00f3n judicializ\u00f3 a Alex\u00e1nder Parra Ortiz y Jhon Jairo Ortiz Mu\u00f1oz, por su presunta responsabilidad en el delito de tr\u00e1fico, fabricaci\u00f3n o porte de estupefacientes. El pasado 6 de febrero, al parecer, estos hombres estaban transportando m\u00e1s de 28 kilogramos de pasta de base de coca en una camioneta. Los [&hellip;]<\/p>\n","protected":false},"author":175,"featured_media":0,"comment_status":"closed","ping_status":"open","sticky":false,"template":"","format":"standard","meta":{"tdm_status":"","tdm_grid_status":"","footnotes":""},"categories":[1,328],"tags":[25470,924,6489,14550,45,24478,667,37491,37514,1047,1185,38780,31495,24694,24379,155],"class_list":{"0":"post-310364","1":"post","2":"type-post","3":"status-publish","4":"format-standard","6":"category-noticias","7":"category-seccional-florencia","8":"tag-belen-de-los-andaquies","9":"tag-captura","10":"tag-caqueta","11":"tag-carcel","12":"tag-cti","13":"tag-domiciliaria","14":"tag-ejercito","15":"tag-fiscal-camargo","16":"tag-fiscal-general-luz-adriana-camargo","17":"tag-fiscalia-general-de-la-nacion","18":"tag-medida-de-aseguramiento","19":"tag-pasta-de-base-de-coca","20":"tag-puesto-de-control","21":"tag-san-jose-del-fragua","22":"tag-seccional-caqueta","23":"tag-trafico-de-estupefacientes"},"yoast_head":"<!-- This site is optimized with the Yoast SEO plugin v24.3 - https:\/\/yoast.com\/wordpress\/plugins\/seo\/ -->\n<title>Fiscal\u00eda General de la Naci\u00f3n<\/title>\n<meta name=\"description\" content=\"P\u00e1gina oficial de la Fiscal\u00eda General de la Naci\u00f3n \u2013 Colombia. Garantizamos el acceso efectivo a la justicia, la verdad y la reparaci\u00f3n de las v\u00edctimas de los delitos.\" \/>\n<meta name=\"robots\" content=\"noindex, follow\" \/>\n<meta property=\"og:locale\" content=\"es_ES\" \/>\n<meta property=\"og:type\" content=\"article\" \/>\n<meta property=\"og:title\" content=\"Fiscal\u00eda General de la Naci\u00f3n\" \/>\n<meta property=\"og:description\" content=\"P\u00e1gina oficial de la Fiscal\u00eda General de la Naci\u00f3n \u2013 Colombia. Garantizamos el acceso efectivo a la justicia, la verdad y la reparaci\u00f3n de las v\u00edctimas de los delitos.\" \/>\n<meta property=\"og:url\" content=\"https:\/\/www.fiscalia.gov.co\/colombia\/noticias\/en-caqueta-fueron-judicializados-presuntos-responsables-de-transportar-mas-de-28-kilos-de-pasta-de-base-de-coca\/\" \/>\n<meta property=\"og:site_name\" content=\"Fiscal\u00eda General de la Naci\u00f3n\" \/>\n<meta property=\"article:publisher\" content=\"https:\/\/www.facebook.com\/FiscaliaCol\" \/>\n<meta property=\"article:published_time\" content=\"2025-02-12T19:59:12+00:00\" \/>\n<meta property=\"article:modified_time\" content=\"2025-02-12T19:59:50+00:00\" \/>\n<meta property=\"og:image\" content=\"https:\/\/www.fiscalia.gov.co\/colombia\/wp-content\/uploads\/incautacion-pasta-base-de-coca-san-jose-del-fragua-caqueta.jpeg\" \/>\n\t<meta property=\"og:image:width\" content=\"1600\" \/>\n\t<meta property=\"og:image:height\" content=\"900\" \/>\n\t<meta property=\"og:image:type\" content=\"image\/jpeg\" \/>\n<meta name=\"author\" content=\"Katherine Loaiza Mart\u00ednez\" \/>\n<meta name=\"twitter:card\" content=\"summary_large_image\" \/>\n<meta name=\"twitter:creator\" content=\"@FiscaliaCol\" \/>\n<meta name=\"twitter:site\" content=\"@FiscaliaCol\" \/>\n<meta name=\"twitter:label1\" content=\"Escrito por\" \/>\n\t<meta name=\"twitter:data1\" content=\"Katherine Loaiza Mart\u00ednez\" \/>\n\t<meta name=\"twitter:label2\" content=\"Tiempo de lectura\" \/>\n\t<meta name=\"twitter:data2\" content=\"2 minutos\" \/>\n<script type=\"application\/ld+json\" class=\"yoast-schema-graph\">{\"@context\":\"https:\/\/schema.org\",\"@graph\":[{\"@type\":\"Article\",\"@id\":\"https:\/\/www.fiscalia.gov.co\/colombia\/noticias\/en-caqueta-fueron-judicializados-presuntos-responsables-de-transportar-mas-de-28-kilos-de-pasta-de-base-de-coca\/#article\",\"isPartOf\":{\"@id\":\"https:\/\/www.fiscalia.gov.co\/colombia\/noticias\/en-caqueta-fueron-judicializados-presuntos-responsables-de-transportar-mas-de-28-kilos-de-pasta-de-base-de-coca\/\"},\"author\":{\"name\":\"Katherine Loaiza Mart\u00ednez\",\"@id\":\"https:\/\/www.fiscalia.gov.co\/colombia\/#\/schema\/person\/2e76b9aba5ecf875ed565ce4de0e0415\"},\"headline\":\"En Caquet\u00e1 fueron judicializados presuntos responsables de transportar m\u00e1s de 28 kilos de pasta de base de coca\",\"datePublished\":\"2025-02-12T19:59:12+00:00\",\"dateModified\":\"2025-02-12T19:59:50+00:00\",\"mainEntityOfPage\":{\"@id\":\"https:\/\/www.fiscalia.gov.co\/colombia\/noticias\/en-caqueta-fueron-judicializados-presuntos-responsables-de-transportar-mas-de-28-kilos-de-pasta-de-base-de-coca\/\"},\"wordCount\":381,\"publisher\":{\"@id\":\"https:\/\/www.fiscalia.gov.co\/colombia\/#organization\"},\"image\":{\"@id\":\"https:\/\/www.fiscalia.gov.co\/colombia\/noticias\/en-caqueta-fueron-judicializados-presuntos-responsables-de-transportar-mas-de-28-kilos-de-pasta-de-base-de-coca\/#primaryimage\"},\"thumbnailUrl\":\"https:\/\/www.fiscalia.gov.co\/colombia\/wp-content\/uploads\/incautacion-pasta-base-de-coca-san-jose-del-fragua-caqueta.jpeg\",\"keywords\":[\"Bel\u00e9n de los Andaqu\u00edes\",\"Captura\",\"Caquet\u00e1\",\"C\u00e1rcel\",\"CTI\",\"domiciliaria\",\"Ej\u00e9rcito\",\"fiscal Camargo\",\"Fiscal General Luz Adriana Camargo\",\"Fiscal\u00eda General de la Naci\u00f3n\",\"Medida de aseguramiento\",\"pasta de base de coca\",\"puesto de control\",\"San Jos\u00e9 del Fragua\",\"Seccional Caquet\u00e1.\",\"Tr\u00e1fico de estupefacientes\"],\"articleSection\":[\"Noticias\",\"Seccional Florencia\"],\"inLanguage\":\"es-CO\"},{\"@type\":\"WebPage\",\"@id\":\"https:\/\/www.fiscalia.gov.co\/colombia\/noticias\/en-caqueta-fueron-judicializados-presuntos-responsables-de-transportar-mas-de-28-kilos-de-pasta-de-base-de-coca\/\",\"url\":\"https:\/\/www.fiscalia.gov.co\/colombia\/noticias\/en-caqueta-fueron-judicializados-presuntos-responsables-de-transportar-mas-de-28-kilos-de-pasta-de-base-de-coca\/\",\"name\":\"Fiscal\u00eda General de la Naci\u00f3n\",\"isPartOf\":{\"@id\":\"https:\/\/www.fiscalia.gov.co\/colombia\/#website\"},\"primaryImageOfPage\":{\"@id\":\"https:\/\/www.fiscalia.gov.co\/colombia\/noticias\/en-caqueta-fueron-judicializados-presuntos-responsables-de-transportar-mas-de-28-kilos-de-pasta-de-base-de-coca\/#primaryimage\"},\"image\":{\"@id\":\"https:\/\/www.fiscalia.gov.co\/colombia\/noticias\/en-caqueta-fueron-judicializados-presuntos-responsables-de-transportar-mas-de-28-kilos-de-pasta-de-base-de-coca\/#primaryimage\"},\"thumbnailUrl\":\"https:\/\/www.fiscalia.gov.co\/colombia\/wp-content\/uploads\/incautacion-pasta-base-de-coca-san-jose-del-fragua-caqueta.jpeg\",\"datePublished\":\"2025-02-12T19:59:12+00:00\",\"dateModified\":\"2025-02-12T19:59:50+00:00\",\"description\":\"P\u00e1gina oficial de la Fiscal\u00eda General de la Naci\u00f3n \u2013 Colombia. Garantizamos el acceso efectivo a la justicia, la verdad y la reparaci\u00f3n de las v\u00edctimas de los delitos.\",\"breadcrumb\":{\"@id\":\"https:\/\/www.fiscalia.gov.co\/colombia\/noticias\/en-caqueta-fueron-judicializados-presuntos-responsables-de-transportar-mas-de-28-kilos-de-pasta-de-base-de-coca\/#breadcrumb\"},\"inLanguage\":\"es-CO\",\"potentialAction\":[{\"@type\":\"ReadAction\",\"target\":[\"https:\/\/www.fiscalia.gov.co\/colombia\/noticias\/en-caqueta-fueron-judicializados-presuntos-responsables-de-transportar-mas-de-28-kilos-de-pasta-de-base-de-coca\/\"]}]},{\"@type\":\"ImageObject\",\"inLanguage\":\"es-CO\",\"@id\":\"https:\/\/www.fiscalia.gov.co\/colombia\/noticias\/en-caqueta-fueron-judicializados-presuntos-responsables-de-transportar-mas-de-28-kilos-de-pasta-de-base-de-coca\/#primaryimage\",\"url\":\"https:\/\/www.fiscalia.gov.co\/colombia\/wp-content\/uploads\/incautacion-pasta-base-de-coca-san-jose-del-fragua-caqueta.jpeg\",\"contentUrl\":\"https:\/\/www.fiscalia.gov.co\/colombia\/wp-content\/uploads\/incautacion-pasta-base-de-coca-san-jose-del-fragua-caqueta.jpeg\",\"width\":1600,\"height\":900},{\"@type\":\"BreadcrumbList\",\"@id\":\"https:\/\/www.fiscalia.gov.co\/colombia\/noticias\/en-caqueta-fueron-judicializados-presuntos-responsables-de-transportar-mas-de-28-kilos-de-pasta-de-base-de-coca\/#breadcrumb\",\"itemListElement\":[{\"@type\":\"ListItem\",\"position\":1,\"name\":\"Home\",\"item\":\"https:\/\/www.fiscalia.gov.co\/colombia\/\"},{\"@type\":\"ListItem\",\"position\":2,\"name\":\"En Caquet\u00e1 fueron judicializados presuntos responsables de transportar m\u00e1s de 28 kilos de pasta de base de coca\"}]},{\"@type\":\"WebSite\",\"@id\":\"https:\/\/www.fiscalia.gov.co\/colombia\/#website\",\"url\":\"https:\/\/www.fiscalia.gov.co\/colombia\/\",\"name\":\"Fiscal\u00eda General de la Naci\u00f3n\",\"description\":\"P\u00e1gina oficial de la Fiscal\u00eda General de la Naci\u00f3n \u2013 Colombia. Garantizamos el acceso efectivo a la justicia, la verdad y la reparaci\u00f3n de las v\u00edctimas de los delitos.\",\"publisher\":{\"@id\":\"https:\/\/www.fiscalia.gov.co\/colombia\/#organization\"},\"potentialAction\":[{\"@type\":\"SearchAction\",\"target\":{\"@type\":\"EntryPoint\",\"urlTemplate\":\"https:\/\/www.fiscalia.gov.co\/colombia\/?s={search_term_string}\"},\"query-input\":{\"@type\":\"PropertyValueSpecification\",\"valueRequired\":true,\"valueName\":\"search_term_string\"}}],\"inLanguage\":\"es-CO\"},{\"@type\":\"Organization\",\"@id\":\"https:\/\/www.fiscalia.gov.co\/colombia\/#organization\",\"name\":\"Fiscal\u00eda General de la Naci\u00f3n\",\"url\":\"https:\/\/www.fiscalia.gov.co\/colombia\/\",\"logo\":{\"@type\":\"ImageObject\",\"inLanguage\":\"es-CO\",\"@id\":\"https:\/\/www.fiscalia.gov.co\/colombia\/#\/schema\/logo\/image\/\",\"url\":\"https:\/\/www.fiscalia.gov.co\/colombia\/wp-content\/uploads\/LogoHorizontal_1.jpg\",\"contentUrl\":\"https:\/\/www.fiscalia.gov.co\/colombia\/wp-content\/uploads\/LogoHorizontal_1.jpg\",\"width\":300,\"height\":90,\"caption\":\"Fiscal\u00eda General de la Naci\u00f3n\"},\"image\":{\"@id\":\"https:\/\/www.fiscalia.gov.co\/colombia\/#\/schema\/logo\/image\/\"},\"sameAs\":[\"https:\/\/www.facebook.com\/FiscaliaCol\",\"https:\/\/x.com\/FiscaliaCol\",\"https:\/\/www.instagram.com\/fiscaliacol\",\"https:\/\/www.linkedin.com\/company\/fiscalia-general-de-la-naci-n\/\",\"https:\/\/youtube.com\/@fiscaliageneraldelanacion-4668?si=6nN79nyQICPU5iTh\"]},{\"@type\":\"Person\",\"@id\":\"https:\/\/www.fiscalia.gov.co\/colombia\/#\/schema\/person\/2e76b9aba5ecf875ed565ce4de0e0415\",\"name\":\"Katherine Loaiza Mart\u00ednez\",\"image\":{\"@type\":\"ImageObject\",\"inLanguage\":\"es-CO\",\"@id\":\"https:\/\/www.fiscalia.gov.co\/colombia\/#\/schema\/person\/image\/\",\"url\":\"https:\/\/secure.gravatar.com\/avatar\/ab775a2f394c1b83b6d6f78680e57b50?s=96&d=mm&r=g\",\"contentUrl\":\"https:\/\/secure.gravatar.com\/avatar\/ab775a2f394c1b83b6d6f78680e57b50?s=96&d=mm&r=g\",\"caption\":\"Katherine Loaiza Mart\u00ednez\"},\"url\":\"https:\/\/www.fiscalia.gov.co\/colombia\/author\/kloaiza\/\"}]}<\/script>\n<!-- \/ Yoast SEO plugin. -->","yoast_head_json":{"title":"Fiscal\u00eda General de la Naci\u00f3n","description":"P\u00e1gina oficial de la Fiscal\u00eda General de la Naci\u00f3n \u2013 Colombia. Garantizamos el acceso efectivo a la justicia, la verdad y la reparaci\u00f3n de las v\u00edctimas de los delitos.","robots":{"index":"noindex","follow":"follow"},"og_locale":"es_ES","og_type":"article","og_title":"Fiscal\u00eda General de la Naci\u00f3n","og_description":"P\u00e1gina oficial de la Fiscal\u00eda General de la Naci\u00f3n \u2013 Colombia. Garantizamos el acceso efectivo a la justicia, la verdad y la reparaci\u00f3n de las v\u00edctimas de los delitos.","og_url":"https:\/\/www.fiscalia.gov.co\/colombia\/noticias\/en-caqueta-fueron-judicializados-presuntos-responsables-de-transportar-mas-de-28-kilos-de-pasta-de-base-de-coca\/","og_site_name":"Fiscal\u00eda General de la Naci\u00f3n","article_publisher":"https:\/\/www.facebook.com\/FiscaliaCol","article_published_time":"2025-02-12T19:59:12+00:00","article_modified_time":"2025-02-12T19:59:50+00:00","og_image":[{"width":1600,"height":900,"url":"https:\/\/www.fiscalia.gov.co\/colombia\/wp-content\/uploads\/incautacion-pasta-base-de-coca-san-jose-del-fragua-caqueta.jpeg","type":"image\/jpeg"}],"author":"Katherine Loaiza Mart\u00ednez","twitter_card":"summary_large_image","twitter_creator":"@FiscaliaCol","twitter_site":"@FiscaliaCol","twitter_misc":{"Escrito por":"Katherine Loaiza Mart\u00ednez","Tiempo de lectura":"2 minutos"},"schema":{"@context":"https:\/\/schema.org","@graph":[{"@type":"Article","@id":"https:\/\/www.fiscalia.gov.co\/colombia\/noticias\/en-caqueta-fueron-judicializados-presuntos-responsables-de-transportar-mas-de-28-kilos-de-pasta-de-base-de-coca\/#article","isPartOf":{"@id":"https:\/\/www.fiscalia.gov.co\/colombia\/noticias\/en-caqueta-fueron-judicializados-presuntos-responsables-de-transportar-mas-de-28-kilos-de-pasta-de-base-de-coca\/"},"author":{"name":"Katherine Loaiza Mart\u00ednez","@id":"https:\/\/www.fiscalia.gov.co\/colombia\/#\/schema\/person\/2e76b9aba5ecf875ed565ce4de0e0415"},"headline":"En Caquet\u00e1 fueron judicializados presuntos responsables de transportar m\u00e1s de 28 kilos de pasta de base de coca","datePublished":"2025-02-12T19:59:12+00:00","dateModified":"2025-02-12T19:59:50+00:00","mainEntityOfPage":{"@id":"https:\/\/www.fiscalia.gov.co\/colombia\/noticias\/en-caqueta-fueron-judicializados-presuntos-responsables-de-transportar-mas-de-28-kilos-de-pasta-de-base-de-coca\/"},"wordCount":381,"publisher":{"@id":"https:\/\/www.fiscalia.gov.co\/colombia\/#organization"},"image":{"@id":"https:\/\/www.fiscalia.gov.co\/colombia\/noticias\/en-caqueta-fueron-judicializados-presuntos-responsables-de-transportar-mas-de-28-kilos-de-pasta-de-base-de-coca\/#primaryimage"},"thumbnailUrl":"https:\/\/www.fiscalia.gov.co\/colombia\/wp-content\/uploads\/incautacion-pasta-base-de-coca-san-jose-del-fragua-caqueta.jpeg","keywords":["Bel\u00e9n de los Andaqu\u00edes","Captura","Caquet\u00e1","C\u00e1rcel","CTI","domiciliaria","Ej\u00e9rcito","fiscal Camargo","Fiscal General Luz Adriana Camargo","Fiscal\u00eda General de la Naci\u00f3n","Medida de aseguramiento","pasta de base de coca","puesto de control","San Jos\u00e9 del Fragua","Seccional Caquet\u00e1.","Tr\u00e1fico de estupefacientes"],"articleSection":["Noticias","Seccional Florencia"],"inLanguage":"es-CO"},{"@type":"WebPage","@id":"https:\/\/www.fiscalia.gov.co\/colombia\/noticias\/en-caqueta-fueron-judicializados-presuntos-responsables-de-transportar-mas-de-28-kilos-de-pasta-de-base-de-coca\/","url":"https:\/\/www.fiscalia.gov.co\/colombia\/noticias\/en-caqueta-fueron-judicializados-presuntos-responsables-de-transportar-mas-de-28-kilos-de-pasta-de-base-de-coca\/","name":"Fiscal\u00eda General de la Naci\u00f3n","isPartOf":{"@id":"https:\/\/www.fiscalia.gov.co\/colombia\/#website"},"primaryImageOfPage":{"@id":"https:\/\/www.fiscalia.gov.co\/colombia\/noticias\/en-caqueta-fueron-judicializados-presuntos-responsables-de-transportar-mas-de-28-kilos-de-pasta-de-base-de-coca\/#primaryimage"},"image":{"@id":"https:\/\/www.fiscalia.gov.co\/colombia\/noticias\/en-caqueta-fueron-judicializados-presuntos-responsables-de-transportar-mas-de-28-kilos-de-pasta-de-base-de-coca\/#primaryimage"},"thumbnailUrl":"https:\/\/www.fiscalia.gov.co\/colombia\/wp-content\/uploads\/incautacion-pasta-base-de-coca-san-jose-del-fragua-caqueta.jpeg","datePublished":"2025-02-12T19:59:12+00:00","dateModified":"2025-02-12T19:59:50+00:00","description":"P\u00e1gina oficial de la Fiscal\u00eda General de la Naci\u00f3n \u2013 Colombia. Garantizamos el acceso efectivo a la justicia, la verdad y la reparaci\u00f3n de las v\u00edctimas de los delitos.","breadcrumb":{"@id":"https:\/\/www.fiscalia.gov.co\/colombia\/noticias\/en-caqueta-fueron-judicializados-presuntos-responsables-de-transportar-mas-de-28-kilos-de-pasta-de-base-de-coca\/#breadcrumb"},"inLanguage":"es-CO","potentialAction":[{"@type":"ReadAction","target":["https:\/\/www.fiscalia.gov.co\/colombia\/noticias\/en-caqueta-fueron-judicializados-presuntos-responsables-de-transportar-mas-de-28-kilos-de-pasta-de-base-de-coca\/"]}]},{"@type":"ImageObject","inLanguage":"es-CO","@id":"https:\/\/www.fiscalia.gov.co\/colombia\/noticias\/en-caqueta-fueron-judicializados-presuntos-responsables-de-transportar-mas-de-28-kilos-de-pasta-de-base-de-coca\/#primaryimage","url":"https:\/\/www.fiscalia.gov.co\/colombia\/wp-content\/uploads\/incautacion-pasta-base-de-coca-san-jose-del-fragua-caqueta.jpeg","contentUrl":"https:\/\/www.fiscalia.gov.co\/colombia\/wp-content\/uploads\/incautacion-pasta-base-de-coca-san-jose-del-fragua-caqueta.jpeg","width":1600,"height":900},{"@type":"BreadcrumbList","@id":"https:\/\/www.fiscalia.gov.co\/colombia\/noticias\/en-caqueta-fueron-judicializados-presuntos-responsables-de-transportar-mas-de-28-kilos-de-pasta-de-base-de-coca\/#breadcrumb","itemListElement":[{"@type":"ListItem","position":1,"name":"Home","item":"https:\/\/www.fiscalia.gov.co\/colombia\/"},{"@type":"ListItem","position":2,"name":"En Caquet\u00e1 fueron judicializados presuntos responsables de transportar m\u00e1s de 28 kilos de pasta de base de coca"}]},{"@type":"WebSite","@id":"https:\/\/www.fiscalia.gov.co\/colombia\/#website","url":"https:\/\/www.fiscalia.gov.co\/colombia\/","name":"Fiscal\u00eda General de la Naci\u00f3n","description":"P\u00e1gina oficial de la Fiscal\u00eda General de la Naci\u00f3n \u2013 Colombia. Garantizamos el acceso efectivo a la justicia, la verdad y la reparaci\u00f3n de las v\u00edctimas de los delitos.","publisher":{"@id":"https:\/\/www.fiscalia.gov.co\/colombia\/#organization"},"potentialAction":[{"@type":"SearchAction","target":{"@type":"EntryPoint","urlTemplate":"https:\/\/www.fiscalia.gov.co\/colombia\/?s={search_term_string}"},"query-input":{"@type":"PropertyValueSpecification","valueRequired":true,"valueName":"search_term_string"}}],"inLanguage":"es-CO"},{"@type":"Organization","@id":"https:\/\/www.fiscalia.gov.co\/colombia\/#organization","name":"Fiscal\u00eda General de la Naci\u00f3n","url":"https:\/\/www.fiscalia.gov.co\/colombia\/","logo":{"@type":"ImageObject","inLanguage":"es-CO","@id":"https:\/\/www.fiscalia.gov.co\/colombia\/#\/schema\/logo\/image\/","url":"https:\/\/www.fiscalia.gov.co\/colombia\/wp-content\/uploads\/LogoHorizontal_1.jpg","contentUrl":"https:\/\/www.fiscalia.gov.co\/colombia\/wp-content\/uploads\/LogoHorizontal_1.jpg","width":300,"height":90,"caption":"Fiscal\u00eda General de la Naci\u00f3n"},"image":{"@id":"https:\/\/www.fiscalia.gov.co\/colombia\/#\/schema\/logo\/image\/"},"sameAs":["https:\/\/www.facebook.com\/FiscaliaCol","https:\/\/x.com\/FiscaliaCol","https:\/\/www.instagram.com\/fiscaliacol","https:\/\/www.linkedin.com\/company\/fiscalia-general-de-la-naci-n\/","https:\/\/youtube.com\/@fiscaliageneraldelanacion-4668?si=6nN79nyQICPU5iTh"]},{"@type":"Person","@id":"https:\/\/www.fiscalia.gov.co\/colombia\/#\/schema\/person\/2e76b9aba5ecf875ed565ce4de0e0415","name":"Katherine Loaiza Mart\u00ednez","image":{"@type":"ImageObject","inLanguage":"es-CO","@id":"https:\/\/www.fiscalia.gov.co\/colombia\/#\/schema\/person\/image\/","url":"https:\/\/secure.gravatar.com\/avatar\/ab775a2f394c1b83b6d6f78680e57b50?s=96&d=mm&r=g","contentUrl":"https:\/\/secure.gravatar.com\/avatar\/ab775a2f394c1b83b6d6f78680e57b50?s=96&d=mm&r=g","caption":"Katherine Loaiza Mart\u00ednez"},"url":"https:\/\/www.fiscalia.gov.co\/colombia\/author\/kloaiza\/"}]}},"_links":{"self":[{"href":"https:\/\/www.fiscalia.gov.co\/colombia\/wp-json\/wp\/v2\/posts\/310364","targetHints":{"allow":["GET"]}}],"collection":[{"href":"https:\/\/www.fiscalia.gov.co\/colombia\/wp-json\/wp\/v2\/posts"}],"about":[{"href":"https:\/\/www.fiscalia.gov.co\/colombia\/wp-json\/wp\/v2\/types\/post"}],"author":[{"embeddable":true,"href":"https:\/\/www.fiscalia.gov.co\/colombia\/wp-json\/wp\/v2\/users\/175"}],"replies":[{"embeddable":true,"href":"https:\/\/www.fiscalia.gov.co\/colombia\/wp-json\/wp\/v2\/comments?post=310364"}],"version-history":[{"count":2,"href":"https:\/\/www.fiscalia.gov.co\/colombia\/wp-json\/wp\/v2\/posts\/310364\/revisions"}],"predecessor-version":[{"id":310367,"href":"https:\/\/www.fiscalia.gov.co\/colombia\/wp-json\/wp\/v2\/posts\/310364\/revisions\/310367"}],"wp:attachment":[{"href":"https:\/\/www.fiscalia.gov.co\/colombia\/wp-json\/wp\/v2\/media?parent=310364"}],"wp:term":[{"taxonomy":"category","embeddable":true,"href":"https:\/\/www.fiscalia.gov.co\/colombia\/wp-json\/wp\/v2\/categories?post=310364"},{"taxonomy":"post_tag","embeddable":true,"href":"https:\/\/www.fiscalia.gov.co\/colombia\/wp-json\/wp\/v2\/tags?post=310364"}],"curies":[{"name":"wp","href":"https:\/\/api.w.org\/{rel}","templated":true}]}}