{"id":310059,"date":"2025-02-07T16:38:10","date_gmt":"2025-02-07T21:38:10","guid":{"rendered":"https:\/\/www.fiscalia.gov.co\/colombia\/?p=310059"},"modified":"2025-02-07T16:52:35","modified_gmt":"2025-02-07T21:52:35","slug":"fiscalia-desmantela-organizacion-responsable-de-comercializar-estupefacientes-en-puerto-narino-amazonas","status":"publish","type":"post","link":"https:\/\/www.fiscalia.gov.co\/colombia\/noticias\/fiscalia-desmantela-organizacion-responsable-de-comercializar-estupefacientes-en-puerto-narino-amazonas\/","title":{"rendered":"Fiscal\u00eda desmantela organizaci\u00f3n responsable de comercializar estupefacientes en Puerto Nari\u00f1o (Amazonas)"},"content":{"rendered":"<blockquote>\n<h4 style=\"text-align: left;\"><strong><em>Cinco personas fueron judicializadas, una de ellas, habr\u00eda instrumentalizado a su hijo para el comercio il\u00edcito de las sustancias ilegales.<\/em><\/strong><\/h4>\n<\/blockquote>\n<p>&nbsp;<\/p>\n<p>Un fiscal de la<strong> Seccional Amazonas present\u00f3 ante un juez de control de garant\u00edas en Leticia a cinco presuntos integrantes de la organizaci\u00f3n ilegal Los del Progreso<\/strong>, red dedicada a comercializar marihuana y coca\u00edna en barrios vulnerables del municipio de Puerto Nari\u00f1o (Amazonas).<\/p>\n<figure id=\"attachment_310060\" aria-describedby=\"caption-attachment-310060\" style=\"width: 2560px\" class=\"wp-caption aligncenter\"><img loading=\"lazy\" decoding=\"async\" class=\"size-full wp-image-310060\" src=\"https:\/\/www.fiscalia.gov.co\/colombia\/wp-content\/uploads\/Puerto-Narino-Los-del-Progreso-organizacional-dedicada-al-narcotrafico-scaled.jpeg\" alt=\"se observa a los capturados custodiados por dos uniformados de la Polic\u00eda Nacional, est\u00e1n ubicados al frente a la estaci\u00f3n de Polic\u00eda de Puerto Nari\u00f1o y a la derecha de los capturados se observa las banderas de Colombia y Amazonas\" width=\"2560\" height=\"1920\" srcset=\"https:\/\/www.fiscalia.gov.co\/colombia\/wp-content\/uploads\/Puerto-Narino-Los-del-Progreso-organizacional-dedicada-al-narcotrafico-scaled.jpeg 2560w, https:\/\/www.fiscalia.gov.co\/colombia\/wp-content\/uploads\/Puerto-Narino-Los-del-Progreso-organizacional-dedicada-al-narcotrafico-300x225.jpeg 300w, https:\/\/www.fiscalia.gov.co\/colombia\/wp-content\/uploads\/Puerto-Narino-Los-del-Progreso-organizacional-dedicada-al-narcotrafico-1024x768.jpeg 1024w, https:\/\/www.fiscalia.gov.co\/colombia\/wp-content\/uploads\/Puerto-Narino-Los-del-Progreso-organizacional-dedicada-al-narcotrafico-768x576.jpeg 768w, https:\/\/www.fiscalia.gov.co\/colombia\/wp-content\/uploads\/Puerto-Narino-Los-del-Progreso-organizacional-dedicada-al-narcotrafico-1536x1152.jpeg 1536w, https:\/\/www.fiscalia.gov.co\/colombia\/wp-content\/uploads\/Puerto-Narino-Los-del-Progreso-organizacional-dedicada-al-narcotrafico-2048x1536.jpeg 2048w, https:\/\/www.fiscalia.gov.co\/colombia\/wp-content\/uploads\/Puerto-Narino-Los-del-Progreso-organizacional-dedicada-al-narcotrafico-560x420.jpeg 560w, https:\/\/www.fiscalia.gov.co\/colombia\/wp-content\/uploads\/Puerto-Narino-Los-del-Progreso-organizacional-dedicada-al-narcotrafico-80x60.jpeg 80w, https:\/\/www.fiscalia.gov.co\/colombia\/wp-content\/uploads\/Puerto-Narino-Los-del-Progreso-organizacional-dedicada-al-narcotrafico-696x522.jpeg 696w, https:\/\/www.fiscalia.gov.co\/colombia\/wp-content\/uploads\/Puerto-Narino-Los-del-Progreso-organizacional-dedicada-al-narcotrafico-1068x801.jpeg 1068w, https:\/\/www.fiscalia.gov.co\/colombia\/wp-content\/uploads\/Puerto-Narino-Los-del-Progreso-organizacional-dedicada-al-narcotrafico-1920x1440.jpeg 1920w, https:\/\/www.fiscalia.gov.co\/colombia\/wp-content\/uploads\/Puerto-Narino-Los-del-Progreso-organizacional-dedicada-al-narcotrafico-265x198.jpeg 265w\" sizes=\"auto, (max-width: 2560px) 100vw, 2560px\" \/><figcaption id=\"caption-attachment-310060\" class=\"wp-caption-text\"><br \/>Labores de polic\u00eda judicial evidenciaron que en varias de las acciones ilegales eran instrumentalizados menores de edad.<\/figcaption><\/figure>\n<p>Se trata de los hermanos<strong> Ever y Germ\u00e1n Castillo Pe\u00f1a, quienes en compa\u00f1\u00eda de Luis Ricardo R\u00edos Macho, Luis Alberto Salazar S\u00e1nchez, Jos\u00e9 Manuel Pinedo Santos y Sander \u00c1ngel Mel\u00e9ndez Silvano vendr\u00edan distribuyendo estupefacientes al menudeo en sus viviendas.<\/strong><\/p>\n<p>Labores de polic\u00eda judicial evidenciaron que en varias de las acciones ilegales eran instrumentalizados menores de edad. Esta \u00faltima conducta fue atribuida a Mel\u00e9ndez Silvano, quien se cree recurr\u00eda a su hijo para distribuir las sustancias il\u00edcitas con valores de entre 5.000 y 10.000 pesos.<\/p>\n<p>Por estos hechos, la <strong>Fiscal\u00eda imput\u00f3 a los procesados, seg\u00fan sus responsabilidades individuales, delitos como destinaci\u00f3n il\u00edcita de muebles o inmuebles, y tr\u00e1fico, fabricaci\u00f3n o porte de estupefacientes y uso de menores de edad para la comisi\u00f3n de un delito.<\/strong><\/p>\n<p><strong>Los procesados fueron capturados por la Polic\u00eda Nacional en el municipio de Puerto Nari\u00f1o (Amazonas).<\/strong> Con este procedimiento fue desmantelada la organizaci\u00f3n ilegal.<\/p>\n<p>Por petici\u00f3n de la Fiscal\u00eda General de la Naci\u00f3n, a los investigados le fue impuesta medida de aseguramiento en centro carcelario. Ninguno acept\u00f3 su responsabilidad en los delitos imputados.<\/p>\n<p>MARA\/MAGA\/DOPM<\/p>\n<p>&nbsp;<\/p>\n<p><strong>Tambi\u00e9n le puede interesar:<\/strong> <a href=\"https:\/\/www.fiscalia.gov.co\/colombia\/noticias\/asegurados-tres-hombres-presuntamente-dedicados-al-trafico-de-estupefacientes-en-amazonas\/\">Asegurados tres hombres presuntamente dedicados al tr\u00e1fico de estupefacientes en Amazonas<\/a><\/p>\n<p><em>La informaci\u00f3n contenida en este bolet\u00edn de prensa corresponde a la narraci\u00f3n de los hechos noticiosos objetivos, suministrados por los funcionarios encargados de adelantar las investigaciones penales al interior de la Fiscal\u00eda General de la Naci\u00f3n. Para el momento de la divulgaci\u00f3n de este comunicado, la situaci\u00f3n jur\u00eddica de la(s) persona(s) relacionada(s) se encuentra pendiente de resolver por la autoridad judicial competente, siempre bajo los preceptos de la presunci\u00f3n de inocencia, consagrados en el art\u00edculo 29 de la Constituci\u00f3n Pol\u00edtica y el art\u00edculo 7\u00ba de la Ley 906 de 2004.<\/em><\/p>\n\n<div class=\"twitter-share\"><a href=\"https:\/\/twitter.com\/intent\/tweet?via=fiscaliacol\" class=\"twitter-share-button\">Tweet<\/a><\/div>\n","protected":false},"excerpt":{"rendered":"<p>Cinco personas fueron judicializadas, una de ellas, habr\u00eda instrumentalizado a su hijo para el comercio il\u00edcito de las sustancias ilegales. &nbsp; Un fiscal de la Seccional Amazonas present\u00f3 ante un juez de control de garant\u00edas en Leticia a cinco presuntos integrantes de la organizaci\u00f3n ilegal Los del Progreso, red dedicada a comercializar marihuana y coca\u00edna [&hellip;]<\/p>\n","protected":false},"author":175,"featured_media":0,"comment_status":"closed","ping_status":"open","sticky":false,"template":"","format":"standard","meta":{"_price":"","_stock":"","_tribe_ticket_header":"","_tribe_default_ticket_provider":"","_tribe_ticket_capacity":"0","_ticket_start_date":"","_ticket_end_date":"","_tribe_ticket_show_description":"","_tribe_ticket_show_not_going":false,"_tribe_ticket_use_global_stock":"","_tribe_ticket_global_stock_level":"","_global_stock_mode":"","_global_stock_cap":"","_tribe_rsvp_for_event":"","_tribe_ticket_going_count":"","_tribe_ticket_not_going_count":"","_tribe_tickets_list":"[]","_tribe_ticket_has_attendee_info_fields":false,"tdm_status":"","tdm_grid_status":"","footnotes":""},"categories":[1,24153,24103],"tags":[40063,924,27194,37578,37892,40062,40064,148,25172],"class_list":{"0":"post-310059","1":"post","2":"type-post","3":"status-publish","4":"format-standard","6":"category-noticias","7":"category-seccional-leticia","8":"category-trafico-de-estupefacientes","9":"tag-agente-en-cubierto","10":"tag-captura","11":"tag-destinacion-ilicita-de-muebles-o-inmuebles","12":"tag-fiscal-luz-adriana","13":"tag-fiscal-luz-adriana-camargo-garzon","14":"tag-fiscalia-amazonas-amazonas","15":"tag-los-del-progreso","16":"tag-narcotrafico","17":"tag-puerto-narino"},"yoast_head":"<!-- This site is optimized with the Yoast SEO plugin v24.3 - https:\/\/yoast.com\/wordpress\/plugins\/seo\/ -->\n<title>Fiscal\u00eda General de la Naci\u00f3n<\/title>\n<meta name=\"description\" content=\"P\u00e1gina oficial de la Fiscal\u00eda General de la Naci\u00f3n \u2013 Colombia. Garantizamos el acceso efectivo a la justicia, la verdad y la reparaci\u00f3n de las v\u00edctimas de los delitos.\" \/>\n<meta name=\"robots\" content=\"noindex, follow\" \/>\n<meta property=\"og:locale\" content=\"es_ES\" \/>\n<meta property=\"og:type\" content=\"article\" \/>\n<meta property=\"og:title\" content=\"Fiscal\u00eda General de la Naci\u00f3n\" \/>\n<meta property=\"og:description\" content=\"P\u00e1gina oficial de la Fiscal\u00eda General de la Naci\u00f3n \u2013 Colombia. Garantizamos el acceso efectivo a la justicia, la verdad y la reparaci\u00f3n de las v\u00edctimas de los delitos.\" \/>\n<meta property=\"og:url\" content=\"https:\/\/www.fiscalia.gov.co\/colombia\/noticias\/fiscalia-desmantela-organizacion-responsable-de-comercializar-estupefacientes-en-puerto-narino-amazonas\/\" \/>\n<meta property=\"og:site_name\" content=\"Fiscal\u00eda General de la Naci\u00f3n\" \/>\n<meta property=\"article:publisher\" content=\"https:\/\/www.facebook.com\/FiscaliaCol\" \/>\n<meta property=\"article:published_time\" content=\"2025-02-07T21:38:10+00:00\" \/>\n<meta property=\"article:modified_time\" content=\"2025-02-07T21:52:35+00:00\" \/>\n<meta property=\"og:image\" content=\"https:\/\/www.fiscalia.gov.co\/colombia\/wp-content\/uploads\/Puerto-Narino-Los-del-Progreso-organizacional-dedicada-al-narcotrafico-scaled.jpeg\" \/>\n\t<meta property=\"og:image:width\" content=\"2560\" \/>\n\t<meta property=\"og:image:height\" content=\"1920\" \/>\n\t<meta property=\"og:image:type\" content=\"image\/jpeg\" \/>\n<meta name=\"author\" content=\"Katherine Loaiza Mart\u00ednez\" \/>\n<meta name=\"twitter:card\" content=\"summary_large_image\" \/>\n<meta name=\"twitter:creator\" content=\"@FiscaliaCol\" \/>\n<meta name=\"twitter:site\" content=\"@FiscaliaCol\" \/>\n<meta name=\"twitter:label1\" content=\"Escrito por\" \/>\n\t<meta name=\"twitter:data1\" content=\"Katherine Loaiza Mart\u00ednez\" \/>\n\t<meta name=\"twitter:label2\" content=\"Tiempo de lectura\" \/>\n\t<meta name=\"twitter:data2\" content=\"2 minutos\" \/>\n<script type=\"application\/ld+json\" class=\"yoast-schema-graph\">{\"@context\":\"https:\/\/schema.org\",\"@graph\":[{\"@type\":\"Article\",\"@id\":\"https:\/\/www.fiscalia.gov.co\/colombia\/noticias\/fiscalia-desmantela-organizacion-responsable-de-comercializar-estupefacientes-en-puerto-narino-amazonas\/#article\",\"isPartOf\":{\"@id\":\"https:\/\/www.fiscalia.gov.co\/colombia\/noticias\/fiscalia-desmantela-organizacion-responsable-de-comercializar-estupefacientes-en-puerto-narino-amazonas\/\"},\"author\":{\"name\":\"Katherine Loaiza Mart\u00ednez\",\"@id\":\"https:\/\/www.fiscalia.gov.co\/colombia\/#\/schema\/person\/2e76b9aba5ecf875ed565ce4de0e0415\"},\"headline\":\"Fiscal\u00eda desmantela organizaci\u00f3n responsable de comercializar estupefacientes en Puerto Nari\u00f1o (Amazonas)\",\"datePublished\":\"2025-02-07T21:38:10+00:00\",\"dateModified\":\"2025-02-07T21:52:35+00:00\",\"mainEntityOfPage\":{\"@id\":\"https:\/\/www.fiscalia.gov.co\/colombia\/noticias\/fiscalia-desmantela-organizacion-responsable-de-comercializar-estupefacientes-en-puerto-narino-amazonas\/\"},\"wordCount\":430,\"publisher\":{\"@id\":\"https:\/\/www.fiscalia.gov.co\/colombia\/#organization\"},\"image\":{\"@id\":\"https:\/\/www.fiscalia.gov.co\/colombia\/noticias\/fiscalia-desmantela-organizacion-responsable-de-comercializar-estupefacientes-en-puerto-narino-amazonas\/#primaryimage\"},\"thumbnailUrl\":\"https:\/\/www.fiscalia.gov.co\/colombia\/wp-content\/uploads\/Puerto-Narino-Los-del-Progreso-organizacional-dedicada-al-narcotrafico-scaled.jpeg\",\"keywords\":[\"agente en cubierto\",\"Captura\",\"destinaci\u00f3n il\u00edcita de muebles o inmuebles\",\"Fiscal Luz Adriana\",\"Fiscal Luz Adriana Camargo Garz\u00f3n\",\"Fiscal\u00eda Amazonas \u00a0Amazonas\",\"Los del Progreso\",\"Narcotr\u00e1fico\",\"Puerto Nari\u00f1o\"],\"articleSection\":[\"Noticias\",\"Seccional Leticia\",\"Tr\u00e1fico de estupefacientes\"],\"inLanguage\":\"es-CO\"},{\"@type\":\"WebPage\",\"@id\":\"https:\/\/www.fiscalia.gov.co\/colombia\/noticias\/fiscalia-desmantela-organizacion-responsable-de-comercializar-estupefacientes-en-puerto-narino-amazonas\/\",\"url\":\"https:\/\/www.fiscalia.gov.co\/colombia\/noticias\/fiscalia-desmantela-organizacion-responsable-de-comercializar-estupefacientes-en-puerto-narino-amazonas\/\",\"name\":\"Fiscal\u00eda General de la Naci\u00f3n\",\"isPartOf\":{\"@id\":\"https:\/\/www.fiscalia.gov.co\/colombia\/#website\"},\"primaryImageOfPage\":{\"@id\":\"https:\/\/www.fiscalia.gov.co\/colombia\/noticias\/fiscalia-desmantela-organizacion-responsable-de-comercializar-estupefacientes-en-puerto-narino-amazonas\/#primaryimage\"},\"image\":{\"@id\":\"https:\/\/www.fiscalia.gov.co\/colombia\/noticias\/fiscalia-desmantela-organizacion-responsable-de-comercializar-estupefacientes-en-puerto-narino-amazonas\/#primaryimage\"},\"thumbnailUrl\":\"https:\/\/www.fiscalia.gov.co\/colombia\/wp-content\/uploads\/Puerto-Narino-Los-del-Progreso-organizacional-dedicada-al-narcotrafico-scaled.jpeg\",\"datePublished\":\"2025-02-07T21:38:10+00:00\",\"dateModified\":\"2025-02-07T21:52:35+00:00\",\"description\":\"P\u00e1gina oficial de la Fiscal\u00eda General de la Naci\u00f3n \u2013 Colombia. Garantizamos el acceso efectivo a la justicia, la verdad y la reparaci\u00f3n de las v\u00edctimas de los delitos.\",\"breadcrumb\":{\"@id\":\"https:\/\/www.fiscalia.gov.co\/colombia\/noticias\/fiscalia-desmantela-organizacion-responsable-de-comercializar-estupefacientes-en-puerto-narino-amazonas\/#breadcrumb\"},\"inLanguage\":\"es-CO\",\"potentialAction\":[{\"@type\":\"ReadAction\",\"target\":[\"https:\/\/www.fiscalia.gov.co\/colombia\/noticias\/fiscalia-desmantela-organizacion-responsable-de-comercializar-estupefacientes-en-puerto-narino-amazonas\/\"]}]},{\"@type\":\"ImageObject\",\"inLanguage\":\"es-CO\",\"@id\":\"https:\/\/www.fiscalia.gov.co\/colombia\/noticias\/fiscalia-desmantela-organizacion-responsable-de-comercializar-estupefacientes-en-puerto-narino-amazonas\/#primaryimage\",\"url\":\"https:\/\/www.fiscalia.gov.co\/colombia\/wp-content\/uploads\/Puerto-Narino-Los-del-Progreso-organizacional-dedicada-al-narcotrafico-scaled.jpeg\",\"contentUrl\":\"https:\/\/www.fiscalia.gov.co\/colombia\/wp-content\/uploads\/Puerto-Narino-Los-del-Progreso-organizacional-dedicada-al-narcotrafico-scaled.jpeg\",\"width\":2560,\"height\":1920,\"caption\":\"Labores de polic\u00eda judicial evidenciaron que en varias de las acciones ilegales eran instrumentalizados menores de edad.\"},{\"@type\":\"BreadcrumbList\",\"@id\":\"https:\/\/www.fiscalia.gov.co\/colombia\/noticias\/fiscalia-desmantela-organizacion-responsable-de-comercializar-estupefacientes-en-puerto-narino-amazonas\/#breadcrumb\",\"itemListElement\":[{\"@type\":\"ListItem\",\"position\":1,\"name\":\"Home\",\"item\":\"https:\/\/www.fiscalia.gov.co\/colombia\/\"},{\"@type\":\"ListItem\",\"position\":2,\"name\":\"Fiscal\u00eda desmantela organizaci\u00f3n responsable de comercializar estupefacientes en Puerto Nari\u00f1o (Amazonas)\"}]},{\"@type\":\"WebSite\",\"@id\":\"https:\/\/www.fiscalia.gov.co\/colombia\/#website\",\"url\":\"https:\/\/www.fiscalia.gov.co\/colombia\/\",\"name\":\"Fiscal\u00eda General de la Naci\u00f3n\",\"description\":\"P\u00e1gina oficial de la Fiscal\u00eda General de la Naci\u00f3n \u2013 Colombia. Garantizamos el acceso efectivo a la justicia, la verdad y la reparaci\u00f3n de las v\u00edctimas de los delitos.\",\"publisher\":{\"@id\":\"https:\/\/www.fiscalia.gov.co\/colombia\/#organization\"},\"potentialAction\":[{\"@type\":\"SearchAction\",\"target\":{\"@type\":\"EntryPoint\",\"urlTemplate\":\"https:\/\/www.fiscalia.gov.co\/colombia\/?s={search_term_string}\"},\"query-input\":{\"@type\":\"PropertyValueSpecification\",\"valueRequired\":true,\"valueName\":\"search_term_string\"}}],\"inLanguage\":\"es-CO\"},{\"@type\":\"Organization\",\"@id\":\"https:\/\/www.fiscalia.gov.co\/colombia\/#organization\",\"name\":\"Fiscal\u00eda General de la Naci\u00f3n\",\"url\":\"https:\/\/www.fiscalia.gov.co\/colombia\/\",\"logo\":{\"@type\":\"ImageObject\",\"inLanguage\":\"es-CO\",\"@id\":\"https:\/\/www.fiscalia.gov.co\/colombia\/#\/schema\/logo\/image\/\",\"url\":\"https:\/\/www.fiscalia.gov.co\/colombia\/wp-content\/uploads\/LogoHorizontal_1.jpg\",\"contentUrl\":\"https:\/\/www.fiscalia.gov.co\/colombia\/wp-content\/uploads\/LogoHorizontal_1.jpg\",\"width\":300,\"height\":90,\"caption\":\"Fiscal\u00eda General de la Naci\u00f3n\"},\"image\":{\"@id\":\"https:\/\/www.fiscalia.gov.co\/colombia\/#\/schema\/logo\/image\/\"},\"sameAs\":[\"https:\/\/www.facebook.com\/FiscaliaCol\",\"https:\/\/x.com\/FiscaliaCol\",\"https:\/\/www.instagram.com\/fiscaliacol\",\"https:\/\/www.linkedin.com\/company\/fiscalia-general-de-la-naci-n\/\",\"https:\/\/youtube.com\/@fiscaliageneraldelanacion-4668?si=6nN79nyQICPU5iTh\"]},{\"@type\":\"Person\",\"@id\":\"https:\/\/www.fiscalia.gov.co\/colombia\/#\/schema\/person\/2e76b9aba5ecf875ed565ce4de0e0415\",\"name\":\"Katherine Loaiza Mart\u00ednez\",\"image\":{\"@type\":\"ImageObject\",\"inLanguage\":\"es-CO\",\"@id\":\"https:\/\/www.fiscalia.gov.co\/colombia\/#\/schema\/person\/image\/\",\"url\":\"https:\/\/secure.gravatar.com\/avatar\/ab775a2f394c1b83b6d6f78680e57b50?s=96&d=mm&r=g\",\"contentUrl\":\"https:\/\/secure.gravatar.com\/avatar\/ab775a2f394c1b83b6d6f78680e57b50?s=96&d=mm&r=g\",\"caption\":\"Katherine Loaiza Mart\u00ednez\"},\"url\":\"https:\/\/www.fiscalia.gov.co\/colombia\/author\/kloaiza\/\"}]}<\/script>\n<!-- \/ Yoast SEO plugin. -->","yoast_head_json":{"title":"Fiscal\u00eda General de la Naci\u00f3n","description":"P\u00e1gina oficial de la Fiscal\u00eda General de la Naci\u00f3n \u2013 Colombia. Garantizamos el acceso efectivo a la justicia, la verdad y la reparaci\u00f3n de las v\u00edctimas de los delitos.","robots":{"index":"noindex","follow":"follow"},"og_locale":"es_ES","og_type":"article","og_title":"Fiscal\u00eda General de la Naci\u00f3n","og_description":"P\u00e1gina oficial de la Fiscal\u00eda General de la Naci\u00f3n \u2013 Colombia. Garantizamos el acceso efectivo a la justicia, la verdad y la reparaci\u00f3n de las v\u00edctimas de los delitos.","og_url":"https:\/\/www.fiscalia.gov.co\/colombia\/noticias\/fiscalia-desmantela-organizacion-responsable-de-comercializar-estupefacientes-en-puerto-narino-amazonas\/","og_site_name":"Fiscal\u00eda General de la Naci\u00f3n","article_publisher":"https:\/\/www.facebook.com\/FiscaliaCol","article_published_time":"2025-02-07T21:38:10+00:00","article_modified_time":"2025-02-07T21:52:35+00:00","og_image":[{"width":2560,"height":1920,"url":"https:\/\/www.fiscalia.gov.co\/colombia\/wp-content\/uploads\/Puerto-Narino-Los-del-Progreso-organizacional-dedicada-al-narcotrafico-scaled.jpeg","type":"image\/jpeg"}],"author":"Katherine Loaiza Mart\u00ednez","twitter_card":"summary_large_image","twitter_creator":"@FiscaliaCol","twitter_site":"@FiscaliaCol","twitter_misc":{"Escrito por":"Katherine Loaiza Mart\u00ednez","Tiempo de lectura":"2 minutos"},"schema":{"@context":"https:\/\/schema.org","@graph":[{"@type":"Article","@id":"https:\/\/www.fiscalia.gov.co\/colombia\/noticias\/fiscalia-desmantela-organizacion-responsable-de-comercializar-estupefacientes-en-puerto-narino-amazonas\/#article","isPartOf":{"@id":"https:\/\/www.fiscalia.gov.co\/colombia\/noticias\/fiscalia-desmantela-organizacion-responsable-de-comercializar-estupefacientes-en-puerto-narino-amazonas\/"},"author":{"name":"Katherine Loaiza Mart\u00ednez","@id":"https:\/\/www.fiscalia.gov.co\/colombia\/#\/schema\/person\/2e76b9aba5ecf875ed565ce4de0e0415"},"headline":"Fiscal\u00eda desmantela organizaci\u00f3n responsable de comercializar estupefacientes en Puerto Nari\u00f1o (Amazonas)","datePublished":"2025-02-07T21:38:10+00:00","dateModified":"2025-02-07T21:52:35+00:00","mainEntityOfPage":{"@id":"https:\/\/www.fiscalia.gov.co\/colombia\/noticias\/fiscalia-desmantela-organizacion-responsable-de-comercializar-estupefacientes-en-puerto-narino-amazonas\/"},"wordCount":430,"publisher":{"@id":"https:\/\/www.fiscalia.gov.co\/colombia\/#organization"},"image":{"@id":"https:\/\/www.fiscalia.gov.co\/colombia\/noticias\/fiscalia-desmantela-organizacion-responsable-de-comercializar-estupefacientes-en-puerto-narino-amazonas\/#primaryimage"},"thumbnailUrl":"https:\/\/www.fiscalia.gov.co\/colombia\/wp-content\/uploads\/Puerto-Narino-Los-del-Progreso-organizacional-dedicada-al-narcotrafico-scaled.jpeg","keywords":["agente en cubierto","Captura","destinaci\u00f3n il\u00edcita de muebles o inmuebles","Fiscal Luz Adriana","Fiscal Luz Adriana Camargo Garz\u00f3n","Fiscal\u00eda Amazonas \u00a0Amazonas","Los del Progreso","Narcotr\u00e1fico","Puerto Nari\u00f1o"],"articleSection":["Noticias","Seccional Leticia","Tr\u00e1fico de estupefacientes"],"inLanguage":"es-CO"},{"@type":"WebPage","@id":"https:\/\/www.fiscalia.gov.co\/colombia\/noticias\/fiscalia-desmantela-organizacion-responsable-de-comercializar-estupefacientes-en-puerto-narino-amazonas\/","url":"https:\/\/www.fiscalia.gov.co\/colombia\/noticias\/fiscalia-desmantela-organizacion-responsable-de-comercializar-estupefacientes-en-puerto-narino-amazonas\/","name":"Fiscal\u00eda General de la Naci\u00f3n","isPartOf":{"@id":"https:\/\/www.fiscalia.gov.co\/colombia\/#website"},"primaryImageOfPage":{"@id":"https:\/\/www.fiscalia.gov.co\/colombia\/noticias\/fiscalia-desmantela-organizacion-responsable-de-comercializar-estupefacientes-en-puerto-narino-amazonas\/#primaryimage"},"image":{"@id":"https:\/\/www.fiscalia.gov.co\/colombia\/noticias\/fiscalia-desmantela-organizacion-responsable-de-comercializar-estupefacientes-en-puerto-narino-amazonas\/#primaryimage"},"thumbnailUrl":"https:\/\/www.fiscalia.gov.co\/colombia\/wp-content\/uploads\/Puerto-Narino-Los-del-Progreso-organizacional-dedicada-al-narcotrafico-scaled.jpeg","datePublished":"2025-02-07T21:38:10+00:00","dateModified":"2025-02-07T21:52:35+00:00","description":"P\u00e1gina oficial de la Fiscal\u00eda General de la Naci\u00f3n \u2013 Colombia. Garantizamos el acceso efectivo a la justicia, la verdad y la reparaci\u00f3n de las v\u00edctimas de los delitos.","breadcrumb":{"@id":"https:\/\/www.fiscalia.gov.co\/colombia\/noticias\/fiscalia-desmantela-organizacion-responsable-de-comercializar-estupefacientes-en-puerto-narino-amazonas\/#breadcrumb"},"inLanguage":"es-CO","potentialAction":[{"@type":"ReadAction","target":["https:\/\/www.fiscalia.gov.co\/colombia\/noticias\/fiscalia-desmantela-organizacion-responsable-de-comercializar-estupefacientes-en-puerto-narino-amazonas\/"]}]},{"@type":"ImageObject","inLanguage":"es-CO","@id":"https:\/\/www.fiscalia.gov.co\/colombia\/noticias\/fiscalia-desmantela-organizacion-responsable-de-comercializar-estupefacientes-en-puerto-narino-amazonas\/#primaryimage","url":"https:\/\/www.fiscalia.gov.co\/colombia\/wp-content\/uploads\/Puerto-Narino-Los-del-Progreso-organizacional-dedicada-al-narcotrafico-scaled.jpeg","contentUrl":"https:\/\/www.fiscalia.gov.co\/colombia\/wp-content\/uploads\/Puerto-Narino-Los-del-Progreso-organizacional-dedicada-al-narcotrafico-scaled.jpeg","width":2560,"height":1920,"caption":"Labores de polic\u00eda judicial evidenciaron que en varias de las acciones ilegales eran instrumentalizados menores de edad."},{"@type":"BreadcrumbList","@id":"https:\/\/www.fiscalia.gov.co\/colombia\/noticias\/fiscalia-desmantela-organizacion-responsable-de-comercializar-estupefacientes-en-puerto-narino-amazonas\/#breadcrumb","itemListElement":[{"@type":"ListItem","position":1,"name":"Home","item":"https:\/\/www.fiscalia.gov.co\/colombia\/"},{"@type":"ListItem","position":2,"name":"Fiscal\u00eda desmantela organizaci\u00f3n responsable de comercializar estupefacientes en Puerto Nari\u00f1o (Amazonas)"}]},{"@type":"WebSite","@id":"https:\/\/www.fiscalia.gov.co\/colombia\/#website","url":"https:\/\/www.fiscalia.gov.co\/colombia\/","name":"Fiscal\u00eda General de la Naci\u00f3n","description":"P\u00e1gina oficial de la Fiscal\u00eda General de la Naci\u00f3n \u2013 Colombia. Garantizamos el acceso efectivo a la justicia, la verdad y la reparaci\u00f3n de las v\u00edctimas de los delitos.","publisher":{"@id":"https:\/\/www.fiscalia.gov.co\/colombia\/#organization"},"potentialAction":[{"@type":"SearchAction","target":{"@type":"EntryPoint","urlTemplate":"https:\/\/www.fiscalia.gov.co\/colombia\/?s={search_term_string}"},"query-input":{"@type":"PropertyValueSpecification","valueRequired":true,"valueName":"search_term_string"}}],"inLanguage":"es-CO"},{"@type":"Organization","@id":"https:\/\/www.fiscalia.gov.co\/colombia\/#organization","name":"Fiscal\u00eda General de la Naci\u00f3n","url":"https:\/\/www.fiscalia.gov.co\/colombia\/","logo":{"@type":"ImageObject","inLanguage":"es-CO","@id":"https:\/\/www.fiscalia.gov.co\/colombia\/#\/schema\/logo\/image\/","url":"https:\/\/www.fiscalia.gov.co\/colombia\/wp-content\/uploads\/LogoHorizontal_1.jpg","contentUrl":"https:\/\/www.fiscalia.gov.co\/colombia\/wp-content\/uploads\/LogoHorizontal_1.jpg","width":300,"height":90,"caption":"Fiscal\u00eda General de la Naci\u00f3n"},"image":{"@id":"https:\/\/www.fiscalia.gov.co\/colombia\/#\/schema\/logo\/image\/"},"sameAs":["https:\/\/www.facebook.com\/FiscaliaCol","https:\/\/x.com\/FiscaliaCol","https:\/\/www.instagram.com\/fiscaliacol","https:\/\/www.linkedin.com\/company\/fiscalia-general-de-la-naci-n\/","https:\/\/youtube.com\/@fiscaliageneraldelanacion-4668?si=6nN79nyQICPU5iTh"]},{"@type":"Person","@id":"https:\/\/www.fiscalia.gov.co\/colombia\/#\/schema\/person\/2e76b9aba5ecf875ed565ce4de0e0415","name":"Katherine Loaiza Mart\u00ednez","image":{"@type":"ImageObject","inLanguage":"es-CO","@id":"https:\/\/www.fiscalia.gov.co\/colombia\/#\/schema\/person\/image\/","url":"https:\/\/secure.gravatar.com\/avatar\/ab775a2f394c1b83b6d6f78680e57b50?s=96&d=mm&r=g","contentUrl":"https:\/\/secure.gravatar.com\/avatar\/ab775a2f394c1b83b6d6f78680e57b50?s=96&d=mm&r=g","caption":"Katherine Loaiza Mart\u00ednez"},"url":"https:\/\/www.fiscalia.gov.co\/colombia\/author\/kloaiza\/"}]}},"_links":{"self":[{"href":"https:\/\/www.fiscalia.gov.co\/colombia\/wp-json\/wp\/v2\/posts\/310059","targetHints":{"allow":["GET"]}}],"collection":[{"href":"https:\/\/www.fiscalia.gov.co\/colombia\/wp-json\/wp\/v2\/posts"}],"about":[{"href":"https:\/\/www.fiscalia.gov.co\/colombia\/wp-json\/wp\/v2\/types\/post"}],"author":[{"embeddable":true,"href":"https:\/\/www.fiscalia.gov.co\/colombia\/wp-json\/wp\/v2\/users\/175"}],"replies":[{"embeddable":true,"href":"https:\/\/www.fiscalia.gov.co\/colombia\/wp-json\/wp\/v2\/comments?post=310059"}],"version-history":[{"count":2,"href":"https:\/\/www.fiscalia.gov.co\/colombia\/wp-json\/wp\/v2\/posts\/310059\/revisions"}],"predecessor-version":[{"id":310065,"href":"https:\/\/www.fiscalia.gov.co\/colombia\/wp-json\/wp\/v2\/posts\/310059\/revisions\/310065"}],"wp:attachment":[{"href":"https:\/\/www.fiscalia.gov.co\/colombia\/wp-json\/wp\/v2\/media?parent=310059"}],"wp:term":[{"taxonomy":"category","embeddable":true,"href":"https:\/\/www.fiscalia.gov.co\/colombia\/wp-json\/wp\/v2\/categories?post=310059"},{"taxonomy":"post_tag","embeddable":true,"href":"https:\/\/www.fiscalia.gov.co\/colombia\/wp-json\/wp\/v2\/tags?post=310059"}],"curies":[{"name":"wp","href":"https:\/\/api.w.org\/{rel}","templated":true}]}}