{"id":309909,"date":"2025-02-06T07:01:58","date_gmt":"2025-02-06T12:01:58","guid":{"rendered":"https:\/\/www.fiscalia.gov.co\/colombia\/?p=309909"},"modified":"2025-02-06T10:28:28","modified_gmt":"2025-02-06T15:28:28","slug":"en-evidencia-nueva-modalidad-de-trafico-trasnacional-de-estupefacientes-polizones-se-ocultaron-en-un-buque-para-llevar-cocaina-a-europa","status":"publish","type":"post","link":"https:\/\/www.fiscalia.gov.co\/colombia\/noticias\/en-evidencia-nueva-modalidad-de-trafico-trasnacional-de-estupefacientes-polizones-se-ocultaron-en-un-buque-para-llevar-cocaina-a-europa\/","title":{"rendered":"En evidencia nueva modalidad de tr\u00e1fico trasnacional de estupefacientes: polizones se ocultaron en un buque para llevar coca\u00edna a Europa"},"content":{"rendered":"<blockquote>\n<h4 style=\"text-align: left;\"><strong><em>Dos ciudadanos colombianos se escondieron en una embarcaci\u00f3n de bandera ucraniana con tulas cargadas de estupefacientes, las cuales pretend\u00edan trasladar a Espa\u00f1a.<\/em><\/strong><\/h4>\n<\/blockquote>\n<p>&nbsp;<\/p>\n<p><strong>Las acciones lideradas por la Fiscal\u00eda General de la Naci\u00f3n en contra de las redes narcotraficantes<\/strong> que utilizan los puertos del Caribe colombiano como plataforma para el env\u00edo de estupefacientes a destinos internacionales, <strong>pusieron en evidencia una modalidad delictiva utilizada para poner cargamentos il\u00edcitos en Europa.<\/strong><\/p>\n<figure id=\"attachment_309914\" aria-describedby=\"caption-attachment-309914\" style=\"width: 1175px\" class=\"wp-caption aligncenter\"><img loading=\"lazy\" decoding=\"async\" class=\"size-full wp-image-309914\" src=\"https:\/\/www.fiscalia.gov.co\/colombia\/wp-content\/uploads\/Yeferson-Eliecer-Angulo-Suarez-y-Edinson-Iris-Castro.jpeg\" alt=\"Los hombres capturados aparecen de espaldas, rodeados de miembros del CTI y la Armada Colombiana. Frente a ellos hay cinco tulas negras y atr\u00e1s puede verse un barco de la Armada. \" width=\"1175\" height=\"731\" srcset=\"https:\/\/www.fiscalia.gov.co\/colombia\/wp-content\/uploads\/Yeferson-Eliecer-Angulo-Suarez-y-Edinson-Iris-Castro.jpeg 1175w, https:\/\/www.fiscalia.gov.co\/colombia\/wp-content\/uploads\/Yeferson-Eliecer-Angulo-Suarez-y-Edinson-Iris-Castro-300x187.jpeg 300w, https:\/\/www.fiscalia.gov.co\/colombia\/wp-content\/uploads\/Yeferson-Eliecer-Angulo-Suarez-y-Edinson-Iris-Castro-1024x637.jpeg 1024w, https:\/\/www.fiscalia.gov.co\/colombia\/wp-content\/uploads\/Yeferson-Eliecer-Angulo-Suarez-y-Edinson-Iris-Castro-768x478.jpeg 768w, https:\/\/www.fiscalia.gov.co\/colombia\/wp-content\/uploads\/Yeferson-Eliecer-Angulo-Suarez-y-Edinson-Iris-Castro-675x420.jpeg 675w, https:\/\/www.fiscalia.gov.co\/colombia\/wp-content\/uploads\/Yeferson-Eliecer-Angulo-Suarez-y-Edinson-Iris-Castro-696x433.jpeg 696w, https:\/\/www.fiscalia.gov.co\/colombia\/wp-content\/uploads\/Yeferson-Eliecer-Angulo-Suarez-y-Edinson-Iris-Castro-1068x664.jpeg 1068w, https:\/\/www.fiscalia.gov.co\/colombia\/wp-content\/uploads\/Yeferson-Eliecer-Angulo-Suarez-y-Edinson-Iris-Castro-356x220.jpeg 356w\" sizes=\"auto, (max-width: 1175px) 100vw, 1175px\" \/><figcaption id=\"caption-attachment-309914\" class=\"wp-caption-text\">Yeferson Eliecer Angulo Su\u00e1rez y Edinson Iris Castro.<\/figcaption><\/figure>\n<p><strong>Funcionarios del Cuerpo T\u00e9cnico de Investigaci\u00f3n (CTI) y de la Armada Colombiana detectaron un buque de bandera ucraniana que pretend\u00eda salir de la terminal mar\u00edtima de Santa Marta (Magdalena)<\/strong>, con destino a Valencia (Espa\u00f1a).<\/p>\n<p>Minutos antes de zarpar, <strong>los uniformados inspeccionaron la embarcaci\u00f3n y encontraron a dos hombres ocultos en la caja de cadena, el espacio destinado para alojar la cadena del ancla<\/strong>. En el peque\u00f1o compartimento ten\u00edan seis tulas con varios bloques de clorhidrato de coca\u00edna que sumaron algo m\u00e1s de 188 kilogramos, adem\u00e1s de un traje de buceo, tres equipos de comunicaci\u00f3n satelital, alimentaci\u00f3n y otras provisiones.<\/p>\n<p>Los elementos material probatorios indican que <strong>estas personas, al parecer, pretend\u00edan escoltar el alijo y entregarlo en Espa\u00f1a<\/strong>. En ese sentido, fueron capturados en situaci\u00f3n de flagrancia.<\/p>\n<p><strong>Un fiscal de la Direcci\u00f3n Especializada contra el Narcotr\u00e1fico las present\u00f3 ante un juez de control de garant\u00edas y les imput\u00f3 el delito de tr\u00e1fico, fabricaci\u00f3n o porte de estupefacientes.<\/strong><\/p>\n<p>Los procesados, identificados como Yeferson Eliecer Angulo Su\u00e1rez y Edinson Iris Castro, no aceptaron los cargos.<\/p>\n<p>Esta informaci\u00f3n se publica por razones de inter\u00e9s general.<\/p>\n<p>JMSV\/JARG\/BRO\/DECN.<\/p>\n<p>&nbsp;<\/p>\n<p><em>La informaci\u00f3n contenida en este bolet\u00edn de prensa corresponde a la narraci\u00f3n de los hechos noticiosos objetivos, suministrados por los funcionarios encargados de adelantar las investigaciones penales al interior de la Fiscal\u00eda General de la Naci\u00f3n. Para el momento de la divulgaci\u00f3n de este comunicado, la situaci\u00f3n jur\u00eddica de la(s) persona(s) relacionada(s) se encuentra pendiente de resolver por la autoridad judicial competente, siempre bajo los preceptos de la presunci\u00f3n de inocencia, consagrados en el art\u00edculo 29 de la Constituci\u00f3n Pol\u00edtica y el art\u00edculo 7\u00ba de la Ley 906 de 2004.<\/em><\/p>\n<p>&nbsp;<\/p>\n\n<div class=\"twitter-share\"><a href=\"https:\/\/twitter.com\/intent\/tweet?via=fiscaliacol\" class=\"twitter-share-button\">Tweet<\/a><\/div>\n","protected":false},"excerpt":{"rendered":"<p>Dos ciudadanos colombianos se escondieron en una embarcaci\u00f3n de bandera ucraniana con tulas cargadas de estupefacientes, las cuales pretend\u00edan trasladar a Espa\u00f1a. &nbsp; Las acciones lideradas por la Fiscal\u00eda General [&hellip;]<\/p>\n","protected":false},"author":175,"featured_media":0,"comment_status":"closed","ping_status":"open","sticky":false,"template":"","format":"standard","meta":{"tdm_status":"","tdm_grid_status":"","footnotes":""},"categories":[24115,1],"tags":[40031,37491,37514,40030],"class_list":["post-309909","post","type-post","status-publish","format-standard","category-narcotrafico","category-noticias","tag-edinson-iris-castro","tag-fiscal-camargo","tag-fiscal-general-luz-adriana-camargo","tag-yeferson-eliecer-angulo-suarez"],"yoast_head":"<!-- This site is optimized with the Yoast SEO plugin v24.3 - https:\/\/yoast.com\/wordpress\/plugins\/seo\/ -->\n<title>Fiscal\u00eda General de la Naci\u00f3n<\/title>\n<meta name=\"description\" content=\"P\u00e1gina oficial de la Fiscal\u00eda General de la Naci\u00f3n \u2013 Colombia. Garantizamos el acceso efectivo a la justicia, la verdad y la reparaci\u00f3n de las v\u00edctimas de los delitos.\" \/>\n<meta name=\"robots\" content=\"noindex, follow\" \/>\n<meta property=\"og:locale\" content=\"es_ES\" \/>\n<meta property=\"og:type\" content=\"article\" \/>\n<meta property=\"og:title\" content=\"Fiscal\u00eda General de la Naci\u00f3n\" \/>\n<meta property=\"og:description\" content=\"P\u00e1gina oficial de la Fiscal\u00eda General de la Naci\u00f3n \u2013 Colombia. Garantizamos el acceso efectivo a la justicia, la verdad y la reparaci\u00f3n de las v\u00edctimas de los delitos.\" \/>\n<meta property=\"og:url\" content=\"https:\/\/www.fiscalia.gov.co\/colombia\/noticias\/en-evidencia-nueva-modalidad-de-trafico-trasnacional-de-estupefacientes-polizones-se-ocultaron-en-un-buque-para-llevar-cocaina-a-europa\/\" \/>\n<meta property=\"og:site_name\" content=\"Fiscal\u00eda General de la Naci\u00f3n\" \/>\n<meta property=\"article:publisher\" content=\"https:\/\/www.facebook.com\/FiscaliaCol\" \/>\n<meta property=\"article:published_time\" content=\"2025-02-06T12:01:58+00:00\" \/>\n<meta property=\"article:modified_time\" content=\"2025-02-06T15:28:28+00:00\" \/>\n<meta property=\"og:image\" content=\"https:\/\/www.fiscalia.gov.co\/colombia\/wp-content\/uploads\/Yeferson-Eliecer-Angulo-Suarez-y-Edinson-Iris-Castro.jpeg\" \/>\n\t<meta property=\"og:image:width\" content=\"1175\" \/>\n\t<meta property=\"og:image:height\" content=\"731\" \/>\n\t<meta property=\"og:image:type\" content=\"image\/jpeg\" \/>\n<meta name=\"author\" content=\"Katherine Loaiza Mart\u00ednez\" \/>\n<meta name=\"twitter:card\" content=\"summary_large_image\" \/>\n<meta name=\"twitter:creator\" content=\"@FiscaliaCol\" \/>\n<meta name=\"twitter:site\" content=\"@FiscaliaCol\" \/>\n<meta name=\"twitter:label1\" content=\"Escrito por\" \/>\n\t<meta name=\"twitter:data1\" content=\"Katherine Loaiza Mart\u00ednez\" \/>\n\t<meta name=\"twitter:label2\" content=\"Tiempo de lectura\" \/>\n\t<meta name=\"twitter:data2\" content=\"2 minutos\" \/>\n<script type=\"application\/ld+json\" class=\"yoast-schema-graph\">{\"@context\":\"https:\/\/schema.org\",\"@graph\":[{\"@type\":\"Article\",\"@id\":\"https:\/\/www.fiscalia.gov.co\/colombia\/noticias\/en-evidencia-nueva-modalidad-de-trafico-trasnacional-de-estupefacientes-polizones-se-ocultaron-en-un-buque-para-llevar-cocaina-a-europa\/#article\",\"isPartOf\":{\"@id\":\"https:\/\/www.fiscalia.gov.co\/colombia\/noticias\/en-evidencia-nueva-modalidad-de-trafico-trasnacional-de-estupefacientes-polizones-se-ocultaron-en-un-buque-para-llevar-cocaina-a-europa\/\"},\"author\":{\"name\":\"Katherine Loaiza Mart\u00ednez\",\"@id\":\"https:\/\/www.fiscalia.gov.co\/colombia\/#\/schema\/person\/2e76b9aba5ecf875ed565ce4de0e0415\"},\"headline\":\"En evidencia nueva modalidad de tr\u00e1fico trasnacional de estupefacientes: polizones se ocultaron en un buque para llevar coca\u00edna a Europa\",\"datePublished\":\"2025-02-06T12:01:58+00:00\",\"dateModified\":\"2025-02-06T15:28:28+00:00\",\"mainEntityOfPage\":{\"@id\":\"https:\/\/www.fiscalia.gov.co\/colombia\/noticias\/en-evidencia-nueva-modalidad-de-trafico-trasnacional-de-estupefacientes-polizones-se-ocultaron-en-un-buque-para-llevar-cocaina-a-europa\/\"},\"wordCount\":426,\"publisher\":{\"@id\":\"https:\/\/www.fiscalia.gov.co\/colombia\/#organization\"},\"image\":{\"@id\":\"https:\/\/www.fiscalia.gov.co\/colombia\/noticias\/en-evidencia-nueva-modalidad-de-trafico-trasnacional-de-estupefacientes-polizones-se-ocultaron-en-un-buque-para-llevar-cocaina-a-europa\/#primaryimage\"},\"thumbnailUrl\":\"https:\/\/www.fiscalia.gov.co\/colombia\/wp-content\/uploads\/Yeferson-Eliecer-Angulo-Suarez-y-Edinson-Iris-Castro.jpeg\",\"keywords\":[\"Edinson Iris Castro\",\"fiscal Camargo\",\"Fiscal General Luz Adriana Camargo\",\"Yeferson Eliecer Angulo Su\u00e1rez\"],\"articleSection\":[\"Narcotr\u00e1fico\",\"Noticias\"],\"inLanguage\":\"es-CO\"},{\"@type\":\"WebPage\",\"@id\":\"https:\/\/www.fiscalia.gov.co\/colombia\/noticias\/en-evidencia-nueva-modalidad-de-trafico-trasnacional-de-estupefacientes-polizones-se-ocultaron-en-un-buque-para-llevar-cocaina-a-europa\/\",\"url\":\"https:\/\/www.fiscalia.gov.co\/colombia\/noticias\/en-evidencia-nueva-modalidad-de-trafico-trasnacional-de-estupefacientes-polizones-se-ocultaron-en-un-buque-para-llevar-cocaina-a-europa\/\",\"name\":\"Fiscal\u00eda General de la Naci\u00f3n\",\"isPartOf\":{\"@id\":\"https:\/\/www.fiscalia.gov.co\/colombia\/#website\"},\"primaryImageOfPage\":{\"@id\":\"https:\/\/www.fiscalia.gov.co\/colombia\/noticias\/en-evidencia-nueva-modalidad-de-trafico-trasnacional-de-estupefacientes-polizones-se-ocultaron-en-un-buque-para-llevar-cocaina-a-europa\/#primaryimage\"},\"image\":{\"@id\":\"https:\/\/www.fiscalia.gov.co\/colombia\/noticias\/en-evidencia-nueva-modalidad-de-trafico-trasnacional-de-estupefacientes-polizones-se-ocultaron-en-un-buque-para-llevar-cocaina-a-europa\/#primaryimage\"},\"thumbnailUrl\":\"https:\/\/www.fiscalia.gov.co\/colombia\/wp-content\/uploads\/Yeferson-Eliecer-Angulo-Suarez-y-Edinson-Iris-Castro.jpeg\",\"datePublished\":\"2025-02-06T12:01:58+00:00\",\"dateModified\":\"2025-02-06T15:28:28+00:00\",\"description\":\"P\u00e1gina oficial de la Fiscal\u00eda General de la Naci\u00f3n \u2013 Colombia. Garantizamos el acceso efectivo a la justicia, la verdad y la reparaci\u00f3n de las v\u00edctimas de los delitos.\",\"breadcrumb\":{\"@id\":\"https:\/\/www.fiscalia.gov.co\/colombia\/noticias\/en-evidencia-nueva-modalidad-de-trafico-trasnacional-de-estupefacientes-polizones-se-ocultaron-en-un-buque-para-llevar-cocaina-a-europa\/#breadcrumb\"},\"inLanguage\":\"es-CO\",\"potentialAction\":[{\"@type\":\"ReadAction\",\"target\":[\"https:\/\/www.fiscalia.gov.co\/colombia\/noticias\/en-evidencia-nueva-modalidad-de-trafico-trasnacional-de-estupefacientes-polizones-se-ocultaron-en-un-buque-para-llevar-cocaina-a-europa\/\"]}]},{\"@type\":\"ImageObject\",\"inLanguage\":\"es-CO\",\"@id\":\"https:\/\/www.fiscalia.gov.co\/colombia\/noticias\/en-evidencia-nueva-modalidad-de-trafico-trasnacional-de-estupefacientes-polizones-se-ocultaron-en-un-buque-para-llevar-cocaina-a-europa\/#primaryimage\",\"url\":\"https:\/\/www.fiscalia.gov.co\/colombia\/wp-content\/uploads\/Yeferson-Eliecer-Angulo-Suarez-y-Edinson-Iris-Castro.jpeg\",\"contentUrl\":\"https:\/\/www.fiscalia.gov.co\/colombia\/wp-content\/uploads\/Yeferson-Eliecer-Angulo-Suarez-y-Edinson-Iris-Castro.jpeg\",\"width\":1175,\"height\":731,\"caption\":\"Yeferson Eliecer Angulo Su\u00e1rez y Edinson Iris Castro.\"},{\"@type\":\"BreadcrumbList\",\"@id\":\"https:\/\/www.fiscalia.gov.co\/colombia\/noticias\/en-evidencia-nueva-modalidad-de-trafico-trasnacional-de-estupefacientes-polizones-se-ocultaron-en-un-buque-para-llevar-cocaina-a-europa\/#breadcrumb\",\"itemListElement\":[{\"@type\":\"ListItem\",\"position\":1,\"name\":\"Home\",\"item\":\"https:\/\/www.fiscalia.gov.co\/colombia\/\"},{\"@type\":\"ListItem\",\"position\":2,\"name\":\"En evidencia nueva modalidad de tr\u00e1fico trasnacional de estupefacientes: polizones se ocultaron en un buque para llevar coca\u00edna a Europa\"}]},{\"@type\":\"WebSite\",\"@id\":\"https:\/\/www.fiscalia.gov.co\/colombia\/#website\",\"url\":\"https:\/\/www.fiscalia.gov.co\/colombia\/\",\"name\":\"Fiscal\u00eda General de la Naci\u00f3n\",\"description\":\"P\u00e1gina oficial de la Fiscal\u00eda General de la Naci\u00f3n \u2013 Colombia. Garantizamos el acceso efectivo a la justicia, la verdad y la reparaci\u00f3n de las v\u00edctimas de los delitos.\",\"publisher\":{\"@id\":\"https:\/\/www.fiscalia.gov.co\/colombia\/#organization\"},\"potentialAction\":[{\"@type\":\"SearchAction\",\"target\":{\"@type\":\"EntryPoint\",\"urlTemplate\":\"https:\/\/www.fiscalia.gov.co\/colombia\/?s={search_term_string}\"},\"query-input\":{\"@type\":\"PropertyValueSpecification\",\"valueRequired\":true,\"valueName\":\"search_term_string\"}}],\"inLanguage\":\"es-CO\"},{\"@type\":\"Organization\",\"@id\":\"https:\/\/www.fiscalia.gov.co\/colombia\/#organization\",\"name\":\"Fiscal\u00eda General de la Naci\u00f3n\",\"url\":\"https:\/\/www.fiscalia.gov.co\/colombia\/\",\"logo\":{\"@type\":\"ImageObject\",\"inLanguage\":\"es-CO\",\"@id\":\"https:\/\/www.fiscalia.gov.co\/colombia\/#\/schema\/logo\/image\/\",\"url\":\"https:\/\/www.fiscalia.gov.co\/colombia\/wp-content\/uploads\/LogoHorizontal_1.jpg\",\"contentUrl\":\"https:\/\/www.fiscalia.gov.co\/colombia\/wp-content\/uploads\/LogoHorizontal_1.jpg\",\"width\":300,\"height\":90,\"caption\":\"Fiscal\u00eda General de la Naci\u00f3n\"},\"image\":{\"@id\":\"https:\/\/www.fiscalia.gov.co\/colombia\/#\/schema\/logo\/image\/\"},\"sameAs\":[\"https:\/\/www.facebook.com\/FiscaliaCol\",\"https:\/\/x.com\/FiscaliaCol\",\"https:\/\/www.instagram.com\/fiscaliacol\",\"https:\/\/www.linkedin.com\/company\/fiscalia-general-de-la-naci-n\/\",\"https:\/\/youtube.com\/@fiscaliageneraldelanacion-4668?si=6nN79nyQICPU5iTh\"]},{\"@type\":\"Person\",\"@id\":\"https:\/\/www.fiscalia.gov.co\/colombia\/#\/schema\/person\/2e76b9aba5ecf875ed565ce4de0e0415\",\"name\":\"Katherine Loaiza Mart\u00ednez\",\"image\":{\"@type\":\"ImageObject\",\"inLanguage\":\"es-CO\",\"@id\":\"https:\/\/www.fiscalia.gov.co\/colombia\/#\/schema\/person\/image\/\",\"url\":\"https:\/\/secure.gravatar.com\/avatar\/ab775a2f394c1b83b6d6f78680e57b50?s=96&d=mm&r=g\",\"contentUrl\":\"https:\/\/secure.gravatar.com\/avatar\/ab775a2f394c1b83b6d6f78680e57b50?s=96&d=mm&r=g\",\"caption\":\"Katherine Loaiza Mart\u00ednez\"},\"url\":\"https:\/\/www.fiscalia.gov.co\/colombia\/author\/kloaiza\/\"}]}<\/script>\n<!-- \/ Yoast SEO plugin. -->","yoast_head_json":{"title":"Fiscal\u00eda General de la Naci\u00f3n","description":"P\u00e1gina oficial de la Fiscal\u00eda General de la Naci\u00f3n \u2013 Colombia. Garantizamos el acceso efectivo a la justicia, la verdad y la reparaci\u00f3n de las v\u00edctimas de los delitos.","robots":{"index":"noindex","follow":"follow"},"og_locale":"es_ES","og_type":"article","og_title":"Fiscal\u00eda General de la Naci\u00f3n","og_description":"P\u00e1gina oficial de la Fiscal\u00eda General de la Naci\u00f3n \u2013 Colombia. Garantizamos el acceso efectivo a la justicia, la verdad y la reparaci\u00f3n de las v\u00edctimas de los delitos.","og_url":"https:\/\/www.fiscalia.gov.co\/colombia\/noticias\/en-evidencia-nueva-modalidad-de-trafico-trasnacional-de-estupefacientes-polizones-se-ocultaron-en-un-buque-para-llevar-cocaina-a-europa\/","og_site_name":"Fiscal\u00eda General de la Naci\u00f3n","article_publisher":"https:\/\/www.facebook.com\/FiscaliaCol","article_published_time":"2025-02-06T12:01:58+00:00","article_modified_time":"2025-02-06T15:28:28+00:00","og_image":[{"width":1175,"height":731,"url":"https:\/\/www.fiscalia.gov.co\/colombia\/wp-content\/uploads\/Yeferson-Eliecer-Angulo-Suarez-y-Edinson-Iris-Castro.jpeg","type":"image\/jpeg"}],"author":"Katherine Loaiza Mart\u00ednez","twitter_card":"summary_large_image","twitter_creator":"@FiscaliaCol","twitter_site":"@FiscaliaCol","twitter_misc":{"Escrito por":"Katherine Loaiza Mart\u00ednez","Tiempo de lectura":"2 minutos"},"schema":{"@context":"https:\/\/schema.org","@graph":[{"@type":"Article","@id":"https:\/\/www.fiscalia.gov.co\/colombia\/noticias\/en-evidencia-nueva-modalidad-de-trafico-trasnacional-de-estupefacientes-polizones-se-ocultaron-en-un-buque-para-llevar-cocaina-a-europa\/#article","isPartOf":{"@id":"https:\/\/www.fiscalia.gov.co\/colombia\/noticias\/en-evidencia-nueva-modalidad-de-trafico-trasnacional-de-estupefacientes-polizones-se-ocultaron-en-un-buque-para-llevar-cocaina-a-europa\/"},"author":{"name":"Katherine Loaiza Mart\u00ednez","@id":"https:\/\/www.fiscalia.gov.co\/colombia\/#\/schema\/person\/2e76b9aba5ecf875ed565ce4de0e0415"},"headline":"En evidencia nueva modalidad de tr\u00e1fico trasnacional de estupefacientes: polizones se ocultaron en un buque para llevar coca\u00edna a Europa","datePublished":"2025-02-06T12:01:58+00:00","dateModified":"2025-02-06T15:28:28+00:00","mainEntityOfPage":{"@id":"https:\/\/www.fiscalia.gov.co\/colombia\/noticias\/en-evidencia-nueva-modalidad-de-trafico-trasnacional-de-estupefacientes-polizones-se-ocultaron-en-un-buque-para-llevar-cocaina-a-europa\/"},"wordCount":426,"publisher":{"@id":"https:\/\/www.fiscalia.gov.co\/colombia\/#organization"},"image":{"@id":"https:\/\/www.fiscalia.gov.co\/colombia\/noticias\/en-evidencia-nueva-modalidad-de-trafico-trasnacional-de-estupefacientes-polizones-se-ocultaron-en-un-buque-para-llevar-cocaina-a-europa\/#primaryimage"},"thumbnailUrl":"https:\/\/www.fiscalia.gov.co\/colombia\/wp-content\/uploads\/Yeferson-Eliecer-Angulo-Suarez-y-Edinson-Iris-Castro.jpeg","keywords":["Edinson Iris Castro","fiscal Camargo","Fiscal General Luz Adriana Camargo","Yeferson Eliecer Angulo Su\u00e1rez"],"articleSection":["Narcotr\u00e1fico","Noticias"],"inLanguage":"es-CO"},{"@type":"WebPage","@id":"https:\/\/www.fiscalia.gov.co\/colombia\/noticias\/en-evidencia-nueva-modalidad-de-trafico-trasnacional-de-estupefacientes-polizones-se-ocultaron-en-un-buque-para-llevar-cocaina-a-europa\/","url":"https:\/\/www.fiscalia.gov.co\/colombia\/noticias\/en-evidencia-nueva-modalidad-de-trafico-trasnacional-de-estupefacientes-polizones-se-ocultaron-en-un-buque-para-llevar-cocaina-a-europa\/","name":"Fiscal\u00eda General de la Naci\u00f3n","isPartOf":{"@id":"https:\/\/www.fiscalia.gov.co\/colombia\/#website"},"primaryImageOfPage":{"@id":"https:\/\/www.fiscalia.gov.co\/colombia\/noticias\/en-evidencia-nueva-modalidad-de-trafico-trasnacional-de-estupefacientes-polizones-se-ocultaron-en-un-buque-para-llevar-cocaina-a-europa\/#primaryimage"},"image":{"@id":"https:\/\/www.fiscalia.gov.co\/colombia\/noticias\/en-evidencia-nueva-modalidad-de-trafico-trasnacional-de-estupefacientes-polizones-se-ocultaron-en-un-buque-para-llevar-cocaina-a-europa\/#primaryimage"},"thumbnailUrl":"https:\/\/www.fiscalia.gov.co\/colombia\/wp-content\/uploads\/Yeferson-Eliecer-Angulo-Suarez-y-Edinson-Iris-Castro.jpeg","datePublished":"2025-02-06T12:01:58+00:00","dateModified":"2025-02-06T15:28:28+00:00","description":"P\u00e1gina oficial de la Fiscal\u00eda General de la Naci\u00f3n \u2013 Colombia. Garantizamos el acceso efectivo a la justicia, la verdad y la reparaci\u00f3n de las v\u00edctimas de los delitos.","breadcrumb":{"@id":"https:\/\/www.fiscalia.gov.co\/colombia\/noticias\/en-evidencia-nueva-modalidad-de-trafico-trasnacional-de-estupefacientes-polizones-se-ocultaron-en-un-buque-para-llevar-cocaina-a-europa\/#breadcrumb"},"inLanguage":"es-CO","potentialAction":[{"@type":"ReadAction","target":["https:\/\/www.fiscalia.gov.co\/colombia\/noticias\/en-evidencia-nueva-modalidad-de-trafico-trasnacional-de-estupefacientes-polizones-se-ocultaron-en-un-buque-para-llevar-cocaina-a-europa\/"]}]},{"@type":"ImageObject","inLanguage":"es-CO","@id":"https:\/\/www.fiscalia.gov.co\/colombia\/noticias\/en-evidencia-nueva-modalidad-de-trafico-trasnacional-de-estupefacientes-polizones-se-ocultaron-en-un-buque-para-llevar-cocaina-a-europa\/#primaryimage","url":"https:\/\/www.fiscalia.gov.co\/colombia\/wp-content\/uploads\/Yeferson-Eliecer-Angulo-Suarez-y-Edinson-Iris-Castro.jpeg","contentUrl":"https:\/\/www.fiscalia.gov.co\/colombia\/wp-content\/uploads\/Yeferson-Eliecer-Angulo-Suarez-y-Edinson-Iris-Castro.jpeg","width":1175,"height":731,"caption":"Yeferson Eliecer Angulo Su\u00e1rez y Edinson Iris Castro."},{"@type":"BreadcrumbList","@id":"https:\/\/www.fiscalia.gov.co\/colombia\/noticias\/en-evidencia-nueva-modalidad-de-trafico-trasnacional-de-estupefacientes-polizones-se-ocultaron-en-un-buque-para-llevar-cocaina-a-europa\/#breadcrumb","itemListElement":[{"@type":"ListItem","position":1,"name":"Home","item":"https:\/\/www.fiscalia.gov.co\/colombia\/"},{"@type":"ListItem","position":2,"name":"En evidencia nueva modalidad de tr\u00e1fico trasnacional de estupefacientes: polizones se ocultaron en un buque para llevar coca\u00edna a Europa"}]},{"@type":"WebSite","@id":"https:\/\/www.fiscalia.gov.co\/colombia\/#website","url":"https:\/\/www.fiscalia.gov.co\/colombia\/","name":"Fiscal\u00eda General de la Naci\u00f3n","description":"P\u00e1gina oficial de la Fiscal\u00eda General de la Naci\u00f3n \u2013 Colombia. Garantizamos el acceso efectivo a la justicia, la verdad y la reparaci\u00f3n de las v\u00edctimas de los delitos.","publisher":{"@id":"https:\/\/www.fiscalia.gov.co\/colombia\/#organization"},"potentialAction":[{"@type":"SearchAction","target":{"@type":"EntryPoint","urlTemplate":"https:\/\/www.fiscalia.gov.co\/colombia\/?s={search_term_string}"},"query-input":{"@type":"PropertyValueSpecification","valueRequired":true,"valueName":"search_term_string"}}],"inLanguage":"es-CO"},{"@type":"Organization","@id":"https:\/\/www.fiscalia.gov.co\/colombia\/#organization","name":"Fiscal\u00eda General de la Naci\u00f3n","url":"https:\/\/www.fiscalia.gov.co\/colombia\/","logo":{"@type":"ImageObject","inLanguage":"es-CO","@id":"https:\/\/www.fiscalia.gov.co\/colombia\/#\/schema\/logo\/image\/","url":"https:\/\/www.fiscalia.gov.co\/colombia\/wp-content\/uploads\/LogoHorizontal_1.jpg","contentUrl":"https:\/\/www.fiscalia.gov.co\/colombia\/wp-content\/uploads\/LogoHorizontal_1.jpg","width":300,"height":90,"caption":"Fiscal\u00eda General de la Naci\u00f3n"},"image":{"@id":"https:\/\/www.fiscalia.gov.co\/colombia\/#\/schema\/logo\/image\/"},"sameAs":["https:\/\/www.facebook.com\/FiscaliaCol","https:\/\/x.com\/FiscaliaCol","https:\/\/www.instagram.com\/fiscaliacol","https:\/\/www.linkedin.com\/company\/fiscalia-general-de-la-naci-n\/","https:\/\/youtube.com\/@fiscaliageneraldelanacion-4668?si=6nN79nyQICPU5iTh"]},{"@type":"Person","@id":"https:\/\/www.fiscalia.gov.co\/colombia\/#\/schema\/person\/2e76b9aba5ecf875ed565ce4de0e0415","name":"Katherine Loaiza Mart\u00ednez","image":{"@type":"ImageObject","inLanguage":"es-CO","@id":"https:\/\/www.fiscalia.gov.co\/colombia\/#\/schema\/person\/image\/","url":"https:\/\/secure.gravatar.com\/avatar\/ab775a2f394c1b83b6d6f78680e57b50?s=96&d=mm&r=g","contentUrl":"https:\/\/secure.gravatar.com\/avatar\/ab775a2f394c1b83b6d6f78680e57b50?s=96&d=mm&r=g","caption":"Katherine Loaiza Mart\u00ednez"},"url":"https:\/\/www.fiscalia.gov.co\/colombia\/author\/kloaiza\/"}]}},"_links":{"self":[{"href":"https:\/\/www.fiscalia.gov.co\/colombia\/wp-json\/wp\/v2\/posts\/309909","targetHints":{"allow":["GET"]}}],"collection":[{"href":"https:\/\/www.fiscalia.gov.co\/colombia\/wp-json\/wp\/v2\/posts"}],"about":[{"href":"https:\/\/www.fiscalia.gov.co\/colombia\/wp-json\/wp\/v2\/types\/post"}],"author":[{"embeddable":true,"href":"https:\/\/www.fiscalia.gov.co\/colombia\/wp-json\/wp\/v2\/users\/175"}],"replies":[{"embeddable":true,"href":"https:\/\/www.fiscalia.gov.co\/colombia\/wp-json\/wp\/v2\/comments?post=309909"}],"version-history":[{"count":6,"href":"https:\/\/www.fiscalia.gov.co\/colombia\/wp-json\/wp\/v2\/posts\/309909\/revisions"}],"predecessor-version":[{"id":309920,"href":"https:\/\/www.fiscalia.gov.co\/colombia\/wp-json\/wp\/v2\/posts\/309909\/revisions\/309920"}],"wp:attachment":[{"href":"https:\/\/www.fiscalia.gov.co\/colombia\/wp-json\/wp\/v2\/media?parent=309909"}],"wp:term":[{"taxonomy":"category","embeddable":true,"href":"https:\/\/www.fiscalia.gov.co\/colombia\/wp-json\/wp\/v2\/categories?post=309909"},{"taxonomy":"post_tag","embeddable":true,"href":"https:\/\/www.fiscalia.gov.co\/colombia\/wp-json\/wp\/v2\/tags?post=309909"}],"curies":[{"name":"wp","href":"https:\/\/api.w.org\/{rel}","templated":true}]}}