{"id":309564,"date":"2025-02-01T10:00:11","date_gmt":"2025-02-01T15:00:11","guid":{"rendered":"https:\/\/www.fiscalia.gov.co\/colombia\/?p=309564"},"modified":"2025-02-03T10:06:16","modified_gmt":"2025-02-03T15:06:16","slug":"alias-burrito-acepto-su-participacion-en-el-crimen-de-un-intendente-que-iba-a-capturar-a-un-extraditable-y-debera-cumplir-una-condena-de-mas-de-27-anos-de-prision","status":"publish","type":"post","link":"https:\/\/www.fiscalia.gov.co\/colombia\/noticias\/alias-burrito-acepto-su-participacion-en-el-crimen-de-un-intendente-que-iba-a-capturar-a-un-extraditable-y-debera-cumplir-una-condena-de-mas-de-27-anos-de-prision\/","title":{"rendered":"Alias Burrito acept\u00f3 su participaci\u00f3n en el crimen de un intendente que iba a capturar a un extraditable y deber\u00e1 cumplir una condena de m\u00e1s de 27 a\u00f1os de prisi\u00f3n"},"content":{"rendered":"<blockquote>\n<h4 style=\"text-align: left;\"><strong><em>El integrante de la Polic\u00eda Nacional fue atacado con armas de fuego por una estructura armada del \u2018Clan del Golfo\u2019, en un restaurante de Acand\u00ed (Choc\u00f3). En la acci\u00f3n ilegal result\u00f3 herido otro uniformado.<\/em><\/strong><\/h4>\n<\/blockquote>\n<p>&nbsp;<\/p>\n<p>Jhonatan Andr\u00e9s Solano Mart\u00ednez, alias Burrito, suscribi\u00f3 un preacuerdo con la Fiscal\u00eda General de la Naci\u00f3n, en el que acept\u00f3 su participaci\u00f3n en el crimen del intendente Edward Jimmy Rivera Gonz\u00e1lez y las heridas ocasionadas al patrullero Luis Miguel Banda Toro, en hechos ocurridos el 2 de febrero de 2022, en Acand\u00ed (Choc\u00f3).<\/p>\n<p>La negociaci\u00f3n fue avalada por un juez penal de conocimiento, que conden\u00f3 al procesado a 27 a\u00f1os y 1 mes de prisi\u00f3n por los delitos de homicidio agravado; y fabricaci\u00f3n, tr\u00e1fico, porte o tenencia de armas de fuego, accesorios, partes o municiones.<\/p>\n<p>La pruebas obtenidas por la Fiscal\u00eda indican que alias Burrito facilit\u00f3 la llegada de un grupo armado del \u2018Clan del Golfo\u2019 a un restaurante ubicado en el sector La Punta. Los dos integrantes de la Polic\u00eda Nacional estaban de civil en el lugar, y fueron atacados en momentos en los que desayunaban y se preparaban para salir a un procedimiento de captura de una persona requerida en extradici\u00f3n.<\/p>\n<p>El intendente muri\u00f3 y su compa\u00f1ero fue trasladado en helic\u00f3ptero a un centro hospitalario de Turbo (Antioquia).<\/p>\n<p>La sentencia emitida en contra de alias Burrito se\u00f1ala que deber\u00e1 cumplir la pena en centro carcelario.<\/p>\n<p>Esta informaci\u00f3n se publica por razones de inter\u00e9s general.<\/p>\n<p>LMFO\/JARG\/JAGA\/DAT\/<\/p>\n<p>&nbsp;<\/p>\n<p>&nbsp;<\/p>\n<p><em>La informaci\u00f3n contenida en este bolet\u00edn de prensa corresponde a la narraci\u00f3n de los hechos noticiosos objetivos, suministrados por los funcionarios encargados de adelantar las investigaciones penales al interior de la Fiscal\u00eda General de la Naci\u00f3n. Para el momento de la divulgaci\u00f3n de este comunicado, la situaci\u00f3n jur\u00eddica de la(s) persona(s) relacionada(s) se encuentra pendiente de resolver por la autoridad judicial competente, siempre bajo los preceptos de la presunci\u00f3n de inocencia, consagrados en el art\u00edculo 29 de la Constituci\u00f3n Pol\u00edtica y el art\u00edculo 7\u00ba de la Ley 906 de 2004.<\/em><\/p>\n<p>&nbsp;<\/p>\n<p>&nbsp;<\/p>\n<p>&nbsp;<\/p>\n\n<div class=\"twitter-share\"><a href=\"https:\/\/twitter.com\/intent\/tweet?via=fiscaliacol\" class=\"twitter-share-button\">Tweet<\/a><\/div>\n","protected":false},"excerpt":{"rendered":"<p>El integrante de la Polic\u00eda Nacional fue atacado con armas de fuego por una estructura armada del \u2018Clan del Golfo\u2019, en un restaurante de Acand\u00ed (Choc\u00f3). En la acci\u00f3n ilegal result\u00f3 herido otro uniformado. &nbsp; Jhonatan Andr\u00e9s Solano Mart\u00ednez, alias Burrito, suscribi\u00f3 un preacuerdo con la Fiscal\u00eda General de la Naci\u00f3n, en el que acept\u00f3 [&hellip;]<\/p>\n","protected":false},"author":175,"featured_media":0,"comment_status":"closed","ping_status":"open","sticky":false,"template":"","format":"standard","meta":{"tdm_status":"","tdm_grid_status":"","footnotes":""},"categories":[24174,1],"tags":[37491,37892],"class_list":{"0":"post-309564","1":"post","2":"type-post","3":"status-publish","4":"format-standard","6":"category-hay-justicia","7":"category-noticias","8":"tag-fiscal-camargo","9":"tag-fiscal-luz-adriana-camargo-garzon"},"yoast_head":"<!-- This site is optimized with the Yoast SEO plugin v24.3 - https:\/\/yoast.com\/wordpress\/plugins\/seo\/ -->\n<title>Fiscal\u00eda General de la Naci\u00f3n<\/title>\n<meta name=\"description\" content=\"P\u00e1gina oficial de la Fiscal\u00eda General de la Naci\u00f3n \u2013 Colombia. Garantizamos el acceso efectivo a la justicia, la verdad y la reparaci\u00f3n de las v\u00edctimas de los delitos.\" \/>\n<meta name=\"robots\" content=\"noindex, follow\" \/>\n<meta property=\"og:locale\" content=\"es_ES\" \/>\n<meta property=\"og:type\" content=\"article\" \/>\n<meta property=\"og:title\" content=\"Fiscal\u00eda General de la Naci\u00f3n\" \/>\n<meta property=\"og:description\" content=\"P\u00e1gina oficial de la Fiscal\u00eda General de la Naci\u00f3n \u2013 Colombia. Garantizamos el acceso efectivo a la justicia, la verdad y la reparaci\u00f3n de las v\u00edctimas de los delitos.\" \/>\n<meta property=\"og:url\" content=\"https:\/\/www.fiscalia.gov.co\/colombia\/noticias\/alias-burrito-acepto-su-participacion-en-el-crimen-de-un-intendente-que-iba-a-capturar-a-un-extraditable-y-debera-cumplir-una-condena-de-mas-de-27-anos-de-prision\/\" \/>\n<meta property=\"og:site_name\" content=\"Fiscal\u00eda General de la Naci\u00f3n\" \/>\n<meta property=\"article:publisher\" content=\"https:\/\/www.facebook.com\/FiscaliaCol\" \/>\n<meta property=\"article:published_time\" content=\"2025-02-01T15:00:11+00:00\" \/>\n<meta property=\"article:modified_time\" content=\"2025-02-03T15:06:16+00:00\" \/>\n<meta name=\"author\" content=\"Katherine Loaiza Mart\u00ednez\" \/>\n<meta name=\"twitter:card\" content=\"summary_large_image\" \/>\n<meta name=\"twitter:creator\" content=\"@FiscaliaCol\" \/>\n<meta name=\"twitter:site\" content=\"@FiscaliaCol\" \/>\n<meta name=\"twitter:label1\" content=\"Escrito por\" \/>\n\t<meta name=\"twitter:data1\" content=\"Katherine Loaiza Mart\u00ednez\" \/>\n\t<meta name=\"twitter:label2\" content=\"Tiempo de lectura\" \/>\n\t<meta name=\"twitter:data2\" content=\"2 minutos\" \/>\n<script type=\"application\/ld+json\" class=\"yoast-schema-graph\">{\"@context\":\"https:\/\/schema.org\",\"@graph\":[{\"@type\":\"Article\",\"@id\":\"https:\/\/www.fiscalia.gov.co\/colombia\/noticias\/alias-burrito-acepto-su-participacion-en-el-crimen-de-un-intendente-que-iba-a-capturar-a-un-extraditable-y-debera-cumplir-una-condena-de-mas-de-27-anos-de-prision\/#article\",\"isPartOf\":{\"@id\":\"https:\/\/www.fiscalia.gov.co\/colombia\/noticias\/alias-burrito-acepto-su-participacion-en-el-crimen-de-un-intendente-que-iba-a-capturar-a-un-extraditable-y-debera-cumplir-una-condena-de-mas-de-27-anos-de-prision\/\"},\"author\":{\"name\":\"Katherine Loaiza Mart\u00ednez\",\"@id\":\"https:\/\/www.fiscalia.gov.co\/colombia\/#\/schema\/person\/2e76b9aba5ecf875ed565ce4de0e0415\"},\"headline\":\"Alias Burrito acept\u00f3 su participaci\u00f3n en el crimen de un intendente que iba a capturar a un extraditable y deber\u00e1 cumplir una condena de m\u00e1s de 27 a\u00f1os de prisi\u00f3n\",\"datePublished\":\"2025-02-01T15:00:11+00:00\",\"dateModified\":\"2025-02-03T15:06:16+00:00\",\"mainEntityOfPage\":{\"@id\":\"https:\/\/www.fiscalia.gov.co\/colombia\/noticias\/alias-burrito-acepto-su-participacion-en-el-crimen-de-un-intendente-que-iba-a-capturar-a-un-extraditable-y-debera-cumplir-una-condena-de-mas-de-27-anos-de-prision\/\"},\"wordCount\":402,\"publisher\":{\"@id\":\"https:\/\/www.fiscalia.gov.co\/colombia\/#organization\"},\"keywords\":[\"fiscal Camargo\",\"Fiscal Luz Adriana Camargo Garz\u00f3n\"],\"articleSection\":[\"Hay Justicia\",\"Noticias\"],\"inLanguage\":\"es-CO\"},{\"@type\":\"WebPage\",\"@id\":\"https:\/\/www.fiscalia.gov.co\/colombia\/noticias\/alias-burrito-acepto-su-participacion-en-el-crimen-de-un-intendente-que-iba-a-capturar-a-un-extraditable-y-debera-cumplir-una-condena-de-mas-de-27-anos-de-prision\/\",\"url\":\"https:\/\/www.fiscalia.gov.co\/colombia\/noticias\/alias-burrito-acepto-su-participacion-en-el-crimen-de-un-intendente-que-iba-a-capturar-a-un-extraditable-y-debera-cumplir-una-condena-de-mas-de-27-anos-de-prision\/\",\"name\":\"Fiscal\u00eda General de la Naci\u00f3n\",\"isPartOf\":{\"@id\":\"https:\/\/www.fiscalia.gov.co\/colombia\/#website\"},\"datePublished\":\"2025-02-01T15:00:11+00:00\",\"dateModified\":\"2025-02-03T15:06:16+00:00\",\"description\":\"P\u00e1gina oficial de la Fiscal\u00eda General de la Naci\u00f3n \u2013 Colombia. Garantizamos el acceso efectivo a la justicia, la verdad y la reparaci\u00f3n de las v\u00edctimas de los delitos.\",\"breadcrumb\":{\"@id\":\"https:\/\/www.fiscalia.gov.co\/colombia\/noticias\/alias-burrito-acepto-su-participacion-en-el-crimen-de-un-intendente-que-iba-a-capturar-a-un-extraditable-y-debera-cumplir-una-condena-de-mas-de-27-anos-de-prision\/#breadcrumb\"},\"inLanguage\":\"es-CO\",\"potentialAction\":[{\"@type\":\"ReadAction\",\"target\":[\"https:\/\/www.fiscalia.gov.co\/colombia\/noticias\/alias-burrito-acepto-su-participacion-en-el-crimen-de-un-intendente-que-iba-a-capturar-a-un-extraditable-y-debera-cumplir-una-condena-de-mas-de-27-anos-de-prision\/\"]}]},{\"@type\":\"BreadcrumbList\",\"@id\":\"https:\/\/www.fiscalia.gov.co\/colombia\/noticias\/alias-burrito-acepto-su-participacion-en-el-crimen-de-un-intendente-que-iba-a-capturar-a-un-extraditable-y-debera-cumplir-una-condena-de-mas-de-27-anos-de-prision\/#breadcrumb\",\"itemListElement\":[{\"@type\":\"ListItem\",\"position\":1,\"name\":\"Home\",\"item\":\"https:\/\/www.fiscalia.gov.co\/colombia\/\"},{\"@type\":\"ListItem\",\"position\":2,\"name\":\"Alias Burrito acept\u00f3 su participaci\u00f3n en el crimen de un intendente que iba a capturar a un extraditable y deber\u00e1 cumplir una condena de m\u00e1s de 27 a\u00f1os de prisi\u00f3n\"}]},{\"@type\":\"WebSite\",\"@id\":\"https:\/\/www.fiscalia.gov.co\/colombia\/#website\",\"url\":\"https:\/\/www.fiscalia.gov.co\/colombia\/\",\"name\":\"Fiscal\u00eda General de la Naci\u00f3n\",\"description\":\"P\u00e1gina oficial de la Fiscal\u00eda General de la Naci\u00f3n \u2013 Colombia. Garantizamos el acceso efectivo a la justicia, la verdad y la reparaci\u00f3n de las v\u00edctimas de los delitos.\",\"publisher\":{\"@id\":\"https:\/\/www.fiscalia.gov.co\/colombia\/#organization\"},\"potentialAction\":[{\"@type\":\"SearchAction\",\"target\":{\"@type\":\"EntryPoint\",\"urlTemplate\":\"https:\/\/www.fiscalia.gov.co\/colombia\/?s={search_term_string}\"},\"query-input\":{\"@type\":\"PropertyValueSpecification\",\"valueRequired\":true,\"valueName\":\"search_term_string\"}}],\"inLanguage\":\"es-CO\"},{\"@type\":\"Organization\",\"@id\":\"https:\/\/www.fiscalia.gov.co\/colombia\/#organization\",\"name\":\"Fiscal\u00eda General de la Naci\u00f3n\",\"url\":\"https:\/\/www.fiscalia.gov.co\/colombia\/\",\"logo\":{\"@type\":\"ImageObject\",\"inLanguage\":\"es-CO\",\"@id\":\"https:\/\/www.fiscalia.gov.co\/colombia\/#\/schema\/logo\/image\/\",\"url\":\"https:\/\/www.fiscalia.gov.co\/colombia\/wp-content\/uploads\/LogoHorizontal_1.jpg\",\"contentUrl\":\"https:\/\/www.fiscalia.gov.co\/colombia\/wp-content\/uploads\/LogoHorizontal_1.jpg\",\"width\":300,\"height\":90,\"caption\":\"Fiscal\u00eda General de la Naci\u00f3n\"},\"image\":{\"@id\":\"https:\/\/www.fiscalia.gov.co\/colombia\/#\/schema\/logo\/image\/\"},\"sameAs\":[\"https:\/\/www.facebook.com\/FiscaliaCol\",\"https:\/\/x.com\/FiscaliaCol\",\"https:\/\/www.instagram.com\/fiscaliacol\",\"https:\/\/www.linkedin.com\/company\/fiscalia-general-de-la-naci-n\/\",\"https:\/\/youtube.com\/@fiscaliageneraldelanacion-4668?si=6nN79nyQICPU5iTh\"]},{\"@type\":\"Person\",\"@id\":\"https:\/\/www.fiscalia.gov.co\/colombia\/#\/schema\/person\/2e76b9aba5ecf875ed565ce4de0e0415\",\"name\":\"Katherine Loaiza Mart\u00ednez\",\"image\":{\"@type\":\"ImageObject\",\"inLanguage\":\"es-CO\",\"@id\":\"https:\/\/www.fiscalia.gov.co\/colombia\/#\/schema\/person\/image\/\",\"url\":\"https:\/\/secure.gravatar.com\/avatar\/ab775a2f394c1b83b6d6f78680e57b50?s=96&d=mm&r=g\",\"contentUrl\":\"https:\/\/secure.gravatar.com\/avatar\/ab775a2f394c1b83b6d6f78680e57b50?s=96&d=mm&r=g\",\"caption\":\"Katherine Loaiza Mart\u00ednez\"},\"url\":\"https:\/\/www.fiscalia.gov.co\/colombia\/author\/kloaiza\/\"}]}<\/script>\n<!-- \/ Yoast SEO plugin. -->","yoast_head_json":{"title":"Fiscal\u00eda General de la Naci\u00f3n","description":"P\u00e1gina oficial de la Fiscal\u00eda General de la Naci\u00f3n \u2013 Colombia. Garantizamos el acceso efectivo a la justicia, la verdad y la reparaci\u00f3n de las v\u00edctimas de los delitos.","robots":{"index":"noindex","follow":"follow"},"og_locale":"es_ES","og_type":"article","og_title":"Fiscal\u00eda General de la Naci\u00f3n","og_description":"P\u00e1gina oficial de la Fiscal\u00eda General de la Naci\u00f3n \u2013 Colombia. Garantizamos el acceso efectivo a la justicia, la verdad y la reparaci\u00f3n de las v\u00edctimas de los delitos.","og_url":"https:\/\/www.fiscalia.gov.co\/colombia\/noticias\/alias-burrito-acepto-su-participacion-en-el-crimen-de-un-intendente-que-iba-a-capturar-a-un-extraditable-y-debera-cumplir-una-condena-de-mas-de-27-anos-de-prision\/","og_site_name":"Fiscal\u00eda General de la Naci\u00f3n","article_publisher":"https:\/\/www.facebook.com\/FiscaliaCol","article_published_time":"2025-02-01T15:00:11+00:00","article_modified_time":"2025-02-03T15:06:16+00:00","author":"Katherine Loaiza Mart\u00ednez","twitter_card":"summary_large_image","twitter_creator":"@FiscaliaCol","twitter_site":"@FiscaliaCol","twitter_misc":{"Escrito por":"Katherine Loaiza Mart\u00ednez","Tiempo de lectura":"2 minutos"},"schema":{"@context":"https:\/\/schema.org","@graph":[{"@type":"Article","@id":"https:\/\/www.fiscalia.gov.co\/colombia\/noticias\/alias-burrito-acepto-su-participacion-en-el-crimen-de-un-intendente-que-iba-a-capturar-a-un-extraditable-y-debera-cumplir-una-condena-de-mas-de-27-anos-de-prision\/#article","isPartOf":{"@id":"https:\/\/www.fiscalia.gov.co\/colombia\/noticias\/alias-burrito-acepto-su-participacion-en-el-crimen-de-un-intendente-que-iba-a-capturar-a-un-extraditable-y-debera-cumplir-una-condena-de-mas-de-27-anos-de-prision\/"},"author":{"name":"Katherine Loaiza Mart\u00ednez","@id":"https:\/\/www.fiscalia.gov.co\/colombia\/#\/schema\/person\/2e76b9aba5ecf875ed565ce4de0e0415"},"headline":"Alias Burrito acept\u00f3 su participaci\u00f3n en el crimen de un intendente que iba a capturar a un extraditable y deber\u00e1 cumplir una condena de m\u00e1s de 27 a\u00f1os de prisi\u00f3n","datePublished":"2025-02-01T15:00:11+00:00","dateModified":"2025-02-03T15:06:16+00:00","mainEntityOfPage":{"@id":"https:\/\/www.fiscalia.gov.co\/colombia\/noticias\/alias-burrito-acepto-su-participacion-en-el-crimen-de-un-intendente-que-iba-a-capturar-a-un-extraditable-y-debera-cumplir-una-condena-de-mas-de-27-anos-de-prision\/"},"wordCount":402,"publisher":{"@id":"https:\/\/www.fiscalia.gov.co\/colombia\/#organization"},"keywords":["fiscal Camargo","Fiscal Luz Adriana Camargo Garz\u00f3n"],"articleSection":["Hay Justicia","Noticias"],"inLanguage":"es-CO"},{"@type":"WebPage","@id":"https:\/\/www.fiscalia.gov.co\/colombia\/noticias\/alias-burrito-acepto-su-participacion-en-el-crimen-de-un-intendente-que-iba-a-capturar-a-un-extraditable-y-debera-cumplir-una-condena-de-mas-de-27-anos-de-prision\/","url":"https:\/\/www.fiscalia.gov.co\/colombia\/noticias\/alias-burrito-acepto-su-participacion-en-el-crimen-de-un-intendente-que-iba-a-capturar-a-un-extraditable-y-debera-cumplir-una-condena-de-mas-de-27-anos-de-prision\/","name":"Fiscal\u00eda General de la Naci\u00f3n","isPartOf":{"@id":"https:\/\/www.fiscalia.gov.co\/colombia\/#website"},"datePublished":"2025-02-01T15:00:11+00:00","dateModified":"2025-02-03T15:06:16+00:00","description":"P\u00e1gina oficial de la Fiscal\u00eda General de la Naci\u00f3n \u2013 Colombia. Garantizamos el acceso efectivo a la justicia, la verdad y la reparaci\u00f3n de las v\u00edctimas de los delitos.","breadcrumb":{"@id":"https:\/\/www.fiscalia.gov.co\/colombia\/noticias\/alias-burrito-acepto-su-participacion-en-el-crimen-de-un-intendente-que-iba-a-capturar-a-un-extraditable-y-debera-cumplir-una-condena-de-mas-de-27-anos-de-prision\/#breadcrumb"},"inLanguage":"es-CO","potentialAction":[{"@type":"ReadAction","target":["https:\/\/www.fiscalia.gov.co\/colombia\/noticias\/alias-burrito-acepto-su-participacion-en-el-crimen-de-un-intendente-que-iba-a-capturar-a-un-extraditable-y-debera-cumplir-una-condena-de-mas-de-27-anos-de-prision\/"]}]},{"@type":"BreadcrumbList","@id":"https:\/\/www.fiscalia.gov.co\/colombia\/noticias\/alias-burrito-acepto-su-participacion-en-el-crimen-de-un-intendente-que-iba-a-capturar-a-un-extraditable-y-debera-cumplir-una-condena-de-mas-de-27-anos-de-prision\/#breadcrumb","itemListElement":[{"@type":"ListItem","position":1,"name":"Home","item":"https:\/\/www.fiscalia.gov.co\/colombia\/"},{"@type":"ListItem","position":2,"name":"Alias Burrito acept\u00f3 su participaci\u00f3n en el crimen de un intendente que iba a capturar a un extraditable y deber\u00e1 cumplir una condena de m\u00e1s de 27 a\u00f1os de prisi\u00f3n"}]},{"@type":"WebSite","@id":"https:\/\/www.fiscalia.gov.co\/colombia\/#website","url":"https:\/\/www.fiscalia.gov.co\/colombia\/","name":"Fiscal\u00eda General de la Naci\u00f3n","description":"P\u00e1gina oficial de la Fiscal\u00eda General de la Naci\u00f3n \u2013 Colombia. Garantizamos el acceso efectivo a la justicia, la verdad y la reparaci\u00f3n de las v\u00edctimas de los delitos.","publisher":{"@id":"https:\/\/www.fiscalia.gov.co\/colombia\/#organization"},"potentialAction":[{"@type":"SearchAction","target":{"@type":"EntryPoint","urlTemplate":"https:\/\/www.fiscalia.gov.co\/colombia\/?s={search_term_string}"},"query-input":{"@type":"PropertyValueSpecification","valueRequired":true,"valueName":"search_term_string"}}],"inLanguage":"es-CO"},{"@type":"Organization","@id":"https:\/\/www.fiscalia.gov.co\/colombia\/#organization","name":"Fiscal\u00eda General de la Naci\u00f3n","url":"https:\/\/www.fiscalia.gov.co\/colombia\/","logo":{"@type":"ImageObject","inLanguage":"es-CO","@id":"https:\/\/www.fiscalia.gov.co\/colombia\/#\/schema\/logo\/image\/","url":"https:\/\/www.fiscalia.gov.co\/colombia\/wp-content\/uploads\/LogoHorizontal_1.jpg","contentUrl":"https:\/\/www.fiscalia.gov.co\/colombia\/wp-content\/uploads\/LogoHorizontal_1.jpg","width":300,"height":90,"caption":"Fiscal\u00eda General de la Naci\u00f3n"},"image":{"@id":"https:\/\/www.fiscalia.gov.co\/colombia\/#\/schema\/logo\/image\/"},"sameAs":["https:\/\/www.facebook.com\/FiscaliaCol","https:\/\/x.com\/FiscaliaCol","https:\/\/www.instagram.com\/fiscaliacol","https:\/\/www.linkedin.com\/company\/fiscalia-general-de-la-naci-n\/","https:\/\/youtube.com\/@fiscaliageneraldelanacion-4668?si=6nN79nyQICPU5iTh"]},{"@type":"Person","@id":"https:\/\/www.fiscalia.gov.co\/colombia\/#\/schema\/person\/2e76b9aba5ecf875ed565ce4de0e0415","name":"Katherine Loaiza Mart\u00ednez","image":{"@type":"ImageObject","inLanguage":"es-CO","@id":"https:\/\/www.fiscalia.gov.co\/colombia\/#\/schema\/person\/image\/","url":"https:\/\/secure.gravatar.com\/avatar\/ab775a2f394c1b83b6d6f78680e57b50?s=96&d=mm&r=g","contentUrl":"https:\/\/secure.gravatar.com\/avatar\/ab775a2f394c1b83b6d6f78680e57b50?s=96&d=mm&r=g","caption":"Katherine Loaiza Mart\u00ednez"},"url":"https:\/\/www.fiscalia.gov.co\/colombia\/author\/kloaiza\/"}]}},"_links":{"self":[{"href":"https:\/\/www.fiscalia.gov.co\/colombia\/wp-json\/wp\/v2\/posts\/309564","targetHints":{"allow":["GET"]}}],"collection":[{"href":"https:\/\/www.fiscalia.gov.co\/colombia\/wp-json\/wp\/v2\/posts"}],"about":[{"href":"https:\/\/www.fiscalia.gov.co\/colombia\/wp-json\/wp\/v2\/types\/post"}],"author":[{"embeddable":true,"href":"https:\/\/www.fiscalia.gov.co\/colombia\/wp-json\/wp\/v2\/users\/175"}],"replies":[{"embeddable":true,"href":"https:\/\/www.fiscalia.gov.co\/colombia\/wp-json\/wp\/v2\/comments?post=309564"}],"version-history":[{"count":2,"href":"https:\/\/www.fiscalia.gov.co\/colombia\/wp-json\/wp\/v2\/posts\/309564\/revisions"}],"predecessor-version":[{"id":309568,"href":"https:\/\/www.fiscalia.gov.co\/colombia\/wp-json\/wp\/v2\/posts\/309564\/revisions\/309568"}],"wp:attachment":[{"href":"https:\/\/www.fiscalia.gov.co\/colombia\/wp-json\/wp\/v2\/media?parent=309564"}],"wp:term":[{"taxonomy":"category","embeddable":true,"href":"https:\/\/www.fiscalia.gov.co\/colombia\/wp-json\/wp\/v2\/categories?post=309564"},{"taxonomy":"post_tag","embeddable":true,"href":"https:\/\/www.fiscalia.gov.co\/colombia\/wp-json\/wp\/v2\/tags?post=309564"}],"curies":[{"name":"wp","href":"https:\/\/api.w.org\/{rel}","templated":true}]}}