{"id":309559,"date":"2025-01-31T17:52:36","date_gmt":"2025-01-31T22:52:36","guid":{"rendered":"https:\/\/www.fiscalia.gov.co\/colombia\/?p=309559"},"modified":"2025-02-03T10:02:51","modified_gmt":"2025-02-03T15:02:51","slug":"a-penas-que-superan-los-9-y-7-anos-de-prision-fueron-condenados-dos-exfiscales-de-aguachica-cesar-quienes-incurrieron-en-actos-de-corrupcion","status":"publish","type":"post","link":"https:\/\/www.fiscalia.gov.co\/colombia\/lucha-contra-corrupcion\/a-penas-que-superan-los-9-y-7-anos-de-prision-fueron-condenados-dos-exfiscales-de-aguachica-cesar-quienes-incurrieron-en-actos-de-corrupcion\/","title":{"rendered":"A penas que superan los 9 y 7 a\u00f1os de prisi\u00f3n fueron condenados dos exfiscales de Aguachica (Cesar) quienes incurrieron en actos de corrupci\u00f3n"},"content":{"rendered":"<blockquote>\n<h4 style=\"text-align: left;\"><strong><em>Archivar procesos sin sustento legal y exigir dinero a cambio de favorecer a presuntos integrantes de una red que hurta hidrocarburos, son algunas de las irregularidades en las que incurrieron los ahora sentenciados.<\/em><\/strong><\/h4>\n<\/blockquote>\n<p>&nbsp;<\/p>\n<p>Las pruebas presentadas por la Fiscal\u00eda General de la Naci\u00f3n permitieron que el Tribunal Superior de Valledupar condenara a los exfiscales seccionales Eduardo Jos\u00e9 Cabello Baquero y Luis Fernando Herrera Carrascal, quienes aprovecharon sus cargos en la Direcci\u00f3n Seccional Magdalena Medio para manipular procesos penales a su cargo, a cambio de beneficios personales.<\/p>\n<p>Cabello Baquero, quien para el 2017 se desempe\u00f1aba como fiscal seccional y coordinador de la unidad de fiscal\u00edas, archiv\u00f3 dos investigaciones sin sustento legal que respaldara tal determinaci\u00f3n. En el primer caso, favoreci\u00f3 a varias personas que deb\u00edan responder por el delito de incendio y da\u00f1o en bien ajeno; en el segundo, hizo lo propio en el marco de una investigaci\u00f3n por desplazamiento forzado dejando a las v\u00edctimas desprotegidas.<\/p>\n<p>En un tercer hecho, exigi\u00f3 el pago de 3 millones de pesos para garantizar la devoluci\u00f3n de un veh\u00edculo que hab\u00eda sido incautado. Este caso fue denunciado por el afectado. Por esto, el exfiscal fue condenado a 9 a\u00f1os y 6 meses de prisi\u00f3n como responsable en los delitos de prevaricato por acci\u00f3n, prevaricato por acci\u00f3n simple y concusi\u00f3n. Adem\u00e1s, deber\u00e1 pagar de 199 salarios m\u00ednimos y no podr\u00e1 desempe\u00f1ar derechos y funciones p\u00fablicas por 98 meses.<\/p>\n<p>En el caso de Herrera Carrascal, fiscal seccional de Aguachica, el ente acusador demostr\u00f3 que en 2017 recibi\u00f3 dinero por parte de integrantes de una organizaci\u00f3n delincuencial, responsables del apoderamiento de hidrocarburos.<\/p>\n<p>La Fiscal\u00eda demostr\u00f3 que la coima buscaba que el funcionario judicial se abstuviera de solicitar la imposici\u00f3n de medida de aseguramiento en contra de varios de sus integrantes, quienes afrontaban un proceso penal. El exfiscal\u00a0 Herrera Carrascal deb\u00eda manifestar en la audiencia p\u00fablica que los procesados no representaban peligro para la comunidad, adem\u00e1s, de devolver un automotor incautado.<\/p>\n<p>El exfuncionario fue condenado a 7 a\u00f1os y 3 meses de prisi\u00f3n y al pago de 70 salarios m\u00ednimos, y durante 88 meses no podr\u00e1 desempe\u00f1ar funciones p\u00fablicas.<\/p>\n<p>La condena fue apelada por las defensas.<\/p>\n<p>DRA\/MAGA\/ORA\/DSS.<\/p>\n<p>&nbsp;<\/p>\n<p>&nbsp;<\/p>\n<div class=\"td-post-content tagdiv-type\">\n<div class=\"td-post-content tagdiv-type\">\n<div class=\"td-post-content tagdiv-type\">\n<div class=\"td-post-content tagdiv-type\">\n<div class=\"td-post-content tagdiv-type\">\n<div class=\"td-post-content tagdiv-type\">\n<p><em>La informaci\u00f3n contenida en este bolet\u00edn de prensa corresponde a la narraci\u00f3n de los hechos noticiosos objetivos, suministrados por los funcionarios encargados de adelantar las investigaciones penales al interior de la Fiscal\u00eda General de la Naci\u00f3n. Para el momento de la divulgaci\u00f3n de este comunicado, la situaci\u00f3n jur\u00eddica de la(s) persona(s) relacionada(s) se encuentra pendiente de resolver por la autoridad judicial competente, siempre bajo los preceptos de la presunci\u00f3n de inocencia, consagrados en el art\u00edculo 29 de la Constituci\u00f3n Pol\u00edtica y el art\u00edculo 7\u00ba de la Ley 906 de 2004.<\/em><\/p>\n<\/div>\n<\/div>\n<\/div>\n<\/div>\n<\/div>\n<\/div>\n<footer>\n<div class=\"td-post-source-tags\"><\/div>\n<div class=\"td-post-sharing-bottom\"><\/div>\n<\/footer>\n\n<div class=\"twitter-share\"><a href=\"https:\/\/twitter.com\/intent\/tweet?via=fiscaliacol\" class=\"twitter-share-button\">Tweet<\/a><\/div>\n","protected":false},"excerpt":{"rendered":"<p>Archivar procesos sin sustento legal y exigir dinero a cambio de favorecer a presuntos integrantes de una red que hurta hidrocarburos, son algunas de las irregularidades en las que incurrieron los ahora sentenciados. &nbsp; Las pruebas presentadas por la Fiscal\u00eda General de la Naci\u00f3n permitieron que el Tribunal Superior de Valledupar condenara a los exfiscales [&hellip;]<\/p>\n","protected":false},"author":175,"featured_media":0,"comment_status":"closed","ping_status":"open","sticky":false,"template":"","format":"standard","meta":{"tdm_status":"","tdm_grid_status":"","footnotes":""},"categories":[24097,24107,24174,1],"tags":[23951,293,37767,37491,4614,39999],"class_list":{"0":"post-309559","1":"post","2":"type-post","3":"status-publish","4":"format-standard","6":"category-corrupcion","7":"category-lucha-contra-corrupcion","8":"category-hay-justicia","9":"category-noticias","10":"tag-aguachica","11":"tag-condena","12":"tag-fisca-luz-adriana-camargo","13":"tag-fiscal-camargo","14":"tag-fiscalia-2","15":"tag-magdanena-medio"},"yoast_head":"<!-- This site is optimized with the Yoast SEO plugin v24.3 - https:\/\/yoast.com\/wordpress\/plugins\/seo\/ -->\n<title>Fiscal\u00eda General de la Naci\u00f3n<\/title>\n<meta name=\"description\" content=\"P\u00e1gina oficial de la Fiscal\u00eda General de la Naci\u00f3n \u2013 Colombia. Garantizamos el acceso efectivo a la justicia, la verdad y la reparaci\u00f3n de las v\u00edctimas de los delitos.\" \/>\n<meta name=\"robots\" content=\"noindex, follow\" \/>\n<meta property=\"og:locale\" content=\"es_ES\" \/>\n<meta property=\"og:type\" content=\"article\" \/>\n<meta property=\"og:title\" content=\"Fiscal\u00eda General de la Naci\u00f3n\" \/>\n<meta property=\"og:description\" content=\"P\u00e1gina oficial de la Fiscal\u00eda General de la Naci\u00f3n \u2013 Colombia. Garantizamos el acceso efectivo a la justicia, la verdad y la reparaci\u00f3n de las v\u00edctimas de los delitos.\" \/>\n<meta property=\"og:url\" content=\"https:\/\/www.fiscalia.gov.co\/colombia\/lucha-contra-corrupcion\/a-penas-que-superan-los-9-y-7-anos-de-prision-fueron-condenados-dos-exfiscales-de-aguachica-cesar-quienes-incurrieron-en-actos-de-corrupcion\/\" \/>\n<meta property=\"og:site_name\" content=\"Fiscal\u00eda General de la Naci\u00f3n\" \/>\n<meta property=\"article:publisher\" content=\"https:\/\/www.facebook.com\/FiscaliaCol\" \/>\n<meta property=\"article:published_time\" content=\"2025-01-31T22:52:36+00:00\" \/>\n<meta property=\"article:modified_time\" content=\"2025-02-03T15:02:51+00:00\" \/>\n<meta name=\"author\" content=\"Katherine Loaiza Mart\u00ednez\" \/>\n<meta name=\"twitter:card\" content=\"summary_large_image\" \/>\n<meta name=\"twitter:creator\" content=\"@FiscaliaCol\" \/>\n<meta name=\"twitter:site\" content=\"@FiscaliaCol\" \/>\n<meta name=\"twitter:label1\" content=\"Escrito por\" \/>\n\t<meta name=\"twitter:data1\" content=\"Katherine Loaiza Mart\u00ednez\" \/>\n\t<meta name=\"twitter:label2\" content=\"Tiempo de lectura\" \/>\n\t<meta name=\"twitter:data2\" content=\"2 minutos\" \/>\n<script type=\"application\/ld+json\" class=\"yoast-schema-graph\">{\"@context\":\"https:\/\/schema.org\",\"@graph\":[{\"@type\":\"Article\",\"@id\":\"https:\/\/www.fiscalia.gov.co\/colombia\/lucha-contra-corrupcion\/a-penas-que-superan-los-9-y-7-anos-de-prision-fueron-condenados-dos-exfiscales-de-aguachica-cesar-quienes-incurrieron-en-actos-de-corrupcion\/#article\",\"isPartOf\":{\"@id\":\"https:\/\/www.fiscalia.gov.co\/colombia\/lucha-contra-corrupcion\/a-penas-que-superan-los-9-y-7-anos-de-prision-fueron-condenados-dos-exfiscales-de-aguachica-cesar-quienes-incurrieron-en-actos-de-corrupcion\/\"},\"author\":{\"name\":\"Katherine Loaiza Mart\u00ednez\",\"@id\":\"https:\/\/www.fiscalia.gov.co\/colombia\/#\/schema\/person\/2e76b9aba5ecf875ed565ce4de0e0415\"},\"headline\":\"A penas que superan los 9 y 7 a\u00f1os de prisi\u00f3n fueron condenados dos exfiscales de Aguachica (Cesar) quienes incurrieron en actos de corrupci\u00f3n\",\"datePublished\":\"2025-01-31T22:52:36+00:00\",\"dateModified\":\"2025-02-03T15:02:51+00:00\",\"mainEntityOfPage\":{\"@id\":\"https:\/\/www.fiscalia.gov.co\/colombia\/lucha-contra-corrupcion\/a-penas-que-superan-los-9-y-7-anos-de-prision-fueron-condenados-dos-exfiscales-de-aguachica-cesar-quienes-incurrieron-en-actos-de-corrupcion\/\"},\"wordCount\":513,\"publisher\":{\"@id\":\"https:\/\/www.fiscalia.gov.co\/colombia\/#organization\"},\"keywords\":[\"Aguachica\",\"Condena\",\"Fisca Luz Adriana Camargo\",\"fiscal Camargo\",\"Fiscal\u00eda\",\"Magdanena Medio\"],\"articleSection\":[\"Corrupci\u00f3n\",\"Corrupci\u00f3n\",\"Hay Justicia\",\"Noticias\"],\"inLanguage\":\"es-CO\"},{\"@type\":\"WebPage\",\"@id\":\"https:\/\/www.fiscalia.gov.co\/colombia\/lucha-contra-corrupcion\/a-penas-que-superan-los-9-y-7-anos-de-prision-fueron-condenados-dos-exfiscales-de-aguachica-cesar-quienes-incurrieron-en-actos-de-corrupcion\/\",\"url\":\"https:\/\/www.fiscalia.gov.co\/colombia\/lucha-contra-corrupcion\/a-penas-que-superan-los-9-y-7-anos-de-prision-fueron-condenados-dos-exfiscales-de-aguachica-cesar-quienes-incurrieron-en-actos-de-corrupcion\/\",\"name\":\"Fiscal\u00eda General de la Naci\u00f3n\",\"isPartOf\":{\"@id\":\"https:\/\/www.fiscalia.gov.co\/colombia\/#website\"},\"datePublished\":\"2025-01-31T22:52:36+00:00\",\"dateModified\":\"2025-02-03T15:02:51+00:00\",\"description\":\"P\u00e1gina oficial de la Fiscal\u00eda General de la Naci\u00f3n \u2013 Colombia. Garantizamos el acceso efectivo a la justicia, la verdad y la reparaci\u00f3n de las v\u00edctimas de los delitos.\",\"breadcrumb\":{\"@id\":\"https:\/\/www.fiscalia.gov.co\/colombia\/lucha-contra-corrupcion\/a-penas-que-superan-los-9-y-7-anos-de-prision-fueron-condenados-dos-exfiscales-de-aguachica-cesar-quienes-incurrieron-en-actos-de-corrupcion\/#breadcrumb\"},\"inLanguage\":\"es-CO\",\"potentialAction\":[{\"@type\":\"ReadAction\",\"target\":[\"https:\/\/www.fiscalia.gov.co\/colombia\/lucha-contra-corrupcion\/a-penas-que-superan-los-9-y-7-anos-de-prision-fueron-condenados-dos-exfiscales-de-aguachica-cesar-quienes-incurrieron-en-actos-de-corrupcion\/\"]}]},{\"@type\":\"BreadcrumbList\",\"@id\":\"https:\/\/www.fiscalia.gov.co\/colombia\/lucha-contra-corrupcion\/a-penas-que-superan-los-9-y-7-anos-de-prision-fueron-condenados-dos-exfiscales-de-aguachica-cesar-quienes-incurrieron-en-actos-de-corrupcion\/#breadcrumb\",\"itemListElement\":[{\"@type\":\"ListItem\",\"position\":1,\"name\":\"Home\",\"item\":\"https:\/\/www.fiscalia.gov.co\/colombia\/\"},{\"@type\":\"ListItem\",\"position\":2,\"name\":\"A penas que superan los 9 y 7 a\u00f1os de prisi\u00f3n fueron condenados dos exfiscales de Aguachica (Cesar) quienes incurrieron en actos de corrupci\u00f3n\"}]},{\"@type\":\"WebSite\",\"@id\":\"https:\/\/www.fiscalia.gov.co\/colombia\/#website\",\"url\":\"https:\/\/www.fiscalia.gov.co\/colombia\/\",\"name\":\"Fiscal\u00eda General de la Naci\u00f3n\",\"description\":\"P\u00e1gina oficial de la Fiscal\u00eda General de la Naci\u00f3n \u2013 Colombia. Garantizamos el acceso efectivo a la justicia, la verdad y la reparaci\u00f3n de las v\u00edctimas de los delitos.\",\"publisher\":{\"@id\":\"https:\/\/www.fiscalia.gov.co\/colombia\/#organization\"},\"potentialAction\":[{\"@type\":\"SearchAction\",\"target\":{\"@type\":\"EntryPoint\",\"urlTemplate\":\"https:\/\/www.fiscalia.gov.co\/colombia\/?s={search_term_string}\"},\"query-input\":{\"@type\":\"PropertyValueSpecification\",\"valueRequired\":true,\"valueName\":\"search_term_string\"}}],\"inLanguage\":\"es-CO\"},{\"@type\":\"Organization\",\"@id\":\"https:\/\/www.fiscalia.gov.co\/colombia\/#organization\",\"name\":\"Fiscal\u00eda General de la Naci\u00f3n\",\"url\":\"https:\/\/www.fiscalia.gov.co\/colombia\/\",\"logo\":{\"@type\":\"ImageObject\",\"inLanguage\":\"es-CO\",\"@id\":\"https:\/\/www.fiscalia.gov.co\/colombia\/#\/schema\/logo\/image\/\",\"url\":\"https:\/\/www.fiscalia.gov.co\/colombia\/wp-content\/uploads\/LogoHorizontal_1.jpg\",\"contentUrl\":\"https:\/\/www.fiscalia.gov.co\/colombia\/wp-content\/uploads\/LogoHorizontal_1.jpg\",\"width\":300,\"height\":90,\"caption\":\"Fiscal\u00eda General de la Naci\u00f3n\"},\"image\":{\"@id\":\"https:\/\/www.fiscalia.gov.co\/colombia\/#\/schema\/logo\/image\/\"},\"sameAs\":[\"https:\/\/www.facebook.com\/FiscaliaCol\",\"https:\/\/x.com\/FiscaliaCol\",\"https:\/\/www.instagram.com\/fiscaliacol\",\"https:\/\/www.linkedin.com\/company\/fiscalia-general-de-la-naci-n\/\",\"https:\/\/youtube.com\/@fiscaliageneraldelanacion-4668?si=6nN79nyQICPU5iTh\"]},{\"@type\":\"Person\",\"@id\":\"https:\/\/www.fiscalia.gov.co\/colombia\/#\/schema\/person\/2e76b9aba5ecf875ed565ce4de0e0415\",\"name\":\"Katherine Loaiza Mart\u00ednez\",\"image\":{\"@type\":\"ImageObject\",\"inLanguage\":\"es-CO\",\"@id\":\"https:\/\/www.fiscalia.gov.co\/colombia\/#\/schema\/person\/image\/\",\"url\":\"https:\/\/secure.gravatar.com\/avatar\/ab775a2f394c1b83b6d6f78680e57b50?s=96&d=mm&r=g\",\"contentUrl\":\"https:\/\/secure.gravatar.com\/avatar\/ab775a2f394c1b83b6d6f78680e57b50?s=96&d=mm&r=g\",\"caption\":\"Katherine Loaiza Mart\u00ednez\"},\"url\":\"https:\/\/www.fiscalia.gov.co\/colombia\/author\/kloaiza\/\"}]}<\/script>\n<!-- \/ Yoast SEO plugin. -->","yoast_head_json":{"title":"Fiscal\u00eda General de la Naci\u00f3n","description":"P\u00e1gina oficial de la Fiscal\u00eda General de la Naci\u00f3n \u2013 Colombia. Garantizamos el acceso efectivo a la justicia, la verdad y la reparaci\u00f3n de las v\u00edctimas de los delitos.","robots":{"index":"noindex","follow":"follow"},"og_locale":"es_ES","og_type":"article","og_title":"Fiscal\u00eda General de la Naci\u00f3n","og_description":"P\u00e1gina oficial de la Fiscal\u00eda General de la Naci\u00f3n \u2013 Colombia. Garantizamos el acceso efectivo a la justicia, la verdad y la reparaci\u00f3n de las v\u00edctimas de los delitos.","og_url":"https:\/\/www.fiscalia.gov.co\/colombia\/lucha-contra-corrupcion\/a-penas-que-superan-los-9-y-7-anos-de-prision-fueron-condenados-dos-exfiscales-de-aguachica-cesar-quienes-incurrieron-en-actos-de-corrupcion\/","og_site_name":"Fiscal\u00eda General de la Naci\u00f3n","article_publisher":"https:\/\/www.facebook.com\/FiscaliaCol","article_published_time":"2025-01-31T22:52:36+00:00","article_modified_time":"2025-02-03T15:02:51+00:00","author":"Katherine Loaiza Mart\u00ednez","twitter_card":"summary_large_image","twitter_creator":"@FiscaliaCol","twitter_site":"@FiscaliaCol","twitter_misc":{"Escrito por":"Katherine Loaiza Mart\u00ednez","Tiempo de lectura":"2 minutos"},"schema":{"@context":"https:\/\/schema.org","@graph":[{"@type":"Article","@id":"https:\/\/www.fiscalia.gov.co\/colombia\/lucha-contra-corrupcion\/a-penas-que-superan-los-9-y-7-anos-de-prision-fueron-condenados-dos-exfiscales-de-aguachica-cesar-quienes-incurrieron-en-actos-de-corrupcion\/#article","isPartOf":{"@id":"https:\/\/www.fiscalia.gov.co\/colombia\/lucha-contra-corrupcion\/a-penas-que-superan-los-9-y-7-anos-de-prision-fueron-condenados-dos-exfiscales-de-aguachica-cesar-quienes-incurrieron-en-actos-de-corrupcion\/"},"author":{"name":"Katherine Loaiza Mart\u00ednez","@id":"https:\/\/www.fiscalia.gov.co\/colombia\/#\/schema\/person\/2e76b9aba5ecf875ed565ce4de0e0415"},"headline":"A penas que superan los 9 y 7 a\u00f1os de prisi\u00f3n fueron condenados dos exfiscales de Aguachica (Cesar) quienes incurrieron en actos de corrupci\u00f3n","datePublished":"2025-01-31T22:52:36+00:00","dateModified":"2025-02-03T15:02:51+00:00","mainEntityOfPage":{"@id":"https:\/\/www.fiscalia.gov.co\/colombia\/lucha-contra-corrupcion\/a-penas-que-superan-los-9-y-7-anos-de-prision-fueron-condenados-dos-exfiscales-de-aguachica-cesar-quienes-incurrieron-en-actos-de-corrupcion\/"},"wordCount":513,"publisher":{"@id":"https:\/\/www.fiscalia.gov.co\/colombia\/#organization"},"keywords":["Aguachica","Condena","Fisca Luz Adriana Camargo","fiscal Camargo","Fiscal\u00eda","Magdanena Medio"],"articleSection":["Corrupci\u00f3n","Corrupci\u00f3n","Hay Justicia","Noticias"],"inLanguage":"es-CO"},{"@type":"WebPage","@id":"https:\/\/www.fiscalia.gov.co\/colombia\/lucha-contra-corrupcion\/a-penas-que-superan-los-9-y-7-anos-de-prision-fueron-condenados-dos-exfiscales-de-aguachica-cesar-quienes-incurrieron-en-actos-de-corrupcion\/","url":"https:\/\/www.fiscalia.gov.co\/colombia\/lucha-contra-corrupcion\/a-penas-que-superan-los-9-y-7-anos-de-prision-fueron-condenados-dos-exfiscales-de-aguachica-cesar-quienes-incurrieron-en-actos-de-corrupcion\/","name":"Fiscal\u00eda General de la Naci\u00f3n","isPartOf":{"@id":"https:\/\/www.fiscalia.gov.co\/colombia\/#website"},"datePublished":"2025-01-31T22:52:36+00:00","dateModified":"2025-02-03T15:02:51+00:00","description":"P\u00e1gina oficial de la Fiscal\u00eda General de la Naci\u00f3n \u2013 Colombia. Garantizamos el acceso efectivo a la justicia, la verdad y la reparaci\u00f3n de las v\u00edctimas de los delitos.","breadcrumb":{"@id":"https:\/\/www.fiscalia.gov.co\/colombia\/lucha-contra-corrupcion\/a-penas-que-superan-los-9-y-7-anos-de-prision-fueron-condenados-dos-exfiscales-de-aguachica-cesar-quienes-incurrieron-en-actos-de-corrupcion\/#breadcrumb"},"inLanguage":"es-CO","potentialAction":[{"@type":"ReadAction","target":["https:\/\/www.fiscalia.gov.co\/colombia\/lucha-contra-corrupcion\/a-penas-que-superan-los-9-y-7-anos-de-prision-fueron-condenados-dos-exfiscales-de-aguachica-cesar-quienes-incurrieron-en-actos-de-corrupcion\/"]}]},{"@type":"BreadcrumbList","@id":"https:\/\/www.fiscalia.gov.co\/colombia\/lucha-contra-corrupcion\/a-penas-que-superan-los-9-y-7-anos-de-prision-fueron-condenados-dos-exfiscales-de-aguachica-cesar-quienes-incurrieron-en-actos-de-corrupcion\/#breadcrumb","itemListElement":[{"@type":"ListItem","position":1,"name":"Home","item":"https:\/\/www.fiscalia.gov.co\/colombia\/"},{"@type":"ListItem","position":2,"name":"A penas que superan los 9 y 7 a\u00f1os de prisi\u00f3n fueron condenados dos exfiscales de Aguachica (Cesar) quienes incurrieron en actos de corrupci\u00f3n"}]},{"@type":"WebSite","@id":"https:\/\/www.fiscalia.gov.co\/colombia\/#website","url":"https:\/\/www.fiscalia.gov.co\/colombia\/","name":"Fiscal\u00eda General de la Naci\u00f3n","description":"P\u00e1gina oficial de la Fiscal\u00eda General de la Naci\u00f3n \u2013 Colombia. Garantizamos el acceso efectivo a la justicia, la verdad y la reparaci\u00f3n de las v\u00edctimas de los delitos.","publisher":{"@id":"https:\/\/www.fiscalia.gov.co\/colombia\/#organization"},"potentialAction":[{"@type":"SearchAction","target":{"@type":"EntryPoint","urlTemplate":"https:\/\/www.fiscalia.gov.co\/colombia\/?s={search_term_string}"},"query-input":{"@type":"PropertyValueSpecification","valueRequired":true,"valueName":"search_term_string"}}],"inLanguage":"es-CO"},{"@type":"Organization","@id":"https:\/\/www.fiscalia.gov.co\/colombia\/#organization","name":"Fiscal\u00eda General de la Naci\u00f3n","url":"https:\/\/www.fiscalia.gov.co\/colombia\/","logo":{"@type":"ImageObject","inLanguage":"es-CO","@id":"https:\/\/www.fiscalia.gov.co\/colombia\/#\/schema\/logo\/image\/","url":"https:\/\/www.fiscalia.gov.co\/colombia\/wp-content\/uploads\/LogoHorizontal_1.jpg","contentUrl":"https:\/\/www.fiscalia.gov.co\/colombia\/wp-content\/uploads\/LogoHorizontal_1.jpg","width":300,"height":90,"caption":"Fiscal\u00eda General de la Naci\u00f3n"},"image":{"@id":"https:\/\/www.fiscalia.gov.co\/colombia\/#\/schema\/logo\/image\/"},"sameAs":["https:\/\/www.facebook.com\/FiscaliaCol","https:\/\/x.com\/FiscaliaCol","https:\/\/www.instagram.com\/fiscaliacol","https:\/\/www.linkedin.com\/company\/fiscalia-general-de-la-naci-n\/","https:\/\/youtube.com\/@fiscaliageneraldelanacion-4668?si=6nN79nyQICPU5iTh"]},{"@type":"Person","@id":"https:\/\/www.fiscalia.gov.co\/colombia\/#\/schema\/person\/2e76b9aba5ecf875ed565ce4de0e0415","name":"Katherine Loaiza Mart\u00ednez","image":{"@type":"ImageObject","inLanguage":"es-CO","@id":"https:\/\/www.fiscalia.gov.co\/colombia\/#\/schema\/person\/image\/","url":"https:\/\/secure.gravatar.com\/avatar\/ab775a2f394c1b83b6d6f78680e57b50?s=96&d=mm&r=g","contentUrl":"https:\/\/secure.gravatar.com\/avatar\/ab775a2f394c1b83b6d6f78680e57b50?s=96&d=mm&r=g","caption":"Katherine Loaiza Mart\u00ednez"},"url":"https:\/\/www.fiscalia.gov.co\/colombia\/author\/kloaiza\/"}]}},"_links":{"self":[{"href":"https:\/\/www.fiscalia.gov.co\/colombia\/wp-json\/wp\/v2\/posts\/309559","targetHints":{"allow":["GET"]}}],"collection":[{"href":"https:\/\/www.fiscalia.gov.co\/colombia\/wp-json\/wp\/v2\/posts"}],"about":[{"href":"https:\/\/www.fiscalia.gov.co\/colombia\/wp-json\/wp\/v2\/types\/post"}],"author":[{"embeddable":true,"href":"https:\/\/www.fiscalia.gov.co\/colombia\/wp-json\/wp\/v2\/users\/175"}],"replies":[{"embeddable":true,"href":"https:\/\/www.fiscalia.gov.co\/colombia\/wp-json\/wp\/v2\/comments?post=309559"}],"version-history":[{"count":1,"href":"https:\/\/www.fiscalia.gov.co\/colombia\/wp-json\/wp\/v2\/posts\/309559\/revisions"}],"predecessor-version":[{"id":309560,"href":"https:\/\/www.fiscalia.gov.co\/colombia\/wp-json\/wp\/v2\/posts\/309559\/revisions\/309560"}],"wp:attachment":[{"href":"https:\/\/www.fiscalia.gov.co\/colombia\/wp-json\/wp\/v2\/media?parent=309559"}],"wp:term":[{"taxonomy":"category","embeddable":true,"href":"https:\/\/www.fiscalia.gov.co\/colombia\/wp-json\/wp\/v2\/categories?post=309559"},{"taxonomy":"post_tag","embeddable":true,"href":"https:\/\/www.fiscalia.gov.co\/colombia\/wp-json\/wp\/v2\/tags?post=309559"}],"curies":[{"name":"wp","href":"https:\/\/api.w.org\/{rel}","templated":true}]}}