{"id":309488,"date":"2025-01-31T09:14:28","date_gmt":"2025-01-31T14:14:28","guid":{"rendered":"https:\/\/www.fiscalia.gov.co\/colombia\/?p=309488"},"modified":"2025-01-31T09:16:05","modified_gmt":"2025-01-31T14:16:05","slug":"fiscalia-judicializa-a-presuntos-responsables-de-trafico-local-de-estupefacientes-en-neiva","status":"publish","type":"post","link":"https:\/\/www.fiscalia.gov.co\/colombia\/noticias\/fiscalia-judicializa-a-presuntos-responsables-de-trafico-local-de-estupefacientes-en-neiva\/","title":{"rendered":"Fiscal\u00eda judicializa a presuntos responsables de tr\u00e1fico local de estupefacientes en Neiva"},"content":{"rendered":"<blockquote>\n<h4 style=\"text-align: left;\"><strong><em>Los investigados, al parecer, camuflaban el estupefaciente en bolsas herm\u00e9ticas que eran guardadas en neveras de icopor.<\/em><\/strong><\/h4>\n<\/blockquote>\n<p>&nbsp;<\/p>\n<p>Por solicitud de la Fiscal\u00eda General de la Naci\u00f3n, <strong>un juez de control de garant\u00edas impuso medida de aseguramiento en centro carcelario contra dos hombres y una mujer, se\u00f1alados de dosificar, comercializar y distribuir estupefacientes en la Comuna Seis de Neiva.<\/strong><\/p>\n<figure id=\"attachment_309489\" aria-describedby=\"caption-attachment-309489\" style=\"width: 1294px\" class=\"wp-caption aligncenter\"><img loading=\"lazy\" decoding=\"async\" class=\"size-full wp-image-309489\" src=\"https:\/\/www.fiscalia.gov.co\/colombia\/wp-content\/uploads\/Trafico-estupefacientes-neiva.jpeg\" alt=\"Los capturados se encuentran de frente y custodiados por dos uniformados de la Polic\u00eda Nacional. En la foto se ve de fondo unas banderas, una mesa con el material incautado. En el piso se observa el estupefaciente incautado durante los registros de allanamientos.\" width=\"1294\" height=\"1272\" srcset=\"https:\/\/www.fiscalia.gov.co\/colombia\/wp-content\/uploads\/Trafico-estupefacientes-neiva.jpeg 1294w, https:\/\/www.fiscalia.gov.co\/colombia\/wp-content\/uploads\/Trafico-estupefacientes-neiva-300x295.jpeg 300w, https:\/\/www.fiscalia.gov.co\/colombia\/wp-content\/uploads\/Trafico-estupefacientes-neiva-1024x1007.jpeg 1024w, https:\/\/www.fiscalia.gov.co\/colombia\/wp-content\/uploads\/Trafico-estupefacientes-neiva-768x755.jpeg 768w, https:\/\/www.fiscalia.gov.co\/colombia\/wp-content\/uploads\/Trafico-estupefacientes-neiva-427x420.jpeg 427w, https:\/\/www.fiscalia.gov.co\/colombia\/wp-content\/uploads\/Trafico-estupefacientes-neiva-696x684.jpeg 696w, https:\/\/www.fiscalia.gov.co\/colombia\/wp-content\/uploads\/Trafico-estupefacientes-neiva-1068x1050.jpeg 1068w\" sizes=\"auto, (max-width: 1294px) 100vw, 1294px\" \/><figcaption id=\"caption-attachment-309489\" class=\"wp-caption-text\">Al parecer, \u2018El Hijo\u2019, \u2018El El\u00e9ctrico\u2019 y \u2018La Manicurista\u2019 camuflaban el estupefaciente en bolsas herm\u00e9ticas, las cuales eran guardadas en neveras de icopor, para evadir el control de las autoridades.<\/figcaption><\/figure>\n<p>Se trata de <strong>Camilo Andr\u00e9s Monta\u00f1a Baham\u00f3n, alias El Hijo; Jorge Antonio Monta\u00f1a Mej\u00eda, alias El El\u00e9ctrico; y Luz Maribel Solarte Quintero, alias La Manicurista, quienes fueron imputados por los delitos de tr\u00e1fico, fabricaci\u00f3n o porte de estupefacientes; y fabricaci\u00f3n, tr\u00e1fico, porte o tenencia de armas de fuego, accesorios, partes o municiones<\/strong>. Cargos que no aceptaron.<\/p>\n<p>De acuerdo con la investigaci\u00f3n, realizada en coordinaci\u00f3n con la Polic\u00eda Nacional, estas personas ser\u00edan las encargadas de comercializar el estupefaciente en peque\u00f1as y grandes cantidades en puntos fijos, a domicilio y a expendedores de zonas como parques y entornos educativos.<\/p>\n<p>Al parecer,<strong> \u2018El Hijo\u2019, \u2018El El\u00e9ctrico\u2019 y \u2018La Manicurista\u2019 camuflaban el estupefaciente en bolsas herm\u00e9ticas<\/strong>, las cuales eran guardadas en neveras de icopor, para evadir el control de las autoridades.<\/p>\n<p>Los dos hombres y la mujer fueron capturados, mediante \u00f3rdenes de registro y allanamiento, a dos inmuebles del barrio Jos\u00e9 Antonio Gal\u00e1n de Neiva. Durante los operativos, les incautaron dinero en efectivo, un arma traum\u00e1tica modificada, municiones, cigarrillos de marihuana, dosis de coca\u00edna, bazuco y 27 kilos de marihuana tipo cripy.<\/p>\n<p>WAGG\/LMFO\/AMCJ\/JC\/JCFJ\/DSH<\/p>\n<p>&nbsp;<\/p>\n<p><em>La informaci\u00f3n contenida en este bolet\u00edn de prensa corresponde a la narraci\u00f3n de los hechos noticiosos objetivos, y las investigaciones penales al interior de la Fiscal\u00eda General de la Naci\u00f3n. Para el momento de la divulgaci\u00f3n de este comunicado, la situaci\u00f3n jur\u00eddica de la(s) persona(s) relacionada(s) se encuentra pendiente de resolver por la autoridad judicial competente, siempre bajo los preceptos de la presunci\u00f3n de inocencia, consagrados en el art\u00edculo 29 de la Constituci\u00f3n Pol\u00edtica y el art\u00edculo 7\u00ba de la Ley 906 de 2004.<\/em><\/p>\n\n<div class=\"twitter-share\"><a href=\"https:\/\/twitter.com\/intent\/tweet?via=fiscaliacol\" class=\"twitter-share-button\">Tweet<\/a><\/div>\n","protected":false},"excerpt":{"rendered":"<p>Los investigados, al parecer, camuflaban el estupefaciente en bolsas herm\u00e9ticas que eran guardadas en neveras de icopor. &nbsp; Por solicitud de la Fiscal\u00eda General de la Naci\u00f3n, un juez de control de garant\u00edas impuso medida de aseguramiento en centro carcelario contra dos hombres y una mujer, se\u00f1alados de dosificar, comercializar y distribuir estupefacientes en la [&hellip;]<\/p>\n","protected":false},"author":175,"featured_media":0,"comment_status":"closed","ping_status":"open","sticky":false,"template":"","format":"standard","meta":{"tdm_status":"","tdm_grid_status":"","footnotes":""},"categories":[1,333,24099],"tags":[31453,4017,5636,2805,12799,8646,20082,35942,24437,4140,1047,16,1264,5699,23833,24485,39818,916],"class_list":{"0":"post-309488","1":"post","2":"type-post","3":"status-publish","4":"format-standard","6":"category-noticias","7":"category-seccional-neiva","8":"category-seguridad-territorial","9":"tag-alucinogeno","10":"tag-armas-de-fuego","11":"tag-bazuco","12":"tag-coca","13":"tag-comercializacion","14":"tag-cripy","15":"tag-distribucion","16":"tag-dosificacion","17":"tag-estupefaciente","18":"tag-fabricacion","19":"tag-fiscalia-general-de-la-nacion","20":"tag-huila","21":"tag-marihuana","22":"tag-municiones","23":"tag-neiva","24":"tag-seccional-huila","25":"tag-sustancia","26":"tag-trafico"},"yoast_head":"<!-- This site is optimized with the Yoast SEO plugin v24.3 - https:\/\/yoast.com\/wordpress\/plugins\/seo\/ -->\n<title>Fiscal\u00eda General de la Naci\u00f3n<\/title>\n<meta name=\"description\" content=\"P\u00e1gina oficial de la Fiscal\u00eda General de la Naci\u00f3n \u2013 Colombia. Garantizamos el acceso efectivo a la justicia, la verdad y la reparaci\u00f3n de las v\u00edctimas de los delitos.\" \/>\n<meta name=\"robots\" content=\"noindex, follow\" \/>\n<meta property=\"og:locale\" content=\"es_ES\" \/>\n<meta property=\"og:type\" content=\"article\" \/>\n<meta property=\"og:title\" content=\"Fiscal\u00eda General de la Naci\u00f3n\" \/>\n<meta property=\"og:description\" content=\"P\u00e1gina oficial de la Fiscal\u00eda General de la Naci\u00f3n \u2013 Colombia. Garantizamos el acceso efectivo a la justicia, la verdad y la reparaci\u00f3n de las v\u00edctimas de los delitos.\" \/>\n<meta property=\"og:url\" content=\"https:\/\/www.fiscalia.gov.co\/colombia\/noticias\/fiscalia-judicializa-a-presuntos-responsables-de-trafico-local-de-estupefacientes-en-neiva\/\" \/>\n<meta property=\"og:site_name\" content=\"Fiscal\u00eda General de la Naci\u00f3n\" \/>\n<meta property=\"article:publisher\" content=\"https:\/\/www.facebook.com\/FiscaliaCol\" \/>\n<meta property=\"article:published_time\" content=\"2025-01-31T14:14:28+00:00\" \/>\n<meta property=\"article:modified_time\" content=\"2025-01-31T14:16:05+00:00\" \/>\n<meta property=\"og:image\" content=\"https:\/\/www.fiscalia.gov.co\/colombia\/wp-content\/uploads\/Trafico-estupefacientes-neiva.jpeg\" \/>\n\t<meta property=\"og:image:width\" content=\"1294\" \/>\n\t<meta property=\"og:image:height\" content=\"1272\" \/>\n\t<meta property=\"og:image:type\" content=\"image\/jpeg\" \/>\n<meta name=\"author\" content=\"Katherine Loaiza Mart\u00ednez\" \/>\n<meta name=\"twitter:card\" content=\"summary_large_image\" \/>\n<meta name=\"twitter:creator\" content=\"@FiscaliaCol\" \/>\n<meta name=\"twitter:site\" content=\"@FiscaliaCol\" \/>\n<meta name=\"twitter:label1\" content=\"Escrito por\" \/>\n\t<meta name=\"twitter:data1\" content=\"Katherine Loaiza Mart\u00ednez\" \/>\n\t<meta name=\"twitter:label2\" content=\"Tiempo de lectura\" \/>\n\t<meta name=\"twitter:data2\" content=\"2 minutos\" \/>\n<script type=\"application\/ld+json\" class=\"yoast-schema-graph\">{\"@context\":\"https:\/\/schema.org\",\"@graph\":[{\"@type\":\"Article\",\"@id\":\"https:\/\/www.fiscalia.gov.co\/colombia\/noticias\/fiscalia-judicializa-a-presuntos-responsables-de-trafico-local-de-estupefacientes-en-neiva\/#article\",\"isPartOf\":{\"@id\":\"https:\/\/www.fiscalia.gov.co\/colombia\/noticias\/fiscalia-judicializa-a-presuntos-responsables-de-trafico-local-de-estupefacientes-en-neiva\/\"},\"author\":{\"name\":\"Katherine Loaiza Mart\u00ednez\",\"@id\":\"https:\/\/www.fiscalia.gov.co\/colombia\/#\/schema\/person\/2e76b9aba5ecf875ed565ce4de0e0415\"},\"headline\":\"Fiscal\u00eda judicializa a presuntos responsables de tr\u00e1fico local de estupefacientes en Neiva\",\"datePublished\":\"2025-01-31T14:14:28+00:00\",\"dateModified\":\"2025-01-31T14:16:05+00:00\",\"mainEntityOfPage\":{\"@id\":\"https:\/\/www.fiscalia.gov.co\/colombia\/noticias\/fiscalia-judicializa-a-presuntos-responsables-de-trafico-local-de-estupefacientes-en-neiva\/\"},\"wordCount\":417,\"publisher\":{\"@id\":\"https:\/\/www.fiscalia.gov.co\/colombia\/#organization\"},\"image\":{\"@id\":\"https:\/\/www.fiscalia.gov.co\/colombia\/noticias\/fiscalia-judicializa-a-presuntos-responsables-de-trafico-local-de-estupefacientes-en-neiva\/#primaryimage\"},\"thumbnailUrl\":\"https:\/\/www.fiscalia.gov.co\/colombia\/wp-content\/uploads\/Trafico-estupefacientes-neiva.jpeg\",\"keywords\":[\"alucin\u00f3geno\",\"Armas de fuego\",\"Bazuco\",\"Coca\",\"Comercializaci\u00f3n\",\"Cripy\",\"Distribuci\u00f3n\",\"dosificaci\u00f3n\",\"estupefaciente\",\"Fabricaci\u00f3n\",\"Fiscal\u00eda General de la Naci\u00f3n\",\"Huila\",\"Marihuana\",\"Municiones\",\"Neiva\",\"Seccional Huila\",\"sustancia\",\"Tr\u00e1fico\"],\"articleSection\":[\"Noticias\",\"Seccional Neiva\",\"Seguridad territorial\"],\"inLanguage\":\"es-CO\"},{\"@type\":\"WebPage\",\"@id\":\"https:\/\/www.fiscalia.gov.co\/colombia\/noticias\/fiscalia-judicializa-a-presuntos-responsables-de-trafico-local-de-estupefacientes-en-neiva\/\",\"url\":\"https:\/\/www.fiscalia.gov.co\/colombia\/noticias\/fiscalia-judicializa-a-presuntos-responsables-de-trafico-local-de-estupefacientes-en-neiva\/\",\"name\":\"Fiscal\u00eda General de la Naci\u00f3n\",\"isPartOf\":{\"@id\":\"https:\/\/www.fiscalia.gov.co\/colombia\/#website\"},\"primaryImageOfPage\":{\"@id\":\"https:\/\/www.fiscalia.gov.co\/colombia\/noticias\/fiscalia-judicializa-a-presuntos-responsables-de-trafico-local-de-estupefacientes-en-neiva\/#primaryimage\"},\"image\":{\"@id\":\"https:\/\/www.fiscalia.gov.co\/colombia\/noticias\/fiscalia-judicializa-a-presuntos-responsables-de-trafico-local-de-estupefacientes-en-neiva\/#primaryimage\"},\"thumbnailUrl\":\"https:\/\/www.fiscalia.gov.co\/colombia\/wp-content\/uploads\/Trafico-estupefacientes-neiva.jpeg\",\"datePublished\":\"2025-01-31T14:14:28+00:00\",\"dateModified\":\"2025-01-31T14:16:05+00:00\",\"description\":\"P\u00e1gina oficial de la Fiscal\u00eda General de la Naci\u00f3n \u2013 Colombia. Garantizamos el acceso efectivo a la justicia, la verdad y la reparaci\u00f3n de las v\u00edctimas de los delitos.\",\"breadcrumb\":{\"@id\":\"https:\/\/www.fiscalia.gov.co\/colombia\/noticias\/fiscalia-judicializa-a-presuntos-responsables-de-trafico-local-de-estupefacientes-en-neiva\/#breadcrumb\"},\"inLanguage\":\"es-CO\",\"potentialAction\":[{\"@type\":\"ReadAction\",\"target\":[\"https:\/\/www.fiscalia.gov.co\/colombia\/noticias\/fiscalia-judicializa-a-presuntos-responsables-de-trafico-local-de-estupefacientes-en-neiva\/\"]}]},{\"@type\":\"ImageObject\",\"inLanguage\":\"es-CO\",\"@id\":\"https:\/\/www.fiscalia.gov.co\/colombia\/noticias\/fiscalia-judicializa-a-presuntos-responsables-de-trafico-local-de-estupefacientes-en-neiva\/#primaryimage\",\"url\":\"https:\/\/www.fiscalia.gov.co\/colombia\/wp-content\/uploads\/Trafico-estupefacientes-neiva.jpeg\",\"contentUrl\":\"https:\/\/www.fiscalia.gov.co\/colombia\/wp-content\/uploads\/Trafico-estupefacientes-neiva.jpeg\",\"width\":1294,\"height\":1272,\"caption\":\"Al parecer, \u2018El Hijo\u2019, \u2018El El\u00e9ctrico\u2019 y \u2018La Manicurista\u2019 camuflaban el estupefaciente en bolsas herm\u00e9ticas, las cuales eran guardadas en neveras de icopor, para evadir el control de las autoridades.\"},{\"@type\":\"BreadcrumbList\",\"@id\":\"https:\/\/www.fiscalia.gov.co\/colombia\/noticias\/fiscalia-judicializa-a-presuntos-responsables-de-trafico-local-de-estupefacientes-en-neiva\/#breadcrumb\",\"itemListElement\":[{\"@type\":\"ListItem\",\"position\":1,\"name\":\"Home\",\"item\":\"https:\/\/www.fiscalia.gov.co\/colombia\/\"},{\"@type\":\"ListItem\",\"position\":2,\"name\":\"Fiscal\u00eda judicializa a presuntos responsables de tr\u00e1fico local de estupefacientes en Neiva\"}]},{\"@type\":\"WebSite\",\"@id\":\"https:\/\/www.fiscalia.gov.co\/colombia\/#website\",\"url\":\"https:\/\/www.fiscalia.gov.co\/colombia\/\",\"name\":\"Fiscal\u00eda General de la Naci\u00f3n\",\"description\":\"P\u00e1gina oficial de la Fiscal\u00eda General de la Naci\u00f3n \u2013 Colombia. Garantizamos el acceso efectivo a la justicia, la verdad y la reparaci\u00f3n de las v\u00edctimas de los delitos.\",\"publisher\":{\"@id\":\"https:\/\/www.fiscalia.gov.co\/colombia\/#organization\"},\"potentialAction\":[{\"@type\":\"SearchAction\",\"target\":{\"@type\":\"EntryPoint\",\"urlTemplate\":\"https:\/\/www.fiscalia.gov.co\/colombia\/?s={search_term_string}\"},\"query-input\":{\"@type\":\"PropertyValueSpecification\",\"valueRequired\":true,\"valueName\":\"search_term_string\"}}],\"inLanguage\":\"es-CO\"},{\"@type\":\"Organization\",\"@id\":\"https:\/\/www.fiscalia.gov.co\/colombia\/#organization\",\"name\":\"Fiscal\u00eda General de la Naci\u00f3n\",\"url\":\"https:\/\/www.fiscalia.gov.co\/colombia\/\",\"logo\":{\"@type\":\"ImageObject\",\"inLanguage\":\"es-CO\",\"@id\":\"https:\/\/www.fiscalia.gov.co\/colombia\/#\/schema\/logo\/image\/\",\"url\":\"https:\/\/www.fiscalia.gov.co\/colombia\/wp-content\/uploads\/LogoHorizontal_1.jpg\",\"contentUrl\":\"https:\/\/www.fiscalia.gov.co\/colombia\/wp-content\/uploads\/LogoHorizontal_1.jpg\",\"width\":300,\"height\":90,\"caption\":\"Fiscal\u00eda General de la Naci\u00f3n\"},\"image\":{\"@id\":\"https:\/\/www.fiscalia.gov.co\/colombia\/#\/schema\/logo\/image\/\"},\"sameAs\":[\"https:\/\/www.facebook.com\/FiscaliaCol\",\"https:\/\/x.com\/FiscaliaCol\",\"https:\/\/www.instagram.com\/fiscaliacol\",\"https:\/\/www.linkedin.com\/company\/fiscalia-general-de-la-naci-n\/\",\"https:\/\/youtube.com\/@fiscaliageneraldelanacion-4668?si=6nN79nyQICPU5iTh\"]},{\"@type\":\"Person\",\"@id\":\"https:\/\/www.fiscalia.gov.co\/colombia\/#\/schema\/person\/2e76b9aba5ecf875ed565ce4de0e0415\",\"name\":\"Katherine Loaiza Mart\u00ednez\",\"image\":{\"@type\":\"ImageObject\",\"inLanguage\":\"es-CO\",\"@id\":\"https:\/\/www.fiscalia.gov.co\/colombia\/#\/schema\/person\/image\/\",\"url\":\"https:\/\/secure.gravatar.com\/avatar\/ab775a2f394c1b83b6d6f78680e57b50?s=96&d=mm&r=g\",\"contentUrl\":\"https:\/\/secure.gravatar.com\/avatar\/ab775a2f394c1b83b6d6f78680e57b50?s=96&d=mm&r=g\",\"caption\":\"Katherine Loaiza Mart\u00ednez\"},\"url\":\"https:\/\/www.fiscalia.gov.co\/colombia\/author\/kloaiza\/\"}]}<\/script>\n<!-- \/ Yoast SEO plugin. -->","yoast_head_json":{"title":"Fiscal\u00eda General de la Naci\u00f3n","description":"P\u00e1gina oficial de la Fiscal\u00eda General de la Naci\u00f3n \u2013 Colombia. Garantizamos el acceso efectivo a la justicia, la verdad y la reparaci\u00f3n de las v\u00edctimas de los delitos.","robots":{"index":"noindex","follow":"follow"},"og_locale":"es_ES","og_type":"article","og_title":"Fiscal\u00eda General de la Naci\u00f3n","og_description":"P\u00e1gina oficial de la Fiscal\u00eda General de la Naci\u00f3n \u2013 Colombia. Garantizamos el acceso efectivo a la justicia, la verdad y la reparaci\u00f3n de las v\u00edctimas de los delitos.","og_url":"https:\/\/www.fiscalia.gov.co\/colombia\/noticias\/fiscalia-judicializa-a-presuntos-responsables-de-trafico-local-de-estupefacientes-en-neiva\/","og_site_name":"Fiscal\u00eda General de la Naci\u00f3n","article_publisher":"https:\/\/www.facebook.com\/FiscaliaCol","article_published_time":"2025-01-31T14:14:28+00:00","article_modified_time":"2025-01-31T14:16:05+00:00","og_image":[{"width":1294,"height":1272,"url":"https:\/\/www.fiscalia.gov.co\/colombia\/wp-content\/uploads\/Trafico-estupefacientes-neiva.jpeg","type":"image\/jpeg"}],"author":"Katherine Loaiza Mart\u00ednez","twitter_card":"summary_large_image","twitter_creator":"@FiscaliaCol","twitter_site":"@FiscaliaCol","twitter_misc":{"Escrito por":"Katherine Loaiza Mart\u00ednez","Tiempo de lectura":"2 minutos"},"schema":{"@context":"https:\/\/schema.org","@graph":[{"@type":"Article","@id":"https:\/\/www.fiscalia.gov.co\/colombia\/noticias\/fiscalia-judicializa-a-presuntos-responsables-de-trafico-local-de-estupefacientes-en-neiva\/#article","isPartOf":{"@id":"https:\/\/www.fiscalia.gov.co\/colombia\/noticias\/fiscalia-judicializa-a-presuntos-responsables-de-trafico-local-de-estupefacientes-en-neiva\/"},"author":{"name":"Katherine Loaiza Mart\u00ednez","@id":"https:\/\/www.fiscalia.gov.co\/colombia\/#\/schema\/person\/2e76b9aba5ecf875ed565ce4de0e0415"},"headline":"Fiscal\u00eda judicializa a presuntos responsables de tr\u00e1fico local de estupefacientes en Neiva","datePublished":"2025-01-31T14:14:28+00:00","dateModified":"2025-01-31T14:16:05+00:00","mainEntityOfPage":{"@id":"https:\/\/www.fiscalia.gov.co\/colombia\/noticias\/fiscalia-judicializa-a-presuntos-responsables-de-trafico-local-de-estupefacientes-en-neiva\/"},"wordCount":417,"publisher":{"@id":"https:\/\/www.fiscalia.gov.co\/colombia\/#organization"},"image":{"@id":"https:\/\/www.fiscalia.gov.co\/colombia\/noticias\/fiscalia-judicializa-a-presuntos-responsables-de-trafico-local-de-estupefacientes-en-neiva\/#primaryimage"},"thumbnailUrl":"https:\/\/www.fiscalia.gov.co\/colombia\/wp-content\/uploads\/Trafico-estupefacientes-neiva.jpeg","keywords":["alucin\u00f3geno","Armas de fuego","Bazuco","Coca","Comercializaci\u00f3n","Cripy","Distribuci\u00f3n","dosificaci\u00f3n","estupefaciente","Fabricaci\u00f3n","Fiscal\u00eda General de la Naci\u00f3n","Huila","Marihuana","Municiones","Neiva","Seccional Huila","sustancia","Tr\u00e1fico"],"articleSection":["Noticias","Seccional Neiva","Seguridad territorial"],"inLanguage":"es-CO"},{"@type":"WebPage","@id":"https:\/\/www.fiscalia.gov.co\/colombia\/noticias\/fiscalia-judicializa-a-presuntos-responsables-de-trafico-local-de-estupefacientes-en-neiva\/","url":"https:\/\/www.fiscalia.gov.co\/colombia\/noticias\/fiscalia-judicializa-a-presuntos-responsables-de-trafico-local-de-estupefacientes-en-neiva\/","name":"Fiscal\u00eda General de la Naci\u00f3n","isPartOf":{"@id":"https:\/\/www.fiscalia.gov.co\/colombia\/#website"},"primaryImageOfPage":{"@id":"https:\/\/www.fiscalia.gov.co\/colombia\/noticias\/fiscalia-judicializa-a-presuntos-responsables-de-trafico-local-de-estupefacientes-en-neiva\/#primaryimage"},"image":{"@id":"https:\/\/www.fiscalia.gov.co\/colombia\/noticias\/fiscalia-judicializa-a-presuntos-responsables-de-trafico-local-de-estupefacientes-en-neiva\/#primaryimage"},"thumbnailUrl":"https:\/\/www.fiscalia.gov.co\/colombia\/wp-content\/uploads\/Trafico-estupefacientes-neiva.jpeg","datePublished":"2025-01-31T14:14:28+00:00","dateModified":"2025-01-31T14:16:05+00:00","description":"P\u00e1gina oficial de la Fiscal\u00eda General de la Naci\u00f3n \u2013 Colombia. Garantizamos el acceso efectivo a la justicia, la verdad y la reparaci\u00f3n de las v\u00edctimas de los delitos.","breadcrumb":{"@id":"https:\/\/www.fiscalia.gov.co\/colombia\/noticias\/fiscalia-judicializa-a-presuntos-responsables-de-trafico-local-de-estupefacientes-en-neiva\/#breadcrumb"},"inLanguage":"es-CO","potentialAction":[{"@type":"ReadAction","target":["https:\/\/www.fiscalia.gov.co\/colombia\/noticias\/fiscalia-judicializa-a-presuntos-responsables-de-trafico-local-de-estupefacientes-en-neiva\/"]}]},{"@type":"ImageObject","inLanguage":"es-CO","@id":"https:\/\/www.fiscalia.gov.co\/colombia\/noticias\/fiscalia-judicializa-a-presuntos-responsables-de-trafico-local-de-estupefacientes-en-neiva\/#primaryimage","url":"https:\/\/www.fiscalia.gov.co\/colombia\/wp-content\/uploads\/Trafico-estupefacientes-neiva.jpeg","contentUrl":"https:\/\/www.fiscalia.gov.co\/colombia\/wp-content\/uploads\/Trafico-estupefacientes-neiva.jpeg","width":1294,"height":1272,"caption":"Al parecer, \u2018El Hijo\u2019, \u2018El El\u00e9ctrico\u2019 y \u2018La Manicurista\u2019 camuflaban el estupefaciente en bolsas herm\u00e9ticas, las cuales eran guardadas en neveras de icopor, para evadir el control de las autoridades."},{"@type":"BreadcrumbList","@id":"https:\/\/www.fiscalia.gov.co\/colombia\/noticias\/fiscalia-judicializa-a-presuntos-responsables-de-trafico-local-de-estupefacientes-en-neiva\/#breadcrumb","itemListElement":[{"@type":"ListItem","position":1,"name":"Home","item":"https:\/\/www.fiscalia.gov.co\/colombia\/"},{"@type":"ListItem","position":2,"name":"Fiscal\u00eda judicializa a presuntos responsables de tr\u00e1fico local de estupefacientes en Neiva"}]},{"@type":"WebSite","@id":"https:\/\/www.fiscalia.gov.co\/colombia\/#website","url":"https:\/\/www.fiscalia.gov.co\/colombia\/","name":"Fiscal\u00eda General de la Naci\u00f3n","description":"P\u00e1gina oficial de la Fiscal\u00eda General de la Naci\u00f3n \u2013 Colombia. Garantizamos el acceso efectivo a la justicia, la verdad y la reparaci\u00f3n de las v\u00edctimas de los delitos.","publisher":{"@id":"https:\/\/www.fiscalia.gov.co\/colombia\/#organization"},"potentialAction":[{"@type":"SearchAction","target":{"@type":"EntryPoint","urlTemplate":"https:\/\/www.fiscalia.gov.co\/colombia\/?s={search_term_string}"},"query-input":{"@type":"PropertyValueSpecification","valueRequired":true,"valueName":"search_term_string"}}],"inLanguage":"es-CO"},{"@type":"Organization","@id":"https:\/\/www.fiscalia.gov.co\/colombia\/#organization","name":"Fiscal\u00eda General de la Naci\u00f3n","url":"https:\/\/www.fiscalia.gov.co\/colombia\/","logo":{"@type":"ImageObject","inLanguage":"es-CO","@id":"https:\/\/www.fiscalia.gov.co\/colombia\/#\/schema\/logo\/image\/","url":"https:\/\/www.fiscalia.gov.co\/colombia\/wp-content\/uploads\/LogoHorizontal_1.jpg","contentUrl":"https:\/\/www.fiscalia.gov.co\/colombia\/wp-content\/uploads\/LogoHorizontal_1.jpg","width":300,"height":90,"caption":"Fiscal\u00eda General de la Naci\u00f3n"},"image":{"@id":"https:\/\/www.fiscalia.gov.co\/colombia\/#\/schema\/logo\/image\/"},"sameAs":["https:\/\/www.facebook.com\/FiscaliaCol","https:\/\/x.com\/FiscaliaCol","https:\/\/www.instagram.com\/fiscaliacol","https:\/\/www.linkedin.com\/company\/fiscalia-general-de-la-naci-n\/","https:\/\/youtube.com\/@fiscaliageneraldelanacion-4668?si=6nN79nyQICPU5iTh"]},{"@type":"Person","@id":"https:\/\/www.fiscalia.gov.co\/colombia\/#\/schema\/person\/2e76b9aba5ecf875ed565ce4de0e0415","name":"Katherine Loaiza Mart\u00ednez","image":{"@type":"ImageObject","inLanguage":"es-CO","@id":"https:\/\/www.fiscalia.gov.co\/colombia\/#\/schema\/person\/image\/","url":"https:\/\/secure.gravatar.com\/avatar\/ab775a2f394c1b83b6d6f78680e57b50?s=96&d=mm&r=g","contentUrl":"https:\/\/secure.gravatar.com\/avatar\/ab775a2f394c1b83b6d6f78680e57b50?s=96&d=mm&r=g","caption":"Katherine Loaiza Mart\u00ednez"},"url":"https:\/\/www.fiscalia.gov.co\/colombia\/author\/kloaiza\/"}]}},"_links":{"self":[{"href":"https:\/\/www.fiscalia.gov.co\/colombia\/wp-json\/wp\/v2\/posts\/309488","targetHints":{"allow":["GET"]}}],"collection":[{"href":"https:\/\/www.fiscalia.gov.co\/colombia\/wp-json\/wp\/v2\/posts"}],"about":[{"href":"https:\/\/www.fiscalia.gov.co\/colombia\/wp-json\/wp\/v2\/types\/post"}],"author":[{"embeddable":true,"href":"https:\/\/www.fiscalia.gov.co\/colombia\/wp-json\/wp\/v2\/users\/175"}],"replies":[{"embeddable":true,"href":"https:\/\/www.fiscalia.gov.co\/colombia\/wp-json\/wp\/v2\/comments?post=309488"}],"version-history":[{"count":3,"href":"https:\/\/www.fiscalia.gov.co\/colombia\/wp-json\/wp\/v2\/posts\/309488\/revisions"}],"predecessor-version":[{"id":309492,"href":"https:\/\/www.fiscalia.gov.co\/colombia\/wp-json\/wp\/v2\/posts\/309488\/revisions\/309492"}],"wp:attachment":[{"href":"https:\/\/www.fiscalia.gov.co\/colombia\/wp-json\/wp\/v2\/media?parent=309488"}],"wp:term":[{"taxonomy":"category","embeddable":true,"href":"https:\/\/www.fiscalia.gov.co\/colombia\/wp-json\/wp\/v2\/categories?post=309488"},{"taxonomy":"post_tag","embeddable":true,"href":"https:\/\/www.fiscalia.gov.co\/colombia\/wp-json\/wp\/v2\/tags?post=309488"}],"curies":[{"name":"wp","href":"https:\/\/api.w.org\/{rel}","templated":true}]}}