{"id":309399,"date":"2025-01-30T08:02:52","date_gmt":"2025-01-30T13:02:52","guid":{"rendered":"https:\/\/www.fiscalia.gov.co\/colombia\/?p=309399"},"modified":"2025-01-30T08:15:56","modified_gmt":"2025-01-30T13:15:56","slug":"presunto-responsable-del-homicidio-del-comandante-de-policia-de-zambrano-bolivar-debera-permanecer-asegurado-en-centro-carcelario","status":"publish","type":"post","link":"https:\/\/www.fiscalia.gov.co\/colombia\/noticias\/presunto-responsable-del-homicidio-del-comandante-de-policia-de-zambrano-bolivar-debera-permanecer-asegurado-en-centro-carcelario\/","title":{"rendered":"Presunto responsable del homicidio del comandante de Polic\u00eda de Zambrano (Bol\u00edvar) deber\u00e1 permanecer asegurado en centro carcelario"},"content":{"rendered":"<blockquote>\n<h4 style=\"text-align: left;\"><strong><em>Es se\u00f1alado de propinarle cuatro disparos al oficial, quien acompa\u00f1aba el traslado de dinero para abastecer a una entidad bancaria.<\/em><\/strong><\/h4>\n<\/blockquote>\n<p>&nbsp;<\/p>\n<p>En atenci\u00f3n a los elementos materiales probatorios obtenidos por la Fiscal\u00eda General de la Naci\u00f3n, un juez penal de control de garant\u00edas impuso <strong>medida de aseguramiento en centro carcelario a Brayan Michel Ram\u00edrez Su\u00e1rez, como presunto responsable de causarle la muerte al comandante de la Polic\u00eda de Zambrano (Bol\u00edvar)<\/strong>, el subteniente <strong>Nicol\u00e1s Reyes Valencia<\/strong>, el pasado 24 de enero.<\/p>\n<figure id=\"attachment_309407\" aria-describedby=\"caption-attachment-309407\" style=\"width: 1280px\" class=\"wp-caption aligncenter\"><img loading=\"lazy\" decoding=\"async\" class=\"size-full wp-image-309407\" src=\"https:\/\/www.fiscalia.gov.co\/colombia\/wp-content\/uploads\/Brayan-Michel-Ramirez-Suarez.jpeg\" alt=\"El capturado aparece en el centro de la imagen, rodeado de dos miembros de la Polic\u00eda y dos miembros del Ej\u00e9rcito. Al fondo puede verse un banner de la Polic\u00eda y uno del Ej\u00e9rcito. \" width=\"1280\" height=\"972\" srcset=\"https:\/\/www.fiscalia.gov.co\/colombia\/wp-content\/uploads\/Brayan-Michel-Ramirez-Suarez.jpeg 1280w, https:\/\/www.fiscalia.gov.co\/colombia\/wp-content\/uploads\/Brayan-Michel-Ramirez-Suarez-300x228.jpeg 300w, https:\/\/www.fiscalia.gov.co\/colombia\/wp-content\/uploads\/Brayan-Michel-Ramirez-Suarez-1024x778.jpeg 1024w, https:\/\/www.fiscalia.gov.co\/colombia\/wp-content\/uploads\/Brayan-Michel-Ramirez-Suarez-768x583.jpeg 768w, https:\/\/www.fiscalia.gov.co\/colombia\/wp-content\/uploads\/Brayan-Michel-Ramirez-Suarez-553x420.jpeg 553w, https:\/\/www.fiscalia.gov.co\/colombia\/wp-content\/uploads\/Brayan-Michel-Ramirez-Suarez-80x60.jpeg 80w, https:\/\/www.fiscalia.gov.co\/colombia\/wp-content\/uploads\/Brayan-Michel-Ramirez-Suarez-696x529.jpeg 696w, https:\/\/www.fiscalia.gov.co\/colombia\/wp-content\/uploads\/Brayan-Michel-Ramirez-Suarez-1068x811.jpeg 1068w\" sizes=\"auto, (max-width: 1280px) 100vw, 1280px\" \/><figcaption id=\"caption-attachment-309407\" class=\"wp-caption-text\">Brayan Michel Ram\u00edrez Su\u00e1rez.<\/figcaption><\/figure>\n<p><strong>El oficial acompa\u00f1aba y prestaba seguridad a dos trabajadores de una empresa de valores que llegaron al municipio con una tula de dinero para abastecer a una entidad bancaria.<\/strong> Los hombres se bajaron del helic\u00f3ptero que los transportaba, el cual aterriz\u00f3 en la cancha de f\u00fatbol del barrio La Esperanza, dialogaron con el oficial y <strong>uno de ellos que cumpl\u00eda el rol de escolta, presuntamente atac\u00f3 de manera intempestiva al uniformado propin\u00e1ndole cuatro disparos<\/strong>.<\/p>\n<p>Esta persona ser\u00eda Ram\u00edrez Su\u00e1rez, quien <strong>posteriormente le habr\u00eda arrebatado el arma de dotaci\u00f3n al subteniente y exigido a su compa\u00f1ero retornar a la aeronave y despegar para escapar del lugar.<\/strong> Minutos despu\u00e9s, la Polic\u00eda Nacional ubic\u00f3 el helic\u00f3ptero en el aeropuerto de Corozal (Sucre) y captur\u00f3 al se\u00f1alado agresor.<\/p>\n<p>Por estos hechos, un f<strong>iscal de la Seccional Bol\u00edvar le imput\u00f3 los delitos de homicidio y hurto calificado, ambas conductas agravadas.<\/strong> El procesado no acept\u00f3 los cargos.<\/p>\n<p>MEVA\/LMFO\/AMCJ\/JARG\/JOA\/EGM\/DSB\/<\/p>\n<p>&nbsp;<\/p>\n<p><em>La informaci\u00f3n contenida en este bolet\u00edn de prensa corresponde a la narraci\u00f3n de los hechos noticiosos objetivos, suministrados por los funcionarios encargados de adelantar las investigaciones penales al interior de la Fiscal\u00eda General de la Naci\u00f3n. Para el momento de la divulgaci\u00f3n de este comunicado, la situaci\u00f3n jur\u00eddica de la(s) persona(s) relacionada(s) se encuentra pendiente de resolver por la autoridad judicial competente, siempre bajo los preceptos de la presunci\u00f3n de inocencia, consagrados en el art\u00edculo 29 de la Constituci\u00f3n Pol\u00edtica y el art\u00edculo 7\u00ba de la Ley 906 de 2004.<\/em><\/p>\n\n<div class=\"twitter-share\"><a href=\"https:\/\/twitter.com\/intent\/tweet?via=fiscaliacol\" class=\"twitter-share-button\">Tweet<\/a><\/div>\n","protected":false},"excerpt":{"rendered":"<p>Es se\u00f1alado de propinarle cuatro disparos al oficial, quien acompa\u00f1aba el traslado de dinero para abastecer a una entidad bancaria. &nbsp; En atenci\u00f3n a los elementos materiales probatorios obtenidos por [&hellip;]<\/p>\n","protected":false},"author":175,"featured_media":0,"comment_status":"closed","ping_status":"open","sticky":false,"template":"","format":"standard","meta":{"tdm_status":"","tdm_grid_status":"","footnotes":""},"categories":[1,325,24099],"tags":[39982,37491,37514,39983],"class_list":["post-309399","post","type-post","status-publish","format-standard","category-noticias","category-seccional-cartagena","category-seguridad-territorial","tag-brayan-michel-ramirez-suarez","tag-fiscal-camargo","tag-fiscal-general-luz-adriana-camargo","tag-nicolas-reyes-valencia"],"yoast_head":"<!-- This site is optimized with the Yoast SEO plugin v24.3 - https:\/\/yoast.com\/wordpress\/plugins\/seo\/ -->\n<title>Fiscal\u00eda General de la Naci\u00f3n<\/title>\n<meta name=\"description\" content=\"P\u00e1gina oficial de la Fiscal\u00eda General de la Naci\u00f3n \u2013 Colombia. Garantizamos el acceso efectivo a la justicia, la verdad y la reparaci\u00f3n de las v\u00edctimas de los delitos.\" \/>\n<meta name=\"robots\" content=\"noindex, follow\" \/>\n<meta property=\"og:locale\" content=\"es_ES\" \/>\n<meta property=\"og:type\" content=\"article\" \/>\n<meta property=\"og:title\" content=\"Fiscal\u00eda General de la Naci\u00f3n\" \/>\n<meta property=\"og:description\" content=\"P\u00e1gina oficial de la Fiscal\u00eda General de la Naci\u00f3n \u2013 Colombia. Garantizamos el acceso efectivo a la justicia, la verdad y la reparaci\u00f3n de las v\u00edctimas de los delitos.\" \/>\n<meta property=\"og:url\" content=\"https:\/\/www.fiscalia.gov.co\/colombia\/noticias\/presunto-responsable-del-homicidio-del-comandante-de-policia-de-zambrano-bolivar-debera-permanecer-asegurado-en-centro-carcelario\/\" \/>\n<meta property=\"og:site_name\" content=\"Fiscal\u00eda General de la Naci\u00f3n\" \/>\n<meta property=\"article:publisher\" content=\"https:\/\/www.facebook.com\/FiscaliaCol\" \/>\n<meta property=\"article:published_time\" content=\"2025-01-30T13:02:52+00:00\" \/>\n<meta property=\"article:modified_time\" content=\"2025-01-30T13:15:56+00:00\" \/>\n<meta property=\"og:image\" content=\"https:\/\/www.fiscalia.gov.co\/colombia\/wp-content\/uploads\/Brayan-Michel-Ramirez-Suarez.jpeg\" \/>\n\t<meta property=\"og:image:width\" content=\"1280\" \/>\n\t<meta property=\"og:image:height\" content=\"972\" \/>\n\t<meta property=\"og:image:type\" content=\"image\/jpeg\" \/>\n<meta name=\"author\" content=\"Katherine Loaiza Mart\u00ednez\" \/>\n<meta name=\"twitter:card\" content=\"summary_large_image\" \/>\n<meta name=\"twitter:creator\" content=\"@FiscaliaCol\" \/>\n<meta name=\"twitter:site\" content=\"@FiscaliaCol\" \/>\n<meta name=\"twitter:label1\" content=\"Escrito por\" \/>\n\t<meta name=\"twitter:data1\" content=\"Katherine Loaiza Mart\u00ednez\" \/>\n\t<meta name=\"twitter:label2\" content=\"Tiempo de lectura\" \/>\n\t<meta name=\"twitter:data2\" content=\"2 minutos\" \/>\n<script type=\"application\/ld+json\" class=\"yoast-schema-graph\">{\"@context\":\"https:\/\/schema.org\",\"@graph\":[{\"@type\":\"Article\",\"@id\":\"https:\/\/www.fiscalia.gov.co\/colombia\/noticias\/presunto-responsable-del-homicidio-del-comandante-de-policia-de-zambrano-bolivar-debera-permanecer-asegurado-en-centro-carcelario\/#article\",\"isPartOf\":{\"@id\":\"https:\/\/www.fiscalia.gov.co\/colombia\/noticias\/presunto-responsable-del-homicidio-del-comandante-de-policia-de-zambrano-bolivar-debera-permanecer-asegurado-en-centro-carcelario\/\"},\"author\":{\"name\":\"Katherine Loaiza Mart\u00ednez\",\"@id\":\"https:\/\/www.fiscalia.gov.co\/colombia\/#\/schema\/person\/2e76b9aba5ecf875ed565ce4de0e0415\"},\"headline\":\"Presunto responsable del homicidio del comandante de Polic\u00eda de Zambrano (Bol\u00edvar) deber\u00e1 permanecer asegurado en centro carcelario\",\"datePublished\":\"2025-01-30T13:02:52+00:00\",\"dateModified\":\"2025-01-30T13:15:56+00:00\",\"mainEntityOfPage\":{\"@id\":\"https:\/\/www.fiscalia.gov.co\/colombia\/noticias\/presunto-responsable-del-homicidio-del-comandante-de-policia-de-zambrano-bolivar-debera-permanecer-asegurado-en-centro-carcelario\/\"},\"wordCount\":399,\"publisher\":{\"@id\":\"https:\/\/www.fiscalia.gov.co\/colombia\/#organization\"},\"image\":{\"@id\":\"https:\/\/www.fiscalia.gov.co\/colombia\/noticias\/presunto-responsable-del-homicidio-del-comandante-de-policia-de-zambrano-bolivar-debera-permanecer-asegurado-en-centro-carcelario\/#primaryimage\"},\"thumbnailUrl\":\"https:\/\/www.fiscalia.gov.co\/colombia\/wp-content\/uploads\/Brayan-Michel-Ramirez-Suarez.jpeg\",\"keywords\":[\"Brayan Michel Ram\u00edrez Su\u00e1rez\",\"fiscal Camargo\",\"Fiscal General Luz Adriana Camargo\",\"Nicol\u00e1s Reyes Valencia\"],\"articleSection\":[\"Noticias\",\"Seccional Cartagena\",\"Seguridad territorial\"],\"inLanguage\":\"es-CO\"},{\"@type\":\"WebPage\",\"@id\":\"https:\/\/www.fiscalia.gov.co\/colombia\/noticias\/presunto-responsable-del-homicidio-del-comandante-de-policia-de-zambrano-bolivar-debera-permanecer-asegurado-en-centro-carcelario\/\",\"url\":\"https:\/\/www.fiscalia.gov.co\/colombia\/noticias\/presunto-responsable-del-homicidio-del-comandante-de-policia-de-zambrano-bolivar-debera-permanecer-asegurado-en-centro-carcelario\/\",\"name\":\"Fiscal\u00eda General de la Naci\u00f3n\",\"isPartOf\":{\"@id\":\"https:\/\/www.fiscalia.gov.co\/colombia\/#website\"},\"primaryImageOfPage\":{\"@id\":\"https:\/\/www.fiscalia.gov.co\/colombia\/noticias\/presunto-responsable-del-homicidio-del-comandante-de-policia-de-zambrano-bolivar-debera-permanecer-asegurado-en-centro-carcelario\/#primaryimage\"},\"image\":{\"@id\":\"https:\/\/www.fiscalia.gov.co\/colombia\/noticias\/presunto-responsable-del-homicidio-del-comandante-de-policia-de-zambrano-bolivar-debera-permanecer-asegurado-en-centro-carcelario\/#primaryimage\"},\"thumbnailUrl\":\"https:\/\/www.fiscalia.gov.co\/colombia\/wp-content\/uploads\/Brayan-Michel-Ramirez-Suarez.jpeg\",\"datePublished\":\"2025-01-30T13:02:52+00:00\",\"dateModified\":\"2025-01-30T13:15:56+00:00\",\"description\":\"P\u00e1gina oficial de la Fiscal\u00eda General de la Naci\u00f3n \u2013 Colombia. Garantizamos el acceso efectivo a la justicia, la verdad y la reparaci\u00f3n de las v\u00edctimas de los delitos.\",\"breadcrumb\":{\"@id\":\"https:\/\/www.fiscalia.gov.co\/colombia\/noticias\/presunto-responsable-del-homicidio-del-comandante-de-policia-de-zambrano-bolivar-debera-permanecer-asegurado-en-centro-carcelario\/#breadcrumb\"},\"inLanguage\":\"es-CO\",\"potentialAction\":[{\"@type\":\"ReadAction\",\"target\":[\"https:\/\/www.fiscalia.gov.co\/colombia\/noticias\/presunto-responsable-del-homicidio-del-comandante-de-policia-de-zambrano-bolivar-debera-permanecer-asegurado-en-centro-carcelario\/\"]}]},{\"@type\":\"ImageObject\",\"inLanguage\":\"es-CO\",\"@id\":\"https:\/\/www.fiscalia.gov.co\/colombia\/noticias\/presunto-responsable-del-homicidio-del-comandante-de-policia-de-zambrano-bolivar-debera-permanecer-asegurado-en-centro-carcelario\/#primaryimage\",\"url\":\"https:\/\/www.fiscalia.gov.co\/colombia\/wp-content\/uploads\/Brayan-Michel-Ramirez-Suarez.jpeg\",\"contentUrl\":\"https:\/\/www.fiscalia.gov.co\/colombia\/wp-content\/uploads\/Brayan-Michel-Ramirez-Suarez.jpeg\",\"width\":1280,\"height\":972,\"caption\":\"Brayan Michel Ram\u00edrez Su\u00e1rez.\"},{\"@type\":\"BreadcrumbList\",\"@id\":\"https:\/\/www.fiscalia.gov.co\/colombia\/noticias\/presunto-responsable-del-homicidio-del-comandante-de-policia-de-zambrano-bolivar-debera-permanecer-asegurado-en-centro-carcelario\/#breadcrumb\",\"itemListElement\":[{\"@type\":\"ListItem\",\"position\":1,\"name\":\"Home\",\"item\":\"https:\/\/www.fiscalia.gov.co\/colombia\/\"},{\"@type\":\"ListItem\",\"position\":2,\"name\":\"Presunto responsable del homicidio del comandante de Polic\u00eda de Zambrano (Bol\u00edvar) deber\u00e1 permanecer asegurado en centro carcelario\"}]},{\"@type\":\"WebSite\",\"@id\":\"https:\/\/www.fiscalia.gov.co\/colombia\/#website\",\"url\":\"https:\/\/www.fiscalia.gov.co\/colombia\/\",\"name\":\"Fiscal\u00eda General de la Naci\u00f3n\",\"description\":\"P\u00e1gina oficial de la Fiscal\u00eda General de la Naci\u00f3n \u2013 Colombia. Garantizamos el acceso efectivo a la justicia, la verdad y la reparaci\u00f3n de las v\u00edctimas de los delitos.\",\"publisher\":{\"@id\":\"https:\/\/www.fiscalia.gov.co\/colombia\/#organization\"},\"potentialAction\":[{\"@type\":\"SearchAction\",\"target\":{\"@type\":\"EntryPoint\",\"urlTemplate\":\"https:\/\/www.fiscalia.gov.co\/colombia\/?s={search_term_string}\"},\"query-input\":{\"@type\":\"PropertyValueSpecification\",\"valueRequired\":true,\"valueName\":\"search_term_string\"}}],\"inLanguage\":\"es-CO\"},{\"@type\":\"Organization\",\"@id\":\"https:\/\/www.fiscalia.gov.co\/colombia\/#organization\",\"name\":\"Fiscal\u00eda General de la Naci\u00f3n\",\"url\":\"https:\/\/www.fiscalia.gov.co\/colombia\/\",\"logo\":{\"@type\":\"ImageObject\",\"inLanguage\":\"es-CO\",\"@id\":\"https:\/\/www.fiscalia.gov.co\/colombia\/#\/schema\/logo\/image\/\",\"url\":\"https:\/\/www.fiscalia.gov.co\/colombia\/wp-content\/uploads\/LogoHorizontal_1.jpg\",\"contentUrl\":\"https:\/\/www.fiscalia.gov.co\/colombia\/wp-content\/uploads\/LogoHorizontal_1.jpg\",\"width\":300,\"height\":90,\"caption\":\"Fiscal\u00eda General de la Naci\u00f3n\"},\"image\":{\"@id\":\"https:\/\/www.fiscalia.gov.co\/colombia\/#\/schema\/logo\/image\/\"},\"sameAs\":[\"https:\/\/www.facebook.com\/FiscaliaCol\",\"https:\/\/x.com\/FiscaliaCol\",\"https:\/\/www.instagram.com\/fiscaliacol\",\"https:\/\/www.linkedin.com\/company\/fiscalia-general-de-la-naci-n\/\",\"https:\/\/youtube.com\/@fiscaliageneraldelanacion-4668?si=6nN79nyQICPU5iTh\"]},{\"@type\":\"Person\",\"@id\":\"https:\/\/www.fiscalia.gov.co\/colombia\/#\/schema\/person\/2e76b9aba5ecf875ed565ce4de0e0415\",\"name\":\"Katherine Loaiza Mart\u00ednez\",\"image\":{\"@type\":\"ImageObject\",\"inLanguage\":\"es-CO\",\"@id\":\"https:\/\/www.fiscalia.gov.co\/colombia\/#\/schema\/person\/image\/\",\"url\":\"https:\/\/secure.gravatar.com\/avatar\/ab775a2f394c1b83b6d6f78680e57b50?s=96&d=mm&r=g\",\"contentUrl\":\"https:\/\/secure.gravatar.com\/avatar\/ab775a2f394c1b83b6d6f78680e57b50?s=96&d=mm&r=g\",\"caption\":\"Katherine Loaiza Mart\u00ednez\"},\"url\":\"https:\/\/www.fiscalia.gov.co\/colombia\/author\/kloaiza\/\"}]}<\/script>\n<!-- \/ Yoast SEO plugin. -->","yoast_head_json":{"title":"Fiscal\u00eda General de la Naci\u00f3n","description":"P\u00e1gina oficial de la Fiscal\u00eda General de la Naci\u00f3n \u2013 Colombia. Garantizamos el acceso efectivo a la justicia, la verdad y la reparaci\u00f3n de las v\u00edctimas de los delitos.","robots":{"index":"noindex","follow":"follow"},"og_locale":"es_ES","og_type":"article","og_title":"Fiscal\u00eda General de la Naci\u00f3n","og_description":"P\u00e1gina oficial de la Fiscal\u00eda General de la Naci\u00f3n \u2013 Colombia. Garantizamos el acceso efectivo a la justicia, la verdad y la reparaci\u00f3n de las v\u00edctimas de los delitos.","og_url":"https:\/\/www.fiscalia.gov.co\/colombia\/noticias\/presunto-responsable-del-homicidio-del-comandante-de-policia-de-zambrano-bolivar-debera-permanecer-asegurado-en-centro-carcelario\/","og_site_name":"Fiscal\u00eda General de la Naci\u00f3n","article_publisher":"https:\/\/www.facebook.com\/FiscaliaCol","article_published_time":"2025-01-30T13:02:52+00:00","article_modified_time":"2025-01-30T13:15:56+00:00","og_image":[{"width":1280,"height":972,"url":"https:\/\/www.fiscalia.gov.co\/colombia\/wp-content\/uploads\/Brayan-Michel-Ramirez-Suarez.jpeg","type":"image\/jpeg"}],"author":"Katherine Loaiza Mart\u00ednez","twitter_card":"summary_large_image","twitter_creator":"@FiscaliaCol","twitter_site":"@FiscaliaCol","twitter_misc":{"Escrito por":"Katherine Loaiza Mart\u00ednez","Tiempo de lectura":"2 minutos"},"schema":{"@context":"https:\/\/schema.org","@graph":[{"@type":"Article","@id":"https:\/\/www.fiscalia.gov.co\/colombia\/noticias\/presunto-responsable-del-homicidio-del-comandante-de-policia-de-zambrano-bolivar-debera-permanecer-asegurado-en-centro-carcelario\/#article","isPartOf":{"@id":"https:\/\/www.fiscalia.gov.co\/colombia\/noticias\/presunto-responsable-del-homicidio-del-comandante-de-policia-de-zambrano-bolivar-debera-permanecer-asegurado-en-centro-carcelario\/"},"author":{"name":"Katherine Loaiza Mart\u00ednez","@id":"https:\/\/www.fiscalia.gov.co\/colombia\/#\/schema\/person\/2e76b9aba5ecf875ed565ce4de0e0415"},"headline":"Presunto responsable del homicidio del comandante de Polic\u00eda de Zambrano (Bol\u00edvar) deber\u00e1 permanecer asegurado en centro carcelario","datePublished":"2025-01-30T13:02:52+00:00","dateModified":"2025-01-30T13:15:56+00:00","mainEntityOfPage":{"@id":"https:\/\/www.fiscalia.gov.co\/colombia\/noticias\/presunto-responsable-del-homicidio-del-comandante-de-policia-de-zambrano-bolivar-debera-permanecer-asegurado-en-centro-carcelario\/"},"wordCount":399,"publisher":{"@id":"https:\/\/www.fiscalia.gov.co\/colombia\/#organization"},"image":{"@id":"https:\/\/www.fiscalia.gov.co\/colombia\/noticias\/presunto-responsable-del-homicidio-del-comandante-de-policia-de-zambrano-bolivar-debera-permanecer-asegurado-en-centro-carcelario\/#primaryimage"},"thumbnailUrl":"https:\/\/www.fiscalia.gov.co\/colombia\/wp-content\/uploads\/Brayan-Michel-Ramirez-Suarez.jpeg","keywords":["Brayan Michel Ram\u00edrez Su\u00e1rez","fiscal Camargo","Fiscal General Luz Adriana Camargo","Nicol\u00e1s Reyes Valencia"],"articleSection":["Noticias","Seccional Cartagena","Seguridad territorial"],"inLanguage":"es-CO"},{"@type":"WebPage","@id":"https:\/\/www.fiscalia.gov.co\/colombia\/noticias\/presunto-responsable-del-homicidio-del-comandante-de-policia-de-zambrano-bolivar-debera-permanecer-asegurado-en-centro-carcelario\/","url":"https:\/\/www.fiscalia.gov.co\/colombia\/noticias\/presunto-responsable-del-homicidio-del-comandante-de-policia-de-zambrano-bolivar-debera-permanecer-asegurado-en-centro-carcelario\/","name":"Fiscal\u00eda General de la Naci\u00f3n","isPartOf":{"@id":"https:\/\/www.fiscalia.gov.co\/colombia\/#website"},"primaryImageOfPage":{"@id":"https:\/\/www.fiscalia.gov.co\/colombia\/noticias\/presunto-responsable-del-homicidio-del-comandante-de-policia-de-zambrano-bolivar-debera-permanecer-asegurado-en-centro-carcelario\/#primaryimage"},"image":{"@id":"https:\/\/www.fiscalia.gov.co\/colombia\/noticias\/presunto-responsable-del-homicidio-del-comandante-de-policia-de-zambrano-bolivar-debera-permanecer-asegurado-en-centro-carcelario\/#primaryimage"},"thumbnailUrl":"https:\/\/www.fiscalia.gov.co\/colombia\/wp-content\/uploads\/Brayan-Michel-Ramirez-Suarez.jpeg","datePublished":"2025-01-30T13:02:52+00:00","dateModified":"2025-01-30T13:15:56+00:00","description":"P\u00e1gina oficial de la Fiscal\u00eda General de la Naci\u00f3n \u2013 Colombia. Garantizamos el acceso efectivo a la justicia, la verdad y la reparaci\u00f3n de las v\u00edctimas de los delitos.","breadcrumb":{"@id":"https:\/\/www.fiscalia.gov.co\/colombia\/noticias\/presunto-responsable-del-homicidio-del-comandante-de-policia-de-zambrano-bolivar-debera-permanecer-asegurado-en-centro-carcelario\/#breadcrumb"},"inLanguage":"es-CO","potentialAction":[{"@type":"ReadAction","target":["https:\/\/www.fiscalia.gov.co\/colombia\/noticias\/presunto-responsable-del-homicidio-del-comandante-de-policia-de-zambrano-bolivar-debera-permanecer-asegurado-en-centro-carcelario\/"]}]},{"@type":"ImageObject","inLanguage":"es-CO","@id":"https:\/\/www.fiscalia.gov.co\/colombia\/noticias\/presunto-responsable-del-homicidio-del-comandante-de-policia-de-zambrano-bolivar-debera-permanecer-asegurado-en-centro-carcelario\/#primaryimage","url":"https:\/\/www.fiscalia.gov.co\/colombia\/wp-content\/uploads\/Brayan-Michel-Ramirez-Suarez.jpeg","contentUrl":"https:\/\/www.fiscalia.gov.co\/colombia\/wp-content\/uploads\/Brayan-Michel-Ramirez-Suarez.jpeg","width":1280,"height":972,"caption":"Brayan Michel Ram\u00edrez Su\u00e1rez."},{"@type":"BreadcrumbList","@id":"https:\/\/www.fiscalia.gov.co\/colombia\/noticias\/presunto-responsable-del-homicidio-del-comandante-de-policia-de-zambrano-bolivar-debera-permanecer-asegurado-en-centro-carcelario\/#breadcrumb","itemListElement":[{"@type":"ListItem","position":1,"name":"Home","item":"https:\/\/www.fiscalia.gov.co\/colombia\/"},{"@type":"ListItem","position":2,"name":"Presunto responsable del homicidio del comandante de Polic\u00eda de Zambrano (Bol\u00edvar) deber\u00e1 permanecer asegurado en centro carcelario"}]},{"@type":"WebSite","@id":"https:\/\/www.fiscalia.gov.co\/colombia\/#website","url":"https:\/\/www.fiscalia.gov.co\/colombia\/","name":"Fiscal\u00eda General de la Naci\u00f3n","description":"P\u00e1gina oficial de la Fiscal\u00eda General de la Naci\u00f3n \u2013 Colombia. Garantizamos el acceso efectivo a la justicia, la verdad y la reparaci\u00f3n de las v\u00edctimas de los delitos.","publisher":{"@id":"https:\/\/www.fiscalia.gov.co\/colombia\/#organization"},"potentialAction":[{"@type":"SearchAction","target":{"@type":"EntryPoint","urlTemplate":"https:\/\/www.fiscalia.gov.co\/colombia\/?s={search_term_string}"},"query-input":{"@type":"PropertyValueSpecification","valueRequired":true,"valueName":"search_term_string"}}],"inLanguage":"es-CO"},{"@type":"Organization","@id":"https:\/\/www.fiscalia.gov.co\/colombia\/#organization","name":"Fiscal\u00eda General de la Naci\u00f3n","url":"https:\/\/www.fiscalia.gov.co\/colombia\/","logo":{"@type":"ImageObject","inLanguage":"es-CO","@id":"https:\/\/www.fiscalia.gov.co\/colombia\/#\/schema\/logo\/image\/","url":"https:\/\/www.fiscalia.gov.co\/colombia\/wp-content\/uploads\/LogoHorizontal_1.jpg","contentUrl":"https:\/\/www.fiscalia.gov.co\/colombia\/wp-content\/uploads\/LogoHorizontal_1.jpg","width":300,"height":90,"caption":"Fiscal\u00eda General de la Naci\u00f3n"},"image":{"@id":"https:\/\/www.fiscalia.gov.co\/colombia\/#\/schema\/logo\/image\/"},"sameAs":["https:\/\/www.facebook.com\/FiscaliaCol","https:\/\/x.com\/FiscaliaCol","https:\/\/www.instagram.com\/fiscaliacol","https:\/\/www.linkedin.com\/company\/fiscalia-general-de-la-naci-n\/","https:\/\/youtube.com\/@fiscaliageneraldelanacion-4668?si=6nN79nyQICPU5iTh"]},{"@type":"Person","@id":"https:\/\/www.fiscalia.gov.co\/colombia\/#\/schema\/person\/2e76b9aba5ecf875ed565ce4de0e0415","name":"Katherine Loaiza Mart\u00ednez","image":{"@type":"ImageObject","inLanguage":"es-CO","@id":"https:\/\/www.fiscalia.gov.co\/colombia\/#\/schema\/person\/image\/","url":"https:\/\/secure.gravatar.com\/avatar\/ab775a2f394c1b83b6d6f78680e57b50?s=96&d=mm&r=g","contentUrl":"https:\/\/secure.gravatar.com\/avatar\/ab775a2f394c1b83b6d6f78680e57b50?s=96&d=mm&r=g","caption":"Katherine Loaiza Mart\u00ednez"},"url":"https:\/\/www.fiscalia.gov.co\/colombia\/author\/kloaiza\/"}]}},"_links":{"self":[{"href":"https:\/\/www.fiscalia.gov.co\/colombia\/wp-json\/wp\/v2\/posts\/309399","targetHints":{"allow":["GET"]}}],"collection":[{"href":"https:\/\/www.fiscalia.gov.co\/colombia\/wp-json\/wp\/v2\/posts"}],"about":[{"href":"https:\/\/www.fiscalia.gov.co\/colombia\/wp-json\/wp\/v2\/types\/post"}],"author":[{"embeddable":true,"href":"https:\/\/www.fiscalia.gov.co\/colombia\/wp-json\/wp\/v2\/users\/175"}],"replies":[{"embeddable":true,"href":"https:\/\/www.fiscalia.gov.co\/colombia\/wp-json\/wp\/v2\/comments?post=309399"}],"version-history":[{"count":7,"href":"https:\/\/www.fiscalia.gov.co\/colombia\/wp-json\/wp\/v2\/posts\/309399\/revisions"}],"predecessor-version":[{"id":309408,"href":"https:\/\/www.fiscalia.gov.co\/colombia\/wp-json\/wp\/v2\/posts\/309399\/revisions\/309408"}],"wp:attachment":[{"href":"https:\/\/www.fiscalia.gov.co\/colombia\/wp-json\/wp\/v2\/media?parent=309399"}],"wp:term":[{"taxonomy":"category","embeddable":true,"href":"https:\/\/www.fiscalia.gov.co\/colombia\/wp-json\/wp\/v2\/categories?post=309399"},{"taxonomy":"post_tag","embeddable":true,"href":"https:\/\/www.fiscalia.gov.co\/colombia\/wp-json\/wp\/v2\/tags?post=309399"}],"curies":[{"name":"wp","href":"https:\/\/api.w.org\/{rel}","templated":true}]}}