{"id":308989,"date":"2025-01-22T16:40:18","date_gmt":"2025-01-22T21:40:18","guid":{"rendered":"https:\/\/www.fiscalia.gov.co\/colombia\/?p=308989"},"modified":"2025-01-22T16:40:18","modified_gmt":"2025-01-22T21:40:18","slug":"judicializadas-11-personas-que-estarian-involucradas-en-explotacion-ilegal-minera-en-risaralda-y-caldas","status":"publish","type":"post","link":"https:\/\/www.fiscalia.gov.co\/colombia\/noticias\/judicializadas-11-personas-que-estarian-involucradas-en-explotacion-ilegal-minera-en-risaralda-y-caldas\/","title":{"rendered":"Judicializadas 11 personas que estar\u00edan involucradas en explotaci\u00f3n ilegal minera en Risaralda y Caldas"},"content":{"rendered":"<blockquote>\n<h4 style=\"text-align: left;\"><strong><em>Estas personas fueron capturadas en operativos donde fue encontrada maquinar\u00eda utilizada para las actividades il\u00edcitas.<\/em><\/strong><\/h4>\n<\/blockquote>\n<p>&nbsp;<\/p>\n<p>Acciones investigativas adelantadas por la Fiscal\u00eda General de la Naci\u00f3n contra delitos que afectan los recursos naturales, <strong>permitieron la judicializaci\u00f3n de 11 personas que estar\u00edan involucradas en miner\u00eda ilegal en Risaralda y Caldas.<\/strong><\/p>\n<figure id=\"attachment_308990\" aria-describedby=\"caption-attachment-308990\" style=\"width: 1600px\" class=\"wp-caption aligncenter\"><img loading=\"lazy\" decoding=\"async\" class=\"size-full wp-image-308990\" src=\"https:\/\/www.fiscalia.gov.co\/colombia\/wp-content\/uploads\/explotacion-ilicita-de-yacimientos-Risaralda.jpg\" alt=\"Se observan siete personas capturadas, en fila, de frente, custodiadas a ambos lados por servidores de Polic\u00eda Nacional y en uno de ellos por otro funcionario , servidor del CTI Risaralda.\u00a0 Al fondo se observa un pend\u00f3n de la Fiscal\u00eda General de la Naci\u00f3n y otro de Polic\u00eda Nacional\" width=\"1600\" height=\"781\" srcset=\"https:\/\/www.fiscalia.gov.co\/colombia\/wp-content\/uploads\/explotacion-ilicita-de-yacimientos-Risaralda.jpg 1600w, https:\/\/www.fiscalia.gov.co\/colombia\/wp-content\/uploads\/explotacion-ilicita-de-yacimientos-Risaralda-300x146.jpg 300w, https:\/\/www.fiscalia.gov.co\/colombia\/wp-content\/uploads\/explotacion-ilicita-de-yacimientos-Risaralda-1024x500.jpg 1024w, https:\/\/www.fiscalia.gov.co\/colombia\/wp-content\/uploads\/explotacion-ilicita-de-yacimientos-Risaralda-768x375.jpg 768w, https:\/\/www.fiscalia.gov.co\/colombia\/wp-content\/uploads\/explotacion-ilicita-de-yacimientos-Risaralda-1536x750.jpg 1536w, https:\/\/www.fiscalia.gov.co\/colombia\/wp-content\/uploads\/explotacion-ilicita-de-yacimientos-Risaralda-860x420.jpg 860w, https:\/\/www.fiscalia.gov.co\/colombia\/wp-content\/uploads\/explotacion-ilicita-de-yacimientos-Risaralda-696x340.jpg 696w, https:\/\/www.fiscalia.gov.co\/colombia\/wp-content\/uploads\/explotacion-ilicita-de-yacimientos-Risaralda-1068x521.jpg 1068w, https:\/\/www.fiscalia.gov.co\/colombia\/wp-content\/uploads\/explotacion-ilicita-de-yacimientos-Risaralda-533x261.jpg 533w\" sizes=\"auto, (max-width: 1600px) 100vw, 1600px\" \/><figcaption id=\"caption-attachment-308990\" class=\"wp-caption-text\">Siete personas fueron judicializadas por su presunta participaci\u00f3n en el delito de\u00a0explotaci\u00f3n il\u00edcita de yacimientos mineros y otros materiales, por los hechos que se presentaron sobre el Cauce del r\u00edo Opiram\u00e1, en la vereda Chuscal Bajo, del Quinch\u00eda (Risaralda).<\/figcaption><\/figure>\n<p><strong>En dos operativos adelantados con en Quinch\u00eda (Risaralda) y Anserma (Caldas) fueron incautadas retorexcavadores, bombas, maquinar\u00eda amarilla, entre otros elementos que estar\u00edan siendo utilizados para la extracci\u00f3n il\u00edcita de oro, generando un da\u00f1o ambiental e impacto al ecosistema.<\/strong><\/p>\n<p><strong><u>Miner\u00eda ilegal en el r\u00edo Opiram\u00e1<\/u><\/strong><\/p>\n<p>Inicialmente, fueron judicializadas siete personas que estar\u00edan adelantando la extracci\u00f3n ilegal de oro, sin el t\u00edtulo minero, ni licencia ambiental para tal actividad. Los hechos ocurrieron sobre el Cauce del r\u00edo Opiram\u00e1, en la vereda Chuscal Bajo, del Quinch\u00eda. Los procesados habr\u00edan utilizado maquinaria amarilla, motobombas y otros elementos.<\/p>\n<figure id=\"attachment_308991\" aria-describedby=\"caption-attachment-308991\" style=\"width: 1138px\" class=\"wp-caption aligncenter\"><img loading=\"lazy\" decoding=\"async\" class=\"size-full wp-image-308991\" src=\"https:\/\/www.fiscalia.gov.co\/colombia\/wp-content\/uploads\/explotacion-ilicita-de-yacimientos-Risaralda3.jpg\" alt=\"Se observa un equipo de maquinaria que fue encontrado durante el operativo. Sobre la m\u00e1quina un funcionario de Polic\u00eda y un pend\u00f3n de la Fiscal\u00eda General de la Naci\u00f3n.\" width=\"1138\" height=\"900\" srcset=\"https:\/\/www.fiscalia.gov.co\/colombia\/wp-content\/uploads\/explotacion-ilicita-de-yacimientos-Risaralda3.jpg 1138w, https:\/\/www.fiscalia.gov.co\/colombia\/wp-content\/uploads\/explotacion-ilicita-de-yacimientos-Risaralda3-300x237.jpg 300w, https:\/\/www.fiscalia.gov.co\/colombia\/wp-content\/uploads\/explotacion-ilicita-de-yacimientos-Risaralda3-1024x810.jpg 1024w, https:\/\/www.fiscalia.gov.co\/colombia\/wp-content\/uploads\/explotacion-ilicita-de-yacimientos-Risaralda3-768x607.jpg 768w, https:\/\/www.fiscalia.gov.co\/colombia\/wp-content\/uploads\/explotacion-ilicita-de-yacimientos-Risaralda3-531x420.jpg 531w, https:\/\/www.fiscalia.gov.co\/colombia\/wp-content\/uploads\/explotacion-ilicita-de-yacimientos-Risaralda3-696x550.jpg 696w, https:\/\/www.fiscalia.gov.co\/colombia\/wp-content\/uploads\/explotacion-ilicita-de-yacimientos-Risaralda3-1068x845.jpg 1068w\" sizes=\"auto, (max-width: 1138px) 100vw, 1138px\" \/><figcaption id=\"caption-attachment-308991\" class=\"wp-caption-text\">Maquinaria encontrada en el lugar de los hechos en Risaralda.<\/figcaption><\/figure>\n<p>Informaci\u00f3n en poder de la Fiscal\u00eda permiti\u00f3 conocer que <strong>en el lugar se hab\u00edan creado unas piscinas o espejos de agua con elementos qu\u00edmicos, que causar\u00edan grave afectaci\u00f3n a este afluente que desemboca en el r\u00edo Risaralda.<\/strong><\/p>\n<p>En operativo adelantado por el Cuerpo T\u00e9cnico de Investigaci\u00f3n (CTI) de la Seccional Risaralda con el apoyo de la Polic\u00eda Nacional se adelantaron las capturas de los hoy investigados.<\/p>\n<figure id=\"attachment_308992\" aria-describedby=\"caption-attachment-308992\" style=\"width: 1189px\" class=\"wp-caption aligncenter\"><img loading=\"lazy\" decoding=\"async\" class=\"size-full wp-image-308992\" src=\"https:\/\/www.fiscalia.gov.co\/colombia\/wp-content\/uploads\/explotacion-ilicita-de-yacimientos-3.jpg\" alt=\"Se observa una m\u00e1quina y a los lados, un funcionario del Cuerpo T\u00e9cnico de Investigaci\u00f3n (CTI) y al otro, uno de Polic\u00eda. Tambi\u00e9n, un pend\u00f3n de Fiscal\u00eda General de la Naci\u00f3n.\" width=\"1189\" height=\"900\" srcset=\"https:\/\/www.fiscalia.gov.co\/colombia\/wp-content\/uploads\/explotacion-ilicita-de-yacimientos-3.jpg 1189w, https:\/\/www.fiscalia.gov.co\/colombia\/wp-content\/uploads\/explotacion-ilicita-de-yacimientos-3-300x227.jpg 300w, https:\/\/www.fiscalia.gov.co\/colombia\/wp-content\/uploads\/explotacion-ilicita-de-yacimientos-3-1024x775.jpg 1024w, https:\/\/www.fiscalia.gov.co\/colombia\/wp-content\/uploads\/explotacion-ilicita-de-yacimientos-3-768x581.jpg 768w, https:\/\/www.fiscalia.gov.co\/colombia\/wp-content\/uploads\/explotacion-ilicita-de-yacimientos-3-555x420.jpg 555w, https:\/\/www.fiscalia.gov.co\/colombia\/wp-content\/uploads\/explotacion-ilicita-de-yacimientos-3-80x60.jpg 80w, https:\/\/www.fiscalia.gov.co\/colombia\/wp-content\/uploads\/explotacion-ilicita-de-yacimientos-3-696x527.jpg 696w, https:\/\/www.fiscalia.gov.co\/colombia\/wp-content\/uploads\/explotacion-ilicita-de-yacimientos-3-1068x808.jpg 1068w\" sizes=\"auto, (max-width: 1189px) 100vw, 1189px\" \/><figcaption id=\"caption-attachment-308992\" class=\"wp-caption-text\">Los ahora investigados fueron capturados por funcionarios del Cuerpo T\u00e9cnico de Investigaci\u00f3n (CTI) en la vereda la India de Anserma (Caldas).<\/figcaption><\/figure>\n<p>Se trata de Sebasti\u00e1n Molina Trejos, Carlos Arturo Guti\u00e9rrez Franco, Diego Fernando Tello Guen, Luis Fernando Le\u00f3n Hern\u00e1ndez, Fredy Le\u00f3n Hern\u00e1ndez, Pedro Jos\u00e9 S\u00e1nchez Franco e Iv\u00e1n Alfonso Arcila Mej\u00eda, quienes fueron imputados por su presunta responsabilidad en el delito de explotaci\u00f3n il\u00edcita de yacimientos mineros y otros materiales.<\/p>\n<p><strong><u>Explotaci\u00f3n il\u00edcita minera en Anserma<\/u><\/strong><\/p>\n<p>Por su parte, O<strong>scar Dar\u00edo Mora P\u00e9rez, Cristian Andr\u00e9s Aguirre, Daniel Antonio Guti\u00e9rrez Trejos y Yeison Andr\u00e9s Uribe Morales fueron capturados por funcionarios del Cuerpo T\u00e9cnico de Investigaci\u00f3n (CTI) en la vereda la India de Anserma (Caldas),<\/strong> por su presunta responsabilidad en la extracci\u00f3n de oro de manera ilegal sin tener los permisos de ley.<\/p>\n<p>En ese sentido, un fiscal de la Seccional Caldas les imput\u00f3 los delitos de da\u00f1o a los recursos naturales y ecocidio, y explotaci\u00f3n il\u00edcita de yacimiento minero y otros materiales.<\/p>\n<p>Durante las diligencias se incautaron 1 excavadora, 8 motores, 1 clasificadora de material aur\u00edfero industrial, 200 galones de ACPM, 12 kil\u00f3metros de manguera de diferentes pulgadas, 8 c\u00fabicos intervenidos, 9 canaletas de lavado, 5 piscinas de lavado de material<strong>.<\/strong><\/p>\n<p><strong>\u00a0<\/strong><\/p>\n<p>CLCG\/JLH\/AMCJ\/ACG\/CABS\/DSC\/DSR<\/p>\n<p>&nbsp;<\/p>\n<div class=\"td-post-content tagdiv-type\">\n<div class=\"td-post-content tagdiv-type\">\n<p><em>La informaci\u00f3n contenida en este bolet\u00edn de prensa corresponde a la narraci\u00f3n de los hechos noticiosos objetivos, y las investigaciones penales al interior de la Fiscal\u00eda General de la Naci\u00f3n. Para el momento de la divulgaci\u00f3n de este comunicado, la situaci\u00f3n jur\u00eddica de la(s) persona(s) relacionada(s) se encuentra pendiente de resolver por la autoridad judicial competente, siempre bajo los preceptos de la presunci\u00f3n de inocencia, consagrados en el art\u00edculo 29 de la Constituci\u00f3n Pol\u00edtica y el art\u00edculo 7\u00ba de la Ley 906 de 2004.<\/em><\/p>\n<\/div>\n<footer>\n<div class=\"td-post-source-tags\"><\/div>\n<div class=\"td-post-sharing-bottom\"><\/div>\n<\/footer>\n<\/div>\n<footer>\n<div class=\"td-post-source-tags\"><\/div>\n<div class=\"td-post-sharing-bottom\"><\/div>\n<\/footer>\n<p>&nbsp;<\/p>\n\n<div class=\"twitter-share\"><a href=\"https:\/\/twitter.com\/intent\/tweet?via=fiscaliacol\" class=\"twitter-share-button\">Tweet<\/a><\/div>\n","protected":false},"excerpt":{"rendered":"<p>Estas personas fueron capturadas en operativos donde fue encontrada maquinar\u00eda utilizada para las actividades il\u00edcitas. &nbsp; Acciones investigativas adelantadas por la Fiscal\u00eda General de la Naci\u00f3n contra delitos que afectan los recursos naturales, permitieron la judicializaci\u00f3n de 11 personas que estar\u00edan involucradas en miner\u00eda ilegal en Risaralda y Caldas. En dos operativos adelantados con en [&hellip;]<\/p>\n","protected":false},"author":175,"featured_media":0,"comment_status":"closed","ping_status":"open","sticky":false,"template":"","format":"standard","meta":{"tdm_status":"","tdm_grid_status":"","footnotes":""},"categories":[24124,1,335],"tags":[37491,37514],"class_list":{"0":"post-308989","1":"post","2":"type-post","3":"status-publish","4":"format-standard","6":"category-dano-al-medio-ambiente","7":"category-noticias","8":"category-seccional-pereira","9":"tag-fiscal-camargo","10":"tag-fiscal-general-luz-adriana-camargo"},"yoast_head":"<!-- This site is optimized with the Yoast SEO plugin v24.3 - https:\/\/yoast.com\/wordpress\/plugins\/seo\/ -->\n<title>Fiscal\u00eda General de la Naci\u00f3n<\/title>\n<meta name=\"description\" content=\"P\u00e1gina oficial de la Fiscal\u00eda General de la Naci\u00f3n \u2013 Colombia. Garantizamos el acceso efectivo a la justicia, la verdad y la reparaci\u00f3n de las v\u00edctimas de los delitos.\" \/>\n<meta name=\"robots\" content=\"noindex, follow\" \/>\n<meta property=\"og:locale\" content=\"es_ES\" \/>\n<meta property=\"og:type\" content=\"article\" \/>\n<meta property=\"og:title\" content=\"Fiscal\u00eda General de la Naci\u00f3n\" \/>\n<meta property=\"og:description\" content=\"P\u00e1gina oficial de la Fiscal\u00eda General de la Naci\u00f3n \u2013 Colombia. Garantizamos el acceso efectivo a la justicia, la verdad y la reparaci\u00f3n de las v\u00edctimas de los delitos.\" \/>\n<meta property=\"og:url\" content=\"https:\/\/www.fiscalia.gov.co\/colombia\/noticias\/judicializadas-11-personas-que-estarian-involucradas-en-explotacion-ilegal-minera-en-risaralda-y-caldas\/\" \/>\n<meta property=\"og:site_name\" content=\"Fiscal\u00eda General de la Naci\u00f3n\" \/>\n<meta property=\"article:publisher\" content=\"https:\/\/www.facebook.com\/FiscaliaCol\" \/>\n<meta property=\"article:published_time\" content=\"2025-01-22T21:40:18+00:00\" \/>\n<meta property=\"og:image\" content=\"https:\/\/www.fiscalia.gov.co\/colombia\/wp-content\/uploads\/explotacion-ilicita-de-yacimientos-Risaralda.jpg\" \/>\n\t<meta property=\"og:image:width\" content=\"1600\" \/>\n\t<meta property=\"og:image:height\" content=\"781\" \/>\n\t<meta property=\"og:image:type\" content=\"image\/jpeg\" \/>\n<meta name=\"author\" content=\"Katherine Loaiza Mart\u00ednez\" \/>\n<meta name=\"twitter:card\" content=\"summary_large_image\" \/>\n<meta name=\"twitter:creator\" content=\"@FiscaliaCol\" \/>\n<meta name=\"twitter:site\" content=\"@FiscaliaCol\" \/>\n<meta name=\"twitter:label1\" content=\"Escrito por\" \/>\n\t<meta name=\"twitter:data1\" content=\"Katherine Loaiza Mart\u00ednez\" \/>\n\t<meta name=\"twitter:label2\" content=\"Tiempo de lectura\" \/>\n\t<meta name=\"twitter:data2\" content=\"4 minutos\" \/>\n<script type=\"application\/ld+json\" class=\"yoast-schema-graph\">{\"@context\":\"https:\/\/schema.org\",\"@graph\":[{\"@type\":\"Article\",\"@id\":\"https:\/\/www.fiscalia.gov.co\/colombia\/noticias\/judicializadas-11-personas-que-estarian-involucradas-en-explotacion-ilegal-minera-en-risaralda-y-caldas\/#article\",\"isPartOf\":{\"@id\":\"https:\/\/www.fiscalia.gov.co\/colombia\/noticias\/judicializadas-11-personas-que-estarian-involucradas-en-explotacion-ilegal-minera-en-risaralda-y-caldas\/\"},\"author\":{\"name\":\"Katherine Loaiza Mart\u00ednez\",\"@id\":\"https:\/\/www.fiscalia.gov.co\/colombia\/#\/schema\/person\/2e76b9aba5ecf875ed565ce4de0e0415\"},\"headline\":\"Judicializadas 11 personas que estar\u00edan involucradas en explotaci\u00f3n ilegal minera en Risaralda y Caldas\",\"datePublished\":\"2025-01-22T21:40:18+00:00\",\"dateModified\":\"2025-01-22T21:40:18+00:00\",\"mainEntityOfPage\":{\"@id\":\"https:\/\/www.fiscalia.gov.co\/colombia\/noticias\/judicializadas-11-personas-que-estarian-involucradas-en-explotacion-ilegal-minera-en-risaralda-y-caldas\/\"},\"wordCount\":654,\"publisher\":{\"@id\":\"https:\/\/www.fiscalia.gov.co\/colombia\/#organization\"},\"image\":{\"@id\":\"https:\/\/www.fiscalia.gov.co\/colombia\/noticias\/judicializadas-11-personas-que-estarian-involucradas-en-explotacion-ilegal-minera-en-risaralda-y-caldas\/#primaryimage\"},\"thumbnailUrl\":\"https:\/\/www.fiscalia.gov.co\/colombia\/wp-content\/uploads\/explotacion-ilicita-de-yacimientos-Risaralda.jpg\",\"keywords\":[\"fiscal Camargo\",\"Fiscal General Luz Adriana Camargo\"],\"articleSection\":[\"Da\u00f1o al medio ambiente\",\"Noticias\",\"Seccional Pereira\"],\"inLanguage\":\"es-CO\"},{\"@type\":\"WebPage\",\"@id\":\"https:\/\/www.fiscalia.gov.co\/colombia\/noticias\/judicializadas-11-personas-que-estarian-involucradas-en-explotacion-ilegal-minera-en-risaralda-y-caldas\/\",\"url\":\"https:\/\/www.fiscalia.gov.co\/colombia\/noticias\/judicializadas-11-personas-que-estarian-involucradas-en-explotacion-ilegal-minera-en-risaralda-y-caldas\/\",\"name\":\"Fiscal\u00eda General de la Naci\u00f3n\",\"isPartOf\":{\"@id\":\"https:\/\/www.fiscalia.gov.co\/colombia\/#website\"},\"primaryImageOfPage\":{\"@id\":\"https:\/\/www.fiscalia.gov.co\/colombia\/noticias\/judicializadas-11-personas-que-estarian-involucradas-en-explotacion-ilegal-minera-en-risaralda-y-caldas\/#primaryimage\"},\"image\":{\"@id\":\"https:\/\/www.fiscalia.gov.co\/colombia\/noticias\/judicializadas-11-personas-que-estarian-involucradas-en-explotacion-ilegal-minera-en-risaralda-y-caldas\/#primaryimage\"},\"thumbnailUrl\":\"https:\/\/www.fiscalia.gov.co\/colombia\/wp-content\/uploads\/explotacion-ilicita-de-yacimientos-Risaralda.jpg\",\"datePublished\":\"2025-01-22T21:40:18+00:00\",\"dateModified\":\"2025-01-22T21:40:18+00:00\",\"description\":\"P\u00e1gina oficial de la Fiscal\u00eda General de la Naci\u00f3n \u2013 Colombia. Garantizamos el acceso efectivo a la justicia, la verdad y la reparaci\u00f3n de las v\u00edctimas de los delitos.\",\"breadcrumb\":{\"@id\":\"https:\/\/www.fiscalia.gov.co\/colombia\/noticias\/judicializadas-11-personas-que-estarian-involucradas-en-explotacion-ilegal-minera-en-risaralda-y-caldas\/#breadcrumb\"},\"inLanguage\":\"es-CO\",\"potentialAction\":[{\"@type\":\"ReadAction\",\"target\":[\"https:\/\/www.fiscalia.gov.co\/colombia\/noticias\/judicializadas-11-personas-que-estarian-involucradas-en-explotacion-ilegal-minera-en-risaralda-y-caldas\/\"]}]},{\"@type\":\"ImageObject\",\"inLanguage\":\"es-CO\",\"@id\":\"https:\/\/www.fiscalia.gov.co\/colombia\/noticias\/judicializadas-11-personas-que-estarian-involucradas-en-explotacion-ilegal-minera-en-risaralda-y-caldas\/#primaryimage\",\"url\":\"https:\/\/www.fiscalia.gov.co\/colombia\/wp-content\/uploads\/explotacion-ilicita-de-yacimientos-Risaralda.jpg\",\"contentUrl\":\"https:\/\/www.fiscalia.gov.co\/colombia\/wp-content\/uploads\/explotacion-ilicita-de-yacimientos-Risaralda.jpg\",\"width\":1600,\"height\":781,\"caption\":\"Siete personas fueron judicializadas por su presunta participaci\u00f3n en el delito de\u00a0explotaci\u00f3n il\u00edcita de yacimientos mineros y otros materiales, por los hechos que se presentaron sobre el Cauce del r\u00edo Opiram\u00e1, en la vereda Chuscal Bajo, del Quinch\u00eda (Risaralda).\"},{\"@type\":\"BreadcrumbList\",\"@id\":\"https:\/\/www.fiscalia.gov.co\/colombia\/noticias\/judicializadas-11-personas-que-estarian-involucradas-en-explotacion-ilegal-minera-en-risaralda-y-caldas\/#breadcrumb\",\"itemListElement\":[{\"@type\":\"ListItem\",\"position\":1,\"name\":\"Home\",\"item\":\"https:\/\/www.fiscalia.gov.co\/colombia\/\"},{\"@type\":\"ListItem\",\"position\":2,\"name\":\"Judicializadas 11 personas que estar\u00edan involucradas en explotaci\u00f3n ilegal minera en Risaralda y Caldas\"}]},{\"@type\":\"WebSite\",\"@id\":\"https:\/\/www.fiscalia.gov.co\/colombia\/#website\",\"url\":\"https:\/\/www.fiscalia.gov.co\/colombia\/\",\"name\":\"Fiscal\u00eda General de la Naci\u00f3n\",\"description\":\"P\u00e1gina oficial de la Fiscal\u00eda General de la Naci\u00f3n \u2013 Colombia. Garantizamos el acceso efectivo a la justicia, la verdad y la reparaci\u00f3n de las v\u00edctimas de los delitos.\",\"publisher\":{\"@id\":\"https:\/\/www.fiscalia.gov.co\/colombia\/#organization\"},\"potentialAction\":[{\"@type\":\"SearchAction\",\"target\":{\"@type\":\"EntryPoint\",\"urlTemplate\":\"https:\/\/www.fiscalia.gov.co\/colombia\/?s={search_term_string}\"},\"query-input\":{\"@type\":\"PropertyValueSpecification\",\"valueRequired\":true,\"valueName\":\"search_term_string\"}}],\"inLanguage\":\"es-CO\"},{\"@type\":\"Organization\",\"@id\":\"https:\/\/www.fiscalia.gov.co\/colombia\/#organization\",\"name\":\"Fiscal\u00eda General de la Naci\u00f3n\",\"url\":\"https:\/\/www.fiscalia.gov.co\/colombia\/\",\"logo\":{\"@type\":\"ImageObject\",\"inLanguage\":\"es-CO\",\"@id\":\"https:\/\/www.fiscalia.gov.co\/colombia\/#\/schema\/logo\/image\/\",\"url\":\"https:\/\/www.fiscalia.gov.co\/colombia\/wp-content\/uploads\/LogoHorizontal_1.jpg\",\"contentUrl\":\"https:\/\/www.fiscalia.gov.co\/colombia\/wp-content\/uploads\/LogoHorizontal_1.jpg\",\"width\":300,\"height\":90,\"caption\":\"Fiscal\u00eda General de la Naci\u00f3n\"},\"image\":{\"@id\":\"https:\/\/www.fiscalia.gov.co\/colombia\/#\/schema\/logo\/image\/\"},\"sameAs\":[\"https:\/\/www.facebook.com\/FiscaliaCol\",\"https:\/\/x.com\/FiscaliaCol\",\"https:\/\/www.instagram.com\/fiscaliacol\",\"https:\/\/www.linkedin.com\/company\/fiscalia-general-de-la-naci-n\/\",\"https:\/\/youtube.com\/@fiscaliageneraldelanacion-4668?si=6nN79nyQICPU5iTh\"]},{\"@type\":\"Person\",\"@id\":\"https:\/\/www.fiscalia.gov.co\/colombia\/#\/schema\/person\/2e76b9aba5ecf875ed565ce4de0e0415\",\"name\":\"Katherine Loaiza Mart\u00ednez\",\"image\":{\"@type\":\"ImageObject\",\"inLanguage\":\"es-CO\",\"@id\":\"https:\/\/www.fiscalia.gov.co\/colombia\/#\/schema\/person\/image\/\",\"url\":\"https:\/\/secure.gravatar.com\/avatar\/ab775a2f394c1b83b6d6f78680e57b50?s=96&d=mm&r=g\",\"contentUrl\":\"https:\/\/secure.gravatar.com\/avatar\/ab775a2f394c1b83b6d6f78680e57b50?s=96&d=mm&r=g\",\"caption\":\"Katherine Loaiza Mart\u00ednez\"},\"url\":\"https:\/\/www.fiscalia.gov.co\/colombia\/author\/kloaiza\/\"}]}<\/script>\n<!-- \/ Yoast SEO plugin. -->","yoast_head_json":{"title":"Fiscal\u00eda General de la Naci\u00f3n","description":"P\u00e1gina oficial de la Fiscal\u00eda General de la Naci\u00f3n \u2013 Colombia. Garantizamos el acceso efectivo a la justicia, la verdad y la reparaci\u00f3n de las v\u00edctimas de los delitos.","robots":{"index":"noindex","follow":"follow"},"og_locale":"es_ES","og_type":"article","og_title":"Fiscal\u00eda General de la Naci\u00f3n","og_description":"P\u00e1gina oficial de la Fiscal\u00eda General de la Naci\u00f3n \u2013 Colombia. Garantizamos el acceso efectivo a la justicia, la verdad y la reparaci\u00f3n de las v\u00edctimas de los delitos.","og_url":"https:\/\/www.fiscalia.gov.co\/colombia\/noticias\/judicializadas-11-personas-que-estarian-involucradas-en-explotacion-ilegal-minera-en-risaralda-y-caldas\/","og_site_name":"Fiscal\u00eda General de la Naci\u00f3n","article_publisher":"https:\/\/www.facebook.com\/FiscaliaCol","article_published_time":"2025-01-22T21:40:18+00:00","og_image":[{"width":1600,"height":781,"url":"https:\/\/www.fiscalia.gov.co\/colombia\/wp-content\/uploads\/explotacion-ilicita-de-yacimientos-Risaralda.jpg","type":"image\/jpeg"}],"author":"Katherine Loaiza Mart\u00ednez","twitter_card":"summary_large_image","twitter_creator":"@FiscaliaCol","twitter_site":"@FiscaliaCol","twitter_misc":{"Escrito por":"Katherine Loaiza Mart\u00ednez","Tiempo de lectura":"4 minutos"},"schema":{"@context":"https:\/\/schema.org","@graph":[{"@type":"Article","@id":"https:\/\/www.fiscalia.gov.co\/colombia\/noticias\/judicializadas-11-personas-que-estarian-involucradas-en-explotacion-ilegal-minera-en-risaralda-y-caldas\/#article","isPartOf":{"@id":"https:\/\/www.fiscalia.gov.co\/colombia\/noticias\/judicializadas-11-personas-que-estarian-involucradas-en-explotacion-ilegal-minera-en-risaralda-y-caldas\/"},"author":{"name":"Katherine Loaiza Mart\u00ednez","@id":"https:\/\/www.fiscalia.gov.co\/colombia\/#\/schema\/person\/2e76b9aba5ecf875ed565ce4de0e0415"},"headline":"Judicializadas 11 personas que estar\u00edan involucradas en explotaci\u00f3n ilegal minera en Risaralda y Caldas","datePublished":"2025-01-22T21:40:18+00:00","dateModified":"2025-01-22T21:40:18+00:00","mainEntityOfPage":{"@id":"https:\/\/www.fiscalia.gov.co\/colombia\/noticias\/judicializadas-11-personas-que-estarian-involucradas-en-explotacion-ilegal-minera-en-risaralda-y-caldas\/"},"wordCount":654,"publisher":{"@id":"https:\/\/www.fiscalia.gov.co\/colombia\/#organization"},"image":{"@id":"https:\/\/www.fiscalia.gov.co\/colombia\/noticias\/judicializadas-11-personas-que-estarian-involucradas-en-explotacion-ilegal-minera-en-risaralda-y-caldas\/#primaryimage"},"thumbnailUrl":"https:\/\/www.fiscalia.gov.co\/colombia\/wp-content\/uploads\/explotacion-ilicita-de-yacimientos-Risaralda.jpg","keywords":["fiscal Camargo","Fiscal General Luz Adriana Camargo"],"articleSection":["Da\u00f1o al medio ambiente","Noticias","Seccional Pereira"],"inLanguage":"es-CO"},{"@type":"WebPage","@id":"https:\/\/www.fiscalia.gov.co\/colombia\/noticias\/judicializadas-11-personas-que-estarian-involucradas-en-explotacion-ilegal-minera-en-risaralda-y-caldas\/","url":"https:\/\/www.fiscalia.gov.co\/colombia\/noticias\/judicializadas-11-personas-que-estarian-involucradas-en-explotacion-ilegal-minera-en-risaralda-y-caldas\/","name":"Fiscal\u00eda General de la Naci\u00f3n","isPartOf":{"@id":"https:\/\/www.fiscalia.gov.co\/colombia\/#website"},"primaryImageOfPage":{"@id":"https:\/\/www.fiscalia.gov.co\/colombia\/noticias\/judicializadas-11-personas-que-estarian-involucradas-en-explotacion-ilegal-minera-en-risaralda-y-caldas\/#primaryimage"},"image":{"@id":"https:\/\/www.fiscalia.gov.co\/colombia\/noticias\/judicializadas-11-personas-que-estarian-involucradas-en-explotacion-ilegal-minera-en-risaralda-y-caldas\/#primaryimage"},"thumbnailUrl":"https:\/\/www.fiscalia.gov.co\/colombia\/wp-content\/uploads\/explotacion-ilicita-de-yacimientos-Risaralda.jpg","datePublished":"2025-01-22T21:40:18+00:00","dateModified":"2025-01-22T21:40:18+00:00","description":"P\u00e1gina oficial de la Fiscal\u00eda General de la Naci\u00f3n \u2013 Colombia. Garantizamos el acceso efectivo a la justicia, la verdad y la reparaci\u00f3n de las v\u00edctimas de los delitos.","breadcrumb":{"@id":"https:\/\/www.fiscalia.gov.co\/colombia\/noticias\/judicializadas-11-personas-que-estarian-involucradas-en-explotacion-ilegal-minera-en-risaralda-y-caldas\/#breadcrumb"},"inLanguage":"es-CO","potentialAction":[{"@type":"ReadAction","target":["https:\/\/www.fiscalia.gov.co\/colombia\/noticias\/judicializadas-11-personas-que-estarian-involucradas-en-explotacion-ilegal-minera-en-risaralda-y-caldas\/"]}]},{"@type":"ImageObject","inLanguage":"es-CO","@id":"https:\/\/www.fiscalia.gov.co\/colombia\/noticias\/judicializadas-11-personas-que-estarian-involucradas-en-explotacion-ilegal-minera-en-risaralda-y-caldas\/#primaryimage","url":"https:\/\/www.fiscalia.gov.co\/colombia\/wp-content\/uploads\/explotacion-ilicita-de-yacimientos-Risaralda.jpg","contentUrl":"https:\/\/www.fiscalia.gov.co\/colombia\/wp-content\/uploads\/explotacion-ilicita-de-yacimientos-Risaralda.jpg","width":1600,"height":781,"caption":"Siete personas fueron judicializadas por su presunta participaci\u00f3n en el delito de\u00a0explotaci\u00f3n il\u00edcita de yacimientos mineros y otros materiales, por los hechos que se presentaron sobre el Cauce del r\u00edo Opiram\u00e1, en la vereda Chuscal Bajo, del Quinch\u00eda (Risaralda)."},{"@type":"BreadcrumbList","@id":"https:\/\/www.fiscalia.gov.co\/colombia\/noticias\/judicializadas-11-personas-que-estarian-involucradas-en-explotacion-ilegal-minera-en-risaralda-y-caldas\/#breadcrumb","itemListElement":[{"@type":"ListItem","position":1,"name":"Home","item":"https:\/\/www.fiscalia.gov.co\/colombia\/"},{"@type":"ListItem","position":2,"name":"Judicializadas 11 personas que estar\u00edan involucradas en explotaci\u00f3n ilegal minera en Risaralda y Caldas"}]},{"@type":"WebSite","@id":"https:\/\/www.fiscalia.gov.co\/colombia\/#website","url":"https:\/\/www.fiscalia.gov.co\/colombia\/","name":"Fiscal\u00eda General de la Naci\u00f3n","description":"P\u00e1gina oficial de la Fiscal\u00eda General de la Naci\u00f3n \u2013 Colombia. Garantizamos el acceso efectivo a la justicia, la verdad y la reparaci\u00f3n de las v\u00edctimas de los delitos.","publisher":{"@id":"https:\/\/www.fiscalia.gov.co\/colombia\/#organization"},"potentialAction":[{"@type":"SearchAction","target":{"@type":"EntryPoint","urlTemplate":"https:\/\/www.fiscalia.gov.co\/colombia\/?s={search_term_string}"},"query-input":{"@type":"PropertyValueSpecification","valueRequired":true,"valueName":"search_term_string"}}],"inLanguage":"es-CO"},{"@type":"Organization","@id":"https:\/\/www.fiscalia.gov.co\/colombia\/#organization","name":"Fiscal\u00eda General de la Naci\u00f3n","url":"https:\/\/www.fiscalia.gov.co\/colombia\/","logo":{"@type":"ImageObject","inLanguage":"es-CO","@id":"https:\/\/www.fiscalia.gov.co\/colombia\/#\/schema\/logo\/image\/","url":"https:\/\/www.fiscalia.gov.co\/colombia\/wp-content\/uploads\/LogoHorizontal_1.jpg","contentUrl":"https:\/\/www.fiscalia.gov.co\/colombia\/wp-content\/uploads\/LogoHorizontal_1.jpg","width":300,"height":90,"caption":"Fiscal\u00eda General de la Naci\u00f3n"},"image":{"@id":"https:\/\/www.fiscalia.gov.co\/colombia\/#\/schema\/logo\/image\/"},"sameAs":["https:\/\/www.facebook.com\/FiscaliaCol","https:\/\/x.com\/FiscaliaCol","https:\/\/www.instagram.com\/fiscaliacol","https:\/\/www.linkedin.com\/company\/fiscalia-general-de-la-naci-n\/","https:\/\/youtube.com\/@fiscaliageneraldelanacion-4668?si=6nN79nyQICPU5iTh"]},{"@type":"Person","@id":"https:\/\/www.fiscalia.gov.co\/colombia\/#\/schema\/person\/2e76b9aba5ecf875ed565ce4de0e0415","name":"Katherine Loaiza Mart\u00ednez","image":{"@type":"ImageObject","inLanguage":"es-CO","@id":"https:\/\/www.fiscalia.gov.co\/colombia\/#\/schema\/person\/image\/","url":"https:\/\/secure.gravatar.com\/avatar\/ab775a2f394c1b83b6d6f78680e57b50?s=96&d=mm&r=g","contentUrl":"https:\/\/secure.gravatar.com\/avatar\/ab775a2f394c1b83b6d6f78680e57b50?s=96&d=mm&r=g","caption":"Katherine Loaiza Mart\u00ednez"},"url":"https:\/\/www.fiscalia.gov.co\/colombia\/author\/kloaiza\/"}]}},"_links":{"self":[{"href":"https:\/\/www.fiscalia.gov.co\/colombia\/wp-json\/wp\/v2\/posts\/308989","targetHints":{"allow":["GET"]}}],"collection":[{"href":"https:\/\/www.fiscalia.gov.co\/colombia\/wp-json\/wp\/v2\/posts"}],"about":[{"href":"https:\/\/www.fiscalia.gov.co\/colombia\/wp-json\/wp\/v2\/types\/post"}],"author":[{"embeddable":true,"href":"https:\/\/www.fiscalia.gov.co\/colombia\/wp-json\/wp\/v2\/users\/175"}],"replies":[{"embeddable":true,"href":"https:\/\/www.fiscalia.gov.co\/colombia\/wp-json\/wp\/v2\/comments?post=308989"}],"version-history":[{"count":1,"href":"https:\/\/www.fiscalia.gov.co\/colombia\/wp-json\/wp\/v2\/posts\/308989\/revisions"}],"predecessor-version":[{"id":308993,"href":"https:\/\/www.fiscalia.gov.co\/colombia\/wp-json\/wp\/v2\/posts\/308989\/revisions\/308993"}],"wp:attachment":[{"href":"https:\/\/www.fiscalia.gov.co\/colombia\/wp-json\/wp\/v2\/media?parent=308989"}],"wp:term":[{"taxonomy":"category","embeddable":true,"href":"https:\/\/www.fiscalia.gov.co\/colombia\/wp-json\/wp\/v2\/categories?post=308989"},{"taxonomy":"post_tag","embeddable":true,"href":"https:\/\/www.fiscalia.gov.co\/colombia\/wp-json\/wp\/v2\/tags?post=308989"}],"curies":[{"name":"wp","href":"https:\/\/api.w.org\/{rel}","templated":true}]}}