{"id":308917,"date":"2025-01-22T10:40:36","date_gmt":"2025-01-22T15:40:36","guid":{"rendered":"https:\/\/www.fiscalia.gov.co\/colombia\/?p=308917"},"modified":"2025-01-22T10:40:36","modified_gmt":"2025-01-22T15:40:36","slug":"asegurado-presunto-integrante-de-los-ilusionistas-estarian-implicados-en-hurtos-mediante-cambiazos-de-tarjetas","status":"publish","type":"post","link":"https:\/\/www.fiscalia.gov.co\/colombia\/noticias\/asegurado-presunto-integrante-de-los-ilusionistas-estarian-implicados-en-hurtos-mediante-cambiazos-de-tarjetas\/","title":{"rendered":"Asegurado presunto integrante de \u2018Los Ilusionistas\u2019, estar\u00edan implicados en hurtos mediante \u2018cambiazos\u2019 de tarjetas"},"content":{"rendered":"<blockquote>\n<h4 style=\"text-align: left;\"><strong><em>En desarrollo de esta investigaci\u00f3n han sido judicializadas 10 personas, quienes har\u00edan parte de una misma red criminal. Las acciones il\u00edcitas les habr\u00edan permitido apropiarse de m\u00e1s de 100 millones de pesos.<\/em><\/strong><\/h4>\n<\/blockquote>\n<p>&nbsp;<\/p>\n<p>Una fiscal de la Estructura de Apoyo (EDA), de la Seccional C\u00f3rdoba judicializ\u00f3 a Rodrigo Orlando Toro Perilla, alias Rorro, como presunto responsable de los delitos de concierto para delinquir, obstaculizaci\u00f3n ileg\u00edtima al sistema inform\u00e1tico o red de telecomunicaciones y hurto por medios inform\u00e1ticos y semejantes.<\/p>\n<figure id=\"attachment_308918\" aria-describedby=\"caption-attachment-308918\" style=\"width: 965px\" class=\"wp-caption aligncenter\"><img loading=\"lazy\" decoding=\"async\" class=\"size-full wp-image-308918\" src=\"https:\/\/www.fiscalia.gov.co\/colombia\/wp-content\/uploads\/Rodrigo-Orlando-Toro-Perilla-hurto-cambiazo.jpg\" alt=\"En la imagen aparece una persona de su\u00e9ter verde, junto a un uniformado del CTI, uno de la Polic\u00eda y uno de la Armada Nacional. \" width=\"965\" height=\"900\" srcset=\"https:\/\/www.fiscalia.gov.co\/colombia\/wp-content\/uploads\/Rodrigo-Orlando-Toro-Perilla-hurto-cambiazo.jpg 965w, https:\/\/www.fiscalia.gov.co\/colombia\/wp-content\/uploads\/Rodrigo-Orlando-Toro-Perilla-hurto-cambiazo-300x280.jpg 300w, https:\/\/www.fiscalia.gov.co\/colombia\/wp-content\/uploads\/Rodrigo-Orlando-Toro-Perilla-hurto-cambiazo-768x716.jpg 768w, https:\/\/www.fiscalia.gov.co\/colombia\/wp-content\/uploads\/Rodrigo-Orlando-Toro-Perilla-hurto-cambiazo-450x420.jpg 450w, https:\/\/www.fiscalia.gov.co\/colombia\/wp-content\/uploads\/Rodrigo-Orlando-Toro-Perilla-hurto-cambiazo-696x649.jpg 696w\" sizes=\"auto, (max-width: 965px) 100vw, 965px\" \/><figcaption id=\"caption-attachment-308918\" class=\"wp-caption-text\">El imputado se entreg\u00f3 voluntariamente luego de que varios de sus c\u00f3mplices fueran judicializados.<\/figcaption><\/figure>\n<p>De acuerdo con las investigaciones, alias Rorro har\u00eda parte de la organizaci\u00f3n criminal Los Ilusionistas, se\u00f1alada de incurrir en vandalismo a cajeros autom\u00e1ticos y hurto a ciudadanos, a trav\u00e9s de medios inform\u00e1ticos. Los hechos investigados ocurrieron entre agosto de 2023 y junio de 2024 en C\u00f3rdoba, Sucre, Bol\u00edvar, Cesar y Magdalena.<\/p>\n<p>Seg\u00fan la investigaci\u00f3n, la organizaci\u00f3n ser\u00eda la responsable de vandalizar cajeros electr\u00f3nicos, afectando su servicio. Luego, ofrec\u00edan su ayuda a usuarios de la tercera edad, a quienes les cambiaban sus tarjetas, d\u00e9bito o cr\u00e9dito. As\u00ed lograban realizar retiros, transferencias y compras sin autorizaci\u00f3n en clara afectaci\u00f3n del patrimonio de los ciudadanos.<\/p>\n<p>Al parecer, mediante estas pr\u00e1cticas la organizaci\u00f3n criminal logr\u00f3 apropiarse de m\u00e1s de 100 millones de pesos. Entre las v\u00edctimas se encuentra un ciudadano de 60 a\u00f1os, a quien le hurtaron 19 millones de pesos; adem\u00e1s de un funcionario judicial, con cuyas tarjetas realizaron compras por 17 millones de pesos.<\/p>\n<p>Al procesado se le legaliz\u00f3 su detenci\u00f3n luego de entregarse voluntariamente\u00a0 el pasado 20 de enero en Sincelejo (Sucre) por funcionarios del Cuerpo T\u00e9cnico de Investigaci\u00f3n (CTI). Un juez con funci\u00f3n de control de garant\u00edas le impuso medida de aseguramiento domiciliaria.<\/p>\n<p>VHGB\/MAGA\/CAHL\/DSC<\/p>\n<p>&nbsp;<\/p>\n<p><em>La informaci\u00f3n contenida en este bolet\u00edn de prensa corresponde a la narraci\u00f3n de los hechos noticiosos objetivos, suministrados por los funcionarios encargados de adelantar las investigaciones penales al interior de la Fiscal\u00eda General de la Naci\u00f3n. Para el momento de la divulgaci\u00f3n de este comunicado, la situaci\u00f3n jur\u00eddica de la(s) persona(s) relacionada(s) se encuentra pendiente de resolver por la autoridad judicial competente, siempre bajo los preceptos de la presunci\u00f3n de inocencia, consagrados en el art\u00edculo 29 de la Constituci\u00f3n Pol\u00edtica y el art\u00edculo 7\u00ba de la Ley 906 de 2004.<\/em><\/p>\n<p>&nbsp;<\/p>\n<p><strong>Le puede interesar:<\/strong><\/p>\n<p>&nbsp;<\/p>\n<p><a href=\"https:\/\/www.fiscalia.gov.co\/colombia\/noticias\/judicializadas-siete-personas-presuntamente-implicadas-en-millonarios-hurtos-mediante-cambiazo-de-tarjetas\/\">Judicializadas siete personas presuntamente implicadas en millonarios hurtos mediante cambiazo de tarjetas<\/a><\/p>\n<p><a href=\"https:\/\/www.fiscalia.gov.co\/colombia\/noticias\/en-cordoba-judicializados-presuntos-responsables-de-hurtos-por-medios-informaticos\/\">En C\u00f3rdoba, judicializados presuntos responsables de hurtos por medios inform\u00e1ticos<\/a><\/p>\n\n<div class=\"twitter-share\"><a href=\"https:\/\/twitter.com\/intent\/tweet?via=fiscaliacol\" class=\"twitter-share-button\">Tweet<\/a><\/div>\n","protected":false},"excerpt":{"rendered":"<p>En desarrollo de esta investigaci\u00f3n han sido judicializadas 10 personas, quienes har\u00edan parte de una misma red criminal. Las acciones il\u00edcitas les habr\u00edan permitido apropiarse de m\u00e1s de 100 millones de pesos. &nbsp; Una fiscal de la Estructura de Apoyo (EDA), de la Seccional C\u00f3rdoba judicializ\u00f3 a Rodrigo Orlando Toro Perilla, alias Rorro, como presunto [&hellip;]<\/p>\n","protected":false},"author":175,"featured_media":0,"comment_status":"closed","ping_status":"open","sticky":false,"template":"","format":"standard","meta":{"_price":"","_stock":"","_tribe_ticket_header":"","_tribe_default_ticket_provider":"","_tribe_ticket_capacity":"0","_ticket_start_date":"","_ticket_end_date":"","_tribe_ticket_show_description":"","_tribe_ticket_show_not_going":false,"_tribe_ticket_use_global_stock":"","_tribe_ticket_global_stock_level":"","_global_stock_mode":"","_global_stock_cap":"","_tribe_rsvp_for_event":"","_tribe_ticket_going_count":"","_tribe_ticket_not_going_count":"","_tribe_tickets_list":"[]","_tribe_ticket_has_attendee_info_fields":false,"tdm_status":"","tdm_grid_status":"","footnotes":""},"categories":[1,332],"tags":[25753,13531,39733,39732,19111,37491,37514,24187,1047,39731,1185,23824,558,25129,23842,2437,14987],"class_list":{"0":"post-308917","1":"post","2":"type-post","3":"status-publish","4":"format-standard","6":"category-noticias","7":"category-seccional-monteria","8":"tag-cambiazo","9":"tag-cordoba","10":"tag-credito","11":"tag-debito","12":"tag-dinero","13":"tag-fiscal-camargo","14":"tag-fiscal-general-luz-adriana-camargo","15":"tag-fiscalia-colombia","16":"tag-fiscalia-general-de-la-nacion","17":"tag-hurtos-informaticos","18":"tag-medida-de-aseguramiento","19":"tag-monteria","20":"tag-policia-nacional","21":"tag-robo","22":"tag-sincelejo","23":"tag-sucre","24":"tag-tarjetas"},"yoast_head":"<!-- This site is optimized with the Yoast SEO plugin v24.3 - https:\/\/yoast.com\/wordpress\/plugins\/seo\/ -->\n<title>Fiscal\u00eda General de la Naci\u00f3n<\/title>\n<meta name=\"description\" content=\"P\u00e1gina oficial de la Fiscal\u00eda General de la Naci\u00f3n \u2013 Colombia. Garantizamos el acceso efectivo a la justicia, la verdad y la reparaci\u00f3n de las v\u00edctimas de los delitos.\" \/>\n<meta name=\"robots\" content=\"noindex, follow\" \/>\n<meta property=\"og:locale\" content=\"es_ES\" \/>\n<meta property=\"og:type\" content=\"article\" \/>\n<meta property=\"og:title\" content=\"Fiscal\u00eda General de la Naci\u00f3n\" \/>\n<meta property=\"og:description\" content=\"P\u00e1gina oficial de la Fiscal\u00eda General de la Naci\u00f3n \u2013 Colombia. Garantizamos el acceso efectivo a la justicia, la verdad y la reparaci\u00f3n de las v\u00edctimas de los delitos.\" \/>\n<meta property=\"og:url\" content=\"https:\/\/www.fiscalia.gov.co\/colombia\/noticias\/asegurado-presunto-integrante-de-los-ilusionistas-estarian-implicados-en-hurtos-mediante-cambiazos-de-tarjetas\/\" \/>\n<meta property=\"og:site_name\" content=\"Fiscal\u00eda General de la Naci\u00f3n\" \/>\n<meta property=\"article:publisher\" content=\"https:\/\/www.facebook.com\/FiscaliaCol\" \/>\n<meta property=\"article:published_time\" content=\"2025-01-22T15:40:36+00:00\" \/>\n<meta property=\"og:image\" content=\"https:\/\/www.fiscalia.gov.co\/colombia\/wp-content\/uploads\/Rodrigo-Orlando-Toro-Perilla-hurto-cambiazo.jpg\" \/>\n\t<meta property=\"og:image:width\" content=\"965\" \/>\n\t<meta property=\"og:image:height\" content=\"900\" \/>\n\t<meta property=\"og:image:type\" content=\"image\/jpeg\" \/>\n<meta name=\"author\" content=\"Katherine Loaiza Mart\u00ednez\" \/>\n<meta name=\"twitter:card\" content=\"summary_large_image\" \/>\n<meta name=\"twitter:creator\" content=\"@FiscaliaCol\" \/>\n<meta name=\"twitter:site\" content=\"@FiscaliaCol\" \/>\n<meta name=\"twitter:label1\" content=\"Escrito por\" \/>\n\t<meta name=\"twitter:data1\" content=\"Katherine Loaiza Mart\u00ednez\" \/>\n\t<meta name=\"twitter:label2\" content=\"Tiempo de lectura\" \/>\n\t<meta name=\"twitter:data2\" content=\"2 minutos\" \/>\n<script type=\"application\/ld+json\" class=\"yoast-schema-graph\">{\"@context\":\"https:\/\/schema.org\",\"@graph\":[{\"@type\":\"Article\",\"@id\":\"https:\/\/www.fiscalia.gov.co\/colombia\/noticias\/asegurado-presunto-integrante-de-los-ilusionistas-estarian-implicados-en-hurtos-mediante-cambiazos-de-tarjetas\/#article\",\"isPartOf\":{\"@id\":\"https:\/\/www.fiscalia.gov.co\/colombia\/noticias\/asegurado-presunto-integrante-de-los-ilusionistas-estarian-implicados-en-hurtos-mediante-cambiazos-de-tarjetas\/\"},\"author\":{\"name\":\"Katherine Loaiza Mart\u00ednez\",\"@id\":\"https:\/\/www.fiscalia.gov.co\/colombia\/#\/schema\/person\/2e76b9aba5ecf875ed565ce4de0e0415\"},\"headline\":\"Asegurado presunto integrante de \u2018Los Ilusionistas\u2019, estar\u00edan implicados en hurtos mediante \u2018cambiazos\u2019 de tarjetas\",\"datePublished\":\"2025-01-22T15:40:36+00:00\",\"dateModified\":\"2025-01-22T15:40:36+00:00\",\"mainEntityOfPage\":{\"@id\":\"https:\/\/www.fiscalia.gov.co\/colombia\/noticias\/asegurado-presunto-integrante-de-los-ilusionistas-estarian-implicados-en-hurtos-mediante-cambiazos-de-tarjetas\/\"},\"wordCount\":475,\"publisher\":{\"@id\":\"https:\/\/www.fiscalia.gov.co\/colombia\/#organization\"},\"image\":{\"@id\":\"https:\/\/www.fiscalia.gov.co\/colombia\/noticias\/asegurado-presunto-integrante-de-los-ilusionistas-estarian-implicados-en-hurtos-mediante-cambiazos-de-tarjetas\/#primaryimage\"},\"thumbnailUrl\":\"https:\/\/www.fiscalia.gov.co\/colombia\/wp-content\/uploads\/Rodrigo-Orlando-Toro-Perilla-hurto-cambiazo.jpg\",\"keywords\":[\"cambiazo\",\"C\u00f3rdoba\",\"cr\u00e9dito\",\"d\u00e9bito\",\"Dinero\",\"fiscal Camargo\",\"Fiscal General Luz Adriana Camargo\",\"Fiscal\u00eda Colombia\",\"Fiscal\u00eda General de la Naci\u00f3n\",\"hurtos inform\u00e1ticos\",\"Medida de aseguramiento\",\"Monter\u00eda\",\"Polic\u00eda Nacional\",\"robo\",\"Sincelejo\",\"Sucre\",\"Tarjetas\"],\"articleSection\":[\"Noticias\",\"Seccional Monter\u00eda\"],\"inLanguage\":\"es-CO\"},{\"@type\":\"WebPage\",\"@id\":\"https:\/\/www.fiscalia.gov.co\/colombia\/noticias\/asegurado-presunto-integrante-de-los-ilusionistas-estarian-implicados-en-hurtos-mediante-cambiazos-de-tarjetas\/\",\"url\":\"https:\/\/www.fiscalia.gov.co\/colombia\/noticias\/asegurado-presunto-integrante-de-los-ilusionistas-estarian-implicados-en-hurtos-mediante-cambiazos-de-tarjetas\/\",\"name\":\"Fiscal\u00eda General de la Naci\u00f3n\",\"isPartOf\":{\"@id\":\"https:\/\/www.fiscalia.gov.co\/colombia\/#website\"},\"primaryImageOfPage\":{\"@id\":\"https:\/\/www.fiscalia.gov.co\/colombia\/noticias\/asegurado-presunto-integrante-de-los-ilusionistas-estarian-implicados-en-hurtos-mediante-cambiazos-de-tarjetas\/#primaryimage\"},\"image\":{\"@id\":\"https:\/\/www.fiscalia.gov.co\/colombia\/noticias\/asegurado-presunto-integrante-de-los-ilusionistas-estarian-implicados-en-hurtos-mediante-cambiazos-de-tarjetas\/#primaryimage\"},\"thumbnailUrl\":\"https:\/\/www.fiscalia.gov.co\/colombia\/wp-content\/uploads\/Rodrigo-Orlando-Toro-Perilla-hurto-cambiazo.jpg\",\"datePublished\":\"2025-01-22T15:40:36+00:00\",\"dateModified\":\"2025-01-22T15:40:36+00:00\",\"description\":\"P\u00e1gina oficial de la Fiscal\u00eda General de la Naci\u00f3n \u2013 Colombia. Garantizamos el acceso efectivo a la justicia, la verdad y la reparaci\u00f3n de las v\u00edctimas de los delitos.\",\"breadcrumb\":{\"@id\":\"https:\/\/www.fiscalia.gov.co\/colombia\/noticias\/asegurado-presunto-integrante-de-los-ilusionistas-estarian-implicados-en-hurtos-mediante-cambiazos-de-tarjetas\/#breadcrumb\"},\"inLanguage\":\"es-CO\",\"potentialAction\":[{\"@type\":\"ReadAction\",\"target\":[\"https:\/\/www.fiscalia.gov.co\/colombia\/noticias\/asegurado-presunto-integrante-de-los-ilusionistas-estarian-implicados-en-hurtos-mediante-cambiazos-de-tarjetas\/\"]}]},{\"@type\":\"ImageObject\",\"inLanguage\":\"es-CO\",\"@id\":\"https:\/\/www.fiscalia.gov.co\/colombia\/noticias\/asegurado-presunto-integrante-de-los-ilusionistas-estarian-implicados-en-hurtos-mediante-cambiazos-de-tarjetas\/#primaryimage\",\"url\":\"https:\/\/www.fiscalia.gov.co\/colombia\/wp-content\/uploads\/Rodrigo-Orlando-Toro-Perilla-hurto-cambiazo.jpg\",\"contentUrl\":\"https:\/\/www.fiscalia.gov.co\/colombia\/wp-content\/uploads\/Rodrigo-Orlando-Toro-Perilla-hurto-cambiazo.jpg\",\"width\":965,\"height\":900,\"caption\":\"El imputado se entreg\u00f3 voluntariamente luego de que varios de sus c\u00f3mplices fueran judicializados.\"},{\"@type\":\"BreadcrumbList\",\"@id\":\"https:\/\/www.fiscalia.gov.co\/colombia\/noticias\/asegurado-presunto-integrante-de-los-ilusionistas-estarian-implicados-en-hurtos-mediante-cambiazos-de-tarjetas\/#breadcrumb\",\"itemListElement\":[{\"@type\":\"ListItem\",\"position\":1,\"name\":\"Home\",\"item\":\"https:\/\/www.fiscalia.gov.co\/colombia\/\"},{\"@type\":\"ListItem\",\"position\":2,\"name\":\"Asegurado presunto integrante de \u2018Los Ilusionistas\u2019, estar\u00edan implicados en hurtos mediante \u2018cambiazos\u2019 de tarjetas\"}]},{\"@type\":\"WebSite\",\"@id\":\"https:\/\/www.fiscalia.gov.co\/colombia\/#website\",\"url\":\"https:\/\/www.fiscalia.gov.co\/colombia\/\",\"name\":\"Fiscal\u00eda General de la Naci\u00f3n\",\"description\":\"P\u00e1gina oficial de la Fiscal\u00eda General de la Naci\u00f3n \u2013 Colombia. Garantizamos el acceso efectivo a la justicia, la verdad y la reparaci\u00f3n de las v\u00edctimas de los delitos.\",\"publisher\":{\"@id\":\"https:\/\/www.fiscalia.gov.co\/colombia\/#organization\"},\"potentialAction\":[{\"@type\":\"SearchAction\",\"target\":{\"@type\":\"EntryPoint\",\"urlTemplate\":\"https:\/\/www.fiscalia.gov.co\/colombia\/?s={search_term_string}\"},\"query-input\":{\"@type\":\"PropertyValueSpecification\",\"valueRequired\":true,\"valueName\":\"search_term_string\"}}],\"inLanguage\":\"es-CO\"},{\"@type\":\"Organization\",\"@id\":\"https:\/\/www.fiscalia.gov.co\/colombia\/#organization\",\"name\":\"Fiscal\u00eda General de la Naci\u00f3n\",\"url\":\"https:\/\/www.fiscalia.gov.co\/colombia\/\",\"logo\":{\"@type\":\"ImageObject\",\"inLanguage\":\"es-CO\",\"@id\":\"https:\/\/www.fiscalia.gov.co\/colombia\/#\/schema\/logo\/image\/\",\"url\":\"https:\/\/www.fiscalia.gov.co\/colombia\/wp-content\/uploads\/LogoHorizontal_1.jpg\",\"contentUrl\":\"https:\/\/www.fiscalia.gov.co\/colombia\/wp-content\/uploads\/LogoHorizontal_1.jpg\",\"width\":300,\"height\":90,\"caption\":\"Fiscal\u00eda General de la Naci\u00f3n\"},\"image\":{\"@id\":\"https:\/\/www.fiscalia.gov.co\/colombia\/#\/schema\/logo\/image\/\"},\"sameAs\":[\"https:\/\/www.facebook.com\/FiscaliaCol\",\"https:\/\/x.com\/FiscaliaCol\",\"https:\/\/www.instagram.com\/fiscaliacol\",\"https:\/\/www.linkedin.com\/company\/fiscalia-general-de-la-naci-n\/\",\"https:\/\/youtube.com\/@fiscaliageneraldelanacion-4668?si=6nN79nyQICPU5iTh\"]},{\"@type\":\"Person\",\"@id\":\"https:\/\/www.fiscalia.gov.co\/colombia\/#\/schema\/person\/2e76b9aba5ecf875ed565ce4de0e0415\",\"name\":\"Katherine Loaiza Mart\u00ednez\",\"image\":{\"@type\":\"ImageObject\",\"inLanguage\":\"es-CO\",\"@id\":\"https:\/\/www.fiscalia.gov.co\/colombia\/#\/schema\/person\/image\/\",\"url\":\"https:\/\/secure.gravatar.com\/avatar\/ab775a2f394c1b83b6d6f78680e57b50?s=96&d=mm&r=g\",\"contentUrl\":\"https:\/\/secure.gravatar.com\/avatar\/ab775a2f394c1b83b6d6f78680e57b50?s=96&d=mm&r=g\",\"caption\":\"Katherine Loaiza Mart\u00ednez\"},\"url\":\"https:\/\/www.fiscalia.gov.co\/colombia\/author\/kloaiza\/\"}]}<\/script>\n<!-- \/ Yoast SEO plugin. -->","yoast_head_json":{"title":"Fiscal\u00eda General de la Naci\u00f3n","description":"P\u00e1gina oficial de la Fiscal\u00eda General de la Naci\u00f3n \u2013 Colombia. Garantizamos el acceso efectivo a la justicia, la verdad y la reparaci\u00f3n de las v\u00edctimas de los delitos.","robots":{"index":"noindex","follow":"follow"},"og_locale":"es_ES","og_type":"article","og_title":"Fiscal\u00eda General de la Naci\u00f3n","og_description":"P\u00e1gina oficial de la Fiscal\u00eda General de la Naci\u00f3n \u2013 Colombia. Garantizamos el acceso efectivo a la justicia, la verdad y la reparaci\u00f3n de las v\u00edctimas de los delitos.","og_url":"https:\/\/www.fiscalia.gov.co\/colombia\/noticias\/asegurado-presunto-integrante-de-los-ilusionistas-estarian-implicados-en-hurtos-mediante-cambiazos-de-tarjetas\/","og_site_name":"Fiscal\u00eda General de la Naci\u00f3n","article_publisher":"https:\/\/www.facebook.com\/FiscaliaCol","article_published_time":"2025-01-22T15:40:36+00:00","og_image":[{"width":965,"height":900,"url":"https:\/\/www.fiscalia.gov.co\/colombia\/wp-content\/uploads\/Rodrigo-Orlando-Toro-Perilla-hurto-cambiazo.jpg","type":"image\/jpeg"}],"author":"Katherine Loaiza Mart\u00ednez","twitter_card":"summary_large_image","twitter_creator":"@FiscaliaCol","twitter_site":"@FiscaliaCol","twitter_misc":{"Escrito por":"Katherine Loaiza Mart\u00ednez","Tiempo de lectura":"2 minutos"},"schema":{"@context":"https:\/\/schema.org","@graph":[{"@type":"Article","@id":"https:\/\/www.fiscalia.gov.co\/colombia\/noticias\/asegurado-presunto-integrante-de-los-ilusionistas-estarian-implicados-en-hurtos-mediante-cambiazos-de-tarjetas\/#article","isPartOf":{"@id":"https:\/\/www.fiscalia.gov.co\/colombia\/noticias\/asegurado-presunto-integrante-de-los-ilusionistas-estarian-implicados-en-hurtos-mediante-cambiazos-de-tarjetas\/"},"author":{"name":"Katherine Loaiza Mart\u00ednez","@id":"https:\/\/www.fiscalia.gov.co\/colombia\/#\/schema\/person\/2e76b9aba5ecf875ed565ce4de0e0415"},"headline":"Asegurado presunto integrante de \u2018Los Ilusionistas\u2019, estar\u00edan implicados en hurtos mediante \u2018cambiazos\u2019 de tarjetas","datePublished":"2025-01-22T15:40:36+00:00","dateModified":"2025-01-22T15:40:36+00:00","mainEntityOfPage":{"@id":"https:\/\/www.fiscalia.gov.co\/colombia\/noticias\/asegurado-presunto-integrante-de-los-ilusionistas-estarian-implicados-en-hurtos-mediante-cambiazos-de-tarjetas\/"},"wordCount":475,"publisher":{"@id":"https:\/\/www.fiscalia.gov.co\/colombia\/#organization"},"image":{"@id":"https:\/\/www.fiscalia.gov.co\/colombia\/noticias\/asegurado-presunto-integrante-de-los-ilusionistas-estarian-implicados-en-hurtos-mediante-cambiazos-de-tarjetas\/#primaryimage"},"thumbnailUrl":"https:\/\/www.fiscalia.gov.co\/colombia\/wp-content\/uploads\/Rodrigo-Orlando-Toro-Perilla-hurto-cambiazo.jpg","keywords":["cambiazo","C\u00f3rdoba","cr\u00e9dito","d\u00e9bito","Dinero","fiscal Camargo","Fiscal General Luz Adriana Camargo","Fiscal\u00eda Colombia","Fiscal\u00eda General de la Naci\u00f3n","hurtos inform\u00e1ticos","Medida de aseguramiento","Monter\u00eda","Polic\u00eda Nacional","robo","Sincelejo","Sucre","Tarjetas"],"articleSection":["Noticias","Seccional Monter\u00eda"],"inLanguage":"es-CO"},{"@type":"WebPage","@id":"https:\/\/www.fiscalia.gov.co\/colombia\/noticias\/asegurado-presunto-integrante-de-los-ilusionistas-estarian-implicados-en-hurtos-mediante-cambiazos-de-tarjetas\/","url":"https:\/\/www.fiscalia.gov.co\/colombia\/noticias\/asegurado-presunto-integrante-de-los-ilusionistas-estarian-implicados-en-hurtos-mediante-cambiazos-de-tarjetas\/","name":"Fiscal\u00eda General de la Naci\u00f3n","isPartOf":{"@id":"https:\/\/www.fiscalia.gov.co\/colombia\/#website"},"primaryImageOfPage":{"@id":"https:\/\/www.fiscalia.gov.co\/colombia\/noticias\/asegurado-presunto-integrante-de-los-ilusionistas-estarian-implicados-en-hurtos-mediante-cambiazos-de-tarjetas\/#primaryimage"},"image":{"@id":"https:\/\/www.fiscalia.gov.co\/colombia\/noticias\/asegurado-presunto-integrante-de-los-ilusionistas-estarian-implicados-en-hurtos-mediante-cambiazos-de-tarjetas\/#primaryimage"},"thumbnailUrl":"https:\/\/www.fiscalia.gov.co\/colombia\/wp-content\/uploads\/Rodrigo-Orlando-Toro-Perilla-hurto-cambiazo.jpg","datePublished":"2025-01-22T15:40:36+00:00","dateModified":"2025-01-22T15:40:36+00:00","description":"P\u00e1gina oficial de la Fiscal\u00eda General de la Naci\u00f3n \u2013 Colombia. Garantizamos el acceso efectivo a la justicia, la verdad y la reparaci\u00f3n de las v\u00edctimas de los delitos.","breadcrumb":{"@id":"https:\/\/www.fiscalia.gov.co\/colombia\/noticias\/asegurado-presunto-integrante-de-los-ilusionistas-estarian-implicados-en-hurtos-mediante-cambiazos-de-tarjetas\/#breadcrumb"},"inLanguage":"es-CO","potentialAction":[{"@type":"ReadAction","target":["https:\/\/www.fiscalia.gov.co\/colombia\/noticias\/asegurado-presunto-integrante-de-los-ilusionistas-estarian-implicados-en-hurtos-mediante-cambiazos-de-tarjetas\/"]}]},{"@type":"ImageObject","inLanguage":"es-CO","@id":"https:\/\/www.fiscalia.gov.co\/colombia\/noticias\/asegurado-presunto-integrante-de-los-ilusionistas-estarian-implicados-en-hurtos-mediante-cambiazos-de-tarjetas\/#primaryimage","url":"https:\/\/www.fiscalia.gov.co\/colombia\/wp-content\/uploads\/Rodrigo-Orlando-Toro-Perilla-hurto-cambiazo.jpg","contentUrl":"https:\/\/www.fiscalia.gov.co\/colombia\/wp-content\/uploads\/Rodrigo-Orlando-Toro-Perilla-hurto-cambiazo.jpg","width":965,"height":900,"caption":"El imputado se entreg\u00f3 voluntariamente luego de que varios de sus c\u00f3mplices fueran judicializados."},{"@type":"BreadcrumbList","@id":"https:\/\/www.fiscalia.gov.co\/colombia\/noticias\/asegurado-presunto-integrante-de-los-ilusionistas-estarian-implicados-en-hurtos-mediante-cambiazos-de-tarjetas\/#breadcrumb","itemListElement":[{"@type":"ListItem","position":1,"name":"Home","item":"https:\/\/www.fiscalia.gov.co\/colombia\/"},{"@type":"ListItem","position":2,"name":"Asegurado presunto integrante de \u2018Los Ilusionistas\u2019, estar\u00edan implicados en hurtos mediante \u2018cambiazos\u2019 de tarjetas"}]},{"@type":"WebSite","@id":"https:\/\/www.fiscalia.gov.co\/colombia\/#website","url":"https:\/\/www.fiscalia.gov.co\/colombia\/","name":"Fiscal\u00eda General de la Naci\u00f3n","description":"P\u00e1gina oficial de la Fiscal\u00eda General de la Naci\u00f3n \u2013 Colombia. Garantizamos el acceso efectivo a la justicia, la verdad y la reparaci\u00f3n de las v\u00edctimas de los delitos.","publisher":{"@id":"https:\/\/www.fiscalia.gov.co\/colombia\/#organization"},"potentialAction":[{"@type":"SearchAction","target":{"@type":"EntryPoint","urlTemplate":"https:\/\/www.fiscalia.gov.co\/colombia\/?s={search_term_string}"},"query-input":{"@type":"PropertyValueSpecification","valueRequired":true,"valueName":"search_term_string"}}],"inLanguage":"es-CO"},{"@type":"Organization","@id":"https:\/\/www.fiscalia.gov.co\/colombia\/#organization","name":"Fiscal\u00eda General de la Naci\u00f3n","url":"https:\/\/www.fiscalia.gov.co\/colombia\/","logo":{"@type":"ImageObject","inLanguage":"es-CO","@id":"https:\/\/www.fiscalia.gov.co\/colombia\/#\/schema\/logo\/image\/","url":"https:\/\/www.fiscalia.gov.co\/colombia\/wp-content\/uploads\/LogoHorizontal_1.jpg","contentUrl":"https:\/\/www.fiscalia.gov.co\/colombia\/wp-content\/uploads\/LogoHorizontal_1.jpg","width":300,"height":90,"caption":"Fiscal\u00eda General de la Naci\u00f3n"},"image":{"@id":"https:\/\/www.fiscalia.gov.co\/colombia\/#\/schema\/logo\/image\/"},"sameAs":["https:\/\/www.facebook.com\/FiscaliaCol","https:\/\/x.com\/FiscaliaCol","https:\/\/www.instagram.com\/fiscaliacol","https:\/\/www.linkedin.com\/company\/fiscalia-general-de-la-naci-n\/","https:\/\/youtube.com\/@fiscaliageneraldelanacion-4668?si=6nN79nyQICPU5iTh"]},{"@type":"Person","@id":"https:\/\/www.fiscalia.gov.co\/colombia\/#\/schema\/person\/2e76b9aba5ecf875ed565ce4de0e0415","name":"Katherine Loaiza Mart\u00ednez","image":{"@type":"ImageObject","inLanguage":"es-CO","@id":"https:\/\/www.fiscalia.gov.co\/colombia\/#\/schema\/person\/image\/","url":"https:\/\/secure.gravatar.com\/avatar\/ab775a2f394c1b83b6d6f78680e57b50?s=96&d=mm&r=g","contentUrl":"https:\/\/secure.gravatar.com\/avatar\/ab775a2f394c1b83b6d6f78680e57b50?s=96&d=mm&r=g","caption":"Katherine Loaiza Mart\u00ednez"},"url":"https:\/\/www.fiscalia.gov.co\/colombia\/author\/kloaiza\/"}]}},"_links":{"self":[{"href":"https:\/\/www.fiscalia.gov.co\/colombia\/wp-json\/wp\/v2\/posts\/308917","targetHints":{"allow":["GET"]}}],"collection":[{"href":"https:\/\/www.fiscalia.gov.co\/colombia\/wp-json\/wp\/v2\/posts"}],"about":[{"href":"https:\/\/www.fiscalia.gov.co\/colombia\/wp-json\/wp\/v2\/types\/post"}],"author":[{"embeddable":true,"href":"https:\/\/www.fiscalia.gov.co\/colombia\/wp-json\/wp\/v2\/users\/175"}],"replies":[{"embeddable":true,"href":"https:\/\/www.fiscalia.gov.co\/colombia\/wp-json\/wp\/v2\/comments?post=308917"}],"version-history":[{"count":1,"href":"https:\/\/www.fiscalia.gov.co\/colombia\/wp-json\/wp\/v2\/posts\/308917\/revisions"}],"predecessor-version":[{"id":308919,"href":"https:\/\/www.fiscalia.gov.co\/colombia\/wp-json\/wp\/v2\/posts\/308917\/revisions\/308919"}],"wp:attachment":[{"href":"https:\/\/www.fiscalia.gov.co\/colombia\/wp-json\/wp\/v2\/media?parent=308917"}],"wp:term":[{"taxonomy":"category","embeddable":true,"href":"https:\/\/www.fiscalia.gov.co\/colombia\/wp-json\/wp\/v2\/categories?post=308917"},{"taxonomy":"post_tag","embeddable":true,"href":"https:\/\/www.fiscalia.gov.co\/colombia\/wp-json\/wp\/v2\/tags?post=308917"}],"curies":[{"name":"wp","href":"https:\/\/api.w.org\/{rel}","templated":true}]}}