{"id":308832,"date":"2025-01-21T11:21:30","date_gmt":"2025-01-21T16:21:30","guid":{"rendered":"https:\/\/www.fiscalia.gov.co\/colombia\/?p=308832"},"modified":"2025-01-21T12:10:44","modified_gmt":"2025-01-21T17:10:44","slug":"fiscalia-desarticula-grupo-delincuencial-que-estaria-involucrado-en-trata-de-personas-y-trafico-de-migrantes","status":"publish","type":"post","link":"https:\/\/www.fiscalia.gov.co\/colombia\/noticias\/fiscalia-desarticula-grupo-delincuencial-que-estaria-involucrado-en-trata-de-personas-y-trafico-de-migrantes\/","title":{"rendered":"Fiscal\u00eda desarticula grupo delincuencial que estar\u00eda involucrado en trata de personas y tr\u00e1fico de migrantes"},"content":{"rendered":"<blockquote>\n<h4 style=\"text-align: left;\"><strong><em>Fueron judicializadas nueve personas que, al parecer, captaban mujeres en Bogot\u00e1 y mediante enga\u00f1os las llevaban a Per\u00fa donde eran explotadas sexualmente.<\/em><\/strong><\/h4>\n<\/blockquote>\n<p>&nbsp;<\/p>\n<p>El trabajo articulado de la Fiscal\u00eda General de la Naci\u00f3n y la Dij\u00edn de la Polic\u00eda Nacional\u00a0 <strong>puso en evidencia un grupo delincuencial organizado con injerencia en Bogot\u00e1 y\u00a0 Nari\u00f1o, que estar\u00eda dedicado a explotar sexualmente a j\u00f3venes mujeres, al tiempo, que ofrec\u00edan ilegalmente paquetes de transporte y alojamiento a migrantes.<\/strong><\/p>\n<p>En ese sentido, fueron capturadas con orden judicial Daniela Caicedo Morales, Paulina Fl\u00f3rez Asmasa, Homero Gustavo Arteaga Benavides, H\u00e9ctor Abrah\u00e1n Rico Rodr\u00edguez, Adriana Margoth Ram\u00edrez Guarnica, Juan Carlos Tutalcha Cumbal, Laureano Eduard Chingal Ipial, Polivio Armando Ceballos Tutacha y Jairo Marcelo Usamag Chac\u00f3n.<\/p>\n<p><strong>Estas personas fueron imputadas, de acuerdo a su nivel de participaci\u00f3n, por los delitos de trata de personas, concierto para delinquir, tr\u00e1fico de migrantes; y fabricaci\u00f3n, tr\u00e1fico y porte de armas de fuego o municiones<\/strong>. Los cargos no fueron aceptados.<\/p>\n<p>Por disposici\u00f3n de un juez de control garant\u00edas de Pasto (Nari\u00f1o) a Caicedo Morales, Fl\u00f3rez Asmasa, Arteaga Benavides y Rodr\u00edguez, les fue impuesta medida de aseguramiento en centro carcelario. Los otros cinco imputados permanecer\u00e1n privados de la libertad en su lugar de residencia.<\/p>\n<p>La investigaci\u00f3n estableci\u00f3 que<strong> los hoy procesados desde 2021, al parecer, captaban a mujeres con la falsa promesa de trabajos en prestigiosos restaurantes con ingresos diarios libres de 27 d\u00f3lares en Lima (Per\u00fa).<\/strong><\/p>\n<p>Las v\u00edctimas eran trasladas por v\u00eda terrestre hasta la ciudad de Constituci\u00f3n, <strong>all\u00ed las\u00a0 despojaban de sus documentos de identidad y las notificaban de una deuda de 5.000 d\u00f3lares que ten\u00edan que pagar trabajando en casas de lenocinio.<\/strong><\/p>\n<p>Las mujeres habr\u00edan sido maltratadas f\u00edsicamente y amenazadas para evitar que huyeran o dieran a conocer a sus familiares la situaci\u00f3n que afrontaban.<\/p>\n<p>Adicionalmente, estas personas, al parecer, t<strong>rasladaban ilegalmente a migrantes cubanos, chinos, haitianos y venezolanos desde Nari\u00f1o hasta Necocl\u00ed (Antioquia), para que continuaran sus rutas hacia Centro Am\u00e9rica.<\/strong><\/p>\n<p>A los extranjeros presuntamente les ofrec\u00edan paquetes de traslado en buses de turismo y alojamiento. Este servicio tambi\u00e9n era brindado a ciudadanos que desde la frontera con Venezuela migraban a Ecuador, Per\u00fa y Chile.<\/p>\n<p>Los procedimientos de captura contaron con el apoyo de Migraci\u00f3n Colombia y el Ej\u00e9rcito Nacional.<strong> En las audiencias concentradas se legaliz\u00f3 la incautaci\u00f3n con fines de comiso de 93 millones de pesos, 499 d\u00f3lares, armas de fuego, munici\u00f3n y celulares.<\/strong><\/p>\n<p>En el desarrollo del proceso penal se indaga si el grupo delincuencial tendr\u00eda nexos con organizaciones criminales como el \u2018Tren de Aragua\u2019.<\/p>\n<p>Esta informaci\u00f3n se publica por razones de inter\u00e9s general.<\/p>\n<p>LAGP\/AMCJ\/CACM\/DECVDH<\/p>\n<p>&nbsp;<\/p>\n<p><em>La informaci\u00f3n contenida en este bolet\u00edn de prensa corresponde a la narraci\u00f3n de los hechos noticiosos objetivos, y las investigaciones penales al interior de la Fiscal\u00eda General de la Naci\u00f3n. Para el momento de la divulgaci\u00f3n de este comunicado, la situaci\u00f3n jur\u00eddica de la(s) persona(s) relacionada(s) se encuentra pendiente de resolver por la autoridad judicial competente, siempre bajo los preceptos de la presunci\u00f3n de inocencia, consagrados en el art\u00edculo 29 de la Constituci\u00f3n Pol\u00edtica y el art\u00edculo 7\u00ba de la Ley 906 de 2004.<\/em><\/p>\n\n<div class=\"twitter-share\"><a href=\"https:\/\/twitter.com\/intent\/tweet?via=fiscaliacol\" class=\"twitter-share-button\">Tweet<\/a><\/div>\n","protected":false},"excerpt":{"rendered":"<p>Fueron judicializadas nueve personas que, al parecer, captaban mujeres en Bogot\u00e1 y mediante enga\u00f1os las llevaban a Per\u00fa donde eran explotadas sexualmente. &nbsp; El trabajo articulado de la Fiscal\u00eda General [&hellip;]<\/p>\n","protected":false},"author":175,"featured_media":0,"comment_status":"closed","ping_status":"open","sticky":false,"template":"","format":"standard","meta":{"tdm_status":"","tdm_grid_status":"","footnotes":""},"categories":[24102,1],"tags":[37491,37514],"class_list":["post-308832","post","type-post","status-publish","format-standard","category-derechos-humanos","category-noticias","tag-fiscal-camargo","tag-fiscal-general-luz-adriana-camargo"],"yoast_head":"<!-- This site is optimized with the Yoast SEO plugin v24.3 - https:\/\/yoast.com\/wordpress\/plugins\/seo\/ -->\n<title>Fiscal\u00eda General de la Naci\u00f3n<\/title>\n<meta name=\"description\" content=\"P\u00e1gina oficial de la Fiscal\u00eda General de la Naci\u00f3n \u2013 Colombia. Garantizamos el acceso efectivo a la justicia, la verdad y la reparaci\u00f3n de las v\u00edctimas de los delitos.\" \/>\n<meta name=\"robots\" content=\"noindex, follow\" \/>\n<meta property=\"og:locale\" content=\"es_ES\" \/>\n<meta property=\"og:type\" content=\"article\" \/>\n<meta property=\"og:title\" content=\"Fiscal\u00eda General de la Naci\u00f3n\" \/>\n<meta property=\"og:description\" content=\"P\u00e1gina oficial de la Fiscal\u00eda General de la Naci\u00f3n \u2013 Colombia. Garantizamos el acceso efectivo a la justicia, la verdad y la reparaci\u00f3n de las v\u00edctimas de los delitos.\" \/>\n<meta property=\"og:url\" content=\"https:\/\/www.fiscalia.gov.co\/colombia\/noticias\/fiscalia-desarticula-grupo-delincuencial-que-estaria-involucrado-en-trata-de-personas-y-trafico-de-migrantes\/\" \/>\n<meta property=\"og:site_name\" content=\"Fiscal\u00eda General de la Naci\u00f3n\" \/>\n<meta property=\"article:publisher\" content=\"https:\/\/www.facebook.com\/FiscaliaCol\" \/>\n<meta property=\"article:published_time\" content=\"2025-01-21T16:21:30+00:00\" \/>\n<meta property=\"article:modified_time\" content=\"2025-01-21T17:10:44+00:00\" \/>\n<meta name=\"author\" content=\"Katherine Loaiza Mart\u00ednez\" \/>\n<meta name=\"twitter:card\" content=\"summary_large_image\" \/>\n<meta name=\"twitter:creator\" content=\"@FiscaliaCol\" \/>\n<meta name=\"twitter:site\" content=\"@FiscaliaCol\" \/>\n<meta name=\"twitter:label1\" content=\"Escrito por\" \/>\n\t<meta name=\"twitter:data1\" content=\"Katherine Loaiza Mart\u00ednez\" \/>\n\t<meta name=\"twitter:label2\" content=\"Tiempo de lectura\" \/>\n\t<meta name=\"twitter:data2\" content=\"3 minutos\" \/>\n<script type=\"application\/ld+json\" class=\"yoast-schema-graph\">{\"@context\":\"https:\/\/schema.org\",\"@graph\":[{\"@type\":\"Article\",\"@id\":\"https:\/\/www.fiscalia.gov.co\/colombia\/noticias\/fiscalia-desarticula-grupo-delincuencial-que-estaria-involucrado-en-trata-de-personas-y-trafico-de-migrantes\/#article\",\"isPartOf\":{\"@id\":\"https:\/\/www.fiscalia.gov.co\/colombia\/noticias\/fiscalia-desarticula-grupo-delincuencial-que-estaria-involucrado-en-trata-de-personas-y-trafico-de-migrantes\/\"},\"author\":{\"name\":\"Katherine Loaiza Mart\u00ednez\",\"@id\":\"https:\/\/www.fiscalia.gov.co\/colombia\/#\/schema\/person\/2e76b9aba5ecf875ed565ce4de0e0415\"},\"headline\":\"Fiscal\u00eda desarticula grupo delincuencial que estar\u00eda involucrado en trata de personas y tr\u00e1fico de migrantes\",\"datePublished\":\"2025-01-21T16:21:30+00:00\",\"dateModified\":\"2025-01-21T17:10:44+00:00\",\"mainEntityOfPage\":{\"@id\":\"https:\/\/www.fiscalia.gov.co\/colombia\/noticias\/fiscalia-desarticula-grupo-delincuencial-que-estaria-involucrado-en-trata-de-personas-y-trafico-de-migrantes\/\"},\"wordCount\":587,\"publisher\":{\"@id\":\"https:\/\/www.fiscalia.gov.co\/colombia\/#organization\"},\"keywords\":[\"fiscal Camargo\",\"Fiscal General Luz Adriana Camargo\"],\"articleSection\":[\"Derechos Humanos\",\"Noticias\"],\"inLanguage\":\"es-CO\"},{\"@type\":\"WebPage\",\"@id\":\"https:\/\/www.fiscalia.gov.co\/colombia\/noticias\/fiscalia-desarticula-grupo-delincuencial-que-estaria-involucrado-en-trata-de-personas-y-trafico-de-migrantes\/\",\"url\":\"https:\/\/www.fiscalia.gov.co\/colombia\/noticias\/fiscalia-desarticula-grupo-delincuencial-que-estaria-involucrado-en-trata-de-personas-y-trafico-de-migrantes\/\",\"name\":\"Fiscal\u00eda General de la Naci\u00f3n\",\"isPartOf\":{\"@id\":\"https:\/\/www.fiscalia.gov.co\/colombia\/#website\"},\"datePublished\":\"2025-01-21T16:21:30+00:00\",\"dateModified\":\"2025-01-21T17:10:44+00:00\",\"description\":\"P\u00e1gina oficial de la Fiscal\u00eda General de la Naci\u00f3n \u2013 Colombia. Garantizamos el acceso efectivo a la justicia, la verdad y la reparaci\u00f3n de las v\u00edctimas de los delitos.\",\"breadcrumb\":{\"@id\":\"https:\/\/www.fiscalia.gov.co\/colombia\/noticias\/fiscalia-desarticula-grupo-delincuencial-que-estaria-involucrado-en-trata-de-personas-y-trafico-de-migrantes\/#breadcrumb\"},\"inLanguage\":\"es-CO\",\"potentialAction\":[{\"@type\":\"ReadAction\",\"target\":[\"https:\/\/www.fiscalia.gov.co\/colombia\/noticias\/fiscalia-desarticula-grupo-delincuencial-que-estaria-involucrado-en-trata-de-personas-y-trafico-de-migrantes\/\"]}]},{\"@type\":\"BreadcrumbList\",\"@id\":\"https:\/\/www.fiscalia.gov.co\/colombia\/noticias\/fiscalia-desarticula-grupo-delincuencial-que-estaria-involucrado-en-trata-de-personas-y-trafico-de-migrantes\/#breadcrumb\",\"itemListElement\":[{\"@type\":\"ListItem\",\"position\":1,\"name\":\"Home\",\"item\":\"https:\/\/www.fiscalia.gov.co\/colombia\/\"},{\"@type\":\"ListItem\",\"position\":2,\"name\":\"Fiscal\u00eda desarticula grupo delincuencial que estar\u00eda involucrado en trata de personas y tr\u00e1fico de migrantes\"}]},{\"@type\":\"WebSite\",\"@id\":\"https:\/\/www.fiscalia.gov.co\/colombia\/#website\",\"url\":\"https:\/\/www.fiscalia.gov.co\/colombia\/\",\"name\":\"Fiscal\u00eda General de la Naci\u00f3n\",\"description\":\"P\u00e1gina oficial de la Fiscal\u00eda General de la Naci\u00f3n \u2013 Colombia. Garantizamos el acceso efectivo a la justicia, la verdad y la reparaci\u00f3n de las v\u00edctimas de los delitos.\",\"publisher\":{\"@id\":\"https:\/\/www.fiscalia.gov.co\/colombia\/#organization\"},\"potentialAction\":[{\"@type\":\"SearchAction\",\"target\":{\"@type\":\"EntryPoint\",\"urlTemplate\":\"https:\/\/www.fiscalia.gov.co\/colombia\/?s={search_term_string}\"},\"query-input\":{\"@type\":\"PropertyValueSpecification\",\"valueRequired\":true,\"valueName\":\"search_term_string\"}}],\"inLanguage\":\"es-CO\"},{\"@type\":\"Organization\",\"@id\":\"https:\/\/www.fiscalia.gov.co\/colombia\/#organization\",\"name\":\"Fiscal\u00eda General de la Naci\u00f3n\",\"url\":\"https:\/\/www.fiscalia.gov.co\/colombia\/\",\"logo\":{\"@type\":\"ImageObject\",\"inLanguage\":\"es-CO\",\"@id\":\"https:\/\/www.fiscalia.gov.co\/colombia\/#\/schema\/logo\/image\/\",\"url\":\"https:\/\/www.fiscalia.gov.co\/colombia\/wp-content\/uploads\/LogoHorizontal_1.jpg\",\"contentUrl\":\"https:\/\/www.fiscalia.gov.co\/colombia\/wp-content\/uploads\/LogoHorizontal_1.jpg\",\"width\":300,\"height\":90,\"caption\":\"Fiscal\u00eda General de la Naci\u00f3n\"},\"image\":{\"@id\":\"https:\/\/www.fiscalia.gov.co\/colombia\/#\/schema\/logo\/image\/\"},\"sameAs\":[\"https:\/\/www.facebook.com\/FiscaliaCol\",\"https:\/\/x.com\/FiscaliaCol\",\"https:\/\/www.instagram.com\/fiscaliacol\",\"https:\/\/www.linkedin.com\/company\/fiscalia-general-de-la-naci-n\/\",\"https:\/\/youtube.com\/@fiscaliageneraldelanacion-4668?si=6nN79nyQICPU5iTh\"]},{\"@type\":\"Person\",\"@id\":\"https:\/\/www.fiscalia.gov.co\/colombia\/#\/schema\/person\/2e76b9aba5ecf875ed565ce4de0e0415\",\"name\":\"Katherine Loaiza Mart\u00ednez\",\"image\":{\"@type\":\"ImageObject\",\"inLanguage\":\"es-CO\",\"@id\":\"https:\/\/www.fiscalia.gov.co\/colombia\/#\/schema\/person\/image\/\",\"url\":\"https:\/\/secure.gravatar.com\/avatar\/ab775a2f394c1b83b6d6f78680e57b50?s=96&d=mm&r=g\",\"contentUrl\":\"https:\/\/secure.gravatar.com\/avatar\/ab775a2f394c1b83b6d6f78680e57b50?s=96&d=mm&r=g\",\"caption\":\"Katherine Loaiza Mart\u00ednez\"},\"url\":\"https:\/\/www.fiscalia.gov.co\/colombia\/author\/kloaiza\/\"}]}<\/script>\n<!-- \/ Yoast SEO plugin. -->","yoast_head_json":{"title":"Fiscal\u00eda General de la Naci\u00f3n","description":"P\u00e1gina oficial de la Fiscal\u00eda General de la Naci\u00f3n \u2013 Colombia. Garantizamos el acceso efectivo a la justicia, la verdad y la reparaci\u00f3n de las v\u00edctimas de los delitos.","robots":{"index":"noindex","follow":"follow"},"og_locale":"es_ES","og_type":"article","og_title":"Fiscal\u00eda General de la Naci\u00f3n","og_description":"P\u00e1gina oficial de la Fiscal\u00eda General de la Naci\u00f3n \u2013 Colombia. Garantizamos el acceso efectivo a la justicia, la verdad y la reparaci\u00f3n de las v\u00edctimas de los delitos.","og_url":"https:\/\/www.fiscalia.gov.co\/colombia\/noticias\/fiscalia-desarticula-grupo-delincuencial-que-estaria-involucrado-en-trata-de-personas-y-trafico-de-migrantes\/","og_site_name":"Fiscal\u00eda General de la Naci\u00f3n","article_publisher":"https:\/\/www.facebook.com\/FiscaliaCol","article_published_time":"2025-01-21T16:21:30+00:00","article_modified_time":"2025-01-21T17:10:44+00:00","author":"Katherine Loaiza Mart\u00ednez","twitter_card":"summary_large_image","twitter_creator":"@FiscaliaCol","twitter_site":"@FiscaliaCol","twitter_misc":{"Escrito por":"Katherine Loaiza Mart\u00ednez","Tiempo de lectura":"3 minutos"},"schema":{"@context":"https:\/\/schema.org","@graph":[{"@type":"Article","@id":"https:\/\/www.fiscalia.gov.co\/colombia\/noticias\/fiscalia-desarticula-grupo-delincuencial-que-estaria-involucrado-en-trata-de-personas-y-trafico-de-migrantes\/#article","isPartOf":{"@id":"https:\/\/www.fiscalia.gov.co\/colombia\/noticias\/fiscalia-desarticula-grupo-delincuencial-que-estaria-involucrado-en-trata-de-personas-y-trafico-de-migrantes\/"},"author":{"name":"Katherine Loaiza Mart\u00ednez","@id":"https:\/\/www.fiscalia.gov.co\/colombia\/#\/schema\/person\/2e76b9aba5ecf875ed565ce4de0e0415"},"headline":"Fiscal\u00eda desarticula grupo delincuencial que estar\u00eda involucrado en trata de personas y tr\u00e1fico de migrantes","datePublished":"2025-01-21T16:21:30+00:00","dateModified":"2025-01-21T17:10:44+00:00","mainEntityOfPage":{"@id":"https:\/\/www.fiscalia.gov.co\/colombia\/noticias\/fiscalia-desarticula-grupo-delincuencial-que-estaria-involucrado-en-trata-de-personas-y-trafico-de-migrantes\/"},"wordCount":587,"publisher":{"@id":"https:\/\/www.fiscalia.gov.co\/colombia\/#organization"},"keywords":["fiscal Camargo","Fiscal General Luz Adriana Camargo"],"articleSection":["Derechos Humanos","Noticias"],"inLanguage":"es-CO"},{"@type":"WebPage","@id":"https:\/\/www.fiscalia.gov.co\/colombia\/noticias\/fiscalia-desarticula-grupo-delincuencial-que-estaria-involucrado-en-trata-de-personas-y-trafico-de-migrantes\/","url":"https:\/\/www.fiscalia.gov.co\/colombia\/noticias\/fiscalia-desarticula-grupo-delincuencial-que-estaria-involucrado-en-trata-de-personas-y-trafico-de-migrantes\/","name":"Fiscal\u00eda General de la Naci\u00f3n","isPartOf":{"@id":"https:\/\/www.fiscalia.gov.co\/colombia\/#website"},"datePublished":"2025-01-21T16:21:30+00:00","dateModified":"2025-01-21T17:10:44+00:00","description":"P\u00e1gina oficial de la Fiscal\u00eda General de la Naci\u00f3n \u2013 Colombia. Garantizamos el acceso efectivo a la justicia, la verdad y la reparaci\u00f3n de las v\u00edctimas de los delitos.","breadcrumb":{"@id":"https:\/\/www.fiscalia.gov.co\/colombia\/noticias\/fiscalia-desarticula-grupo-delincuencial-que-estaria-involucrado-en-trata-de-personas-y-trafico-de-migrantes\/#breadcrumb"},"inLanguage":"es-CO","potentialAction":[{"@type":"ReadAction","target":["https:\/\/www.fiscalia.gov.co\/colombia\/noticias\/fiscalia-desarticula-grupo-delincuencial-que-estaria-involucrado-en-trata-de-personas-y-trafico-de-migrantes\/"]}]},{"@type":"BreadcrumbList","@id":"https:\/\/www.fiscalia.gov.co\/colombia\/noticias\/fiscalia-desarticula-grupo-delincuencial-que-estaria-involucrado-en-trata-de-personas-y-trafico-de-migrantes\/#breadcrumb","itemListElement":[{"@type":"ListItem","position":1,"name":"Home","item":"https:\/\/www.fiscalia.gov.co\/colombia\/"},{"@type":"ListItem","position":2,"name":"Fiscal\u00eda desarticula grupo delincuencial que estar\u00eda involucrado en trata de personas y tr\u00e1fico de migrantes"}]},{"@type":"WebSite","@id":"https:\/\/www.fiscalia.gov.co\/colombia\/#website","url":"https:\/\/www.fiscalia.gov.co\/colombia\/","name":"Fiscal\u00eda General de la Naci\u00f3n","description":"P\u00e1gina oficial de la Fiscal\u00eda General de la Naci\u00f3n \u2013 Colombia. Garantizamos el acceso efectivo a la justicia, la verdad y la reparaci\u00f3n de las v\u00edctimas de los delitos.","publisher":{"@id":"https:\/\/www.fiscalia.gov.co\/colombia\/#organization"},"potentialAction":[{"@type":"SearchAction","target":{"@type":"EntryPoint","urlTemplate":"https:\/\/www.fiscalia.gov.co\/colombia\/?s={search_term_string}"},"query-input":{"@type":"PropertyValueSpecification","valueRequired":true,"valueName":"search_term_string"}}],"inLanguage":"es-CO"},{"@type":"Organization","@id":"https:\/\/www.fiscalia.gov.co\/colombia\/#organization","name":"Fiscal\u00eda General de la Naci\u00f3n","url":"https:\/\/www.fiscalia.gov.co\/colombia\/","logo":{"@type":"ImageObject","inLanguage":"es-CO","@id":"https:\/\/www.fiscalia.gov.co\/colombia\/#\/schema\/logo\/image\/","url":"https:\/\/www.fiscalia.gov.co\/colombia\/wp-content\/uploads\/LogoHorizontal_1.jpg","contentUrl":"https:\/\/www.fiscalia.gov.co\/colombia\/wp-content\/uploads\/LogoHorizontal_1.jpg","width":300,"height":90,"caption":"Fiscal\u00eda General de la Naci\u00f3n"},"image":{"@id":"https:\/\/www.fiscalia.gov.co\/colombia\/#\/schema\/logo\/image\/"},"sameAs":["https:\/\/www.facebook.com\/FiscaliaCol","https:\/\/x.com\/FiscaliaCol","https:\/\/www.instagram.com\/fiscaliacol","https:\/\/www.linkedin.com\/company\/fiscalia-general-de-la-naci-n\/","https:\/\/youtube.com\/@fiscaliageneraldelanacion-4668?si=6nN79nyQICPU5iTh"]},{"@type":"Person","@id":"https:\/\/www.fiscalia.gov.co\/colombia\/#\/schema\/person\/2e76b9aba5ecf875ed565ce4de0e0415","name":"Katherine Loaiza Mart\u00ednez","image":{"@type":"ImageObject","inLanguage":"es-CO","@id":"https:\/\/www.fiscalia.gov.co\/colombia\/#\/schema\/person\/image\/","url":"https:\/\/secure.gravatar.com\/avatar\/ab775a2f394c1b83b6d6f78680e57b50?s=96&d=mm&r=g","contentUrl":"https:\/\/secure.gravatar.com\/avatar\/ab775a2f394c1b83b6d6f78680e57b50?s=96&d=mm&r=g","caption":"Katherine Loaiza Mart\u00ednez"},"url":"https:\/\/www.fiscalia.gov.co\/colombia\/author\/kloaiza\/"}]}},"_links":{"self":[{"href":"https:\/\/www.fiscalia.gov.co\/colombia\/wp-json\/wp\/v2\/posts\/308832","targetHints":{"allow":["GET"]}}],"collection":[{"href":"https:\/\/www.fiscalia.gov.co\/colombia\/wp-json\/wp\/v2\/posts"}],"about":[{"href":"https:\/\/www.fiscalia.gov.co\/colombia\/wp-json\/wp\/v2\/types\/post"}],"author":[{"embeddable":true,"href":"https:\/\/www.fiscalia.gov.co\/colombia\/wp-json\/wp\/v2\/users\/175"}],"replies":[{"embeddable":true,"href":"https:\/\/www.fiscalia.gov.co\/colombia\/wp-json\/wp\/v2\/comments?post=308832"}],"version-history":[{"count":3,"href":"https:\/\/www.fiscalia.gov.co\/colombia\/wp-json\/wp\/v2\/posts\/308832\/revisions"}],"predecessor-version":[{"id":308835,"href":"https:\/\/www.fiscalia.gov.co\/colombia\/wp-json\/wp\/v2\/posts\/308832\/revisions\/308835"}],"wp:attachment":[{"href":"https:\/\/www.fiscalia.gov.co\/colombia\/wp-json\/wp\/v2\/media?parent=308832"}],"wp:term":[{"taxonomy":"category","embeddable":true,"href":"https:\/\/www.fiscalia.gov.co\/colombia\/wp-json\/wp\/v2\/categories?post=308832"},{"taxonomy":"post_tag","embeddable":true,"href":"https:\/\/www.fiscalia.gov.co\/colombia\/wp-json\/wp\/v2\/tags?post=308832"}],"curies":[{"name":"wp","href":"https:\/\/api.w.org\/{rel}","templated":true}]}}