{"id":308535,"date":"2025-01-15T10:25:35","date_gmt":"2025-01-15T15:25:35","guid":{"rendered":"https:\/\/www.fiscalia.gov.co\/colombia\/?p=308535"},"modified":"2025-01-15T15:08:13","modified_gmt":"2025-01-15T20:08:13","slug":"fiscalia-pone-en-evidencia-a-mujer-senalada-de-tramitar-visas-de-estudio-a-estados-unidos-con-informacion-falsa","status":"publish","type":"post","link":"https:\/\/www.fiscalia.gov.co\/colombia\/derechos-humanos\/fiscalia-pone-en-evidencia-a-mujer-senalada-de-tramitar-visas-de-estudio-a-estados-unidos-con-informacion-falsa\/","title":{"rendered":"Fiscal\u00eda pone en evidencia a mujer se\u00f1alada de tramitar visas de estudio a Estados Unidos con informaci\u00f3n falsa"},"content":{"rendered":"<blockquote>\n<h4 style=\"text-align: left;\"><em><strong>Bibiana D\u00edaz M\u00e9ndez, al parecer, registraba en formularios oficiales de la Embajada de Estados Unidos en Colombia datos laborales, acad\u00e9micos, personales y financieros inexistentes a supuestos profesionales y t\u00e9cnicos que deseaban viajar a estudiar ingl\u00e9s.\u00a0<\/strong><\/em><\/h4>\n<\/blockquote>\n<p>&nbsp;<\/p>\n<p><strong>La Fiscal\u00eda General de la Naci\u00f3n, en un trabajo conjunto con la DIJIN de la Polic\u00eda Nacional, recolect\u00f3 elementos materiales probatorios y evidencias que dan cuenta de la presunta responsabilidad de Bibiana D\u00edaz M\u00e9ndez en la creaci\u00f3n de perfiles falsos para tramitar visas de estudio a Estados Unidos.<\/strong><\/p>\n<p>En el curso de la investigaci\u00f3n <strong>se estableci\u00f3 que la mujer, al parecer, ofrec\u00eda diferentes paquetes que ascend\u00edan en valor a siete millones de pesos<\/strong>, los cuales inclu\u00edan la programaci\u00f3n de las citas consulares en un periodo no mayor a ocho d\u00edas, el diligenciamiento de los formularios de solicitud del documento con informaci\u00f3n personal, financiera, acad\u00e9mica y laboral que no correspond\u00eda a estatus real de los aspirantes.<\/p>\n<p><strong>De esta manera habr\u00eda inducido en error a algunos funcionarios de la Embajada de Estados Unidos en Colombia, que avalaron la expedici\u00f3n de visas por tres meses<\/strong> a supuestos m\u00e9dicos, enfermeros y otros profesionales que acreditaron en sus solicitudes tener solvencia econ\u00f3mica, estabilidad laboral y familiar; y aseguraron que solo viajar\u00edan para estudiar ingl\u00e9s.<\/p>\n<p>Por estos hechos, <strong>una fiscal de la Direcci\u00f3n Especializada contra las Violaciones a los Derechos Humanos imput\u00f3 a D\u00edaz M\u00e9ndez el delito de tr\u00e1fico de migrantes, el cual fue aceptado.<\/strong> En ese sentido, el juez de control de garant\u00edas le impuso medida de aseguramiento privativa de la libertad en su lugar de residencia.<\/p>\n<p>La informaci\u00f3n obtenida hasta el momento indica que <strong>la hoy procesada habr\u00eda intervenido en el tr\u00e1mite de 418 visas.<\/strong><\/p>\n<p>Esta informaci\u00f3n se publica por razones de inter\u00e9s general.<\/p>\n<p>LAGP\/JARG\/GJG\/DECVDH\/<\/p>\n<p>&nbsp;<\/p>\n<p>&nbsp;<\/p>\n<p>La informaci\u00f3n contenida en este bolet\u00edn de prensa corresponde a la narraci\u00f3n de los hechos noticiosos objetivos, suministrados por los funcionarios encargados de adelantar las investigaciones penales al interior de la Fiscal\u00eda General de la Naci\u00f3n. Para el momento de la divulgaci\u00f3n de este comunicado, la situaci\u00f3n jur\u00eddica de la(s) persona(s) relacionada(s) se encuentra pendiente de resolver por la autoridad judicial competente, siempre bajo los preceptos de la presunci\u00f3n de inocencia, consagrados en el art\u00edculo 29 de la Constituci\u00f3n Pol\u00edtica y el art\u00edculo 7\u00ba de la Ley 906 de 2004.<\/p>\n\n<div class=\"twitter-share\"><a href=\"https:\/\/twitter.com\/intent\/tweet?via=fiscaliacol\" class=\"twitter-share-button\">Tweet<\/a><\/div>\n","protected":false},"excerpt":{"rendered":"<p>Bibiana D\u00edaz M\u00e9ndez, al parecer, registraba en formularios oficiales de la Embajada de Estados Unidos en Colombia datos laborales, acad\u00e9micos, personales y financieros inexistentes a supuestos profesionales y t\u00e9cnicos que deseaban viajar a estudiar ingl\u00e9s.\u00a0 &nbsp; La Fiscal\u00eda General de la Naci\u00f3n, en un trabajo conjunto con la DIJIN de la Polic\u00eda Nacional, recolect\u00f3 elementos [&hellip;]<\/p>\n","protected":false},"author":175,"featured_media":0,"comment_status":"closed","ping_status":"open","sticky":false,"template":"","format":"standard","meta":{"_price":"","_stock":"","_tribe_ticket_header":"","_tribe_default_ticket_provider":"","_tribe_ticket_capacity":"0","_ticket_start_date":"","_ticket_end_date":"","_tribe_ticket_show_description":"","_tribe_ticket_show_not_going":false,"_tribe_ticket_use_global_stock":"","_tribe_ticket_global_stock_level":"","_global_stock_mode":"","_global_stock_cap":"","_tribe_rsvp_for_event":"","_tribe_ticket_going_count":"","_tribe_ticket_not_going_count":"","_tribe_tickets_list":"[]","_tribe_ticket_has_attendee_info_fields":false,"tdm_status":"","tdm_grid_status":"","footnotes":""},"categories":[24102,1],"tags":[37491,37514],"class_list":{"0":"post-308535","1":"post","2":"type-post","3":"status-publish","4":"format-standard","6":"category-derechos-humanos","7":"category-noticias","8":"tag-fiscal-camargo","9":"tag-fiscal-general-luz-adriana-camargo"},"yoast_head":"<!-- This site is optimized with the Yoast SEO plugin v24.3 - https:\/\/yoast.com\/wordpress\/plugins\/seo\/ -->\n<title>Fiscal\u00eda General de la Naci\u00f3n<\/title>\n<meta name=\"description\" content=\"P\u00e1gina oficial de la Fiscal\u00eda General de la Naci\u00f3n \u2013 Colombia. Garantizamos el acceso efectivo a la justicia, la verdad y la reparaci\u00f3n de las v\u00edctimas de los delitos.\" \/>\n<meta name=\"robots\" content=\"noindex, follow\" \/>\n<meta property=\"og:locale\" content=\"es_ES\" \/>\n<meta property=\"og:type\" content=\"article\" \/>\n<meta property=\"og:title\" content=\"Fiscal\u00eda General de la Naci\u00f3n\" \/>\n<meta property=\"og:description\" content=\"P\u00e1gina oficial de la Fiscal\u00eda General de la Naci\u00f3n \u2013 Colombia. Garantizamos el acceso efectivo a la justicia, la verdad y la reparaci\u00f3n de las v\u00edctimas de los delitos.\" \/>\n<meta property=\"og:url\" content=\"https:\/\/www.fiscalia.gov.co\/colombia\/derechos-humanos\/fiscalia-pone-en-evidencia-a-mujer-senalada-de-tramitar-visas-de-estudio-a-estados-unidos-con-informacion-falsa\/\" \/>\n<meta property=\"og:site_name\" content=\"Fiscal\u00eda General de la Naci\u00f3n\" \/>\n<meta property=\"article:publisher\" content=\"https:\/\/www.facebook.com\/FiscaliaCol\" \/>\n<meta property=\"article:published_time\" content=\"2025-01-15T15:25:35+00:00\" \/>\n<meta property=\"article:modified_time\" content=\"2025-01-15T20:08:13+00:00\" \/>\n<meta name=\"author\" content=\"Katherine Loaiza Mart\u00ednez\" \/>\n<meta name=\"twitter:card\" content=\"summary_large_image\" \/>\n<meta name=\"twitter:creator\" content=\"@FiscaliaCol\" \/>\n<meta name=\"twitter:site\" content=\"@FiscaliaCol\" \/>\n<meta name=\"twitter:label1\" content=\"Escrito por\" \/>\n\t<meta name=\"twitter:data1\" content=\"Katherine Loaiza Mart\u00ednez\" \/>\n\t<meta name=\"twitter:label2\" content=\"Tiempo de lectura\" \/>\n\t<meta name=\"twitter:data2\" content=\"2 minutos\" \/>\n<script type=\"application\/ld+json\" class=\"yoast-schema-graph\">{\"@context\":\"https:\/\/schema.org\",\"@graph\":[{\"@type\":\"Article\",\"@id\":\"https:\/\/www.fiscalia.gov.co\/colombia\/derechos-humanos\/fiscalia-pone-en-evidencia-a-mujer-senalada-de-tramitar-visas-de-estudio-a-estados-unidos-con-informacion-falsa\/#article\",\"isPartOf\":{\"@id\":\"https:\/\/www.fiscalia.gov.co\/colombia\/derechos-humanos\/fiscalia-pone-en-evidencia-a-mujer-senalada-de-tramitar-visas-de-estudio-a-estados-unidos-con-informacion-falsa\/\"},\"author\":{\"name\":\"Katherine Loaiza Mart\u00ednez\",\"@id\":\"https:\/\/www.fiscalia.gov.co\/colombia\/#\/schema\/person\/2e76b9aba5ecf875ed565ce4de0e0415\"},\"headline\":\"Fiscal\u00eda pone en evidencia a mujer se\u00f1alada de tramitar visas de estudio a Estados Unidos con informaci\u00f3n falsa\",\"datePublished\":\"2025-01-15T15:25:35+00:00\",\"dateModified\":\"2025-01-15T20:08:13+00:00\",\"mainEntityOfPage\":{\"@id\":\"https:\/\/www.fiscalia.gov.co\/colombia\/derechos-humanos\/fiscalia-pone-en-evidencia-a-mujer-senalada-de-tramitar-visas-de-estudio-a-estados-unidos-con-informacion-falsa\/\"},\"wordCount\":450,\"publisher\":{\"@id\":\"https:\/\/www.fiscalia.gov.co\/colombia\/#organization\"},\"keywords\":[\"fiscal Camargo\",\"Fiscal General Luz Adriana Camargo\"],\"articleSection\":[\"Derechos Humanos\",\"Noticias\"],\"inLanguage\":\"es-CO\"},{\"@type\":\"WebPage\",\"@id\":\"https:\/\/www.fiscalia.gov.co\/colombia\/derechos-humanos\/fiscalia-pone-en-evidencia-a-mujer-senalada-de-tramitar-visas-de-estudio-a-estados-unidos-con-informacion-falsa\/\",\"url\":\"https:\/\/www.fiscalia.gov.co\/colombia\/derechos-humanos\/fiscalia-pone-en-evidencia-a-mujer-senalada-de-tramitar-visas-de-estudio-a-estados-unidos-con-informacion-falsa\/\",\"name\":\"Fiscal\u00eda General de la Naci\u00f3n\",\"isPartOf\":{\"@id\":\"https:\/\/www.fiscalia.gov.co\/colombia\/#website\"},\"datePublished\":\"2025-01-15T15:25:35+00:00\",\"dateModified\":\"2025-01-15T20:08:13+00:00\",\"description\":\"P\u00e1gina oficial de la Fiscal\u00eda General de la Naci\u00f3n \u2013 Colombia. Garantizamos el acceso efectivo a la justicia, la verdad y la reparaci\u00f3n de las v\u00edctimas de los delitos.\",\"breadcrumb\":{\"@id\":\"https:\/\/www.fiscalia.gov.co\/colombia\/derechos-humanos\/fiscalia-pone-en-evidencia-a-mujer-senalada-de-tramitar-visas-de-estudio-a-estados-unidos-con-informacion-falsa\/#breadcrumb\"},\"inLanguage\":\"es-CO\",\"potentialAction\":[{\"@type\":\"ReadAction\",\"target\":[\"https:\/\/www.fiscalia.gov.co\/colombia\/derechos-humanos\/fiscalia-pone-en-evidencia-a-mujer-senalada-de-tramitar-visas-de-estudio-a-estados-unidos-con-informacion-falsa\/\"]}]},{\"@type\":\"BreadcrumbList\",\"@id\":\"https:\/\/www.fiscalia.gov.co\/colombia\/derechos-humanos\/fiscalia-pone-en-evidencia-a-mujer-senalada-de-tramitar-visas-de-estudio-a-estados-unidos-con-informacion-falsa\/#breadcrumb\",\"itemListElement\":[{\"@type\":\"ListItem\",\"position\":1,\"name\":\"Home\",\"item\":\"https:\/\/www.fiscalia.gov.co\/colombia\/\"},{\"@type\":\"ListItem\",\"position\":2,\"name\":\"Fiscal\u00eda pone en evidencia a mujer se\u00f1alada de tramitar visas de estudio a Estados Unidos con informaci\u00f3n falsa\"}]},{\"@type\":\"WebSite\",\"@id\":\"https:\/\/www.fiscalia.gov.co\/colombia\/#website\",\"url\":\"https:\/\/www.fiscalia.gov.co\/colombia\/\",\"name\":\"Fiscal\u00eda General de la Naci\u00f3n\",\"description\":\"P\u00e1gina oficial de la Fiscal\u00eda General de la Naci\u00f3n \u2013 Colombia. Garantizamos el acceso efectivo a la justicia, la verdad y la reparaci\u00f3n de las v\u00edctimas de los delitos.\",\"publisher\":{\"@id\":\"https:\/\/www.fiscalia.gov.co\/colombia\/#organization\"},\"potentialAction\":[{\"@type\":\"SearchAction\",\"target\":{\"@type\":\"EntryPoint\",\"urlTemplate\":\"https:\/\/www.fiscalia.gov.co\/colombia\/?s={search_term_string}\"},\"query-input\":{\"@type\":\"PropertyValueSpecification\",\"valueRequired\":true,\"valueName\":\"search_term_string\"}}],\"inLanguage\":\"es-CO\"},{\"@type\":\"Organization\",\"@id\":\"https:\/\/www.fiscalia.gov.co\/colombia\/#organization\",\"name\":\"Fiscal\u00eda General de la Naci\u00f3n\",\"url\":\"https:\/\/www.fiscalia.gov.co\/colombia\/\",\"logo\":{\"@type\":\"ImageObject\",\"inLanguage\":\"es-CO\",\"@id\":\"https:\/\/www.fiscalia.gov.co\/colombia\/#\/schema\/logo\/image\/\",\"url\":\"https:\/\/www.fiscalia.gov.co\/colombia\/wp-content\/uploads\/LogoHorizontal_1.jpg\",\"contentUrl\":\"https:\/\/www.fiscalia.gov.co\/colombia\/wp-content\/uploads\/LogoHorizontal_1.jpg\",\"width\":300,\"height\":90,\"caption\":\"Fiscal\u00eda General de la Naci\u00f3n\"},\"image\":{\"@id\":\"https:\/\/www.fiscalia.gov.co\/colombia\/#\/schema\/logo\/image\/\"},\"sameAs\":[\"https:\/\/www.facebook.com\/FiscaliaCol\",\"https:\/\/x.com\/FiscaliaCol\",\"https:\/\/www.instagram.com\/fiscaliacol\",\"https:\/\/www.linkedin.com\/company\/fiscalia-general-de-la-naci-n\/\",\"https:\/\/youtube.com\/@fiscaliageneraldelanacion-4668?si=6nN79nyQICPU5iTh\"]},{\"@type\":\"Person\",\"@id\":\"https:\/\/www.fiscalia.gov.co\/colombia\/#\/schema\/person\/2e76b9aba5ecf875ed565ce4de0e0415\",\"name\":\"Katherine Loaiza Mart\u00ednez\",\"image\":{\"@type\":\"ImageObject\",\"inLanguage\":\"es-CO\",\"@id\":\"https:\/\/www.fiscalia.gov.co\/colombia\/#\/schema\/person\/image\/\",\"url\":\"https:\/\/secure.gravatar.com\/avatar\/ab775a2f394c1b83b6d6f78680e57b50?s=96&d=mm&r=g\",\"contentUrl\":\"https:\/\/secure.gravatar.com\/avatar\/ab775a2f394c1b83b6d6f78680e57b50?s=96&d=mm&r=g\",\"caption\":\"Katherine Loaiza Mart\u00ednez\"},\"url\":\"https:\/\/www.fiscalia.gov.co\/colombia\/author\/kloaiza\/\"}]}<\/script>\n<!-- \/ Yoast SEO plugin. -->","yoast_head_json":{"title":"Fiscal\u00eda General de la Naci\u00f3n","description":"P\u00e1gina oficial de la Fiscal\u00eda General de la Naci\u00f3n \u2013 Colombia. Garantizamos el acceso efectivo a la justicia, la verdad y la reparaci\u00f3n de las v\u00edctimas de los delitos.","robots":{"index":"noindex","follow":"follow"},"og_locale":"es_ES","og_type":"article","og_title":"Fiscal\u00eda General de la Naci\u00f3n","og_description":"P\u00e1gina oficial de la Fiscal\u00eda General de la Naci\u00f3n \u2013 Colombia. Garantizamos el acceso efectivo a la justicia, la verdad y la reparaci\u00f3n de las v\u00edctimas de los delitos.","og_url":"https:\/\/www.fiscalia.gov.co\/colombia\/derechos-humanos\/fiscalia-pone-en-evidencia-a-mujer-senalada-de-tramitar-visas-de-estudio-a-estados-unidos-con-informacion-falsa\/","og_site_name":"Fiscal\u00eda General de la Naci\u00f3n","article_publisher":"https:\/\/www.facebook.com\/FiscaliaCol","article_published_time":"2025-01-15T15:25:35+00:00","article_modified_time":"2025-01-15T20:08:13+00:00","author":"Katherine Loaiza Mart\u00ednez","twitter_card":"summary_large_image","twitter_creator":"@FiscaliaCol","twitter_site":"@FiscaliaCol","twitter_misc":{"Escrito por":"Katherine Loaiza Mart\u00ednez","Tiempo de lectura":"2 minutos"},"schema":{"@context":"https:\/\/schema.org","@graph":[{"@type":"Article","@id":"https:\/\/www.fiscalia.gov.co\/colombia\/derechos-humanos\/fiscalia-pone-en-evidencia-a-mujer-senalada-de-tramitar-visas-de-estudio-a-estados-unidos-con-informacion-falsa\/#article","isPartOf":{"@id":"https:\/\/www.fiscalia.gov.co\/colombia\/derechos-humanos\/fiscalia-pone-en-evidencia-a-mujer-senalada-de-tramitar-visas-de-estudio-a-estados-unidos-con-informacion-falsa\/"},"author":{"name":"Katherine Loaiza Mart\u00ednez","@id":"https:\/\/www.fiscalia.gov.co\/colombia\/#\/schema\/person\/2e76b9aba5ecf875ed565ce4de0e0415"},"headline":"Fiscal\u00eda pone en evidencia a mujer se\u00f1alada de tramitar visas de estudio a Estados Unidos con informaci\u00f3n falsa","datePublished":"2025-01-15T15:25:35+00:00","dateModified":"2025-01-15T20:08:13+00:00","mainEntityOfPage":{"@id":"https:\/\/www.fiscalia.gov.co\/colombia\/derechos-humanos\/fiscalia-pone-en-evidencia-a-mujer-senalada-de-tramitar-visas-de-estudio-a-estados-unidos-con-informacion-falsa\/"},"wordCount":450,"publisher":{"@id":"https:\/\/www.fiscalia.gov.co\/colombia\/#organization"},"keywords":["fiscal Camargo","Fiscal General Luz Adriana Camargo"],"articleSection":["Derechos Humanos","Noticias"],"inLanguage":"es-CO"},{"@type":"WebPage","@id":"https:\/\/www.fiscalia.gov.co\/colombia\/derechos-humanos\/fiscalia-pone-en-evidencia-a-mujer-senalada-de-tramitar-visas-de-estudio-a-estados-unidos-con-informacion-falsa\/","url":"https:\/\/www.fiscalia.gov.co\/colombia\/derechos-humanos\/fiscalia-pone-en-evidencia-a-mujer-senalada-de-tramitar-visas-de-estudio-a-estados-unidos-con-informacion-falsa\/","name":"Fiscal\u00eda General de la Naci\u00f3n","isPartOf":{"@id":"https:\/\/www.fiscalia.gov.co\/colombia\/#website"},"datePublished":"2025-01-15T15:25:35+00:00","dateModified":"2025-01-15T20:08:13+00:00","description":"P\u00e1gina oficial de la Fiscal\u00eda General de la Naci\u00f3n \u2013 Colombia. Garantizamos el acceso efectivo a la justicia, la verdad y la reparaci\u00f3n de las v\u00edctimas de los delitos.","breadcrumb":{"@id":"https:\/\/www.fiscalia.gov.co\/colombia\/derechos-humanos\/fiscalia-pone-en-evidencia-a-mujer-senalada-de-tramitar-visas-de-estudio-a-estados-unidos-con-informacion-falsa\/#breadcrumb"},"inLanguage":"es-CO","potentialAction":[{"@type":"ReadAction","target":["https:\/\/www.fiscalia.gov.co\/colombia\/derechos-humanos\/fiscalia-pone-en-evidencia-a-mujer-senalada-de-tramitar-visas-de-estudio-a-estados-unidos-con-informacion-falsa\/"]}]},{"@type":"BreadcrumbList","@id":"https:\/\/www.fiscalia.gov.co\/colombia\/derechos-humanos\/fiscalia-pone-en-evidencia-a-mujer-senalada-de-tramitar-visas-de-estudio-a-estados-unidos-con-informacion-falsa\/#breadcrumb","itemListElement":[{"@type":"ListItem","position":1,"name":"Home","item":"https:\/\/www.fiscalia.gov.co\/colombia\/"},{"@type":"ListItem","position":2,"name":"Fiscal\u00eda pone en evidencia a mujer se\u00f1alada de tramitar visas de estudio a Estados Unidos con informaci\u00f3n falsa"}]},{"@type":"WebSite","@id":"https:\/\/www.fiscalia.gov.co\/colombia\/#website","url":"https:\/\/www.fiscalia.gov.co\/colombia\/","name":"Fiscal\u00eda General de la Naci\u00f3n","description":"P\u00e1gina oficial de la Fiscal\u00eda General de la Naci\u00f3n \u2013 Colombia. Garantizamos el acceso efectivo a la justicia, la verdad y la reparaci\u00f3n de las v\u00edctimas de los delitos.","publisher":{"@id":"https:\/\/www.fiscalia.gov.co\/colombia\/#organization"},"potentialAction":[{"@type":"SearchAction","target":{"@type":"EntryPoint","urlTemplate":"https:\/\/www.fiscalia.gov.co\/colombia\/?s={search_term_string}"},"query-input":{"@type":"PropertyValueSpecification","valueRequired":true,"valueName":"search_term_string"}}],"inLanguage":"es-CO"},{"@type":"Organization","@id":"https:\/\/www.fiscalia.gov.co\/colombia\/#organization","name":"Fiscal\u00eda General de la Naci\u00f3n","url":"https:\/\/www.fiscalia.gov.co\/colombia\/","logo":{"@type":"ImageObject","inLanguage":"es-CO","@id":"https:\/\/www.fiscalia.gov.co\/colombia\/#\/schema\/logo\/image\/","url":"https:\/\/www.fiscalia.gov.co\/colombia\/wp-content\/uploads\/LogoHorizontal_1.jpg","contentUrl":"https:\/\/www.fiscalia.gov.co\/colombia\/wp-content\/uploads\/LogoHorizontal_1.jpg","width":300,"height":90,"caption":"Fiscal\u00eda General de la Naci\u00f3n"},"image":{"@id":"https:\/\/www.fiscalia.gov.co\/colombia\/#\/schema\/logo\/image\/"},"sameAs":["https:\/\/www.facebook.com\/FiscaliaCol","https:\/\/x.com\/FiscaliaCol","https:\/\/www.instagram.com\/fiscaliacol","https:\/\/www.linkedin.com\/company\/fiscalia-general-de-la-naci-n\/","https:\/\/youtube.com\/@fiscaliageneraldelanacion-4668?si=6nN79nyQICPU5iTh"]},{"@type":"Person","@id":"https:\/\/www.fiscalia.gov.co\/colombia\/#\/schema\/person\/2e76b9aba5ecf875ed565ce4de0e0415","name":"Katherine Loaiza Mart\u00ednez","image":{"@type":"ImageObject","inLanguage":"es-CO","@id":"https:\/\/www.fiscalia.gov.co\/colombia\/#\/schema\/person\/image\/","url":"https:\/\/secure.gravatar.com\/avatar\/ab775a2f394c1b83b6d6f78680e57b50?s=96&d=mm&r=g","contentUrl":"https:\/\/secure.gravatar.com\/avatar\/ab775a2f394c1b83b6d6f78680e57b50?s=96&d=mm&r=g","caption":"Katherine Loaiza Mart\u00ednez"},"url":"https:\/\/www.fiscalia.gov.co\/colombia\/author\/kloaiza\/"}]}},"_links":{"self":[{"href":"https:\/\/www.fiscalia.gov.co\/colombia\/wp-json\/wp\/v2\/posts\/308535","targetHints":{"allow":["GET"]}}],"collection":[{"href":"https:\/\/www.fiscalia.gov.co\/colombia\/wp-json\/wp\/v2\/posts"}],"about":[{"href":"https:\/\/www.fiscalia.gov.co\/colombia\/wp-json\/wp\/v2\/types\/post"}],"author":[{"embeddable":true,"href":"https:\/\/www.fiscalia.gov.co\/colombia\/wp-json\/wp\/v2\/users\/175"}],"replies":[{"embeddable":true,"href":"https:\/\/www.fiscalia.gov.co\/colombia\/wp-json\/wp\/v2\/comments?post=308535"}],"version-history":[{"count":4,"href":"https:\/\/www.fiscalia.gov.co\/colombia\/wp-json\/wp\/v2\/posts\/308535\/revisions"}],"predecessor-version":[{"id":308542,"href":"https:\/\/www.fiscalia.gov.co\/colombia\/wp-json\/wp\/v2\/posts\/308535\/revisions\/308542"}],"wp:attachment":[{"href":"https:\/\/www.fiscalia.gov.co\/colombia\/wp-json\/wp\/v2\/media?parent=308535"}],"wp:term":[{"taxonomy":"category","embeddable":true,"href":"https:\/\/www.fiscalia.gov.co\/colombia\/wp-json\/wp\/v2\/categories?post=308535"},{"taxonomy":"post_tag","embeddable":true,"href":"https:\/\/www.fiscalia.gov.co\/colombia\/wp-json\/wp\/v2\/tags?post=308535"}],"curies":[{"name":"wp","href":"https:\/\/api.w.org\/{rel}","templated":true}]}}