{"id":308429,"date":"2025-01-11T08:33:51","date_gmt":"2025-01-11T13:33:51","guid":{"rendered":"https:\/\/www.fiscalia.gov.co\/colombia\/?p=308429"},"modified":"2025-01-11T08:33:51","modified_gmt":"2025-01-11T13:33:51","slug":"judicializado-presunto-integrante-de-un-grupo-delincuencial-responsable-de-enganar-personas-interesadas-en-comprar-bienes-en-tolima","status":"publish","type":"post","link":"https:\/\/www.fiscalia.gov.co\/colombia\/noticias\/judicializado-presunto-integrante-de-un-grupo-delincuencial-responsable-de-enganar-personas-interesadas-en-comprar-bienes-en-tolima\/","title":{"rendered":"Judicializado presunto integrante de un grupo delincuencial responsable de enga\u00f1ar personas interesadas en comprar bienes en Tolima"},"content":{"rendered":"<ul>\n<li>\n<h4><em>A esta estructura se le atribuyen, al menos, tres hechos delictivos registrados entre febrero y mayo de 2024. <\/em><\/h4>\n<\/li>\n<li>\n<h4><em>Coordinaban reuniones con las v\u00edctimas en fincas de zona rural del departamento, con el pretexto de cerrar los negocios de compra y venta de inmuebles, d\u00f3lares y oro, para luego hurtarlos. <\/em><\/h4>\n<\/li>\n<\/ul>\n<p>Una acci\u00f3n liderada por la <strong>Fiscal\u00eda General de la Naci\u00f3n<\/strong> puso al descubierto la existencia de una red criminal se\u00f1alada de captar ciudadanos interesados en comprar d\u00f3lares, oro e inmuebles en el <strong>Tolima.<\/strong><\/p>\n<figure id=\"attachment_308430\" aria-describedby=\"caption-attachment-308430\" style=\"width: 696px\" class=\"wp-caption aligncenter\"><img loading=\"lazy\" decoding=\"async\" class=\"wp-image-308430 size-large\" src=\"https:\/\/www.fiscalia.gov.co\/colombia\/wp-content\/uploads\/WhatsApp-Image-2025-01-10-at-7.27.18-PM-1024x576.jpeg\" alt=\"En la imagen  se ve a un hombre capturado, identificado como John Gabriel Amariles Mateus, quien ser\u00eda integrante de un grupo delincuencial responsable de enga\u00f1ar personas interesadas en comprar bienes en Tolima.\" width=\"696\" height=\"392\" srcset=\"https:\/\/www.fiscalia.gov.co\/colombia\/wp-content\/uploads\/WhatsApp-Image-2025-01-10-at-7.27.18-PM-1024x576.jpeg 1024w, https:\/\/www.fiscalia.gov.co\/colombia\/wp-content\/uploads\/WhatsApp-Image-2025-01-10-at-7.27.18-PM-300x169.jpeg 300w, https:\/\/www.fiscalia.gov.co\/colombia\/wp-content\/uploads\/WhatsApp-Image-2025-01-10-at-7.27.18-PM-768x432.jpeg 768w, https:\/\/www.fiscalia.gov.co\/colombia\/wp-content\/uploads\/WhatsApp-Image-2025-01-10-at-7.27.18-PM-747x420.jpeg 747w, https:\/\/www.fiscalia.gov.co\/colombia\/wp-content\/uploads\/WhatsApp-Image-2025-01-10-at-7.27.18-PM-696x392.jpeg 696w, https:\/\/www.fiscalia.gov.co\/colombia\/wp-content\/uploads\/WhatsApp-Image-2025-01-10-at-7.27.18-PM-1068x601.jpeg 1068w, https:\/\/www.fiscalia.gov.co\/colombia\/wp-content\/uploads\/WhatsApp-Image-2025-01-10-at-7.27.18-PM.jpeg 1280w\" sizes=\"auto, (max-width: 696px) 100vw, 696px\" \/><figcaption id=\"caption-attachment-308430\" class=\"wp-caption-text\">John Gabriel Amariles Mateus fue judicializado por, al parecer, integrar un grupo delincuencial responsable de enga\u00f1ar personas interesadas en comprar bienes en Tolima.<\/figcaption><\/figure>\n<p>Uno de los integrantes de esta organizaci\u00f3n delincuencial ser\u00eda John Gabriel Amariles Mateus a quien un fiscal de la <strong>Estructura de Apoyo (EDA)<\/strong> lo imput\u00f3 como presunto responsable de los delitos de concierto para delinquir; fabricaci\u00f3n, tr\u00e1fico o porte ilegal de armas de fuego o municiones; secuestro simple; hurto calificado y agravado; y actos sexuales violentos. Cargos que no acept\u00f3.<\/p>\n<p>El material probatorio recopilado por el <strong>Cuerpo T\u00e9cnico de Investigaci\u00f3n (CTI)<\/strong> evidenci\u00f3 que el grupo delincuencial coordinaba las reuniones con las v\u00edctimas, con la falsa promesa de conocer los bienes de su inter\u00e9s o concretar otras ventas.<\/p>\n<p>Los encuentros eran pactados en zonas rurales de <strong>Melgar<\/strong>, donde eran retenidas por hombres armados, quienes los encerraban en inmuebles, los amordazaban y despojaban de sus objetos de valor.<\/p>\n<p>Al menos tres acciones ilegales atribuidas a esta red ilegal ocurrieron entre febrero y mayo de 2024.<\/p>\n<p><strong>Uno de los hechos se registr\u00f3 el 20 de marzo de 2024<\/strong> cuando tres de las v\u00edctimas acudieron a una finca. All\u00ed habr\u00edan sido abordadas e intimidadas con armas de fuego para hurtarles sus pertenencias, y 50 millones de pesos en efectivo con los que pretend\u00edan concretar la compra de un inmueble. Durante la retenci\u00f3n, una mujer, al parecer, fue sometida a tocamientos de \u00edndole sexual por Amariles Mateus.<\/p>\n<p><strong>En los otros dos casos, ocurridos el 26 de febrero y el 20 de mayo<\/strong>, respectivamente, los afectados fueron citados en el mencionado municipio, y luego los llevaron a un predio rural donde los encerraron en habitaciones y despojaron de sus pertenencias.<\/p>\n<p>Servidores del <strong>CTI<\/strong>, en coordinaci\u00f3n con la <strong>Polic\u00eda Nacional<\/strong>, fueron los encargados de capturar al investigado en la <strong>localidad de Usaqu\u00e9n, al norte de Bogot\u00e1<\/strong>. Por petici\u00f3n de la <strong>Fiscal\u00eda<\/strong>, una <strong>juez de control de garant\u00edas<\/strong> impuso medida de aseguramiento en establecimiento carcelario a John Gabriel Amariles Mateus.<\/p>\n<p>La Fiscal\u00eda busca determinar si existen m\u00e1s v\u00edctimas de las acciones il\u00edcitas atribuidas a esta organizaci\u00f3n delincuencial.<\/p>\n<p>&nbsp;<\/p>\n<p>AMCJ\/MAGA\/FRR\/CAA\/DST\/<\/p>\n<p>&nbsp;<\/p>\n<p><em>La informaci\u00f3n contenida en este bolet\u00edn de prensa corresponde a la narraci\u00f3n de los hechos noticiosos objetivos, suministrados por los funcionarios encargados de adelantar las investigaciones penales al interior de la Fiscal\u00eda General de la Naci\u00f3n. Para el momento de la divulgaci\u00f3n de este comunicado, la situaci\u00f3n jur\u00eddica de la(s) persona(s) relacionada(s) se encuentra pendiente de resolver por la autoridad judicial competente, siempre bajo los preceptos de la presunci\u00f3n de inocencia, consagrados en el art\u00edculo 29 de la Constituci\u00f3n Pol\u00edtica y el art\u00edculo 7\u00ba de la Ley 906 de 2004.<\/em><\/p>\n\n<div class=\"twitter-share\"><a href=\"https:\/\/twitter.com\/intent\/tweet?via=fiscaliacol\" class=\"twitter-share-button\">Tweet<\/a><\/div>\n","protected":false},"excerpt":{"rendered":"<p>A esta estructura se le atribuyen, al menos, tres hechos delictivos registrados entre febrero y mayo de 2024. Coordinaban reuniones con las v\u00edctimas en fincas de zona rural del departamento, con el pretexto de cerrar los negocios de compra y venta de inmuebles, d\u00f3lares y oro, para luego hurtarlos. Una acci\u00f3n liderada por la Fiscal\u00eda [&hellip;]<\/p>\n","protected":false},"author":182,"featured_media":0,"comment_status":"closed","ping_status":"open","sticky":false,"template":"","format":"standard","meta":{"_price":"","_stock":"","_tribe_ticket_header":"","_tribe_default_ticket_provider":"","_tribe_ticket_capacity":"0","_ticket_start_date":"","_ticket_end_date":"","_tribe_ticket_show_description":"","_tribe_ticket_show_not_going":false,"_tribe_ticket_use_global_stock":"","_tribe_ticket_global_stock_level":"","_global_stock_mode":"","_global_stock_cap":"","_tribe_rsvp_for_event":"","_tribe_ticket_going_count":"","_tribe_ticket_not_going_count":"","_tribe_tickets_list":"[]","_tribe_ticket_has_attendee_info_fields":false,"tdm_status":"","tdm_grid_status":"","footnotes":""},"categories":[1],"tags":[14643,83,12596,24417,28163,4140,12184,37492,1047,733,2408,39805,28197,39806,1185,5699,9471,933,2164,916],"class_list":{"0":"post-308429","1":"post","2":"type-post","3":"status-publish","4":"format-standard","6":"category-noticias","7":"tag-actos-sexuales-violentos","8":"tag-concierto-para-delinquir","9":"tag-cuerpo-tecnico-de-investigacion-cti","10":"tag-establecimiento-carcelario","11":"tag-estructura-de-apoyo-eda","12":"tag-fabricacion","13":"tag-fiscal","14":"tag-fiscal-luz-adriana-camargo","15":"tag-fiscalia-general-de-la-nacion","16":"tag-hurto-agravado","17":"tag-hurto-calificado","18":"tag-hurto-en-tolima","19":"tag-juez-de-control-de-garantias","20":"tag-material-probatorio","21":"tag-medida-de-aseguramiento","22":"tag-municiones","23":"tag-organizacion-delincuencial","24":"tag-porte-ilegal-de-armas","25":"tag-secuestro-simple","26":"tag-trafico"},"yoast_head":"<!-- This site is optimized with the Yoast SEO plugin v24.3 - https:\/\/yoast.com\/wordpress\/plugins\/seo\/ -->\n<title>Fiscal\u00eda General de la Naci\u00f3n<\/title>\n<meta name=\"description\" content=\"P\u00e1gina oficial de la Fiscal\u00eda General de la Naci\u00f3n \u2013 Colombia. Garantizamos el acceso efectivo a la justicia, la verdad y la reparaci\u00f3n de las v\u00edctimas de los delitos.\" \/>\n<meta name=\"robots\" content=\"noindex, follow\" \/>\n<meta property=\"og:locale\" content=\"es_ES\" \/>\n<meta property=\"og:type\" content=\"article\" \/>\n<meta property=\"og:title\" content=\"Fiscal\u00eda General de la Naci\u00f3n\" \/>\n<meta property=\"og:description\" content=\"P\u00e1gina oficial de la Fiscal\u00eda General de la Naci\u00f3n \u2013 Colombia. Garantizamos el acceso efectivo a la justicia, la verdad y la reparaci\u00f3n de las v\u00edctimas de los delitos.\" \/>\n<meta property=\"og:url\" content=\"https:\/\/www.fiscalia.gov.co\/colombia\/noticias\/judicializado-presunto-integrante-de-un-grupo-delincuencial-responsable-de-enganar-personas-interesadas-en-comprar-bienes-en-tolima\/\" \/>\n<meta property=\"og:site_name\" content=\"Fiscal\u00eda General de la Naci\u00f3n\" \/>\n<meta property=\"article:publisher\" content=\"https:\/\/www.facebook.com\/FiscaliaCol\" \/>\n<meta property=\"article:published_time\" content=\"2025-01-11T13:33:51+00:00\" \/>\n<meta property=\"og:image\" content=\"https:\/\/www.fiscalia.gov.co\/colombia\/wp-content\/uploads\/WhatsApp-Image-2025-01-10-at-7.27.18-PM.jpeg\" \/>\n\t<meta property=\"og:image:width\" content=\"1280\" \/>\n\t<meta property=\"og:image:height\" content=\"720\" \/>\n\t<meta property=\"og:image:type\" content=\"image\/jpeg\" \/>\n<meta name=\"author\" content=\"Paula Andrea Castillo Lenis\" \/>\n<meta name=\"twitter:card\" content=\"summary_large_image\" \/>\n<meta name=\"twitter:creator\" content=\"@FiscaliaCol\" \/>\n<meta name=\"twitter:site\" content=\"@FiscaliaCol\" \/>\n<meta name=\"twitter:label1\" content=\"Escrito por\" \/>\n\t<meta name=\"twitter:data1\" content=\"Paula Andrea Castillo Lenis\" \/>\n\t<meta name=\"twitter:label2\" content=\"Tiempo de lectura\" \/>\n\t<meta name=\"twitter:data2\" content=\"3 minutos\" \/>\n<script type=\"application\/ld+json\" class=\"yoast-schema-graph\">{\"@context\":\"https:\/\/schema.org\",\"@graph\":[{\"@type\":\"Article\",\"@id\":\"https:\/\/www.fiscalia.gov.co\/colombia\/noticias\/judicializado-presunto-integrante-de-un-grupo-delincuencial-responsable-de-enganar-personas-interesadas-en-comprar-bienes-en-tolima\/#article\",\"isPartOf\":{\"@id\":\"https:\/\/www.fiscalia.gov.co\/colombia\/noticias\/judicializado-presunto-integrante-de-un-grupo-delincuencial-responsable-de-enganar-personas-interesadas-en-comprar-bienes-en-tolima\/\"},\"author\":{\"name\":\"Paula Andrea Castillo Lenis\",\"@id\":\"https:\/\/www.fiscalia.gov.co\/colombia\/#\/schema\/person\/66c172905e0492f1de6bbe5f93c4668f\"},\"headline\":\"Judicializado presunto integrante de un grupo delincuencial responsable de enga\u00f1ar personas interesadas en comprar bienes en Tolima\",\"datePublished\":\"2025-01-11T13:33:51+00:00\",\"dateModified\":\"2025-01-11T13:33:51+00:00\",\"mainEntityOfPage\":{\"@id\":\"https:\/\/www.fiscalia.gov.co\/colombia\/noticias\/judicializado-presunto-integrante-de-un-grupo-delincuencial-responsable-de-enganar-personas-interesadas-en-comprar-bienes-en-tolima\/\"},\"wordCount\":582,\"publisher\":{\"@id\":\"https:\/\/www.fiscalia.gov.co\/colombia\/#organization\"},\"image\":{\"@id\":\"https:\/\/www.fiscalia.gov.co\/colombia\/noticias\/judicializado-presunto-integrante-de-un-grupo-delincuencial-responsable-de-enganar-personas-interesadas-en-comprar-bienes-en-tolima\/#primaryimage\"},\"thumbnailUrl\":\"https:\/\/www.fiscalia.gov.co\/colombia\/wp-content\/uploads\/WhatsApp-Image-2025-01-10-at-7.27.18-PM-1024x576.jpeg\",\"keywords\":[\"Actos sexuales violentos\",\"Concierto para delinquir\",\"Cuerpo T\u00e9cnico de Investigaci\u00f3n (CTI)\",\"establecimiento carcelario\",\"Estructura de Apoyo (EDA).\",\"Fabricaci\u00f3n\",\"Fiscal\",\"Fiscal Luz Adriana Camargo\",\"Fiscal\u00eda General de la Naci\u00f3n\",\"Hurto agravado\",\"Hurto calificado\",\"Hurto en Tolima\",\"juez de control de garant\u00edas\",\"material probatorio\",\"Medida de aseguramiento\",\"Municiones\",\"Organizaci\u00f3n delincuencial\",\"Porte ilegal de armas\",\"Secuestro simple\",\"Tr\u00e1fico\"],\"articleSection\":[\"Noticias\"],\"inLanguage\":\"es-CO\"},{\"@type\":\"WebPage\",\"@id\":\"https:\/\/www.fiscalia.gov.co\/colombia\/noticias\/judicializado-presunto-integrante-de-un-grupo-delincuencial-responsable-de-enganar-personas-interesadas-en-comprar-bienes-en-tolima\/\",\"url\":\"https:\/\/www.fiscalia.gov.co\/colombia\/noticias\/judicializado-presunto-integrante-de-un-grupo-delincuencial-responsable-de-enganar-personas-interesadas-en-comprar-bienes-en-tolima\/\",\"name\":\"Fiscal\u00eda General de la Naci\u00f3n\",\"isPartOf\":{\"@id\":\"https:\/\/www.fiscalia.gov.co\/colombia\/#website\"},\"primaryImageOfPage\":{\"@id\":\"https:\/\/www.fiscalia.gov.co\/colombia\/noticias\/judicializado-presunto-integrante-de-un-grupo-delincuencial-responsable-de-enganar-personas-interesadas-en-comprar-bienes-en-tolima\/#primaryimage\"},\"image\":{\"@id\":\"https:\/\/www.fiscalia.gov.co\/colombia\/noticias\/judicializado-presunto-integrante-de-un-grupo-delincuencial-responsable-de-enganar-personas-interesadas-en-comprar-bienes-en-tolima\/#primaryimage\"},\"thumbnailUrl\":\"https:\/\/www.fiscalia.gov.co\/colombia\/wp-content\/uploads\/WhatsApp-Image-2025-01-10-at-7.27.18-PM-1024x576.jpeg\",\"datePublished\":\"2025-01-11T13:33:51+00:00\",\"dateModified\":\"2025-01-11T13:33:51+00:00\",\"description\":\"P\u00e1gina oficial de la Fiscal\u00eda General de la Naci\u00f3n \u2013 Colombia. Garantizamos el acceso efectivo a la justicia, la verdad y la reparaci\u00f3n de las v\u00edctimas de los delitos.\",\"breadcrumb\":{\"@id\":\"https:\/\/www.fiscalia.gov.co\/colombia\/noticias\/judicializado-presunto-integrante-de-un-grupo-delincuencial-responsable-de-enganar-personas-interesadas-en-comprar-bienes-en-tolima\/#breadcrumb\"},\"inLanguage\":\"es-CO\",\"potentialAction\":[{\"@type\":\"ReadAction\",\"target\":[\"https:\/\/www.fiscalia.gov.co\/colombia\/noticias\/judicializado-presunto-integrante-de-un-grupo-delincuencial-responsable-de-enganar-personas-interesadas-en-comprar-bienes-en-tolima\/\"]}]},{\"@type\":\"ImageObject\",\"inLanguage\":\"es-CO\",\"@id\":\"https:\/\/www.fiscalia.gov.co\/colombia\/noticias\/judicializado-presunto-integrante-de-un-grupo-delincuencial-responsable-de-enganar-personas-interesadas-en-comprar-bienes-en-tolima\/#primaryimage\",\"url\":\"https:\/\/www.fiscalia.gov.co\/colombia\/wp-content\/uploads\/WhatsApp-Image-2025-01-10-at-7.27.18-PM.jpeg\",\"contentUrl\":\"https:\/\/www.fiscalia.gov.co\/colombia\/wp-content\/uploads\/WhatsApp-Image-2025-01-10-at-7.27.18-PM.jpeg\",\"width\":1280,\"height\":720,\"caption\":\"John Gabriel Amariles Mateus fue judicializado por, al parecer, integrar un grupo delincuencial responsable de enga\u00f1ar personas interesadas en comprar bienes en Tolima.\"},{\"@type\":\"BreadcrumbList\",\"@id\":\"https:\/\/www.fiscalia.gov.co\/colombia\/noticias\/judicializado-presunto-integrante-de-un-grupo-delincuencial-responsable-de-enganar-personas-interesadas-en-comprar-bienes-en-tolima\/#breadcrumb\",\"itemListElement\":[{\"@type\":\"ListItem\",\"position\":1,\"name\":\"Home\",\"item\":\"https:\/\/www.fiscalia.gov.co\/colombia\/\"},{\"@type\":\"ListItem\",\"position\":2,\"name\":\"Judicializado presunto integrante de un grupo delincuencial responsable de enga\u00f1ar personas interesadas en comprar bienes en Tolima\"}]},{\"@type\":\"WebSite\",\"@id\":\"https:\/\/www.fiscalia.gov.co\/colombia\/#website\",\"url\":\"https:\/\/www.fiscalia.gov.co\/colombia\/\",\"name\":\"Fiscal\u00eda General de la Naci\u00f3n\",\"description\":\"P\u00e1gina oficial de la Fiscal\u00eda General de la Naci\u00f3n \u2013 Colombia. Garantizamos el acceso efectivo a la justicia, la verdad y la reparaci\u00f3n de las v\u00edctimas de los delitos.\",\"publisher\":{\"@id\":\"https:\/\/www.fiscalia.gov.co\/colombia\/#organization\"},\"potentialAction\":[{\"@type\":\"SearchAction\",\"target\":{\"@type\":\"EntryPoint\",\"urlTemplate\":\"https:\/\/www.fiscalia.gov.co\/colombia\/?s={search_term_string}\"},\"query-input\":{\"@type\":\"PropertyValueSpecification\",\"valueRequired\":true,\"valueName\":\"search_term_string\"}}],\"inLanguage\":\"es-CO\"},{\"@type\":\"Organization\",\"@id\":\"https:\/\/www.fiscalia.gov.co\/colombia\/#organization\",\"name\":\"Fiscal\u00eda General de la Naci\u00f3n\",\"url\":\"https:\/\/www.fiscalia.gov.co\/colombia\/\",\"logo\":{\"@type\":\"ImageObject\",\"inLanguage\":\"es-CO\",\"@id\":\"https:\/\/www.fiscalia.gov.co\/colombia\/#\/schema\/logo\/image\/\",\"url\":\"https:\/\/www.fiscalia.gov.co\/colombia\/wp-content\/uploads\/LogoHorizontal_1.jpg\",\"contentUrl\":\"https:\/\/www.fiscalia.gov.co\/colombia\/wp-content\/uploads\/LogoHorizontal_1.jpg\",\"width\":300,\"height\":90,\"caption\":\"Fiscal\u00eda General de la Naci\u00f3n\"},\"image\":{\"@id\":\"https:\/\/www.fiscalia.gov.co\/colombia\/#\/schema\/logo\/image\/\"},\"sameAs\":[\"https:\/\/www.facebook.com\/FiscaliaCol\",\"https:\/\/x.com\/FiscaliaCol\",\"https:\/\/www.instagram.com\/fiscaliacol\",\"https:\/\/www.linkedin.com\/company\/fiscalia-general-de-la-naci-n\/\",\"https:\/\/youtube.com\/@fiscaliageneraldelanacion-4668?si=6nN79nyQICPU5iTh\"]},{\"@type\":\"Person\",\"@id\":\"https:\/\/www.fiscalia.gov.co\/colombia\/#\/schema\/person\/66c172905e0492f1de6bbe5f93c4668f\",\"name\":\"Paula Andrea Castillo Lenis\",\"image\":{\"@type\":\"ImageObject\",\"inLanguage\":\"es-CO\",\"@id\":\"https:\/\/www.fiscalia.gov.co\/colombia\/#\/schema\/person\/image\/\",\"url\":\"https:\/\/secure.gravatar.com\/avatar\/cb060d9561f2947c4102d1825739f868?s=96&d=mm&r=g\",\"contentUrl\":\"https:\/\/secure.gravatar.com\/avatar\/cb060d9561f2947c4102d1825739f868?s=96&d=mm&r=g\",\"caption\":\"Paula Andrea Castillo Lenis\"},\"url\":\"https:\/\/www.fiscalia.gov.co\/colombia\/author\/paula-castillo\/\"}]}<\/script>\n<!-- \/ Yoast SEO plugin. -->","yoast_head_json":{"title":"Fiscal\u00eda General de la Naci\u00f3n","description":"P\u00e1gina oficial de la Fiscal\u00eda General de la Naci\u00f3n \u2013 Colombia. Garantizamos el acceso efectivo a la justicia, la verdad y la reparaci\u00f3n de las v\u00edctimas de los delitos.","robots":{"index":"noindex","follow":"follow"},"og_locale":"es_ES","og_type":"article","og_title":"Fiscal\u00eda General de la Naci\u00f3n","og_description":"P\u00e1gina oficial de la Fiscal\u00eda General de la Naci\u00f3n \u2013 Colombia. Garantizamos el acceso efectivo a la justicia, la verdad y la reparaci\u00f3n de las v\u00edctimas de los delitos.","og_url":"https:\/\/www.fiscalia.gov.co\/colombia\/noticias\/judicializado-presunto-integrante-de-un-grupo-delincuencial-responsable-de-enganar-personas-interesadas-en-comprar-bienes-en-tolima\/","og_site_name":"Fiscal\u00eda General de la Naci\u00f3n","article_publisher":"https:\/\/www.facebook.com\/FiscaliaCol","article_published_time":"2025-01-11T13:33:51+00:00","og_image":[{"width":1280,"height":720,"url":"https:\/\/www.fiscalia.gov.co\/colombia\/wp-content\/uploads\/WhatsApp-Image-2025-01-10-at-7.27.18-PM.jpeg","type":"image\/jpeg"}],"author":"Paula Andrea Castillo Lenis","twitter_card":"summary_large_image","twitter_creator":"@FiscaliaCol","twitter_site":"@FiscaliaCol","twitter_misc":{"Escrito por":"Paula Andrea Castillo Lenis","Tiempo de lectura":"3 minutos"},"schema":{"@context":"https:\/\/schema.org","@graph":[{"@type":"Article","@id":"https:\/\/www.fiscalia.gov.co\/colombia\/noticias\/judicializado-presunto-integrante-de-un-grupo-delincuencial-responsable-de-enganar-personas-interesadas-en-comprar-bienes-en-tolima\/#article","isPartOf":{"@id":"https:\/\/www.fiscalia.gov.co\/colombia\/noticias\/judicializado-presunto-integrante-de-un-grupo-delincuencial-responsable-de-enganar-personas-interesadas-en-comprar-bienes-en-tolima\/"},"author":{"name":"Paula Andrea Castillo Lenis","@id":"https:\/\/www.fiscalia.gov.co\/colombia\/#\/schema\/person\/66c172905e0492f1de6bbe5f93c4668f"},"headline":"Judicializado presunto integrante de un grupo delincuencial responsable de enga\u00f1ar personas interesadas en comprar bienes en Tolima","datePublished":"2025-01-11T13:33:51+00:00","dateModified":"2025-01-11T13:33:51+00:00","mainEntityOfPage":{"@id":"https:\/\/www.fiscalia.gov.co\/colombia\/noticias\/judicializado-presunto-integrante-de-un-grupo-delincuencial-responsable-de-enganar-personas-interesadas-en-comprar-bienes-en-tolima\/"},"wordCount":582,"publisher":{"@id":"https:\/\/www.fiscalia.gov.co\/colombia\/#organization"},"image":{"@id":"https:\/\/www.fiscalia.gov.co\/colombia\/noticias\/judicializado-presunto-integrante-de-un-grupo-delincuencial-responsable-de-enganar-personas-interesadas-en-comprar-bienes-en-tolima\/#primaryimage"},"thumbnailUrl":"https:\/\/www.fiscalia.gov.co\/colombia\/wp-content\/uploads\/WhatsApp-Image-2025-01-10-at-7.27.18-PM-1024x576.jpeg","keywords":["Actos sexuales violentos","Concierto para delinquir","Cuerpo T\u00e9cnico de Investigaci\u00f3n (CTI)","establecimiento carcelario","Estructura de Apoyo (EDA).","Fabricaci\u00f3n","Fiscal","Fiscal Luz Adriana Camargo","Fiscal\u00eda General de la Naci\u00f3n","Hurto agravado","Hurto calificado","Hurto en Tolima","juez de control de garant\u00edas","material probatorio","Medida de aseguramiento","Municiones","Organizaci\u00f3n delincuencial","Porte ilegal de armas","Secuestro simple","Tr\u00e1fico"],"articleSection":["Noticias"],"inLanguage":"es-CO"},{"@type":"WebPage","@id":"https:\/\/www.fiscalia.gov.co\/colombia\/noticias\/judicializado-presunto-integrante-de-un-grupo-delincuencial-responsable-de-enganar-personas-interesadas-en-comprar-bienes-en-tolima\/","url":"https:\/\/www.fiscalia.gov.co\/colombia\/noticias\/judicializado-presunto-integrante-de-un-grupo-delincuencial-responsable-de-enganar-personas-interesadas-en-comprar-bienes-en-tolima\/","name":"Fiscal\u00eda General de la Naci\u00f3n","isPartOf":{"@id":"https:\/\/www.fiscalia.gov.co\/colombia\/#website"},"primaryImageOfPage":{"@id":"https:\/\/www.fiscalia.gov.co\/colombia\/noticias\/judicializado-presunto-integrante-de-un-grupo-delincuencial-responsable-de-enganar-personas-interesadas-en-comprar-bienes-en-tolima\/#primaryimage"},"image":{"@id":"https:\/\/www.fiscalia.gov.co\/colombia\/noticias\/judicializado-presunto-integrante-de-un-grupo-delincuencial-responsable-de-enganar-personas-interesadas-en-comprar-bienes-en-tolima\/#primaryimage"},"thumbnailUrl":"https:\/\/www.fiscalia.gov.co\/colombia\/wp-content\/uploads\/WhatsApp-Image-2025-01-10-at-7.27.18-PM-1024x576.jpeg","datePublished":"2025-01-11T13:33:51+00:00","dateModified":"2025-01-11T13:33:51+00:00","description":"P\u00e1gina oficial de la Fiscal\u00eda General de la Naci\u00f3n \u2013 Colombia. Garantizamos el acceso efectivo a la justicia, la verdad y la reparaci\u00f3n de las v\u00edctimas de los delitos.","breadcrumb":{"@id":"https:\/\/www.fiscalia.gov.co\/colombia\/noticias\/judicializado-presunto-integrante-de-un-grupo-delincuencial-responsable-de-enganar-personas-interesadas-en-comprar-bienes-en-tolima\/#breadcrumb"},"inLanguage":"es-CO","potentialAction":[{"@type":"ReadAction","target":["https:\/\/www.fiscalia.gov.co\/colombia\/noticias\/judicializado-presunto-integrante-de-un-grupo-delincuencial-responsable-de-enganar-personas-interesadas-en-comprar-bienes-en-tolima\/"]}]},{"@type":"ImageObject","inLanguage":"es-CO","@id":"https:\/\/www.fiscalia.gov.co\/colombia\/noticias\/judicializado-presunto-integrante-de-un-grupo-delincuencial-responsable-de-enganar-personas-interesadas-en-comprar-bienes-en-tolima\/#primaryimage","url":"https:\/\/www.fiscalia.gov.co\/colombia\/wp-content\/uploads\/WhatsApp-Image-2025-01-10-at-7.27.18-PM.jpeg","contentUrl":"https:\/\/www.fiscalia.gov.co\/colombia\/wp-content\/uploads\/WhatsApp-Image-2025-01-10-at-7.27.18-PM.jpeg","width":1280,"height":720,"caption":"John Gabriel Amariles Mateus fue judicializado por, al parecer, integrar un grupo delincuencial responsable de enga\u00f1ar personas interesadas en comprar bienes en Tolima."},{"@type":"BreadcrumbList","@id":"https:\/\/www.fiscalia.gov.co\/colombia\/noticias\/judicializado-presunto-integrante-de-un-grupo-delincuencial-responsable-de-enganar-personas-interesadas-en-comprar-bienes-en-tolima\/#breadcrumb","itemListElement":[{"@type":"ListItem","position":1,"name":"Home","item":"https:\/\/www.fiscalia.gov.co\/colombia\/"},{"@type":"ListItem","position":2,"name":"Judicializado presunto integrante de un grupo delincuencial responsable de enga\u00f1ar personas interesadas en comprar bienes en Tolima"}]},{"@type":"WebSite","@id":"https:\/\/www.fiscalia.gov.co\/colombia\/#website","url":"https:\/\/www.fiscalia.gov.co\/colombia\/","name":"Fiscal\u00eda General de la Naci\u00f3n","description":"P\u00e1gina oficial de la Fiscal\u00eda General de la Naci\u00f3n \u2013 Colombia. Garantizamos el acceso efectivo a la justicia, la verdad y la reparaci\u00f3n de las v\u00edctimas de los delitos.","publisher":{"@id":"https:\/\/www.fiscalia.gov.co\/colombia\/#organization"},"potentialAction":[{"@type":"SearchAction","target":{"@type":"EntryPoint","urlTemplate":"https:\/\/www.fiscalia.gov.co\/colombia\/?s={search_term_string}"},"query-input":{"@type":"PropertyValueSpecification","valueRequired":true,"valueName":"search_term_string"}}],"inLanguage":"es-CO"},{"@type":"Organization","@id":"https:\/\/www.fiscalia.gov.co\/colombia\/#organization","name":"Fiscal\u00eda General de la Naci\u00f3n","url":"https:\/\/www.fiscalia.gov.co\/colombia\/","logo":{"@type":"ImageObject","inLanguage":"es-CO","@id":"https:\/\/www.fiscalia.gov.co\/colombia\/#\/schema\/logo\/image\/","url":"https:\/\/www.fiscalia.gov.co\/colombia\/wp-content\/uploads\/LogoHorizontal_1.jpg","contentUrl":"https:\/\/www.fiscalia.gov.co\/colombia\/wp-content\/uploads\/LogoHorizontal_1.jpg","width":300,"height":90,"caption":"Fiscal\u00eda General de la Naci\u00f3n"},"image":{"@id":"https:\/\/www.fiscalia.gov.co\/colombia\/#\/schema\/logo\/image\/"},"sameAs":["https:\/\/www.facebook.com\/FiscaliaCol","https:\/\/x.com\/FiscaliaCol","https:\/\/www.instagram.com\/fiscaliacol","https:\/\/www.linkedin.com\/company\/fiscalia-general-de-la-naci-n\/","https:\/\/youtube.com\/@fiscaliageneraldelanacion-4668?si=6nN79nyQICPU5iTh"]},{"@type":"Person","@id":"https:\/\/www.fiscalia.gov.co\/colombia\/#\/schema\/person\/66c172905e0492f1de6bbe5f93c4668f","name":"Paula Andrea Castillo Lenis","image":{"@type":"ImageObject","inLanguage":"es-CO","@id":"https:\/\/www.fiscalia.gov.co\/colombia\/#\/schema\/person\/image\/","url":"https:\/\/secure.gravatar.com\/avatar\/cb060d9561f2947c4102d1825739f868?s=96&d=mm&r=g","contentUrl":"https:\/\/secure.gravatar.com\/avatar\/cb060d9561f2947c4102d1825739f868?s=96&d=mm&r=g","caption":"Paula Andrea Castillo Lenis"},"url":"https:\/\/www.fiscalia.gov.co\/colombia\/author\/paula-castillo\/"}]}},"_links":{"self":[{"href":"https:\/\/www.fiscalia.gov.co\/colombia\/wp-json\/wp\/v2\/posts\/308429","targetHints":{"allow":["GET"]}}],"collection":[{"href":"https:\/\/www.fiscalia.gov.co\/colombia\/wp-json\/wp\/v2\/posts"}],"about":[{"href":"https:\/\/www.fiscalia.gov.co\/colombia\/wp-json\/wp\/v2\/types\/post"}],"author":[{"embeddable":true,"href":"https:\/\/www.fiscalia.gov.co\/colombia\/wp-json\/wp\/v2\/users\/182"}],"replies":[{"embeddable":true,"href":"https:\/\/www.fiscalia.gov.co\/colombia\/wp-json\/wp\/v2\/comments?post=308429"}],"version-history":[{"count":1,"href":"https:\/\/www.fiscalia.gov.co\/colombia\/wp-json\/wp\/v2\/posts\/308429\/revisions"}],"predecessor-version":[{"id":308431,"href":"https:\/\/www.fiscalia.gov.co\/colombia\/wp-json\/wp\/v2\/posts\/308429\/revisions\/308431"}],"wp:attachment":[{"href":"https:\/\/www.fiscalia.gov.co\/colombia\/wp-json\/wp\/v2\/media?parent=308429"}],"wp:term":[{"taxonomy":"category","embeddable":true,"href":"https:\/\/www.fiscalia.gov.co\/colombia\/wp-json\/wp\/v2\/categories?post=308429"},{"taxonomy":"post_tag","embeddable":true,"href":"https:\/\/www.fiscalia.gov.co\/colombia\/wp-json\/wp\/v2\/tags?post=308429"}],"curies":[{"name":"wp","href":"https:\/\/api.w.org\/{rel}","templated":true}]}}