{"id":308268,"date":"2025-01-07T08:18:49","date_gmt":"2025-01-07T13:18:49","guid":{"rendered":"https:\/\/www.fiscalia.gov.co\/colombia\/?p=308268"},"modified":"2025-01-07T08:23:28","modified_gmt":"2025-01-07T13:23:28","slug":"en-cordoba-judicializados-presuntos-responsables-de-hurtos-por-medios-informaticos","status":"publish","type":"post","link":"https:\/\/www.fiscalia.gov.co\/colombia\/noticias\/en-cordoba-judicializados-presuntos-responsables-de-hurtos-por-medios-informaticos\/","title":{"rendered":"En C\u00f3rdoba, judicializados presuntos responsables de hurtos por medios inform\u00e1ticos"},"content":{"rendered":"<blockquote>\n<h4 style=\"text-align: left;\"><strong><em>Los capturados integrar\u00edan el grupo delincuencial denominado Los Ilusionistas.<\/em><\/strong><\/h4>\n<\/blockquote>\n<p><em>\u00a0<\/em><\/p>\n<p>La Fiscal\u00eda General de la Naci\u00f3n\u00a0 judicializ\u00f3 a dos personas que <strong>estar\u00edan involucradas en hurtos a trav\u00e9s de medios inform\u00e1ticos en Monter\u00eda, Chin\u00fa, Sahag\u00fan, Lorica y Ceret\u00e9 (C\u00f3rdoba).<\/strong> Los hechos se habr\u00edan realizado bajo la modalidad de <a href=\"https:\/\/www.fiscalia.gov.co\/colombia\/ciberseguro\/conoce-el-nuevo-cambiazo-de-tarjetas\/\" target=\"_blank\" rel=\"noopener\">\u2018cambiazo\u2019 de tarjetas.<\/a><\/p>\n<p>&nbsp;<\/p>\n<figure id=\"attachment_308269\" aria-describedby=\"caption-attachment-308269\" style=\"width: 1600px\" class=\"wp-caption aligncenter\"><img loading=\"lazy\" decoding=\"async\" class=\"size-full wp-image-308269\" src=\"https:\/\/www.fiscalia.gov.co\/colombia\/wp-content\/uploads\/Judicializadas-dos-personas-que-estarian-involucradas-en-hurtos-a-traves-de-medios-informaticos-en-Monteria-Chinu-Sahagun-Lorica-y-Cerete-Cordoba.-Los-hechos-se-habrian-realizado-bajo-la-modalid.jpeg\" alt=\"Las dos personas son custodiadas por un investigador del Cuerpo T\u00e9cnico de Investigaci\u00f3n (CTI) y un uniformado de la Polic\u00eda Nacional tras su captura.\" width=\"1600\" height=\"900\" srcset=\"https:\/\/www.fiscalia.gov.co\/colombia\/wp-content\/uploads\/Judicializadas-dos-personas-que-estarian-involucradas-en-hurtos-a-traves-de-medios-informaticos-en-Monteria-Chinu-Sahagun-Lorica-y-Cerete-Cordoba.-Los-hechos-se-habrian-realizado-bajo-la-modalid.jpeg 1600w, https:\/\/www.fiscalia.gov.co\/colombia\/wp-content\/uploads\/Judicializadas-dos-personas-que-estarian-involucradas-en-hurtos-a-traves-de-medios-informaticos-en-Monteria-Chinu-Sahagun-Lorica-y-Cerete-Cordoba.-Los-hechos-se-habrian-realizado-bajo-la-modalid-300x169.jpeg 300w, https:\/\/www.fiscalia.gov.co\/colombia\/wp-content\/uploads\/Judicializadas-dos-personas-que-estarian-involucradas-en-hurtos-a-traves-de-medios-informaticos-en-Monteria-Chinu-Sahagun-Lorica-y-Cerete-Cordoba.-Los-hechos-se-habrian-realizado-bajo-la-modalid-1024x576.jpeg 1024w, https:\/\/www.fiscalia.gov.co\/colombia\/wp-content\/uploads\/Judicializadas-dos-personas-que-estarian-involucradas-en-hurtos-a-traves-de-medios-informaticos-en-Monteria-Chinu-Sahagun-Lorica-y-Cerete-Cordoba.-Los-hechos-se-habrian-realizado-bajo-la-modalid-768x432.jpeg 768w, https:\/\/www.fiscalia.gov.co\/colombia\/wp-content\/uploads\/Judicializadas-dos-personas-que-estarian-involucradas-en-hurtos-a-traves-de-medios-informaticos-en-Monteria-Chinu-Sahagun-Lorica-y-Cerete-Cordoba.-Los-hechos-se-habrian-realizado-bajo-la-modalid-1536x864.jpeg 1536w, https:\/\/www.fiscalia.gov.co\/colombia\/wp-content\/uploads\/Judicializadas-dos-personas-que-estarian-involucradas-en-hurtos-a-traves-de-medios-informaticos-en-Monteria-Chinu-Sahagun-Lorica-y-Cerete-Cordoba.-Los-hechos-se-habrian-realizado-bajo-la-modalid-747x420.jpeg 747w, https:\/\/www.fiscalia.gov.co\/colombia\/wp-content\/uploads\/Judicializadas-dos-personas-que-estarian-involucradas-en-hurtos-a-traves-de-medios-informaticos-en-Monteria-Chinu-Sahagun-Lorica-y-Cerete-Cordoba.-Los-hechos-se-habrian-realizado-bajo-la-modalid-696x392.jpeg 696w, https:\/\/www.fiscalia.gov.co\/colombia\/wp-content\/uploads\/Judicializadas-dos-personas-que-estarian-involucradas-en-hurtos-a-traves-de-medios-informaticos-en-Monteria-Chinu-Sahagun-Lorica-y-Cerete-Cordoba.-Los-hechos-se-habrian-realizado-bajo-la-modalid-1068x601.jpeg 1068w\" sizes=\"auto, (max-width: 1600px) 100vw, 1600px\" \/><figcaption id=\"caption-attachment-308269\" class=\"wp-caption-text\">Judicializadas dos personas que estar\u00edan involucradas en hurtos a trav\u00e9s de medios inform\u00e1ticos en Monter\u00eda, Chin\u00fa, Sahag\u00fan, Lorica y Ceret\u00e9 (C\u00f3rdoba). Los hechos se habr\u00edan realizado bajo la modalidad de \u2018cambiazo\u2019 de tarjetas.<\/figcaption><\/figure>\n<p><strong>Una fiscal adscrita a la Estructura de Apoyo (EDA) de la Seccional C\u00f3rdoba les imput\u00f3 los delitos de obstaculizaci\u00f3n ileg\u00edtima a un sistema inform\u00e1tico o red de telecomunicaciones, hurto por medios inform\u00e1ticos o semejantes; y concierto para delinquir.<\/strong> Los cargos fueron aceptados.<\/p>\n<p>Los procesados, identificados como Juan Sebasti\u00e1n Cruz Rebollo y Andr\u00e9s Felipe Rohenes Quiroz, <strong>fueron capturados el pasado 27 de diciembre de 2024 en Cove\u00f1as (Sucre) por investigadores del Cuerpo T\u00e9cnico de Investigaci\u00f3n (CTI).<\/strong><\/p>\n<p>El material de prueba da cuenta de que estas personas, al parecer, <strong>abordaban a las v\u00edctimas en cajeros autom\u00e1ticos, donde utilizaban la modalidad del \u2018cambiazo\u2019 para intimidarlas, sustraer sus tarjetas y posteriormente realizar retiros de dinero de manera fraudulenta.<\/strong><\/p>\n<p>Los an\u00e1lisis preliminares indican que los procesados estar\u00edan implicados en al menos siete casos de hurto ocurridos durante el \u00faltimo a\u00f1o.<\/p>\n<p>El juez de control de garant\u00edas les impuso medida de aseguramiento en establecimiento carcelario a los dos hombres.<\/p>\n<p>&nbsp;<\/p>\n<p>SKCR\/AMCJ\/CAHL\/<\/p>\n<p>&nbsp;<\/p>\n<p>&nbsp;<\/p>\n<p>&nbsp;<\/p>\n<div class=\"td-post-content tagdiv-type\">\n<div class=\"td-post-content tagdiv-type\">\n<p><em>La informaci\u00f3n contenida en este bolet\u00edn de prensa corresponde a la narraci\u00f3n de los hechos noticiosos objetivos, suministrados por los funcionarios encargados de adelantar las investigaciones penales al interior de la Fiscal\u00eda General de la Naci\u00f3n. Para el momento de la divulgaci\u00f3n de este comunicado, la situaci\u00f3n jur\u00eddica de la(s) persona(s) relacionada(s) se encuentra pendiente de resolver por la autoridad judicial competente, siempre bajo los preceptos de la presunci\u00f3n de inocencia, consagrados en el art\u00edculo 29 de la Constituci\u00f3n Pol\u00edtica y el art\u00edculo 7\u00ba de la Ley 906 de 2004.<\/em><\/p>\n<\/div>\n<footer>\n<div class=\"td-post-source-tags\"><\/div>\n<div class=\"td-post-sharing-bottom\"><\/div>\n<\/footer>\n<\/div>\n<footer>\n<div class=\"td-post-source-tags\"><\/div>\n<div class=\"td-post-sharing-bottom\"><\/div>\n<\/footer>\n<p>&nbsp;<\/p>\n\n<div class=\"twitter-share\"><a href=\"https:\/\/twitter.com\/intent\/tweet?via=fiscaliacol\" class=\"twitter-share-button\">Tweet<\/a><\/div>\n","protected":false},"excerpt":{"rendered":"<p>Los capturados integrar\u00edan el grupo delincuencial denominado Los Ilusionistas. \u00a0 La Fiscal\u00eda General de la Naci\u00f3n\u00a0 judicializ\u00f3 a dos personas que estar\u00edan involucradas en hurtos a trav\u00e9s de medios inform\u00e1ticos en Monter\u00eda, Chin\u00fa, Sahag\u00fan, Lorica y Ceret\u00e9 (C\u00f3rdoba). Los hechos se habr\u00edan realizado bajo la modalidad de \u2018cambiazo\u2019 de tarjetas. &nbsp; Una fiscal adscrita a [&hellip;]<\/p>\n","protected":false},"author":175,"featured_media":0,"comment_status":"closed","ping_status":"open","sticky":false,"template":"","format":"standard","meta":{"_price":"","_stock":"","_tribe_ticket_header":"","_tribe_default_ticket_provider":"","_tribe_ticket_capacity":"0","_ticket_start_date":"","_ticket_end_date":"","_tribe_ticket_show_description":"","_tribe_ticket_show_not_going":false,"_tribe_ticket_use_global_stock":"","_tribe_ticket_global_stock_level":"","_global_stock_mode":"","_global_stock_cap":"","_tribe_rsvp_for_event":"","_tribe_ticket_going_count":"","_tribe_ticket_not_going_count":"","_tribe_tickets_list":"[]","_tribe_ticket_has_attendee_info_fields":false,"tdm_status":"","tdm_grid_status":"","footnotes":""},"categories":[1,332],"tags":[2620,29004,8010,977,37491,37892,39786,18320,39785,27957,4964,4963,39621],"class_list":{"0":"post-308268","1":"post","2":"type-post","3":"status-publish","4":"format-standard","6":"category-noticias","7":"category-seccional-monteria","8":"tag-banda","9":"tag-cambiazo-de-tarjetas","10":"tag-capturados","11":"tag-delitos-informaticos","12":"tag-fiscal-camargo","13":"tag-fiscal-luz-adriana-camargo-garzon","14":"tag-hurto-por-medios-informaticos-o-semejantes-y-concierto-para-delinquir","15":"tag-hurtos","16":"tag-obstaculizacion-ilegitima-a-un-sistema-informatico-o-red-de-telecomunicaciones","17":"tag-seccional-cordoba","18":"tag-tarjetas-de-credito","19":"tag-tarjetas-debito","20":"tag-tarjetazo"},"yoast_head":"<!-- This site is optimized with the Yoast SEO plugin v24.3 - https:\/\/yoast.com\/wordpress\/plugins\/seo\/ -->\n<title>Fiscal\u00eda General de la Naci\u00f3n<\/title>\n<meta name=\"description\" content=\"P\u00e1gina oficial de la Fiscal\u00eda General de la Naci\u00f3n \u2013 Colombia. Garantizamos el acceso efectivo a la justicia, la verdad y la reparaci\u00f3n de las v\u00edctimas de los delitos.\" \/>\n<meta name=\"robots\" content=\"noindex, follow\" \/>\n<meta property=\"og:locale\" content=\"es_ES\" \/>\n<meta property=\"og:type\" content=\"article\" \/>\n<meta property=\"og:title\" content=\"Fiscal\u00eda General de la Naci\u00f3n\" \/>\n<meta property=\"og:description\" content=\"P\u00e1gina oficial de la Fiscal\u00eda General de la Naci\u00f3n \u2013 Colombia. Garantizamos el acceso efectivo a la justicia, la verdad y la reparaci\u00f3n de las v\u00edctimas de los delitos.\" \/>\n<meta property=\"og:url\" content=\"https:\/\/www.fiscalia.gov.co\/colombia\/noticias\/en-cordoba-judicializados-presuntos-responsables-de-hurtos-por-medios-informaticos\/\" \/>\n<meta property=\"og:site_name\" content=\"Fiscal\u00eda General de la Naci\u00f3n\" \/>\n<meta property=\"article:publisher\" content=\"https:\/\/www.facebook.com\/FiscaliaCol\" \/>\n<meta property=\"article:published_time\" content=\"2025-01-07T13:18:49+00:00\" \/>\n<meta property=\"article:modified_time\" content=\"2025-01-07T13:23:28+00:00\" \/>\n<meta property=\"og:image\" content=\"https:\/\/www.fiscalia.gov.co\/colombia\/wp-content\/uploads\/Judicializadas-dos-personas-que-estarian-involucradas-en-hurtos-a-traves-de-medios-informaticos-en-Monteria-Chinu-Sahagun-Lorica-y-Cerete-Cordoba.-Los-hechos-se-habrian-realizado-bajo-la-modalid.jpeg\" \/>\n\t<meta property=\"og:image:width\" content=\"1600\" \/>\n\t<meta property=\"og:image:height\" content=\"900\" \/>\n\t<meta property=\"og:image:type\" content=\"image\/jpeg\" \/>\n<meta name=\"author\" content=\"Katherine Loaiza Mart\u00ednez\" \/>\n<meta name=\"twitter:card\" content=\"summary_large_image\" \/>\n<meta name=\"twitter:creator\" content=\"@FiscaliaCol\" \/>\n<meta name=\"twitter:site\" content=\"@FiscaliaCol\" \/>\n<meta name=\"twitter:label1\" content=\"Escrito por\" \/>\n\t<meta name=\"twitter:data1\" content=\"Katherine Loaiza Mart\u00ednez\" \/>\n\t<meta name=\"twitter:label2\" content=\"Tiempo de lectura\" \/>\n\t<meta name=\"twitter:data2\" content=\"2 minutos\" \/>\n<script type=\"application\/ld+json\" class=\"yoast-schema-graph\">{\"@context\":\"https:\/\/schema.org\",\"@graph\":[{\"@type\":\"Article\",\"@id\":\"https:\/\/www.fiscalia.gov.co\/colombia\/noticias\/en-cordoba-judicializados-presuntos-responsables-de-hurtos-por-medios-informaticos\/#article\",\"isPartOf\":{\"@id\":\"https:\/\/www.fiscalia.gov.co\/colombia\/noticias\/en-cordoba-judicializados-presuntos-responsables-de-hurtos-por-medios-informaticos\/\"},\"author\":{\"name\":\"Katherine Loaiza Mart\u00ednez\",\"@id\":\"https:\/\/www.fiscalia.gov.co\/colombia\/#\/schema\/person\/2e76b9aba5ecf875ed565ce4de0e0415\"},\"headline\":\"En C\u00f3rdoba, judicializados presuntos responsables de hurtos por medios inform\u00e1ticos\",\"datePublished\":\"2025-01-07T13:18:49+00:00\",\"dateModified\":\"2025-01-07T13:23:28+00:00\",\"mainEntityOfPage\":{\"@id\":\"https:\/\/www.fiscalia.gov.co\/colombia\/noticias\/en-cordoba-judicializados-presuntos-responsables-de-hurtos-por-medios-informaticos\/\"},\"wordCount\":396,\"publisher\":{\"@id\":\"https:\/\/www.fiscalia.gov.co\/colombia\/#organization\"},\"image\":{\"@id\":\"https:\/\/www.fiscalia.gov.co\/colombia\/noticias\/en-cordoba-judicializados-presuntos-responsables-de-hurtos-por-medios-informaticos\/#primaryimage\"},\"thumbnailUrl\":\"https:\/\/www.fiscalia.gov.co\/colombia\/wp-content\/uploads\/Judicializadas-dos-personas-que-estarian-involucradas-en-hurtos-a-traves-de-medios-informaticos-en-Monteria-Chinu-Sahagun-Lorica-y-Cerete-Cordoba.-Los-hechos-se-habrian-realizado-bajo-la-modalid.jpeg\",\"keywords\":[\"Banda\",\"cambiazo de tarjetas\",\"Capturados\",\"Delitos inform\u00e1ticos\",\"fiscal Camargo\",\"Fiscal Luz Adriana Camargo Garz\u00f3n\",\"hurto por medios inform\u00e1ticos o semejantes y concierto para delinquir\",\"Hurtos\",\"obstaculizaci\u00f3n ileg\u00edtima a un sistema inform\u00e1tico o red de telecomunicaciones\",\"Seccional C\u00f3rdoba\",\"Tarjetas de cr\u00e9dito\",\"Tarjetas d\u00e9bito\",\"tarjetazo\"],\"articleSection\":[\"Noticias\",\"Seccional Monter\u00eda\"],\"inLanguage\":\"es-CO\"},{\"@type\":\"WebPage\",\"@id\":\"https:\/\/www.fiscalia.gov.co\/colombia\/noticias\/en-cordoba-judicializados-presuntos-responsables-de-hurtos-por-medios-informaticos\/\",\"url\":\"https:\/\/www.fiscalia.gov.co\/colombia\/noticias\/en-cordoba-judicializados-presuntos-responsables-de-hurtos-por-medios-informaticos\/\",\"name\":\"Fiscal\u00eda General de la Naci\u00f3n\",\"isPartOf\":{\"@id\":\"https:\/\/www.fiscalia.gov.co\/colombia\/#website\"},\"primaryImageOfPage\":{\"@id\":\"https:\/\/www.fiscalia.gov.co\/colombia\/noticias\/en-cordoba-judicializados-presuntos-responsables-de-hurtos-por-medios-informaticos\/#primaryimage\"},\"image\":{\"@id\":\"https:\/\/www.fiscalia.gov.co\/colombia\/noticias\/en-cordoba-judicializados-presuntos-responsables-de-hurtos-por-medios-informaticos\/#primaryimage\"},\"thumbnailUrl\":\"https:\/\/www.fiscalia.gov.co\/colombia\/wp-content\/uploads\/Judicializadas-dos-personas-que-estarian-involucradas-en-hurtos-a-traves-de-medios-informaticos-en-Monteria-Chinu-Sahagun-Lorica-y-Cerete-Cordoba.-Los-hechos-se-habrian-realizado-bajo-la-modalid.jpeg\",\"datePublished\":\"2025-01-07T13:18:49+00:00\",\"dateModified\":\"2025-01-07T13:23:28+00:00\",\"description\":\"P\u00e1gina oficial de la Fiscal\u00eda General de la Naci\u00f3n \u2013 Colombia. Garantizamos el acceso efectivo a la justicia, la verdad y la reparaci\u00f3n de las v\u00edctimas de los delitos.\",\"breadcrumb\":{\"@id\":\"https:\/\/www.fiscalia.gov.co\/colombia\/noticias\/en-cordoba-judicializados-presuntos-responsables-de-hurtos-por-medios-informaticos\/#breadcrumb\"},\"inLanguage\":\"es-CO\",\"potentialAction\":[{\"@type\":\"ReadAction\",\"target\":[\"https:\/\/www.fiscalia.gov.co\/colombia\/noticias\/en-cordoba-judicializados-presuntos-responsables-de-hurtos-por-medios-informaticos\/\"]}]},{\"@type\":\"ImageObject\",\"inLanguage\":\"es-CO\",\"@id\":\"https:\/\/www.fiscalia.gov.co\/colombia\/noticias\/en-cordoba-judicializados-presuntos-responsables-de-hurtos-por-medios-informaticos\/#primaryimage\",\"url\":\"https:\/\/www.fiscalia.gov.co\/colombia\/wp-content\/uploads\/Judicializadas-dos-personas-que-estarian-involucradas-en-hurtos-a-traves-de-medios-informaticos-en-Monteria-Chinu-Sahagun-Lorica-y-Cerete-Cordoba.-Los-hechos-se-habrian-realizado-bajo-la-modalid.jpeg\",\"contentUrl\":\"https:\/\/www.fiscalia.gov.co\/colombia\/wp-content\/uploads\/Judicializadas-dos-personas-que-estarian-involucradas-en-hurtos-a-traves-de-medios-informaticos-en-Monteria-Chinu-Sahagun-Lorica-y-Cerete-Cordoba.-Los-hechos-se-habrian-realizado-bajo-la-modalid.jpeg\",\"width\":1600,\"height\":900,\"caption\":\"Judicializadas dos personas que estar\u00edan involucradas en hurtos a trav\u00e9s de medios inform\u00e1ticos en Monter\u00eda, Chin\u00fa, Sahag\u00fan, Lorica y Ceret\u00e9 (C\u00f3rdoba). Los hechos se habr\u00edan realizado bajo la modalidad de \u2018cambiazo\u2019 de tarjetas.\"},{\"@type\":\"BreadcrumbList\",\"@id\":\"https:\/\/www.fiscalia.gov.co\/colombia\/noticias\/en-cordoba-judicializados-presuntos-responsables-de-hurtos-por-medios-informaticos\/#breadcrumb\",\"itemListElement\":[{\"@type\":\"ListItem\",\"position\":1,\"name\":\"Home\",\"item\":\"https:\/\/www.fiscalia.gov.co\/colombia\/\"},{\"@type\":\"ListItem\",\"position\":2,\"name\":\"En C\u00f3rdoba, judicializados presuntos responsables de hurtos por medios inform\u00e1ticos\"}]},{\"@type\":\"WebSite\",\"@id\":\"https:\/\/www.fiscalia.gov.co\/colombia\/#website\",\"url\":\"https:\/\/www.fiscalia.gov.co\/colombia\/\",\"name\":\"Fiscal\u00eda General de la Naci\u00f3n\",\"description\":\"P\u00e1gina oficial de la Fiscal\u00eda General de la Naci\u00f3n \u2013 Colombia. Garantizamos el acceso efectivo a la justicia, la verdad y la reparaci\u00f3n de las v\u00edctimas de los delitos.\",\"publisher\":{\"@id\":\"https:\/\/www.fiscalia.gov.co\/colombia\/#organization\"},\"potentialAction\":[{\"@type\":\"SearchAction\",\"target\":{\"@type\":\"EntryPoint\",\"urlTemplate\":\"https:\/\/www.fiscalia.gov.co\/colombia\/?s={search_term_string}\"},\"query-input\":{\"@type\":\"PropertyValueSpecification\",\"valueRequired\":true,\"valueName\":\"search_term_string\"}}],\"inLanguage\":\"es-CO\"},{\"@type\":\"Organization\",\"@id\":\"https:\/\/www.fiscalia.gov.co\/colombia\/#organization\",\"name\":\"Fiscal\u00eda General de la Naci\u00f3n\",\"url\":\"https:\/\/www.fiscalia.gov.co\/colombia\/\",\"logo\":{\"@type\":\"ImageObject\",\"inLanguage\":\"es-CO\",\"@id\":\"https:\/\/www.fiscalia.gov.co\/colombia\/#\/schema\/logo\/image\/\",\"url\":\"https:\/\/www.fiscalia.gov.co\/colombia\/wp-content\/uploads\/LogoHorizontal_1.jpg\",\"contentUrl\":\"https:\/\/www.fiscalia.gov.co\/colombia\/wp-content\/uploads\/LogoHorizontal_1.jpg\",\"width\":300,\"height\":90,\"caption\":\"Fiscal\u00eda General de la Naci\u00f3n\"},\"image\":{\"@id\":\"https:\/\/www.fiscalia.gov.co\/colombia\/#\/schema\/logo\/image\/\"},\"sameAs\":[\"https:\/\/www.facebook.com\/FiscaliaCol\",\"https:\/\/x.com\/FiscaliaCol\",\"https:\/\/www.instagram.com\/fiscaliacol\",\"https:\/\/www.linkedin.com\/company\/fiscalia-general-de-la-naci-n\/\",\"https:\/\/youtube.com\/@fiscaliageneraldelanacion-4668?si=6nN79nyQICPU5iTh\"]},{\"@type\":\"Person\",\"@id\":\"https:\/\/www.fiscalia.gov.co\/colombia\/#\/schema\/person\/2e76b9aba5ecf875ed565ce4de0e0415\",\"name\":\"Katherine Loaiza Mart\u00ednez\",\"image\":{\"@type\":\"ImageObject\",\"inLanguage\":\"es-CO\",\"@id\":\"https:\/\/www.fiscalia.gov.co\/colombia\/#\/schema\/person\/image\/\",\"url\":\"https:\/\/secure.gravatar.com\/avatar\/ab775a2f394c1b83b6d6f78680e57b50?s=96&d=mm&r=g\",\"contentUrl\":\"https:\/\/secure.gravatar.com\/avatar\/ab775a2f394c1b83b6d6f78680e57b50?s=96&d=mm&r=g\",\"caption\":\"Katherine Loaiza Mart\u00ednez\"},\"url\":\"https:\/\/www.fiscalia.gov.co\/colombia\/author\/kloaiza\/\"}]}<\/script>\n<!-- \/ Yoast SEO plugin. -->","yoast_head_json":{"title":"Fiscal\u00eda General de la Naci\u00f3n","description":"P\u00e1gina oficial de la Fiscal\u00eda General de la Naci\u00f3n \u2013 Colombia. Garantizamos el acceso efectivo a la justicia, la verdad y la reparaci\u00f3n de las v\u00edctimas de los delitos.","robots":{"index":"noindex","follow":"follow"},"og_locale":"es_ES","og_type":"article","og_title":"Fiscal\u00eda General de la Naci\u00f3n","og_description":"P\u00e1gina oficial de la Fiscal\u00eda General de la Naci\u00f3n \u2013 Colombia. Garantizamos el acceso efectivo a la justicia, la verdad y la reparaci\u00f3n de las v\u00edctimas de los delitos.","og_url":"https:\/\/www.fiscalia.gov.co\/colombia\/noticias\/en-cordoba-judicializados-presuntos-responsables-de-hurtos-por-medios-informaticos\/","og_site_name":"Fiscal\u00eda General de la Naci\u00f3n","article_publisher":"https:\/\/www.facebook.com\/FiscaliaCol","article_published_time":"2025-01-07T13:18:49+00:00","article_modified_time":"2025-01-07T13:23:28+00:00","og_image":[{"width":1600,"height":900,"url":"https:\/\/www.fiscalia.gov.co\/colombia\/wp-content\/uploads\/Judicializadas-dos-personas-que-estarian-involucradas-en-hurtos-a-traves-de-medios-informaticos-en-Monteria-Chinu-Sahagun-Lorica-y-Cerete-Cordoba.-Los-hechos-se-habrian-realizado-bajo-la-modalid.jpeg","type":"image\/jpeg"}],"author":"Katherine Loaiza Mart\u00ednez","twitter_card":"summary_large_image","twitter_creator":"@FiscaliaCol","twitter_site":"@FiscaliaCol","twitter_misc":{"Escrito por":"Katherine Loaiza Mart\u00ednez","Tiempo de lectura":"2 minutos"},"schema":{"@context":"https:\/\/schema.org","@graph":[{"@type":"Article","@id":"https:\/\/www.fiscalia.gov.co\/colombia\/noticias\/en-cordoba-judicializados-presuntos-responsables-de-hurtos-por-medios-informaticos\/#article","isPartOf":{"@id":"https:\/\/www.fiscalia.gov.co\/colombia\/noticias\/en-cordoba-judicializados-presuntos-responsables-de-hurtos-por-medios-informaticos\/"},"author":{"name":"Katherine Loaiza Mart\u00ednez","@id":"https:\/\/www.fiscalia.gov.co\/colombia\/#\/schema\/person\/2e76b9aba5ecf875ed565ce4de0e0415"},"headline":"En C\u00f3rdoba, judicializados presuntos responsables de hurtos por medios inform\u00e1ticos","datePublished":"2025-01-07T13:18:49+00:00","dateModified":"2025-01-07T13:23:28+00:00","mainEntityOfPage":{"@id":"https:\/\/www.fiscalia.gov.co\/colombia\/noticias\/en-cordoba-judicializados-presuntos-responsables-de-hurtos-por-medios-informaticos\/"},"wordCount":396,"publisher":{"@id":"https:\/\/www.fiscalia.gov.co\/colombia\/#organization"},"image":{"@id":"https:\/\/www.fiscalia.gov.co\/colombia\/noticias\/en-cordoba-judicializados-presuntos-responsables-de-hurtos-por-medios-informaticos\/#primaryimage"},"thumbnailUrl":"https:\/\/www.fiscalia.gov.co\/colombia\/wp-content\/uploads\/Judicializadas-dos-personas-que-estarian-involucradas-en-hurtos-a-traves-de-medios-informaticos-en-Monteria-Chinu-Sahagun-Lorica-y-Cerete-Cordoba.-Los-hechos-se-habrian-realizado-bajo-la-modalid.jpeg","keywords":["Banda","cambiazo de tarjetas","Capturados","Delitos inform\u00e1ticos","fiscal Camargo","Fiscal Luz Adriana Camargo Garz\u00f3n","hurto por medios inform\u00e1ticos o semejantes y concierto para delinquir","Hurtos","obstaculizaci\u00f3n ileg\u00edtima a un sistema inform\u00e1tico o red de telecomunicaciones","Seccional C\u00f3rdoba","Tarjetas de cr\u00e9dito","Tarjetas d\u00e9bito","tarjetazo"],"articleSection":["Noticias","Seccional Monter\u00eda"],"inLanguage":"es-CO"},{"@type":"WebPage","@id":"https:\/\/www.fiscalia.gov.co\/colombia\/noticias\/en-cordoba-judicializados-presuntos-responsables-de-hurtos-por-medios-informaticos\/","url":"https:\/\/www.fiscalia.gov.co\/colombia\/noticias\/en-cordoba-judicializados-presuntos-responsables-de-hurtos-por-medios-informaticos\/","name":"Fiscal\u00eda General de la Naci\u00f3n","isPartOf":{"@id":"https:\/\/www.fiscalia.gov.co\/colombia\/#website"},"primaryImageOfPage":{"@id":"https:\/\/www.fiscalia.gov.co\/colombia\/noticias\/en-cordoba-judicializados-presuntos-responsables-de-hurtos-por-medios-informaticos\/#primaryimage"},"image":{"@id":"https:\/\/www.fiscalia.gov.co\/colombia\/noticias\/en-cordoba-judicializados-presuntos-responsables-de-hurtos-por-medios-informaticos\/#primaryimage"},"thumbnailUrl":"https:\/\/www.fiscalia.gov.co\/colombia\/wp-content\/uploads\/Judicializadas-dos-personas-que-estarian-involucradas-en-hurtos-a-traves-de-medios-informaticos-en-Monteria-Chinu-Sahagun-Lorica-y-Cerete-Cordoba.-Los-hechos-se-habrian-realizado-bajo-la-modalid.jpeg","datePublished":"2025-01-07T13:18:49+00:00","dateModified":"2025-01-07T13:23:28+00:00","description":"P\u00e1gina oficial de la Fiscal\u00eda General de la Naci\u00f3n \u2013 Colombia. Garantizamos el acceso efectivo a la justicia, la verdad y la reparaci\u00f3n de las v\u00edctimas de los delitos.","breadcrumb":{"@id":"https:\/\/www.fiscalia.gov.co\/colombia\/noticias\/en-cordoba-judicializados-presuntos-responsables-de-hurtos-por-medios-informaticos\/#breadcrumb"},"inLanguage":"es-CO","potentialAction":[{"@type":"ReadAction","target":["https:\/\/www.fiscalia.gov.co\/colombia\/noticias\/en-cordoba-judicializados-presuntos-responsables-de-hurtos-por-medios-informaticos\/"]}]},{"@type":"ImageObject","inLanguage":"es-CO","@id":"https:\/\/www.fiscalia.gov.co\/colombia\/noticias\/en-cordoba-judicializados-presuntos-responsables-de-hurtos-por-medios-informaticos\/#primaryimage","url":"https:\/\/www.fiscalia.gov.co\/colombia\/wp-content\/uploads\/Judicializadas-dos-personas-que-estarian-involucradas-en-hurtos-a-traves-de-medios-informaticos-en-Monteria-Chinu-Sahagun-Lorica-y-Cerete-Cordoba.-Los-hechos-se-habrian-realizado-bajo-la-modalid.jpeg","contentUrl":"https:\/\/www.fiscalia.gov.co\/colombia\/wp-content\/uploads\/Judicializadas-dos-personas-que-estarian-involucradas-en-hurtos-a-traves-de-medios-informaticos-en-Monteria-Chinu-Sahagun-Lorica-y-Cerete-Cordoba.-Los-hechos-se-habrian-realizado-bajo-la-modalid.jpeg","width":1600,"height":900,"caption":"Judicializadas dos personas que estar\u00edan involucradas en hurtos a trav\u00e9s de medios inform\u00e1ticos en Monter\u00eda, Chin\u00fa, Sahag\u00fan, Lorica y Ceret\u00e9 (C\u00f3rdoba). Los hechos se habr\u00edan realizado bajo la modalidad de \u2018cambiazo\u2019 de tarjetas."},{"@type":"BreadcrumbList","@id":"https:\/\/www.fiscalia.gov.co\/colombia\/noticias\/en-cordoba-judicializados-presuntos-responsables-de-hurtos-por-medios-informaticos\/#breadcrumb","itemListElement":[{"@type":"ListItem","position":1,"name":"Home","item":"https:\/\/www.fiscalia.gov.co\/colombia\/"},{"@type":"ListItem","position":2,"name":"En C\u00f3rdoba, judicializados presuntos responsables de hurtos por medios inform\u00e1ticos"}]},{"@type":"WebSite","@id":"https:\/\/www.fiscalia.gov.co\/colombia\/#website","url":"https:\/\/www.fiscalia.gov.co\/colombia\/","name":"Fiscal\u00eda General de la Naci\u00f3n","description":"P\u00e1gina oficial de la Fiscal\u00eda General de la Naci\u00f3n \u2013 Colombia. Garantizamos el acceso efectivo a la justicia, la verdad y la reparaci\u00f3n de las v\u00edctimas de los delitos.","publisher":{"@id":"https:\/\/www.fiscalia.gov.co\/colombia\/#organization"},"potentialAction":[{"@type":"SearchAction","target":{"@type":"EntryPoint","urlTemplate":"https:\/\/www.fiscalia.gov.co\/colombia\/?s={search_term_string}"},"query-input":{"@type":"PropertyValueSpecification","valueRequired":true,"valueName":"search_term_string"}}],"inLanguage":"es-CO"},{"@type":"Organization","@id":"https:\/\/www.fiscalia.gov.co\/colombia\/#organization","name":"Fiscal\u00eda General de la Naci\u00f3n","url":"https:\/\/www.fiscalia.gov.co\/colombia\/","logo":{"@type":"ImageObject","inLanguage":"es-CO","@id":"https:\/\/www.fiscalia.gov.co\/colombia\/#\/schema\/logo\/image\/","url":"https:\/\/www.fiscalia.gov.co\/colombia\/wp-content\/uploads\/LogoHorizontal_1.jpg","contentUrl":"https:\/\/www.fiscalia.gov.co\/colombia\/wp-content\/uploads\/LogoHorizontal_1.jpg","width":300,"height":90,"caption":"Fiscal\u00eda General de la Naci\u00f3n"},"image":{"@id":"https:\/\/www.fiscalia.gov.co\/colombia\/#\/schema\/logo\/image\/"},"sameAs":["https:\/\/www.facebook.com\/FiscaliaCol","https:\/\/x.com\/FiscaliaCol","https:\/\/www.instagram.com\/fiscaliacol","https:\/\/www.linkedin.com\/company\/fiscalia-general-de-la-naci-n\/","https:\/\/youtube.com\/@fiscaliageneraldelanacion-4668?si=6nN79nyQICPU5iTh"]},{"@type":"Person","@id":"https:\/\/www.fiscalia.gov.co\/colombia\/#\/schema\/person\/2e76b9aba5ecf875ed565ce4de0e0415","name":"Katherine Loaiza Mart\u00ednez","image":{"@type":"ImageObject","inLanguage":"es-CO","@id":"https:\/\/www.fiscalia.gov.co\/colombia\/#\/schema\/person\/image\/","url":"https:\/\/secure.gravatar.com\/avatar\/ab775a2f394c1b83b6d6f78680e57b50?s=96&d=mm&r=g","contentUrl":"https:\/\/secure.gravatar.com\/avatar\/ab775a2f394c1b83b6d6f78680e57b50?s=96&d=mm&r=g","caption":"Katherine Loaiza Mart\u00ednez"},"url":"https:\/\/www.fiscalia.gov.co\/colombia\/author\/kloaiza\/"}]}},"_links":{"self":[{"href":"https:\/\/www.fiscalia.gov.co\/colombia\/wp-json\/wp\/v2\/posts\/308268","targetHints":{"allow":["GET"]}}],"collection":[{"href":"https:\/\/www.fiscalia.gov.co\/colombia\/wp-json\/wp\/v2\/posts"}],"about":[{"href":"https:\/\/www.fiscalia.gov.co\/colombia\/wp-json\/wp\/v2\/types\/post"}],"author":[{"embeddable":true,"href":"https:\/\/www.fiscalia.gov.co\/colombia\/wp-json\/wp\/v2\/users\/175"}],"replies":[{"embeddable":true,"href":"https:\/\/www.fiscalia.gov.co\/colombia\/wp-json\/wp\/v2\/comments?post=308268"}],"version-history":[{"count":3,"href":"https:\/\/www.fiscalia.gov.co\/colombia\/wp-json\/wp\/v2\/posts\/308268\/revisions"}],"predecessor-version":[{"id":308272,"href":"https:\/\/www.fiscalia.gov.co\/colombia\/wp-json\/wp\/v2\/posts\/308268\/revisions\/308272"}],"wp:attachment":[{"href":"https:\/\/www.fiscalia.gov.co\/colombia\/wp-json\/wp\/v2\/media?parent=308268"}],"wp:term":[{"taxonomy":"category","embeddable":true,"href":"https:\/\/www.fiscalia.gov.co\/colombia\/wp-json\/wp\/v2\/categories?post=308268"},{"taxonomy":"post_tag","embeddable":true,"href":"https:\/\/www.fiscalia.gov.co\/colombia\/wp-json\/wp\/v2\/tags?post=308268"}],"curies":[{"name":"wp","href":"https:\/\/api.w.org\/{rel}","templated":true}]}}