{"id":308092,"date":"2024-12-29T09:50:41","date_gmt":"2024-12-29T14:50:41","guid":{"rendered":"https:\/\/www.fiscalia.gov.co\/colombia\/?p=308092"},"modified":"2024-12-30T09:35:18","modified_gmt":"2024-12-30T14:35:18","slug":"fiscalia-impacta-a-los-del-sur-la-red-delictiva-senalada-de-lavar-mas-de-6-000-millones-de-pesos-del-narcotrafico","status":"publish","type":"post","link":"https:\/\/www.fiscalia.gov.co\/colombia\/lavado-de-activos\/fiscalia-impacta-a-los-del-sur-la-red-delictiva-senalada-de-lavar-mas-de-6-000-millones-de-pesos-del-narcotrafico\/","title":{"rendered":"Fiscal\u00eda impacta a \u2018Los del Sur\u2019, la red delictiva se\u00f1alada de lavar m\u00e1s de 6.000 millones de pesos del narcotr\u00e1fico"},"content":{"rendered":"<h4 style=\"text-align: center;\"><strong><em>Ocho de los presuntos integrantes fueron capturados y dos m\u00e1s, entre ellos el se\u00f1alado cabecilla conocido con el alias de Poporro fueron notificados en centros carcelarios.<\/em><\/strong><\/h4>\n<p><span style=\"color: #222222; font-family: Verdana, BlinkMacSystemFont, -apple-system, 'Segoe UI', Roboto, Oxygen, Ubuntu, Cantarell, 'Open Sans', 'Helvetica Neue', sans-serif; font-size: 15px;\">La Fiscal\u00eda General de la Naci\u00f3n present\u00f3 ante un juez de control de garant\u00edas a 10 <strong>presuntos integrantes de la organizaci\u00f3n delincuencial \u2018Los del Sur\u2019,<\/strong> que ser\u00eda la responsable de legalizar a trav\u00e9s de diferentes operaciones comerciales dineros producto <a href=\"https:\/\/www.fiscalia.gov.co\/colombia\/noticias\/desarticulada-red-que-habria-legalizado-dineros-del-narcotrafico-con-inversiones-en-el-sector-salud\/\">del env\u00edo de clorhidrato de coca\u00edna a destinos internacionales.<\/a><\/span><\/p>\n<p>En diligencias realizadas de manera conjunta con la Polic\u00eda Nacional fueron capturadas ocho personas que <strong>har\u00edan parte de la red, entre ellas una funcionaria de Instituto Nacional Penitenciario y Carcelario (INPEC);<\/strong> identificada como Julie Matilde Duarte Reatiga. En los procedimientos realizados en Bucaramanga, Floridablanca, Gir\u00f3n y San Vicente de Chucur\u00ed (Santander), y San Vicente del Cagu\u00e1n (Caquet\u00e1), <strong>fueron incautados celulares, armas de fuego y 160 millones de pesos.<\/strong><\/p>\n<p>Adicionalmente, fueron notificados en centro carcelario Enrique Bautista Reatiga, alias Poporro, el se\u00f1alado <strong>cabecilla de la estructura que fue deportado recientemente de M\u00e9xico; y Jhoan Vitalino Ru\u00edz.<\/strong><\/p>\n<p>Una fiscal de la Direcci\u00f3n Especializada contra el Lavado de Activos imput\u00f3 a estas 10 personas, de acuerdo con su posible participaci\u00f3n en los hechos investigados, los <strong>delitos de lavado de activos, enriquecimiento il\u00edcito, y fabricaci\u00f3n, tr\u00e1fico, porte o tenencia de armas de fuego.<\/strong> Por disposici\u00f3n del juez de control de garant\u00edas, tres de los recibieron medida de aseguramiento en establecimiento carcelario, cinco permanecer\u00e1n privados de la libertad en sus lugares de residencia y dos m\u00e1s seguir\u00e1n vinculados a la investigaci\u00f3n.<\/p>\n<p>Los elementos materiales probatorios indican que alias Poporro habr\u00eda constituido un <a href=\"https:\/\/www.fiscalia.gov.co\/colombia\/noticias\/fiscalia-impacta-el-componente-estructural-y-el-patrimonio-de-una-red-senalada-de-lavar-activos-del-narcotrafico\/\">entramado que le permiti\u00f3 dar apariencia de legalidad a algo m\u00e1s de 6.000 millones de pesos,<\/a> mediante inversiones en bienes ra\u00edces, compra de inmuebles y adquisici\u00f3n de veh\u00edculos de gama alta, entre otras actividades financieras.<\/p>\n<p>&nbsp;<\/p>\n<p>&nbsp;<\/p>\n<p>&nbsp;<\/p>\n<p>&nbsp;<\/p>\n<p>FAGH\/JARG\/MRG\/ALT\/DFC<\/p>\n<p>&nbsp;<\/p>\n<p>&nbsp;<\/p>\n<p>&nbsp;<\/p>\n<p>&nbsp;<\/p>\n<p>&nbsp;<\/p>\n<p><em>La informaci\u00f3n contenida en este bolet\u00edn de prensa corresponde a la narraci\u00f3n de los hechos noticiosos objetivos, suministrados por los funcionarios encargados de adelantar las investigaciones penales al interior de la Fiscal\u00eda General de la Naci\u00f3n. Para el momento de la divulgaci\u00f3n de este comunicado, la situaci\u00f3n jur\u00eddica de la(s) persona(s) relacionada(s) se encuentra pendiente de resolver por la autoridad judicial competente, siempre bajo los preceptos de la presunci\u00f3n de inocencia, consagrados en el art\u00edculo 29 de la Constituci\u00f3n Pol\u00edtica y el art\u00edculo 7\u00ba de la Ley 906 de 2004.<\/em><\/p>\n\n<div class=\"twitter-share\"><a href=\"https:\/\/twitter.com\/intent\/tweet?via=fiscaliacol\" class=\"twitter-share-button\">Tweet<\/a><\/div>\n","protected":false},"excerpt":{"rendered":"<p>Ocho de los presuntos integrantes fueron capturados y dos m\u00e1s, entre ellos el se\u00f1alado cabecilla conocido con el alias de Poporro fueron notificados en centros carcelarios. La Fiscal\u00eda General de la Naci\u00f3n present\u00f3 ante un juez de control de garant\u00edas a 10 presuntos integrantes de la organizaci\u00f3n delincuencial \u2018Los del Sur\u2019, que ser\u00eda la responsable [&hellip;]<\/p>\n","protected":false},"author":181,"featured_media":0,"comment_status":"closed","ping_status":"open","sticky":false,"template":"","format":"standard","meta":{"_price":"","_stock":"","_tribe_ticket_header":"","_tribe_default_ticket_provider":"","_tribe_ticket_capacity":"0","_ticket_start_date":"","_ticket_end_date":"","_tribe_ticket_show_description":"","_tribe_ticket_show_not_going":false,"_tribe_ticket_use_global_stock":"","_tribe_ticket_global_stock_level":"","_global_stock_mode":"","_global_stock_cap":"","_tribe_rsvp_for_event":"","_tribe_ticket_going_count":"","_tribe_ticket_not_going_count":"","_tribe_tickets_list":"[]","_tribe_ticket_has_attendee_info_fields":false,"tdm_status":"","tdm_grid_status":"","footnotes":""},"categories":[24125],"tags":[12184,37492,4614,1047,27529,148,31124],"class_list":{"0":"post-308092","1":"post","2":"type-post","3":"status-publish","4":"format-standard","6":"category-lavado-de-activos","7":"tag-fiscal","8":"tag-fiscal-luz-adriana-camargo","9":"tag-fiscalia-2","10":"tag-fiscalia-general-de-la-nacion","11":"tag-los-del-sur","12":"tag-narcotrafico","13":"tag-red-delincuencial"},"yoast_head":"<!-- This site is optimized with the Yoast SEO plugin v24.3 - https:\/\/yoast.com\/wordpress\/plugins\/seo\/ -->\n<title>Fiscal\u00eda General de la Naci\u00f3n<\/title>\n<meta name=\"description\" content=\"P\u00e1gina oficial de la Fiscal\u00eda General de la Naci\u00f3n \u2013 Colombia. Garantizamos el acceso efectivo a la justicia, la verdad y la reparaci\u00f3n de las v\u00edctimas de los delitos.\" \/>\n<meta name=\"robots\" content=\"noindex, follow\" \/>\n<meta property=\"og:locale\" content=\"es_ES\" \/>\n<meta property=\"og:type\" content=\"article\" \/>\n<meta property=\"og:title\" content=\"Fiscal\u00eda General de la Naci\u00f3n\" \/>\n<meta property=\"og:description\" content=\"P\u00e1gina oficial de la Fiscal\u00eda General de la Naci\u00f3n \u2013 Colombia. Garantizamos el acceso efectivo a la justicia, la verdad y la reparaci\u00f3n de las v\u00edctimas de los delitos.\" \/>\n<meta property=\"og:url\" content=\"https:\/\/www.fiscalia.gov.co\/colombia\/lavado-de-activos\/fiscalia-impacta-a-los-del-sur-la-red-delictiva-senalada-de-lavar-mas-de-6-000-millones-de-pesos-del-narcotrafico\/\" \/>\n<meta property=\"og:site_name\" content=\"Fiscal\u00eda General de la Naci\u00f3n\" \/>\n<meta property=\"article:publisher\" content=\"https:\/\/www.facebook.com\/FiscaliaCol\" \/>\n<meta property=\"article:published_time\" content=\"2024-12-29T14:50:41+00:00\" \/>\n<meta property=\"article:modified_time\" content=\"2024-12-30T14:35:18+00:00\" \/>\n<meta name=\"author\" content=\"Johanna Islenny Prieto Pe\u00f1a\" \/>\n<meta name=\"twitter:card\" content=\"summary_large_image\" \/>\n<meta name=\"twitter:creator\" content=\"@FiscaliaCol\" \/>\n<meta name=\"twitter:site\" content=\"@FiscaliaCol\" \/>\n<meta name=\"twitter:label1\" content=\"Escrito por\" \/>\n\t<meta name=\"twitter:data1\" content=\"Johanna Islenny Prieto Pe\u00f1a\" \/>\n\t<meta name=\"twitter:label2\" content=\"Tiempo de lectura\" \/>\n\t<meta name=\"twitter:data2\" content=\"2 minutos\" \/>\n<script type=\"application\/ld+json\" class=\"yoast-schema-graph\">{\"@context\":\"https:\/\/schema.org\",\"@graph\":[{\"@type\":\"Article\",\"@id\":\"https:\/\/www.fiscalia.gov.co\/colombia\/lavado-de-activos\/fiscalia-impacta-a-los-del-sur-la-red-delictiva-senalada-de-lavar-mas-de-6-000-millones-de-pesos-del-narcotrafico\/#article\",\"isPartOf\":{\"@id\":\"https:\/\/www.fiscalia.gov.co\/colombia\/lavado-de-activos\/fiscalia-impacta-a-los-del-sur-la-red-delictiva-senalada-de-lavar-mas-de-6-000-millones-de-pesos-del-narcotrafico\/\"},\"author\":{\"name\":\"Johanna Islenny Prieto Pe\u00f1a\",\"@id\":\"https:\/\/www.fiscalia.gov.co\/colombia\/#\/schema\/person\/ba9eca435947489fb25117a0cd75bf3e\"},\"headline\":\"Fiscal\u00eda impacta a \u2018Los del Sur\u2019, la red delictiva se\u00f1alada de lavar m\u00e1s de 6.000 millones de pesos del narcotr\u00e1fico\",\"datePublished\":\"2024-12-29T14:50:41+00:00\",\"dateModified\":\"2024-12-30T14:35:18+00:00\",\"mainEntityOfPage\":{\"@id\":\"https:\/\/www.fiscalia.gov.co\/colombia\/lavado-de-activos\/fiscalia-impacta-a-los-del-sur-la-red-delictiva-senalada-de-lavar-mas-de-6-000-millones-de-pesos-del-narcotrafico\/\"},\"wordCount\":464,\"publisher\":{\"@id\":\"https:\/\/www.fiscalia.gov.co\/colombia\/#organization\"},\"keywords\":[\"Fiscal\",\"Fiscal Luz Adriana Camargo\",\"Fiscal\u00eda\",\"Fiscal\u00eda General de la Naci\u00f3n\",\"Los del Sur\",\"Narcotr\u00e1fico\",\"red delincuencial\"],\"articleSection\":[\"Lavado de activos\"],\"inLanguage\":\"es-CO\"},{\"@type\":\"WebPage\",\"@id\":\"https:\/\/www.fiscalia.gov.co\/colombia\/lavado-de-activos\/fiscalia-impacta-a-los-del-sur-la-red-delictiva-senalada-de-lavar-mas-de-6-000-millones-de-pesos-del-narcotrafico\/\",\"url\":\"https:\/\/www.fiscalia.gov.co\/colombia\/lavado-de-activos\/fiscalia-impacta-a-los-del-sur-la-red-delictiva-senalada-de-lavar-mas-de-6-000-millones-de-pesos-del-narcotrafico\/\",\"name\":\"Fiscal\u00eda General de la Naci\u00f3n\",\"isPartOf\":{\"@id\":\"https:\/\/www.fiscalia.gov.co\/colombia\/#website\"},\"datePublished\":\"2024-12-29T14:50:41+00:00\",\"dateModified\":\"2024-12-30T14:35:18+00:00\",\"description\":\"P\u00e1gina oficial de la Fiscal\u00eda General de la Naci\u00f3n \u2013 Colombia. Garantizamos el acceso efectivo a la justicia, la verdad y la reparaci\u00f3n de las v\u00edctimas de los delitos.\",\"breadcrumb\":{\"@id\":\"https:\/\/www.fiscalia.gov.co\/colombia\/lavado-de-activos\/fiscalia-impacta-a-los-del-sur-la-red-delictiva-senalada-de-lavar-mas-de-6-000-millones-de-pesos-del-narcotrafico\/#breadcrumb\"},\"inLanguage\":\"es-CO\",\"potentialAction\":[{\"@type\":\"ReadAction\",\"target\":[\"https:\/\/www.fiscalia.gov.co\/colombia\/lavado-de-activos\/fiscalia-impacta-a-los-del-sur-la-red-delictiva-senalada-de-lavar-mas-de-6-000-millones-de-pesos-del-narcotrafico\/\"]}]},{\"@type\":\"BreadcrumbList\",\"@id\":\"https:\/\/www.fiscalia.gov.co\/colombia\/lavado-de-activos\/fiscalia-impacta-a-los-del-sur-la-red-delictiva-senalada-de-lavar-mas-de-6-000-millones-de-pesos-del-narcotrafico\/#breadcrumb\",\"itemListElement\":[{\"@type\":\"ListItem\",\"position\":1,\"name\":\"Home\",\"item\":\"https:\/\/www.fiscalia.gov.co\/colombia\/\"},{\"@type\":\"ListItem\",\"position\":2,\"name\":\"Fiscal\u00eda impacta a \u2018Los del Sur\u2019, la red delictiva se\u00f1alada de lavar m\u00e1s de 6.000 millones de pesos del narcotr\u00e1fico\"}]},{\"@type\":\"WebSite\",\"@id\":\"https:\/\/www.fiscalia.gov.co\/colombia\/#website\",\"url\":\"https:\/\/www.fiscalia.gov.co\/colombia\/\",\"name\":\"Fiscal\u00eda General de la Naci\u00f3n\",\"description\":\"P\u00e1gina oficial de la Fiscal\u00eda General de la Naci\u00f3n \u2013 Colombia. Garantizamos el acceso efectivo a la justicia, la verdad y la reparaci\u00f3n de las v\u00edctimas de los delitos.\",\"publisher\":{\"@id\":\"https:\/\/www.fiscalia.gov.co\/colombia\/#organization\"},\"potentialAction\":[{\"@type\":\"SearchAction\",\"target\":{\"@type\":\"EntryPoint\",\"urlTemplate\":\"https:\/\/www.fiscalia.gov.co\/colombia\/?s={search_term_string}\"},\"query-input\":{\"@type\":\"PropertyValueSpecification\",\"valueRequired\":true,\"valueName\":\"search_term_string\"}}],\"inLanguage\":\"es-CO\"},{\"@type\":\"Organization\",\"@id\":\"https:\/\/www.fiscalia.gov.co\/colombia\/#organization\",\"name\":\"Fiscal\u00eda General de la Naci\u00f3n\",\"url\":\"https:\/\/www.fiscalia.gov.co\/colombia\/\",\"logo\":{\"@type\":\"ImageObject\",\"inLanguage\":\"es-CO\",\"@id\":\"https:\/\/www.fiscalia.gov.co\/colombia\/#\/schema\/logo\/image\/\",\"url\":\"https:\/\/www.fiscalia.gov.co\/colombia\/wp-content\/uploads\/LogoHorizontal_1.jpg\",\"contentUrl\":\"https:\/\/www.fiscalia.gov.co\/colombia\/wp-content\/uploads\/LogoHorizontal_1.jpg\",\"width\":300,\"height\":90,\"caption\":\"Fiscal\u00eda General de la Naci\u00f3n\"},\"image\":{\"@id\":\"https:\/\/www.fiscalia.gov.co\/colombia\/#\/schema\/logo\/image\/\"},\"sameAs\":[\"https:\/\/www.facebook.com\/FiscaliaCol\",\"https:\/\/x.com\/FiscaliaCol\",\"https:\/\/www.instagram.com\/fiscaliacol\",\"https:\/\/www.linkedin.com\/company\/fiscalia-general-de-la-naci-n\/\",\"https:\/\/youtube.com\/@fiscaliageneraldelanacion-4668?si=6nN79nyQICPU5iTh\"]},{\"@type\":\"Person\",\"@id\":\"https:\/\/www.fiscalia.gov.co\/colombia\/#\/schema\/person\/ba9eca435947489fb25117a0cd75bf3e\",\"name\":\"Johanna Islenny Prieto Pe\u00f1a\",\"image\":{\"@type\":\"ImageObject\",\"inLanguage\":\"es-CO\",\"@id\":\"https:\/\/www.fiscalia.gov.co\/colombia\/#\/schema\/person\/image\/\",\"url\":\"https:\/\/secure.gravatar.com\/avatar\/111433fc2acb037ffb768f6a3ca47864?s=96&d=mm&r=g\",\"contentUrl\":\"https:\/\/secure.gravatar.com\/avatar\/111433fc2acb037ffb768f6a3ca47864?s=96&d=mm&r=g\",\"caption\":\"Johanna Islenny Prieto Pe\u00f1a\"},\"url\":\"https:\/\/www.fiscalia.gov.co\/colombia\/author\/jprietop\/\"}]}<\/script>\n<!-- \/ Yoast SEO plugin. -->","yoast_head_json":{"title":"Fiscal\u00eda General de la Naci\u00f3n","description":"P\u00e1gina oficial de la Fiscal\u00eda General de la Naci\u00f3n \u2013 Colombia. Garantizamos el acceso efectivo a la justicia, la verdad y la reparaci\u00f3n de las v\u00edctimas de los delitos.","robots":{"index":"noindex","follow":"follow"},"og_locale":"es_ES","og_type":"article","og_title":"Fiscal\u00eda General de la Naci\u00f3n","og_description":"P\u00e1gina oficial de la Fiscal\u00eda General de la Naci\u00f3n \u2013 Colombia. Garantizamos el acceso efectivo a la justicia, la verdad y la reparaci\u00f3n de las v\u00edctimas de los delitos.","og_url":"https:\/\/www.fiscalia.gov.co\/colombia\/lavado-de-activos\/fiscalia-impacta-a-los-del-sur-la-red-delictiva-senalada-de-lavar-mas-de-6-000-millones-de-pesos-del-narcotrafico\/","og_site_name":"Fiscal\u00eda General de la Naci\u00f3n","article_publisher":"https:\/\/www.facebook.com\/FiscaliaCol","article_published_time":"2024-12-29T14:50:41+00:00","article_modified_time":"2024-12-30T14:35:18+00:00","author":"Johanna Islenny Prieto Pe\u00f1a","twitter_card":"summary_large_image","twitter_creator":"@FiscaliaCol","twitter_site":"@FiscaliaCol","twitter_misc":{"Escrito por":"Johanna Islenny Prieto Pe\u00f1a","Tiempo de lectura":"2 minutos"},"schema":{"@context":"https:\/\/schema.org","@graph":[{"@type":"Article","@id":"https:\/\/www.fiscalia.gov.co\/colombia\/lavado-de-activos\/fiscalia-impacta-a-los-del-sur-la-red-delictiva-senalada-de-lavar-mas-de-6-000-millones-de-pesos-del-narcotrafico\/#article","isPartOf":{"@id":"https:\/\/www.fiscalia.gov.co\/colombia\/lavado-de-activos\/fiscalia-impacta-a-los-del-sur-la-red-delictiva-senalada-de-lavar-mas-de-6-000-millones-de-pesos-del-narcotrafico\/"},"author":{"name":"Johanna Islenny Prieto Pe\u00f1a","@id":"https:\/\/www.fiscalia.gov.co\/colombia\/#\/schema\/person\/ba9eca435947489fb25117a0cd75bf3e"},"headline":"Fiscal\u00eda impacta a \u2018Los del Sur\u2019, la red delictiva se\u00f1alada de lavar m\u00e1s de 6.000 millones de pesos del narcotr\u00e1fico","datePublished":"2024-12-29T14:50:41+00:00","dateModified":"2024-12-30T14:35:18+00:00","mainEntityOfPage":{"@id":"https:\/\/www.fiscalia.gov.co\/colombia\/lavado-de-activos\/fiscalia-impacta-a-los-del-sur-la-red-delictiva-senalada-de-lavar-mas-de-6-000-millones-de-pesos-del-narcotrafico\/"},"wordCount":464,"publisher":{"@id":"https:\/\/www.fiscalia.gov.co\/colombia\/#organization"},"keywords":["Fiscal","Fiscal Luz Adriana Camargo","Fiscal\u00eda","Fiscal\u00eda General de la Naci\u00f3n","Los del Sur","Narcotr\u00e1fico","red delincuencial"],"articleSection":["Lavado de activos"],"inLanguage":"es-CO"},{"@type":"WebPage","@id":"https:\/\/www.fiscalia.gov.co\/colombia\/lavado-de-activos\/fiscalia-impacta-a-los-del-sur-la-red-delictiva-senalada-de-lavar-mas-de-6-000-millones-de-pesos-del-narcotrafico\/","url":"https:\/\/www.fiscalia.gov.co\/colombia\/lavado-de-activos\/fiscalia-impacta-a-los-del-sur-la-red-delictiva-senalada-de-lavar-mas-de-6-000-millones-de-pesos-del-narcotrafico\/","name":"Fiscal\u00eda General de la Naci\u00f3n","isPartOf":{"@id":"https:\/\/www.fiscalia.gov.co\/colombia\/#website"},"datePublished":"2024-12-29T14:50:41+00:00","dateModified":"2024-12-30T14:35:18+00:00","description":"P\u00e1gina oficial de la Fiscal\u00eda General de la Naci\u00f3n \u2013 Colombia. Garantizamos el acceso efectivo a la justicia, la verdad y la reparaci\u00f3n de las v\u00edctimas de los delitos.","breadcrumb":{"@id":"https:\/\/www.fiscalia.gov.co\/colombia\/lavado-de-activos\/fiscalia-impacta-a-los-del-sur-la-red-delictiva-senalada-de-lavar-mas-de-6-000-millones-de-pesos-del-narcotrafico\/#breadcrumb"},"inLanguage":"es-CO","potentialAction":[{"@type":"ReadAction","target":["https:\/\/www.fiscalia.gov.co\/colombia\/lavado-de-activos\/fiscalia-impacta-a-los-del-sur-la-red-delictiva-senalada-de-lavar-mas-de-6-000-millones-de-pesos-del-narcotrafico\/"]}]},{"@type":"BreadcrumbList","@id":"https:\/\/www.fiscalia.gov.co\/colombia\/lavado-de-activos\/fiscalia-impacta-a-los-del-sur-la-red-delictiva-senalada-de-lavar-mas-de-6-000-millones-de-pesos-del-narcotrafico\/#breadcrumb","itemListElement":[{"@type":"ListItem","position":1,"name":"Home","item":"https:\/\/www.fiscalia.gov.co\/colombia\/"},{"@type":"ListItem","position":2,"name":"Fiscal\u00eda impacta a \u2018Los del Sur\u2019, la red delictiva se\u00f1alada de lavar m\u00e1s de 6.000 millones de pesos del narcotr\u00e1fico"}]},{"@type":"WebSite","@id":"https:\/\/www.fiscalia.gov.co\/colombia\/#website","url":"https:\/\/www.fiscalia.gov.co\/colombia\/","name":"Fiscal\u00eda General de la Naci\u00f3n","description":"P\u00e1gina oficial de la Fiscal\u00eda General de la Naci\u00f3n \u2013 Colombia. Garantizamos el acceso efectivo a la justicia, la verdad y la reparaci\u00f3n de las v\u00edctimas de los delitos.","publisher":{"@id":"https:\/\/www.fiscalia.gov.co\/colombia\/#organization"},"potentialAction":[{"@type":"SearchAction","target":{"@type":"EntryPoint","urlTemplate":"https:\/\/www.fiscalia.gov.co\/colombia\/?s={search_term_string}"},"query-input":{"@type":"PropertyValueSpecification","valueRequired":true,"valueName":"search_term_string"}}],"inLanguage":"es-CO"},{"@type":"Organization","@id":"https:\/\/www.fiscalia.gov.co\/colombia\/#organization","name":"Fiscal\u00eda General de la Naci\u00f3n","url":"https:\/\/www.fiscalia.gov.co\/colombia\/","logo":{"@type":"ImageObject","inLanguage":"es-CO","@id":"https:\/\/www.fiscalia.gov.co\/colombia\/#\/schema\/logo\/image\/","url":"https:\/\/www.fiscalia.gov.co\/colombia\/wp-content\/uploads\/LogoHorizontal_1.jpg","contentUrl":"https:\/\/www.fiscalia.gov.co\/colombia\/wp-content\/uploads\/LogoHorizontal_1.jpg","width":300,"height":90,"caption":"Fiscal\u00eda General de la Naci\u00f3n"},"image":{"@id":"https:\/\/www.fiscalia.gov.co\/colombia\/#\/schema\/logo\/image\/"},"sameAs":["https:\/\/www.facebook.com\/FiscaliaCol","https:\/\/x.com\/FiscaliaCol","https:\/\/www.instagram.com\/fiscaliacol","https:\/\/www.linkedin.com\/company\/fiscalia-general-de-la-naci-n\/","https:\/\/youtube.com\/@fiscaliageneraldelanacion-4668?si=6nN79nyQICPU5iTh"]},{"@type":"Person","@id":"https:\/\/www.fiscalia.gov.co\/colombia\/#\/schema\/person\/ba9eca435947489fb25117a0cd75bf3e","name":"Johanna Islenny Prieto Pe\u00f1a","image":{"@type":"ImageObject","inLanguage":"es-CO","@id":"https:\/\/www.fiscalia.gov.co\/colombia\/#\/schema\/person\/image\/","url":"https:\/\/secure.gravatar.com\/avatar\/111433fc2acb037ffb768f6a3ca47864?s=96&d=mm&r=g","contentUrl":"https:\/\/secure.gravatar.com\/avatar\/111433fc2acb037ffb768f6a3ca47864?s=96&d=mm&r=g","caption":"Johanna Islenny Prieto Pe\u00f1a"},"url":"https:\/\/www.fiscalia.gov.co\/colombia\/author\/jprietop\/"}]}},"_links":{"self":[{"href":"https:\/\/www.fiscalia.gov.co\/colombia\/wp-json\/wp\/v2\/posts\/308092","targetHints":{"allow":["GET"]}}],"collection":[{"href":"https:\/\/www.fiscalia.gov.co\/colombia\/wp-json\/wp\/v2\/posts"}],"about":[{"href":"https:\/\/www.fiscalia.gov.co\/colombia\/wp-json\/wp\/v2\/types\/post"}],"author":[{"embeddable":true,"href":"https:\/\/www.fiscalia.gov.co\/colombia\/wp-json\/wp\/v2\/users\/181"}],"replies":[{"embeddable":true,"href":"https:\/\/www.fiscalia.gov.co\/colombia\/wp-json\/wp\/v2\/comments?post=308092"}],"version-history":[{"count":3,"href":"https:\/\/www.fiscalia.gov.co\/colombia\/wp-json\/wp\/v2\/posts\/308092\/revisions"}],"predecessor-version":[{"id":308108,"href":"https:\/\/www.fiscalia.gov.co\/colombia\/wp-json\/wp\/v2\/posts\/308092\/revisions\/308108"}],"wp:attachment":[{"href":"https:\/\/www.fiscalia.gov.co\/colombia\/wp-json\/wp\/v2\/media?parent=308092"}],"wp:term":[{"taxonomy":"category","embeddable":true,"href":"https:\/\/www.fiscalia.gov.co\/colombia\/wp-json\/wp\/v2\/categories?post=308092"},{"taxonomy":"post_tag","embeddable":true,"href":"https:\/\/www.fiscalia.gov.co\/colombia\/wp-json\/wp\/v2\/tags?post=308092"}],"curies":[{"name":"wp","href":"https:\/\/api.w.org\/{rel}","templated":true}]}}