{"id":308078,"date":"2024-12-27T15:32:37","date_gmt":"2024-12-27T20:32:37","guid":{"rendered":"https:\/\/www.fiscalia.gov.co\/colombia\/?p=308078"},"modified":"2024-12-27T15:32:37","modified_gmt":"2024-12-27T20:32:37","slug":"a-la-carcel-alias-el-viejo-40-presunto-comandante-militar-del-clan-del-golfo-que-delinque-en-cordoba","status":"publish","type":"post","link":"https:\/\/www.fiscalia.gov.co\/colombia\/noticias\/a-la-carcel-alias-el-viejo-40-presunto-comandante-militar-del-clan-del-golfo-que-delinque-en-cordoba\/","title":{"rendered":"A la c\u00e1rcel alias \u2018El Viejo 40\u2019, presunto comandante militar del Clan del Golfo que delinque en C\u00f3rdoba"},"content":{"rendered":"<p>Por petici\u00f3n de la Fiscal\u00eda, un juez de control de garant\u00edas dict\u00f3 medida de aseguramiento en centro carcelario en contra de \u00c9dison Manuel Meza Avil\u00e9s, Eduar Jos\u00e9 Bet\u00edn Ib\u00e1\u00f1ez y Ederson Fabi\u00e1n Pertuz Giraldo.<\/p>\n<p>El ente acusador imput\u00f3 a los procesados los delitos de concierto para delinquir, <strong>tr\u00e1fico fabricaci\u00f3n y porte de armas de fuego accesorios partes y munici\u00f3n de uso restringido de la fuerza armada;<\/strong> as\u00ed como tr\u00e1fico, fabricaci\u00f3n o porte de armas de uso personal.<\/p>\n<p>Meza Avil\u00e9s, conocido con el alias de El Viejo 40, ser\u00eda el cabecilla militar de la subestructura Rub\u00e9n Dar\u00edo \u00c1vila del Clan del Golfo. <strong>\u00c9l, se cree, era el encargado de coordinar sicarios urbanos en los municipios de Puerto libertador, San Jos\u00e9 de Ur\u00e9, Montel\u00edbano y Planeta Rica.<\/strong><\/p>\n<figure id=\"attachment_308080\" aria-describedby=\"caption-attachment-308080\" style=\"width: 520px\" class=\"wp-caption aligncenter\"><img loading=\"lazy\" decoding=\"async\" class=\" wp-image-308080\" src=\"https:\/\/www.fiscalia.gov.co\/colombia\/wp-content\/uploads\/Edison-Manuel-Meza-Aviles-alias-El-Viejo-40-1-300x169.jpeg\" alt=\"En la imagen aparecen tres personas detenidas, entre uniformados de la Polic\u00eda Nacional y el Ej\u00e9rcito y frente a una mesa con armas y municiones. \" width=\"520\" height=\"293\" srcset=\"https:\/\/www.fiscalia.gov.co\/colombia\/wp-content\/uploads\/Edison-Manuel-Meza-Aviles-alias-El-Viejo-40-1-300x169.jpeg 300w, https:\/\/www.fiscalia.gov.co\/colombia\/wp-content\/uploads\/Edison-Manuel-Meza-Aviles-alias-El-Viejo-40-1-1024x576.jpeg 1024w, https:\/\/www.fiscalia.gov.co\/colombia\/wp-content\/uploads\/Edison-Manuel-Meza-Aviles-alias-El-Viejo-40-1-768x432.jpeg 768w, https:\/\/www.fiscalia.gov.co\/colombia\/wp-content\/uploads\/Edison-Manuel-Meza-Aviles-alias-El-Viejo-40-1-1536x864.jpeg 1536w, https:\/\/www.fiscalia.gov.co\/colombia\/wp-content\/uploads\/Edison-Manuel-Meza-Aviles-alias-El-Viejo-40-1-747x420.jpeg 747w, https:\/\/www.fiscalia.gov.co\/colombia\/wp-content\/uploads\/Edison-Manuel-Meza-Aviles-alias-El-Viejo-40-1-696x392.jpeg 696w, https:\/\/www.fiscalia.gov.co\/colombia\/wp-content\/uploads\/Edison-Manuel-Meza-Aviles-alias-El-Viejo-40-1-1068x601.jpeg 1068w, https:\/\/www.fiscalia.gov.co\/colombia\/wp-content\/uploads\/Edison-Manuel-Meza-Aviles-alias-El-Viejo-40-1.jpeg 1600w\" sizes=\"auto, (max-width: 520px) 100vw, 520px\" \/><figcaption id=\"caption-attachment-308080\" class=\"wp-caption-text\">Alias &#8216;El Viejo&#8217; fue capturado en flagrancia cuando se movilizaba con dos de sus escoltas.<\/figcaption><\/figure>\n<p>La investigaci\u00f3n evidenci\u00f3 que \u2018El Viejo 40\u2019 se desmoviliz\u00f3 de las extintas Autodefensas Unidas de Colombia (AUC), de las que habr\u00eda hecho parte por m\u00e1s de 15 a\u00f1os. La Fiscal\u00eda investiga la aparente participaci\u00f3n de Meza Avil\u00e9s en el crimen del periodista Rafael Moreno Garavito, ocurrido en 2022.<\/p>\n<p><strong>Le puede interesar: <\/strong><a href=\"https:\/\/www.fiscalia.gov.co\/colombia\/crimen-organizado\/a-la-carcel-senalado-cabecilla-del-clan-del-golfo-que-estaria-implicado-en-homicidios-extorsiones-y-otras-conductas-delictivas-en-cordoba\/\" data-saferedirecturl=\"https:\/\/www.google.com\/url?q=https:\/\/www.fiscalia.gov.co\/colombia\/crimen-organizado\/a-la-carcel-senalado-cabecilla-del-clan-del-golfo-que-estaria-implicado-en-homicidios-extorsiones-y-otras-conductas-delictivas-en-cordoba\/&amp;source=gmail&amp;ust=1735415842549000&amp;usg=AOvVaw3ZdluBTqR9eHBTy9JIBP9C\">A la c\u00e1rcel se\u00f1alado cabecilla del \u2018Clan del Golfo\u2019 que estar\u00eda implicado en homicidios, extorsiones y otras conductas delictivas en C\u00f3rdoba<\/a><\/p>\n<p>Uniformados de la Sij\u00edn de la Polic\u00eda y del Ej\u00e9rcito Nacional fueron los encargados de capturar a los procesados, el pasado 18 de diciembre. Bet\u00edn Ib\u00e1\u00f1ez y Pertuz Giraldo, se desempe\u00f1ar\u00edan como escoltas de \u2018El Viejo 40\u2019.<\/p>\n<p>Estos procedimientos se adelantaron mientras los ahora procesados se movilizaban en dos motocicletas por el municipio de Planeta Rica (C\u00f3rdoba). <strong>Las autoridades les incautaron cinco celulares, dos pistolas, tres proveedores, una granada, un juego de esposas y 128 cartuchos de diferente calibre.<\/strong><\/p>\n<p>Ninguno de los imputados acept\u00f3 los cargos endilgados por la Fiscal\u00eda.<\/p>\n<p>&nbsp;<\/p>\n<p>&nbsp;<\/p>\n<p>&nbsp;<\/p>\n<p>VHGB\/MAGA\/CU\/DSC<\/p>\n<p>&nbsp;<\/p>\n<p>&nbsp;<\/p>\n<p>&nbsp;<\/p>\n<p>&nbsp;<\/p>\n<p><em>La informaci\u00f3n contenida en este bolet\u00edn de prensa corresponde a la narraci\u00f3n de los hechos noticiosos objetivos, suministrados por los funcionarios encargados de adelantar las investigaciones penales al interior de la Fiscal\u00eda General de la Naci\u00f3n. Para el momento de la divulgaci\u00f3n de este comunicado, la situaci\u00f3n jur\u00eddica de la(s) persona(s) relacionada(s) se encuentra pendiente de resolver por la autoridad judicial competente, siempre bajo los preceptos de la presunci\u00f3n de inocencia, consagrados en el art\u00edculo 29 de la Constituci\u00f3n Pol\u00edtica y el art\u00edculo 7\u00ba de la Ley 906 de 2004.<\/em><\/p>\n<p>&nbsp;<\/p>\n<p>&nbsp;<\/p>\n<p>&nbsp;<\/p>\n<p>&nbsp;<\/p>\n\n<div class=\"twitter-share\"><a href=\"https:\/\/twitter.com\/intent\/tweet?via=fiscaliacol\" class=\"twitter-share-button\">Tweet<\/a><\/div>\n","protected":false},"excerpt":{"rendered":"<p>Por petici\u00f3n de la Fiscal\u00eda, un juez de control de garant\u00edas dict\u00f3 medida de aseguramiento en centro carcelario en contra de \u00c9dison Manuel Meza Avil\u00e9s, Eduar Jos\u00e9 Bet\u00edn Ib\u00e1\u00f1ez y Ederson Fabi\u00e1n Pertuz Giraldo. El ente acusador imput\u00f3 a los procesados los delitos de concierto para delinquir, tr\u00e1fico fabricaci\u00f3n y porte de armas de fuego [&hellip;]<\/p>\n","protected":false},"author":178,"featured_media":0,"comment_status":"closed","ping_status":"open","sticky":false,"template":"","format":"standard","meta":{"tdm_status":"","tdm_grid_status":"","footnotes":""},"categories":[1,24099],"tags":[1418,18672,83,13531,24187,1047,1185,27117,23928,558,698,39771,14921],"class_list":{"0":"post-308078","1":"post","2":"type-post","3":"status-publish","4":"format-standard","6":"category-noticias","7":"category-seguridad-territorial","8":"tag-cabecilla","9":"tag-clan-del-golfo","10":"tag-concierto-para-delinquir","11":"tag-cordoba","12":"tag-fiscalia-colombia","13":"tag-fiscalia-general-de-la-nacion","14":"tag-medida-de-aseguramiento","15":"tag-monteria-cordoba","16":"tag-planeta-rica","17":"tag-policia-nacional","18":"tag-porte-de-armas","19":"tag-prendas-de-uso-privativo","20":"tag-sicarios"},"yoast_head":"<!-- This site is optimized with the Yoast SEO plugin v24.3 - https:\/\/yoast.com\/wordpress\/plugins\/seo\/ -->\n<title>Fiscal\u00eda General de la Naci\u00f3n<\/title>\n<meta name=\"description\" content=\"P\u00e1gina oficial de la Fiscal\u00eda General de la Naci\u00f3n \u2013 Colombia. Garantizamos el acceso efectivo a la justicia, la verdad y la reparaci\u00f3n de las v\u00edctimas de los delitos.\" \/>\n<meta name=\"robots\" content=\"noindex, follow\" \/>\n<meta property=\"og:locale\" content=\"es_ES\" \/>\n<meta property=\"og:type\" content=\"article\" \/>\n<meta property=\"og:title\" content=\"Fiscal\u00eda General de la Naci\u00f3n\" \/>\n<meta property=\"og:description\" content=\"P\u00e1gina oficial de la Fiscal\u00eda General de la Naci\u00f3n \u2013 Colombia. Garantizamos el acceso efectivo a la justicia, la verdad y la reparaci\u00f3n de las v\u00edctimas de los delitos.\" \/>\n<meta property=\"og:url\" content=\"https:\/\/www.fiscalia.gov.co\/colombia\/noticias\/a-la-carcel-alias-el-viejo-40-presunto-comandante-militar-del-clan-del-golfo-que-delinque-en-cordoba\/\" \/>\n<meta property=\"og:site_name\" content=\"Fiscal\u00eda General de la Naci\u00f3n\" \/>\n<meta property=\"article:publisher\" content=\"https:\/\/www.facebook.com\/FiscaliaCol\" \/>\n<meta property=\"article:published_time\" content=\"2024-12-27T20:32:37+00:00\" \/>\n<meta property=\"og:image\" content=\"https:\/\/www.fiscalia.gov.co\/colombia\/wp-content\/uploads\/Edison-Manuel-Meza-Aviles-alias-El-Viejo-40-1.jpeg\" \/>\n\t<meta property=\"og:image:width\" content=\"1600\" \/>\n\t<meta property=\"og:image:height\" content=\"900\" \/>\n\t<meta property=\"og:image:type\" content=\"image\/jpeg\" \/>\n<meta name=\"author\" content=\"Winnie Geraldine Rodr\u00edguez Navarrete\" \/>\n<meta name=\"twitter:card\" content=\"summary_large_image\" \/>\n<meta name=\"twitter:creator\" content=\"@FiscaliaCol\" \/>\n<meta name=\"twitter:site\" content=\"@FiscaliaCol\" \/>\n<meta name=\"twitter:label1\" content=\"Escrito por\" \/>\n\t<meta name=\"twitter:data1\" content=\"Winnie Geraldine Rodr\u00edguez Navarrete\" \/>\n\t<meta name=\"twitter:label2\" content=\"Tiempo de lectura\" \/>\n\t<meta name=\"twitter:data2\" content=\"3 minutos\" \/>\n<script type=\"application\/ld+json\" class=\"yoast-schema-graph\">{\"@context\":\"https:\/\/schema.org\",\"@graph\":[{\"@type\":\"Article\",\"@id\":\"https:\/\/www.fiscalia.gov.co\/colombia\/noticias\/a-la-carcel-alias-el-viejo-40-presunto-comandante-militar-del-clan-del-golfo-que-delinque-en-cordoba\/#article\",\"isPartOf\":{\"@id\":\"https:\/\/www.fiscalia.gov.co\/colombia\/noticias\/a-la-carcel-alias-el-viejo-40-presunto-comandante-militar-del-clan-del-golfo-que-delinque-en-cordoba\/\"},\"author\":{\"name\":\"Winnie Geraldine Rodr\u00edguez Navarrete\",\"@id\":\"https:\/\/www.fiscalia.gov.co\/colombia\/#\/schema\/person\/176195b99ebab0a52aafa15197e1bf80\"},\"headline\":\"A la c\u00e1rcel alias \u2018El Viejo 40\u2019, presunto comandante militar del Clan del Golfo que delinque en C\u00f3rdoba\",\"datePublished\":\"2024-12-27T20:32:37+00:00\",\"dateModified\":\"2024-12-27T20:32:37+00:00\",\"mainEntityOfPage\":{\"@id\":\"https:\/\/www.fiscalia.gov.co\/colombia\/noticias\/a-la-carcel-alias-el-viejo-40-presunto-comandante-militar-del-clan-del-golfo-que-delinque-en-cordoba\/\"},\"wordCount\":475,\"publisher\":{\"@id\":\"https:\/\/www.fiscalia.gov.co\/colombia\/#organization\"},\"image\":{\"@id\":\"https:\/\/www.fiscalia.gov.co\/colombia\/noticias\/a-la-carcel-alias-el-viejo-40-presunto-comandante-militar-del-clan-del-golfo-que-delinque-en-cordoba\/#primaryimage\"},\"thumbnailUrl\":\"https:\/\/www.fiscalia.gov.co\/colombia\/wp-content\/uploads\/Edison-Manuel-Meza-Aviles-alias-El-Viejo-40-1-300x169.jpeg\",\"keywords\":[\"Cabecilla\",\"Clan del Golfo\",\"Concierto para delinquir\",\"C\u00f3rdoba\",\"Fiscal\u00eda Colombia\",\"Fiscal\u00eda General de la Naci\u00f3n\",\"Medida de aseguramiento\",\"Monter\u00eda -C\u00f3rdoba\",\"Planeta Rica\",\"Polic\u00eda Nacional\",\"Porte de armas\",\"prendas de uso privativo\",\"Sicarios\"],\"articleSection\":[\"Noticias\",\"Seguridad territorial\"],\"inLanguage\":\"es-CO\"},{\"@type\":\"WebPage\",\"@id\":\"https:\/\/www.fiscalia.gov.co\/colombia\/noticias\/a-la-carcel-alias-el-viejo-40-presunto-comandante-militar-del-clan-del-golfo-que-delinque-en-cordoba\/\",\"url\":\"https:\/\/www.fiscalia.gov.co\/colombia\/noticias\/a-la-carcel-alias-el-viejo-40-presunto-comandante-militar-del-clan-del-golfo-que-delinque-en-cordoba\/\",\"name\":\"Fiscal\u00eda General de la Naci\u00f3n\",\"isPartOf\":{\"@id\":\"https:\/\/www.fiscalia.gov.co\/colombia\/#website\"},\"primaryImageOfPage\":{\"@id\":\"https:\/\/www.fiscalia.gov.co\/colombia\/noticias\/a-la-carcel-alias-el-viejo-40-presunto-comandante-militar-del-clan-del-golfo-que-delinque-en-cordoba\/#primaryimage\"},\"image\":{\"@id\":\"https:\/\/www.fiscalia.gov.co\/colombia\/noticias\/a-la-carcel-alias-el-viejo-40-presunto-comandante-militar-del-clan-del-golfo-que-delinque-en-cordoba\/#primaryimage\"},\"thumbnailUrl\":\"https:\/\/www.fiscalia.gov.co\/colombia\/wp-content\/uploads\/Edison-Manuel-Meza-Aviles-alias-El-Viejo-40-1-300x169.jpeg\",\"datePublished\":\"2024-12-27T20:32:37+00:00\",\"dateModified\":\"2024-12-27T20:32:37+00:00\",\"description\":\"P\u00e1gina oficial de la Fiscal\u00eda General de la Naci\u00f3n \u2013 Colombia. Garantizamos el acceso efectivo a la justicia, la verdad y la reparaci\u00f3n de las v\u00edctimas de los delitos.\",\"breadcrumb\":{\"@id\":\"https:\/\/www.fiscalia.gov.co\/colombia\/noticias\/a-la-carcel-alias-el-viejo-40-presunto-comandante-militar-del-clan-del-golfo-que-delinque-en-cordoba\/#breadcrumb\"},\"inLanguage\":\"es-CO\",\"potentialAction\":[{\"@type\":\"ReadAction\",\"target\":[\"https:\/\/www.fiscalia.gov.co\/colombia\/noticias\/a-la-carcel-alias-el-viejo-40-presunto-comandante-militar-del-clan-del-golfo-que-delinque-en-cordoba\/\"]}]},{\"@type\":\"ImageObject\",\"inLanguage\":\"es-CO\",\"@id\":\"https:\/\/www.fiscalia.gov.co\/colombia\/noticias\/a-la-carcel-alias-el-viejo-40-presunto-comandante-militar-del-clan-del-golfo-que-delinque-en-cordoba\/#primaryimage\",\"url\":\"https:\/\/www.fiscalia.gov.co\/colombia\/wp-content\/uploads\/Edison-Manuel-Meza-Aviles-alias-El-Viejo-40-1.jpeg\",\"contentUrl\":\"https:\/\/www.fiscalia.gov.co\/colombia\/wp-content\/uploads\/Edison-Manuel-Meza-Aviles-alias-El-Viejo-40-1.jpeg\",\"width\":1600,\"height\":900,\"caption\":\"Alias 'El Viejo' fue capturado en flagrancia cuando se movilizaba con dos de sus escoltas.\"},{\"@type\":\"BreadcrumbList\",\"@id\":\"https:\/\/www.fiscalia.gov.co\/colombia\/noticias\/a-la-carcel-alias-el-viejo-40-presunto-comandante-militar-del-clan-del-golfo-que-delinque-en-cordoba\/#breadcrumb\",\"itemListElement\":[{\"@type\":\"ListItem\",\"position\":1,\"name\":\"Home\",\"item\":\"https:\/\/www.fiscalia.gov.co\/colombia\/\"},{\"@type\":\"ListItem\",\"position\":2,\"name\":\"A la c\u00e1rcel alias \u2018El Viejo 40\u2019, presunto comandante militar del Clan del Golfo que delinque en C\u00f3rdoba\"}]},{\"@type\":\"WebSite\",\"@id\":\"https:\/\/www.fiscalia.gov.co\/colombia\/#website\",\"url\":\"https:\/\/www.fiscalia.gov.co\/colombia\/\",\"name\":\"Fiscal\u00eda General de la Naci\u00f3n\",\"description\":\"P\u00e1gina oficial de la Fiscal\u00eda General de la Naci\u00f3n \u2013 Colombia. Garantizamos el acceso efectivo a la justicia, la verdad y la reparaci\u00f3n de las v\u00edctimas de los delitos.\",\"publisher\":{\"@id\":\"https:\/\/www.fiscalia.gov.co\/colombia\/#organization\"},\"potentialAction\":[{\"@type\":\"SearchAction\",\"target\":{\"@type\":\"EntryPoint\",\"urlTemplate\":\"https:\/\/www.fiscalia.gov.co\/colombia\/?s={search_term_string}\"},\"query-input\":{\"@type\":\"PropertyValueSpecification\",\"valueRequired\":true,\"valueName\":\"search_term_string\"}}],\"inLanguage\":\"es-CO\"},{\"@type\":\"Organization\",\"@id\":\"https:\/\/www.fiscalia.gov.co\/colombia\/#organization\",\"name\":\"Fiscal\u00eda General de la Naci\u00f3n\",\"url\":\"https:\/\/www.fiscalia.gov.co\/colombia\/\",\"logo\":{\"@type\":\"ImageObject\",\"inLanguage\":\"es-CO\",\"@id\":\"https:\/\/www.fiscalia.gov.co\/colombia\/#\/schema\/logo\/image\/\",\"url\":\"https:\/\/www.fiscalia.gov.co\/colombia\/wp-content\/uploads\/LogoHorizontal_1.jpg\",\"contentUrl\":\"https:\/\/www.fiscalia.gov.co\/colombia\/wp-content\/uploads\/LogoHorizontal_1.jpg\",\"width\":300,\"height\":90,\"caption\":\"Fiscal\u00eda General de la Naci\u00f3n\"},\"image\":{\"@id\":\"https:\/\/www.fiscalia.gov.co\/colombia\/#\/schema\/logo\/image\/\"},\"sameAs\":[\"https:\/\/www.facebook.com\/FiscaliaCol\",\"https:\/\/x.com\/FiscaliaCol\",\"https:\/\/www.instagram.com\/fiscaliacol\",\"https:\/\/www.linkedin.com\/company\/fiscalia-general-de-la-naci-n\/\",\"https:\/\/youtube.com\/@fiscaliageneraldelanacion-4668?si=6nN79nyQICPU5iTh\"]},{\"@type\":\"Person\",\"@id\":\"https:\/\/www.fiscalia.gov.co\/colombia\/#\/schema\/person\/176195b99ebab0a52aafa15197e1bf80\",\"name\":\"Winnie Geraldine Rodr\u00edguez Navarrete\",\"image\":{\"@type\":\"ImageObject\",\"inLanguage\":\"es-CO\",\"@id\":\"https:\/\/www.fiscalia.gov.co\/colombia\/#\/schema\/person\/image\/\",\"url\":\"https:\/\/secure.gravatar.com\/avatar\/c24cf8481dc84fa5e8c7b20bc95ab0c6?s=96&d=mm&r=g\",\"contentUrl\":\"https:\/\/secure.gravatar.com\/avatar\/c24cf8481dc84fa5e8c7b20bc95ab0c6?s=96&d=mm&r=g\",\"caption\":\"Winnie Geraldine Rodr\u00edguez Navarrete\"},\"url\":\"https:\/\/www.fiscalia.gov.co\/colombia\/author\/winnierodriguez\/\"}]}<\/script>\n<!-- \/ Yoast SEO plugin. -->","yoast_head_json":{"title":"Fiscal\u00eda General de la Naci\u00f3n","description":"P\u00e1gina oficial de la Fiscal\u00eda General de la Naci\u00f3n \u2013 Colombia. Garantizamos el acceso efectivo a la justicia, la verdad y la reparaci\u00f3n de las v\u00edctimas de los delitos.","robots":{"index":"noindex","follow":"follow"},"og_locale":"es_ES","og_type":"article","og_title":"Fiscal\u00eda General de la Naci\u00f3n","og_description":"P\u00e1gina oficial de la Fiscal\u00eda General de la Naci\u00f3n \u2013 Colombia. Garantizamos el acceso efectivo a la justicia, la verdad y la reparaci\u00f3n de las v\u00edctimas de los delitos.","og_url":"https:\/\/www.fiscalia.gov.co\/colombia\/noticias\/a-la-carcel-alias-el-viejo-40-presunto-comandante-militar-del-clan-del-golfo-que-delinque-en-cordoba\/","og_site_name":"Fiscal\u00eda General de la Naci\u00f3n","article_publisher":"https:\/\/www.facebook.com\/FiscaliaCol","article_published_time":"2024-12-27T20:32:37+00:00","og_image":[{"width":1600,"height":900,"url":"https:\/\/www.fiscalia.gov.co\/colombia\/wp-content\/uploads\/Edison-Manuel-Meza-Aviles-alias-El-Viejo-40-1.jpeg","type":"image\/jpeg"}],"author":"Winnie Geraldine Rodr\u00edguez Navarrete","twitter_card":"summary_large_image","twitter_creator":"@FiscaliaCol","twitter_site":"@FiscaliaCol","twitter_misc":{"Escrito por":"Winnie Geraldine Rodr\u00edguez Navarrete","Tiempo de lectura":"3 minutos"},"schema":{"@context":"https:\/\/schema.org","@graph":[{"@type":"Article","@id":"https:\/\/www.fiscalia.gov.co\/colombia\/noticias\/a-la-carcel-alias-el-viejo-40-presunto-comandante-militar-del-clan-del-golfo-que-delinque-en-cordoba\/#article","isPartOf":{"@id":"https:\/\/www.fiscalia.gov.co\/colombia\/noticias\/a-la-carcel-alias-el-viejo-40-presunto-comandante-militar-del-clan-del-golfo-que-delinque-en-cordoba\/"},"author":{"name":"Winnie Geraldine Rodr\u00edguez Navarrete","@id":"https:\/\/www.fiscalia.gov.co\/colombia\/#\/schema\/person\/176195b99ebab0a52aafa15197e1bf80"},"headline":"A la c\u00e1rcel alias \u2018El Viejo 40\u2019, presunto comandante militar del Clan del Golfo que delinque en C\u00f3rdoba","datePublished":"2024-12-27T20:32:37+00:00","dateModified":"2024-12-27T20:32:37+00:00","mainEntityOfPage":{"@id":"https:\/\/www.fiscalia.gov.co\/colombia\/noticias\/a-la-carcel-alias-el-viejo-40-presunto-comandante-militar-del-clan-del-golfo-que-delinque-en-cordoba\/"},"wordCount":475,"publisher":{"@id":"https:\/\/www.fiscalia.gov.co\/colombia\/#organization"},"image":{"@id":"https:\/\/www.fiscalia.gov.co\/colombia\/noticias\/a-la-carcel-alias-el-viejo-40-presunto-comandante-militar-del-clan-del-golfo-que-delinque-en-cordoba\/#primaryimage"},"thumbnailUrl":"https:\/\/www.fiscalia.gov.co\/colombia\/wp-content\/uploads\/Edison-Manuel-Meza-Aviles-alias-El-Viejo-40-1-300x169.jpeg","keywords":["Cabecilla","Clan del Golfo","Concierto para delinquir","C\u00f3rdoba","Fiscal\u00eda Colombia","Fiscal\u00eda General de la Naci\u00f3n","Medida de aseguramiento","Monter\u00eda -C\u00f3rdoba","Planeta Rica","Polic\u00eda Nacional","Porte de armas","prendas de uso privativo","Sicarios"],"articleSection":["Noticias","Seguridad territorial"],"inLanguage":"es-CO"},{"@type":"WebPage","@id":"https:\/\/www.fiscalia.gov.co\/colombia\/noticias\/a-la-carcel-alias-el-viejo-40-presunto-comandante-militar-del-clan-del-golfo-que-delinque-en-cordoba\/","url":"https:\/\/www.fiscalia.gov.co\/colombia\/noticias\/a-la-carcel-alias-el-viejo-40-presunto-comandante-militar-del-clan-del-golfo-que-delinque-en-cordoba\/","name":"Fiscal\u00eda General de la Naci\u00f3n","isPartOf":{"@id":"https:\/\/www.fiscalia.gov.co\/colombia\/#website"},"primaryImageOfPage":{"@id":"https:\/\/www.fiscalia.gov.co\/colombia\/noticias\/a-la-carcel-alias-el-viejo-40-presunto-comandante-militar-del-clan-del-golfo-que-delinque-en-cordoba\/#primaryimage"},"image":{"@id":"https:\/\/www.fiscalia.gov.co\/colombia\/noticias\/a-la-carcel-alias-el-viejo-40-presunto-comandante-militar-del-clan-del-golfo-que-delinque-en-cordoba\/#primaryimage"},"thumbnailUrl":"https:\/\/www.fiscalia.gov.co\/colombia\/wp-content\/uploads\/Edison-Manuel-Meza-Aviles-alias-El-Viejo-40-1-300x169.jpeg","datePublished":"2024-12-27T20:32:37+00:00","dateModified":"2024-12-27T20:32:37+00:00","description":"P\u00e1gina oficial de la Fiscal\u00eda General de la Naci\u00f3n \u2013 Colombia. Garantizamos el acceso efectivo a la justicia, la verdad y la reparaci\u00f3n de las v\u00edctimas de los delitos.","breadcrumb":{"@id":"https:\/\/www.fiscalia.gov.co\/colombia\/noticias\/a-la-carcel-alias-el-viejo-40-presunto-comandante-militar-del-clan-del-golfo-que-delinque-en-cordoba\/#breadcrumb"},"inLanguage":"es-CO","potentialAction":[{"@type":"ReadAction","target":["https:\/\/www.fiscalia.gov.co\/colombia\/noticias\/a-la-carcel-alias-el-viejo-40-presunto-comandante-militar-del-clan-del-golfo-que-delinque-en-cordoba\/"]}]},{"@type":"ImageObject","inLanguage":"es-CO","@id":"https:\/\/www.fiscalia.gov.co\/colombia\/noticias\/a-la-carcel-alias-el-viejo-40-presunto-comandante-militar-del-clan-del-golfo-que-delinque-en-cordoba\/#primaryimage","url":"https:\/\/www.fiscalia.gov.co\/colombia\/wp-content\/uploads\/Edison-Manuel-Meza-Aviles-alias-El-Viejo-40-1.jpeg","contentUrl":"https:\/\/www.fiscalia.gov.co\/colombia\/wp-content\/uploads\/Edison-Manuel-Meza-Aviles-alias-El-Viejo-40-1.jpeg","width":1600,"height":900,"caption":"Alias 'El Viejo' fue capturado en flagrancia cuando se movilizaba con dos de sus escoltas."},{"@type":"BreadcrumbList","@id":"https:\/\/www.fiscalia.gov.co\/colombia\/noticias\/a-la-carcel-alias-el-viejo-40-presunto-comandante-militar-del-clan-del-golfo-que-delinque-en-cordoba\/#breadcrumb","itemListElement":[{"@type":"ListItem","position":1,"name":"Home","item":"https:\/\/www.fiscalia.gov.co\/colombia\/"},{"@type":"ListItem","position":2,"name":"A la c\u00e1rcel alias \u2018El Viejo 40\u2019, presunto comandante militar del Clan del Golfo que delinque en C\u00f3rdoba"}]},{"@type":"WebSite","@id":"https:\/\/www.fiscalia.gov.co\/colombia\/#website","url":"https:\/\/www.fiscalia.gov.co\/colombia\/","name":"Fiscal\u00eda General de la Naci\u00f3n","description":"P\u00e1gina oficial de la Fiscal\u00eda General de la Naci\u00f3n \u2013 Colombia. Garantizamos el acceso efectivo a la justicia, la verdad y la reparaci\u00f3n de las v\u00edctimas de los delitos.","publisher":{"@id":"https:\/\/www.fiscalia.gov.co\/colombia\/#organization"},"potentialAction":[{"@type":"SearchAction","target":{"@type":"EntryPoint","urlTemplate":"https:\/\/www.fiscalia.gov.co\/colombia\/?s={search_term_string}"},"query-input":{"@type":"PropertyValueSpecification","valueRequired":true,"valueName":"search_term_string"}}],"inLanguage":"es-CO"},{"@type":"Organization","@id":"https:\/\/www.fiscalia.gov.co\/colombia\/#organization","name":"Fiscal\u00eda General de la Naci\u00f3n","url":"https:\/\/www.fiscalia.gov.co\/colombia\/","logo":{"@type":"ImageObject","inLanguage":"es-CO","@id":"https:\/\/www.fiscalia.gov.co\/colombia\/#\/schema\/logo\/image\/","url":"https:\/\/www.fiscalia.gov.co\/colombia\/wp-content\/uploads\/LogoHorizontal_1.jpg","contentUrl":"https:\/\/www.fiscalia.gov.co\/colombia\/wp-content\/uploads\/LogoHorizontal_1.jpg","width":300,"height":90,"caption":"Fiscal\u00eda General de la Naci\u00f3n"},"image":{"@id":"https:\/\/www.fiscalia.gov.co\/colombia\/#\/schema\/logo\/image\/"},"sameAs":["https:\/\/www.facebook.com\/FiscaliaCol","https:\/\/x.com\/FiscaliaCol","https:\/\/www.instagram.com\/fiscaliacol","https:\/\/www.linkedin.com\/company\/fiscalia-general-de-la-naci-n\/","https:\/\/youtube.com\/@fiscaliageneraldelanacion-4668?si=6nN79nyQICPU5iTh"]},{"@type":"Person","@id":"https:\/\/www.fiscalia.gov.co\/colombia\/#\/schema\/person\/176195b99ebab0a52aafa15197e1bf80","name":"Winnie Geraldine Rodr\u00edguez Navarrete","image":{"@type":"ImageObject","inLanguage":"es-CO","@id":"https:\/\/www.fiscalia.gov.co\/colombia\/#\/schema\/person\/image\/","url":"https:\/\/secure.gravatar.com\/avatar\/c24cf8481dc84fa5e8c7b20bc95ab0c6?s=96&d=mm&r=g","contentUrl":"https:\/\/secure.gravatar.com\/avatar\/c24cf8481dc84fa5e8c7b20bc95ab0c6?s=96&d=mm&r=g","caption":"Winnie Geraldine Rodr\u00edguez Navarrete"},"url":"https:\/\/www.fiscalia.gov.co\/colombia\/author\/winnierodriguez\/"}]}},"_links":{"self":[{"href":"https:\/\/www.fiscalia.gov.co\/colombia\/wp-json\/wp\/v2\/posts\/308078","targetHints":{"allow":["GET"]}}],"collection":[{"href":"https:\/\/www.fiscalia.gov.co\/colombia\/wp-json\/wp\/v2\/posts"}],"about":[{"href":"https:\/\/www.fiscalia.gov.co\/colombia\/wp-json\/wp\/v2\/types\/post"}],"author":[{"embeddable":true,"href":"https:\/\/www.fiscalia.gov.co\/colombia\/wp-json\/wp\/v2\/users\/178"}],"replies":[{"embeddable":true,"href":"https:\/\/www.fiscalia.gov.co\/colombia\/wp-json\/wp\/v2\/comments?post=308078"}],"version-history":[{"count":2,"href":"https:\/\/www.fiscalia.gov.co\/colombia\/wp-json\/wp\/v2\/posts\/308078\/revisions"}],"predecessor-version":[{"id":308081,"href":"https:\/\/www.fiscalia.gov.co\/colombia\/wp-json\/wp\/v2\/posts\/308078\/revisions\/308081"}],"wp:attachment":[{"href":"https:\/\/www.fiscalia.gov.co\/colombia\/wp-json\/wp\/v2\/media?parent=308078"}],"wp:term":[{"taxonomy":"category","embeddable":true,"href":"https:\/\/www.fiscalia.gov.co\/colombia\/wp-json\/wp\/v2\/categories?post=308078"},{"taxonomy":"post_tag","embeddable":true,"href":"https:\/\/www.fiscalia.gov.co\/colombia\/wp-json\/wp\/v2\/tags?post=308078"}],"curies":[{"name":"wp","href":"https:\/\/api.w.org\/{rel}","templated":true}]}}