{"id":308075,"date":"2024-12-27T15:13:27","date_gmt":"2024-12-27T20:13:27","guid":{"rendered":"https:\/\/www.fiscalia.gov.co\/colombia\/?p=308075"},"modified":"2024-12-27T15:13:27","modified_gmt":"2024-12-27T20:13:27","slug":"en-medellin-un-hombre-fue-condenado-a-27-anos-de-prision-por-el-homicidio-de-un-policia-retirado","status":"publish","type":"post","link":"https:\/\/www.fiscalia.gov.co\/colombia\/noticias\/en-medellin-un-hombre-fue-condenado-a-27-anos-de-prision-por-el-homicidio-de-un-policia-retirado\/","title":{"rendered":"En Medell\u00edn un hombre fue condenado a 27 a\u00f1os de prisi\u00f3n por el homicidio de un polic\u00eda retirado"},"content":{"rendered":"<div id=\"m_-7806079193984956617m_4783309138002493754divRplyFwdMsg\" dir=\"ltr\">\n<div>La Fiscal\u00eda General de la Naci\u00f3n obtuvo\u00a0una condena a 27 a\u00f1os de prisi\u00f3n contra Maicol Estiben Restrepo Cardona, <strong>quien fue encontrado responsable del homicidio del polic\u00eda en retiro Alirio Valencia Santana.<\/strong><\/div>\n<div><\/div>\n<div>Las pruebas presentadas por el ente acusador hicieron que Restrepo Cardona<strong> aceptara su responsabilidad en cuanto a los delitos de homicidio y hurto calificado<\/strong>;<strong>\u00a0ambas conductas agravadas.<\/strong><\/div>\n<div><\/div>\n<div>La fiscal\u00eda evidenci\u00f3 que el ahora sentenciado realiz\u00f3 un trabajo de construcci\u00f3n para Valencia Santana<strong>, durante el cual se enter\u00f3 de una presunta suma de dinero que la v\u00edctima guardaba en la vivienda y que quiso hurtar.<\/strong><\/div>\n<div><\/div>\n<div>El\u00a0 12 de julio de 2023 Restrepo Cardona coordin\u00f3 con otros hombres para que llegaran al inmueble de la v\u00edctima, en el barrio Las Palmas de Medell\u00edn, a donde ingresaron por la fuerza para lesionarlo con un arma cortopunzante y obligarlo a entregar la suma que, al parecer, guardaba.<\/div>\n<div><\/div>\n<div>Los hombres se apoderaron de dos\u00a0computadores port\u00e1tiles, una alcanc\u00eda con 400.000 pesos y prendas de vestir.<strong> El costo de lo hurtado alcanz\u00f3 los 23\u2019000.000 de pesos, aproximadamente; posteriormente, asfixiaron a la v\u00edctima con una bolsa.<\/strong><\/div>\n<div><\/div>\n<div>Cometido el crimen, los hombres huyeron del lugar en una motocicleta que conducida por una mujer quien los esperaba afuera de la casa, mientras comet\u00edan el il\u00edcito.<\/div>\n<div><\/div>\n<div>Por los mismos hechos y delitos ya fueron condenados a 23 a\u00f1os y 10 meses de prisi\u00f3n Jorge Andr\u00e9s Cardona Alzate y Darlin Vanessa Gait\u00e1n \u00c1lvarez.<\/div>\n<\/div>\n<div><\/div>\n<div><\/div>\n<div><\/div>\n<div><\/div>\n<div id=\"m_-7806079193984956617m_4783309138002493754divRplyFwdMsg\" dir=\"ltr\">\n<div><b>NAMT\/SM\/DSM\/MAGA<\/b><\/div>\n<div><b>\u00a0<\/b><\/div>\n<\/div>\n<div><\/div>\n<div><\/div>\n<div><em>La informaci\u00f3n contenida en este bolet\u00edn de prensa corresponde a la narraci\u00f3n de los hechos noticiosos objetivos, suministrados por los funcionarios encargados de adelantar las investigaciones penales al interior de la Fiscal\u00eda General de la Naci\u00f3n. Para el momento de la divulgaci\u00f3n de este comunicado, la situaci\u00f3n jur\u00eddica de la(s) persona(s) relacionada(s) se encuentra pendiente de resolver por la autoridad judicial competente, siempre bajo los preceptos de la presunci\u00f3n de inocencia, consagrados en el art\u00edculo 29 de la Constituci\u00f3n Pol\u00edtica y el art\u00edculo 7\u00ba de la Ley 906 de 2004.<\/em><\/div>\n\n<div class=\"twitter-share\"><a href=\"https:\/\/twitter.com\/intent\/tweet?via=fiscaliacol\" class=\"twitter-share-button\">Tweet<\/a><\/div>\n","protected":false},"excerpt":{"rendered":"<p>La Fiscal\u00eda General de la Naci\u00f3n obtuvo\u00a0una condena a 27 a\u00f1os de prisi\u00f3n contra Maicol Estiben Restrepo Cardona, quien fue encontrado responsable del homicidio del polic\u00eda en retiro Alirio Valencia Santana. Las pruebas presentadas por el ente acusador hicieron que Restrepo Cardona aceptara su responsabilidad en cuanto a los delitos de homicidio y hurto calificado;\u00a0ambas [&hellip;]<\/p>\n","protected":false},"author":178,"featured_media":0,"comment_status":"closed","ping_status":"open","sticky":false,"template":"","format":"standard","meta":{"tdm_status":"","tdm_grid_status":"","footnotes":""},"categories":[1,24099],"tags":[39770,1047,39769,23985,558],"class_list":{"0":"post-308075","1":"post","2":"type-post","3":"status-publish","4":"format-standard","6":"category-noticias","7":"category-seguridad-territorial","8":"tag-barrio-las-palmas-de-medellin","9":"tag-fiscalia-general-de-la-nacion","10":"tag-homicidio-policia-retirado","11":"tag-medellin-antioquia","12":"tag-policia-nacional"},"yoast_head":"<!-- This site is optimized with the Yoast SEO plugin v24.3 - https:\/\/yoast.com\/wordpress\/plugins\/seo\/ -->\n<title>Fiscal\u00eda General de la Naci\u00f3n<\/title>\n<meta name=\"description\" content=\"P\u00e1gina oficial de la Fiscal\u00eda General de la Naci\u00f3n \u2013 Colombia. Garantizamos el acceso efectivo a la justicia, la verdad y la reparaci\u00f3n de las v\u00edctimas de los delitos.\" \/>\n<meta name=\"robots\" content=\"noindex, follow\" \/>\n<meta property=\"og:locale\" content=\"es_ES\" \/>\n<meta property=\"og:type\" content=\"article\" \/>\n<meta property=\"og:title\" content=\"Fiscal\u00eda General de la Naci\u00f3n\" \/>\n<meta property=\"og:description\" content=\"P\u00e1gina oficial de la Fiscal\u00eda General de la Naci\u00f3n \u2013 Colombia. Garantizamos el acceso efectivo a la justicia, la verdad y la reparaci\u00f3n de las v\u00edctimas de los delitos.\" \/>\n<meta property=\"og:url\" content=\"https:\/\/www.fiscalia.gov.co\/colombia\/noticias\/en-medellin-un-hombre-fue-condenado-a-27-anos-de-prision-por-el-homicidio-de-un-policia-retirado\/\" \/>\n<meta property=\"og:site_name\" content=\"Fiscal\u00eda General de la Naci\u00f3n\" \/>\n<meta property=\"article:publisher\" content=\"https:\/\/www.facebook.com\/FiscaliaCol\" \/>\n<meta property=\"article:published_time\" content=\"2024-12-27T20:13:27+00:00\" \/>\n<meta name=\"author\" content=\"Winnie Geraldine Rodr\u00edguez Navarrete\" \/>\n<meta name=\"twitter:card\" content=\"summary_large_image\" \/>\n<meta name=\"twitter:creator\" content=\"@FiscaliaCol\" \/>\n<meta name=\"twitter:site\" content=\"@FiscaliaCol\" \/>\n<meta name=\"twitter:label1\" content=\"Escrito por\" \/>\n\t<meta name=\"twitter:data1\" content=\"Winnie Geraldine Rodr\u00edguez Navarrete\" \/>\n\t<meta name=\"twitter:label2\" content=\"Tiempo de lectura\" \/>\n\t<meta name=\"twitter:data2\" content=\"2 minutos\" \/>\n<script type=\"application\/ld+json\" class=\"yoast-schema-graph\">{\"@context\":\"https:\/\/schema.org\",\"@graph\":[{\"@type\":\"Article\",\"@id\":\"https:\/\/www.fiscalia.gov.co\/colombia\/noticias\/en-medellin-un-hombre-fue-condenado-a-27-anos-de-prision-por-el-homicidio-de-un-policia-retirado\/#article\",\"isPartOf\":{\"@id\":\"https:\/\/www.fiscalia.gov.co\/colombia\/noticias\/en-medellin-un-hombre-fue-condenado-a-27-anos-de-prision-por-el-homicidio-de-un-policia-retirado\/\"},\"author\":{\"name\":\"Winnie Geraldine Rodr\u00edguez Navarrete\",\"@id\":\"https:\/\/www.fiscalia.gov.co\/colombia\/#\/schema\/person\/176195b99ebab0a52aafa15197e1bf80\"},\"headline\":\"En Medell\u00edn un hombre fue condenado a 27 a\u00f1os de prisi\u00f3n por el homicidio de un polic\u00eda retirado\",\"datePublished\":\"2024-12-27T20:13:27+00:00\",\"dateModified\":\"2024-12-27T20:13:27+00:00\",\"mainEntityOfPage\":{\"@id\":\"https:\/\/www.fiscalia.gov.co\/colombia\/noticias\/en-medellin-un-hombre-fue-condenado-a-27-anos-de-prision-por-el-homicidio-de-un-policia-retirado\/\"},\"wordCount\":373,\"publisher\":{\"@id\":\"https:\/\/www.fiscalia.gov.co\/colombia\/#organization\"},\"keywords\":[\"barrio Las Palmas de Medell\u00edn\",\"Fiscal\u00eda General de la Naci\u00f3n\",\"Homicidio Polic\u00eda retirado\",\"Medell\u00edn (Antioquia)\",\"Polic\u00eda Nacional\"],\"articleSection\":[\"Noticias\",\"Seguridad territorial\"],\"inLanguage\":\"es-CO\"},{\"@type\":\"WebPage\",\"@id\":\"https:\/\/www.fiscalia.gov.co\/colombia\/noticias\/en-medellin-un-hombre-fue-condenado-a-27-anos-de-prision-por-el-homicidio-de-un-policia-retirado\/\",\"url\":\"https:\/\/www.fiscalia.gov.co\/colombia\/noticias\/en-medellin-un-hombre-fue-condenado-a-27-anos-de-prision-por-el-homicidio-de-un-policia-retirado\/\",\"name\":\"Fiscal\u00eda General de la Naci\u00f3n\",\"isPartOf\":{\"@id\":\"https:\/\/www.fiscalia.gov.co\/colombia\/#website\"},\"datePublished\":\"2024-12-27T20:13:27+00:00\",\"dateModified\":\"2024-12-27T20:13:27+00:00\",\"description\":\"P\u00e1gina oficial de la Fiscal\u00eda General de la Naci\u00f3n \u2013 Colombia. Garantizamos el acceso efectivo a la justicia, la verdad y la reparaci\u00f3n de las v\u00edctimas de los delitos.\",\"breadcrumb\":{\"@id\":\"https:\/\/www.fiscalia.gov.co\/colombia\/noticias\/en-medellin-un-hombre-fue-condenado-a-27-anos-de-prision-por-el-homicidio-de-un-policia-retirado\/#breadcrumb\"},\"inLanguage\":\"es-CO\",\"potentialAction\":[{\"@type\":\"ReadAction\",\"target\":[\"https:\/\/www.fiscalia.gov.co\/colombia\/noticias\/en-medellin-un-hombre-fue-condenado-a-27-anos-de-prision-por-el-homicidio-de-un-policia-retirado\/\"]}]},{\"@type\":\"BreadcrumbList\",\"@id\":\"https:\/\/www.fiscalia.gov.co\/colombia\/noticias\/en-medellin-un-hombre-fue-condenado-a-27-anos-de-prision-por-el-homicidio-de-un-policia-retirado\/#breadcrumb\",\"itemListElement\":[{\"@type\":\"ListItem\",\"position\":1,\"name\":\"Home\",\"item\":\"https:\/\/www.fiscalia.gov.co\/colombia\/\"},{\"@type\":\"ListItem\",\"position\":2,\"name\":\"En Medell\u00edn un hombre fue condenado a 27 a\u00f1os de prisi\u00f3n por el homicidio de un polic\u00eda retirado\"}]},{\"@type\":\"WebSite\",\"@id\":\"https:\/\/www.fiscalia.gov.co\/colombia\/#website\",\"url\":\"https:\/\/www.fiscalia.gov.co\/colombia\/\",\"name\":\"Fiscal\u00eda General de la Naci\u00f3n\",\"description\":\"P\u00e1gina oficial de la Fiscal\u00eda General de la Naci\u00f3n \u2013 Colombia. Garantizamos el acceso efectivo a la justicia, la verdad y la reparaci\u00f3n de las v\u00edctimas de los delitos.\",\"publisher\":{\"@id\":\"https:\/\/www.fiscalia.gov.co\/colombia\/#organization\"},\"potentialAction\":[{\"@type\":\"SearchAction\",\"target\":{\"@type\":\"EntryPoint\",\"urlTemplate\":\"https:\/\/www.fiscalia.gov.co\/colombia\/?s={search_term_string}\"},\"query-input\":{\"@type\":\"PropertyValueSpecification\",\"valueRequired\":true,\"valueName\":\"search_term_string\"}}],\"inLanguage\":\"es-CO\"},{\"@type\":\"Organization\",\"@id\":\"https:\/\/www.fiscalia.gov.co\/colombia\/#organization\",\"name\":\"Fiscal\u00eda General de la Naci\u00f3n\",\"url\":\"https:\/\/www.fiscalia.gov.co\/colombia\/\",\"logo\":{\"@type\":\"ImageObject\",\"inLanguage\":\"es-CO\",\"@id\":\"https:\/\/www.fiscalia.gov.co\/colombia\/#\/schema\/logo\/image\/\",\"url\":\"https:\/\/www.fiscalia.gov.co\/colombia\/wp-content\/uploads\/LogoHorizontal_1.jpg\",\"contentUrl\":\"https:\/\/www.fiscalia.gov.co\/colombia\/wp-content\/uploads\/LogoHorizontal_1.jpg\",\"width\":300,\"height\":90,\"caption\":\"Fiscal\u00eda General de la Naci\u00f3n\"},\"image\":{\"@id\":\"https:\/\/www.fiscalia.gov.co\/colombia\/#\/schema\/logo\/image\/\"},\"sameAs\":[\"https:\/\/www.facebook.com\/FiscaliaCol\",\"https:\/\/x.com\/FiscaliaCol\",\"https:\/\/www.instagram.com\/fiscaliacol\",\"https:\/\/www.linkedin.com\/company\/fiscalia-general-de-la-naci-n\/\",\"https:\/\/youtube.com\/@fiscaliageneraldelanacion-4668?si=6nN79nyQICPU5iTh\"]},{\"@type\":\"Person\",\"@id\":\"https:\/\/www.fiscalia.gov.co\/colombia\/#\/schema\/person\/176195b99ebab0a52aafa15197e1bf80\",\"name\":\"Winnie Geraldine Rodr\u00edguez Navarrete\",\"image\":{\"@type\":\"ImageObject\",\"inLanguage\":\"es-CO\",\"@id\":\"https:\/\/www.fiscalia.gov.co\/colombia\/#\/schema\/person\/image\/\",\"url\":\"https:\/\/secure.gravatar.com\/avatar\/c24cf8481dc84fa5e8c7b20bc95ab0c6?s=96&d=mm&r=g\",\"contentUrl\":\"https:\/\/secure.gravatar.com\/avatar\/c24cf8481dc84fa5e8c7b20bc95ab0c6?s=96&d=mm&r=g\",\"caption\":\"Winnie Geraldine Rodr\u00edguez Navarrete\"},\"url\":\"https:\/\/www.fiscalia.gov.co\/colombia\/author\/winnierodriguez\/\"}]}<\/script>\n<!-- \/ Yoast SEO plugin. -->","yoast_head_json":{"title":"Fiscal\u00eda General de la Naci\u00f3n","description":"P\u00e1gina oficial de la Fiscal\u00eda General de la Naci\u00f3n \u2013 Colombia. Garantizamos el acceso efectivo a la justicia, la verdad y la reparaci\u00f3n de las v\u00edctimas de los delitos.","robots":{"index":"noindex","follow":"follow"},"og_locale":"es_ES","og_type":"article","og_title":"Fiscal\u00eda General de la Naci\u00f3n","og_description":"P\u00e1gina oficial de la Fiscal\u00eda General de la Naci\u00f3n \u2013 Colombia. Garantizamos el acceso efectivo a la justicia, la verdad y la reparaci\u00f3n de las v\u00edctimas de los delitos.","og_url":"https:\/\/www.fiscalia.gov.co\/colombia\/noticias\/en-medellin-un-hombre-fue-condenado-a-27-anos-de-prision-por-el-homicidio-de-un-policia-retirado\/","og_site_name":"Fiscal\u00eda General de la Naci\u00f3n","article_publisher":"https:\/\/www.facebook.com\/FiscaliaCol","article_published_time":"2024-12-27T20:13:27+00:00","author":"Winnie Geraldine Rodr\u00edguez Navarrete","twitter_card":"summary_large_image","twitter_creator":"@FiscaliaCol","twitter_site":"@FiscaliaCol","twitter_misc":{"Escrito por":"Winnie Geraldine Rodr\u00edguez Navarrete","Tiempo de lectura":"2 minutos"},"schema":{"@context":"https:\/\/schema.org","@graph":[{"@type":"Article","@id":"https:\/\/www.fiscalia.gov.co\/colombia\/noticias\/en-medellin-un-hombre-fue-condenado-a-27-anos-de-prision-por-el-homicidio-de-un-policia-retirado\/#article","isPartOf":{"@id":"https:\/\/www.fiscalia.gov.co\/colombia\/noticias\/en-medellin-un-hombre-fue-condenado-a-27-anos-de-prision-por-el-homicidio-de-un-policia-retirado\/"},"author":{"name":"Winnie Geraldine Rodr\u00edguez Navarrete","@id":"https:\/\/www.fiscalia.gov.co\/colombia\/#\/schema\/person\/176195b99ebab0a52aafa15197e1bf80"},"headline":"En Medell\u00edn un hombre fue condenado a 27 a\u00f1os de prisi\u00f3n por el homicidio de un polic\u00eda retirado","datePublished":"2024-12-27T20:13:27+00:00","dateModified":"2024-12-27T20:13:27+00:00","mainEntityOfPage":{"@id":"https:\/\/www.fiscalia.gov.co\/colombia\/noticias\/en-medellin-un-hombre-fue-condenado-a-27-anos-de-prision-por-el-homicidio-de-un-policia-retirado\/"},"wordCount":373,"publisher":{"@id":"https:\/\/www.fiscalia.gov.co\/colombia\/#organization"},"keywords":["barrio Las Palmas de Medell\u00edn","Fiscal\u00eda General de la Naci\u00f3n","Homicidio Polic\u00eda retirado","Medell\u00edn (Antioquia)","Polic\u00eda Nacional"],"articleSection":["Noticias","Seguridad territorial"],"inLanguage":"es-CO"},{"@type":"WebPage","@id":"https:\/\/www.fiscalia.gov.co\/colombia\/noticias\/en-medellin-un-hombre-fue-condenado-a-27-anos-de-prision-por-el-homicidio-de-un-policia-retirado\/","url":"https:\/\/www.fiscalia.gov.co\/colombia\/noticias\/en-medellin-un-hombre-fue-condenado-a-27-anos-de-prision-por-el-homicidio-de-un-policia-retirado\/","name":"Fiscal\u00eda General de la Naci\u00f3n","isPartOf":{"@id":"https:\/\/www.fiscalia.gov.co\/colombia\/#website"},"datePublished":"2024-12-27T20:13:27+00:00","dateModified":"2024-12-27T20:13:27+00:00","description":"P\u00e1gina oficial de la Fiscal\u00eda General de la Naci\u00f3n \u2013 Colombia. Garantizamos el acceso efectivo a la justicia, la verdad y la reparaci\u00f3n de las v\u00edctimas de los delitos.","breadcrumb":{"@id":"https:\/\/www.fiscalia.gov.co\/colombia\/noticias\/en-medellin-un-hombre-fue-condenado-a-27-anos-de-prision-por-el-homicidio-de-un-policia-retirado\/#breadcrumb"},"inLanguage":"es-CO","potentialAction":[{"@type":"ReadAction","target":["https:\/\/www.fiscalia.gov.co\/colombia\/noticias\/en-medellin-un-hombre-fue-condenado-a-27-anos-de-prision-por-el-homicidio-de-un-policia-retirado\/"]}]},{"@type":"BreadcrumbList","@id":"https:\/\/www.fiscalia.gov.co\/colombia\/noticias\/en-medellin-un-hombre-fue-condenado-a-27-anos-de-prision-por-el-homicidio-de-un-policia-retirado\/#breadcrumb","itemListElement":[{"@type":"ListItem","position":1,"name":"Home","item":"https:\/\/www.fiscalia.gov.co\/colombia\/"},{"@type":"ListItem","position":2,"name":"En Medell\u00edn un hombre fue condenado a 27 a\u00f1os de prisi\u00f3n por el homicidio de un polic\u00eda retirado"}]},{"@type":"WebSite","@id":"https:\/\/www.fiscalia.gov.co\/colombia\/#website","url":"https:\/\/www.fiscalia.gov.co\/colombia\/","name":"Fiscal\u00eda General de la Naci\u00f3n","description":"P\u00e1gina oficial de la Fiscal\u00eda General de la Naci\u00f3n \u2013 Colombia. Garantizamos el acceso efectivo a la justicia, la verdad y la reparaci\u00f3n de las v\u00edctimas de los delitos.","publisher":{"@id":"https:\/\/www.fiscalia.gov.co\/colombia\/#organization"},"potentialAction":[{"@type":"SearchAction","target":{"@type":"EntryPoint","urlTemplate":"https:\/\/www.fiscalia.gov.co\/colombia\/?s={search_term_string}"},"query-input":{"@type":"PropertyValueSpecification","valueRequired":true,"valueName":"search_term_string"}}],"inLanguage":"es-CO"},{"@type":"Organization","@id":"https:\/\/www.fiscalia.gov.co\/colombia\/#organization","name":"Fiscal\u00eda General de la Naci\u00f3n","url":"https:\/\/www.fiscalia.gov.co\/colombia\/","logo":{"@type":"ImageObject","inLanguage":"es-CO","@id":"https:\/\/www.fiscalia.gov.co\/colombia\/#\/schema\/logo\/image\/","url":"https:\/\/www.fiscalia.gov.co\/colombia\/wp-content\/uploads\/LogoHorizontal_1.jpg","contentUrl":"https:\/\/www.fiscalia.gov.co\/colombia\/wp-content\/uploads\/LogoHorizontal_1.jpg","width":300,"height":90,"caption":"Fiscal\u00eda General de la Naci\u00f3n"},"image":{"@id":"https:\/\/www.fiscalia.gov.co\/colombia\/#\/schema\/logo\/image\/"},"sameAs":["https:\/\/www.facebook.com\/FiscaliaCol","https:\/\/x.com\/FiscaliaCol","https:\/\/www.instagram.com\/fiscaliacol","https:\/\/www.linkedin.com\/company\/fiscalia-general-de-la-naci-n\/","https:\/\/youtube.com\/@fiscaliageneraldelanacion-4668?si=6nN79nyQICPU5iTh"]},{"@type":"Person","@id":"https:\/\/www.fiscalia.gov.co\/colombia\/#\/schema\/person\/176195b99ebab0a52aafa15197e1bf80","name":"Winnie Geraldine Rodr\u00edguez Navarrete","image":{"@type":"ImageObject","inLanguage":"es-CO","@id":"https:\/\/www.fiscalia.gov.co\/colombia\/#\/schema\/person\/image\/","url":"https:\/\/secure.gravatar.com\/avatar\/c24cf8481dc84fa5e8c7b20bc95ab0c6?s=96&d=mm&r=g","contentUrl":"https:\/\/secure.gravatar.com\/avatar\/c24cf8481dc84fa5e8c7b20bc95ab0c6?s=96&d=mm&r=g","caption":"Winnie Geraldine Rodr\u00edguez Navarrete"},"url":"https:\/\/www.fiscalia.gov.co\/colombia\/author\/winnierodriguez\/"}]}},"_links":{"self":[{"href":"https:\/\/www.fiscalia.gov.co\/colombia\/wp-json\/wp\/v2\/posts\/308075","targetHints":{"allow":["GET"]}}],"collection":[{"href":"https:\/\/www.fiscalia.gov.co\/colombia\/wp-json\/wp\/v2\/posts"}],"about":[{"href":"https:\/\/www.fiscalia.gov.co\/colombia\/wp-json\/wp\/v2\/types\/post"}],"author":[{"embeddable":true,"href":"https:\/\/www.fiscalia.gov.co\/colombia\/wp-json\/wp\/v2\/users\/178"}],"replies":[{"embeddable":true,"href":"https:\/\/www.fiscalia.gov.co\/colombia\/wp-json\/wp\/v2\/comments?post=308075"}],"version-history":[{"count":2,"href":"https:\/\/www.fiscalia.gov.co\/colombia\/wp-json\/wp\/v2\/posts\/308075\/revisions"}],"predecessor-version":[{"id":308077,"href":"https:\/\/www.fiscalia.gov.co\/colombia\/wp-json\/wp\/v2\/posts\/308075\/revisions\/308077"}],"wp:attachment":[{"href":"https:\/\/www.fiscalia.gov.co\/colombia\/wp-json\/wp\/v2\/media?parent=308075"}],"wp:term":[{"taxonomy":"category","embeddable":true,"href":"https:\/\/www.fiscalia.gov.co\/colombia\/wp-json\/wp\/v2\/categories?post=308075"},{"taxonomy":"post_tag","embeddable":true,"href":"https:\/\/www.fiscalia.gov.co\/colombia\/wp-json\/wp\/v2\/tags?post=308075"}],"curies":[{"name":"wp","href":"https:\/\/api.w.org\/{rel}","templated":true}]}}