{"id":308070,"date":"2024-12-27T15:04:59","date_gmt":"2024-12-27T20:04:59","guid":{"rendered":"https:\/\/www.fiscalia.gov.co\/colombia\/?p=308070"},"modified":"2024-12-27T15:04:59","modified_gmt":"2024-12-27T20:04:59","slug":"alias-juan-rata-fue-enviado-a-la-carcel-como-posible-responsable-de-varios-homicidios-ocurridos-en-buga-valle-del-cauca","status":"publish","type":"post","link":"https:\/\/www.fiscalia.gov.co\/colombia\/noticias\/alias-juan-rata-fue-enviado-a-la-carcel-como-posible-responsable-de-varios-homicidios-ocurridos-en-buga-valle-del-cauca\/","title":{"rendered":"Alias Juan Rata fue enviado a la c\u00e1rcel como posible responsable de varios homicidios ocurridos en Buga (Valle del Cauca)"},"content":{"rendered":"<h4 style=\"text-align: center;\"><strong><em>El hombre fue capturado en el aeropuerto de Palmira cuando pretend\u00eda abordar un avi\u00f3n con destino a Madrid (Espa\u00f1a).<\/em><\/strong><\/h4>\n<p>El material probatorio presentado por la fiscal\u00eda permiti\u00f3 que un juez de control de garant\u00edas impusiera aseguramiento carcelario en contra de Juan Sebasti\u00e1n Quiceno Pe\u00f1a, alias Juan Rata, presunto integrante de la estructura criminal <strong>\u2018Los Magos\u2019.<\/strong> <strong>El procesado ser\u00eda responsable de los delitos de homicidio agravado y fabricaci\u00f3n, tr\u00e1fico y porte de armas de fuego.<\/strong><\/p>\n<p>Alias Juan Rata habr\u00eda participado en los homicidios de Yensi Johana Ram\u00edrez Monar, ocurrido el 9 de noviembre de 2024 en el sector de La Bas\u00edlica de Buga; al igual que en el crimen de Miguel \u00c1ngel Varela Ceballos, sucedi\u00f3 el 12 de diciembre de 2024 en el sector La Concordia de Buga.<\/p>\n<figure id=\"attachment_308071\" aria-describedby=\"caption-attachment-308071\" style=\"width: 648px\" class=\"wp-caption aligncenter\"><img loading=\"lazy\" decoding=\"async\" class=\" wp-image-308071\" src=\"https:\/\/www.fiscalia.gov.co\/colombia\/wp-content\/uploads\/image-24-300x169.png\" alt=\" En la fotograf\u00eda aparece el capturado junto a un funcionario del CTI y tres uniformados de la Polic\u00eda Nacional. En la parte superior est\u00e1 un banner de la Polic\u00eda Nacional.\" width=\"648\" height=\"365\" srcset=\"https:\/\/www.fiscalia.gov.co\/colombia\/wp-content\/uploads\/image-24-300x169.png 300w, https:\/\/www.fiscalia.gov.co\/colombia\/wp-content\/uploads\/image-24-1024x576.png 1024w, https:\/\/www.fiscalia.gov.co\/colombia\/wp-content\/uploads\/image-24-768x432.png 768w, https:\/\/www.fiscalia.gov.co\/colombia\/wp-content\/uploads\/image-24-1536x864.png 1536w, https:\/\/www.fiscalia.gov.co\/colombia\/wp-content\/uploads\/image-24-747x420.png 747w, https:\/\/www.fiscalia.gov.co\/colombia\/wp-content\/uploads\/image-24-696x392.png 696w, https:\/\/www.fiscalia.gov.co\/colombia\/wp-content\/uploads\/image-24-1068x601.png 1068w, https:\/\/www.fiscalia.gov.co\/colombia\/wp-content\/uploads\/image-24.png 1600w\" sizes=\"auto, (max-width: 648px) 100vw, 648px\" \/><figcaption id=\"caption-attachment-308071\" class=\"wp-caption-text\">Juan Sebasti\u00e1n Quiceno Pe\u00f1a, alias Juan Rata, presunto sicario de la banda \u2018Los Magos\u2019 de Buga, fue enviado a la c\u00e1rcel<\/figcaption><\/figure>\n<p>Declaraciones de testigos e interceptaci\u00f3n de l\u00edneas telef\u00f3nicas, adem\u00e1s de reconocimientos fotogr\u00e1ficos; entre otras labores de polic\u00eda judicial, permitieron resolver estos cr\u00edmenes, atribuidos a Los Magos.<\/p>\n<p><strong>La fiscal\u00eda investiga la eventual participaci\u00f3n de Quiceno Pe\u00f1a en la tentativa de homicidio de Angie Daniela Ram\u00edrez<\/strong>, ocurrida el 29 de octubre de 2024 cuando la v\u00edctima sal\u00eda de un gimnasio.<\/p>\n<p>Servidores del Cuerpo T\u00e9cnico de Investigaci\u00f3n (CTI), en coordinaci\u00f3n con la Sijin de la Polic\u00eda Nacional y unidades del Grupo de Operaciones Especiales (Goes), capturaron a \u2018Juan Rata\u2019 en el aeropuerto Alfonso Bonilla Arag\u00f3n de Palmira (Valle) cuando pretend\u00eda abandonar el pa\u00eds rumbo a Madrid (Espa\u00f1a).<\/p>\n<p>El procesado no acept\u00f3 los cargos imputados por la fiscal\u00eda.<\/p>\n<p>&nbsp;<\/p>\n<p>JGPV\/AICR\/DSV\/MAGA<\/p>\n<p>&nbsp;<\/p>\n<p>&nbsp;<\/p>\n<p>&nbsp;<\/p>\n<p><em>La informaci\u00f3n contenida en este bolet\u00edn de prensa corresponde a la narraci\u00f3n de los hechos noticiosos objetivos, suministrados por los funcionarios encargados de adelantar las investigaciones penales al interior de la Fiscal\u00eda General de la Naci\u00f3n. Para el momento de la divulgaci\u00f3n de este comunicado, la situaci\u00f3n jur\u00eddica de la(s) persona(s) relacionada(s) se encuentra pendiente de resolver por la autoridad judicial competente, siempre bajo los preceptos de la presunci\u00f3n de inocencia, consagrados en el art\u00edculo 29 de la Constituci\u00f3n Pol\u00edtica y el art\u00edculo 7\u00ba de la Ley 906 de 2004.<\/em><\/p>\n\n<div class=\"twitter-share\"><a href=\"https:\/\/twitter.com\/intent\/tweet?via=fiscaliacol\" class=\"twitter-share-button\">Tweet<\/a><\/div>\n","protected":false},"excerpt":{"rendered":"<p>El hombre fue capturado en el aeropuerto de Palmira cuando pretend\u00eda abordar un avi\u00f3n con destino a Madrid (Espa\u00f1a). El material probatorio presentado por la fiscal\u00eda permiti\u00f3 que un juez de control de garant\u00edas impusiera aseguramiento carcelario en contra de Juan Sebasti\u00e1n Quiceno Pe\u00f1a, alias Juan Rata, presunto integrante de la estructura criminal \u2018Los Magos\u2019. [&hellip;]<\/p>\n","protected":false},"author":178,"featured_media":0,"comment_status":"closed","ping_status":"open","sticky":false,"template":"","format":"standard","meta":{"tdm_status":"","tdm_grid_status":"","footnotes":""},"categories":[1,24099],"tags":[39768,39767,37492,1047,409],"class_list":{"0":"post-308070","1":"post","2":"type-post","3":"status-publish","4":"format-standard","6":"category-noticias","7":"category-seguridad-territorial","8":"tag-alias-juan-rata","9":"tag-buga-valle-de-cauca","10":"tag-fiscal-luz-adriana-camargo","11":"tag-fiscalia-general-de-la-nacion","12":"tag-homicidio"},"yoast_head":"<!-- This site is optimized with the Yoast SEO plugin v24.3 - https:\/\/yoast.com\/wordpress\/plugins\/seo\/ -->\n<title>Fiscal\u00eda General de la Naci\u00f3n<\/title>\n<meta name=\"description\" content=\"P\u00e1gina oficial de la Fiscal\u00eda General de la Naci\u00f3n \u2013 Colombia. Garantizamos el acceso efectivo a la justicia, la verdad y la reparaci\u00f3n de las v\u00edctimas de los delitos.\" \/>\n<meta name=\"robots\" content=\"noindex, follow\" \/>\n<meta property=\"og:locale\" content=\"es_ES\" \/>\n<meta property=\"og:type\" content=\"article\" \/>\n<meta property=\"og:title\" content=\"Fiscal\u00eda General de la Naci\u00f3n\" \/>\n<meta property=\"og:description\" content=\"P\u00e1gina oficial de la Fiscal\u00eda General de la Naci\u00f3n \u2013 Colombia. Garantizamos el acceso efectivo a la justicia, la verdad y la reparaci\u00f3n de las v\u00edctimas de los delitos.\" \/>\n<meta property=\"og:url\" content=\"https:\/\/www.fiscalia.gov.co\/colombia\/noticias\/alias-juan-rata-fue-enviado-a-la-carcel-como-posible-responsable-de-varios-homicidios-ocurridos-en-buga-valle-del-cauca\/\" \/>\n<meta property=\"og:site_name\" content=\"Fiscal\u00eda General de la Naci\u00f3n\" \/>\n<meta property=\"article:publisher\" content=\"https:\/\/www.facebook.com\/FiscaliaCol\" \/>\n<meta property=\"article:published_time\" content=\"2024-12-27T20:04:59+00:00\" \/>\n<meta property=\"og:image\" content=\"https:\/\/www.fiscalia.gov.co\/colombia\/wp-content\/uploads\/image-24-1024x576.png\" \/>\n\t<meta property=\"og:image:width\" content=\"1024\" \/>\n\t<meta property=\"og:image:height\" content=\"576\" \/>\n\t<meta property=\"og:image:type\" content=\"image\/png\" \/>\n<meta name=\"author\" content=\"Winnie Geraldine Rodr\u00edguez Navarrete\" \/>\n<meta name=\"twitter:card\" content=\"summary_large_image\" \/>\n<meta name=\"twitter:creator\" content=\"@FiscaliaCol\" \/>\n<meta name=\"twitter:site\" content=\"@FiscaliaCol\" \/>\n<meta name=\"twitter:label1\" content=\"Escrito por\" \/>\n\t<meta name=\"twitter:data1\" content=\"Winnie Geraldine Rodr\u00edguez Navarrete\" \/>\n\t<meta name=\"twitter:label2\" content=\"Tiempo de lectura\" \/>\n\t<meta name=\"twitter:data2\" content=\"2 minutos\" \/>\n<script type=\"application\/ld+json\" class=\"yoast-schema-graph\">{\"@context\":\"https:\/\/schema.org\",\"@graph\":[{\"@type\":\"Article\",\"@id\":\"https:\/\/www.fiscalia.gov.co\/colombia\/noticias\/alias-juan-rata-fue-enviado-a-la-carcel-como-posible-responsable-de-varios-homicidios-ocurridos-en-buga-valle-del-cauca\/#article\",\"isPartOf\":{\"@id\":\"https:\/\/www.fiscalia.gov.co\/colombia\/noticias\/alias-juan-rata-fue-enviado-a-la-carcel-como-posible-responsable-de-varios-homicidios-ocurridos-en-buga-valle-del-cauca\/\"},\"author\":{\"name\":\"Winnie Geraldine Rodr\u00edguez Navarrete\",\"@id\":\"https:\/\/www.fiscalia.gov.co\/colombia\/#\/schema\/person\/176195b99ebab0a52aafa15197e1bf80\"},\"headline\":\"Alias Juan Rata fue enviado a la c\u00e1rcel como posible responsable de varios homicidios ocurridos en Buga (Valle del Cauca)\",\"datePublished\":\"2024-12-27T20:04:59+00:00\",\"dateModified\":\"2024-12-27T20:04:59+00:00\",\"mainEntityOfPage\":{\"@id\":\"https:\/\/www.fiscalia.gov.co\/colombia\/noticias\/alias-juan-rata-fue-enviado-a-la-carcel-como-posible-responsable-de-varios-homicidios-ocurridos-en-buga-valle-del-cauca\/\"},\"wordCount\":432,\"publisher\":{\"@id\":\"https:\/\/www.fiscalia.gov.co\/colombia\/#organization\"},\"image\":{\"@id\":\"https:\/\/www.fiscalia.gov.co\/colombia\/noticias\/alias-juan-rata-fue-enviado-a-la-carcel-como-posible-responsable-de-varios-homicidios-ocurridos-en-buga-valle-del-cauca\/#primaryimage\"},\"thumbnailUrl\":\"https:\/\/www.fiscalia.gov.co\/colombia\/wp-content\/uploads\/image-24-300x169.png\",\"keywords\":[\"Alias Juan Rata\",\"Buga (Valle de Cauca)\",\"Fiscal Luz Adriana Camargo\",\"Fiscal\u00eda General de la Naci\u00f3n\",\"Homicidio\"],\"articleSection\":[\"Noticias\",\"Seguridad territorial\"],\"inLanguage\":\"es-CO\"},{\"@type\":\"WebPage\",\"@id\":\"https:\/\/www.fiscalia.gov.co\/colombia\/noticias\/alias-juan-rata-fue-enviado-a-la-carcel-como-posible-responsable-de-varios-homicidios-ocurridos-en-buga-valle-del-cauca\/\",\"url\":\"https:\/\/www.fiscalia.gov.co\/colombia\/noticias\/alias-juan-rata-fue-enviado-a-la-carcel-como-posible-responsable-de-varios-homicidios-ocurridos-en-buga-valle-del-cauca\/\",\"name\":\"Fiscal\u00eda General de la Naci\u00f3n\",\"isPartOf\":{\"@id\":\"https:\/\/www.fiscalia.gov.co\/colombia\/#website\"},\"primaryImageOfPage\":{\"@id\":\"https:\/\/www.fiscalia.gov.co\/colombia\/noticias\/alias-juan-rata-fue-enviado-a-la-carcel-como-posible-responsable-de-varios-homicidios-ocurridos-en-buga-valle-del-cauca\/#primaryimage\"},\"image\":{\"@id\":\"https:\/\/www.fiscalia.gov.co\/colombia\/noticias\/alias-juan-rata-fue-enviado-a-la-carcel-como-posible-responsable-de-varios-homicidios-ocurridos-en-buga-valle-del-cauca\/#primaryimage\"},\"thumbnailUrl\":\"https:\/\/www.fiscalia.gov.co\/colombia\/wp-content\/uploads\/image-24-300x169.png\",\"datePublished\":\"2024-12-27T20:04:59+00:00\",\"dateModified\":\"2024-12-27T20:04:59+00:00\",\"description\":\"P\u00e1gina oficial de la Fiscal\u00eda General de la Naci\u00f3n \u2013 Colombia. Garantizamos el acceso efectivo a la justicia, la verdad y la reparaci\u00f3n de las v\u00edctimas de los delitos.\",\"breadcrumb\":{\"@id\":\"https:\/\/www.fiscalia.gov.co\/colombia\/noticias\/alias-juan-rata-fue-enviado-a-la-carcel-como-posible-responsable-de-varios-homicidios-ocurridos-en-buga-valle-del-cauca\/#breadcrumb\"},\"inLanguage\":\"es-CO\",\"potentialAction\":[{\"@type\":\"ReadAction\",\"target\":[\"https:\/\/www.fiscalia.gov.co\/colombia\/noticias\/alias-juan-rata-fue-enviado-a-la-carcel-como-posible-responsable-de-varios-homicidios-ocurridos-en-buga-valle-del-cauca\/\"]}]},{\"@type\":\"ImageObject\",\"inLanguage\":\"es-CO\",\"@id\":\"https:\/\/www.fiscalia.gov.co\/colombia\/noticias\/alias-juan-rata-fue-enviado-a-la-carcel-como-posible-responsable-de-varios-homicidios-ocurridos-en-buga-valle-del-cauca\/#primaryimage\",\"url\":\"https:\/\/www.fiscalia.gov.co\/colombia\/wp-content\/uploads\/image-24.png\",\"contentUrl\":\"https:\/\/www.fiscalia.gov.co\/colombia\/wp-content\/uploads\/image-24.png\",\"width\":1600,\"height\":900,\"caption\":\"Juan Sebasti\u00e1n Quiceno Pe\u00f1a, alias Juan Rata, presunto sicario de la banda \u2018Los Magos\u2019 de Buga, fue enviado a la c\u00e1rcel\"},{\"@type\":\"BreadcrumbList\",\"@id\":\"https:\/\/www.fiscalia.gov.co\/colombia\/noticias\/alias-juan-rata-fue-enviado-a-la-carcel-como-posible-responsable-de-varios-homicidios-ocurridos-en-buga-valle-del-cauca\/#breadcrumb\",\"itemListElement\":[{\"@type\":\"ListItem\",\"position\":1,\"name\":\"Home\",\"item\":\"https:\/\/www.fiscalia.gov.co\/colombia\/\"},{\"@type\":\"ListItem\",\"position\":2,\"name\":\"Alias Juan Rata fue enviado a la c\u00e1rcel como posible responsable de varios homicidios ocurridos en Buga (Valle del Cauca)\"}]},{\"@type\":\"WebSite\",\"@id\":\"https:\/\/www.fiscalia.gov.co\/colombia\/#website\",\"url\":\"https:\/\/www.fiscalia.gov.co\/colombia\/\",\"name\":\"Fiscal\u00eda General de la Naci\u00f3n\",\"description\":\"P\u00e1gina oficial de la Fiscal\u00eda General de la Naci\u00f3n \u2013 Colombia. Garantizamos el acceso efectivo a la justicia, la verdad y la reparaci\u00f3n de las v\u00edctimas de los delitos.\",\"publisher\":{\"@id\":\"https:\/\/www.fiscalia.gov.co\/colombia\/#organization\"},\"potentialAction\":[{\"@type\":\"SearchAction\",\"target\":{\"@type\":\"EntryPoint\",\"urlTemplate\":\"https:\/\/www.fiscalia.gov.co\/colombia\/?s={search_term_string}\"},\"query-input\":{\"@type\":\"PropertyValueSpecification\",\"valueRequired\":true,\"valueName\":\"search_term_string\"}}],\"inLanguage\":\"es-CO\"},{\"@type\":\"Organization\",\"@id\":\"https:\/\/www.fiscalia.gov.co\/colombia\/#organization\",\"name\":\"Fiscal\u00eda General de la Naci\u00f3n\",\"url\":\"https:\/\/www.fiscalia.gov.co\/colombia\/\",\"logo\":{\"@type\":\"ImageObject\",\"inLanguage\":\"es-CO\",\"@id\":\"https:\/\/www.fiscalia.gov.co\/colombia\/#\/schema\/logo\/image\/\",\"url\":\"https:\/\/www.fiscalia.gov.co\/colombia\/wp-content\/uploads\/LogoHorizontal_1.jpg\",\"contentUrl\":\"https:\/\/www.fiscalia.gov.co\/colombia\/wp-content\/uploads\/LogoHorizontal_1.jpg\",\"width\":300,\"height\":90,\"caption\":\"Fiscal\u00eda General de la Naci\u00f3n\"},\"image\":{\"@id\":\"https:\/\/www.fiscalia.gov.co\/colombia\/#\/schema\/logo\/image\/\"},\"sameAs\":[\"https:\/\/www.facebook.com\/FiscaliaCol\",\"https:\/\/x.com\/FiscaliaCol\",\"https:\/\/www.instagram.com\/fiscaliacol\",\"https:\/\/www.linkedin.com\/company\/fiscalia-general-de-la-naci-n\/\",\"https:\/\/youtube.com\/@fiscaliageneraldelanacion-4668?si=6nN79nyQICPU5iTh\"]},{\"@type\":\"Person\",\"@id\":\"https:\/\/www.fiscalia.gov.co\/colombia\/#\/schema\/person\/176195b99ebab0a52aafa15197e1bf80\",\"name\":\"Winnie Geraldine Rodr\u00edguez Navarrete\",\"image\":{\"@type\":\"ImageObject\",\"inLanguage\":\"es-CO\",\"@id\":\"https:\/\/www.fiscalia.gov.co\/colombia\/#\/schema\/person\/image\/\",\"url\":\"https:\/\/secure.gravatar.com\/avatar\/c24cf8481dc84fa5e8c7b20bc95ab0c6?s=96&d=mm&r=g\",\"contentUrl\":\"https:\/\/secure.gravatar.com\/avatar\/c24cf8481dc84fa5e8c7b20bc95ab0c6?s=96&d=mm&r=g\",\"caption\":\"Winnie Geraldine Rodr\u00edguez Navarrete\"},\"url\":\"https:\/\/www.fiscalia.gov.co\/colombia\/author\/winnierodriguez\/\"}]}<\/script>\n<!-- \/ Yoast SEO plugin. -->","yoast_head_json":{"title":"Fiscal\u00eda General de la Naci\u00f3n","description":"P\u00e1gina oficial de la Fiscal\u00eda General de la Naci\u00f3n \u2013 Colombia. Garantizamos el acceso efectivo a la justicia, la verdad y la reparaci\u00f3n de las v\u00edctimas de los delitos.","robots":{"index":"noindex","follow":"follow"},"og_locale":"es_ES","og_type":"article","og_title":"Fiscal\u00eda General de la Naci\u00f3n","og_description":"P\u00e1gina oficial de la Fiscal\u00eda General de la Naci\u00f3n \u2013 Colombia. Garantizamos el acceso efectivo a la justicia, la verdad y la reparaci\u00f3n de las v\u00edctimas de los delitos.","og_url":"https:\/\/www.fiscalia.gov.co\/colombia\/noticias\/alias-juan-rata-fue-enviado-a-la-carcel-como-posible-responsable-de-varios-homicidios-ocurridos-en-buga-valle-del-cauca\/","og_site_name":"Fiscal\u00eda General de la Naci\u00f3n","article_publisher":"https:\/\/www.facebook.com\/FiscaliaCol","article_published_time":"2024-12-27T20:04:59+00:00","og_image":[{"width":1024,"height":576,"url":"https:\/\/www.fiscalia.gov.co\/colombia\/wp-content\/uploads\/image-24-1024x576.png","type":"image\/png"}],"author":"Winnie Geraldine Rodr\u00edguez Navarrete","twitter_card":"summary_large_image","twitter_creator":"@FiscaliaCol","twitter_site":"@FiscaliaCol","twitter_misc":{"Escrito por":"Winnie Geraldine Rodr\u00edguez Navarrete","Tiempo de lectura":"2 minutos"},"schema":{"@context":"https:\/\/schema.org","@graph":[{"@type":"Article","@id":"https:\/\/www.fiscalia.gov.co\/colombia\/noticias\/alias-juan-rata-fue-enviado-a-la-carcel-como-posible-responsable-de-varios-homicidios-ocurridos-en-buga-valle-del-cauca\/#article","isPartOf":{"@id":"https:\/\/www.fiscalia.gov.co\/colombia\/noticias\/alias-juan-rata-fue-enviado-a-la-carcel-como-posible-responsable-de-varios-homicidios-ocurridos-en-buga-valle-del-cauca\/"},"author":{"name":"Winnie Geraldine Rodr\u00edguez Navarrete","@id":"https:\/\/www.fiscalia.gov.co\/colombia\/#\/schema\/person\/176195b99ebab0a52aafa15197e1bf80"},"headline":"Alias Juan Rata fue enviado a la c\u00e1rcel como posible responsable de varios homicidios ocurridos en Buga (Valle del Cauca)","datePublished":"2024-12-27T20:04:59+00:00","dateModified":"2024-12-27T20:04:59+00:00","mainEntityOfPage":{"@id":"https:\/\/www.fiscalia.gov.co\/colombia\/noticias\/alias-juan-rata-fue-enviado-a-la-carcel-como-posible-responsable-de-varios-homicidios-ocurridos-en-buga-valle-del-cauca\/"},"wordCount":432,"publisher":{"@id":"https:\/\/www.fiscalia.gov.co\/colombia\/#organization"},"image":{"@id":"https:\/\/www.fiscalia.gov.co\/colombia\/noticias\/alias-juan-rata-fue-enviado-a-la-carcel-como-posible-responsable-de-varios-homicidios-ocurridos-en-buga-valle-del-cauca\/#primaryimage"},"thumbnailUrl":"https:\/\/www.fiscalia.gov.co\/colombia\/wp-content\/uploads\/image-24-300x169.png","keywords":["Alias Juan Rata","Buga (Valle de Cauca)","Fiscal Luz Adriana Camargo","Fiscal\u00eda General de la Naci\u00f3n","Homicidio"],"articleSection":["Noticias","Seguridad territorial"],"inLanguage":"es-CO"},{"@type":"WebPage","@id":"https:\/\/www.fiscalia.gov.co\/colombia\/noticias\/alias-juan-rata-fue-enviado-a-la-carcel-como-posible-responsable-de-varios-homicidios-ocurridos-en-buga-valle-del-cauca\/","url":"https:\/\/www.fiscalia.gov.co\/colombia\/noticias\/alias-juan-rata-fue-enviado-a-la-carcel-como-posible-responsable-de-varios-homicidios-ocurridos-en-buga-valle-del-cauca\/","name":"Fiscal\u00eda General de la Naci\u00f3n","isPartOf":{"@id":"https:\/\/www.fiscalia.gov.co\/colombia\/#website"},"primaryImageOfPage":{"@id":"https:\/\/www.fiscalia.gov.co\/colombia\/noticias\/alias-juan-rata-fue-enviado-a-la-carcel-como-posible-responsable-de-varios-homicidios-ocurridos-en-buga-valle-del-cauca\/#primaryimage"},"image":{"@id":"https:\/\/www.fiscalia.gov.co\/colombia\/noticias\/alias-juan-rata-fue-enviado-a-la-carcel-como-posible-responsable-de-varios-homicidios-ocurridos-en-buga-valle-del-cauca\/#primaryimage"},"thumbnailUrl":"https:\/\/www.fiscalia.gov.co\/colombia\/wp-content\/uploads\/image-24-300x169.png","datePublished":"2024-12-27T20:04:59+00:00","dateModified":"2024-12-27T20:04:59+00:00","description":"P\u00e1gina oficial de la Fiscal\u00eda General de la Naci\u00f3n \u2013 Colombia. Garantizamos el acceso efectivo a la justicia, la verdad y la reparaci\u00f3n de las v\u00edctimas de los delitos.","breadcrumb":{"@id":"https:\/\/www.fiscalia.gov.co\/colombia\/noticias\/alias-juan-rata-fue-enviado-a-la-carcel-como-posible-responsable-de-varios-homicidios-ocurridos-en-buga-valle-del-cauca\/#breadcrumb"},"inLanguage":"es-CO","potentialAction":[{"@type":"ReadAction","target":["https:\/\/www.fiscalia.gov.co\/colombia\/noticias\/alias-juan-rata-fue-enviado-a-la-carcel-como-posible-responsable-de-varios-homicidios-ocurridos-en-buga-valle-del-cauca\/"]}]},{"@type":"ImageObject","inLanguage":"es-CO","@id":"https:\/\/www.fiscalia.gov.co\/colombia\/noticias\/alias-juan-rata-fue-enviado-a-la-carcel-como-posible-responsable-de-varios-homicidios-ocurridos-en-buga-valle-del-cauca\/#primaryimage","url":"https:\/\/www.fiscalia.gov.co\/colombia\/wp-content\/uploads\/image-24.png","contentUrl":"https:\/\/www.fiscalia.gov.co\/colombia\/wp-content\/uploads\/image-24.png","width":1600,"height":900,"caption":"Juan Sebasti\u00e1n Quiceno Pe\u00f1a, alias Juan Rata, presunto sicario de la banda \u2018Los Magos\u2019 de Buga, fue enviado a la c\u00e1rcel"},{"@type":"BreadcrumbList","@id":"https:\/\/www.fiscalia.gov.co\/colombia\/noticias\/alias-juan-rata-fue-enviado-a-la-carcel-como-posible-responsable-de-varios-homicidios-ocurridos-en-buga-valle-del-cauca\/#breadcrumb","itemListElement":[{"@type":"ListItem","position":1,"name":"Home","item":"https:\/\/www.fiscalia.gov.co\/colombia\/"},{"@type":"ListItem","position":2,"name":"Alias Juan Rata fue enviado a la c\u00e1rcel como posible responsable de varios homicidios ocurridos en Buga (Valle del Cauca)"}]},{"@type":"WebSite","@id":"https:\/\/www.fiscalia.gov.co\/colombia\/#website","url":"https:\/\/www.fiscalia.gov.co\/colombia\/","name":"Fiscal\u00eda General de la Naci\u00f3n","description":"P\u00e1gina oficial de la Fiscal\u00eda General de la Naci\u00f3n \u2013 Colombia. Garantizamos el acceso efectivo a la justicia, la verdad y la reparaci\u00f3n de las v\u00edctimas de los delitos.","publisher":{"@id":"https:\/\/www.fiscalia.gov.co\/colombia\/#organization"},"potentialAction":[{"@type":"SearchAction","target":{"@type":"EntryPoint","urlTemplate":"https:\/\/www.fiscalia.gov.co\/colombia\/?s={search_term_string}"},"query-input":{"@type":"PropertyValueSpecification","valueRequired":true,"valueName":"search_term_string"}}],"inLanguage":"es-CO"},{"@type":"Organization","@id":"https:\/\/www.fiscalia.gov.co\/colombia\/#organization","name":"Fiscal\u00eda General de la Naci\u00f3n","url":"https:\/\/www.fiscalia.gov.co\/colombia\/","logo":{"@type":"ImageObject","inLanguage":"es-CO","@id":"https:\/\/www.fiscalia.gov.co\/colombia\/#\/schema\/logo\/image\/","url":"https:\/\/www.fiscalia.gov.co\/colombia\/wp-content\/uploads\/LogoHorizontal_1.jpg","contentUrl":"https:\/\/www.fiscalia.gov.co\/colombia\/wp-content\/uploads\/LogoHorizontal_1.jpg","width":300,"height":90,"caption":"Fiscal\u00eda General de la Naci\u00f3n"},"image":{"@id":"https:\/\/www.fiscalia.gov.co\/colombia\/#\/schema\/logo\/image\/"},"sameAs":["https:\/\/www.facebook.com\/FiscaliaCol","https:\/\/x.com\/FiscaliaCol","https:\/\/www.instagram.com\/fiscaliacol","https:\/\/www.linkedin.com\/company\/fiscalia-general-de-la-naci-n\/","https:\/\/youtube.com\/@fiscaliageneraldelanacion-4668?si=6nN79nyQICPU5iTh"]},{"@type":"Person","@id":"https:\/\/www.fiscalia.gov.co\/colombia\/#\/schema\/person\/176195b99ebab0a52aafa15197e1bf80","name":"Winnie Geraldine Rodr\u00edguez Navarrete","image":{"@type":"ImageObject","inLanguage":"es-CO","@id":"https:\/\/www.fiscalia.gov.co\/colombia\/#\/schema\/person\/image\/","url":"https:\/\/secure.gravatar.com\/avatar\/c24cf8481dc84fa5e8c7b20bc95ab0c6?s=96&d=mm&r=g","contentUrl":"https:\/\/secure.gravatar.com\/avatar\/c24cf8481dc84fa5e8c7b20bc95ab0c6?s=96&d=mm&r=g","caption":"Winnie Geraldine Rodr\u00edguez Navarrete"},"url":"https:\/\/www.fiscalia.gov.co\/colombia\/author\/winnierodriguez\/"}]}},"_links":{"self":[{"href":"https:\/\/www.fiscalia.gov.co\/colombia\/wp-json\/wp\/v2\/posts\/308070","targetHints":{"allow":["GET"]}}],"collection":[{"href":"https:\/\/www.fiscalia.gov.co\/colombia\/wp-json\/wp\/v2\/posts"}],"about":[{"href":"https:\/\/www.fiscalia.gov.co\/colombia\/wp-json\/wp\/v2\/types\/post"}],"author":[{"embeddable":true,"href":"https:\/\/www.fiscalia.gov.co\/colombia\/wp-json\/wp\/v2\/users\/178"}],"replies":[{"embeddable":true,"href":"https:\/\/www.fiscalia.gov.co\/colombia\/wp-json\/wp\/v2\/comments?post=308070"}],"version-history":[{"count":1,"href":"https:\/\/www.fiscalia.gov.co\/colombia\/wp-json\/wp\/v2\/posts\/308070\/revisions"}],"predecessor-version":[{"id":308072,"href":"https:\/\/www.fiscalia.gov.co\/colombia\/wp-json\/wp\/v2\/posts\/308070\/revisions\/308072"}],"wp:attachment":[{"href":"https:\/\/www.fiscalia.gov.co\/colombia\/wp-json\/wp\/v2\/media?parent=308070"}],"wp:term":[{"taxonomy":"category","embeddable":true,"href":"https:\/\/www.fiscalia.gov.co\/colombia\/wp-json\/wp\/v2\/categories?post=308070"},{"taxonomy":"post_tag","embeddable":true,"href":"https:\/\/www.fiscalia.gov.co\/colombia\/wp-json\/wp\/v2\/tags?post=308070"}],"curies":[{"name":"wp","href":"https:\/\/api.w.org\/{rel}","templated":true}]}}