{"id":308058,"date":"2024-12-27T09:51:55","date_gmt":"2024-12-27T14:51:55","guid":{"rendered":"https:\/\/www.fiscalia.gov.co\/colombia\/?p=308058"},"modified":"2024-12-27T09:51:55","modified_gmt":"2024-12-27T14:51:55","slug":"en-barranquilla-judicializados-12-presuntos-responsables-de-hurtos","status":"publish","type":"post","link":"https:\/\/www.fiscalia.gov.co\/colombia\/noticias\/en-barranquilla-judicializados-12-presuntos-responsables-de-hurtos\/","title":{"rendered":"En Barranquilla, judicializados 12 presuntos responsables de hurtos"},"content":{"rendered":"<p style=\"font-weight: 400;\">Las acciones investigativas coordinadas entre la Fiscal\u00eda General de la Naci\u00f3n y la Polic\u00eda Nacional, permitieron la judicializaci\u00f3n de 12 presuntos integrantes de las bandas delincuenciales<strong> &#8216;Los Porteros&#8217;, &#8216;Los Bestias&#8217; y &#8216;Los Cocheros&#8217;, d<\/strong>edicadas al hurto en diferentes modalidades en<strong> Barranquilla (Atl\u00e1ntico).<\/strong><\/p>\n<p style=\"font-weight: 400;\">A los procesados, de acuerdo con sus responsabilidades individuales, se les imputaron los delitos de concierto para delinquir, hurto calificado agravado,<strong> hurto por medios inform\u00e1ticos y semejantes, secuestro simple, y fabricaci\u00f3n, tr\u00e1fico, porte o tenencia de armas de fuego, accesorios, partes o municiones.<\/strong><\/p>\n<p style=\"font-weight: 400;\">Se trata de \u00d3scar Eduardo Siado Rodr\u00edguez, alias el Chapo; Ender Yulimeth Vergara Solano, alias El Pitufo; Jefry Enrique Pedraza de la Hoz, Larry Eduardo Torres P\u00e9rez, Juan David Lora P\u00e9rez, Charles Junior Lora P\u00e9rez, Kevin Melo Ruiz, Jonatan Manuel Coneo Guti\u00e9rrez, Carlos Enrique Mart\u00ednez, Fabio Mart\u00ednez Cantillo, Jhon Fernando Barrera Kudimugu y Luis Jairo C\u00e1rdenas Rosa.<\/p>\n<figure id=\"attachment_308060\" aria-describedby=\"caption-attachment-308060\" style=\"width: 566px\" class=\"wp-caption aligncenter\"><img loading=\"lazy\" decoding=\"async\" class=\" wp-image-308060\" src=\"https:\/\/www.fiscalia.gov.co\/colombia\/wp-content\/uploads\/Fiscalia-judicializo-a-12-presuntos-integrantes-de-las-bandas-delincuenciales-Los-Porteros-Los-Bestias-y-Los-Cocheros-dedicadas-al-hurto-en-diferentes-modalidades-en-Barranquilla-Atlantico-300x169.jpeg\" alt=\"Investigadores del CTI Atl\u00e1ntico en coordinaci\u00f3n con uniformados de la Polic\u00eda Nacional custodian a los procesados en diligencias realizadas en Barranquilla.\" width=\"566\" height=\"319\" srcset=\"https:\/\/www.fiscalia.gov.co\/colombia\/wp-content\/uploads\/Fiscalia-judicializo-a-12-presuntos-integrantes-de-las-bandas-delincuenciales-Los-Porteros-Los-Bestias-y-Los-Cocheros-dedicadas-al-hurto-en-diferentes-modalidades-en-Barranquilla-Atlantico-300x169.jpeg 300w, https:\/\/www.fiscalia.gov.co\/colombia\/wp-content\/uploads\/Fiscalia-judicializo-a-12-presuntos-integrantes-de-las-bandas-delincuenciales-Los-Porteros-Los-Bestias-y-Los-Cocheros-dedicadas-al-hurto-en-diferentes-modalidades-en-Barranquilla-Atlantico-1024x576.jpeg 1024w, https:\/\/www.fiscalia.gov.co\/colombia\/wp-content\/uploads\/Fiscalia-judicializo-a-12-presuntos-integrantes-de-las-bandas-delincuenciales-Los-Porteros-Los-Bestias-y-Los-Cocheros-dedicadas-al-hurto-en-diferentes-modalidades-en-Barranquilla-Atlantico-768x432.jpeg 768w, https:\/\/www.fiscalia.gov.co\/colombia\/wp-content\/uploads\/Fiscalia-judicializo-a-12-presuntos-integrantes-de-las-bandas-delincuenciales-Los-Porteros-Los-Bestias-y-Los-Cocheros-dedicadas-al-hurto-en-diferentes-modalidades-en-Barranquilla-Atlantico-1536x864.jpeg 1536w, https:\/\/www.fiscalia.gov.co\/colombia\/wp-content\/uploads\/Fiscalia-judicializo-a-12-presuntos-integrantes-de-las-bandas-delincuenciales-Los-Porteros-Los-Bestias-y-Los-Cocheros-dedicadas-al-hurto-en-diferentes-modalidades-en-Barranquilla-Atlantico-747x420.jpeg 747w, https:\/\/www.fiscalia.gov.co\/colombia\/wp-content\/uploads\/Fiscalia-judicializo-a-12-presuntos-integrantes-de-las-bandas-delincuenciales-Los-Porteros-Los-Bestias-y-Los-Cocheros-dedicadas-al-hurto-en-diferentes-modalidades-en-Barranquilla-Atlantico-696x392.jpeg 696w, https:\/\/www.fiscalia.gov.co\/colombia\/wp-content\/uploads\/Fiscalia-judicializo-a-12-presuntos-integrantes-de-las-bandas-delincuenciales-Los-Porteros-Los-Bestias-y-Los-Cocheros-dedicadas-al-hurto-en-diferentes-modalidades-en-Barranquilla-Atlantico-1068x601.jpeg 1068w, https:\/\/www.fiscalia.gov.co\/colombia\/wp-content\/uploads\/Fiscalia-judicializo-a-12-presuntos-integrantes-de-las-bandas-delincuenciales-Los-Porteros-Los-Bestias-y-Los-Cocheros-dedicadas-al-hurto-en-diferentes-modalidades-en-Barranquilla-Atlantico.jpeg 1600w\" sizes=\"auto, (max-width: 566px) 100vw, 566px\" \/><figcaption id=\"caption-attachment-308060\" class=\"wp-caption-text\">Fiscal\u00eda judicializ\u00f3 a\u00a012 presuntos integrantes de las bandas delincuenciales &#8216;Los Porteros&#8217;, &#8216;Los Bestias&#8217; y &#8216;Los Cocheros&#8217;, dedicadas al hurto en diferentes modalidades en Barranquilla (Atl\u00e1ntico).<\/figcaption><\/figure>\n<ul>\n<li style=\"font-weight: 400;\"><strong><u>\u2018Los Porteros\u2019: hurtos a residencias<\/u><\/strong><\/li>\n<\/ul>\n<p style=\"font-weight: 400;\">Seg\u00fan la investigaci\u00f3n, esta banda estaba siendo investigada por el hurto a residencias mediante la modalidad de atraco en el norte de Barranquilla. Se les se\u00f1ala de participar en al menos 10 robos de este tipo durante el presente a\u00f1o.<\/p>\n<ul>\n<li style=\"font-weight: 400;\"><strong><u>\u2018Los Bestias\u2019: robos de veh\u00edculos de carga<\/u><\/strong><\/li>\n<\/ul>\n<p style=\"font-weight: 400;\">Esta organizaci\u00f3n habr\u00eda estado operando desde febrero en Barranquilla y su \u00e1rea metropolitana. Al parecer, estos delincuentes intimidaban a conductores con armas de fuego para robar veh\u00edculos de carga pesada para luego desarmarlos y vender sus partes.<\/p>\n<ul>\n<li style=\"font-weight: 400;\"><strong><u>\u2018Los Cocheros\u2019: hurto de pertenencias dejadas en veh\u00edculos<\/u><\/strong><\/li>\n<\/ul>\n<p style=\"font-weight: 400;\">De acuerdo con labores de polic\u00eda judicial, desde abril pasado, se concertaba para hurtar objetos de valor dejados por las v\u00edctimas en veh\u00edculos estacionados en centros comerciales o establecimientos p\u00fablicos. Los hoy imputados, al parecer, part\u00edan los vidrios de los carros y utilizaban controles universales y llaves maestras para cometer el il\u00edcito.<\/p>\n<p style=\"font-weight: 400;\">Las capturas de estas personas se realizaron en operaciones lideradas por investigadores del Cuerpo T\u00e9cnico de Investigaci\u00f3n (CTI), con el apoyo de unidades de la Polic\u00eda y el Ej\u00e9rcito Nacional. Todos los implicados recibieron medida de aseguramiento en centro carcelario y ninguno se acogi\u00f3 a los cargos imputados por la Fiscal\u00eda.<\/p>\n<p style=\"font-weight: 400;\">\n<p style=\"font-weight: 400;\">SKCR\/CFG\/AMCJ\/CPLD\/MLI\/HE\/DSA<\/p>\n<p style=\"font-weight: 400;\">\n<p>&nbsp;<\/p>\n<p>La informaci\u00f3n contenida en este bolet\u00edn de prensa corresponde a la narraci\u00f3n de los hechos noticiosos objetivos, suministrados por los funcionarios encargados de adelantar las investigaciones penales al interior de la Fiscal\u00eda General de la Naci\u00f3n. Para el momento de la divulgaci\u00f3n de este comunicado, la situaci\u00f3n jur\u00eddica de la(s) persona(s) relacionada(s) se encuentra pendiente de resolver por la autoridad judicial competente, siempre bajo los preceptos de la presunci\u00f3n de inocencia, consagrados en el art\u00edculo 29 de la Constituci\u00f3n Pol\u00edtica y el art\u00edculo 7\u00ba de la Ley 906 de 2004.<\/p>\n\n<div class=\"twitter-share\"><a href=\"https:\/\/twitter.com\/intent\/tweet?via=fiscaliacol\" class=\"twitter-share-button\">Tweet<\/a><\/div>\n","protected":false},"excerpt":{"rendered":"<p>Las acciones investigativas coordinadas entre la Fiscal\u00eda General de la Naci\u00f3n y la Polic\u00eda Nacional, permitieron la judicializaci\u00f3n de 12 presuntos integrantes de las bandas delincuenciales &#8216;Los Porteros&#8217;, &#8216;Los Bestias&#8217; y &#8216;Los Cocheros&#8217;, dedicadas al hurto en diferentes modalidades en Barranquilla (Atl\u00e1ntico). A los procesados, de acuerdo con sus responsabilidades individuales, se les imputaron los [&hellip;]<\/p>\n","protected":false},"author":178,"featured_media":0,"comment_status":"closed","ping_status":"open","sticky":false,"template":"","format":"standard","meta":{"tdm_status":"","tdm_grid_status":"","footnotes":""},"categories":[1,320,303,24099],"tags":[42,5231,23982,3093,26039,30022,18320,30688,35757,39766,18761,33692,27199,2138,23970],"class_list":{"0":"post-308058","1":"post","2":"type-post","3":"status-publish","4":"format-standard","6":"category-noticias","7":"category-seccional-barranquilla","8":"category-seccionales","9":"category-seguridad-territorial","10":"tag-automotores","11":"tag-bandas","12":"tag-barranquilla-atlantico","13":"tag-carros","14":"tag-eda","15":"tag-fiscales","16":"tag-hurtos","17":"tag-hurtos-violentos","18":"tag-jueces","19":"tag-objetos-de-valor","20":"tag-organizaciones-delincuenciales","21":"tag-pertenencias","22":"tag-seccional-atlantico","23":"tag-vehiculos","24":"tag-victimas"},"yoast_head":"<!-- This site is optimized with the Yoast SEO plugin v24.3 - https:\/\/yoast.com\/wordpress\/plugins\/seo\/ -->\n<title>Fiscal\u00eda General de la Naci\u00f3n<\/title>\n<meta name=\"description\" content=\"P\u00e1gina oficial de la Fiscal\u00eda General de la Naci\u00f3n \u2013 Colombia. Garantizamos el acceso efectivo a la justicia, la verdad y la reparaci\u00f3n de las v\u00edctimas de los delitos.\" \/>\n<meta name=\"robots\" content=\"noindex, follow\" \/>\n<meta property=\"og:locale\" content=\"es_ES\" \/>\n<meta property=\"og:type\" content=\"article\" \/>\n<meta property=\"og:title\" content=\"Fiscal\u00eda General de la Naci\u00f3n\" \/>\n<meta property=\"og:description\" content=\"P\u00e1gina oficial de la Fiscal\u00eda General de la Naci\u00f3n \u2013 Colombia. Garantizamos el acceso efectivo a la justicia, la verdad y la reparaci\u00f3n de las v\u00edctimas de los delitos.\" \/>\n<meta property=\"og:url\" content=\"https:\/\/www.fiscalia.gov.co\/colombia\/noticias\/en-barranquilla-judicializados-12-presuntos-responsables-de-hurtos\/\" \/>\n<meta property=\"og:site_name\" content=\"Fiscal\u00eda General de la Naci\u00f3n\" \/>\n<meta property=\"article:publisher\" content=\"https:\/\/www.facebook.com\/FiscaliaCol\" \/>\n<meta property=\"article:published_time\" content=\"2024-12-27T14:51:55+00:00\" \/>\n<meta property=\"og:image\" content=\"https:\/\/www.fiscalia.gov.co\/colombia\/wp-content\/uploads\/Fiscalia-judicializo-a-12-presuntos-integrantes-de-las-bandas-delincuenciales-Los-Porteros-Los-Bestias-y-Los-Cocheros-dedicadas-al-hurto-en-diferentes-modalidades-en-Barranquilla-Atlantico.jpeg\" \/>\n\t<meta property=\"og:image:width\" content=\"1600\" \/>\n\t<meta property=\"og:image:height\" content=\"900\" \/>\n\t<meta property=\"og:image:type\" content=\"image\/jpeg\" \/>\n<meta name=\"author\" content=\"Winnie Geraldine Rodr\u00edguez Navarrete\" \/>\n<meta name=\"twitter:card\" content=\"summary_large_image\" \/>\n<meta name=\"twitter:creator\" content=\"@FiscaliaCol\" \/>\n<meta name=\"twitter:site\" content=\"@FiscaliaCol\" \/>\n<meta name=\"twitter:label1\" content=\"Escrito por\" \/>\n\t<meta name=\"twitter:data1\" content=\"Winnie Geraldine Rodr\u00edguez Navarrete\" \/>\n\t<meta name=\"twitter:label2\" content=\"Tiempo de lectura\" \/>\n\t<meta name=\"twitter:data2\" content=\"3 minutos\" \/>\n<script type=\"application\/ld+json\" class=\"yoast-schema-graph\">{\"@context\":\"https:\/\/schema.org\",\"@graph\":[{\"@type\":\"Article\",\"@id\":\"https:\/\/www.fiscalia.gov.co\/colombia\/noticias\/en-barranquilla-judicializados-12-presuntos-responsables-de-hurtos\/#article\",\"isPartOf\":{\"@id\":\"https:\/\/www.fiscalia.gov.co\/colombia\/noticias\/en-barranquilla-judicializados-12-presuntos-responsables-de-hurtos\/\"},\"author\":{\"name\":\"Winnie Geraldine Rodr\u00edguez Navarrete\",\"@id\":\"https:\/\/www.fiscalia.gov.co\/colombia\/#\/schema\/person\/176195b99ebab0a52aafa15197e1bf80\"},\"headline\":\"En Barranquilla, judicializados 12 presuntos responsables de hurtos\",\"datePublished\":\"2024-12-27T14:51:55+00:00\",\"dateModified\":\"2024-12-27T14:51:55+00:00\",\"mainEntityOfPage\":{\"@id\":\"https:\/\/www.fiscalia.gov.co\/colombia\/noticias\/en-barranquilla-judicializados-12-presuntos-responsables-de-hurtos\/\"},\"wordCount\":527,\"publisher\":{\"@id\":\"https:\/\/www.fiscalia.gov.co\/colombia\/#organization\"},\"image\":{\"@id\":\"https:\/\/www.fiscalia.gov.co\/colombia\/noticias\/en-barranquilla-judicializados-12-presuntos-responsables-de-hurtos\/#primaryimage\"},\"thumbnailUrl\":\"https:\/\/www.fiscalia.gov.co\/colombia\/wp-content\/uploads\/Fiscalia-judicializo-a-12-presuntos-integrantes-de-las-bandas-delincuenciales-Los-Porteros-Los-Bestias-y-Los-Cocheros-dedicadas-al-hurto-en-diferentes-modalidades-en-Barranquilla-Atlantico-300x169.jpeg\",\"keywords\":[\"Automotores\",\"Bandas\",\"Barranquilla (Atl\u00e1ntico)\",\"Carros\",\"EDA\",\"fiscales\",\"Hurtos\",\"hurtos violentos\",\"jueces\",\"objetos de valor\",\"Organizaciones delincuenciales\",\"pertenencias\",\"Seccional Atl\u00e1ntico\",\"Veh\u00edculos\",\"V\u00edctimas\"],\"articleSection\":[\"Noticias\",\"Seccional Barranquilla\",\"Seccionales\",\"Seguridad territorial\"],\"inLanguage\":\"es-CO\"},{\"@type\":\"WebPage\",\"@id\":\"https:\/\/www.fiscalia.gov.co\/colombia\/noticias\/en-barranquilla-judicializados-12-presuntos-responsables-de-hurtos\/\",\"url\":\"https:\/\/www.fiscalia.gov.co\/colombia\/noticias\/en-barranquilla-judicializados-12-presuntos-responsables-de-hurtos\/\",\"name\":\"Fiscal\u00eda General de la Naci\u00f3n\",\"isPartOf\":{\"@id\":\"https:\/\/www.fiscalia.gov.co\/colombia\/#website\"},\"primaryImageOfPage\":{\"@id\":\"https:\/\/www.fiscalia.gov.co\/colombia\/noticias\/en-barranquilla-judicializados-12-presuntos-responsables-de-hurtos\/#primaryimage\"},\"image\":{\"@id\":\"https:\/\/www.fiscalia.gov.co\/colombia\/noticias\/en-barranquilla-judicializados-12-presuntos-responsables-de-hurtos\/#primaryimage\"},\"thumbnailUrl\":\"https:\/\/www.fiscalia.gov.co\/colombia\/wp-content\/uploads\/Fiscalia-judicializo-a-12-presuntos-integrantes-de-las-bandas-delincuenciales-Los-Porteros-Los-Bestias-y-Los-Cocheros-dedicadas-al-hurto-en-diferentes-modalidades-en-Barranquilla-Atlantico-300x169.jpeg\",\"datePublished\":\"2024-12-27T14:51:55+00:00\",\"dateModified\":\"2024-12-27T14:51:55+00:00\",\"description\":\"P\u00e1gina oficial de la Fiscal\u00eda General de la Naci\u00f3n \u2013 Colombia. Garantizamos el acceso efectivo a la justicia, la verdad y la reparaci\u00f3n de las v\u00edctimas de los delitos.\",\"breadcrumb\":{\"@id\":\"https:\/\/www.fiscalia.gov.co\/colombia\/noticias\/en-barranquilla-judicializados-12-presuntos-responsables-de-hurtos\/#breadcrumb\"},\"inLanguage\":\"es-CO\",\"potentialAction\":[{\"@type\":\"ReadAction\",\"target\":[\"https:\/\/www.fiscalia.gov.co\/colombia\/noticias\/en-barranquilla-judicializados-12-presuntos-responsables-de-hurtos\/\"]}]},{\"@type\":\"ImageObject\",\"inLanguage\":\"es-CO\",\"@id\":\"https:\/\/www.fiscalia.gov.co\/colombia\/noticias\/en-barranquilla-judicializados-12-presuntos-responsables-de-hurtos\/#primaryimage\",\"url\":\"https:\/\/www.fiscalia.gov.co\/colombia\/wp-content\/uploads\/Fiscalia-judicializo-a-12-presuntos-integrantes-de-las-bandas-delincuenciales-Los-Porteros-Los-Bestias-y-Los-Cocheros-dedicadas-al-hurto-en-diferentes-modalidades-en-Barranquilla-Atlantico-300x169.jpeg\",\"contentUrl\":\"https:\/\/www.fiscalia.gov.co\/colombia\/wp-content\/uploads\/Fiscalia-judicializo-a-12-presuntos-integrantes-de-las-bandas-delincuenciales-Los-Porteros-Los-Bestias-y-Los-Cocheros-dedicadas-al-hurto-en-diferentes-modalidades-en-Barranquilla-Atlantico-300x169.jpeg\"},{\"@type\":\"BreadcrumbList\",\"@id\":\"https:\/\/www.fiscalia.gov.co\/colombia\/noticias\/en-barranquilla-judicializados-12-presuntos-responsables-de-hurtos\/#breadcrumb\",\"itemListElement\":[{\"@type\":\"ListItem\",\"position\":1,\"name\":\"Home\",\"item\":\"https:\/\/www.fiscalia.gov.co\/colombia\/\"},{\"@type\":\"ListItem\",\"position\":2,\"name\":\"En Barranquilla, judicializados 12 presuntos responsables de hurtos\"}]},{\"@type\":\"WebSite\",\"@id\":\"https:\/\/www.fiscalia.gov.co\/colombia\/#website\",\"url\":\"https:\/\/www.fiscalia.gov.co\/colombia\/\",\"name\":\"Fiscal\u00eda General de la Naci\u00f3n\",\"description\":\"P\u00e1gina oficial de la Fiscal\u00eda General de la Naci\u00f3n \u2013 Colombia. Garantizamos el acceso efectivo a la justicia, la verdad y la reparaci\u00f3n de las v\u00edctimas de los delitos.\",\"publisher\":{\"@id\":\"https:\/\/www.fiscalia.gov.co\/colombia\/#organization\"},\"potentialAction\":[{\"@type\":\"SearchAction\",\"target\":{\"@type\":\"EntryPoint\",\"urlTemplate\":\"https:\/\/www.fiscalia.gov.co\/colombia\/?s={search_term_string}\"},\"query-input\":{\"@type\":\"PropertyValueSpecification\",\"valueRequired\":true,\"valueName\":\"search_term_string\"}}],\"inLanguage\":\"es-CO\"},{\"@type\":\"Organization\",\"@id\":\"https:\/\/www.fiscalia.gov.co\/colombia\/#organization\",\"name\":\"Fiscal\u00eda General de la Naci\u00f3n\",\"url\":\"https:\/\/www.fiscalia.gov.co\/colombia\/\",\"logo\":{\"@type\":\"ImageObject\",\"inLanguage\":\"es-CO\",\"@id\":\"https:\/\/www.fiscalia.gov.co\/colombia\/#\/schema\/logo\/image\/\",\"url\":\"https:\/\/www.fiscalia.gov.co\/colombia\/wp-content\/uploads\/LogoHorizontal_1.jpg\",\"contentUrl\":\"https:\/\/www.fiscalia.gov.co\/colombia\/wp-content\/uploads\/LogoHorizontal_1.jpg\",\"width\":300,\"height\":90,\"caption\":\"Fiscal\u00eda General de la Naci\u00f3n\"},\"image\":{\"@id\":\"https:\/\/www.fiscalia.gov.co\/colombia\/#\/schema\/logo\/image\/\"},\"sameAs\":[\"https:\/\/www.facebook.com\/FiscaliaCol\",\"https:\/\/x.com\/FiscaliaCol\",\"https:\/\/www.instagram.com\/fiscaliacol\",\"https:\/\/www.linkedin.com\/company\/fiscalia-general-de-la-naci-n\/\",\"https:\/\/youtube.com\/@fiscaliageneraldelanacion-4668?si=6nN79nyQICPU5iTh\"]},{\"@type\":\"Person\",\"@id\":\"https:\/\/www.fiscalia.gov.co\/colombia\/#\/schema\/person\/176195b99ebab0a52aafa15197e1bf80\",\"name\":\"Winnie Geraldine Rodr\u00edguez Navarrete\",\"image\":{\"@type\":\"ImageObject\",\"inLanguage\":\"es-CO\",\"@id\":\"https:\/\/www.fiscalia.gov.co\/colombia\/#\/schema\/person\/image\/\",\"url\":\"https:\/\/secure.gravatar.com\/avatar\/c24cf8481dc84fa5e8c7b20bc95ab0c6?s=96&d=mm&r=g\",\"contentUrl\":\"https:\/\/secure.gravatar.com\/avatar\/c24cf8481dc84fa5e8c7b20bc95ab0c6?s=96&d=mm&r=g\",\"caption\":\"Winnie Geraldine Rodr\u00edguez Navarrete\"},\"url\":\"https:\/\/www.fiscalia.gov.co\/colombia\/author\/winnierodriguez\/\"}]}<\/script>\n<!-- \/ Yoast SEO plugin. -->","yoast_head_json":{"title":"Fiscal\u00eda General de la Naci\u00f3n","description":"P\u00e1gina oficial de la Fiscal\u00eda General de la Naci\u00f3n \u2013 Colombia. Garantizamos el acceso efectivo a la justicia, la verdad y la reparaci\u00f3n de las v\u00edctimas de los delitos.","robots":{"index":"noindex","follow":"follow"},"og_locale":"es_ES","og_type":"article","og_title":"Fiscal\u00eda General de la Naci\u00f3n","og_description":"P\u00e1gina oficial de la Fiscal\u00eda General de la Naci\u00f3n \u2013 Colombia. Garantizamos el acceso efectivo a la justicia, la verdad y la reparaci\u00f3n de las v\u00edctimas de los delitos.","og_url":"https:\/\/www.fiscalia.gov.co\/colombia\/noticias\/en-barranquilla-judicializados-12-presuntos-responsables-de-hurtos\/","og_site_name":"Fiscal\u00eda General de la Naci\u00f3n","article_publisher":"https:\/\/www.facebook.com\/FiscaliaCol","article_published_time":"2024-12-27T14:51:55+00:00","og_image":[{"width":1600,"height":900,"url":"https:\/\/www.fiscalia.gov.co\/colombia\/wp-content\/uploads\/Fiscalia-judicializo-a-12-presuntos-integrantes-de-las-bandas-delincuenciales-Los-Porteros-Los-Bestias-y-Los-Cocheros-dedicadas-al-hurto-en-diferentes-modalidades-en-Barranquilla-Atlantico.jpeg","type":"image\/jpeg"}],"author":"Winnie Geraldine Rodr\u00edguez Navarrete","twitter_card":"summary_large_image","twitter_creator":"@FiscaliaCol","twitter_site":"@FiscaliaCol","twitter_misc":{"Escrito por":"Winnie Geraldine Rodr\u00edguez Navarrete","Tiempo de lectura":"3 minutos"},"schema":{"@context":"https:\/\/schema.org","@graph":[{"@type":"Article","@id":"https:\/\/www.fiscalia.gov.co\/colombia\/noticias\/en-barranquilla-judicializados-12-presuntos-responsables-de-hurtos\/#article","isPartOf":{"@id":"https:\/\/www.fiscalia.gov.co\/colombia\/noticias\/en-barranquilla-judicializados-12-presuntos-responsables-de-hurtos\/"},"author":{"name":"Winnie Geraldine Rodr\u00edguez Navarrete","@id":"https:\/\/www.fiscalia.gov.co\/colombia\/#\/schema\/person\/176195b99ebab0a52aafa15197e1bf80"},"headline":"En Barranquilla, judicializados 12 presuntos responsables de hurtos","datePublished":"2024-12-27T14:51:55+00:00","dateModified":"2024-12-27T14:51:55+00:00","mainEntityOfPage":{"@id":"https:\/\/www.fiscalia.gov.co\/colombia\/noticias\/en-barranquilla-judicializados-12-presuntos-responsables-de-hurtos\/"},"wordCount":527,"publisher":{"@id":"https:\/\/www.fiscalia.gov.co\/colombia\/#organization"},"image":{"@id":"https:\/\/www.fiscalia.gov.co\/colombia\/noticias\/en-barranquilla-judicializados-12-presuntos-responsables-de-hurtos\/#primaryimage"},"thumbnailUrl":"https:\/\/www.fiscalia.gov.co\/colombia\/wp-content\/uploads\/Fiscalia-judicializo-a-12-presuntos-integrantes-de-las-bandas-delincuenciales-Los-Porteros-Los-Bestias-y-Los-Cocheros-dedicadas-al-hurto-en-diferentes-modalidades-en-Barranquilla-Atlantico-300x169.jpeg","keywords":["Automotores","Bandas","Barranquilla (Atl\u00e1ntico)","Carros","EDA","fiscales","Hurtos","hurtos violentos","jueces","objetos de valor","Organizaciones delincuenciales","pertenencias","Seccional Atl\u00e1ntico","Veh\u00edculos","V\u00edctimas"],"articleSection":["Noticias","Seccional Barranquilla","Seccionales","Seguridad territorial"],"inLanguage":"es-CO"},{"@type":"WebPage","@id":"https:\/\/www.fiscalia.gov.co\/colombia\/noticias\/en-barranquilla-judicializados-12-presuntos-responsables-de-hurtos\/","url":"https:\/\/www.fiscalia.gov.co\/colombia\/noticias\/en-barranquilla-judicializados-12-presuntos-responsables-de-hurtos\/","name":"Fiscal\u00eda General de la Naci\u00f3n","isPartOf":{"@id":"https:\/\/www.fiscalia.gov.co\/colombia\/#website"},"primaryImageOfPage":{"@id":"https:\/\/www.fiscalia.gov.co\/colombia\/noticias\/en-barranquilla-judicializados-12-presuntos-responsables-de-hurtos\/#primaryimage"},"image":{"@id":"https:\/\/www.fiscalia.gov.co\/colombia\/noticias\/en-barranquilla-judicializados-12-presuntos-responsables-de-hurtos\/#primaryimage"},"thumbnailUrl":"https:\/\/www.fiscalia.gov.co\/colombia\/wp-content\/uploads\/Fiscalia-judicializo-a-12-presuntos-integrantes-de-las-bandas-delincuenciales-Los-Porteros-Los-Bestias-y-Los-Cocheros-dedicadas-al-hurto-en-diferentes-modalidades-en-Barranquilla-Atlantico-300x169.jpeg","datePublished":"2024-12-27T14:51:55+00:00","dateModified":"2024-12-27T14:51:55+00:00","description":"P\u00e1gina oficial de la Fiscal\u00eda General de la Naci\u00f3n \u2013 Colombia. Garantizamos el acceso efectivo a la justicia, la verdad y la reparaci\u00f3n de las v\u00edctimas de los delitos.","breadcrumb":{"@id":"https:\/\/www.fiscalia.gov.co\/colombia\/noticias\/en-barranquilla-judicializados-12-presuntos-responsables-de-hurtos\/#breadcrumb"},"inLanguage":"es-CO","potentialAction":[{"@type":"ReadAction","target":["https:\/\/www.fiscalia.gov.co\/colombia\/noticias\/en-barranquilla-judicializados-12-presuntos-responsables-de-hurtos\/"]}]},{"@type":"ImageObject","inLanguage":"es-CO","@id":"https:\/\/www.fiscalia.gov.co\/colombia\/noticias\/en-barranquilla-judicializados-12-presuntos-responsables-de-hurtos\/#primaryimage","url":"https:\/\/www.fiscalia.gov.co\/colombia\/wp-content\/uploads\/Fiscalia-judicializo-a-12-presuntos-integrantes-de-las-bandas-delincuenciales-Los-Porteros-Los-Bestias-y-Los-Cocheros-dedicadas-al-hurto-en-diferentes-modalidades-en-Barranquilla-Atlantico-300x169.jpeg","contentUrl":"https:\/\/www.fiscalia.gov.co\/colombia\/wp-content\/uploads\/Fiscalia-judicializo-a-12-presuntos-integrantes-de-las-bandas-delincuenciales-Los-Porteros-Los-Bestias-y-Los-Cocheros-dedicadas-al-hurto-en-diferentes-modalidades-en-Barranquilla-Atlantico-300x169.jpeg"},{"@type":"BreadcrumbList","@id":"https:\/\/www.fiscalia.gov.co\/colombia\/noticias\/en-barranquilla-judicializados-12-presuntos-responsables-de-hurtos\/#breadcrumb","itemListElement":[{"@type":"ListItem","position":1,"name":"Home","item":"https:\/\/www.fiscalia.gov.co\/colombia\/"},{"@type":"ListItem","position":2,"name":"En Barranquilla, judicializados 12 presuntos responsables de hurtos"}]},{"@type":"WebSite","@id":"https:\/\/www.fiscalia.gov.co\/colombia\/#website","url":"https:\/\/www.fiscalia.gov.co\/colombia\/","name":"Fiscal\u00eda General de la Naci\u00f3n","description":"P\u00e1gina oficial de la Fiscal\u00eda General de la Naci\u00f3n \u2013 Colombia. Garantizamos el acceso efectivo a la justicia, la verdad y la reparaci\u00f3n de las v\u00edctimas de los delitos.","publisher":{"@id":"https:\/\/www.fiscalia.gov.co\/colombia\/#organization"},"potentialAction":[{"@type":"SearchAction","target":{"@type":"EntryPoint","urlTemplate":"https:\/\/www.fiscalia.gov.co\/colombia\/?s={search_term_string}"},"query-input":{"@type":"PropertyValueSpecification","valueRequired":true,"valueName":"search_term_string"}}],"inLanguage":"es-CO"},{"@type":"Organization","@id":"https:\/\/www.fiscalia.gov.co\/colombia\/#organization","name":"Fiscal\u00eda General de la Naci\u00f3n","url":"https:\/\/www.fiscalia.gov.co\/colombia\/","logo":{"@type":"ImageObject","inLanguage":"es-CO","@id":"https:\/\/www.fiscalia.gov.co\/colombia\/#\/schema\/logo\/image\/","url":"https:\/\/www.fiscalia.gov.co\/colombia\/wp-content\/uploads\/LogoHorizontal_1.jpg","contentUrl":"https:\/\/www.fiscalia.gov.co\/colombia\/wp-content\/uploads\/LogoHorizontal_1.jpg","width":300,"height":90,"caption":"Fiscal\u00eda General de la Naci\u00f3n"},"image":{"@id":"https:\/\/www.fiscalia.gov.co\/colombia\/#\/schema\/logo\/image\/"},"sameAs":["https:\/\/www.facebook.com\/FiscaliaCol","https:\/\/x.com\/FiscaliaCol","https:\/\/www.instagram.com\/fiscaliacol","https:\/\/www.linkedin.com\/company\/fiscalia-general-de-la-naci-n\/","https:\/\/youtube.com\/@fiscaliageneraldelanacion-4668?si=6nN79nyQICPU5iTh"]},{"@type":"Person","@id":"https:\/\/www.fiscalia.gov.co\/colombia\/#\/schema\/person\/176195b99ebab0a52aafa15197e1bf80","name":"Winnie Geraldine Rodr\u00edguez Navarrete","image":{"@type":"ImageObject","inLanguage":"es-CO","@id":"https:\/\/www.fiscalia.gov.co\/colombia\/#\/schema\/person\/image\/","url":"https:\/\/secure.gravatar.com\/avatar\/c24cf8481dc84fa5e8c7b20bc95ab0c6?s=96&d=mm&r=g","contentUrl":"https:\/\/secure.gravatar.com\/avatar\/c24cf8481dc84fa5e8c7b20bc95ab0c6?s=96&d=mm&r=g","caption":"Winnie Geraldine Rodr\u00edguez Navarrete"},"url":"https:\/\/www.fiscalia.gov.co\/colombia\/author\/winnierodriguez\/"}]}},"_links":{"self":[{"href":"https:\/\/www.fiscalia.gov.co\/colombia\/wp-json\/wp\/v2\/posts\/308058","targetHints":{"allow":["GET"]}}],"collection":[{"href":"https:\/\/www.fiscalia.gov.co\/colombia\/wp-json\/wp\/v2\/posts"}],"about":[{"href":"https:\/\/www.fiscalia.gov.co\/colombia\/wp-json\/wp\/v2\/types\/post"}],"author":[{"embeddable":true,"href":"https:\/\/www.fiscalia.gov.co\/colombia\/wp-json\/wp\/v2\/users\/178"}],"replies":[{"embeddable":true,"href":"https:\/\/www.fiscalia.gov.co\/colombia\/wp-json\/wp\/v2\/comments?post=308058"}],"version-history":[{"count":2,"href":"https:\/\/www.fiscalia.gov.co\/colombia\/wp-json\/wp\/v2\/posts\/308058\/revisions"}],"predecessor-version":[{"id":308061,"href":"https:\/\/www.fiscalia.gov.co\/colombia\/wp-json\/wp\/v2\/posts\/308058\/revisions\/308061"}],"wp:attachment":[{"href":"https:\/\/www.fiscalia.gov.co\/colombia\/wp-json\/wp\/v2\/media?parent=308058"}],"wp:term":[{"taxonomy":"category","embeddable":true,"href":"https:\/\/www.fiscalia.gov.co\/colombia\/wp-json\/wp\/v2\/categories?post=308058"},{"taxonomy":"post_tag","embeddable":true,"href":"https:\/\/www.fiscalia.gov.co\/colombia\/wp-json\/wp\/v2\/tags?post=308058"}],"curies":[{"name":"wp","href":"https:\/\/api.w.org\/{rel}","templated":true}]}}