{"id":308002,"date":"2024-12-26T11:31:20","date_gmt":"2024-12-26T16:31:20","guid":{"rendered":"https:\/\/www.fiscalia.gov.co\/colombia\/?p=308002"},"modified":"2024-12-26T11:31:20","modified_gmt":"2024-12-26T16:31:20","slug":"a-la-carcel-presuntos-extorsionistas-de-comerciantes-ganaderos-y-empresarios-de-caqueta","status":"publish","type":"post","link":"https:\/\/www.fiscalia.gov.co\/colombia\/noticias\/a-la-carcel-presuntos-extorsionistas-de-comerciantes-ganaderos-y-empresarios-de-caqueta\/","title":{"rendered":"A la c\u00e1rcel presuntos extorsionistas de comerciantes, ganaderos y empresarios de Caquet\u00e1"},"content":{"rendered":"<h4 style=\"font-weight: 400; text-align: center;\"><strong><em>Los investigados, al parecer, se identificaban como integrantes de la Columna M\u00f3vil Te\u00f3filo Forero de la Segunda Marquetalia que delinquen en Florencia. Los procesados instrumentalizar\u00edan menores de edad para cobrar las extorsiones.<\/em><\/strong><\/h4>\n<p style=\"font-weight: 400;\">Tras avalar los elementos materiales de prueba presentados por un fiscal de la<strong> Seccional Caquet\u00e1,<\/strong> un juez con funci\u00f3n de control de garant\u00edas impuso medida de aseguramiento en centro carcelario a dos presuntos integrantes de las disidencias de las Farc, y<strong> al cual se les atribuyen m\u00faltiples extorsiones a ganaderos, empresarios y comerciantes de Florencia.<\/strong><\/p>\n<p style=\"font-weight: 400;\">Se trata de Gerley Quijano G\u00f3mez, alias El Burro, y Agust\u00edn Arias Mundis, alias Tocayo, quienes fueron capturados por uniformados del Gaula del Ej\u00e9rcito y Polic\u00eda Nacional el pasado 24 de diciembre en la vereda Bajo San Gil de la municipalidad.<\/p>\n<figure id=\"attachment_308005\" aria-describedby=\"caption-attachment-308005\" style=\"width: 478px\" class=\"wp-caption aligncenter\"><img loading=\"lazy\" decoding=\"async\" class=\" wp-image-308005\" src=\"https:\/\/www.fiscalia.gov.co\/colombia\/wp-content\/uploads\/Disidente-capturado-300x169.jpeg\" alt=\"Uno de los capturados se encuentra de espaldas  y  custodiado por un uniformado del Gaula del Ej\u00e9rcito y la Polic\u00eda Nacional. En la foto se ve parte del material incautado como munici\u00f3n y fusiles.\" width=\"478\" height=\"269\" srcset=\"https:\/\/www.fiscalia.gov.co\/colombia\/wp-content\/uploads\/Disidente-capturado-300x169.jpeg 300w, https:\/\/www.fiscalia.gov.co\/colombia\/wp-content\/uploads\/Disidente-capturado-1024x576.jpeg 1024w, https:\/\/www.fiscalia.gov.co\/colombia\/wp-content\/uploads\/Disidente-capturado-768x432.jpeg 768w, https:\/\/www.fiscalia.gov.co\/colombia\/wp-content\/uploads\/Disidente-capturado-1536x864.jpeg 1536w, https:\/\/www.fiscalia.gov.co\/colombia\/wp-content\/uploads\/Disidente-capturado-747x420.jpeg 747w, https:\/\/www.fiscalia.gov.co\/colombia\/wp-content\/uploads\/Disidente-capturado-696x392.jpeg 696w, https:\/\/www.fiscalia.gov.co\/colombia\/wp-content\/uploads\/Disidente-capturado-1068x601.jpeg 1068w, https:\/\/www.fiscalia.gov.co\/colombia\/wp-content\/uploads\/Disidente-capturado.jpeg 1600w\" sizes=\"auto, (max-width: 478px) 100vw, 478px\" \/><figcaption id=\"caption-attachment-308005\" class=\"wp-caption-text\">De acuerdo con las investigaciones, el presunto actuar criminal de los imputados se concretaba a trav\u00e9s de llamadas telef\u00f3nicas y panfletos en el que exigir\u00edan gruesas sumas de dinero a sus v\u00edctimas so pena de atentar contra sus vidas, la de sus familias o sus propiedades.<\/figcaption><\/figure>\n<p style=\"font-weight: 400;\">Una fiscal adscrita a la Unidad de Reacci\u00f3n Inmediata (URI) l<strong>es imput\u00f3 el delito de fabricaci\u00f3n, tr\u00e1fico y porte de armas, municiones de uso restringido, de uso privativo de las fuerzas armadas o explosivos agravado;<\/strong> y uso de menores de edad en la comisi\u00f3n de delitos. Cargos que no fueron aceptados.<\/p>\n<figure id=\"attachment_308006\" aria-describedby=\"caption-attachment-308006\" style=\"width: 470px\" class=\"wp-caption aligncenter\"><img loading=\"lazy\" decoding=\"async\" class=\" wp-image-308006\" src=\"https:\/\/www.fiscalia.gov.co\/colombia\/wp-content\/uploads\/Incautacion-1-300x189.jpeg\" alt=\" En la foto se ven las municiones de diferentes calibres, fusiles y proveedores.\" width=\"470\" height=\"296\" srcset=\"https:\/\/www.fiscalia.gov.co\/colombia\/wp-content\/uploads\/Incautacion-1-300x189.jpeg 300w, https:\/\/www.fiscalia.gov.co\/colombia\/wp-content\/uploads\/Incautacion-1-1024x646.jpeg 1024w, https:\/\/www.fiscalia.gov.co\/colombia\/wp-content\/uploads\/Incautacion-1-768x485.jpeg 768w, https:\/\/www.fiscalia.gov.co\/colombia\/wp-content\/uploads\/Incautacion-1-666x420.jpeg 666w, https:\/\/www.fiscalia.gov.co\/colombia\/wp-content\/uploads\/Incautacion-1-696x439.jpeg 696w, https:\/\/www.fiscalia.gov.co\/colombia\/wp-content\/uploads\/Incautacion-1-1068x674.jpeg 1068w, https:\/\/www.fiscalia.gov.co\/colombia\/wp-content\/uploads\/Incautacion-1.jpeg 1425w\" sizes=\"auto, (max-width: 470px) 100vw, 470px\" \/><figcaption id=\"caption-attachment-308006\" class=\"wp-caption-text\">En el operativo les fueron incautados fusiles, municiones de diferentes calibres, chalecos multiprop\u00f3sitos, proveedores y un celular.<\/figcaption><\/figure>\n<p style=\"font-weight: 400;\">De acuerdo con las investigaciones, <strong>el presunto actuar criminal de los imputados se concretaba a trav\u00e9s de llamadas telef\u00f3nicas y panfletos en el que exigir\u00edan gruesas sumas de dinero a sus v\u00edctimas<\/strong> so pena de atentar contra sus vidas, la de sus familias o sus propiedades.<\/p>\n<p style=\"font-weight: 400;\">En el operativo les fueron incautados fusiles, municiones de diferentes calibres, chalecos multiprop\u00f3sitos, proveedores y un celular.<\/p>\n<p>&nbsp;<\/p>\n<p>&nbsp;<\/p>\n<p>&nbsp;<\/p>\n<p style=\"font-weight: 400;\">\n<p style=\"font-weight: 400;\">WAGG\/MAGA\/SH\/EMV\/DSC<\/p>\n<p>&nbsp;<\/p>\n<p>&nbsp;<\/p>\n<p>&nbsp;<\/p>\n<p>&nbsp;<\/p>\n<p><em>La informaci\u00f3n contenida en este bolet\u00edn de prensa corresponde a la narraci\u00f3n de los hechos noticiosos objetivos, suministrados por los funcionarios encargados de adelantar las investigaciones penales al interior de la Fiscal\u00eda General de la Naci\u00f3n. Para el momento de la divulgaci\u00f3n de este comunicado, la situaci\u00f3n jur\u00eddica de la(s) persona(s) relacionada(s) se encuentra pendiente de resolver por la autoridad judicial competente, siempre bajo los preceptos de la presunci\u00f3n de inocencia, consagrados en el art\u00edculo 29 de la Constituci\u00f3n Pol\u00edtica y el art\u00edculo 7\u00ba de la Ley 906 de 2004.<\/em><\/p>\n\n<div class=\"twitter-share\"><a href=\"https:\/\/twitter.com\/intent\/tweet?via=fiscaliacol\" class=\"twitter-share-button\">Tweet<\/a><\/div>\n","protected":false},"excerpt":{"rendered":"<p>Los investigados, al parecer, se identificaban como integrantes de la Columna M\u00f3vil Te\u00f3filo Forero de la Segunda Marquetalia que delinquen en Florencia. Los procesados instrumentalizar\u00edan menores de edad para cobrar las extorsiones. Tras avalar los elementos materiales de prueba presentados por un fiscal de la Seccional Caquet\u00e1, un juez con funci\u00f3n de control de garant\u00edas [&hellip;]<\/p>\n","protected":false},"author":178,"featured_media":0,"comment_status":"closed","ping_status":"open","sticky":false,"template":"","format":"standard","meta":{"_price":"","_stock":"","_tribe_ticket_header":"","_tribe_default_ticket_provider":"","_tribe_ticket_capacity":"0","_ticket_start_date":"","_ticket_end_date":"","_tribe_ticket_show_description":"","_tribe_ticket_show_not_going":false,"_tribe_ticket_use_global_stock":"","_tribe_ticket_global_stock_level":"","_global_stock_mode":"","_global_stock_cap":"","_tribe_rsvp_for_event":"","_tribe_ticket_going_count":"","_tribe_ticket_not_going_count":"","_tribe_tickets_list":"[]","_tribe_ticket_has_attendee_info_fields":false,"tdm_status":"","tdm_grid_status":"","footnotes":""},"categories":[1,328,303,24099],"tags":[4017,6489,654,24205,871,39753,1770,4140,37492,1047,23822,24022,39592,5699,24379,916],"class_list":{"0":"post-308002","1":"post","2":"type-post","3":"status-publish","4":"format-standard","6":"category-noticias","7":"category-seccional-florencia","8":"category-seccionales","9":"category-seguridad-territorial","10":"tag-armas-de-fuego","11":"tag-caqueta","12":"tag-comerciantes","13":"tag-disidencias","14":"tag-extorion","15":"tag-extorsion-a-ganaderos","16":"tag-extorsiones","17":"tag-fabricacion","18":"tag-fiscal-luz-adriana-camargo","19":"tag-fiscalia-general-de-la-nacion","20":"tag-florencia","21":"tag-florencia-caqueta","22":"tag-menores-de-edad-para-la-comision-de-delitos","23":"tag-municiones","24":"tag-seccional-caqueta","25":"tag-trafico"},"yoast_head":"<!-- This site is optimized with the Yoast SEO plugin v24.3 - https:\/\/yoast.com\/wordpress\/plugins\/seo\/ -->\n<title>Fiscal\u00eda General de la Naci\u00f3n<\/title>\n<meta name=\"description\" content=\"P\u00e1gina oficial de la Fiscal\u00eda General de la Naci\u00f3n \u2013 Colombia. Garantizamos el acceso efectivo a la justicia, la verdad y la reparaci\u00f3n de las v\u00edctimas de los delitos.\" \/>\n<meta name=\"robots\" content=\"noindex, follow\" \/>\n<meta property=\"og:locale\" content=\"es_ES\" \/>\n<meta property=\"og:type\" content=\"article\" \/>\n<meta property=\"og:title\" content=\"Fiscal\u00eda General de la Naci\u00f3n\" \/>\n<meta property=\"og:description\" content=\"P\u00e1gina oficial de la Fiscal\u00eda General de la Naci\u00f3n \u2013 Colombia. Garantizamos el acceso efectivo a la justicia, la verdad y la reparaci\u00f3n de las v\u00edctimas de los delitos.\" \/>\n<meta property=\"og:url\" content=\"https:\/\/www.fiscalia.gov.co\/colombia\/noticias\/a-la-carcel-presuntos-extorsionistas-de-comerciantes-ganaderos-y-empresarios-de-caqueta\/\" \/>\n<meta property=\"og:site_name\" content=\"Fiscal\u00eda General de la Naci\u00f3n\" \/>\n<meta property=\"article:publisher\" content=\"https:\/\/www.facebook.com\/FiscaliaCol\" \/>\n<meta property=\"article:published_time\" content=\"2024-12-26T16:31:20+00:00\" \/>\n<meta property=\"og:image\" content=\"https:\/\/www.fiscalia.gov.co\/colombia\/wp-content\/uploads\/Disidente-capturado.jpeg\" \/>\n\t<meta property=\"og:image:width\" content=\"1600\" \/>\n\t<meta property=\"og:image:height\" content=\"900\" \/>\n\t<meta property=\"og:image:type\" content=\"image\/jpeg\" \/>\n<meta name=\"author\" content=\"Winnie Geraldine Rodr\u00edguez Navarrete\" \/>\n<meta name=\"twitter:card\" content=\"summary_large_image\" \/>\n<meta name=\"twitter:creator\" content=\"@FiscaliaCol\" \/>\n<meta name=\"twitter:site\" content=\"@FiscaliaCol\" \/>\n<meta name=\"twitter:label1\" content=\"Escrito por\" \/>\n\t<meta name=\"twitter:data1\" content=\"Winnie Geraldine Rodr\u00edguez Navarrete\" \/>\n\t<meta name=\"twitter:label2\" content=\"Tiempo de lectura\" \/>\n\t<meta name=\"twitter:data2\" content=\"3 minutos\" \/>\n<script type=\"application\/ld+json\" class=\"yoast-schema-graph\">{\"@context\":\"https:\/\/schema.org\",\"@graph\":[{\"@type\":\"Article\",\"@id\":\"https:\/\/www.fiscalia.gov.co\/colombia\/noticias\/a-la-carcel-presuntos-extorsionistas-de-comerciantes-ganaderos-y-empresarios-de-caqueta\/#article\",\"isPartOf\":{\"@id\":\"https:\/\/www.fiscalia.gov.co\/colombia\/noticias\/a-la-carcel-presuntos-extorsionistas-de-comerciantes-ganaderos-y-empresarios-de-caqueta\/\"},\"author\":{\"name\":\"Winnie Geraldine Rodr\u00edguez Navarrete\",\"@id\":\"https:\/\/www.fiscalia.gov.co\/colombia\/#\/schema\/person\/176195b99ebab0a52aafa15197e1bf80\"},\"headline\":\"A la c\u00e1rcel presuntos extorsionistas de comerciantes, ganaderos y empresarios de Caquet\u00e1\",\"datePublished\":\"2024-12-26T16:31:20+00:00\",\"dateModified\":\"2024-12-26T16:31:20+00:00\",\"mainEntityOfPage\":{\"@id\":\"https:\/\/www.fiscalia.gov.co\/colombia\/noticias\/a-la-carcel-presuntos-extorsionistas-de-comerciantes-ganaderos-y-empresarios-de-caqueta\/\"},\"wordCount\":469,\"publisher\":{\"@id\":\"https:\/\/www.fiscalia.gov.co\/colombia\/#organization\"},\"image\":{\"@id\":\"https:\/\/www.fiscalia.gov.co\/colombia\/noticias\/a-la-carcel-presuntos-extorsionistas-de-comerciantes-ganaderos-y-empresarios-de-caqueta\/#primaryimage\"},\"thumbnailUrl\":\"https:\/\/www.fiscalia.gov.co\/colombia\/wp-content\/uploads\/Disidente-capturado-300x169.jpeg\",\"keywords\":[\"Armas de fuego\",\"Caquet\u00e1\",\"Comerciantes\",\"disidencias\",\"Extorsi\u00f3n\",\"Extorsi\u00f3n a ganaderos\",\"Extorsiones\",\"Fabricaci\u00f3n\",\"Fiscal Luz Adriana Camargo\",\"Fiscal\u00eda General de la Naci\u00f3n\",\"Florencia\",\"Florencia (Caquet\u00e1)\",\"menores de edad para la comisi\u00f3n de delitos\",\"Municiones\",\"Seccional Caquet\u00e1.\",\"Tr\u00e1fico\"],\"articleSection\":[\"Noticias\",\"Seccional Florencia\",\"Seccionales\",\"Seguridad territorial\"],\"inLanguage\":\"es-CO\"},{\"@type\":\"WebPage\",\"@id\":\"https:\/\/www.fiscalia.gov.co\/colombia\/noticias\/a-la-carcel-presuntos-extorsionistas-de-comerciantes-ganaderos-y-empresarios-de-caqueta\/\",\"url\":\"https:\/\/www.fiscalia.gov.co\/colombia\/noticias\/a-la-carcel-presuntos-extorsionistas-de-comerciantes-ganaderos-y-empresarios-de-caqueta\/\",\"name\":\"Fiscal\u00eda General de la Naci\u00f3n\",\"isPartOf\":{\"@id\":\"https:\/\/www.fiscalia.gov.co\/colombia\/#website\"},\"primaryImageOfPage\":{\"@id\":\"https:\/\/www.fiscalia.gov.co\/colombia\/noticias\/a-la-carcel-presuntos-extorsionistas-de-comerciantes-ganaderos-y-empresarios-de-caqueta\/#primaryimage\"},\"image\":{\"@id\":\"https:\/\/www.fiscalia.gov.co\/colombia\/noticias\/a-la-carcel-presuntos-extorsionistas-de-comerciantes-ganaderos-y-empresarios-de-caqueta\/#primaryimage\"},\"thumbnailUrl\":\"https:\/\/www.fiscalia.gov.co\/colombia\/wp-content\/uploads\/Disidente-capturado-300x169.jpeg\",\"datePublished\":\"2024-12-26T16:31:20+00:00\",\"dateModified\":\"2024-12-26T16:31:20+00:00\",\"description\":\"P\u00e1gina oficial de la Fiscal\u00eda General de la Naci\u00f3n \u2013 Colombia. Garantizamos el acceso efectivo a la justicia, la verdad y la reparaci\u00f3n de las v\u00edctimas de los delitos.\",\"breadcrumb\":{\"@id\":\"https:\/\/www.fiscalia.gov.co\/colombia\/noticias\/a-la-carcel-presuntos-extorsionistas-de-comerciantes-ganaderos-y-empresarios-de-caqueta\/#breadcrumb\"},\"inLanguage\":\"es-CO\",\"potentialAction\":[{\"@type\":\"ReadAction\",\"target\":[\"https:\/\/www.fiscalia.gov.co\/colombia\/noticias\/a-la-carcel-presuntos-extorsionistas-de-comerciantes-ganaderos-y-empresarios-de-caqueta\/\"]}]},{\"@type\":\"ImageObject\",\"inLanguage\":\"es-CO\",\"@id\":\"https:\/\/www.fiscalia.gov.co\/colombia\/noticias\/a-la-carcel-presuntos-extorsionistas-de-comerciantes-ganaderos-y-empresarios-de-caqueta\/#primaryimage\",\"url\":\"https:\/\/www.fiscalia.gov.co\/colombia\/wp-content\/uploads\/Disidente-capturado.jpeg\",\"contentUrl\":\"https:\/\/www.fiscalia.gov.co\/colombia\/wp-content\/uploads\/Disidente-capturado.jpeg\",\"width\":1600,\"height\":900,\"caption\":\"De acuerdo con las investigaciones, el presunto actuar criminal de los imputados se concretaba a trav\u00e9s de llamadas telef\u00f3nicas y panfletos en el que exigir\u00edan gruesas sumas de dinero a sus v\u00edctimas so pena de atentar contra sus vidas, la de sus familias o sus propiedades.\"},{\"@type\":\"BreadcrumbList\",\"@id\":\"https:\/\/www.fiscalia.gov.co\/colombia\/noticias\/a-la-carcel-presuntos-extorsionistas-de-comerciantes-ganaderos-y-empresarios-de-caqueta\/#breadcrumb\",\"itemListElement\":[{\"@type\":\"ListItem\",\"position\":1,\"name\":\"Home\",\"item\":\"https:\/\/www.fiscalia.gov.co\/colombia\/\"},{\"@type\":\"ListItem\",\"position\":2,\"name\":\"A la c\u00e1rcel presuntos extorsionistas de comerciantes, ganaderos y empresarios de Caquet\u00e1\"}]},{\"@type\":\"WebSite\",\"@id\":\"https:\/\/www.fiscalia.gov.co\/colombia\/#website\",\"url\":\"https:\/\/www.fiscalia.gov.co\/colombia\/\",\"name\":\"Fiscal\u00eda General de la Naci\u00f3n\",\"description\":\"P\u00e1gina oficial de la Fiscal\u00eda General de la Naci\u00f3n \u2013 Colombia. Garantizamos el acceso efectivo a la justicia, la verdad y la reparaci\u00f3n de las v\u00edctimas de los delitos.\",\"publisher\":{\"@id\":\"https:\/\/www.fiscalia.gov.co\/colombia\/#organization\"},\"potentialAction\":[{\"@type\":\"SearchAction\",\"target\":{\"@type\":\"EntryPoint\",\"urlTemplate\":\"https:\/\/www.fiscalia.gov.co\/colombia\/?s={search_term_string}\"},\"query-input\":{\"@type\":\"PropertyValueSpecification\",\"valueRequired\":true,\"valueName\":\"search_term_string\"}}],\"inLanguage\":\"es-CO\"},{\"@type\":\"Organization\",\"@id\":\"https:\/\/www.fiscalia.gov.co\/colombia\/#organization\",\"name\":\"Fiscal\u00eda General de la Naci\u00f3n\",\"url\":\"https:\/\/www.fiscalia.gov.co\/colombia\/\",\"logo\":{\"@type\":\"ImageObject\",\"inLanguage\":\"es-CO\",\"@id\":\"https:\/\/www.fiscalia.gov.co\/colombia\/#\/schema\/logo\/image\/\",\"url\":\"https:\/\/www.fiscalia.gov.co\/colombia\/wp-content\/uploads\/LogoHorizontal_1.jpg\",\"contentUrl\":\"https:\/\/www.fiscalia.gov.co\/colombia\/wp-content\/uploads\/LogoHorizontal_1.jpg\",\"width\":300,\"height\":90,\"caption\":\"Fiscal\u00eda General de la Naci\u00f3n\"},\"image\":{\"@id\":\"https:\/\/www.fiscalia.gov.co\/colombia\/#\/schema\/logo\/image\/\"},\"sameAs\":[\"https:\/\/www.facebook.com\/FiscaliaCol\",\"https:\/\/x.com\/FiscaliaCol\",\"https:\/\/www.instagram.com\/fiscaliacol\",\"https:\/\/www.linkedin.com\/company\/fiscalia-general-de-la-naci-n\/\",\"https:\/\/youtube.com\/@fiscaliageneraldelanacion-4668?si=6nN79nyQICPU5iTh\"]},{\"@type\":\"Person\",\"@id\":\"https:\/\/www.fiscalia.gov.co\/colombia\/#\/schema\/person\/176195b99ebab0a52aafa15197e1bf80\",\"name\":\"Winnie Geraldine Rodr\u00edguez Navarrete\",\"image\":{\"@type\":\"ImageObject\",\"inLanguage\":\"es-CO\",\"@id\":\"https:\/\/www.fiscalia.gov.co\/colombia\/#\/schema\/person\/image\/\",\"url\":\"https:\/\/secure.gravatar.com\/avatar\/c24cf8481dc84fa5e8c7b20bc95ab0c6?s=96&d=mm&r=g\",\"contentUrl\":\"https:\/\/secure.gravatar.com\/avatar\/c24cf8481dc84fa5e8c7b20bc95ab0c6?s=96&d=mm&r=g\",\"caption\":\"Winnie Geraldine Rodr\u00edguez Navarrete\"},\"url\":\"https:\/\/www.fiscalia.gov.co\/colombia\/author\/winnierodriguez\/\"}]}<\/script>\n<!-- \/ Yoast SEO plugin. -->","yoast_head_json":{"title":"Fiscal\u00eda General de la Naci\u00f3n","description":"P\u00e1gina oficial de la Fiscal\u00eda General de la Naci\u00f3n \u2013 Colombia. Garantizamos el acceso efectivo a la justicia, la verdad y la reparaci\u00f3n de las v\u00edctimas de los delitos.","robots":{"index":"noindex","follow":"follow"},"og_locale":"es_ES","og_type":"article","og_title":"Fiscal\u00eda General de la Naci\u00f3n","og_description":"P\u00e1gina oficial de la Fiscal\u00eda General de la Naci\u00f3n \u2013 Colombia. Garantizamos el acceso efectivo a la justicia, la verdad y la reparaci\u00f3n de las v\u00edctimas de los delitos.","og_url":"https:\/\/www.fiscalia.gov.co\/colombia\/noticias\/a-la-carcel-presuntos-extorsionistas-de-comerciantes-ganaderos-y-empresarios-de-caqueta\/","og_site_name":"Fiscal\u00eda General de la Naci\u00f3n","article_publisher":"https:\/\/www.facebook.com\/FiscaliaCol","article_published_time":"2024-12-26T16:31:20+00:00","og_image":[{"width":1600,"height":900,"url":"https:\/\/www.fiscalia.gov.co\/colombia\/wp-content\/uploads\/Disidente-capturado.jpeg","type":"image\/jpeg"}],"author":"Winnie Geraldine Rodr\u00edguez Navarrete","twitter_card":"summary_large_image","twitter_creator":"@FiscaliaCol","twitter_site":"@FiscaliaCol","twitter_misc":{"Escrito por":"Winnie Geraldine Rodr\u00edguez Navarrete","Tiempo de lectura":"3 minutos"},"schema":{"@context":"https:\/\/schema.org","@graph":[{"@type":"Article","@id":"https:\/\/www.fiscalia.gov.co\/colombia\/noticias\/a-la-carcel-presuntos-extorsionistas-de-comerciantes-ganaderos-y-empresarios-de-caqueta\/#article","isPartOf":{"@id":"https:\/\/www.fiscalia.gov.co\/colombia\/noticias\/a-la-carcel-presuntos-extorsionistas-de-comerciantes-ganaderos-y-empresarios-de-caqueta\/"},"author":{"name":"Winnie Geraldine Rodr\u00edguez Navarrete","@id":"https:\/\/www.fiscalia.gov.co\/colombia\/#\/schema\/person\/176195b99ebab0a52aafa15197e1bf80"},"headline":"A la c\u00e1rcel presuntos extorsionistas de comerciantes, ganaderos y empresarios de Caquet\u00e1","datePublished":"2024-12-26T16:31:20+00:00","dateModified":"2024-12-26T16:31:20+00:00","mainEntityOfPage":{"@id":"https:\/\/www.fiscalia.gov.co\/colombia\/noticias\/a-la-carcel-presuntos-extorsionistas-de-comerciantes-ganaderos-y-empresarios-de-caqueta\/"},"wordCount":469,"publisher":{"@id":"https:\/\/www.fiscalia.gov.co\/colombia\/#organization"},"image":{"@id":"https:\/\/www.fiscalia.gov.co\/colombia\/noticias\/a-la-carcel-presuntos-extorsionistas-de-comerciantes-ganaderos-y-empresarios-de-caqueta\/#primaryimage"},"thumbnailUrl":"https:\/\/www.fiscalia.gov.co\/colombia\/wp-content\/uploads\/Disidente-capturado-300x169.jpeg","keywords":["Armas de fuego","Caquet\u00e1","Comerciantes","disidencias","Extorsi\u00f3n","Extorsi\u00f3n a ganaderos","Extorsiones","Fabricaci\u00f3n","Fiscal Luz Adriana Camargo","Fiscal\u00eda General de la Naci\u00f3n","Florencia","Florencia (Caquet\u00e1)","menores de edad para la comisi\u00f3n de delitos","Municiones","Seccional Caquet\u00e1.","Tr\u00e1fico"],"articleSection":["Noticias","Seccional Florencia","Seccionales","Seguridad territorial"],"inLanguage":"es-CO"},{"@type":"WebPage","@id":"https:\/\/www.fiscalia.gov.co\/colombia\/noticias\/a-la-carcel-presuntos-extorsionistas-de-comerciantes-ganaderos-y-empresarios-de-caqueta\/","url":"https:\/\/www.fiscalia.gov.co\/colombia\/noticias\/a-la-carcel-presuntos-extorsionistas-de-comerciantes-ganaderos-y-empresarios-de-caqueta\/","name":"Fiscal\u00eda General de la Naci\u00f3n","isPartOf":{"@id":"https:\/\/www.fiscalia.gov.co\/colombia\/#website"},"primaryImageOfPage":{"@id":"https:\/\/www.fiscalia.gov.co\/colombia\/noticias\/a-la-carcel-presuntos-extorsionistas-de-comerciantes-ganaderos-y-empresarios-de-caqueta\/#primaryimage"},"image":{"@id":"https:\/\/www.fiscalia.gov.co\/colombia\/noticias\/a-la-carcel-presuntos-extorsionistas-de-comerciantes-ganaderos-y-empresarios-de-caqueta\/#primaryimage"},"thumbnailUrl":"https:\/\/www.fiscalia.gov.co\/colombia\/wp-content\/uploads\/Disidente-capturado-300x169.jpeg","datePublished":"2024-12-26T16:31:20+00:00","dateModified":"2024-12-26T16:31:20+00:00","description":"P\u00e1gina oficial de la Fiscal\u00eda General de la Naci\u00f3n \u2013 Colombia. Garantizamos el acceso efectivo a la justicia, la verdad y la reparaci\u00f3n de las v\u00edctimas de los delitos.","breadcrumb":{"@id":"https:\/\/www.fiscalia.gov.co\/colombia\/noticias\/a-la-carcel-presuntos-extorsionistas-de-comerciantes-ganaderos-y-empresarios-de-caqueta\/#breadcrumb"},"inLanguage":"es-CO","potentialAction":[{"@type":"ReadAction","target":["https:\/\/www.fiscalia.gov.co\/colombia\/noticias\/a-la-carcel-presuntos-extorsionistas-de-comerciantes-ganaderos-y-empresarios-de-caqueta\/"]}]},{"@type":"ImageObject","inLanguage":"es-CO","@id":"https:\/\/www.fiscalia.gov.co\/colombia\/noticias\/a-la-carcel-presuntos-extorsionistas-de-comerciantes-ganaderos-y-empresarios-de-caqueta\/#primaryimage","url":"https:\/\/www.fiscalia.gov.co\/colombia\/wp-content\/uploads\/Disidente-capturado.jpeg","contentUrl":"https:\/\/www.fiscalia.gov.co\/colombia\/wp-content\/uploads\/Disidente-capturado.jpeg","width":1600,"height":900,"caption":"De acuerdo con las investigaciones, el presunto actuar criminal de los imputados se concretaba a trav\u00e9s de llamadas telef\u00f3nicas y panfletos en el que exigir\u00edan gruesas sumas de dinero a sus v\u00edctimas so pena de atentar contra sus vidas, la de sus familias o sus propiedades."},{"@type":"BreadcrumbList","@id":"https:\/\/www.fiscalia.gov.co\/colombia\/noticias\/a-la-carcel-presuntos-extorsionistas-de-comerciantes-ganaderos-y-empresarios-de-caqueta\/#breadcrumb","itemListElement":[{"@type":"ListItem","position":1,"name":"Home","item":"https:\/\/www.fiscalia.gov.co\/colombia\/"},{"@type":"ListItem","position":2,"name":"A la c\u00e1rcel presuntos extorsionistas de comerciantes, ganaderos y empresarios de Caquet\u00e1"}]},{"@type":"WebSite","@id":"https:\/\/www.fiscalia.gov.co\/colombia\/#website","url":"https:\/\/www.fiscalia.gov.co\/colombia\/","name":"Fiscal\u00eda General de la Naci\u00f3n","description":"P\u00e1gina oficial de la Fiscal\u00eda General de la Naci\u00f3n \u2013 Colombia. Garantizamos el acceso efectivo a la justicia, la verdad y la reparaci\u00f3n de las v\u00edctimas de los delitos.","publisher":{"@id":"https:\/\/www.fiscalia.gov.co\/colombia\/#organization"},"potentialAction":[{"@type":"SearchAction","target":{"@type":"EntryPoint","urlTemplate":"https:\/\/www.fiscalia.gov.co\/colombia\/?s={search_term_string}"},"query-input":{"@type":"PropertyValueSpecification","valueRequired":true,"valueName":"search_term_string"}}],"inLanguage":"es-CO"},{"@type":"Organization","@id":"https:\/\/www.fiscalia.gov.co\/colombia\/#organization","name":"Fiscal\u00eda General de la Naci\u00f3n","url":"https:\/\/www.fiscalia.gov.co\/colombia\/","logo":{"@type":"ImageObject","inLanguage":"es-CO","@id":"https:\/\/www.fiscalia.gov.co\/colombia\/#\/schema\/logo\/image\/","url":"https:\/\/www.fiscalia.gov.co\/colombia\/wp-content\/uploads\/LogoHorizontal_1.jpg","contentUrl":"https:\/\/www.fiscalia.gov.co\/colombia\/wp-content\/uploads\/LogoHorizontal_1.jpg","width":300,"height":90,"caption":"Fiscal\u00eda General de la Naci\u00f3n"},"image":{"@id":"https:\/\/www.fiscalia.gov.co\/colombia\/#\/schema\/logo\/image\/"},"sameAs":["https:\/\/www.facebook.com\/FiscaliaCol","https:\/\/x.com\/FiscaliaCol","https:\/\/www.instagram.com\/fiscaliacol","https:\/\/www.linkedin.com\/company\/fiscalia-general-de-la-naci-n\/","https:\/\/youtube.com\/@fiscaliageneraldelanacion-4668?si=6nN79nyQICPU5iTh"]},{"@type":"Person","@id":"https:\/\/www.fiscalia.gov.co\/colombia\/#\/schema\/person\/176195b99ebab0a52aafa15197e1bf80","name":"Winnie Geraldine Rodr\u00edguez Navarrete","image":{"@type":"ImageObject","inLanguage":"es-CO","@id":"https:\/\/www.fiscalia.gov.co\/colombia\/#\/schema\/person\/image\/","url":"https:\/\/secure.gravatar.com\/avatar\/c24cf8481dc84fa5e8c7b20bc95ab0c6?s=96&d=mm&r=g","contentUrl":"https:\/\/secure.gravatar.com\/avatar\/c24cf8481dc84fa5e8c7b20bc95ab0c6?s=96&d=mm&r=g","caption":"Winnie Geraldine Rodr\u00edguez Navarrete"},"url":"https:\/\/www.fiscalia.gov.co\/colombia\/author\/winnierodriguez\/"}]}},"_links":{"self":[{"href":"https:\/\/www.fiscalia.gov.co\/colombia\/wp-json\/wp\/v2\/posts\/308002","targetHints":{"allow":["GET"]}}],"collection":[{"href":"https:\/\/www.fiscalia.gov.co\/colombia\/wp-json\/wp\/v2\/posts"}],"about":[{"href":"https:\/\/www.fiscalia.gov.co\/colombia\/wp-json\/wp\/v2\/types\/post"}],"author":[{"embeddable":true,"href":"https:\/\/www.fiscalia.gov.co\/colombia\/wp-json\/wp\/v2\/users\/178"}],"replies":[{"embeddable":true,"href":"https:\/\/www.fiscalia.gov.co\/colombia\/wp-json\/wp\/v2\/comments?post=308002"}],"version-history":[{"count":2,"href":"https:\/\/www.fiscalia.gov.co\/colombia\/wp-json\/wp\/v2\/posts\/308002\/revisions"}],"predecessor-version":[{"id":308007,"href":"https:\/\/www.fiscalia.gov.co\/colombia\/wp-json\/wp\/v2\/posts\/308002\/revisions\/308007"}],"wp:attachment":[{"href":"https:\/\/www.fiscalia.gov.co\/colombia\/wp-json\/wp\/v2\/media?parent=308002"}],"wp:term":[{"taxonomy":"category","embeddable":true,"href":"https:\/\/www.fiscalia.gov.co\/colombia\/wp-json\/wp\/v2\/categories?post=308002"},{"taxonomy":"post_tag","embeddable":true,"href":"https:\/\/www.fiscalia.gov.co\/colombia\/wp-json\/wp\/v2\/tags?post=308002"}],"curies":[{"name":"wp","href":"https:\/\/api.w.org\/{rel}","templated":true}]}}